{"id":978,"date":"2025-07-20T20:38:20","date_gmt":"2025-07-20T19:38:20","guid":{"rendered":"https:\/\/proplo.pl\/blog\/?p=978"},"modified":"2025-07-20T21:46:26","modified_gmt":"2025-07-20T20:46:26","slug":"wanna-czy-prysznic","status":"publish","type":"post","link":"https:\/\/proplo.pl\/blog\/wanna-czy-prysznic\/","title":{"rendered":"Wanna czy prysznic? Co wybra\u0107 do \u0142azienki?"},"content":{"rendered":"<div class=\"you-find-content\">\r\n    <div class=\"container-xl container-wrapper\">\r\n        <div class=\"row design\">\r\n            <div class=\"col-md-12 wrapper \">\r\n                <div class=\"title\"><p>Z tego artyku\u0142u dowiesz si\u0119:<\/p>\n<\/div>\r\n                <div class=\"grid-wrapper\">\r\n                                                        <div class=\"block-list\">\r\n                        <div class=\"number\">\r\n                            1                        <\/div>\r\n                        <div class=\"text\">\r\n                            <p>Co lepiej pasuje do Twojego stylu \u017cycia \u2013 wanna czy prysznic?<\/p>\n                        <\/div>\r\n                    <\/div>\r\n                                        <div class=\"block-list\">\r\n                        <div class=\"number\">\r\n                            2                        <\/div>\r\n                        <div class=\"text\">\r\n                            <p>Jakie s\u0105 zalety i ograniczenia obu rozwi\u0105za\u0144 pod wzgl\u0119dem przestrzeni, koszt\u00f3w i wygody?<\/p>\n                        <\/div>\r\n                    <\/div>\r\n                                        <div class=\"block-list\">\r\n                        <div class=\"number\">\r\n                            3                        <\/div>\r\n                        <div class=\"text\">\r\n                            <p>Kiedy warto zdecydowa\u0107 si\u0119 na rozwi\u0105zanie hybrydowe \u2013 wann\u0119 z parawanem?<\/p>\n<p>&nbsp;<\/p>\n                        <\/div>\r\n                    <\/div>\r\n                                        <div class=\"block-list\">\r\n                        <div class=\"number\">\r\n                            4                        <\/div>\r\n                        <div class=\"text\">\r\n                            <p>Jak wyb\u00f3r wanny lub prysznica wp\u0142ywa na codzienny komfort, rachunki i \u015brodowisko?<\/p>\n                        <\/div>\r\n                    <\/div>\r\n                                                    <\/div>\r\n            <\/div>\r\n        <\/div>\r\n    <\/div>\r\n<\/div>\n\n\n<p>Wydaje si\u0119, \u017ce wyb\u00f3r mi\u0119dzy wann\u0105 a prysznicem to prosta decyzja. <strong>W rzeczywisto\u015bci to jedno z kluczowych pyta\u0144 podczas urz\u0105dzania \u0142azienki<\/strong>. Nie chodzi tu wy\u0142\u0105cznie o estetyk\u0119 \u2013 to przede wszystkim kwestia codziennej wygody i funkcjonalno\u015bci. <strong>Pod uwag\u0119 nale\u017cy wzi\u0105\u0107 wiele czynnik\u00f3w<\/strong>: metra\u017c pomieszczenia, styl \u017cycia domownik\u00f3w, ich przyzwyczajenia oraz indywidualne potrzeby.<\/p>\n\n\n\n<p>Zanim podejmiesz decyzj\u0119, zatrzymaj si\u0119 na chwil\u0119 i zastan\u00f3w, <strong>co naprawd\u0119 u\u0142atwi Ci codzienne funkcjonowanie<\/strong>. Czy zale\u017cy Ci na szybkim poranku bez zb\u0119dnych przystank\u00f3w, czy mo\u017ce marzysz o wieczornym relaksie w ciep\u0142ej k\u0105pieli? Odpowied\u017a na to pytanie mo\u017ce ca\u0142kowicie zmieni\u0107 Twoje podej\u015bcie do aran\u017cacji \u0142azienki.<\/p>\n\n\n\n<p><strong>Dla os\u00f3b \u017cyj\u0105cych w biegu prysznic to cz\u0119sto wyb\u00f3r oczywisty<\/strong><sup data-fn=\"5e88884d-1c6c-4053-a09a-0849e2e4e5d0\" class=\"fn\"><a id=\"5e88884d-1c6c-4053-a09a-0849e2e4e5d0-link\" href=\"#5e88884d-1c6c-4053-a09a-0849e2e4e5d0\">1<\/a><\/sup>. Kilka minut pod strumieniem wody wystarczy, by si\u0119 od\u015bwie\u017cy\u0107 i ruszy\u0107 dalej. Dodatkowo:<\/p>\n\n\n\n<ul class=\"wp-block-list\">\n<li><strong>Oszcz\u0119dzasz wod\u0119<\/strong> \u2013 prysznic zu\u017cywa jej znacznie mniej ni\u017c k\u0105piel w wannie.<\/li>\n\n\n\n<li><strong>Oszcz\u0119dzasz czas<\/strong> \u2013 idealne rozwi\u0105zanie dla zabieganych.<\/li>\n\n\n\n<li><strong>Zyskujesz przestrze\u0144<\/strong> \u2013 kabina prysznicowa zajmuje mniej miejsca.<\/li>\n<\/ul>\n\n\n\n<p>Z kolei <strong>wanna to doskona\u0142y wyb\u00f3r dla tych, kt\u00f3rzy ceni\u0105 relaks i chwil\u0119 dla siebie<\/strong>. To nie tylko element wyposa\u017cenia \u2013 to <strong>przestrze\u0144 do wyciszenia i regeneracji<\/strong>. Wieczorna k\u0105piel z ksi\u0105\u017ck\u0105, muzyk\u0105 czy kieliszkiem wina mo\u017ce sta\u0107 si\u0119 codziennym rytua\u0142em, kt\u00f3ry pozwoli Ci si\u0119 zresetowa\u0107 po intensywnym dniu.<\/p>\n\n\n\n<p><strong>Rozmiar \u0142azienki ma ogromne znaczenie<\/strong> przy wyborze mi\u0119dzy wann\u0105 a prysznicem:<\/p>\n\n\n\n<figure class=\"wp-block-table\"><table class=\"has-fixed-layout\"><tbody><tr><th>Rodzaj \u0142azienki<\/th><th>Lepszy wyb\u00f3r<\/th><th>Dlaczego?<\/th><\/tr><tr><td>Ma\u0142a \u0142azienka<\/td><td><strong>Prysznic<\/strong><\/td><td>Oszcz\u0119dno\u015b\u0107 miejsca, mo\u017cliwo\u015b\u0107 wstawienia pralki lub szafki<\/td><\/tr><tr><td>Du\u017ca \u0142azienka<\/td><td><strong>Wanna (najlepiej wolnostoj\u0105ca)<\/strong><\/td><td>Wi\u0119cej przestrzeni, mo\u017cliwo\u015b\u0107 stworzenia stylowego centrum aran\u017cacji<\/td><\/tr><\/tbody><\/table><\/figure>\n\n\n\n<p><strong>Wanna wolnostoj\u0105ca<\/strong> to nie tylko funkcjonalno\u015b\u0107, ale r\u00f3wnie\u017c <strong>element dekoracyjny<\/strong>. Mo\u017ce sta\u0107 si\u0119 centralnym punktem \u0142azienki, nadaj\u0105c jej wyj\u0105tkowego charakteru i elegancji.<\/p>\n\n\n\n<p>Na koniec \u2013 <strong>zastan\u00f3w si\u0119, co naprawd\u0119 pasuje do Twojego stylu \u017cycia<\/strong>. Czy poranki sp\u0119dzasz w po\u015bpiechu, potrzebuj\u0105c szybkiego od\u015bwie\u017cenia? A mo\u017ce wieczory to Tw\u00f3j czas na relaks i regeneracj\u0119? <strong>Odpowied\u017a na to pytanie pomo\u017ce Ci stworzy\u0107 \u0142azienk\u0119, kt\u00f3ra b\u0119dzie nie tylko estetyczna, ale przede wszystkim dopasowana do Ciebie<\/strong>.<\/p>\n\n\n\n<figure class=\"wp-block-image size-full\"><a href=\"https:\/\/proplo.pl\/profile\/emilia-kozlowska-projekty-z-pasja\/projekt\/minimalistyczna-lazienka-z-wanna-2010\"><img loading=\"lazy\" decoding=\"async\" width=\"1200\" height=\"800\" src=\"https:\/\/proplo.pl\/blog\/wp-content\/uploads\/2025\/07\/wanna-czy-prysznic-w-mieszkaniu.png\" alt=\"Nowoczesna \u0142azienka z minimalistycznym designem, wann\u0105 i drewnianymi elementami.\" class=\"wp-image-982\" srcset=\"https:\/\/proplo.pl\/blog\/wp-content\/uploads\/2025\/07\/wanna-czy-prysznic-w-mieszkaniu.png 1200w, https:\/\/proplo.pl\/blog\/wp-content\/uploads\/2025\/07\/wanna-czy-prysznic-w-mieszkaniu-300x200.png 300w, https:\/\/proplo.pl\/blog\/wp-content\/uploads\/2025\/07\/wanna-czy-prysznic-w-mieszkaniu-768x512.png 768w, https:\/\/proplo.pl\/blog\/wp-content\/uploads\/2025\/07\/wanna-czy-prysznic-w-mieszkaniu-1024x683.png 1024w, https:\/\/proplo.pl\/blog\/wp-content\/uploads\/2025\/07\/wanna-czy-prysznic-w-mieszkaniu-480x320.png 480w\" sizes=\"auto, (max-width: 1200px) 100vw, 1200px\" \/><\/a><figcaption class=\"wp-element-caption\">Projekt: <a href=\"https:\/\/proplo.pl\/profile\/emilia-kozlowska-projekty-z-pasja\">Emilia Koz\u0142owska Projekty Z Pasj\u0105<\/a><\/figcaption><\/figure>\n\n\n\n<h2 class=\"wp-block-heading\">Styl \u017cycia i codzienne nawyki u\u017cytkownik\u00f3w<\/h2>\n\n\n\n<p><strong>Wanna czy prysznic?<\/strong> To pytanie, kt\u00f3re cz\u0119sto sprowadza si\u0119 do jednego \u2013 <strong>jak wygl\u0105da Tw\u00f3j dzie\u0144<\/strong>. Dla jednych liczy si\u0119 <strong>komfort i relaks<\/strong>, dla innych \u2013 ka\u017cda minuta o poranku jest na wag\u0119 z\u0142ota.<\/p>\n\n\n\n<p>Je\u015bli po pracy marzysz o chwili ciszy i ciep\u0142ej wodzie, <strong>wanna<\/strong> b\u0119dzie idealnym wyborem. Ale je\u015bli \u017cyjesz w biegu, szybki <strong>prysznic<\/strong> pozwoli Ci b\u0142yskawicznie si\u0119 od\u015bwie\u017cy\u0107 i ruszy\u0107 dalej.<\/p>\n\n\n\n<p><strong>Wanna<\/strong> to synonim odpr\u0119\u017cenia \u2013 idealna dla tych, kt\u00f3rzy celebruj\u0105 wieczorne rytua\u0142y i ceni\u0105 sobie momenty tylko dla siebie. <strong>Prysznic<\/strong> natomiast to wyb\u00f3r ludzi dynamicznych, kt\u00f3rzy stawiaj\u0105 na praktyczno\u015b\u0107 i oszcz\u0119dno\u015b\u0107 czasu.<\/p>\n\n\n\n<p><strong>Ostateczny wyb\u00f3r zale\u017cy od Twoich codziennych nawyk\u00f3w<\/strong>. Co wybierasz \u2013 d\u0142u\u017cszy relaks czy maksymalna efektywno\u015b\u0107?<\/p>\n\n\n\n<h3 class=\"wp-block-heading\">Wielko\u015b\u0107 i uk\u0142ad \u0142azienki<\/h3>\n\n\n\n<p><strong>Rozmiar \u0142azienki<\/strong> i jej <strong>rozplanowanie<\/strong> maj\u0105 kluczowe znaczenie przy wyborze mi\u0119dzy wann\u0105 a prysznicem.<\/p>\n\n\n\n<p>W przypadku niewielkich przestrzeni, gdzie ka\u017cdy centymetr ma znaczenie, <strong>kabina prysznicowa<\/strong> cz\u0119sto okazuje si\u0119 lepszym rozwi\u0105zaniem. Zajmuje mniej miejsca, co pozwala na wygodne rozmieszczenie innych element\u00f3w wyposa\u017cenia, takich jak:<\/p>\n\n\n\n<ul class=\"wp-block-list\">\n<li>pralka,<\/li>\n\n\n\n<li>szafki,<\/li>\n\n\n\n<li>kosz na pranie,<\/li>\n\n\n\n<li>lub po prostu zapewnia wi\u0119cej swobody ruchu.<\/li>\n<\/ul>\n\n\n\n<p>Je\u015bli jednak dysponujesz wi\u0119ksz\u0105 \u0142azienk\u0105 \u2013 masz wi\u0119cej mo\u017cliwo\u015bci. Mo\u017cesz zdecydowa\u0107 si\u0119 na <strong>po\u0142\u0105czenie wanny i prysznica<\/strong>, co daje pe\u0142n\u0105 elastyczno\u015b\u0107:<\/p>\n\n\n\n<ul class=\"wp-block-list\">\n<li>rano szybki prysznic,<\/li>\n\n\n\n<li>wieczorem relaksuj\u0105ca k\u0105piel.<\/li>\n<\/ul>\n\n\n\n<p><strong>Zanim podejmiesz decyzj\u0119, dobrze przemy\u015bl uk\u0142ad \u0142azienki<\/strong>. Czasem warto rozwa\u017cy\u0107 jego ca\u0142kowit\u0105 zmian\u0119, by lepiej wykorzysta\u0107 dost\u0119pn\u0105 przestrze\u0144.<\/p>\n\n\n\n<h3 class=\"wp-block-heading\">Koszty instalacji i eksploatacji<\/h3>\n\n\n\n<p><strong>Kwestie finansowe<\/strong> s\u0105 nieod\u0142\u0105cznym elementem ka\u017cdej decyzji remontowej.<\/p>\n\n\n\n<figure class=\"wp-block-table\"><table class=\"has-fixed-layout\"><tbody><tr><th>Element<\/th><th>Wanna<\/th><th>Prysznic<\/th><\/tr><tr><td>Koszt instalacji<\/td><td>Wy\u017cszy \u2013 mo\u017ce wymaga\u0107 dodatkowych prac hydraulicznych i wyko\u0144czeniowych<\/td><td>Ni\u017cszy \u2013 prostszy i szybszy monta\u017c<\/td><\/tr><tr><td>Czas realizacji<\/td><td>D\u0142u\u017cszy<\/td><td>Kr\u00f3tszy<\/td><\/tr><tr><td>Koszty eksploatacji<\/td><td>Wy\u017csze \u2013 wi\u0119ksze zu\u017cycie wody<\/td><td>Ni\u017csze \u2013 mniejsze zu\u017cycie wody<\/td><\/tr><\/tbody><\/table><\/figure>\n\n\n\n<p><strong>Wanna<\/strong> to wi\u0119kszy komfort, ale te\u017c wi\u0119ksze zu\u017cycie wody i wy\u017csze rachunki. <strong>Prysznic<\/strong> to oszcz\u0119dno\u015b\u0107 \u2013 zar\u00f3wno czasu, jak i pieni\u0119dzy.<\/p>\n\n\n\n<p><strong>Przed podj\u0119ciem decyzji warto przeanalizowa\u0107 sw\u00f3j bud\u017cet remontowy<\/strong> i zastanowi\u0107 si\u0119, co jest dla Ciebie wa\u017cniejsze \u2013 luksus czy funkcjonalno\u015b\u0107?<\/p>\n\n\n\n<h3 class=\"wp-block-heading\">Zu\u017cycie wody i aspekty ekologiczne<\/h3>\n\n\n\n<p>Coraz wi\u0119cej os\u00f3b zwraca uwag\u0119 nie tylko na wygod\u0119, ale i na wp\u0142yw swoich wybor\u00f3w na \u015brodowisko. <strong>Zu\u017cycie wody<\/strong> to jeden z kluczowych aspekt\u00f3w ekologicznych w \u0142azience.<\/p>\n\n\n\n<p><strong>Prysznic<\/strong> zu\u017cywa znacznie mniej wody ni\u017c k\u0105piel w wannie, co czyni go idealnym wyborem dla os\u00f3b, kt\u00f3re chc\u0105:<\/p>\n\n\n\n<ul class=\"wp-block-list\">\n<li>\u017cy\u0107 bardziej ekologicznie,<\/li>\n\n\n\n<li>zmniejszy\u0107 rachunki za wod\u0119,<\/li>\n\n\n\n<li>ograniczy\u0107 sw\u00f3j \u015blad wodny,<\/li>\n\n\n\n<li>wprowadzi\u0107 proste, ale skuteczne zmiany.<\/li>\n<\/ul>\n\n\n\n<p>Wystarczy zainstalowa\u0107 <strong>nowoczesn\u0105 s\u0142uchawk\u0119 prysznicow\u0105 z funkcj\u0105 oszcz\u0119dzania wody<\/strong>, by zauwa\u017cy\u0107 realn\u0105 r\u00f3\u017cnic\u0119. To niewielka inwestycja, kt\u00f3ra przynosi du\u017ce efekty \u2013 zar\u00f3wno dla planety, jak i Twojego portfela.<\/p>\n\n\n\n<p><strong>To dobry moment, by spojrze\u0107 na swoj\u0105 \u0142azienk\u0119 z nowej perspektywy<\/strong>. Czasem wystarczy jeden krok, by zrobi\u0107 co\u015b dobrego \u2013 i dla siebie, i dla \u015bwiata.<\/p>\n\n\n\n<figure class=\"wp-block-image size-full\"><a href=\"https:\/\/proplo.pl\/profile\/modern-place-studio\/projekt\/dom-w-jasnych-przytulnych-barwach-382\"><img loading=\"lazy\" decoding=\"async\" width=\"1200\" height=\"800\" src=\"https:\/\/proplo.pl\/blog\/wp-content\/uploads\/2025\/07\/wanna-czy-prysznic-w-malej-lazience.png\" alt=\"Wn\u0119trze \u0142azienki w stylu japandi, minimalistycznym i nowoczesnym z kabin\u0105 prysznicow\u0105.\" class=\"wp-image-983\" srcset=\"https:\/\/proplo.pl\/blog\/wp-content\/uploads\/2025\/07\/wanna-czy-prysznic-w-malej-lazience.png 1200w, https:\/\/proplo.pl\/blog\/wp-content\/uploads\/2025\/07\/wanna-czy-prysznic-w-malej-lazience-300x200.png 300w, https:\/\/proplo.pl\/blog\/wp-content\/uploads\/2025\/07\/wanna-czy-prysznic-w-malej-lazience-768x512.png 768w, https:\/\/proplo.pl\/blog\/wp-content\/uploads\/2025\/07\/wanna-czy-prysznic-w-malej-lazience-1024x683.png 1024w, https:\/\/proplo.pl\/blog\/wp-content\/uploads\/2025\/07\/wanna-czy-prysznic-w-malej-lazience-480x320.png 480w\" sizes=\"auto, (max-width: 1200px) 100vw, 1200px\" \/><\/a><figcaption class=\"wp-element-caption\">Projekt: <a href=\"https:\/\/proplo.pl\/profile\/modern-place-studio\">Modern Place Studio<\/a><\/figcaption><\/figure>\n\n\n\n<h2 class=\"wp-block-heading\">Wanna \u2013 komfort i relaks<\/h2>\n\n\n\n<p><strong>Wanna to nie tylko element wyposa\u017cenia \u0142azienki \u2013 to Twoja prywatna strefa relaksu.<\/strong> To miejsce, w kt\u00f3rym codzienno\u015b\u0107 zwalnia, a Ty mo\u017cesz wreszcie odetchn\u0105\u0107 i zregenerowa\u0107 si\u0142y. Dla mi\u0142o\u015bnik\u00f3w <strong>d\u0142ugich, odpr\u0119\u017caj\u0105cych k\u0105pieli<\/strong> staje si\u0119 domowym azylem \u2013 przestrzeni\u0105, w kt\u00f3rej cia\u0142o i umys\u0142 odzyskuj\u0105 r\u00f3wnowag\u0119 po intensywnym dniu. Odpowiednio dobrana wanna nie tylko zwi\u0119ksza komfort codziennego \u017cycia, ale r\u00f3wnie\u017c nadaje \u0142azience wyj\u0105tkowy charakter i styl.<\/p>\n\n\n\n<p>W ostatnich latach coraz wi\u0119ksz\u0105 popularno\u015bci\u0105 ciesz\u0105 si\u0119 <strong>wanny wolnostoj\u0105ce<\/strong>. Ich <strong>elegancka forma<\/strong> przyci\u0105ga wzrok, a mo\u017cliwo\u015b\u0107 ustawienia ich niemal w dowolnym miejscu daje ogromne mo\u017cliwo\u015bci aran\u017cacyjne. Umieszczona centralnie, taka wanna staje si\u0119 <strong>sercem \u0142azienki<\/strong> \u2013 symbolem luksusu i dobrego gustu.<\/p>\n\n\n\n<p>Je\u015bli marzysz o jeszcze g\u0142\u0119bszym relaksie, warto rozwa\u017cy\u0107 <strong>wann\u0119 z hydromasa\u017cem<\/strong>. Dzi\u0119ki systemowi dysz wodnych dzia\u0142a jak prywatne spa \u2013 <strong>rozlu\u017ania mi\u0119\u015bnie, masuje cia\u0142o i koi zmys\u0142y<\/strong>. To rozwi\u0105zanie, kt\u00f3re \u0142\u0105czy funkcjonalno\u015b\u0107 z przyjemno\u015bci\u0105, tworz\u0105c w \u0142azience atmosfer\u0119 prawdziwego wellness.<\/p>\n\n\n\n<p>Aby k\u0105piel by\u0142a jeszcze przyjemniejsza, warto si\u0119gn\u0105\u0107 po odpowiednie <strong>akcesoria<\/strong>. Oto kilka propozycji, kt\u00f3re wzbogac\u0105 Twoje do\u015bwiadczenie:<\/p>\n\n\n\n<ul class=\"wp-block-list\">\n<li><strong>Olejek eteryczny<\/strong> \u2013 kilka kropel wystarczy, by przenie\u015b\u0107 si\u0119 w \u015bwiat aromaterapii, jak w ekskluzywnym salonie spa.<\/li>\n\n\n\n<li><strong>System hydromasa\u017cu z regulacj\u0105 intensywno\u015bci<\/strong> \u2013 pozwala dopasowa\u0107 masa\u017c do aktualnych potrzeb cia\u0142a i nastroju.<\/li>\n\n\n\n<li><strong>Podg\u0142\u00f3wek lub zag\u0142\u00f3wek<\/strong> \u2013 zwi\u0119ksza komfort podczas d\u0142u\u017cszych k\u0105pieli.<\/li>\n\n\n\n<li><strong>Stolik na wann\u0119<\/strong> \u2013 idealny na ksi\u0105\u017ck\u0119, kieliszek wina czy \u015bwiec\u0119.<\/li>\n<\/ul>\n\n\n\n<p>Wanna to tak\u017ce doskona\u0142e rozwi\u0105zanie dla rodzin z dzie\u0107mi. U\u0142atwia codzienn\u0105 piel\u0119gnacj\u0119 maluch\u00f3w, a przy tym staje si\u0119 miejscem <strong>wsp\u00f3lnej zabawy i \u015bmiechu<\/strong>. Takie chwile buduj\u0105 wi\u0119zi i zostaj\u0105 w pami\u0119ci na d\u0142ugo.<\/p>\n\n\n\n<p><strong>Wyb\u00f3r wanny to decyzja o stylu \u017cycia<\/strong>. Zanim zdecydujesz si\u0119 na konkretny model, zastan\u00f3w si\u0119, co jest dla Ciebie najwa\u017cniejsze:<\/p>\n\n\n\n<ul class=\"wp-block-list\">\n<li><strong>Relaksuj\u0105ce k\u0105piele<\/strong> przy \u015bwiecach i d\u017awi\u0119kach ulubionej muzyki?<\/li>\n\n\n\n<li><strong>Nowoczesny, minimalistyczny wystr\u00f3j<\/strong>, kt\u00f3ry podkre\u015bli Tw\u00f3j indywidualny styl?<\/li>\n\n\n\n<li><strong>Funkcje dodatkowe<\/strong> \u2013 masa\u017c wodny, podgrzewane oparcie, chromoterapia?<\/li>\n<\/ul>\n\n\n\n<p>Odpowiedzi na te pytania pomog\u0105 Ci wybra\u0107 wann\u0119, kt\u00f3ra nie tylko spe\u0142ni praktyczne oczekiwania, ale te\u017c <strong>idealnie wpisze si\u0119 w Tw\u00f3j rytm \u017cycia i potrzeby<\/strong>.<\/p>\n\n\n\n<h2 class=\"wp-block-heading\">Prysznic \u2013 oszcz\u0119dno\u015b\u0107 i funkcjonalno\u015b\u0107<\/h2>\n\n\n\n<p>W nowoczesnych \u0142azienkach coraz cz\u0119\u015bciej kr\u00f3luje <strong>prysznic<\/strong>. To rozwi\u0105zanie, kt\u00f3re \u0142\u0105czy <strong>wygod\u0119, oszcz\u0119dno\u015b\u0107 i praktyczno\u015b\u0107<\/strong>. Dla os\u00f3b \u017cyj\u0105cych w biegu to prawdziwe wybawienie \u2013 <strong>wystarczy kilka minut pod strumieniem wody, by si\u0119 od\u015bwie\u017cy\u0107 i nabra\u0107 energii na ca\u0142y dzie\u0144<\/strong>. Nie trzeba ju\u017c traci\u0107 czasu na d\u0142ugie k\u0105piele w wannie. Co wi\u0119cej, <strong>prysznic pozwala zu\u017cywa\u0107 mniej wody<\/strong>, co przek\u0142ada si\u0119 na <strong>oszcz\u0119dno\u015bci w domowym bud\u017cecie i korzy\u015bci dla \u015brodowiska<\/strong>.<\/p>\n\n\n\n<p>W\u015br\u00f3d nowoczesnych rozwi\u0105za\u0144 wyr\u00f3\u017cnia si\u0119 <strong>kabina prysznicowa walk-in<\/strong>. To model bez brodzika, z otwartym wej\u015bciem, kt\u00f3ry prezentuje si\u0119 <strong>lekko, elegancko i nowocze\u015bnie<\/strong>. Idealnie komponuje si\u0119 z <strong>minimalistycznymi wn\u0119trzami<\/strong>, a dzi\u0119ki \u0142atwemu dost\u0119powi jest szczeg\u00f3lnie polecany <strong>osobom starszym lub z ograniczon\u0105 mobilno\u015bci\u0105<\/strong>.<\/p>\n\n\n\n<p>Je\u015bli marzysz o odrobinie luksusu w codziennym \u017cyciu, warto rozwa\u017cy\u0107 <strong>prysznic z deszczownic\u0105<\/strong>. Szeroka g\u0142owica natryskowa otula cia\u0142o mi\u0119kkim strumieniem wody, przypominaj\u0105cym letni deszcz. <strong>To nie tylko higiena \u2013 to codzienny rytua\u0142 relaksu<\/strong>.<\/p>\n\n\n\n<p>Aby zwi\u0119kszy\u0107 komfort i bezpiecze\u0144stwo korzystania z prysznica, warto rozwa\u017cy\u0107 kilka praktycznych dodatk\u00f3w:<\/p>\n\n\n\n<ul class=\"wp-block-list\">\n<li><strong>Prysznic z odp\u0142ywem w pod\u0142odze<\/strong> \u2013 zapewnia nowoczesny wygl\u0105d i u\u0142atwia utrzymanie czysto\u015bci.<\/li>\n\n\n\n<li><strong>Siedzisko<\/strong> \u2013 nieocenione dla os\u00f3b starszych lub z ograniczon\u0105 sprawno\u015bci\u0105 ruchow\u0105.<\/li>\n\n\n\n<li><strong>Uchwyty i mata antypo\u015blizgowa<\/strong> \u2013 zwi\u0119kszaj\u0105 bezpiecze\u0144stwo, szczeg\u00f3lnie w wilgotnym \u015brodowisku.<\/li>\n\n\n\n<li><strong>Ma\u0142a kabina prysznicowa<\/strong> \u2013 idealna do kompaktowych \u0142azienek, gdzie liczy si\u0119 ka\u017cdy centymetr przestrzeni.<\/li>\n<\/ul>\n\n\n\n<p>Przed wyborem konkretnego modelu prysznica, warto zada\u0107 sobie kilka kluczowych pyta\u0144:<\/p>\n\n\n\n<ul class=\"wp-block-list\">\n<li><strong>Czy zale\u017cy Ci na szybko\u015bci i funkcjonalno\u015bci?<\/strong><\/li>\n\n\n\n<li><strong>A mo\u017ce szukasz estetyki i chwili wytchnienia?<\/strong><\/li>\n\n\n\n<li><strong>Jakie rozwi\u0105zania najlepiej pasuj\u0105 do Twojego stylu \u017cycia?<\/strong><\/li>\n<\/ul>\n\n\n\n<p><strong>Wyb\u00f3r prysznica to nie tylko decyzja praktyczna \u2013 to spos\u00f3b na stworzenie przestrzeni, kt\u00f3ra b\u0119dzie Ci towarzyszy\u0107 ka\u017cdego dnia<\/strong>, niezale\u017cnie od nastroju, plan\u00f3w czy pory roku.<\/p>\n\n\n\n<figure class=\"wp-block-image size-full\"><a href=\"https:\/\/proplo.pl\/profile\/meindesign\/projekt\/lazienka-dla-gosci-w-domu-jednorodzinnym-757\"><img loading=\"lazy\" decoding=\"async\" width=\"1200\" height=\"800\" src=\"https:\/\/proplo.pl\/blog\/wp-content\/uploads\/2025\/07\/lazienka-z-prysznicem.png\" alt=\"Wn\u0119trze \u0142azienki w stylu industrialnym, minimalistycznym z r\u00f3\u017cow\u0105 kabin\u0105 prysznicow\u0105 i czarnymi akcentami.\" class=\"wp-image-984\" srcset=\"https:\/\/proplo.pl\/blog\/wp-content\/uploads\/2025\/07\/lazienka-z-prysznicem.png 1200w, https:\/\/proplo.pl\/blog\/wp-content\/uploads\/2025\/07\/lazienka-z-prysznicem-300x200.png 300w, https:\/\/proplo.pl\/blog\/wp-content\/uploads\/2025\/07\/lazienka-z-prysznicem-768x512.png 768w, https:\/\/proplo.pl\/blog\/wp-content\/uploads\/2025\/07\/lazienka-z-prysznicem-1024x683.png 1024w, https:\/\/proplo.pl\/blog\/wp-content\/uploads\/2025\/07\/lazienka-z-prysznicem-480x320.png 480w\" sizes=\"auto, (max-width: 1200px) 100vw, 1200px\" \/><\/a><figcaption class=\"wp-element-caption\">Projekt: <a href=\"https:\/\/proplo.pl\/profile\/meindesign\">meinDESIGN<\/a><\/figcaption><\/figure>\n\n\n\n<h2 class=\"wp-block-heading\">Rozwi\u0105zania hybrydowe \u2013 kompromis dla niezdecydowanych<\/h2>\n\n\n\n<p>W dobie niewielkich \u0142azienek i zr\u00f3\u017cnicowanych potrzeb domownik\u00f3w, <strong>rozwi\u0105zania hybrydowe<\/strong> staj\u0105 si\u0119 coraz popularniejsze. Jednym z najcz\u0119\u015bciej wybieranych kompromis\u00f3w jest <strong>wanna z prysznicem<\/strong> \u2013 po\u0142\u0105czenie komfortu d\u0142ugiej k\u0105pieli z funkcjonalno\u015bci\u0105 szybkiego prysznica.<\/p>\n\n\n\n<p>Nie mo\u017cesz si\u0119 zdecydowa\u0107 \u2013 wanna czy kabina? Idealnym rozwi\u0105zaniem b\u0119dzie <strong>wanna z parawanem<\/strong>. To elastyczne podej\u015bcie, kt\u00f3re dopasowuje si\u0119 do Twojego stylu \u017cycia. <strong>Jednego dnia relaks w pianie, drugiego \u2013 szybkie od\u015bwie\u017cenie<\/strong>. Brzmi jak plan, prawda?<\/p>\n\n\n\n<p>Praktycznym przyk\u0142adem <strong>hybrydowego rozwi\u0105zania<\/strong> jest w\u0142a\u015bnie wanna z parawanem. Umo\u017cliwia korzystanie z jednej przestrzeni na dwa sposoby \u2013 w zale\u017cno\u015bci od nastroju lub ilo\u015bci wolnego czasu. <strong>To idealna opcja do ma\u0142ych \u0142azienek, gdzie liczy si\u0119 ka\u017cdy centymetr<\/strong>. Wanna z parawanem maksymalizuje funkcjonalno\u015b\u0107 bez kompromis\u00f3w w zakresie komfortu.<\/p>\n\n\n\n<p>Planuj\u0105c zakup <strong>wanny z prysznicem<\/strong>, warto zastanowi\u0107 si\u0119, co jest dla Ciebie najwa\u017cniejsze:<\/p>\n\n\n\n<ul class=\"wp-block-list\">\n<li><strong>Szybkie poranne od\u015bwie\u017cenie<\/strong> \u2013 idealne dla zabieganych.<\/li>\n\n\n\n<li><strong>Wieczorna k\u0105piel z ksi\u0105\u017ck\u0105 i \u015bwiecami<\/strong> \u2013 dla mi\u0142o\u015bnik\u00f3w relaksu.<\/li>\n\n\n\n<li><strong>Oszcz\u0119dno\u015b\u0107 miejsca<\/strong> \u2013 szczeg\u00f3lnie wa\u017cna w ma\u0142ych \u0142azienkach.<\/li>\n\n\n\n<li><strong>Estetyka i nowoczesny wygl\u0105d<\/strong> \u2013 dla tych, kt\u00f3rzy ceni\u0105 design.<\/li>\n<\/ul>\n\n\n\n<p><strong>Dylemat \u201ewanna czy prysznic\u201d nie musi oznacza\u0107 rezygnacji z jednej z opcji<\/strong>. Hybrydowe rozwi\u0105zania pozwalaj\u0105 cieszy\u0107 si\u0119 zaletami obu.<\/p>\n\n\n\n<h3 class=\"wp-block-heading\">Wanna z funkcj\u0105 prysznica i parawanem<\/h3>\n\n\n\n<p><strong>Wanna z funkcj\u0105 prysznica i parawanem<\/strong> to idealne rozwi\u0105zanie dla os\u00f3b, kt\u00f3re nie chc\u0105 wybiera\u0107 mi\u0119dzy szybkim prysznicem a d\u0142ug\u0105 k\u0105piel\u0105. Dzi\u0119ki parawanowi zamontowanemu na kraw\u0119dzi, <strong>w kilka sekund zamienisz wann\u0119 w kabin\u0119 prysznicow\u0105<\/strong>. To szczeg\u00f3lnie praktyczne w ma\u0142ych \u0142azienkach, gdzie ka\u017cdy metr kwadratowy ma znaczenie.<\/p>\n\n\n\n<p>Cho\u0107 <strong>wanny z funkcj\u0105 prysznica<\/strong> mog\u0105 wi\u0105za\u0107 si\u0119 z nieco wy\u017cszymi kosztami monta\u017cu, oferuj\u0105 w zamian:<\/p>\n\n\n\n<ul class=\"wp-block-list\">\n<li><strong>Wi\u0119ksz\u0105 elastyczno\u015b\u0107<\/strong> \u2013 dopasowanie do r\u00f3\u017cnych potrzeb domownik\u00f3w.<\/li>\n\n\n\n<li><strong>Komfort codziennego u\u017cytkowania<\/strong> \u2013 niezale\u017cnie od pory dnia.<\/li>\n\n\n\n<li><strong>Oszcz\u0119dno\u015b\u0107 miejsca<\/strong> \u2013 jedno urz\u0105dzenie, dwie funkcje.<\/li>\n<\/ul>\n\n\n\n<p>Warto zada\u0107 sobie pytanie: <strong>co lepiej pasuje do Twojego trybu \u017cycia?<\/strong><\/p>\n\n\n\n<p>Je\u015bli rano liczy si\u0119 ka\u017cda minuta \u2013 prysznic b\u0119dzie niezast\u0105piony. Z kolei wieczorem, po d\u0142ugim dniu, nic nie zast\u0105pi relaksuj\u0105cej k\u0105pieli.<\/p>\n\n\n\n<p><strong>A co z kosztami?<\/strong> Cz\u0119sto pojawia si\u0119 pytanie: <strong>wanna czy prysznic \u2013 co bardziej si\u0119 op\u0142aca?<\/strong> Warto spojrze\u0107 nie tylko na cen\u0119 zakupu i instalacji, ale r\u00f3wnie\u017c na:<\/p>\n\n\n\n<ul class=\"wp-block-list\">\n<li><strong>D\u0142ugofalowe zu\u017cycie wody<\/strong> \u2013 prysznic zazwyczaj zu\u017cywa mniej.<\/li>\n\n\n\n<li><strong>Zu\u017cycie energii<\/strong> \u2013 kr\u00f3tszy czas k\u0105pieli to mniejsze rachunki.<\/li>\n\n\n\n<li><strong>Trwa\u0142o\u015b\u0107 i konserwacja<\/strong> \u2013 wyb\u00f3r materia\u0142\u00f3w ma znaczenie.<\/li>\n<\/ul>\n\n\n\n<p><strong>\u015awiadomy wyb\u00f3r to taki, kt\u00f3ry \u0142\u0105czy komfort z ekonomi\u0105<\/strong>.<\/p>\n\n\n\n<h3 class=\"wp-block-heading\">Parawan nawannowy \u2013 jak dzia\u0142a i kiedy warto go wybra\u0107<\/h3>\n\n\n\n<p><strong>Parawan nawannowy<\/strong> to sprytne i funkcjonalne rozwi\u0105zanie, kt\u00f3re pozwala przekszta\u0142ci\u0107 zwyk\u0142\u0105 wann\u0119 w pe\u0142noprawny prysznic \u2013 bez konieczno\u015bci rezygnowania z k\u0105pieli. <strong>Idealnie sprawdza si\u0119 w ma\u0142ych \u0142azienkach<\/strong>, gdzie nie ma miejsca na osobn\u0105 kabin\u0119.<\/p>\n\n\n\n<p>Najcz\u0119\u015bciej montowany na kraw\u0119dzi wanny, wykonany ze <strong>szk\u0142a hartowanego<\/strong> lub <strong>tworzywa sztucznego<\/strong>, skutecznie chroni przed rozchlapywaniem wody. To nie tylko wygoda, ale te\u017c <strong>czysto\u015b\u0107 i porz\u0105dek<\/strong>.<\/p>\n\n\n\n<p><strong>Parawan nawannowy<\/strong> szczeg\u00f3lnie dobrze sprawdza si\u0119 w przypadku:<\/p>\n\n\n\n<ul class=\"wp-block-list\">\n<li><strong>Senior\u00f3w<\/strong> \u2013 u\u0142atwia dost\u0119p i zwi\u0119ksza bezpiecze\u0144stwo.<\/li>\n\n\n\n<li><strong>Os\u00f3b z ograniczon\u0105 mobilno\u015bci\u0105<\/strong> \u2013 umo\u017cliwia wygodne korzystanie z k\u0105pieli.<\/li>\n\n\n\n<li><strong>Rodzin z ma\u0142ymi dzie\u0107mi<\/strong> \u2013 chroni przed zachlapaniem i u\u0142atwia k\u0105piel maluch\u00f3w.<\/li>\n<\/ul>\n\n\n\n<p>W po\u0142\u0105czeniu z dodatkowymi udogodnieniami, takimi jak:<\/p>\n\n\n\n<ul class=\"wp-block-list\">\n<li><strong>Niskoprofilowy brodzik<\/strong> \u2013 \u0142atwiejsze wej\u015bcie i wyj\u015bcie.<\/li>\n\n\n\n<li><strong>Wygodne siedzisko<\/strong> \u2013 komfort podczas k\u0105pieli.<\/li>\n\n\n\n<li><strong>Stabilne uchwyty<\/strong> \u2013 wi\u0119ksze bezpiecze\u0144stwo.<\/li>\n\n\n\n<li><strong>Antypo\u015blizgowa mata<\/strong> \u2013 zmniejsza ryzyko po\u015blizgni\u0119cia si\u0119.<\/li>\n<\/ul>\n\n\n\n<p>&#8230;znacz\u0105co zwi\u0119ksza <strong>bezpiecze\u0144stwo i komfort u\u017cytkowania<\/strong>. To rozwi\u0105zanie, kt\u00f3re \u0142\u0105czy funkcjonalno\u015b\u0107 z trosk\u0105 o potrzeby os\u00f3b o szczeg\u00f3lnych wymaganiach.<\/p>\n\n\n\n<p>Zastanawiasz si\u0119, <strong>wanna czy prysznic dla seniora<\/strong> b\u0119dzie lepszym wyborem? Warto wzi\u0105\u0107 pod uwag\u0119 nie tylko wygod\u0119, ale przede wszystkim <strong>bezpiecze\u0144stwo<\/strong>. <strong>Parawan nawannowy daje mo\u017cliwo\u015b\u0107 wyboru \u2013 bez konieczno\u015bci rezygnowania z \u017cadnej opcji<\/strong>.<\/p>\n\n\n\n<p>A Ty? Co jest dla Ciebie najwa\u017cniejsze przy urz\u0105dzaniu \u0142azienki dla osoby starszej? <strong>Elastyczno\u015b\u0107? Bezpiecze\u0144stwo? A mo\u017ce \u0142atwo\u015b\u0107 utrzymania czysto\u015bci?<\/strong> Dobrze wiedzie\u0107, \u017ce dzi\u015b nie trzeba ju\u017c i\u015b\u0107 na kompromis.<\/p>\n\n\n\n<figure class=\"wp-block-image size-full\"><a href=\"https:\/\/proplo.pl\/profile\/innere-studio-projektowanie-wnetrz\/projekt\/mala-lazienka-z-nuta-japandi-587\"><img loading=\"lazy\" decoding=\"async\" width=\"1200\" height=\"800\" src=\"https:\/\/proplo.pl\/blog\/wp-content\/uploads\/2025\/07\/wanna-z-parawanem-nawannowym.png\" alt=\"Wn\u0119trze \u0142azienki w stylu boho i japandi z wann\u0105 i z\u0142otymi akcentami.\" class=\"wp-image-985\" srcset=\"https:\/\/proplo.pl\/blog\/wp-content\/uploads\/2025\/07\/wanna-z-parawanem-nawannowym.png 1200w, https:\/\/proplo.pl\/blog\/wp-content\/uploads\/2025\/07\/wanna-z-parawanem-nawannowym-300x200.png 300w, https:\/\/proplo.pl\/blog\/wp-content\/uploads\/2025\/07\/wanna-z-parawanem-nawannowym-768x512.png 768w, https:\/\/proplo.pl\/blog\/wp-content\/uploads\/2025\/07\/wanna-z-parawanem-nawannowym-1024x683.png 1024w, https:\/\/proplo.pl\/blog\/wp-content\/uploads\/2025\/07\/wanna-z-parawanem-nawannowym-480x320.png 480w\" sizes=\"auto, (max-width: 1200px) 100vw, 1200px\" \/><\/a><figcaption class=\"wp-element-caption\">Projekt: <a href=\"https:\/\/proplo.pl\/profile\/innere-studio-projektowanie-wnetrz\">INNERE STUDIO projektowanie wn\u0119trz<\/a><\/figcaption><\/figure>\n\n\n\n<h2 class=\"wp-block-heading\">Wyb\u00f3r w kontek\u015bcie u\u017cytkownik\u00f3w<\/h2>\n\n\n\n<p>Decyzja o tym, czy w \u0142azience lepiej sprawdzi si\u0119 <strong>wanna, czy prysznic<\/strong>, powinna wynika\u0107 z realnych <strong>potrzeb domownik\u00f3w<\/strong>. Dla jednych liczy si\u0119 relaks po d\u0142ugim dniu, dla innych \u2013 oszcz\u0119dno\u015b\u0107 czasu, miejsca albo nowoczesny design. <strong>Ka\u017cdy ma inne priorytety<\/strong>, dlatego warto podej\u015b\u0107 do tematu indywidualnie.<\/p>\n\n\n\n<p>Przyk\u0142adowo:<\/p>\n\n\n\n<ul class=\"wp-block-list\">\n<li><strong>Rodziny z ma\u0142ymi dzie\u0107mi<\/strong> \u2013 cz\u0119sto wybieraj\u0105 wann\u0119, poniewa\u017c u\u0142atwia k\u0105piel maluch\u00f3w i sprzyja wsp\u00f3lnym wieczornym rytua\u0142om.<\/li>\n\n\n\n<li><strong>Osoby starsze<\/strong> \u2013 zazwyczaj preferuj\u0105 prysznic, kt\u00f3ry jest bezpieczniejszy, wygodniejszy i bardziej dost\u0119pny.<\/li>\n<\/ul>\n\n\n\n<p><strong>Wsp\u00f3lna analiza potrzeb wszystkich domownik\u00f3w<\/strong> to klucz do stworzenia \u0142azienki, kt\u00f3ra b\u0119dzie nie tylko estetyczna, ale przede wszystkim funkcjonalna i dopasowana do codziennego \u017cycia.<\/p>\n\n\n\n<h3 class=\"wp-block-heading\">Wanna czy prysznic dla senior\u00f3w \u2013 bezpiecze\u0144stwo i ergonomia<\/h3>\n\n\n\n<p>Dla senior\u00f3w wyb\u00f3r mi\u0119dzy wann\u0105 a prysznicem to nie tylko kwestia gustu, ale przede wszystkim <strong>komfortu i bezpiecze\u0144stwa<\/strong>. Wraz z wiekiem spada sprawno\u015b\u0107 ruchowa, dlatego ka\u017cdy detal ma znaczenie.<\/p>\n\n\n\n<p><strong>Prysznic<\/strong> okazuje si\u0119 cz\u0119sto lepszym rozwi\u0105zaniem, poniewa\u017c:<\/p>\n\n\n\n<ul class=\"wp-block-list\">\n<li>umo\u017cliwia \u0142atwiejsze wej\u015bcie i wyj\u015bcie,<\/li>\n\n\n\n<li>mo\u017cna go wyposa\u017cy\u0107 w <strong>uchwyty, siedziska i maty antypo\u015blizgowe<\/strong>,<\/li>\n\n\n\n<li>zwi\u0119ksza niezale\u017cno\u015b\u0107 seniora,<\/li>\n\n\n\n<li>daje bliskim wi\u0119kszy spok\u00f3j ducha.<\/li>\n<\/ul>\n\n\n\n<p><strong>To rozwi\u0105zanie, kt\u00f3re zapewnia poczucie kontroli i komfortu ka\u017cdego dnia<\/strong>, a jednocze\u015bnie minimalizuje ryzyko upadk\u00f3w i uraz\u00f3w.<\/p>\n\n\n\n<h3 class=\"wp-block-heading\">Co lepsze dla rodzin z dzie\u0107mi \u2013 praktyczne aspekty<\/h3>\n\n\n\n<p>W domach, gdzie s\u0105 <strong>ma\u0142e dzieci<\/strong>, wyb\u00f3r mi\u0119dzy wann\u0105 a prysznicem cz\u0119sto sprowadza si\u0119 do jednego: <strong>wygody i codziennej funkcjonalno\u015bci<\/strong>.<\/p>\n\n\n\n<p><strong>Wanna<\/strong> to:<\/p>\n\n\n\n<ul class=\"wp-block-list\">\n<li>przestrze\u0144 do zabawy,<\/li>\n\n\n\n<li>mo\u017cliwo\u015b\u0107 spokojnych, wieczornych k\u0105pieli,<\/li>\n\n\n\n<li>tworzenie rodzinnych rytua\u0142\u00f3w, kt\u00f3re dzieci uwielbiaj\u0105.<\/li>\n<\/ul>\n\n\n\n<p>Jednak warto pami\u0119ta\u0107, \u017ce <strong>wanna zu\u017cywa wi\u0119cej wody ni\u017c prysznic<\/strong>, co przek\u0142ada si\u0119 na wy\u017csze rachunki i wi\u0119kszy wp\u0142yw na \u015brodowisko. Dlatego coraz wi\u0119cej rodzin rozwa\u017ca kompromisowe rozwi\u0105zania.<\/p>\n\n\n\n<p><strong>Wanna z parawanem<\/strong> to praktyczne po\u0142\u0105czenie dw\u00f3ch \u015bwiat\u00f3w \u2013 pozwala korzysta\u0107 z zalet wanny i prysznica jednocze\u015bnie. Sprawdza si\u0119 w wielu domach, gdzie liczy si\u0119 zar\u00f3wno funkcjonalno\u015b\u0107, jak i estetyka.<\/p>\n\n\n\n<p><strong>\u0141azienka powinna by\u0107 nie tylko \u0142adna, ale te\u017c praktyczna \u2013 dzi\u015b, jutro i za kilka lat<\/strong>. Warto wi\u0119c my\u015ble\u0107 przysz\u0142o\u015bciowo i wybiera\u0107 rozwi\u0105zania, kt\u00f3re b\u0119d\u0105 odpowiada\u0107 zmieniaj\u0105cym si\u0119 potrzebom domownik\u00f3w.<\/p>\n\n\n\n<h2 class=\"wp-block-heading\">Aspekty ekonomiczne i ekologiczne<\/h2>\n\n\n\n<p><strong>Wyb\u00f3r mi\u0119dzy wann\u0105 a prysznicem to nie tylko kwestia komfortu, ale r\u00f3wnie\u017c realny wp\u0142yw na domowy bud\u017cet i \u015brodowisko naturalne.<\/strong> W czasach rosn\u0105cej \u015bwiadomo\u015bci ekologicznej warto przyjrze\u0107 si\u0119, jak te dwa rozwi\u0105zania r\u00f3\u017cni\u0105 si\u0119 pod wzgl\u0119dem zu\u017cycia wody i energii. <strong>\u015awiadome decyzje w \u0142azience to nie tylko oszcz\u0119dno\u015b\u0107 pieni\u0119dzy, ale tak\u017ce codzienny gest troski o planet\u0119.<\/strong> A przecie\u017c ka\u017cdy z nas chce mie\u0107 poczucie, \u017ce robi co\u015b dobrego, prawda?<\/p>\n\n\n\n<h3 class=\"wp-block-heading\">Por\u00f3wnanie zu\u017cycia wody: wanna vs. prysznic<\/h3>\n\n\n\n<p><strong>R\u00f3\u017cnice w zu\u017cyciu wody mi\u0119dzy wann\u0105 a prysznicem s\u0105 znacz\u0105ce.<\/strong> K\u0105piel w wannie mo\u017ce poch\u0142on\u0105\u0107 nawet 150 litr\u00f3w wody, podczas gdy szybki, pi\u0119ciominutowy prysznic zu\u017cywa \u015brednio od 40 do 60 litr\u00f3w. <strong>To niemal trzykrotna r\u00f3\u017cnica!<\/strong><\/p>\n\n\n\n<figure class=\"wp-block-table\"><table class=\"has-fixed-layout\"><tbody><tr><th>Rodzaj k\u0105pieli<\/th><th>\u015arednie zu\u017cycie wody<\/th><\/tr><tr><td>Wanna<\/td><td>do 150 litr\u00f3w<\/td><\/tr><tr><td>Prysznic (5 minut)<\/td><td>40\u201360 litr\u00f3w<\/td><\/tr><\/tbody><\/table><\/figure>\n\n\n\n<p><strong>Regularne korzystanie z prysznica mo\u017ce znacz\u0105co obni\u017cy\u0107 rachunki i ograniczy\u0107 zu\u017cycie zasob\u00f3w naturalnych.<\/strong> Je\u015bli zale\u017cy Ci na zmniejszeniu \u015bladu wodnego, prysznic to zdecydowanie bardziej efektywna opcja. Dodatkowo, zastosowanie nowoczesnych technologii, takich jak:<\/p>\n\n\n\n<ul class=\"wp-block-list\">\n<li><strong>baterie z perlatorem<\/strong> \u2013 zmniejszaj\u0105 przep\u0142yw wody bez utraty komfortu u\u017cytkowania,<\/li>\n\n\n\n<li><strong>systemy odzysku wody szarej<\/strong> \u2013 pozwalaj\u0105 ponownie wykorzysta\u0107 wod\u0119 np. do sp\u0142ukiwania toalety,<\/li>\n\n\n\n<li><strong>g\u0142owice prysznicowe o niskim przep\u0142ywie<\/strong> \u2013 ograniczaj\u0105 zu\u017cycie bez pogorszenia jako\u015bci k\u0105pieli,<\/li>\n\n\n\n<li><strong>inteligentne systemy sterowania<\/strong> \u2013 umo\u017cliwiaj\u0105 monitorowanie i optymalizacj\u0119 zu\u017cycia wody.<\/li>\n<\/ul>\n\n\n\n<p><strong>\u0141azienka mo\u017ce by\u0107 nie tylko miejscem higieny, ale r\u00f3wnie\u017c przestrzeni\u0105 codziennej troski o \u015brodowisko.<\/strong><\/p>\n\n\n\n<figure class=\"wp-block-image size-full\"><a href=\"https:\/\/proplo.pl\/profile\/magdalena-wyszynska-dyndat\/projekt\/jasna-lazienka-z-czerwona-wanna-i-kobaltowym-akcentem-1775\"><img loading=\"lazy\" decoding=\"async\" width=\"1200\" height=\"800\" src=\"https:\/\/proplo.pl\/blog\/wp-content\/uploads\/2025\/07\/wanna-a-prysznic.png\" alt=\"Wn\u0119trze \u0142azienki z pomara\u0144czow\u0105 wann\u0105 i niebieskim sufitem, styl dopamine decor.\" class=\"wp-image-986\" srcset=\"https:\/\/proplo.pl\/blog\/wp-content\/uploads\/2025\/07\/wanna-a-prysznic.png 1200w, https:\/\/proplo.pl\/blog\/wp-content\/uploads\/2025\/07\/wanna-a-prysznic-300x200.png 300w, https:\/\/proplo.pl\/blog\/wp-content\/uploads\/2025\/07\/wanna-a-prysznic-768x512.png 768w, https:\/\/proplo.pl\/blog\/wp-content\/uploads\/2025\/07\/wanna-a-prysznic-1024x683.png 1024w, https:\/\/proplo.pl\/blog\/wp-content\/uploads\/2025\/07\/wanna-a-prysznic-480x320.png 480w\" sizes=\"auto, (max-width: 1200px) 100vw, 1200px\" \/><\/a><figcaption class=\"wp-element-caption\">Projekt: <a href=\"https:\/\/proplo.pl\/profile\/magdalena-wyszynska-dyndat\">Magdalena Wyszy\u0144ska-Dyndat<\/a><\/figcaption><\/figure>\n\n\n\n<h3 class=\"wp-block-heading\">Koszty instalacji i eksploatacji obu rozwi\u0105za\u0144<\/h3>\n\n\n\n<p><strong>Aspekt finansowy to kolejny wa\u017cny czynnik przy wyborze mi\u0119dzy wann\u0105 a prysznicem.<\/strong> Monta\u017c wanny cz\u0119sto wi\u0105\u017ce si\u0119 z dodatkowymi pracami, takimi jak:<\/p>\n\n\n\n<ul class=\"wp-block-list\">\n<li>przygotowanie odpowiedniego pod\u0142o\u017ca,<\/li>\n\n\n\n<li>dopasowanie odp\u0142ywu,<\/li>\n\n\n\n<li>wzmocnienie konstrukcji pod\u0142ogi (w przypadku ci\u0119\u017cszych modeli),<\/li>\n\n\n\n<li>wi\u0119ksze zu\u017cycie materia\u0142\u00f3w wyko\u0144czeniowych.<\/li>\n<\/ul>\n\n\n\n<p><strong>Wszystko to mo\u017ce znacz\u0105co zwi\u0119kszy\u0107 koszt remontu.<\/strong><\/p>\n\n\n\n<p>Z kolei prysznic \u2014 szczeg\u00f3lnie nowoczesna kabina typu walk-in \u2014 zazwyczaj:<\/p>\n\n\n\n<ul class=\"wp-block-list\">\n<li>wymaga mniej pracy przy instalacji,<\/li>\n\n\n\n<li>jest szybszy w monta\u017cu,<\/li>\n\n\n\n<li>zajmuje mniej miejsca,<\/li>\n\n\n\n<li>generuje ni\u017csze koszty eksploatacyjne dzi\u0119ki mniejszemu zu\u017cyciu wody.<\/li>\n<\/ul>\n\n\n\n<p><strong>Je\u015bli planujesz remont z ograniczonym bud\u017cetem, prysznic mo\u017ce okaza\u0107 si\u0119 bardziej op\u0142acalnym rozwi\u0105zaniem.<\/strong> Warto r\u00f3wnie\u017c uwzgl\u0119dni\u0107 koszty serwisowania, czyszczenia i ewentualnych napraw \u2014 wszystkie te elementy wp\u0142ywaj\u0105 na ca\u0142kowity koszt u\u017cytkowania.<\/p>\n\n\n\n<h3 class=\"wp-block-heading\">Co bardziej si\u0119 op\u0142aca w d\u0142u\u017cszej perspektywie?<\/h3>\n\n\n\n<p><strong>Nie ma jednej uniwersalnej odpowiedzi na pytanie: wanna czy prysznic?<\/strong> Wyb\u00f3r zale\u017cy od wielu czynnik\u00f3w, takich jak:<\/p>\n\n\n\n<ul class=\"wp-block-list\">\n<li>Tw\u00f3j styl \u017cycia,<\/li>\n\n\n\n<li>liczba domownik\u00f3w,<\/li>\n\n\n\n<li>priorytety \u2014 oszcz\u0119dno\u015b\u0107 vs. komfort,<\/li>\n\n\n\n<li>dost\u0119pna przestrze\u0144 w \u0142azience.<\/li>\n<\/ul>\n\n\n\n<p><strong>Je\u015bli liczy si\u0119 dla Ciebie szybko\u015b\u0107 i oszcz\u0119dno\u015b\u0107 \u2014 prysznic b\u0119dzie idealnym wyborem.<\/strong><\/p>\n\n\n\n<p><strong>Je\u015bli jednak k\u0105piel to dla Ciebie moment relaksu i wyciszenia \u2014 wanna mo\u017ce by\u0107 inwestycj\u0105 w Tw\u00f3j komfort i dobre samopoczucie.<\/strong><\/p>\n\n\n\n<p>Zastan\u00f3w si\u0119, co dla Ciebie oznacza \u201eop\u0142acalno\u015b\u0107\u201d. Czy chodzi o ni\u017csze rachunki, czy mo\u017ce o jako\u015b\u0107 codziennego \u017cycia? <strong>Odpowied\u017a na to pytanie pomo\u017ce Ci wybra\u0107 rozwi\u0105zanie, kt\u00f3re sprawdzi si\u0119 nie tylko dzi\u015b, ale i w przysz\u0142o\u015bci.<\/strong><\/p>\n\n\n\n<h2 class=\"wp-block-heading\">Estetyka i styl aran\u017cacji \u0142azienki<\/h2>\n\n\n\n<p><strong>Styl \u0142azienki<\/strong> to nie tylko kwestia gustu \u2013 to spos\u00f3b na to, by codzienne rytua\u0142y sta\u0142y si\u0119 przyjemniejsze, a przestrze\u0144 bardziej funkcjonalna. <strong>Estetyka wn\u0119trza<\/strong> wp\u0142ywa na nastr\u00f3j, podkre\u015bla charakter pomieszczenia i mo\u017ce sprytnie wspiera\u0107 jego praktyczne aspekty.<\/p>\n\n\n\n<p>Wsp\u00f3\u0142czesne trendy s\u0105 <strong>r\u00f3\u017cnorodne i inspiruj\u0105ce<\/strong> \u2013 od ch\u0142odnego minimalizmu po ciep\u0142y klimat retro. To w\u0142a\u015bnie one cz\u0119sto podpowiadaj\u0105, czy lepiej wybra\u0107 wann\u0119, czy prysznic. Wyb\u00f3r ten nie jest wy\u0142\u0105cznie estetyczny \u2013 ma realny wp\u0142yw na komfort codziennego u\u017cytkowania \u0142azienki.<\/p>\n\n\n\n<p><strong>Je\u015bli cenisz \u0142ad i prostot\u0119<\/strong>, idealnym rozwi\u0105zaniem b\u0119dzie <strong>prysznic typu walk-in<\/strong>. Taki model:<\/p>\n\n\n\n<ul class=\"wp-block-list\">\n<li>optycznie powi\u0119ksza przestrze\u0144,<\/li>\n\n\n\n<li>doskonale wpisuje si\u0119 w nowoczesne i futurystyczne aran\u017cacje,<\/li>\n\n\n\n<li>jest wygodny i funkcjonalny,<\/li>\n\n\n\n<li>sprawdza si\u0119 szczeg\u00f3lnie w mniejszych \u0142azienkach.<\/li>\n<\/ul>\n\n\n\n<p><strong>Dla mi\u0142o\u015bnik\u00f3w stylu vintage<\/strong> lepszym wyborem b\u0119dzie <strong>wanna wolnostoj\u0105ca<\/strong>, kt\u00f3ra:<\/p>\n\n\n\n<ul class=\"wp-block-list\">\n<li>dodaje wn\u0119trzu nuty luksusu,<\/li>\n\n\n\n<li>przyci\u0105ga wzrok swoj\u0105 ponadczasow\u0105 form\u0105,<\/li>\n\n\n\n<li>nadaje elegancji i charakteru,<\/li>\n\n\n\n<li>mo\u017ce sta\u0107 si\u0119 centralnym punktem przestronnej \u0142azienki.<\/li>\n<\/ul>\n\n\n\n<p>W przypadku <strong>wi\u0119kszych \u0142azienek<\/strong> wanna wolnostoj\u0105ca mo\u017ce pe\u0142ni\u0107 funkcj\u0119 dekoracyjn\u0105 \u2013 niczym rze\u017aba w galerii. To nie tylko miejsce relaksu, ale te\u017c wyrazisty element aran\u017cacyjny.<\/p>\n\n\n\n<p>Je\u015bli jednak <strong>metra\u017c jest ograniczony<\/strong>, lepszym wyborem b\u0119dzie prysznic walk-in \u2013 kompaktowy, wygodny i nieograniczaj\u0105cy swobody ruchu.<\/p>\n\n\n\n<p><strong>Podsumowuj\u0105c:<\/strong> co bardziej do Ciebie przemawia \u2013 <strong>nowoczesna prostota<\/strong> czy <strong>klasyczna elegancja<\/strong>? Wyb\u00f3r stylu to decyzja, kt\u00f3ra wp\u0142ywa nie tylko na wygl\u0105d \u0142azienki, ale przede wszystkim na Tw\u00f3j codzienny komfort.<\/p>\n\n\n\n<figure class=\"wp-block-image size-full\"><a href=\"https:\/\/proplo.pl\/profile\/vines-studio-projektowania-wnetrz\/projekt\/dom-jednorodzinny-2031\"><img loading=\"lazy\" decoding=\"async\" width=\"1200\" height=\"800\" src=\"https:\/\/proplo.pl\/blog\/wp-content\/uploads\/2025\/07\/prysznic-czy-wanna.png\" alt=\"Nowoczesna \u0142azienka z prysznicem, wann\u0105 i dodatkami w stylu art deco oraz glamour.\" class=\"wp-image-987\" srcset=\"https:\/\/proplo.pl\/blog\/wp-content\/uploads\/2025\/07\/prysznic-czy-wanna.png 1200w, https:\/\/proplo.pl\/blog\/wp-content\/uploads\/2025\/07\/prysznic-czy-wanna-300x200.png 300w, https:\/\/proplo.pl\/blog\/wp-content\/uploads\/2025\/07\/prysznic-czy-wanna-768x512.png 768w, https:\/\/proplo.pl\/blog\/wp-content\/uploads\/2025\/07\/prysznic-czy-wanna-1024x683.png 1024w, https:\/\/proplo.pl\/blog\/wp-content\/uploads\/2025\/07\/prysznic-czy-wanna-480x320.png 480w\" sizes=\"auto, (max-width: 1200px) 100vw, 1200px\" \/><\/a><figcaption class=\"wp-element-caption\">Projekt: <a href=\"https:\/\/proplo.pl\/profile\/vines-studio-projektowania-wnetrz\">Vines Studio Projektowania Wn\u0119trz<\/a><\/figcaption><\/figure>\n\n\n\n<h2 class=\"wp-block-heading\">Podsumowanie: co wybra\u0107 \u2013 wann\u0119 czy prysznic?<\/h2>\n\n\n\n<p>Wyb\u00f3r mi\u0119dzy <strong>wann\u0105 a prysznicem<\/strong> to nie tylko kwestia estetyki, ale przede wszystkim decyzja, kt\u00f3ra powinna odpowiada\u0107 <strong>Twojemu stylowi \u017cycia, codziennym nawykom oraz mo\u017cliwo\u015bciom przestrzennym \u0142azienki<\/strong>. Oba rozwi\u0105zania maj\u0105 swoje zalety i ograniczenia, dlatego warto podej\u015b\u0107 do tematu \u015bwiadomie, kieruj\u0105c si\u0119 w\u0142asnymi potrzebami.<\/p>\n\n\n\n<p>Dla jednych kluczowa b\u0119dzie <strong>oszcz\u0119dno\u015b\u0107 miejsca i wody<\/strong>, dla innych \u2013 <strong>komfort i mo\u017cliwo\u015b\u0107 relaksu<\/strong> po d\u0142ugim dniu. Aby podj\u0105\u0107 najlepsz\u0105 decyzj\u0119, warto zada\u0107 sobie kilka istotnych pyta\u0144:<\/p>\n\n\n\n<ul class=\"wp-block-list\">\n<li><strong>Czy zale\u017cy Ci na szybkim, energetyzuj\u0105cym prysznicu o poranku?<\/strong><\/li>\n\n\n\n<li><strong>A mo\u017ce wieczorem marzysz o d\u0142ugiej, relaksuj\u0105cej k\u0105pieli?<\/strong><\/li>\n\n\n\n<li><strong>Czy Twoja \u0142azienka pomie\u015bci pe\u0142nowymiarow\u0105 wann\u0119?<\/strong><\/li>\n\n\n\n<li><strong>Czy bardziej praktyczny b\u0119dzie kompaktowy prysznic?<\/strong><\/li>\n<\/ul>\n\n\n\n<p><strong>Ostateczny wyb\u00f3r powinien \u0142\u0105czy\u0107 funkcjonalno\u015b\u0107 z osobistymi preferencjami<\/strong>. \u0141azienka to przestrze\u0144, w kt\u00f3rej zaczynasz i ko\u0144czysz ka\u017cdy dzie\u0144 \u2013 warto wi\u0119c zadba\u0107, by by\u0142a nie tylko praktyczna, ale te\u017c przyjemna w codziennym u\u017cytkowaniu. <strong>Komfort i funkcjonalno\u015b\u0107 mog\u0105 i\u015b\u0107 w parze \u2013 wystarczy dobrze przemy\u015ble\u0107, czego naprawd\u0119 potrzebujesz<\/strong>.<\/p>\n\n\n\n<h3 class=\"wp-block-heading\">Zalety i wady obu rozwi\u0105za\u0144<\/h3>\n\n\n\n<p>Wanna i prysznic oferuj\u0105 r\u00f3\u017cne korzy\u015bci, kt\u00f3re warto rozwa\u017cy\u0107 w kontek\u015bcie w\u0142asnych potrzeb. <strong>Wanna<\/strong> to idealne rozwi\u0105zanie dla os\u00f3b ceni\u0105cych <strong>relaks, d\u0142ugie k\u0105piele i domowe SPA<\/strong>. Z kolei <strong>prysznic<\/strong> to wyb\u00f3r dla tych, kt\u00f3rzy \u017cyj\u0105 dynamicznie i chc\u0105 <strong>zaoszcz\u0119dzi\u0107 czas oraz wod\u0119<\/strong>.<\/p>\n\n\n\n<figure class=\"wp-block-table\"><table class=\"has-fixed-layout\"><tbody><tr><th>Cecha<\/th><th>Wanna<\/th><th>Prysznic<\/th><\/tr><tr><td>Komfort<\/td><td><strong>Wysoki \u2013 idealna do relaksu<\/strong><\/td><td>\u015aredni \u2013 szybka forma od\u015bwie\u017cenia<\/td><\/tr><tr><td>Zu\u017cycie wody<\/td><td>Wi\u0119ksze<\/td><td><strong>Mniejsze \u2013 bardziej ekonomiczne<\/strong><\/td><\/tr><tr><td>Oszcz\u0119dno\u015b\u0107 miejsca<\/td><td>Wymaga wi\u0119cej przestrzeni<\/td><td><strong>Kompaktowe rozwi\u0105zanie<\/strong><\/td><\/tr><tr><td>Koszty instalacji<\/td><td>Wy\u017csze<\/td><td><strong>Ni\u017csze<\/strong><\/td><\/tr><\/tbody><\/table><\/figure>\n\n\n\n<p><strong>W skr\u00f3cie \u2013 wszystko sprowadza si\u0119 do Twoich priorytet\u00f3w:<\/strong><\/p>\n\n\n\n<ul class=\"wp-block-list\">\n<li><strong>Wygoda i relaks<\/strong> \u2013 wybierz wann\u0119, je\u015bli cenisz d\u0142ugie k\u0105piele i odpr\u0119\u017cenie.<\/li>\n\n\n\n<li><strong>Funkcjonalno\u015b\u0107 i oszcz\u0119dno\u015b\u0107<\/strong> \u2013 postaw na prysznic, je\u015bli liczy si\u0119 dla Ciebie czas i ekonomia.<\/li>\n<\/ul>\n\n\n\n<h3 class=\"wp-block-heading\">Kiedy warto postawi\u0107 na jedno, a kiedy na po\u0142\u0105czenie?<\/h3>\n\n\n\n<p>W przypadku <strong>niewielkich \u0142azienek<\/strong>, gdzie ka\u017cdy centymetr ma znaczenie, <strong>prysznic cz\u0119sto okazuje si\u0119 najlepszym wyborem<\/strong>. Zajmuje mniej miejsca, a nowoczesne kabiny mog\u0105 by\u0107 zar\u00f3wno funkcjonalne, jak i estetyczne. To szczeg\u00f3lnie dobre rozwi\u0105zanie w mieszkaniach w blokach, gdzie przestrze\u0144 jest ograniczona.<\/p>\n\n\n\n<p>Je\u015bli jednak nie chcesz rezygnowa\u0107 z komfortu k\u0105pieli, warto rozwa\u017cy\u0107 <strong>wann\u0119 z funkcj\u0105 prysznica<\/strong>. To praktyczne i sprytne rozwi\u0105zanie, kt\u00f3re pozwala <strong>\u0142\u0105czy\u0107 zalety obu opcji \u2013 szybki prysznic i relaksuj\u0105c\u0105 k\u0105piel<\/strong> \u2013 bez konieczno\u015bci wyboru jednego kosztem drugiego.<\/p>\n\n\n\n<p><strong>Kluczem do sukcesu jest dobre zaplanowanie przestrzeni i dopasowanie wyposa\u017cenia do codziennych potrzeb<\/strong>. Dzi\u0119ki temu \u0142azienka stanie si\u0119 miejscem, kt\u00f3re \u0142\u0105czy <strong>wygod\u0119, funkcjonalno\u015b\u0107 i przyjemno\u015b\u0107 u\u017cytkowania<\/strong> \u2013 ka\u017cdego dnia, od porannego po\u015bpiechu po wieczorny relaks.<\/p>\n\n\n\n<p><strong>\u0179r\u00f3d\u0142a:<\/strong><\/p>\n\n\n<ol class=\"wp-block-footnotes\"><li id=\"5e88884d-1c6c-4053-a09a-0849e2e4e5d0\"><a href=\"https:\/\/swresearch.pl\/raporty\/wanna-czy-prysznic-proces-aranzacji-lazienki-raport\">https:\/\/swresearch.pl\/raporty\/wanna-czy-prysznic-proces-aranzacji-lazienki-raport<\/a> <a href=\"#5e88884d-1c6c-4053-a09a-0849e2e4e5d0-link\" aria-label=\"Przejd\u017a do przypisu 1\">\u21a9\ufe0e<\/a><\/li><\/ol>\n\n\n<p><\/p>\n","protected":false},"excerpt":{"rendered":"<p>Wanna czy prysznic? To pytanie, kt\u00f3re cz\u0119sto sprowadza si\u0119 do jednego \u2013 jak wygl\u0105da Tw\u00f3j dzie\u0144.<\/p>\n","protected":false},"author":3,"featured_media":981,"comment_status":"closed","ping_status":"closed","sticky":false,"template":"","format":"standard","meta":{"footnotes":"[{\"content\":\"<a href=\\\"https:\/\/swresearch.pl\/raporty\/wanna-czy-prysznic-proces-aranzacji-lazienki-raport\\\">https:\/\/swresearch.pl\/raporty\/wanna-czy-prysznic-proces-aranzacji-lazienki-raport<\/a>\",\"id\":\"5e88884d-1c6c-4053-a09a-0849e2e4e5d0\"}]"},"categories":[11],"tags":[],"class_list":["post-978","post","type-post","status-publish","format-standard","has-post-thumbnail","hentry","category-lazienka"],"acf":[],"yoast_head":"<!-- This site is optimized with the Yoast SEO plugin v27.5 - https:\/\/yoast.com\/product\/yoast-seo-wordpress\/ -->\n<title>Wanna czy prysznic? Co wybra\u0107 do \u0142azienki? - Proplo<\/title>\n<meta name=\"description\" content=\"Wanna czy prysznic? Wyb\u00f3r mi\u0119dzy wann\u0105 a prysznicem to nie tylko kwestia komfortu, ale r\u00f3wnie\u017c realny wp\u0142yw na domowy bud\u017cet.\" \/>\n<meta name=\"robots\" content=\"index, follow, max-snippet:-1, max-image-preview:large, max-video-preview:-1\" \/>\n<link rel=\"canonical\" href=\"https:\/\/proplo.pl\/blog\/wanna-czy-prysznic\/\" \/>\n<meta property=\"og:locale\" content=\"pl_PL\" \/>\n<meta property=\"og:type\" content=\"article\" \/>\n<meta property=\"og:title\" content=\"Wanna czy prysznic? Co wybra\u0107 do \u0142azienki? - Proplo\" \/>\n<meta property=\"og:description\" content=\"Wanna czy prysznic? Wyb\u00f3r mi\u0119dzy wann\u0105 a prysznicem to nie tylko kwestia komfortu, ale r\u00f3wnie\u017c realny wp\u0142yw na domowy bud\u017cet.\" \/>\n<meta property=\"og:url\" content=\"https:\/\/proplo.pl\/blog\/wanna-czy-prysznic\/\" \/>\n<meta property=\"og:site_name\" content=\"Poradnik wn\u0119trzarski - Proplo\" \/>\n<meta property=\"article:published_time\" content=\"2025-07-20T19:38:20+00:00\" \/>\n<meta property=\"article:modified_time\" content=\"2025-07-20T20:46:26+00:00\" \/>\n<meta property=\"og:image\" content=\"https:\/\/proplo.pl\/blog\/wp-content\/uploads\/2025\/07\/wanna-czy-prysznic.png\" \/>\n\t<meta property=\"og:image:width\" content=\"1200\" \/>\n\t<meta property=\"og:image:height\" content=\"800\" \/>\n\t<meta property=\"og:image:type\" content=\"image\/png\" \/>\n<meta name=\"author\" content=\"Proplo\" \/>\n<meta name=\"twitter:card\" content=\"summary_large_image\" \/>\n<meta name=\"twitter:label1\" content=\"Napisane przez\" \/>\n\t<meta name=\"twitter:data1\" content=\"Proplo\" \/>\n\t<meta name=\"twitter:label2\" content=\"Szacowany czas czytania\" \/>\n\t<meta name=\"twitter:data2\" content=\"21 minut\" \/>\n<script type=\"application\/ld+json\" class=\"yoast-schema-graph\">{\"@context\":\"https:\\\/\\\/schema.org\",\"@graph\":[{\"@type\":\"Article\",\"@id\":\"https:\\\/\\\/proplo.pl\\\/blog\\\/wanna-czy-prysznic\\\/#article\",\"isPartOf\":{\"@id\":\"https:\\\/\\\/proplo.pl\\\/blog\\\/wanna-czy-prysznic\\\/\"},\"author\":{\"name\":\"Proplo\",\"@id\":\"https:\\\/\\\/proplo.pl\\\/blog\\\/#\\\/schema\\\/person\\\/c13af99097d24e9fc2b86b838c0fd0e1\"},\"headline\":\"Wanna czy prysznic? Co wybra\u0107 do \u0142azienki?\",\"datePublished\":\"2025-07-20T19:38:20+00:00\",\"dateModified\":\"2025-07-20T20:46:26+00:00\",\"mainEntityOfPage\":{\"@id\":\"https:\\\/\\\/proplo.pl\\\/blog\\\/wanna-czy-prysznic\\\/\"},\"wordCount\":3991,\"image\":{\"@id\":\"https:\\\/\\\/proplo.pl\\\/blog\\\/wanna-czy-prysznic\\\/#primaryimage\"},\"thumbnailUrl\":\"https:\\\/\\\/proplo.pl\\\/blog\\\/wp-content\\\/uploads\\\/2025\\\/07\\\/wanna-czy-prysznic.png\",\"articleSection\":[\"\u0141azienka\"],\"inLanguage\":\"pl-PL\"},{\"@type\":\"WebPage\",\"@id\":\"https:\\\/\\\/proplo.pl\\\/blog\\\/wanna-czy-prysznic\\\/\",\"url\":\"https:\\\/\\\/proplo.pl\\\/blog\\\/wanna-czy-prysznic\\\/\",\"name\":\"Wanna czy prysznic? Co wybra\u0107 do \u0142azienki? - Proplo\",\"isPartOf\":{\"@id\":\"https:\\\/\\\/proplo.pl\\\/blog\\\/#website\"},\"primaryImageOfPage\":{\"@id\":\"https:\\\/\\\/proplo.pl\\\/blog\\\/wanna-czy-prysznic\\\/#primaryimage\"},\"image\":{\"@id\":\"https:\\\/\\\/proplo.pl\\\/blog\\\/wanna-czy-prysznic\\\/#primaryimage\"},\"thumbnailUrl\":\"https:\\\/\\\/proplo.pl\\\/blog\\\/wp-content\\\/uploads\\\/2025\\\/07\\\/wanna-czy-prysznic.png\",\"datePublished\":\"2025-07-20T19:38:20+00:00\",\"dateModified\":\"2025-07-20T20:46:26+00:00\",\"author\":{\"@id\":\"https:\\\/\\\/proplo.pl\\\/blog\\\/#\\\/schema\\\/person\\\/c13af99097d24e9fc2b86b838c0fd0e1\"},\"description\":\"Wanna czy prysznic? Wyb\u00f3r mi\u0119dzy wann\u0105 a prysznicem to nie tylko kwestia komfortu, ale r\u00f3wnie\u017c realny wp\u0142yw na domowy bud\u017cet.\",\"breadcrumb\":{\"@id\":\"https:\\\/\\\/proplo.pl\\\/blog\\\/wanna-czy-prysznic\\\/#breadcrumb\"},\"inLanguage\":\"pl-PL\",\"potentialAction\":[{\"@type\":\"ReadAction\",\"target\":[\"https:\\\/\\\/proplo.pl\\\/blog\\\/wanna-czy-prysznic\\\/\"]}]},{\"@type\":\"ImageObject\",\"inLanguage\":\"pl-PL\",\"@id\":\"https:\\\/\\\/proplo.pl\\\/blog\\\/wanna-czy-prysznic\\\/#primaryimage\",\"url\":\"https:\\\/\\\/proplo.pl\\\/blog\\\/wp-content\\\/uploads\\\/2025\\\/07\\\/wanna-czy-prysznic.png\",\"contentUrl\":\"https:\\\/\\\/proplo.pl\\\/blog\\\/wp-content\\\/uploads\\\/2025\\\/07\\\/wanna-czy-prysznic.png\",\"width\":1200,\"height\":800,\"caption\":\"Nowoczesna \u0142azienka z prysznicem, umywalk\u0105 i minimalistycznymi akcentami.\"},{\"@type\":\"BreadcrumbList\",\"@id\":\"https:\\\/\\\/proplo.pl\\\/blog\\\/wanna-czy-prysznic\\\/#breadcrumb\",\"itemListElement\":[{\"@type\":\"ListItem\",\"position\":1,\"name\":\"Proplo\",\"item\":\"https:\\\/\\\/proplo.pl\"},{\"@type\":\"ListItem\",\"position\":2,\"name\":\"Poradnik wn\u0119trzarski\",\"item\":\"https:\\\/\\\/proplo.pl\\\/blog\\\/\"},{\"@type\":\"ListItem\",\"position\":3,\"name\":\"Wanna czy prysznic? Co wybra\u0107 do \u0142azienki?\"}]},{\"@type\":\"WebSite\",\"@id\":\"https:\\\/\\\/proplo.pl\\\/blog\\\/#website\",\"url\":\"https:\\\/\\\/proplo.pl\\\/blog\\\/\",\"name\":\"Blog Proplo\",\"description\":\"\",\"potentialAction\":[{\"@type\":\"SearchAction\",\"target\":{\"@type\":\"EntryPoint\",\"urlTemplate\":\"https:\\\/\\\/proplo.pl\\\/blog\\\/?s={search_term_string}\"},\"query-input\":{\"@type\":\"PropertyValueSpecification\",\"valueRequired\":true,\"valueName\":\"search_term_string\"}}],\"inLanguage\":\"pl-PL\"},{\"@type\":\"Person\",\"@id\":\"https:\\\/\\\/proplo.pl\\\/blog\\\/#\\\/schema\\\/person\\\/c13af99097d24e9fc2b86b838c0fd0e1\",\"name\":\"Proplo\",\"image\":{\"@type\":\"ImageObject\",\"inLanguage\":\"pl-PL\",\"@id\":\"https:\\\/\\\/secure.gravatar.com\\\/avatar\\\/176f908138148facd74b7d78fc677b53b24a54b63aacd8fc4e81a4da926e5f28?s=96&d=mm&r=g\",\"url\":\"https:\\\/\\\/secure.gravatar.com\\\/avatar\\\/176f908138148facd74b7d78fc677b53b24a54b63aacd8fc4e81a4da926e5f28?s=96&d=mm&r=g\",\"contentUrl\":\"https:\\\/\\\/secure.gravatar.com\\\/avatar\\\/176f908138148facd74b7d78fc677b53b24a54b63aacd8fc4e81a4da926e5f28?s=96&d=mm&r=g\",\"caption\":\"Proplo\"},\"url\":\"https:\\\/\\\/proplo.pl\\\/blog\\\/author\\\/r-marciniak\\\/\"}]}<\/script>\n<!-- \/ Yoast SEO plugin. -->","yoast_head_json":{"title":"Wanna czy prysznic? Co wybra\u0107 do \u0142azienki? - Proplo","description":"Wanna czy prysznic? Wyb\u00f3r mi\u0119dzy wann\u0105 a prysznicem to nie tylko kwestia komfortu, ale r\u00f3wnie\u017c realny wp\u0142yw na domowy bud\u017cet.","robots":{"index":"index","follow":"follow","max-snippet":"max-snippet:-1","max-image-preview":"max-image-preview:large","max-video-preview":"max-video-preview:-1"},"canonical":"https:\/\/proplo.pl\/blog\/wanna-czy-prysznic\/","og_locale":"pl_PL","og_type":"article","og_title":"Wanna czy prysznic? Co wybra\u0107 do \u0142azienki? - Proplo","og_description":"Wanna czy prysznic? Wyb\u00f3r mi\u0119dzy wann\u0105 a prysznicem to nie tylko kwestia komfortu, ale r\u00f3wnie\u017c realny wp\u0142yw na domowy bud\u017cet.","og_url":"https:\/\/proplo.pl\/blog\/wanna-czy-prysznic\/","og_site_name":"Poradnik wn\u0119trzarski - Proplo","article_published_time":"2025-07-20T19:38:20+00:00","article_modified_time":"2025-07-20T20:46:26+00:00","og_image":[{"width":1200,"height":800,"url":"https:\/\/proplo.pl\/blog\/wp-content\/uploads\/2025\/07\/wanna-czy-prysznic.png","type":"image\/png"}],"author":"Proplo","twitter_card":"summary_large_image","twitter_misc":{"Napisane przez":"Proplo","Szacowany czas czytania":"21 minut"},"schema":{"@context":"https:\/\/schema.org","@graph":[{"@type":"Article","@id":"https:\/\/proplo.pl\/blog\/wanna-czy-prysznic\/#article","isPartOf":{"@id":"https:\/\/proplo.pl\/blog\/wanna-czy-prysznic\/"},"author":{"name":"Proplo","@id":"https:\/\/proplo.pl\/blog\/#\/schema\/person\/c13af99097d24e9fc2b86b838c0fd0e1"},"headline":"Wanna czy prysznic? Co wybra\u0107 do \u0142azienki?","datePublished":"2025-07-20T19:38:20+00:00","dateModified":"2025-07-20T20:46:26+00:00","mainEntityOfPage":{"@id":"https:\/\/proplo.pl\/blog\/wanna-czy-prysznic\/"},"wordCount":3991,"image":{"@id":"https:\/\/proplo.pl\/blog\/wanna-czy-prysznic\/#primaryimage"},"thumbnailUrl":"https:\/\/proplo.pl\/blog\/wp-content\/uploads\/2025\/07\/wanna-czy-prysznic.png","articleSection":["\u0141azienka"],"inLanguage":"pl-PL"},{"@type":"WebPage","@id":"https:\/\/proplo.pl\/blog\/wanna-czy-prysznic\/","url":"https:\/\/proplo.pl\/blog\/wanna-czy-prysznic\/","name":"Wanna czy prysznic? Co wybra\u0107 do \u0142azienki? - Proplo","isPartOf":{"@id":"https:\/\/proplo.pl\/blog\/#website"},"primaryImageOfPage":{"@id":"https:\/\/proplo.pl\/blog\/wanna-czy-prysznic\/#primaryimage"},"image":{"@id":"https:\/\/proplo.pl\/blog\/wanna-czy-prysznic\/#primaryimage"},"thumbnailUrl":"https:\/\/proplo.pl\/blog\/wp-content\/uploads\/2025\/07\/wanna-czy-prysznic.png","datePublished":"2025-07-20T19:38:20+00:00","dateModified":"2025-07-20T20:46:26+00:00","author":{"@id":"https:\/\/proplo.pl\/blog\/#\/schema\/person\/c13af99097d24e9fc2b86b838c0fd0e1"},"description":"Wanna czy prysznic? Wyb\u00f3r mi\u0119dzy wann\u0105 a prysznicem to nie tylko kwestia komfortu, ale r\u00f3wnie\u017c realny wp\u0142yw na domowy bud\u017cet.","breadcrumb":{"@id":"https:\/\/proplo.pl\/blog\/wanna-czy-prysznic\/#breadcrumb"},"inLanguage":"pl-PL","potentialAction":[{"@type":"ReadAction","target":["https:\/\/proplo.pl\/blog\/wanna-czy-prysznic\/"]}]},{"@type":"ImageObject","inLanguage":"pl-PL","@id":"https:\/\/proplo.pl\/blog\/wanna-czy-prysznic\/#primaryimage","url":"https:\/\/proplo.pl\/blog\/wp-content\/uploads\/2025\/07\/wanna-czy-prysznic.png","contentUrl":"https:\/\/proplo.pl\/blog\/wp-content\/uploads\/2025\/07\/wanna-czy-prysznic.png","width":1200,"height":800,"caption":"Nowoczesna \u0142azienka z prysznicem, umywalk\u0105 i minimalistycznymi akcentami."},{"@type":"BreadcrumbList","@id":"https:\/\/proplo.pl\/blog\/wanna-czy-prysznic\/#breadcrumb","itemListElement":[{"@type":"ListItem","position":1,"name":"Proplo","item":"https:\/\/proplo.pl"},{"@type":"ListItem","position":2,"name":"Poradnik wn\u0119trzarski","item":"https:\/\/proplo.pl\/blog\/"},{"@type":"ListItem","position":3,"name":"Wanna czy prysznic? Co wybra\u0107 do \u0142azienki?"}]},{"@type":"WebSite","@id":"https:\/\/proplo.pl\/blog\/#website","url":"https:\/\/proplo.pl\/blog\/","name":"Blog Proplo","description":"","potentialAction":[{"@type":"SearchAction","target":{"@type":"EntryPoint","urlTemplate":"https:\/\/proplo.pl\/blog\/?s={search_term_string}"},"query-input":{"@type":"PropertyValueSpecification","valueRequired":true,"valueName":"search_term_string"}}],"inLanguage":"pl-PL"},{"@type":"Person","@id":"https:\/\/proplo.pl\/blog\/#\/schema\/person\/c13af99097d24e9fc2b86b838c0fd0e1","name":"Proplo","image":{"@type":"ImageObject","inLanguage":"pl-PL","@id":"https:\/\/secure.gravatar.com\/avatar\/176f908138148facd74b7d78fc677b53b24a54b63aacd8fc4e81a4da926e5f28?s=96&d=mm&r=g","url":"https:\/\/secure.gravatar.com\/avatar\/176f908138148facd74b7d78fc677b53b24a54b63aacd8fc4e81a4da926e5f28?s=96&d=mm&r=g","contentUrl":"https:\/\/secure.gravatar.com\/avatar\/176f908138148facd74b7d78fc677b53b24a54b63aacd8fc4e81a4da926e5f28?s=96&d=mm&r=g","caption":"Proplo"},"url":"https:\/\/proplo.pl\/blog\/author\/r-marciniak\/"}]}},"_links":{"self":[{"href":"https:\/\/proplo.pl\/blog\/wp-json\/wp\/v2\/posts\/978","targetHints":{"allow":["GET"]}}],"collection":[{"href":"https:\/\/proplo.pl\/blog\/wp-json\/wp\/v2\/posts"}],"about":[{"href":"https:\/\/proplo.pl\/blog\/wp-json\/wp\/v2\/types\/post"}],"author":[{"embeddable":true,"href":"https:\/\/proplo.pl\/blog\/wp-json\/wp\/v2\/users\/3"}],"replies":[{"embeddable":true,"href":"https:\/\/proplo.pl\/blog\/wp-json\/wp\/v2\/comments?post=978"}],"version-history":[{"count":4,"href":"https:\/\/proplo.pl\/blog\/wp-json\/wp\/v2\/posts\/978\/revisions"}],"predecessor-version":[{"id":989,"href":"https:\/\/proplo.pl\/blog\/wp-json\/wp\/v2\/posts\/978\/revisions\/989"}],"wp:featuredmedia":[{"embeddable":true,"href":"https:\/\/proplo.pl\/blog\/wp-json\/wp\/v2\/media\/981"}],"wp:attachment":[{"href":"https:\/\/proplo.pl\/blog\/wp-json\/wp\/v2\/media?parent=978"}],"wp:term":[{"taxonomy":"category","embeddable":true,"href":"https:\/\/proplo.pl\/blog\/wp-json\/wp\/v2\/categories?post=978"},{"taxonomy":"post_tag","embeddable":true,"href":"https:\/\/proplo.pl\/blog\/wp-json\/wp\/v2\/tags?post=978"}],"curies":[{"name":"wp","href":"https:\/\/api.w.org\/{rel}","templated":true}]}}