{"id":828,"date":"2025-06-02T19:11:46","date_gmt":"2025-06-02T18:11:46","guid":{"rendered":"https:\/\/proplo.pl\/blog\/?p=828"},"modified":"2025-06-02T19:18:08","modified_gmt":"2025-06-02T18:18:08","slug":"biel-we-wnetrzach","status":"publish","type":"post","link":"https:\/\/proplo.pl\/blog\/biel-we-wnetrzach\/","title":{"rendered":"Biel we wn\u0119trzach &#8211; zastosowanie, style i po\u0142\u0105czenia kolorystyczne"},"content":{"rendered":"<div class=\"you-find-content\">\r\n    <div class=\"container-xl container-wrapper\">\r\n        <div class=\"row design\">\r\n            <div class=\"col-md-12 wrapper \">\r\n                <div class=\"title\"><p>Z tego artyku\u0142u dowiesz si\u0119:<\/p>\n<\/div>\r\n                <div class=\"grid-wrapper\">\r\n                                                        <div class=\"block-list\">\r\n                        <div class=\"number\">\r\n                            1                        <\/div>\r\n                        <div class=\"text\">\r\n                            <p>Dlaczego biel to wci\u0105\u017c najch\u0119tniej wybierany kolor we wn\u0119trzach?<\/p>\n<p>&nbsp;<\/p>\n                        <\/div>\r\n                    <\/div>\r\n                                        <div class=\"block-list\">\r\n                        <div class=\"number\">\r\n                            2                        <\/div>\r\n                        <div class=\"text\">\r\n                            <p>Jak dopasowa\u0107 odcie\u0144 bieli do stylu aran\u017cacji i o\u015bwietlenia?<\/p>\n<p>&nbsp;<\/p>\n                        <\/div>\r\n                    <\/div>\r\n                                        <div class=\"block-list\">\r\n                        <div class=\"number\">\r\n                            3                        <\/div>\r\n                        <div class=\"text\">\r\n                            <p>Z czym \u0142\u0105czy\u0107 biel, by stworzy\u0107 wn\u0119trze przytulne, nowoczesne lub wyraziste?<\/p>\n<p>&nbsp;<\/p>\n                        <\/div>\r\n                    <\/div>\r\n                                        <div class=\"block-list\">\r\n                        <div class=\"number\">\r\n                            4                        <\/div>\r\n                        <div class=\"text\">\r\n                            <p>Jakie funkcje pe\u0142ni biel w r\u00f3\u017cnych pomieszczeniach \u2013 od salonu po \u0142azienk\u0119?<\/p>\n<p>&nbsp;<\/p>\n                        <\/div>\r\n                    <\/div>\r\n                                                    <\/div>\r\n            <\/div>\r\n        <\/div>\r\n    <\/div>\r\n<\/div>\n\n\n<p>Biel od lat niezmiennie kr\u00f3luje w aran\u017cacjach wn\u0119trz \u2013 i nic nie wskazuje na to, by mia\u0142a ust\u0105pi\u0107 miejsca innym barwom. Dlaczego? Poniewa\u017c to kolor o niezwyk\u0142ej wszechstronno\u015bci. Pasuje zar\u00f3wno do nowoczesnych loft\u00f3w, jak i do przytulnych, klasycznych mieszka\u0144. Roz\u015bwietla przestrze\u0144, optycznie j\u0105 powi\u0119ksza i wprowadza atmosfer\u0119 \u015bwie\u017co\u015bci, \u0142adu oraz spokoju.<\/p>\n\n\n\n<p>Co ciekawe, biel potrafi przybiera\u0107 r\u00f3\u017cne oblicza \u2013 raz surowa i minimalistyczna, innym razem ciep\u0142a i przyjazna. Wszystko zale\u017cy od tego, z czym j\u0105 zestawimy. To w\u0142a\u015bnie ta elastyczno\u015b\u0107 sprawia, \u017ce biel jest tak ch\u0119tnie wybierana przez projektant\u00f3w i mi\u0142o\u015bnik\u00f3w pi\u0119knych wn\u0119trz.<\/p>\n\n\n\n<p>Ogromn\u0105 zalet\u0105 bieli jest jej zdolno\u015b\u0107 do harmonijnego \u0142\u0105czenia si\u0119 z niemal ka\u017cdym kolorem i materia\u0142em. W zale\u017cno\u015bci od stylu wn\u0119trza, mo\u017ce pe\u0142ni\u0107 r\u00f3\u017cne funkcje i budowa\u0107 zupe\u0142nie odmienne nastroje:<\/p>\n\n\n\n<ul class=\"wp-block-list\">\n<li><strong>Styl skandynawski<\/strong> \u2013 biel \u0142\u0105czy si\u0119 z jasnym drewnem i naturalnymi tkaninami, tworz\u0105c przestrzenie pe\u0142ne \u015bwiat\u0142a i domowego ciep\u0142a.<\/li>\n\n\n\n<li><strong>Styl glamour<\/strong> \u2013 stanowi eleganckie t\u0142o dla z\u0142otych akcent\u00f3w, kryszta\u0142owych lamp i lustrzanych powierzchni, podkre\u015blaj\u0105c ich luksus bez przyt\u0142aczania.<\/li>\n\n\n\n<li><strong>Styl boho<\/strong> \u2013 wsp\u00f3\u0142gra z rattanem, lnem i zieleni\u0105 ro\u015blin, tworz\u0105c swobodn\u0105, artystyczn\u0105 atmosfer\u0119.<\/li>\n<\/ul>\n\n\n\n<p><strong>Biel cz\u0119sto pe\u0142ni rol\u0119 neutralnego t\u0142a<\/strong>, kt\u00f3re pozwala innym elementom wystroju wybrzmie\u0107 \u2013 dos\u0142ownie i w przeno\u015bni. Dzi\u0119ki swojej subtelno\u015bci nie konkuruje z dodatkami, lecz je uwydatnia. To idealne rozwi\u0105zanie dla os\u00f3b, kt\u00f3re:<\/p>\n\n\n\n<ul class=\"wp-block-list\">\n<li>lubi\u0105 zmienia\u0107 dekoracje w zale\u017cno\u015bci od sezonu,<\/li>\n\n\n\n<li>ceni\u0105 sobie swobod\u0119 w eksperymentowaniu z kolorami,<\/li>\n\n\n\n<li>szukaj\u0105 uniwersalnej bazy do aran\u017cacji wn\u0119trz.<\/li>\n<\/ul>\n\n\n\n<p><strong>Biel nie narzuca si\u0119, ale zawsze robi swoje<\/strong>. Mo\u017cna \u015bmia\u0142o powiedzie\u0107, \u017ce to nie tylko barwa \u2013 to narz\u0119dzie do tworzenia wn\u0119trz z dusz\u0105.<\/p>\n\n\n\n<p>A Ty? <strong>Jak\u0105 biel wybierzesz \u2013 ch\u0142odn\u0105 i nowoczesn\u0105, czy ciep\u0142\u0105 i klasyczn\u0105?<\/strong> Zestawisz j\u0105 z pastelami, czy mo\u017ce postawisz na mocny kontrast z czerni\u0105? Jedno jest pewne: <strong>biel ma moc transformacji przestrzeni<\/strong>. Warto wi\u0119c spojrze\u0107 na ni\u0105 nie tylko jak na kolor, ale jak na solidn\u0105 baz\u0119 dla stylowego, sp\u00f3jnego wn\u0119trza.<\/p>\n\n\n\n<figure class=\"wp-block-image size-full\"><a href=\"https:\/\/proplo.pl\/profile\/xs-studio\/projekt\/mieszkanie-w-krakowie-1122\"><img loading=\"lazy\" decoding=\"async\" width=\"1200\" height=\"800\" src=\"https:\/\/proplo.pl\/blog\/wp-content\/uploads\/2025\/06\/biel-we-wnetrzu.png\" alt=\"Wn\u0119trze w stylu boho i japandi z jasnymi meblami, okr\u0105g\u0142ym lustrem oraz drewnianymi akcentami.\" class=\"wp-image-834\" srcset=\"https:\/\/proplo.pl\/blog\/wp-content\/uploads\/2025\/06\/biel-we-wnetrzu.png 1200w, https:\/\/proplo.pl\/blog\/wp-content\/uploads\/2025\/06\/biel-we-wnetrzu-300x200.png 300w, https:\/\/proplo.pl\/blog\/wp-content\/uploads\/2025\/06\/biel-we-wnetrzu-768x512.png 768w, https:\/\/proplo.pl\/blog\/wp-content\/uploads\/2025\/06\/biel-we-wnetrzu-1024x683.png 1024w, https:\/\/proplo.pl\/blog\/wp-content\/uploads\/2025\/06\/biel-we-wnetrzu-480x320.png 480w\" sizes=\"auto, (max-width: 1200px) 100vw, 1200px\" \/><\/a><figcaption class=\"wp-element-caption\">Projekt: <a href=\"https:\/\/proplo.pl\/profile\/xs-studio\">xs studio<\/a><\/figcaption><\/figure>\n\n\n\n<h2 class=\"wp-block-heading\">Rola bieli w aran\u017cacji wn\u0119trz<\/h2>\n\n\n\n<p><strong>Biel<\/strong> to znacznie wi\u0119cej ni\u017c tylko kolor \u2013 to <strong>uniwersalne narz\u0119dzie aran\u017cacyjne<\/strong>, kt\u00f3re potrafi ca\u0142kowicie odmieni\u0107 charakter wn\u0119trza. Dzi\u0119ki swojej wszechstronno\u015bci doskonale sprawdza si\u0119 w r\u00f3\u017cnych stylach \u2013 od klasycznych po nowoczesne. Co wi\u0119cej, <strong>jasne barwy optycznie powi\u0119kszaj\u0105 przestrze\u0144<\/strong> i wprowadzaj\u0105 do niej wi\u0119cej \u015bwiat\u0142a, dlatego s\u0105 szczeg\u00f3lnie cenione w mniejszych mieszkaniach, gdzie ka\u017cdy centymetr ma znaczenie.<\/p>\n\n\n\n<p>Jedn\u0105 z najwi\u0119kszych zalet <strong>bia\u0142ych wn\u0119trz<\/strong> jest ich niezwyk\u0142a elastyczno\u015b\u0107. Dzia\u0142aj\u0105 jak czyste p\u0142\u00f3tno \u2013 gotowe na ka\u017cd\u0105 aran\u017cacyjn\u0105 wizj\u0119. Mo\u017cna je \u0142\u0105czy\u0107 z intensywnymi kolorami, naturalnymi materia\u0142ami czy r\u00f3\u017cnorodnymi fakturami. Efekt ko\u0144cowy zale\u017cy wy\u0142\u0105cznie od Twojej wyobra\u017ani:<\/p>\n\n\n\n<ul class=\"wp-block-list\">\n<li><strong>Surowo\u015b\u0107 i minimalizm<\/strong> \u2013 biel w po\u0142\u0105czeniu z prostymi formami i oszcz\u0119dn\u0105 dekoracj\u0105.<\/li>\n\n\n\n<li><strong>Ciep\u0142o i przytulno\u015b\u0107<\/strong> \u2013 zestawienie bieli z mi\u0119kkimi tkaninami i naturalnym drewnem.<\/li>\n\n\n\n<li><strong>Wyrazisto\u015b\u0107 i kontrast<\/strong> \u2013 biel jako t\u0142o dla mocnych akcent\u00f3w kolorystycznych.<\/li>\n\n\n\n<li><strong>Elegancja i harmonia<\/strong> \u2013 sp\u00f3jna paleta bieli i be\u017c\u00f3w tworz\u0105ca spokojne, wyrafinowane wn\u0119trze.<\/li>\n<\/ul>\n\n\n\n<p>Warto pami\u0119ta\u0107, \u017ce biel to nie jeden odcie\u0144, lecz ca\u0142a paleta ton\u00f3w \u2013 od ch\u0142odnych, niemal lodowych, po ciep\u0142e, kremowe wariacje. Ta subtelna gra barw pozwala budowa\u0107 g\u0142\u0119bi\u0119 i z\u0142o\u017cono\u015b\u0107 aran\u017cacji. Po\u0142\u0105czenie bia\u0142ych \u015bcian z meblami w podobnej tonacji daje efekt lekko\u015bci i elegancji, a kontrastuj\u0105ce dodatki dodaj\u0105 wn\u0119trzu charakteru.<\/p>\n\n\n\n<p>Biel doskonale odnajduje si\u0119 w niemal ka\u017cdym stylu wn\u0119trzarskim. Oto kilka przyk\u0142ad\u00f3w, jak r\u00f3\u017cne nurty wykorzystuj\u0105 jej potencja\u0142:<\/p>\n\n\n\n<figure class=\"wp-block-table\"><table class=\"has-fixed-layout\"><tbody><tr><th>Styl<\/th><th>Zastosowanie bieli<\/th><\/tr><tr><td><strong>Skandynawski<\/strong><\/td><td>\u0141\u0105czy biel z jasnym drewnem, tworz\u0105c przestrze\u0144 pe\u0142n\u0105 \u015bwiat\u0142a i naturalnego ciep\u0142a.<\/td><\/tr><tr><td><strong>Boho<\/strong><\/td><td>Wsp\u00f3\u0142gra z rattanem, lnem i jut\u0105, buduj\u0105c atmosfer\u0119 swobody i luzu.<\/td><\/tr><tr><td><strong>Prowansalski \/ Shabby chic<\/strong><\/td><td>Wykorzystuje biel w postarzanych meblach i dodatkach, nadaj\u0105c wn\u0119trzu romantyczny charakter.<\/td><\/tr><tr><td><strong>Japandi<\/strong><\/td><td>\u0141\u0105czy biel z naturalnymi materia\u0142ami i prostot\u0105 form, tworz\u0105c spokojne, harmonijne przestrzenie.<\/td><\/tr><tr><td><strong>Nowoczesny \/ Minimalistyczny<\/strong><\/td><td>Stawia na czysto\u015b\u0107 formy i neutralno\u015b\u0107, gdzie biel podkre\u015bla geometri\u0119 i funkcjonalno\u015b\u0107.<\/td><\/tr><\/tbody><\/table><\/figure>\n\n\n\n<p>A Ty? Jak widzisz aran\u017cacje w bieli w swoim domu? Czy bli\u017csza jest Ci klasyczna elegancja, czy mo\u017ce nowoczesna prostota? Niezale\u017cnie od preferencji, warto zastanowi\u0107 si\u0119, jak ten kolor mo\u017ce odmieni\u0107 Twoje otoczenie \u2013 dodaj\u0105c mu \u015bwiat\u0142a, spokoju i stylowego wyrazu.<\/p>\n\n\n\n<h3 class=\"wp-block-heading\">Bia\u0142e \u015bciany: klasyka, kt\u00f3ra powi\u0119ksza przestrze\u0144<\/h3>\n\n\n\n<p>Bia\u0142e \u015bciany to ponadczasowy wyb\u00f3r, kt\u00f3ry od lat dominuje w aran\u017cacjach wn\u0119trz. \u0141\u0105cz\u0105 w sobie elegancj\u0119, uniwersalno\u015b\u0107 i funkcjonalno\u015b\u0107. Ich najwi\u0119ksz\u0105 zalet\u0105 jest zdolno\u015b\u0107 do optycznego powi\u0119kszania przestrzeni \u2014 jasna powierzchnia odbija \u015bwiat\u0142o, dzi\u0119ki czemu pomieszczenie staje si\u0119 ja\u015bniejsze, l\u017cejsze i bardziej otwarte.<\/p>\n\n\n\n<p>Biel doskonale komponuje si\u0119 z wieloma stylami wn\u0119trzarskimi, takimi jak:<\/p>\n\n\n\n<ul class=\"wp-block-list\">\n<li><strong>minimalistyczny<\/strong> \u2013 podkre\u015bla prostot\u0119 i czysto\u015b\u0107 formy,<\/li>\n\n\n\n<li><strong>skandynawski<\/strong> \u2013 wprowadza naturalno\u015b\u0107 i \u015bwiat\u0142o,<\/li>\n\n\n\n<li><strong>rustykalny<\/strong> \u2013 dodaje lekko\u015bci i kontrastuje z surowymi materia\u0142ami.<\/li>\n<\/ul>\n\n\n\n<p>Wzbogacenie bia\u0142ych \u015bcian o faktur\u0119, np. <strong>bia\u0142\u0105 ceg\u0142\u0119<\/strong>, nadaje wn\u0119trzu g\u0142\u0119bi i charakteru. Taka neutralna baza dzia\u0142a jak <strong>czyste p\u0142\u00f3tno<\/strong> \u2014 daje nieograniczone mo\u017cliwo\u015bci aran\u017cacyjne. Mo\u017ce w\u0142a\u015bnie biel stanie si\u0119 nowym pocz\u0105tkiem dla Twojego wn\u0119trza?<\/p>\n\n\n\n<figure class=\"wp-block-image size-full\"><a href=\"https:\/\/proplo.pl\/profile\/modra-pracownia-magdalena-szymczak\/projekt\/wnetrze-w-wiejskim-stylu-zielona-kuchnia-i-rustykalne-akcenty-1080\"><img loading=\"lazy\" decoding=\"async\" width=\"1200\" height=\"800\" src=\"https:\/\/proplo.pl\/blog\/wp-content\/uploads\/2025\/06\/biale-wnetrza.png\" alt=\"Wn\u0119trze salonu w stylach boho i vintage z jasnymi meblami i ro\u015blinami.\" class=\"wp-image-835\" srcset=\"https:\/\/proplo.pl\/blog\/wp-content\/uploads\/2025\/06\/biale-wnetrza.png 1200w, https:\/\/proplo.pl\/blog\/wp-content\/uploads\/2025\/06\/biale-wnetrza-300x200.png 300w, https:\/\/proplo.pl\/blog\/wp-content\/uploads\/2025\/06\/biale-wnetrza-768x512.png 768w, https:\/\/proplo.pl\/blog\/wp-content\/uploads\/2025\/06\/biale-wnetrza-1024x683.png 1024w, https:\/\/proplo.pl\/blog\/wp-content\/uploads\/2025\/06\/biale-wnetrza-480x320.png 480w\" sizes=\"auto, (max-width: 1200px) 100vw, 1200px\" \/><\/a><figcaption class=\"wp-element-caption\">Projekt: <a href=\"https:\/\/proplo.pl\/profile\/modra-pracownia-magdalena-szymczak\">MODRA pracownia Magdalena Szymczak<\/a><\/figcaption><\/figure>\n\n\n\n<h3 class=\"wp-block-heading\">Bia\u0142e meble: elegancja i lekko\u015b\u0107 w aran\u017cacji<\/h3>\n\n\n\n<p><strong>Bia\u0142e meble<\/strong> to nie tylko estetyka, ale r\u00f3wnie\u017c <strong>praktyczne rozwi\u0105zanie<\/strong>, kt\u00f3re wprowadza do wn\u0119trza \u015bwie\u017co\u015b\u0107, porz\u0105dek i optyczne powi\u0119kszenie przestrzeni. W stylach takich jak:<\/p>\n\n\n\n<ul class=\"wp-block-list\">\n<li><strong>skandynawski<\/strong> \u2013 biel \u0142\u0105czy si\u0119 z naturalnymi materia\u0142ami,<\/li>\n\n\n\n<li><strong>shabby chic<\/strong> \u2013 podkre\u015bla romantyczny, lekko postarzany charakter,<\/li>\n\n\n\n<li><strong>nowoczesny<\/strong> \u2013 eksponuje prostot\u0119 i funkcjonalno\u015b\u0107,<\/li>\n<\/ul>\n\n\n\n<p>biel dzia\u0142a jak spoiwo, kt\u00f3re \u0142\u0105czy r\u00f3\u017cnorodne elementy w harmonijn\u0105 ca\u0142o\u015b\u0107.<\/p>\n\n\n\n<p>W nowoczesnych aran\u017cacjach bia\u0142e meble cz\u0119sto id\u0105 w parze z <strong>czystymi liniami i prostot\u0105 formy<\/strong>, co nadaje przestrzeni lekko\u015bci i elegancji. Aby stworzy\u0107 sp\u00f3jne i przytulne wn\u0119trze, warto doda\u0107:<\/p>\n\n\n\n<ul class=\"wp-block-list\">\n<li><strong>bia\u0142e zas\u0142ony<\/strong> \u2013 rozja\u015bniaj\u0105 przestrze\u0144,<\/li>\n\n\n\n<li><strong>poduszki<\/strong> \u2013 wprowadzaj\u0105 mi\u0119kko\u015b\u0107 i komfort,<\/li>\n\n\n\n<li><strong>ceramik\u0119<\/strong> \u2013 dodaje subtelnych detali,<\/li>\n\n\n\n<li><strong>bia\u0142e drzwi lub wazony<\/strong> \u2013 stanowi\u0105 eleganckie akcenty.<\/li>\n<\/ul>\n\n\n\n<p>Pomy\u015bl, kt\u00f3re elementy w Twoim domu mog\u0142yby zyska\u0107 w bieli nowy blask?<\/p>\n\n\n\n<h3 class=\"wp-block-heading\">Bia\u0142e pod\u0142ogi: roz\u015bwietlenie i kontrast<\/h3>\n\n\n\n<p><strong>Bia\u0142e pod\u0142ogi<\/strong> to odwa\u017cny, ale niezwykle efektowny wyb\u00f3r, kt\u00f3ry coraz cz\u0119\u015bciej pojawia si\u0119 w nowoczesnych wn\u0119trzach. Ich g\u0142\u00f3wne zalety to:<\/p>\n\n\n\n<ul class=\"wp-block-list\">\n<li><strong><a href=\"https:\/\/proplo.pl\/blog\/jak-rozjasnic-ciemny-pokoj\/\">rozja\u015bnienie ciemnych wn\u0119trz<\/a><\/strong> \u2013 dzia\u0142aj\u0105 jak naturalny reflektor,<\/li>\n\n\n\n<li><strong>optyczne powi\u0119kszenie wn\u0119trza<\/strong> \u2013 idealne do ma\u0142ych pomieszcze\u0144,<\/li>\n\n\n\n<li><strong>tworzenie kontrastu<\/strong> \u2013 szczeg\u00f3lnie efektowne w zestawieniu z ciemnymi meblami lub kolorowymi dodatkami,<\/li>\n\n\n\n<li><strong>nowoczesny styl<\/strong> \u2013 nadaj\u0105 wn\u0119trzu \u015bwie\u017co\u015bci i lekko\u015bci.<\/li>\n<\/ul>\n\n\n\n<p>Cho\u0107 bia\u0142e pod\u0142ogi mog\u0105 wymaga\u0107 nieco wi\u0119cej troski przy sprz\u0105taniu, ich <strong>wizualna lekko\u015b\u0107 i elegancja<\/strong> s\u0105 tego warte. Mo\u017ce w\u0142a\u015bnie <strong>bia\u0142a pod\u0142oga<\/strong> to ten brakuj\u0105cy element, kt\u00f3ry dope\u0142ni Twoj\u0105 wymarzon\u0105 aran\u017cacj\u0119?<\/p>\n\n\n\n<h2 class=\"wp-block-heading\">Stylowe wn\u0119trza z biel\u0105<\/h2>\n\n\n\n<p>W aran\u017cacji wn\u0119trz <strong>biel<\/strong> od lat pozostaje niezmiennie modna. I trudno si\u0119 dziwi\u0107 \u2013 <strong>bia\u0142e przestrzenie<\/strong> zachwycaj\u0105 \u015bwie\u017co\u015bci\u0105, czysto\u015bci\u0105 oraz ogromnym potencja\u0142em do personalizacji. Mog\u0105 by\u0107 zar\u00f3wno surowe i minimalistyczne, jak i pe\u0142ne ozdobnych detali \u2013 wszystko zale\u017cy od efektu, jaki chcesz osi\u0105gn\u0105\u0107. Co wi\u0119cej, <strong>nowoczesne bia\u0142e wn\u0119trza<\/strong> s\u0105 niezwykle elastyczne \u2013 \u0142atwo je dostosowa\u0107 do zmieniaj\u0105cych si\u0119 gust\u00f3w i potrzeb domownik\u00f3w.<\/p>\n\n\n\n<p>Warto przyjrze\u0107 si\u0119, jak <strong>biel<\/strong> funkcjonuje w r\u00f3\u017cnych stylach aran\u017cacyjnych. Ka\u017cdy z nich interpretuje j\u0105 inaczej, \u0142\u0105cz\u0105c estetyk\u0119 z funkcjonalno\u015bci\u0105. Od surowego industrialu po romantyczn\u0105 Prowansj\u0119 \u2013 biel zaskakuje swoj\u0105 wszechstronno\u015bci\u0105 i charakterem.<\/p>\n\n\n\n<h3 class=\"wp-block-heading\">Styl skandynawski: biel i drewno w harmonii<\/h3>\n\n\n\n<p><strong>Wn\u0119trza w <a href=\"https:\/\/proplo.pl\/style\/skandynawski\">stylu skandynawskim<\/a><\/strong> to kwintesencja prostoty, \u015bwiat\u0142a i blisko\u015bci natury. Ten nurt, wywodz\u0105cy si\u0119 z p\u00f3\u0142nocnej Europy, opiera si\u0119 na jasnych barwach i naturalnych materia\u0142ach. <strong>Biel<\/strong> pe\u0142ni tu rol\u0119 t\u0142a \u2013 subtelnego, ale wyrazistego \u2013 kt\u00f3re podkre\u015bla ciep\u0142o drewna i delikatno\u015b\u0107 dodatk\u00f3w.<\/p>\n\n\n\n<p>To nie tylko estetyka, ale i styl \u017cycia \u2013 dom ma by\u0107 <strong>przytulny, funkcjonalny i pe\u0142en \u015bwiat\u0142a<\/strong>. Cho\u0107 bia\u0142a pod\u0142oga nie jest obowi\u0105zkowa, coraz cz\u0119\u015bciej pojawia si\u0119 jako element rozja\u015bniaj\u0105cy przestrze\u0144. Dzi\u0119ki niej wn\u0119trze zyskuje na lekko\u015bci i praktyczno\u015bci \u2013 idealne dla tych, kt\u00f3rzy ceni\u0105 wygod\u0119 bez rezygnacji z domowego ciep\u0142a.<\/p>\n\n\n\n<figure class=\"wp-block-image size-full\"><a href=\"https:\/\/proplo.pl\/profile\/jagiello-di-office-studio-projektowe\/projekt\/projekt-aranzacji-mieszkania-w-dabrowie-tarnowskiej-695\"><img loading=\"lazy\" decoding=\"async\" width=\"1200\" height=\"800\" src=\"https:\/\/proplo.pl\/blog\/wp-content\/uploads\/2025\/06\/biel-inspiracje-we-wnetrzach.png\" alt=\"Wn\u0119trze salonu w stylu japandi i skandynawskim z szarym naro\u017cnikiem i drewnianymi elementami.\" class=\"wp-image-836\" srcset=\"https:\/\/proplo.pl\/blog\/wp-content\/uploads\/2025\/06\/biel-inspiracje-we-wnetrzach.png 1200w, https:\/\/proplo.pl\/blog\/wp-content\/uploads\/2025\/06\/biel-inspiracje-we-wnetrzach-300x200.png 300w, https:\/\/proplo.pl\/blog\/wp-content\/uploads\/2025\/06\/biel-inspiracje-we-wnetrzach-768x512.png 768w, https:\/\/proplo.pl\/blog\/wp-content\/uploads\/2025\/06\/biel-inspiracje-we-wnetrzach-1024x683.png 1024w, https:\/\/proplo.pl\/blog\/wp-content\/uploads\/2025\/06\/biel-inspiracje-we-wnetrzach-480x320.png 480w\" sizes=\"auto, (max-width: 1200px) 100vw, 1200px\" \/><\/a><figcaption class=\"wp-element-caption\">Projekt: <a href=\"https:\/\/proplo.pl\/profile\/jagiello-di-office-studio-projektowe\">JAGIE\u0141\u0141O DI OFFICE STUDIO PROJEKTOWE<\/a><\/figcaption><\/figure>\n\n\n\n<h3 class=\"wp-block-heading\">Styl glamour: biel w po\u0142\u0105czeniu z luksusem i blaskiem<\/h3>\n\n\n\n<p>W <strong><a href=\"https:\/\/proplo.pl\/style\/glamour\">stylu glamour<\/a><\/strong> <strong>biel<\/strong> staje si\u0119 eleganckim t\u0142em dla b\u0142yszcz\u0105cych akcent\u00f3w i luksusowych tkanin. Zestawiona ze z\u0142otem, srebrem czy kryszta\u0142ami, podkre\u015bla szyk i klas\u0119, dodaj\u0105c wn\u0119trzu lekko\u015bci i wyrafinowania.<\/p>\n\n\n\n<p><strong>Bia\u0142e dekoracje<\/strong> w tej stylistyce wprowadzaj\u0105 nut\u0119 ekskluzywno\u015bci, nie przyt\u0142aczaj\u0105c przestrzeni nadmiarem formy. To doskona\u0142y wyb\u00f3r dla os\u00f3b, kt\u00f3re marz\u0105 o wn\u0119trzu pe\u0142nym blasku i elegancji, ale nie chc\u0105 rezygnowa\u0107 z subtelno\u015bci. <strong>Biel staje si\u0119 tu symbolem luksusu z wyczuciem<\/strong>.<\/p>\n\n\n\n<h3 class=\"wp-block-heading\">Styl boho: biel i naturalne materia\u0142y w swobodnej aran\u017cacji<\/h3>\n\n\n\n<p><strong><a href=\"https:\/\/proplo.pl\/style\/boho\">Styl boho<\/a><\/strong> to wolno\u015b\u0107, swoboda i artystyczna ekspresja. <strong>Biel w aran\u017cacjach boho<\/strong> doskonale wsp\u00f3\u0142gra z naturalnymi materia\u0142ami, takimi jak:<\/p>\n\n\n\n<ul class=\"wp-block-list\">\n<li>rattan<\/li>\n\n\n\n<li>len<\/li>\n\n\n\n<li>surowe drewno<\/li>\n\n\n\n<li>ceg\u0142a i glina<\/li>\n<\/ul>\n\n\n\n<p>W tej estetyce <strong>biel<\/strong> zyskuje g\u0142\u0119bi\u0119 dzi\u0119ki fakturze tkanin i surowo\u015bci powierzchni. Nie jest ch\u0142odna \u2013 wr\u0119cz przeciwnie, tworzy wn\u0119trza pe\u0142ne duszy i indywidualizmu.<\/p>\n\n\n\n<p>To idealna propozycja dla tych, kt\u00f3rzy chc\u0105 stworzy\u0107 przestrze\u0144 z charakterem, pe\u0142n\u0105 osobistych akcent\u00f3w i naturalnego pi\u0119kna \u2013 <strong>bez sztywnych regu\u0142 i schemat\u00f3w<\/strong>.<\/p>\n\n\n\n<h3 class=\"wp-block-heading\">Styl prowansalski: biel i pastele inspirowane francusk\u0105 wsi\u0105<\/h3>\n\n\n\n<p><strong><a href=\"https:\/\/proplo.pl\/style\/prowansalski\">Styl prowansalski<\/a><\/strong> to romantyczna podr\u00f3\u017c do serca po\u0142udniowej Francji. <strong>Biel<\/strong> \u0142\u0105czy si\u0119 tu z pastelami i motywami ro\u015blinnymi, tworz\u0105c atmosfer\u0119 spokoju, sielanki i nostalgii. <strong>Odcienie bieli \u2013 od \u015bnie\u017cnobia\u0142ej po kremow\u0105 \u2013<\/strong> nadaj\u0105 wn\u0119trzom mi\u0119kko\u015bci i subtelnego uroku.<\/p>\n\n\n\n<p>To styl dla mi\u0142o\u015bnik\u00f3w klasyki i delikatnej elegancji, kt\u00f3rzy pragn\u0105 otacza\u0107 si\u0119 \u015bwiat\u0142em, ciep\u0142em i natur\u0105. Brzmi jak bajka? Troch\u0119 tak \u2013 i w\u0142a\u015bnie o to chodzi!<\/p>\n\n\n\n<h3 class=\"wp-block-heading\">Styl industrialny: biel w kontra\u015bcie z betonem i metalem<\/h3>\n\n\n\n<p><strong><a href=\"https:\/\/proplo.pl\/style\/industrialny\">Styl industrialny<\/a><\/strong> to przestrze\u0144, surowo\u015b\u0107 i wyrazisty charakter. <strong>Biel<\/strong> w takim wn\u0119trzu dzia\u0142a jak przeciwwaga dla ci\u0119\u017ckich materia\u0142\u00f3w, takich jak:<\/p>\n\n\n\n<ul class=\"wp-block-list\">\n<li>beton<\/li>\n\n\n\n<li>metal<\/li>\n\n\n\n<li>ceg\u0142a<\/li>\n<\/ul>\n\n\n\n<p>Rozja\u015bnia przestrze\u0144, nie odbieraj\u0105c jej loftowego klimatu. Bia\u0142a ceg\u0142a, g\u0142adkie \u015bciany w odcieniach bieli \u2013 wszystko to dodaje lekko\u015bci, nie trac\u0105c przy tym autentyczno\u015bci.<\/p>\n\n\n\n<p>To \u015bwietna opcja dla tych, kt\u00f3rzy ceni\u0105 nowoczesno\u015b\u0107 i industrialny klimat, ale chc\u0105 wprowadzi\u0107 do wn\u0119trza wi\u0119cej \u015bwiat\u0142a i elegancji \u2013 bez kompromis\u00f3w.<\/p>\n\n\n\n<h3 class=\"wp-block-heading\">Styl japandi: biel w po\u0142\u0105czeniu z japo\u0144sk\u0105 prostot\u0105 i skandynawsk\u0105 funkcjonalno\u015bci\u0105<\/h3>\n\n\n\n<p><strong><a href=\"https:\/\/proplo.pl\/style\/japandi\">Styl japandi<\/a><\/strong> to harmonijne po\u0142\u0105czenie japo\u0144skiej prostoty z nordyck\u0105 funkcjonalno\u015bci\u0105. <strong>Biel<\/strong> przybiera tu ciep\u0142e, stonowane odcienie \u2013 od mlecznych po antyczne \u2013 kt\u00f3re wprowadzaj\u0105 do wn\u0119trza spok\u00f3j i r\u00f3wnowag\u0119.<\/p>\n\n\n\n<p><strong>Bia\u0142e wn\u0119trza w stylu japandi<\/strong> s\u0105 minimalistyczne, ale nie zimne \u2013 emanuj\u0105 naturalno\u015bci\u0105, spokojem i harmoni\u0105. To idealna propozycja dla tych, kt\u00f3rzy szukaj\u0105 balansu mi\u0119dzy estetyk\u0105 a funkcjonalno\u015bci\u0105.<\/p>\n\n\n\n<p>Je\u015bli marzysz o przestrzeni sprzyjaj\u0105cej wyciszeniu i refleksji, inspirowanej filozofi\u0105 wabi-sabi i skandynawskim hygge \u2013 japandi b\u0119dzie strza\u0142em w dziesi\u0105tk\u0119.<\/p>\n\n\n\n<figure class=\"wp-block-image size-full\"><a href=\"https:\/\/proplo.pl\/profile\/pracownia-wam\/projekt\/961\"><img loading=\"lazy\" decoding=\"async\" width=\"1200\" height=\"800\" src=\"https:\/\/proplo.pl\/blog\/wp-content\/uploads\/2025\/06\/wnetrze-kolorystyka-biala.png\" alt=\"Wn\u0119trze salonu w stylu soft minimalizm z bia\u0142ymi meblami i drewnianymi akcentami.\" class=\"wp-image-837\" srcset=\"https:\/\/proplo.pl\/blog\/wp-content\/uploads\/2025\/06\/wnetrze-kolorystyka-biala.png 1200w, https:\/\/proplo.pl\/blog\/wp-content\/uploads\/2025\/06\/wnetrze-kolorystyka-biala-300x200.png 300w, https:\/\/proplo.pl\/blog\/wp-content\/uploads\/2025\/06\/wnetrze-kolorystyka-biala-768x512.png 768w, https:\/\/proplo.pl\/blog\/wp-content\/uploads\/2025\/06\/wnetrze-kolorystyka-biala-1024x683.png 1024w, https:\/\/proplo.pl\/blog\/wp-content\/uploads\/2025\/06\/wnetrze-kolorystyka-biala-480x320.png 480w\" sizes=\"auto, (max-width: 1200px) 100vw, 1200px\" \/><\/a><figcaption class=\"wp-element-caption\">Projekt: <a href=\"https:\/\/proplo.pl\/profile\/pracownia-wam\">Pracownia WAM<\/a><\/figcaption><\/figure>\n\n\n\n<h2 class=\"wp-block-heading\">Po\u0142\u0105czenia kolorystyczne z biel\u0105<\/h2>\n\n\n\n<p>Na pocz\u0105tek warto podkre\u015bli\u0107 jedno \u2013 <strong>biel to niekwestionowana kr\u00f3lowa aran\u017cacji wn\u0119trz<\/strong>. Od lat kojarzy si\u0119 z <strong>czysto\u015bci\u0105, przestronno\u015bci\u0105 i \u015bwiat\u0142em<\/strong>, a jej uniwersalno\u015b\u0107 sprawia, \u017ce doskonale komponuje si\u0119 z niemal ka\u017cdym kolorem. To w\u0142a\u015bnie ta wszechstronno\u015b\u0107 sprawia, \u017ce tak ch\u0119tnie po ni\u0105 si\u0119gamy. Ale pojawia si\u0119 pytanie: <strong>z jakimi kolorami najlepiej j\u0105 zestawia\u0107<\/strong>, by uzyska\u0107 efekt nie tylko estetyczny, ale i ponadczasowy?<\/p>\n\n\n\n<p>Jednym z najciekawszych i najcz\u0119\u015bciej wybieranych rozwi\u0105za\u0144 jest <strong>kontrast<\/strong>. Zestawienie bieli z intensywnymi, nasyconymi barwami nadaje wn\u0119trzom nowoczesny i dynamiczny charakter. Przyk\u0142adowe kolory, kt\u00f3re \u015bwietnie kontrastuj\u0105 z biel\u0105, to:<\/p>\n\n\n\n<ul class=\"wp-block-list\">\n<li><strong>Granat<\/strong> \u2013 elegancki i g\u0142\u0119boki, dodaje wn\u0119trzu klasy i spokoju.<\/li>\n\n\n\n<li><strong>Butelkowa ziele\u0144<\/strong> \u2013 wprowadza naturalno\u015b\u0107 i wyrafinowanie.<\/li>\n\n\n\n<li><strong>G\u0142\u0119boka czerwie\u0144<\/strong> \u2013 intensywna i energetyczna, idealna do odwa\u017cnych aran\u017cacji.<\/li>\n<\/ul>\n\n\n\n<p>W minimalistycznych przestrzeniach kontrast staje si\u0119 centralnym punktem \u2013 <strong>przyci\u0105ga wzrok i nadaje g\u0142\u0119bi ca\u0142ej aran\u017cacji<\/strong>. To doskona\u0142y spos\u00f3b na o\u017cywienie wn\u0119trza bez nadmiaru dodatk\u00f3w.<\/p>\n\n\n\n<p>\u015awietnym przyk\u0142adem takiego kontrastowego zestawienia jest <strong>Classic Blue<\/strong> \u2013 kolor roku 2020<sup data-fn=\"678d1cd0-e9d9-44ab-bf1c-8dd5fe62e576\" class=\"fn\"><a id=\"678d1cd0-e9d9-44ab-bf1c-8dd5fe62e576-link\" href=\"#678d1cd0-e9d9-44ab-bf1c-8dd5fe62e576\">1<\/a><\/sup> wed\u0142ug Pantone. Ten g\u0142\u0119boki, spokojny odcie\u0144 niebieskiego symbolizuje r\u00f3wnowag\u0119 i harmoni\u0119. W po\u0142\u0105czeniu z biel\u0105 tworzy <strong>eleganck\u0105 i uniwersaln\u0105 kompozycj\u0119<\/strong>. Przyk\u0142ady zastosowania:<\/p>\n\n\n\n<ul class=\"wp-block-list\">\n<li><strong>Aksamitna sofa w kolorze Classic Blue<\/strong> na tle \u015bnie\u017cnobia\u0142ych \u015bcian w salonie \u2013 po\u0142\u0105czenie klasyki z nowoczesno\u015bci\u0105.<\/li>\n\n\n\n<li><strong>Granatowe zas\u0142ony i po\u015bciel<\/strong> w jasnej sypialni \u2013 kontrast, kt\u00f3ry dodaje g\u0142\u0119bi i wyrazisto\u015bci.<\/li>\n<\/ul>\n\n\n\n<p>Efekt? Stylowe wn\u0119trze, kt\u00f3re \u0142\u0105czy elegancj\u0119 z nowoczesnym charakterem.<\/p>\n\n\n\n<p>A teraz zastan\u00f3w si\u0119 \u2013 <strong>jak biel mo\u017ce zagra\u0107 w Twoim wn\u0119trzu?<\/strong> Czy wolisz:<\/p>\n\n\n\n<ul class=\"wp-block-list\">\n<li><strong>Delikatne pastele<\/strong>, kt\u00f3re wprowadzaj\u0105 spok\u00f3j i subtelno\u015b\u0107?<\/li>\n\n\n\n<li><strong>Wyraziste akcenty<\/strong>, kt\u00f3re dodaj\u0105 charakteru i energii?<\/li>\n<\/ul>\n\n\n\n<p>Ka\u017cda z tych opcji potrafi ca\u0142kowicie odmieni\u0107 przestrze\u0144 i nada\u0107 jej unikalny styl. Najwa\u017cniejsze pytanie brzmi: jakie zestawienia z biel\u0105 chcia\u0142by\u015b przetestowa\u0107 w swoim domu?<\/p>\n\n\n\n<h2 class=\"wp-block-heading\">Funkcja bieli jako neutralnego t\u0142a dla dekoracji<\/h2>\n\n\n\n<p><strong>Biel w aran\u017cacji wn\u0119trz<\/strong> to znacznie wi\u0119cej ni\u017c tylko estetyczny wyb\u00f3r \u2013 to uniwersalna baza, na kt\u00f3rej mo\u017cna zbudowa\u0107 niemal ka\u017cdy styl, od klasycznego po nowoczesny. Jej neutralno\u015b\u0107 sprawia, \u017ce <strong>bia\u0142y kolor doskonale wsp\u00f3\u0142gra z szerok\u0105 palet\u0105 barw<\/strong>, staj\u0105c si\u0119 idealnym t\u0142em dla dekoracyjnych akcent\u00f3w. Dzi\u0119ki temu meble, obrazy czy dodatki mog\u0105 w pe\u0142ni wybrzmie\u0107, nie gin\u0105c w nadmiarze kolor\u00f3w.<\/p>\n\n\n\n<p><strong>Subtelna si\u0142a bieli<\/strong> sprawia, \u017ce ch\u0119tnie si\u0119gamy po ni\u0105, urz\u0105dzaj\u0105c przestrzenie, kt\u00f3re maj\u0105 emanowa\u0107 spokojem, \u015bwie\u017co\u015bci\u0105 i ponadczasow\u0105 elegancj\u0105. W po\u0142\u0105czeniu z r\u00f3\u017cnorodnymi materia\u0142ami \u2013 szk\u0142em, metalem, drewnem \u2013 biel pozwala uzyska\u0107 zar\u00f3wno surowy, industrialny klimat, jak i ciep\u0142e, przytulne wn\u0119trze.<\/p>\n\n\n\n<p>Wyobra\u017a sobie: <strong>bia\u0142a \u015bciana, ch\u0142odny beton i mi\u0119kki welur<\/strong>. Kontrast? Zdecydowanie. Ale efekt \u2013 spektakularny. A Ty? Jak\u0105 histori\u0119 chcia\u0142by\u015b opowiedzie\u0107, wykorzystuj\u0105c biel w swoim domu?<\/p>\n\n\n\n<h3 class=\"wp-block-heading\">Jak o\u017cywi\u0107 bia\u0142e wn\u0119trze dodatkami i fakturami<\/h3>\n\n\n\n<p>Cho\u0107 na pierwszy rzut oka bia\u0142e wn\u0119trze mo\u017ce wydawa\u0107 si\u0119 ch\u0142odne i bez wyrazu, to w rzeczywisto\u015bci stanowi ono <strong>doskona\u0142e t\u0142o do kreatywnych aran\u017cacji<\/strong>. Wystarczy wprowadzi\u0107 odpowiednie faktury, kolory i materia\u0142y, by przestrze\u0144 nabra\u0142a charakteru i energii. <strong>Dekoracyjna biel<\/strong> dzia\u0142a jak czyste p\u0142\u00f3tno \u2013 daje pe\u0142n\u0105 swobod\u0119 w eksperymentowaniu z form\u0105 i stylem.<\/p>\n\n\n\n<p>Jednym z najprostszych i najskuteczniejszych sposob\u00f3w na ocieplenie bia\u0142ego wn\u0119trza jest zastosowanie <strong>naturalnego drewna<\/strong>. Jego ciep\u0142y odcie\u0144 dodaje przytulno\u015bci i sprawia, \u017ce przestrze\u0144 staje si\u0119 bardziej domowa. Ale to dopiero pocz\u0105tek \u2013 ogromn\u0105 rol\u0119 odgrywaj\u0105 r\u00f3wnie\u017c faktury:<\/p>\n\n\n\n<ul class=\"wp-block-list\">\n<li><strong>Len<\/strong> \u2013 lekki, naturalny, wprowadza subteln\u0105 mi\u0119kko\u015b\u0107.<\/li>\n\n\n\n<li><strong>Ceg\u0142a<\/strong> \u2013 surowa, z charakterem, dodaje industrialnego sznytu.<\/li>\n\n\n\n<li><strong>Rattan<\/strong> \u2013 przywo\u0142uje wakacyjne wspomnienia i wprowadza lekko\u015b\u0107.<\/li>\n\n\n\n<li><strong>We\u0142na<\/strong> \u2013 mi\u0119kka i otulaj\u0105ca, idealna na ch\u0142odniejsze dni.<\/li>\n<\/ul>\n\n\n\n<p>Chcesz doda\u0107 energii? Postaw na <strong>wyraziste akcenty kolorystyczne<\/strong>. Oto kilka inspiracji, kt\u00f3re mog\u0105 odmieni\u0107 Twoje bia\u0142e wn\u0119trze:<\/p>\n\n\n\n<ul class=\"wp-block-list\">\n<li><strong>Musztardowe poduszki<\/strong> \u2013 dodaj\u0105 ciep\u0142a i nowoczesnego charakteru.<\/li>\n\n\n\n<li><strong>Granatowe zas\u0142ony<\/strong> \u2013 wprowadzaj\u0105 g\u0142\u0119bi\u0119 i elegancj\u0119.<\/li>\n\n\n\n<li><strong>Wzorzysty dywan<\/strong> \u2013 o\u017cywia przestrze\u0144 i nadaje jej indywidualny styl.<\/li>\n<\/ul>\n\n\n\n<p>Zastan\u00f3w si\u0119 \u2013 kt\u00f3re z tych element\u00f3w najlepiej oddaj\u0105 Tw\u00f3j styl i mog\u0142yby tchn\u0105\u0107 \u017cycie w Twoje bia\u0142e wn\u0119trze?<\/p>\n\n\n\n<figure class=\"wp-block-image size-full\"><a href=\"https:\/\/proplo.pl\/profile\/aurora-interior-design\/projekt\/relaxing-area-1113\"><img loading=\"lazy\" decoding=\"async\" width=\"1200\" height=\"800\" src=\"https:\/\/proplo.pl\/blog\/wp-content\/uploads\/2025\/06\/biale-sciany-meble.png\" alt=\"Wn\u0119trze salonu w stylu minimaluxe z jasnymi meblami, ro\u015blinami i eleganckim o\u015bwietleniem.\" class=\"wp-image-838\" srcset=\"https:\/\/proplo.pl\/blog\/wp-content\/uploads\/2025\/06\/biale-sciany-meble.png 1200w, https:\/\/proplo.pl\/blog\/wp-content\/uploads\/2025\/06\/biale-sciany-meble-300x200.png 300w, https:\/\/proplo.pl\/blog\/wp-content\/uploads\/2025\/06\/biale-sciany-meble-768x512.png 768w, https:\/\/proplo.pl\/blog\/wp-content\/uploads\/2025\/06\/biale-sciany-meble-1024x683.png 1024w, https:\/\/proplo.pl\/blog\/wp-content\/uploads\/2025\/06\/biale-sciany-meble-480x320.png 480w\" sizes=\"auto, (max-width: 1200px) 100vw, 1200px\" \/><\/a><figcaption class=\"wp-element-caption\">Projekt: <a href=\"https:\/\/proplo.pl\/profile\/aurora-interior-design\">AURORA Interior Design<\/a><\/figcaption><\/figure>\n\n\n\n<h2 class=\"wp-block-heading\">Zastosowanie bieli w r\u00f3\u017cnych pomieszczeniach<\/h2>\n\n\n\n<p><strong>Biel to klasyka, kt\u00f3ra nigdy si\u0119 nie starzeje.<\/strong> Jej obecno\u015b\u0107 we wn\u0119trzach to sprawdzony spos\u00f3b na stworzenie przestrzeni \u0142\u0105cz\u0105cej elegancj\u0119, funkcjonalno\u015b\u0107 i ponadczasowy styl. <strong>Bia\u0142e aran\u017cacje<\/strong> mog\u0105 przybiera\u0107 r\u00f3\u017cne formy \u2013 od ch\u0142odnego minimalizmu po ciep\u0142\u0105, przytuln\u0105 klasyk\u0119. W zale\u017cno\u015bci od funkcji pomieszczenia, biel mo\u017ce optycznie je powi\u0119kszy\u0107, rozja\u015bni\u0107 lub po prostu doda\u0107 mu \u015bwie\u017co\u015bci i lekko\u015bci.<\/p>\n\n\n\n<p><strong>Projektowanie wn\u0119trz z wykorzystaniem bieli<\/strong> to nie tylko kwestia estetyki, ale tak\u017ce ogromna swoboda w \u0142\u0105czeniu styl\u00f3w, faktur i dodatk\u00f3w. Dzi\u0119ki temu mo\u017cesz stworzy\u0107 przestrze\u0144 idealnie dopasowan\u0105 do Twojego gustu \u2013 niezale\u017cnie od tego, czy preferujesz nowoczesne rozwi\u0105zania, czy klasyczne wn\u0119trza z dusz\u0105.<\/p>\n\n\n\n<p>Biel sprawdza si\u0119 w ka\u017cdym pomieszczeniu:<\/p>\n\n\n\n<ul class=\"wp-block-list\">\n<li><strong>W kuchni<\/strong> \u2013 daje wra\u017cenie czysto\u015bci i przestronno\u015bci.<\/li>\n\n\n\n<li><strong>W \u0142azience<\/strong> \u2013 podkre\u015bla elegancj\u0119 i higien\u0119.<\/li>\n\n\n\n<li><strong>W sypialni<\/strong> \u2013 koi zmys\u0142y i sprzyja relaksowi.<\/li>\n\n\n\n<li><strong>W salonie<\/strong> \u2013 stanowi doskona\u0142e t\u0142o dla wyrazistych dodatk\u00f3w.<\/li>\n\n\n\n<li><strong>W jadalni<\/strong> \u2013 buduje atmosfer\u0119 domowego ciep\u0142a.<\/li>\n<\/ul>\n\n\n\n<p><strong>Ka\u017cde z tych miejsc ma sw\u00f3j unikalny charakter, a biel \u2013 odpowiednio wykorzystana \u2013 potrafi go pi\u0119knie podkre\u015bli\u0107 i zharmonizowa\u0107 ca\u0142o\u015b\u0107.<\/strong><\/p>\n\n\n\n<h3 class=\"wp-block-heading\">Biel w kuchni: \u015bwie\u017co\u015b\u0107 i przestronno\u015b\u0107<\/h3>\n\n\n\n<p><strong>Kuchnia to przestrze\u0144, w kt\u00f3rej biel rozkwita zar\u00f3wno wizualnie, jak i praktycznie.<\/strong> Bia\u0142e \u015bciany, kafelki czy fronty mebli odbijaj\u0105 \u015bwiat\u0142o, sprawiaj\u0105c, \u017ce wn\u0119trze staje si\u0119 ja\u015bniejsze i bardziej przestronne \u2013 idealne do gotowania i sp\u0119dzania czasu z bliskimi.<\/p>\n\n\n\n<p>Biel doskonale wsp\u00f3\u0142gra z r\u00f3\u017cnorodnymi materia\u0142ami, tworz\u0105c sp\u00f3jn\u0105 i stylow\u0105 ca\u0142o\u015b\u0107:<\/p>\n\n\n\n<ul class=\"wp-block-list\">\n<li><strong>Drewniane blaty<\/strong> \u2013 dodaj\u0105 ciep\u0142a i naturalno\u015bci.<\/li>\n\n\n\n<li><strong>Stalowe elementy<\/strong> \u2013 wprowadzaj\u0105 nowoczesny, industrialny klimat.<\/li>\n\n\n\n<li><strong>Ceramiczne dodatki<\/strong> \u2013 podkre\u015blaj\u0105 styl i funkcjonalno\u015b\u0107 kuchni.<\/li>\n<\/ul>\n\n\n\n<p><strong>Wyobra\u017a sobie kuchni\u0119 z bia\u0142ymi szafkami i d\u0119bowym blatem \u2013 przytuln\u0105, praktyczn\u0105 i gotow\u0105 na wsp\u00f3lne gotowanie z rodzin\u0105 czy przyjaci\u00f3\u0142mi.<\/strong><\/p>\n\n\n\n<h3 class=\"wp-block-heading\">Biel w \u0142azience: czysto\u015b\u0107 i elegancja<\/h3>\n\n\n\n<p><strong>W <a href=\"https:\/\/proplo.pl\/pomieszczenia\/lazienka\">\u0142azience<\/a> biel to wyb\u00f3r niemal oczywisty<\/strong> \u2013 kojarzy si\u0119 z czysto\u015bci\u0105, co w tym pomieszczeniu ma kluczowe znaczenie. Farby lateksowe, odporne na wilgo\u0107 i \u015bcieranie, \u015bwietnie sprawdzaj\u0105 si\u0119 na bia\u0142ych \u015bcianach, zapewniaj\u0105c trwa\u0142o\u015b\u0107 i estetyk\u0119 na d\u0142ugie lata.<\/p>\n\n\n\n<p>Je\u015bli bliski Ci styl skandynawski, biel b\u0119dzie Twoim sprzymierze\u0144cem. W po\u0142\u0105czeniu z naturalnymi materia\u0142ami zyskuje przytulny charakter:<\/p>\n\n\n\n<ul class=\"wp-block-list\">\n<li><strong>Drewno<\/strong> \u2013 ociepla przestrze\u0144 i dodaje naturalno\u015bci.<\/li>\n\n\n\n<li><strong>Kamie\u0144<\/strong> \u2013 wprowadza elegancj\u0119 i surowy urok.<\/li>\n\n\n\n<li><strong>Bia\u0142e dodatki<\/strong> \u2013 r\u0119czniki, dywaniki, zas\u0142ony \u2013 tworz\u0105 sp\u00f3jn\u0105, relaksuj\u0105c\u0105 atmosfer\u0119.<\/li>\n<\/ul>\n\n\n\n<p><strong>Efekt? Elegancka, ale i ciep\u0142a przestrze\u0144, idealna do relaksu po intensywnym dniu.<\/strong><\/p>\n\n\n\n<h3 class=\"wp-block-heading\">Biel w sypialni: relaks i wyciszenie<\/h3>\n\n\n\n<p><strong><a href=\"https:\/\/proplo.pl\/pomieszczenia\/sypialnia\">Sypialnia<\/a> to oaza spokoju, a biel pomaga stworzy\u0107 atmosfer\u0119 sprzyjaj\u0105c\u0105 wyciszeniu i regeneracji.<\/strong> Bia\u0142e \u015bciany i tekstylia wprowadzaj\u0105 lekko\u015b\u0107, harmoni\u0119 i poczucie \u0142adu, kt\u00f3re u\u0142atwiaj\u0105 odpoczynek.<\/p>\n\n\n\n<p>Aby unikn\u0105\u0107 ch\u0142odnego efektu, warto si\u0119gn\u0105\u0107 po mi\u0119kkie, naturalne tkaniny:<\/p>\n\n\n\n<ul class=\"wp-block-list\">\n<li><strong>Bawe\u0142na<\/strong> \u2013 przewiewna i przyjemna w dotyku.<\/li>\n\n\n\n<li><strong>Len<\/strong> \u2013 naturalny, elegancki i trwa\u0142y.<\/li>\n\n\n\n<li><strong>We\u0142na<\/strong> \u2013 dodaje ciep\u0142a i przytulno\u015bci.<\/li>\n<\/ul>\n\n\n\n<p>Dla romantycznych dusz \u015bwietnym rozwi\u0105zaniem b\u0119d\u0105 pastelowe akcenty \u2013 pudrowe poduszki, zas\u0142ony w odcieniu lawendy czy r\u00f3\u017cu. Efekt? Spokojna, subtelna przestrze\u0144, w kt\u00f3rej naprawd\u0119 mo\u017cna si\u0119 zrelaksowa\u0107.<\/p>\n\n\n\n<figure class=\"wp-block-image size-full\"><a href=\"https:\/\/proplo.pl\/profile\/modra-pracownia-magdalena-szymczak\/projekt\/wnetrze-w-stylu-japandi-cieplo-harmonia-i-naturalne-materialy-1084\"><img loading=\"lazy\" decoding=\"async\" width=\"1200\" height=\"800\" src=\"https:\/\/proplo.pl\/blog\/wp-content\/uploads\/2025\/06\/biale-wykonczenie-wnetrza.png\" alt=\"Wn\u0119trze salonu w stylu japandi i skandynawskim z jasnymi meblami.\" class=\"wp-image-839\" srcset=\"https:\/\/proplo.pl\/blog\/wp-content\/uploads\/2025\/06\/biale-wykonczenie-wnetrza.png 1200w, https:\/\/proplo.pl\/blog\/wp-content\/uploads\/2025\/06\/biale-wykonczenie-wnetrza-300x200.png 300w, https:\/\/proplo.pl\/blog\/wp-content\/uploads\/2025\/06\/biale-wykonczenie-wnetrza-768x512.png 768w, https:\/\/proplo.pl\/blog\/wp-content\/uploads\/2025\/06\/biale-wykonczenie-wnetrza-1024x683.png 1024w, https:\/\/proplo.pl\/blog\/wp-content\/uploads\/2025\/06\/biale-wykonczenie-wnetrza-480x320.png 480w\" sizes=\"auto, (max-width: 1200px) 100vw, 1200px\" \/><\/a><figcaption class=\"wp-element-caption\">Projekt: <a href=\"https:\/\/proplo.pl\/profile\/modra-pracownia-magdalena-szymczak\">MODRA pracownia Magdalena Szymczak<\/a><\/figcaption><\/figure>\n\n\n\n<h3 class=\"wp-block-heading\">Biel w salonie: przestrze\u0144 i styl<\/h3>\n\n\n\n<p><strong><a href=\"https:\/\/proplo.pl\/pomieszczenia\/salon\">Salon<\/a> to centrum domowego \u017cycia, a biel to idealne t\u0142o dla wszystkiego, co si\u0119 w nim dzieje.<\/strong> Bia\u0142e \u015bciany dzia\u0142aj\u0105 jak czysta kartka \u2013 mo\u017cesz na niej &#8222;malowa\u0107&#8221; dodatkami, kt\u00f3re zmieniasz w zale\u017cno\u015bci od sezonu czy nastroju.<\/p>\n\n\n\n<p>Aby doda\u0107 wn\u0119trzu charakteru, warto postawi\u0107 na kontrasty i r\u00f3\u017cnorodne faktury:<\/p>\n\n\n\n<ul class=\"wp-block-list\">\n<li><strong>Bia\u0142a ceg\u0142a<\/strong> \u2013 surowa, ale stylowa.<\/li>\n\n\n\n<li><strong>Mi\u0119kki welur<\/strong> \u2013 dodaje elegancji i komfortu.<\/li>\n\n\n\n<li><strong>Szk\u0142o i metaliczne akcenty<\/strong> \u2013 wprowadzaj\u0105 nowoczesno\u015b\u0107 i lekko\u015b\u0107.<\/li>\n<\/ul>\n\n\n\n<p><strong>Najlepsze? Mo\u017cesz zmienia\u0107 dodatki, nie ruszaj\u0105c bazy \u2013 dzi\u0119ki temu salon zawsze b\u0119dzie wygl\u0105da\u0142 \u015bwie\u017co i stylowo.<\/strong><\/p>\n\n\n\n<h3 class=\"wp-block-heading\">Biel w jadalni: lekko\u015b\u0107 i przytulno\u015b\u0107 przy stole<\/h3>\n\n\n\n<p><strong><a href=\"https:\/\/proplo.pl\/pomieszczenia\/jadalnia\">Jadalnia<\/a> to miejsce spotka\u0144 przy wsp\u00f3lnych posi\u0142kach, a biel potrafi zdzia\u0142a\u0107 tu cuda.<\/strong> Bia\u0142e \u015bciany i meble tworz\u0105 spokojne, jasne t\u0142o, kt\u00f3re doskonale wsp\u00f3\u0142gra z naturalnymi materia\u0142ami.<\/p>\n\n\n\n<p>Elementy, kt\u00f3re buduj\u0105 atmosfer\u0119 domowego ciep\u0142a:<\/p>\n\n\n\n<ul class=\"wp-block-list\">\n<li><strong>Drewniany st\u00f3\u0142<\/strong> \u2013 solidny i przyjazny.<\/li>\n\n\n\n<li><strong>Lniany obrus<\/strong> \u2013 naturalny i elegancki.<\/li>\n\n\n\n<li><strong>Ceramiczna zastawa<\/strong> \u2013 stylowa i funkcjonalna.<\/li>\n<\/ul>\n\n\n\n<p>Chcesz doda\u0107 wn\u0119trzu g\u0142\u0119bi? Wprowad\u017a akcenty w kolorach ziemi \u2013 be\u017ce, oliwkow\u0105 ziele\u0144, terakot\u0119. <strong>W po\u0142\u0105czeniu z biel\u0105 tworz\u0105 harmonijn\u0105, funkcjonaln\u0105 przestrze\u0144, w kt\u00f3rej a\u017c chce si\u0119 zasi\u0105\u015b\u0107 do sto\u0142u.<\/strong><\/p>\n\n\n\n<h2 class=\"wp-block-heading\">Bia\u0142e wn\u0119trza &#8211; Praktyczne wskaz\u00f3wki<\/h2>\n\n\n\n<p><strong>Dob\u00f3r odpowiedniego odcienia bieli<\/strong> w aran\u017cacji wn\u0119trz to nie tylko kwestia estetyki \u2013 to decyzja, kt\u00f3ra wp\u0142ywa na <strong>atmosfer\u0119, funkcjonalno\u015b\u0107 i og\u00f3lny odbi\u00f3r przestrzeni<\/strong>. W zale\u017cno\u015bci od <strong>rodzaju \u015bwiat\u0142a, stylu pomieszczenia<\/strong> oraz Twoich indywidualnych preferencji, biel mo\u017ce przybiera\u0107 r\u00f3\u017cne oblicza \u2013 od ch\u0142odnej, niemal laboratoryjnej \u015bnie\u017cnobieli, po ciep\u0142e, otulaj\u0105ce tonacje \u00e9cru. <strong>Ka\u017cdy wariant niesie ze sob\u0105 inny klimat<\/strong>, dlatego warto zada\u0107 sobie pytanie: czy chcesz stworzy\u0107 przytulne wn\u0119trze, czy zale\u017cy Ci na nowoczesnej, czystej przestrzeni?<\/p>\n\n\n\n<p><strong>\u015awiat\u0142o odgrywa kluczow\u0105 rol\u0119<\/strong> w odbiorze bieli. <strong>Naturalne o\u015bwietlenie<\/strong> pi\u0119knie wydobywa ciep\u0142e odcienie, natomiast <strong>sztuczne \u015bwiat\u0142o<\/strong> \u2013 zw\u0142aszcza LED \u2013 cz\u0119sto podkre\u015bla ch\u0142odne tony, nadaj\u0105c wn\u0119trzu uporz\u0105dkowany, minimalistyczny charakter.<\/p>\n\n\n\n<figure class=\"wp-block-table\"><table class=\"has-fixed-layout\"><tbody><tr><th>Typ pomieszczenia<\/th><th>Rodzaj \u015bwiat\u0142a<\/th><th>Rekomendowany odcie\u0144 bieli<\/th><th>Efekt aran\u017cacyjny<\/th><\/tr><tr><td>Salon z du\u017cymi przeszkleniami<\/td><td>Naturalne \u015bwiat\u0142o<\/td><td><strong>Ciep\u0142e odcienie bieli<\/strong><\/td><td>Mi\u0119kko\u015b\u0107, przytulno\u015b\u0107<\/td><\/tr><tr><td>Nowoczesna kuchnia<\/td><td>O\u015bwietlenie LED<\/td><td><strong>Ch\u0142odne odcienie bieli<\/strong><\/td><td>Czysto\u015b\u0107, nowoczesno\u015b\u0107<\/td><\/tr><\/tbody><\/table><\/figure>\n\n\n\n<p>W\u015br\u00f3d popularnych tonacji bieli wyr\u00f3\u017cniamy:<\/p>\n\n\n\n<ul class=\"wp-block-list\">\n<li><strong>Z\u0142amana biel<\/strong> \u2013 subtelna mieszanka bieli z domieszk\u0105 be\u017cu lub szaro\u015bci. Idealna, je\u015bli zale\u017cy Ci na <strong>elegancji i g\u0142\u0119bi<\/strong>.<\/li>\n\n\n\n<li><strong>Czysta biel<\/strong> \u2013 doskona\u0142a dla mi\u0142o\u015bnik\u00f3w <strong>jasnych, przestronnych wn\u0119trz<\/strong>. Odbija \u015bwiat\u0142o i optycznie powi\u0119ksza przestrze\u0144.<\/li>\n\n\n\n<li><strong>Antyczna biel<\/strong> \u2013 lekko kremowa, \u015bwietnie komponuje si\u0119 z <strong>klasycznymi meblami i dodatkami w stylu prowansalskim<\/strong>. Tworzy ciep\u0142\u0105, nostalgiczn\u0105 aur\u0119.<\/li>\n<\/ul>\n\n\n\n<p><strong>Jakie tonacje bieli najlepiej oddaj\u0105 charakter Twojego wn\u0119trza?<\/strong> Czy preferujesz delikatne, ciep\u0142e barwy, kt\u00f3re otulaj\u0105 przestrze\u0144 niczym mi\u0119kki pled? A mo\u017ce bli\u017cej Ci do ch\u0142odnych, nowoczesnych odcieni, kt\u00f3re wprowadzaj\u0105 \u015bwie\u017co\u015b\u0107 i porz\u0105dek?<\/p>\n\n\n\n<p><strong>Dobrze dobrana biel potrafi zdzia\u0142a\u0107 cuda<\/strong> \u2013 sta\u0107 si\u0119 t\u0142em, kt\u00f3re podkre\u015bli Tw\u00f3j styl \u017cycia i osobowo\u015b\u0107. To ona sprawia, \u017ce z rado\u015bci\u0105 wracasz do swojego miejsca na ziemi.<\/p>\n\n\n\n<hr class=\"wp-block-separator has-alpha-channel-opacity\"\/>\n\n\n\n<p><strong>\u0179r\u00f3d\u0142a:<\/strong><\/p>\n\n\n<ol class=\"wp-block-footnotes\"><li id=\"678d1cd0-e9d9-44ab-bf1c-8dd5fe62e576\">https:\/\/www.vogue.pl\/a\/classic-blue-kolorem-roku-pantone-2020 <a href=\"#678d1cd0-e9d9-44ab-bf1c-8dd5fe62e576-link\" aria-label=\"Przejd\u017a do przypisu 1\">\u21a9\ufe0e<\/a><\/li><\/ol>\n\n\n<p><\/p>\n","protected":false},"excerpt":{"rendered":"<p>Biel od lat niezmiennie kr\u00f3luje w aran\u017cacjach wn\u0119trz \u2013 i nic nie wskazuje na to, by mia\u0142a ust\u0105pi\u0107 miejsca innym barwom. Dlaczego? Poniewa\u017c to kolor o niezwyk\u0142ej wszechstronno\u015bci.<\/p>\n","protected":false},"author":3,"featured_media":842,"comment_status":"open","ping_status":"open","sticky":false,"template":"","format":"standard","meta":{"footnotes":"[{\"content\":\"https:\/\/www.vogue.pl\/a\/classic-blue-kolorem-roku-pantone-2020\",\"id\":\"678d1cd0-e9d9-44ab-bf1c-8dd5fe62e576\"}]"},"categories":[19],"tags":[],"class_list":["post-828","post","type-post","status-publish","format-standard","has-post-thumbnail","hentry","category-kolory"],"acf":[],"yoast_head":"<!-- This site is optimized with the Yoast SEO plugin v27.5 - https:\/\/yoast.com\/product\/yoast-seo-wordpress\/ -->\n<title>Biel we wn\u0119trzach - Proplo<\/title>\n<meta name=\"description\" content=\"Biel to znacznie wi\u0119cej ni\u017c tylko kolor \u2013 to uniwersalne narz\u0119dzie aran\u017cacyjne, kt\u00f3re potrafi ca\u0142kowicie odmieni\u0107 charakter wn\u0119trza.\" \/>\n<meta name=\"robots\" content=\"index, follow, max-snippet:-1, max-image-preview:large, max-video-preview:-1\" \/>\n<link rel=\"canonical\" href=\"https:\/\/proplo.pl\/blog\/biel-we-wnetrzach\/\" \/>\n<meta property=\"og:locale\" content=\"pl_PL\" \/>\n<meta property=\"og:type\" content=\"article\" \/>\n<meta property=\"og:title\" content=\"Biel we wn\u0119trzach - Proplo\" \/>\n<meta property=\"og:description\" content=\"Biel to znacznie wi\u0119cej ni\u017c tylko kolor \u2013 to uniwersalne narz\u0119dzie aran\u017cacyjne, kt\u00f3re potrafi ca\u0142kowicie odmieni\u0107 charakter wn\u0119trza.\" \/>\n<meta property=\"og:url\" content=\"https:\/\/proplo.pl\/blog\/biel-we-wnetrzach\/\" \/>\n<meta property=\"og:site_name\" content=\"Poradnik wn\u0119trzarski - Proplo\" \/>\n<meta property=\"article:published_time\" content=\"2025-06-02T18:11:46+00:00\" \/>\n<meta property=\"article:modified_time\" content=\"2025-06-02T18:18:08+00:00\" \/>\n<meta property=\"og:image\" content=\"https:\/\/proplo.pl\/blog\/wp-content\/uploads\/2025\/06\/biel-we-wnetrzach-inspiracje.png\" \/>\n\t<meta property=\"og:image:width\" content=\"1200\" \/>\n\t<meta property=\"og:image:height\" content=\"800\" \/>\n\t<meta property=\"og:image:type\" content=\"image\/png\" \/>\n<meta name=\"author\" content=\"Proplo\" \/>\n<meta name=\"twitter:card\" content=\"summary_large_image\" \/>\n<meta name=\"twitter:label1\" content=\"Napisane przez\" \/>\n\t<meta name=\"twitter:data1\" content=\"Proplo\" \/>\n\t<meta name=\"twitter:label2\" content=\"Szacowany czas czytania\" \/>\n\t<meta name=\"twitter:data2\" content=\"18 minut\" \/>\n<script type=\"application\/ld+json\" class=\"yoast-schema-graph\">{\"@context\":\"https:\\\/\\\/schema.org\",\"@graph\":[{\"@type\":\"Article\",\"@id\":\"https:\\\/\\\/proplo.pl\\\/blog\\\/biel-we-wnetrzach\\\/#article\",\"isPartOf\":{\"@id\":\"https:\\\/\\\/proplo.pl\\\/blog\\\/biel-we-wnetrzach\\\/\"},\"author\":{\"name\":\"Proplo\",\"@id\":\"https:\\\/\\\/proplo.pl\\\/blog\\\/#\\\/schema\\\/person\\\/c13af99097d24e9fc2b86b838c0fd0e1\"},\"headline\":\"Biel we wn\u0119trzach &#8211; zastosowanie, style i po\u0142\u0105czenia kolorystyczne\",\"datePublished\":\"2025-06-02T18:11:46+00:00\",\"dateModified\":\"2025-06-02T18:18:08+00:00\",\"mainEntityOfPage\":{\"@id\":\"https:\\\/\\\/proplo.pl\\\/blog\\\/biel-we-wnetrzach\\\/\"},\"wordCount\":3733,\"commentCount\":0,\"image\":{\"@id\":\"https:\\\/\\\/proplo.pl\\\/blog\\\/biel-we-wnetrzach\\\/#primaryimage\"},\"thumbnailUrl\":\"https:\\\/\\\/proplo.pl\\\/blog\\\/wp-content\\\/uploads\\\/2025\\\/06\\\/biel-we-wnetrzach-inspiracje.png\",\"articleSection\":[\"Kolory\"],\"inLanguage\":\"pl-PL\",\"potentialAction\":[{\"@type\":\"CommentAction\",\"name\":\"Comment\",\"target\":[\"https:\\\/\\\/proplo.pl\\\/blog\\\/biel-we-wnetrzach\\\/#respond\"]}]},{\"@type\":\"WebPage\",\"@id\":\"https:\\\/\\\/proplo.pl\\\/blog\\\/biel-we-wnetrzach\\\/\",\"url\":\"https:\\\/\\\/proplo.pl\\\/blog\\\/biel-we-wnetrzach\\\/\",\"name\":\"Biel we wn\u0119trzach - Proplo\",\"isPartOf\":{\"@id\":\"https:\\\/\\\/proplo.pl\\\/blog\\\/#website\"},\"primaryImageOfPage\":{\"@id\":\"https:\\\/\\\/proplo.pl\\\/blog\\\/biel-we-wnetrzach\\\/#primaryimage\"},\"image\":{\"@id\":\"https:\\\/\\\/proplo.pl\\\/blog\\\/biel-we-wnetrzach\\\/#primaryimage\"},\"thumbnailUrl\":\"https:\\\/\\\/proplo.pl\\\/blog\\\/wp-content\\\/uploads\\\/2025\\\/06\\\/biel-we-wnetrzach-inspiracje.png\",\"datePublished\":\"2025-06-02T18:11:46+00:00\",\"dateModified\":\"2025-06-02T18:18:08+00:00\",\"author\":{\"@id\":\"https:\\\/\\\/proplo.pl\\\/blog\\\/#\\\/schema\\\/person\\\/c13af99097d24e9fc2b86b838c0fd0e1\"},\"description\":\"Biel to znacznie wi\u0119cej ni\u017c tylko kolor \u2013 to uniwersalne narz\u0119dzie aran\u017cacyjne, kt\u00f3re potrafi ca\u0142kowicie odmieni\u0107 charakter wn\u0119trza.\",\"breadcrumb\":{\"@id\":\"https:\\\/\\\/proplo.pl\\\/blog\\\/biel-we-wnetrzach\\\/#breadcrumb\"},\"inLanguage\":\"pl-PL\",\"potentialAction\":[{\"@type\":\"ReadAction\",\"target\":[\"https:\\\/\\\/proplo.pl\\\/blog\\\/biel-we-wnetrzach\\\/\"]}]},{\"@type\":\"ImageObject\",\"inLanguage\":\"pl-PL\",\"@id\":\"https:\\\/\\\/proplo.pl\\\/blog\\\/biel-we-wnetrzach\\\/#primaryimage\",\"url\":\"https:\\\/\\\/proplo.pl\\\/blog\\\/wp-content\\\/uploads\\\/2025\\\/06\\\/biel-we-wnetrzach-inspiracje.png\",\"contentUrl\":\"https:\\\/\\\/proplo.pl\\\/blog\\\/wp-content\\\/uploads\\\/2025\\\/06\\\/biel-we-wnetrzach-inspiracje.png\",\"width\":1200,\"height\":800,\"caption\":\"Wn\u0119trze salonu w stylu japandi i skandynawskim z jasnymi meblami.\"},{\"@type\":\"BreadcrumbList\",\"@id\":\"https:\\\/\\\/proplo.pl\\\/blog\\\/biel-we-wnetrzach\\\/#breadcrumb\",\"itemListElement\":[{\"@type\":\"ListItem\",\"position\":1,\"name\":\"Proplo\",\"item\":\"https:\\\/\\\/proplo.pl\"},{\"@type\":\"ListItem\",\"position\":2,\"name\":\"Poradnik wn\u0119trzarski\",\"item\":\"https:\\\/\\\/proplo.pl\\\/blog\\\/\"},{\"@type\":\"ListItem\",\"position\":3,\"name\":\"Biel we wn\u0119trzach &#8211; zastosowanie, style i po\u0142\u0105czenia kolorystyczne\"}]},{\"@type\":\"WebSite\",\"@id\":\"https:\\\/\\\/proplo.pl\\\/blog\\\/#website\",\"url\":\"https:\\\/\\\/proplo.pl\\\/blog\\\/\",\"name\":\"Blog Proplo\",\"description\":\"\",\"potentialAction\":[{\"@type\":\"SearchAction\",\"target\":{\"@type\":\"EntryPoint\",\"urlTemplate\":\"https:\\\/\\\/proplo.pl\\\/blog\\\/?s={search_term_string}\"},\"query-input\":{\"@type\":\"PropertyValueSpecification\",\"valueRequired\":true,\"valueName\":\"search_term_string\"}}],\"inLanguage\":\"pl-PL\"},{\"@type\":\"Person\",\"@id\":\"https:\\\/\\\/proplo.pl\\\/blog\\\/#\\\/schema\\\/person\\\/c13af99097d24e9fc2b86b838c0fd0e1\",\"name\":\"Proplo\",\"image\":{\"@type\":\"ImageObject\",\"inLanguage\":\"pl-PL\",\"@id\":\"https:\\\/\\\/secure.gravatar.com\\\/avatar\\\/176f908138148facd74b7d78fc677b53b24a54b63aacd8fc4e81a4da926e5f28?s=96&d=mm&r=g\",\"url\":\"https:\\\/\\\/secure.gravatar.com\\\/avatar\\\/176f908138148facd74b7d78fc677b53b24a54b63aacd8fc4e81a4da926e5f28?s=96&d=mm&r=g\",\"contentUrl\":\"https:\\\/\\\/secure.gravatar.com\\\/avatar\\\/176f908138148facd74b7d78fc677b53b24a54b63aacd8fc4e81a4da926e5f28?s=96&d=mm&r=g\",\"caption\":\"Proplo\"},\"url\":\"https:\\\/\\\/proplo.pl\\\/blog\\\/author\\\/r-marciniak\\\/\"}]}<\/script>\n<!-- \/ Yoast SEO plugin. -->","yoast_head_json":{"title":"Biel we wn\u0119trzach - Proplo","description":"Biel to znacznie wi\u0119cej ni\u017c tylko kolor \u2013 to uniwersalne narz\u0119dzie aran\u017cacyjne, kt\u00f3re potrafi ca\u0142kowicie odmieni\u0107 charakter wn\u0119trza.","robots":{"index":"index","follow":"follow","max-snippet":"max-snippet:-1","max-image-preview":"max-image-preview:large","max-video-preview":"max-video-preview:-1"},"canonical":"https:\/\/proplo.pl\/blog\/biel-we-wnetrzach\/","og_locale":"pl_PL","og_type":"article","og_title":"Biel we wn\u0119trzach - Proplo","og_description":"Biel to znacznie wi\u0119cej ni\u017c tylko kolor \u2013 to uniwersalne narz\u0119dzie aran\u017cacyjne, kt\u00f3re potrafi ca\u0142kowicie odmieni\u0107 charakter wn\u0119trza.","og_url":"https:\/\/proplo.pl\/blog\/biel-we-wnetrzach\/","og_site_name":"Poradnik wn\u0119trzarski - Proplo","article_published_time":"2025-06-02T18:11:46+00:00","article_modified_time":"2025-06-02T18:18:08+00:00","og_image":[{"width":1200,"height":800,"url":"https:\/\/proplo.pl\/blog\/wp-content\/uploads\/2025\/06\/biel-we-wnetrzach-inspiracje.png","type":"image\/png"}],"author":"Proplo","twitter_card":"summary_large_image","twitter_misc":{"Napisane przez":"Proplo","Szacowany czas czytania":"18 minut"},"schema":{"@context":"https:\/\/schema.org","@graph":[{"@type":"Article","@id":"https:\/\/proplo.pl\/blog\/biel-we-wnetrzach\/#article","isPartOf":{"@id":"https:\/\/proplo.pl\/blog\/biel-we-wnetrzach\/"},"author":{"name":"Proplo","@id":"https:\/\/proplo.pl\/blog\/#\/schema\/person\/c13af99097d24e9fc2b86b838c0fd0e1"},"headline":"Biel we wn\u0119trzach &#8211; zastosowanie, style i po\u0142\u0105czenia kolorystyczne","datePublished":"2025-06-02T18:11:46+00:00","dateModified":"2025-06-02T18:18:08+00:00","mainEntityOfPage":{"@id":"https:\/\/proplo.pl\/blog\/biel-we-wnetrzach\/"},"wordCount":3733,"commentCount":0,"image":{"@id":"https:\/\/proplo.pl\/blog\/biel-we-wnetrzach\/#primaryimage"},"thumbnailUrl":"https:\/\/proplo.pl\/blog\/wp-content\/uploads\/2025\/06\/biel-we-wnetrzach-inspiracje.png","articleSection":["Kolory"],"inLanguage":"pl-PL","potentialAction":[{"@type":"CommentAction","name":"Comment","target":["https:\/\/proplo.pl\/blog\/biel-we-wnetrzach\/#respond"]}]},{"@type":"WebPage","@id":"https:\/\/proplo.pl\/blog\/biel-we-wnetrzach\/","url":"https:\/\/proplo.pl\/blog\/biel-we-wnetrzach\/","name":"Biel we wn\u0119trzach - Proplo","isPartOf":{"@id":"https:\/\/proplo.pl\/blog\/#website"},"primaryImageOfPage":{"@id":"https:\/\/proplo.pl\/blog\/biel-we-wnetrzach\/#primaryimage"},"image":{"@id":"https:\/\/proplo.pl\/blog\/biel-we-wnetrzach\/#primaryimage"},"thumbnailUrl":"https:\/\/proplo.pl\/blog\/wp-content\/uploads\/2025\/06\/biel-we-wnetrzach-inspiracje.png","datePublished":"2025-06-02T18:11:46+00:00","dateModified":"2025-06-02T18:18:08+00:00","author":{"@id":"https:\/\/proplo.pl\/blog\/#\/schema\/person\/c13af99097d24e9fc2b86b838c0fd0e1"},"description":"Biel to znacznie wi\u0119cej ni\u017c tylko kolor \u2013 to uniwersalne narz\u0119dzie aran\u017cacyjne, kt\u00f3re potrafi ca\u0142kowicie odmieni\u0107 charakter wn\u0119trza.","breadcrumb":{"@id":"https:\/\/proplo.pl\/blog\/biel-we-wnetrzach\/#breadcrumb"},"inLanguage":"pl-PL","potentialAction":[{"@type":"ReadAction","target":["https:\/\/proplo.pl\/blog\/biel-we-wnetrzach\/"]}]},{"@type":"ImageObject","inLanguage":"pl-PL","@id":"https:\/\/proplo.pl\/blog\/biel-we-wnetrzach\/#primaryimage","url":"https:\/\/proplo.pl\/blog\/wp-content\/uploads\/2025\/06\/biel-we-wnetrzach-inspiracje.png","contentUrl":"https:\/\/proplo.pl\/blog\/wp-content\/uploads\/2025\/06\/biel-we-wnetrzach-inspiracje.png","width":1200,"height":800,"caption":"Wn\u0119trze salonu w stylu japandi i skandynawskim z jasnymi meblami."},{"@type":"BreadcrumbList","@id":"https:\/\/proplo.pl\/blog\/biel-we-wnetrzach\/#breadcrumb","itemListElement":[{"@type":"ListItem","position":1,"name":"Proplo","item":"https:\/\/proplo.pl"},{"@type":"ListItem","position":2,"name":"Poradnik wn\u0119trzarski","item":"https:\/\/proplo.pl\/blog\/"},{"@type":"ListItem","position":3,"name":"Biel we wn\u0119trzach &#8211; zastosowanie, style i po\u0142\u0105czenia kolorystyczne"}]},{"@type":"WebSite","@id":"https:\/\/proplo.pl\/blog\/#website","url":"https:\/\/proplo.pl\/blog\/","name":"Blog Proplo","description":"","potentialAction":[{"@type":"SearchAction","target":{"@type":"EntryPoint","urlTemplate":"https:\/\/proplo.pl\/blog\/?s={search_term_string}"},"query-input":{"@type":"PropertyValueSpecification","valueRequired":true,"valueName":"search_term_string"}}],"inLanguage":"pl-PL"},{"@type":"Person","@id":"https:\/\/proplo.pl\/blog\/#\/schema\/person\/c13af99097d24e9fc2b86b838c0fd0e1","name":"Proplo","image":{"@type":"ImageObject","inLanguage":"pl-PL","@id":"https:\/\/secure.gravatar.com\/avatar\/176f908138148facd74b7d78fc677b53b24a54b63aacd8fc4e81a4da926e5f28?s=96&d=mm&r=g","url":"https:\/\/secure.gravatar.com\/avatar\/176f908138148facd74b7d78fc677b53b24a54b63aacd8fc4e81a4da926e5f28?s=96&d=mm&r=g","contentUrl":"https:\/\/secure.gravatar.com\/avatar\/176f908138148facd74b7d78fc677b53b24a54b63aacd8fc4e81a4da926e5f28?s=96&d=mm&r=g","caption":"Proplo"},"url":"https:\/\/proplo.pl\/blog\/author\/r-marciniak\/"}]}},"_links":{"self":[{"href":"https:\/\/proplo.pl\/blog\/wp-json\/wp\/v2\/posts\/828","targetHints":{"allow":["GET"]}}],"collection":[{"href":"https:\/\/proplo.pl\/blog\/wp-json\/wp\/v2\/posts"}],"about":[{"href":"https:\/\/proplo.pl\/blog\/wp-json\/wp\/v2\/types\/post"}],"author":[{"embeddable":true,"href":"https:\/\/proplo.pl\/blog\/wp-json\/wp\/v2\/users\/3"}],"replies":[{"embeddable":true,"href":"https:\/\/proplo.pl\/blog\/wp-json\/wp\/v2\/comments?post=828"}],"version-history":[{"count":6,"href":"https:\/\/proplo.pl\/blog\/wp-json\/wp\/v2\/posts\/828\/revisions"}],"predecessor-version":[{"id":843,"href":"https:\/\/proplo.pl\/blog\/wp-json\/wp\/v2\/posts\/828\/revisions\/843"}],"wp:featuredmedia":[{"embeddable":true,"href":"https:\/\/proplo.pl\/blog\/wp-json\/wp\/v2\/media\/842"}],"wp:attachment":[{"href":"https:\/\/proplo.pl\/blog\/wp-json\/wp\/v2\/media?parent=828"}],"wp:term":[{"taxonomy":"category","embeddable":true,"href":"https:\/\/proplo.pl\/blog\/wp-json\/wp\/v2\/categories?post=828"},{"taxonomy":"post_tag","embeddable":true,"href":"https:\/\/proplo.pl\/blog\/wp-json\/wp\/v2\/tags?post=828"}],"curies":[{"name":"wp","href":"https:\/\/api.w.org\/{rel}","templated":true}]}}