{"id":796,"date":"2025-05-29T12:49:21","date_gmt":"2025-05-29T11:49:21","guid":{"rendered":"https:\/\/proplo.pl\/blog\/?p=796"},"modified":"2025-05-29T20:20:05","modified_gmt":"2025-05-29T19:20:05","slug":"przytulne-wnetrza-aranzacje","status":"publish","type":"post","link":"https:\/\/proplo.pl\/blog\/przytulne-wnetrza-aranzacje\/","title":{"rendered":"Przytulne wn\u0119trza aran\u017cacje &#8211; kluczowe elementy i inspiracje"},"content":{"rendered":"<div class=\"you-find-content\">\r\n    <div class=\"container-xl container-wrapper\">\r\n        <div class=\"row design\">\r\n            <div class=\"col-md-12 wrapper \">\r\n                <div class=\"title\"><p>Z tego artyku\u0142u dowiesz si\u0119:<\/p>\n<\/div>\r\n                <div class=\"grid-wrapper\">\r\n                                                        <div class=\"block-list\">\r\n                        <div class=\"number\">\r\n                            1                        <\/div>\r\n                        <div class=\"text\">\r\n                            <p>Jak stworzy\u0107 wn\u0119trze, kt\u00f3re daje poczucie ciep\u0142a, relaksu i domowego ukojenia?<\/p>\n                        <\/div>\r\n                    <\/div>\r\n                                        <div class=\"block-list\">\r\n                        <div class=\"number\">\r\n                            2                        <\/div>\r\n                        <div class=\"text\">\r\n                            <p>Czym si\u0119 r\u00f3\u017cni\u0105 styl hygge, japandi, boho i rustykalny?<\/p>\n                        <\/div>\r\n                    <\/div>\r\n                                        <div class=\"block-list\">\r\n                        <div class=\"number\">\r\n                            3                        <\/div>\r\n                        <div class=\"text\">\r\n                            <p>Jakie kolory, materia\u0142y, o\u015bwietlenie i dodatki buduj\u0105 przytulny klimat?<\/p>\n                        <\/div>\r\n                    <\/div>\r\n                                        <div class=\"block-list\">\r\n                        <div class=\"number\">\r\n                            4                        <\/div>\r\n                        <div class=\"text\">\r\n                            <p>Jak po\u0142\u0105czy\u0107 estetyk\u0119 z funkcjonalno\u015bci\u0105, by mieszkanie sta\u0142o si\u0119 prawdziwym azylem?<\/p>\n                        <\/div>\r\n                    <\/div>\r\n                                                    <\/div>\r\n            <\/div>\r\n        <\/div>\r\n    <\/div>\r\n<\/div>\n\n\n<p>W \u015bwiecie, kt\u00f3ry nieustannie przyspiesza, a technologia i ch\u0142odny minimalizm dominuj\u0105 w wielu mieszkaniach, coraz cz\u0119\u015bciej t\u0119sknimy za czym\u015b innym. Za ciep\u0142em, spokojem i miejscem, kt\u00f3re naprawd\u0119 jest nasze. Przytulne wn\u0119trza staj\u0105 si\u0119 nie tylko modnym trendem, ale przede wszystkim odpowiedzi\u0105 na potrzeb\u0119 blisko\u015bci, relaksu i domowego ukojenia.<\/p>\n\n\n\n<p>Atmosfera w domu nie wynika z jednego elementu \u2013 to efekt harmonijnego po\u0142\u0105czenia wielu sk\u0142adnik\u00f3w. <strong>Kolory \u015bcian, faktury tkanin, gra \u015bwiate\u0142 oraz drobne dodatki<\/strong> wsp\u00f3lnie tworz\u0105 klimat, kt\u00f3ry otula i zaprasza do odpoczynku. Warto inspirowa\u0107 si\u0119 stylami, kt\u00f3re stawiaj\u0105 na komfort i harmoni\u0119, takimi jak:<\/p>\n\n\n\n<ul class=\"wp-block-list\">\n<li><strong>Hygge<\/strong> \u2013 du\u0144ska sztuka szcz\u0119\u015bcia, oparta na prostocie, mi\u0119kkich materia\u0142ach i ciep\u0142ym \u015bwietle \u015bwiec. Tworzy atmosfer\u0119 spokoju i przytulno\u015bci.<\/li>\n\n\n\n<li><strong>Japandi<\/strong> \u2013 subtelne po\u0142\u0105czenie japo\u0144skiej r\u00f3wnowagi z nordyckim minimalizmem. Styl ten promuje funkcjonalno\u015b\u0107, naturalne materia\u0142y i stonowan\u0105 kolorystyk\u0119.<\/li>\n\n\n\n<li><strong>Boho<\/strong> \u2013 swobodny, pe\u0142en \u017cycia styl, kt\u00f3ry \u0142\u0105czy kolory, wzory i naturalne akcenty. Idealny dla os\u00f3b ceni\u0105cych indywidualizm i artystyczny nie\u0142ad.<\/li>\n<\/ul>\n\n\n\n<p>Cho\u0107 ka\u017cdy z tych nurt\u00f3w ma sw\u00f3j unikalny charakter, \u0142\u0105czy je jedno: pragnienie stworzenia przestrzeni, w kt\u00f3rej po prostu dobrze si\u0119 czujemy. Takiej, kt\u00f3ra nie przyt\u0142acza, ale otula i daje poczucie bezpiecze\u0144stwa.<\/p>\n\n\n\n<p>Zastan\u00f3w si\u0119, jak mo\u017cesz wprowadzi\u0107 te inspiracje do swojego mieszkania. Czasem wystarczy kilka prostych zmian, by ca\u0142kowicie odmieni\u0107 atmosfer\u0119 wn\u0119trza:<\/p>\n\n\n\n<ul class=\"wp-block-list\">\n<li><strong>Mi\u0119kkie poduszki<\/strong> w naturalnych barwach \u2013 dodaj\u0105 komfortu i ciep\u0142a.<\/li>\n\n\n\n<li><strong>Pled<\/strong> rzucony niedbale na kanap\u0119 \u2013 wprowadza swobod\u0119 i przytulno\u015b\u0107.<\/li>\n\n\n\n<li><strong>Drewniany stolik<\/strong> z dusz\u0105 \u2013 nadaje wn\u0119trzu charakteru i naturalno\u015bci.<\/li>\n\n\n\n<li><strong>Ciep\u0142e, rozproszone \u015bwiat\u0142o<\/strong> z lampion\u00f3w i lampek \u2013 tworzy wyj\u0105tkowy nastr\u00f3j wieczorem.<\/li>\n<\/ul>\n\n\n\n<p>To w\u0142a\u015bnie detale \u2013 zapach \u015bwiec, ziele\u0144 ro\u015blin, zdj\u0119cia bliskich \u2013 nadaj\u0105 wn\u0119trzu osobisty charakter i sprawiaj\u0105, \u017ce czujemy si\u0119 w nim naprawd\u0119 u siebie. Bo dom to nie tylko przestrze\u0144. <strong>To emocje, wspomnienia i poczucie bezpiecze\u0144stwa<\/strong>. To miejsce, do kt\u00f3rego chce si\u0119 wraca\u0107 \u2013 codziennie, z u\u015bmiechem.<\/p>\n\n\n\n<h2 class=\"wp-block-heading\">Fundamenty przytulnej aran\u017cacji<\/h2>\n\n\n\n<p>Tworzenie <strong>przytulnej aran\u017cacji<\/strong> przypomina gotowanie ulubionej potrawy \u2013 liczy si\u0119 ka\u017cdy sk\u0142adnik i spos\u00f3b ich po\u0142\u0105czenia. <strong>Ciep\u0142e barwy, naturalne surowce i nastrojowe \u015bwiat\u0142o<\/strong> to trio, kt\u00f3re potrafi zdzia\u0142a\u0107 cuda. Gdy wszystkie elementy wsp\u00f3\u0142graj\u0105 jak dobrze zgrana orkiestra, wn\u0119trze nie tylko cieszy oko, ale te\u017c koi zmys\u0142y. Chodzi o atmosfer\u0119, kt\u00f3ra otula jak mi\u0119kki koc w ch\u0142odny wiecz\u00f3r \u2013 pe\u0142n\u0105 ciep\u0142a, spokoju i harmonii.<\/p>\n\n\n\n<figure class=\"wp-block-image size-full\"><a href=\"https:\/\/proplo.pl\/profile\/mk-studio-projektowania\/projekt\/sypialnia-na-poddaszu-w-stylu-boho-w-dwoch-wersjach-715\"><img loading=\"lazy\" decoding=\"async\" width=\"1200\" height=\"800\" src=\"https:\/\/proplo.pl\/blog\/wp-content\/uploads\/2025\/05\/przytulne-wnetrza.png\" alt=\"Sypialnia w stylu boho z ro\u015blinnymi elementami i naturalnym \u015bwiat\u0142em\" class=\"wp-image-802\" srcset=\"https:\/\/proplo.pl\/blog\/wp-content\/uploads\/2025\/05\/przytulne-wnetrza.png 1200w, https:\/\/proplo.pl\/blog\/wp-content\/uploads\/2025\/05\/przytulne-wnetrza-300x200.png 300w, https:\/\/proplo.pl\/blog\/wp-content\/uploads\/2025\/05\/przytulne-wnetrza-768x512.png 768w, https:\/\/proplo.pl\/blog\/wp-content\/uploads\/2025\/05\/przytulne-wnetrza-1024x683.png 1024w, https:\/\/proplo.pl\/blog\/wp-content\/uploads\/2025\/05\/przytulne-wnetrza-480x320.png 480w\" sizes=\"auto, (max-width: 1200px) 100vw, 1200px\" \/><\/a><figcaption class=\"wp-element-caption\">Projekt: <a href=\"https:\/\/proplo.pl\/profile\/mk-studio-projektowania\">MK Studio Projektowania<\/a><\/figcaption><\/figure>\n\n\n\n<h3 class=\"wp-block-heading\">Ciep\u0142a kolorystyka i kolory ziemi<\/h3>\n\n\n\n<p>Chcesz, by Twoje wn\u0119trze od progu zaprasza\u0142o do relaksu? Postaw na <strong>ciep\u0142e odcienie inspirowane natur\u0105<\/strong>. Barwy takie jak:<\/p>\n\n\n\n<ul class=\"wp-block-list\">\n<li><strong>be\u017c<\/strong> \u2013 neutralny i koj\u0105cy, idealny jako baza aran\u017cacji,<\/li>\n\n\n\n<li><strong>karmel<\/strong> \u2013 dodaje g\u0142\u0119bi i elegancji,<\/li>\n\n\n\n<li><strong>rdzawa czerwie\u0144<\/strong> \u2013 wprowadza nut\u0119 przytulno\u015bci i charakteru,<\/li>\n\n\n\n<li><strong>stonowana \u017c\u00f3\u0142\u0107<\/strong> \u2013 roz\u015bwietla przestrze\u0144 i ociepla j\u0105 wizualnie.<\/li>\n<\/ul>\n\n\n\n<p>Te kolory tworz\u0105 t\u0142o, kt\u00f3re nie dominuje, ale pi\u0119knie eksponuje inne elementy wystroju. <strong>To jak spokojna melodia \u2013 nie narzuca si\u0119, ale buduje nastr\u00f3j<\/strong>.<\/p>\n\n\n\n<h3 class=\"wp-block-heading\">Naturalne materia\u0142y w wystroju wn\u0119trz<\/h3>\n\n\n\n<p>Wn\u0119trze, kt\u00f3re oddycha razem z Tob\u0105? To mo\u017cliwe dzi\u0119ki <strong>naturalnym materia\u0142om<\/strong>, kt\u00f3re wprowadzaj\u0105 autentyczno\u015b\u0107 i ciep\u0142o. Warto si\u0119gn\u0105\u0107 po:<\/p>\n\n\n\n<ul class=\"wp-block-list\">\n<li><strong>drewno z widocznymi s\u0142ojami<\/strong> \u2013 nadaje wn\u0119trzu charakteru i historii,<\/li>\n\n\n\n<li><strong>mi\u0119kki len<\/strong> \u2013 lekki, przewiewny i przyjemny w dotyku,<\/li>\n\n\n\n<li><strong>surowy kamie\u0144<\/strong> \u2013 wprowadza naturaln\u0105 struktur\u0119 i trwa\u0142o\u015b\u0107,<\/li>\n\n\n\n<li><strong>r\u0119cznie pleciona wiklina<\/strong> \u2013 dodaje rustykalnego uroku i lekko\u015bci.<\/li>\n<\/ul>\n\n\n\n<p>Wyobra\u017a sobie st\u00f3\u0142 z odzyskanego drewna \u2013 nie tylko pi\u0119kny, ale i pe\u0142en historii. <strong>Naturalne materia\u0142y s\u0105 zdrowe dla Ciebie i przyjazne dla \u015brodowiska<\/strong>. Brzmi dobrze, prawda?<\/p>\n\n\n\n<h3 class=\"wp-block-heading\">Ciep\u0142e o\u015bwietlenie i jego rola w budowaniu nastroju<\/h3>\n\n\n\n<p>Nie bez powodu m\u00f3wi si\u0119, \u017ce <strong>\u015bwiat\u0142o tworzy klimat<\/strong>. W przytulnych wn\u0119trzach to ono gra g\u0142\u00f3wn\u0105 rol\u0119. <strong>Ciep\u0142a barwa \u015bwiat\u0142a \u2013 jak ta od \u015bwiecy \u2013 potrafi ca\u0142kowicie odmieni\u0107 przestrze\u0144<\/strong>. Warto postawi\u0107 na:<\/p>\n\n\n\n<ul class=\"wp-block-list\">\n<li>lampy z tkaninowymi aba\u017curami \u2013 rozpraszaj\u0105 \u015bwiat\u0142o i tworz\u0105 mi\u0119kk\u0105 po\u015bwiat\u0119,<\/li>\n\n\n\n<li>kinkiety z regulacj\u0105 nat\u0119\u017cenia \u2013 pozwalaj\u0105 dostosowa\u0107 nastr\u00f3j do pory dnia,<\/li>\n\n\n\n<li>delikatne girlandy \u015bwietlne \u2013 dodaj\u0105 magii i subtelno\u015bci,<\/li>\n\n\n\n<li>pojedyncze, dobrze dobrane \u017ar\u00f3d\u0142a \u015bwiat\u0142a \u2013 potrafi\u0105 zamieni\u0107 pok\u00f3j w spokojn\u0105, domow\u0105 przysta\u0144.<\/li>\n<\/ul>\n\n\n\n<p>\u015awiat\u0142o to nie tylko funkcja \u2013 to emocja, kt\u00f3ra buduje atmosfer\u0119.<\/p>\n\n\n\n<h3 class=\"wp-block-heading\">Tekstylia dekoracyjne jako \u017ar\u00f3d\u0142o mi\u0119kko\u015bci i komfortu<\/h3>\n\n\n\n<p><strong>Tekstylia dekoracyjne<\/strong> to jak ciep\u0142y u\u015bcisk \u2013 dodaj\u0105 wn\u0119trzu mi\u0119kko\u015bci, przytulno\u015bci i charakteru. Warto wprowadzi\u0107 do aran\u017cacji:<\/p>\n\n\n\n<ul class=\"wp-block-list\">\n<li>grube pledy \u2013 idealne na ch\u0142odne wieczory,<\/li>\n\n\n\n<li>welurowe poduszki \u2013 eleganckie i przyjemne w dotyku,<\/li>\n\n\n\n<li>zas\u0142ony z naturalnych tkanin \u2013 wprowadzaj\u0105 lekko\u015b\u0107 i chroni\u0105 przed nadmiarem \u015bwiat\u0142a,<\/li>\n\n\n\n<li>puszyste dywany \u2013 ocieplaj\u0105 pod\u0142og\u0119 i dodaj\u0105 komfortu.<\/li>\n<\/ul>\n\n\n\n<p>Narzuta w karmelowym odcieniu potrafi prze\u0142ama\u0107 ch\u0142\u00f3d minimalistycznej sypialni i doda\u0107 jej duszy. To w\u0142a\u015bnie te drobne akcenty sprawiaj\u0105, \u017ce dom staje si\u0119 prawdziwym azylem \u2013 miejscem, do kt\u00f3rego chce si\u0119 wraca\u0107.<\/p>\n\n\n\n<h2 class=\"wp-block-heading\">Style wn\u0119trzarskie sprzyjaj\u0105ce przytulno\u015bci<\/h2>\n\n\n\n<p>Marzysz o wn\u0119trzu, kt\u00f3re <strong>otula ciep\u0142em i zaprasza do relaksu<\/strong>? Trafi\u0142e\u015b idealnie. R\u00f3\u017cnorodne <strong>style wn\u0119trzarskie<\/strong> potrafi\u0105 przemieni\u0107 ka\u017cde pomieszczenie w przestrze\u0144 pe\u0142n\u0105 charakteru, funkcjonalno\u015bci i domowego klimatu. Od surowego minimalizmu po swobodny eklektyzm \u2013 ka\u017cdy z nich oferuje co\u015b wyj\u0105tkowego. Styl <strong>hygge, japandi czy boho<\/strong> to nie tylko modne trendy \u2013 to przede wszystkim sposoby na stworzenie miejsca, w kt\u00f3rym po prostu chce si\u0119 by\u0107. To przestrzenie, kt\u00f3re zach\u0119caj\u0105, by zosta\u0107 na d\u0142u\u017cej.<\/p>\n\n\n\n<h3 class=\"wp-block-heading\">Styl hygge: komfort i prostota w du\u0144skim wydaniu<\/h3>\n\n\n\n<p><strong>Hygge<\/strong> to nie tylko estetyka \u2013 to <strong>filozofia \u017cycia<\/strong>, kt\u00f3ra celebruje codzienny komfort i ciep\u0142o domowego ogniska. Wn\u0119trza w tym stylu przypominaj\u0105 mi\u0119kki koc \u2013 otulaj\u0105, uspokajaj\u0105 i daj\u0105 wytchnienie. Dominuj\u0105 tu:<\/p>\n\n\n\n<ul class=\"wp-block-list\">\n<li>Stonowane barwy \u2013 be\u017ce, szaro\u015bci, pastele<\/li>\n\n\n\n<li>Mi\u0119kkie, przyjemne w dotyku tkaniny \u2013 we\u0142na, bawe\u0142na, dzianiny<\/li>\n\n\n\n<li>Subtelne, ciep\u0142e o\u015bwietlenie \u2013 lampiony, \u015bwiece, lampki<\/li>\n<\/ul>\n\n\n\n<p>To przestrze\u0144, w kt\u00f3rej celebruje si\u0119 drobne przyjemno\u015bci: wiecz\u00f3r z ksi\u0105\u017ck\u0105, herbat\u0119 w ulubionym kubku, zapach \u015bwiec. Hygge to codzienna przytulno\u015b\u0107 w najlepszym wydaniu.<\/p>\n\n\n\n<h3 class=\"wp-block-heading\">Styl japandi: harmonia minimalizmu i ciep\u0142a<\/h3>\n\n\n\n<p><strong><a href=\"https:\/\/proplo.pl\/style\/japandi\">Japandi<\/a><\/strong> to po\u0142\u0105czenie japo\u0144skiej prostoty z nordyck\u0105 przytulno\u015bci\u0105. Efektem s\u0105 wn\u0119trza, kt\u00f3re s\u0105 uporz\u0105dkowane, ale nie ch\u0142odne \u2013 wr\u0119cz przeciwnie, emanuj\u0105 spokojem i naturalnym pi\u0119knem. Kluczowe cechy tego stylu to:<\/p>\n\n\n\n<ul class=\"wp-block-list\">\n<li><strong>Naturalne materia\u0142y<\/strong> \u2013 drewno, len, ceramika<\/li>\n\n\n\n<li><strong>Ciep\u0142a, ziemista kolorystyka<\/strong> \u2013 be\u017ce, br\u0105zy, zgaszone zielenie<\/li>\n\n\n\n<li><strong>Minimalizm z dusz\u0105<\/strong> \u2013 mniej znaczy wi\u0119cej, ale z charakterem<\/li>\n<\/ul>\n\n\n\n<p>Je\u015bli cenisz prostot\u0119, ale nie chcesz rezygnowa\u0107 z domowego ciep\u0142a, styl japandi mo\u017ce by\u0107 dok\u0142adnie tym, czego szukasz.<\/p>\n\n\n\n<h3 class=\"wp-block-heading\">Styl boho: swoboda, kolory i tekstylia<\/h3>\n\n\n\n<p><strong><a href=\"https:\/\/proplo.pl\/style\/boho\">Boho<\/a><\/strong> to styl dla os\u00f3b, kt\u00f3re chc\u0105, by ich wn\u0119trze wyra\u017ca\u0142o ich osobowo\u015b\u0107 \u2013 g\u0142o\u015bno i wyra\u017anie. Charakteryzuje si\u0119 on:<\/p>\n\n\n\n<ul class=\"wp-block-list\">\n<li>Kolorami i wzorami \u2013 etniczne motywy, intensywne barwy<\/li>\n\n\n\n<li>Warstwowo\u015bci\u0105 i teksturami \u2013 poduszki, pledy, dywany<\/li>\n\n\n\n<li>R\u0119kodzie\u0142em \u2013 makramy, r\u0119cznie tkane dodatki<\/li>\n\n\n\n<li>Brakiem sztywnych regu\u0142 \u2013 liczy si\u0119 kreatywno\u015b\u0107 i indywidualizm<\/li>\n<\/ul>\n\n\n\n<p>Je\u015bli chcesz, by Twoje mieszkanie opowiada\u0142o Twoj\u0105 histori\u0119, boho b\u0119dzie strza\u0142em w dziesi\u0105tk\u0119.<\/p>\n\n\n\n<figure class=\"wp-block-image size-full\"><a href=\"https:\/\/proplo.pl\/profile\/lubimy-matowe\/projekt\/dom-warszawa-ursus-pow-80m2-834\"><img loading=\"lazy\" decoding=\"async\" width=\"1200\" height=\"800\" src=\"https:\/\/proplo.pl\/blog\/wp-content\/uploads\/2025\/05\/przytulne-wnetrze-sypialni-w-stylu-boho.png\" alt=\"Sypialnia w stylu boho i japandi z ro\u015blinami i jasnymi meblami.\" class=\"wp-image-807\" srcset=\"https:\/\/proplo.pl\/blog\/wp-content\/uploads\/2025\/05\/przytulne-wnetrze-sypialni-w-stylu-boho.png 1200w, https:\/\/proplo.pl\/blog\/wp-content\/uploads\/2025\/05\/przytulne-wnetrze-sypialni-w-stylu-boho-300x200.png 300w, https:\/\/proplo.pl\/blog\/wp-content\/uploads\/2025\/05\/przytulne-wnetrze-sypialni-w-stylu-boho-768x512.png 768w, https:\/\/proplo.pl\/blog\/wp-content\/uploads\/2025\/05\/przytulne-wnetrze-sypialni-w-stylu-boho-1024x683.png 1024w, https:\/\/proplo.pl\/blog\/wp-content\/uploads\/2025\/05\/przytulne-wnetrze-sypialni-w-stylu-boho-480x320.png 480w\" sizes=\"auto, (max-width: 1200px) 100vw, 1200px\" \/><\/a><figcaption class=\"wp-element-caption\">Projekt: <a href=\"https:\/\/proplo.pl\/profile\/lubimy-matowe\">LUBIMY MATOWE<\/a><\/figcaption><\/figure>\n\n\n\n<h3 class=\"wp-block-heading\">Styl rustykalny: naturalno\u015b\u0107 i wiejska estetyka<\/h3>\n\n\n\n<p><strong><a href=\"https:\/\/proplo.pl\/style\/rustykalny\">Rustykalny styl<\/a><\/strong> to powr\u00f3t do natury, prostoty i sielskiego \u017cycia. W takich wn\u0119trzach dominuj\u0105:<\/p>\n\n\n\n<ul class=\"wp-block-list\">\n<li><strong>Drewno<\/strong> \u2013 cz\u0119sto surowe, z widocznymi s\u0142ojami<\/li>\n\n\n\n<li><strong>Naturalne materia\u0142y<\/strong> \u2013 len, kamie\u0144, ceramika<\/li>\n\n\n\n<li><strong>Ciep\u0142e, ziemiste barwy<\/strong> \u2013 be\u017ce, br\u0105zy, zielenie<\/li>\n<\/ul>\n\n\n\n<p>To styl, kt\u00f3ry przywo\u0142uje wspomnienia wakacji u babci na wsi i sprawia, \u017ce od razu czujesz si\u0119 jak w domu \u2013 bez wzgl\u0119du na to, gdzie jeste\u015b.<\/p>\n\n\n\n<h3 class=\"wp-block-heading\">Styl modern country: nowoczesno\u015b\u0107 z nut\u0105 tradycji<\/h3>\n\n\n\n<p><strong>Modern country<\/strong> to harmonijne po\u0142\u0105czenie nowoczesno\u015bci z rustykalnym urokiem. Idealny dla tych, kt\u00f3rzy ceni\u0105 prostot\u0119 i funkcjonalno\u015b\u0107, ale nie chc\u0105 rezygnowa\u0107 z ciep\u0142a i przytulno\u015bci. Charakterystyczne elementy tego stylu to:<\/p>\n\n\n\n<ul class=\"wp-block-list\">\n<li><strong>Nowoczesne formy<\/strong> \u2013 proste linie, funkcjonalne rozwi\u0105zania<\/li>\n\n\n\n<li><strong>Drewniane akcenty<\/strong> \u2013 blaty, meble, pod\u0142ogi<\/li>\n\n\n\n<li><strong>Ceramiczne dodatki<\/strong> \u2013 naczynia, wazony, kafle<\/li>\n\n\n\n<li><strong>Mi\u0119kkie, ciep\u0142e o\u015bwietlenie<\/strong> \u2013 lampy z aba\u017curami, \u015bwiat\u0142o dzienne<\/li>\n<\/ul>\n\n\n\n<p>To styl, kt\u00f3ry \u015bwietnie sprawdza si\u0119 w domach, gdzie liczy si\u0119 nie tylko estetyka, ale te\u017c <strong>rodzinna atmosfera i codzienna wygoda<\/strong>.<\/p>\n\n\n\n<h2 class=\"wp-block-heading\">Meble i formy wspieraj\u0105ce przytulno\u015b\u0107<\/h2>\n\n\n\n<p>Tworzenie przytulnego wn\u0119trza przypomina uk\u0142adanie puzzli \u2013 <strong>ka\u017cdy detal ma znaczenie<\/strong>, a kluczem jest harmonijne po\u0142\u0105czenie estetyki z funkcjonalno\u015bci\u0105. Jednym z najwa\u017cniejszych element\u00f3w tej uk\u0142adanki s\u0105 odpowiednio dobrane <strong>meble<\/strong>, kt\u00f3re wp\u0142ywaj\u0105 zar\u00f3wno na wygl\u0105d, jak i komfort codziennego \u017cycia.<\/p>\n\n\n\n<p>Szczeg\u00f3lne miejsce zajmuj\u0105 <strong>meble tapicerowane<\/strong>, kt\u00f3re wprowadzaj\u0105 do wn\u0119trza <strong>mi\u0119kko\u015b\u0107, spok\u00f3j i domowe ciep\u0142o<\/strong>. Ich obecno\u015b\u0107 sprawia, \u017ce przestrze\u0144 staje si\u0119 bardziej przyjazna i zach\u0119caj\u0105ca \u2013 idealna do relaksu po d\u0142ugim dniu.<\/p>\n\n\n\n<p>W\u015br\u00f3d klasycznych rozwi\u0105za\u0144, kt\u00f3re nigdy nie wychodz\u0105 z mody, warto wymieni\u0107:<\/p>\n\n\n\n<ul class=\"wp-block-list\">\n<li><strong>Mi\u0119kkie sofy<\/strong> \u2013 zapewniaj\u0105 wygod\u0119 i s\u0105 sercem strefy wypoczynkowej.<\/li>\n\n\n\n<li><strong>G\u0142\u0119bokie fotele<\/strong> \u2013 idealne do czytania lub popo\u0142udniowej drzemki.<\/li>\n\n\n\n<li><strong>Pufy<\/strong> \u2013 funkcjonalne i dekoracyjne, \u015bwietnie sprawdzaj\u0105 si\u0119 jako dodatkowe siedziska lub podn\u00f3\u017cki.<\/li>\n<\/ul>\n\n\n\n<p>Wybieraj\u0105c meble tapicerowane, warto zwr\u00f3ci\u0107 uwag\u0119 na:<\/p>\n\n\n\n<ul class=\"wp-block-list\">\n<li><strong>Jako\u015b\u0107 materia\u0142\u00f3w<\/strong> \u2013 trwa\u0142e i przyjemne w dotyku tkaniny zwi\u0119kszaj\u0105 komfort u\u017cytkowania.<\/li>\n\n\n\n<li><strong>Kolorystyk\u0119<\/strong> \u2013 ciep\u0142e barwy, takie jak be\u017ce, szaro\u015bci czy zgaszone r\u00f3\u017ce, tworz\u0105 sp\u00f3jn\u0105 i koj\u0105c\u0105 aran\u017cacj\u0119.<\/li>\n\n\n\n<li><strong>Form\u0119 i proporcje<\/strong> \u2013 dopasowane do wielko\u015bci pomieszczenia, wp\u0142ywaj\u0105 na jego funkcjonalno\u015b\u0107 i estetyk\u0119.<\/li>\n<\/ul>\n\n\n\n<p>Nie mniej istotne jest <strong>o\u015bwietlenie<\/strong>, kt\u00f3re cz\u0119sto decyduje o nastroju wn\u0119trza. Odpowiednio dobrane \u017ar\u00f3d\u0142a \u015bwiat\u0142a potrafi\u0105 ca\u0142kowicie odmieni\u0107 atmosfer\u0119 pomieszczenia. Warto postawi\u0107 na:<\/p>\n\n\n\n<ul class=\"wp-block-list\">\n<li><strong>Lampy sto\u0142owe z tkaninowymi aba\u017curami<\/strong> \u2013 rozpraszaj\u0105 \u015bwiat\u0142o, tworz\u0105c mi\u0119kk\u0105 po\u015bwiat\u0119.<\/li>\n\n\n\n<li><strong>Kinkiety<\/strong> \u2013 emituj\u0105 subtelne \u015bwiat\u0142o, idealne do wieczornego relaksu.<\/li>\n\n\n\n<li><strong>\u015awiece<\/strong> \u2013 dodaj\u0105 wn\u0119trzu intymno\u015bci i ciep\u0142a.<\/li>\n<\/ul>\n\n\n\n<p><strong>Ciep\u0142a barwa \u015bwiat\u0142a<\/strong> sprzyja wyciszeniu, buduje przytulno\u015b\u0107 i sprawia, \u017ce wn\u0119trze staje si\u0119 miejscem, w kt\u00f3rym po prostu chce si\u0119 by\u0107.<\/p>\n\n\n\n<p><strong>Meble tapicerowane<\/strong> to nie tylko estetyka \u2013 to przede wszystkim <strong>wygoda i funkcjonalno\u015b\u0107<\/strong>. Ich obecno\u015b\u0107 w salonie czy sypialni podkre\u015bla domowy charakter przestrzeni i sprawia, \u017ce staje si\u0119 ona prawdziwym azylem, do kt\u00f3rego z przyjemno\u015bci\u0105 si\u0119 wraca.<\/p>\n\n\n\n<p>Dla os\u00f3b poszukuj\u0105cych nowoczesnych i \u015bwiadomych rozwi\u0105za\u0144, doskona\u0142ym wyborem b\u0119d\u0105:<\/p>\n\n\n\n<ul class=\"wp-block-list\">\n<li><strong>Meble modu\u0142owe<\/strong> \u2013 elastyczne i \u0142atwe do dopasowania do zmieniaj\u0105cych si\u0119 potrzeb.<\/li>\n\n\n\n<li><strong>Tkaniny z recyklingu<\/strong> \u2013 \u0142\u0105cz\u0105 estetyk\u0119 z trosk\u0105 o \u015brodowisko.<\/li>\n<\/ul>\n\n\n\n<p>Przytulno\u015b\u0107 to nie tylko wygl\u0105d \u2013 to tak\u017ce warto\u015bci, kt\u00f3re wprowadzamy do naszych wn\u0119trz. \u015awiadome wybory sprawiaj\u0105, \u017ce dom staje si\u0119 nie tylko pi\u0119kny, ale i odpowiedzialny.<\/p>\n\n\n\n<figure class=\"wp-block-image size-full\"><a href=\"https:\/\/proplo.pl\/profile\/nat-in-concept\/projekt\/mieszkanie-w-duchu-vintage-nowa-huta-2-1522\"><img loading=\"lazy\" decoding=\"async\" width=\"1200\" height=\"800\" src=\"https:\/\/proplo.pl\/blog\/wp-content\/uploads\/2025\/05\/przytulne-wnetrze-inspiracje.png\" alt=\"Wn\u0119trze kuchni vintage z drewnianymi meblami i ro\u015blin\u0105.\" class=\"wp-image-809\" srcset=\"https:\/\/proplo.pl\/blog\/wp-content\/uploads\/2025\/05\/przytulne-wnetrze-inspiracje.png 1200w, https:\/\/proplo.pl\/blog\/wp-content\/uploads\/2025\/05\/przytulne-wnetrze-inspiracje-300x200.png 300w, https:\/\/proplo.pl\/blog\/wp-content\/uploads\/2025\/05\/przytulne-wnetrze-inspiracje-768x512.png 768w, https:\/\/proplo.pl\/blog\/wp-content\/uploads\/2025\/05\/przytulne-wnetrze-inspiracje-1024x683.png 1024w, https:\/\/proplo.pl\/blog\/wp-content\/uploads\/2025\/05\/przytulne-wnetrze-inspiracje-480x320.png 480w\" sizes=\"auto, (max-width: 1200px) 100vw, 1200px\" \/><\/a><figcaption class=\"wp-element-caption\">Projekt: <a href=\"https:\/\/proplo.pl\/profile\/nat-in-concept\">nat.in concept<\/a><\/figcaption><\/figure>\n\n\n\n<h2 class=\"wp-block-heading\">Tekstylia i dodatki ocieplaj\u0105ce wn\u0119trze<\/h2>\n\n\n\n<p>Chcesz, aby Twoje mieszkanie sta\u0142o si\u0119 bardziej przytulne? <strong>Domowe tekstylia i dekoracyjne dodatki<\/strong> potrafi\u0105 zdzia\u0142a\u0107 cuda \u2013 nie tylko zdobi\u0105 przestrze\u0144, ale te\u017c realnie wp\u0142ywaj\u0105 na komfort codziennego \u017cycia. <strong>Mi\u0119kkie materia\u0142y, ciep\u0142e odcienie i starannie dobrane akcesoria<\/strong> potrafi\u0105 ca\u0142kowicie odmieni\u0107 atmosfer\u0119 w czterech \u015bcianach. To w\u0142a\u015bnie dzi\u0119ki nim dom staje si\u0119 miejscem, do kt\u00f3rego wraca si\u0119 z przyjemno\u015bci\u0105 i ulg\u0105.<\/p>\n\n\n\n<p>Od czego zacz\u0105\u0107? Od podstaw \u2013 czyli od <strong>dywan\u00f3w i chodnik\u00f3w<\/strong>. To one jako pierwsze wprowadzaj\u0105 do wn\u0119trza ciep\u0142o \u2013 zar\u00f3wno fizyczne, jak i wizualne. <strong>Izoluj\u0105 od ch\u0142odnej pod\u0142ogi<\/strong>, a jednocze\u015bnie \u0142\u0105cz\u0105 r\u00f3\u017cne elementy wystroju w sp\u00f3jn\u0105 ca\u0142o\u015b\u0107. Puszysty dywan w salonie zach\u0119ca, by chodzi\u0107 boso, a przy okazji tworzy idealne warunki do relaksu \u2013 z ksi\u0105\u017ck\u0105, herbat\u0105 lub po prostu w ciszy. <strong>To prosty spos\u00f3b na stworzenie przyjaznej, domowej atmosfery<\/strong>.<\/p>\n\n\n\n<p>Tekstylia to jednak nie tylko pod\u0142oga. R\u00f3wnie wa\u017cne s\u0105 <strong>zas\u0142ony, narzuty, poduszki i pledy<\/strong>. Ich obecno\u015b\u0107:<\/p>\n\n\n\n<ul class=\"wp-block-list\">\n<li><strong>poprawia akustyk\u0119<\/strong> pomieszczenia, t\u0142umi\u0105c d\u017awi\u0119ki,<\/li>\n\n\n\n<li><strong>zatrzymuje ciep\u0142o<\/strong>, co jest szczeg\u00f3lnie wa\u017cne w ch\u0142odniejszych miesi\u0105cach,<\/li>\n\n\n\n<li><strong>dodaje wn\u0119trzu charakteru<\/strong> i indywidualnego stylu,<\/li>\n\n\n\n<li><strong>tworzy przytuln\u0105 atmosfer\u0119<\/strong>, kt\u00f3ra sprzyja odpoczynkowi.<\/li>\n<\/ul>\n\n\n\n<p>Czasem wystarczy kilka dobrze dobranych tkanin, by surowe, nowoczesne wn\u0119trze zyska\u0142o domowe ciep\u0142o i przyjazny klimat. I nagle wszystko staje si\u0119 bardziej \u201eTwoje\u201d.<\/p>\n\n\n\n<p>Szukasz czego\u015b wi\u0119cej? Czego\u015b, co nie tylko dobrze wygl\u0105da, ale te\u017c ma sens? Postaw na <strong>naturalne materia\u0142y<\/strong> \u2013 takie jak len, bawe\u0142na czy we\u0142na. S\u0105 nie tylko modne i stylowe, ale r\u00f3wnie\u017c <strong>przyjazne \u015brodowisku<\/strong>. A to przecie\u017c coraz wa\u017cniejsze. Czasem wystarczy:<\/p>\n\n\n\n<ul class=\"wp-block-list\">\n<li>nowa narzuta,<\/li>\n\n\n\n<li>lniana zas\u0142ona,<\/li>\n\n\n\n<li>we\u0142niany koc,<\/li>\n\n\n\n<li>czy komplet bawe\u0142nianych poduszek,<\/li>\n<\/ul>\n\n\n\n<p>by ca\u0142e wn\u0119trze nabra\u0142o nowej energii. Ma\u0142e zmiany \u2013 wielki efekt.<\/p>\n\n\n\n<h2 class=\"wp-block-heading\">Ro\u015bliny i natura w aran\u017cacji wn\u0119trz<\/h2>\n\n\n\n<p><strong>Wprowadzenie ro\u015blin i naturalnych akcent\u00f3w do wn\u0119trza<\/strong> to jeden z najprostszych, a zarazem najbardziej efektownych sposob\u00f3w na stworzenie przestrzeni pe\u0142nej harmonii, spokoju i dobrej energii. Ziele\u0144 w doniczkach nie tylko o\u017cywia ka\u017cde pomieszczenie, ale r\u00f3wnie\u017c wprowadza do niego naturalny rytm, kt\u00f3ry koi zmys\u0142y i buduje przytuln\u0105 atmosfer\u0119.<\/p>\n\n\n\n<p>Ro\u015bliny to znacznie wi\u0119cej ni\u017c tylko dekoracja. Ich obecno\u015b\u0107 potrafi ca\u0142kowicie odmieni\u0107 charakter wn\u0119trza \u2013 sprawi\u0107, \u017ce stanie si\u0119 ono cieplejsze, bardziej przyjazne i sprzyjaj\u0105ce codziennemu relaksowi. W dzisiejszym, zabieganym \u015bwiecie ziele\u0144 w domu to ju\u017c nie tylko estetyczny wyb\u00f3r \u2013 to realna potrzeba. To naturalny spos\u00f3b na redukcj\u0119 stresu, zm\u0119czenia i nadmiaru bod\u017ac\u00f3w.<\/p>\n\n\n\n<p>Co ciekawe, ro\u015bliny doskonale odnajduj\u0105 si\u0119 w niemal ka\u017cdym stylu aran\u017cacyjnym. Niezale\u017cnie od tego, czy preferujesz:<\/p>\n\n\n\n<ul class=\"wp-block-list\">\n<li>swobodny klimat boho,<\/li>\n\n\n\n<li>przytulno\u015b\u0107 stylu hygge,<\/li>\n\n\n\n<li>rustykaln\u0105 elegancj\u0119 modern country,<\/li>\n\n\n\n<li>czy minimalistyczne wn\u0119trza skandynawskie,<\/li>\n<\/ul>\n\n\n\n<p>\u2013 odpowiednio dobrane gatunki ro\u015blin mog\u0105 sta\u0107 si\u0119 <strong>sp\u00f3jnym i wyrazistym akcentem<\/strong>, kt\u00f3ry wzbogaca estetyk\u0119 wn\u0119trza i pozytywnie wp\u0142ywa na samopoczucie domownik\u00f3w. <strong>Tworz\u0105 przestrze\u0144, kt\u00f3ra \u0142\u0105czy pi\u0119kno z funkcjonalno\u015bci\u0105<\/strong>.<\/p>\n\n\n\n<p>Zastanawiasz si\u0119, jakie ro\u015bliny najlepiej odnajd\u0105 si\u0119 w Twoim domu? A mo\u017ce chcesz pozna\u0107 najnowsze trendy w aran\u017cacji zieleni, kt\u00f3re jeszcze mocniej podkre\u015bl\u0105 naturalny i przytulny charakter wn\u0119trza? Chod\u017a \u2013 przyjrzyjmy si\u0119 temu razem!<\/p>\n\n\n\n<figure class=\"wp-block-image size-full\"><a href=\"https:\/\/proplo.pl\/profile\/natimo-design\/projekt\/boho-chic-882\"><img loading=\"lazy\" decoding=\"async\" width=\"1200\" height=\"800\" src=\"https:\/\/proplo.pl\/blog\/wp-content\/uploads\/2025\/05\/przytulne-wnetrze-w-stylu-boho.png\" alt=\"Wn\u0119trze boho z jasnymi meblami, ro\u015blinami i drewnem.\" class=\"wp-image-804\" srcset=\"https:\/\/proplo.pl\/blog\/wp-content\/uploads\/2025\/05\/przytulne-wnetrze-w-stylu-boho.png 1200w, https:\/\/proplo.pl\/blog\/wp-content\/uploads\/2025\/05\/przytulne-wnetrze-w-stylu-boho-300x200.png 300w, https:\/\/proplo.pl\/blog\/wp-content\/uploads\/2025\/05\/przytulne-wnetrze-w-stylu-boho-768x512.png 768w, https:\/\/proplo.pl\/blog\/wp-content\/uploads\/2025\/05\/przytulne-wnetrze-w-stylu-boho-1024x683.png 1024w, https:\/\/proplo.pl\/blog\/wp-content\/uploads\/2025\/05\/przytulne-wnetrze-w-stylu-boho-480x320.png 480w\" sizes=\"auto, (max-width: 1200px) 100vw, 1200px\" \/><\/a><figcaption class=\"wp-element-caption\">Projekt: <a href=\"https:\/\/proplo.pl\/profile\/natimo-design\">NATIMO DESIGN<\/a><\/figcaption><\/figure>\n\n\n\n<h2 class=\"wp-block-heading\">Funkcjonalno\u015b\u0107 i atmosfera<\/h2>\n\n\n\n<p>Coraz cz\u0119\u015bciej zale\u017cy nam na tym, by nasze wn\u0119trza by\u0142y nie tylko praktyczne, ale r\u00f3wnie\u017c pe\u0142ne ciep\u0142a i charakteru. Dom to co\u015b wi\u0119cej ni\u017c cztery \u015bciany \u2013 to przestrze\u0144, w kt\u00f3rej chcemy czu\u0107 si\u0119 swobodnie, bezpiecznie i po prostu dobrze. Kluczem do osi\u0105gni\u0119cia takiego efektu jest przemy\u015blane zaplanowanie przestrzeni, kt\u00f3re pozwala na swobodne poruszanie si\u0119, a jednocze\u015bnie zapewnia miejsce na relaks, odpoczynek i codzienne rytua\u0142y.<\/p>\n\n\n\n<p>Gdy funkcjonalno\u015b\u0107 spotyka si\u0119 z domowym klimatem, nawet niewielkie mieszkanie mo\u017ce sta\u0107 si\u0119 miejscem, do kt\u00f3rego wraca si\u0119 z przyjemno\u015bci\u0105 \u2013 i ulg\u0105.<\/p>\n\n\n\n<h3 class=\"wp-block-heading\">Podzia\u0142 na strefy funkcjonalne w przytulnych przestrzeniach<\/h3>\n\n\n\n<p>Jednym z najskuteczniejszych sposob\u00f3w na zwi\u0119kszenie praktyczno\u015bci wn\u0119trza jest jego <strong>podzia\u0142 na strefy funkcjonalne<\/strong>. To rozwi\u0105zanie sprawdza si\u0119 szczeg\u00f3lnie w <strong>kameralnych kuchniach<\/strong>, gdzie wiele aktywno\u015bci odbywa si\u0119 jednocze\u015bnie \u2013 gotowanie, jedzenie, rozmowy czy chwile wytchnienia.<\/p>\n\n\n\n<p>Aby wprowadzi\u0107 \u0142ad i harmoni\u0119, warto wyra\u017anie oddzieli\u0107 poszczeg\u00f3lne strefy:<\/p>\n\n\n\n<ul class=\"wp-block-list\">\n<li><strong>Strefa gotowania<\/strong> \u2013 zorganizowana i ergonomiczna, by u\u0142atwi\u0107 codzienne przygotowywanie posi\u0142k\u00f3w.<\/li>\n\n\n\n<li><strong>Jadalnia<\/strong> \u2013 miejsce sprzyjaj\u0105ce wsp\u00f3lnym posi\u0142kom i rozmowom.<\/li>\n\n\n\n<li><strong>K\u0105cik relaksu<\/strong> \u2013 przestrze\u0144 do odpoczynku, z wygodnym siedziskiem i nastrojowym o\u015bwietleniem.<\/li>\n<\/ul>\n\n\n\n<p>W salonie warto postawi\u0107 na <strong>punkt centralny \u2013 kominek<\/strong>. To nie tylko \u017ar\u00f3d\u0142o ciep\u0142a, ale te\u017c <strong>symbol domowego ogniska<\/strong>, wok\u00f3\u0142 kt\u00f3rego toczy si\u0119 \u017cycie rodzinne. Kilka prostych dodatk\u00f3w \u2013 poduszki, mi\u0119kki dywan, \u015bwiat\u0142o \u015bwiec \u2013 wystarczy, by stworzy\u0107 atmosfer\u0119, kt\u00f3ra zaprasza do zatrzymania si\u0119 na chwil\u0119 i cieszenia si\u0119 chwil\u0105.<\/p>\n\n\n\n<h3 class=\"wp-block-heading\">Filozofia slow life jako inspiracja projektowa<\/h3>\n\n\n\n<p>W \u015bwiecie, kt\u00f3ry nieustannie przyspiesza, coraz wi\u0119cej os\u00f3b szuka w domu przestrzeni do zwolnienia tempa. Tu z pomoc\u0105 przychodzi <strong>filozofia slow life<\/strong> \u2013 podej\u015bcie, kt\u00f3re stawia na uwa\u017cno\u015b\u0107, prostot\u0119 i jako\u015b\u0107. Wn\u0119trza inspirowane t\u0105 ide\u0105 s\u0105 jak oddech \u2013 pe\u0142ne naturalnych materia\u0142\u00f3w, spokojnych barw i form, kt\u00f3re nie przyt\u0142aczaj\u0105.<\/p>\n\n\n\n<p><strong>Styl slow life<\/strong> to nie tylko estetyka, ale przede wszystkim spos\u00f3b na \u017cycie. Doskonale \u0142\u0105czy si\u0119 z <strong>filozofi\u0105 hygge<\/strong><sup data-fn=\"260a7aef-2f33-467f-8634-6b7bed968c7a\" class=\"fn\"><a id=\"260a7aef-2f33-467f-8634-6b7bed968c7a-link\" href=\"#260a7aef-2f33-467f-8634-6b7bed968c7a\">1<\/a><\/sup>, kt\u00f3ra zach\u0119ca do otaczania si\u0119 przedmiotami maj\u0105cymi dla nas osobiste znaczenie. Mog\u0105 to by\u0107:<\/p>\n\n\n\n<ul class=\"wp-block-list\">\n<li>ulubiony koc, kt\u00f3ry kojarzy si\u0119 z ciep\u0142em i bezpiecze\u0144stwem,<\/li>\n\n\n\n<li>fili\u017canka herbaty wypita w ciszy,<\/li>\n\n\n\n<li>ksi\u0105\u017cka, do kt\u00f3rej ch\u0119tnie wracamy,<\/li>\n\n\n\n<li>ciep\u0142e \u015bwiat\u0142o lampy, kt\u00f3re tworzy nastrojowy klimat.<\/li>\n<\/ul>\n\n\n\n<p>Dom w stylu slow life koi zmys\u0142y i daje poczucie bezpiecze\u0144stwa. To przestrze\u0144, w kt\u00f3rej mo\u017cemy po prostu by\u0107 \u2013 bez po\u015bpiechu, bez presji.<\/p>\n\n\n\n<h3 class=\"wp-block-heading\">Tworzenie przytulnej atmosfery w codziennym \u017cyciu<\/h3>\n\n\n\n<p>Jak sprawi\u0107, by dom naprawd\u0119 sta\u0142 si\u0119 nasz\u0105 oaz\u0105 spokoju? <strong>Sekret tkwi w detalach<\/strong>. Budowanie <strong>ciep\u0142ego nastroju<\/strong> zaczyna si\u0119 od \u015bwiadomego wyboru materia\u0142\u00f3w, kolor\u00f3w i dodatk\u00f3w. W tym pomaga trend <strong>cocooning<\/strong> \u2013 tworzenie wn\u0119trza, kt\u00f3re otula nas jak kokon, daj\u0105c poczucie bezpiecze\u0144stwa i komfortu.<\/p>\n\n\n\n<p>Warto postawi\u0107 na naturalne materia\u0142y, kt\u00f3re wprowadzaj\u0105 do wn\u0119trza autentyczno\u015b\u0107 i r\u00f3wnowag\u0119:<\/p>\n\n\n\n<ul class=\"wp-block-list\">\n<li><strong>Drewno<\/strong> \u2013 ciep\u0142e, trwa\u0142e i ponadczasowe,<\/li>\n\n\n\n<li><strong>Len<\/strong> \u2013 lekki, oddychaj\u0105cy i przyjemny w dotyku,<\/li>\n\n\n\n<li><strong>We\u0142na<\/strong> \u2013 mi\u0119kka, otulaj\u0105ca i naturalnie izoluj\u0105ca ciep\u0142o.<\/li>\n<\/ul>\n\n\n\n<p>Uzupe\u0142nieniem s\u0105 <strong>mi\u0119kkie \u015bwiat\u0142o<\/strong>, <strong>przyjemne w dotyku tkaniny<\/strong> oraz <strong>osobiste akcenty<\/strong>, kt\u00f3re nadaj\u0105 wn\u0119trzu indywidualny charakter. Dzi\u0119ki nim powstaje przestrze\u0144, kt\u00f3ra sprzyja wyciszeniu i codziennemu odpoczynkowi.<\/p>\n\n\n\n<p>Ka\u017cdy z nas zas\u0142uguje na miejsce, w kt\u00f3rym mo\u017ce po prostu by\u0107 sob\u0105 \u2013 bez udawania, bez po\u015bpiechu.<\/p>\n\n\n\n<figure class=\"wp-block-image size-full\"><a href=\"https:\/\/proplo.pl\/profile\/modra-pracownia-magdalena-szymczak\/projekt\/1081\"><img loading=\"lazy\" decoding=\"async\" width=\"1200\" height=\"800\" src=\"https:\/\/proplo.pl\/blog\/wp-content\/uploads\/2025\/02\/aranzacja-sypialni-dodatki.png\" alt=\"Wn\u0119trze sypialni w stylu boho, eklektycznym i rustykalnym z drewnianymi elementami.\" class=\"wp-image-475\" srcset=\"https:\/\/proplo.pl\/blog\/wp-content\/uploads\/2025\/02\/aranzacja-sypialni-dodatki.png 1200w, https:\/\/proplo.pl\/blog\/wp-content\/uploads\/2025\/02\/aranzacja-sypialni-dodatki-300x200.png 300w, https:\/\/proplo.pl\/blog\/wp-content\/uploads\/2025\/02\/aranzacja-sypialni-dodatki-768x512.png 768w, https:\/\/proplo.pl\/blog\/wp-content\/uploads\/2025\/02\/aranzacja-sypialni-dodatki-1024x683.png 1024w, https:\/\/proplo.pl\/blog\/wp-content\/uploads\/2025\/02\/aranzacja-sypialni-dodatki-480x320.png 480w\" sizes=\"auto, (max-width: 1200px) 100vw, 1200px\" \/><\/a><figcaption class=\"wp-element-caption\">Projekt: <a href=\"https:\/\/proplo.pl\/profile\/modra-pracownia-magdalena-szymczak\">MODRA pracownia Magdalena Szymczak<\/a><\/figcaption><\/figure>\n\n\n\n<h2 class=\"wp-block-heading\">Aran\u017cacje przytulnych pomieszcze\u0144<\/h2>\n\n\n\n<p>Stworzenie <strong>przytulnego wn\u0119trza<\/strong> to co\u015b wi\u0119cej ni\u017c tylko dob\u00f3r estetycznych dodatk\u00f3w. To sztuka kreowania atmosfery, kt\u00f3ra sprzyja relaksowi, rozmowom i byciu tu i teraz. Ka\u017cde pomieszczenie w domu mo\u017ce sta\u0107 si\u0119 takim miejscem \u2013 wystarczy odrobina wyczucia, odpowiednie kolory, naturalne materia\u0142y i dobrze dobrane o\u015bwietlenie.<\/p>\n\n\n\n<p>Chcesz stworzy\u0107 przestrze\u0144, w kt\u00f3rej z przyjemno\u015bci\u0105 zaszyjesz si\u0119 z herbat\u0105 i ksi\u0105\u017ck\u0105? Zobacz, jak zaaran\u017cowa\u0107 r\u00f3\u017cne wn\u0119trza, by sta\u0142y si\u0119 prawdziw\u0105 oaz\u0105 spokoju.<\/p>\n\n\n\n<h3 class=\"wp-block-heading\">Przytulny salon: meble, \u015bwiat\u0142o i kominek<\/h3>\n\n\n\n<p><strong>Salon to serce domu<\/strong> \u2013 miejsce spotka\u0144, odpoczynku i wsp\u00f3lnego sp\u0119dzania czasu. Aby nada\u0107 mu przytulny charakter, warto zadba\u0107 o kilka kluczowych element\u00f3w:<\/p>\n\n\n\n<ul class=\"wp-block-list\">\n<li><strong>Mi\u0119kkie, tapicerowane meble<\/strong> \u2013 wygodna sofa, fotel z podn\u00f3\u017ckiem czy pufa zach\u0119caj\u0105 do relaksu po d\u0142ugim dniu.<\/li>\n\n\n\n<li><strong>Ciep\u0142e, rozproszone \u015bwiat\u0142o<\/strong> \u2013 lampy stoj\u0105ce, kinkiety, \u015bwiece tworz\u0105 nastrojow\u0105 atmosfer\u0119 po zmroku.<\/li>\n\n\n\n<li><strong>Kominek<\/strong> \u2013 nawet elektryczny, wprowadza domowe ciep\u0142o i staje si\u0119 centrum \u017cycia rodzinnego.<\/li>\n<\/ul>\n\n\n\n<p>Efekt? Salon, w kt\u00f3rym chce si\u0119 przebywa\u0107 \u2013 jak z bajki.<\/p>\n\n\n\n<h3 class=\"wp-block-heading\">Przytulna sypialnia: tekstylia i o\u015bwietlenie<\/h3>\n\n\n\n<p><strong>Sypialnia to Twoja prywatna strefa wyciszenia<\/strong>, dlatego powinna otula\u0107 mi\u0119kko\u015bci\u0105 i spokojem. Kluczowe elementy, kt\u00f3re pomog\u0105 stworzy\u0107 przytuln\u0105 atmosfer\u0119 to:<\/p>\n\n\n\n<ul class=\"wp-block-list\">\n<li><strong>Tekstylia<\/strong> \u2013 puszysta po\u015bciel, grube koce, dekoracyjne poduszki, kt\u00f3re sprawiaj\u0105, \u017ce nie chce si\u0119 wychodzi\u0107 z \u0142\u00f3\u017cka.<\/li>\n\n\n\n<li><strong>Stonowana kolorystyka<\/strong> \u2013 be\u017ce, szaro\u015bci, pudrowy r\u00f3\u017c \u2013 barwy, kt\u00f3re uspokajaj\u0105 i sprzyjaj\u0105 relaksowi.<\/li>\n\n\n\n<li><strong>Delikatne o\u015bwietlenie<\/strong> \u2013 lampki nocne, girlandy \u015bwietlne, a tak\u017ce zapachowe \u015bwiece tworz\u0105 intymny klimat.<\/li>\n\n\n\n<li><strong>Mi\u0119kkie zas\u0142ony<\/strong> \u2013 dodaj\u0105 przytulno\u015bci i chroni\u0105 przed nadmiarem \u015bwiat\u0142a z zewn\u0105trz.<\/li>\n<\/ul>\n\n\n\n<p>Rezultat? Przestrze\u0144, w kt\u00f3rej ka\u017cdy wiecz\u00f3r staje si\u0119 rytua\u0142em ukojenia.<\/p>\n\n\n\n<h3 class=\"wp-block-heading\">Przytulna kuchnia: naturalne materia\u0142y i wsp\u00f3lna przestrze\u0144<\/h3>\n\n\n\n<p><strong>Kuchnia to serce domu<\/strong>, w kt\u00f3rym nie tylko gotujemy, ale te\u017c dzielimy si\u0119 codzienno\u015bci\u0105. Aby nada\u0107 jej przytulny charakter, warto postawi\u0107 na:<\/p>\n\n\n\n<ul class=\"wp-block-list\">\n<li><strong>Naturalne materia\u0142y<\/strong> \u2013 drewno, ceramika, kamie\u0144 wprowadzaj\u0105 harmoni\u0119 i ciep\u0142o.<\/li>\n\n\n\n<li><strong>Ciep\u0142e kolory<\/strong> \u2013 miodowy br\u0105z, oliwkowa ziele\u0144, kremowa biel tworz\u0105 przyjazn\u0105 atmosfer\u0119.<\/li>\n\n\n\n<li><strong>Du\u017cy st\u00f3\u0142<\/strong> \u2013 centrum wsp\u00f3lnych posi\u0142k\u00f3w, rozm\u00f3w i \u015bmiechu.<\/li>\n\n\n\n<li><strong>Otwarte p\u00f3\u0142ki<\/strong> \u2013 pe\u0142ne s\u0142oik\u00f3w z przyprawami i domowymi przetworami, przywo\u0142uj\u0105 klimat kuchni u babci.<\/li>\n<\/ul>\n\n\n\n<p>Efekt? Kuchnia, w kt\u00f3rej chce si\u0119 by\u0107 \u2013 nie tylko podczas gotowania.<\/p>\n\n\n\n<h3 class=\"wp-block-heading\">Przytulny balkon i taras: ziele\u0144, \u015bwiat\u0142o i tekstylia<\/h3>\n\n\n\n<p><strong>Nawet najmniejszy balkon mo\u017ce sta\u0107 si\u0119 zielon\u0105 oaz\u0105<\/strong>. Wystarczy kilka przemy\u015blanych dodatk\u00f3w, by stworzy\u0107 przytuln\u0105 przestrze\u0144 na \u015bwie\u017cym powietrzu:<\/p>\n\n\n\n<ul class=\"wp-block-list\">\n<li><strong>Ro\u015bliny<\/strong> \u2013 doniczki z zio\u0142ami, kwiatami i pn\u0105czami wprowadzaj\u0105 \u017cycie i kolor.<\/li>\n\n\n\n<li><strong>O\u015bwietlenie<\/strong> \u2013 lampiony, \u015bwiece, girlandy \u015bwietlne tworz\u0105 magiczny nastr\u00f3j po zmroku.<\/li>\n\n\n\n<li><strong>Tekstylia<\/strong> \u2013 mi\u0119kkie poduszki, pledy, dywaniki zapewniaj\u0105 komfort nawet w ch\u0142odniejsze wieczory.<\/li>\n\n\n\n<li><strong>Miejsce relaksu<\/strong> \u2013 idealne na porann\u0105 kaw\u0119, wieczorn\u0105 lektur\u0119 lub chwil\u0119 oddechu bez wychodzenia z domu.<\/li>\n<\/ul>\n\n\n\n<p>Wniosek? Czasem wystarczy kilka krok\u00f3w, by znale\u017a\u0107 si\u0119 w swoim ma\u0142ym raju.<\/p>\n\n\n\n<figure class=\"wp-block-image size-full\"><a href=\"https:\/\/proplo.pl\/profile\/modra-pracownia-magdalena-szymczak\/projekt\/wnetrze-w-wiejskim-stylu-zielona-kuchnia-i-rustykalne-akcenty-1080\"><img loading=\"lazy\" decoding=\"async\" width=\"1200\" height=\"800\" src=\"https:\/\/proplo.pl\/blog\/wp-content\/uploads\/2025\/05\/przytulne-wnetrze-sypialni.png\" alt=\"Wn\u0119trze w stylu boho z ro\u015blinami, drewnianymi detalami i rustykalnym kominkiem\" class=\"wp-image-803\" srcset=\"https:\/\/proplo.pl\/blog\/wp-content\/uploads\/2025\/05\/przytulne-wnetrze-sypialni.png 1200w, https:\/\/proplo.pl\/blog\/wp-content\/uploads\/2025\/05\/przytulne-wnetrze-sypialni-300x200.png 300w, https:\/\/proplo.pl\/blog\/wp-content\/uploads\/2025\/05\/przytulne-wnetrze-sypialni-768x512.png 768w, https:\/\/proplo.pl\/blog\/wp-content\/uploads\/2025\/05\/przytulne-wnetrze-sypialni-1024x683.png 1024w, https:\/\/proplo.pl\/blog\/wp-content\/uploads\/2025\/05\/przytulne-wnetrze-sypialni-480x320.png 480w\" sizes=\"auto, (max-width: 1200px) 100vw, 1200px\" \/><\/a><figcaption class=\"wp-element-caption\">Projekt: <a href=\"https:\/\/proplo.pl\/profile\/modra-pracownia-magdalena-szymczak\">MODRA pracownia Magdalena Szymczak<\/a><\/figcaption><\/figure>\n\n\n\n<h2 class=\"wp-block-heading\">Jak zaaran\u017cowa\u0107 przytulne wn\u0119trze krok po kroku<\/h2>\n\n\n\n<p><strong>Stworzenie przytulnego wn\u0119trza<\/strong> to nie tylko kwestia estetyki, ale przede wszystkim harmonijne po\u0142\u0105czenie funkcjonalno\u015bci z atmosfer\u0105 sprzyjaj\u0105c\u0105 odpoczynkowi. Chodzi o to, by dom nie tylko dobrze wygl\u0105da\u0142, ale te\u017c by\u0142 miejscem, w kt\u00f3rym naprawd\u0119 chce si\u0119 przebywa\u0107.<\/p>\n\n\n\n<p><strong>Od czego zacz\u0105\u0107?<\/strong> Najlepiej od kolor\u00f3w \u2013 to one stanowi\u0105 fundament ka\u017cdej aran\u017cacji. <strong>Ciep\u0142e, naturalne barwy<\/strong>, takie jak krem, g\u0142\u0119boki br\u0105z czy oliwkowa ziele\u0144, wprowadzaj\u0105 harmoni\u0119 i spok\u00f3j, otulaj\u0105c przestrze\u0144 niczym mi\u0119kki koc po d\u0142ugim dniu.<\/p>\n\n\n\n<p>Kolejny krok to <strong>dob\u00f3r mebli i dodatk\u00f3w<\/strong>. Warto wybiera\u0107 elementy, kt\u00f3re s\u0105 nie tylko stylowe, ale przede wszystkim wygodne i praktyczne. Mi\u0119kkie, tapicerowane sofy, fotele z przyjemnym obiciem \u2013 to one nadaj\u0105 wn\u0119trzu mi\u0119kko\u015bci i komfortu.<\/p>\n\n\n\n<p><strong>Tekstylia odgrywaj\u0105 kluczow\u0105 rol\u0119<\/strong> w budowaniu przytulno\u015bci. Im wi\u0119cej warstw, tym lepiej \u2013 pledy, zas\u0142ony, poduszki tworz\u0105 g\u0142\u0119bi\u0119 i ciep\u0142o. Nie zapominaj r\u00f3wnie\u017c o \u015bwietle \u2013 to ono buduje nastr\u00f3j. <strong>Ciep\u0142e, rozproszone o\u015bwietlenie<\/strong> w postaci lamp sto\u0142owych, kinkiet\u00f3w czy \u015bwiec koi zmys\u0142y i sprzyja relaksowi.<\/p>\n\n\n\n<p>Na koniec \u2013 detale, kt\u00f3re nadaj\u0105 wn\u0119trzu osobisty charakter. Ulubione ksi\u0105\u017cki, zdj\u0119cia z podr\u00f3\u017cy, r\u0119cznie wykonane ozdoby \u2013 to w\u0142a\u015bnie te drobiazgi sprawiaj\u0105, \u017ce przestrze\u0144 staje si\u0119 naprawd\u0119 Twoja. Dzi\u0119ki nim nawet najprostsze mieszkanie mo\u017ce zamieni\u0107 si\u0119 w miejsce pe\u0142ne ciep\u0142a, spokoju i autentyczno\u015bci.<\/p>\n\n\n\n<h3 class=\"wp-block-heading\">Jakie dodatki i kolory nadaj\u0105 wn\u0119trzu ciep\u0142a<\/h3>\n\n\n\n<p>Je\u015bli chcesz szybko ociepli\u0107 wn\u0119trze, postaw na odpowiednie <strong>dodatki i kolory<\/strong>. To prosty spos\u00f3b, by ca\u0142kowicie odmieni\u0107 atmosfer\u0119 w pomieszczeniu.<\/p>\n\n\n\n<ul class=\"wp-block-list\">\n<li><strong>Mi\u0119kkie poduszki<\/strong> \u2013 dodaj\u0105 komfortu i koloru.<\/li>\n\n\n\n<li><strong>Grube koce z we\u0142ny<\/strong> \u2013 idealne na ch\u0142odne wieczory, wprowadzaj\u0105 rustykalny urok.<\/li>\n\n\n\n<li><strong>Lniane zas\u0142ony<\/strong> \u2013 naturalne, lekkie i przyjemne w dotyku.<\/li>\n\n\n\n<li><strong>Pledy z owczej we\u0142ny<\/strong> \u2013 ekologiczne i niezwykle przytulne.<\/li>\n<\/ul>\n\n\n\n<p><strong>Naturalne materia\u0142y<\/strong> nie tylko \u015bwietnie wygl\u0105daj\u0105, ale te\u017c s\u0105 przyjazne dla \u015brodowiska i przyjemne w u\u017cytkowaniu.<\/p>\n\n\n\n<p>Kolory r\u00f3wnie\u017c maj\u0105 ogromne znaczenie. <strong>Ciep\u0142e tony<\/strong>, takie jak karmel, terakota czy pudrowy r\u00f3\u017c, wprowadzaj\u0105 przyjazny nastr\u00f3j. Z kolei <strong>barwy ziemi<\/strong> \u2013 glina, mech, piasek \u2013 dzia\u0142aj\u0105 koj\u0105co i pomagaj\u0105 si\u0119 zrelaksowa\u0107.<\/p>\n\n\n\n<p>Nawet drobne akcenty, takie jak wazon, obraz czy \u015bwieca, mog\u0105 ca\u0142kowicie zmieni\u0107 odbi\u00f3r przestrzeni. Czasem wystarczy naprawd\u0119 niewiele, by stworzy\u0107 ciep\u0142y klimat.<\/p>\n\n\n\n<p>Nie zapominaj o \u015bwietle \u2013 to ono buduje klimat. <strong>Lampy z tkaninowymi aba\u017curami, papierowe klosze i \u015bwiece<\/strong> daj\u0105 mi\u0119kkie, rozproszone \u015bwiat\u0142o, kt\u00f3re sprzyja odpoczynkowi. Po\u0142\u0105czenie odpowiednich kolor\u00f3w, dodatk\u00f3w i o\u015bwietlenia sprawi, \u017ce Twoje wn\u0119trze stanie si\u0119 prawdziw\u0105 oaz\u0105 spokoju.<\/p>\n\n\n\n<h3 class=\"wp-block-heading\">Jak stworzy\u0107 przytulny klimat w nowoczesnym mieszkaniu<\/h3>\n\n\n\n<p>Nowoczesne mieszkania cz\u0119sto kojarz\u0105 si\u0119 z ch\u0142odnym minimalizmem \u2013 prostymi formami, stonowan\u0105 kolorystyk\u0105 i du\u017c\u0105 ilo\u015bci\u0105 przestrzeni. Ale to nie znaczy, \u017ce musz\u0105 by\u0107 zimne i bezosobowe. <strong>Wystarczy kilka prostych trik\u00f3w, by doda\u0107 im ciep\u0142a i charakteru<\/strong>.<\/p>\n\n\n\n<p><strong>Kluczem jest balans<\/strong> mi\u0119dzy nowoczesno\u015bci\u0105 a domowym klimatem. Oto jak to osi\u0105gn\u0105\u0107:<\/p>\n\n\n\n<ul class=\"wp-block-list\">\n<li><strong>Naturalne materia\u0142y<\/strong> \u2013 drewno na pod\u0142odze, stoliki z litego d\u0119bu, p\u00f3\u0142ki z surowego drewna wprowadzaj\u0105 ciep\u0142o i faktur\u0119.<\/li>\n\n\n\n<li><strong>Tekstylia<\/strong> \u2013 mi\u0119kkie dywany, lniane zas\u0142ony, welurowe poduszki \u0142agodz\u0105 surowo\u015b\u0107 nowoczesnych form.<\/li>\n\n\n\n<li><strong>O\u015bwietlenie<\/strong> \u2013 zamiast jednej centralnej lampy, lepiej zastosowa\u0107 kilka \u017ar\u00f3de\u0142 \u015bwiat\u0142a: lampy sto\u0142owe, kinkiety, girlandy \u015bwietlne.<\/li>\n<\/ul>\n\n\n\n<p><strong>Ciep\u0142a barwa i rozproszone \u015bwiat\u0142o<\/strong> sprawiaj\u0105, \u017ce nawet najbardziej minimalistyczne wn\u0119trze staje si\u0119 bardziej intymne i przyjazne. Dzi\u0119ki temu Twoje mieszkanie zyska dusz\u0119 i stanie si\u0119 miejscem, do kt\u00f3rego naprawd\u0119 chce si\u0119 wraca\u0107.<\/p>\n\n\n\n<hr class=\"wp-block-separator has-alpha-channel-opacity\"\/>\n\n\n\n<p><strong>\u0179r\u00f3d\u0142a:<\/strong><\/p>\n\n\n<ol class=\"wp-block-footnotes\"><li id=\"260a7aef-2f33-467f-8634-6b7bed968c7a\"><a href=\"https:\/\/www.bbc.com\/news\/magazine-34345791\">https:\/\/www.bbc.com\/news\/magazine-34345791<\/a> <a href=\"#260a7aef-2f33-467f-8634-6b7bed968c7a-link\" aria-label=\"Przejd\u017a do przypisu 1\">\u21a9\ufe0e<\/a><\/li><\/ol>\n\n\n<p><\/p>\n","protected":false},"excerpt":{"rendered":"<p>Przytulne wn\u0119trza staj\u0105 si\u0119 nie tylko modnym trendem, ale przede wszystkim odpowiedzi\u0105 na potrzeb\u0119 blisko\u015bci, relaksu i domowego ukojenia.<\/p>\n","protected":false},"author":3,"featured_media":799,"comment_status":"closed","ping_status":"closed","sticky":false,"template":"","format":"standard","meta":{"footnotes":"[{\"content\":\"<a href=\\\"https:\/\/www.bbc.com\/news\/magazine-34345791\\\">https:\/\/www.bbc.com\/news\/magazine-34345791<\/a>\",\"id\":\"260a7aef-2f33-467f-8634-6b7bed968c7a\"}]"},"categories":[12],"tags":[],"class_list":["post-796","post","type-post","status-publish","format-standard","has-post-thumbnail","hentry","category-style"],"acf":[],"yoast_head":"<!-- This site is optimized with the Yoast SEO plugin v27.5 - https:\/\/yoast.com\/product\/yoast-seo-wordpress\/ -->\n<title>Przytulne wn\u0119trza aran\u017cacje - Proplo<\/title>\n<meta name=\"description\" content=\"Przytulne wn\u0119trza staj\u0105 si\u0119 nie tylko modnym trendem, ale przede wszystkim odpowiedzi\u0105 na potrzeb\u0119 blisko\u015bci, relaksu i domowego ukojenia.\" \/>\n<meta name=\"robots\" content=\"index, follow, max-snippet:-1, max-image-preview:large, max-video-preview:-1\" \/>\n<link rel=\"canonical\" href=\"https:\/\/proplo.pl\/blog\/przytulne-wnetrza-aranzacje\/\" \/>\n<meta property=\"og:locale\" content=\"pl_PL\" \/>\n<meta property=\"og:type\" content=\"article\" \/>\n<meta property=\"og:title\" content=\"Przytulne wn\u0119trza aran\u017cacje - Proplo\" \/>\n<meta property=\"og:description\" content=\"Przytulne wn\u0119trza staj\u0105 si\u0119 nie tylko modnym trendem, ale przede wszystkim odpowiedzi\u0105 na potrzeb\u0119 blisko\u015bci, relaksu i domowego ukojenia.\" \/>\n<meta property=\"og:url\" content=\"https:\/\/proplo.pl\/blog\/przytulne-wnetrza-aranzacje\/\" \/>\n<meta property=\"og:site_name\" content=\"Poradnik wn\u0119trzarski - Proplo\" \/>\n<meta property=\"article:published_time\" content=\"2025-05-29T11:49:21+00:00\" \/>\n<meta property=\"article:modified_time\" content=\"2025-05-29T19:20:05+00:00\" \/>\n<meta property=\"og:image\" content=\"https:\/\/proplo.pl\/blog\/wp-content\/uploads\/2025\/05\/przytulne-wnetrza-aranzacje.png\" \/>\n\t<meta property=\"og:image:width\" content=\"1200\" \/>\n\t<meta property=\"og:image:height\" content=\"800\" \/>\n\t<meta property=\"og:image:type\" content=\"image\/png\" \/>\n<meta name=\"author\" content=\"Proplo\" \/>\n<meta name=\"twitter:card\" content=\"summary_large_image\" \/>\n<meta name=\"twitter:label1\" content=\"Napisane przez\" \/>\n\t<meta name=\"twitter:data1\" content=\"Proplo\" \/>\n\t<meta name=\"twitter:label2\" content=\"Szacowany czas czytania\" \/>\n\t<meta name=\"twitter:data2\" content=\"22 minuty\" \/>\n<script type=\"application\/ld+json\" class=\"yoast-schema-graph\">{\"@context\":\"https:\\\/\\\/schema.org\",\"@graph\":[{\"@type\":\"Article\",\"@id\":\"https:\\\/\\\/proplo.pl\\\/blog\\\/przytulne-wnetrza-aranzacje\\\/#article\",\"isPartOf\":{\"@id\":\"https:\\\/\\\/proplo.pl\\\/blog\\\/przytulne-wnetrza-aranzacje\\\/\"},\"author\":{\"name\":\"Proplo\",\"@id\":\"https:\\\/\\\/proplo.pl\\\/blog\\\/#\\\/schema\\\/person\\\/c13af99097d24e9fc2b86b838c0fd0e1\"},\"headline\":\"Przytulne wn\u0119trza aran\u017cacje &#8211; kluczowe elementy i inspiracje\",\"datePublished\":\"2025-05-29T11:49:21+00:00\",\"dateModified\":\"2025-05-29T19:20:05+00:00\",\"mainEntityOfPage\":{\"@id\":\"https:\\\/\\\/proplo.pl\\\/blog\\\/przytulne-wnetrza-aranzacje\\\/\"},\"wordCount\":4021,\"image\":{\"@id\":\"https:\\\/\\\/proplo.pl\\\/blog\\\/przytulne-wnetrza-aranzacje\\\/#primaryimage\"},\"thumbnailUrl\":\"https:\\\/\\\/proplo.pl\\\/blog\\\/wp-content\\\/uploads\\\/2025\\\/05\\\/przytulne-wnetrza-aranzacje.png\",\"articleSection\":[\"Style\"],\"inLanguage\":\"pl-PL\"},{\"@type\":\"WebPage\",\"@id\":\"https:\\\/\\\/proplo.pl\\\/blog\\\/przytulne-wnetrza-aranzacje\\\/\",\"url\":\"https:\\\/\\\/proplo.pl\\\/blog\\\/przytulne-wnetrza-aranzacje\\\/\",\"name\":\"Przytulne wn\u0119trza aran\u017cacje - Proplo\",\"isPartOf\":{\"@id\":\"https:\\\/\\\/proplo.pl\\\/blog\\\/#website\"},\"primaryImageOfPage\":{\"@id\":\"https:\\\/\\\/proplo.pl\\\/blog\\\/przytulne-wnetrza-aranzacje\\\/#primaryimage\"},\"image\":{\"@id\":\"https:\\\/\\\/proplo.pl\\\/blog\\\/przytulne-wnetrza-aranzacje\\\/#primaryimage\"},\"thumbnailUrl\":\"https:\\\/\\\/proplo.pl\\\/blog\\\/wp-content\\\/uploads\\\/2025\\\/05\\\/przytulne-wnetrza-aranzacje.png\",\"datePublished\":\"2025-05-29T11:49:21+00:00\",\"dateModified\":\"2025-05-29T19:20:05+00:00\",\"author\":{\"@id\":\"https:\\\/\\\/proplo.pl\\\/blog\\\/#\\\/schema\\\/person\\\/c13af99097d24e9fc2b86b838c0fd0e1\"},\"description\":\"Przytulne wn\u0119trza staj\u0105 si\u0119 nie tylko modnym trendem, ale przede wszystkim odpowiedzi\u0105 na potrzeb\u0119 blisko\u015bci, relaksu i domowego ukojenia.\",\"breadcrumb\":{\"@id\":\"https:\\\/\\\/proplo.pl\\\/blog\\\/przytulne-wnetrza-aranzacje\\\/#breadcrumb\"},\"inLanguage\":\"pl-PL\",\"potentialAction\":[{\"@type\":\"ReadAction\",\"target\":[\"https:\\\/\\\/proplo.pl\\\/blog\\\/przytulne-wnetrza-aranzacje\\\/\"]}]},{\"@type\":\"ImageObject\",\"inLanguage\":\"pl-PL\",\"@id\":\"https:\\\/\\\/proplo.pl\\\/blog\\\/przytulne-wnetrza-aranzacje\\\/#primaryimage\",\"url\":\"https:\\\/\\\/proplo.pl\\\/blog\\\/wp-content\\\/uploads\\\/2025\\\/05\\\/przytulne-wnetrza-aranzacje.png\",\"contentUrl\":\"https:\\\/\\\/proplo.pl\\\/blog\\\/wp-content\\\/uploads\\\/2025\\\/05\\\/przytulne-wnetrza-aranzacje.png\",\"width\":1200,\"height\":800,\"caption\":\"Wn\u0119trze sypialni w stylu boho, eklektycznym i rustykalnym z bia\u0142ym \u0142\u00f3\u017ckiem i ro\u015blinami.\"},{\"@type\":\"BreadcrumbList\",\"@id\":\"https:\\\/\\\/proplo.pl\\\/blog\\\/przytulne-wnetrza-aranzacje\\\/#breadcrumb\",\"itemListElement\":[{\"@type\":\"ListItem\",\"position\":1,\"name\":\"Proplo\",\"item\":\"https:\\\/\\\/proplo.pl\"},{\"@type\":\"ListItem\",\"position\":2,\"name\":\"Poradnik wn\u0119trzarski\",\"item\":\"https:\\\/\\\/proplo.pl\\\/blog\\\/\"},{\"@type\":\"ListItem\",\"position\":3,\"name\":\"Przytulne wn\u0119trza aran\u017cacje &#8211; kluczowe elementy i inspiracje\"}]},{\"@type\":\"WebSite\",\"@id\":\"https:\\\/\\\/proplo.pl\\\/blog\\\/#website\",\"url\":\"https:\\\/\\\/proplo.pl\\\/blog\\\/\",\"name\":\"Blog Proplo\",\"description\":\"\",\"potentialAction\":[{\"@type\":\"SearchAction\",\"target\":{\"@type\":\"EntryPoint\",\"urlTemplate\":\"https:\\\/\\\/proplo.pl\\\/blog\\\/?s={search_term_string}\"},\"query-input\":{\"@type\":\"PropertyValueSpecification\",\"valueRequired\":true,\"valueName\":\"search_term_string\"}}],\"inLanguage\":\"pl-PL\"},{\"@type\":\"Person\",\"@id\":\"https:\\\/\\\/proplo.pl\\\/blog\\\/#\\\/schema\\\/person\\\/c13af99097d24e9fc2b86b838c0fd0e1\",\"name\":\"Proplo\",\"image\":{\"@type\":\"ImageObject\",\"inLanguage\":\"pl-PL\",\"@id\":\"https:\\\/\\\/secure.gravatar.com\\\/avatar\\\/176f908138148facd74b7d78fc677b53b24a54b63aacd8fc4e81a4da926e5f28?s=96&d=mm&r=g\",\"url\":\"https:\\\/\\\/secure.gravatar.com\\\/avatar\\\/176f908138148facd74b7d78fc677b53b24a54b63aacd8fc4e81a4da926e5f28?s=96&d=mm&r=g\",\"contentUrl\":\"https:\\\/\\\/secure.gravatar.com\\\/avatar\\\/176f908138148facd74b7d78fc677b53b24a54b63aacd8fc4e81a4da926e5f28?s=96&d=mm&r=g\",\"caption\":\"Proplo\"},\"url\":\"https:\\\/\\\/proplo.pl\\\/blog\\\/author\\\/r-marciniak\\\/\"}]}<\/script>\n<!-- \/ Yoast SEO plugin. -->","yoast_head_json":{"title":"Przytulne wn\u0119trza aran\u017cacje - Proplo","description":"Przytulne wn\u0119trza staj\u0105 si\u0119 nie tylko modnym trendem, ale przede wszystkim odpowiedzi\u0105 na potrzeb\u0119 blisko\u015bci, relaksu i domowego ukojenia.","robots":{"index":"index","follow":"follow","max-snippet":"max-snippet:-1","max-image-preview":"max-image-preview:large","max-video-preview":"max-video-preview:-1"},"canonical":"https:\/\/proplo.pl\/blog\/przytulne-wnetrza-aranzacje\/","og_locale":"pl_PL","og_type":"article","og_title":"Przytulne wn\u0119trza aran\u017cacje - Proplo","og_description":"Przytulne wn\u0119trza staj\u0105 si\u0119 nie tylko modnym trendem, ale przede wszystkim odpowiedzi\u0105 na potrzeb\u0119 blisko\u015bci, relaksu i domowego ukojenia.","og_url":"https:\/\/proplo.pl\/blog\/przytulne-wnetrza-aranzacje\/","og_site_name":"Poradnik wn\u0119trzarski - Proplo","article_published_time":"2025-05-29T11:49:21+00:00","article_modified_time":"2025-05-29T19:20:05+00:00","og_image":[{"width":1200,"height":800,"url":"https:\/\/proplo.pl\/blog\/wp-content\/uploads\/2025\/05\/przytulne-wnetrza-aranzacje.png","type":"image\/png"}],"author":"Proplo","twitter_card":"summary_large_image","twitter_misc":{"Napisane przez":"Proplo","Szacowany czas czytania":"22 minuty"},"schema":{"@context":"https:\/\/schema.org","@graph":[{"@type":"Article","@id":"https:\/\/proplo.pl\/blog\/przytulne-wnetrza-aranzacje\/#article","isPartOf":{"@id":"https:\/\/proplo.pl\/blog\/przytulne-wnetrza-aranzacje\/"},"author":{"name":"Proplo","@id":"https:\/\/proplo.pl\/blog\/#\/schema\/person\/c13af99097d24e9fc2b86b838c0fd0e1"},"headline":"Przytulne wn\u0119trza aran\u017cacje &#8211; kluczowe elementy i inspiracje","datePublished":"2025-05-29T11:49:21+00:00","dateModified":"2025-05-29T19:20:05+00:00","mainEntityOfPage":{"@id":"https:\/\/proplo.pl\/blog\/przytulne-wnetrza-aranzacje\/"},"wordCount":4021,"image":{"@id":"https:\/\/proplo.pl\/blog\/przytulne-wnetrza-aranzacje\/#primaryimage"},"thumbnailUrl":"https:\/\/proplo.pl\/blog\/wp-content\/uploads\/2025\/05\/przytulne-wnetrza-aranzacje.png","articleSection":["Style"],"inLanguage":"pl-PL"},{"@type":"WebPage","@id":"https:\/\/proplo.pl\/blog\/przytulne-wnetrza-aranzacje\/","url":"https:\/\/proplo.pl\/blog\/przytulne-wnetrza-aranzacje\/","name":"Przytulne wn\u0119trza aran\u017cacje - Proplo","isPartOf":{"@id":"https:\/\/proplo.pl\/blog\/#website"},"primaryImageOfPage":{"@id":"https:\/\/proplo.pl\/blog\/przytulne-wnetrza-aranzacje\/#primaryimage"},"image":{"@id":"https:\/\/proplo.pl\/blog\/przytulne-wnetrza-aranzacje\/#primaryimage"},"thumbnailUrl":"https:\/\/proplo.pl\/blog\/wp-content\/uploads\/2025\/05\/przytulne-wnetrza-aranzacje.png","datePublished":"2025-05-29T11:49:21+00:00","dateModified":"2025-05-29T19:20:05+00:00","author":{"@id":"https:\/\/proplo.pl\/blog\/#\/schema\/person\/c13af99097d24e9fc2b86b838c0fd0e1"},"description":"Przytulne wn\u0119trza staj\u0105 si\u0119 nie tylko modnym trendem, ale przede wszystkim odpowiedzi\u0105 na potrzeb\u0119 blisko\u015bci, relaksu i domowego ukojenia.","breadcrumb":{"@id":"https:\/\/proplo.pl\/blog\/przytulne-wnetrza-aranzacje\/#breadcrumb"},"inLanguage":"pl-PL","potentialAction":[{"@type":"ReadAction","target":["https:\/\/proplo.pl\/blog\/przytulne-wnetrza-aranzacje\/"]}]},{"@type":"ImageObject","inLanguage":"pl-PL","@id":"https:\/\/proplo.pl\/blog\/przytulne-wnetrza-aranzacje\/#primaryimage","url":"https:\/\/proplo.pl\/blog\/wp-content\/uploads\/2025\/05\/przytulne-wnetrza-aranzacje.png","contentUrl":"https:\/\/proplo.pl\/blog\/wp-content\/uploads\/2025\/05\/przytulne-wnetrza-aranzacje.png","width":1200,"height":800,"caption":"Wn\u0119trze sypialni w stylu boho, eklektycznym i rustykalnym z bia\u0142ym \u0142\u00f3\u017ckiem i ro\u015blinami."},{"@type":"BreadcrumbList","@id":"https:\/\/proplo.pl\/blog\/przytulne-wnetrza-aranzacje\/#breadcrumb","itemListElement":[{"@type":"ListItem","position":1,"name":"Proplo","item":"https:\/\/proplo.pl"},{"@type":"ListItem","position":2,"name":"Poradnik wn\u0119trzarski","item":"https:\/\/proplo.pl\/blog\/"},{"@type":"ListItem","position":3,"name":"Przytulne wn\u0119trza aran\u017cacje &#8211; kluczowe elementy i inspiracje"}]},{"@type":"WebSite","@id":"https:\/\/proplo.pl\/blog\/#website","url":"https:\/\/proplo.pl\/blog\/","name":"Blog Proplo","description":"","potentialAction":[{"@type":"SearchAction","target":{"@type":"EntryPoint","urlTemplate":"https:\/\/proplo.pl\/blog\/?s={search_term_string}"},"query-input":{"@type":"PropertyValueSpecification","valueRequired":true,"valueName":"search_term_string"}}],"inLanguage":"pl-PL"},{"@type":"Person","@id":"https:\/\/proplo.pl\/blog\/#\/schema\/person\/c13af99097d24e9fc2b86b838c0fd0e1","name":"Proplo","image":{"@type":"ImageObject","inLanguage":"pl-PL","@id":"https:\/\/secure.gravatar.com\/avatar\/176f908138148facd74b7d78fc677b53b24a54b63aacd8fc4e81a4da926e5f28?s=96&d=mm&r=g","url":"https:\/\/secure.gravatar.com\/avatar\/176f908138148facd74b7d78fc677b53b24a54b63aacd8fc4e81a4da926e5f28?s=96&d=mm&r=g","contentUrl":"https:\/\/secure.gravatar.com\/avatar\/176f908138148facd74b7d78fc677b53b24a54b63aacd8fc4e81a4da926e5f28?s=96&d=mm&r=g","caption":"Proplo"},"url":"https:\/\/proplo.pl\/blog\/author\/r-marciniak\/"}]}},"_links":{"self":[{"href":"https:\/\/proplo.pl\/blog\/wp-json\/wp\/v2\/posts\/796","targetHints":{"allow":["GET"]}}],"collection":[{"href":"https:\/\/proplo.pl\/blog\/wp-json\/wp\/v2\/posts"}],"about":[{"href":"https:\/\/proplo.pl\/blog\/wp-json\/wp\/v2\/types\/post"}],"author":[{"embeddable":true,"href":"https:\/\/proplo.pl\/blog\/wp-json\/wp\/v2\/users\/3"}],"replies":[{"embeddable":true,"href":"https:\/\/proplo.pl\/blog\/wp-json\/wp\/v2\/comments?post=796"}],"version-history":[{"count":7,"href":"https:\/\/proplo.pl\/blog\/wp-json\/wp\/v2\/posts\/796\/revisions"}],"predecessor-version":[{"id":811,"href":"https:\/\/proplo.pl\/blog\/wp-json\/wp\/v2\/posts\/796\/revisions\/811"}],"wp:featuredmedia":[{"embeddable":true,"href":"https:\/\/proplo.pl\/blog\/wp-json\/wp\/v2\/media\/799"}],"wp:attachment":[{"href":"https:\/\/proplo.pl\/blog\/wp-json\/wp\/v2\/media?parent=796"}],"wp:term":[{"taxonomy":"category","embeddable":true,"href":"https:\/\/proplo.pl\/blog\/wp-json\/wp\/v2\/categories?post=796"},{"taxonomy":"post_tag","embeddable":true,"href":"https:\/\/proplo.pl\/blog\/wp-json\/wp\/v2\/tags?post=796"}],"curies":[{"name":"wp","href":"https:\/\/api.w.org\/{rel}","templated":true}]}}