{"id":783,"date":"2025-05-28T21:16:19","date_gmt":"2025-05-28T20:16:19","guid":{"rendered":"https:\/\/proplo.pl\/blog\/?p=783"},"modified":"2025-05-28T21:59:54","modified_gmt":"2025-05-28T20:59:54","slug":"aranzacje-wnetrza-domow","status":"publish","type":"post","link":"https:\/\/proplo.pl\/blog\/aranzacje-wnetrza-domow\/","title":{"rendered":"Jak zaprojektowa\u0107 wn\u0119trze domu? Style, projekty i nowoczesne rozwi\u0105zania"},"content":{"rendered":"<div class=\"you-find-content\">\r\n    <div class=\"container-xl container-wrapper\">\r\n        <div class=\"row design\">\r\n            <div class=\"col-md-12 wrapper \">\r\n                <div class=\"title\"><p>Z tego artyku\u0142u dowiesz si\u0119:<\/p>\n<\/div>\r\n                <div class=\"grid-wrapper\">\r\n                                                        <div class=\"block-list\">\r\n                        <div class=\"number\">\r\n                            1                        <\/div>\r\n                        <div class=\"text\">\r\n                            <p>Jak zaprojektowa\u0107 wn\u0119trze dopasowane do stylu \u017cycia domownik\u00f3w?<\/p>\n                        <\/div>\r\n                    <\/div>\r\n                                        <div class=\"block-list\">\r\n                        <div class=\"number\">\r\n                            2                        <\/div>\r\n                        <div class=\"text\">\r\n                            <p>Jakie style aran\u017cacji s\u0105 obecnie najpopularniejsze?<\/p>\n                        <\/div>\r\n                    <\/div>\r\n                                        <div class=\"block-list\">\r\n                        <div class=\"number\">\r\n                            3                        <\/div>\r\n                        <div class=\"text\">\r\n                            <p>Jak przebiega proces tworzenia funkcjonalnego projektu wn\u0119trza?<\/p>\n                        <\/div>\r\n                    <\/div>\r\n                                        <div class=\"block-list\">\r\n                        <div class=\"number\">\r\n                            4                        <\/div>\r\n                        <div class=\"text\">\r\n                            <p>Jakie korzy\u015bci daje wsp\u00f3\u0142praca z architektem wn\u0119trz?<\/p>\n                        <\/div>\r\n                    <\/div>\r\n                                                    <\/div>\r\n            <\/div>\r\n        <\/div>\r\n    <\/div>\r\n<\/div>\n\n\n<p><strong>Projektowanie wn\u0119trz<\/strong> to znacznie wi\u0119cej ni\u017c wyb\u00f3r estetycznych mebli czy modnych kolor\u00f3w \u015bcian. To proces tworzenia przestrzeni, kt\u00f3ra nie tylko zachwyca wizualnie, ale przede wszystkim odpowiada na Twoje codzienne potrzeby i styl \u017cycia.<\/p>\n\n\n\n<p>Dzisiejsze <strong>aran\u017cacje wn\u0119trz<\/strong> oferuj\u0105 niemal nieograniczone mo\u017cliwo\u015bci \u2014 od klasycznych kompozycji po innowacyjne technologie, kt\u00f3re potrafi\u0105 ca\u0142kowicie odmieni\u0107 charakter ka\u017cdego pomieszczenia. <strong>Najwa\u017cniejsze jest to, by wn\u0119trze by\u0142o sp\u00f3jne z Tob\u0105 \u2014 Twoim rytmem dnia, przyzwyczajeniami i warto\u015bciami<\/strong>. Bo dom to nie galeria sztuki. To Twoje miejsce \u2014 do \u017cycia, odpoczynku, pracy i tworzenia wspomnie\u0144.<\/p>\n\n\n\n<p>Wsp\u00f3\u0142czesne projektowanie wn\u0119trz to ju\u017c nie tylko wyb\u00f3r kanapy czy koloru \u015bcian. Dzi\u0119ki nowoczesnym narz\u0119dziom, takim jak:<\/p>\n\n\n\n<ul class=\"wp-block-list\">\n<li>aplikacje do planowania przestrzeni,<\/li>\n\n\n\n<li>realistyczne wizualizacje 3D,<\/li>\n\n\n\n<li>wirtualne spacery po projektowanych wn\u0119trzach,<\/li>\n\n\n\n<li>interaktywne moodboardy,<\/li>\n<\/ul>\n\n\n\n<p>mo\u017cesz zaplanowa\u0107 ka\u017cdy detal, zanim jeszcze pojawi si\u0119 pierwszy fachowiec. To ogromna wygoda \u2014 wszystko staje si\u0119 bardziej przejrzyste, intuicyjne i skrojone na miar\u0119 Twoich oczekiwa\u0144.<\/p>\n\n\n\n<p>Wyb\u00f3r stylu aran\u017cacyjnego to kluczowy krok. Ka\u017cdy z nich niesie ze sob\u0105 nie tylko okre\u015blon\u0105 estetyk\u0119, ale r\u00f3wnie\u017c wp\u0142ywa na funkcjonalno\u015b\u0107 przestrzeni. Oto kilka popularnych kierunk\u00f3w:<\/p>\n\n\n\n<ul class=\"wp-block-list\">\n<li><strong>Minimalizm<\/strong> \u2014 idealny dla os\u00f3b ceni\u0105cych prostot\u0119, porz\u0105dek i przestrze\u0144 woln\u0105 od nadmiaru przedmiot\u00f3w.<\/li>\n\n\n\n<li><strong>Styl skandynawski<\/strong> \u2014 \u0142\u0105czy naturalne materia\u0142y, jasne kolory i przytulno\u015b\u0107, tworz\u0105c ciep\u0142\u0105, domow\u0105 atmosfer\u0119.<\/li>\n\n\n\n<li><strong>Glamour<\/strong> \u2014 pe\u0142en elegancji, blasku i luksusowych tkanin, takich jak welur czy aksamit, z dodatkiem z\u0142otych akcent\u00f3w.<\/li>\n\n\n\n<li><strong>Industrialny<\/strong> \u2014 inspirowany przestrzeniami poprzemys\u0142owymi, z surowymi materia\u0142ami jak beton, ceg\u0142a i metal.<\/li>\n<\/ul>\n\n\n\n<p>Wyb\u00f3r stylu to nie tylko kwestia gustu \u2014 to spos\u00f3b na wyra\u017cenie siebie, swoich warto\u015bci i potrzeb. To decyzja, kt\u00f3ra mo\u017ce inspirowa\u0107 Ci\u0119 ka\u017cdego dnia i sprawi\u0107, \u017ce dom stanie si\u0119 prawdziwym przed\u0142u\u017ceniem Twojej osobowo\u015bci.<\/p>\n\n\n\n<p>No dobrze, ale co dalej? Jakie kierunki b\u0119d\u0105 dominowa\u0107 w najbli\u017cszych sezonach? Czy inteligentne systemy zarz\u0105dzania domem stan\u0105 si\u0119 standardem? A mo\u017ce to ekologiczne materia\u0142y i zr\u00f3wnowa\u017cone rozwi\u0105zania zyskaj\u0105 na znaczeniu?<\/p>\n\n\n\n<p><strong>Jedno jest pewne \u2014 przysz\u0142o\u015b\u0107 wn\u0119trz to harmonijne po\u0142\u0105czenie designu, technologii i troski o planet\u0119<\/strong>. Coraz wi\u0119ksz\u0105 rol\u0119 odgrywaj\u0105:<\/p>\n\n\n\n<ul class=\"wp-block-list\">\n<li><strong>inteligentne systemy zarz\u0105dzania domem<\/strong> (smart home), kt\u00f3re zwi\u0119kszaj\u0105 komfort i bezpiecze\u0144stwo,<\/li>\n\n\n\n<li><strong>ekologiczne materia\u0142y<\/strong>, takie jak drewno z certyfikowanych \u017ar\u00f3de\u0142 czy farby bez szkodliwych substancji,<\/li>\n\n\n\n<li><strong>zr\u00f3wnowa\u017cone rozwi\u0105zania<\/strong>, np. energooszcz\u0119dne o\u015bwietlenie i systemy odzyskiwania wody,<\/li>\n\n\n\n<li><strong>modu\u0142owe meble<\/strong>, kt\u00f3re mo\u017cna \u0142atwo dostosowa\u0107 do zmieniaj\u0105cych si\u0119 potrzeb domownik\u00f3w.<\/li>\n<\/ul>\n\n\n\n<p>Teraz jest najlepszy moment, by spojrze\u0107 na sw\u00f3j dom nie tylko jak na miejsce do mieszkania, ale jak na przestrze\u0144, kt\u00f3ra wspiera Tw\u00f3j styl \u017cycia, warto\u015bci i marzenia.<\/p>\n\n\n\n<figure class=\"wp-block-image size-full\"><a href=\"https:\/\/proplo.pl\/profile\/modra-pracownia-magdalena-szymczak\/projekt\/nowa-strefa-dzienna-dom-jednorodzinny-150-m2-1082\"><img loading=\"lazy\" decoding=\"async\" width=\"1200\" height=\"800\" src=\"https:\/\/proplo.pl\/blog\/wp-content\/uploads\/2025\/05\/style-wnetrz-domow.png\" alt=\"Wn\u0119trze nowoczesnego salonu z szarym naro\u017cnikiem, drewnianymi meblami i dekoracjami skandynawskimi.\" class=\"wp-image-793\" srcset=\"https:\/\/proplo.pl\/blog\/wp-content\/uploads\/2025\/05\/style-wnetrz-domow.png 1200w, https:\/\/proplo.pl\/blog\/wp-content\/uploads\/2025\/05\/style-wnetrz-domow-300x200.png 300w, https:\/\/proplo.pl\/blog\/wp-content\/uploads\/2025\/05\/style-wnetrz-domow-768x512.png 768w, https:\/\/proplo.pl\/blog\/wp-content\/uploads\/2025\/05\/style-wnetrz-domow-1024x683.png 1024w, https:\/\/proplo.pl\/blog\/wp-content\/uploads\/2025\/05\/style-wnetrz-domow-480x320.png 480w\" sizes=\"auto, (max-width: 1200px) 100vw, 1200px\" \/><\/a><figcaption class=\"wp-element-caption\">Projekt: <a href=\"https:\/\/proplo.pl\/profile\/modra-pracownia-magdalena-szymczak\">MODRA pracownia Magdalena Szymczak<\/a><\/figcaption><\/figure>\n\n\n\n<h2 class=\"wp-block-heading\">Proces projektowania wn\u0119trz dom\u00f3w<\/h2>\n\n\n\n<p><strong>Projektowanie wn\u0119trz domu<\/strong> to znacznie wi\u0119cej ni\u017c wyb\u00f3r mebli czy kolor\u00f3w \u015bcian. To z\u0142o\u017cony proces, kt\u00f3ry \u0142\u0105czy estetyk\u0119 z funkcjonalno\u015bci\u0105 i opiera si\u0119 na dog\u0142\u0119bnym zrozumieniu codziennych potrzeb domownik\u00f3w. Wsp\u00f3\u0142czesne podej\u015bcie do aran\u017cacji wn\u0119trz dom\u00f3w jednorodzinnych koncentruje si\u0119 na tworzeniu przestrzeni, kt\u00f3ra:<\/p>\n\n\n\n<ul class=\"wp-block-list\">\n<li><strong>Wspiera \u017cycie rodzinne<\/strong> \u2013 umo\u017cliwia wsp\u00f3lne sp\u0119dzanie czasu i budowanie relacji,<\/li>\n\n\n\n<li><strong>U\u0142atwia codzienne obowi\u0105zki<\/strong> \u2013 dzi\u0119ki przemy\u015blanej organizacji przestrzeni,<\/li>\n\n\n\n<li><strong>Tworzy przyjazny klimat<\/strong> \u2013 sprzyjaj\u0105cy odpoczynkowi i regeneracji.<\/li>\n<\/ul>\n\n\n\n<p>Ka\u017cdy dom ma swoj\u0105 unikaln\u0105 histori\u0119, dlatego <strong>projektowanie wn\u0119trz dom\u00f3w jednorodzinnych<\/strong> powinno by\u0107 indywidualnie dopasowane. To nie tylko kwestia estetyki, ale przede wszystkim strategii. Przyk\u0142adowo:<\/p>\n\n\n\n<ul class=\"wp-block-list\">\n<li>Dla rodziny z dzie\u0107mi idealna b\u0119dzie <strong>otwarta strefa dzienna z widokiem na ogr\u00f3d<\/strong>,<\/li>\n\n\n\n<li>Dla pary pracuj\u0105cej zdalnie \u2013 <strong>ergonomiczne, dobrze o\u015bwietlone biuro<\/strong>.<\/li>\n<\/ul>\n\n\n\n<p><strong>Indywidualne podej\u015bcie<\/strong> sprawia, \u017ce wn\u0119trze nie tylko wygl\u0105da atrakcyjnie, ale przede wszystkim dzia\u0142a \u2013 ka\u017cdego dnia, wspieraj\u0105c styl \u017cycia mieszka\u0144c\u00f3w.<\/p>\n\n\n\n<h3 class=\"wp-block-heading\">Rola architekta wn\u0119trz w aran\u017cacji domu<\/h3>\n\n\n\n<p>Wsp\u00f3\u0142praca z <a href=\"https:\/\/proplo.pl\/projektant-wnetrz\">projektantem wn\u0119trz<\/a> to nie luksus, lecz \u015bwiadoma i praktyczna decyzja. Taki specjalista nie tylko zna aktualne trendy i materia\u0142y, ale przede wszystkim potrafi s\u0142ucha\u0107 i zrozumie\u0107 potrzeby klienta \u2013 nawet te niewypowiedziane.<\/p>\n\n\n\n<p><strong>Dobry architekt wn\u0119trz<\/strong> to osoba, kt\u00f3ra:<\/p>\n\n\n\n<ul class=\"wp-block-list\">\n<li>Przewiduje potencjalne problemy i proponuje skuteczne rozwi\u0105zania,<\/li>\n\n\n\n<li>U\u0142atwia ca\u0142y proces projektowy \u2013 od koncepcji po realizacj\u0119,<\/li>\n\n\n\n<li>Doradza w wyborze materia\u0142\u00f3w, kolor\u00f3w i o\u015bwietlenia,<\/li>\n\n\n\n<li>Dba o sp\u00f3jno\u015b\u0107 stylistyczn\u0105 ca\u0142ej aran\u017cacji.<\/li>\n<\/ul>\n\n\n\n<p>Dzi\u0119ki jego do\u015bwiadczeniu <strong>projektowanie wn\u0119trz dom\u00f3w jednorodzinnych<\/strong> przebiega sprawnie, bez stresu i z gwarancj\u0105 satysfakcji. To w\u0142a\u015bnie wiedza i wyczucie stylu architekta sprawiaj\u0105, \u017ce dom staje si\u0119 miejscem, do kt\u00f3rego wraca si\u0119 z rado\u015bci\u0105.<\/p>\n\n\n\n<h3 class=\"wp-block-heading\">Znaczenie projektu funkcjonalnego w planowaniu przestrzeni<\/h3>\n\n\n\n<p><strong>Projekt funkcjonalny<\/strong> to kluczowy element ka\u017cdej udanej aran\u017cacji. To plan rozmieszczenia mebli, sprz\u0119t\u00f3w i stref funkcjonalnych, najcz\u0119\u015bciej przedstawiony w formie rzutu z g\u00f3ry. Ju\u017c na tym etapie mo\u017cna oceni\u0107, czy przestrze\u0144 b\u0119dzie wygodna i harmonijna.<\/p>\n\n\n\n<p>W przypadku dom\u00f3w jednorodzinnych, gdzie przestrze\u0144 jest wi\u0119ksza i bardziej zr\u00f3\u017cnicowana, projekt funkcjonalny:<\/p>\n\n\n\n<ul class=\"wp-block-list\">\n<li><strong>Pomaga unikn\u0105\u0107 b\u0142\u0119d\u00f3w<\/strong> \u2013 takich jak zbyt w\u0105skie przej\u015bcia czy niepraktyczne ustawienie mebli,<\/li>\n\n\n\n<li><strong>Zapewnia optymalne do\u015bwietlenie<\/strong> \u2013 dzi\u0119ki odpowiedniemu rozmieszczeniu okien i \u017ar\u00f3de\u0142 \u015bwiat\u0142a,<\/li>\n\n\n\n<li><strong>U\u0142atwia planowanie instalacji<\/strong> \u2013 elektrycznych, wodnych i wentylacyjnych,<\/li>\n\n\n\n<li><strong>Stanowi map\u0119 dzia\u0142ania<\/strong> \u2013 zar\u00f3wno dla projektanta, jak i inwestora.<\/li>\n<\/ul>\n\n\n\n<p>Dobrze zaprojektowany uk\u0142ad funkcjonalny to gwarancja, \u017ce ka\u017cdy metr kwadratowy zostanie wykorzystany w spos\u00f3b przemy\u015blany i efektywny.<\/p>\n\n\n\n<h3 class=\"wp-block-heading\">Etapy tworzenia projektu wn\u0119trza domu jednorodzinnego<\/h3>\n\n\n\n<p>Proces projektowania wn\u0119trza domu jednorodzinnego sk\u0142ada si\u0119 z kilku kluczowych etap\u00f3w, z kt\u00f3rych ka\u017cdy ma istotne znaczenie:<\/p>\n\n\n\n<ol class=\"wp-block-list\">\n<li><strong>Rozpoznanie potrzeb<\/strong> \u2013 projektant poznaje styl \u017cycia, oczekiwania i preferencje klienta,<\/li>\n\n\n\n<li><strong>Opracowanie koncepcji<\/strong> \u2013 powstaje og\u00f3lna wizja wn\u0119trza, kt\u00f3ra stanowi punkt wyj\u015bcia do dalszych prac,<\/li>\n\n\n\n<li><strong>Tworzenie dokumentacji technicznej<\/strong> \u2013 rysunki, plany i schematy niezb\u0119dne do realizacji projektu,<\/li>\n\n\n\n<li><strong>Przygotowanie wizualizacji 3D<\/strong> \u2013 realistyczne przedstawienie przysz\u0142ego wn\u0119trza.<\/li>\n<\/ol>\n\n\n\n<p><strong>Wizualizacja 3D<\/strong> to nie tylko efektowna prezentacja \u2013 to praktyczne narz\u0119dzie, kt\u00f3re:<\/p>\n\n\n\n<ul class=\"wp-block-list\">\n<li>U\u0142atwia podejmowanie decyzji dotycz\u0105cych kolor\u00f3w, materia\u0142\u00f3w i uk\u0142adu,<\/li>\n\n\n\n<li>Pozwala wprowadzi\u0107 zmiany jeszcze przed rozpocz\u0119ciem prac,<\/li>\n\n\n\n<li>Minimalizuje ryzyko kosztownych b\u0142\u0119d\u00f3w,<\/li>\n\n\n\n<li>Oszcz\u0119dza czas, pieni\u0105dze i nerwy.<\/li>\n<\/ul>\n\n\n\n<p>Dzi\u0119ki temu ca\u0142y proces projektowy staje si\u0119 bardziej przewidywalny, a efekt ko\u0144cowy \u2013 zgodny z oczekiwaniami inwestora.<\/p>\n\n\n\n<h2 class=\"wp-block-heading\">Nowoczesne narz\u0119dzia wizualizacji wn\u0119trz<\/h2>\n\n\n\n<p>Wsp\u00f3\u0142czesne projektowanie wn\u0119trz nie mo\u017ce oby\u0107 si\u0119 bez wsparcia technologii. <strong>Wizualizacja wn\u0119trz<\/strong> przesta\u0142a by\u0107 jedynie dodatkiem \u2014 dzi\u015b stanowi <strong>kluczowy element skutecznego planowania przestrzeni<\/strong>. Dzi\u0119ki nowoczesnym rozwi\u0105zaniom, takim jak <strong>wizualizacje wn\u0119trz 3D<\/strong>, zar\u00f3wno projektanci, jak i klienci mog\u0105 dos\u0142ownie \u201ewej\u015b\u0107\u201d do przysz\u0142ego mieszkania, zanim powstanie cho\u0107by jedna \u015bciana. To jak podr\u00f3\u017c w czasie \u2014 do gotowego, urz\u0105dzonego wn\u0119trza, zanim jeszcze rozpocznie si\u0119 remont.<\/p>\n\n\n\n<p><strong>Technologia 3D<\/strong> umo\u017cliwia odwzorowanie ka\u017cdego detalu z niezwyk\u0142\u0105 precyzj\u0105. Uk\u0142ad pomieszcze\u0144, kolory \u015bcian, o\u015bwietlenie, meble \u2014 wszystko mo\u017cna zobaczy\u0107 i oceni\u0107 jeszcze przed realizacj\u0105. Co najwa\u017cniejsze, daje to ogromn\u0105 swobod\u0119 wprowadzania zmian na bie\u017c\u0105co. Chcesz przesun\u0105\u0107 sof\u0119? Zmieni\u0107 zas\u0142ony? Sprawdzi\u0107, jak prezentuj\u0105 si\u0119 inne lampy? <strong>Wystarczy kilka klikni\u0119\u0107<\/strong>.<\/p>\n\n\n\n<p>Takie podej\u015bcie zapewnia wiele korzy\u015bci:<\/p>\n\n\n\n<ul class=\"wp-block-list\">\n<li><strong>Oszcz\u0119dno\u015b\u0107 czasu<\/strong> \u2014 szybkie testowanie r\u00f3\u017cnych rozwi\u0105za\u0144 bez konieczno\u015bci fizycznych zmian.<\/li>\n\n\n\n<li><strong>Minimalizacja ryzyka kosztownych b\u0142\u0119d\u00f3w<\/strong> \u2014 lepsze planowanie oznacza mniej poprawek w trakcie realizacji.<\/li>\n\n\n\n<li><strong>Wi\u0119ksze zaanga\u017cowanie klienta<\/strong> \u2014 mo\u017cliwo\u015b\u0107 zobaczenia w\u0142asnych pomys\u0142\u00f3w w realistycznej formie zwi\u0119ksza satysfakcj\u0119 i zaufanie do projektu.<\/li>\n<\/ul>\n\n\n\n<p><strong>Wizualizacje 3D<\/strong> szczeg\u00f3lnie dobrze sprawdzaj\u0105 si\u0119 w projektach dom\u00f3w, gdzie ka\u017cdy detal ma znaczenie. Projektanci mog\u0105 tworzy\u0107 niemal fotograficzne obrazy przysz\u0142ych wn\u0119trz, kt\u00f3re:<\/p>\n\n\n\n<ul class=\"wp-block-list\">\n<li>u\u0142atwiaj\u0105 zrozumienie koncepcji projektowej,<\/li>\n\n\n\n<li>anga\u017cuj\u0105 klienta w proces tw\u00f3rczy,<\/li>\n\n\n\n<li>pozwalaj\u0105 na bie\u017c\u0105co weryfikowa\u0107 i modyfikowa\u0107 za\u0142o\u017cenia,<\/li>\n\n\n\n<li>buduj\u0105 most porozumienia mi\u0119dzy wizj\u0105 projektanta a oczekiwaniami inwestora.<\/li>\n<\/ul>\n\n\n\n<p>Co przyniesie przysz\u0142o\u015b\u0107? Czy <strong>rozszerzona rzeczywisto\u015b\u0107 (AR)<\/strong> i <strong>wirtualna rzeczywisto\u015b\u0107 (VR)<\/strong> stan\u0105 si\u0119 kolejnym krokiem w tej wizualnej rewolucji? A mo\u017ce <strong>sztuczna inteligencja<\/strong> zacznie samodzielnie proponowa\u0107 aran\u017cacje dopasowane do naszych gust\u00f3w i stylu \u017cycia?<\/p>\n\n\n\n<p>Jedno jest pewne \u2014 to dopiero pocz\u0105tek. Przysz\u0142o\u015b\u0107 projektowania wn\u0119trz zapowiada si\u0119 fascynuj\u0105co. To, co dzi\u015b wydaje si\u0119 nowo\u015bci\u0105, jutro mo\u017ce sta\u0107 si\u0119 standardem.<\/p>\n\n\n\n<figure class=\"wp-block-image size-full\"><a href=\"https:\/\/proplo.pl\/profile\/art-tabor-design\/projekt\/dom-w-stylu-klasycznym-566\"><img loading=\"lazy\" decoding=\"async\" width=\"1200\" height=\"800\" src=\"https:\/\/proplo.pl\/blog\/wp-content\/uploads\/2025\/05\/aranzacja-domu-w-stylu-klasycznym.png\" alt=\"Wn\u0119trze salonu w stylu prowansalskim z jasnymi meblami i vintage akcentami.\" class=\"wp-image-792\" srcset=\"https:\/\/proplo.pl\/blog\/wp-content\/uploads\/2025\/05\/aranzacja-domu-w-stylu-klasycznym.png 1200w, https:\/\/proplo.pl\/blog\/wp-content\/uploads\/2025\/05\/aranzacja-domu-w-stylu-klasycznym-300x200.png 300w, https:\/\/proplo.pl\/blog\/wp-content\/uploads\/2025\/05\/aranzacja-domu-w-stylu-klasycznym-768x512.png 768w, https:\/\/proplo.pl\/blog\/wp-content\/uploads\/2025\/05\/aranzacja-domu-w-stylu-klasycznym-1024x683.png 1024w, https:\/\/proplo.pl\/blog\/wp-content\/uploads\/2025\/05\/aranzacja-domu-w-stylu-klasycznym-480x320.png 480w\" sizes=\"auto, (max-width: 1200px) 100vw, 1200px\" \/><\/a><figcaption class=\"wp-element-caption\">Projekt: <a href=\"https:\/\/proplo.pl\/profile\/art-tabor-design\">Art Tabor Design<\/a><\/figcaption><\/figure>\n\n\n\n<h2 class=\"wp-block-heading\">Popularne style aran\u017cacji wn\u0119trz dom\u00f3w<\/h2>\n\n\n\n<p>Wyb\u00f3r stylu aran\u017cacji wn\u0119trz to nie tylko kwestia gustu \u2013 to spos\u00f3b na wyra\u017cenie siebie i stworzenie przestrzeni, w kt\u00f3rej czujemy si\u0119 komfortowo. Dzisiejsze trendy oferuj\u0105 ogromn\u0105 r\u00f3\u017cnorodno\u015b\u0107 \u2013 od surowych, industrialnych przestrzeni po ciep\u0142e, skandynawskie przytulno\u015bci. Ka\u017cdy styl wnosi co\u015b unikalnego \u2013 mo\u017ce inspirowa\u0107, uspokaja\u0107 albo dodawa\u0107 energii. A czasem \u2013 wszystko naraz.<\/p>\n\n\n\n<p><a href=\"https:\/\/proplo.pl\/inspiracje-wnetrza-domu\">Inspiracje wn\u0119trzarskie<\/a> to \u015bwietny punkt wyj\u015bcia. Pomagaj\u0105 dobra\u0107 kolory, faktury i dodatki, kt\u00f3re razem tworz\u0105 harmonijn\u0105 ca\u0142o\u015b\u0107. Styl wp\u0142ywa nie tylko na wygl\u0105d, ale te\u017c na codzienne funkcjonowanie w danym wn\u0119trzu. Dlatego warto podej\u015b\u0107 do wyboru z rozwag\u0105 \u2013 kieruj\u0105c si\u0119 nie tylko estetyk\u0105, ale i potrzebami domownik\u00f3w.<\/p>\n\n\n\n<h3 class=\"wp-block-heading\">Styl nowoczesny \u2013 minimalizm i funkcjonalno\u015b\u0107<\/h3>\n\n\n\n<p><strong><a href=\"https:\/\/proplo.pl\/style\/nowoczesny\">Styl nowoczesny<\/a> to propozycja dla os\u00f3b ceni\u0105cych porz\u0105dek, przestrze\u0144 i prostot\u0119<\/strong>. Charakteryzuje si\u0119 geometrycznymi formami, stonowan\u0105 palet\u0105 barw (biel, szaro\u015b\u0107, czer\u0144) oraz oszcz\u0119dno\u015bci\u0105 w dekoracjach. Efektem jest przestrze\u0144, kt\u00f3ra \u201eoddycha\u201d i sprzyja skupieniu.<\/p>\n\n\n\n<p>Cho\u0107 nowoczesne wn\u0119trza mog\u0105 wydawa\u0107 si\u0119 ch\u0142odne, odpowiednio dobrane materia\u0142y \u2013 takie jak drewno, szk\u0142o czy mi\u0119kkie tkaniny \u2013 dodaj\u0105 im przytulno\u015bci. <strong>Ka\u017cdy element ma tu swoje miejsce i funkcj\u0119<\/strong>. Przyk\u0142adem mo\u017ce by\u0107 kuchnia z zabudow\u0105 bez uchwyt\u00f3w i ukrytymi sprz\u0119tami \u2013 wszystko po to, by zachowa\u0107 czysto\u015b\u0107 formy i maksymaln\u0105 wygod\u0119.<\/p>\n\n\n\n<h3 class=\"wp-block-heading\">Styl skandynawski \u2013 jasno\u015b\u0107, prostota i naturalno\u015b\u0107<\/h3>\n\n\n\n<p><strong><a href=\"https:\/\/proplo.pl\/style\/skandynawski\">Styl skandynawski<\/a> \u0142\u0105czy estetyk\u0119 z codzienn\u0105 wygod\u0105<\/strong>. Jasne barwy, naturalne materia\u0142y i proste formy sprawiaj\u0105, \u017ce wn\u0119trza s\u0105 nie tylko pi\u0119kne, ale te\u017c funkcjonalne. <strong>Idealnie sprawdza si\u0119 w mniejszych mieszkaniach<\/strong>, poniewa\u017c optycznie je powi\u0119ksza i rozja\u015bnia.<\/p>\n\n\n\n<p>Dominuj\u0105ce kolory to biel, szaro\u015b\u0107 i be\u017c, cz\u0119sto prze\u0142amane ciep\u0142ym drewnem. W\u015br\u00f3d dodatk\u00f3w kr\u00f3luj\u0105:<\/p>\n\n\n\n<ul class=\"wp-block-list\">\n<li>lniane zas\u0142ony,<\/li>\n\n\n\n<li>we\u0142niane pledy,<\/li>\n\n\n\n<li>r\u0119cznie robione dekoracje.<\/li>\n<\/ul>\n\n\n\n<p><strong>To styl dla os\u00f3b ceni\u0105cych r\u00f3wnowag\u0119, prostot\u0119 i blisko\u015b\u0107 natury<\/strong>.<\/p>\n\n\n\n<h3 class=\"wp-block-heading\">Styl industrialny \u2013 surowo\u015b\u0107 i przestrze\u0144<\/h3>\n\n\n\n<p><strong><a href=\"https:\/\/proplo.pl\/style\/industrialny\">Styl industrialny<\/a> to ho\u0142d dla dawnych fabryk i magazyn\u00f3w<\/strong>, kt\u00f3re dzi\u015b zamieniaj\u0105 si\u0119 w modne przestrzenie mieszkalne. Surowe materia\u0142y \u2013 beton, stal, ceg\u0142a, szk\u0142o \u2013 tworz\u0105 niepowtarzalny klimat. <strong>To styl dla odwa\u017cnych, kt\u00f3rzy ceni\u0105 oryginalno\u015b\u0107 i charakter<\/strong>.<\/p>\n\n\n\n<p>Charakterystyczne cechy stylu industrialnego:<\/p>\n\n\n\n<ul class=\"wp-block-list\">\n<li>wysokie sufity i du\u017ce okna,<\/li>\n\n\n\n<li>otwarte przestrzenie,<\/li>\n\n\n\n<li>odkryte instalacje i metalowe lampy,<\/li>\n\n\n\n<li>meble o technicznych, prostych formach.<\/li>\n<\/ul>\n\n\n\n<p>Przyk\u0142ad? <strong>St\u00f3\u0142 z litego drewna na stalowych nogach mo\u017ce sta\u0107 si\u0119 sercem salonu<\/strong>. Ten styl nie boi si\u0119 eksperyment\u00f3w i mocnych akcent\u00f3w.<\/p>\n\n\n\n<figure class=\"wp-block-image size-full\"><a href=\"https:\/\/proplo.pl\/profile\/kontrasty\/projekt\/projekt-mieszkania-z-antresola-warszawa-709?clickcount=5897\"><img loading=\"lazy\" decoding=\"async\" width=\"1200\" height=\"800\" src=\"https:\/\/proplo.pl\/blog\/wp-content\/uploads\/2025\/05\/styl-industrialny-aranzacji-wnetrz-domow.png\" alt=\"Wn\u0119trze z ceglan\u0105 \u015bcian\u0105, br\u0105zow\u0105 sof\u0105 i industrialnym stylem\" class=\"wp-image-791\" srcset=\"https:\/\/proplo.pl\/blog\/wp-content\/uploads\/2025\/05\/styl-industrialny-aranzacji-wnetrz-domow.png 1200w, https:\/\/proplo.pl\/blog\/wp-content\/uploads\/2025\/05\/styl-industrialny-aranzacji-wnetrz-domow-300x200.png 300w, https:\/\/proplo.pl\/blog\/wp-content\/uploads\/2025\/05\/styl-industrialny-aranzacji-wnetrz-domow-768x512.png 768w, https:\/\/proplo.pl\/blog\/wp-content\/uploads\/2025\/05\/styl-industrialny-aranzacji-wnetrz-domow-1024x683.png 1024w, https:\/\/proplo.pl\/blog\/wp-content\/uploads\/2025\/05\/styl-industrialny-aranzacji-wnetrz-domow-480x320.png 480w\" sizes=\"auto, (max-width: 1200px) 100vw, 1200px\" \/><\/a><figcaption class=\"wp-element-caption\">Projekt: <a href=\"https:\/\/proplo.pl\/profile\/kontrasty\">Kontrasty<\/a><\/figcaption><\/figure>\n\n\n\n<h3 class=\"wp-block-heading\">Styl glamour \u2013 elegancja i luksusowe dodatki<\/h3>\n\n\n\n<p><strong><a href=\"https:\/\/proplo.pl\/style\/glamour\">Styl glamour<\/a> to po\u0142\u0105czenie klasyki z nowoczesno\u015bci\u0105, pe\u0142ne blasku i szyku<\/strong>. Nie boi si\u0119 po\u0142ysku \u2013 od l\u015bni\u0105cych tkanin po b\u0142yszcz\u0105ce meble i dodatki. <strong>To idealna propozycja dla os\u00f3b, kt\u00f3re chc\u0105, by ich dom by\u0142 ol\u015bniewaj\u0105cy i pe\u0142en klasy<\/strong>.<\/p>\n\n\n\n<p>Typowe elementy stylu glamour:<\/p>\n\n\n\n<ul class=\"wp-block-list\">\n<li>paleta barw: z\u0142oto, srebro, czer\u0144, biel, granat, butelkowa ziele\u0144,<\/li>\n\n\n\n<li>kryszta\u0142owe \u017cyrandole,<\/li>\n\n\n\n<li>aksamitne poduszki,<\/li>\n\n\n\n<li>lustra w ozdobnych ramach.<\/li>\n<\/ul>\n\n\n\n<p><strong>Glamour to styl dla tych, kt\u00f3rzy ceni\u0105 elegancj\u0119 z nut\u0105 przepychu<\/strong>.<\/p>\n\n\n\n<h3 class=\"wp-block-heading\">Styl vintage \u2013 retro inspiracje z lat 50., 60. i 70.<\/h3>\n\n\n\n<p><strong><a href=\"https:\/\/proplo.pl\/style\/vintage\">Styl vintage<\/a> to podr\u00f3\u017c w czasie \u2013 do epok, kt\u00f3re dzi\u015b wracaj\u0105 w wielkim stylu<\/strong>. Meble i dodatki z dusz\u0105 tworz\u0105 wn\u0119trza pe\u0142ne charakteru i osobistego wyrazu. <strong>To styl, kt\u00f3ry pozwala \u0142\u0105czy\u0107 r\u00f3\u017cne dekady w jedn\u0105, sp\u00f3jn\u0105 ca\u0142o\u015b\u0107<\/strong>.<\/p>\n\n\n\n<p>Wn\u0119trza vintage cz\u0119sto zdobi\u0105:<\/p>\n\n\n\n<ul class=\"wp-block-list\">\n<li>kolorowe tapety,<\/li>\n\n\n\n<li>wzorzyste tkaniny,<\/li>\n\n\n\n<li>meble o zaokr\u0105glonych kszta\u0142tach,<\/li>\n\n\n\n<li>ikoniczne formy, jak fotel \u201emuszelka\u201d czy komoda na sko\u015bnych n\u00f3\u017ckach.<\/li>\n<\/ul>\n\n\n\n<p><strong>To styl dla tych, kt\u00f3rzy lubi\u0105 otacza\u0107 si\u0119 przedmiotami z histori\u0105<\/strong> i chc\u0105, by ich dom opowiada\u0142 unikaln\u0105 opowie\u015b\u0107 \u2013 o pasjach, wspomnieniach i w\u0142asnym stylu \u017cycia.<\/p>\n\n\n\n<h3 class=\"wp-block-heading\">Styl minimalistyczny \u2013 przestrze\u0144 bez zb\u0119dnych element\u00f3w<\/h3>\n\n\n\n<p><strong><a href=\"https:\/\/proplo.pl\/style\/minimalistyczny\">Minimalizm<\/a> to nie tylko trend \u2013 to filozofia \u017cycia<\/strong>. Mniej znaczy wi\u0119cej: mniej przedmiot\u00f3w, mniej chaosu, wi\u0119cej przestrzeni i spokoju. <strong>To styl, kt\u00f3ry sprzyja koncentracji, relaksowi i porz\u0105dkowi<\/strong>.<\/p>\n\n\n\n<p>Charakterystyczne cechy stylu minimalistycznego:<\/p>\n\n\n\n<ul class=\"wp-block-list\">\n<li>proste linie i neutralne kolory,<\/li>\n\n\n\n<li>funkcjonalne rozwi\u0105zania,<\/li>\n\n\n\n<li>brak zb\u0119dnych ozd\u00f3b,<\/li>\n\n\n\n<li>ka\u017cdy element ma swoje miejsce i cel.<\/li>\n<\/ul>\n\n\n\n<p>W minimalistycznym salonie znajdziesz tylko to, co niezb\u0119dne \u2013 sof\u0119, stolik kawowy, lamp\u0119. <strong>To idealna opcja dla tych, kt\u00f3rzy ceni\u0105 przejrzysto\u015b\u0107 i chc\u0105 stworzy\u0107 przestrze\u0144 sprzyjaj\u0105c\u0105 wyciszeniu<\/strong>.<\/p>\n\n\n\n<h2 class=\"wp-block-heading\">Inspiracje i metamorfozy wn\u0119trz<\/h2>\n\n\n\n<p><strong>Co sprawia, \u017ce cztery \u015bciany zaczynaj\u0105 przypomina\u0107 prawdziwy dom?<\/strong> To spos\u00f3b, w jaki je urz\u0105dzisz! Inspiracje i metamorfozy wn\u0119trz to nie tylko modne has\u0142a \u2013 to <strong>klucz do nadania przestrzeni osobistego charakteru<\/strong>. Na <strong>Proplo.pl<\/strong> znajdziesz setki pomys\u0142\u00f3w, niezale\u017cnie od tego, czy dopiero zaczynasz swoj\u0105 przygod\u0119 z aran\u017cacj\u0105, czy masz ju\u017c za sob\u0105 kilka remont\u00f3w. To nie tylko galeria pi\u0119knych wn\u0119trz, ale r\u00f3wnie\u017c <strong>bogate \u017ar\u00f3d\u0142o wiedzy<\/strong> \u2013 eksperci dziel\u0105 si\u0119 tam praktycznymi wskaz\u00f3wkami, kt\u00f3re pomog\u0105 Ci zaplanowa\u0107 ka\u017cdy etap zmian.<\/p>\n\n\n\n<p><strong>Proplo.pl to centrum inspiracji wn\u0119trzarskich<\/strong> \u2013 od kompaktowych kawalerek w stylu minimalistycznym, po przestronne domy z nut\u0105 boho. Mo\u017cesz przegl\u0105da\u0107 setki projekt\u00f3w dopasowanych do r\u00f3\u017cnych styl\u00f3w, bud\u017cet\u00f3w i metra\u017cy. Ale to nie wszystko \u2013 ka\u017cda aran\u017cacja to co\u015b wi\u0119cej ni\u017c tylko estetyczne zdj\u0119cie. To tak\u017ce <strong>konkretne informacje o u\u017cytych materia\u0142ach, rozwi\u0105zaniach i trikach<\/strong>, kt\u00f3re mo\u017cesz z powodzeniem zastosowa\u0107 w swoim domu.<\/p>\n\n\n\n<p>Jedn\u0105 z najwi\u0119kszych zalet Proplo.pl jest mo\u017cliwo\u015b\u0107 zobaczenia, jak <strong>kolory, faktury, meble i dodatki wsp\u00f3\u0142graj\u0105 w gotowych aran\u017cacjach<\/strong>. To jak uk\u0142adanie wn\u0119trzarskiej uk\u0142adanki \u2013 ka\u017cdy element ma swoje miejsce, a ca\u0142o\u015b\u0107 tworzy sp\u00f3jn\u0105 i funkcjonaln\u0105 przestrze\u0144. Dzi\u0119ki temu nie tylko zbierasz inspiracje, ale te\u017c uczysz si\u0119, jak projektowa\u0107 wn\u0119trza, kt\u00f3re s\u0105:<\/p>\n\n\n\n<ul class=\"wp-block-list\">\n<li><strong>praktyczne<\/strong> \u2013 dostosowane do codziennego u\u017cytkowania,<\/li>\n\n\n\n<li><strong>harmonijne<\/strong> \u2013 estetycznie sp\u00f3jne i przyjemne dla oka,<\/li>\n\n\n\n<li><strong>osobiste<\/strong> \u2013 odzwierciedlaj\u0105ce Tw\u00f3j styl i potrzeby.<\/li>\n<\/ul>\n\n\n\n<p><strong>A co dalej?<\/strong> Jakie trendy b\u0119d\u0105 dominowa\u0107 w nadchodz\u0105cych sezonach? Czy platformy takie jak Proplo.pl stan\u0105 si\u0119 niezb\u0119dnym narz\u0119dziem dla projektant\u00f3w i domowych dekorator\u00f3w? Jedno jest pewne \u2013 <strong>personalizacja wn\u0119trz i dost\u0119p do profesjonalnych inspiracji online to przysz\u0142o\u015b\u0107 aran\u017cacji<\/strong>. I bardzo dobrze! Bo ka\u017cdy zas\u0142uguje na przestrze\u0144, kt\u00f3ra nie tylko cieszy oko, ale te\u017c <strong>idealnie pasuje do jego stylu \u017cycia<\/strong>.<\/p>\n\n\n\n<figure class=\"wp-block-image size-full\"><a href=\"https:\/\/proplo.pl\/profile\/crema-design\/projekt\/natolin-1066\"><img loading=\"lazy\" decoding=\"async\" width=\"1200\" height=\"800\" src=\"https:\/\/proplo.pl\/blog\/wp-content\/uploads\/2025\/05\/jak-zaprojektowac-wnetrze-domu.png\" alt=\"Wn\u0119trze salonu w stylu glamour z be\u017cow\u0105 sof\u0105, drewnianymi akcentami i nowoczesnym o\u015bwietleniem.\" class=\"wp-image-790\" srcset=\"https:\/\/proplo.pl\/blog\/wp-content\/uploads\/2025\/05\/jak-zaprojektowac-wnetrze-domu.png 1200w, https:\/\/proplo.pl\/blog\/wp-content\/uploads\/2025\/05\/jak-zaprojektowac-wnetrze-domu-300x200.png 300w, https:\/\/proplo.pl\/blog\/wp-content\/uploads\/2025\/05\/jak-zaprojektowac-wnetrze-domu-768x512.png 768w, https:\/\/proplo.pl\/blog\/wp-content\/uploads\/2025\/05\/jak-zaprojektowac-wnetrze-domu-1024x683.png 1024w, https:\/\/proplo.pl\/blog\/wp-content\/uploads\/2025\/05\/jak-zaprojektowac-wnetrze-domu-480x320.png 480w\" sizes=\"auto, (max-width: 1200px) 100vw, 1200px\" \/><\/a><figcaption class=\"wp-element-caption\">Projekt: <a href=\"https:\/\/proplo.pl\/profile\/crema-design\">CREMA DESIGN<\/a><\/figcaption><\/figure>\n\n\n\n<h2 class=\"wp-block-heading\">Projekty dom\u00f3w z aran\u017cacj\u0105 wn\u0119trz<\/h2>\n\n\n\n<p>Wsp\u00f3\u0142czesne budownictwo to znacznie wi\u0119cej ni\u017c tylko bry\u0142a i metra\u017c. <strong>To styl \u017cycia, kt\u00f3ry zaczyna si\u0119 ju\u017c na etapie planowania<\/strong>. Coraz wi\u0119ksz\u0105 popularno\u015bci\u0105 ciesz\u0105 si\u0119 <strong>projekty dom\u00f3w z aran\u017cacj\u0105 wn\u0119trz<\/strong>, poniewa\u017c \u0142\u0105cz\u0105 w sobie estetyk\u0119, funkcjonalno\u015b\u0107 i komfort u\u017cytkowania. Oferuj\u0105 nie tylko wizj\u0119 przestrzeni, ale tak\u017ce realne wyobra\u017cenie codziennego \u017cycia w nowym domu. Dzi\u0119ki nim \u0142atwiej dopasowa\u0107 uk\u0142ad i styl wn\u0119trz do indywidualnych potrzeb \u2013 zamiast dostosowywa\u0107 si\u0119 do gotowych rozwi\u0105za\u0144.<\/p>\n\n\n\n<p>Kluczowym elementem takich projekt\u00f3w s\u0105 <strong>wizualizacje wn\u0119trz<\/strong>. Pozwalaj\u0105 one \u201ewej\u015b\u0107\u201d do jeszcze nieistniej\u0105cych pomieszcze\u0144 i poczu\u0107 ich atmosfer\u0119. <strong>Kolory \u015bcian, uk\u0142ad mebli, detale wyko\u0144czenia \u2013 wszystko wida\u0107 jak na d\u0142oni<\/strong>. Dzi\u0119ki temu decyzje podejmowane s\u0105 szybciej, pewniej i z wi\u0119ksz\u0105 \u015bwiadomo\u015bci\u0105. Projekty z aran\u017cacj\u0105 to nie tylko dokumentacja techniczna \u2013 to tak\u017ce \u017ar\u00f3d\u0142o inspiracji i przewodnik po \u015bwiecie nowoczesnego designu.<\/p>\n\n\n\n<h3 class=\"wp-block-heading\">Domy parterowe z gotow\u0105 aran\u017cacj\u0105 wn\u0119trz<\/h3>\n\n\n\n<p>Je\u015bli cenisz <strong>prostot\u0119, wygod\u0119 i funkcjonalno\u015b\u0107<\/strong>, to <strong>domy parterowe z gotow\u0105 aran\u017cacj\u0105 wn\u0119trz<\/strong> mog\u0105 by\u0107 idealnym wyborem. Ich rosn\u0105ca popularno\u015b\u0107 wynika z wielu zalet:<\/p>\n\n\n\n<ul class=\"wp-block-list\">\n<li><strong>\u0141atwo\u015b\u0107 adaptacji<\/strong> \u2013 brak schod\u00f3w i jednopoziomowy uk\u0142ad u\u0142atwiaj\u0105 codzienne funkcjonowanie.<\/li>\n\n\n\n<li><strong>Szybsze urz\u0105dzanie<\/strong> \u2013 gotowe koncepcje wn\u0119trz skracaj\u0105 czas przygotowa\u0144 do zamieszkania.<\/li>\n\n\n\n<li><strong>Ni\u017cszy poziom stresu<\/strong> \u2013 mniej decyzji do podj\u0119cia na etapie wyko\u0144czenia.<\/li>\n\n\n\n<li><strong>Komfort u\u017cytkowania<\/strong> \u2013 szczeg\u00f3lnie doceniany przez rodziny z dzie\u0107mi i osoby starsze.<\/li>\n<\/ul>\n\n\n\n<p>Na stronie <strong>Tooba.pl<\/strong> znajdziesz szeroki wyb\u00f3r projekt\u00f3w dom\u00f3w parterowych, kt\u00f3re \u0142\u0105cz\u0105 <strong>nowoczesno\u015b\u0107 z ponadczasow\u0105 elegancj\u0105<\/strong>. Dzi\u0119ki r\u00f3\u017cnorodno\u015bci styl\u00f3w i rozwi\u0105za\u0144, ka\u017cdy znajdzie co\u015b dla siebie. Tego typu domy to nie tylko estetyka, ale te\u017c <strong>przemy\u015blana organizacja przestrzeni<\/strong>, kt\u00f3ra u\u0142atwia codzienne \u017cycie.<\/p>\n\n\n\n<h3 class=\"wp-block-heading\">Projekty dom\u00f3w z wizualizacj\u0105 wn\u0119trz \u2013 co zawieraj\u0105<\/h3>\n\n\n\n<p><strong>Projekty dom\u00f3w z wizualizacj\u0105 wn\u0119trz<\/strong> to znacznie wi\u0119cej ni\u017c tylko schematy i rzuty techniczne. To <strong>wirtualna podr\u00f3\u017c po przysz\u0142ym domu<\/strong>, kt\u00f3ra pozwala zobaczy\u0107 i poczu\u0107 przestrze\u0144 jeszcze przed rozpocz\u0119ciem budowy. Przyk\u0142adowo, na <strong>Extradom.pl<\/strong> znajdziesz projekty zawieraj\u0105ce:<\/p>\n\n\n\n<ul class=\"wp-block-list\">\n<li><strong>Realistyczne wizualizacje 3D<\/strong> \u2013 prezentuj\u0105ce kuchni\u0119, salon, sypialni\u0119 i inne pomieszczenia.<\/li>\n\n\n\n<li><strong>Zestawienia materia\u0142\u00f3w<\/strong> \u2013 u\u0142atwiaj\u0105ce wyb\u00f3r wyko\u0144cze\u0144 i planowanie bud\u017cetu.<\/li>\n\n\n\n<li><strong>Propozycje aran\u017cacji<\/strong> \u2013 gotowe pomys\u0142y na styl wn\u0119trz i rozmieszczenie mebli.<\/li>\n\n\n\n<li><strong>Dodatkowe inspiracje<\/strong> \u2013 kt\u00f3re pomagaj\u0105 stworzy\u0107 sp\u00f3jn\u0105 i harmonijn\u0105 przestrze\u0144.<\/li>\n<\/ul>\n\n\n\n<p>Dzi\u0119ki takim projektom \u0142atwiej dobra\u0107 <strong>kolorystyk\u0119, styl mebli, o\u015bwietlenie<\/strong> i inne elementy wystroju. To nie tylko pomoc w podejmowaniu decyzji, ale te\u017c <strong>inspiracja do stworzenia wn\u0119trza, kt\u00f3re odzwierciedla Tw\u00f3j charakter<\/strong>.<\/p>\n\n\n\n<h3 class=\"wp-block-heading\">Zalety projekt\u00f3w dom\u00f3w z aran\u017cacj\u0105 wn\u0119trz<\/h3>\n\n\n\n<p>Wybieraj\u0105c <strong>projekt domu z aran\u017cacj\u0105 wn\u0119trz<\/strong>, zyskujesz wiele korzy\u015bci ju\u017c na samym pocz\u0105tku inwestycji:<\/p>\n\n\n\n<ul class=\"wp-block-list\">\n<li><strong>Mo\u017cliwo\u015b\u0107 zobaczenia efektu ko\u0144cowego<\/strong> \u2013 jeszcze przed rozpocz\u0119ciem budowy.<\/li>\n\n\n\n<li><strong>Unikni\u0119cie kosztownych b\u0142\u0119d\u00f3w<\/strong> \u2013 zmiany mo\u017cna wprowadza\u0107 na etapie projektu, a nie w trakcie prac budowlanych.<\/li>\n\n\n\n<li><strong>Lepsze planowanie bud\u017cetu<\/strong> \u2013 dzi\u0119ki dok\u0142adnym zestawieniom materia\u0142\u00f3w i wyko\u0144cze\u0144.<\/li>\n\n\n\n<li><strong>Wi\u0119ksza pewno\u015b\u0107 decyzji<\/strong> \u2013 wizualizacje pomagaj\u0105 oceni\u0107, czy projekt spe\u0142nia oczekiwania.<\/li>\n<\/ul>\n\n\n\n<p>Dla os\u00f3b potrzebuj\u0105cych wi\u0119kszej przestrzeni doskona\u0142ym rozwi\u0105zaniem s\u0105 <strong>domy pi\u0119trowe z aran\u017cacj\u0105 wn\u0119trz<\/strong>. Oferuj\u0105 one:<\/p>\n\n\n\n<ul class=\"wp-block-list\">\n<li><strong>Wi\u0119ksz\u0105 elastyczno\u015b\u0107 w planowaniu funkcji pomieszcze\u0144<\/strong>.<\/li>\n\n\n\n<li><strong>Lepsze wykorzystanie dost\u0119pnej powierzchni<\/strong>.<\/li>\n\n\n\n<li><strong>Mo\u017cliwo\u015b\u0107 stworzenia stref prywatnych i wsp\u00f3lnych<\/strong>.<\/li>\n\n\n\n<li><strong>Estetyczne i funkcjonalne wn\u0119trza<\/strong> \u2013 dopasowane do potrzeb domownik\u00f3w.<\/li>\n<\/ul>\n\n\n\n<p><strong>Projekty z aran\u017cacj\u0105 wn\u0119trz to nie tylko narz\u0119dzie techniczne \u2013 to inspiracja i pierwszy krok do stworzenia domu, kt\u00f3ry naprawd\u0119 mo\u017cna nazwa\u0107 swoim<\/strong>.<\/p>\n\n\n\n<h2 class=\"wp-block-heading\">Planowanie przestrzeni w domu<\/h2>\n\n\n\n<p><strong>Dobrze zaplanowana przestrze\u0144 to fundament codziennego komfortu.<\/strong> Coraz cz\u0119\u015bciej wybieramy <strong>otwarte uk\u0142ady strefy dziennej<\/strong>, w kt\u00f3rych kuchnia, salon i jadalnia p\u0142ynnie si\u0119 przenikaj\u0105. Taki uk\u0142ad nie tylko sprzyja wsp\u00f3lnemu sp\u0119dzaniu czasu, ale r\u00f3wnie\u017c pozwala maksymalnie wykorzysta\u0107 ka\u017cdy metr kwadratowy \u2014 co jest szczeg\u00f3lnie istotne w mniejszych domach i mieszkaniach.<\/p>\n\n\n\n<p><strong>Strefa dzienna staje si\u0119 centrum domowego \u017cycia<\/strong>. To tutaj spotykamy si\u0119 z bliskimi, przyjmujemy go\u015bci, rozmawiamy, \u015bmiejemy si\u0119 i odpoczywamy. Dlatego <strong>aran\u017cacja tej przestrzeni powinna \u0142\u0105czy\u0107 estetyk\u0119 z funkcjonalno\u015bci\u0105<\/strong>. Kluczem jest przemy\u015blane rozmieszczenie mebli i sprz\u0119t\u00f3w, kt\u00f3re:<\/p>\n\n\n\n<ul class=\"wp-block-list\">\n<li>u\u0142atwiaj\u0105 swobodne poruszanie si\u0119,<\/li>\n\n\n\n<li>podkre\u015blaj\u0105 charakter wn\u0119trza,<\/li>\n\n\n\n<li>pe\u0142ni\u0105 wiele funkcji jednocze\u015bnie.<\/li>\n<\/ul>\n\n\n\n<p>Przyk\u0142adem mo\u017ce by\u0107 <strong>wyspa kuchenna<\/strong> \u2014 prawdziwy wielozadaniowiec. Mo\u017ce s\u0142u\u017cy\u0107 jako:<\/p>\n\n\n\n<ul class=\"wp-block-list\">\n<li>blat roboczy,<\/li>\n\n\n\n<li>st\u00f3\u0142 do posi\u0142k\u00f3w,<\/li>\n\n\n\n<li>miejsce spotka\u0144 i rozm\u00f3w.<\/li>\n<\/ul>\n\n\n\n<p><strong>Detale maj\u0105 znaczenie<\/strong>. To one cz\u0119sto decyduj\u0105 o tym, czy w danym wn\u0119trzu czujemy si\u0119 swobodnie. Otwarta przestrze\u0144 sprzyja integracji i budowaniu relacji \u2014 ka\u017cdy domownik mo\u017ce poczu\u0107 si\u0119 cz\u0119\u015bci\u0105 wsp\u00f3lnoty.<\/p>\n\n\n\n<p><strong>\u015awiat\u0142o odgrywa kluczow\u0105 rol\u0119<\/strong>:<\/p>\n\n\n\n<ul class=\"wp-block-list\">\n<li>naturalne dodaje energii i poprawia nastr\u00f3j,<\/li>\n\n\n\n<li>odpowiednio dobrane lampy tworz\u0105 przytuln\u0105 atmosfer\u0119.<\/li>\n<\/ul>\n\n\n\n<p>Warto r\u00f3wnie\u017c postawi\u0107 na <strong>stonowan\u0105 kolorystyk\u0119<\/strong>, kt\u00f3ra optycznie powi\u0119ksza przestrze\u0144 i wprowadza spok\u00f3j. <strong>Efekt? Wn\u0119trze, w kt\u00f3rym po prostu chce si\u0119 by\u0107.<\/strong><\/p>\n\n\n\n<p>A co dalej? Jakie trendy mog\u0105 jeszcze bardziej urozmaici\u0107 projektowanie strefy dziennej? Czy otwarte przestrzenie to ju\u017c standard w nowoczesnych domach? To pytania, kt\u00f3re nie tylko inspiruj\u0105 architekt\u00f3w i projektant\u00f3w, ale te\u017c pokazuj\u0105, jak dynamicznie zmienia si\u0119 nasze podej\u015bcie do urz\u0105dzania wn\u0119trz.<\/p>\n\n\n\n<p>Jedno jest pewne \u2014 przysz\u0142o\u015b\u0107 aran\u017cacji b\u0119dzie coraz bardziej skupiona na nas, mieszka\u0144cach. I na elastycznych rozwi\u0105zaniach, kt\u00f3re dopasuj\u0105 si\u0119 do naszego stylu \u017cycia, a nie odwrotnie.<\/p>\n\n\n\n<figure class=\"wp-block-image size-full\"><a href=\"https:\/\/proplo.pl\/profile\/studio-kobu\/projekt\/dom-czersk-1802\"><img loading=\"lazy\" decoding=\"async\" width=\"1200\" height=\"800\" src=\"https:\/\/proplo.pl\/blog\/wp-content\/uploads\/2025\/05\/kluczowe-elementy-aranzacji-wnetrz.png\" alt=\"Wn\u0119trze salonu w stylu skandynawskim z jasnymi meblami i drewnianym sto\u0142em.\" class=\"wp-image-789\" srcset=\"https:\/\/proplo.pl\/blog\/wp-content\/uploads\/2025\/05\/kluczowe-elementy-aranzacji-wnetrz.png 1200w, https:\/\/proplo.pl\/blog\/wp-content\/uploads\/2025\/05\/kluczowe-elementy-aranzacji-wnetrz-300x200.png 300w, https:\/\/proplo.pl\/blog\/wp-content\/uploads\/2025\/05\/kluczowe-elementy-aranzacji-wnetrz-768x512.png 768w, https:\/\/proplo.pl\/blog\/wp-content\/uploads\/2025\/05\/kluczowe-elementy-aranzacji-wnetrz-1024x683.png 1024w, https:\/\/proplo.pl\/blog\/wp-content\/uploads\/2025\/05\/kluczowe-elementy-aranzacji-wnetrz-480x320.png 480w\" sizes=\"auto, (max-width: 1200px) 100vw, 1200px\" \/><\/a><figcaption class=\"wp-element-caption\">Projekt: <a href=\"https:\/\/proplo.pl\/profile\/studio-kobu\">Studio kobu<\/a><\/figcaption><\/figure>\n\n\n\n<h2 class=\"wp-block-heading\">Kluczowe elementy aran\u017cacji wn\u0119trz<\/h2>\n\n\n\n<p>W aran\u017cacji wn\u0119trz <strong>ka\u017cdy detal ma znaczenie<\/strong>. To w\u0142a\u015bnie drobne elementy \u2013 kolory, \u015bwiat\u0142o, dodatki \u2013 tworz\u0105 przestrze\u0144, kt\u00f3ra nie tylko zachwyca estetyk\u0105, ale r\u00f3wnie\u017c wspiera codzienne funkcjonowanie. <strong>Nowoczesne aran\u017cacje wn\u0119trz<\/strong> opieraj\u0105 si\u0119 na harmonijnym \u0142\u0105czeniu r\u00f3\u017cnych sk\u0142adnik\u00f3w. Gdy wszystko wsp\u00f3\u0142gra jak dobrze nastrojona orkiestra, powstaje wn\u0119trze, kt\u00f3re inspiruje i dzia\u0142a na zmys\u0142y.<\/p>\n\n\n\n<p>Dob\u00f3r poszczeg\u00f3lnych element\u00f3w to nie tylko kwestia gustu, ale r\u00f3wnie\u017c <strong>\u015bwiadomego planowania<\/strong>. Ka\u017cdy komponent \u2013 od o\u015bwietlenia po tkaniny \u2013 wp\u0142ywa na odbi\u00f3r przestrzeni. Umiej\u0119tne zestawienie tych sk\u0142adnik\u00f3w potrafi ca\u0142kowicie odmieni\u0107 charakter pomieszczenia i sprawi\u0107, \u017ce staje si\u0119 ono miejscem, do kt\u00f3rego chce si\u0119 wraca\u0107.<\/p>\n\n\n\n<h3 class=\"wp-block-heading\">Dob\u00f3r o\u015bwietlenia we wn\u0119trzach \u2013 funkcja i nastr\u00f3j<\/h3>\n\n\n\n<p><strong>O\u015bwietlenie to kluczowy element aran\u017cacji<\/strong> \u2013 pe\u0142ni zar\u00f3wno funkcj\u0119 praktyczn\u0105, jak i dekoracyjn\u0105. W nowoczesnych wn\u0119trzach odpowiednio dobrane lampy potrafi\u0105:<\/p>\n\n\n\n<ul class=\"wp-block-list\">\n<li><strong>Podkre\u015bli\u0107 faktury<\/strong> i detale architektoniczne,<\/li>\n\n\n\n<li><strong>Stworzy\u0107 przytuln\u0105 atmosfer\u0119<\/strong>,<\/li>\n\n\n\n<li><strong>Wp\u0142yn\u0105\u0107 pozytywnie na nastr\u00f3j<\/strong> po intensywnym dniu,<\/li>\n\n\n\n<li><strong>Wydoby\u0107 charakter wn\u0119trza<\/strong> i nada\u0107 mu indywidualny styl.<\/li>\n<\/ul>\n\n\n\n<p>W praktyce warto \u0142\u0105czy\u0107 r\u00f3\u017cne \u017ar\u00f3d\u0142a \u015bwiat\u0142a:<\/p>\n\n\n\n<ul class=\"wp-block-list\">\n<li><strong>O\u015bwietlenie punktowe<\/strong> \u2013 idealne do pracy, czytania lub podkre\u015blenia wybranych stref,<\/li>\n\n\n\n<li><strong>O\u015bwietlenie liniowe<\/strong> \u2013 doskonale eksponuje kszta\u0142ty i struktury,<\/li>\n\n\n\n<li><strong>O\u015bwietlenie dekoracyjne<\/strong> \u2013 dodaje wn\u0119trzu charakteru i stylu.<\/li>\n<\/ul>\n\n\n\n<p>Nie trzeba stosowa\u0107 wszystkich typ\u00f3w jednocze\u015bnie. Czasem wystarczy jedno, dobrze przemy\u015blane \u017ar\u00f3d\u0142o \u015bwiat\u0142a, by ca\u0142kowicie odmieni\u0107 przestrze\u0144. Przyk\u0142ad? Delikatne LED-y pod szafkami kuchennymi \u2013 nie tylko u\u0142atwiaj\u0105 gotowanie, ale te\u017c wprowadzaj\u0105 nowoczesny klimat. Warstwowe o\u015bwietlenie pozwala dopasowa\u0107 nastr\u00f3j do pory dnia, okazji czy emocji \u2013 i to w\u0142a\u015bnie ono nadaje wn\u0119trzu dusz\u0119.<\/p>\n\n\n\n<h3 class=\"wp-block-heading\">Dob\u00f3r kolorystyki wn\u0119trza \u2013 wp\u0142yw na styl i atmosfer\u0119<\/h3>\n\n\n\n<p><strong>Kolory maj\u0105 ogromny wp\u0142yw na nasze samopoczucie<\/strong>. Potrafi\u0105 uspokaja\u0107, pobudza\u0107, a nawet wp\u0142ywa\u0107 na emocje. W nowoczesnych aran\u017cacjach paleta barw to nie przypadek \u2013 to <strong>\u015bwiadomy wyb\u00f3r<\/strong>, kt\u00f3ry s\u0142u\u017cy zar\u00f3wno estetyce, jak i codziennemu komfortowi.<\/p>\n\n\n\n<p>Obecnie dominuj\u0105 <strong>stonowane odcienie<\/strong>, takie jak:<\/p>\n\n\n\n<ul class=\"wp-block-list\">\n<li>be\u017ce,<\/li>\n\n\n\n<li>szaro\u015bci,<\/li>\n\n\n\n<li>biele.<\/li>\n<\/ul>\n\n\n\n<p>Wprowadzaj\u0105 one spok\u00f3j, elegancj\u0119 i ponadczasowy charakter. Coraz cz\u0119\u015bciej jednak pojawiaj\u0105 si\u0119 <strong>mocniejsze akcenty kolorystyczne<\/strong>, takie jak:<\/p>\n\n\n\n<ul class=\"wp-block-list\">\n<li>butelkowa ziele\u0144,<\/li>\n\n\n\n<li>g\u0142\u0119boki granat,<\/li>\n\n\n\n<li>musztardowy \u017c\u00f3\u0142ty.<\/li>\n<\/ul>\n\n\n\n<p>To w\u0142a\u015bnie one dodaj\u0105 wn\u0119trzom wyrazisto\u015bci i indywidualnego stylu. <strong>Kluczem jest r\u00f3wnowaga<\/strong> \u2013 barwy powinny wsp\u00f3\u0142gra\u0107 z funkcj\u0105 pomieszczenia oraz stylem \u017cycia domownik\u00f3w. Tylko wtedy przestrze\u0144 staje si\u0119 nie tylko pi\u0119kna, ale i wygodna \u2013 taka, w kt\u00f3rej po prostu dobrze si\u0119 \u017cyje.<\/p>\n\n\n\n<h3 class=\"wp-block-heading\">Nowoczesne dodatki i materia\u0142y \u2013 co warto wybra\u0107<\/h3>\n\n\n\n<p><strong>Dodatki i materia\u0142y to elementy, kt\u00f3re nadaj\u0105 wn\u0119trzu ostateczny charakter<\/strong>. W eleganckich aran\u017cacjach nowoczesno\u015b\u0107 przejawia si\u0119 nie tylko w formie, ale r\u00f3wnie\u017c w fakturze. Coraz cz\u0119\u015bciej wykorzystywane s\u0105:<\/p>\n\n\n\n<ul class=\"wp-block-list\">\n<li><strong>Szk\u0142o<\/strong> \u2013 dodaje lekko\u015bci i nowoczesno\u015bci,<\/li>\n\n\n\n<li><strong>Metal<\/strong> \u2013 wprowadza industrialny akcent,<\/li>\n\n\n\n<li><strong>Beton<\/strong> \u2013 nadaje surowo\u015bci i charakteru,<\/li>\n\n\n\n<li><strong>Drewno<\/strong> \u2013 ociepla przestrze\u0144 i dodaje naturalno\u015bci.<\/li>\n<\/ul>\n\n\n\n<p><strong>Dodatki pe\u0142ni\u0105 nie tylko funkcj\u0119 dekoracyjn\u0105<\/strong>, ale r\u00f3wnie\u017c praktyczn\u0105. Przyk\u0142ady:<\/p>\n\n\n\n<ul class=\"wp-block-list\">\n<li><strong>Poduszki<\/strong> \u2013 zwi\u0119kszaj\u0105 komfort i wprowadzaj\u0105 kolor,<\/li>\n\n\n\n<li><strong>Zas\u0142ony welurowe<\/strong> \u2013 poprawiaj\u0105 akustyk\u0119 i ocieplaj\u0105 wizualnie wn\u0119trze,<\/li>\n\n\n\n<li><strong>Dywany<\/strong> \u2013 definiuj\u0105 strefy i dodaj\u0105 przytulno\u015bci.<\/li>\n<\/ul>\n\n\n\n<p>W nowoczesnych aran\u017cacjach dodatki cz\u0119sto prze\u0142amuj\u0105 monotoni\u0119, wprowadzaj\u0105c <strong>kolor, faktur\u0119 i osobowo\u015b\u0107<\/strong>. \u015awiadomy wyb\u00f3r tych element\u00f3w pozwala stworzy\u0107 przestrze\u0144, kt\u00f3ra nie tylko dobrze wygl\u0105da, ale r\u00f3wnie\u017c <strong>odzwierciedla charakter mieszka\u0144c\u00f3w<\/strong>. Bo dom to nie katalog \u2013 to miejsce, w kt\u00f3rym po prostu chce si\u0119 by\u0107.<\/p>\n\n\n\n<h2 class=\"wp-block-heading\">Indywidualne potrzeby i personalizacja projektu<\/h2>\n\n\n\n<p>Wsp\u00f3\u0142czesne projektowanie wn\u0119trz coraz cz\u0119\u015bciej koncentruje si\u0119 na <strong>rozwi\u0105zaniach szytych na miar\u0119<\/strong>. To nie tylko kwestia estetyki \u2013 to spos\u00f3b na stworzenie przestrzeni, kt\u00f3ra odzwierciedla codzienne \u017cycie, przyzwyczajenia i gust domownik\u00f3w. <strong>Personalizacja przesta\u0142a by\u0107 luksusem \u2013 dzi\u015b to standard<\/strong>, kt\u00f3ry pozwala urz\u0105dzi\u0107 wn\u0119trze nie tylko pi\u0119kne, ale przede wszystkim funkcjonalne i dopasowane do rytmu dnia.<\/p>\n\n\n\n<p>Ka\u017cde mieszkanie mo\u017ce opowiada\u0107 histori\u0119 \u2013 <strong>Twoj\u0105 histori\u0119<\/strong>. To przestrze\u0144, kt\u00f3ra m\u00f3wi wi\u0119cej ni\u017c s\u0142owa. A wszystko zaczyna si\u0119 od s\u0142uchania \u2013 uwa\u017cnego, cierpliwego, pe\u0142nego zrozumienia. Dzi\u0119ki nowoczesnym narz\u0119dziom, takim jak <strong>wizualizacje 3D<\/strong>, mo\u017cesz przetestowa\u0107 r\u00f3\u017cne koncepcje jeszcze przed rozpocz\u0119ciem prac. To sprawia, \u017ce ca\u0142y proces staje si\u0119 bardziej anga\u017cuj\u0105cy i przejrzysty.<\/p>\n\n\n\n<p>Masz wp\u0142yw na ka\u017cdy detal \u2013 od uk\u0142adu pomieszcze\u0144, przez wyb\u00f3r tkanin, po faktury i kolory. Efekt? Wn\u0119trze, kt\u00f3re nie tylko cieszy oko, ale te\u017c dzia\u0142a zgodnie z Twoimi potrzebami.<\/p>\n\n\n\n<h3 class=\"wp-block-heading\">Jak dopasowa\u0107 projekt wn\u0119trza do stylu \u017cycia domownik\u00f3w<\/h3>\n\n\n\n<p>Projektowanie wn\u0119trz to znacznie wi\u0119cej ni\u017c wyb\u00f3r kolor\u00f3w czy mebli. To <strong>odpowied\u017a na codzienne wyzwania<\/strong> \u2013 Twoje i Twoich bliskich. <strong>Przemy\u015blana aran\u017cacja<\/strong> uwzgl\u0119dnia rytm dnia, nawyki, a nawet pasje mieszka\u0144c\u00f3w. To w\u0142a\u015bnie te detale decyduj\u0105 o tym, czy przestrze\u0144 b\u0119dzie naprawd\u0119 wygodna i funkcjonalna.<\/p>\n\n\n\n<p>Przyk\u0142ady dopasowania projektu do stylu \u017cycia:<\/p>\n\n\n\n<ul class=\"wp-block-list\">\n<li><strong>Rodzina z ma\u0142ymi dzie\u0107mi<\/strong> \u2013 potrzebna jest bezpieczna strefa do zabawy, \u0142atwy dost\u0119p do niezb\u0119dnych rzeczy oraz trwa\u0142e materia\u0142y odporne na intensywne u\u017cytkowanie.<\/li>\n\n\n\n<li><strong>Osoba pracuj\u0105ca zdalnie<\/strong> \u2013 kluczowe b\u0119dzie ergonomiczne miejsce pracy, odpowiednie o\u015bwietlenie oraz dobra akustyka sprzyjaj\u0105ca koncentracji.<\/li>\n\n\n\n<li><strong>Mi\u0142o\u015bnik gotowania<\/strong> \u2013 funkcjonalna kuchnia z przemy\u015blanym uk\u0142adem, du\u017c\u0105 ilo\u015bci\u0105 miejsca do przechowywania i wysokiej jako\u015bci sprz\u0119tem.<\/li>\n\n\n\n<li><strong>Osoba aktywna fizycznie<\/strong> \u2013 przestrze\u0144 do przechowywania sprz\u0119tu sportowego, miejsce do \u0107wicze\u0144 lub relaksu po treningu.<\/li>\n<\/ul>\n\n\n\n<p><strong>Dopasowanie projektu do stylu \u017cycia<\/strong> to proces, kt\u00f3ry obejmuje:<\/p>\n\n\n\n<ul class=\"wp-block-list\">\n<li>analiz\u0119 funkcjonalno\u015bci przestrzeni,<\/li>\n\n\n\n<li>dob\u00f3r odpowiednich mebli i kolorystyki,<\/li>\n\n\n\n<li>zastosowanie technologii wspieraj\u0105cych codzienne \u017cycie,<\/li>\n\n\n\n<li>uwzgl\u0119dnienie indywidualnych potrzeb ka\u017cdego domownika.<\/li>\n<\/ul>\n\n\n\n<p>To w\u0142a\u015bnie te elementy sprawiaj\u0105, \u017ce wn\u0119trze staje si\u0119 nie tylko estetyczne, ale przede wszystkim <strong>osobiste, przemy\u015blane i skrojone na miar\u0119<\/strong>.<\/p>\n\n\n\n<h3 class=\"wp-block-heading\">Wsp\u00f3\u0142praca z architektem a samodzielna aran\u017cacja \u2013 co wybra\u0107<\/h3>\n\n\n\n<p>W momencie urz\u0105dzania wn\u0119trza pojawia si\u0119 kluczowe pytanie: <strong>zatrudni\u0107 architekta czy dzia\u0142a\u0107 samodzielnie?<\/strong> Odpowied\u017a zale\u017cy od kilku czynnik\u00f3w: oczekiwa\u0144, bud\u017cetu oraz czasu, kt\u00f3ry mo\u017cesz po\u015bwi\u0119ci\u0107 na projekt.<\/p>\n\n\n\n<figure class=\"wp-block-table\"><table class=\"has-fixed-layout\"><tbody><tr><th>Opcja<\/th><th>Zalety<\/th><th>Wady<\/th><\/tr><tr><td><strong>Wsp\u00f3\u0142praca z architektem<\/strong><\/td><td>Profesjonalne podej\u015bcie i do\u015bwiadczenieZnajomo\u015b\u0107 trend\u00f3w i rozwi\u0105za\u0144 technicznychSp\u00f3jna i funkcjonalna koncepcjaOszcz\u0119dno\u015b\u0107 czasu i unikni\u0119cie b\u0142\u0119d\u00f3w<\/td><td>Wy\u017cszy koszt us\u0142ugiMniejsza kontrola nad ka\u017cdym detalem<\/td><\/tr><tr><td><strong>Samodzielna aran\u017cacja<\/strong><\/td><td>Pe\u0142na swoboda i kontrolaMo\u017cliwo\u015b\u0107 realizacji w\u0142asnych pomys\u0142\u00f3wPotencjalne oszcz\u0119dno\u015bci<\/td><td>Ryzyko b\u0142\u0119d\u00f3w wynikaj\u0105cych z braku do\u015bwiadczeniaWi\u0119ksze zaanga\u017cowanie czasowe<\/td><\/tr><\/tbody><\/table><\/figure>\n\n\n\n<p>Zanim podejmiesz decyzj\u0119, zadaj sobie kilka pyta\u0144:<\/p>\n\n\n\n<ul class=\"wp-block-list\">\n<li>Czy mam wystarczaj\u0105co czasu, by zaj\u0105\u0107 si\u0119 projektem?<\/li>\n\n\n\n<li>Czy czuj\u0119 si\u0119 na si\u0142ach, by zaplanowa\u0107 przestrze\u0144 od A do Z?<\/li>\n\n\n\n<li>Jaki efekt chc\u0119 osi\u0105gn\u0105\u0107 \u2013 estetyczny, funkcjonalny, a mo\u017ce jedno i drugie?<\/li>\n<\/ul>\n\n\n\n<p>Niezale\u017cnie od wybranej drogi, kluczem do sukcesu jest dobre przygotowanie i jasna wizja tego, jak ma wygl\u0105da\u0107 Twoje wymarzone wn\u0119trze. To w\u0142a\u015bnie ona prowadzi do przestrzeni, w kt\u00f3rej naprawd\u0119 chce si\u0119 by\u0107.<\/p>\n\n\n\n<figure class=\"wp-block-image size-full\"><a href=\"https:\/\/proplo.pl\/profile\/agnieszka-cieciora\/projekt\/nh80-nowoczesna-stodola-1105\"><img loading=\"lazy\" decoding=\"async\" width=\"1200\" height=\"800\" src=\"https:\/\/proplo.pl\/blog\/wp-content\/uploads\/2025\/05\/style-aranzacji-wnetrza-domow.png\" alt=\"Wn\u0119trze w stylu minimaluxe z szarymi meblami i drewnian\u0105 pod\u0142og\u0105.\" class=\"wp-image-787\" srcset=\"https:\/\/proplo.pl\/blog\/wp-content\/uploads\/2025\/05\/style-aranzacji-wnetrza-domow.png 1200w, https:\/\/proplo.pl\/blog\/wp-content\/uploads\/2025\/05\/style-aranzacji-wnetrza-domow-300x200.png 300w, https:\/\/proplo.pl\/blog\/wp-content\/uploads\/2025\/05\/style-aranzacji-wnetrza-domow-768x512.png 768w, https:\/\/proplo.pl\/blog\/wp-content\/uploads\/2025\/05\/style-aranzacji-wnetrza-domow-1024x683.png 1024w, https:\/\/proplo.pl\/blog\/wp-content\/uploads\/2025\/05\/style-aranzacji-wnetrza-domow-480x320.png 480w\" sizes=\"auto, (max-width: 1200px) 100vw, 1200px\" \/><\/a><figcaption class=\"wp-element-caption\">Projekt: <a href=\"https:\/\/proplo.pl\/profile\/agnieszka-cieciora\">Agnieszka Cieciora<\/a><\/figcaption><\/figure>\n\n\n\n<h2 class=\"wp-block-heading\">Przysz\u0142o\u015b\u0107 aran\u017cacji wn\u0119trz dom\u00f3w<\/h2>\n\n\n\n<p>Technologia nieustannie przyspiesza, a wraz z ni\u0105 zmienia si\u0119 spos\u00f3b, w jaki urz\u0105dzamy nasze domy. Przysz\u0142o\u015b\u0107 aran\u017cacji wn\u0119trz zapowiada si\u0119 niezwykle ekscytuj\u0105co \u2014 pe\u0142na innowacyjnych rozwi\u0105za\u0144, komfortu i troski o \u015brodowisko. Coraz cz\u0119\u015bciej nowoczesne wn\u0119trza dom\u00f3w b\u0119d\u0105 integrowane z inteligentnymi systemami, kt\u00f3re:<\/p>\n\n\n\n<ul class=\"wp-block-list\">\n<li>u\u0142atwiaj\u0105 codzienne funkcjonowanie,<\/li>\n\n\n\n<li>ograniczaj\u0105 negatywny wp\u0142yw na \u015brodowisko,<\/li>\n\n\n\n<li>wykorzystuj\u0105 energooszcz\u0119dne technologie,<\/li>\n\n\n\n<li>bazuj\u0105 na biodegradowalnych materia\u0142ach,<\/li>\n\n\n\n<li>realnie zmniejszaj\u0105 \u015blad w\u0119glowy mieszka\u0144c\u00f3w.<\/li>\n<\/ul>\n\n\n\n<p>Jednym z najbardziej fascynuj\u0105cych kierunk\u00f3w rozwoju jest <strong>personalizacja przestrzeni<\/strong>. Dzi\u0119ki technologiom takim jak druk 3D i rozszerzona rzeczywisto\u015b\u0107, projektanci mog\u0105 tworzy\u0107 wn\u0119trza idealnie dopasowane do stylu \u017cycia domownik\u00f3w. <strong>Wyobra\u017a sobie salon, kt\u00f3ry zmienia sw\u00f3j uk\u0142ad w zale\u017cno\u015bci od pory dnia lub nastroju \u2014 to ju\u017c nie wizja przysz\u0142o\u015bci, ale rzeczywisto\u015b\u0107.<\/strong> Taka elastyczno\u015b\u0107 mo\u017ce ca\u0142kowicie odmieni\u0107 nasze podej\u015bcie do przestrzeni domowej.<\/p>\n\n\n\n<p><strong>Co nas czeka dalej?<\/strong> Czy inteligentne domy stan\u0105 si\u0119 powszechnym standardem? Czy personalizacja osi\u0105gnie poziom, o jakim dzi\u015b tylko marzymy? Te pytania nie tylko pobudzaj\u0105 wyobra\u017ani\u0119, ale r\u00f3wnie\u017c wyznaczaj\u0105 kierunek rozwoju tej dynamicznej bran\u017cy.<\/p>\n\n\n\n<h3 class=\"wp-block-heading\">Nowoczesne rozwi\u0105zania architektoniczne w aran\u017cacjach 2025<\/h3>\n\n\n\n<p><strong>Rok 2025 mo\u017ce by\u0107 prze\u0142omowy dla nowoczesnych dom\u00f3w<\/strong>. Architektura i technologia b\u0119d\u0105 wsp\u00f3\u0142istnie\u0107 w harmonii, tworz\u0105c przestrzenie, kt\u00f3re \u0142\u0105cz\u0105 funkcjonalno\u015b\u0107 z estetyk\u0105. W\u015br\u00f3d rozwi\u0105za\u0144, kt\u00f3re stan\u0105 si\u0119 codzienno\u015bci\u0105, znajdziemy:<\/p>\n\n\n\n<ul class=\"wp-block-list\">\n<li><strong>inteligentne systemy zarz\u0105dzania energi\u0105,<\/strong><\/li>\n\n\n\n<li><strong>automatyczne sterowanie o\u015bwietleniem i klimatyzacj\u0105,<\/strong><\/li>\n\n\n\n<li>zintegrowane systemy bezpiecze\u0144stwa,<\/li>\n\n\n\n<li>rozwi\u0105zania zwi\u0119kszaj\u0105ce komfort i efektywno\u015b\u0107 energetyczn\u0105.<\/li>\n<\/ul>\n\n\n\n<p><strong>To, co dzi\u015b uznawane jest za luksus, wkr\u00f3tce stanie si\u0119 standardem.<\/strong> Dzi\u0119ki temu nasze domy b\u0119d\u0105 nie tylko bardziej komfortowe, ale r\u00f3wnie\u017c przyjazne \u015brodowisku.<\/p>\n\n\n\n<p>R\u00f3wnolegle ro\u015bnie znaczenie <strong>zr\u00f3wnowa\u017conych materia\u0142\u00f3w<\/strong>. Projektanci coraz ch\u0119tniej si\u0119gaj\u0105 po surowce odnawialne, takie jak:<\/p>\n\n\n\n<ul class=\"wp-block-list\">\n<li>korek,<\/li>\n\n\n\n<li>bambus,<\/li>\n\n\n\n<li>materia\u0142y z recyklingu.<\/li>\n<\/ul>\n\n\n\n<p>\u0141\u0105cz\u0105 one estetyk\u0119 z odpowiedzialno\u015bci\u0105 ekologiczn\u0105. <strong>Elastyczno\u015b\u0107 przestrzeni r\u00f3wnie\u017c zyskuje na znaczeniu<\/strong> \u2014 wn\u0119trza b\u0119d\u0105 \u0142atwe do przekszta\u0142cenia, by sprosta\u0107 zmieniaj\u0105cym si\u0119 potrzebom mieszka\u0144c\u00f3w, np. w przypadku pracy zdalnej czy powi\u0119kszaj\u0105cej si\u0119 rodziny.<\/p>\n\n\n\n<p><strong>Co przyniesie przysz\u0142o\u015b\u0107?<\/strong> Jakie innowacje zrewolucjonizuj\u0105 projektowanie wn\u0119trz? Czy zr\u00f3wnowa\u017cony rozw\u00f3j i inteligentne technologie stan\u0105 si\u0119 nieod\u0142\u0105cznym elementem ka\u017cdego projektu? To pytania, kt\u00f3re inspiruj\u0105 architekt\u00f3w do poszukiwania coraz odwa\u017cniejszych i bardziej kreatywnych rozwi\u0105za\u0144.<\/p>\n\n\n\n<h3 class=\"wp-block-heading\">Trendy w aran\u017cacjach wn\u0119trz dom\u00f3w jednorodzinnych na najbli\u017csze lata<\/h3>\n\n\n\n<p>W nadchodz\u0105cych latach <strong>aran\u017cacje wn\u0119trz dom\u00f3w jednorodzinnych<\/strong> b\u0119d\u0105 coraz lepiej odpowiada\u0107 na potrzeby mieszka\u0144c\u00f3w. Jednym z wyra\u017anych trend\u00f3w jest <strong>rosn\u0105ce zainteresowanie domami z poddaszem u\u017cytkowym<\/strong>. To praktyczne rozwi\u0105zanie, kt\u00f3re pozwala zyska\u0107 dodatkow\u0105 przestrze\u0144 do:<\/p>\n\n\n\n<ul class=\"wp-block-list\">\n<li>pracy,<\/li>\n\n\n\n<li>relaksu,<\/li>\n\n\n\n<li>przechowywania.<\/li>\n<\/ul>\n\n\n\n<p><strong>Funkcjonalno\u015b\u0107 \u0142\u0105czy si\u0119 tu z nowoczesnym designem<\/strong>, tworz\u0105c wn\u0119trza, kt\u00f3re s\u0105 jednocze\u015bnie praktyczne i stylowe.<\/p>\n\n\n\n<p>Technologie smart home staj\u0105 si\u0119 coraz bardziej dost\u0119pne i intuicyjne. W\u015br\u00f3d najcz\u0119\u015bciej stosowanych rozwi\u0105za\u0144 znajduj\u0105 si\u0119:<\/p>\n\n\n\n<ul class=\"wp-block-list\">\n<li><strong>zdalne sterowanie o\u015bwietleniem,<\/strong><\/li>\n\n\n\n<li><strong>zarz\u0105dzanie ogrzewaniem,<\/strong><\/li>\n\n\n\n<li><strong>systemy zabezpiecze\u0144,<\/strong><\/li>\n\n\n\n<li>integracja z aplikacjami mobilnymi.<\/li>\n<\/ul>\n\n\n\n<p>R\u00f3wnocze\u015bnie ro\u015bnie znaczenie <strong>ekologicznych materia\u0142\u00f3w<\/strong>. Coraz cz\u0119\u015bciej wybierane s\u0105:<\/p>\n\n\n\n<ul class=\"wp-block-list\">\n<li>drewno z certyfikatem FSC<sup data-fn=\"b3dc9f32-d1ef-4c70-b9cd-51c2d47a648c\" class=\"fn\"><a id=\"b3dc9f32-d1ef-4c70-b9cd-51c2d47a648c-link\" href=\"#b3dc9f32-d1ef-4c70-b9cd-51c2d47a648c\">1<\/a><\/sup>,<\/li>\n\n\n\n<li>naturalne tynki,<\/li>\n\n\n\n<li>farby o niskiej emisji LZO \u2014 bezpieczne dla zdrowia i \u015brodowiska.<\/li>\n<\/ul>\n\n\n\n<p>Jakie inne kierunki mog\u0105 zdominowa\u0107 aran\u017cacje wn\u0119trz w domach jednorodzinnych? Czy elastyczne uk\u0142ady i ekologiczne surowce stan\u0105 si\u0119 nowym standardem? Odpowiedzi na te pytania b\u0119d\u0105 kszta\u0142towa\u0107 przysz\u0142o\u015b\u0107 projektowania, w kt\u00f3rej dom to nie tylko przestrze\u0144 do \u017cycia, ale tak\u017ce wyraz stylu, warto\u015bci i osobowo\u015bci jego mieszka\u0144c\u00f3w.<\/p>\n\n\n\n<hr class=\"wp-block-separator has-alpha-channel-opacity\"\/>\n\n\n\n<p><strong>\u0179r\u00f3d\u0142a:<\/strong><\/p>\n\n\n<ol class=\"wp-block-footnotes\"><li id=\"b3dc9f32-d1ef-4c70-b9cd-51c2d47a648c\"><a href=\"https:\/\/pl.fsc.org\/pl-pl\">https:\/\/pl.fsc.org\/pl-pl<\/a> <a href=\"#b3dc9f32-d1ef-4c70-b9cd-51c2d47a648c-link\" aria-label=\"Przejd\u017a do przypisu 1\">\u21a9\ufe0e<\/a><\/li><\/ol>\n\n\n<p><\/p>\n","protected":false},"excerpt":{"rendered":"<p>Dzisiejsze aran\u017cacje wn\u0119trz oferuj\u0105 niemal nieograniczone mo\u017cliwo\u015bci \u2014 od klasycznych kompozycji po innowacyjne technologie, kt\u00f3re potrafi\u0105 ca\u0142kowicie odmieni\u0107 charakter ka\u017cdego pomieszczenia. <\/p>\n","protected":false},"author":3,"featured_media":784,"comment_status":"open","ping_status":"open","sticky":false,"template":"","format":"standard","meta":{"footnotes":"[{\"content\":\"<a href=\\\"https:\/\/pl.fsc.org\/pl-pl\\\">https:\/\/pl.fsc.org\/pl-pl<\/a>\",\"id\":\"b3dc9f32-d1ef-4c70-b9cd-51c2d47a648c\"}]"},"categories":[15],"tags":[],"class_list":["post-783","post","type-post","status-publish","format-standard","has-post-thumbnail","hentry","category-inne"],"acf":[],"yoast_head":"<!-- This site is optimized with the Yoast SEO plugin v27.5 - https:\/\/yoast.com\/product\/yoast-seo-wordpress\/ -->\n<title>Jak zaprojektowa\u0107 wn\u0119trze domu? - Proplo<\/title>\n<meta name=\"description\" content=\"Wyb\u00f3r stylu aran\u017cacji wn\u0119trza domu to nie tylko kwestia gustu \u2013 to spos\u00f3b na stworzenie przestrzeni, w kt\u00f3rej czujemy si\u0119 komfortowo.\" \/>\n<meta name=\"robots\" content=\"index, follow, max-snippet:-1, max-image-preview:large, max-video-preview:-1\" \/>\n<link rel=\"canonical\" href=\"https:\/\/proplo.pl\/blog\/aranzacje-wnetrza-domow\/\" \/>\n<meta property=\"og:locale\" content=\"pl_PL\" \/>\n<meta property=\"og:type\" content=\"article\" \/>\n<meta property=\"og:title\" content=\"Jak zaprojektowa\u0107 wn\u0119trze domu? - Proplo\" \/>\n<meta property=\"og:description\" content=\"Wyb\u00f3r stylu aran\u017cacji wn\u0119trza domu to nie tylko kwestia gustu \u2013 to spos\u00f3b na stworzenie przestrzeni, w kt\u00f3rej czujemy si\u0119 komfortowo.\" \/>\n<meta property=\"og:url\" content=\"https:\/\/proplo.pl\/blog\/aranzacje-wnetrza-domow\/\" \/>\n<meta property=\"og:site_name\" content=\"Poradnik wn\u0119trzarski - Proplo\" \/>\n<meta property=\"article:published_time\" content=\"2025-05-28T20:16:19+00:00\" \/>\n<meta property=\"article:modified_time\" content=\"2025-05-28T20:59:54+00:00\" \/>\n<meta property=\"og:image\" content=\"https:\/\/proplo.pl\/blog\/wp-content\/uploads\/2025\/05\/aranzacje-wnetrza-domow.png\" \/>\n\t<meta property=\"og:image:width\" content=\"1200\" \/>\n\t<meta property=\"og:image:height\" content=\"800\" \/>\n\t<meta property=\"og:image:type\" content=\"image\/png\" \/>\n<meta name=\"author\" content=\"Proplo\" \/>\n<meta name=\"twitter:card\" content=\"summary_large_image\" \/>\n<meta name=\"twitter:label1\" content=\"Napisane przez\" \/>\n\t<meta name=\"twitter:data1\" content=\"Proplo\" \/>\n\t<meta name=\"twitter:label2\" content=\"Szacowany czas czytania\" \/>\n\t<meta name=\"twitter:data2\" content=\"27 minut\" \/>\n<script type=\"application\/ld+json\" class=\"yoast-schema-graph\">{\"@context\":\"https:\\\/\\\/schema.org\",\"@graph\":[{\"@type\":\"Article\",\"@id\":\"https:\\\/\\\/proplo.pl\\\/blog\\\/aranzacje-wnetrza-domow\\\/#article\",\"isPartOf\":{\"@id\":\"https:\\\/\\\/proplo.pl\\\/blog\\\/aranzacje-wnetrza-domow\\\/\"},\"author\":{\"name\":\"Proplo\",\"@id\":\"https:\\\/\\\/proplo.pl\\\/blog\\\/#\\\/schema\\\/person\\\/c13af99097d24e9fc2b86b838c0fd0e1\"},\"headline\":\"Jak zaprojektowa\u0107 wn\u0119trze domu? Style, projekty i nowoczesne rozwi\u0105zania\",\"datePublished\":\"2025-05-28T20:16:19+00:00\",\"dateModified\":\"2025-05-28T20:59:54+00:00\",\"mainEntityOfPage\":{\"@id\":\"https:\\\/\\\/proplo.pl\\\/blog\\\/aranzacje-wnetrza-domow\\\/\"},\"wordCount\":5176,\"commentCount\":0,\"image\":{\"@id\":\"https:\\\/\\\/proplo.pl\\\/blog\\\/aranzacje-wnetrza-domow\\\/#primaryimage\"},\"thumbnailUrl\":\"https:\\\/\\\/proplo.pl\\\/blog\\\/wp-content\\\/uploads\\\/2025\\\/05\\\/aranzacje-wnetrza-domow.png\",\"articleSection\":[\"Inne\"],\"inLanguage\":\"pl-PL\",\"potentialAction\":[{\"@type\":\"CommentAction\",\"name\":\"Comment\",\"target\":[\"https:\\\/\\\/proplo.pl\\\/blog\\\/aranzacje-wnetrza-domow\\\/#respond\"]}]},{\"@type\":\"WebPage\",\"@id\":\"https:\\\/\\\/proplo.pl\\\/blog\\\/aranzacje-wnetrza-domow\\\/\",\"url\":\"https:\\\/\\\/proplo.pl\\\/blog\\\/aranzacje-wnetrza-domow\\\/\",\"name\":\"Jak zaprojektowa\u0107 wn\u0119trze domu? - Proplo\",\"isPartOf\":{\"@id\":\"https:\\\/\\\/proplo.pl\\\/blog\\\/#website\"},\"primaryImageOfPage\":{\"@id\":\"https:\\\/\\\/proplo.pl\\\/blog\\\/aranzacje-wnetrza-domow\\\/#primaryimage\"},\"image\":{\"@id\":\"https:\\\/\\\/proplo.pl\\\/blog\\\/aranzacje-wnetrza-domow\\\/#primaryimage\"},\"thumbnailUrl\":\"https:\\\/\\\/proplo.pl\\\/blog\\\/wp-content\\\/uploads\\\/2025\\\/05\\\/aranzacje-wnetrza-domow.png\",\"datePublished\":\"2025-05-28T20:16:19+00:00\",\"dateModified\":\"2025-05-28T20:59:54+00:00\",\"author\":{\"@id\":\"https:\\\/\\\/proplo.pl\\\/blog\\\/#\\\/schema\\\/person\\\/c13af99097d24e9fc2b86b838c0fd0e1\"},\"description\":\"Wyb\u00f3r stylu aran\u017cacji wn\u0119trza domu to nie tylko kwestia gustu \u2013 to spos\u00f3b na stworzenie przestrzeni, w kt\u00f3rej czujemy si\u0119 komfortowo.\",\"breadcrumb\":{\"@id\":\"https:\\\/\\\/proplo.pl\\\/blog\\\/aranzacje-wnetrza-domow\\\/#breadcrumb\"},\"inLanguage\":\"pl-PL\",\"potentialAction\":[{\"@type\":\"ReadAction\",\"target\":[\"https:\\\/\\\/proplo.pl\\\/blog\\\/aranzacje-wnetrza-domow\\\/\"]}]},{\"@type\":\"ImageObject\",\"inLanguage\":\"pl-PL\",\"@id\":\"https:\\\/\\\/proplo.pl\\\/blog\\\/aranzacje-wnetrza-domow\\\/#primaryimage\",\"url\":\"https:\\\/\\\/proplo.pl\\\/blog\\\/wp-content\\\/uploads\\\/2025\\\/05\\\/aranzacje-wnetrza-domow.png\",\"contentUrl\":\"https:\\\/\\\/proplo.pl\\\/blog\\\/wp-content\\\/uploads\\\/2025\\\/05\\\/aranzacje-wnetrza-domow.png\",\"width\":1200,\"height\":800,\"caption\":\"Wn\u0119trze z du\u017cymi oknami, jasnymi meblami i minimalistycznym stylem\"},{\"@type\":\"BreadcrumbList\",\"@id\":\"https:\\\/\\\/proplo.pl\\\/blog\\\/aranzacje-wnetrza-domow\\\/#breadcrumb\",\"itemListElement\":[{\"@type\":\"ListItem\",\"position\":1,\"name\":\"Proplo\",\"item\":\"https:\\\/\\\/proplo.pl\"},{\"@type\":\"ListItem\",\"position\":2,\"name\":\"Poradnik wn\u0119trzarski\",\"item\":\"https:\\\/\\\/proplo.pl\\\/blog\\\/\"},{\"@type\":\"ListItem\",\"position\":3,\"name\":\"Jak zaprojektowa\u0107 wn\u0119trze domu? Style, projekty i nowoczesne rozwi\u0105zania\"}]},{\"@type\":\"WebSite\",\"@id\":\"https:\\\/\\\/proplo.pl\\\/blog\\\/#website\",\"url\":\"https:\\\/\\\/proplo.pl\\\/blog\\\/\",\"name\":\"Blog Proplo\",\"description\":\"\",\"potentialAction\":[{\"@type\":\"SearchAction\",\"target\":{\"@type\":\"EntryPoint\",\"urlTemplate\":\"https:\\\/\\\/proplo.pl\\\/blog\\\/?s={search_term_string}\"},\"query-input\":{\"@type\":\"PropertyValueSpecification\",\"valueRequired\":true,\"valueName\":\"search_term_string\"}}],\"inLanguage\":\"pl-PL\"},{\"@type\":\"Person\",\"@id\":\"https:\\\/\\\/proplo.pl\\\/blog\\\/#\\\/schema\\\/person\\\/c13af99097d24e9fc2b86b838c0fd0e1\",\"name\":\"Proplo\",\"image\":{\"@type\":\"ImageObject\",\"inLanguage\":\"pl-PL\",\"@id\":\"https:\\\/\\\/secure.gravatar.com\\\/avatar\\\/176f908138148facd74b7d78fc677b53b24a54b63aacd8fc4e81a4da926e5f28?s=96&d=mm&r=g\",\"url\":\"https:\\\/\\\/secure.gravatar.com\\\/avatar\\\/176f908138148facd74b7d78fc677b53b24a54b63aacd8fc4e81a4da926e5f28?s=96&d=mm&r=g\",\"contentUrl\":\"https:\\\/\\\/secure.gravatar.com\\\/avatar\\\/176f908138148facd74b7d78fc677b53b24a54b63aacd8fc4e81a4da926e5f28?s=96&d=mm&r=g\",\"caption\":\"Proplo\"},\"url\":\"https:\\\/\\\/proplo.pl\\\/blog\\\/author\\\/r-marciniak\\\/\"}]}<\/script>\n<!-- \/ Yoast SEO plugin. -->","yoast_head_json":{"title":"Jak zaprojektowa\u0107 wn\u0119trze domu? - Proplo","description":"Wyb\u00f3r stylu aran\u017cacji wn\u0119trza domu to nie tylko kwestia gustu \u2013 to spos\u00f3b na stworzenie przestrzeni, w kt\u00f3rej czujemy si\u0119 komfortowo.","robots":{"index":"index","follow":"follow","max-snippet":"max-snippet:-1","max-image-preview":"max-image-preview:large","max-video-preview":"max-video-preview:-1"},"canonical":"https:\/\/proplo.pl\/blog\/aranzacje-wnetrza-domow\/","og_locale":"pl_PL","og_type":"article","og_title":"Jak zaprojektowa\u0107 wn\u0119trze domu? - Proplo","og_description":"Wyb\u00f3r stylu aran\u017cacji wn\u0119trza domu to nie tylko kwestia gustu \u2013 to spos\u00f3b na stworzenie przestrzeni, w kt\u00f3rej czujemy si\u0119 komfortowo.","og_url":"https:\/\/proplo.pl\/blog\/aranzacje-wnetrza-domow\/","og_site_name":"Poradnik wn\u0119trzarski - Proplo","article_published_time":"2025-05-28T20:16:19+00:00","article_modified_time":"2025-05-28T20:59:54+00:00","og_image":[{"width":1200,"height":800,"url":"https:\/\/proplo.pl\/blog\/wp-content\/uploads\/2025\/05\/aranzacje-wnetrza-domow.png","type":"image\/png"}],"author":"Proplo","twitter_card":"summary_large_image","twitter_misc":{"Napisane przez":"Proplo","Szacowany czas czytania":"27 minut"},"schema":{"@context":"https:\/\/schema.org","@graph":[{"@type":"Article","@id":"https:\/\/proplo.pl\/blog\/aranzacje-wnetrza-domow\/#article","isPartOf":{"@id":"https:\/\/proplo.pl\/blog\/aranzacje-wnetrza-domow\/"},"author":{"name":"Proplo","@id":"https:\/\/proplo.pl\/blog\/#\/schema\/person\/c13af99097d24e9fc2b86b838c0fd0e1"},"headline":"Jak zaprojektowa\u0107 wn\u0119trze domu? Style, projekty i nowoczesne rozwi\u0105zania","datePublished":"2025-05-28T20:16:19+00:00","dateModified":"2025-05-28T20:59:54+00:00","mainEntityOfPage":{"@id":"https:\/\/proplo.pl\/blog\/aranzacje-wnetrza-domow\/"},"wordCount":5176,"commentCount":0,"image":{"@id":"https:\/\/proplo.pl\/blog\/aranzacje-wnetrza-domow\/#primaryimage"},"thumbnailUrl":"https:\/\/proplo.pl\/blog\/wp-content\/uploads\/2025\/05\/aranzacje-wnetrza-domow.png","articleSection":["Inne"],"inLanguage":"pl-PL","potentialAction":[{"@type":"CommentAction","name":"Comment","target":["https:\/\/proplo.pl\/blog\/aranzacje-wnetrza-domow\/#respond"]}]},{"@type":"WebPage","@id":"https:\/\/proplo.pl\/blog\/aranzacje-wnetrza-domow\/","url":"https:\/\/proplo.pl\/blog\/aranzacje-wnetrza-domow\/","name":"Jak zaprojektowa\u0107 wn\u0119trze domu? - Proplo","isPartOf":{"@id":"https:\/\/proplo.pl\/blog\/#website"},"primaryImageOfPage":{"@id":"https:\/\/proplo.pl\/blog\/aranzacje-wnetrza-domow\/#primaryimage"},"image":{"@id":"https:\/\/proplo.pl\/blog\/aranzacje-wnetrza-domow\/#primaryimage"},"thumbnailUrl":"https:\/\/proplo.pl\/blog\/wp-content\/uploads\/2025\/05\/aranzacje-wnetrza-domow.png","datePublished":"2025-05-28T20:16:19+00:00","dateModified":"2025-05-28T20:59:54+00:00","author":{"@id":"https:\/\/proplo.pl\/blog\/#\/schema\/person\/c13af99097d24e9fc2b86b838c0fd0e1"},"description":"Wyb\u00f3r stylu aran\u017cacji wn\u0119trza domu to nie tylko kwestia gustu \u2013 to spos\u00f3b na stworzenie przestrzeni, w kt\u00f3rej czujemy si\u0119 komfortowo.","breadcrumb":{"@id":"https:\/\/proplo.pl\/blog\/aranzacje-wnetrza-domow\/#breadcrumb"},"inLanguage":"pl-PL","potentialAction":[{"@type":"ReadAction","target":["https:\/\/proplo.pl\/blog\/aranzacje-wnetrza-domow\/"]}]},{"@type":"ImageObject","inLanguage":"pl-PL","@id":"https:\/\/proplo.pl\/blog\/aranzacje-wnetrza-domow\/#primaryimage","url":"https:\/\/proplo.pl\/blog\/wp-content\/uploads\/2025\/05\/aranzacje-wnetrza-domow.png","contentUrl":"https:\/\/proplo.pl\/blog\/wp-content\/uploads\/2025\/05\/aranzacje-wnetrza-domow.png","width":1200,"height":800,"caption":"Wn\u0119trze z du\u017cymi oknami, jasnymi meblami i minimalistycznym stylem"},{"@type":"BreadcrumbList","@id":"https:\/\/proplo.pl\/blog\/aranzacje-wnetrza-domow\/#breadcrumb","itemListElement":[{"@type":"ListItem","position":1,"name":"Proplo","item":"https:\/\/proplo.pl"},{"@type":"ListItem","position":2,"name":"Poradnik wn\u0119trzarski","item":"https:\/\/proplo.pl\/blog\/"},{"@type":"ListItem","position":3,"name":"Jak zaprojektowa\u0107 wn\u0119trze domu? Style, projekty i nowoczesne rozwi\u0105zania"}]},{"@type":"WebSite","@id":"https:\/\/proplo.pl\/blog\/#website","url":"https:\/\/proplo.pl\/blog\/","name":"Blog Proplo","description":"","potentialAction":[{"@type":"SearchAction","target":{"@type":"EntryPoint","urlTemplate":"https:\/\/proplo.pl\/blog\/?s={search_term_string}"},"query-input":{"@type":"PropertyValueSpecification","valueRequired":true,"valueName":"search_term_string"}}],"inLanguage":"pl-PL"},{"@type":"Person","@id":"https:\/\/proplo.pl\/blog\/#\/schema\/person\/c13af99097d24e9fc2b86b838c0fd0e1","name":"Proplo","image":{"@type":"ImageObject","inLanguage":"pl-PL","@id":"https:\/\/secure.gravatar.com\/avatar\/176f908138148facd74b7d78fc677b53b24a54b63aacd8fc4e81a4da926e5f28?s=96&d=mm&r=g","url":"https:\/\/secure.gravatar.com\/avatar\/176f908138148facd74b7d78fc677b53b24a54b63aacd8fc4e81a4da926e5f28?s=96&d=mm&r=g","contentUrl":"https:\/\/secure.gravatar.com\/avatar\/176f908138148facd74b7d78fc677b53b24a54b63aacd8fc4e81a4da926e5f28?s=96&d=mm&r=g","caption":"Proplo"},"url":"https:\/\/proplo.pl\/blog\/author\/r-marciniak\/"}]}},"_links":{"self":[{"href":"https:\/\/proplo.pl\/blog\/wp-json\/wp\/v2\/posts\/783","targetHints":{"allow":["GET"]}}],"collection":[{"href":"https:\/\/proplo.pl\/blog\/wp-json\/wp\/v2\/posts"}],"about":[{"href":"https:\/\/proplo.pl\/blog\/wp-json\/wp\/v2\/types\/post"}],"author":[{"embeddable":true,"href":"https:\/\/proplo.pl\/blog\/wp-json\/wp\/v2\/users\/3"}],"replies":[{"embeddable":true,"href":"https:\/\/proplo.pl\/blog\/wp-json\/wp\/v2\/comments?post=783"}],"version-history":[{"count":4,"href":"https:\/\/proplo.pl\/blog\/wp-json\/wp\/v2\/posts\/783\/revisions"}],"predecessor-version":[{"id":795,"href":"https:\/\/proplo.pl\/blog\/wp-json\/wp\/v2\/posts\/783\/revisions\/795"}],"wp:featuredmedia":[{"embeddable":true,"href":"https:\/\/proplo.pl\/blog\/wp-json\/wp\/v2\/media\/784"}],"wp:attachment":[{"href":"https:\/\/proplo.pl\/blog\/wp-json\/wp\/v2\/media?parent=783"}],"wp:term":[{"taxonomy":"category","embeddable":true,"href":"https:\/\/proplo.pl\/blog\/wp-json\/wp\/v2\/categories?post=783"},{"taxonomy":"post_tag","embeddable":true,"href":"https:\/\/proplo.pl\/blog\/wp-json\/wp\/v2\/tags?post=783"}],"curies":[{"name":"wp","href":"https:\/\/api.w.org\/{rel}","templated":true}]}}