{"id":771,"date":"2025-05-28T12:22:22","date_gmt":"2025-05-28T11:22:22","guid":{"rendered":"https:\/\/proplo.pl\/blog\/?p=771"},"modified":"2025-05-28T12:45:43","modified_gmt":"2025-05-28T11:45:43","slug":"adaptacja-poddasza","status":"publish","type":"post","link":"https:\/\/proplo.pl\/blog\/adaptacja-poddasza\/","title":{"rendered":"Adaptacja poddasza &#8211; kluczowe aspekty i wymagania"},"content":{"rendered":"<div class=\"you-find-content\">\r\n    <div class=\"container-xl container-wrapper\">\r\n        <div class=\"row design\">\r\n            <div class=\"col-md-12 wrapper \">\r\n                <div class=\"title\"><p>Z tego artyku\u0142u dowiesz si\u0119:<\/p>\n<\/div>\r\n                <div class=\"grid-wrapper\">\r\n                                                        <div class=\"block-list\">\r\n                        <div class=\"number\">\r\n                            1                        <\/div>\r\n                        <div class=\"text\">\r\n                            <p>Jakie warunki techniczne i konstrukcyjne musi spe\u0142nia\u0107 poddasze, by mog\u0142o zosta\u0107 zaadaptowane na mieszkanie?<\/p>\n                        <\/div>\r\n                    <\/div>\r\n                                        <div class=\"block-list\">\r\n                        <div class=\"number\">\r\n                            2                        <\/div>\r\n                        <div class=\"text\">\r\n                            <p>Jakie formalno\u015bci i pozwolenia s\u0105 niezb\u0119dne przy adaptacji poddasza?<\/p>\n                        <\/div>\r\n                    <\/div>\r\n                                        <div class=\"block-list\">\r\n                        <div class=\"number\">\r\n                            3                        <\/div>\r\n                        <div class=\"text\">\r\n                            <p>Jak zapewni\u0107 odpowiednie o\u015bwietlenie, wentylacj\u0119 i izolacj\u0119 na poddaszu?<\/p>\n                        <\/div>\r\n                    <\/div>\r\n                                        <div class=\"block-list\">\r\n                        <div class=\"number\">\r\n                            4                        <\/div>\r\n                        <div class=\"text\">\r\n                            <p>Jak zaaran\u017cowa\u0107 poddasze na r\u00f3\u017cne funkcje \u2013 od sypialni i garderoby po si\u0142owni\u0119 czy kino domowe?<\/p>\n                        <\/div>\r\n                    <\/div>\r\n                                                    <\/div>\r\n            <\/div>\r\n        <\/div>\r\n    <\/div>\r\n<\/div>\n\n\n<p>Czy w Twojej wyobra\u017ani maluje si\u0119 obraz intymnego azylu, gdzie spadzisty dach kre\u015bli niepowtarzalny pejza\u017c wn\u0119trza? <strong>Adaptacja poddasza obiecuje dodatkowe metry kwadratowe, ale tak\u017ce stref\u0119 o unikalnym sznycie \u2013 od sypialni sk\u0105panej w blasku gwiazd, po inspiruj\u0105ce atelier<\/strong>. Transformacja strychu w pe\u0142noprawne mieszkanie ods\u0142ania wiele aran\u017cacyjnych mo\u017cliwo\u015bci. Niemniej, sekret przysz\u0142ego komfortu i bezpiecze\u0144stwa tkwi w poszanowaniu wymog\u00f3w technicznych i konstrukcyjnych oraz prawnych.<\/p>\n\n\n\n<p>Zanim jednak ekipy budowlane wkrocz\u0105 na strych, musisz zaplanowa\u0107 ca\u0142e przedsi\u0119wzi\u0119cie i przygotowa\u0107 projekt adaptacji<em>. <\/em>Za\u0142\u00f3\u017c segregator lub cyfrowy folder, gdzie b\u0119dziesz gromadzi\u0107 wszelkie inspiracje, kosztorysy, kontakty do fachowc\u00f3w i niezb\u0119dne dokumenty &#8211; budow\u0119 poddasza nale\u017cy pieczo\u0142owicie przemy\u015ble\u0107. Pami\u0119taj, \u017ce adaptacja poddasza w nowym domu b\u0119dzie \u0142atwiejsza, ale adaptacja poddasza w starym domu mo\u017ce postawi\u0107 przed Tob\u0105 konieczno\u015b\u0107 wzmocnienia wiekowej konstrukcji i modernizacji instalacji.<\/p>\n\n\n\n<h2 class=\"wp-block-heading\">Wymogi techniczne i konstrukcyjne<\/h2>\n\n\n\n<p>Przed podj\u0119ciem jakichkolwiek dzia\u0142a\u0144, zle\u0107 konstruktorowi zbadanie <strong>stanu technicznego budynku<\/strong> i sprawdzenie realnych mo\u017cliwo\u015bci, jakie kryje w sobie <strong>przestrze\u0144 poddasza<\/strong>. Ekspert oceni kondycj\u0119 <strong>konstrukcji dachu<\/strong> oraz <strong>stropu<\/strong> i wesprze Ci\u0119 w przygotowaniu <strong>projektu budowlanego adaptacji<\/strong>, kt\u00f3ry uwzgl\u0119dni wszystkie niezb\u0119dne modyfikacje i obliczenia.<\/p>\n\n\n\n<p>Zawsze nale\u017cy sprawdzi\u0107 ka\u017cdy, nawet pozornie b\u0142ahy element, by unikn\u0105\u0107 p\u00f3\u017aniejszych, cz\u0119sto bolesnych dla portfela, niespodzianek. <strong>Konsekwencje adaptacji poddasza<\/strong> przeprowadzonej bez nale\u017cytej staranno\u015bci i poszanowania dla zasad sztuki in\u017cynierskiej mog\u0105 by\u0107 op\u0142akane i sko\u0144czy\u0107 si\u0119 katastrof\u0105 budowlan\u0105.<\/p>\n\n\n\n<h3 class=\"wp-block-heading\">Minimalna wysoko\u015b\u0107 poddasza \u2013 jakie normy trzeba spe\u0142ni\u0107?<\/h3>\n\n\n\n<p>Planuj\u0105c metamorfoz\u0119 strychu w pierwszej kolejno\u015bci we\u017a pod uwag\u0119. <strong>wysoko\u015b\u0107 <\/strong><a href=\"https:\/\/proplo.pl\/inspiracje-wnetrza-domu?utf8=%E2%9C%93&amp;search%5Broom%5D%5B%5D=&amp;search%5Broom%5D%5B%5D=7&amp;search%5Bstyle%5D%5B%5D=&amp;search%5Bcolor%5D%5B%5D=&amp;search%5Bsize%5D%5B%5D=#list\" target=\"_blank\" rel=\"noreferrer noopener\"><strong>poddasza<\/strong><\/a>. To ona rozstrzyga, czy w og\u00f3le istnieje mo\u017cliwo\u015b\u0107 <strong>adaptacji poddasza na mieszkanie<\/strong>. Polskie prawo budowlane precyzyjnie okre\u015bla <strong>minimaln\u0105 wysoko\u015b\u0107 pomieszcze\u0144<\/strong> przeznaczonych na sta\u0142y pobyt ludzi. Zgodnie z Rozporz\u0105dzeniem Ministra Infrastruktury w sprawie warunk\u00f3w technicznych, jakim powinny odpowiada\u0107 budynki i ich usytuowanie (aktualny tekst jednolity Dz.U. 2022 poz. 1225<sup data-fn=\"5e0a3459-2064-4a60-b295-b1525513ba98\" class=\"fn\"><a id=\"5e0a3459-2064-4a60-b295-b1525513ba98-link\" href=\"#5e0a3459-2064-4a60-b295-b1525513ba98\">1<\/a><\/sup>), <strong>\u015brednia wysoko\u015b\u0107 pomieszcze\u0144 mieszkalnych na poddaszu powinna wynosi\u0107 co najmniej 2,2 metra<\/strong>.<\/p>\n\n\n\n<p>W przypadku pomieszcze\u0144 o stropach pochy\u0142ych <strong>do obliczenia tej \u015bredniej wlicza si\u0119 jedynie t\u0119 cz\u0119\u015b\u0107 powierzchni, kt\u00f3ra legitymuje si\u0119 wysoko\u015bci\u0105 co najmniej 1,9 metra<\/strong>. To kluczowa informacja, bowiem zbyt niska <strong>wysoko\u015b\u0107 poddasza<\/strong> mo\u017ce uniemo\u017cliwi\u0107 legalne u\u017cytkowanie poddasza jako pe\u0142noprawnej przestrzeni mieszkalnej.<\/p>\n\n\n\n<p>Nie bez znaczenia jest tak\u017ce <strong>wysoko\u015b\u0107 \u015bcianki kolankowej<\/strong>. Zastanawiasz si\u0119, c\u00f3\u017c to za tajemniczy element? <strong>\u015acianka kolankowa<\/strong> to niewysoka, pionowa \u015bciana, na kt\u00f3rej spoczywa ca\u0142a konstrukcja dachu. Im jest ona wy\u017csza, tym wi\u0119ksza b\u0119dzie <strong>powierzchnia u\u017cytkowa poddasza<\/strong> oferuj\u0105ca komfortow\u0105 wysoko\u015b\u0107, pozwalaj\u0105c\u0105 swobodnie si\u0119 porusza\u0107, bez ryzyka nabicia sobie guza.<\/p>\n\n\n\n<p>Oczywi\u015bcie, <strong>adaptacja niskiego poddasza<\/strong> r\u00f3wnie\u017c wchodzi w gr\u0119, lecz cz\u0119sto wymaga operacji podniesienia dachu \u2013 co jest ju\u017c bardziej skomplikowanym przedsi\u0119wzi\u0119ciem i, nie oszukujmy si\u0119, dotkliwszym dla bud\u017cetu. Planuj\u0105c rearan\u017cacj\u0119 poddasza, zmierz <strong>wysoko\u015b\u0107 \u015bcian kolankowych <\/strong>i uwzgl\u0119dnij ten parametr w swoim projekcie. Nie zapominajmy, \u017ce <strong>wymagana wysoko\u015b\u0107 pomieszcze\u0144<\/strong> to nie tylko suchy przepis, ale przede wszystkim gwarancja codziennego komfortu i swobody.<\/p>\n\n\n\n<h3 class=\"wp-block-heading\">Strop poddasza \u2013 ocena no\u015bno\u015bci przed adaptacj\u0105<\/h3>\n\n\n\n<p>Kolejny element tej misternej uk\u0142adanki, to <strong>strop<\/strong>. Koniecznie popro\u015b konstruktora budynk\u00f3w o ocen\u0119 jego no\u015bno\u015bci. <strong>Adaptacja poddasza nieu\u017cytkowego<\/strong> na cele mieszkalne wi\u0105\u017ce si\u0119 ze znacznym zwi\u0119kszeniem obci\u0105\u017cenia, kt\u00f3re obejmuje:<\/p>\n\n\n\n<ul class=\"wp-block-list\">\n<li>now\u0105, solidn\u0105 pod\u0142og\u0119,<\/li>\n\n\n\n<li><strong>\u015bciany dzia\u0142owe<\/strong> wytyczaj\u0105ce nowe funkcje pomieszcze\u0144,<\/li>\n\n\n\n<li>ci\u0119\u017car mebli i ogrzewania pod\u0142ogowego,<\/li>\n\n\n\n<li>zaawansowane technologicznie sprz\u0119ty.<\/li>\n<\/ul>\n\n\n\n<p>Ca\u0142e <strong>dodatkowe obci\u0105\u017cenie poddasza<\/strong> musi by\u0107 w spos\u00f3b absolutnie bezpieczny przeniesione przez istniej\u0105c\u0105 konstrukcj\u0119 stropu. Niedostateczna no\u015bno\u015b\u0107 to prosta droga do budowlanej katastrofy. Je\u015bli masz do czynienia ze <strong>stropem drewnianym<\/strong>, cz\u0119sto okazuje si\u0119, \u017ce konieczne b\u0119dzie jego solidne wzmocnienie. Czasem wystarczy dodanie nowych, mocniejszych belek lub wymiana nadwyr\u0119\u017conych element\u00f3w, a niekiedy trzeba si\u0119gn\u0105\u0107 po specjalistyczne systemy wzmacniaj\u0105ce.<\/p>\n\n\n\n<p><strong>Strop \u017celbetowy<\/strong> charakteryzuje si\u0119 wi\u0119ksz\u0105 wytrzyma\u0142o\u015bci\u0105, lecz i on, szczeg\u00f3lnie w starych budynkach, wymaga weryfikacji, zw\u0142aszcza je\u015bli si\u0119 ugina, a pr\u0119ty zbrojeniowe s\u0105 przerdzewia\u0142e. <strong>Ocen\u0119 no\u015bno\u015bci konstrukcji stropu powinien przeprowadzi\u0107 wy\u0142\u0105cznie wykwalifikowany konstruktor<\/strong>, kt\u00f3ry na podstawie oblicze\u0144 i wnikliwych ogl\u0119dzin, okre\u015bli, czy strop jest w stanie ud\u017awign\u0105\u0107 planowane obci\u0105\u017cenia i czy ewentualnie konieczne b\u0119d\u0105 dodatkowe prace wzmacniaj\u0105ce fundamenty.<\/p>\n\n\n\n<figure class=\"wp-block-image size-full\"><a href=\"https:\/\/proplo.pl\/profile\/art-tabor-design\/projekt\/poddasze-500\"><img loading=\"lazy\" decoding=\"async\" width=\"1200\" height=\"800\" src=\"https:\/\/proplo.pl\/blog\/wp-content\/uploads\/2025\/05\/adaptacja-poddasza-inspiracje.png\" alt=\"Wn\u0119trze z spiralnymi schodami, drewnianym sto\u0142em i nowoczesnymi lampami w stylu industrialnym.\" class=\"wp-image-777\" srcset=\"https:\/\/proplo.pl\/blog\/wp-content\/uploads\/2025\/05\/adaptacja-poddasza-inspiracje.png 1200w, https:\/\/proplo.pl\/blog\/wp-content\/uploads\/2025\/05\/adaptacja-poddasza-inspiracje-300x200.png 300w, https:\/\/proplo.pl\/blog\/wp-content\/uploads\/2025\/05\/adaptacja-poddasza-inspiracje-768x512.png 768w, https:\/\/proplo.pl\/blog\/wp-content\/uploads\/2025\/05\/adaptacja-poddasza-inspiracje-1024x683.png 1024w, https:\/\/proplo.pl\/blog\/wp-content\/uploads\/2025\/05\/adaptacja-poddasza-inspiracje-480x320.png 480w\" sizes=\"auto, (max-width: 1200px) 100vw, 1200px\" \/><\/a><figcaption class=\"wp-element-caption\">Projekt: <a href=\"https:\/\/proplo.pl\/profile\/art-tabor-design\">Art Tabor Design<\/a><\/figcaption><\/figure>\n\n\n\n<h2 class=\"wp-block-heading\">O\u015bwietlenie i wentylacja poddasza<\/h2>\n\n\n\n<p>Ju\u017c na etapie projektu adaptacji poddasza, priorytetowo potraktuj o\u015bwietlenie oraz wentylacj\u0119 pomieszcze\u0144. <strong>Wpu\u015b\u0107 do \u015brodka naturalne \u015bwiat\u0142o, rozmieszczaj\u0105c okna dachowe lub lukarny od p\u00f3\u0142nocy, poniewa\u017c daj\u0105 r\u00f3wnomierne o\u015bwietlenie<\/strong> &#8211; je\u015bli wstawisz je od po\u0142udniowej cz\u0119\u015bci, b\u0119d\u0105 wymaga\u0107 os\u0142on przeciws\u0142onecznych. Uzupe\u0142nij je o\u015bwietleniem sztucznym, stosuj\u0105c warstwowy system: g\u0142\u00f3wne (np. plafony LED), zadaniowe (np. kinkiety, lampy stoj\u0105ce) i akcentuj\u0105ce (np. ta\u015bmy LED), najlepiej z mo\u017cliwo\u015bci\u0105 \u015bciemniania.<\/p>\n\n\n\n<p>Rozwa\u017c r\u00f3wnie\u017c naturaln\u0105 wentylacj\u0119 grawitacyjn\u0105 wspart\u0105 nawiewnikami w oknach i kratkami wentylacyjnymi, lub wentylacj\u0119 mechaniczn\u0105 z rekuperacj\u0105 (odzyskiem ciep\u0142a), kt\u00f3ra zapewni sta\u0142y dop\u0142yw \u015bwie\u017cego powietrza bez strat energii. W <a target=\"_blank\" rel=\"noreferrer noopener\" href=\"https:\/\/proplo.pl\/inspiracje\/lazienka\"><strong>\u0142azience<\/strong><\/a> na poddaszu, niezb\u0119dne b\u0119d\u0105 wentylatory wyci\u0105gowe.<\/p>\n\n\n\n<h3 class=\"wp-block-heading\">Okna dachowe \u2013 wyb\u00f3r i monta\u017c<\/h3>\n\n\n\n<p><strong>Okna <\/strong>to najbardziej efektywny spos\u00f3b na wpuszczenie na poddasze promieni naturalnego \u015bwiat\u0142a. \u015awiadomy wyb\u00f3r oraz odpowiednio przeprowadzony <strong>monta\u017c okien dachowych<\/strong>, maj\u0105 bezpo\u015bredni wp\u0142yw na komfort u\u017cytkowania oraz na bilans energetyczny ca\u0142ego pomieszczenia. Konkretne modele r\u00f3\u017cni\u0105 si\u0119 od siebie parametrami izolacyjnymi oraz dodatkowymi funkcjami, np. zintegrowanymi roletami zewn\u0119trznymi czy inteligentnymi czujnikami deszczu. W\u015br\u00f3d okien po\u0142aciowych znajdziemy:<\/p>\n\n\n\n<ul class=\"wp-block-list\">\n<li>klasyczne obrotowe,<\/li>\n\n\n\n<li>uchylno-obrotowe,<\/li>\n\n\n\n<li>sterowane elektrycznie,<\/li>\n<\/ul>\n\n\n\n<p>Nowe okna dachowe, powinny mie\u0107 <strong>niski wsp\u00f3\u0142czynnik przenikania ciep\u0142a (symbolizowany jako Uw\u200b) <\/strong>\u2013 im ni\u017csza jest jego warto\u015b\u0107, tym lepsza izolacyjno\u015b\u0107 termiczna okna oraz mniejsze straty ciep\u0142a w okresie zimowym. Sam <strong>monta\u017c okien<\/strong> warto powierzy\u0107 do\u015bwiadczonej ekipie, kt\u00f3ra wykona prac\u0119 zgodnie z zaleceniami producenta. W\u00f3wczas konstrukcja b\u0119dzie szczelna i pozwoli unikn\u0105\u0107 mostk\u00f3w termicznych, czyli niewidzialnych wr\u00f3t, przez kt\u00f3re ciep\u0142o bezpowrotnie ucieka z domu.<\/p>\n\n\n\n<p>Opr\u00f3cz tradycyjnych okien po\u0142aciowych, we\u017a pod lup\u0119 <strong>okna kolankowe<\/strong>, kt\u00f3re montuje si\u0119 w \u015bciance kolankowej, aby do\u015bwietli\u0107 ni\u017csze partie pomieszczenia, lub lukarny. Te ostatnie wpuszczaj\u0105 do wn\u0119trza jeszcze wi\u0119cej \u015bwiat\u0142a, realnie powi\u0119kszaj\u0105c <strong>powierzchni\u0119 u\u017cytkow\u0105<\/strong> i dodaj\u0105c niepowtarzalnego uroku ca\u0142ej bryle budynku. Finezyjny <strong>dach lukarny<\/strong> mo\u017ce sta\u0107 si\u0119 prawdziw\u0105 ozdob\u0105, wyr\u00f3\u017cniaj\u0105cym elementem architektonicznym.<\/p>\n\n\n\n<h3 class=\"wp-block-heading\">Wentylacja poddasza \u2013 jak zapewni\u0107 odpowiedni\u0105 cyrkulacj\u0119 powietrza?<\/h3>\n\n\n\n<p>Wentylacja poddasza <strong>zapobiega<\/strong> kondensacji pary wodnej, chroni\u0105c drewnian\u0105 konstrukcj\u0119 dachu przed zawilgoceniem i rozwojem ple\u015bni. Cho\u0107 wentylacja grawitacyjna, oparta na naturalnym ruchu powietrza przez kominki i nawiewniki, jest tradycyjnym rozwi\u0105zaniem, cz\u0119sto okazuje si\u0119 niewystarczaj\u0105ca w nowoczesnych, dobrze izolowanych budynkach. Jej efektywno\u015b\u0107 jest silnie uzale\u017cniona od warunk\u00f3w atmosferycznych i r\u00f3\u017cnicy temperatur.<\/p>\n\n\n\n<p>Dlatego w takich przypadkach rekomendowana jest wentylacja mechaniczna, kt\u00f3ra zapewnia kontrolowan\u0105 wymian\u0119 powietrza niezale\u017cnie od pogody. Szczeg\u00f3lnie korzystnym systemem jest wentylacja mechaniczna z odzyskiem ciep\u0142a (rekuperacja). Wykorzystuje ona <strong>central\u0119 wentylacyjn\u0105 z wymiennikiem ciep\u0142a<\/strong> i <strong>system kana\u0142\u00f3w<\/strong> do sta\u0142ego dostarczania \u015bwie\u017cego, przefiltrowanego powietrza (np. przez <strong>filtry antysmogowe lub przeciwpy\u0142kowe<\/strong>) oraz usuwania zu\u017cytego, odzyskuj\u0105c z niego <strong>nawet do 90% energii cieplnej<\/strong>.<\/p>\n\n\n\n<figure class=\"wp-block-image size-full\"><a href=\"https:\/\/proplo.pl\/profile\/mk-studio-projektowania\/projekt\/sypialnia-na-poddaszu-w-stylu-boho-w-dwoch-wersjach-715\"><img loading=\"lazy\" decoding=\"async\" width=\"1200\" height=\"800\" src=\"https:\/\/proplo.pl\/blog\/wp-content\/uploads\/2025\/05\/poddasze-jak-zaaranzowac.png\" alt=\"Wn\u0119trze poddasza w stylu boho z naturalnym \u015bwiat\u0142em\" class=\"wp-image-778\" srcset=\"https:\/\/proplo.pl\/blog\/wp-content\/uploads\/2025\/05\/poddasze-jak-zaaranzowac.png 1200w, https:\/\/proplo.pl\/blog\/wp-content\/uploads\/2025\/05\/poddasze-jak-zaaranzowac-300x200.png 300w, https:\/\/proplo.pl\/blog\/wp-content\/uploads\/2025\/05\/poddasze-jak-zaaranzowac-768x512.png 768w, https:\/\/proplo.pl\/blog\/wp-content\/uploads\/2025\/05\/poddasze-jak-zaaranzowac-1024x683.png 1024w, https:\/\/proplo.pl\/blog\/wp-content\/uploads\/2025\/05\/poddasze-jak-zaaranzowac-480x320.png 480w\" sizes=\"auto, (max-width: 1200px) 100vw, 1200px\" \/><\/a><figcaption class=\"wp-element-caption\">Projekt: <a href=\"https:\/\/proplo.pl\/profile\/mk-studio-projektowania\">MK Studio Projektowania<\/a><\/figcaption><\/figure>\n\n\n\n<h2 class=\"wp-block-heading\">Izolacja termiczna i energooszcz\u0119dno\u015b\u0107<\/h2>\n\n\n\n<p><strong>Izolacja poddasza<\/strong> wyra\u017anie przek\u0142ada si\u0119 na odczuwalny komfort cieplny oraz finalne koszty utrzymania domu. Starannie wykonane <strong>docieplenie<\/strong> <strong>dachu<\/strong> i \u015bcian poddasza sprawi, \u017ce zim\u0105 ciep\u0142o pozostanie we wn\u0119trzu, a latem pomieszczenia nie zamieni\u0105 si\u0119 w rozgrzany piec pod naporem pal\u0105cego s\u0142o\u0144ca.<\/p>\n\n\n\n<p>W\u0142a\u015bciwie wykonana izolacja to obietnica ni\u017cszych rachunk\u00f3w za ogrzewanie i klimatyzacj\u0119, ale tak\u017ce gwarancja wi\u0119kszego komfortu akustycznego oraz mniejszego, negatywnego odcisku na \u015brodowisku naturalnym.<\/p>\n\n\n\n<h3 class=\"wp-block-heading\">Docieplenie dachu \u2013 klucz do komfortu cieplnego<\/h3>\n\n\n\n<p><strong>Przez niedbale zaizolowany dach mo\u017ce ucieka\u0107 nawet do 30% ciep\u0142a z ca\u0142ego budynku! <\/strong>To zatrwa\u017caj\u0105ca ilo\u015b\u0107. Natomiast latem dach jest najbardziej nara\u017cony na dzia\u0142anie promieni s\u0142onecznych, co prowadzi do przegrzewania si\u0119 pomieszcze\u0144. Dlatego inwestycja w <strong>docieplenie dachu<\/strong> to strategiczny element podczas ka\u017cdej <strong>aran\u017cacji poddasza<\/strong>. Aby zagwarantowa\u0107 optymalny komfort cieplny na poddaszu, <strong>musisz zadba\u0107 o odpowiedni\u0105 grubo\u015b\u0107 i rodzaj izolacji termicznej<\/strong>. Grubo\u015b\u0107 tej warstwy powinna by\u0107 zgodna z aktualnie obowi\u0105zuj\u0105cymi normami dotycz\u0105cymi energooszcz\u0119dno\u015bci budynk\u00f3w, czyli oko\u0142o 30-35 cm. Zgodnie z Warunkami Technicznymi 2021 (WT 2021), <strong>wsp\u00f3\u0142czynnik przenikania ciep\u0142a U dla dach\u00f3w nie mo\u017ce przekracza\u0107 warto\u015bci 0,15 W\/(m\u00b2K)<\/strong>.<\/p>\n\n\n\n<p>Najbardziej rozpowszechnion\u0105 metod\u0105 ocieplania dachu sko\u015bnego jest uk\u0142adanie izolacji pomi\u0119dzy krokwiami oraz dodatkowej, ci\u0105g\u0142ej warstwy pod krokwiami. Taki zabieg pozwala zniwelowa\u0107, a nawet ca\u0142kowicie wyeliminowa\u0107, <strong>mostki termiczne \u2013 niewidoczne szczeliny, przez kt\u00f3re ucieka ciep\u0142o <\/strong>. Nale\u017cy r\u00f3wnie\u017c zadba\u0107 o warstw\u0119 paroizolacyjn\u0105 od strony wewn\u0119trznej pomieszczenia oraz wiatroizolacyjn\u0105 od strony zewn\u0119trznej, od po\u0142aci dachowej. Chroni\u0105 one materia\u0142 izolacyjny przed dzia\u0142aniem wilgoci i zapewniaj\u0105 jego d\u0142ugotrwa\u0142\u0105 skuteczno\u015b\u0107.<\/p>\n\n\n\n<h3 class=\"wp-block-heading\"><strong>Adaptacja poddasza a materia\u0142y budowlane. Jak\u0105<\/strong> izolacj\u0119 wybra\u0107?<\/h3>\n\n\n\n<p>\u015awiadomy wyb\u00f3r odpowiednich <strong>materia\u0142\u00f3w izolacyjnych do poddasza<\/strong> jest r\u00f3wnie istotny co rzetelne wykonanie prac ociepleniowych. Istnieje mn\u00f3stwo rodzaj\u00f3w izolacji, a ka\u017cdy z nich wykazuje specyficzne w\u0142a\u015bciwo\u015bci i pewne ograniczenia. Do niekwestionowanych lider\u00f3w popularno\u015bci nale\u017c\u0105:<\/p>\n\n\n\n<ul class=\"wp-block-list\">\n<li><strong>we\u0142na mineralna<\/strong> (skalna lub szklana): oferuje dobre w\u0142a\u015bciwo\u015bci termoizolacyjne, korzystn\u0105 paroprzepuszczalno\u015b\u0107 (pozwala przegrodom &#8222;oddycha\u0107&#8221;, zapobiegaj\u0105c kumulacji wilgoci) oraz pe\u0142n\u0105 niepalno\u015b\u0107;<\/li>\n\n\n\n<li><strong>styropian<\/strong>: jest l\u017cejszy i ta\u0144szy, lecz jego pi\u0119t\u0105 achillesow\u0105 jest mniejsza odporno\u015b\u0107 na dzia\u0142anie wysokich temperatur oraz nieco gorsze w\u0142a\u015bciwo\u015bci w zakresie izolacji akustycznej;<\/li>\n\n\n\n<li><strong>pianka poliuretanowa ( pianka PUR):<\/strong> aplikowana metod\u0105 hydrodynamicznego natrysku, niczym p\u0142ynna otulina, wype\u0142nia wszelkie, nawet mikroskopijne szczeliny, tworz\u0105c ci\u0105g\u0142\u0105 warstw\u0119 izolacji o rewelacyjnych parametrach termicznych.<\/li>\n<\/ul>\n\n\n\n<p>Wybieraj\u0105c materia\u0142 izolacyjny warto zwr\u00f3ci\u0107 uwag\u0119 na <strong>wsp\u00f3\u0142czynnik przewodzenia ciep\u0142a lambda (\u03bb)<\/strong> \u2013 im ni\u017csza jego warto\u015b\u0107, tym materia\u0142 skuteczniej izoluje. W przypadku styropianu i we\u0142ny mineralnej wynosi 0,030-0,045 W\/m2, a w przypadku pianki poliuretanowej 0,025 W\/m.<\/p>\n\n\n\n<h2 class=\"wp-block-heading\">Formalno\u015bci i przepisy prawne<\/h2>\n\n\n\n<p><strong>Zabudowa poddasza <\/strong>to niestety tak\u017ce \u017cmudna w\u0119dr\u00f3wka przez g\u0105szcz formalno\u015bci i konieczno\u015b\u0107 dostosowania si\u0119 do obowi\u0105zuj\u0105cych <strong>przepis\u00f3w prawnych<\/strong>. Zignorowanie tego aspektu mo\u017ce prowadzi\u0107 nakazu rozbi\u00f3rki nielegalnie wykonanych prac lub na\u0142o\u017cenia dotkliwych kar finansowych. Dlatego przed rozpocz\u0119ciem adaptacji poddasza konieczne jest <strong>zg\u0142oszenie adaptacji<\/strong> lub uzyskanie pozwolenia na budow\u0119, zw\u0142aszcza je\u015bli planujesz podniesienie budynku.<\/p>\n\n\n\n<p>Zgodnie z polskim Prawem budowlanym (Dziennik Ustaw z 2023 r. pod pozycj\u0105 682, z p\u00f3\u017aniejszymi, zmianami), zakres wymaganych formalno\u015bci jest uzale\u017cniony od charakteru i skali planowanych prac. Teoretycznie adaptacja poddasza mo\u017ce wymaga\u0107 jedynie zg\u0142oszenia, ale znacznie cz\u0119\u015bciej, szczeg\u00f3lnie gdy w gr\u0119 wchodz\u0105 zmiany konstrukcyjne, niezb\u0119dne jest uzyskanie pe\u0142noprawnego, oficjalnego <strong>pozwolenia na budow\u0119<\/strong>. Kwestia przepis\u00f3w bywa skomplikowana, dlatego zawsze warto skonsultowa\u0107 si\u0119 z odpowiednim wydzia\u0142em w urz\u0119dzie miasta czy starostwie, lub zasi\u0119gn\u0105\u0107 porady u<a target=\"_blank\" rel=\"noreferrer noopener\" href=\"https:\/\/proplo.pl\/projektant-wnetrz\"><strong>do\u015bwiadczonego architekta<\/strong><\/a>. Regulacje <strong>dotycz\u0105ce adaptacji poddasza<\/strong> potrafi\u0105 by\u0107 dla laika prawdziwym labiryntem.<\/p>\n\n\n\n<figure class=\"wp-block-image size-full\"><a href=\"https:\/\/proplo.pl\/profile\/meindesign\/projekt\/sypialnia-na-poddaszu-760\"><img loading=\"lazy\" decoding=\"async\" width=\"1500\" height=\"1100\" src=\"https:\/\/proplo.pl\/blog\/wp-content\/uploads\/2025\/05\/projekt-wnetrz-minimalistycznej-sypialni-na-poddaszu-fornir-lamele-scapandi-architekt-bydgoszcz-meindesign-03.jpg\" alt=\"Wn\u0119trze sypialni w stylu boho i minimalistycznym z drewnem i nowoczesnym o\u015bwietleniem.\" class=\"wp-image-779\" srcset=\"https:\/\/proplo.pl\/blog\/wp-content\/uploads\/2025\/05\/projekt-wnetrz-minimalistycznej-sypialni-na-poddaszu-fornir-lamele-scapandi-architekt-bydgoszcz-meindesign-03.jpg 1500w, https:\/\/proplo.pl\/blog\/wp-content\/uploads\/2025\/05\/projekt-wnetrz-minimalistycznej-sypialni-na-poddaszu-fornir-lamele-scapandi-architekt-bydgoszcz-meindesign-03-300x220.jpg 300w, https:\/\/proplo.pl\/blog\/wp-content\/uploads\/2025\/05\/projekt-wnetrz-minimalistycznej-sypialni-na-poddaszu-fornir-lamele-scapandi-architekt-bydgoszcz-meindesign-03-768x563.jpg 768w, https:\/\/proplo.pl\/blog\/wp-content\/uploads\/2025\/05\/projekt-wnetrz-minimalistycznej-sypialni-na-poddaszu-fornir-lamele-scapandi-architekt-bydgoszcz-meindesign-03-1024x751.jpg 1024w, https:\/\/proplo.pl\/blog\/wp-content\/uploads\/2025\/05\/projekt-wnetrz-minimalistycznej-sypialni-na-poddaszu-fornir-lamele-scapandi-architekt-bydgoszcz-meindesign-03-480x352.jpg 480w, https:\/\/proplo.pl\/blog\/wp-content\/uploads\/2025\/05\/projekt-wnetrz-minimalistycznej-sypialni-na-poddaszu-fornir-lamele-scapandi-architekt-bydgoszcz-meindesign-03-1200x880.jpg 1200w\" sizes=\"auto, (max-width: 1500px) 100vw, 1500px\" \/><\/a><figcaption class=\"wp-element-caption\">Projekt: <a href=\"https:\/\/proplo.pl\/profile\/meindesign\">meinDESIGN<\/a><\/figcaption><\/figure>\n\n\n\n<h2 class=\"wp-block-heading\">Zmiany konstrukcyjne i ich konsekwencje<\/h2>\n\n\n\n<p>Od czego zacz\u0105\u0107 je\u015bli <strong>aran\u017cacja poddasza<\/strong> wi\u0105\u017ce si\u0119 z przeprowadzeniem <strong>zmian konstrukcyjnych?<\/strong> Na jak\u0105kolwiek ingerencj\u0119 w <strong>wi\u0119\u017ab\u0119 dachow\u0105<\/strong> (czyli w drewniany lub stalowy szkielet dachu), wymian\u0119 konstrukcji dachu, podniesienie ca\u0142ej po\u0142aci dachowej, wykonanie nowych otwor\u00f3w okiennych czy drzwiowych o znacz\u0105cych gabarytach, czy te\u017c modyfikacje w samej konstrukcji stropu \u2013 <strong>musisz<\/strong> <strong>uzyska\u0107 pozwolenie na budow\u0119<\/strong>. W takim przypadku konieczne jest przygotowanie kompleksowego, wielobran\u017cowego <strong>projektu budowlanego<\/strong>, opracowanego przez uprawnionego architekta. Taki dokument musi zawiera\u0107:<\/p>\n\n\n\n<ul class=\"wp-block-list\">\n<li>precyzyjny opis techniczny planowanych rozwi\u0105za\u0144,<\/li>\n\n\n\n<li>szczeg\u00f3\u0142owe rysunki architektoniczne i konstrukcyjne,<\/li>\n\n\n\n<li>obliczenia wytrzyma\u0142o\u015bciowe i stateczno\u015bciowe.<\/li>\n<\/ul>\n\n\n\n<p>Jakiekolwiek <strong>zmiany konstrukcji dachu<\/strong> to ingerencja w integralno\u015b\u0107 ca\u0142ej <strong>konstrukcji budynku<\/strong> i musi by\u0107 ona poprzedzona specjalistyczn\u0105 analiz\u0105. Ka\u017cda istotna modyfikacja w konstrukcji no\u015bnej <strong>wymaga uzyskania pozwolenia<\/strong>.<\/p>\n\n\n\n<p>Nawet w sytuacji, gdy planowane przez Ciebie <strong>prace budowlane<\/strong> nie ingeruj\u0105 bezpo\u015brednio w elementy konstrukcyjne, ale prowadz\u0105 do zmiany sposobu u\u017cytkowania danej cz\u0119\u015bci obiektu (np. przekszta\u0142cenie dotychczasowego <strong>poddasza nieu\u017cytkowego<\/strong> w pe\u0142noprawn\u0105 przestrze\u0144 mieszkaln\u0105), r\u00f3wnie\u017c mog\u0105 wymaga\u0107 <strong>zg\u0142oszenia prac budowlanych<\/strong> wraz z do\u0142\u0105czonym projektem. W niekt\u00f3rych, bardziej skomplikowanych przypadkach, wymagane mo\u017ce by\u0107 nawet pe\u0142ne <strong>pozwolenie na budow\u0119<\/strong>. Zawsze, ale to absolutnie zawsze, warto skonsultowa\u0107 si\u0119 z odpowiednim wydzia\u0142em w starostwie powiatowym lub urz\u0119dzie miasta na prawach powiatu, aby uzyska\u0107 informacj\u0119 co do zakresu niezb\u0119dnych formalno\u015bci. Konkretna <strong>sytuacja adaptacji poddasza<\/strong> mo\u017ce si\u0119 r\u00f3\u017cni\u0107 i zale\u017cy od wielu indywidualnych czynnik\u00f3w oraz od skali planowanego <strong>zakresu prac<\/strong>.<\/p>\n\n\n\n<h2 class=\"wp-block-heading\"><strong>Adaptacja poddasza a koszty<\/strong><\/h2>\n\n\n\n<p>Ca\u0142kowity bud\u017cet adaptacji strychu jest wypadkow\u0105 wielu zmiennych:<\/p>\n\n\n\n<ul class=\"wp-block-list\">\n<li>kubatury samego poddasza (im wi\u0119ksze, tym potencjalnie dro\u017cej),<\/li>\n\n\n\n<li>skali i stopnia skomplikowania planowanych prac (jedynie o kosmetyczne od\u015bwie\u017cenie czy gruntowna strukturalna przebudowa?),<\/li>\n\n\n\n<li>standardu wyko\u0144czenia, na jaki si\u0119 zdecydujesz (ekonomiczne rozwi\u0105zania czy materia\u0142y z najwy\u017cszej p\u00f3\u0142ki?),<\/li>\n\n\n\n<li>rodzaju i jako\u015bci u\u017cytych materia\u0142\u00f3w,<\/li>\n\n\n\n<li>koszt\u00f3w robocizny, kt\u00f3re mog\u0105 si\u0119 r\u00f3\u017cni\u0107 w zale\u017cno\u015bci od regionu kraju i renomy wybranej ekipy wykonawczej.<\/li>\n<\/ul>\n\n\n\n<p><strong>Przekszta\u0142cenie poddasza<\/strong> mo\u017ce okaza\u0107 si\u0119 pot\u0119\u017cn\u0105 inwestycj\u0105 finansow\u0105, dlatego musimy dok\u0142adnie oszacowa\u0107 wszystkie potencjalne wydatki jeszcze przed rozpocz\u0119ciem prac budowlanych. Warto r\u00f3wnie\u017c mie\u0107 na uwadze potencjalny wzrost stawek <strong>podatku od nieruchomo\u015bci<\/strong> po oficjalnej zmianie sposobu u\u017cytkowania poddasza z nieu\u017cytkowego na cele mieszkalne.<\/p>\n\n\n\n<p>Do zakresu prac adaptacyjnych, kt\u00f3re pojawi\u0105 si\u0119 na li\u015bcie wydatk\u00f3w, nale\u017c\u0105:<\/p>\n\n\n\n<ul class=\"wp-block-list\">\n<li>prace konstrukcyjne (je\u015bli oka\u017c\u0105 si\u0119 konieczne, np. wzmocnienie belek, modyfikacje w wi\u0119\u017abie dachowej),<\/li>\n\n\n\n<li>wykonanie energooszcz\u0119dnej izolacji termicznej i skutecznej izolacji akustycznej,<\/li>\n\n\n\n<li>profesjonalny <strong>monta\u017c okien dachowych<\/strong> (od 600 z\u0142 do 1500 z\u0142 za jedno),<\/li>\n\n\n\n<li>kompleksowe wykonanie <strong>instalacji<\/strong> (elektrycznej, wodno-kanalizacyjnej, grzewczej)<\/li>\n\n\n\n<li>wzniesienie lekkich <strong>\u015bcianek dzia\u0142owych<\/strong> kszta\u0142tuj\u0105cych now\u0105 przestrze\u0144,<\/li>\n\n\n\n<li>wykonanie trwa\u0142ych i estetycznych pod\u0142\u00f3g,<\/li>\n\n\n\n<li>tynkowanie oraz prace zwi\u0105zane z <strong>wyko\u0144czeniem wn\u0119trz<\/strong>.<\/li>\n<\/ul>\n\n\n\n<p>Ca\u0142kowity koszt mo\u017ce si\u0119 waha\u0107 si\u0119 <strong>od kilkuset z\u0142otych za metr kwadratowy do nawet kilku tysi\u0119cy z\u0142otych za metr kwadratowy<\/strong>, zw\u0142aszcza przy projektach o wysokim standardzie. Warto jednak pami\u0119ta\u0107, \u017ce dobrze przemy\u015blana adaptacja w d\u0142u\u017cszej perspektywie czasowej mo\u017ce przynie\u015b\u0107 d\u0142ugofalowe korzy\u015bci, nie tylko finansowe (wzrost og\u00f3lnej <strong>warto\u015bci nieruchomo\u015bci<\/strong>), ale przede wszystkim u\u017cytkowe i estetyczne.<\/p>\n\n\n\n<h2 class=\"wp-block-heading\">Aran\u017cacja poddasza i projekty zagospodarowania strych\u00f3w<\/h2>\n\n\n\n<p>To w\u0142a\u015bnie teraz surowa <strong>przestrze\u0144 poddasza<\/strong> zaczyna nabiera\u0107 indywidualnego, charakteru i przeistacza si\u0119 w funkcjonalne wn\u0119trze. Sko\u015bne sufity, szlachetnie wyeksponowane belki konstrukcyjne, nietypowe, pe\u0142ne za\u0142ama\u0144 kszta\u0142ty pomieszcze\u0144 \u2013 to wszystko stwarza nieograniczone mo\u017cliwo\u015bci. <strong>Aran\u017cacja zaadaptowanego poddasza<\/strong> to tw\u00f3rcza podr\u00f3\u017c, w kt\u00f3rej liczy si\u0119 przede wszystkim kreatywno\u015b\u0107, zmys\u0142 estetyczny, ale tak\u017ce \u017celazna logika i dobre zaplanowanie przestrzeni. W tej fazie to w\u0142a\u015bnie <strong>design wysuwa si\u0119 na pierwszy plan.<\/strong><\/p>\n\n\n\n<p><strong>Projekty zagospodarowania strych\u00f3w<\/strong> mog\u0105 przybiera\u0107 niezliczone formy, odzwierciedlaj\u0105c ca\u0142e spektrum ludzkich potrzeb i pragnie\u0144:<\/p>\n\n\n\n<ul class=\"wp-block-list\">\n<li>klasycznych, otulaj\u0105cych ciep\u0142em sypialni,<\/li>\n\n\n\n<li>pe\u0142nych fantazji pokoi dzieci\u0119cych,<\/li>\n\n\n\n<li>ergonomicznych biur stworzonych z my\u015bl\u0105 o efektywnej <strong>pracy zdalnej<\/strong>,<\/li>\n\n\n\n<li>przestrzeni rekreacyjnych, gdzie mo\u017cna odda\u0107 si\u0119 swoim pasjom i zainteresowaniom.<\/li>\n<\/ul>\n\n\n\n<p>Kluczem do aran\u017cacyjnego sukcesu jest wykorzystanie ka\u017cdego metra kwadratowego, z pe\u0142nym zrozumieniem wszechobecnych skos\u00f3w czy ograniczonej miejscami <strong>wysoko\u015bci \u015bcianki kolankowej<\/strong>. Kwestia <strong>funkcji, kt\u00f3r\u0105<\/strong> ma pe\u0142ni\u0107 nowa przestrze\u0144, to element, kt\u00f3ry trzeba precyzyjnie zdefiniowa\u0107 na samym pocz\u0105tku projektowania. A jak powinna wygl\u0105da\u0107 <strong>stylizacja przestrzeni poddasza<\/strong>? Je\u015bli nie masz pomys\u0142u, skorzystaj z pomocy projektanta wn\u0119trz, zajrzyj na Proplo. Niezale\u017cnie od tego, czy szukasz specjalisty w <a target=\"_blank\" rel=\"noreferrer noopener\" href=\"https:\/\/proplo.pl\/projektant-wnetrz\/katowice\"><u><strong>Katowicach<\/strong><\/u><\/a>, <a target=\"_blank\" rel=\"noreferrer noopener\" href=\"https:\/\/proplo.pl\/projektant-wnetrz\/poznan\"><u><strong>Poznaniu<\/strong><\/u><\/a>czy <a target=\"_blank\" rel=\"noreferrer noopener\" href=\"https:\/\/proplo.pl\/projektant-wnetrz\/krakow\"><strong>Krakowie, <\/strong><\/a>u\u0142atwimy Ci znalezienie profesjonalisty, kt\u00f3ry stworzy projekt poddasza skrojony na miar\u0119 Twoich marze\u0144.<\/p>\n\n\n\n<figure class=\"wp-block-image size-full\"><a href=\"https:\/\/proplo.pl\/profile\/arch-nowicka-pracownia-projektowa\/projekt\/dwa-pokoje-mlodziezowe-na-poddaszu-1694\"><img loading=\"lazy\" decoding=\"async\" width=\"1200\" height=\"800\" src=\"https:\/\/proplo.pl\/blog\/wp-content\/uploads\/2025\/05\/jak-zaadaptowac-poddasze.png\" alt=\"Wn\u0119trze poddasza z zielonym fotelem, drewnianym biurkiem, tradycyjne i minimalistyczne.\" class=\"wp-image-780\" srcset=\"https:\/\/proplo.pl\/blog\/wp-content\/uploads\/2025\/05\/jak-zaadaptowac-poddasze.png 1200w, https:\/\/proplo.pl\/blog\/wp-content\/uploads\/2025\/05\/jak-zaadaptowac-poddasze-300x200.png 300w, https:\/\/proplo.pl\/blog\/wp-content\/uploads\/2025\/05\/jak-zaadaptowac-poddasze-768x512.png 768w, https:\/\/proplo.pl\/blog\/wp-content\/uploads\/2025\/05\/jak-zaadaptowac-poddasze-1024x683.png 1024w, https:\/\/proplo.pl\/blog\/wp-content\/uploads\/2025\/05\/jak-zaadaptowac-poddasze-480x320.png 480w\" sizes=\"auto, (max-width: 1200px) 100vw, 1200px\" \/><\/a><figcaption class=\"wp-element-caption\">Projekt: <a href=\"https:\/\/proplo.pl\/profile\/arch-nowicka-pracownia-projektowa\">Arch Nowicka Pracownia Projektowa<\/a><\/figcaption><\/figure>\n\n\n\n<h3 class=\"wp-block-heading\">Domowa pralnia<\/h3>\n\n\n\n<p>Jak zaadaptowa\u0107 poddasze na domow\u0105 pralni\u0119? To rozwi\u0105zanie jest niezwykle praktyczne, poniewa\u017c uwolni cenn\u0105 przestrze\u0144 w \u0142azience lub kuchni na parterze i zapewni cisz\u0119 i dyskrecj\u0119 podczas wykonywania prac domowych. Planuj\u0105c pralni\u0119 na poddaszu, musisz jednak pami\u0119ta\u0107 o wydajnej wentylacji \u2013 dzi\u0119ki niej unikniesz gromadzenia si\u0119 wilgoci i zapachu detergent\u00f3w. <strong>Koniecznie b\u0119dzie tak\u017ce hydroizolacja pod\u0142ogi<\/strong> \u2013 nikt przecie\u017c nie chce, aby awaria pralki sko\u0144czy\u0142a si\u0119 zalaniem ni\u017cszych kondygnacji.<\/p>\n\n\n\n<p>Zadbaj r\u00f3wnie\u017c o <strong>wystarczaj\u0105c\u0105 liczb\u0119 gniazdek elektrycznych<\/strong> \u2013 pralka, suszarka, \u017celazko i stacja parowa potrzebuj\u0105 niezawodnego zasilania. Nie zapomnij tak\u017ce o rozmieszczeniu szafek, p\u00f3\u0142ek i blat\u00f3w roboczych, kt\u00f3re u\u0142atwi\u0105 sortowanie, sk\u0142adanie i prasowanie. Funkcjonalna <a target=\"_blank\" rel=\"noreferrer noopener\" href=\"https:\/\/proplo.pl\/blog\/nowoczesna-pralnia-w-domu\/\"><strong>pralnia na poddaszu<\/strong><\/a> mo\u017ce sta\u0107 si\u0119 praktycznym i estetycznym pomieszczeniem gospodarczym, kt\u00f3re usprawni codzienne obowi\u0105zki i wprowadzi harmoni\u0119 do domowej logistyki.<\/p>\n\n\n\n<h3 class=\"wp-block-heading\">Garderoba<\/h3>\n\n\n\n<p><strong>Adaptacja strychu<\/strong> stwarza \u015bwietne warunki do <a target=\"_blank\" rel=\"noreferrer noopener\" href=\"https:\/\/proplo.pl\/inspiracje\/garderoba\"><strong>aran\u017cacji garderoby<\/strong><\/a>. Sko\u015bne \u015bciany mo\u017cesz sprytnie wykorzysta\u0107, tworz\u0105c wn\u0119ki na systemy p\u00f3\u0142ek, wysuwane szuflady i praktyczne dr\u0105\u017cki na wieszaki. Kwestia <strong>wyposa\u017cenia<\/strong> garderoby powinna by\u0107 drobiazgowo przemy\u015blana. Najlepszym rozwi\u0105zanie b\u0119d\u0105 meble projektowane na wymiar, dopasowane do nietypowych skos\u00f3w i za\u0142ama\u0144, poniewa\u017c pozwalaj\u0105cym stworzy\u0107 prawdziwie ergonomiczn\u0105 i pojemn\u0105 zabudow\u0119.<\/p>\n\n\n\n<p>Projektuj\u0105c garderob\u0119 na poddaszu w domu jednorodzinnym, pami\u0119taj o <strong>o\u015bwietleniu og\u00f3lnym<\/strong>, kt\u00f3re powinno r\u00f3wnomiernie rozja\u015bni\u0107 ca\u0142e pomieszczenie oraz o dyskretnym <strong>o\u015bwietleniu punktowym<\/strong> (np. listwy LED), do\u015bwietlaj\u0105cemu wn\u0119trza szaf, szuflad i p\u00f3\u0142ek i u\u0142atwiaj\u0105cemu odnalezienie zagubionych skarpet. R\u00f3wnie wa\u017cna jest wentylacja, kt\u00f3ra zapobiegnie gromadzeniu si\u0119 specyficznych zapach\u00f3w odzie\u017cy i nadmiernej wilgoci. Garderoba na poddaszu dzi\u0119ki przemy\u015blanej <strong>adaptacji strychu<\/strong> podniesie komfort naszego \u017cycia i pomo\u017ce nam utrzyma\u0107 upragniony porz\u0105dek w ca\u0142ym domowym kr\u00f3lestwie.<\/p>\n\n\n\n<h3 class=\"wp-block-heading\">Pracownia malarska<\/h3>\n\n\n\n<p>Poddasze zaadaptowane na pracowni\u0119 artystyczn\u0105, wymaga przemy\u015blanego podej\u015bcia do: \u015bwiat\u0142a i powietrza. Artysta malarz potrzebuje<strong> o\u015bwietlenie o wsp\u00f3\u0142czynniku oddawania barw (CRI) powy\u017cej 90<\/strong>, gwarantuj\u0105cego wierne odwzorowanie kolor\u00f3w, zbli\u017cone do naturalnego \u015bwiat\u0142a dziennego. Najlepszym \u017ar\u00f3d\u0142em takiego \u015bwiat\u0142a<strong> s\u0105 okna dachowe skierowane na p\u00f3\u0142noc, dostarczaj\u0105ce rozproszonego, r\u00f3wnomiernego o\u015bwietlenia<\/strong>. Wsparciem dla \u015bwiat\u0142a naturalnego powinny by\u0107 specjalistyczne lampy, eliminuj\u0105ce cienie i odblaski przy sztaludze lub stole roboczym.<\/p>\n\n\n\n<p>Nie mniej istotna, a przy pracy z farbami olejnymi, rozpuszczalnikami i chemikaliami wr\u0119cz krytyczna, jest <strong>skuteczna wentylacja \u2013 najlepiej mechaniczna<\/strong>. System musi zapewnia\u0107 sta\u0142\u0105 wymian\u0119 powietrza, usuwaj\u0105c szkodliwe dla zdrowia opary. Uzupe\u0142nieniem tych warunk\u00f3w b\u0119dzie ergonomiczne ustawienie stanowiska pracy oraz funkcjonalna organizacja przestrzeni do przechowywania materia\u0142\u00f3w.<\/p>\n\n\n\n<h3 class=\"wp-block-heading\">Prywatna si\u0142ownia<\/h3>\n\n\n\n<p>Adaptacja poddasza na prywatn\u0105 si\u0142owni\u0119 to \u015bwietny pomys\u0142, oferuj\u0105cy spok\u00f3j i prywatno\u015b\u0107 podczas treningu. Nikt nie b\u0119dzie Ci przeszkadza\u0142 w osi\u0105ganiu kolejnych sportowych cel\u00f3w. Planuj\u0105c si\u0142owni\u0119 na poddaszu, sprawd\u017a no\u015bno\u015b\u0107 samego <strong>stropu<\/strong>. B\u0119dzie on musia\u0142 wytrzyma\u0107 znaczny, statyczny ci\u0119\u017car sprz\u0119tu treningowego (bie\u017cnie, atlasy, hantle i sztangi potrafi\u0105 swoje wa\u017cy\u0107!) oraz dynamiczne, cz\u0119sto gwa\u0142towne obci\u0105\u017cenia zwi\u0105zane z wykonywaniem \u0107wicze\u0144, czyli np. energiczne skakanie na skakance, czy intensywne \u0107wiczenia aerobowe. Ten aspekt <strong>nale\u017cy sprawdzi\u0107<\/strong> z wykwalifikowanym konstruktorem lub <a target=\"_blank\" rel=\"noreferrer noopener\" href=\"https:\/\/proplo.pl\/projektant-wnetrz\/gliwice\"><strong>architektem<\/strong><\/a>. Bezpiecze\u0144stwo ca\u0142ej konstrukcji budynku jest tutaj warto\u015bci\u0105 nadrz\u0119dn\u0105!<\/p>\n\n\n\n<p>Kolejn\u0105 istotn\u0105 kwesti\u0105 jest wentylacja, kt\u00f3ra b\u0119dzie odprowadza\u0107 nadmiar wilgoci i charakterystyczne zapachy powstaj\u0105ce podczas wzmo\u017conego wysi\u0142ku fizycznego. Warto zadba\u0107 tak\u017ce o amortyzacj\u0119 pod\u0142ogi. Warto tak\u017ce zainwestowa\u0107 w amortyzuj\u0105c\u0105 pod\u0142og\u0119, np. grube maty gumowe lub wyk\u0142adziny sportowe skutecznie ochroni\u0105 <strong>strop<\/strong> przed uszkodzeniami mechanicznymi i wyt\u0142umi\u0105 ha\u0142as i wibracje, co z pewno\u015bci\u0105 doceni\u0105 pozostali domownicy. <strong>Akustyka<\/strong> jest tutaj r\u00f3wnie istotna, aby Twoja pasja do sportu nie zak\u0142\u00f3ca\u0142a spokoju innym mieszka\u0144com lub <strong>s\u0105siadom<\/strong>, je\u015bli mieszkasz w zabudowie bli\u017aniaczej lub szeregowej.<\/p>\n\n\n\n<h3 class=\"wp-block-heading\">Kino na poddaszu u\u017cytkowym<\/h3>\n\n\n\n<p>Wieczory filmowe w zaciszu w\u0142asnego domu? Adaptacja strychu na prywatn\u0105 sal\u0119 kinow\u0105 to znakomity pomys\u0142. Sko\u015bne \u015bciany i mo\u017cliwo\u015b\u0107 pe\u0142nego zaciemnienia sprzyjaj\u0105 stworzeniu idealnych warunk\u00f3w do projekcji. W takim wn\u0119trzu wsp\u00f3lne chwile z rodzin\u0105 nabieraj\u0105 nowego wymiaru. Warto wybra\u0107 okna dachowe z fabrycznie zintegrowanymi roletami zaciemniaj\u0105cymi.<\/p>\n\n\n\n<p>Wstaw komfortowe fotele lub kanapy, du\u017cy ekran (telewizor lub projektor) oraz wysokiej jako\u015bci system nag\u0142o\u015bnienia. Istotna jest r\u00f3wnie\u017c akustyka pomieszczenia \u2013 materia\u0142y d\u017awi\u0119koch\u0142onne (panele, grube zas\u0142ony, dywany) poprawi\u0105 jako\u015b\u0107 d\u017awi\u0119ku i zminimalizuj\u0105 jego przenikanie na zewn\u0105trz. Ustawienie rega\u0142\u00f3w z ksi\u0105\u017ckami wzd\u0142u\u017c \u015bcian mo\u017ce przyczyni\u0107 si\u0119 do rozproszenia fal d\u017awi\u0119kowych i poprawy og\u00f3lnej akustyki wn\u0119trza.<\/p>\n\n\n\n<p><strong>Zobacz r\u00f3wnie\u017c:<\/strong><\/p>\n\n\n\n<p><a target=\"_blank\" rel=\"noreferrer noopener\" href=\"https:\/\/proplo.pl\/blog\/nowoczesna-pralnia-w-domu\/\"><strong>Drewniane wn\u0119trze \u2013 styl, materia\u0142y i aran\u017cacje<\/strong><\/a><\/p>\n\n\n\n<p><a target=\"_blank\" rel=\"noreferrer noopener\" href=\"https:\/\/proplo.pl\/blog\/aranzacja-jadalni\/\"><strong>Aran\u017cacja jadalni &#8211; jak to zrobi\u0107?<\/strong><\/a><\/p>\n\n\n\n<p><a href=\"https:\/\/proplo.pl\/blog\/oswietlenie-salonu\/\" target=\"_blank\" rel=\"noreferrer noopener\"><strong>O\u015bwietlenie salonu \u2013 jak stworzy\u0107 funkcjonalne i stylowe wn\u0119trze?<\/strong><\/a><\/p>\n\n\n\n<hr class=\"wp-block-separator has-alpha-channel-opacity\"\/>\n\n\n\n<p><strong>\u0179r\u00f3d\u0142a:<\/strong><\/p>\n\n\n<ol class=\"wp-block-footnotes\"><li id=\"5e0a3459-2064-4a60-b295-b1525513ba98\"><a href=\"https:\/\/isap.sejm.gov.pl\/isap.nsf\/DocDetails.xsp?id=WDU20220001225\">https:\/\/isap.sejm.gov.pl\/isap.nsf\/DocDetails.xsp?id=WDU20220001225<\/a> <a href=\"#5e0a3459-2064-4a60-b295-b1525513ba98-link\" aria-label=\"Przejd\u017a do przypisu 1\">\u21a9\ufe0e<\/a><\/li><\/ol>\n\n\n<p><\/p>\n","protected":false},"excerpt":{"rendered":"<p>Adaptacja poddasza obiecuje dodatkowe metry kwadratowe, ale tak\u017ce stref\u0119 o unikalnym sznycie \u2013 od sypialni sk\u0105panej w blasku gwiazd, po inspiruj\u0105ce atelier.<\/p>\n","protected":false},"author":3,"featured_media":772,"comment_status":"open","ping_status":"open","sticky":false,"template":"","format":"standard","meta":{"footnotes":"[{\"content\":\"<a href=\\\"https:\/\/isap.sejm.gov.pl\/isap.nsf\/DocDetails.xsp?id=WDU20220001225\\\">https:\/\/isap.sejm.gov.pl\/isap.nsf\/DocDetails.xsp?id=WDU20220001225<\/a>\",\"id\":\"5e0a3459-2064-4a60-b295-b1525513ba98\"}]"},"categories":[18],"tags":[],"class_list":["post-771","post","type-post","status-publish","format-standard","has-post-thumbnail","hentry","category-poddasze"],"acf":[],"yoast_head":"<!-- This site is optimized with the Yoast SEO plugin v27.5 - https:\/\/yoast.com\/product\/yoast-seo-wordpress\/ -->\n<title>Jak zaadaptowa\u0107 poddasze? Projekty wn\u0119trz strych\u00f3w - Proplo<\/title>\n<meta name=\"description\" content=\"Zastanawiasz co zrobi\u0107 ze swoim poddaszem? Przygotowali\u015bmy dla Ciebie najwa\u017cniejsze informacje o adaptacji poddasza i pomys\u0142y na jego aran\u017cacj\u0119\" \/>\n<meta name=\"robots\" content=\"index, follow, max-snippet:-1, max-image-preview:large, max-video-preview:-1\" \/>\n<link rel=\"canonical\" href=\"https:\/\/proplo.pl\/blog\/adaptacja-poddasza\/\" \/>\n<meta property=\"og:locale\" content=\"pl_PL\" \/>\n<meta property=\"og:type\" content=\"article\" \/>\n<meta property=\"og:title\" content=\"Jak zaadaptowa\u0107 poddasze? Projekty wn\u0119trz strych\u00f3w - Proplo\" \/>\n<meta property=\"og:description\" content=\"Zastanawiasz co zrobi\u0107 ze swoim poddaszem? Przygotowali\u015bmy dla Ciebie najwa\u017cniejsze informacje o adaptacji poddasza i pomys\u0142y na jego aran\u017cacj\u0119\" \/>\n<meta property=\"og:url\" content=\"https:\/\/proplo.pl\/blog\/adaptacja-poddasza\/\" \/>\n<meta property=\"og:site_name\" content=\"Poradnik wn\u0119trzarski - Proplo\" \/>\n<meta property=\"article:published_time\" content=\"2025-05-28T11:22:22+00:00\" \/>\n<meta property=\"article:modified_time\" content=\"2025-05-28T11:45:43+00:00\" \/>\n<meta property=\"og:image\" content=\"https:\/\/proplo.pl\/blog\/wp-content\/uploads\/2025\/05\/adaptacja-poddasza.png\" \/>\n\t<meta property=\"og:image:width\" content=\"1200\" \/>\n\t<meta property=\"og:image:height\" content=\"800\" \/>\n\t<meta property=\"og:image:type\" content=\"image\/png\" \/>\n<meta name=\"author\" content=\"Proplo\" \/>\n<meta name=\"twitter:card\" content=\"summary_large_image\" \/>\n<meta name=\"twitter:label1\" content=\"Napisane przez\" \/>\n\t<meta name=\"twitter:data1\" content=\"Proplo\" \/>\n\t<meta name=\"twitter:label2\" content=\"Szacowany czas czytania\" \/>\n\t<meta name=\"twitter:data2\" content=\"19 minut\" \/>\n<script type=\"application\/ld+json\" class=\"yoast-schema-graph\">{\"@context\":\"https:\\\/\\\/schema.org\",\"@graph\":[{\"@type\":\"Article\",\"@id\":\"https:\\\/\\\/proplo.pl\\\/blog\\\/adaptacja-poddasza\\\/#article\",\"isPartOf\":{\"@id\":\"https:\\\/\\\/proplo.pl\\\/blog\\\/adaptacja-poddasza\\\/\"},\"author\":{\"name\":\"Proplo\",\"@id\":\"https:\\\/\\\/proplo.pl\\\/blog\\\/#\\\/schema\\\/person\\\/c13af99097d24e9fc2b86b838c0fd0e1\"},\"headline\":\"Adaptacja poddasza &#8211; kluczowe aspekty i wymagania\",\"datePublished\":\"2025-05-28T11:22:22+00:00\",\"dateModified\":\"2025-05-28T11:45:43+00:00\",\"mainEntityOfPage\":{\"@id\":\"https:\\\/\\\/proplo.pl\\\/blog\\\/adaptacja-poddasza\\\/\"},\"wordCount\":3471,\"commentCount\":0,\"image\":{\"@id\":\"https:\\\/\\\/proplo.pl\\\/blog\\\/adaptacja-poddasza\\\/#primaryimage\"},\"thumbnailUrl\":\"https:\\\/\\\/proplo.pl\\\/blog\\\/wp-content\\\/uploads\\\/2025\\\/05\\\/adaptacja-poddasza.png\",\"articleSection\":[\"Poddasze\"],\"inLanguage\":\"pl-PL\",\"potentialAction\":[{\"@type\":\"CommentAction\",\"name\":\"Comment\",\"target\":[\"https:\\\/\\\/proplo.pl\\\/blog\\\/adaptacja-poddasza\\\/#respond\"]}]},{\"@type\":\"WebPage\",\"@id\":\"https:\\\/\\\/proplo.pl\\\/blog\\\/adaptacja-poddasza\\\/\",\"url\":\"https:\\\/\\\/proplo.pl\\\/blog\\\/adaptacja-poddasza\\\/\",\"name\":\"Jak zaadaptowa\u0107 poddasze? Projekty wn\u0119trz strych\u00f3w - Proplo\",\"isPartOf\":{\"@id\":\"https:\\\/\\\/proplo.pl\\\/blog\\\/#website\"},\"primaryImageOfPage\":{\"@id\":\"https:\\\/\\\/proplo.pl\\\/blog\\\/adaptacja-poddasza\\\/#primaryimage\"},\"image\":{\"@id\":\"https:\\\/\\\/proplo.pl\\\/blog\\\/adaptacja-poddasza\\\/#primaryimage\"},\"thumbnailUrl\":\"https:\\\/\\\/proplo.pl\\\/blog\\\/wp-content\\\/uploads\\\/2025\\\/05\\\/adaptacja-poddasza.png\",\"datePublished\":\"2025-05-28T11:22:22+00:00\",\"dateModified\":\"2025-05-28T11:45:43+00:00\",\"author\":{\"@id\":\"https:\\\/\\\/proplo.pl\\\/blog\\\/#\\\/schema\\\/person\\\/c13af99097d24e9fc2b86b838c0fd0e1\"},\"description\":\"Zastanawiasz co zrobi\u0107 ze swoim poddaszem? Przygotowali\u015bmy dla Ciebie najwa\u017cniejsze informacje o adaptacji poddasza i pomys\u0142y na jego aran\u017cacj\u0119\",\"breadcrumb\":{\"@id\":\"https:\\\/\\\/proplo.pl\\\/blog\\\/adaptacja-poddasza\\\/#breadcrumb\"},\"inLanguage\":\"pl-PL\",\"potentialAction\":[{\"@type\":\"ReadAction\",\"target\":[\"https:\\\/\\\/proplo.pl\\\/blog\\\/adaptacja-poddasza\\\/\"]}]},{\"@type\":\"ImageObject\",\"inLanguage\":\"pl-PL\",\"@id\":\"https:\\\/\\\/proplo.pl\\\/blog\\\/adaptacja-poddasza\\\/#primaryimage\",\"url\":\"https:\\\/\\\/proplo.pl\\\/blog\\\/wp-content\\\/uploads\\\/2025\\\/05\\\/adaptacja-poddasza.png\",\"contentUrl\":\"https:\\\/\\\/proplo.pl\\\/blog\\\/wp-content\\\/uploads\\\/2025\\\/05\\\/adaptacja-poddasza.png\",\"width\":1200,\"height\":800,\"caption\":\"Wn\u0119trze poddasza z minimalistycznym designem, zielon\u0105 \u015bcian\u0105, vintage meblami i o\u015bwietleniem.\"},{\"@type\":\"BreadcrumbList\",\"@id\":\"https:\\\/\\\/proplo.pl\\\/blog\\\/adaptacja-poddasza\\\/#breadcrumb\",\"itemListElement\":[{\"@type\":\"ListItem\",\"position\":1,\"name\":\"Proplo\",\"item\":\"https:\\\/\\\/proplo.pl\"},{\"@type\":\"ListItem\",\"position\":2,\"name\":\"Poradnik wn\u0119trzarski\",\"item\":\"https:\\\/\\\/proplo.pl\\\/blog\\\/\"},{\"@type\":\"ListItem\",\"position\":3,\"name\":\"Adaptacja poddasza &#8211; kluczowe aspekty i wymagania\"}]},{\"@type\":\"WebSite\",\"@id\":\"https:\\\/\\\/proplo.pl\\\/blog\\\/#website\",\"url\":\"https:\\\/\\\/proplo.pl\\\/blog\\\/\",\"name\":\"Blog Proplo\",\"description\":\"\",\"potentialAction\":[{\"@type\":\"SearchAction\",\"target\":{\"@type\":\"EntryPoint\",\"urlTemplate\":\"https:\\\/\\\/proplo.pl\\\/blog\\\/?s={search_term_string}\"},\"query-input\":{\"@type\":\"PropertyValueSpecification\",\"valueRequired\":true,\"valueName\":\"search_term_string\"}}],\"inLanguage\":\"pl-PL\"},{\"@type\":\"Person\",\"@id\":\"https:\\\/\\\/proplo.pl\\\/blog\\\/#\\\/schema\\\/person\\\/c13af99097d24e9fc2b86b838c0fd0e1\",\"name\":\"Proplo\",\"image\":{\"@type\":\"ImageObject\",\"inLanguage\":\"pl-PL\",\"@id\":\"https:\\\/\\\/secure.gravatar.com\\\/avatar\\\/176f908138148facd74b7d78fc677b53b24a54b63aacd8fc4e81a4da926e5f28?s=96&d=mm&r=g\",\"url\":\"https:\\\/\\\/secure.gravatar.com\\\/avatar\\\/176f908138148facd74b7d78fc677b53b24a54b63aacd8fc4e81a4da926e5f28?s=96&d=mm&r=g\",\"contentUrl\":\"https:\\\/\\\/secure.gravatar.com\\\/avatar\\\/176f908138148facd74b7d78fc677b53b24a54b63aacd8fc4e81a4da926e5f28?s=96&d=mm&r=g\",\"caption\":\"Proplo\"},\"url\":\"https:\\\/\\\/proplo.pl\\\/blog\\\/author\\\/r-marciniak\\\/\"}]}<\/script>\n<!-- \/ Yoast SEO plugin. -->","yoast_head_json":{"title":"Jak zaadaptowa\u0107 poddasze? Projekty wn\u0119trz strych\u00f3w - Proplo","description":"Zastanawiasz co zrobi\u0107 ze swoim poddaszem? Przygotowali\u015bmy dla Ciebie najwa\u017cniejsze informacje o adaptacji poddasza i pomys\u0142y na jego aran\u017cacj\u0119","robots":{"index":"index","follow":"follow","max-snippet":"max-snippet:-1","max-image-preview":"max-image-preview:large","max-video-preview":"max-video-preview:-1"},"canonical":"https:\/\/proplo.pl\/blog\/adaptacja-poddasza\/","og_locale":"pl_PL","og_type":"article","og_title":"Jak zaadaptowa\u0107 poddasze? Projekty wn\u0119trz strych\u00f3w - Proplo","og_description":"Zastanawiasz co zrobi\u0107 ze swoim poddaszem? Przygotowali\u015bmy dla Ciebie najwa\u017cniejsze informacje o adaptacji poddasza i pomys\u0142y na jego aran\u017cacj\u0119","og_url":"https:\/\/proplo.pl\/blog\/adaptacja-poddasza\/","og_site_name":"Poradnik wn\u0119trzarski - Proplo","article_published_time":"2025-05-28T11:22:22+00:00","article_modified_time":"2025-05-28T11:45:43+00:00","og_image":[{"width":1200,"height":800,"url":"https:\/\/proplo.pl\/blog\/wp-content\/uploads\/2025\/05\/adaptacja-poddasza.png","type":"image\/png"}],"author":"Proplo","twitter_card":"summary_large_image","twitter_misc":{"Napisane przez":"Proplo","Szacowany czas czytania":"19 minut"},"schema":{"@context":"https:\/\/schema.org","@graph":[{"@type":"Article","@id":"https:\/\/proplo.pl\/blog\/adaptacja-poddasza\/#article","isPartOf":{"@id":"https:\/\/proplo.pl\/blog\/adaptacja-poddasza\/"},"author":{"name":"Proplo","@id":"https:\/\/proplo.pl\/blog\/#\/schema\/person\/c13af99097d24e9fc2b86b838c0fd0e1"},"headline":"Adaptacja poddasza &#8211; kluczowe aspekty i wymagania","datePublished":"2025-05-28T11:22:22+00:00","dateModified":"2025-05-28T11:45:43+00:00","mainEntityOfPage":{"@id":"https:\/\/proplo.pl\/blog\/adaptacja-poddasza\/"},"wordCount":3471,"commentCount":0,"image":{"@id":"https:\/\/proplo.pl\/blog\/adaptacja-poddasza\/#primaryimage"},"thumbnailUrl":"https:\/\/proplo.pl\/blog\/wp-content\/uploads\/2025\/05\/adaptacja-poddasza.png","articleSection":["Poddasze"],"inLanguage":"pl-PL","potentialAction":[{"@type":"CommentAction","name":"Comment","target":["https:\/\/proplo.pl\/blog\/adaptacja-poddasza\/#respond"]}]},{"@type":"WebPage","@id":"https:\/\/proplo.pl\/blog\/adaptacja-poddasza\/","url":"https:\/\/proplo.pl\/blog\/adaptacja-poddasza\/","name":"Jak zaadaptowa\u0107 poddasze? Projekty wn\u0119trz strych\u00f3w - Proplo","isPartOf":{"@id":"https:\/\/proplo.pl\/blog\/#website"},"primaryImageOfPage":{"@id":"https:\/\/proplo.pl\/blog\/adaptacja-poddasza\/#primaryimage"},"image":{"@id":"https:\/\/proplo.pl\/blog\/adaptacja-poddasza\/#primaryimage"},"thumbnailUrl":"https:\/\/proplo.pl\/blog\/wp-content\/uploads\/2025\/05\/adaptacja-poddasza.png","datePublished":"2025-05-28T11:22:22+00:00","dateModified":"2025-05-28T11:45:43+00:00","author":{"@id":"https:\/\/proplo.pl\/blog\/#\/schema\/person\/c13af99097d24e9fc2b86b838c0fd0e1"},"description":"Zastanawiasz co zrobi\u0107 ze swoim poddaszem? Przygotowali\u015bmy dla Ciebie najwa\u017cniejsze informacje o adaptacji poddasza i pomys\u0142y na jego aran\u017cacj\u0119","breadcrumb":{"@id":"https:\/\/proplo.pl\/blog\/adaptacja-poddasza\/#breadcrumb"},"inLanguage":"pl-PL","potentialAction":[{"@type":"ReadAction","target":["https:\/\/proplo.pl\/blog\/adaptacja-poddasza\/"]}]},{"@type":"ImageObject","inLanguage":"pl-PL","@id":"https:\/\/proplo.pl\/blog\/adaptacja-poddasza\/#primaryimage","url":"https:\/\/proplo.pl\/blog\/wp-content\/uploads\/2025\/05\/adaptacja-poddasza.png","contentUrl":"https:\/\/proplo.pl\/blog\/wp-content\/uploads\/2025\/05\/adaptacja-poddasza.png","width":1200,"height":800,"caption":"Wn\u0119trze poddasza z minimalistycznym designem, zielon\u0105 \u015bcian\u0105, vintage meblami i o\u015bwietleniem."},{"@type":"BreadcrumbList","@id":"https:\/\/proplo.pl\/blog\/adaptacja-poddasza\/#breadcrumb","itemListElement":[{"@type":"ListItem","position":1,"name":"Proplo","item":"https:\/\/proplo.pl"},{"@type":"ListItem","position":2,"name":"Poradnik wn\u0119trzarski","item":"https:\/\/proplo.pl\/blog\/"},{"@type":"ListItem","position":3,"name":"Adaptacja poddasza &#8211; kluczowe aspekty i wymagania"}]},{"@type":"WebSite","@id":"https:\/\/proplo.pl\/blog\/#website","url":"https:\/\/proplo.pl\/blog\/","name":"Blog Proplo","description":"","potentialAction":[{"@type":"SearchAction","target":{"@type":"EntryPoint","urlTemplate":"https:\/\/proplo.pl\/blog\/?s={search_term_string}"},"query-input":{"@type":"PropertyValueSpecification","valueRequired":true,"valueName":"search_term_string"}}],"inLanguage":"pl-PL"},{"@type":"Person","@id":"https:\/\/proplo.pl\/blog\/#\/schema\/person\/c13af99097d24e9fc2b86b838c0fd0e1","name":"Proplo","image":{"@type":"ImageObject","inLanguage":"pl-PL","@id":"https:\/\/secure.gravatar.com\/avatar\/176f908138148facd74b7d78fc677b53b24a54b63aacd8fc4e81a4da926e5f28?s=96&d=mm&r=g","url":"https:\/\/secure.gravatar.com\/avatar\/176f908138148facd74b7d78fc677b53b24a54b63aacd8fc4e81a4da926e5f28?s=96&d=mm&r=g","contentUrl":"https:\/\/secure.gravatar.com\/avatar\/176f908138148facd74b7d78fc677b53b24a54b63aacd8fc4e81a4da926e5f28?s=96&d=mm&r=g","caption":"Proplo"},"url":"https:\/\/proplo.pl\/blog\/author\/r-marciniak\/"}]}},"_links":{"self":[{"href":"https:\/\/proplo.pl\/blog\/wp-json\/wp\/v2\/posts\/771","targetHints":{"allow":["GET"]}}],"collection":[{"href":"https:\/\/proplo.pl\/blog\/wp-json\/wp\/v2\/posts"}],"about":[{"href":"https:\/\/proplo.pl\/blog\/wp-json\/wp\/v2\/types\/post"}],"author":[{"embeddable":true,"href":"https:\/\/proplo.pl\/blog\/wp-json\/wp\/v2\/users\/3"}],"replies":[{"embeddable":true,"href":"https:\/\/proplo.pl\/blog\/wp-json\/wp\/v2\/comments?post=771"}],"version-history":[{"count":5,"href":"https:\/\/proplo.pl\/blog\/wp-json\/wp\/v2\/posts\/771\/revisions"}],"predecessor-version":[{"id":782,"href":"https:\/\/proplo.pl\/blog\/wp-json\/wp\/v2\/posts\/771\/revisions\/782"}],"wp:featuredmedia":[{"embeddable":true,"href":"https:\/\/proplo.pl\/blog\/wp-json\/wp\/v2\/media\/772"}],"wp:attachment":[{"href":"https:\/\/proplo.pl\/blog\/wp-json\/wp\/v2\/media?parent=771"}],"wp:term":[{"taxonomy":"category","embeddable":true,"href":"https:\/\/proplo.pl\/blog\/wp-json\/wp\/v2\/categories?post=771"},{"taxonomy":"post_tag","embeddable":true,"href":"https:\/\/proplo.pl\/blog\/wp-json\/wp\/v2\/tags?post=771"}],"curies":[{"name":"wp","href":"https:\/\/api.w.org\/{rel}","templated":true}]}}