{"id":740,"date":"2025-05-22T21:13:39","date_gmt":"2025-05-22T20:13:39","guid":{"rendered":"https:\/\/proplo.pl\/blog\/?p=740"},"modified":"2025-05-22T21:13:40","modified_gmt":"2025-05-22T20:13:40","slug":"aranzacja-jadalni","status":"publish","type":"post","link":"https:\/\/proplo.pl\/blog\/aranzacja-jadalni\/","title":{"rendered":"Aran\u017cacja jadalni \u2013 jak to zrobi\u0107?"},"content":{"rendered":"<div class=\"you-find-content\">\r\n    <div class=\"container-xl container-wrapper\">\r\n        <div class=\"row design\">\r\n            <div class=\"col-md-12 wrapper \">\r\n                <div class=\"title\"><p>Z tego artyku\u0142u dowiesz si\u0119:<\/p>\n<\/div>\r\n                <div class=\"grid-wrapper\">\r\n                                                        <div class=\"block-list\">\r\n                        <div class=\"number\">\r\n                            1                        <\/div>\r\n                        <div class=\"text\">\r\n                            <p>Jak dopasowa\u0107 jadalni\u0119 do swojego stylu \u017cycia i przestrzeni?<\/p>\n                        <\/div>\r\n                    <\/div>\r\n                                        <div class=\"block-list\">\r\n                        <div class=\"number\">\r\n                            2                        <\/div>\r\n                        <div class=\"text\">\r\n                            <p>Jakie style aran\u017cacyjne warto rozwa\u017cy\u0107 i czym si\u0119 charakteryzuj\u0105?<\/p>\n                        <\/div>\r\n                    <\/div>\r\n                                        <div class=\"block-list\">\r\n                        <div class=\"number\">\r\n                            3                        <\/div>\r\n                        <div class=\"text\">\r\n                            <p>Jakie meble i dodatki wp\u0142ywaj\u0105 na komfort u\u017cytkowania jadalni?<\/p>\n                        <\/div>\r\n                    <\/div>\r\n                                        <div class=\"block-list\">\r\n                        <div class=\"number\">\r\n                            4                        <\/div>\r\n                        <div class=\"text\">\r\n                            <p>Jak wykorzysta\u0107 \u015bwiat\u0142o, kolory i detale, by stworzy\u0107 atmosfer\u0119?<\/p>\n                        <\/div>\r\n                    <\/div>\r\n                                                    <\/div>\r\n            <\/div>\r\n        <\/div>\r\n    <\/div>\r\n<\/div>\n\n\n<p>Urz\u0105dzanie jadalni to nie tylko kwestia estetyki \u2013 to sztuka \u0142\u0105czenia funkcjonalno\u015bci z osobowo\u015bci\u0105 wn\u0119trza. <a href=\"https:\/\/proplo.pl\/inspiracje\/jadalnia\">Jadalnia<\/a> powinna by\u0107 nie tylko \u0142adna, ale przede wszystkim <strong>wygodna i dopasowana do codziennego \u017cycia<\/strong>. To przestrze\u0144, kt\u00f3ra pe\u0142ni wiele r\u00f3l: <strong>miejsce posi\u0142k\u00f3w, rozm\u00f3w, pracy zdalnej, nauki i rodzinnych spotka\u0144<\/strong>. Cz\u0119sto to w\u0142a\u015bnie tu tocz\u0105 si\u0119 najwa\u017cniejsze rozmowy i powstaj\u0105 wspomnienia. Dlatego tak wa\u017cne jest, aby aran\u017cacja jadalni harmonizowa\u0142a z reszt\u0105 mieszkania i wspiera\u0142a zar\u00f3wno relaks, jak i codzienne obowi\u0105zki.<\/p>\n\n\n\n<p><strong>Dobrze zaprojektowana jadalnia<\/strong> staje si\u0119 t\u0142em dla codziennych rytua\u0142\u00f3w \u2013 tych zwyczajnych i tych wyj\u0105tkowych, kt\u00f3re zostaj\u0105 w pami\u0119ci na lata.<\/p>\n\n\n\n<p>Styl, w jakim urz\u0105dzimy jadalni\u0119, ma ogromne znaczenie \u2013 wp\u0142ywa nie tylko na wygl\u0105d wn\u0119trza, ale te\u017c na nasze samopoczucie. Oto kilka popularnych styl\u00f3w aran\u017cacyjnych, kt\u00f3re mog\u0105 nada\u0107 jadalni wyj\u0105tkowy charakter:<\/p>\n\n\n\n<ul class=\"wp-block-list\">\n<li><strong>Styl skandynawski<\/strong> \u2013 jasne kolory, prostota i naturalne materia\u0142y wprowadzaj\u0105 do wn\u0119trza \u015bwie\u017co\u015b\u0107 i harmoni\u0119.<\/li>\n\n\n\n<li><strong>Styl glamour<\/strong> \u2013 eleganckie formy, po\u0142yskuj\u0105ce dodatki i luksusowe wyko\u0144czenia dodaj\u0105 przestrzeni szyku i wyrafinowania.<\/li>\n\n\n\n<li><strong>Styl rustykalny<\/strong> \u2013 drewniane akcenty, naturalne tkaniny i ciep\u0142e barwy tworz\u0105 przytulny, domowy klimat.<\/li>\n<\/ul>\n\n\n\n<p>Najwa\u017cniejsze, by styl pasowa\u0142 do Ciebie i Twojego trybu \u017cycia. Czasem wystarczy jeden wyrazisty element \u2013 jak designerska lampa nad sto\u0142em \u2013 by ca\u0142e wn\u0119trze zyska\u0142o unikalny charakter.<\/p>\n\n\n\n<p>Co sprawia, \u017ce jadalnia staje si\u0119 sercem domu? To nie tylko meble, ale przede wszystkim detale, kt\u00f3re buduj\u0105 atmosfer\u0119. Wygodne krzes\u0142a, przy kt\u00f3rych mo\u017cna sp\u0119dzi\u0107 d\u0142ugie godziny, solidny st\u00f3\u0142 b\u0119d\u0105cy centrum rodzinnych spotka\u0144 \u2013 to podstawa. Ale to w\u0142a\u015bnie dodatki nadaj\u0105 przestrzeni dusz\u0119:<\/p>\n\n\n\n<ul class=\"wp-block-list\">\n<li><strong>Odpowiednio dobrane o\u015bwietlenie<\/strong> \u2013 tworzy nastr\u00f3j i podkre\u015bla charakter wn\u0119trza.<\/li>\n\n\n\n<li><strong>Mi\u0119kkie tkaniny<\/strong> \u2013 zas\u0142ony, obrusy, poduszki dodaj\u0105 przytulno\u015bci.<\/li>\n\n\n\n<li><strong>Dekoracje z dusz\u0105<\/strong> \u2013 osobiste akcenty, pami\u0105tki, r\u0119kodzie\u0142o sprawiaj\u0105, \u017ce przestrze\u0144 staje si\u0119 wyj\u0105tkowa.<\/li>\n<\/ul>\n\n\n\n<p>To w\u0142a\u015bnie te elementy sprawiaj\u0105, \u017ce zwyk\u0142e chwile nabieraj\u0105 znaczenia. Bo jadalnia to nie tylko pomieszczenie \u2013 to przestrze\u0144, w kt\u00f3rej powstaj\u0105 wspomnienia.<\/p>\n\n\n\n<h2 class=\"wp-block-heading\">Planowanie aran\u017cacji jadalni<\/h2>\n\n\n\n<p>Urz\u0105dzanie jadalni to nie tylko kwestia estetyki \u2013 to przede wszystkim tworzenie przestrzeni, w kt\u00f3rej chce si\u0119 by\u0107 ka\u017cdego dnia. Zanim zaczniesz przegl\u0105da\u0107 katalogi z meblami i wybiera\u0107 kolory \u015bcian, warto si\u0119 na chwil\u0119 zatrzyma\u0107 i zada\u0107 sobie kilka kluczowych pyta\u0144:<\/p>\n\n\n\n<ul class=\"wp-block-list\">\n<li><strong>Jak\u0105 funkcj\u0119 ma pe\u0142ni\u0107 jadalnia?<\/strong> Czy b\u0119dzie to miejsce codziennych, rodzinnych posi\u0142k\u00f3w, elegancka przestrze\u0144 do podejmowania go\u015bci, czy mo\u017ce jedno i drugie?<\/li>\n\n\n\n<li><strong>Ilu domownik\u00f3w b\u0119dzie z niej korzysta\u0107?<\/strong> To wp\u0142ynie na wyb\u00f3r wielko\u015bci sto\u0142u i liczby krzese\u0142.<\/li>\n\n\n\n<li><strong>Jak du\u017ce jest pomieszczenie?<\/strong> Od tego zale\u017cy, jak wiele mebli i dodatk\u00f3w mo\u017cesz w nim zmie\u015bci\u0107 bez utraty komfortu.<\/li>\n<\/ul>\n\n\n\n<p>Wielko\u015b\u0107 jadalni i liczba u\u017cytkownik\u00f3w maj\u0105 kluczowe znaczenie przy wyborze wyposa\u017cenia. Meble powinny by\u0107 nie tylko estetyczne, ale przede wszystkim funkcjonalne. Je\u015bli jadalnia stanowi cz\u0119\u015b\u0107 otwartej przestrzeni i \u0142\u0105czy si\u0119 z kuchni\u0105 lub salonem, warto zadba\u0107 o sp\u00f3jno\u015b\u0107 stylu i p\u0142ynne przej\u015bcia mi\u0119dzy strefami. Dzi\u0119ki temu wn\u0119trze b\u0119dzie wygl\u0105da\u0107 harmonijnie i elegancko.<\/p>\n\n\n\n<p><strong>Nawet niewielka jadalnia, je\u015bli zostanie dobrze zaprojektowana, mo\u017ce sta\u0107 si\u0119 sercem domu<\/strong> \u2013 miejscem, do kt\u00f3rego wraca si\u0119 z przyjemno\u015bci\u0105 ka\u017cdego dnia.<\/p>\n\n\n\n<h3 class=\"wp-block-heading\">Jak okre\u015bli\u0107 funkcje jadalni i dopasowa\u0107 uk\u0142ad<\/h3>\n\n\n\n<p>Najwa\u017cniejsze pytanie na pocz\u0105tek: jak chcesz korzysta\u0107 z tej przestrzeni? Odpowied\u017a na nie pomo\u017ce Ci okre\u015bli\u0107 uk\u0142ad i charakter jadalni.<\/p>\n\n\n\n<p>Je\u015bli masz do dyspozycji osobne pomieszczenie, mo\u017cesz pozwoli\u0107 sobie na wi\u0119ksz\u0105 swobod\u0119 aran\u017cacyjn\u0105. Warto wtedy rozwa\u017cy\u0107:<\/p>\n\n\n\n<ul class=\"wp-block-list\">\n<li><strong>Du\u017cy, solidny st\u00f3\u0142<\/strong> \u2013 idealny na rodzinne obiady i spotkania z przyjaci\u00f3\u0142mi,<\/li>\n\n\n\n<li><strong>Designerskie krzes\u0142a<\/strong> \u2013 kt\u00f3re nadadz\u0105 wn\u0119trzu charakteru,<\/li>\n\n\n\n<li><strong>Kredens w stylu vintage<\/strong> \u2013 jako praktyczny i dekoracyjny element wyposa\u017cenia.<\/li>\n<\/ul>\n\n\n\n<p>W przypadku jadalni po\u0142\u0105czonej z salonem warto zadba\u0107 o <strong>subtelne rozdzielenie stref<\/strong>. Mo\u017cna to osi\u0105gn\u0105\u0107 poprzez:<\/p>\n\n\n\n<ul class=\"wp-block-list\">\n<li>u\u017cycie <strong>dywanu pod sto\u0142em<\/strong>,<\/li>\n\n\n\n<li>zastosowanie <strong>innego materia\u0142u pod\u0142ogi<\/strong> w cz\u0119\u015bci jadalnianej,<\/li>\n\n\n\n<li>ustawienie mebli w spos\u00f3b wyra\u017anie wyznaczaj\u0105cy granice funkcjonalne.<\/li>\n<\/ul>\n\n\n\n<p>Je\u015bli mieszkasz w kawalerce lub niewielkim mieszkaniu, liczy si\u0119 ka\u017cdy centymetr. Warto wtedy postawi\u0107 na <strong>meble wielofunkcyjne<\/strong>, takie jak:<\/p>\n\n\n\n<ul class=\"wp-block-list\">\n<li>sk\u0142adane sto\u0142y, kt\u00f3re mo\u017cna schowa\u0107 po posi\u0142ku,<\/li>\n\n\n\n<li>\u0142awki z pojemnikami na przechowywanie,<\/li>\n\n\n\n<li>stoliki, kt\u00f3re mog\u0105 pe\u0142ni\u0107 funkcj\u0119 biurka,<\/li>\n\n\n\n<li>rozk\u0142adany blat przy \u015bcianie \u2013 idealny zar\u00f3wno do pracy, jak i do kolacji.<\/li>\n<\/ul>\n\n\n\n<h3 class=\"wp-block-heading\">Zasady ergonomii i wygodnego u\u017cytkowania<\/h3>\n\n\n\n<p>Wygodna jadalnia to taka, w kt\u00f3rej wszystko dzia\u0142a intuicyjnie i bez przeszk\u00f3d. Ergonomia nie jest luksusem \u2013 to absolutna podstawa komfortowego u\u017cytkowania przestrzeni.<\/p>\n\n\n\n<p>Oto najwa\u017cniejsze zasady ergonomii w jadalni:<\/p>\n\n\n\n<ul class=\"wp-block-list\">\n<li><strong>Wysoko\u015b\u0107 sto\u0142u<\/strong> powinna wynosi\u0107 oko\u0142o 75 cm<sup data-fn=\"7e5f6bcb-0b01-4918-9cba-d048f1ef0112\" class=\"fn\"><a id=\"7e5f6bcb-0b01-4918-9cba-d048f1ef0112-link\" href=\"#7e5f6bcb-0b01-4918-9cba-d048f1ef0112\">1<\/a><\/sup>, co zapewnia wygod\u0119 podczas jedzenia.<\/li>\n\n\n\n<li><strong>Odst\u0119py mi\u0119dzy krzes\u0142ami<\/strong> powinny umo\u017cliwia\u0107 swobodne wstawanie i siadanie \u2013 minimum 60 cm na osob\u0119.<\/li>\n\n\n\n<li><strong>Swoboda ruchu<\/strong> wok\u00f3\u0142 sto\u0142u \u2013 najlepiej zostawi\u0107 co najmniej 90 cm wolnej przestrzeni z ka\u017cdej strony.<\/li>\n\n\n\n<li><strong>Krzes\u0142a<\/strong> powinny mie\u0107 stabilne oparcie i by\u0107 wygodne nawet podczas d\u0142ugich posi\u0142k\u00f3w.<\/li>\n<\/ul>\n\n\n\n<p>St\u00f3\u0142 powinien pomie\u015bci\u0107 wszystkich domownik\u00f3w, ale nie mo\u017ce przyt\u0142acza\u0107 wn\u0119trza. Dobrze dobrany mebel to taki, kt\u00f3ry \u0142\u0105czy funkcjonalno\u015b\u0107 z estetyk\u0105.<\/p>\n\n\n\n<p><strong>Ergonomia to nie tylko fizyczna wygoda \u2013 to tak\u017ce przyjemno\u015b\u0107 z codziennych posi\u0142k\u00f3w, rozm\u00f3w i wsp\u00f3lnego sp\u0119dzania czasu.<\/strong> A przecie\u017c w\u0142a\u015bnie o to chodzi w dobrze zaprojektowanej jadalni.<\/p>\n\n\n\n<figure class=\"wp-block-image size-full\"><a href=\"https:\/\/proplo.pl\/profile\/niuanse-design-justyna-czapla-architektura-wnetrz\/projekt\/otwarta-przestrzen-72-m2-czestochowa-glam-899\"><img loading=\"lazy\" decoding=\"async\" width=\"1200\" height=\"800\" src=\"https:\/\/proplo.pl\/blog\/wp-content\/uploads\/2025\/05\/aranzacja-jadalni-w-domu.png\" alt=\"Wn\u0119trze jadalni glamour z bia\u0142ym sto\u0142em i z\u0142otymi detalami\" class=\"wp-image-743\" srcset=\"https:\/\/proplo.pl\/blog\/wp-content\/uploads\/2025\/05\/aranzacja-jadalni-w-domu.png 1200w, https:\/\/proplo.pl\/blog\/wp-content\/uploads\/2025\/05\/aranzacja-jadalni-w-domu-300x200.png 300w, https:\/\/proplo.pl\/blog\/wp-content\/uploads\/2025\/05\/aranzacja-jadalni-w-domu-768x512.png 768w, https:\/\/proplo.pl\/blog\/wp-content\/uploads\/2025\/05\/aranzacja-jadalni-w-domu-1024x683.png 1024w, https:\/\/proplo.pl\/blog\/wp-content\/uploads\/2025\/05\/aranzacja-jadalni-w-domu-480x320.png 480w\" sizes=\"auto, (max-width: 1200px) 100vw, 1200px\" \/><\/a><figcaption class=\"wp-element-caption\">Projekt: <a href=\"https:\/\/proplo.pl\/profile\/niuanse-design-justyna-czapla-architektura-wnetrz\">Niuanse Design Justyna Czapla Architektura Wn\u0119trz<\/a><\/figcaption><\/figure>\n\n\n\n<h2 class=\"wp-block-heading\">Wyb\u00f3r stylu aran\u017cacji jadalni<\/h2>\n\n\n\n<p>Styl jadalni to nie tylko kwestia estetyki \u2013 to decyzja, kt\u00f3ra wp\u0142ywa na codzienny komfort, atmosfer\u0119 w domu i relacje z bliskimi. To w\u0142a\u015bnie przy stole dzielimy si\u0119 nie tylko posi\u0142kami, ale te\u017c emocjami, \u015bmiechem i wa\u017cnymi momentami. Dlatego warto, by ta przestrze\u0144 odzwierciedla\u0142a nasz charakter i harmonijnie wsp\u00f3\u0142gra\u0142a z reszt\u0105 mieszkania.<\/p>\n\n\n\n<p>Obecnie modne s\u0105 r\u00f3\u017cnorodne kierunki aran\u017cacyjne \u2013 od ch\u0142odnego minimalizmu, przez przytulny rustykalizm, a\u017c po pe\u0142en blasku glamour czy surowy industrial. Ka\u017cdy styl niesie ze sob\u0105 inny klimat i funkcj\u0119. Zanim podejmiesz decyzj\u0119, zadaj sobie kilka pyta\u0144:<\/p>\n\n\n\n<ul class=\"wp-block-list\">\n<li>Czy zale\u017cy Ci na przestronno\u015bci i \u015bwietle?<\/li>\n\n\n\n<li>A mo\u017ce marzysz o wn\u0119trzu z nut\u0105 luksusu?<\/li>\n\n\n\n<li>Czy cz\u0119sto go\u015bcisz znajomych i potrzebujesz reprezentacyjnej przestrzeni?<\/li>\n\n\n\n<li>A mo\u017ce cenisz cisz\u0119 i prostot\u0119?<\/li>\n<\/ul>\n\n\n\n<p>Klucz do sukcesu? Znale\u017a\u0107 balans mi\u0119dzy wygl\u0105dem a wygod\u0105.<\/p>\n\n\n\n<h3 class=\"wp-block-heading\">Jadalnia w stylu skandynawskim: jasno\u015b\u0107 i funkcjonalno\u015b\u0107<\/h3>\n\n\n\n<p><a href=\"https:\/\/proplo.pl\/style\/skandynawski\">Styl skandynawski<\/a> to ho\u0142d dla prostoty, \u015bwiat\u0142a i natury. Taka jadalnia emanuje spokojem \u2013 idealna na codzienne \u015bniadania i d\u0142ugie, rodzinne kolacje. Jasne barwy \u2013 biel, szaro\u015b\u0107, be\u017c \u2013 optycznie powi\u0119kszaj\u0105 przestrze\u0144, a naturalne materia\u0142y, jak drewno, len czy bawe\u0142na, wprowadzaj\u0105 ciep\u0142o i przytulno\u015b\u0107.<\/p>\n\n\n\n<p>Charakterystyczne cechy tego stylu to:<\/p>\n\n\n\n<ul class=\"wp-block-list\">\n<li><strong>Minimalistyczne meble<\/strong> \u2013 proste formy, bez zb\u0119dnych zdobie\u0144<\/li>\n\n\n\n<li><strong>Naturalne materia\u0142y<\/strong> \u2013 drewno, len, bawe\u0142na<\/li>\n\n\n\n<li><strong>Jasna kolorystyka<\/strong> \u2013 dominacja bieli i pastelowych odcieni<\/li>\n\n\n\n<li><strong>Funkcjonalno\u015b\u0107<\/strong> \u2013 ka\u017cdy element ma swoje praktyczne zastosowanie<\/li>\n<\/ul>\n\n\n\n<p>Przyk\u0142ad? St\u00f3\u0142 z jasnego drewna i ergonomiczne krzes\u0142a, kt\u00f3re zapraszaj\u0105 do wsp\u00f3lnego biesiadowania. To styl dla tych, kt\u00f3rzy ceni\u0105 prostot\u0119 i naturalne pi\u0119kno \u2013 bez zb\u0119dnych ozdobnik\u00f3w.<\/p>\n\n\n\n<h3 class=\"wp-block-heading\">Jadalnia w stylu glamour: elegancja i blask<\/h3>\n\n\n\n<p><a href=\"https:\/\/proplo.pl\/style\/glamour\">Styl glamour <\/a>to po\u0142\u0105czenie luksusu, elegancji i teatralnego rozmachu. Idealny dla os\u00f3b, kt\u00f3re chc\u0105, by ich jadalnia robi\u0142a wra\u017cenie od pierwszego spojrzenia.<\/p>\n\n\n\n<p>Najwa\u017cniejsze elementy stylu glamour:<\/p>\n\n\n\n<ul class=\"wp-block-list\">\n<li><strong>Szlachetne materia\u0142y<\/strong> \u2013 szk\u0142o, aksamit, chrom<\/li>\n\n\n\n<li><strong>Efektowne dodatki<\/strong> \u2013 kryszta\u0142owe \u017cyrandole, z\u0142ocone ramy luster<\/li>\n\n\n\n<li><strong>G\u0142\u0119bokie kolory<\/strong> \u2013 granat, burgund, butelkowa ziele\u0144<\/li>\n\n\n\n<li><strong>B\u0142yszcz\u0105ce powierzchnie<\/strong> \u2013 dodaj\u0105ce wn\u0119trzu elegancji i \u015bwiat\u0142a<\/li>\n<\/ul>\n\n\n\n<p>Styl glamour to propozycja dla tych, kt\u00f3rzy chc\u0105 po\u0142\u0105czy\u0107 funkcjonalno\u015b\u0107 z klas\u0105 i wyj\u0105tkowym klimatem \u2013 jak scena, na kt\u00f3rej codziennie toczy si\u0119 domowe \u017cycie.<\/p>\n\n\n\n<figure class=\"wp-block-image size-full\"><a href=\"https:\/\/proplo.pl\/profile\/kontrasty\/projekt\/projekt-domu-gdansk-708\"><img loading=\"lazy\" decoding=\"async\" width=\"1200\" height=\"800\" src=\"https:\/\/proplo.pl\/blog\/wp-content\/uploads\/2025\/05\/aranzacja-jadalni-w-stylu-glamour.png\" alt=\"Wn\u0119trze jadalni w stylu minimaluxe z bia\u0142ymi meblami i nowoczesnym o\u015bwietleniem.\" class=\"wp-image-747\" srcset=\"https:\/\/proplo.pl\/blog\/wp-content\/uploads\/2025\/05\/aranzacja-jadalni-w-stylu-glamour.png 1200w, https:\/\/proplo.pl\/blog\/wp-content\/uploads\/2025\/05\/aranzacja-jadalni-w-stylu-glamour-300x200.png 300w, https:\/\/proplo.pl\/blog\/wp-content\/uploads\/2025\/05\/aranzacja-jadalni-w-stylu-glamour-768x512.png 768w, https:\/\/proplo.pl\/blog\/wp-content\/uploads\/2025\/05\/aranzacja-jadalni-w-stylu-glamour-1024x683.png 1024w, https:\/\/proplo.pl\/blog\/wp-content\/uploads\/2025\/05\/aranzacja-jadalni-w-stylu-glamour-480x320.png 480w\" sizes=\"auto, (max-width: 1200px) 100vw, 1200px\" \/><\/a><figcaption class=\"wp-element-caption\">Projekt: <a href=\"https:\/\/proplo.pl\/profile\/kontrasty\">Kontrasty<\/a><\/figcaption><\/figure>\n\n\n\n<h3 class=\"wp-block-heading\">Jadalnia w stylu industrialnym: surowo\u015b\u0107 i charakter<\/h3>\n\n\n\n<p><a href=\"https:\/\/proplo.pl\/style\/industrialny\">Styl industrialny<\/a> to wyb\u00f3r dla mi\u0142o\u015bnik\u00f3w wn\u0119trz z charakterem. Inspirowany przestrzeniami poprzemys\u0142owymi, \u0142\u0105czy surowe materia\u0142y z nowoczesnym designem.<\/p>\n\n\n\n<p>Charakterystyczne cechy stylu industrialnego:<\/p>\n\n\n\n<ul class=\"wp-block-list\">\n<li><strong>Materia\u0142y<\/strong> \u2013 beton, ceg\u0142a, metal<\/li>\n\n\n\n<li><strong>Kolorystyka<\/strong> \u2013 szaro\u015bci, czer\u0144, br\u0105z<\/li>\n\n\n\n<li><strong>Meble z recyklingowanego drewna<\/strong> \u2013 trwa\u0142e i ekologiczne<\/li>\n\n\n\n<li><strong>Industrialne o\u015bwietlenie<\/strong> \u2013 metalowe lampy, widoczne \u017car\u00f3wki<\/li>\n<\/ul>\n\n\n\n<p>To styl dla os\u00f3b, kt\u00f3re ceni\u0105 oryginalno\u015b\u0107, trwa\u0142o\u015b\u0107 i nie boj\u0105 si\u0119 odwa\u017cnych aran\u017cacji.<\/p>\n\n\n\n<h3 class=\"wp-block-heading\">Jadalnia w stylu minimalistycznym: oszcz\u0119dno\u015b\u0107 formy<\/h3>\n\n\n\n<p>Minimalizm to filozofia: mniej znaczy wi\u0119cej. W jadalni oznacza to przestrze\u0144 uporz\u0105dkowan\u0105, spokojn\u0105 i woln\u0105 od zb\u0119dnych element\u00f3w.<\/p>\n\n\n\n<p>G\u0142\u00f3wne cechy <a href=\"https:\/\/proplo.pl\/style\/minimalistyczny\">stylu minimalistycznego<\/a>:<\/p>\n\n\n\n<ul class=\"wp-block-list\">\n<li><strong>Proste linie<\/strong> \u2013 geometryczne, cz\u0119sto modu\u0142owe formy<\/li>\n\n\n\n<li><strong>Neutralna kolorystyka<\/strong> \u2013 biel, szaro\u015b\u0107, czer\u0144<\/li>\n\n\n\n<li><strong>Brak dekoracyjnego chaosu<\/strong> \u2013 ka\u017cdy element ma swoje miejsce<\/li>\n\n\n\n<li><strong>Funkcjonalno\u015b\u0107<\/strong> \u2013 meble i dodatki pe\u0142ni\u0105 konkretne role<\/li>\n<\/ul>\n\n\n\n<p>To idealna przestrze\u0144 dla tych, kt\u00f3rzy ceni\u0105 porz\u0105dek, nowoczesno\u015b\u0107 i klarowno\u015b\u0107. Jadalnia w stylu minimalistycznym nie rozprasza \u2013 pozwala skupi\u0107 si\u0119 na tym, co naprawd\u0119 wa\u017cne.<\/p>\n\n\n\n<h3 class=\"wp-block-heading\">Jadalnia w stylu prowansalskim: romantyzm po\u0142udnia Francji<\/h3>\n\n\n\n<p><a href=\"https:\/\/proplo.pl\/style\/prowansalski\">Styl prowansalski<\/a> przenosi nas do s\u0142onecznej, francuskiej wsi. To po\u0142\u0105czenie jasnych kolor\u00f3w, naturalnych materia\u0142\u00f3w i rustykalnych mebli, kt\u00f3re tworz\u0105 sielsk\u0105, przytuln\u0105 atmosfer\u0119.<\/p>\n\n\n\n<p>Elementy charakterystyczne dla stylu prowansalskiego:<\/p>\n\n\n\n<ul class=\"wp-block-list\">\n<li><strong>Kolorystyka<\/strong> \u2013 biele, pastele, be\u017ce<\/li>\n\n\n\n<li><strong>Rustykalne meble<\/strong> \u2013 drewniane kredensy, sto\u0142y z przecieranym wyko\u0144czeniem<\/li>\n\n\n\n<li><strong>Dekoracje<\/strong> \u2013 koronkowe obrusy, kwiatowe wzory, ceramika<\/li>\n\n\n\n<li><strong>Naturalno\u015b\u0107<\/strong> \u2013 materia\u0142y inspirowane natur\u0105<\/li>\n<\/ul>\n\n\n\n<p>To styl dla tych, kt\u00f3rzy chc\u0105, by ich jadalnia by\u0142a miejscem relaksu, blisko\u015bci i rodzinnych tradycji. To nie tylko estetyka \u2013 to spos\u00f3b na \u017cycie w rytmie natury.<\/p>\n\n\n\n<h3 class=\"wp-block-heading\">Jadalnia w stylu vintage: retro z nowoczesnym akcentem<\/h3>\n\n\n\n<p>Styl vintage to podr\u00f3\u017c w czasie \u2013 z przystankiem w latach 50. i 60., ale z wygod\u0105 wsp\u00f3\u0142czesno\u015bci. W jadalni oznacza to po\u0142\u0105czenie mebli z dusz\u0105 z nowoczesnymi rozwi\u0105zaniami.<\/p>\n\n\n\n<p>Najwa\u017cniejsze cechy stylu vintage:<\/p>\n\n\n\n<ul class=\"wp-block-list\">\n<li><strong>Charakterystyczne meble<\/strong> \u2013 np. drewniany st\u00f3\u0142 z toczonymi nogami<\/li>\n\n\n\n<li><strong>Kolorystyka<\/strong> \u2013 ciep\u0142e barwy: oliwkowy, terakota, karmel<\/li>\n\n\n\n<li><strong>Dodatki retro<\/strong> \u2013 lampy, fotele, ceramika z epoki<\/li>\n\n\n\n<li><strong>Nowoczesne udogodnienia<\/strong> \u2013 dla komfortu codziennego u\u017cytkowania<\/li>\n<\/ul>\n\n\n\n<p>Styl vintage to propozycja dla tych, kt\u00f3rzy ceni\u0105 oryginalno\u015b\u0107 i chc\u0105, by ich jadalnia opowiada\u0142a w\u0142asn\u0105 histori\u0119 \u2013 z nut\u0105 sentymentu, ale i nowoczesnym twistem.<\/p>\n\n\n\n<figure class=\"wp-block-image size-full\"><a href=\"https:\/\/proplo.pl\/profile\/mocolocco\/projekt\/apartament-dwupoziomowy-krakow-236\"><img loading=\"lazy\" decoding=\"async\" width=\"1200\" height=\"800\" src=\"https:\/\/proplo.pl\/blog\/wp-content\/uploads\/2025\/05\/jak-zaprojektowac-jadalnie.png\" alt=\"Jadalnia z drewnianym sto\u0142em, nowoczesnymi lampami i du\u017cymi oknami.\" class=\"wp-image-746\" srcset=\"https:\/\/proplo.pl\/blog\/wp-content\/uploads\/2025\/05\/jak-zaprojektowac-jadalnie.png 1200w, https:\/\/proplo.pl\/blog\/wp-content\/uploads\/2025\/05\/jak-zaprojektowac-jadalnie-300x200.png 300w, https:\/\/proplo.pl\/blog\/wp-content\/uploads\/2025\/05\/jak-zaprojektowac-jadalnie-768x512.png 768w, https:\/\/proplo.pl\/blog\/wp-content\/uploads\/2025\/05\/jak-zaprojektowac-jadalnie-1024x683.png 1024w, https:\/\/proplo.pl\/blog\/wp-content\/uploads\/2025\/05\/jak-zaprojektowac-jadalnie-480x320.png 480w\" sizes=\"auto, (max-width: 1200px) 100vw, 1200px\" \/><\/a><figcaption class=\"wp-element-caption\">Projekt: <a href=\"https:\/\/proplo.pl\/profile\/mocolocco\">MOCOLOCCO<\/a><\/figcaption><\/figure>\n\n\n\n<h2 class=\"wp-block-heading\">Uk\u0142ad jadalni w r\u00f3\u017cnych typach przestrzeni<\/h2>\n\n\n\n<p>Aran\u017cacja jadalni to nie tylko kwestia estetyki \u2013 to przede wszystkim funkcjonalno\u015b\u0107 dopasowana do codziennego rytmu \u017cycia. Ka\u017cdy z nas potrzebuje miejsca, gdzie mo\u017cna spokojnie zje\u015b\u0107, porozmawia\u0107 czy wypi\u0107 kaw\u0119. W ma\u0142ych mieszkaniach liczy si\u0119 ka\u017cdy centymetr, dlatego planowanie przestrzeni musi by\u0107 przemy\u015blane. Nawet w ograniczonym metra\u017cu mo\u017cna stworzy\u0107 przytuln\u0105 i praktyczn\u0105 jadalni\u0119 \u2013 wystarczy odrobina kreatywno\u015bci, dobre planowanie i sprytne rozwi\u0105zania.<\/p>\n\n\n\n<h3 class=\"wp-block-heading\">Jadalnia z salonem: integracja funkcji w jednej przestrzeni<\/h3>\n\n\n\n<p>Po\u0142\u0105czenie jadalni z salonem to popularne rozwi\u0105zanie w nowoczesnych wn\u0119trzach z otwartym planem. Taki uk\u0142ad daje poczucie przestronno\u015bci i swobody, ale wymaga przemy\u015blanej aran\u017cacji, by zachowa\u0107 harmoni\u0119 i funkcjonalno\u015b\u0107.<\/p>\n\n\n\n<p>Oto kilka sprawdzonych sposob\u00f3w na udan\u0105 integracj\u0119 tych dw\u00f3ch stref:<\/p>\n\n\n\n<ul class=\"wp-block-list\">\n<li><strong>Dywan pod sto\u0142em<\/strong> \u2013 wizualnie wydziela stref\u0119 jadalnian\u0105.<\/li>\n\n\n\n<li><strong>A\u017curowa \u015bcianka lub rega\u0142<\/strong> \u2013 subtelnie oddzielaj\u0105 przestrzenie bez ich zamykania.<\/li>\n\n\n\n<li><strong>Sp\u00f3jna kolorystyka i styl mebli<\/strong> \u2013 wprowadzaj\u0105 \u0142ad i estetyczn\u0105 sp\u00f3jno\u015b\u0107.<\/li>\n\n\n\n<li><strong>O\u015bwietlenie strefowe<\/strong> \u2013 osobne \u017ar\u00f3d\u0142a \u015bwiat\u0142a dla salonu i jadalni podkre\u015blaj\u0105 ich funkcje.<\/li>\n<\/ul>\n\n\n\n<p>Efekt? Przestrze\u0144, kt\u00f3ra nie tylko wygl\u0105da stylowo, ale te\u017c dzia\u0142a funkcjonalnie \u2013 idealna zar\u00f3wno na rodzinny obiad, jak i relaks z ksi\u0105\u017ck\u0105.<\/p>\n\n\n\n<h3 class=\"wp-block-heading\">Jadalnia w kuchni: praktyczne rozwi\u0105zania w ma\u0142ych mieszkaniach<\/h3>\n\n\n\n<p><strong>W ma\u0142ych mieszkaniach kuchnia cz\u0119sto pe\u0142ni wiele funkcji \u2013 w tym rol\u0119 jadalni<\/strong>. To praktyczne rozwi\u0105zanie, kt\u00f3re pozwala zaoszcz\u0119dzi\u0107 miejsce i u\u0142atwia codzienne \u017cycie.<\/p>\n\n\n\n<p>Sprawdzone pomys\u0142y na jadalni\u0119 w kuchni:<\/p>\n\n\n\n<ul class=\"wp-block-list\">\n<li><strong>Sk\u0142adany st\u00f3\u0142<\/strong> \u2013 rozk\u0142adany tylko wtedy, gdy jest potrzebny.<\/li>\n\n\n\n<li><strong>Krzes\u0142a wsuwane pod blat lub zawieszane na \u015bcianie<\/strong> \u2013 oszcz\u0119dno\u015b\u0107 miejsca i porz\u0105dek.<\/li>\n\n\n\n<li><strong>St\u00f3\u0142 montowany do \u015bciany<\/strong> \u2013 idealny do bardzo ma\u0142ych kuchni.<\/li>\n\n\n\n<li><strong>Meble wielofunkcyjne<\/strong> \u2013 np. st\u00f3\u0142 pe\u0142ni\u0105cy tak\u017ce funkcj\u0119 blatu roboczego.<\/li>\n<\/ul>\n\n\n\n<p>Dzi\u0119ki takim rozwi\u0105zaniom kuchnia staje si\u0119 bardziej funkcjonalna, uporz\u0105dkowana i przytulna \u2013 a przecie\u017c o to w\u0142a\u015bnie chodzi.<\/p>\n\n\n\n<h3 class=\"wp-block-heading\">Ma\u0142a jadalnia: jak optymalnie wykorzysta\u0107 przestrze\u0144<\/h3>\n\n\n\n<p>Ma\u0142a jadalnia to nie ograniczenie \u2013 to szansa na kreatywne podej\u015bcie do aran\u017cacji. Kluczem s\u0105 meble wielofunkcyjne i sprytne rozwi\u0105zania.<\/p>\n\n\n\n<p>Oto jak maksymalnie wykorzysta\u0107 niewielk\u0105 przestrze\u0144:<\/p>\n\n\n\n<ul class=\"wp-block-list\">\n<li><strong>\u0141awki ze schowkiem<\/strong> \u2013 idealne na przechowywanie obrus\u00f3w, poduszek czy drobiazg\u00f3w.<\/li>\n\n\n\n<li><strong>Sto\u0142y z szufladami<\/strong> \u2013 pomieszcz\u0105 sztu\u0107ce, serwetki i inne akcesoria.<\/li>\n\n\n\n<li><strong>Rozk\u0142adane blaty<\/strong> \u2013 wi\u0119cej miejsca tylko wtedy, gdy go potrzebujesz.<\/li>\n\n\n\n<li><strong>Krzes\u0142a zawieszane na \u015bcianie<\/strong> \u2013 oszcz\u0119dno\u015b\u0107 przestrzeni i porz\u0105dek.<\/li>\n<\/ul>\n\n\n\n<p>Nie zapominaj o o\u015bwietleniu \u2013 dobrze dobrana lampa nad sto\u0142em nie tylko do\u015bwietli wn\u0119trze, ale te\u017c optycznie je powi\u0119kszy i wyznaczy stref\u0119 jadalnian\u0105. Nawet najmniejsza jadalnia mo\u017ce sta\u0107 si\u0119 sercem domu \u2013 wystarczy j\u0105 dobrze zaplanowa\u0107.<\/p>\n\n\n\n<figure class=\"wp-block-image size-full\"><a href=\"https:\/\/proplo.pl\/profile\/meetrowka\/projekt\/1212\"><img loading=\"lazy\" decoding=\"async\" width=\"1200\" height=\"800\" src=\"https:\/\/proplo.pl\/blog\/wp-content\/uploads\/2025\/05\/aranzacja-jadalni-jak-urzadzic.png\" alt=\"Jadalnia w stylu minimaluxe z okr\u0105g\u0142ym sto\u0142em i jasnymi krzes\u0142ami, soft minimalizm.\" class=\"wp-image-742\" srcset=\"https:\/\/proplo.pl\/blog\/wp-content\/uploads\/2025\/05\/aranzacja-jadalni-jak-urzadzic.png 1200w, https:\/\/proplo.pl\/blog\/wp-content\/uploads\/2025\/05\/aranzacja-jadalni-jak-urzadzic-300x200.png 300w, https:\/\/proplo.pl\/blog\/wp-content\/uploads\/2025\/05\/aranzacja-jadalni-jak-urzadzic-768x512.png 768w, https:\/\/proplo.pl\/blog\/wp-content\/uploads\/2025\/05\/aranzacja-jadalni-jak-urzadzic-1024x683.png 1024w, https:\/\/proplo.pl\/blog\/wp-content\/uploads\/2025\/05\/aranzacja-jadalni-jak-urzadzic-480x320.png 480w\" sizes=\"auto, (max-width: 1200px) 100vw, 1200px\" \/><\/a><figcaption class=\"wp-element-caption\">Projekt: <a href=\"https:\/\/proplo.pl\/profile\/meetrowka\">MEETR\u00d3WKA<\/a><\/figcaption><\/figure>\n\n\n\n<h3 class=\"wp-block-heading\">Jadalnia w kawalerce: wielofunkcyjno\u015b\u0107 i kompaktowo\u015b\u0107<\/h3>\n\n\n\n<p>Kawalerka to wyzwanie aran\u017cacyjne, w kt\u00f3rym ka\u017cdy mebel musi pe\u0142ni\u0107 wi\u0119cej ni\u017c jedn\u0105 funkcj\u0119. Jadalnia? Oczywi\u015bcie, \u017ce si\u0119 zmie\u015bci \u2013 wystarczy pomys\u0142owe podej\u015bcie.<\/p>\n\n\n\n<p>Praktyczne rozwi\u0105zania do kawalerki:<\/p>\n\n\n\n<ul class=\"wp-block-list\">\n<li><strong>St\u00f3\u0142 pe\u0142ni\u0105cy funkcj\u0119 biurka<\/strong> \u2013 idealny do pracy i posi\u0142k\u00f3w.<\/li>\n\n\n\n<li><strong>Sk\u0142adane krzes\u0142a<\/strong> \u2013 po u\u017cyciu \u0142atwo je schowa\u0107.<\/li>\n\n\n\n<li><strong>Kompaktowy zestaw jadalniany chowany w szafce<\/strong> \u2013 maksymalna oszcz\u0119dno\u015b\u0107 miejsca.<\/li>\n<\/ul>\n\n\n\n<p>Dzi\u0119ki takim rozwi\u0105zaniom zyskujesz przestrze\u0144, kt\u00f3ra jest funkcjonalna, estetyczna i komfortowa. Nawet w kawalerce mo\u017cna \u017cy\u0107 wygodnie i z klas\u0105.<\/p>\n\n\n\n<h3 class=\"wp-block-heading\">Jadalnia w domku jednorodzinnym: przestrze\u0144 i reprezentacyjno\u015b\u0107<\/h3>\n\n\n\n<p>W domu jednorodzinnym jadalnia to serce rodzinnego \u017cycia \u2013 miejsce \u015bwi\u0105tecznych kolacji, niedzielnych obiad\u00f3w i spotka\u0144 z bliskimi. Dlatego powinna by\u0107 nie tylko wygodna, ale te\u017c reprezentacyjna.<\/p>\n\n\n\n<p>Elementy, kt\u00f3re warto uwzgl\u0119dni\u0107:<\/p>\n\n\n\n<ul class=\"wp-block-list\">\n<li><strong>Du\u017cy, solidny st\u00f3\u0142<\/strong> \u2013 pomie\u015bci ca\u0142\u0105 rodzin\u0119 i go\u015bci.<\/li>\n\n\n\n<li><strong>Wygodne krzes\u0142a<\/strong> \u2013 komfort siedzenia to podstawa.<\/li>\n\n\n\n<li><strong>\u017byrandol nad sto\u0142em<\/strong> \u2013 podkre\u015bla centralne miejsce jadalni.<\/li>\n\n\n\n<li><strong>Dekoracyjne detale<\/strong> \u2013 obrus, elegancka zastawa, \u015bwieczki, kwiaty \u2013 tworz\u0105 klimat i ciep\u0142o.<\/li>\n<\/ul>\n\n\n\n<p>Jadalnia to nie tylko meble \u2013 to atmosfera, wspomnienia i emocje. To miejsce, gdzie \u015bmiech miesza si\u0119 z zapachem domowego jedzenia. Dlatego warto j\u0105 urz\u0105dzi\u0107 z sercem.<\/p>\n\n\n\n<h2 class=\"wp-block-heading\">Meble do jadalni: wyb\u00f3r i dopasowanie<\/h2>\n\n\n\n<p>Dob\u00f3r mebli do jadalni to nie tylko kwestia estetyki \u2013 to decyzja, kt\u00f3ra wp\u0142ywa na codzienny komfort, atmosfer\u0119 wsp\u00f3lnych posi\u0142k\u00f3w i jako\u015b\u0107 sp\u0119dzanego razem czasu. Jadalnia to przecie\u017c co\u015b wi\u0119cej ni\u017c miejsce do jedzenia \u2013 to przestrze\u0144 spotka\u0144, rozm\u00f3w i rodzinnych rytua\u0142\u00f3w. A w jej centrum znajduje si\u0119 <a href=\"https:\/\/proplo.pl\/blog\/stol-do-jadalni-jak-go-wybrac-praktyczne-porady\/\">st\u00f3\u0142 do jadalni<\/a> \u2013 serce domu, wok\u00f3\u0142 kt\u00f3rego toczy si\u0119 \u017cycie.<\/p>\n\n\n\n<p>Zanim wybierzesz odpowiedni st\u00f3\u0142, warto zada\u0107 sobie kilka kluczowych pyta\u0144: Czy dysponujesz przestronn\u0105 jadalni\u0105, czy raczej niewielkim k\u0105cikiem przy kuchni? Jak cz\u0119sto przyjmujesz go\u015bci? Jakiego efektu wizualnego oczekujesz?<\/p>\n\n\n\n<p>W zale\u017cno\u015bci od odpowiedzi, mo\u017cesz rozwa\u017cy\u0107:<\/p>\n\n\n\n<ul class=\"wp-block-list\">\n<li><strong>Okr\u0105g\u0142y st\u00f3\u0142<\/strong> \u2013 idealny do mniejszych pomieszcze\u0144. Sprzyja rozmowie, bo ka\u017cdy widzi ka\u017cdego. Tworzy przytuln\u0105, domow\u0105 atmosfer\u0119.<\/li>\n\n\n\n<li><strong>St\u00f3\u0142 prostok\u0105tny<\/strong> \u2013 klasyczne rozwi\u0105zanie do wi\u0119kszych wn\u0119trz. Sprawdza si\u0119, gdy cz\u0119sto go\u015bcisz rodzin\u0119 lub przyjaci\u00f3\u0142. Zapewnia wi\u0119cej miejsca i prezentuje si\u0119 bardzo efektownie.<\/li>\n<\/ul>\n\n\n\n<p>Nie mniej wa\u017cne s\u0105 <strong>krzes\u0142a do jadalni<\/strong>. To one decyduj\u0105, czy przy stole zostaniesz na d\u0142u\u017cej, czy tylko na szybki posi\u0142ek. Wygoda to podstawa, ale nie zapominaj o stylu. Wyb\u00f3r odpowiednich krzese\u0142 mo\u017ce ca\u0142kowicie odmieni\u0107 charakter wn\u0119trza.<\/p>\n\n\n\n<p>Najpopularniejsze opcje to:<\/p>\n\n\n\n<ul class=\"wp-block-list\">\n<li><strong>Krzes\u0142a tapicerowane<\/strong> \u2013 dodaj\u0105 elegancji i mi\u0119kko\u015bci. \u015awietnie sprawdzaj\u0105 si\u0119 w klasycznych i nowoczesnych aran\u017cacjach.<\/li>\n\n\n\n<li><strong>Krzes\u0142a drewniane<\/strong> \u2013 wprowadzaj\u0105 ciep\u0142o i naturalno\u015b\u0107. Pasuj\u0105 do wn\u0119trz rustykalnych, skandynawskich i boho.<\/li>\n<\/ul>\n\n\n\n<p>Czasem wystarczy wymieni\u0107 same krzes\u0142a, by jadalnia zyska\u0142a zupe\u0142nie nowy charakter i \u015bwie\u017co\u015b\u0107.<\/p>\n\n\n\n<p>Najwa\u017cniejsze? Sp\u00f3jno\u015b\u0107. St\u00f3\u0142 i krzes\u0142a powinny tworzy\u0107 harmonijn\u0105 ca\u0142o\u015b\u0107 \u2013 zar\u00f3wno pod wzgl\u0119dem kolorystyki, jak i stylu. Zastan\u00f3w si\u0119, czy Twoja jadalnia to:<\/p>\n\n\n\n<ul class=\"wp-block-list\">\n<li>Minimalistyczna przestrze\u0144 \u2013 postaw na proste formy i stonowane barwy.<\/li>\n\n\n\n<li>Rustykalna oaza \u2013 wybierz naturalne materia\u0142y i ciep\u0142e odcienie drewna.<\/li>\n\n\n\n<li>Nowoczesne wn\u0119trze z nut\u0105 glamour \u2013 si\u0119gnij po po\u0142yskuj\u0105ce wyko\u0144czenia i eleganckie detale.<\/li>\n<\/ul>\n\n\n\n<p>Niezale\u017cnie od stylu, zadbaj o to, by meble wsp\u00f3\u0142gra\u0142y z klimatem ca\u0142ego domu. Pomy\u015bl: kt\u00f3re z nich sprawiaj\u0105, \u017ce z przyjemno\u015bci\u0105 siadasz do sto\u0142u ka\u017cdego dnia?<\/p>\n\n\n\n<figure class=\"wp-block-image size-full\"><a href=\"https:\/\/proplo.pl\/profile\/projekt-konieczny\/projekt\/klasyka-w-bezach-690\"><img loading=\"lazy\" decoding=\"async\" width=\"1200\" height=\"800\" src=\"https:\/\/proplo.pl\/blog\/wp-content\/uploads\/2025\/05\/jadalnia-w-domu-jak-zaaranzowac.png\" alt=\"Nowoczesna jadalnia z designerskim \u017cyrandolem, du\u017cym sto\u0142em jadalnianym, eleganckimi krzes\u0142ami, ro\u015blinami w doniczkach oraz du\u017cymi oknami wpuszczaj\u0105cymi naturalne \u015bwiat\u0142o\" class=\"wp-image-745\" srcset=\"https:\/\/proplo.pl\/blog\/wp-content\/uploads\/2025\/05\/jadalnia-w-domu-jak-zaaranzowac.png 1200w, https:\/\/proplo.pl\/blog\/wp-content\/uploads\/2025\/05\/jadalnia-w-domu-jak-zaaranzowac-300x200.png 300w, https:\/\/proplo.pl\/blog\/wp-content\/uploads\/2025\/05\/jadalnia-w-domu-jak-zaaranzowac-768x512.png 768w, https:\/\/proplo.pl\/blog\/wp-content\/uploads\/2025\/05\/jadalnia-w-domu-jak-zaaranzowac-1024x683.png 1024w, https:\/\/proplo.pl\/blog\/wp-content\/uploads\/2025\/05\/jadalnia-w-domu-jak-zaaranzowac-480x320.png 480w\" sizes=\"auto, (max-width: 1200px) 100vw, 1200px\" \/><\/a><figcaption class=\"wp-element-caption\">Projekt: <a href=\"https:\/\/proplo.pl\/profile\/projekt-konieczny\">Projekt Konieczny<\/a><\/figcaption><\/figure>\n\n\n\n<h2 class=\"wp-block-heading\">O\u015bwietlenie i dekoracje w jadalni<\/h2>\n\n\n\n<p>O\u015bwietlenie i dekoracje w jadalni to nie tylko kwestia estetyki \u2014 to elementy, kt\u00f3re buduj\u0105 atmosfer\u0119 i wp\u0142ywaj\u0105 na samopoczucie domownik\u00f3w oraz go\u015bci. Odpowiednio dobrane o\u015bwietlenie do jadalni potrafi ca\u0142kowicie odmieni\u0107 nastr\u00f3j wn\u0119trza \u2014 od romantycznych kolacji przy \u015bwiecach po energetyczne poranki w ciep\u0142ym \u015bwietle. Najcz\u0119\u015bciej centralnym punktem jest lampa zawieszona nad sto\u0142em, kt\u00f3ra nie tylko rozja\u015bnia przestrze\u0144, ale r\u00f3wnie\u017c przyci\u0105ga wzrok i podkre\u015bla styl aran\u017cacji \u2014 niezale\u017cnie, czy jest to wn\u0119trze loftowe, nowoczesne czy klasyczne.<\/p>\n\n\n\n<p>Dekoracje sto\u0142u odgrywaj\u0105 r\u00f3wnie istotn\u0105 rol\u0119. To one nadaj\u0105 wn\u0119trzu indywidualny charakter i sprawiaj\u0105, \u017ce przestrze\u0144 staje si\u0119 bardziej osobista. W zale\u017cno\u015bci od pory roku czy okazji, mo\u017cna si\u0119gn\u0105\u0107 po r\u00f3\u017cne elementy, kt\u00f3re w prosty spos\u00f3b odmieni\u0105 klimat jadalni:<\/p>\n\n\n\n<ul class=\"wp-block-list\">\n<li><strong>Lniane obrusy<\/strong> \u2014 dodaj\u0105 naturalno\u015bci i elegancji.<\/li>\n\n\n\n<li><strong>Ozdobne serwetki<\/strong> \u2014 wprowadzaj\u0105 kolor i wz\u00f3r.<\/li>\n\n\n\n<li><strong>\u015awieczniki<\/strong> \u2014 tworz\u0105 nastrojowe \u015bwiat\u0142o podczas wieczornych posi\u0142k\u00f3w.<\/li>\n\n\n\n<li><strong>Sezonowe bukiety kwiat\u00f3w<\/strong> \u2014 wnosz\u0105 \u015bwie\u017co\u015b\u0107 i lekko\u015b\u0107.<\/li>\n<\/ul>\n\n\n\n<p>Nawet prosty wazon z polnymi kwiatami mo\u017ce ca\u0142kowicie odmieni\u0107 przestrze\u0144, dodaj\u0105c jej uroku bez wi\u0119kszego wysi\u0142ku. To w\u0142a\u015bnie zmienno\u015b\u0107 i elastyczno\u015b\u0107 dekoracji sprawia, \u017ce jadalnia mo\u017ce z \u0142atwo\u015bci\u0105 dostosowa\u0107 si\u0119 do ka\u017cdej okazji.<\/p>\n\n\n\n<p>Aby osi\u0105gn\u0105\u0107 najlepszy efekt, warto zadba\u0107 o to, by <strong>o\u015bwietlenie i dekoracje sto\u0142u harmonizowa\u0142y z ca\u0142\u0105 aran\u017cacj\u0105 wn\u0119trza<\/strong>. Sp\u00f3jno\u015b\u0107 stylu sprawia, \u017ce jadalnia staje si\u0119 miejscem, do kt\u00f3rego chce si\u0119 wraca\u0107 \u2014 przestrzeni\u0105 sprzyjaj\u0105c\u0105 wsp\u00f3lnym posi\u0142kom, rozmowom i chwilom rado\u015bci.<\/p>\n\n\n\n<p>Zastan\u00f3w si\u0119: jakie \u015bwiat\u0142o najlepiej oddaje nastr\u00f3j Twojego wn\u0119trza? Jakie dodatki sprawiaj\u0105, \u017ce czujesz si\u0119 tam naprawd\u0119 u siebie? Bo to w\u0142a\u015bnie w jadalni cz\u0119sto toczy si\u0119 \u017cycie domu \u2014 przy stole, w\u015br\u00f3d bliskich, w atmosferze ciep\u0142a i blisko\u015bci.<\/p>\n\n\n\n<h2 class=\"wp-block-heading\">Wyko\u0144czenie i detale aran\u017cacyjne<\/h2>\n\n\n\n<p><strong>Detale wyko\u0144czeniowe i dekoracje w jadalni<\/strong> to nie tylko estetyczne dodatki \u2013 to elementy, kt\u00f3re nadaj\u0105 wn\u0119trzu charakter, buduj\u0105 atmosfer\u0119 i sprawiaj\u0105, \u017ce przestrze\u0144 staje si\u0119 naprawd\u0119 Twoja. Dobrze dobrane ozdoby powinny harmonizowa\u0107 z og\u00f3lnym stylem pomieszczenia, tworz\u0105c <strong>sp\u00f3jn\u0105, przytuln\u0105 i zapraszaj\u0105c\u0105 ca\u0142o\u015b\u0107<\/strong>.<\/p>\n\n\n\n<p>W\u015br\u00f3d popularnych dekoracji jadalni warto wyr\u00f3\u017cni\u0107:<\/p>\n\n\n\n<ul class=\"wp-block-list\">\n<li><strong>Obrazy i grafiki<\/strong> \u2013 nadaj\u0105 wn\u0119trzu indywidualny charakter i mog\u0105 nawi\u0105zywa\u0107 do osobistych wspomnie\u0144.<\/li>\n\n\n\n<li><strong>Panele \u015bcienne<\/strong> \u2013 w tym panele 3D, kt\u00f3re dodaj\u0105 g\u0142\u0119bi i nowoczesnego wyrazu.<\/li>\n\n\n\n<li><strong>Fototapety<\/strong> \u2013 pozwalaj\u0105 na stworzenie unikalnej atmosfery i personalizacj\u0119 przestrzeni.<\/li>\n<\/ul>\n\n\n\n<p><strong>\u015aciany w jadalni<\/strong> to doskona\u0142e miejsce do wyra\u017cenia w\u0142asnego stylu. Dekoracje \u015bcienne przyci\u0105gaj\u0105 wzrok, buduj\u0105 nastr\u00f3j i wprowadzaj\u0105 niepowtarzalny klimat. Przyk\u0142adowo:<\/p>\n\n\n\n<ul class=\"wp-block-list\">\n<li><strong>Obraz z podr\u00f3\u017cy<\/strong> \u2013 przywo\u0142uje wspomnienia i dodaje wn\u0119trzu duszy.<\/li>\n\n\n\n<li><strong>Panele 3D<\/strong> \u2013 wprowadzaj\u0105 dynamik\u0119 i \u015bwie\u017co\u015b\u0107, czyni\u0105c przestrze\u0144 bardziej nowoczesn\u0105.<\/li>\n<\/ul>\n\n\n\n<p>Nie zapominajmy jednak o funkcjonalno\u015bci. Jadalnia to miejsce codziennych posi\u0142k\u00f3w, dlatego dekoracje powinny by\u0107 \u0142atwe do utrzymania w czysto\u015bci i odporne na uszkodzenia. Zastan\u00f3w si\u0119, kt\u00f3re ozdoby najlepiej oddaj\u0105 klimat Twojej jadalni i sprawiaj\u0105, \u017ce chcesz w niej sp\u0119dza\u0107 ka\u017cd\u0105 woln\u0105 chwil\u0119.<\/p>\n\n\n\n<h3 class=\"wp-block-heading\">Pod\u0142oga w jadalni: trwa\u0142o\u015b\u0107 i estetyka<\/h3>\n\n\n\n<p><strong>Pod\u0142oga w jadalni<\/strong> to fundament aran\u017cacji \u2013 zar\u00f3wno w sensie dos\u0142ownym, jak i estetycznym. Wp\u0142ywa na komfort u\u017cytkowania, trwa\u0142o\u015b\u0107 oraz sp\u00f3jno\u015b\u0107 ca\u0142ego wn\u0119trza. Wybieraj\u0105c materia\u0142, warto kierowa\u0107 si\u0119 nie tylko wygl\u0105dem, ale przede wszystkim funkcjonalno\u015bci\u0105. <strong>\u0141atwo\u015b\u0107 czyszczenia i odporno\u015b\u0107 na zabrudzenia<\/strong> to kluczowe cechy w przestrzeni, gdzie spo\u017cywa si\u0119 posi\u0142ki.<\/p>\n\n\n\n<p>Dob\u00f3r odpowiedniego wyko\u0144czenia zale\u017cy od stylu \u017cycia domownik\u00f3w. Oto kilka popularnych rozwi\u0105za\u0144:<\/p>\n\n\n\n<ul class=\"wp-block-list\">\n<li><strong>Drewniana pod\u0142oga<\/strong> \u2013 wprowadza ciep\u0142o i elegancj\u0119, idealna do wn\u0119trz klasycznych i skandynawskich.<\/li>\n\n\n\n<li><strong>P\u0142ytki ceramiczne<\/strong> \u2013 praktyczne, \u0142atwe w utrzymaniu, odporne na wilgo\u0107 \u2013 \u015bwietne dla rodzin z dzie\u0107mi.<\/li>\n\n\n\n<li><strong>Dywan pod sto\u0142em<\/strong> \u2013 wyznacza stref\u0119 jadalnian\u0105 i dodaje przytulno\u015bci. Warto wybra\u0107 model \u0142atwy do odkurzenia i odporny na plamy.<\/li>\n<\/ul>\n\n\n\n<p><strong>Pod\u0142oga to nie tylko t\u0142o<\/strong> \u2013 to element, kt\u00f3ry mo\u017ce podkre\u015bli\u0107 styl ca\u0142ej aran\u017cacji. Wybierz rozwi\u0105zanie, kt\u00f3re najlepiej \u0142\u0105czy trwa\u0142o\u015b\u0107, estetyk\u0119 i codzienny komfort u\u017cytkowania.<\/p>\n\n\n\n<h3 class=\"wp-block-heading\">Dekoracje sezonowe: zmienno\u015b\u0107 i \u015bwie\u017co\u015b\u0107 wystroju<\/h3>\n\n\n\n<p><strong>Sezonowe dekoracje<\/strong> to szybki i efektowny spos\u00f3b na od\u015bwie\u017cenie jadalni \u2013 bez remontu i du\u017cych nak\u0142ad\u00f3w finansowych. Dzi\u0119ki nim <strong>jadalnia w salonie<\/strong> mo\u017ce zmienia\u0107 si\u0119 wraz z porami roku, \u015bwi\u0119tami czy nastrojem domownik\u00f3w. To doskona\u0142a okazja do eksperymentowania z kolorami, fakturami i dodatkami, kt\u00f3re wprowadzaj\u0105 now\u0105 energi\u0119 do wn\u0119trza.<\/p>\n\n\n\n<p>Przyk\u0142adowe inspiracje sezonowe:<\/p>\n\n\n\n<ul class=\"wp-block-list\">\n<li><strong>Wiosna<\/strong> \u2013 jasne barwy, \u015bwie\u017ce kwiaty, lekkie tkaniny \u2013 dodaj\u0105 przestrzeni lekko\u015bci i optymizmu.<\/li>\n\n\n\n<li><strong>Jesie\u0144<\/strong> \u2013 ciep\u0142e odcienie, naturalne materia\u0142y, \u015bwiece \u2013 tworz\u0105 przytulny klimat.<\/li>\n\n\n\n<li><strong>Zima<\/strong> \u2013 mi\u0119kkie pledy, \u015bwi\u0105teczne ozdoby, blask \u015bwiec \u2013 idealne na d\u0142ugie wieczory przy wsp\u00f3lnym stole.<\/li>\n<\/ul>\n\n\n\n<p>Sezonowe akcenty to nie tylko dekoracja \u2013 to spos\u00f3b na wyra\u017cenie siebie, swoich upodoba\u0144 i nastroju. Jakie elementy najlepiej oddaj\u0105 Tw\u00f3j styl? Co sprawia, \u017ce jadalnia staje si\u0119 miejscem, do kt\u00f3rego chcesz wraca\u0107 \u2013 niezale\u017cnie od pory roku?<\/p>\n\n\n\n<figure class=\"wp-block-image size-full\"><a href=\"https:\/\/proplo.pl\/profile\/art-tabor-design\/projekt\/salon-z-kuchnia-i-jadalnia-409\"><img loading=\"lazy\" decoding=\"async\" width=\"1200\" height=\"800\" src=\"https:\/\/proplo.pl\/blog\/wp-content\/uploads\/2025\/05\/jadalnia-jak-urzadzic.png\" alt=\"Jadalnia w stylu japandi z drewnianym sto\u0142em i ro\u015blinno\u015bci\u0105\" class=\"wp-image-744\" srcset=\"https:\/\/proplo.pl\/blog\/wp-content\/uploads\/2025\/05\/jadalnia-jak-urzadzic.png 1200w, https:\/\/proplo.pl\/blog\/wp-content\/uploads\/2025\/05\/jadalnia-jak-urzadzic-300x200.png 300w, https:\/\/proplo.pl\/blog\/wp-content\/uploads\/2025\/05\/jadalnia-jak-urzadzic-768x512.png 768w, https:\/\/proplo.pl\/blog\/wp-content\/uploads\/2025\/05\/jadalnia-jak-urzadzic-1024x683.png 1024w, https:\/\/proplo.pl\/blog\/wp-content\/uploads\/2025\/05\/jadalnia-jak-urzadzic-480x320.png 480w\" sizes=\"auto, (max-width: 1200px) 100vw, 1200px\" \/><\/a><figcaption class=\"wp-element-caption\">Projekt: <a href=\"https:\/\/proplo.pl\/profile\/art-tabor-design\">Art Tabor Design<\/a><\/figcaption><\/figure>\n\n\n\n<h2 class=\"wp-block-heading\">Inspiracje i pomys\u0142y na aran\u017cacj\u0119 jadalni<\/h2>\n\n\n\n<p>Urz\u0105dzanie jadalni to znacznie wi\u0119cej ni\u017c tylko wyb\u00f3r sto\u0142u i krzese\u0142. To okazja, by wyrazi\u0107 sw\u00f3j styl i stworzy\u0107 przestrze\u0144, kt\u00f3ra b\u0119dzie zar\u00f3wno funkcjonalna, jak i pe\u0142na charakteru. Inspiracje do aran\u017cacji jadalni mog\u0105 pochodzi\u0107 z wielu \u017ar\u00f3de\u0142 \u2013 od aktualnych trend\u00f3w wn\u0119trzarskich, przez ponadczasowe klasyki, a\u017c po wspomnienia z podr\u00f3\u017cy czy kontakt z natur\u0105. Warto podej\u015b\u0107 do tego procesu z otwartym umys\u0142em i nut\u0105 kreatywno\u015bci, bo jadalnia to nie tylko miejsce do spo\u017cywania posi\u0142k\u00f3w \u2013 to przestrze\u0144 spotka\u0144, rozm\u00f3w i wsp\u00f3lnego sp\u0119dzania czasu.<\/p>\n\n\n\n<p>Styl aran\u017cacji? Nie ma jednej w\u0142a\u015bciwej odpowiedzi. Mo\u017cesz wybra\u0107 ch\u0142odny minimalizm, kt\u00f3ry stawia na prostot\u0119 i harmoni\u0119, lub zdecydowa\u0107 si\u0119 na bardziej wyrazisty klimat \u2013 np. glamour z b\u0142yszcz\u0105cymi akcentami, mi\u0119kkimi tkaninami i eleganckimi detalami. Ka\u017cdy styl wnosi do wn\u0119trza co\u015b unikalnego. Oto kilka inspiruj\u0105cych przyk\u0142ad\u00f3w:<\/p>\n\n\n\n<ul class=\"wp-block-list\">\n<li><strong>Skandynawska lekko\u015b\u0107<\/strong> \u2013 jasne drewno, naturalne tkaniny, du\u017co \u015bwiat\u0142a. Idealna do codziennego relaksu i rodzinnych posi\u0142k\u00f3w.<\/li>\n\n\n\n<li><strong>Industrialna surowo\u015b\u0107<\/strong> \u2013 metal, beton, ceg\u0142a. Nadaje wn\u0119trzu mocny, zdecydowany charakter i nowoczesny sznyt.<\/li>\n\n\n\n<li><strong>Glamour<\/strong> \u2013 z\u0142ote akcenty, welurowe krzes\u0142a, kryszta\u0142owe lampy. Tworzy eleganck\u0105 i luksusow\u0105 atmosfer\u0119.<\/li>\n\n\n\n<li><strong>Rustykalna przytulno\u015b\u0107<\/strong> \u2013 ciep\u0142e drewno, lniane obrusy, ceramika. Wnosi do jadalni domowy, sielski klimat.<\/li>\n<\/ul>\n\n\n\n<p>A co, je\u015bli po\u0142\u0105czysz r\u00f3\u017cne style? Czasem to w\u0142a\u015bnie nieoczywiste zestawienia tworz\u0105 najbardziej zapadaj\u0105ce w pami\u0119\u0107 aran\u017cacje. Nowoczesny st\u00f3\u0142 z krzes\u0142ami w stylu vintage? Czemu nie. Klasyczna lampa nad sto\u0142em zestawiona z nowoczesnymi grafikami na \u015bcianie? To przepis na wn\u0119trze z dusz\u0105. Kontrasty o\u017cywiaj\u0105 przestrze\u0144 i sprawiaj\u0105, \u017ce jadalnia staje si\u0119 miejscem, do kt\u00f3rego chce si\u0119 wraca\u0107 \u2013 nie tylko na obiad, ale i na d\u0142ugie rozmowy przy kawie.<\/p>\n\n\n\n<p>Eksperymentuj z kolorami, fakturami i materia\u0142ami. Czasem to w\u0142a\u015bnie odwa\u017cne decyzje przynosz\u0105 najlepsze efekty. Nie b\u00f3j si\u0119 \u0142\u0105czy\u0107 styl\u00f3w, prze\u0142amywa\u0107 schematy i tworzy\u0107 przestrze\u0144, kt\u00f3ra b\u0119dzie odzwierciedleniem Twojej osobowo\u015bci. W jakim stylu widzisz swoj\u0105 jadalni\u0119? Mo\u017ce nadszed\u0142 czas na zmian\u0119, kt\u00f3ra sprawi, \u017ce stanie si\u0119 ona prawdziwym sercem Twojego domu?<\/p>\n\n\n\n<hr class=\"wp-block-separator has-alpha-channel-opacity\"\/>\n\n\n\n<p><strong>\u0179r\u00f3d\u0142a:<\/strong><\/p>\n\n\n<ol class=\"wp-block-footnotes\"><li id=\"7e5f6bcb-0b01-4918-9cba-d048f1ef0112\"><a href=\"http:\/\/archiwum.ciop.pl\/15838.html\">http:\/\/archiwum.ciop.pl\/15838.html<\/a> <a href=\"#7e5f6bcb-0b01-4918-9cba-d048f1ef0112-link\" aria-label=\"Przejd\u017a do przypisu 1\">\u21a9\ufe0e<\/a><\/li><\/ol>\n\n\n<p><\/p>\n","protected":false},"excerpt":{"rendered":"<p>Jadalnia powinna by\u0107 nie tylko \u0142adna, ale przede wszystkim wygodna i dopasowana do codziennego \u017cycia.<\/p>\n","protected":false},"author":3,"featured_media":741,"comment_status":"open","ping_status":"open","sticky":false,"template":"","format":"standard","meta":{"footnotes":"[{\"content\":\"<a href=\\\"http:\/\/archiwum.ciop.pl\/15838.html\\\">http:\/\/archiwum.ciop.pl\/15838.html<\/a>\",\"id\":\"7e5f6bcb-0b01-4918-9cba-d048f1ef0112\"}]"},"categories":[14],"tags":[],"class_list":["post-740","post","type-post","status-publish","format-standard","has-post-thumbnail","hentry","category-jadalnia"],"acf":[],"yoast_head":"<!-- This site is optimized with the Yoast SEO plugin v27.4 - https:\/\/yoast.com\/product\/yoast-seo-wordpress\/ -->\n<title>Aran\u017cacja jadalni \u2013 jak to zrobi\u0107? - Proplo<\/title>\n<meta name=\"description\" content=\"Aran\u017cacja jadalni to nie tylko kwestia estetyki \u2013 to przede wszystkim funkcjonalno\u015b\u0107 dopasowana do codziennego rytmu \u017cycia.\" \/>\n<meta name=\"robots\" content=\"index, follow, max-snippet:-1, max-image-preview:large, max-video-preview:-1\" \/>\n<link rel=\"canonical\" href=\"https:\/\/proplo.pl\/blog\/aranzacja-jadalni\/\" \/>\n<meta property=\"og:locale\" content=\"pl_PL\" \/>\n<meta property=\"og:type\" content=\"article\" \/>\n<meta property=\"og:title\" content=\"Aran\u017cacja jadalni \u2013 jak to zrobi\u0107? - Proplo\" \/>\n<meta property=\"og:description\" content=\"Aran\u017cacja jadalni to nie tylko kwestia estetyki \u2013 to przede wszystkim funkcjonalno\u015b\u0107 dopasowana do codziennego rytmu \u017cycia.\" \/>\n<meta property=\"og:url\" content=\"https:\/\/proplo.pl\/blog\/aranzacja-jadalni\/\" \/>\n<meta property=\"og:site_name\" content=\"Poradnik wn\u0119trzarski - Proplo\" \/>\n<meta property=\"article:published_time\" content=\"2025-05-22T20:13:39+00:00\" \/>\n<meta property=\"article:modified_time\" content=\"2025-05-22T20:13:40+00:00\" \/>\n<meta property=\"og:image\" content=\"https:\/\/proplo.pl\/blog\/wp-content\/uploads\/2025\/05\/aranzacja-jadalni.png\" \/>\n\t<meta property=\"og:image:width\" content=\"1200\" \/>\n\t<meta property=\"og:image:height\" content=\"800\" \/>\n\t<meta property=\"og:image:type\" content=\"image\/png\" \/>\n<meta name=\"author\" content=\"Proplo\" \/>\n<meta name=\"twitter:card\" content=\"summary_large_image\" \/>\n<meta name=\"twitter:label1\" content=\"Napisane przez\" \/>\n\t<meta name=\"twitter:data1\" content=\"Proplo\" \/>\n\t<meta name=\"twitter:label2\" content=\"Szacowany czas czytania\" \/>\n\t<meta name=\"twitter:data2\" content=\"21 minut\" \/>\n<script type=\"application\/ld+json\" class=\"yoast-schema-graph\">{\"@context\":\"https:\\\/\\\/schema.org\",\"@graph\":[{\"@type\":\"Article\",\"@id\":\"https:\\\/\\\/proplo.pl\\\/blog\\\/aranzacja-jadalni\\\/#article\",\"isPartOf\":{\"@id\":\"https:\\\/\\\/proplo.pl\\\/blog\\\/aranzacja-jadalni\\\/\"},\"author\":{\"name\":\"Proplo\",\"@id\":\"https:\\\/\\\/proplo.pl\\\/blog\\\/#\\\/schema\\\/person\\\/c13af99097d24e9fc2b86b838c0fd0e1\"},\"headline\":\"Aran\u017cacja jadalni \u2013 jak to zrobi\u0107?\",\"datePublished\":\"2025-05-22T20:13:39+00:00\",\"dateModified\":\"2025-05-22T20:13:40+00:00\",\"mainEntityOfPage\":{\"@id\":\"https:\\\/\\\/proplo.pl\\\/blog\\\/aranzacja-jadalni\\\/\"},\"wordCount\":3956,\"commentCount\":0,\"image\":{\"@id\":\"https:\\\/\\\/proplo.pl\\\/blog\\\/aranzacja-jadalni\\\/#primaryimage\"},\"thumbnailUrl\":\"https:\\\/\\\/proplo.pl\\\/blog\\\/wp-content\\\/uploads\\\/2025\\\/05\\\/aranzacja-jadalni.png\",\"articleSection\":[\"Jadalnia\"],\"inLanguage\":\"pl-PL\",\"potentialAction\":[{\"@type\":\"CommentAction\",\"name\":\"Comment\",\"target\":[\"https:\\\/\\\/proplo.pl\\\/blog\\\/aranzacja-jadalni\\\/#respond\"]}]},{\"@type\":\"WebPage\",\"@id\":\"https:\\\/\\\/proplo.pl\\\/blog\\\/aranzacja-jadalni\\\/\",\"url\":\"https:\\\/\\\/proplo.pl\\\/blog\\\/aranzacja-jadalni\\\/\",\"name\":\"Aran\u017cacja jadalni \u2013 jak to zrobi\u0107? - Proplo\",\"isPartOf\":{\"@id\":\"https:\\\/\\\/proplo.pl\\\/blog\\\/#website\"},\"primaryImageOfPage\":{\"@id\":\"https:\\\/\\\/proplo.pl\\\/blog\\\/aranzacja-jadalni\\\/#primaryimage\"},\"image\":{\"@id\":\"https:\\\/\\\/proplo.pl\\\/blog\\\/aranzacja-jadalni\\\/#primaryimage\"},\"thumbnailUrl\":\"https:\\\/\\\/proplo.pl\\\/blog\\\/wp-content\\\/uploads\\\/2025\\\/05\\\/aranzacja-jadalni.png\",\"datePublished\":\"2025-05-22T20:13:39+00:00\",\"dateModified\":\"2025-05-22T20:13:40+00:00\",\"author\":{\"@id\":\"https:\\\/\\\/proplo.pl\\\/blog\\\/#\\\/schema\\\/person\\\/c13af99097d24e9fc2b86b838c0fd0e1\"},\"description\":\"Aran\u017cacja jadalni to nie tylko kwestia estetyki \u2013 to przede wszystkim funkcjonalno\u015b\u0107 dopasowana do codziennego rytmu \u017cycia.\",\"breadcrumb\":{\"@id\":\"https:\\\/\\\/proplo.pl\\\/blog\\\/aranzacja-jadalni\\\/#breadcrumb\"},\"inLanguage\":\"pl-PL\",\"potentialAction\":[{\"@type\":\"ReadAction\",\"target\":[\"https:\\\/\\\/proplo.pl\\\/blog\\\/aranzacja-jadalni\\\/\"]}]},{\"@type\":\"ImageObject\",\"inLanguage\":\"pl-PL\",\"@id\":\"https:\\\/\\\/proplo.pl\\\/blog\\\/aranzacja-jadalni\\\/#primaryimage\",\"url\":\"https:\\\/\\\/proplo.pl\\\/blog\\\/wp-content\\\/uploads\\\/2025\\\/05\\\/aranzacja-jadalni.png\",\"contentUrl\":\"https:\\\/\\\/proplo.pl\\\/blog\\\/wp-content\\\/uploads\\\/2025\\\/05\\\/aranzacja-jadalni.png\",\"width\":1200,\"height\":800,\"caption\":\"Wn\u0119trze jadalni z drewnianym sto\u0142em, czarnymi krzes\u0142ami, ro\u015blinami i minimalistycznym wystrojem.\"},{\"@type\":\"BreadcrumbList\",\"@id\":\"https:\\\/\\\/proplo.pl\\\/blog\\\/aranzacja-jadalni\\\/#breadcrumb\",\"itemListElement\":[{\"@type\":\"ListItem\",\"position\":1,\"name\":\"Proplo\",\"item\":\"https:\\\/\\\/proplo.pl\"},{\"@type\":\"ListItem\",\"position\":2,\"name\":\"Poradnik wn\u0119trzarski\",\"item\":\"https:\\\/\\\/proplo.pl\\\/blog\\\/\"},{\"@type\":\"ListItem\",\"position\":3,\"name\":\"Aran\u017cacja jadalni \u2013 jak to zrobi\u0107?\"}]},{\"@type\":\"WebSite\",\"@id\":\"https:\\\/\\\/proplo.pl\\\/blog\\\/#website\",\"url\":\"https:\\\/\\\/proplo.pl\\\/blog\\\/\",\"name\":\"Blog Proplo\",\"description\":\"\",\"potentialAction\":[{\"@type\":\"SearchAction\",\"target\":{\"@type\":\"EntryPoint\",\"urlTemplate\":\"https:\\\/\\\/proplo.pl\\\/blog\\\/?s={search_term_string}\"},\"query-input\":{\"@type\":\"PropertyValueSpecification\",\"valueRequired\":true,\"valueName\":\"search_term_string\"}}],\"inLanguage\":\"pl-PL\"},{\"@type\":\"Person\",\"@id\":\"https:\\\/\\\/proplo.pl\\\/blog\\\/#\\\/schema\\\/person\\\/c13af99097d24e9fc2b86b838c0fd0e1\",\"name\":\"Proplo\",\"image\":{\"@type\":\"ImageObject\",\"inLanguage\":\"pl-PL\",\"@id\":\"https:\\\/\\\/secure.gravatar.com\\\/avatar\\\/176f908138148facd74b7d78fc677b53b24a54b63aacd8fc4e81a4da926e5f28?s=96&d=mm&r=g\",\"url\":\"https:\\\/\\\/secure.gravatar.com\\\/avatar\\\/176f908138148facd74b7d78fc677b53b24a54b63aacd8fc4e81a4da926e5f28?s=96&d=mm&r=g\",\"contentUrl\":\"https:\\\/\\\/secure.gravatar.com\\\/avatar\\\/176f908138148facd74b7d78fc677b53b24a54b63aacd8fc4e81a4da926e5f28?s=96&d=mm&r=g\",\"caption\":\"Proplo\"},\"url\":\"https:\\\/\\\/proplo.pl\\\/blog\\\/author\\\/r-marciniak\\\/\"}]}<\/script>\n<!-- \/ Yoast SEO plugin. -->","yoast_head_json":{"title":"Aran\u017cacja jadalni \u2013 jak to zrobi\u0107? - Proplo","description":"Aran\u017cacja jadalni to nie tylko kwestia estetyki \u2013 to przede wszystkim funkcjonalno\u015b\u0107 dopasowana do codziennego rytmu \u017cycia.","robots":{"index":"index","follow":"follow","max-snippet":"max-snippet:-1","max-image-preview":"max-image-preview:large","max-video-preview":"max-video-preview:-1"},"canonical":"https:\/\/proplo.pl\/blog\/aranzacja-jadalni\/","og_locale":"pl_PL","og_type":"article","og_title":"Aran\u017cacja jadalni \u2013 jak to zrobi\u0107? - Proplo","og_description":"Aran\u017cacja jadalni to nie tylko kwestia estetyki \u2013 to przede wszystkim funkcjonalno\u015b\u0107 dopasowana do codziennego rytmu \u017cycia.","og_url":"https:\/\/proplo.pl\/blog\/aranzacja-jadalni\/","og_site_name":"Poradnik wn\u0119trzarski - Proplo","article_published_time":"2025-05-22T20:13:39+00:00","article_modified_time":"2025-05-22T20:13:40+00:00","og_image":[{"width":1200,"height":800,"url":"https:\/\/proplo.pl\/blog\/wp-content\/uploads\/2025\/05\/aranzacja-jadalni.png","type":"image\/png"}],"author":"Proplo","twitter_card":"summary_large_image","twitter_misc":{"Napisane przez":"Proplo","Szacowany czas czytania":"21 minut"},"schema":{"@context":"https:\/\/schema.org","@graph":[{"@type":"Article","@id":"https:\/\/proplo.pl\/blog\/aranzacja-jadalni\/#article","isPartOf":{"@id":"https:\/\/proplo.pl\/blog\/aranzacja-jadalni\/"},"author":{"name":"Proplo","@id":"https:\/\/proplo.pl\/blog\/#\/schema\/person\/c13af99097d24e9fc2b86b838c0fd0e1"},"headline":"Aran\u017cacja jadalni \u2013 jak to zrobi\u0107?","datePublished":"2025-05-22T20:13:39+00:00","dateModified":"2025-05-22T20:13:40+00:00","mainEntityOfPage":{"@id":"https:\/\/proplo.pl\/blog\/aranzacja-jadalni\/"},"wordCount":3956,"commentCount":0,"image":{"@id":"https:\/\/proplo.pl\/blog\/aranzacja-jadalni\/#primaryimage"},"thumbnailUrl":"https:\/\/proplo.pl\/blog\/wp-content\/uploads\/2025\/05\/aranzacja-jadalni.png","articleSection":["Jadalnia"],"inLanguage":"pl-PL","potentialAction":[{"@type":"CommentAction","name":"Comment","target":["https:\/\/proplo.pl\/blog\/aranzacja-jadalni\/#respond"]}]},{"@type":"WebPage","@id":"https:\/\/proplo.pl\/blog\/aranzacja-jadalni\/","url":"https:\/\/proplo.pl\/blog\/aranzacja-jadalni\/","name":"Aran\u017cacja jadalni \u2013 jak to zrobi\u0107? - Proplo","isPartOf":{"@id":"https:\/\/proplo.pl\/blog\/#website"},"primaryImageOfPage":{"@id":"https:\/\/proplo.pl\/blog\/aranzacja-jadalni\/#primaryimage"},"image":{"@id":"https:\/\/proplo.pl\/blog\/aranzacja-jadalni\/#primaryimage"},"thumbnailUrl":"https:\/\/proplo.pl\/blog\/wp-content\/uploads\/2025\/05\/aranzacja-jadalni.png","datePublished":"2025-05-22T20:13:39+00:00","dateModified":"2025-05-22T20:13:40+00:00","author":{"@id":"https:\/\/proplo.pl\/blog\/#\/schema\/person\/c13af99097d24e9fc2b86b838c0fd0e1"},"description":"Aran\u017cacja jadalni to nie tylko kwestia estetyki \u2013 to przede wszystkim funkcjonalno\u015b\u0107 dopasowana do codziennego rytmu \u017cycia.","breadcrumb":{"@id":"https:\/\/proplo.pl\/blog\/aranzacja-jadalni\/#breadcrumb"},"inLanguage":"pl-PL","potentialAction":[{"@type":"ReadAction","target":["https:\/\/proplo.pl\/blog\/aranzacja-jadalni\/"]}]},{"@type":"ImageObject","inLanguage":"pl-PL","@id":"https:\/\/proplo.pl\/blog\/aranzacja-jadalni\/#primaryimage","url":"https:\/\/proplo.pl\/blog\/wp-content\/uploads\/2025\/05\/aranzacja-jadalni.png","contentUrl":"https:\/\/proplo.pl\/blog\/wp-content\/uploads\/2025\/05\/aranzacja-jadalni.png","width":1200,"height":800,"caption":"Wn\u0119trze jadalni z drewnianym sto\u0142em, czarnymi krzes\u0142ami, ro\u015blinami i minimalistycznym wystrojem."},{"@type":"BreadcrumbList","@id":"https:\/\/proplo.pl\/blog\/aranzacja-jadalni\/#breadcrumb","itemListElement":[{"@type":"ListItem","position":1,"name":"Proplo","item":"https:\/\/proplo.pl"},{"@type":"ListItem","position":2,"name":"Poradnik wn\u0119trzarski","item":"https:\/\/proplo.pl\/blog\/"},{"@type":"ListItem","position":3,"name":"Aran\u017cacja jadalni \u2013 jak to zrobi\u0107?"}]},{"@type":"WebSite","@id":"https:\/\/proplo.pl\/blog\/#website","url":"https:\/\/proplo.pl\/blog\/","name":"Blog Proplo","description":"","potentialAction":[{"@type":"SearchAction","target":{"@type":"EntryPoint","urlTemplate":"https:\/\/proplo.pl\/blog\/?s={search_term_string}"},"query-input":{"@type":"PropertyValueSpecification","valueRequired":true,"valueName":"search_term_string"}}],"inLanguage":"pl-PL"},{"@type":"Person","@id":"https:\/\/proplo.pl\/blog\/#\/schema\/person\/c13af99097d24e9fc2b86b838c0fd0e1","name":"Proplo","image":{"@type":"ImageObject","inLanguage":"pl-PL","@id":"https:\/\/secure.gravatar.com\/avatar\/176f908138148facd74b7d78fc677b53b24a54b63aacd8fc4e81a4da926e5f28?s=96&d=mm&r=g","url":"https:\/\/secure.gravatar.com\/avatar\/176f908138148facd74b7d78fc677b53b24a54b63aacd8fc4e81a4da926e5f28?s=96&d=mm&r=g","contentUrl":"https:\/\/secure.gravatar.com\/avatar\/176f908138148facd74b7d78fc677b53b24a54b63aacd8fc4e81a4da926e5f28?s=96&d=mm&r=g","caption":"Proplo"},"url":"https:\/\/proplo.pl\/blog\/author\/r-marciniak\/"}]}},"_links":{"self":[{"href":"https:\/\/proplo.pl\/blog\/wp-json\/wp\/v2\/posts\/740","targetHints":{"allow":["GET"]}}],"collection":[{"href":"https:\/\/proplo.pl\/blog\/wp-json\/wp\/v2\/posts"}],"about":[{"href":"https:\/\/proplo.pl\/blog\/wp-json\/wp\/v2\/types\/post"}],"author":[{"embeddable":true,"href":"https:\/\/proplo.pl\/blog\/wp-json\/wp\/v2\/users\/3"}],"replies":[{"embeddable":true,"href":"https:\/\/proplo.pl\/blog\/wp-json\/wp\/v2\/comments?post=740"}],"version-history":[{"count":2,"href":"https:\/\/proplo.pl\/blog\/wp-json\/wp\/v2\/posts\/740\/revisions"}],"predecessor-version":[{"id":750,"href":"https:\/\/proplo.pl\/blog\/wp-json\/wp\/v2\/posts\/740\/revisions\/750"}],"wp:featuredmedia":[{"embeddable":true,"href":"https:\/\/proplo.pl\/blog\/wp-json\/wp\/v2\/media\/741"}],"wp:attachment":[{"href":"https:\/\/proplo.pl\/blog\/wp-json\/wp\/v2\/media?parent=740"}],"wp:term":[{"taxonomy":"category","embeddable":true,"href":"https:\/\/proplo.pl\/blog\/wp-json\/wp\/v2\/categories?post=740"},{"taxonomy":"post_tag","embeddable":true,"href":"https:\/\/proplo.pl\/blog\/wp-json\/wp\/v2\/tags?post=740"}],"curies":[{"name":"wp","href":"https:\/\/api.w.org\/{rel}","templated":true}]}}