{"id":727,"date":"2025-05-18T12:33:05","date_gmt":"2025-05-18T11:33:05","guid":{"rendered":"https:\/\/proplo.pl\/blog\/?p=727"},"modified":"2025-05-18T13:13:23","modified_gmt":"2025-05-18T12:13:23","slug":"nowoczesna-pralnia-w-domu","status":"publish","type":"post","link":"https:\/\/proplo.pl\/blog\/nowoczesna-pralnia-w-domu\/","title":{"rendered":"Nowoczesna pralnia w domu \u2013 jak j\u0105 urz\u0105dzi\u0107 funkcjonalnie?"},"content":{"rendered":"<div class=\"you-find-content\">\r\n    <div class=\"container-xl container-wrapper\">\r\n        <div class=\"row design\">\r\n            <div class=\"col-md-12 wrapper \">\r\n                <div class=\"title\"><p>Z tego artyku\u0142u dowiesz si\u0119:<\/p>\n<\/div>\r\n                <div class=\"grid-wrapper\">\r\n                                                        <div class=\"block-list\">\r\n                        <div class=\"number\">\r\n                            1                        <\/div>\r\n                        <div class=\"text\">\r\n                            <p>Jakie miejsce w domu najlepiej nadaje si\u0119 na pralni\u0119?<\/p>\n                        <\/div>\r\n                    <\/div>\r\n                                        <div class=\"block-list\">\r\n                        <div class=\"number\">\r\n                            2                        <\/div>\r\n                        <div class=\"text\">\r\n                            <p>Jakie sprz\u0119ty AGD wybra\u0107 do nowoczesnej pralni?<\/p>\n                        <\/div>\r\n                    <\/div>\r\n                                        <div class=\"block-list\">\r\n                        <div class=\"number\">\r\n                            3                        <\/div>\r\n                        <div class=\"text\">\r\n                            <p>Jak ergonomicznie i wygodnie zorganizowa\u0107 przestrze\u0144 pralni?<\/p>\n                        <\/div>\r\n                    <\/div>\r\n                                        <div class=\"block-list\">\r\n                        <div class=\"number\">\r\n                            4                        <\/div>\r\n                        <div class=\"text\">\r\n                            <p>Jakie wyko\u0144czenia i akcesoria warto zastosowa\u0107 w pralni?<\/p>\n                        <\/div>\r\n                    <\/div>\r\n                                                    <\/div>\r\n            <\/div>\r\n        <\/div>\r\n    <\/div>\r\n<\/div>\n\n\n<p>Aby wyprasowa\u0107 sobie \u017cyciowy sukces, zacznij od zaplecza i urz\u0105d\u017a <strong>domow\u0105 pralni\u0119<\/strong>. Ten przewodnik przybli\u017cy Ci r\u00f3\u017cne aspekty aran\u017cacji nowoczesnej pralni: od wyboru lokalizacji, przez dob\u00f3r sprz\u0119t\u00f3w AGD, inteligentn\u0105 <strong>organizacj\u0119 przestrzeni pralni<\/strong>, po materia\u0142y wyko\u0144czeniowe i akcesoria. Naszym celem jest <strong>pralnia z funkcjonalnym uk\u0142adem<\/strong>. Urz\u0105dzenie pralni, to nie lada wyzwanie, ale nowoczesna technika i przemy\u015blana aran\u017cacja pomog\u0105 nam zapi\u0105\u0107 domowy porz\u0105dek na ostatni guzik.<\/p>\n\n\n\n<p>Podzielimy si\u0119 z Wami do\u015bwiadczeniami z korzystania z pomieszcze\u0144 gospodarczych w wi\u0119kszych mieszkaniach oraz w kawalerkach, gdzie ich brakowa\u0142o. Wniosek? Pralnia w strefie gospodarczej lub na poddaszu, a nawet <strong>ma\u0142a pralnia<\/strong> <strong>w niszy<\/strong> pozwoli nam zaoszcz\u0119dzi\u0107 wiele nerw\u00f3w. Zapraszamy na wycieczk\u0119, podczas kt\u00f3rej zaprezentujemy najwa\u017cniejsze wyposa\u017cenie pralni w domu jednorodzinnym oraz skuteczne i kompaktowe rozwi\u0105zania do pralni w mieszkaniu.<\/p>\n\n\n\n<h2 class=\"wp-block-heading\">Lokalizacja pralni w domu<\/h2>\n\n\n\n<p>Wyb\u00f3r miejsca na pralni\u0119 w domu to wa\u017cny aspekt logistyczny. W domu jednorodzinnym mamy wi\u0119ksze pole do manewru i mo\u017cemy popu\u015bci\u0107 wodze fantazji, aby <a target=\"_blank\" rel=\"noreferrer noopener\" href=\"https:\/\/proplo.pl\/projektant-wnetrz\/poznan\">zaprojektowa\u0107 estetyczn\u0105 pralni\u0119 domow\u0105<\/a>. Zanim jednak we\u017amiemy si\u0119 za <strong>design pralni domowej<\/strong>, musimy dobrze przemy\u015ble\u0107 jej lokalizacj\u0119:<\/p>\n\n\n\n<ul class=\"wp-block-list\">\n<li><strong>parter (blisko kuchni\/strefy dziennej):<\/strong> wygodne dla rodzin, poniewa\u017c mo\u017cemy dogl\u0105da\u0107 dzieci podczas codziennych obowi\u0105zk\u00f3w. Warto pomy\u015ble\u0107 o izolacji akustycznej lub cichszych urz\u0105dzeniach, je\u015bli zale\u017cy nam na ciszy. Usypianie dziecka w salonie mo\u017ce by\u0107 uci\u0105\u017cliwe, je\u015bli w pomieszczeniu obok ha\u0142asuje pralka;<\/li>\n\n\n\n<li><strong>pi\u0119tro lub poddasze (obok sypialni\/garderoby):<\/strong> polecamy ze wzgl\u0119du na ergonomi\u0119. <strong>Pralnia na poddaszu<\/strong> pozwoli szybko przerzuca\u0107 czyste ubrania do szaf, ale warto zainteresowa\u0107 si\u0119 izolacj\u0105 stropu;<\/li>\n\n\n\n<li><strong>piwnica:<\/strong> pralnia w piwnicy to tradycyjne miejsce na pomieszczenia u\u017cykowe, ale wymaga noszenia prania po schodach. Je\u015bli my\u015blimy o sp\u0119dzeniu emerytury w tym samym domu, ka\u017cda wspinaczka po schodach to kwestia do przemy\u015blenia. Zsyp na brudn\u0105 bielizn\u0119 mo\u017ce okaza\u0107 si\u0119 pomocny. Dobra <strong>wentylacja pralni<\/strong> i hydroizolacja pomieszczenia pomo\u017ce unikn\u0105\u0107 problem\u00f3w z wilgoci\u0105.<\/li>\n\n\n\n<li><strong>gara\u017c lub inne pomieszczenie gospodarcze (np. pralnia w kot\u0142owni):<\/strong> odizolujemy si\u0119 od cz\u0119\u015bci mieszkalnej, ale trzeba uwa\u017cnie przemy\u015ble\u0107 kwesti\u0119 izolacji termicznej i odprowadzania wilgoci. <strong>Pralnia z wyj\u015bciem na ogr\u00f3d<\/strong> jest praktyczna, je\u015bli planujemy <strong>suszenie prania<\/strong> na \u015bwie\u017cym powietrzu. Pralnia w pomieszczeniu gospodarczym to luksusowe rozwi\u0105zanie. kt\u00f3re zamieni dom w stref\u0119 relaksu.<\/li>\n<\/ul>\n\n\n\n<p><strong>Poprawna organizacja przestrzeni pralni<\/strong> to nie tylko meble. To kilometry krok\u00f3w z ci\u0119\u017ck\u0105 misk\u0105, kt\u00f3re b\u0119dziemy depta\u0107, je\u015bli \u017ale podejdziemy do tematu. <strong>Ergonomia w pralni<\/strong> oszcz\u0119dzi nam sporo czasu i zdrowia. Dobry <strong>projekt pralni<\/strong> uwzgl\u0119dni problemy ze schylaniem si\u0119 &#8211; na stare lata b\u0119dziemy b\u0142ogos\u0142awi\u0107 <a target=\"_blank\" rel=\"noreferrer noopener\" href=\"https:\/\/proplo.pl\/projektant-wnetrz\/gliwice\">architekta, kt\u00f3ry dostarczy\u0142 ergonomiczny <strong>design pralni domowej<\/strong><\/a>. Nawet <strong>pralnia w ma\u0142ej \u0142azience<\/strong>, dobrze rozplanowana, u\u0142atwi nam prac\u0119. Pami\u0119tajmy, \u017ce <strong>pralnia powinna mie\u0107<\/strong> przede wszystkim funkcjonalny charakter, bo nasza wygoda jest najwa\u017cniejsza. Urz\u0105dzaj\u0105c pralni\u0119 z wyj\u015bciem na ogr\u00f3d &#8211; u\u0142atwimy sobie suszenie prania na zewn\u0105trz i jednocze\u015bnie mo\u017cemy po\u0142\u0105czy\u0107 prace domowe z ucieczk\u0105 do ogr\u00f3dka.<\/p>\n\n\n\n<p>W<strong> mieszkaniu<\/strong>, szczeg\u00f3lnie ma\u0142ym organizacja domowej pralni jest punktem krytycznym. Pralnia w \u0142azience to cz\u0119sty wyb\u00f3r, wi\u0119c warto rozwa\u017cy\u0107 zabudow\u0119 pralki w s\u0142upku z suszark\u0105 lub pod blatem. <strong>Pralnia z p\u00f3\u0142kami na detergenty to tak\u017ce strza\u0142 w dziesi\u0105tk\u0119, bo wszystko mamy pod r\u0119k\u0105<\/strong>. Alternatyw\u0105 jest pralnia w kuchni, zintegrowana z zabudow\u0105, cho\u0107 trzeba uwa\u017ca\u0107 na ha\u0142as i zapachy &#8211; proszek do prania zwykle nie idzie w parze z jajecznic\u0105. Wi\u0119ksza przestrze\u0144 kuchni dzia\u0142a na wygodnicki plus. Ale osobna pralnia pozwala na wi\u0119ksz\u0105 swobod\u0119 i nie ryzykujemy przypadkowego zgubienia garnka w\u015br\u00f3d brudnych koszulek. Niewykorzystane wn\u0119ki czy schowki mog\u0105 pomie\u015bci\u0107 pralni\u0119 w niszy. <strong>Ale czy<\/strong> <strong>pralnia w ma\u0142ej przestrzeni to dobry pomys\u0142?<\/strong> Nawet 3-4 m\u00b2 wystarcz\u0105 na podstawowe urz\u0105dzenia domowej pralni. To co tygryski lubi\u0105 najbardziej to pralnia z dodatkowymi akcesoriami. Najlepsza wersja to <strong>pralnia z suszarni\u0105<\/strong>, na kt\u00f3r\u0105 powinni\u015bmy wygospodarowa\u0107 oko\u0142o 5-6 m\u00b2.<\/p>\n\n\n\n<p>Ka\u017cda pralnia powinna mie\u0107<strong> dost\u0119p do instalacji wodno-kanalizacyjnej i pr\u0105du,<\/strong> cho\u0107 s\u0105 jeszcze rozwi\u0105zania dla mi\u0142o\u015bnik\u00f3w rekonstrukcji historycznej i tych, kt\u00f3rzy wyj\u0105tkowo zadarli z konserwatorem zabytk\u00f3w. W starszych budynkach adaptacja mo\u017ce wi\u0105za\u0107 si\u0119 z kosztami, poniewa\u017c nie wszystkie domostwa mia\u0142y <a target=\"_blank\" rel=\"noreferrer noopener\" href=\"https:\/\/proplo.pl\/projektant-wnetrz\/katowice\">wsparcie profesjonalnego architekta<\/a>. Najistotniejszy imperatyw to <strong>wentylacja pralni.<\/strong> Pralnia z systemem wentylacyjnym b\u0119dzi sucha i wolna od ple\u015bni. Je\u015bli nie chcemy s\u0142ucha\u0107 pralki ta\u0144cz\u0105cej jak TikTokowy influencer, mo\u017cemy zastosowa\u0107 podk\u0142adki antywibracyjne lub przenie\u015b\u0107 lub urz\u0105dzi\u0107 pralni\u0119 w osobnym pomieszczeniu. Czujesz si\u0119 wyj\u0105tkowo swobodnie? <strong>Pralnia w pomieszczeniu gospodarczym <\/strong><a target=\"_blank\" rel=\"noreferrer noopener\" href=\"https:\/\/proplo.pl\/projektant-wnetrz\/lodz\">pomo\u017ce ci zachowa\u0107 wi\u0119cej k\u0105t\u00f3w dla siebie<\/a>.<\/p>\n\n\n\n<figure class=\"wp-block-image size-full\"><a href=\"https:\/\/proplo.pl\/profile\/soft-studio\/projekt\/projekt-pralni-wiazowna-warszawa-157\"><img loading=\"lazy\" decoding=\"async\" width=\"1200\" height=\"800\" src=\"https:\/\/proplo.pl\/blog\/wp-content\/uploads\/2025\/05\/domowa-pralnia.png\" alt=\"Pralnia w stylu quiet luxury i soft minimalizm z vintage dodatkami.\" class=\"wp-image-732\" srcset=\"https:\/\/proplo.pl\/blog\/wp-content\/uploads\/2025\/05\/domowa-pralnia.png 1200w, https:\/\/proplo.pl\/blog\/wp-content\/uploads\/2025\/05\/domowa-pralnia-300x200.png 300w, https:\/\/proplo.pl\/blog\/wp-content\/uploads\/2025\/05\/domowa-pralnia-768x512.png 768w, https:\/\/proplo.pl\/blog\/wp-content\/uploads\/2025\/05\/domowa-pralnia-1024x683.png 1024w, https:\/\/proplo.pl\/blog\/wp-content\/uploads\/2025\/05\/domowa-pralnia-480x320.png 480w\" sizes=\"auto, (max-width: 1200px) 100vw, 1200px\" \/><\/a><figcaption class=\"wp-element-caption\">Projekt: <a href=\"https:\/\/proplo.pl\/profile\/soft-studio\">Soft Studio<\/a><\/figcaption><\/figure>\n\n\n\n<h2 class=\"wp-block-heading\">Kluczowe wyposa\u017cenie nowoczesnej pralni<\/h2>\n\n\n\n<p>Nowoczesne urz\u0105dzenia u\u0142atwiaj\u0105 prac\u0119, dbaj\u0105 o tkaniny i oszcz\u0119dzaj\u0105 pr\u0105d i wod\u0119. Oto <strong>najwa\u017cniejsze wyposa\u017cenie pralni<\/strong>.<\/p>\n\n\n\n<h3 class=\"wp-block-heading\">Pralka o du\u017cej pojemno\u015bci \u2013 oszcz\u0119dno\u015b\u0107 czasu i energii<\/h3>\n\n\n\n<p><strong>Pralka o du\u017cej pojemno\u015bci<\/strong>, od 9 do 10.5 kg, jest idealna dla wi\u0119kszych rodzin. Zwr\u00f3\u0107my uwag\u0119 na programy parowe (redukcja zagniece\u0144, higiena), sterowanie Wi-Fi, automatyczny dob\u00f3r parametr\u00f3w, a tak\u017ce technologie oszcz\u0119dzaj\u0105ce wod\u0119 i energi\u0119 &#8211; grosz do grosza, a b\u0119dzie kokosza! Mo\u017cliwo\u015b\u0107 dodawania ubra\u0144 w trakcie cyklu to ciekawa opcja dla zapominalskich, a nowoczesne silniki inwerterowe b\u0119d\u0105 o wiele cichsze ni\u017c stare rozwi\u0105zania. Nie zapomnijcie o sprawdzeniu wymiar\u00f3w przed zakupem!<\/p>\n\n\n\n<h3 class=\"wp-block-heading\">Suszarka b\u0119bnowa \u2013 szybkie i wygodne suszenie ubra\u0144<\/h3>\n\n\n\n<p>Suszarka b\u0119bnowa eliminuje konieczno\u015b\u0107 rozwieszania prania. Idealna pralnia do suszenia ubra\u0144 powinna by\u0107 wyposa\u017cona w taki sprz\u0119t, a szczyt ma\u017ce\u0144 to posiadanie <strong>pralni z automatyczn\u0105 suszark\u0105<\/strong>. Chyba wiele os\u00f3b znam scenariusz, w kt\u00f3rym w zimowym okresie studi\u00f3w, ma\u0142y pokoik zamienia\u0142 si\u0119 w suszarkowy labirynt. Krzywy druciak by\u0142 dopchni\u0119ty kolanem pomi\u0119dzy ma\u0142e \u0142\u00f3\u017cko, a biurko. Marzeniem tamtych czas\u00f3w by\u0142a pralnia do prasowania ubra\u0144, gdzie mo\u017cna \u0142atwo wyprasowa\u0107 i posegregowa\u0107 eleganckie koszule. <a target=\"_blank\" rel=\"noreferrer noopener\" href=\"https:\/\/proplo.pl\/projektant-wnetrz\/lublin\">Aran\u017cacja pralni domowej<\/a> koniecznie musi bra\u0107 pod uwag\u0119 jeden z tych sprz\u0119t\u00f3w:<\/p>\n\n\n\n<ul class=\"wp-block-list\">\n<li><strong>suszarki kondensacyjne:<\/strong> s\u0105 najpopularniejsze. Wilgo\u0107 zbierana jest w pojemniku lub odprowadzana do kanalizacji;<\/li>\n\n\n\n<li><strong>suszarki kondensacyjne z pomp\u0105 ciep\u0142a:<\/strong> najbardziej energooszcz\u0119dne, susz\u0105 w ni\u017cszych temperaturach, delikatniejsze dla tkanin. To cz\u0119sto element <strong>pralni z automatyczn\u0105 suszark\u0105<\/strong> wysokiej klasy;<\/li>\n\n\n\n<li><strong>suszarki ewakuacyjne:<\/strong> najoszcz\u0119dniejsze, ale wymagaj\u0105 pod\u0142\u0105czenia do kana\u0142u wentylacyjnego.<\/li>\n<\/ul>\n\n\n\n<p>Przy wyborze suszarki, jako jednego z urz\u0105dze\u0144 domowej pralni, <strong>zwr\u00f3\u0107my uwag\u0119 na pojemno\u015b\u0107 (dopasowan\u0105 do pralki), klas\u0119 energetyczn\u0105 (A+++), poziom ha\u0142asu, funkcje parowe, czujniki wilgotno\u015bci, o\u015bwietlenie b\u0119bna<\/strong>. Modele slim oszcz\u0119dzaj\u0105 miejsce. Wiele suszarek mo\u017cna postawi\u0107 na pralce za pomoc\u0105 \u0142\u0105cznika, kt\u00f3ry mo\u017ce pe\u0142ni\u0107 funkcj\u0119 p\u00f3\u0142ki &#8211; w ten spos\u00f3b pralnia w ma\u0142ej \u0142azience stanie si\u0119 wyj\u0105tkowo wydajna!<\/p>\n\n\n\n<h3 class=\"wp-block-heading\">Pralko-suszarka \u2013 rozwi\u0105zanie do ma\u0142ych przestrzeni<\/h3>\n\n\n\n<p>Urz\u0105dzenie 2w1, czyli <strong>pralko-suszarka<\/strong>, kusi oszcz\u0119dno\u015bci\u0105 miejsca. Gdy mamy ma\u0142\u0105 pralni\u0119 lub urz\u0105dzamy pralni\u0119 w ma\u0142ej przestrzeni, jest to rozwi\u0105zanie kompromisowe. Ponadto, cena bywa ni\u017csza ni\u017c dw\u00f3ch oddzielnych sprz\u0119t\u00f3w. Jednak pojemno\u015b\u0107 suszenia jest mniejsza ni\u017c prania (np. 10 kg prania vs 6 kg suszenia). Pe\u0142ny cykl trwa d\u0142u\u017cej, a niekt\u00f3re modele zu\u017cywaj\u0105 wod\u0119 do suszenia. <strong>To dobre rozwi\u0105zanie dla os\u00f3b z ograniczon\u0105 przestrzeni\u0105 pralni domowej lub pior\u0105cych ma\u0142e ilo\u015bci tkanin<\/strong>. U\u017cytkownik musi si\u0119 pilnowa\u0107, aby wysuszy\u0107 wszystkie ubrania i nie zapomnie\u0107 o &#8222;drugiej turze&#8221;.<\/p>\n\n\n\n<h2 class=\"wp-block-heading\">Organizacja przestrzeni w pralni<\/h2>\n\n\n\n<p>Przemy\u015blana organizacja domowej pralni to nic innego jak pralnia z funkcjonalnym uk\u0142adem.<\/p>\n\n\n\n<ul class=\"wp-block-list\">\n<li><strong>Pralnia z koszami na pranie:<\/strong> u\u0142atwia sortowanie! Brakuje skarpetek? Szybko wrzucamy troch\u0119 bielizny z wybranego kosza. Do<strong> pralni z koszami na pranie<\/strong> rozwa\u017cmy kosze wolnostoj\u0105ce lub w zabudowie (estetyczne!), a tak\u017ce nowoczesne systemy cargo. Zsyp na bielizn\u0119 to luksus w domach wielopoziomowych \u2013 tylko pilnujmy, by dzieci nie pomyli\u0142y go z koszem na \u015bmieci lub nie wys\u0142a\u0142y kota na kosmiczn\u0105 misj\u0119!<\/li>\n\n\n\n<li><strong>P\u00f3\u0142ki i szafki na detergenty:<\/strong> nieodzownym elementem ka\u017cdego czyszczenia s\u0105 proszki, p\u0142yny i inne chemikalia. Recept\u0105 na szybkie wype\u0142nianie obowi\u0105zk\u00f3w b\u0119dzie<strong> pralnia z p\u00f3\u0142kami na detergenty.<\/strong> Otwarte rega\u0142y u\u0142atwiaj\u0105 dost\u0119p, za\u015b zamykane szafki to kluczowy element bezpiecze\u0144stwa (tylko nie zgubcie tego klucza!). Estetyczne pojemniki na proszki to te\u017c element dekoracyjny. Przechowujmy detergenty w oryginalnych opakowaniach, szczeg\u00f3lnie je\u015bli w domu przebywaj\u0105 ma\u0142e dzieci. Projekt pralni powinien uwzgl\u0119dnia\u0107 przechowywanie chemii w suchym i ch\u0142odnym miejscu.<\/li>\n\n\n\n<li><strong>Blat roboczy:<\/strong> to serce pralni do sk\u0142adania ubra\u0144. Materia\u0142 blatu musi by\u0107 odporny na wilgo\u0107. <strong>Pralnia z blatem do sk\u0142adania ubra\u0144<\/strong> <strong>pozwoli upora\u0107 si\u0119 z wi\u0119kszo\u015bci\u0105 czynno\u015bci w jednym miejscu<\/strong>. Popularne s\u0105 blaty laminowane (ekonomiczne), kompaktowe HPL (bardzo trwa\u0142e), kompozytowe (nieporowate), kamienne (luksusowe), z konglomeratu kwarcowego (\u015bwietna alternatywa dla kamienia) i drewniane (wymagaj\u0105 impregnacji i cyklicznego monitorowania stanu drewna).<\/li>\n<\/ul>\n\n\n\n<p>Gdy wybierasz pralni\u0119 z blatem do sk\u0142adania ubra\u0144, pami\u0119taj, \u017ce musi by\u0107 on dostosowany pod ergonomi\u0119 cia\u0142a! <strong>Standardowa wysoko\u015b\u0107 to 85-95 cm, zgodnie z zasad\u0105: 10-15 cm poni\u017cej \u0142okcia zgi\u0119tego pod k\u0105tem 90 stopni<\/strong>. W razie w\u0105tpliwo\u015bci, <a target=\"_blank\" rel=\"noreferrer noopener\" href=\"https:\/\/proplo.pl\/projektant-wnetrz\/szczecin\">najlepiej jest poprosi\u0107 o pomoc profesjonalnego projektanta wn\u0119trz<\/a>, kt\u00f3ry obliczy odpowiedni\u0105 wysoko\u015b\u0107, wygodn\u0105 dla wszystkich domownik\u00f3w. W ten spos\u00f3b u\u0142atwimy sobie dzielenie si\u0119 obowi\u0105zkami.<\/p>\n\n\n\n<figure class=\"wp-block-image size-full\"><a href=\"https:\/\/proplo.pl\/profile\/normy\/projekt\/apartament-80m2-helenow-park-lodz-1661\"><img loading=\"lazy\" decoding=\"async\" width=\"1200\" height=\"800\" src=\"https:\/\/proplo.pl\/blog\/wp-content\/uploads\/2025\/05\/nowoczesna-domowa-pralnia.png\" alt=\"Pralnia z nowoczesnymi meblami i pralk\u0105, styl skandynawski\" class=\"wp-image-733\" srcset=\"https:\/\/proplo.pl\/blog\/wp-content\/uploads\/2025\/05\/nowoczesna-domowa-pralnia.png 1200w, https:\/\/proplo.pl\/blog\/wp-content\/uploads\/2025\/05\/nowoczesna-domowa-pralnia-300x200.png 300w, https:\/\/proplo.pl\/blog\/wp-content\/uploads\/2025\/05\/nowoczesna-domowa-pralnia-768x512.png 768w, https:\/\/proplo.pl\/blog\/wp-content\/uploads\/2025\/05\/nowoczesna-domowa-pralnia-1024x683.png 1024w, https:\/\/proplo.pl\/blog\/wp-content\/uploads\/2025\/05\/nowoczesna-domowa-pralnia-480x320.png 480w\" sizes=\"auto, (max-width: 1200px) 100vw, 1200px\" \/><\/a><figcaption class=\"wp-element-caption\">Projekt: <a href=\"https:\/\/proplo.pl\/profile\/normy\">NORMY<\/a><\/figcaption><\/figure>\n\n\n\n<h2 class=\"wp-block-heading\">Komfort i ergonomia w pralni<\/h2>\n\n\n\n<p>Odpowiednia <strong>wentylacja pralni<\/strong>, ogrzewanie i <strong>o\u015bwietlenie pralni<\/strong> to recepta na przyjemne \u015brodowisko pracy. O czym musimy pami\u0119ta\u0107?<\/p>\n\n\n\n<h3 class=\"wp-block-heading\">Wentylacja mechaniczna \u2013 jak zapobiega\u0107 wilgoci i ple\u015bni?<\/h3>\n\n\n\n<p>Syndrom chorego budynku to nie \u017carty! Zaopatrzmy si\u0119 w higrometr, czyli ma\u0142e urz\u0105dzenie, kt\u00f3re pomo\u017ce kontrolowa\u0107 wilgotno\u015b\u0107. Dzi\u0119ki jego poradom dobierzemy odpowiedni\u0105 wentylacj\u0119 pralni.<\/p>\n\n\n\n<ul class=\"wp-block-list\">\n<li><strong>Wentylacja naturalna (grawitacyjna):<\/strong> wystarczy otworzy\u0107 okno! Skuteczno\u015b\u0107 zale\u017cna b\u0119dzie od pogody.<\/li>\n\n\n\n<li><strong>Wentylacja mechaniczna:<\/strong> konieczna bez okna lub przy niewystarczaj\u0105cej wentylacji grawitacyjnej. Pralnia z systemem wentylacyjnym typu wyci\u0105gowego to efektywne i proste rozwi\u0105zanie.<\/li>\n\n\n\n<li><strong>Wentylacja mechaniczna z rekuperacj\u0105:<\/strong> odzyskuje ciep\u0142o, filtruje powietrze, obni\u017ca koszty ogrzewania. Jednostk\u0119 rekuperatora lepiej umie\u015bci\u0107 poza pralni\u0105.<\/li>\n<\/ul>\n\n\n\n<p>Brak wentylacji to dla grzyb\u00f3w to samo, co brak nadzoru w kuchni dla kota. Hyc, siedzi na g\u0142\u00f3wnym blacie i si\u0119ga po plaster w\u0119dzonki.<a target=\"_blank\" rel=\"noreferrer noopener\" href=\"https:\/\/proplo.pl\/projektant-wnetrz\/krakow\"> Warto zleci\u0107 wykonanie projektu profesjonali\u015bcie<\/a>, poniewa\u017c wentylacja robiona metod\u0105 \u201ezr\u00f3b-to-sam\u201d, sko\u0144czy si\u0119 ci\u0105g\u0142\u0105 wilgoci\u0105 w domu, co cz\u0119sto zdarza si\u0119 w starym budownictwie.<\/p>\n\n\n\n<h3 class=\"wp-block-heading\">Ogrzewanie pod\u0142ogowe \u2013 komfort cieplny i szybsze schni\u0119cie<\/h3>\n\n\n\n<p>Ogrzewanie pod\u0142ogowe w pralni to nie tylko ciep\u0142e st\u00f3pki, ale przede wszystkim praktyczne rozwi\u0105zanie wspomagaj\u0105ce walk\u0119 z wilgoci\u0105. Dost\u0119pne technologie to <strong>wodne ogrzewanie pod\u0142ogowe, zintegrowane z systemem centralnego ogrzewania lub elektryczne ogrzewanie pod\u0142ogowe w postaci mat lub kabli grzejnych, a tak\u017ce nowoczesnych folii grzewczych<\/strong>. Folie grzewcze s\u0105 cienkie, \u0142atwe w monta\u017cu pod p\u0142ytkami i mog\u0105 by\u0107 sterowane termostatami. W pomieszczeniach wilgotnych, takich jak oddzielna pralnia, przy instalacji folii grzewczych pod p\u0142ytkami zaleca si\u0119 wykonanie wylewki cementowej oraz odpowiedniej hydroizolacji. Maksymalna zalecana temperatura &#8222;pod\u0142og\u00f3wki&#8221; wynosi oko\u0142o +34\u00b0C. Pralnia w pomieszczeniu gospodarczym wymaga porz\u0105dnego suszenia!<\/p>\n\n\n\n<h3 class=\"wp-block-heading\">O\u015bwietlenie domowej pralni<\/h3>\n\n\n\n<p>Odpowiednie o\u015bwietlenie domowej pralni jest niezb\u0119dne dla komfortu i bezpiecze\u0144stwa pracy, szczeg\u00f3lnie je\u015bli jest to oddzielna pralnia bez dost\u0119pu do \u015bwiat\u0142a dziennego. <strong>Brak poprawnego o\u015bwietlenia ma wyra\u017cenie w p\u0142ynnej walucie, kt\u00f3r\u0105 jest ilo\u015b\u0107 wylanych \u0142ez po przypaleniu ulubionej bluzki \u017celazkiem<\/strong>. Je\u015bli nie chcemy ryzykowa\u0107 przyozdobienia r\u00f3\u017cowej marynarki czarno-br\u0105zowym tatua\u017cem, dobr\u0105 opcj\u0105 b\u0119dzie monta\u017c mocnego o\u015bwietlenia LEDowego w ka\u017cdym zak\u0105tku pomieszczenia gospodarczego.<\/p>\n\n\n\n<p>Jak poprawnie zaplanowa\u0107 o\u015bwietlenie pralni?<\/p>\n\n\n\n<ul class=\"wp-block-list\">\n<li><strong>O\u015bwietlenie og\u00f3lne (sufitowe): <\/strong>powinno zapewnia\u0107 r\u00f3wnomierne rozproszenie \u015bwiat\u0142a w ca\u0142ym pomieszczeniu; mog\u0105 to by\u0107 plafony, oprawy wpuszczane lub listwy LED.<\/li>\n\n\n\n<li><strong>O\u015bwietlenie zadaniowe (punktowe):<\/strong> do do\u015bwietlenia stref pracy, nad blatem roboczym. U\u0142atwia sortowanie, sk\u0142adanie ubra\u0144, usuwanie plam \u2013 mo\u017cna zastosowa\u0107 listwy LED pod szafkami wisz\u0105cymi lub kinkiety. Warto rozwa\u017cy\u0107 o\u015bwietlenie wn\u0119trza szaf, je\u015bli sprz\u0119ty s\u0105 zabudowane. W strefie prasowania poprawne o\u015bwietlenie pralni u\u0142atwi dostrzeganie zagniece\u0144, wi\u0119c szybciej zauwa\u017cymy, kiedy powinni\u015bmy przesta\u0107 dociska\u0107 materia\u0142 gor\u0105cym \u017celazkiem.<\/li>\n\n\n\n<li><strong>Barwa \u015bwiat\u0142a: <\/strong>zalecana jest neutralna lub ch\u0142odna. Takie o\u015bwietlenie dobrze odda kolory ubra\u0144 i pozwoli sprawdzi\u0107, czy plamy si\u0119 spra\u0142y. Jasne kolory \u015bcian i mebli, w po\u0142\u0105czeniu z dobrym o\u015bwietleniem, optycznie powi\u0119ksz\u0105 przestrze\u0144 i sprawi\u0105, \u017ce b\u0119dzie ja\u015bniejsza i bardziej przyjazna.<\/li>\n<\/ul>\n\n\n\n<h2 class=\"wp-block-heading\">Wyko\u0144czenie wn\u0119trza pralni<\/h2>\n\n\n\n<p>Pralnia z estetycznym wyko\u0144czeniem po\u0142\u0105czy najlepsze cechy odporno\u015bci z artystycznym wzornictwem. <strong>To pomieszczenie jest nara\u017cone na wilgotno\u015b\u0107, cz\u0119sty kontakt z wod\u0105, detergentami oraz zabrudzenia<\/strong>. Powierzchnie \u015bcian i pod\u0142\u00f3g musz\u0105 sprosta\u0107 wielu wyzwaniom, st\u0105d tak wa\u017cny jest dob\u00f3r wysokiej jako\u015bci materia\u0142\u00f3w wyko\u0144czeniowych do pralni.<\/p>\n\n\n\n<h3 class=\"wp-block-heading\">\u015aciany odporne na wilgo\u0107 \u2013 jakie materia\u0142y wybra\u0107?<\/h3>\n\n\n\n<p>Rynek oferuje coraz wi\u0119cej specjalistycznych produkt\u00f3w przeznaczonych do pomieszcze\u0144 mokrych. Warto zasi\u0119gn\u0105\u0107 porady u specjalisty, kt\u00f3ry doradzi najlepsze rozwi\u0105zania. <a target=\"_blank\" rel=\"noreferrer noopener\" href=\"https:\/\/proplo.pl\/projektant-wnetrz\/rzeszow\">Do\u015bwiadczony projektant podpowie<\/a>, kt\u00f3re nowinki rzeczywi\u015bcie si\u0119 sprawdzaj\u0105, a kt\u00f3re s\u0105 tylko marketingow\u0105 mydlin\u0105. Wyobra\u017a sobie taki scenariusz: ub\u0142ocone dziecko wraca z dworu i rzuca spodniami do kosza. Nie trafia, a bia\u0142a \u015bciana wygl\u0105da teraz jak parodia abstrakcyjnego obrazu Marka Rothko. Zanim zaczniesz krzycze\u0107 &#8211; zadzia\u0142aj zapobiegawczo! Jakie masz do wyboru materia\u0142y wyko\u0144czeniowe do pralni?<\/p>\n\n\n\n<ul class=\"wp-block-list\">\n<li><strong>P\u0142ytki ceramiczne (gres, terakota):<\/strong> najcz\u0119stszy wyb\u00f3r. Odporne, \u0142atwe w czyszczeniu. Mo\u017cna uk\u0142ada\u0107 na ca\u0142o\u015bci lub jako lamperi\u0119, a w przypadku terakoty: w ca\u0142\u0105 armi\u0119, je\u015bli masz bud\u017cet chi\u0144skiego cesarza!<\/li>\n\n\n\n<li><strong>Farby odporne na wilgo\u0107 (lateksowe, ceramiczne):<\/strong> dobra alternatywa lub uzupe\u0142nienie, odporne na wilgo\u0107 i szorowanie. Mo\u017cna je zastosowa\u0107 r\u00f3wnie\u017c do innych pomieszcze\u0144, np. w pomieszczeniu biurowym, kt\u00f3re \u0142apie wilgo\u0107 od piwnicy. Lateks poprawia odczyty higrometru.<\/li>\n\n\n\n<li><strong>Tapety z w\u0142\u00f3kna szklanego:<\/strong> s\u0105 bardzo trwa\u0142e, odporne na wilgo\u0107, uszkodzenia mechaniczne i szorowanie &#8211; mo\u017cna je wielokrotnie malowa\u0107 farbami odpornymi na wilgo\u0107.<\/li>\n\n\n\n<li><strong>Panele ze szk\u0142a hartowanego:<\/strong> g\u0142adka powierzchnia szk\u0142a jest \u0142atwa do utrzymania w czysto\u015bci, odporna na wilgo\u0107 i chemikalia. Panele szklane mog\u0105 by\u0107 transparentne, matowe lub z nadrukiem. Najcz\u0119\u015bciej stosuje si\u0119 je w strefie nad blatem lub zlewozmywakiem.<\/li>\n<\/ul>\n\n\n\n<h3 class=\"wp-block-heading\">Pod\u0142oga z p\u0142ytek ceramicznych \u2013 trwa\u0142o\u015b\u0107 i \u0142atwo\u015b\u0107 utrzymania czysto\u015bci<\/h3>\n\n\n\n<p>Pod\u0142oga w pralni musi by\u0107 przede wszystkim bezpieczna (antypo\u015blizgowa), odporna na wod\u0119, detergenty, ci\u0119\u017car urz\u0105dze\u0144 AGD oraz \u0142atwa w czyszczeniu.<\/p>\n\n\n\n<ul class=\"wp-block-list\">\n<li><strong>P\u0142ytki gresowe i terakotowe:<\/strong> najlepszy wyb\u00f3r to klasa \u015bcieralno\u015bci PEI 4-5, za\u015b wzor\u00f3w jest tak wiele, \u017ce b\u0119dzie w czym przebiera\u0107.<\/li>\n\n\n\n<li><strong>Posadzki \u017cywiczne:<\/strong> np. poliuretanowe, epoksydowe \u2013 tworz\u0105 g\u0142adk\u0105, bezspoinow\u0105 powierzchni\u0119. To \u015bwietne rozwi\u0105zanie dla pralni z estetycznym wyko\u0144czeniem. S\u0105 w pe\u0142ni wodoodporne, odporne na chemikalia i uszkodzenia mechaniczne; dost\u0119pne w szerokiej gamie kolor\u00f3w.<\/li>\n\n\n\n<li><strong>Impregnowany beton architektoniczny:<\/strong> nowoczesne rozwi\u0105zanie tworz\u0105ce bezspoinow\u0105, wodoodporn\u0105 powierzchni\u0119.<\/li>\n\n\n\n<li><strong>Wyk\u0142adzina PCV:<\/strong> tanie rozwi\u0105zanie, ale uwaga na kondensacj\u0119 pod spodem.<\/li>\n\n\n\n<li><strong>Panele (wodoodporne, winylowe):<\/strong> tylko specjalnie przeznaczone do wilgotnych pomieszcze\u0144.<\/li>\n\n\n\n<li><strong>Drewno naturalne:<\/strong> ryzykowne, wymaga gatunk\u00f3w egzotycznych i starannej impregnacji.<\/li>\n<\/ul>\n\n\n\n<p>Wyb\u00f3r materia\u0142\u00f3w wyko\u0144czeniowych do pralni to inwestycja, kt\u00f3ra powinna zapewni\u0107 <strong>estetyczny wygl\u0105d pralni <\/strong>na wiele lat. Z tego wzgl\u0119du <a target=\"_blank\" rel=\"noreferrer noopener\" href=\"https:\/\/proplo.pl\/projektant-wnetrz\/bialystok\">najlepiej poprosi\u0107 o pomoc specjalist\u0119<\/a>, kt\u00f3ry we\u017amie pod uwag\u0119 wiele czynnik\u00f3w \u2013 nie tylko tych ograniczonych do pralni. W starych domach cz\u0119sto pojawia si\u0119 problem z wilgoci\u0105 w pomieszczeniach, kt\u00f3re by\u0142o wy\u0142o\u017cone wyk\u0142adzin\u0105 PCV. Jej zadaniem cz\u0119sto by\u0142o zapewnienie wodoodporno\u015bci, np. w pomieszczeniu wej\u015bciowym, jednak zdarza\u0142o si\u0119, \u017ce zatrzymywa\u0142a mn\u00f3stwo wilgoci przenikaj\u0105cej z piwnicy znajduj\u0105cej si\u0119 poni\u017cej. Audyt i <a href=\"https:\/\/proplo.pl\/projektant-wnetrz\/lodz\">rekomendacje profesjonalnego architekta pomog\u0105<\/a> z pewno\u015bci\u0105 pomog\u0105 zidentyfikowa\u0107 i zniwelowa\u0107 problem z wilgotno\u015bci\u0105 uwi\u0119zion\u0105 pod gumolitem. Profesjonalny design pralni domowej uwzgl\u0119dni takie niuanse!<\/p>\n\n\n\n<figure class=\"wp-block-image size-full\"><a href=\"https:\/\/proplo.pl\/profile\/adrianna-stawska-projektowanie-wnetrz\/projekt\/piwnica-marzen-kino-silownia-i-strefa-relaksu-1154\"><img loading=\"lazy\" decoding=\"async\" width=\"1200\" height=\"800\" src=\"https:\/\/proplo.pl\/blog\/wp-content\/uploads\/2025\/05\/jak-urza\u0328dzic\u0301-nowoczesna\u0328-pralnie\u0328-w-domu.png\" alt=\"Pralnia z minimalistycznymi, nowoczesnymi szafkami i bia\u0142ymi sprz\u0119tami.\" class=\"wp-image-736\" srcset=\"https:\/\/proplo.pl\/blog\/wp-content\/uploads\/2025\/05\/jak-urza\u0328dzic\u0301-nowoczesna\u0328-pralnie\u0328-w-domu.png 1200w, https:\/\/proplo.pl\/blog\/wp-content\/uploads\/2025\/05\/jak-urza\u0328dzic\u0301-nowoczesna\u0328-pralnie\u0328-w-domu-300x200.png 300w, https:\/\/proplo.pl\/blog\/wp-content\/uploads\/2025\/05\/jak-urza\u0328dzic\u0301-nowoczesna\u0328-pralnie\u0328-w-domu-768x512.png 768w, https:\/\/proplo.pl\/blog\/wp-content\/uploads\/2025\/05\/jak-urza\u0328dzic\u0301-nowoczesna\u0328-pralnie\u0328-w-domu-1024x683.png 1024w, https:\/\/proplo.pl\/blog\/wp-content\/uploads\/2025\/05\/jak-urza\u0328dzic\u0301-nowoczesna\u0328-pralnie\u0328-w-domu-480x320.png 480w\" sizes=\"auto, (max-width: 1200px) 100vw, 1200px\" \/><\/a><figcaption class=\"wp-element-caption\">Projekt: <a href=\"https:\/\/proplo.pl\/profile\/adrianna-stawska-projektowanie-wnetrz\">Adrianna Stawska projektowanie wn\u0119trz<\/a><\/figcaption><\/figure>\n\n\n\n<h2 class=\"wp-block-heading\">Dodatkowe akcesoria do pralni<\/h2>\n\n\n\n<p>Dobrze dobrane <strong>akcesoria do pralni<\/strong> mog\u0105 znacz\u0105co u\u0142atwi\u0107 u\u017cytkowanie tego pomieszczenia. Tworz\u0105c <strong>pralni\u0119 z dodatkowymi akcesoriami<\/strong>, musimy pami\u0119ta\u0107, \u017ce to detale decyduj\u0105, czy pranie zrobimy nawet jedn\u0105 r\u0119k\u0105. <strong>Pralnia w ma\u0142ych domach<\/strong>, <a target=\"_blank\" rel=\"noreferrer noopener\" href=\"https:\/\/proplo.pl\/projektant-wnetrz\/bydgoszcz\">je\u015bli jest dobrze przemy\u015blana<\/a>, pozwoli nam na sprawne \u017conglowanie tkaninami.<\/p>\n\n\n\n<h3 class=\"wp-block-heading\">Zlewozmywak gospodarczy \u2013 do czego si\u0119 przydaje?<\/h3>\n\n\n\n<p><strong>Zlew gospodarczy<\/strong> to cz\u0119sto pomijany, a niezwykle przydatny element wyposa\u017cenia. Pralnia z umywalk\u0105 tego typu zyskuje na funkcjonalno\u015bci<strong>. Do prania r\u0119cznego, namaczania, czyszczenia but\u00f3w (dla mi\u0142o\u015bnik\u00f3w ps\u00f3w &#8211; ko\u0142dr\u0119 po b\u0142otnym spacerze szczeniaka \u0142atwiej wypra\u0107 w pralni z umywalk\u0105 ni\u017c w brodziku)<\/strong>. Popularne materia\u0142y to stal nierdzewna, ceramika, kompozyty i tworzywa sztuczne. Powinien by\u0107 g\u0142\u0119boki (min. 12-15 cm) i na odpowiedniej dla waszego wzrostu wysoko\u015bci.<\/p>\n\n\n\n<p>Jakie materia\u0142y s\u0105 najpopularniejsze?<\/p>\n\n\n\n<ul class=\"wp-block-list\">\n<li><strong>Stal nierdzewna:<\/strong> ze wzgl\u0119du na trwa\u0142o\u015b\u0107, odporno\u015b\u0107 na korozj\u0119, wysok\u0105 temperatur\u0119 i wi\u0119kszo\u015b\u0107 \u015brodk\u00f3w chemicznych. Pralnie z umywalk\u0105 tego typu s\u0105 higieniczne i \u0142atwe do czyszczenia.<\/li>\n\n\n\n<li><strong>Ceramika:<\/strong> jest elegancka, cho\u0107 mo\u017ce by\u0107 bardziej podatna na uszkodzenia mechaniczne.<\/li>\n\n\n\n<li><strong>Kompozyty:<\/strong> (np. granitowe, kwarcowe) s\u0105 odporne na uderzenia, zarysowania i wysok\u0105 temperatur\u0119; wyst\u0119puj\u0105 w r\u00f3\u017cnych kolorach.<\/li>\n\n\n\n<li><strong>Tworzywa sztuczne:<\/strong> (np. polipropylen) s\u0105 lekkie, nie straszne im chemikalia i wilgo\u0107, a niekt\u00f3rym modelom nawet mr\u00f3z i wrz\u0105tek.<\/li>\n<\/ul>\n\n\n\n<h3 class=\"wp-block-heading\">Deska do prasowania i \u017celazko parowe \u2013 niezb\u0119dne elementy wyposa\u017cenia pralni w domu<\/h3>\n\n\n\n<p>Je\u015bli metra\u017c pralni w ma\u0142ym domu na to pozwala, warto wygospodarowa\u0107 miejsce do prasowania:<\/p>\n\n\n\n<ul class=\"wp-block-list\">\n<li><strong>deski wolnostoj\u0105ce:<\/strong> s\u0105 stabilne i dost\u0119pne w r\u00f3\u017cnych rozmiarach i z r\u00f3\u017cnymi dodatkowymi funkcjami;<\/li>\n\n\n\n<li><strong>deski \u015bcienne (sk\u0142adane):<\/strong> oszcz\u0119dzaj\u0105 miejsce. Montuje si\u0119 je na sta\u0142e do \u015bciany lub sk\u0142ada, gdy nie s\u0105 u\u017cywane. Mog\u0105 by\u0107 dodatkowo ukryte w estetycznej obudowie lub za drzwiczkami szafki;<\/li>\n\n\n\n<li><strong>deski zintegrowane z meblami: <\/strong>zyskuj\u0105 na popularno\u015bci \u2013 chowane w specjalnej szufladzie, w szafie lub b\u0119d\u0105ce cz\u0119\u015bci\u0105 wi\u0119kszego systemu meblowego.<\/li>\n<\/ul>\n\n\n\n<p>Je\u015bli deska wolnostoj\u0105ca nie jest u\u017cywana na sta\u0142e, warto znale\u017a\u0107 jej jakie\u015b dyskretne miejsce.<\/p>\n\n\n\n<p>Pralnia do prasowania ubra\u0144 koniecznie musi by\u0107 wyposa\u017cona w jeden z tych sprz\u0119t\u00f3w:<\/p>\n\n\n\n<ul class=\"wp-block-list\">\n<li><strong>\u017celazko parowe:<\/strong> posiada zintegrowany zbiornik na wod\u0119 w korpusie, a para wytwarzana jest bezpo\u015brednio w stopie \u017celazka;<\/li>\n\n\n\n<li><strong>generator pary (stacja parowa<\/strong>): oferuje silniejszy wyrzut pary, skuteczniej radz\u0105c sobie z zagnieceniami.<\/li>\n<\/ul>\n\n\n\n<p>Poszukuj\u0105c \u017celazka lub generatora pary, przeanalizuj parametry urz\u0105dze\u0144. Najwa\u017cniejsza jest <strong>moc<\/strong>, od kt\u00f3rej zale\u017cy szybko\u015b\u0107 nagrzewania si\u0119 i wydajno\u015b\u0107. W przypadku generator\u00f3w pary wa\u017cnym wska\u017anikiem jest <strong>ci\u015bnienie pary<\/strong>, determinuj\u0105ce jej si\u0142\u0119 przenikania w g\u0142\u0105b tkanin. Istotna jest tak\u017ce <strong>pojemno\u015b\u0107 zbiornika na wod\u0119<\/strong>, wp\u0142ywaj\u0105ca na czas pracy oraz <strong>rodzaj stopy<\/strong> \u017celazka, od kt\u00f3rego zale\u017cy po\u015blizg i odporno\u015b\u0107 na zarysowania. System antywapienny przed\u0142u\u017cy \u017cywotno\u015b\u0107 urz\u0105dzenia, a tryb ECO pozwoli na oszcz\u0119dno\u015b\u0107 energii.<\/p>\n\n\n\n<h3 class=\"wp-block-heading\">Suszarka sufitowa \u2013 oszcz\u0119dno\u015b\u0107 miejsca w pralni<\/h3>\n\n\n\n<p>Nawet je\u015bli dysponujemy suszark\u0105 b\u0119bnow\u0105, <strong>tradycyjna suszarka wci\u0105\u017c b\u0119dzie pomocna przy suszeniu delikatnych tkanin<\/strong>. Suszarki sufitowe, czy to manualne, czy elektryczne, gwarantuj\u0105 oszcz\u0119dno\u015b\u0107 miejsca; po z\u0142o\u017ceniu staj\u0105 si\u0119 niemal niewidoczne, co jest wa\u017cne w ma\u0142ych pomieszczeniach. R\u00f3wnie efektywnie przestrze\u0144 pozwalaj\u0105 zaoszcz\u0119dzi\u0107 suszarki \u015bcienne harmonijkowe lub linkowe.<\/p>\n\n\n\n<p>Suszarki pionowe (wie\u017cowe) \u015bwietnie sprawdzaj\u0105 si\u0119 w niewielkich mieszkaniach, kabinach prysznicowych oraz w pralniach z koszami na pranie, u\u0142atwiaj\u0105c zarz\u0105dzanie przestrzeni\u0105. Na wi\u0119kszym metra\u017cu suszarki poziome (skrzyd\u0142owe) umo\u017cliwi\u0105 jednoczesne suszenie kilku wsad\u00f3w prania. Uniwersalnym rozwi\u0105zaniem pozostaj\u0105 suszarki stoj\u0105ce, obejmuj\u0105ce zar\u00f3wno warianty poziome-skrzyd\u0142owe, jak i pionowo-wie\u017cowe. Warto jednak zwr\u00f3ci\u0107 uwag\u0119 na jako\u015b\u0107 wykonania \u2013 tanie, plastikowe elementy szybko ulegaj\u0105 zu\u017cyciu.<\/p>\n\n\n\n<p><strong>Przeczytaj r\u00f3wnie\u017c:<\/strong><\/p>\n\n\n\n<p><a target=\"_blank\" rel=\"noreferrer noopener\" href=\"https:\/\/proplo.pl\/blog\/oswietlenie-salonu\/\"><strong>O\u015bwietlenie salonu &#8211; jak stworzy\u0107 funkcjonalne i stylowe wn\u0119trze<\/strong><\/a><\/p>\n\n\n\n<p><a target=\"_blank\" rel=\"noreferrer noopener\" href=\"https:\/\/proplo.pl\/blog\/drewniane-wnetrza\/\"><strong>Drewniane wn\u0119trze p styl materia\u0142y i aran\u017cacje<\/strong><\/a><\/p>\n\n\n\n<p><a target=\"_blank\" rel=\"noreferrer noopener\" href=\"https:\/\/proplo.pl\/blog\/jak-rozjasnic-ciemny-pokoj\/\"><strong>Jak rozja\u015bni\u0107 ciemny pok\u00f3j \u2013 skuteczne techniki i aran\u017cacyjne triki<\/strong><\/a><\/p>\n\n\n\n<hr class=\"wp-block-separator has-alpha-channel-opacity\"\/>\n\n\n\n<p><strong>\u0179r\u00f3d\u0142a:<\/strong><\/p>\n\n\n\n\n\n<p><\/p>\n","protected":false},"excerpt":{"rendered":"<p>Urz\u0105dzenie pralni, to nie lada wyzwanie, ale nowoczesna technika i przemy\u015blana aran\u017cacja pomog\u0105 nam zapi\u0105\u0107 domowy porz\u0105dek na ostatni guzik.<\/p>\n","protected":false},"author":3,"featured_media":728,"comment_status":"open","ping_status":"open","sticky":false,"template":"","format":"standard","meta":{"footnotes":"[]"},"categories":[15],"tags":[],"class_list":["post-727","post","type-post","status-publish","format-standard","has-post-thumbnail","hentry","category-inne"],"acf":[],"yoast_head":"<!-- This site is optimized with the Yoast SEO plugin v27.5 - https:\/\/yoast.com\/product\/yoast-seo-wordpress\/ -->\n<title>Nowoczesna pralnia w domu - Aran\u017cacja pralni - Proplo<\/title>\n<meta name=\"description\" content=\"Nowoczesna pralnia w domu? Zastanawiasz si\u0119 jak zaaran\u017cowa\u0107 swoj\u0105 przestrze\u0144 na domow\u0105 pralni\u0119? Wszystkiego dowiesz si\u0119 na Proplo.pl\" \/>\n<meta name=\"robots\" content=\"index, follow, max-snippet:-1, max-image-preview:large, max-video-preview:-1\" \/>\n<link rel=\"canonical\" href=\"https:\/\/proplo.pl\/blog\/nowoczesna-pralnia-w-domu\/\" \/>\n<meta property=\"og:locale\" content=\"pl_PL\" \/>\n<meta property=\"og:type\" content=\"article\" \/>\n<meta property=\"og:title\" content=\"Nowoczesna pralnia w domu - Aran\u017cacja pralni - Proplo\" \/>\n<meta property=\"og:description\" content=\"Nowoczesna pralnia w domu? Zastanawiasz si\u0119 jak zaaran\u017cowa\u0107 swoj\u0105 przestrze\u0144 na domow\u0105 pralni\u0119? Wszystkiego dowiesz si\u0119 na Proplo.pl\" \/>\n<meta property=\"og:url\" content=\"https:\/\/proplo.pl\/blog\/nowoczesna-pralnia-w-domu\/\" \/>\n<meta property=\"og:site_name\" content=\"Poradnik wn\u0119trzarski - Proplo\" \/>\n<meta property=\"article:published_time\" content=\"2025-05-18T11:33:05+00:00\" \/>\n<meta property=\"article:modified_time\" content=\"2025-05-18T12:13:23+00:00\" \/>\n<meta property=\"og:image\" content=\"https:\/\/proplo.pl\/blog\/wp-content\/uploads\/2025\/05\/nowoczesna-pralnia-w-domu.png\" \/>\n\t<meta property=\"og:image:width\" content=\"1200\" \/>\n\t<meta property=\"og:image:height\" content=\"800\" \/>\n\t<meta property=\"og:image:type\" content=\"image\/png\" \/>\n<meta name=\"author\" content=\"Proplo\" \/>\n<meta name=\"twitter:card\" content=\"summary_large_image\" \/>\n<meta name=\"twitter:label1\" content=\"Napisane przez\" \/>\n\t<meta name=\"twitter:data1\" content=\"Proplo\" \/>\n\t<meta name=\"twitter:label2\" content=\"Szacowany czas czytania\" \/>\n\t<meta name=\"twitter:data2\" content=\"18 minut\" \/>\n<script type=\"application\/ld+json\" class=\"yoast-schema-graph\">{\"@context\":\"https:\\\/\\\/schema.org\",\"@graph\":[{\"@type\":\"Article\",\"@id\":\"https:\\\/\\\/proplo.pl\\\/blog\\\/nowoczesna-pralnia-w-domu\\\/#article\",\"isPartOf\":{\"@id\":\"https:\\\/\\\/proplo.pl\\\/blog\\\/nowoczesna-pralnia-w-domu\\\/\"},\"author\":{\"name\":\"Proplo\",\"@id\":\"https:\\\/\\\/proplo.pl\\\/blog\\\/#\\\/schema\\\/person\\\/c13af99097d24e9fc2b86b838c0fd0e1\"},\"headline\":\"Nowoczesna pralnia w domu \u2013 jak j\u0105 urz\u0105dzi\u0107 funkcjonalnie?\",\"datePublished\":\"2025-05-18T11:33:05+00:00\",\"dateModified\":\"2025-05-18T12:13:23+00:00\",\"mainEntityOfPage\":{\"@id\":\"https:\\\/\\\/proplo.pl\\\/blog\\\/nowoczesna-pralnia-w-domu\\\/\"},\"wordCount\":3379,\"commentCount\":0,\"image\":{\"@id\":\"https:\\\/\\\/proplo.pl\\\/blog\\\/nowoczesna-pralnia-w-domu\\\/#primaryimage\"},\"thumbnailUrl\":\"https:\\\/\\\/proplo.pl\\\/blog\\\/wp-content\\\/uploads\\\/2025\\\/05\\\/nowoczesna-pralnia-w-domu.png\",\"articleSection\":[\"Inne\"],\"inLanguage\":\"pl-PL\",\"potentialAction\":[{\"@type\":\"CommentAction\",\"name\":\"Comment\",\"target\":[\"https:\\\/\\\/proplo.pl\\\/blog\\\/nowoczesna-pralnia-w-domu\\\/#respond\"]}]},{\"@type\":\"WebPage\",\"@id\":\"https:\\\/\\\/proplo.pl\\\/blog\\\/nowoczesna-pralnia-w-domu\\\/\",\"url\":\"https:\\\/\\\/proplo.pl\\\/blog\\\/nowoczesna-pralnia-w-domu\\\/\",\"name\":\"Nowoczesna pralnia w domu - Aran\u017cacja pralni - Proplo\",\"isPartOf\":{\"@id\":\"https:\\\/\\\/proplo.pl\\\/blog\\\/#website\"},\"primaryImageOfPage\":{\"@id\":\"https:\\\/\\\/proplo.pl\\\/blog\\\/nowoczesna-pralnia-w-domu\\\/#primaryimage\"},\"image\":{\"@id\":\"https:\\\/\\\/proplo.pl\\\/blog\\\/nowoczesna-pralnia-w-domu\\\/#primaryimage\"},\"thumbnailUrl\":\"https:\\\/\\\/proplo.pl\\\/blog\\\/wp-content\\\/uploads\\\/2025\\\/05\\\/nowoczesna-pralnia-w-domu.png\",\"datePublished\":\"2025-05-18T11:33:05+00:00\",\"dateModified\":\"2025-05-18T12:13:23+00:00\",\"author\":{\"@id\":\"https:\\\/\\\/proplo.pl\\\/blog\\\/#\\\/schema\\\/person\\\/c13af99097d24e9fc2b86b838c0fd0e1\"},\"description\":\"Nowoczesna pralnia w domu? Zastanawiasz si\u0119 jak zaaran\u017cowa\u0107 swoj\u0105 przestrze\u0144 na domow\u0105 pralni\u0119? Wszystkiego dowiesz si\u0119 na Proplo.pl\",\"breadcrumb\":{\"@id\":\"https:\\\/\\\/proplo.pl\\\/blog\\\/nowoczesna-pralnia-w-domu\\\/#breadcrumb\"},\"inLanguage\":\"pl-PL\",\"potentialAction\":[{\"@type\":\"ReadAction\",\"target\":[\"https:\\\/\\\/proplo.pl\\\/blog\\\/nowoczesna-pralnia-w-domu\\\/\"]}]},{\"@type\":\"ImageObject\",\"inLanguage\":\"pl-PL\",\"@id\":\"https:\\\/\\\/proplo.pl\\\/blog\\\/nowoczesna-pralnia-w-domu\\\/#primaryimage\",\"url\":\"https:\\\/\\\/proplo.pl\\\/blog\\\/wp-content\\\/uploads\\\/2025\\\/05\\\/nowoczesna-pralnia-w-domu.png\",\"contentUrl\":\"https:\\\/\\\/proplo.pl\\\/blog\\\/wp-content\\\/uploads\\\/2025\\\/05\\\/nowoczesna-pralnia-w-domu.png\",\"width\":1200,\"height\":800,\"caption\":\"Pralnia z minimalistycznymi, nowoczesnymi szafkami i bia\u0142ymi sprz\u0119tami.\"},{\"@type\":\"BreadcrumbList\",\"@id\":\"https:\\\/\\\/proplo.pl\\\/blog\\\/nowoczesna-pralnia-w-domu\\\/#breadcrumb\",\"itemListElement\":[{\"@type\":\"ListItem\",\"position\":1,\"name\":\"Proplo\",\"item\":\"https:\\\/\\\/proplo.pl\"},{\"@type\":\"ListItem\",\"position\":2,\"name\":\"Poradnik wn\u0119trzarski\",\"item\":\"https:\\\/\\\/proplo.pl\\\/blog\\\/\"},{\"@type\":\"ListItem\",\"position\":3,\"name\":\"Nowoczesna pralnia w domu \u2013 jak j\u0105 urz\u0105dzi\u0107 funkcjonalnie?\"}]},{\"@type\":\"WebSite\",\"@id\":\"https:\\\/\\\/proplo.pl\\\/blog\\\/#website\",\"url\":\"https:\\\/\\\/proplo.pl\\\/blog\\\/\",\"name\":\"Blog Proplo\",\"description\":\"\",\"potentialAction\":[{\"@type\":\"SearchAction\",\"target\":{\"@type\":\"EntryPoint\",\"urlTemplate\":\"https:\\\/\\\/proplo.pl\\\/blog\\\/?s={search_term_string}\"},\"query-input\":{\"@type\":\"PropertyValueSpecification\",\"valueRequired\":true,\"valueName\":\"search_term_string\"}}],\"inLanguage\":\"pl-PL\"},{\"@type\":\"Person\",\"@id\":\"https:\\\/\\\/proplo.pl\\\/blog\\\/#\\\/schema\\\/person\\\/c13af99097d24e9fc2b86b838c0fd0e1\",\"name\":\"Proplo\",\"image\":{\"@type\":\"ImageObject\",\"inLanguage\":\"pl-PL\",\"@id\":\"https:\\\/\\\/secure.gravatar.com\\\/avatar\\\/176f908138148facd74b7d78fc677b53b24a54b63aacd8fc4e81a4da926e5f28?s=96&d=mm&r=g\",\"url\":\"https:\\\/\\\/secure.gravatar.com\\\/avatar\\\/176f908138148facd74b7d78fc677b53b24a54b63aacd8fc4e81a4da926e5f28?s=96&d=mm&r=g\",\"contentUrl\":\"https:\\\/\\\/secure.gravatar.com\\\/avatar\\\/176f908138148facd74b7d78fc677b53b24a54b63aacd8fc4e81a4da926e5f28?s=96&d=mm&r=g\",\"caption\":\"Proplo\"},\"url\":\"https:\\\/\\\/proplo.pl\\\/blog\\\/author\\\/r-marciniak\\\/\"}]}<\/script>\n<!-- \/ Yoast SEO plugin. -->","yoast_head_json":{"title":"Nowoczesna pralnia w domu - Aran\u017cacja pralni - Proplo","description":"Nowoczesna pralnia w domu? Zastanawiasz si\u0119 jak zaaran\u017cowa\u0107 swoj\u0105 przestrze\u0144 na domow\u0105 pralni\u0119? Wszystkiego dowiesz si\u0119 na Proplo.pl","robots":{"index":"index","follow":"follow","max-snippet":"max-snippet:-1","max-image-preview":"max-image-preview:large","max-video-preview":"max-video-preview:-1"},"canonical":"https:\/\/proplo.pl\/blog\/nowoczesna-pralnia-w-domu\/","og_locale":"pl_PL","og_type":"article","og_title":"Nowoczesna pralnia w domu - Aran\u017cacja pralni - Proplo","og_description":"Nowoczesna pralnia w domu? Zastanawiasz si\u0119 jak zaaran\u017cowa\u0107 swoj\u0105 przestrze\u0144 na domow\u0105 pralni\u0119? Wszystkiego dowiesz si\u0119 na Proplo.pl","og_url":"https:\/\/proplo.pl\/blog\/nowoczesna-pralnia-w-domu\/","og_site_name":"Poradnik wn\u0119trzarski - Proplo","article_published_time":"2025-05-18T11:33:05+00:00","article_modified_time":"2025-05-18T12:13:23+00:00","og_image":[{"width":1200,"height":800,"url":"https:\/\/proplo.pl\/blog\/wp-content\/uploads\/2025\/05\/nowoczesna-pralnia-w-domu.png","type":"image\/png"}],"author":"Proplo","twitter_card":"summary_large_image","twitter_misc":{"Napisane przez":"Proplo","Szacowany czas czytania":"18 minut"},"schema":{"@context":"https:\/\/schema.org","@graph":[{"@type":"Article","@id":"https:\/\/proplo.pl\/blog\/nowoczesna-pralnia-w-domu\/#article","isPartOf":{"@id":"https:\/\/proplo.pl\/blog\/nowoczesna-pralnia-w-domu\/"},"author":{"name":"Proplo","@id":"https:\/\/proplo.pl\/blog\/#\/schema\/person\/c13af99097d24e9fc2b86b838c0fd0e1"},"headline":"Nowoczesna pralnia w domu \u2013 jak j\u0105 urz\u0105dzi\u0107 funkcjonalnie?","datePublished":"2025-05-18T11:33:05+00:00","dateModified":"2025-05-18T12:13:23+00:00","mainEntityOfPage":{"@id":"https:\/\/proplo.pl\/blog\/nowoczesna-pralnia-w-domu\/"},"wordCount":3379,"commentCount":0,"image":{"@id":"https:\/\/proplo.pl\/blog\/nowoczesna-pralnia-w-domu\/#primaryimage"},"thumbnailUrl":"https:\/\/proplo.pl\/blog\/wp-content\/uploads\/2025\/05\/nowoczesna-pralnia-w-domu.png","articleSection":["Inne"],"inLanguage":"pl-PL","potentialAction":[{"@type":"CommentAction","name":"Comment","target":["https:\/\/proplo.pl\/blog\/nowoczesna-pralnia-w-domu\/#respond"]}]},{"@type":"WebPage","@id":"https:\/\/proplo.pl\/blog\/nowoczesna-pralnia-w-domu\/","url":"https:\/\/proplo.pl\/blog\/nowoczesna-pralnia-w-domu\/","name":"Nowoczesna pralnia w domu - Aran\u017cacja pralni - Proplo","isPartOf":{"@id":"https:\/\/proplo.pl\/blog\/#website"},"primaryImageOfPage":{"@id":"https:\/\/proplo.pl\/blog\/nowoczesna-pralnia-w-domu\/#primaryimage"},"image":{"@id":"https:\/\/proplo.pl\/blog\/nowoczesna-pralnia-w-domu\/#primaryimage"},"thumbnailUrl":"https:\/\/proplo.pl\/blog\/wp-content\/uploads\/2025\/05\/nowoczesna-pralnia-w-domu.png","datePublished":"2025-05-18T11:33:05+00:00","dateModified":"2025-05-18T12:13:23+00:00","author":{"@id":"https:\/\/proplo.pl\/blog\/#\/schema\/person\/c13af99097d24e9fc2b86b838c0fd0e1"},"description":"Nowoczesna pralnia w domu? Zastanawiasz si\u0119 jak zaaran\u017cowa\u0107 swoj\u0105 przestrze\u0144 na domow\u0105 pralni\u0119? Wszystkiego dowiesz si\u0119 na Proplo.pl","breadcrumb":{"@id":"https:\/\/proplo.pl\/blog\/nowoczesna-pralnia-w-domu\/#breadcrumb"},"inLanguage":"pl-PL","potentialAction":[{"@type":"ReadAction","target":["https:\/\/proplo.pl\/blog\/nowoczesna-pralnia-w-domu\/"]}]},{"@type":"ImageObject","inLanguage":"pl-PL","@id":"https:\/\/proplo.pl\/blog\/nowoczesna-pralnia-w-domu\/#primaryimage","url":"https:\/\/proplo.pl\/blog\/wp-content\/uploads\/2025\/05\/nowoczesna-pralnia-w-domu.png","contentUrl":"https:\/\/proplo.pl\/blog\/wp-content\/uploads\/2025\/05\/nowoczesna-pralnia-w-domu.png","width":1200,"height":800,"caption":"Pralnia z minimalistycznymi, nowoczesnymi szafkami i bia\u0142ymi sprz\u0119tami."},{"@type":"BreadcrumbList","@id":"https:\/\/proplo.pl\/blog\/nowoczesna-pralnia-w-domu\/#breadcrumb","itemListElement":[{"@type":"ListItem","position":1,"name":"Proplo","item":"https:\/\/proplo.pl"},{"@type":"ListItem","position":2,"name":"Poradnik wn\u0119trzarski","item":"https:\/\/proplo.pl\/blog\/"},{"@type":"ListItem","position":3,"name":"Nowoczesna pralnia w domu \u2013 jak j\u0105 urz\u0105dzi\u0107 funkcjonalnie?"}]},{"@type":"WebSite","@id":"https:\/\/proplo.pl\/blog\/#website","url":"https:\/\/proplo.pl\/blog\/","name":"Blog Proplo","description":"","potentialAction":[{"@type":"SearchAction","target":{"@type":"EntryPoint","urlTemplate":"https:\/\/proplo.pl\/blog\/?s={search_term_string}"},"query-input":{"@type":"PropertyValueSpecification","valueRequired":true,"valueName":"search_term_string"}}],"inLanguage":"pl-PL"},{"@type":"Person","@id":"https:\/\/proplo.pl\/blog\/#\/schema\/person\/c13af99097d24e9fc2b86b838c0fd0e1","name":"Proplo","image":{"@type":"ImageObject","inLanguage":"pl-PL","@id":"https:\/\/secure.gravatar.com\/avatar\/176f908138148facd74b7d78fc677b53b24a54b63aacd8fc4e81a4da926e5f28?s=96&d=mm&r=g","url":"https:\/\/secure.gravatar.com\/avatar\/176f908138148facd74b7d78fc677b53b24a54b63aacd8fc4e81a4da926e5f28?s=96&d=mm&r=g","contentUrl":"https:\/\/secure.gravatar.com\/avatar\/176f908138148facd74b7d78fc677b53b24a54b63aacd8fc4e81a4da926e5f28?s=96&d=mm&r=g","caption":"Proplo"},"url":"https:\/\/proplo.pl\/blog\/author\/r-marciniak\/"}]}},"_links":{"self":[{"href":"https:\/\/proplo.pl\/blog\/wp-json\/wp\/v2\/posts\/727","targetHints":{"allow":["GET"]}}],"collection":[{"href":"https:\/\/proplo.pl\/blog\/wp-json\/wp\/v2\/posts"}],"about":[{"href":"https:\/\/proplo.pl\/blog\/wp-json\/wp\/v2\/types\/post"}],"author":[{"embeddable":true,"href":"https:\/\/proplo.pl\/blog\/wp-json\/wp\/v2\/users\/3"}],"replies":[{"embeddable":true,"href":"https:\/\/proplo.pl\/blog\/wp-json\/wp\/v2\/comments?post=727"}],"version-history":[{"count":6,"href":"https:\/\/proplo.pl\/blog\/wp-json\/wp\/v2\/posts\/727\/revisions"}],"predecessor-version":[{"id":739,"href":"https:\/\/proplo.pl\/blog\/wp-json\/wp\/v2\/posts\/727\/revisions\/739"}],"wp:featuredmedia":[{"embeddable":true,"href":"https:\/\/proplo.pl\/blog\/wp-json\/wp\/v2\/media\/728"}],"wp:attachment":[{"href":"https:\/\/proplo.pl\/blog\/wp-json\/wp\/v2\/media?parent=727"}],"wp:term":[{"taxonomy":"category","embeddable":true,"href":"https:\/\/proplo.pl\/blog\/wp-json\/wp\/v2\/categories?post=727"},{"taxonomy":"post_tag","embeddable":true,"href":"https:\/\/proplo.pl\/blog\/wp-json\/wp\/v2\/tags?post=727"}],"curies":[{"name":"wp","href":"https:\/\/api.w.org\/{rel}","templated":true}]}}