{"id":695,"date":"2025-05-14T13:04:18","date_gmt":"2025-05-14T12:04:18","guid":{"rendered":"https:\/\/proplo.pl\/blog\/?p=695"},"modified":"2025-05-16T10:14:47","modified_gmt":"2025-05-16T09:14:47","slug":"jak-rozjasnic-ciemny-pokoj","status":"publish","type":"post","link":"https:\/\/proplo.pl\/blog\/jak-rozjasnic-ciemny-pokoj\/","title":{"rendered":"Jak rozja\u015bni\u0107 ciemny pok\u00f3j &#8211; skuteczne techniki i aran\u017cacyjne triki"},"content":{"rendered":"<div class=\"you-find-content\">\r\n    <div class=\"container-xl container-wrapper\">\r\n        <div class=\"row design\">\r\n            <div class=\"col-md-12 wrapper \">\r\n                <div class=\"title\"><p>Z tego artyku\u0142u dowiesz si\u0119:<\/p>\n<\/div>\r\n                <div class=\"grid-wrapper\">\r\n                                                        <div class=\"block-list\">\r\n                        <div class=\"number\">\r\n                            1                        <\/div>\r\n                        <div class=\"text\">\r\n                            <p>Jakie kolory, meble i dodatki pomagaj\u0105 rozja\u015bni\u0107 ciemne wn\u0119trze?<\/p>\n                        <\/div>\r\n                    <\/div>\r\n                                        <div class=\"block-list\">\r\n                        <div class=\"number\">\r\n                            2                        <\/div>\r\n                        <div class=\"text\">\r\n                            <p>Jak dobra\u0107 i rozmie\u015bci\u0107 o\u015bwietlenie, by pok\u00f3j wydawa\u0142 si\u0119 ja\u015bniejszy?<\/p>\n                        <\/div>\r\n                    <\/div>\r\n                                        <div class=\"block-list\">\r\n                        <div class=\"number\">\r\n                            3                        <\/div>\r\n                        <div class=\"text\">\r\n                            <p>Jakie b\u0142\u0119dy aran\u017cacyjne pot\u0119guj\u0105 wra\u017cenie ciemno\u015bci?<\/p>\n                        <\/div>\r\n                    <\/div>\r\n                                        <div class=\"block-list\">\r\n                        <div class=\"number\">\r\n                            4                        <\/div>\r\n                        <div class=\"text\">\r\n                            <p>Jak bez remontu optycznie powi\u0119kszy\u0107 i roz\u015bwietli\u0107 przestrze\u0144?<\/p>\n                        <\/div>\r\n                    <\/div>\r\n                                                    <\/div>\r\n            <\/div>\r\n        <\/div>\r\n    <\/div>\r\n<\/div>\n\n\n<h1 class=\"wp-block-heading\">Jak rozja\u015bni\u0107 ciemny pok\u00f3j: skuteczne techniki i aran\u017cacyjne triki<\/h1>\n\n\n\n<p>Czy Tw\u00f3j pok\u00f3j przypomina ciemn\u0105 jaskini\u0119? Nie jeste\u015b sam \u2014 wiele os\u00f3b boryka si\u0119 z problemem zbyt ciemnych wn\u0119trz. Takie przestrzenie mog\u0105 przyt\u0142acza\u0107, sprawiaj\u0105c wra\u017cenie mniejszych, ch\u0142odniejszych i mniej przyjaznych.<\/p>\n\n\n\n<p><strong>Dobra wiadomo\u015b\u0107: nie musisz przeprowadza\u0107 generalnego remontu<\/strong>, aby to zmieni\u0107. Wystarczy kilka prostych, ale skutecznych trik\u00f3w aran\u017cacyjnych. Jasne kolory, odpowiednie <a href=\"https:\/\/proplo.pl\/blog\/oswietlenie-salonu\/\">o\u015bwietlenie<\/a> i lekka, przemy\u015blana kompozycja wn\u0119trza potrafi\u0105 ca\u0142kowicie odmieni\u0107 jego charakter.<\/p>\n\n\n\n<p><strong>Efekt? Nie tylko ja\u015bniejsze i bardziej przestronne pomieszczenie<\/strong>, ale tak\u017ce lepsze samopoczucie i wi\u0119kszy komfort na co dzie\u0144. Gotowy na ma\u0142\u0105 rewolucj\u0119 w czterech \u015bcianach? Zaczynamy!<\/p>\n\n\n\n<h2 class=\"wp-block-heading\">Kluczowe zasady optycznego rozja\u015bniania wn\u0119trz<\/h2>\n\n\n\n<p>Rozja\u015bnianie wn\u0119trz to nie tylko kwestia estetyki \u2013 to spos\u00f3b na stworzenie przestrzeni, w kt\u00f3rej chce si\u0119 przebywa\u0107 ka\u017cdego dnia. Jasne kolory, takie jak biel, krem czy subtelne pastele, dzia\u0142aj\u0105 jak naturalne lustra \u2013 odbijaj\u0105 \u015bwiat\u0142o, optycznie powi\u0119kszaj\u0105c pomieszczenie i dodaj\u0105c mu lekko\u015bci.<\/p>\n\n\n\n<p>Jednak <strong>\u015bwiat\u0142o to nie tylko kolor \u015bcian<\/strong>. Cho\u0107 naturalne promienie s\u0142o\u0144ca s\u0105 bezcenne, warto je wspom\u00f3c dodatkowymi \u017ar\u00f3d\u0142ami \u015bwiat\u0142a. <strong>Ka\u017cde \u017ar\u00f3d\u0142o \u015bwiat\u0142a ma znaczenie<\/strong> \u2013 zw\u0142aszcza w pochmurne dni, gdy za oknem szaro. Warto rozwa\u017cy\u0107:<\/p>\n\n\n\n<ul class=\"wp-block-list\">\n<li><strong>Lamp\u0119 sufitow\u0105<\/strong> \u2013 jako g\u0142\u00f3wne \u017ar\u00f3d\u0142o \u015bwiat\u0142a w pomieszczeniu,<\/li>\n\n\n\n<li><strong>Kinkiety<\/strong> \u2013 do\u015bwietlaj\u0105ce \u015bciany i tworz\u0105ce przytulny klimat,<\/li>\n\n\n\n<li><strong>Ma\u0142e lampki sto\u0142owe<\/strong> \u2013 idealne do stref relaksu lub pracy.<\/li>\n<\/ul>\n\n\n\n<p>W kwestii dekoracji warto postawi\u0107 na umiar. <strong>Minimalizm pozwala \u015bwiat\u0142u swobodnie kr\u0105\u017cy\u0107<\/strong>, a wn\u0119trze zyskuje na przejrzysto\u015bci i harmonii.<\/p>\n\n\n\n<h3 class=\"wp-block-heading\">Dlaczego warto rozja\u015bni\u0107 ciemny pok\u00f3j?<\/h3>\n\n\n\n<p><strong>Bo to zmienia wszystko \u2013 nie tylko wygl\u0105d, ale i samopoczucie.<\/strong> Jasne wn\u0119trza poprawiaj\u0105 nastr\u00f3j, sprzyjaj\u0105 koncentracji i mog\u0105 \u0142agodzi\u0107 objawy sezonowej chandry. W ciemnych, przyt\u0142aczaj\u0105cych przestrzeniach \u0142atwiej o zm\u0119czenie i spadek energii.<\/p>\n\n\n\n<p>Je\u015bli <strong><a href=\"https:\/\/proplo.pl\/blog\/biuro-w-domu-jak-stworzyc-komfortowa-i-ergonomiczna-przestrzen-do-pracy\/\">pracujesz z domu<\/a><\/strong> lub Twoje dziecko sp\u0119dza wiele czasu w swoim pokoju, odpowiednie o\u015bwietlenie staje si\u0119 konieczno\u015bci\u0105, a nie luksusem. Korzy\u015bci s\u0105 oczywiste:<\/p>\n\n\n\n<ul class=\"wp-block-list\">\n<li><strong>Mniej zm\u0119czone oczy<\/strong> \u2013 lepszy komfort pracy i nauki,<\/li>\n\n\n\n<li><strong>Wi\u0119cej energii<\/strong> \u2013 \u015bwiat\u0142o wp\u0142ywa na poziom aktywno\u015bci,<\/li>\n\n\n\n<li><strong>Lepszy nastr\u00f3j<\/strong> \u2013 jasne otoczenie poprawia samopoczucie.<\/li>\n<\/ul>\n\n\n\n<p>Czasem wystarczy drobna zmiana \u2013 <strong>ci\u0119\u017ckie zas\u0142ony zamie\u0144 na lekkie firanki<\/strong>. Wi\u0119cej \u015bwiat\u0142a dziennego to lepszy klimat i przyjemniejsza atmosfera. Proste rozwi\u0105zania mog\u0105 przynie\u015b\u0107 spektakularne efekty.<\/p>\n\n\n\n<h3 class=\"wp-block-heading\">Jakie b\u0142\u0119dy pog\u0142\u0119biaj\u0105 wra\u017cenie ciemno\u015bci?<\/h3>\n\n\n\n<p><strong>\u0141atwo tu o wpadk\u0119 \u2013 to, co wygl\u0105da stylowo w katalogu, w rzeczywisto\u015bci mo\u017ce przyt\u0142acza\u0107.<\/strong> Ciemne \u015bciany, masywne meble i ci\u0119\u017ckie zas\u0142ony poch\u0142aniaj\u0105 \u015bwiat\u0142o, sprawiaj\u0105c, \u017ce pok\u00f3j wydaje si\u0119 mniejszy i mniej przyjazny.<\/p>\n\n\n\n<p>Przyk\u0142ad? Ciemnobr\u0105zowa kanapa w niewielkim salonie \u2013 cho\u0107 mo\u017ce wygl\u0105da\u0107 elegancko, w praktyce tworzy wra\u017cenie ciasnoty i przyt\u0142oczenia. Je\u015bli dodasz do tego:<\/p>\n\n\n\n<ul class=\"wp-block-list\">\n<li>mn\u00f3stwo bibelot\u00f3w,<\/li>\n\n\n\n<li>wzorzyste tkaniny,<\/li>\n\n\n\n<li>zagracone p\u00f3\u0142ki,<\/li>\n\n\n\n<li>brak sp\u00f3jno\u015bci kolorystycznej,<\/li>\n<\/ul>\n\n\n\n<p>\u2013 efekt to chaos i brak przestrzeni. Zamiast tego postaw na prostot\u0119 i lekko\u015b\u0107:<\/p>\n\n\n\n<ul class=\"wp-block-list\">\n<li><strong>Jasne meble<\/strong> \u2013 odbijaj\u0105 \u015bwiat\u0142o i optycznie powi\u0119kszaj\u0105 przestrze\u0144,<\/li>\n\n\n\n<li><strong>Lustra<\/strong> \u2013 pot\u0119guj\u0105 efekt \u015bwiat\u0142a dziennego,<\/li>\n\n\n\n<li><strong>Dodatki w neutralnych barwach<\/strong> \u2013 wprowadzaj\u0105 spok\u00f3j i harmoni\u0119.<\/li>\n<\/ul>\n\n\n\n<p><strong>To drobne zmiany, ale robi\u0105 ogromn\u0105 r\u00f3\u017cnic\u0119.<\/strong> Dzi\u0119ki nim Twoje wn\u0119trze nabierze przestrzeni, \u015bwiat\u0142a i \u015bwie\u017co\u015bci. A Ty? Po prostu poczujesz si\u0119 lepiej.<\/p>\n\n\n\n<figure class=\"wp-block-image size-full\"><a href=\"https:\/\/proplo.pl\/profile\/wnetrza-pl\/projekt\/dom-pod-wroclawiem-102?clickcount=748\"><img loading=\"lazy\" decoding=\"async\" width=\"1200\" height=\"800\" src=\"https:\/\/proplo.pl\/blog\/wp-content\/uploads\/2025\/05\/jak-rozjasnic-ciemne-pomieszczenie.png\" alt=\"Sypialnia z szarymi \u015bcianami, drewnianymi akcentami i nowoczesnym o\u015bwietleniem.\" class=\"wp-image-701\" srcset=\"https:\/\/proplo.pl\/blog\/wp-content\/uploads\/2025\/05\/jak-rozjasnic-ciemne-pomieszczenie.png 1200w, https:\/\/proplo.pl\/blog\/wp-content\/uploads\/2025\/05\/jak-rozjasnic-ciemne-pomieszczenie-300x200.png 300w, https:\/\/proplo.pl\/blog\/wp-content\/uploads\/2025\/05\/jak-rozjasnic-ciemne-pomieszczenie-768x512.png 768w, https:\/\/proplo.pl\/blog\/wp-content\/uploads\/2025\/05\/jak-rozjasnic-ciemne-pomieszczenie-1024x683.png 1024w, https:\/\/proplo.pl\/blog\/wp-content\/uploads\/2025\/05\/jak-rozjasnic-ciemne-pomieszczenie-480x320.png 480w\" sizes=\"auto, (max-width: 1200px) 100vw, 1200px\" \/><\/a><figcaption class=\"wp-element-caption\">Projekt: <a href=\"https:\/\/proplo.pl\/profile\/wnetrza-pl\">Wnetrza.pl<\/a><\/figcaption><\/figure>\n\n\n\n<h2 class=\"wp-block-heading\">Jakie kolory sprawdz\u0105 si\u0119 w ciemnych pomieszczeniach<\/h2>\n\n\n\n<p><strong>Kolory maj\u0105 ogromny wp\u0142yw na odbi\u00f3r przestrzeni i atmosfery wn\u0119trza.<\/strong> Jasne barwy \u2013 takie jak biel, \u00e9cru czy subtelne pastele \u2013 skutecznie odbijaj\u0105 \u015bwiat\u0142o, dzi\u0119ki czemu pomieszczenie wydaje si\u0119 wi\u0119ksze, ja\u015bniejsze i bardziej otwarte. Z kolei ciemniejsze odcienie poch\u0142aniaj\u0105 \u015bwiat\u0142o, co mo\u017ce prowadzi\u0107 do wra\u017cenia przyt\u0142oczenia i optycznego zmniejszenia przestrzeni.<\/p>\n\n\n\n<p><strong>Je\u015bli marzysz o wn\u0119trzu pe\u0142nym \u015bwiat\u0142a i przestrzeni, postaw na jasn\u0105 palet\u0119 kolorystyczn\u0105.<\/strong> Taki wyb\u00f3r nie tylko rozja\u015bni pomieszczenie, ale r\u00f3wnie\u017c doda mu lekko\u015bci, \u015bwie\u017co\u015bci i poczucia przestronno\u015bci, kt\u00f3re odczuwa si\u0119 ju\u017c od pierwszego kroku.<\/p>\n\n\n\n<h3 class=\"wp-block-heading\">Jasne kolory do ciemnego pokoju i ich dzia\u0142anie optyczne<\/h3>\n\n\n\n<p><strong>Jasne \u015bciany to sprawdzony spos\u00f3b na optyczne powi\u0119kszenie przestrzeni.<\/strong> Kolory takie jak biel, krem czy pastelowe odcienie skutecznie odbijaj\u0105 zar\u00f3wno \u015bwiat\u0142o naturalne, jak i sztuczne, co sprawia, \u017ce wn\u0119trze staje si\u0119 ja\u015bniejsze i bardziej przestronne.<\/p>\n\n\n\n<p>Aby wzmocni\u0107 ten efekt, warto si\u0119gn\u0105\u0107 po <strong>farby z satynowym lub per\u0142owym wyko\u0144czeniem<\/strong>. Subtelny po\u0142ysk dodaje g\u0142\u0119bi i elegancji, a \u015bciany zyskuj\u0105 dynamiczny wygl\u0105d, \u201e\u017cyj\u0105c\u201d w \u015bwietle. To doskona\u0142e rozwi\u0105zanie szczeg\u00f3lnie w <a href=\"https:\/\/proplo.pl\/blog\/maly-salon-w-bloku\/\">ma\u0142ych mieszkaniach<\/a>, gdzie ka\u017cdy centymetr przestrzeni ma znaczenie.<\/p>\n\n\n\n<h3 class=\"wp-block-heading\">Jakie kolory najlepiej rozja\u015bniaj\u0105 pok\u00f3j?<\/h3>\n\n\n\n<p>Oto sprawdzone kolory, kt\u00f3re skutecznie roz\u015bwietlaj\u0105 wn\u0119trze i wprowadzaj\u0105 do niego harmoni\u0119:<\/p>\n\n\n\n<ul class=\"wp-block-list\">\n<li><strong>Biel w r\u00f3\u017cnych tonacjach<\/strong> \u2013 klasyczna i uniwersalna, pasuje do ka\u017cdego stylu.<\/li>\n\n\n\n<li><strong>Jasny be\u017c<\/strong> \u2013 ciep\u0142y i przytulny, idealny do salon\u00f3w i sypialni.<\/li>\n\n\n\n<li><strong>Pudrowy r\u00f3\u017c<\/strong> \u2013 delikatny i romantyczny, \u015bwietny do pokoj\u00f3w dzieci\u0119cych i kobiecych wn\u0119trz.<\/li>\n\n\n\n<li><strong>Delikatny b\u0142\u0119kit<\/strong> \u2013 ch\u0142odny i uspokajaj\u0105cy, doskona\u0142y do \u0142azienek i sypialni.<\/li>\n<\/ul>\n\n\n\n<p>Te barwy nie tylko pi\u0119knie odbijaj\u0105 \u015bwiat\u0142o, ale r\u00f3wnie\u017c <strong>wprowadzaj\u0105 do wn\u0119trza spok\u00f3j, \u015bwie\u017co\u015b\u0107 i poczucie r\u00f3wnowagi<\/strong>. Je\u015bli chcesz doda\u0107 aran\u017cacji odrobiny blasku, wybierz <strong>farby z lekkim po\u0142yskiem lub drobinkami odbijaj\u0105cymi \u015bwiat\u0142o<\/strong>, np. z efektem brokatu. Taki detal potrafi zdzia\u0142a\u0107 cuda \u2013 doda\u0107 elegancji i subtelnego uroku.<\/p>\n\n\n\n<p><strong>Odpowiednio dobrana kolorystyka mo\u017ce ca\u0142kowicie odmieni\u0107 charakter wn\u0119trza<\/strong>, czyni\u0105c je bardziej przyjaznym, energetycznym i po prostu przyjemnym do \u017cycia.<\/p>\n\n\n\n<h3 class=\"wp-block-heading\">Jasne pod\u0142ogi jako element odbijaj\u0105cy \u015bwiat\u0142o<\/h3>\n\n\n\n<p><strong>Pod\u0142oga, podobnie jak \u015bciany, ma ogromny wp\u0142yw na jasno\u015b\u0107 wn\u0119trza.<\/strong> Jasne wyko\u0144czenia \u2013 takie jak bielony d\u0105b, jasne drewno czy be\u017cowe p\u0142ytki ceramiczne \u2013 skutecznie odbijaj\u0105 \u015bwiat\u0142o i optycznie powi\u0119kszaj\u0105 przestrze\u0144.<\/p>\n\n\n\n<p>To szczeg\u00f3lnie istotne w pomieszczeniach z ograniczonym dost\u0119pem do \u015bwiat\u0142a dziennego. <strong>Jasna pod\u0142oga mo\u017ce stanowi\u0107 dyskretne, ale bardzo efektywne t\u0142o<\/strong>, kt\u00f3re podkre\u015bli inne elementy wystroju i doda wn\u0119trzu lekko\u015bci.<\/p>\n\n\n\n<p><strong>Po\u0142\u0105czenie jasnej pod\u0142ogi z jasnymi \u015bcianami<\/strong> tworzy sp\u00f3jn\u0105, \u015bwietlist\u0105 aran\u017cacj\u0119, kt\u00f3ra sprzyja relaksowi i sprawia, \u017ce przebywanie w takim wn\u0119trzu staje si\u0119 prawdziw\u0105 przyjemno\u015bci\u0105.<\/p>\n\n\n\n<figure class=\"wp-block-image size-full\"><a href=\"https:\/\/proplo.pl\/profile\/demodesign\/projekt\/dom-w-stylu-loft-1729\"><img loading=\"lazy\" decoding=\"async\" width=\"1200\" height=\"800\" src=\"https:\/\/proplo.pl\/blog\/wp-content\/uploads\/2025\/05\/pomysly-na-rozjasnienie-ciemnych-wnetrz.png\" alt=\"Wn\u0119trze salonu w stylu industrialnym i soft minimalizm z ceglan\u0105 \u015bcian\u0105 i nowoczesnym o\u015bwietleniem.\" class=\"wp-image-703\" srcset=\"https:\/\/proplo.pl\/blog\/wp-content\/uploads\/2025\/05\/pomysly-na-rozjasnienie-ciemnych-wnetrz.png 1200w, https:\/\/proplo.pl\/blog\/wp-content\/uploads\/2025\/05\/pomysly-na-rozjasnienie-ciemnych-wnetrz-300x200.png 300w, https:\/\/proplo.pl\/blog\/wp-content\/uploads\/2025\/05\/pomysly-na-rozjasnienie-ciemnych-wnetrz-768x512.png 768w, https:\/\/proplo.pl\/blog\/wp-content\/uploads\/2025\/05\/pomysly-na-rozjasnienie-ciemnych-wnetrz-1024x683.png 1024w, https:\/\/proplo.pl\/blog\/wp-content\/uploads\/2025\/05\/pomysly-na-rozjasnienie-ciemnych-wnetrz-480x320.png 480w\" sizes=\"auto, (max-width: 1200px) 100vw, 1200px\" \/><\/a><figcaption class=\"wp-element-caption\">Projekt: <a href=\"https:\/\/proplo.pl\/profile\/demodesign\">Demodesign<\/a><\/figcaption><\/figure>\n\n\n\n<h2 class=\"wp-block-heading\">Rola \u015bwiat\u0142a w rozja\u015bnianiu ciemnych wn\u0119trz<\/h2>\n\n\n\n<p><strong>\u015awiat\u0142o potrafi ca\u0142kowicie odmieni\u0107 charakter wn\u0119trza<\/strong>. To nie tylko element dekoracyjny \u2014 odpowiednio dobrane o\u015bwietlenie wp\u0142ywa na nasz nastr\u00f3j, komfort oraz spos\u00f3b korzystania z przestrzeni. <strong>Ciemne pomieszczenia mog\u0105 zyska\u0107 nowe \u017cycie<\/strong>, je\u015bli zastosujemy w\u0142a\u015bciwe \u017ar\u00f3d\u0142a \u015bwiat\u0142a. Dzi\u0119ki nim mo\u017cemy osi\u0105gn\u0105\u0107 efekt jasno\u015bci, przytulno\u015bci i funkcjonalno\u015bci. Warto wi\u0119c si\u0119gn\u0105\u0107 po r\u00f3\u017cnorodne rozwi\u0105zania, kt\u00f3re wydob\u0119d\u0105 potencja\u0142 nawet z najbardziej zacienionych zak\u0105tk\u00f3w mieszkania.<\/p>\n\n\n\n<h3 class=\"wp-block-heading\">O\u015bwietlenie punktowe i jego rozmieszczenie<\/h3>\n\n\n\n<p><strong>O\u015bwietlenie punktowe to skuteczny spos\u00f3b na rozja\u015bnienie ciemnych pomieszcze\u0144<\/strong>. Polega na strategicznym rozmieszczeniu r\u00f3\u017cnych typ\u00f3w lamp \u2014 stoj\u0105cych, \u015bciennych i sufitowych \u2014 tak, aby \u015bwiat\u0142o trafia\u0142o dok\u0142adnie tam, gdzie jest najbardziej potrzebne.<\/p>\n\n\n\n<p>Przyk\u0142adowo, dobrze o\u015bwietlony k\u0105cik do czytania mo\u017ce sta\u0107 si\u0119 Twoim ulubionym miejscem na wiecz\u00f3r z ksi\u0105\u017ck\u0105. Kluczem jest <strong>r\u00f3wnomierne rozproszenie \u015bwiat\u0142a i jego skierowanie na konkretne strefy<\/strong>, takie jak:<\/p>\n\n\n\n<ul class=\"wp-block-list\">\n<li><strong>biurko<\/strong> \u2014 dla komfortu pracy i nauki,<\/li>\n\n\n\n<li><strong>sofa<\/strong> \u2014 dla relaksu i spotka\u0144 towarzyskich,<\/li>\n\n\n\n<li><strong>rega\u0142<\/strong> \u2014 dla podkre\u015blenia dekoracji i \u0142atwego dost\u0119pu do ksi\u0105\u017cek.<\/li>\n<\/ul>\n\n\n\n<p>Niech ka\u017cda przestrze\u0144 w Twoim domu ma swoje w\u0142asne, dedykowane \u017ar\u00f3d\u0142o \u015bwiat\u0142a.<\/p>\n\n\n\n<h3 class=\"wp-block-heading\">Ta\u015bmy LED i inne \u017ar\u00f3d\u0142a \u015bwiat\u0142a pomocniczego<\/h3>\n\n\n\n<p><strong>Ta\u015bmy LED to nowoczesne, energooszcz\u0119dne i elastyczne rozwi\u0105zanie<\/strong><sup data-fn=\"b976d70a-1f97-406f-a465-4101c986dd14\" class=\"fn\"><a id=\"b976d70a-1f97-406f-a465-4101c986dd14-link\" href=\"#b976d70a-1f97-406f-a465-4101c986dd14\">1<\/a><\/sup>, kt\u00f3re pozwala na kreatywne do\u015bwietlenie wn\u0119trz. Mo\u017cna je zamontowa\u0107 w wielu miejscach, co daje ogromne mo\u017cliwo\u015bci aran\u017cacyjne:<\/p>\n\n\n\n<ul class=\"wp-block-list\">\n<li><strong>pod szafkami<\/strong> \u2014 dla lepszej widoczno\u015bci w kuchni,<\/li>\n\n\n\n<li><strong>wzd\u0142u\u017c sufitu<\/strong> \u2014 dla optycznego podniesienia przestrzeni,<\/li>\n\n\n\n<li><strong>za telewizorem<\/strong> \u2014 dla stworzenia efektu g\u0142\u0119bi i komfortu dla oczu.<\/li>\n<\/ul>\n\n\n\n<p>Po\u0142\u0105czenie ta\u015bm LED z innymi \u017ar\u00f3d\u0142ami \u015bwiat\u0142a, takimi jak lampy pod\u0142ogowe czy kinkiety, pozwala stworzy\u0107 <strong>sp\u00f3jn\u0105, jasn\u0105 i funkcjonaln\u0105 aran\u017cacj\u0119<\/strong>. \u015awiat\u0142o pomocnicze mo\u017ce by\u0107 nie tylko praktyczne, ale r\u00f3wnie\u017c dekoracyjne \u2014 <strong>to detal, kt\u00f3ry buduje klimat wn\u0119trza<\/strong>.<\/p>\n\n\n\n<h3 class=\"wp-block-heading\">Lampy pod\u0142ogowe i kinkiety \u015bcienne w praktyce<\/h3>\n\n\n\n<p><strong>Lampy pod\u0142ogowe i kinkiety \u015bcienne to nie tylko \u017ar\u00f3d\u0142a \u015bwiat\u0142a, ale tak\u017ce elementy dekoracyjne<\/strong>. Ich zastosowanie pozwala skutecznie do\u015bwietli\u0107 ciemne zak\u0105tki i jednocze\u015bnie nada\u0107 wn\u0119trzu charakteru.<\/p>\n\n\n\n<p><strong>Zalety lamp pod\u0142ogowych:<\/strong><\/p>\n\n\n\n<ul class=\"wp-block-list\">\n<li>\u0142atwo\u015b\u0107 przestawiania i dostosowania do aktualnych potrzeb,<\/li>\n\n\n\n<li>mo\u017cliwo\u015b\u0107 skierowania \u015bwiat\u0142a w konkretne miejsce,<\/li>\n\n\n\n<li>idealne do strefy pracy lub relaksu.<\/li>\n<\/ul>\n\n\n\n<p><strong>Zalety kinkiet\u00f3w \u015bciennych:<\/strong><\/p>\n\n\n\n<ul class=\"wp-block-list\">\n<li>oszcz\u0119dno\u015b\u0107 miejsca \u2014 montowane na \u015bcianach,<\/li>\n\n\n\n<li>tworzenie nastrojowego klimatu,<\/li>\n\n\n\n<li>doskona\u0142e do wydzielania stref funkcjonalnych.<\/li>\n<\/ul>\n\n\n\n<p>Oba typy o\u015bwietlenia \u015bwietnie sprawdzaj\u0105 si\u0119 w aran\u017cacjach, gdzie liczy si\u0119 zar\u00f3wno funkcjonalno\u015b\u0107, jak i estetyka.<\/p>\n\n\n\n<h3 class=\"wp-block-heading\">Bia\u0142e i \u017c\u00f3\u0142te \u015bwiat\u0142o \u2013 kt\u00f3re wybra\u0107?<\/h3>\n\n\n\n<p><strong>Wyb\u00f3r mi\u0119dzy bia\u0142ym a \u017c\u00f3\u0142tym \u015bwiat\u0142em ma realny wp\u0142yw na odbi\u00f3r przestrzeni i samopoczucie<\/strong>. To nie tylko kwestia gustu, ale r\u00f3wnie\u017c funkcji danego pomieszczenia.<\/p>\n\n\n\n<figure class=\"wp-block-table\"><table class=\"has-fixed-layout\"><tbody><tr><th>Rodzaj \u015bwiat\u0142a<\/th><th>Charakterystyka<\/th><th>Rekomendowane zastosowanie<\/th><\/tr><tr><td><strong>Bia\u0142e (ch\u0142odne) \u015bwiat\u0142o<\/strong><\/td><td>Optycznie powi\u0119ksza przestrze\u0144, sprzyja koncentracji<\/td><td>Kuchnia, biuro, gabinet<\/td><\/tr><tr><td><strong>\u017b\u00f3\u0142te (ciep\u0142e) \u015bwiat\u0142o<\/strong><\/td><td>Tworzy przytuln\u0105 atmosfer\u0119, sprzyja relaksowi<\/td><td>Salon, sypialnia<\/td><\/tr><\/tbody><\/table><\/figure>\n\n\n\n<p><strong>Zastan\u00f3w si\u0119, czego potrzebujesz: energii czy spokoju?<\/strong> Odpowiednio dobrane \u015bwiat\u0142o pomo\u017ce Ci stworzy\u0107 przestrze\u0144, kt\u00f3ra b\u0119dzie nie tylko funkcjonalna, ale r\u00f3wnie\u017c wspieraj\u0105ca Twoje codzienne potrzeby.<\/p>\n\n\n\n<figure class=\"wp-block-image size-full\"><a href=\"https:\/\/proplo.pl\/profile\/redo-concept\/projekt\/porfolio-1613\"><img loading=\"lazy\" decoding=\"async\" width=\"1200\" height=\"800\" src=\"https:\/\/proplo.pl\/blog\/wp-content\/uploads\/2025\/05\/jak-sprawic-zeby-wnetrze-nie-bylo-tak-ciemne.png\" alt=\"Wn\u0119trze salonu w stylu minimalistycznym z szarym naro\u017cnikiem, czarn\u0105 lamp\u0105 i dekoracjami.\" class=\"wp-image-704\" srcset=\"https:\/\/proplo.pl\/blog\/wp-content\/uploads\/2025\/05\/jak-sprawic-zeby-wnetrze-nie-bylo-tak-ciemne.png 1200w, https:\/\/proplo.pl\/blog\/wp-content\/uploads\/2025\/05\/jak-sprawic-zeby-wnetrze-nie-bylo-tak-ciemne-300x200.png 300w, https:\/\/proplo.pl\/blog\/wp-content\/uploads\/2025\/05\/jak-sprawic-zeby-wnetrze-nie-bylo-tak-ciemne-768x512.png 768w, https:\/\/proplo.pl\/blog\/wp-content\/uploads\/2025\/05\/jak-sprawic-zeby-wnetrze-nie-bylo-tak-ciemne-1024x683.png 1024w, https:\/\/proplo.pl\/blog\/wp-content\/uploads\/2025\/05\/jak-sprawic-zeby-wnetrze-nie-bylo-tak-ciemne-480x320.png 480w\" sizes=\"auto, (max-width: 1200px) 100vw, 1200px\" \/><\/a><figcaption class=\"wp-element-caption\">Projekt: <a href=\"https:\/\/proplo.pl\/profile\/redo-concept\">redo concept<\/a><\/figcaption><\/figure>\n\n\n\n<h2 class=\"wp-block-heading\">Lustra i powierzchnie odbijaj\u0105ce \u015bwiat\u0142o<\/h2>\n\n\n\n<p><strong>Jednym z najprostszych sposob\u00f3w na optyczne powi\u0119kszenie i rozja\u015bnienie wn\u0119trza s\u0105 lustra oraz inne powierzchnie odbijaj\u0105ce \u015bwiat\u0142o.<\/strong> To naprawd\u0119 dzia\u0142a! Wystarczy ustawi\u0107 lustro naprzeciwko okna, aby ca\u0142e pomieszczenie sta\u0142o si\u0119 ja\u015bniejsze i bardziej przestronne \u2014 bez wi\u0119kszego wysi\u0142ku.<\/p>\n\n\n\n<p>Odpowiednio dobrane lustro mo\u017ce pe\u0142ni\u0107 nie tylko funkcj\u0119 praktyczn\u0105, ale r\u00f3wnie\u017c dekoracyjn\u0105. <strong>Oprawione w ozdobn\u0105 ram\u0119 staje si\u0119 centralnym punktem aran\u017cacji<\/strong>, przyci\u0105gaj\u0105cym wzrok i dodaj\u0105cym wn\u0119trzu charakteru.<\/p>\n\n\n\n<p>Je\u015bli chcesz wprowadzi\u0107 do wn\u0119trza odrobin\u0119 nowoczesno\u015bci, rozwa\u017c zastosowanie <strong>lustrzanych mozaik<\/strong>. Te drobne, po\u0142yskuj\u0105ce elementy \u015bwietnie sprawdzaj\u0105 si\u0119 na \u015bcianach \u2014 szczeg\u00f3lnie w salonie lub przedpokoju. Ich zalety to:<\/p>\n\n\n\n<ul class=\"wp-block-list\">\n<li><strong>Odbijaj\u0105 \u015bwiat\u0142o<\/strong>, tworz\u0105c interesuj\u0105c\u0105 gr\u0119 refleks\u00f3w.<\/li>\n\n\n\n<li><strong>Dodaj\u0105 dynamiki<\/strong> i nowoczesnego charakteru przestrzeni.<\/li>\n\n\n\n<li><strong>Wzbogacaj\u0105 aran\u017cacj\u0119<\/strong> \u2014 mozaika nad komod\u0105 to \u015bwietny spos\u00f3b na subtelne roz\u015bwietlenie wn\u0119trza.<\/li>\n\n\n\n<li><strong>Sprawdzaj\u0105 si\u0119 tam, gdzie brakuje naturalnego \u015bwiat\u0142a<\/strong>, dodaj\u0105c g\u0142\u0119bi i przytulno\u015bci.<\/li>\n<\/ul>\n\n\n\n<p>To zadziwiaj\u0105ce, jak niewielki detal potrafi ca\u0142kowicie odmieni\u0107 atmosfer\u0119 wn\u0119trza. Czasem wystarczy jedno dobrze ustawione lustro, by przestrze\u0144 zyska\u0142a now\u0105 energi\u0119 i \u015bwie\u017co\u015b\u0107. Warto wi\u0119c zastanowi\u0107 si\u0119, jak jeszcze mo\u017cesz wykorzysta\u0107 \u015bwiat\u0142o i jego odbicia, by stworzy\u0107 bardziej przytulne, jasne i harmonijne otoczenie. Bo to w\u0142a\u015bnie \u015bwiat\u0142o buduje klimat domu.<\/p>\n\n\n\n<h2 class=\"wp-block-heading\">Meble i ich wp\u0142yw na jasno\u015b\u0107 wn\u0119trza<\/h2>\n\n\n\n<p>Znacie to uczucie \u2013 wchodzicie do pokoju i od razu czujecie, czy jest <strong>przytulnie i jasno<\/strong>, czy raczej <strong>ciemno i duszno<\/strong>. To nie przypadek. Ogromny wp\u0142yw na odbi\u00f3r przestrzeni maj\u0105 <strong>meble<\/strong>. Zw\u0142aszcza w pomieszczeniach z ograniczonym dost\u0119pem do naturalnego \u015bwiat\u0142a warto postawi\u0107 na <strong>jasne meble na n\u00f3\u017ckach<\/strong>. Dlaczego w\u0142a\u015bnie takie?<\/p>\n\n\n\n<p><strong>Jasne meble na n\u00f3\u017ckach:<\/strong><\/p>\n\n\n\n<ul class=\"wp-block-list\">\n<li>Prezentuj\u0105 si\u0119 lekko i nowocze\u015bnie<\/li>\n\n\n\n<li>Odbijaj\u0105 \u015bwiat\u0142o, rozja\u015bniaj\u0105c wn\u0119trze<\/li>\n\n\n\n<li>Sprawiaj\u0105, \u017ce pomieszczenie wydaje si\u0119 wi\u0119ksze i bardziej przestronne<\/li>\n\n\n\n<li>Poprawiaj\u0105 og\u00f3lny nastr\u00f3j i komfort przebywania w pokoju<\/li>\n<\/ul>\n\n\n\n<p>W ciemniejszych wn\u0119trzach warto unika\u0107 <strong>masywnych, ciemnych mebli<\/strong>, kt\u00f3re mog\u0105 dos\u0142ownie &#8222;poch\u0142ania\u0107&#8221; \u015bwiat\u0142o i sprawia\u0107, \u017ce pok\u00f3j staje si\u0119 ponury. Zamiast tego lepiej si\u0119gn\u0105\u0107 po <strong>smuk\u0142e bry\u0142y i lekkie konstrukcje<\/strong>. Meble na n\u00f3\u017ckach maj\u0105 dodatkow\u0105 zalet\u0119 \u2013 <strong>ods\u0142aniaj\u0105 pod\u0142og\u0119<\/strong>, co pozwala \u015bwiat\u0142u swobodnie si\u0119 rozchodzi\u0107 po ca\u0142ym pomieszczeniu.<\/p>\n\n\n\n<p><strong>Efekt?<\/strong> Wi\u0119cej przestrzeni, wi\u0119cej \u015bwiat\u0142a i zdecydowanie lepszy nastr\u00f3j.<\/p>\n\n\n\n<p>Dobrym wyborem b\u0119d\u0105 r\u00f3wnie\u017c <strong>meble lakierowane lub z po\u0142yskiem<\/strong>. Ich b\u0142yszcz\u0105ce powierzchnie dzia\u0142aj\u0105 jak miniaturowe lustra \u2013 <strong>odbijaj\u0105 \u015bwiat\u0142o<\/strong> i skutecznie <strong>rozja\u015bniaj\u0105 nawet najciemniejsze k\u0105ty<\/strong>. Po\u0142\u0105czenie po\u0142ysku z lekk\u0105 form\u0105 i n\u00f3\u017ckami daje efekt wn\u0119trza, kt\u00f3re:<\/p>\n\n\n\n<ul class=\"wp-block-list\">\n<li>Wygl\u0105da nowocze\u015bnie i elegancko<\/li>\n\n\n\n<li>Emanuje \u015bwie\u017co\u015bci\u0105 i lekko\u015bci\u0105<\/li>\n\n\n\n<li>Jest bardziej funkcjonalne i przyjazne<\/li>\n<\/ul>\n\n\n\n<p>A mo\u017ce wystarczy wymieni\u0107 tylko jedn\u0105 komod\u0119 albo st\u00f3\u0142, by ca\u0142e wn\u0119trze zyska\u0142o nowy charakter? Czasem to w\u0142a\u015bnie drobne zmiany robi\u0105 najwi\u0119ksz\u0105 r\u00f3\u017cnic\u0119. Bo przecie\u017c o to chodzi \u2013 \u017ceby czu\u0107 si\u0119 dobrze we w\u0142asnym domu, prawda?<\/p>\n\n\n\n<h2 class=\"wp-block-heading\">Tekstylia i dodatki rozja\u015bniaj\u0105ce przestrze\u0144<\/h2>\n\n\n\n<p>Chcesz rozja\u015bni\u0107 ciemne wn\u0119trze bez przeprowadzania generalnego remontu? Postaw na odpowiednio dobrane <strong>tekstylia i dodatki<\/strong>. To prosty, a zarazem niezwykle skuteczny spos\u00f3b, by doda\u0107 przestrzeni <strong>lekko\u015bci, \u015bwie\u017co\u015bci i optycznie j\u0105 powi\u0119kszy\u0107<\/strong>. Jasne tkaniny, mi\u0119kkie poduszki, lekkie narzuty czy subtelne dywany odbijaj\u0105 \u015bwiat\u0142o, dzi\u0119ki czemu pomieszczenie staje si\u0119 <strong>ja\u015bniejsze, bardziej przestronne i przytulne<\/strong>.<\/p>\n\n\n\n<p>Warto si\u0119gn\u0105\u0107 po <strong>tkaniny z delikatnym po\u0142yskiem lub metalicznymi akcentami<\/strong>. Dzia\u0142aj\u0105 one jak lustro \u2013 wzmacniaj\u0105 naturalne \u015bwiat\u0142o i dodaj\u0105 wn\u0119trzu elegancji. To doskona\u0142y wyb\u00f3r, je\u015bli chcesz uzyska\u0107 efekt nowoczesno\u015bci bez du\u017cych nak\u0142ad\u00f3w finansowych.<\/p>\n\n\n\n<p>Przyk\u0142ad? <strong>Jasny dywan<\/strong> \u2013 z pozoru drobny element, a potrafi zdzia\u0142a\u0107 cuda. Rozja\u015bnia pod\u0142og\u0119, ociepla wn\u0119trze i wprowadza przytuln\u0105 atmosfer\u0119. Ale to nie wszystko. <strong>Dodatki dekoracyjne<\/strong> maj\u0105 ogromn\u0105 moc aran\u017cacyjn\u0105:<\/p>\n\n\n\n<ul class=\"wp-block-list\">\n<li><strong>Bia\u0142e lub pastelowe wazony<\/strong> \u2013 wprowadzaj\u0105 lekko\u015b\u0107 i \u015bwie\u017co\u015b\u0107, idealnie komponuj\u0105c si\u0119 z jasnym t\u0142em.<\/li>\n\n\n\n<li><strong>Ramki na zdj\u0119cia<\/strong> \u2013 w jasnych kolorach lub z po\u0142yskiem, odbijaj\u0105 \u015bwiat\u0142o i dodaj\u0105 osobistego charakteru.<\/li>\n\n\n\n<li><strong>Dekoracyjne poduszki<\/strong> \u2013 w jasnych barwach lub z metalicznymi akcentami, o\u017cywiaj\u0105 kanap\u0119 czy fotel.<\/li>\n\n\n\n<li><strong>Lekkie narzuty<\/strong> \u2013 nie tylko dekoruj\u0105, ale te\u017c rozja\u015bniaj\u0105 meble i dodaj\u0105 im nowego wyrazu.<\/li>\n<\/ul>\n\n\n\n<p>Nie b\u00f3j si\u0119 eksperymentowa\u0107 z fakturami i materia\u0142ami. <strong>Tkaniny o per\u0142owym po\u0142ysku czy metalicznych refleksach<\/strong> subtelnie odbijaj\u0105 \u015bwiat\u0142o, a przy tym wprowadzaj\u0105 do wn\u0119trza nut\u0119 luksusu. Czasem wystarczy zmieni\u0107 zas\u0142ony, doda\u0107 kilka jasnych akcent\u00f3w i&#8230; gotowe. <strong>Nowa energia, \u015bwie\u017cy klimat, zupe\u0142nie inna przestrze\u0144<\/strong>. Spr\u00f3buj \u2013 efekt mo\u017ce Ci\u0119 pozytywnie zaskoczy\u0107.<\/p>\n\n\n\n<figure class=\"wp-block-image size-full\"><a href=\"https:\/\/proplo.pl\/profile\/zimon-studio\/projekt\/modern-house-1600\"><img loading=\"lazy\" decoding=\"async\" width=\"1200\" height=\"800\" src=\"https:\/\/proplo.pl\/blog\/wp-content\/uploads\/2025\/05\/jasnosc-wnetrza.png\" alt=\"Wn\u0119trze sypialni z szarym \u0142\u00f3\u017ckiem, czarnymi zas\u0142onami i minimalistycznymi detalami.\" class=\"wp-image-707\" srcset=\"https:\/\/proplo.pl\/blog\/wp-content\/uploads\/2025\/05\/jasnosc-wnetrza.png 1200w, https:\/\/proplo.pl\/blog\/wp-content\/uploads\/2025\/05\/jasnosc-wnetrza-300x200.png 300w, https:\/\/proplo.pl\/blog\/wp-content\/uploads\/2025\/05\/jasnosc-wnetrza-768x512.png 768w, https:\/\/proplo.pl\/blog\/wp-content\/uploads\/2025\/05\/jasnosc-wnetrza-1024x683.png 1024w, https:\/\/proplo.pl\/blog\/wp-content\/uploads\/2025\/05\/jasnosc-wnetrza-480x320.png 480w\" sizes=\"auto, (max-width: 1200px) 100vw, 1200px\" \/><\/a><figcaption class=\"wp-element-caption\">Projekt: <a href=\"https:\/\/proplo.pl\/profile\/zimon-studio\">Zimon Studio<\/a><\/figcaption><\/figure>\n\n\n\n<h2 class=\"wp-block-heading\">Styl aran\u017cacji a jasno\u015b\u0107 wn\u0119trza<\/h2>\n\n\n\n<p>Spos\u00f3b, w jaki urz\u0105dzisz swoje mieszkanie, ma bezpo\u015bredni wp\u0142yw na ilo\u015b\u0107 \u015bwiat\u0142a, kt\u00f3re do niego dociera. To nie tylko kwestia estetyki \u2013 odpowiednio dobrany styl potrafi ca\u0142kowicie odmieni\u0107 atmosfer\u0119 wn\u0119trza. Nawet ciemne i pozornie ponure pomieszczenia mog\u0105 zyska\u0107 <strong>lekko\u015b\u0107, \u015bwie\u017co\u015b\u0107 i przestronno\u015b\u0107<\/strong>, je\u015bli podejdziesz do aran\u017cacji z pomys\u0142em.<\/p>\n\n\n\n<p><strong>Minimalizm<\/strong> to jeden z najskuteczniejszych sposob\u00f3w na rozja\u015bnienie wn\u0119trza. Ograniczenie liczby mebli i dekoracji pozwala promieniom s\u0142onecznym swobodnie wnika\u0107 do \u015brodka. Dzi\u0119ki temu nawet pokoje z ograniczonym dost\u0119pem do \u015bwiat\u0142a dziennego mog\u0105 wygl\u0105da\u0107 na ja\u015bniejsze i bardziej przestronne. <strong>Efekt uboczny? Porz\u0105dek, spok\u00f3j i harmonia \u2013 bez chaosu i przyt\u0142aczaj\u0105cych detali.<\/strong><\/p>\n\n\n\n<h3 class=\"wp-block-heading\">Minimalizm jako spos\u00f3b na wi\u0119cej \u015bwiat\u0142a<\/h3>\n\n\n\n<p><a href=\"https:\/\/proplo.pl\/style\/minimalistyczny\">Minimalizm<\/a> to nie chwilowa moda, lecz \u015bwiadome podej\u015bcie do aran\u017cacji wn\u0119trz, kt\u00f3re realnie wp\u0142ywa na jako\u015b\u0107 przestrzeni. Ograniczaj\u0105c liczb\u0119 przedmiot\u00f3w i wybieraj\u0105c proste, geometryczne formy, tworzysz warunki, w kt\u00f3rych \u015bwiat\u0142o mo\u017ce swobodnie przemieszcza\u0107 si\u0119 po ca\u0142ym pomieszczeniu.<\/p>\n\n\n\n<p>Dlaczego minimalizm sprzyja jasno\u015bci?<\/p>\n\n\n\n<ul class=\"wp-block-list\">\n<li><strong>Mniej mebli<\/strong> \u2013 wi\u0119cej przestrzeni dla \u015bwiat\u0142a.<\/li>\n\n\n\n<li><strong>Brak zb\u0119dnych dekoracji<\/strong> \u2013 mniej cieni i przeszk\u00f3d.<\/li>\n\n\n\n<li><strong>Proste formy<\/strong> \u2013 odbijaj\u0105 \u015bwiat\u0142o, zamiast je poch\u0142ania\u0107.<\/li>\n\n\n\n<li><strong>\u0141atwiejsze utrzymanie porz\u0105dku<\/strong> \u2013 czysta przestrze\u0144 wygl\u0105da ja\u015bniej.<\/li>\n<\/ul>\n\n\n\n<p><strong>Uproszczenie przestrzeni mo\u017ce by\u0107 pierwszym krokiem do stworzenia ja\u015bniejszego, bardziej przyjaznego domu.<\/strong> Czasem wystarczy odrobina odwagi, by zmieni\u0107 wszystko \u2013 i nagle wn\u0119trze nabiera zupe\u0142nie nowego charakteru.<\/p>\n\n\n\n<h3 class=\"wp-block-heading\">Otwarcie przestrzeni i jego wp\u0142yw na do\u015bwietlenie<\/h3>\n\n\n\n<p>Otwarte przestrzenie to jeden z najskuteczniejszych sposob\u00f3w na maksymalne wykorzystanie naturalnego \u015bwiat\u0142a. Je\u015bli marzysz o jasnym, przestronnym mieszkaniu, rozwa\u017c rezygnacj\u0119 z niepotrzebnych \u015bcian dzia\u0142owych i po\u0142\u0105czenie kilku pomieszcze\u0144 w jedn\u0105, sp\u00f3jn\u0105 ca\u0142o\u015b\u0107.<\/p>\n\n\n\n<p>Korzy\u015bci z otwarcia przestrzeni:<\/p>\n\n\n\n<ul class=\"wp-block-list\">\n<li><strong>Swobodny przep\u0142yw \u015bwiat\u0142a<\/strong> \u2013 promienie s\u0142oneczne docieraj\u0105 nawet do wcze\u015bniej zacienionych zakamark\u00f3w.<\/li>\n\n\n\n<li><strong>Wi\u0119cej powietrza i przestrzeni<\/strong> \u2013 wn\u0119trze \u201eoddycha\u201d i sprawia wra\u017cenie wi\u0119kszego.<\/li>\n\n\n\n<li><strong>Nowoczesny wygl\u0105d<\/strong> \u2013 otwarte wn\u0119trza s\u0105 modne i funkcjonalne.<\/li>\n\n\n\n<li><strong>Lepszy komfort \u017cycia<\/strong> \u2013 przestrze\u0144 staje si\u0119 bardziej przyjazna i zach\u0119caj\u0105ca do przebywania.<\/li>\n<\/ul>\n\n\n\n<p>Mo\u017ce w\u0142a\u015bnie ten jeden krok \u2013 otwarcie przestrzeni \u2013 dzieli Ci\u0119 od wymarzonego, jasnego i komfortowego domu? Czasem wystarczy odwa\u017cy\u0107 si\u0119 na zmian\u0119, by zyska\u0107 zupe\u0142nie now\u0105 jako\u015b\u0107 \u017cycia.<\/p>\n\n\n\n<h2 class=\"wp-block-heading\">Dodatkowe triki i rozwi\u0105zania optyczne<\/h2>\n\n\n\n<p><strong>Nawet drobne zmiany mog\u0105 diametralnie odmieni\u0107 charakter wn\u0119trza<\/strong> \u2013 szczeg\u00f3lnie tam, gdzie brakuje naturalnego \u015bwiat\u0142a. Jednym z najprostszych i zarazem najbardziej efektownych sposob\u00f3w na optyczne rozja\u015bnienie przestrzeni s\u0105 <strong>meble z lustrzanymi frontami<\/strong>. Odbijaj\u0105 \u015bwiat\u0142o, dodaj\u0105 g\u0142\u0119bi i sprawiaj\u0105, \u017ce pomieszczenie wydaje si\u0119 wi\u0119ksze. To idealne rozwi\u0105zanie do ma\u0142ych wn\u0119trz, gdzie liczy si\u0119 ka\u017cdy centymetr.<\/p>\n\n\n\n<p>To jednak dopiero pocz\u0105tek. <strong>Przezroczyste meble i p\u00f3\u0142ki<\/strong> to kolejny sprytny spos\u00f3b na optyczne powi\u0119kszenie przestrzeni. Ich lekka, niemal niewidoczna forma nie przyt\u0142acza wn\u0119trza \u2013 wr\u0119cz przeciwnie, <strong>pozwala \u015bwiat\u0142u swobodnie si\u0119 rozchodzi\u0107<\/strong>. Dodaj\u0105c do tego <strong>elementy z przeszkleniami<\/strong>, zyskujesz nie tylko wi\u0119cej \u015bwiat\u0142a, ale r\u00f3wnie\u017c nowoczesny, lekki klimat.<\/p>\n\n\n\n<p><strong>Efekt?<\/strong> Przestrze\u0144 staje si\u0119 bardziej otwarta, jasna i przyjazna. Oto kilka sprawdzonych trik\u00f3w, kt\u00f3re warto zastosowa\u0107:<\/p>\n\n\n\n<ul class=\"wp-block-list\">\n<li><strong>Meble z lustrzanymi frontami<\/strong> \u2013 odbijaj\u0105 \u015bwiat\u0142o i optycznie powi\u0119kszaj\u0105 przestrze\u0144.<\/li>\n\n\n\n<li><strong>Przezroczyste p\u00f3\u0142ki i stoliki<\/strong> \u2013 nie zabieraj\u0105 wizualnie miejsca, dodaj\u0105 lekko\u015bci.<\/li>\n\n\n\n<li><strong>Elementy z przeszkleniami<\/strong> \u2013 wprowadzaj\u0105 nowoczesny charakter i rozpraszaj\u0105 \u015bwiat\u0142o.<\/li>\n\n\n\n<li><strong>Szklane dodatki<\/strong> \u2013 wazony, \u015bwieczniki czy misy odbijaj\u0105 \u015bwiat\u0142o i dodaj\u0105 elegancji.<\/li>\n<\/ul>\n\n\n\n<p><strong>Nie zapominaj o detalach<\/strong> \u2013 to one cz\u0119sto robi\u0105 najwi\u0119ksz\u0105 r\u00f3\u017cnic\u0119. Szklane akcenty potrafi\u0105 tchn\u0105\u0107 \u017cycie nawet w najbardziej ponury k\u0105t mieszkania. Czasem wystarczy jeden dobrze dobrany element, by ca\u0142e wn\u0119trze zyska\u0142o \u015bwie\u017co\u015b\u0107 i zupe\u0142nie now\u0105 energi\u0119.<\/p>\n\n\n\n<p>Wyobra\u017a sobie: <strong>lustrzane powierzchnie w salonie<\/strong>, <strong>transparentne p\u00f3\u0142ki w sypialni<\/strong>, a mo\u017ce <strong>szklane dodatki w przedpokoju<\/strong>? Te drobne zmiany mog\u0105 ca\u0142kowicie odmieni\u0107 Twoje otoczenie \u2013 nada\u0107 mu lekko\u015bci, \u015bwiat\u0142a i nowoczesnego charakteru.<\/p>\n\n\n\n<figure class=\"wp-block-image size-full\"><a href=\"https:\/\/proplo.pl\/profile\/interior-design-karolina-krycka\/projekt\/minimalistyczna-sypialnia-1762\"><img loading=\"lazy\" decoding=\"async\" width=\"1200\" height=\"800\" src=\"https:\/\/proplo.pl\/blog\/wp-content\/uploads\/2025\/05\/jak-rozjasnic-wnetrze-sypialni.png\" alt=\"Sypialnia w stylu minimalistycznym i nowoczesnym z szarym \u0142\u00f3\u017ckiem i drewnianymi detalami.\" class=\"wp-image-708\" srcset=\"https:\/\/proplo.pl\/blog\/wp-content\/uploads\/2025\/05\/jak-rozjasnic-wnetrze-sypialni.png 1200w, https:\/\/proplo.pl\/blog\/wp-content\/uploads\/2025\/05\/jak-rozjasnic-wnetrze-sypialni-300x200.png 300w, https:\/\/proplo.pl\/blog\/wp-content\/uploads\/2025\/05\/jak-rozjasnic-wnetrze-sypialni-768x512.png 768w, https:\/\/proplo.pl\/blog\/wp-content\/uploads\/2025\/05\/jak-rozjasnic-wnetrze-sypialni-1024x683.png 1024w, https:\/\/proplo.pl\/blog\/wp-content\/uploads\/2025\/05\/jak-rozjasnic-wnetrze-sypialni-480x320.png 480w\" sizes=\"auto, (max-width: 1200px) 100vw, 1200px\" \/><\/a><figcaption class=\"wp-element-caption\">Projekt: <a href=\"https:\/\/proplo.pl\/profile\/interior-design-karolina-krycka\">Interior design Karolina Krycka<\/a><\/figcaption><\/figure>\n\n\n\n<h2 class=\"wp-block-heading\">Jak rozja\u015bni\u0107 pok\u00f3j dodatkami?<\/h2>\n\n\n\n<p>Masz ciemny pok\u00f3j, ale nie chcesz si\u0119ga\u0107 po farby? <strong>Spokojnie \u2013 istnieje wiele sposob\u00f3w, by rozja\u015bni\u0107 wn\u0119trze bez malowania \u015bcian<\/strong>. Wystarczy kilka sprytnych trik\u00f3w, by pomieszczenie zyska\u0142o lekko\u015b\u0107 i blask. Klucz tkwi w odpowiednio dobranych dodatkach \u2013 od tkanin po o\u015bwietlenie \u2013 kt\u00f3re potrafi\u0105 zdzia\u0142a\u0107 cuda.<\/p>\n\n\n\n<p>Najwa\u017cniejsze elementy, kt\u00f3re pomog\u0105 rozja\u015bni\u0107 pok\u00f3j bez malowania:<\/p>\n\n\n\n<ul class=\"wp-block-list\">\n<li><strong>Jasne, p\u00f3\u0142przezroczyste tkaniny<\/strong> \u2013 firanki z woalu lub cienkiego lnu wpuszczaj\u0105 wi\u0119cej \u015bwiat\u0142a i dodaj\u0105 elegancji.<\/li>\n\n\n\n<li><strong>Dobrze rozmieszczone \u017ar\u00f3d\u0142a \u015bwiat\u0142a<\/strong> \u2013 wielowarstwowe o\u015bwietlenie tworzy przytuln\u0105 atmosfer\u0119.<\/li>\n\n\n\n<li><strong>Minimalistyczne dekoracje<\/strong> \u2013 jasne dodatki, takie jak kremowe poduszki, be\u017cowe dywany czy pastelowe narzuty, odbijaj\u0105 \u015bwiat\u0142o i optycznie powi\u0119kszaj\u0105 przestrze\u0144.<\/li>\n<\/ul>\n\n\n\n<p>Niewielkie zmiany mog\u0105 przynie\u015b\u0107 zaskakuj\u0105co du\u017cy efekt \u2013 bez potrzeby ruszania \u015bcian.<\/p>\n\n\n\n<h3 class=\"wp-block-heading\">Jak rozja\u015bni\u0107 wn\u0119trze &#8211; alternatywne metody bez ingerencji w \u015bciany<\/h3>\n\n\n\n<p>Nie chcesz malowa\u0107? <strong>To nie problem \u2013 istnieje wiele skutecznych metod rozja\u015bniania wn\u0119trza bez u\u017cycia farby<\/strong>. Najwa\u017cniejsze to maksymalnie wykorzysta\u0107 naturalne \u015bwiat\u0142o i uzupe\u0142ni\u0107 je odpowiednim o\u015bwietleniem sztucznym.<\/p>\n\n\n\n<p><strong>Oto sprawdzone sposoby:<\/strong><\/p>\n\n\n\n<ul class=\"wp-block-list\">\n<li><strong>Naturalne \u015bwiat\u0142o<\/strong> \u2013 wybierz zas\u0142ony z jasnych, lekkich materia\u0142\u00f3w (len, woal), kt\u00f3re przepuszczaj\u0105 promienie s\u0142oneczne i optycznie powi\u0119kszaj\u0105 przestrze\u0144.<\/li>\n\n\n\n<li><strong>Sztuczne o\u015bwietlenie<\/strong> \u2013 zastosuj kilka \u017ar\u00f3de\u0142 \u015bwiat\u0142a, takich jak lampy pod\u0142ogowe z jasnymi aba\u017curami, kinkiety z ciep\u0142ym \u015bwiat\u0142em czy ta\u015bmy LED ukryte za meblami. Tworz\u0105 one wielowarstwow\u0105, przytuln\u0105 atmosfer\u0119.<\/li>\n\n\n\n<li><strong>Elementy odbijaj\u0105ce \u015bwiat\u0142o<\/strong> \u2013 lustra, szk\u0142o i metaliczne akcenty skutecznie rozpraszaj\u0105 \u015bwiat\u0142o. Du\u017ce lustro naprzeciwko okna mo\u017ce niemal podwoi\u0107 ilo\u015b\u0107 \u015bwiat\u0142a w pomieszczeniu.<\/li>\n<\/ul>\n\n\n\n<p>Wszystkie te elementy razem tworz\u0105 harmonijn\u0105, jasn\u0105 przestrze\u0144 bez konieczno\u015bci malowania \u015bcian.<\/p>\n\n\n\n<h3 class=\"wp-block-heading\">Jak rozja\u015bni\u0107 pok\u00f3j z ciemnymi meblami lub \u015bcianami?<\/h3>\n\n\n\n<p><strong>Ciemne meble lub \u015bciany nie musz\u0105 oznacza\u0107 ponurego wn\u0119trza<\/strong>. Wr\u0119cz przeciwnie \u2013 mog\u0105 stanowi\u0107 eleganckie t\u0142o dla jasnych, kontrastuj\u0105cych dodatk\u00f3w. Kluczem jest odpowiedni balans kolor\u00f3w i faktur.<\/p>\n\n\n\n<p><strong>Sprawdzone sposoby na rozja\u015bnienie pokoju z ciemnymi elementami:<\/strong><\/p>\n\n\n\n<ul class=\"wp-block-list\">\n<li><strong>Jasne tekstylia<\/strong> \u2013 poduszki, pledy i dywany w odcieniach bieli, be\u017cu lub pasteli skutecznie prze\u0142amuj\u0105 ci\u0119\u017cko\u015b\u0107 ciemnych mebli.<\/li>\n\n\n\n<li><strong>Ocieplaj\u0105ce dodatki<\/strong> \u2013 zas\u0142ony w kolorze ecru, kremowe rolety czy jasne obrusy dodaj\u0105 wn\u0119trzu przytulno\u015bci i \u015bwiat\u0142a.<\/li>\n\n\n\n<li><strong>B\u0142yszcz\u0105ce powierzchnie<\/strong> \u2013 szklane stoliki, metalowe ramy i dekoracyjne panele odbijaj\u0105 \u015bwiat\u0142o, tworz\u0105c iluzj\u0119 wi\u0119kszej przestrzeni.<\/li>\n<\/ul>\n\n\n\n<p><strong>Dzi\u0119ki tym prostym, ale przemy\u015blanym rozwi\u0105zaniom, nawet ciemne wn\u0119trze mo\u017ce sta\u0107 si\u0119 jasne, przytulne i stylowe<\/strong>. Bez malowania. Bez remontu. Po prostu \u2013 z pomys\u0142em.<\/p>\n\n\n\n<h2 class=\"wp-block-heading\">Podsumowanie: jak skutecznie rozja\u015bni\u0107 wn\u0119trze?<\/h2>\n\n\n\n<p>Masz do\u015b\u0107 ponurego, przyt\u0142aczaj\u0105cego wn\u0119trza? <strong>Czas to zmieni\u0107<\/strong>. Kilka prostych trik\u00f3w mo\u017ce ca\u0142kowicie odmieni\u0107 atmosfer\u0119 w mieszkaniu. Zacznij od podstaw \u2013 <strong>jasne kolory<\/strong> to klucz do sukcesu. Biel, kremy, subtelne pastele nie tylko odbijaj\u0105 \u015bwiat\u0142o, ale te\u017c <strong>optycznie powi\u0119kszaj\u0105 przestrze\u0144<\/strong>. Efekt? <strong>Ja\u015bniejsze, bardziej przestronne i przyjemne wn\u0119trze<\/strong>.<\/p>\n\n\n\n<p>Kolejny krok to <strong>zr\u00f3\u017cnicowane o\u015bwietlenie<\/strong>. Zamiast jednej lampy sufitowej, warto zastosowa\u0107 kilka \u017ar\u00f3de\u0142 \u015bwiat\u0142a, kt\u00f3re r\u00f3wnomiernie roz\u015bwietl\u0105 ca\u0142e pomieszczenie:<\/p>\n\n\n\n<ul class=\"wp-block-list\">\n<li><strong>Lampy pod\u0142ogowe<\/strong> \u2013 idealne do ustawienia w rogach pokoju, gdzie naturalne \u015bwiat\u0142o nie dociera.<\/li>\n\n\n\n<li><strong>Kinkiety<\/strong> \u2013 montowane na \u015bcianach, tworz\u0105 przytuln\u0105 atmosfer\u0119 i do\u015bwietlaj\u0105 przestrze\u0144 na r\u00f3\u017cnych wysoko\u015bciach.<\/li>\n\n\n\n<li><strong>Ta\u015bmy LED<\/strong> \u2013 umieszczone pod p\u00f3\u0142kami lub meblami, dodaj\u0105 nowoczesnego charakteru i rozpraszaj\u0105 \u015bwiat\u0142o w trudno dost\u0119pnych miejscach.<\/li>\n<\/ul>\n\n\n\n<p>Dzi\u0119ki takiemu podej\u015bciu <strong>wn\u0119trze staje si\u0119 cieplejsze i bardziej przytulne<\/strong>, a \u015bwiat\u0142o dociera nawet do najciemniejszych zakamark\u00f3w.<\/p>\n\n\n\n<p>Nie zapominaj o <strong>meblach i dodatkach<\/strong>. Im l\u017cejsze wizualnie, tym lepiej. Jasne meble \u2013 najlepiej na n\u00f3\u017ckach \u2013 sprawiaj\u0105, \u017ce przestrze\u0144 \u201eoddycha\u201d. Unikaj zagracenia \u2013 <strong>mniej znaczy wi\u0119cej<\/strong>. Przyk\u0142ad? <strong>Delikatna sofa w kolorze ecru na smuk\u0142ych nogach<\/strong> \u2013 nawet niewielki salon zyska wtedy na lekko\u015bci i przestronno\u015bci.<\/p>\n\n\n\n<p>Warto r\u00f3wnie\u017c si\u0119gn\u0105\u0107 po <strong>lustra i jasne tkaniny<\/strong>. Oto jak mog\u0105 pom\u00f3c:<\/p>\n\n\n\n<ul class=\"wp-block-list\">\n<li><strong>Lustro naprzeciwko okna<\/strong> \u2013 odbija \u015bwiat\u0142o, dodaje g\u0142\u0119bi i optycznie powi\u0119ksza przestrze\u0144.<\/li>\n\n\n\n<li><strong>Lekkie zas\u0142ony<\/strong> \u2013 przepuszczaj\u0105 \u015bwiat\u0142o, nie przyt\u0142aczaj\u0105c wn\u0119trza.<\/li>\n\n\n\n<li><strong>Jasne poduszki i narzuty<\/strong> \u2013 w pastelowych barwach dodaj\u0105 elegancji i subtelnego blasku.<\/li>\n<\/ul>\n\n\n\n<p><strong>To nie musi by\u0107 wielka rewolucja<\/strong>. Czasem wystarczy kilka \u015bwiadomych decyzji, by ca\u0142kowicie odmieni\u0107 swoje otoczenie. Pomy\u015bl \u2013 jak by to by\u0142o mieszka\u0107 w miejscu, kt\u00f3re emanuje \u015bwiat\u0142em, spokojem i harmoni\u0105? <strong>Kilka zmian, a efekt mo\u017ce Ci\u0119 zaskoczy\u0107 \u2013 i to bardzo pozytywnie<\/strong>.<\/p>\n\n\n\n<hr class=\"wp-block-separator has-alpha-channel-opacity\"\/>\n\n\n\n<p><strong>\u0179r\u00f3d\u0142a:<\/strong><\/p>\n\n\n<ol class=\"wp-block-footnotes\"><li id=\"b976d70a-1f97-406f-a465-4101c986dd14\"><a href=\"https:\/\/www.bbc.com\/news\/business-67454472\">https:\/\/www.bbc.com\/news\/business-67454472<\/a> <a href=\"#b976d70a-1f97-406f-a465-4101c986dd14-link\" aria-label=\"Przejd\u017a do przypisu 1\">\u21a9\ufe0e<\/a><\/li><\/ol>\n\n\n<p><\/p>\n","protected":false},"excerpt":{"rendered":"<p>Czy Tw\u00f3j pok\u00f3j przypomina ciemn\u0105 jaskini\u0119? Nie jeste\u015b sam \u2014 wiele os\u00f3b boryka si\u0119 z problemem zbyt ciemnych wn\u0119trz. <\/p>\n","protected":false},"author":3,"featured_media":697,"comment_status":"open","ping_status":"open","sticky":false,"template":"","format":"standard","meta":{"footnotes":"[{\"content\":\"<a href=\\\"https:\/\/www.bbc.com\/news\/business-67454472\\\">https:\/\/www.bbc.com\/news\/business-67454472<\/a>\",\"id\":\"b976d70a-1f97-406f-a465-4101c986dd14\"}]"},"categories":[15],"tags":[],"class_list":["post-695","post","type-post","status-publish","format-standard","has-post-thumbnail","hentry","category-inne"],"acf":[],"yoast_head":"<!-- This site is optimized with the Yoast SEO plugin v27.5 - https:\/\/yoast.com\/product\/yoast-seo-wordpress\/ -->\n<title>Jak rozja\u015bni\u0107 ciemny pok\u00f3j? Skuteczne pomys\u0142y - Proplo<\/title>\n<meta name=\"description\" content=\"Kilka zmian, a efekt mo\u017ce Ci\u0119 zaskoczy\u0107 \u2013 i to bardzo pozytywnie. Sprawd\u017a pomys\u0142y na to jak rozja\u015bni\u0107 ciemny pok\u00f3j.\" \/>\n<meta name=\"robots\" content=\"index, follow, max-snippet:-1, max-image-preview:large, max-video-preview:-1\" \/>\n<link rel=\"canonical\" href=\"https:\/\/proplo.pl\/blog\/jak-rozjasnic-ciemny-pokoj\/\" \/>\n<meta property=\"og:locale\" content=\"pl_PL\" \/>\n<meta property=\"og:type\" content=\"article\" \/>\n<meta property=\"og:title\" content=\"Jak rozja\u015bni\u0107 ciemny pok\u00f3j? Skuteczne pomys\u0142y - Proplo\" \/>\n<meta property=\"og:description\" content=\"Kilka zmian, a efekt mo\u017ce Ci\u0119 zaskoczy\u0107 \u2013 i to bardzo pozytywnie. Sprawd\u017a pomys\u0142y na to jak rozja\u015bni\u0107 ciemny pok\u00f3j.\" \/>\n<meta property=\"og:url\" content=\"https:\/\/proplo.pl\/blog\/jak-rozjasnic-ciemny-pokoj\/\" \/>\n<meta property=\"og:site_name\" content=\"Poradnik wn\u0119trzarski - Proplo\" \/>\n<meta property=\"article:published_time\" content=\"2025-05-14T12:04:18+00:00\" \/>\n<meta property=\"article:modified_time\" content=\"2025-05-16T09:14:47+00:00\" \/>\n<meta property=\"og:image\" content=\"https:\/\/proplo.pl\/blog\/wp-content\/uploads\/2025\/05\/jak-rozjasnic-ciemny-pokoj.png\" \/>\n\t<meta property=\"og:image:width\" content=\"1200\" \/>\n\t<meta property=\"og:image:height\" content=\"800\" \/>\n\t<meta property=\"og:image:type\" content=\"image\/png\" \/>\n<meta name=\"author\" content=\"Proplo\" \/>\n<meta name=\"twitter:card\" content=\"summary_large_image\" \/>\n<meta name=\"twitter:label1\" content=\"Napisane przez\" \/>\n\t<meta name=\"twitter:data1\" content=\"Proplo\" \/>\n\t<meta name=\"twitter:label2\" content=\"Szacowany czas czytania\" \/>\n\t<meta name=\"twitter:data2\" content=\"20 minut\" \/>\n<script type=\"application\/ld+json\" class=\"yoast-schema-graph\">{\"@context\":\"https:\\\/\\\/schema.org\",\"@graph\":[{\"@type\":\"Article\",\"@id\":\"https:\\\/\\\/proplo.pl\\\/blog\\\/jak-rozjasnic-ciemny-pokoj\\\/#article\",\"isPartOf\":{\"@id\":\"https:\\\/\\\/proplo.pl\\\/blog\\\/jak-rozjasnic-ciemny-pokoj\\\/\"},\"author\":{\"name\":\"Proplo\",\"@id\":\"https:\\\/\\\/proplo.pl\\\/blog\\\/#\\\/schema\\\/person\\\/c13af99097d24e9fc2b86b838c0fd0e1\"},\"headline\":\"Jak rozja\u015bni\u0107 ciemny pok\u00f3j &#8211; skuteczne techniki i aran\u017cacyjne triki\",\"datePublished\":\"2025-05-14T12:04:18+00:00\",\"dateModified\":\"2025-05-16T09:14:47+00:00\",\"mainEntityOfPage\":{\"@id\":\"https:\\\/\\\/proplo.pl\\\/blog\\\/jak-rozjasnic-ciemny-pokoj\\\/\"},\"wordCount\":3858,\"commentCount\":0,\"image\":{\"@id\":\"https:\\\/\\\/proplo.pl\\\/blog\\\/jak-rozjasnic-ciemny-pokoj\\\/#primaryimage\"},\"thumbnailUrl\":\"https:\\\/\\\/proplo.pl\\\/blog\\\/wp-content\\\/uploads\\\/2025\\\/05\\\/jak-rozjasnic-ciemny-pokoj.png\",\"articleSection\":[\"Inne\"],\"inLanguage\":\"pl-PL\",\"potentialAction\":[{\"@type\":\"CommentAction\",\"name\":\"Comment\",\"target\":[\"https:\\\/\\\/proplo.pl\\\/blog\\\/jak-rozjasnic-ciemny-pokoj\\\/#respond\"]}]},{\"@type\":\"WebPage\",\"@id\":\"https:\\\/\\\/proplo.pl\\\/blog\\\/jak-rozjasnic-ciemny-pokoj\\\/\",\"url\":\"https:\\\/\\\/proplo.pl\\\/blog\\\/jak-rozjasnic-ciemny-pokoj\\\/\",\"name\":\"Jak rozja\u015bni\u0107 ciemny pok\u00f3j? Skuteczne pomys\u0142y - Proplo\",\"isPartOf\":{\"@id\":\"https:\\\/\\\/proplo.pl\\\/blog\\\/#website\"},\"primaryImageOfPage\":{\"@id\":\"https:\\\/\\\/proplo.pl\\\/blog\\\/jak-rozjasnic-ciemny-pokoj\\\/#primaryimage\"},\"image\":{\"@id\":\"https:\\\/\\\/proplo.pl\\\/blog\\\/jak-rozjasnic-ciemny-pokoj\\\/#primaryimage\"},\"thumbnailUrl\":\"https:\\\/\\\/proplo.pl\\\/blog\\\/wp-content\\\/uploads\\\/2025\\\/05\\\/jak-rozjasnic-ciemny-pokoj.png\",\"datePublished\":\"2025-05-14T12:04:18+00:00\",\"dateModified\":\"2025-05-16T09:14:47+00:00\",\"author\":{\"@id\":\"https:\\\/\\\/proplo.pl\\\/blog\\\/#\\\/schema\\\/person\\\/c13af99097d24e9fc2b86b838c0fd0e1\"},\"description\":\"Kilka zmian, a efekt mo\u017ce Ci\u0119 zaskoczy\u0107 \u2013 i to bardzo pozytywnie. Sprawd\u017a pomys\u0142y na to jak rozja\u015bni\u0107 ciemny pok\u00f3j.\",\"breadcrumb\":{\"@id\":\"https:\\\/\\\/proplo.pl\\\/blog\\\/jak-rozjasnic-ciemny-pokoj\\\/#breadcrumb\"},\"inLanguage\":\"pl-PL\",\"potentialAction\":[{\"@type\":\"ReadAction\",\"target\":[\"https:\\\/\\\/proplo.pl\\\/blog\\\/jak-rozjasnic-ciemny-pokoj\\\/\"]}]},{\"@type\":\"ImageObject\",\"inLanguage\":\"pl-PL\",\"@id\":\"https:\\\/\\\/proplo.pl\\\/blog\\\/jak-rozjasnic-ciemny-pokoj\\\/#primaryimage\",\"url\":\"https:\\\/\\\/proplo.pl\\\/blog\\\/wp-content\\\/uploads\\\/2025\\\/05\\\/jak-rozjasnic-ciemny-pokoj.png\",\"contentUrl\":\"https:\\\/\\\/proplo.pl\\\/blog\\\/wp-content\\\/uploads\\\/2025\\\/05\\\/jak-rozjasnic-ciemny-pokoj.png\",\"width\":1200,\"height\":800,\"caption\":\"wn\u0119trze salonu w ciemnych odcieniach z \u017c\u00f3\u0142tym fotelem\"},{\"@type\":\"BreadcrumbList\",\"@id\":\"https:\\\/\\\/proplo.pl\\\/blog\\\/jak-rozjasnic-ciemny-pokoj\\\/#breadcrumb\",\"itemListElement\":[{\"@type\":\"ListItem\",\"position\":1,\"name\":\"Proplo\",\"item\":\"https:\\\/\\\/proplo.pl\"},{\"@type\":\"ListItem\",\"position\":2,\"name\":\"Poradnik wn\u0119trzarski\",\"item\":\"https:\\\/\\\/proplo.pl\\\/blog\\\/\"},{\"@type\":\"ListItem\",\"position\":3,\"name\":\"Jak rozja\u015bni\u0107 ciemny pok\u00f3j &#8211; skuteczne techniki i aran\u017cacyjne triki\"}]},{\"@type\":\"WebSite\",\"@id\":\"https:\\\/\\\/proplo.pl\\\/blog\\\/#website\",\"url\":\"https:\\\/\\\/proplo.pl\\\/blog\\\/\",\"name\":\"Blog Proplo\",\"description\":\"\",\"potentialAction\":[{\"@type\":\"SearchAction\",\"target\":{\"@type\":\"EntryPoint\",\"urlTemplate\":\"https:\\\/\\\/proplo.pl\\\/blog\\\/?s={search_term_string}\"},\"query-input\":{\"@type\":\"PropertyValueSpecification\",\"valueRequired\":true,\"valueName\":\"search_term_string\"}}],\"inLanguage\":\"pl-PL\"},{\"@type\":\"Person\",\"@id\":\"https:\\\/\\\/proplo.pl\\\/blog\\\/#\\\/schema\\\/person\\\/c13af99097d24e9fc2b86b838c0fd0e1\",\"name\":\"Proplo\",\"image\":{\"@type\":\"ImageObject\",\"inLanguage\":\"pl-PL\",\"@id\":\"https:\\\/\\\/secure.gravatar.com\\\/avatar\\\/176f908138148facd74b7d78fc677b53b24a54b63aacd8fc4e81a4da926e5f28?s=96&d=mm&r=g\",\"url\":\"https:\\\/\\\/secure.gravatar.com\\\/avatar\\\/176f908138148facd74b7d78fc677b53b24a54b63aacd8fc4e81a4da926e5f28?s=96&d=mm&r=g\",\"contentUrl\":\"https:\\\/\\\/secure.gravatar.com\\\/avatar\\\/176f908138148facd74b7d78fc677b53b24a54b63aacd8fc4e81a4da926e5f28?s=96&d=mm&r=g\",\"caption\":\"Proplo\"},\"url\":\"https:\\\/\\\/proplo.pl\\\/blog\\\/author\\\/r-marciniak\\\/\"}]}<\/script>\n<!-- \/ Yoast SEO plugin. -->","yoast_head_json":{"title":"Jak rozja\u015bni\u0107 ciemny pok\u00f3j? Skuteczne pomys\u0142y - Proplo","description":"Kilka zmian, a efekt mo\u017ce Ci\u0119 zaskoczy\u0107 \u2013 i to bardzo pozytywnie. Sprawd\u017a pomys\u0142y na to jak rozja\u015bni\u0107 ciemny pok\u00f3j.","robots":{"index":"index","follow":"follow","max-snippet":"max-snippet:-1","max-image-preview":"max-image-preview:large","max-video-preview":"max-video-preview:-1"},"canonical":"https:\/\/proplo.pl\/blog\/jak-rozjasnic-ciemny-pokoj\/","og_locale":"pl_PL","og_type":"article","og_title":"Jak rozja\u015bni\u0107 ciemny pok\u00f3j? Skuteczne pomys\u0142y - Proplo","og_description":"Kilka zmian, a efekt mo\u017ce Ci\u0119 zaskoczy\u0107 \u2013 i to bardzo pozytywnie. Sprawd\u017a pomys\u0142y na to jak rozja\u015bni\u0107 ciemny pok\u00f3j.","og_url":"https:\/\/proplo.pl\/blog\/jak-rozjasnic-ciemny-pokoj\/","og_site_name":"Poradnik wn\u0119trzarski - Proplo","article_published_time":"2025-05-14T12:04:18+00:00","article_modified_time":"2025-05-16T09:14:47+00:00","og_image":[{"width":1200,"height":800,"url":"https:\/\/proplo.pl\/blog\/wp-content\/uploads\/2025\/05\/jak-rozjasnic-ciemny-pokoj.png","type":"image\/png"}],"author":"Proplo","twitter_card":"summary_large_image","twitter_misc":{"Napisane przez":"Proplo","Szacowany czas czytania":"20 minut"},"schema":{"@context":"https:\/\/schema.org","@graph":[{"@type":"Article","@id":"https:\/\/proplo.pl\/blog\/jak-rozjasnic-ciemny-pokoj\/#article","isPartOf":{"@id":"https:\/\/proplo.pl\/blog\/jak-rozjasnic-ciemny-pokoj\/"},"author":{"name":"Proplo","@id":"https:\/\/proplo.pl\/blog\/#\/schema\/person\/c13af99097d24e9fc2b86b838c0fd0e1"},"headline":"Jak rozja\u015bni\u0107 ciemny pok\u00f3j &#8211; skuteczne techniki i aran\u017cacyjne triki","datePublished":"2025-05-14T12:04:18+00:00","dateModified":"2025-05-16T09:14:47+00:00","mainEntityOfPage":{"@id":"https:\/\/proplo.pl\/blog\/jak-rozjasnic-ciemny-pokoj\/"},"wordCount":3858,"commentCount":0,"image":{"@id":"https:\/\/proplo.pl\/blog\/jak-rozjasnic-ciemny-pokoj\/#primaryimage"},"thumbnailUrl":"https:\/\/proplo.pl\/blog\/wp-content\/uploads\/2025\/05\/jak-rozjasnic-ciemny-pokoj.png","articleSection":["Inne"],"inLanguage":"pl-PL","potentialAction":[{"@type":"CommentAction","name":"Comment","target":["https:\/\/proplo.pl\/blog\/jak-rozjasnic-ciemny-pokoj\/#respond"]}]},{"@type":"WebPage","@id":"https:\/\/proplo.pl\/blog\/jak-rozjasnic-ciemny-pokoj\/","url":"https:\/\/proplo.pl\/blog\/jak-rozjasnic-ciemny-pokoj\/","name":"Jak rozja\u015bni\u0107 ciemny pok\u00f3j? Skuteczne pomys\u0142y - Proplo","isPartOf":{"@id":"https:\/\/proplo.pl\/blog\/#website"},"primaryImageOfPage":{"@id":"https:\/\/proplo.pl\/blog\/jak-rozjasnic-ciemny-pokoj\/#primaryimage"},"image":{"@id":"https:\/\/proplo.pl\/blog\/jak-rozjasnic-ciemny-pokoj\/#primaryimage"},"thumbnailUrl":"https:\/\/proplo.pl\/blog\/wp-content\/uploads\/2025\/05\/jak-rozjasnic-ciemny-pokoj.png","datePublished":"2025-05-14T12:04:18+00:00","dateModified":"2025-05-16T09:14:47+00:00","author":{"@id":"https:\/\/proplo.pl\/blog\/#\/schema\/person\/c13af99097d24e9fc2b86b838c0fd0e1"},"description":"Kilka zmian, a efekt mo\u017ce Ci\u0119 zaskoczy\u0107 \u2013 i to bardzo pozytywnie. Sprawd\u017a pomys\u0142y na to jak rozja\u015bni\u0107 ciemny pok\u00f3j.","breadcrumb":{"@id":"https:\/\/proplo.pl\/blog\/jak-rozjasnic-ciemny-pokoj\/#breadcrumb"},"inLanguage":"pl-PL","potentialAction":[{"@type":"ReadAction","target":["https:\/\/proplo.pl\/blog\/jak-rozjasnic-ciemny-pokoj\/"]}]},{"@type":"ImageObject","inLanguage":"pl-PL","@id":"https:\/\/proplo.pl\/blog\/jak-rozjasnic-ciemny-pokoj\/#primaryimage","url":"https:\/\/proplo.pl\/blog\/wp-content\/uploads\/2025\/05\/jak-rozjasnic-ciemny-pokoj.png","contentUrl":"https:\/\/proplo.pl\/blog\/wp-content\/uploads\/2025\/05\/jak-rozjasnic-ciemny-pokoj.png","width":1200,"height":800,"caption":"wn\u0119trze salonu w ciemnych odcieniach z \u017c\u00f3\u0142tym fotelem"},{"@type":"BreadcrumbList","@id":"https:\/\/proplo.pl\/blog\/jak-rozjasnic-ciemny-pokoj\/#breadcrumb","itemListElement":[{"@type":"ListItem","position":1,"name":"Proplo","item":"https:\/\/proplo.pl"},{"@type":"ListItem","position":2,"name":"Poradnik wn\u0119trzarski","item":"https:\/\/proplo.pl\/blog\/"},{"@type":"ListItem","position":3,"name":"Jak rozja\u015bni\u0107 ciemny pok\u00f3j &#8211; skuteczne techniki i aran\u017cacyjne triki"}]},{"@type":"WebSite","@id":"https:\/\/proplo.pl\/blog\/#website","url":"https:\/\/proplo.pl\/blog\/","name":"Blog Proplo","description":"","potentialAction":[{"@type":"SearchAction","target":{"@type":"EntryPoint","urlTemplate":"https:\/\/proplo.pl\/blog\/?s={search_term_string}"},"query-input":{"@type":"PropertyValueSpecification","valueRequired":true,"valueName":"search_term_string"}}],"inLanguage":"pl-PL"},{"@type":"Person","@id":"https:\/\/proplo.pl\/blog\/#\/schema\/person\/c13af99097d24e9fc2b86b838c0fd0e1","name":"Proplo","image":{"@type":"ImageObject","inLanguage":"pl-PL","@id":"https:\/\/secure.gravatar.com\/avatar\/176f908138148facd74b7d78fc677b53b24a54b63aacd8fc4e81a4da926e5f28?s=96&d=mm&r=g","url":"https:\/\/secure.gravatar.com\/avatar\/176f908138148facd74b7d78fc677b53b24a54b63aacd8fc4e81a4da926e5f28?s=96&d=mm&r=g","contentUrl":"https:\/\/secure.gravatar.com\/avatar\/176f908138148facd74b7d78fc677b53b24a54b63aacd8fc4e81a4da926e5f28?s=96&d=mm&r=g","caption":"Proplo"},"url":"https:\/\/proplo.pl\/blog\/author\/r-marciniak\/"}]}},"_links":{"self":[{"href":"https:\/\/proplo.pl\/blog\/wp-json\/wp\/v2\/posts\/695","targetHints":{"allow":["GET"]}}],"collection":[{"href":"https:\/\/proplo.pl\/blog\/wp-json\/wp\/v2\/posts"}],"about":[{"href":"https:\/\/proplo.pl\/blog\/wp-json\/wp\/v2\/types\/post"}],"author":[{"embeddable":true,"href":"https:\/\/proplo.pl\/blog\/wp-json\/wp\/v2\/users\/3"}],"replies":[{"embeddable":true,"href":"https:\/\/proplo.pl\/blog\/wp-json\/wp\/v2\/comments?post=695"}],"version-history":[{"count":5,"href":"https:\/\/proplo.pl\/blog\/wp-json\/wp\/v2\/posts\/695\/revisions"}],"predecessor-version":[{"id":715,"href":"https:\/\/proplo.pl\/blog\/wp-json\/wp\/v2\/posts\/695\/revisions\/715"}],"wp:featuredmedia":[{"embeddable":true,"href":"https:\/\/proplo.pl\/blog\/wp-json\/wp\/v2\/media\/697"}],"wp:attachment":[{"href":"https:\/\/proplo.pl\/blog\/wp-json\/wp\/v2\/media?parent=695"}],"wp:term":[{"taxonomy":"category","embeddable":true,"href":"https:\/\/proplo.pl\/blog\/wp-json\/wp\/v2\/categories?post=695"},{"taxonomy":"post_tag","embeddable":true,"href":"https:\/\/proplo.pl\/blog\/wp-json\/wp\/v2\/tags?post=695"}],"curies":[{"name":"wp","href":"https:\/\/api.w.org\/{rel}","templated":true}]}}