{"id":681,"date":"2025-05-14T10:33:35","date_gmt":"2025-05-14T09:33:35","guid":{"rendered":"https:\/\/proplo.pl\/blog\/?p=681"},"modified":"2025-05-14T10:55:18","modified_gmt":"2025-05-14T09:55:18","slug":"oswietlenie-salonu","status":"publish","type":"post","link":"https:\/\/proplo.pl\/blog\/oswietlenie-salonu\/","title":{"rendered":"O\u015bwietlenie salonu \u2013 jak stworzy\u0107 funkcjonalne i stylowe wn\u0119trze?"},"content":{"rendered":"<div class=\"you-find-content\">\r\n    <div class=\"container-xl container-wrapper\">\r\n        <div class=\"row design\">\r\n            <div class=\"col-md-12 wrapper \">\r\n                <div class=\"title\"><p>Z tego artyku\u0142u dowiesz si\u0119:<\/p>\n<\/div>\r\n                <div class=\"grid-wrapper\">\r\n                                                        <div class=\"block-list\">\r\n                        <div class=\"number\">\r\n                            1                        <\/div>\r\n                        <div class=\"text\">\r\n                            <p>Jak zaplanowa\u0107 o\u015bwietlenie, by salon by\u0142 przytulny i funkcjonalny?<\/p>\n                        <\/div>\r\n                    <\/div>\r\n                                        <div class=\"block-list\">\r\n                        <div class=\"number\">\r\n                            2                        <\/div>\r\n                        <div class=\"text\">\r\n                            <p>Jakie s\u0105 rodzaje \u015bwiat\u0142a i jak je skutecznie ze sob\u0105 \u0142\u0105czy\u0107?<\/p>\n                        <\/div>\r\n                    <\/div>\r\n                                        <div class=\"block-list\">\r\n                        <div class=\"number\">\r\n                            3                        <\/div>\r\n                        <div class=\"text\">\r\n                            <p>Jak dobra\u0107 lampy do stylu i wielko\u015bci salonu?<\/p>\n                        <\/div>\r\n                    <\/div>\r\n                                        <div class=\"block-list\">\r\n                        <div class=\"number\">\r\n                            4                        <\/div>\r\n                        <div class=\"text\">\r\n                            <p>Jakie b\u0142\u0119dy w aran\u017cacji o\u015bwietlenia warto omija\u0107?<\/p>\n                        <\/div>\r\n                    <\/div>\r\n                                                    <\/div>\r\n            <\/div>\r\n        <\/div>\r\n    <\/div>\r\n<\/div>\n\n\n<p>Salon to serce domu. To tutaj odpoczywamy po ci\u0119\u017ckim dniu, sp\u0119dzamy czas z rodzin\u0105 i przyjmujemy go\u015bci. Ta przestrze\u0144 ma ogromny potencja\u0142, a jednym z kluczowych element\u00f3w, kt\u00f3ry decyduje o jej charakterze i funkcjonalno\u015bci, jest \u015bwiat\u0142o. Cz\u0119sto niedoceniane, a przecie\u017c to w\u0142a\u015bnie ono buduje nastr\u00f3j, podkre\u015bla atuty wn\u0119trza i sprawia, \u017ce czujemy si\u0119 w nim komfortowo. <strong>Ale jak zaprojektowa\u0107 o\u015bwietlenie podstawowe w salonie, by naprawd\u0119 sta\u0142 si\u0119 przytulny?<\/strong><\/p>\n\n\n\n<p>Wiele os\u00f3b traktuje o\u015bwietlenie nieco po macoszemu, ograniczaj\u0105c si\u0119 do jednej lampy wisz\u0105cej na \u015brodku sufitu. Efekt? <strong>Cz\u0119sto p\u0142askie, niedo\u015bwietlone wn\u0119trze, kt\u00f3re nie wykorzystuje swojego potencja\u0142u<\/strong>. Tymczasem najlepsze pomys\u0142y na o\u015bwietlenie salonu opieraj\u0105 si\u0119 na zrozumieniu roli \u015bwiat\u0142a i umiej\u0119tnym po\u0142\u0105czeniu lamp sufitowych z dodatkowym \u017ar\u00f3d\u0142em \u015bwiat\u0142a. Poka\u017cemy Ci, jak podej\u015b\u0107 do tematu strategicznie i stworzy\u0107 pi\u0119kn\u0105 i komfortow\u0105 przestrze\u0144, unikaj\u0105c przy tym powszechnych pu\u0142apek.<\/p>\n\n\n\n<h2 class=\"wp-block-heading\">Rodzaje o\u015bwietlenia w salonie<\/h2>\n\n\n\n<p>Zanim zaczniemy wybiera\u0107 konkretne modele lamp dekoracyjnych, musimy zrozumie\u0107, \u017ce o\u015bwietlenie w salonie pe\u0142ni r\u00f3\u017cne funkcje. Zasadniczo dzielimy je na trzy g\u0142\u00f3wne rodzaje, kt\u00f3re powinny ze sob\u0105 wsp\u00f3\u0142gra\u0107, tworz\u0105c sp\u00f3jn\u0105 i funkcjonaln\u0105 ca\u0142o\u015b\u0107.<\/p>\n\n\n\n<ol class=\"wp-block-list\">\n<li><strong>O\u015bwietlenie podstawowe w salonie (og\u00f3lne)<\/strong>, cz\u0119sto realizowane jest przez <strong>lampy sufitowe, plafony, systemy szynowe czy wbudowane profile LED. <\/strong>Jego g\u0142\u00f3wnym zadaniem jest zapewnienie r\u00f3wnomiernej widoczno\u015bci w ca\u0142ym pomieszczeniu po zmroku. To &#8222;t\u0142o&#8221; dla pozosta\u0142ych \u017ar\u00f3de\u0142 \u015bwiat\u0142a.<\/li>\n\n\n\n<li><strong>O\u015bwietlenie zadaniowe (funkcjonalne)<\/strong> ma u\u0142atwi\u0107 nam wykonywanie konkretnych czynno\u015bci, czyli np. czytanie, prac\u0119 przy biurku czy przygotowywanie posi\u0142k\u00f3w przy blacie w aneksie kuchennym po\u0142\u0105czonym z salonem.<\/li>\n\n\n\n<li><strong>O\u015bwietlenie nastrojowe (akcentuj\u0105ce) <\/strong>jest niczym artysta kszta\u0142tuj\u0105cy dusz\u0119 salonu. Subtelne mu\u015bni\u0119cia \u015bwiat\u0142a z kinkiet\u00f3w, \u0142agodna po\u015bwiata o\u015bwietlenia po\u015bredniego odbijaj\u0105ca si\u0119 od \u015bcian, czy precyzyjne punktowe o\u015bwietlenie, kt\u00f3re wydobywa pi\u0119kno obraz\u00f3w i rze\u017ab \u2013 wszystko to buduje przytuln\u0105 atmosfer\u0119. Takie dekoracyjne o\u015bwietlenie nadaje wn\u0119trzu g\u0142\u0119bi i osobistego rysu, sprawiaj\u0105c, \u017ce po ci\u0119\u017ckim dniu w pracy wreszcie mo\u017cemy odetchn\u0105\u0107 z ulg\u0105.<\/li>\n<\/ol>\n\n\n\n<p>R\u00f3wnie istotnym, cho\u0107 cz\u0119sto niedocenianym, elementem jest <strong>o\u015bwietlenie boczne<\/strong>. Jest emitowane najcz\u0119\u015bciej z poziomu \u015bcian i potrafi nada\u0107 wn\u0119trzu prawdziwie wyrafinowanego charakteru i funkcjonalno\u015bci. Nie chodzi tu tylko o klasyczne kinkiety, poniewa\u017c funkcj\u0119 o\u015bwietlenia bocznego mog\u0105 r\u00f3wnie\u017c pe\u0142ni\u0107 eleganckie lampy sto\u0142owe ustawione na komodach czy konsolach, smuk\u0142e lampy pod\u0142ogowe rzucaj\u0105ce \u015bwiat\u0142o na konkretne strefy, a nawet dyskretne ta\u015bmy LED podkre\u015blaj\u0105ce architektoniczne detale lub linie mebli.<\/p>\n\n\n\n<figure class=\"wp-block-image size-full\"><a href=\"https:\/\/proplo.pl\/profile\/aleksandra-gajewska-design\/projekt\/projekt-mieszkania-1414?clickcount=10623\"><img loading=\"lazy\" decoding=\"async\" width=\"1200\" height=\"800\" src=\"https:\/\/proplo.pl\/blog\/wp-content\/uploads\/2025\/05\/wiele-z\u0301ro\u0301del-os\u0301wietlenia-salonu.png\" alt=\"Wn\u0119trze salonu z meblami boho i nowoczesnymi akcentami, jasne kolory.\" class=\"wp-image-685\" srcset=\"https:\/\/proplo.pl\/blog\/wp-content\/uploads\/2025\/05\/wiele-z\u0301ro\u0301del-os\u0301wietlenia-salonu.png 1200w, https:\/\/proplo.pl\/blog\/wp-content\/uploads\/2025\/05\/wiele-z\u0301ro\u0301del-os\u0301wietlenia-salonu-300x200.png 300w, https:\/\/proplo.pl\/blog\/wp-content\/uploads\/2025\/05\/wiele-z\u0301ro\u0301del-os\u0301wietlenia-salonu-768x512.png 768w, https:\/\/proplo.pl\/blog\/wp-content\/uploads\/2025\/05\/wiele-z\u0301ro\u0301del-os\u0301wietlenia-salonu-1024x683.png 1024w, https:\/\/proplo.pl\/blog\/wp-content\/uploads\/2025\/05\/wiele-z\u0301ro\u0301del-os\u0301wietlenia-salonu-480x320.png 480w\" sizes=\"auto, (max-width: 1200px) 100vw, 1200px\" \/><\/a><figcaption class=\"wp-element-caption\">Projekt: <a href=\"https:\/\/proplo.pl\/profile\/aleksandra-gajewska-design\">Aleksandra Gajewska design<\/a><\/figcaption><\/figure>\n\n\n\n<h2 class=\"wp-block-heading\">Wyb\u00f3r odpowiednich lamp do salonu<\/h2>\n\n\n\n<p>Maj\u0105c ju\u017c \u015bwiadomo\u015b\u0107 r\u00f3\u017cnych r\u00f3l, jakie odgrywa \u015bwiat\u0142o, mo\u017cemy z wi\u0119ksz\u0105 pewno\u015bci\u0105 wkroczy\u0107 do \u015bwiata konkretnych form. Wyb\u00f3r odpowiednich lamp do salonu, to poszukiwanie obiekt\u00f3w, kt\u00f3re stan\u0105 si\u0119 bi\u017cuteri\u0105 dla naszego wn\u0119trza, podkre\u015blaj\u0105c jego styl i dodaj\u0105c mu splendoru.<\/p>\n\n\n\n<p>Pomy\u015bl o lampach jak o rze\u017abach, kt\u00f3re o\u017cywaj\u0105 po zmroku. Mog\u0105 by\u0107 dyskretnym t\u0142em lub gra\u0107 pierwsze skrzypce w aran\u017cacji.<strong> Od l\u015bni\u0105cych kryszta\u0142owych \u017cyrandoli do salonu, przez modne lampy wisz\u0105ce kule z mlecznego szk\u0142a, a\u017c po surowe lampy industrialne \u2013 ka\u017cda oprawa niesie ze sob\u0105 inny \u0142adunek estetyczny<\/strong>. \u015awiadomy wyb\u00f3r odpowiednich lamp polega na znalezieniu tych form, kt\u00f3re najlepiej opowiedz\u0105 histori\u0119 Twojego wn\u0119trza i gustu.<\/p>\n\n\n\n<h3 class=\"wp-block-heading\">Jak dopasowa\u0107 lampy do stylu wn\u0119trza?<\/h3>\n\n\n\n<p>Jak wi\u0119c odnale\u017a\u0107 idealn\u0105 opraw\u0119 lampy w ogromnym oceanie mo\u017cliwo\u015bci? Kluczem jest ws\u0142uchanie si\u0119 w g\u0142os w\u0142asnego wn\u0119trza i\u2026 serca. Jaki styl dominuje w Twoim domu? <strong>Je\u015bli jest to kr\u00f3lestwo <\/strong><a target=\"_blank\" rel=\"noreferrer noopener\" href=\"https:\/\/proplo.pl\/style\/skandynawski\"><strong>skandynawskiego minimalizmu<\/strong><\/a><strong>, postaw na proste lampy do salonu z jasnego drewna i metalu.<\/strong> Je\u015bli bli\u017csza jest Ci przytulna nonszalancja<a target=\"_blank\" rel=\"noreferrer noopener\" href=\"https:\/\/proplo.pl\/style\/boho\"><strong> boho<\/strong><\/a>, wybierz lampy boho z naturalnych plecionek i lampy z aba\u017curami w ciep\u0142ych barwach.<\/p>\n\n\n\n<p>A je\u015bli cenisz ponadczasow\u0105 elegancj\u0119, by\u0107 mo\u017ce skusisz si\u0119 na wytworne lampy kryszta\u0142owe lub klasyczne formy z mosi\u0119\u017cnym wyko\u0144czeniem.<strong> Mi\u0142o\u015bnicy loft\u00f3w z pewno\u015bci\u0105 doceni\u0105 charakter lamp w stylu loft \u2013 surowych, metalowych, cz\u0119sto z dekoracyjnymi \u017car\u00f3wkami<\/strong>. Natomiast w <a target=\"_blank\" rel=\"noreferrer noopener\" href=\"https:\/\/proplo.pl\/style\/nowoczesny\"><strong>nowoczesnych przestrzeniach<\/strong><\/a> doskonale odnajd\u0105 si\u0119 nowoczesne lampy sufitowe o geometrycznych kszta\u0142tach.<\/p>\n\n\n\n<p>Harmonia nie oznacza nudy \u2013 czasem jeden odwa\u017cny akcent, np. designerska lampa sto\u0142owa o rze\u017abiarskiej formie lub smuk\u0142a lampa stoj\u0105ca rzucaj\u0105ca intryguj\u0105cy snop \u015bwiat\u0142a, mo\u017ce nada\u0107 wn\u0119trzu zupe\u0142nie nowy wymiar, staj\u0105c si\u0119 jego wyrazistym punktem centralnym. Ale aran\u017cacyjna opowie\u015b\u0107 salonu nie ko\u0144czy si\u0119 na g\u0142\u00f3wnych aktorach \u015bwietlnej sceny. <strong>Nie zapominajmy te\u017c o dyskretnych bohaterach drugiego planu, czyli lampach obrazowych, kt\u00f3re z niezwyk\u0142\u0105 finezj\u0105 pozwalaj\u0105 wyeksponowa\u0107 to, co dla nas cenne i co definiuje nasz\u0105 osobist\u0105 histori\u0119<\/strong>. Lampy do o\u015bwietlenia obraz\u00f3w cz\u0119sto maj\u0105 pod\u0142u\u017cn\u0105 linearn\u0105 form\u0119. Montuje si\u0119 je zazwyczaj bezpo\u015brednio nad dzie\u0142em sztuki, grafik\u0105 czy fotografi\u0105. Ich zadaniem nie jest epatowanie w\u0142asnym blaskiem, lecz precyzyjne i r\u00f3wnomierne o\u015bwietlenie powierzchni obrazu, wydobycie g\u0142\u0119bi kolor\u00f3w, subtelno\u015bci poci\u0105gni\u0119\u0107 p\u0119dzla czy detali fotografii, kt\u00f3re inaczej mog\u0142yby umkn\u0105\u0107 uwadze w og\u00f3lnym o\u015bwietleniu.<\/p>\n\n\n\n<h3 class=\"wp-block-heading\">O\u015bwietlenie do ma\u0142ego i du\u017cego salonu \u2013 kluczowe r\u00f3\u017cnice<\/h3>\n\n\n\n<p>Jednak sama estetyka to nie wszystko. R\u00f3wnie wa\u017cna jest skala i proporcja, poniewa\u017c to, co zachwyca w<a target=\"_blank\" rel=\"noreferrer noopener\" href=\"https:\/\/proplo.pl\/profile\/architektura-wnetrz-tomasz-wesolowski\/projekt\/salon-kuchnia-loft-935\"><strong>przestronnym lofcie<\/strong><\/a>, mo\u017ce przyt\u0142oczy\u0107 niewielki salon w kamienicy. Je\u015bli zatem poszukujesz lampy do ma\u0142ego salonu, my\u015bl o lekko\u015bci i funkcjonalno\u015bci. <strong>Zamiast ci\u0119\u017ckich, wisz\u0105cych form, wybierz p\u0142askie lampy sufitowe LED lub kilka delikatnych punkt\u00f3w \u015bwietlnych<\/strong>. Cenn\u0105 przestrze\u0144 na pod\u0142odze pomog\u0105 zaoszcz\u0119dzi\u0107 eleganckie kinkiety do salonu lub smuk\u0142e lampy pod\u0142ogowe, kt\u00f3re dodadz\u0105 wn\u0119trzu pionowych linii. Wykorzystaj te\u017c magi\u0119 o\u015bwietlenia po\u015bredniego, kt\u00f3re odbijaj\u0105c si\u0119 od jasnych powierzchni, stworzy iluzj\u0119 wi\u0119kszej przestrzeni.<\/p>\n\n\n\n<p>Zupe\u0142nie inne mo\u017cliwo\u015bci daj\u0105 lampy do du\u017cego salonu. Tu mo\u017cemy pozwoli\u0107 sobie na wi\u0119cej rozmachu i bardziej okaza\u0142e formy, kt\u00f3re stan\u0105 si\u0119 g\u0142\u00f3wnym punktem aran\u017cacji. <strong>Ale uwaga \u2013 du\u017ca przestrze\u0144 wymaga starannego planowania i wydzielenia stref salonu za pomoc\u0105 \u015bwiat\u0142a<\/strong>. Stworzysz przytuln\u0105 wysp\u0119 wok\u00f3\u0142 sofy za pomoc\u0105 lampy stoj\u0105cej, zdefiniuj stref\u0119 jadalnian\u0105 wyrazist\u0105 lamp\u0105 wisz\u0105c\u0105, a k\u0105cik do pracy do\u015bwietl precyzyjnym \u015bwiat\u0142em zadaniowym.<\/p>\n\n\n\n<p>W du\u017cych strefach salonu niezast\u0105pione mog\u0105 okaza\u0107 si\u0119 <strong>systemy szynowe do o\u015bwietlenia<\/strong>, kt\u00f3re oferuj\u0105 niezwyk\u0142\u0105 elastyczno\u015b\u0107 w aran\u017cacji. Szynato listwa, najcz\u0119\u015bciej wykonana z metalu, kt\u00f3r\u0105 montuje si\u0119 bezpo\u015brednio do sufitu (natynkowo), wpuszcza w sufit (podtynkowo) lub podwiesza na linkach. Wewn\u0105trz szyny znajduj\u0105 si\u0119 przewody elektryczne, kt\u00f3re dostarczaj\u0105 zasilanie do zamontowanych na niej opraw. Szyny mog\u0105 mie\u0107 r\u00f3\u017cn\u0105 d\u0142ugo\u015b\u0107 i mo\u017cna je \u0142\u0105czy\u0107 za pomoc\u0105 specjalnych \u0142\u0105cznik\u00f3w, tworz\u0105c rozbudowane uk\u0142ady dopasowane do kszta\u0142tu pomieszczenia i potrzeb. <strong>Mo\u017cesz dowolnie przesuwa\u0107 poszczeg\u00f3lne lampy wzd\u0142u\u017c szyny<\/strong>. Je\u015bli zmienisz uk\u0142ad mebli, np. przesuniesz st\u00f3\u0142 jadalniany w salonie, r\u00f3wnie \u0142atwo przesuniesz reflektor nad nowy blat, bez konieczno\u015bci kucia \u015bcian czy przerabiania instalacji elektrycznej.<\/p>\n\n\n\n<h2 class=\"wp-block-heading\">Parametry o\u015bwietlenia wp\u0142ywaj\u0105ce na komfort u\u017cytkowania<\/h2>\n\n\n\n<p>Gdy ju\u017c wiemy, jakie formy i rozmiary najlepiej sprawdz\u0105 si\u0119 w naszej przestrzeni, pora zajrze\u0107 g\u0142\u0119biej \u2013 do serca samej \u017car\u00f3wki. <strong>Bo to w\u0142a\u015bnie barwa i nat\u0119\u017cenie \u015bwiat\u0142a, decyduj\u0105 ostatecznie o tym, jak b\u0119dziemy si\u0119 czu\u0107 w naszym <\/strong><a target=\"_blank\" rel=\"noreferrer noopener\" href=\"https:\/\/proplo.pl\/inspiracje\/salon\"><strong>salonie<\/strong><\/a>. To subtelna, ale niezwykle wa\u017cna materia, kt\u00f3ra wp\u0142ywa na nasz nastr\u00f3j, poziom energii i komfort widzenia.<\/p>\n\n\n\n<p>\u015awiadome aran\u017cacje o\u015bwietlenia salonu bior\u0105 pod uwag\u0119 t\u0119 cich\u0105 moc \u015bwiat\u0142a. Tworz\u0105c odpowiednie o\u015bwietlenie, my\u015blimy nie tylko o designie oprawy, ale przede wszystkim o jako\u015bci i charakterze samego \u015bwiat\u0142a \u2013 o tym, czy b\u0119dzie ono naszym sprzymierze\u0144cem w chwilach relaksu, czy mo\u017ce doda nam energii do dzia\u0142ania.<\/p>\n\n\n\n<h3 class=\"wp-block-heading\">Barwa \u015bwiat\u0142a \u2013 jak wp\u0142ywa na atmosfer\u0119 w salonie?<\/h3>\n\n\n\n<p>Czy wiesz, \u017ce \u015bwiat\u0142o ma swoj\u0105 temperatur\u0119? <strong>Barwa \u015bwiat\u0142a, mierzona w Kelwinach (K), okre\u015bla, czy jest ono ciep\u0142e, neutralne czy zimne<\/strong>. Ciep\u0142a barwa (ok. 2700-3000 K) przypomina blask zachodz\u0105cego s\u0142o\u0144ca lub p\u0142omienia \u015bwiecy. Otula wn\u0119trze z\u0142otaw\u0105 po\u015bwiat\u0105, tworzy atmosfer\u0119 intymno\u015bci, relaksu i bezpiecze\u0144stwa. To w\u0142a\u015bnie taka barwa powinna dominowa\u0107 w o\u015bwietleniu do strefy relaksu. Sprawdzi si\u0119 tak\u017ce jako o\u015bwietlenie do jadalni w salonie, uprzyjemniaj\u0105c wsp\u00f3lne posi\u0142ki z rodzin\u0105 i przyjaci\u00f3\u0142mi.<\/p>\n\n\n\n<p>\u015awiat\u0142o neutralne (ok. 4000 K) jest bardziej zbli\u017cone do naturalnego \u015bwiat\u0142a dziennego. Wiernie oddaje kolory, sprzyja koncentracji, dlatego sprawdzi si\u0119 jako <strong>o\u015bwietlenie do strefy roboczej<\/strong> w salonie lub przy lustrze.<\/p>\n\n\n\n<p>Zimna barwa (powy\u017cej 5000 K) jest najbardziej pobudzaj\u0105ca, ale w salonie stosujmy j\u0105 z umiarem, np. w formie <strong>o\u015bwietlenia akcentowego<\/strong>, by nie stworzy\u0107 zbyt surowego, laboratoryjnego klimatu. Mo\u017cesz \u017conglowa\u0107 barwami w zale\u017cno\u015bci od funkcji, jak\u0105 pe\u0142ni dana strefa.<\/p>\n\n\n\n<h3 class=\"wp-block-heading\">Nat\u0119\u017cenie \u015bwiat\u0142a \u2013 ile lumen\u00f3w potrzeba w salonie?<\/h3>\n\n\n\n<p>Nat\u0119\u017cenie \u015bwiat\u0142a, czyli po prostu jego jasno\u015b\u0107, mierzymy w lumenach (lm). <strong>Ale sk\u0105d wiedzie\u0107, jaka ilo\u015b\u0107 tych lumen\u00f3w b\u0119dzie optymalna dla naszego salonu?<\/strong> Ot\u00f3\u017c, odpowiednia ilo\u015b\u0107 \u015bwiat\u0142a zale\u017cy od wielu czynnik\u00f3w:<\/p>\n\n\n\n<ul class=\"wp-block-list\">\n<li>wielko\u015bci salonu,<\/li>\n\n\n\n<li>kolorystyki (ciemne barwy poch\u0142aniaj\u0105 \u015bwiat\u0142o),<\/li>\n\n\n\n<li>wieku domownik\u00f3w,<\/li>\n\n\n\n<li>przeznaczenia poszczeg\u00f3lnych stref,<\/li>\n\n\n\n<li>naszych indywidualnych preferencji.<\/li>\n<\/ul>\n\n\n\n<p>Og\u00f3lnie przyjmuje si\u0119, <strong>\u017ce na o\u015bwietlenie podstawowe w salonie potrzeba ok. 150-200 lumen\u00f3w na metr kwadratowy<\/strong>. W miejscach wymagaj\u0105cych precyzji, czyli np. w k\u0105ciku do czytania, warto\u015b\u0107 ta powinna by\u0107 wy\u017csza (ok. 400-500 lm). Jednak zamiast sztywno trzyma\u0107 si\u0119 liczb, warto postawi\u0107 na elastyczno\u015b\u0107. Tutaj z pomoc\u0105 przychodz\u0105 \u015bciemniacze \u2013 nieocenione narz\u0119dzie w ka\u017cdym nowocze\u015bnie zaprojektowanym salonie. Daj\u0105 nam one mo\u017cliwo\u015b\u0107 p\u0142ynnej regulacji intensywno\u015bci o\u015bwietlenia sufitowego salonu oraz o\u015bwietlenia strefowego. Dzi\u0119ki temu mo\u017cemy \u0142atwo dostosowa\u0107 jasno\u015b\u0107 do sytuacji i np. stworzy\u0107 nastrojowy p\u00f3\u0142mrok na wiecz\u00f3r filmowy lub romantyczn\u0105 kolacj\u0119.<\/p>\n\n\n\n<figure class=\"wp-block-image size-full\"><a href=\"https:\/\/proplo.pl\/profile\/modra-pracownia-magdalena-szymczak\/projekt\/wnetrze-w-wiejskim-stylu-zielona-kuchnia-i-rustykalne-akcenty-1080?clickcount=8458\"><img loading=\"lazy\" decoding=\"async\" width=\"1200\" height=\"800\" src=\"https:\/\/proplo.pl\/blog\/wp-content\/uploads\/2025\/05\/najlepsze-os\u0301wietlenie-salonu.png\" alt=\"Wn\u0119trze salonu w stylach boho i vintage z jasnymi meblami i ro\u015blinami.\" class=\"wp-image-689\" srcset=\"https:\/\/proplo.pl\/blog\/wp-content\/uploads\/2025\/05\/najlepsze-os\u0301wietlenie-salonu.png 1200w, https:\/\/proplo.pl\/blog\/wp-content\/uploads\/2025\/05\/najlepsze-os\u0301wietlenie-salonu-300x200.png 300w, https:\/\/proplo.pl\/blog\/wp-content\/uploads\/2025\/05\/najlepsze-os\u0301wietlenie-salonu-768x512.png 768w, https:\/\/proplo.pl\/blog\/wp-content\/uploads\/2025\/05\/najlepsze-os\u0301wietlenie-salonu-1024x683.png 1024w, https:\/\/proplo.pl\/blog\/wp-content\/uploads\/2025\/05\/najlepsze-os\u0301wietlenie-salonu-480x320.png 480w\" sizes=\"auto, (max-width: 1200px) 100vw, 1200px\" \/><\/a><figcaption class=\"wp-element-caption\">Projekt: <a href=\"https:\/\/proplo.pl\/profile\/modra-pracownia-magdalena-szymczak\">MODRA pracownia Magdalena Szymczak<\/a><\/figcaption><\/figure>\n\n\n\n<h2 class=\"wp-block-heading\">Energooszcz\u0119dne i inteligentne o\u015bwietlenie<\/h2>\n\n\n\n<p>Nowoczesne technologie nieustannie podsuwaj\u0105 nam rozwi\u0105zania, kt\u00f3re pozwalaj\u0105 \u0142\u0105czy\u0107 wyrafinowan\u0105 estetyk\u0119 z trosk\u0105 o \u015brodowisko i wygod\u0105 u\u017cytkowania. Energooszcz\u0119dne lampy LED to ju\u017c nie tyle trend, lecz \u015bwiadomy standard.<strong> A coraz \u015bmielej wkraczaj\u0105ce do naszych dom\u00f3w inteligentne o\u015bwietlenie otwiera przed nami zupe\u0142nie nowe mo\u017cliwo\u015bci kreowania domowej przestrzeni.<\/strong><\/p>\n\n\n\n<p>Wybieraj\u0105c te technologie, inwestujemy w przysz\u0142o\u015b\u0107 \u2013 ni\u017csz\u0105 emisj\u0119 CO2, ni\u017csze rachunki za pr\u0105d, ale przede wszystkim w nasz codzienny komfort. Inteligentne systemy pozwalaj\u0105 na tworzenie spersonalizowanych scen \u015bwietlnych i zarz\u0105dzanie o\u015bwietleniem z dowolnego miejsca.<\/p>\n\n\n\n<h3 class=\"wp-block-heading\">Lampy LED \u2013 zalety i zastosowanie w salonie<\/h3>\n\n\n\n<p>Technologia lamp LED (diod elektroluminescencyjnych) to prawdziwa rewolucja, kt\u00f3ra na nowo zdefiniowa\u0142a nasze my\u015blenie o \u015bwietle w domowych przestrzeniach. <strong>Jej si\u0142a tkwi w unikalnym po\u0142\u0105czeniu dyskretnej elegancji, imponuj\u0105cej wydajno\u015bci i niemal nieograniczonych mo\u017cliwo\u015bciach adaptacyjnych<\/strong>. \u017bar\u00f3wki LED s\u0105 synonimem d\u0142ugowieczno\u015bci i energooszcz\u0119dno\u015bci. Potrafi\u0105 \u015bwieci\u0107 przez dziesi\u0105tki tysi\u0119cy godzin, zu\u017cywaj\u0105c przy tym u\u0142amek energii potrzebnej \u017car\u00f3wkom halogenowym. To przek\u0142ada si\u0119 nie tylko na ni\u017csze rachunki, ale i na mniejszy \u015blad w\u0119glowy.<\/p>\n\n\n\n<p>Jednak pragmatyzm to tylko cz\u0119\u015b\u0107 historii. Technologia LED otworzy\u0142a przed projektantami zupe\u0142nie nowe horyzonty estetyczne. <strong>Dzi\u0119ki miniaturyzacji \u017ar\u00f3de\u0142 \u015bwiat\u0142a, mo\u017cliwe sta\u0142o si\u0119 tworzenie ultracienkich lamp ledowych, kt\u00f3re niemal znikaj\u0105 na tle sufitu, czy filigranowych, nowoczesnych lamp led<\/strong>, kt\u00f3rych \u015bwietliste linie i organiczne kszta\u0142ty zdaj\u0105 si\u0119 unosi\u0107 w powietrzu, tworz\u0105c efekt lekko\u015bci i nowoczesno\u015bci. Co wi\u0119cej, lampy LED oferuj\u0105 doskona\u0142\u0105 jako\u015b\u0107 \u015bwiat\u0142a. Kluczowy jest tu wysoki <strong>wsp\u00f3\u0142czynnik oddawania barw (CRI)<\/strong>, dzi\u0119ki kt\u00f3remu kolory we wn\u0119trzu wygl\u0105daj\u0105 naturalnie i zgodnie z zamierzeniem <a target=\"_blank\" rel=\"noreferrer noopener\" href=\"https:\/\/proplo.pl\/search?utf8=%E2%9C%93&amp;search%5Bservice%5D%5B%5D=&amp;search%5Bcity%5D%5B%5D=&amp;search%5Bstyle%5D%5B%5D=&amp;commit=Szukaj#list\"><strong>projektanta<\/strong><\/a>. Diody LED daj\u0105 nam r\u00f3wnie\u017c ogromn\u0105 swobod\u0119 w wyborze temperatury barwowej \u2013 od ciep\u0142ych, otulaj\u0105cych ton\u00f3w idealnych do strefy relaksu, po neutralne i ch\u0142odne barwy sprzyjaj\u0105ce koncentracji. Niekt\u00f3re \u017car\u00f3wki LED oferuj\u0105 nawet pe\u0142n\u0105 palet\u0119 barw RGBW, pozwalaj\u0105c na kreowanie dynamicznych scen \u015bwietlnych za pomoc\u0105 kolorowego \u015bwiat\u0142a.<\/p>\n\n\n\n<p>W roli o\u015bwietlenia podstawowego w salonie doskonale sprawdzaj\u0105 si\u0119 wspomniane lampy ledowe sufitowe. <strong>Mo\u017cemy wykorzysta\u0107 je zar\u00f3wno w formie minimalistycznych paneli, wpuszczanych downlight\u00f3w, kt\u00f3re tworz\u0105 efekt &#8222;czystego&#8221; sufitu, jak i bardziej dekoracyjnych opraw<\/strong>, w przypadku kt\u00f3rych lampa sufitowa LED sama w sobie jest elementem ozdobnym. W o\u015bwietleniu zadaniowym precyzja diod LED jest niezast\u0105piona. Skupione \u015bwiat\u0142o lampki do czytania zintegrowanej z diod\u0105 LED, dyskretne o\u015bwietlenie pod szafkami w aneksie barowym czy funkcjonalna lampa biurkowa pozwalaj\u0105 na komfortowe wykonywanie r\u00f3\u017cnych czynno\u015bci.<strong> Jednak pe\u0142ni\u0119 swoich mo\u017cliwo\u015bci lampy LED pokazuj\u0105 w o\u015bwietleniu dekoracyjnym i akcentuj\u0105cym<\/strong>. Subtelne ta\u015bmy LED ukryte we wn\u0119kach sufitowych (tzw. o\u015bwietlenie typu cove) potrafi\u0105 stworzy\u0107 magiczn\u0105 po\u015bwiat\u0119, optycznie podnosz\u0105c sufit. Pod\u015bwietlenie telewizora czy obraz\u00f3w nie tylko tworzy atrakcyjny punkt centralny, ale te\u017c zmniejsza zm\u0119czenie wzroku.<\/p>\n\n\n\n<h3 class=\"wp-block-heading\">Inteligentne o\u015bwietlenie \u2013 sterowanie \u015bwiat\u0142em za pomoc\u0105 aplikacji<\/h3>\n\n\n\n<p>Swiat\u0142o w Twoim salonie mo\u017ce jednak sta\u0107 si\u0119 bardziej intuicyjne i reagowa\u0107 na Twoje potrzeby niemal telepatycznie. Jak mo\u017cna to osi\u0105gn\u0105\u0107? <strong>Inteligentne o\u015bwietlenie przenosi nas w ten wymiar, oferuj\u0105c mo\u017cliwo\u015b\u0107 dyrygowania atmosfer\u0105 za pomoc\u0105 aplikacji, g\u0142osu, inteligentnych prze\u0142\u0105cznik\u00f3w, a nawet pozwalaj\u0105c na pe\u0142n\u0105 automatyzacj\u0119<\/strong>. To cyfrowa paleta nastroj\u00f3w na wyci\u0105gni\u0119cie r\u0119ki, oparta na wsp\u00f3\u0142pracy inteligentnych \u017car\u00f3wek, czujnik\u00f3w i zaawansowanych system\u00f3w sterowania.<\/p>\n\n\n\n<p>Najwa\u017cniejsze mo\u017cliwo\u015bci i korzy\u015bci inteligentnego o\u015bwietlenia w salonie to:<\/p>\n\n\n\n<ul class=\"wp-block-list\">\n<li><strong>tworzenie i aktywacja scen \u015bwietlnych: <\/strong>opcja zaprogramowania i \u0142atwego przywo\u0142ywania ustawie\u0144 na r\u00f3\u017cne okazje (np. &#8222;Czytanie&#8221;, &#8222;Relaks&#8221;, &#8222;Go\u015bcie&#8221;, &#8222;Kino domowe&#8221;;<\/li>\n\n\n\n<li><strong>precyzyjna kontrola \u015bwiat\u0142a: <\/strong>p\u0142ynne \u015bciemnianie oraz regulacja temperatury barwowej bieli od bardzo ciep\u0142ej po ch\u0142odn\u0105;<\/li>\n\n\n\n<li><strong>kreatywne u\u017cycie koloru: <\/strong>wiele system\u00f3w oferuje pe\u0142n\u0105 palet\u0119 barw (RGB\/RGBW), idealn\u0105 do tworzenia akcent\u00f3w i wyj\u0105tkowej atmosfery, z wykorzystaniem o\u015bwietlenia sufitowego salonu oraz dodatkowych \u017ar\u00f3de\u0142 \u015bwiat\u0142a;<\/li>\n\n\n\n<li><strong>automatyzacja i harmonogramy: <\/strong>ustawianie scenariuszy czasowych (np. symulacja obecno\u015bci), reakcja na wschody\/zachody s\u0142o\u0144ca, czy dzia\u0142anie w oparciu o czujniki ruchu lub \u015bwiat\u0142a;<\/li>\n\n\n\n<li><strong>zdalny dost\u0119p i sterowanie g\u0142osowe: <\/strong>kontrola o\u015bwietlenia z dowolnego miejsca na \u015bwiecie za pomoc\u0105 aplikacji oraz wygodne sterowanie za pomoc\u0105 asystent\u00f3w g\u0142osowych (Alexa, Google Assistant, Siri);<\/li>\n\n\n\n<li><strong>integracja z inteligentnym domem: <\/strong>mo\u017cliwo\u015b\u0107 wsp\u00f3\u0142pracy z innymi urz\u0105dzeniami (roletami, muzyk\u0105, systemem alarmowym);<\/li>\n\n\n\n<li><strong>bezpiecze\u0144stwo i oszcz\u0119dno\u015b\u0107: <\/strong>funkcja symulacji obecno\u015bci oraz optymalizacja zu\u017cycia energii dzi\u0119ki automatyzacji i precyzyjnemu sterowaniu.<\/li>\n<\/ul>\n\n\n\n<p>Inteligentne o\u015bwietlenie to znacznie wi\u0119cej ni\u017c technologiczny gad\u017cet. To inwestycja w komfort, bezpiecze\u0144stwo i mo\u017cliwo\u015b\u0107 pe\u0142nej personalizacji jednej z najwa\u017cniejszych przestrzeni w domu. Pozwala stworzy\u0107 modne o\u015bwietlenie salonu, kt\u00f3re nie tylko pi\u0119knie wygl\u0105da, ale przede wszystkim inteligentnie wsp\u00f3\u0142gra z Twoim stylem \u017cycia, czyni\u0105c codzienne chwile przyjemniejszymi i bardziej komfortowymi.<\/p>\n\n\n\n<h2 class=\"wp-block-heading\">Planowanie o\u015bwietlenia salonu<\/h2>\n\n\n\n<p>Maj\u0105c ju\u017c wiedz\u0119 o rodzajach \u015bwiat\u0142a, stylach lamp, parametrach i nowoczesnych technologiach, mo\u017cemy w ko\u0144cu przyst\u0105pi\u0107 do najwa\u017cniejszego etapu: \u015bwiadomego planowania o\u015bwietlenia salonu. W tym momencie nasza wizja spotyka si\u0119 z rzeczywisto\u015bci\u0105, a marzenia o idealnym wn\u0119trzu zaczynaj\u0105 nabiera\u0107 konkretnych kszta\u0142t\u00f3w.<\/p>\n\n\n\n<p>Dobrze przygotowany plan<strong> powinien uwzgl\u0119dnia\u0107 zar\u00f3wno o\u015bwietlenie og\u00f3lne, jak i o\u015bwietlenie dodatkowe do salonu<\/strong>, obejmuj\u0105ce \u015bwiat\u0142o nastrojowe i zadaniowe. Taka &#8222;mapa&#8221; poprowadzi nas przez proces wyboru i rozmieszczania opraw, chroni\u0105c przed chaosem i przypadkowymi decyzjami. To inwestycja, kt\u00f3ra zaprocentuje komfortem i pi\u0119knem na lata.<\/p>\n\n\n\n<p>Oczywi\u015bcie, nie musisz by\u0107 ekspertem od wszystkiego. <strong>Je\u015bli czujesz, \u017ce potrzebujesz wsparcia, na Proplo znajdziesz do\u015bwiadczonych <\/strong><a target=\"_blank\" rel=\"noreferrer noopener\" href=\"https:\/\/proplo.pl\/search?utf8=%E2%9C%93&amp;search%5Bservice%5D%5B%5D=&amp;search%5Bcity%5D%5B%5D=&amp;search%5Bstyle%5D%5B%5D=&amp;commit=Szukaj#list\"><strong>architekt\u00f3w i projektant\u00f3w wn\u0119trz<\/strong><\/a><strong>, gotowych pom\u00f3c Ci w tej podr\u00f3\u017cy.<\/strong> Niezale\u017cnie od tego, czy szukasz specjalisty w<a target=\"_blank\" rel=\"noreferrer noopener\" href=\"https:\/\/proplo.pl\/projektant-wnetrz\/katowice\"><strong>Katowicach<\/strong><\/a>,<a target=\"_blank\" rel=\"noreferrer noopener\" href=\"https:\/\/proplo.pl\/projektant-wnetrz\/poznan\"><strong>Poznaniu<\/strong><\/a>czy<a target=\"_blank\" rel=\"noreferrer noopener\" href=\"https:\/\/proplo.pl\/projektant-wnetrz\/gdansk\"><strong>Gda\u0144sku<\/strong><\/a>, u\u0142atwimy Ci znalezienie profesjonalisty, kt\u00f3ry stworzy projekt o\u015bwietlenia skrojony na miar\u0119 Twoich marze\u0144.<\/p>\n\n\n\n<h3 class=\"wp-block-heading\">Jak rozmie\u015bci\u0107 \u017ar\u00f3d\u0142a \u015bwiat\u0142a dla optymalnego efektu?<\/h3>\n\n\n\n<p>Jak zatem prze\u0142o\u017cy\u0107 t\u0119 wizj\u0119 na konkretn\u0105 &#8222;map\u0119 \u015bwietln\u0105&#8221;? Zacznij od wnikliwej obserwacji w\u0142asnej przestrzeni. Gdzie potrzebujesz skupienia, a gdzie wyciszenia? <strong>Stw\u00f3rz prosty szkic salonu z zaznaczonymi meblami<\/strong>. Zastan\u00f3w si\u0119, w kt\u00f3rym miejsce potrzebujesz najwi\u0119cej \u015bwiat\u0142a i jakiego rodzaju. Gdzie znajduje si\u0119 strefa wypoczynku, gdzie k\u0105cik do czytania, a gdzie st\u00f3\u0142 jadalny? Zrozumienie rytmu i funkcji salonu pozwoli Ci precyzyjnie okre\u015bli\u0107, jak rozmie\u015bci\u0107 \u017ar\u00f3d\u0142a \u015bwiat\u0142a, by sta\u0142y si\u0119 one dyskretnym wsparciem dla Twojej codzienno\u015bci.<\/p>\n\n\n\n<p>Aby osi\u0105gn\u0105\u0107 prawdziwie mistrzowski efekt w aran\u017cacji \u015bwietlnej salonu, warto przyj\u0105\u0107 perspektyw\u0119 re\u017cysera teatralnego lub malarza i <strong>my\u015ble\u0107 o \u015bwietle w kategoriach warstw<\/strong>. Ka\u017cda z nich pe\u0142ni odr\u0119bn\u0105, wa\u017cn\u0105 rol\u0119, a ich po\u0142\u0105czenie tworzy wielowymiarow\u0105 kompozycj\u0119, kt\u00f3ra o\u017cywia przestrze\u0144. <strong>Pierwszym krokiem jest stworzenie solidnego fundamentu \u2013 t\u0142a dla ca\u0142ej scenografii \u2013 za pomoc\u0105 o\u015bwietlenia og\u00f3lnego.<\/strong> Wyobra\u017a sobie je jako p\u0142\u00f3tno, na kt\u00f3rym b\u0119dziesz malowa\u0107 dalsze detale. Mog\u0105 to by\u0107 dyskretnie <strong>wtopione w sufit punkty \u015bwietlne<\/strong> (np. downlighty LED) zapewniaj\u0105ce r\u00f3wnomierny blask w ramach ca\u0142ego <strong>o\u015bwietlenia sufitowego w salonie<\/strong>, eleganckie plafony przylegaj\u0105ce do stropu, lub nowoczesne, rozproszone panele LED.<\/p>\n\n\n\n<p><strong>Gdy t\u0142o jest ju\u017c gotowe, czas na wprowadzenie g\u0142\u00f3wnych motyw\u00f3w \u2013 precyzyjnie ukierunkowanego \u015bwiat\u0142a zadaniowego.<\/strong> Ten typ o\u015bwietlenia odgrywa rol\u0119 funkcjonalnego przewodnika, koncentruj\u0105c si\u0119 na kluczowych obszarach, gdzie wykonujemy okre\u015blone czynno\u015bci. Pomy\u015bl o eleganckiej lampie pod\u0142ogowej przy ulubionym fotelu, kt\u00f3ra rzuca idealny snop \u015bwiat\u0142a na strony Twojej ulubionej ksi\u0105\u017cki; o dyskretnym o\u015bwietleniu nad blatem w aneksie kuchennym, je\u015bli jest on cz\u0119\u015bci\u0105 salonu; czy o funkcjonalnej lampie biurkowej, je\u015bli w salonie znajduje si\u0119 k\u0105cik do pracy. <strong>Na koniec, niczym artysta dodaj\u0105cy finalne mu\u015bni\u0119cia p\u0119dzla, nadaj ca\u0142o\u015bci charakteru i g\u0142\u0119bi za pomoc\u0105 \u015bwietlnych akcent\u00f3w.<\/strong> To one s\u0105 odpowiedzialne za magi\u0119, intymno\u015b\u0107 i osobisty rys wn\u0119trza. W tej roli doskonale sprawdz\u0105 si\u0119:<\/p>\n\n\n\n<ul class=\"wp-block-list\">\n<li><strong>kinkiety<\/strong>, kt\u00f3re mog\u0105 kreowa\u0107 na \u015bcianach intryguj\u0105ce wzory, podkre\u015bla\u0107 faktur\u0119 tynku lub ceg\u0142y lub dyskretnie do\u015bwietla\u0107 ci\u0105gi komunikacyjne;<\/li>\n\n\n\n<li><strong>lampy sto\u0142owe<\/strong>, strategicznie rozmieszczone na komodach, konsolach czy stolikach pomocniczych, tworz\u0105c przytulne &#8222;wyspy&#8221; ciep\u0142ego \u015bwiat\u0142a \u2013 idealne do wieczornego relaksu i rozm\u00f3w;<\/li>\n\n\n\n<li><strong>eleganckie lampy pod\u0142ogowe<\/strong>, kt\u00f3re nie tylko o\u015bwietl\u0105 ciemniejsze zak\u0105tki, ale same w sobie mog\u0105 stanowi\u0107 wyrazisty element dekoracyjny, niczym smuk\u0142e rze\u017aby \u015bwietlne.<\/li>\n\n\n\n<li>r\u00f3\u017cnorodne formy <strong>o\u015bwietlenia bocznego<\/strong>, np. w postaci ta\u015bm LED ukrytych we wn\u0119kach czy za meblami, kt\u00f3re dodadz\u0105 scenie g\u0142\u0119bi, stworz\u0105 efekt lewitacji i podkre\u015bl\u0105 architektoniczne detale.<\/li>\n<\/ul>\n\n\n\n<p>Pami\u0119taj jednak, \u017ce nawet najpi\u0119kniejsza kompozycja \u015bwietlna musi by\u0107 przede wszystkim komfortowa dla oka. Dlatego, projektuj\u0105c ka\u017cd\u0105 z tych warstw, zwracaj szczeg\u00f3ln\u0105 uwag\u0119 na <strong>niepo\u017c\u0105dane, ostre cienie w miejscach pracy i odpoczynku<\/strong> oraz na <strong>efekt ol\u015bnienia<\/strong>, kt\u00f3ry mo\u017ce zniweczy\u0107 nawet najbardziej przemy\u015blan\u0105 aran\u017cacj\u0119. Bo prawdziwie <strong>dobre aran\u017cacje o\u015bwietlenia salonu<\/strong> to te, w kt\u00f3rych estetyka idzie w parze z ergonomi\u0105, tworz\u0105c przestrze\u0144, funkcjonaln\u0105 i przyjazn\u0105 dla jej u\u017cytkownik\u00f3w.<\/p>\n\n\n\n<figure class=\"wp-block-image size-full\"><a href=\"https:\/\/proplo.pl\/profile\/modra-pracownia-magdalena-szymczak\/projekt\/nowoczesne-mieszkanie-elegancja-i-funkcjonalnosc-dla-mlodej-rodziny-1076?clickcount=8412\"><img loading=\"lazy\" decoding=\"async\" width=\"1200\" height=\"800\" src=\"https:\/\/proplo.pl\/blog\/wp-content\/uploads\/2025\/05\/oswietlenie-do-salonu.png\" alt=\"Wn\u0119trze salonu w stylu glamour i japandi z zielon\u0105 sof\u0105, drewnianym sto\u0142em oraz nowoczesnym o\u015bwietleniem.\" class=\"wp-image-691\" srcset=\"https:\/\/proplo.pl\/blog\/wp-content\/uploads\/2025\/05\/oswietlenie-do-salonu.png 1200w, https:\/\/proplo.pl\/blog\/wp-content\/uploads\/2025\/05\/oswietlenie-do-salonu-300x200.png 300w, https:\/\/proplo.pl\/blog\/wp-content\/uploads\/2025\/05\/oswietlenie-do-salonu-768x512.png 768w, https:\/\/proplo.pl\/blog\/wp-content\/uploads\/2025\/05\/oswietlenie-do-salonu-1024x683.png 1024w, https:\/\/proplo.pl\/blog\/wp-content\/uploads\/2025\/05\/oswietlenie-do-salonu-480x320.png 480w\" sizes=\"auto, (max-width: 1200px) 100vw, 1200px\" \/><\/a><figcaption class=\"wp-element-caption\">Projekt: <a href=\"https:\/\/proplo.pl\/profile\/modra-pracownia-magdalena-szymczak\">MODRA pracownia Magdalena Szymczak<\/a><\/figcaption><\/figure>\n\n\n\n<h3 class=\"wp-block-heading\">Najcz\u0119stsze b\u0142\u0119dy w aran\u017cacji o\u015bwietlenia i jak ich unika\u0107<\/h3>\n\n\n\n<p>Droga do zaprojektowania idealnego o\u015bwietlenia salonu bywa kr\u0119ta, a pokusy estetyczne czasem przes\u0142aniaj\u0105 wzgl\u0119dy praktyczne. Zatem jakich &#8222;mielizn&#8221; powinni\u015bmy unika\u0107? <strong>Najcz\u0119stsze b\u0142\u0119dy w aran\u017cacji o\u015bwietlenia wynikaj\u0105 cz\u0119sto z my\u015blenia jednowymiarowego<\/strong> \u2013 polegania wy\u0142\u0105cznie na centralnym \u017ar\u00f3dle, co skutkuje p\u0142ask\u0105, pozbawion\u0105 \u017cycia przestrzeni\u0105. R\u00f3wnie zgubne jest ignorowanie skali \u2013 ani miniaturowe lampki w wielkim salonie, ani monumentalne \u017cyrandole w ma\u0142ym pokoju nie stworz\u0105 harmonii.<\/p>\n\n\n\n<p>Kolejn\u0105 pu\u0142apk\u0105 jest rezygnacja ze \u015bciemniaczy, poniewa\u017c wtedy odbierasz sobie mo\u017cliwo\u015b\u0107 wp\u0142ywania na nastr\u00f3j wn\u0119trza. Uwa\u017cajmy te\u017c na dysonans barwowy \u2013 <strong>nieprzemy\u015blane \u0142\u0105czenie ciep\u0142ych i zimnych ton\u00f3w mo\u017ce wprowadzi\u0107 wizualny niepok\u00f3j<\/strong>. I rzecz fundamentalna \u2013 komfort wzroku. Unikajmy nachalnego blasku i m\u0119cz\u0105cych refleks\u00f3w. Staranny wyb\u00f3r lamp sufitowych i pozosta\u0142ych opraw, a przede wszystkim ich m\u0105dre umiejscowienie, to fundament sukcesu. Przegl\u0105daj inspiruj\u0105ce <a target=\"_blank\" rel=\"noreferrer noopener\" href=\"https:\/\/proplo.pl\/inspiracje\/salon\"><strong>przyk\u0142ady o\u015bwietlenia salonu<\/strong><\/a> na Proplo, ucz si\u0119 na b\u0142\u0119dach innych, ale nade wszystko \u2013 ws\u0142uchaj si\u0119 w potrzeby swoje i swojego domu, by stworzy\u0107 przestrze\u0144 sk\u0105pan\u0105 w \u015bwietle, kt\u00f3re leczy dusz\u0119.<\/p>\n\n\n\n<p><strong>Przeczytaj r\u00f3wnie\u017c:<\/strong><\/p>\n\n\n\n<p><a target=\"_blank\" rel=\"noreferrer noopener\" href=\"https:\/\/proplo.pl\/blog\/projekty-willi-i-rezydencji\/\"><strong>Projekty willi i rezydencji w nowoczesnym stylu \u2013 kluczowe aspekty i trendy<\/strong><\/a><\/p>\n\n\n\n<p><a target=\"_blank\" rel=\"noreferrer noopener\" href=\"https:\/\/proplo.pl\/blog\/aranzacja-luksusowych-wnetrz\/\"><u><strong>Aran\u017cacja luksusowych wn\u0119trz \u2013 Jak zrobi\u0107 to ze smakiem?<\/strong><\/u><\/a><\/p>\n\n\n\n<p><a target=\"_blank\" rel=\"noreferrer noopener\" href=\"https:\/\/proplo.pl\/blog\/trendy-w-projektowaniu-wnetrz-2025\/\"><u><strong>Trendy w projektowaniu wn\u0119trz 2025<\/strong><\/u><\/a><\/p>\n\n\n\n<hr class=\"wp-block-separator has-alpha-channel-opacity\"\/>\n\n\n\n<p><strong>\u0179r\u00f3d\u0142a:<\/strong><\/p>\n\n\n","protected":false},"excerpt":{"rendered":"<p>Pomy\u015bl o lampach jak o rze\u017abach, kt\u00f3re o\u017cywaj\u0105 po zmroku. Mog\u0105 by\u0107 dyskretnym t\u0142em lub gra\u0107 pierwsze skrzypce w aran\u017cacji.<\/p>\n","protected":false},"author":3,"featured_media":682,"comment_status":"open","ping_status":"open","sticky":false,"template":"","format":"standard","meta":{"footnotes":"[]"},"categories":[13],"tags":[],"class_list":["post-681","post","type-post","status-publish","format-standard","has-post-thumbnail","hentry","category-salon"],"acf":[],"yoast_head":"<!-- This site is optimized with the Yoast SEO plugin v27.5 - https:\/\/yoast.com\/product\/yoast-seo-wordpress\/ -->\n<title>Najlepsze pomys\u0142y na o\u015bwietlenie salonu - Proplo<\/title>\n<meta name=\"description\" content=\"Przy o\u015bwietleniu salonu, nale\u017cy rozwa\u017cy\u0107 r\u00f3\u017cne \u017ar\u00f3d\u0142a \u015bwiat\u0142a, jako \u017ce wykonuje si\u0119 tam wiele czynno\u015bci. Poznaj nasze pomys\u0142y na o\u015bwietlenie salonu\" \/>\n<meta name=\"robots\" content=\"index, follow, max-snippet:-1, max-image-preview:large, max-video-preview:-1\" \/>\n<link rel=\"canonical\" href=\"https:\/\/proplo.pl\/blog\/oswietlenie-salonu\/\" \/>\n<meta property=\"og:locale\" content=\"pl_PL\" \/>\n<meta property=\"og:type\" content=\"article\" \/>\n<meta property=\"og:title\" content=\"Najlepsze pomys\u0142y na o\u015bwietlenie salonu - Proplo\" \/>\n<meta property=\"og:description\" content=\"Przy o\u015bwietleniu salonu, nale\u017cy rozwa\u017cy\u0107 r\u00f3\u017cne \u017ar\u00f3d\u0142a \u015bwiat\u0142a, jako \u017ce wykonuje si\u0119 tam wiele czynno\u015bci. Poznaj nasze pomys\u0142y na o\u015bwietlenie salonu\" \/>\n<meta property=\"og:url\" content=\"https:\/\/proplo.pl\/blog\/oswietlenie-salonu\/\" \/>\n<meta property=\"og:site_name\" content=\"Poradnik wn\u0119trzarski - Proplo\" \/>\n<meta property=\"article:published_time\" content=\"2025-05-14T09:33:35+00:00\" \/>\n<meta property=\"article:modified_time\" content=\"2025-05-14T09:55:18+00:00\" \/>\n<meta property=\"og:image\" content=\"https:\/\/proplo.pl\/blog\/wp-content\/uploads\/2025\/05\/oswietlenie-salonu.png\" \/>\n\t<meta property=\"og:image:width\" content=\"1200\" \/>\n\t<meta property=\"og:image:height\" content=\"800\" \/>\n\t<meta property=\"og:image:type\" content=\"image\/png\" \/>\n<meta name=\"author\" content=\"Proplo\" \/>\n<meta name=\"twitter:card\" content=\"summary_large_image\" \/>\n<meta name=\"twitter:label1\" content=\"Napisane przez\" \/>\n\t<meta name=\"twitter:data1\" content=\"Proplo\" \/>\n\t<meta name=\"twitter:label2\" content=\"Szacowany czas czytania\" \/>\n\t<meta name=\"twitter:data2\" content=\"18 minut\" \/>\n<script type=\"application\/ld+json\" class=\"yoast-schema-graph\">{\"@context\":\"https:\\\/\\\/schema.org\",\"@graph\":[{\"@type\":\"Article\",\"@id\":\"https:\\\/\\\/proplo.pl\\\/blog\\\/oswietlenie-salonu\\\/#article\",\"isPartOf\":{\"@id\":\"https:\\\/\\\/proplo.pl\\\/blog\\\/oswietlenie-salonu\\\/\"},\"author\":{\"name\":\"Proplo\",\"@id\":\"https:\\\/\\\/proplo.pl\\\/blog\\\/#\\\/schema\\\/person\\\/c13af99097d24e9fc2b86b838c0fd0e1\"},\"headline\":\"O\u015bwietlenie salonu \u2013 jak stworzy\u0107 funkcjonalne i stylowe wn\u0119trze?\",\"datePublished\":\"2025-05-14T09:33:35+00:00\",\"dateModified\":\"2025-05-14T09:55:18+00:00\",\"mainEntityOfPage\":{\"@id\":\"https:\\\/\\\/proplo.pl\\\/blog\\\/oswietlenie-salonu\\\/\"},\"wordCount\":3550,\"commentCount\":0,\"image\":{\"@id\":\"https:\\\/\\\/proplo.pl\\\/blog\\\/oswietlenie-salonu\\\/#primaryimage\"},\"thumbnailUrl\":\"https:\\\/\\\/proplo.pl\\\/blog\\\/wp-content\\\/uploads\\\/2025\\\/05\\\/oswietlenie-salonu.png\",\"articleSection\":[\"Salon\"],\"inLanguage\":\"pl-PL\",\"potentialAction\":[{\"@type\":\"CommentAction\",\"name\":\"Comment\",\"target\":[\"https:\\\/\\\/proplo.pl\\\/blog\\\/oswietlenie-salonu\\\/#respond\"]}]},{\"@type\":\"WebPage\",\"@id\":\"https:\\\/\\\/proplo.pl\\\/blog\\\/oswietlenie-salonu\\\/\",\"url\":\"https:\\\/\\\/proplo.pl\\\/blog\\\/oswietlenie-salonu\\\/\",\"name\":\"Najlepsze pomys\u0142y na o\u015bwietlenie salonu - Proplo\",\"isPartOf\":{\"@id\":\"https:\\\/\\\/proplo.pl\\\/blog\\\/#website\"},\"primaryImageOfPage\":{\"@id\":\"https:\\\/\\\/proplo.pl\\\/blog\\\/oswietlenie-salonu\\\/#primaryimage\"},\"image\":{\"@id\":\"https:\\\/\\\/proplo.pl\\\/blog\\\/oswietlenie-salonu\\\/#primaryimage\"},\"thumbnailUrl\":\"https:\\\/\\\/proplo.pl\\\/blog\\\/wp-content\\\/uploads\\\/2025\\\/05\\\/oswietlenie-salonu.png\",\"datePublished\":\"2025-05-14T09:33:35+00:00\",\"dateModified\":\"2025-05-14T09:55:18+00:00\",\"author\":{\"@id\":\"https:\\\/\\\/proplo.pl\\\/blog\\\/#\\\/schema\\\/person\\\/c13af99097d24e9fc2b86b838c0fd0e1\"},\"description\":\"Przy o\u015bwietleniu salonu, nale\u017cy rozwa\u017cy\u0107 r\u00f3\u017cne \u017ar\u00f3d\u0142a \u015bwiat\u0142a, jako \u017ce wykonuje si\u0119 tam wiele czynno\u015bci. Poznaj nasze pomys\u0142y na o\u015bwietlenie salonu\",\"breadcrumb\":{\"@id\":\"https:\\\/\\\/proplo.pl\\\/blog\\\/oswietlenie-salonu\\\/#breadcrumb\"},\"inLanguage\":\"pl-PL\",\"potentialAction\":[{\"@type\":\"ReadAction\",\"target\":[\"https:\\\/\\\/proplo.pl\\\/blog\\\/oswietlenie-salonu\\\/\"]}]},{\"@type\":\"ImageObject\",\"inLanguage\":\"pl-PL\",\"@id\":\"https:\\\/\\\/proplo.pl\\\/blog\\\/oswietlenie-salonu\\\/#primaryimage\",\"url\":\"https:\\\/\\\/proplo.pl\\\/blog\\\/wp-content\\\/uploads\\\/2025\\\/05\\\/oswietlenie-salonu.png\",\"contentUrl\":\"https:\\\/\\\/proplo.pl\\\/blog\\\/wp-content\\\/uploads\\\/2025\\\/05\\\/oswietlenie-salonu.png\",\"width\":1200,\"height\":800,\"caption\":\"wn\u0119trze jasnego salonu z w\u0142\u0105czonym o\u015bwietleniem\"},{\"@type\":\"BreadcrumbList\",\"@id\":\"https:\\\/\\\/proplo.pl\\\/blog\\\/oswietlenie-salonu\\\/#breadcrumb\",\"itemListElement\":[{\"@type\":\"ListItem\",\"position\":1,\"name\":\"Proplo\",\"item\":\"https:\\\/\\\/proplo.pl\"},{\"@type\":\"ListItem\",\"position\":2,\"name\":\"Poradnik wn\u0119trzarski\",\"item\":\"https:\\\/\\\/proplo.pl\\\/blog\\\/\"},{\"@type\":\"ListItem\",\"position\":3,\"name\":\"O\u015bwietlenie salonu \u2013 jak stworzy\u0107 funkcjonalne i stylowe wn\u0119trze?\"}]},{\"@type\":\"WebSite\",\"@id\":\"https:\\\/\\\/proplo.pl\\\/blog\\\/#website\",\"url\":\"https:\\\/\\\/proplo.pl\\\/blog\\\/\",\"name\":\"Blog Proplo\",\"description\":\"\",\"potentialAction\":[{\"@type\":\"SearchAction\",\"target\":{\"@type\":\"EntryPoint\",\"urlTemplate\":\"https:\\\/\\\/proplo.pl\\\/blog\\\/?s={search_term_string}\"},\"query-input\":{\"@type\":\"PropertyValueSpecification\",\"valueRequired\":true,\"valueName\":\"search_term_string\"}}],\"inLanguage\":\"pl-PL\"},{\"@type\":\"Person\",\"@id\":\"https:\\\/\\\/proplo.pl\\\/blog\\\/#\\\/schema\\\/person\\\/c13af99097d24e9fc2b86b838c0fd0e1\",\"name\":\"Proplo\",\"image\":{\"@type\":\"ImageObject\",\"inLanguage\":\"pl-PL\",\"@id\":\"https:\\\/\\\/secure.gravatar.com\\\/avatar\\\/176f908138148facd74b7d78fc677b53b24a54b63aacd8fc4e81a4da926e5f28?s=96&d=mm&r=g\",\"url\":\"https:\\\/\\\/secure.gravatar.com\\\/avatar\\\/176f908138148facd74b7d78fc677b53b24a54b63aacd8fc4e81a4da926e5f28?s=96&d=mm&r=g\",\"contentUrl\":\"https:\\\/\\\/secure.gravatar.com\\\/avatar\\\/176f908138148facd74b7d78fc677b53b24a54b63aacd8fc4e81a4da926e5f28?s=96&d=mm&r=g\",\"caption\":\"Proplo\"},\"url\":\"https:\\\/\\\/proplo.pl\\\/blog\\\/author\\\/r-marciniak\\\/\"}]}<\/script>\n<!-- \/ Yoast SEO plugin. -->","yoast_head_json":{"title":"Najlepsze pomys\u0142y na o\u015bwietlenie salonu - Proplo","description":"Przy o\u015bwietleniu salonu, nale\u017cy rozwa\u017cy\u0107 r\u00f3\u017cne \u017ar\u00f3d\u0142a \u015bwiat\u0142a, jako \u017ce wykonuje si\u0119 tam wiele czynno\u015bci. Poznaj nasze pomys\u0142y na o\u015bwietlenie salonu","robots":{"index":"index","follow":"follow","max-snippet":"max-snippet:-1","max-image-preview":"max-image-preview:large","max-video-preview":"max-video-preview:-1"},"canonical":"https:\/\/proplo.pl\/blog\/oswietlenie-salonu\/","og_locale":"pl_PL","og_type":"article","og_title":"Najlepsze pomys\u0142y na o\u015bwietlenie salonu - Proplo","og_description":"Przy o\u015bwietleniu salonu, nale\u017cy rozwa\u017cy\u0107 r\u00f3\u017cne \u017ar\u00f3d\u0142a \u015bwiat\u0142a, jako \u017ce wykonuje si\u0119 tam wiele czynno\u015bci. Poznaj nasze pomys\u0142y na o\u015bwietlenie salonu","og_url":"https:\/\/proplo.pl\/blog\/oswietlenie-salonu\/","og_site_name":"Poradnik wn\u0119trzarski - Proplo","article_published_time":"2025-05-14T09:33:35+00:00","article_modified_time":"2025-05-14T09:55:18+00:00","og_image":[{"width":1200,"height":800,"url":"https:\/\/proplo.pl\/blog\/wp-content\/uploads\/2025\/05\/oswietlenie-salonu.png","type":"image\/png"}],"author":"Proplo","twitter_card":"summary_large_image","twitter_misc":{"Napisane przez":"Proplo","Szacowany czas czytania":"18 minut"},"schema":{"@context":"https:\/\/schema.org","@graph":[{"@type":"Article","@id":"https:\/\/proplo.pl\/blog\/oswietlenie-salonu\/#article","isPartOf":{"@id":"https:\/\/proplo.pl\/blog\/oswietlenie-salonu\/"},"author":{"name":"Proplo","@id":"https:\/\/proplo.pl\/blog\/#\/schema\/person\/c13af99097d24e9fc2b86b838c0fd0e1"},"headline":"O\u015bwietlenie salonu \u2013 jak stworzy\u0107 funkcjonalne i stylowe wn\u0119trze?","datePublished":"2025-05-14T09:33:35+00:00","dateModified":"2025-05-14T09:55:18+00:00","mainEntityOfPage":{"@id":"https:\/\/proplo.pl\/blog\/oswietlenie-salonu\/"},"wordCount":3550,"commentCount":0,"image":{"@id":"https:\/\/proplo.pl\/blog\/oswietlenie-salonu\/#primaryimage"},"thumbnailUrl":"https:\/\/proplo.pl\/blog\/wp-content\/uploads\/2025\/05\/oswietlenie-salonu.png","articleSection":["Salon"],"inLanguage":"pl-PL","potentialAction":[{"@type":"CommentAction","name":"Comment","target":["https:\/\/proplo.pl\/blog\/oswietlenie-salonu\/#respond"]}]},{"@type":"WebPage","@id":"https:\/\/proplo.pl\/blog\/oswietlenie-salonu\/","url":"https:\/\/proplo.pl\/blog\/oswietlenie-salonu\/","name":"Najlepsze pomys\u0142y na o\u015bwietlenie salonu - Proplo","isPartOf":{"@id":"https:\/\/proplo.pl\/blog\/#website"},"primaryImageOfPage":{"@id":"https:\/\/proplo.pl\/blog\/oswietlenie-salonu\/#primaryimage"},"image":{"@id":"https:\/\/proplo.pl\/blog\/oswietlenie-salonu\/#primaryimage"},"thumbnailUrl":"https:\/\/proplo.pl\/blog\/wp-content\/uploads\/2025\/05\/oswietlenie-salonu.png","datePublished":"2025-05-14T09:33:35+00:00","dateModified":"2025-05-14T09:55:18+00:00","author":{"@id":"https:\/\/proplo.pl\/blog\/#\/schema\/person\/c13af99097d24e9fc2b86b838c0fd0e1"},"description":"Przy o\u015bwietleniu salonu, nale\u017cy rozwa\u017cy\u0107 r\u00f3\u017cne \u017ar\u00f3d\u0142a \u015bwiat\u0142a, jako \u017ce wykonuje si\u0119 tam wiele czynno\u015bci. Poznaj nasze pomys\u0142y na o\u015bwietlenie salonu","breadcrumb":{"@id":"https:\/\/proplo.pl\/blog\/oswietlenie-salonu\/#breadcrumb"},"inLanguage":"pl-PL","potentialAction":[{"@type":"ReadAction","target":["https:\/\/proplo.pl\/blog\/oswietlenie-salonu\/"]}]},{"@type":"ImageObject","inLanguage":"pl-PL","@id":"https:\/\/proplo.pl\/blog\/oswietlenie-salonu\/#primaryimage","url":"https:\/\/proplo.pl\/blog\/wp-content\/uploads\/2025\/05\/oswietlenie-salonu.png","contentUrl":"https:\/\/proplo.pl\/blog\/wp-content\/uploads\/2025\/05\/oswietlenie-salonu.png","width":1200,"height":800,"caption":"wn\u0119trze jasnego salonu z w\u0142\u0105czonym o\u015bwietleniem"},{"@type":"BreadcrumbList","@id":"https:\/\/proplo.pl\/blog\/oswietlenie-salonu\/#breadcrumb","itemListElement":[{"@type":"ListItem","position":1,"name":"Proplo","item":"https:\/\/proplo.pl"},{"@type":"ListItem","position":2,"name":"Poradnik wn\u0119trzarski","item":"https:\/\/proplo.pl\/blog\/"},{"@type":"ListItem","position":3,"name":"O\u015bwietlenie salonu \u2013 jak stworzy\u0107 funkcjonalne i stylowe wn\u0119trze?"}]},{"@type":"WebSite","@id":"https:\/\/proplo.pl\/blog\/#website","url":"https:\/\/proplo.pl\/blog\/","name":"Blog Proplo","description":"","potentialAction":[{"@type":"SearchAction","target":{"@type":"EntryPoint","urlTemplate":"https:\/\/proplo.pl\/blog\/?s={search_term_string}"},"query-input":{"@type":"PropertyValueSpecification","valueRequired":true,"valueName":"search_term_string"}}],"inLanguage":"pl-PL"},{"@type":"Person","@id":"https:\/\/proplo.pl\/blog\/#\/schema\/person\/c13af99097d24e9fc2b86b838c0fd0e1","name":"Proplo","image":{"@type":"ImageObject","inLanguage":"pl-PL","@id":"https:\/\/secure.gravatar.com\/avatar\/176f908138148facd74b7d78fc677b53b24a54b63aacd8fc4e81a4da926e5f28?s=96&d=mm&r=g","url":"https:\/\/secure.gravatar.com\/avatar\/176f908138148facd74b7d78fc677b53b24a54b63aacd8fc4e81a4da926e5f28?s=96&d=mm&r=g","contentUrl":"https:\/\/secure.gravatar.com\/avatar\/176f908138148facd74b7d78fc677b53b24a54b63aacd8fc4e81a4da926e5f28?s=96&d=mm&r=g","caption":"Proplo"},"url":"https:\/\/proplo.pl\/blog\/author\/r-marciniak\/"}]}},"_links":{"self":[{"href":"https:\/\/proplo.pl\/blog\/wp-json\/wp\/v2\/posts\/681","targetHints":{"allow":["GET"]}}],"collection":[{"href":"https:\/\/proplo.pl\/blog\/wp-json\/wp\/v2\/posts"}],"about":[{"href":"https:\/\/proplo.pl\/blog\/wp-json\/wp\/v2\/types\/post"}],"author":[{"embeddable":true,"href":"https:\/\/proplo.pl\/blog\/wp-json\/wp\/v2\/users\/3"}],"replies":[{"embeddable":true,"href":"https:\/\/proplo.pl\/blog\/wp-json\/wp\/v2\/comments?post=681"}],"version-history":[{"count":7,"href":"https:\/\/proplo.pl\/blog\/wp-json\/wp\/v2\/posts\/681\/revisions"}],"predecessor-version":[{"id":694,"href":"https:\/\/proplo.pl\/blog\/wp-json\/wp\/v2\/posts\/681\/revisions\/694"}],"wp:featuredmedia":[{"embeddable":true,"href":"https:\/\/proplo.pl\/blog\/wp-json\/wp\/v2\/media\/682"}],"wp:attachment":[{"href":"https:\/\/proplo.pl\/blog\/wp-json\/wp\/v2\/media?parent=681"}],"wp:term":[{"taxonomy":"category","embeddable":true,"href":"https:\/\/proplo.pl\/blog\/wp-json\/wp\/v2\/categories?post=681"},{"taxonomy":"post_tag","embeddable":true,"href":"https:\/\/proplo.pl\/blog\/wp-json\/wp\/v2\/tags?post=681"}],"curies":[{"name":"wp","href":"https:\/\/api.w.org\/{rel}","templated":true}]}}