{"id":632,"date":"2025-04-15T21:24:46","date_gmt":"2025-04-15T20:24:46","guid":{"rendered":"https:\/\/proplo.pl\/blog\/?p=632"},"modified":"2025-04-30T10:21:25","modified_gmt":"2025-04-30T09:21:25","slug":"trendy-w-projektowaniu-wnetrz-2025","status":"publish","type":"post","link":"https:\/\/proplo.pl\/blog\/trendy-w-projektowaniu-wnetrz-2025\/","title":{"rendered":"Trendy w projektowaniu wn\u0119trz 2025"},"content":{"rendered":"<div class=\"you-find-content\">\r\n    <div class=\"container-xl container-wrapper\">\r\n        <div class=\"row design\">\r\n            <div class=\"col-md-12 wrapper \">\r\n                <div class=\"title\"><p>Z tego artyku\u0142u dowiesz si\u0119:<\/p>\n<\/div>\r\n                <div class=\"grid-wrapper\">\r\n                                                        <div class=\"block-list\">\r\n                        <div class=\"number\">\r\n                            1                        <\/div>\r\n                        <div class=\"text\">\r\n                            <p>Jakie s\u0105 najnowsze trendy w aran\u017cacji wn\u0119trz na 2025 rok?<\/p>\n                        <\/div>\r\n                    <\/div>\r\n                                        <div class=\"block-list\">\r\n                        <div class=\"number\">\r\n                            2                        <\/div>\r\n                        <div class=\"text\">\r\n                            <p>Jakie style wn\u0119trz wyr\u00f3\u017cniaj\u0105 si\u0119 w 2025 roku?<\/p>\n                        <\/div>\r\n                    <\/div>\r\n                                        <div class=\"block-list\">\r\n                        <div class=\"number\">\r\n                            3                        <\/div>\r\n                        <div class=\"text\">\r\n                            <p>Jakie materia\u0142y b\u0119d\u0105 dominowa\u0107 w projektowaniu wn\u0119trz?<\/p>\n                        <\/div>\r\n                    <\/div>\r\n                                        <div class=\"block-list\">\r\n                        <div class=\"number\">\r\n                            4                        <\/div>\r\n                        <div class=\"text\">\r\n                            <p>Jakie innowacje w projektowaniu wn\u0119trz b\u0119d\u0105 zyskiwa\u0107 na znaczeniu?<\/p>\n                        <\/div>\r\n                    <\/div>\r\n                                                    <\/div>\r\n            <\/div>\r\n        <\/div>\r\n    <\/div>\r\n<\/div>\n\n\n<p>W 2025 roku m\u00f3wimy &#8222;do\u015b\u0107!&#8221; przestrzeniom bezosobowym i trendom na jeden sezon. Szukamy jako\u015bci, kt\u00f3ra przetrwa pr\u00f3b\u0119 czasu i otuli zmys\u0142y komfortem oraz rozwi\u0105za\u0144, kt\u00f3re realnie u\u0142atwiaj\u0105 \u017cycie. Najnowsze trendy wn\u0119trzarskie to w\u0142a\u015bnie odpowied\u017a na te pragnienia \u2013 od zmys\u0142owego bogactwa <strong>naturalnych materia\u0142\u00f3w<\/strong>, przez palety <strong>modnych kolor\u00f3w wn\u0119trz<\/strong> czerpi\u0105ce z natury, a\u017c po inteligentne <strong>aran\u017cacje wn\u0119trz<\/strong>, kt\u00f3re aktywnie wspieraj\u0105 regeneracj\u0119 i staj\u0105 si\u0119 autentycznym odbiciem naszych warto\u015bci.<\/p>\n\n\n\n<p>Nowoczesne aran\u017cacje wn\u0119trz stawiaj\u0105 na funkcjonalno\u015b\u0107 po\u0142\u0105czon\u0105 z czyst\u0105 estetyk\u0105. W projektach znajdziemy proste linie, otwarte przestrzenie i obfito\u015b\u0107 \u015bwiat\u0142a. Neutralna paleta barw, cz\u0119sto o\u017cywiona akcentami, wsp\u00f3\u0142gra z mieszank\u0105 materia\u0142\u00f3w \u2013 obok metalu i szk\u0142a pojawia si\u0119 ciep\u0142e drewno czy kamie\u0144, a ca\u0142o\u015b\u0107 uzupe\u0142nia dyskretna technologia.<\/p>\n\n\n\n<h2 class=\"wp-block-heading\">Dominuj\u0105ce style wn\u0119trzarskie<\/h2>\n\n\n\n<p>Estetyka wn\u0119trza jest jak j\u0119zyk \u2013 komunikuje nasze warto\u015bci i aspiracje. W 2025 roku kilka <strong>styl\u00f3w wn\u0119trzarskich<\/strong> wybija si\u0119 na prowadzenie, oferuj\u0105c r\u00f3\u017cnorodne fromy dla wyra\u017cenia siebie.<\/p>\n\n\n\n<h3 class=\"wp-block-heading\">Quiet Luxury \u2013 subtelny luksus i wysokiej jako\u015bci materia\u0142y<\/h3>\n\n\n\n<p>W epoce wizualnego przesytu, <a target=\"_blank\" rel=\"noreferrer noopener\" href=\"https:\/\/proplo.pl\/inspiracje-wnetrza-domu?utf8=%E2%9C%93&amp;search%5Broom%5D%5B%5D=&amp;search%5Bstyle%5D%5B%5D=&amp;search%5Bstyle%5D%5B%5D=12&amp;search%5Bcolor%5D%5B%5D=&amp;search%5Bsize%5D%5B%5D=#list\"><strong>Quiet Luxury<\/strong><\/a> proponuje estetyk\u0119 szeptu zamiast krzyku. To filozofia oparta na subtelnym luksusie, w kt\u00f3rym prawdziwe bogactwo kryje si\u0119 w niedopowiedzeniu, w kunszcie wykonania i w sensorycznej jako\u015bci otoczenia. U podstaw tej estetyki le\u017cy kult wysokiej jako\u015bci surowc\u00f3w, kt\u00f3rych warto\u015b\u0107 doceni\u0107 mo\u017cna zmys\u0142ami:<strong> dotykiem kaszmiru, wzrokiem \u015bledz\u0105cym unikalne \u017cy\u0142kowanie marmuru, s\u0142uchem wychwytuj\u0105cym solidny d\u017awi\u0119k litego drewn<\/strong>a. Meble ze szlachetnych materia\u0142\u00f3w i starannie dobrane detale tworz\u0105 aur\u0119 wyrafinowanego spokoju, dalek\u0105 od ostentacji. Kwintesencj\u0105 tego podej\u015bcia jest pieczo\u0142owito\u015b\u0107 i \u015bwiadomy <strong>w<\/strong>yb\u00f3r element\u00f3w wn\u0119trza.<\/p>\n\n\n\n<p>Tutaj nic nie jest przypadkowe; ka\u017cdy przedmiot, od g\u0142\u00f3wnego mebla po najdrobniejsze elementy dekoracji wn\u0119trz, ma swoje uzasadnienie i wpisuje si\u0119 w sp\u00f3jn\u0105, ponadczasow\u0105 narracj\u0119. <strong>Charakterystyczna stylistyka trendu wn\u0119trzarskiego Quiet Luxury opiera si\u0119 na czystych liniach, doskona\u0142ych proporcjach i dyskretnej palecie barw, kt\u00f3ra pozwala wybrzmie\u0107 fakturom i jako\u015bci materia\u0142\u00f3w<\/strong>. Nawet tak pozornie proste zabiegi jak przemy\u015blana aran\u017cacja niezwyk\u0142ego lustra oprawionego w szlachetn\u0105 ram\u0119, potrafi\u0105 zdefiniowa\u0107 i roz\u015bwietli\u0107 ca\u0142y charakter wn\u0119trza, dodaj\u0105c wn\u0119trzom unikalnego sznytu. W odr\u00f3\u017cnieniu od niekt\u00f3rych, bardziej efemerycznych nurt\u00f3w, czy nawet pewnych aspekt\u00f3w skandynawskich trend\u00f3w wn\u0119trzarskich skupionych na prostocie, Quiet Luxury to inwestycja w trwa\u0142o\u015b\u0107 i pi\u0119kno, kt\u00f3re oprze si\u0119 pr\u00f3bie czasu.<\/p>\n\n\n\n<figure class=\"wp-block-image size-full\"><a href=\"https:\/\/proplo.pl\/profile\/nawrot-projektuje\/projekt-np015-1167\"><img loading=\"lazy\" decoding=\"async\" width=\"1200\" height=\"800\" src=\"https:\/\/proplo.pl\/blog\/wp-content\/uploads\/2025\/04\/trendy-we-wnetrzach-2025.png\" alt=\"Wn\u0119trze kuchni w stylu minimalistycznym z wysp\u0105 i jasnymi meblami, minimalistyczne detale.\" class=\"wp-image-633\" srcset=\"https:\/\/proplo.pl\/blog\/wp-content\/uploads\/2025\/04\/trendy-we-wnetrzach-2025.png 1200w, https:\/\/proplo.pl\/blog\/wp-content\/uploads\/2025\/04\/trendy-we-wnetrzach-2025-300x200.png 300w, https:\/\/proplo.pl\/blog\/wp-content\/uploads\/2025\/04\/trendy-we-wnetrzach-2025-768x512.png 768w, https:\/\/proplo.pl\/blog\/wp-content\/uploads\/2025\/04\/trendy-we-wnetrzach-2025-1024x683.png 1024w, https:\/\/proplo.pl\/blog\/wp-content\/uploads\/2025\/04\/trendy-we-wnetrzach-2025-480x320.png 480w\" sizes=\"auto, (max-width: 1200px) 100vw, 1200px\" \/><\/a><figcaption class=\"wp-element-caption\">Projekt: <a href=\"https:\/\/proplo.pl\/profile\/nawrot-projektuje\">Nawrot Projektuje<\/a><\/figcaption><\/figure>\n\n\n\n<h3 class=\"wp-block-heading\">Japandi \u2013 harmonia japo\u0144skiego minimalizmu i skandynawskiego designu<\/h3>\n\n\n\n<p>Niezmiennie urzekaj\u0105ce <a target=\"_blank\" rel=\"noreferrer noopener\" href=\"https:\/\/proplo.pl\/inspiracje-wnetrza-domu?utf8=%E2%9C%93&amp;search%5Broom%5D%5B%5D=&amp;search%5Bstyle%5D%5B%5D=&amp;search%5Bstyle%5D%5B%5D=3&amp;search%5Bstyle%5D%5B%5D=7&amp;search%5Bcolor%5D%5B%5D=&amp;search%5Bsize%5D%5B%5D=#list\"><strong>Japandi<\/strong><\/a> to mistrzowski dialog dw\u00f3ch kultur projektowania. Z japo\u0144skiego<strong> stylu minimalizmu<\/strong> czerpie umi\u0142owanie prostoty, uwa\u017cno\u015bci i szacunku dla pustki, podczas gdy skandynawski design wnosi funkcjonalno\u015b\u0107, ciep\u0142o i organiczne formy. Efektem jest styl aran\u017cacji wn\u0119trz, kt\u00f3ry emanuje spokojem i wywa\u017con\u0105 elegancj\u0105. Modne wn\u0119trza Japandi, budowane na fundamencie <strong>naturalnych materia\u0142\u00f3w<\/strong> i <strong>stonowanych kolor\u00f3w<\/strong>, oferuj\u0105 przestrze\u0144 do oddechu, staj\u0105c si\u0119 enklaw\u0105 harmonii w dynamicznej codzienno\u015bci. To minimalizmprzefiltrowany przez potrzeb\u0119 komfortu.<\/p>\n\n\n\n<p>Kr\u00f3luj\u0105 tu niskie, proste w formie meble inspirowane stylem zar\u00f3wno japo\u0144skim, jak i skandynawskim, cz\u0119sto wykonane z jasnego drewna o widocznym us\u0142ojeniu, nierzadko uzupe\u0142nione o plecionki z wikliny czy rattanu, wprowadzaj\u0105ce subteln\u0105 gr\u0119 faktur. Kluczowe staj\u0105 si\u0119 r\u00f3wnie\u017c elementy wystroju wn\u0119trz: <strong>r\u0119cznie robiona ceramika o nieregularnych kszta\u0142tach, lniane lub bawe\u0142niane tekstylia, delikatne grafiki czy kompozycje z suszonych traw<\/strong>. Ka\u017cdy z tych element\u00f3w jest starannie wyselekcjonowany, by podkre\u015bli\u0107 filozofi\u0119 stylu japo\u0144skiego minimalizmu, unikaj\u0105c jednocze\u015bnie wra\u017cenia pustki czy ch\u0142odu. Czasem wystarczy jeden charakterystyczny detal, jak np. stolik z drewna z recyklingu, by nada\u0107 ca\u0142o\u015bci ciep\u0142ego rysu.<\/p>\n\n\n\n<h3 class=\"wp-block-heading\">Biophilic Design \u2013 natura jako integralna cz\u0119\u015b\u0107 wn\u0119trza<\/h3>\n\n\n\n<p>Nasza wrodzona potrzeba wi\u0119zi z natur\u0105, okre\u015blana mianem biofilii, znajduje coraz silniejsze odzwierciedlenie we wsp\u00f3\u0142czesnym <strong>projektowaniu wn\u0119trz.<\/strong> Biophilic Design traktuje natur\u0119 nie jako dodatek, lecz jako fundamentalny element projektowania wn\u0119trz. <strong>Chodzi o maksymalne wykorzystanie \u015bwiat\u0142a dziennego, wizualne po\u0142\u0105czenie z zewn\u0119trznym krajobrazem, \u015bwiadome wykorzystanie naturalnych materia\u0142\u00f3w (drewno, kamie\u0144, glina) oraz wprowadzenie ro\u015blinno\u015bci<\/strong>. Wn\u0119trza inspirowane natur\u0105, tworzone w tym duchu, staj\u0105 si\u0119 przestrzeniami regeneruj\u0105cymi, kt\u00f3re pozytywnie rezonuj\u0105 z naszym biologicznym dziedzictwem.<\/p>\n\n\n\n<p>Biofilia to tak\u017ce subtelne na\u015bladowanie wzor\u00f3w i rytm\u00f3w natury \u2013 poprzez organiczne kszta\u0142ty, fraktalne wzory na tapetach czy tkaninach oraz dynamiczn\u0105 gr\u0119 naturalnego \u015bwiat\u0142a wpadaj\u0105cego do pomieszcze\u0144. Istotne jest r\u00f3wnie\u017c \u015bwiadome <strong>wykorzystanie naturalnych materia\u0142\u00f3w<\/strong>, najlepiej <strong>ekologicznych,<\/strong> pozyskiwanych w spos\u00f3b odpowiedzialny, co wpisuje ten trend <strong>zr\u00f3wnowa\u017conego rozwoju<\/strong>. R\u00f3wnie wa\u017cna jest <strong>kolorystyka inspirowana natur\u0105<\/strong>, obejmuj\u0105ca nie tylko zielenie i b\u0142\u0119kity, ale te\u017c ca\u0142\u0105 palet\u0119 barw ziemi, piasku czy kamieni.<\/p>\n\n\n\n<figure class=\"wp-block-image size-full\"><a href=\"https:\/\/proplo.pl\/profile\/modra-pracownia-magdalena-szymczak\/wnetrze-w-wiejskim-stylu-zielona-kuchnia-i-rustykalne-akcenty-1080\"><img loading=\"lazy\" decoding=\"async\" width=\"1200\" height=\"800\" src=\"https:\/\/proplo.pl\/blog\/wp-content\/uploads\/2025\/04\/Trendy-w-projektowaniu-wnetrz-2025.png\" alt=\"Kuchnia w stylu boho i rustykalnym z zielonymi meblami i drewnianym akcentem.\" class=\"wp-image-634\" srcset=\"https:\/\/proplo.pl\/blog\/wp-content\/uploads\/2025\/04\/Trendy-w-projektowaniu-wnetrz-2025.png 1200w, https:\/\/proplo.pl\/blog\/wp-content\/uploads\/2025\/04\/Trendy-w-projektowaniu-wnetrz-2025-300x200.png 300w, https:\/\/proplo.pl\/blog\/wp-content\/uploads\/2025\/04\/Trendy-w-projektowaniu-wnetrz-2025-768x512.png 768w, https:\/\/proplo.pl\/blog\/wp-content\/uploads\/2025\/04\/Trendy-w-projektowaniu-wnetrz-2025-1024x683.png 1024w, https:\/\/proplo.pl\/blog\/wp-content\/uploads\/2025\/04\/Trendy-w-projektowaniu-wnetrz-2025-480x320.png 480w\" sizes=\"auto, (max-width: 1200px) 100vw, 1200px\" \/><\/a><figcaption class=\"wp-element-caption\">Projekt: <a href=\"https:\/\/proplo.pl\/profile\/modra-pracownia-magdalena-szymczak\">MODRA pracownia Magdalena Szymczak<\/a><\/figcaption><\/figure>\n\n\n\n<h3 class=\"wp-block-heading\">Minimalizm z przytulnym twistem \u2013 prostota po\u0142\u0105czona z komfortem<\/h3>\n\n\n\n<p><strong>Minimalizm<\/strong> w najnowszym wydaniu zrzuca sk\u00f3r\u0119 ch\u0142odnej pow\u015bci\u0105gliwo\u015bci, odkrywaj\u0105c bardziej ludzkie oblicze. Minimalistyczne trendy wn\u0119trzarskie na 2025 rok celebruj\u0105 maria\u017c klarowno\u015bci formy z sensorycznym bogactwem. Redukcja nie oznacza ju\u017c ascezy;<a target=\"_blank\" rel=\"noreferrer noopener\" href=\"https:\/\/proplo.pl\/inspiracje-wnetrza-domu?utf8=%E2%9C%93&amp;search%5Broom%5D%5B%5D=&amp;search%5Bstyle%5D%5B%5D=&amp;search%5Bstyle%5D%5B%5D=8&amp;search%5Bcolor%5D%5B%5D=&amp;search%5Bsize%5D%5B%5D=#list\"><strong>minimalistyczne wn\u0119trza<\/strong><\/a><strong> otulaj\u0105 mi\u0119kko\u015bci\u0105 tkanin (we\u0142na, len, aksamit), ciep\u0142em rozproszonego \u015bwiat\u0142a i subtelnymi fakturami, kt\u00f3re zapraszaj\u0105 do dotyku<\/strong>. To sztuka tworzenia przestrzeni wizualnie spokojnych, lecz jednocze\u015bnie niezwykle komfortowych i zapraszaj\u0105cych.<\/p>\n\n\n\n<p>Czyste linie mebli cz\u0119sto \u0142\u0105cz\u0105 si\u0119 tu z mi\u0119kkimi obiciami, a g\u0142adkie powierzchnie z ciep\u0142em naturalnego drewna<sup data-fn=\"9092dd11-7dfd-49d2-9116-836cfb0fde15\" class=\"fn\"><a id=\"9092dd11-7dfd-49d2-9116-836cfb0fde15-link\" href=\"#9092dd11-7dfd-49d2-9116-836cfb0fde15\">1<\/a><\/sup> czy subtelnym po\u0142yskiem metalu. Nieliczne, lecz starannie dobrane elementy wystroju wn\u0119trz, np. mi\u0119sisty dywan, we\u0142niany pled czy ceramiczny wazon o ciekawej fakturze \u2013dodaj\u0105 wn\u0119trzomaury przytulno\u015bci. Paleta barw cz\u0119sto bazuje na <strong>stonowanych<\/strong> i <strong>neutralnych kolorach<\/strong>, ale prze\u0142amanych cieplejszymi tonami lub akcentami.<\/p>\n\n\n\n<h3 class=\"wp-block-heading\">Eklektyzm \u2013 odwa\u017cne \u0142\u0105czenie styl\u00f3w i epok<\/h3>\n\n\n\n<p>Dla dusz niespokojnych, kolekcjoner\u00f3w wspomnie\u0144 i mi\u0142o\u015bnik\u00f3w nieoczywistych zestawie\u0144, <strong>eklektyzm<\/strong> pozostaje niewyczerpanym \u017ar\u00f3d\u0142em inspiracji. Sekret udanej aran\u017cacji wn\u0119trz w stylistyce <strong>eklektyzmu<\/strong> tkwi w znalezieniu wizualnej kotwicy, kt\u00f3ra spaja pozornie odleg\u0142e \u015bwiaty.<strong> Mo\u017ce to by\u0107 konsekwentna paleta kolorystyczna, powtarzaj\u0105cy si\u0119 motyw geometryczny, dominuj\u0105ca faktura, czy nawet okre\u015blony nastr\u00f3j<\/strong>.<\/p>\n\n\n\n<p>Kluczowy jest tu \u015bwiadomy wyb\u00f3r element\u00f3w wn\u0119trza, kt\u00f3re wejd\u0105 ze sob\u0105 w dialog. W tej stylistyce wn\u0119trza inspirowane s\u0105 wieloma \u017ar\u00f3d\u0142ami: pami\u0105tki z podr\u00f3\u017cy mog\u0105 s\u0105siadowa\u0107 z elementami modnych trend\u00f3w, a designerski fotel z krzes\u0142em znalezionym na pchlim targu. Nawet odwa\u017cne, <strong>futurystyczne dekoracje<\/strong> mog\u0105 znale\u017a\u0107 tu swoje miejsce, je\u015bli zostan\u0105 umiej\u0119tnie wkomponowane.<\/p>\n\n\n\n<figure class=\"wp-block-image size-full\"><a href=\"https:\/\/proplo.pl\/profile\/mano\/lazienka-w-stylu-eklektycznym-113\"><img loading=\"lazy\" decoding=\"async\" width=\"1200\" height=\"800\" src=\"https:\/\/proplo.pl\/blog\/wp-content\/uploads\/2025\/04\/architekt-czy-projektant-wnetrz.png\" alt=\"Nowoczesna \u0142azienka eklektyczna z zielonymi meblami i stylowymi akcesoriami.\" class=\"wp-image-625\" srcset=\"https:\/\/proplo.pl\/blog\/wp-content\/uploads\/2025\/04\/architekt-czy-projektant-wnetrz.png 1200w, https:\/\/proplo.pl\/blog\/wp-content\/uploads\/2025\/04\/architekt-czy-projektant-wnetrz-300x200.png 300w, https:\/\/proplo.pl\/blog\/wp-content\/uploads\/2025\/04\/architekt-czy-projektant-wnetrz-768x512.png 768w, https:\/\/proplo.pl\/blog\/wp-content\/uploads\/2025\/04\/architekt-czy-projektant-wnetrz-1024x683.png 1024w, https:\/\/proplo.pl\/blog\/wp-content\/uploads\/2025\/04\/architekt-czy-projektant-wnetrz-480x320.png 480w\" sizes=\"auto, (max-width: 1200px) 100vw, 1200px\" \/><\/a><figcaption class=\"wp-element-caption\">Projekt:\u00a0<a href=\"https:\/\/proplo.pl\/profile\/mano\">Mano<\/a><\/figcaption><\/figure>\n\n\n\n<h3 class=\"wp-block-heading\">Dopamine Decor \u2013 intensywne kolory i energetyczne wn\u0119trza<\/h3>\n\n\n\n<p>W\u015br\u00f3d nowoczesnych trend\u00f3w wn\u0119trzarskich w kontrapunkcie do stonowanych palet, pojawia si\u0119 <a target=\"_blank\" rel=\"noreferrer noopener\" href=\"https:\/\/proplo.pl\/inspiracje-wnetrza-domu?utf8=%E2%9C%93&amp;search%5Broom%5D%5B%5D=&amp;search%5Bstyle%5D%5B%5D=&amp;search%5Bstyle%5D%5B%5D=3&amp;search%5Bcolor%5D%5B%5D=&amp;search%5Bsize%5D%5B%5D=#list\"><strong>Dopamine Decor<\/strong><\/a> \u2013 estetyka \u015bwiadomie graj\u0105ca na emocjach za pomoc\u0105 koloru i wzoru. To eksplozja <strong>intensywnych kolor\u00f3w<\/strong>, <strong>dynamicznych print\u00f3w i form, kt\u00f3re maj\u0105 za zadanie stymulowa\u0107 produkcj\u0119 dopaminy, hormonu szcz\u0119\u015bcia<\/strong>. To wn\u0119trzarski odpowiednik terapii kolorem, propozycja dla os\u00f3b pragn\u0105cych otoczenia, kt\u00f3re dodaje energii, wywo\u0142uje u\u015bmiech i emanuje optymizmem.<\/p>\n\n\n\n<p>Realizacja tej wizji wymaga przemy\u015blanej strategii, w kt\u00f3rej intensywne kolory pojawiaj\u0105 si\u0119 np. na akcentuj\u0105cych \u015bcianach, odwa\u017cnych meblach czy w postaci wyrazistych element\u00f3w wyposa\u017cenia wn\u0119trza. <strong>Graficzne plakaty, barwna ceramika, tekstylia w geometryczne lub abstrakcyjne wzory, a nawet niezwyk\u0142e lustra w fantazyjnych ramach pot\u0119guj\u0105 efekt energii i \u015bwiat\u0142a<\/strong>. Nowoczesne technologie, m.in. w postaci <strong>druku 3D<\/strong>, otwieraj\u0105 nowe mo\u017cliwo\u015bci tworzenia unikatowych, spersonalizowanych ozd\u00f3b. Odpowiednio dobrane kolory nadaj\u0105 wn\u0119trzu dynamiki, a ca\u0142o\u015b\u0107, cho\u0107 odwa\u017cna, mo\u017ce by\u0107 harmonijna, je\u015bli zostanie zbalansowana neutralnym t\u0142em lub powtarzaj\u0105cymi si\u0119 motywami.<\/p>\n\n\n\n<h2 class=\"wp-block-heading\">Kolorystyka wn\u0119trz 2025<\/h2>\n\n\n\n<p>Barwa jest jednym z najpot\u0119\u017cniejszych narz\u0119dzi kszta\u0142towania nastroju i percepcji przestrzeni. Paleta <strong>modnych kolor\u00f3w wn\u0119trz<\/strong> na 2025 rok odzwierciedla pragnienie spokoju, ciep\u0142a i elegancji.<\/p>\n\n\n\n<h3 class=\"wp-block-heading\">Kolor roku 2025: Mocha Mousse \u2013 elegancja i ciep\u0142o<\/h3>\n\n\n\n<p>W tym sezonie za <strong>koloru roku<\/strong> uznane zosta\u0142y g\u0142\u0119bokie otulaj\u0105ce barwy ziemi. Odcie\u0144 <strong>Mocha Mousse<\/strong>, czyli bogaty, ciep\u0142y br\u0105z z subtelnymi, niemal czekoladowymi nutami, jest kwintesencj\u0105 tej tendencji. Tenodcie\u0144 emanuje elegancj\u0105 i spokojem, nadaje wn\u0119trzom ciep\u0142a i poczucia bezpiecze\u0144stwa. Jego szlachetno\u015b\u0107 pi\u0119knie wsp\u00f3\u0142gra z <strong>naturalnymi materia\u0142ami<\/strong>, tworz\u0105c atmosfer\u0119 wyrafinowanego komfortu.<\/p>\n\n\n\n<p>Wszechstronno\u015b\u0107 Mocha Mousse sprawia, \u017ce jest on doskona\u0142ym elementem projektowania wn\u0119trz. Mo\u017ce stanowi\u0107 wyrafinowan\u0105 baz\u0119 na \u015bcianach, tworz\u0105c otulaj\u0105c\u0105 g\u0142\u0119bi\u0119, ale r\u00f3wnie efektownie prezentuje si\u0119 na wi\u0119kszych elementach wyposa\u017cenia wn\u0119trza, <strong>takich jak aksamitna sofa, elegancka zabudowa kuchenna czy wezg\u0142owie \u0142\u00f3\u017cka<\/strong>. Dla niekt\u00f3rych mo\u017ce to by\u0107 nietypowy kolor roku, zw\u0142aszcza w por\u00f3wnaniu z \u017cywszymi barwami promowanymi w poprzednich latach, jednak doskonale wpisuje si\u0119 w aktualny trend powrotu do natury, co wida\u0107 w propozycjach wielu firm, kt\u00f3re og\u0142aszaj\u0105 sw\u00f3j kolor roku w podobnej, ziemistej tonacji. Pi\u0119knie komponuje si\u0119 z innymi stonowanymi kolorami \u2013 od kremowych bieli, przez sza\u0142wiowe zielenie, po zgaszone r\u00f3\u017ce \u2013 oraz neutralnymi kolorami, tworz\u0105c harmonijne i wielowarstwowe palety.<\/p>\n\n\n\n<figure class=\"wp-block-image size-full\"><a href=\"https:\/\/proplo.pl\/profile\/natimo-design\/projekt\/1127\"><img loading=\"lazy\" decoding=\"async\" width=\"1200\" height=\"800\" src=\"https:\/\/proplo.pl\/blog\/wp-content\/uploads\/2025\/04\/trend-mocha-mousse.png\" alt=\"Wsp\u00f3\u0142czesny salon z be\u017cow\u0105 sof\u0105, drewnianym sto\u0142em i ro\u015blin\u0105.\" class=\"wp-image-638\" srcset=\"https:\/\/proplo.pl\/blog\/wp-content\/uploads\/2025\/04\/trend-mocha-mousse.png 1200w, https:\/\/proplo.pl\/blog\/wp-content\/uploads\/2025\/04\/trend-mocha-mousse-300x200.png 300w, https:\/\/proplo.pl\/blog\/wp-content\/uploads\/2025\/04\/trend-mocha-mousse-768x512.png 768w, https:\/\/proplo.pl\/blog\/wp-content\/uploads\/2025\/04\/trend-mocha-mousse-1024x683.png 1024w, https:\/\/proplo.pl\/blog\/wp-content\/uploads\/2025\/04\/trend-mocha-mousse-480x320.png 480w\" sizes=\"auto, (max-width: 1200px) 100vw, 1200px\" \/><\/a><figcaption class=\"wp-element-caption\">Projekt: <a href=\"https:\/\/proplo.pl\/profile\/natimo-design\">NATIMO DESIGN<\/a><\/figcaption><\/figure>\n\n\n\n<h3 class=\"wp-block-heading\">Kolory inspirowane natur\u0105 \u2013 be\u017ce, zielenie i b\u0142\u0119kity<\/h3>\n\n\n\n<p>W nowoczesnych aran\u017cacjach wn\u0119trz niezmiennie siln\u0105 pozycj\u0119 zachowuj\u0105 kolory inspirowane natur\u0105. To paleta barw koj\u0105cych, znajomych i ponadczasowych. <strong>Kr\u00f3luj\u0105 tu z\u0142amane biele, piaskowe i owsiane be\u017ce, gliniane br\u0105zy, a tak\u017ce ca\u0142a gama zieleni \u2013 od delikatnej sza\u0142wii, przez oliwk\u0119, po g\u0142\u0119boki las \u2013 oraz spokojne, cz\u0119sto przygaszone b\u0142\u0119kity<\/strong>. Te neutralne kolory, stosowane jako baza lub dominanta, tworz\u0105 we wn\u0119trzach atmosfer\u0119 harmonii i sprzyjaj\u0105 wyciszeniu.<\/p>\n\n\n\n<p>Si\u0142a tych barw tkwi w ich zdolno\u015bci do tworzenia przestrzeni, kt\u00f3ra wydaje si\u0119 oddycha\u0107. <strong>Umiej\u0119tne warstwowanie r\u00f3\u017cnych odcieni be\u017cu, subtelne przej\u015bcia mi\u0119dzy stonowanymi kolorami zieleni czy zastosowanie r\u00f3\u017cnych tonacji b\u0142\u0119kitu przywodzi na my\u015bl<\/strong> <strong>nadmorski klimat<\/strong>. G\u0142\u0119boka, le\u015bna ziele\u0144 tworzy wn\u0119trza pe\u0142ne tajemnicy i ukojenia, podczas gdy ja\u015bniejsze odcienie i b\u0142\u0119kity dodaj\u0105 wn\u0119trzom lekko\u015bci i przestronno\u015bci.<\/p>\n\n\n\n<h3 class=\"wp-block-heading\">Ciep\u0142e odcienie we wn\u0119trzach \u2013 br\u0105zy, rudo\u015bci i pastelowe \u017c\u00f3\u0142cie<\/h3>\n\n\n\n<p>Aby doda\u0107 wn\u0119trzom energii i przytulno\u015bci, si\u0119gamy po akcenty w innych ciep\u0142ych barwach. <strong>Popularno\u015bci\u0105 ciesz\u0105 si\u0119 odcienie terakoty, rdzawe pomara\u0144cze, g\u0142\u0119bokie burgundy oraz subtelne, s\u0142oneczne \u017c\u00f3\u0142cienie w pastelowych wersjach<\/strong>. Te kolory nadaj\u0105 wn\u0119trzu go\u015bcinno\u015bci, intymno\u015bci i wizualnego ciep\u0142a, prze\u0142amuj\u0105c monotoni\u0119 neutralnych baz i tworz\u0105c bardziej dynamiczne kompozycje.<\/p>\n\n\n\n<p>Nie musz\u0105 dominowa\u0107; cz\u0119sto wystarczy strategicznie rozmieszczone elementy wystroju wn\u0119trz\u2013<strong> poduszki w kolorze terakoty, zas\u0142ony w odcieniu zgaszonego pomara\u0144czu, grafika z akcentami burgundu czy ceramiczny wazon w pastelowej \u017c\u00f3\u0142ci<\/strong>. R\u00f3wnie efektowne mog\u0105 by\u0107 wi\u0119ksze elementy wyposa\u017cenia wn\u0119trza: fotel w odcieniu rdzy, dywan w ciep\u0142e wzory czy nawet fronty szafek w g\u0142\u0119bokim br\u0105zie. Te barwy wspaniale wsp\u00f3\u0142graj\u0105 z ciep\u0142ymi metalami (mosi\u0105dz, mied\u017a), naturalnym drewnem o bogatym us\u0142ojeniu oraz mi\u0119kkimi, pluszowymi tkaninami.<\/p>\n\n\n\n<figure class=\"wp-block-image size-full\"><a href=\"https:\/\/proplo.pl\/profile\/chasing-the-sun\/pomaranczowa-sofa-315\"><img loading=\"lazy\" decoding=\"async\" width=\"1200\" height=\"800\" src=\"https:\/\/proplo.pl\/blog\/wp-content\/uploads\/2025\/04\/Trendy-w-projektowaniu-wnetrz-2025-rok.png\" alt=\"Wn\u0119trze nowoczesnego salonu z pomara\u0144czow\u0105 sof\u0105 i drewnianym sto\u0142em, jasne kolory.\" class=\"wp-image-639\" srcset=\"https:\/\/proplo.pl\/blog\/wp-content\/uploads\/2025\/04\/Trendy-w-projektowaniu-wnetrz-2025-rok.png 1200w, https:\/\/proplo.pl\/blog\/wp-content\/uploads\/2025\/04\/Trendy-w-projektowaniu-wnetrz-2025-rok-300x200.png 300w, https:\/\/proplo.pl\/blog\/wp-content\/uploads\/2025\/04\/Trendy-w-projektowaniu-wnetrz-2025-rok-768x512.png 768w, https:\/\/proplo.pl\/blog\/wp-content\/uploads\/2025\/04\/Trendy-w-projektowaniu-wnetrz-2025-rok-1024x683.png 1024w, https:\/\/proplo.pl\/blog\/wp-content\/uploads\/2025\/04\/Trendy-w-projektowaniu-wnetrz-2025-rok-480x320.png 480w\" sizes=\"auto, (max-width: 1200px) 100vw, 1200px\" \/><\/a><figcaption class=\"wp-element-caption\">Projekt: <a href=\"https:\/\/proplo.pl\/profile\/chasing-the-sun\">Chasing the sun<\/a><\/figcaption><\/figure>\n\n\n\n<h2 class=\"wp-block-heading\">Nowoczesne trendy w aran\u017cacji wn\u0119trz<\/h2>\n\n\n\n<p>O charakterze wsp\u00f3\u0142czesnego wn\u0119trza decyduj\u0105 nie tylko og\u00f3lne style i dominuj\u0105ce kolory, ale w r\u00f3wnej mierze konkretne formy, zastosowane materia\u0142y i starannie dobrane detale wyko\u0144czeniowe. To w\u0142a\u015bnie te elementy, cz\u0119sto subtelne, lecz niezwykle istotne, dodaj\u0105 aran\u017cacji ostatecznego szlifu i wp\u0142ywaj\u0105 na ich unikalny odbi\u00f3r.<\/p>\n\n\n\n<h3 class=\"wp-block-heading\">Ob\u0142e i organiczne kszta\u0142ty \u2013 inspiracja natur\u0105 w meblach i dekoracjach<\/h3>\n\n\n\n<p>Geometria staje si\u0119 bardziej p\u0142ynna, czerpi\u0105c inspiracj\u0119 z mi\u0119kkich linii \u015bwiata przyrody. Obserwujemy dominacj\u0119 ob\u0142ych, organicznych kszta\u0142t\u00f3w w designie mebli \u2013 sof przypominaj\u0105cych otoczaki, sto\u0142\u00f3w o nieregularnych blatach, foteli-kokon\u00f3w. R\u00f3wnie\u017c lustra czy oprawy o\u015bwietleniowe, przyjmuj\u0105 bardziej rze\u017abiarskie, zaokr\u0105glone formy.<\/p>\n\n\n\n<p>Organiczne kszta\u0142ty, pozbawione ostrych kant\u00f3w, pod\u015bwiadomie kojarz\u0105 nam si\u0119 z bezpiecze\u0144stwem i komfortem. Zastosowanie ich jako wa\u017cnego elementu projektowania wn\u0119trz sprawia, \u017ce przestrze\u0144 staje si\u0119 bardziej przyjazna i zach\u0119caj\u0105ca do relaksu.<strong> Dotyczy to tak\u017ce drobniejszych aran\u017cacji wn\u0119trz: pofalowanych wazon\u00f3w, misek o nieregularnych brzegach czy rze\u017ab o p\u0142ynnych liniach<\/strong>. Meble inspirowane stylem organicznym dodaj\u0105 wn\u0119trzom nie tylko \u0142agodno\u015bci, ale i dynamicznego, artystycznego wyrazu.<\/p>\n\n\n\n<h3 class=\"wp-block-heading\">Tr\u00f3jwymiarowe dekoracje \u015bcienne \u2013 lamele i tapety 3D<\/h3>\n\n\n\n<p>\u015aciany przestaj\u0105 by\u0107 jedynie p\u0142askim t\u0142em, a staj\u0105 si\u0119 aktywnym elementem aran\u017cacji. <strong>Tr\u00f3jwymiarowe dekoracje \u015bcienne<\/strong> to najpopularniejszy trend wn\u0119trzarski, kt\u00f3ry nie traci na sile. Pionowe lamele (drewniane, tapicerowane, z polimer\u00f3w), ryflowane panele, dekoracyjne tynki strukturalne czy tapety 3D wprowadzaj\u0105 do wn\u0119trza gr\u0119 \u015bwiat\u0142ocienia, dodaj\u0105c mu g\u0142\u0119bi, dynamiki i wyrafinowanego charakteru.<\/p>\n\n\n\n<h3 class=\"wp-block-heading\">Tapety imituj\u0105ce naturalne materia\u0142y \u2013 len, juta i trawa morska<\/h3>\n\n\n\n<p>Tekstura odgrywa kluczow\u0105 rol\u0119 w budowaniu atmosfery wn\u0119trza. <strong>Wielkim powodzeniem ciesz\u0105 si\u0119 tapety, kt\u00f3re z niezwyk\u0142\u0105 precyzj\u0105 na\u015bladuj\u0105 wygl\u0105d i faktur\u0119 surowego lnu, plecionej juty, egzotycznej trawy morskiej, a nawet szlachetnego kamienia czy surowego betonu<\/strong>. Stanowi\u0105 doskona\u0142y element wystroju wn\u0119trz, pozwalaj\u0105c wprowadzi\u0107 po\u017c\u0105dany efekt wizualny i dotykowy w spos\u00f3b praktyczny i efektowny.<\/p>\n\n\n\n<p>S\u0105 ch\u0119tnie wykorzystywane w aran\u017cacjach wn\u0119trz inspirowanych natur\u0105, doskonale wpisuj\u0105 si\u0119 w styl wn\u0119trzarski <strong>Japandi<\/strong> czy <strong>Biophilic,<\/strong> ale te\u017c potrafi\u0105 doda\u0107 charakteru bardziej minimalistycznym czy industrialnym aran\u017cacjom. Wyb\u00f3r konkretnego wzoru i faktury w istotny spos\u00f3b kszta\u0142tuje ostateczny <strong>charakter wn\u0119trza, <\/strong>pozwalaj\u0105c na stworzenie aran\u017cacji z wykorzystaniem nowoczesnych technologii w s\u0142u\u017cbie ponadczasowej estetyki.<\/p>\n\n\n\n<figure class=\"wp-block-image size-full\"><a href=\"https:\/\/proplo.pl\/profile\/emilia-kozlowska-projekty-z-pasja\/sypialnia-gabinet-1408\"><img loading=\"lazy\" decoding=\"async\" width=\"1200\" height=\"800\" src=\"https:\/\/proplo.pl\/blog\/wp-content\/uploads\/2025\/04\/trendy-we-wnetrzach-rok-2025.png\" alt=\"Sypialnia z nowoczesnym wystrojem, szarym \u0142\u00f3\u017ckiem i drewnianymi meblami.\" class=\"wp-image-640\" srcset=\"https:\/\/proplo.pl\/blog\/wp-content\/uploads\/2025\/04\/trendy-we-wnetrzach-rok-2025.png 1200w, https:\/\/proplo.pl\/blog\/wp-content\/uploads\/2025\/04\/trendy-we-wnetrzach-rok-2025-300x200.png 300w, https:\/\/proplo.pl\/blog\/wp-content\/uploads\/2025\/04\/trendy-we-wnetrzach-rok-2025-768x512.png 768w, https:\/\/proplo.pl\/blog\/wp-content\/uploads\/2025\/04\/trendy-we-wnetrzach-rok-2025-1024x683.png 1024w, https:\/\/proplo.pl\/blog\/wp-content\/uploads\/2025\/04\/trendy-we-wnetrzach-rok-2025-480x320.png 480w\" sizes=\"auto, (max-width: 1200px) 100vw, 1200px\" \/><\/a><figcaption class=\"wp-element-caption\">Projekt: <a href=\"https:\/\/proplo.pl\/profile\/emilia-kozlowska-projekty-z-pasja\">Emilia Koz\u0142owska Projekty Z Pasj\u0105<\/a><\/figcaption><\/figure>\n\n\n\n<h3 class=\"wp-block-heading\">Jode\u0142ka na pod\u0142odze \u2013 klasyczny wz\u00f3r w nowoczesnym wydaniu<\/h3>\n\n\n\n<p>S\u0105 wzory, kt\u00f3re zdaj\u0105 si\u0119 by\u0107 odporne na up\u0142yw czasu. <strong>Jode\u0142ka na pod\u0142odze<\/strong>, czy to w wariancie klasycznym, czy francuskim (chevron), nale\u017cy do tej kategorii. Elegancki, geometryczny motyw uk\u0142adania desek lub p\u0142ytek nadaje posadzce wyrafinowany charakter i dynamik\u0119. Jode\u0142ka na pod\u0142odze jest cenionym elementem aran\u017cacji wn\u0119trz, kt\u00f3ry doskonale odnajduje si\u0119 zar\u00f3wno w przestrzeniach historycznych, jak i tych o wskro\u015b nowoczesnym charakterze.<\/p>\n\n\n\n<p>Jej si\u0142a tkwi nie tylko w ponadczasowej estetyce, ale i w plastyczno\u015bci. Wsp\u00f3\u0142czesne projekty aran\u017cacji wn\u0119trz pokazuj\u0105, jak ten klasyczny wz\u00f3r mo\u017cna interpretowa\u0107 na nowo, <strong>stosuj\u0105c go nie tylko w tradycyjnym parkiecie d\u0119bowym, ale te\u017c w p\u0142ytkach ceramicznych, panelach winylowych czy nawet w betonie<\/strong>. Zmiana materia\u0142u, szeroko\u015bci i d\u0142ugo\u015bci element\u00f3w, czy kolorystyki potrafi nada\u0107 jode\u0142ce zupe\u0142nie nowy wymiar \u2013 od pa\u0142acowej elegancji po surowy industrializm czy ciep\u0142y rustykalny styl.<\/p>\n\n\n\n<h2 class=\"wp-block-heading\">Funkcjonalno\u015b\u0107 i innowacje w projektowaniu wn\u0119trz<\/h2>\n\n\n\n<p>Dzisiaj od naszych wn\u0119trz oczekujemy czego\u015b wi\u0119cej ni\u017c tylko \u0142adnego wygl\u0105du. Chcemy, \u017ceby po prostu dobrze si\u0119 w nich \u017cy\u0142o i \u017ceby u\u0142atwia\u0142y nam codzienno\u015b\u0107, prawda? Dlatego w\u0142a\u015bnie nowoczesne <strong>projektowanie wn\u0119trz<\/strong> tak mocno skupia si\u0119 na sprytnych pomys\u0142ach: na funkcjonalnych rozwi\u0105zaniach, meblach, kt\u00f3re potrafi\u0105 wi\u0119cej ni\u017c jedn\u0105 rzecz, i technologii, kt\u00f3ra faktycznie nam pomaga, a nie przeszkadza<\/p>\n\n\n\n<h3 class=\"wp-block-heading\">Meble modu\u0142owe i wielofunkcyjne \u2013 elastyczno\u015b\u0107 i dostosowanie do potrzeb<\/h3>\n\n\n\n<p>Adaptacyjno\u015b\u0107 to s\u0142owo-klucz. <strong>Meble modu\u0142owe<\/strong>, pozwalaj\u0105ce na swobodn\u0105 konfiguracj\u0119 i rozbudow\u0119, oraz meble wielofunkcyjne, \u0142\u0105cz\u0105ce kilka zastosowa\u0144 w jednym (np. \u0142\u00f3\u017cko ze schowkiem, stolik z miejscem do pracy), s\u0105 odpowiedzi\u0105 na potrzeb\u0119 elastyczno\u015bci. Umo\u017cliwiaj\u0105 optymalne zagospodarowanie przestrzeni i \u0142atwe dostosowanie <strong>aran\u017cacji wn\u0119trz<\/strong> do zmieniaj\u0105cych si\u0119 okoliczno\u015bci \u017cyciowych.<\/p>\n\n\n\n<h3 class=\"wp-block-heading\">Funkcjonalne przestrzenie wielozadaniowe \u2013 dom dostosowany do r\u00f3\u017cnych aktywno\u015bci<\/h3>\n\n\n\n<p>Granice mi\u0119dzy funkcjami poszczeg\u00f3lnych pomieszcze\u0144 staj\u0105 si\u0119 coraz bardziej p\u0142ynne. Dom jest jednocze\u015bnie miejscem pracy, nauki, relaksu i spotka\u0144. Dlatego <strong>projekty aran\u017cacji wn\u0119trz<\/strong> coraz cz\u0119\u015bciej zak\u0142adaj\u0105 tworzenie przestrzeni wielozadaniowych, w kt\u00f3rych za pomoc\u0105 mobilnych \u015bcianek, mebli czy odpowiedniego o\u015bwietlenia mo\u017cna \u0142atwo wydzieli\u0107 strefy dedykowane r\u00f3\u017cnym aktywno\u015bciom.<\/p>\n\n\n\n<p>Nie wiesz, jak to zrobi\u0107? Skorzystaj z pomocy projektant\u00f3w wn\u0119trz na <a target=\"_blank\" rel=\"noreferrer noopener\" href=\"https:\/\/proplo.pl\/\"><strong>Proplo<\/strong><\/a>. <strong>Dzi\u0119ki przejrzystemu systemowi filtr\u00f3w mo\u017cesz szybko znale\u017a\u0107 i por\u00f3wna\u0107 <\/strong><a target=\"_blank\" rel=\"noreferrer noopener\" href=\"https:\/\/proplo.pl\/search?utf8=%E2%9C%93&amp;search%5Bservice%5D%5B%5D=&amp;search%5Bcity%5D%5B%5D=&amp;search%5Bstyle%5D%5B%5D=&amp;commit=Szukaj#list\"><u><strong>setki projektant\u00f3w<\/strong><\/u><\/a>, kt\u00f3rzy dok\u0142adnie odpowiadaj\u0105 Twoim wymaganiom. W jednym miejscu znajdziesz wszystkie niezb\u0119dne informacje \u2013 portfolio, warunki wsp\u00f3\u0142pracy oraz opinie klient\u00f3w i zyskasz pewno\u015b\u0107, \u017ce podejmujesz decyzj\u0119 opart\u0105 na rzetelnych danych i potwierdzonej jako\u015bci us\u0142ug.<\/p>\n\n\n\n<h3 class=\"wp-block-heading\">Nowoczesne technologie w projektowaniu wn\u0119trz \u2013 inteligentne systemy i automatyzacja<\/h3>\n\n\n\n<p><strong>Nowoczesne technologie<\/strong> integruj\u0105 si\u0119 z naszymi domami w spos\u00f3b coraz bardziej dyskretny i intuicyjny. Inteligentne systemy o\u015bwietleniowe, zarz\u0105dzanie temperatur\u0105 i jako\u015bci\u0105 powietrza, zintegrowane systemy audio czy rozwi\u0105zania z zakresu automatyki domowej maj\u0105 na celu podniesienie komfortu i bezpiecze\u0144stwa, nie dominuj\u0105c przy tym nad estetyk\u0105 <strong>wn\u0119trz inspirowanych technologi\u0105<\/strong>.<\/p>\n\n\n\n<figure class=\"wp-block-image size-full\"><a href=\"https:\/\/proplo.pl\/profile\/wnetrze-to-sztuka\/op-art-zaklety-w-przedwojennej-kamienicy-1189\"><img loading=\"lazy\" decoding=\"async\" width=\"1200\" height=\"800\" src=\"https:\/\/proplo.pl\/blog\/wp-content\/uploads\/2025\/04\/trend-technologia-we-wnetrzach-2025.png\" alt=\"Wn\u0119trze salonu eklektycznego z bia\u0142ymi meblami i nowoczesnymi akcentami.\" class=\"wp-image-641\" srcset=\"https:\/\/proplo.pl\/blog\/wp-content\/uploads\/2025\/04\/trend-technologia-we-wnetrzach-2025.png 1200w, https:\/\/proplo.pl\/blog\/wp-content\/uploads\/2025\/04\/trend-technologia-we-wnetrzach-2025-300x200.png 300w, https:\/\/proplo.pl\/blog\/wp-content\/uploads\/2025\/04\/trend-technologia-we-wnetrzach-2025-768x512.png 768w, https:\/\/proplo.pl\/blog\/wp-content\/uploads\/2025\/04\/trend-technologia-we-wnetrzach-2025-1024x683.png 1024w, https:\/\/proplo.pl\/blog\/wp-content\/uploads\/2025\/04\/trend-technologia-we-wnetrzach-2025-480x320.png 480w\" sizes=\"auto, (max-width: 1200px) 100vw, 1200px\" \/><\/a><figcaption class=\"wp-element-caption\">Projekt: <a href=\"https:\/\/proplo.pl\/profile\/wnetrze-to-sztuka\">Wn\u0119trze To Sztuka<\/a><\/figcaption><\/figure>\n\n\n\n<h2 class=\"wp-block-heading\">Naturalne materia\u0142y i zr\u00f3wnowa\u017cony rozw\u00f3j<\/h2>\n\n\n\n<p>Wsp\u00f3\u0142czesne aran\u017cacje wn\u0119trz coraz mocniej rezonuj\u0105 z rosn\u0105c\u0105 \u015bwiadomo\u015bci\u0105 ekologiczn\u0105 i g\u0142\u0119bokim pragnieniem powrotu do natury. Ten zwrot objawia si\u0119 w \u015bwiadomym wyborze naturalnych materia\u0142\u00f3w oraz wdra\u017caniu zasad zr\u00f3wnowa\u017conego rozwoju.<\/p>\n\n\n\n<h3 class=\"wp-block-heading\">Drewno, kamie\u0144 i len \u2013 ekologiczne surowce w aran\u017cacji wn\u0119trz<\/h3>\n\n\n\n<p>Obserwujemy \u015bwiadomy zwrot ku autentyczno\u015bci, co manifestuje si\u0119 w rosn\u0105cej popularno\u015bci naturalnych surowc\u00f3w we wn\u0119trzach. Prawdziwe <strong>drewno<\/strong>, z niepowtarzalnym rysunkiem s\u0142oj\u00f3w i ciep\u0142em, jest wykorzystywane zar\u00f3wno w formie solidnych mebli, jak i wyrafinowanych ok\u0142adzin \u015bciennych czy pod\u0142\u00f3g. <strong>Kamie\u0144 naturalny<\/strong> wnosi do przestrzeni element ponadczasowej elegancji i solidno\u015bci, pojawiaj\u0105c si\u0119 na blatach, posadzkach czy jako wyrazisty akcent dekoracyjny.<\/p>\n\n\n\n<p>R\u00f3wnie wa\u017cne staj\u0105 si\u0119 <strong>ekologiczne materia\u0142y tekstylne:<\/strong> oddychaj\u0105cylen na zas\u0142onach i po\u015bcieli, mi\u0119kka we\u0142na w dywanach i pledach czy certyfikowana bawe\u0142na organiczna. Szybko popularno\u015b\u0107 zdobywaj\u0105 te\u017c l\u017cejsze, odnawialne surowce jak bambus, korek, rattan czy<strong> wiklina<\/strong>, odnajduj\u0105c nowe zastosowania w meblach, o\u015bwietleniu i elementach wystroju wn\u0119trz.<\/p>\n\n\n\n<h3 class=\"wp-block-heading\">Wp\u0142yw naturalnych materia\u0142\u00f3w na estetyk\u0119 i komfort wn\u0119trza<\/h3>\n\n\n\n<p>Si\u0142a <strong>naturalnych materia\u0142\u00f3w<\/strong> tkwi w ich autentyczno\u015bci. Ka\u017cdy kawa\u0142ek drewna, ka\u017cdy fragment kamienia ma swoj\u0105 unikaln\u0105 histori\u0119 zapisan\u0105 w fakturze i rysunku. Wnosz\u0105 one do <strong>wn\u0119trz<\/strong> nie tylko niepowtarzalne pi\u0119kno, ale tak\u017ce ciep\u0142o i przytulno\u015b\u0107. Co wi\u0119cej, wiele z nich posiada zdolno\u015b\u0107 do regulacji mikroklimatu, tworz\u0105c zdrowsze i bardziej komfortowe \u015brodowisko do \u017cycia.<\/p>\n\n\n\n<p>Wykorzystanie naturalnych materia\u0142\u00f3w w aran\u017cacji wn\u0119trzanga\u017cuje wszystkie nasze zmys\u0142y, tworz\u0105c bogate, polisensoryczne doznania. Pomy\u015blmy o subtelnym zapachu \u017cywicznego drewna, o koj\u0105cym ch\u0142odzie kamiennej posadzki w letni dzie\u0144, czy przyjemnej szorstko\u015bci lnianej zas\u0142ony poruszanej delikatnym wiatrem. Te doznania, cz\u0119sto pod\u015bwiadome, buduj\u0105 g\u0142\u0119bok\u0105 wi\u0119\u017a z otoczeniem, odpowiadaj\u0105c na nasz\u0105 wrodzon\u0105 potrzeb\u0119 kontaktu z natur\u0105 \u2013 esencj\u0119 <strong>Biofilii<\/strong>.<\/p>\n\n\n\n<p><strong>Przeczytaj r\u00f3wnie\u017c:<\/strong><\/p>\n\n\n\n<p><a target=\"_blank\" rel=\"noreferrer noopener\" href=\"https:\/\/proplo.pl\/blog\/aranzacja-luksusowych-wnetrz\/\"><strong>Aran\u017cacja luksusowych wn\u0119trz \u2013 Jak zrobi\u0107 to ze smakiem?<\/strong><\/a><\/p>\n\n\n\n<p><a target=\"_blank\" rel=\"noreferrer noopener\" href=\"https:\/\/proplo.pl\/blog\/kompleksowe-wykonczenie-wnetrz\/\"><strong>Kompleksowe wyko\u0144czenie wn\u0119trz \u2013 etapy, koszty i kluczowe aspekty<\/strong><\/a><\/p>\n\n\n\n<p><a target=\"_blank\" rel=\"noreferrer noopener\" href=\"https:\/\/proplo.pl\/blog\/ile-trwa-remont-mieszkania\/\"><strong>Ile trwa remont mieszkania? Jak go przetrwa\u0107?<\/strong><\/a><\/p>\n\n\n\n<hr class=\"wp-block-separator has-alpha-channel-opacity\"\/>\n\n\n\n<p><strong>\u0179r\u00f3d\u0142a:<\/strong><\/p>\n\n\n<ol class=\"wp-block-footnotes\"><li id=\"9092dd11-7dfd-49d2-9116-836cfb0fde15\"><a href=\"https:\/\/jwoodscience.springeropen.com\/articles\/10.1186\/s10086-021-01960-0\">https:\/\/jwoodscience.springeropen.com\/articles\/10.1186\/s10086-021-01960-0<\/a> <a href=\"#9092dd11-7dfd-49d2-9116-836cfb0fde15-link\" aria-label=\"Przejd\u017a do przypisu 1\">\u21a9\ufe0e<\/a><\/li><\/ol>\n\n\n<p><\/p>\n","protected":false},"excerpt":{"rendered":"<p>W 2025 roku m\u00f3wimy &#8222;do\u015b\u0107!&#8221; przestrzeniom bezosobowym i trendom na jeden sezon. Szukamy jako\u015bci, kt\u00f3ra przetrwa pr\u00f3b\u0119 czasu.<\/p>\n","protected":false},"author":3,"featured_media":635,"comment_status":"closed","ping_status":"closed","sticky":false,"template":"","format":"standard","meta":{"footnotes":"[{\"content\":\"<a href=\\\"https:\/\/jwoodscience.springeropen.com\/articles\/10.1186\/s10086-021-01960-0\\\">https:\/\/jwoodscience.springeropen.com\/articles\/10.1186\/s10086-021-01960-0<\/a>\",\"id\":\"9092dd11-7dfd-49d2-9116-836cfb0fde15\"}]"},"categories":[15],"tags":[],"class_list":["post-632","post","type-post","status-publish","format-standard","has-post-thumbnail","hentry","category-inne"],"acf":[],"yoast_head":"<!-- This site is optimized with the Yoast SEO plugin v27.5 - https:\/\/yoast.com\/product\/yoast-seo-wordpress\/ -->\n<title>Trendy w projektowaniu wn\u0119trz na 2025 \u2013 Proplo<\/title>\n<meta name=\"description\" content=\"B\u0105d\u017a na bie\u017c\u0105co z trendami w architekturze wn\u0119trz i poznaj trendy w projektowaniu wn\u0119trz na 2025 z Proplo.pl\" \/>\n<meta name=\"robots\" content=\"index, follow, max-snippet:-1, max-image-preview:large, max-video-preview:-1\" \/>\n<link rel=\"canonical\" href=\"https:\/\/proplo.pl\/blog\/trendy-w-projektowaniu-wnetrz-2025\/\" \/>\n<meta property=\"og:locale\" content=\"pl_PL\" \/>\n<meta property=\"og:type\" content=\"article\" \/>\n<meta property=\"og:title\" content=\"Trendy w projektowaniu wn\u0119trz na 2025 \u2013 Proplo\" \/>\n<meta property=\"og:description\" content=\"B\u0105d\u017a na bie\u017c\u0105co z trendami w architekturze wn\u0119trz i poznaj trendy w projektowaniu wn\u0119trz na 2025 z Proplo.pl\" \/>\n<meta property=\"og:url\" content=\"https:\/\/proplo.pl\/blog\/trendy-w-projektowaniu-wnetrz-2025\/\" \/>\n<meta property=\"og:site_name\" content=\"Poradnik wn\u0119trzarski - Proplo\" \/>\n<meta property=\"article:published_time\" content=\"2025-04-15T20:24:46+00:00\" \/>\n<meta property=\"article:modified_time\" content=\"2025-04-30T09:21:25+00:00\" \/>\n<meta property=\"og:image\" content=\"https:\/\/proplo.pl\/blog\/wp-content\/uploads\/2025\/04\/Trendy-w-projektowaniu-wnetrz-na-2025.png\" \/>\n\t<meta property=\"og:image:width\" content=\"1200\" \/>\n\t<meta property=\"og:image:height\" content=\"800\" \/>\n\t<meta property=\"og:image:type\" content=\"image\/png\" \/>\n<meta name=\"author\" content=\"Proplo\" \/>\n<meta name=\"twitter:card\" content=\"summary_large_image\" \/>\n<meta name=\"twitter:label1\" content=\"Napisane przez\" \/>\n\t<meta name=\"twitter:data1\" content=\"Proplo\" \/>\n\t<meta name=\"twitter:label2\" content=\"Szacowany czas czytania\" \/>\n\t<meta name=\"twitter:data2\" content=\"17 minut\" \/>\n<script type=\"application\/ld+json\" class=\"yoast-schema-graph\">{\"@context\":\"https:\\\/\\\/schema.org\",\"@graph\":[{\"@type\":\"Article\",\"@id\":\"https:\\\/\\\/proplo.pl\\\/blog\\\/trendy-w-projektowaniu-wnetrz-2025\\\/#article\",\"isPartOf\":{\"@id\":\"https:\\\/\\\/proplo.pl\\\/blog\\\/trendy-w-projektowaniu-wnetrz-2025\\\/\"},\"author\":{\"name\":\"Proplo\",\"@id\":\"https:\\\/\\\/proplo.pl\\\/blog\\\/#\\\/schema\\\/person\\\/c13af99097d24e9fc2b86b838c0fd0e1\"},\"headline\":\"Trendy w projektowaniu wn\u0119trz 2025\",\"datePublished\":\"2025-04-15T20:24:46+00:00\",\"dateModified\":\"2025-04-30T09:21:25+00:00\",\"mainEntityOfPage\":{\"@id\":\"https:\\\/\\\/proplo.pl\\\/blog\\\/trendy-w-projektowaniu-wnetrz-2025\\\/\"},\"wordCount\":3168,\"image\":{\"@id\":\"https:\\\/\\\/proplo.pl\\\/blog\\\/trendy-w-projektowaniu-wnetrz-2025\\\/#primaryimage\"},\"thumbnailUrl\":\"https:\\\/\\\/proplo.pl\\\/blog\\\/wp-content\\\/uploads\\\/2025\\\/04\\\/Trendy-w-projektowaniu-wnetrz-na-2025.png\",\"articleSection\":[\"Inne\"],\"inLanguage\":\"pl-PL\"},{\"@type\":\"WebPage\",\"@id\":\"https:\\\/\\\/proplo.pl\\\/blog\\\/trendy-w-projektowaniu-wnetrz-2025\\\/\",\"url\":\"https:\\\/\\\/proplo.pl\\\/blog\\\/trendy-w-projektowaniu-wnetrz-2025\\\/\",\"name\":\"Trendy w projektowaniu wn\u0119trz na 2025 \u2013 Proplo\",\"isPartOf\":{\"@id\":\"https:\\\/\\\/proplo.pl\\\/blog\\\/#website\"},\"primaryImageOfPage\":{\"@id\":\"https:\\\/\\\/proplo.pl\\\/blog\\\/trendy-w-projektowaniu-wnetrz-2025\\\/#primaryimage\"},\"image\":{\"@id\":\"https:\\\/\\\/proplo.pl\\\/blog\\\/trendy-w-projektowaniu-wnetrz-2025\\\/#primaryimage\"},\"thumbnailUrl\":\"https:\\\/\\\/proplo.pl\\\/blog\\\/wp-content\\\/uploads\\\/2025\\\/04\\\/Trendy-w-projektowaniu-wnetrz-na-2025.png\",\"datePublished\":\"2025-04-15T20:24:46+00:00\",\"dateModified\":\"2025-04-30T09:21:25+00:00\",\"author\":{\"@id\":\"https:\\\/\\\/proplo.pl\\\/blog\\\/#\\\/schema\\\/person\\\/c13af99097d24e9fc2b86b838c0fd0e1\"},\"description\":\"B\u0105d\u017a na bie\u017c\u0105co z trendami w architekturze wn\u0119trz i poznaj trendy w projektowaniu wn\u0119trz na 2025 z Proplo.pl\",\"breadcrumb\":{\"@id\":\"https:\\\/\\\/proplo.pl\\\/blog\\\/trendy-w-projektowaniu-wnetrz-2025\\\/#breadcrumb\"},\"inLanguage\":\"pl-PL\",\"potentialAction\":[{\"@type\":\"ReadAction\",\"target\":[\"https:\\\/\\\/proplo.pl\\\/blog\\\/trendy-w-projektowaniu-wnetrz-2025\\\/\"]}]},{\"@type\":\"ImageObject\",\"inLanguage\":\"pl-PL\",\"@id\":\"https:\\\/\\\/proplo.pl\\\/blog\\\/trendy-w-projektowaniu-wnetrz-2025\\\/#primaryimage\",\"url\":\"https:\\\/\\\/proplo.pl\\\/blog\\\/wp-content\\\/uploads\\\/2025\\\/04\\\/Trendy-w-projektowaniu-wnetrz-na-2025.png\",\"contentUrl\":\"https:\\\/\\\/proplo.pl\\\/blog\\\/wp-content\\\/uploads\\\/2025\\\/04\\\/Trendy-w-projektowaniu-wnetrz-na-2025.png\",\"width\":1200,\"height\":800,\"caption\":\"Przedpok\u00f3j w stylu boho z drewnianym lustrem i rustykalnymi akcentami.\"},{\"@type\":\"BreadcrumbList\",\"@id\":\"https:\\\/\\\/proplo.pl\\\/blog\\\/trendy-w-projektowaniu-wnetrz-2025\\\/#breadcrumb\",\"itemListElement\":[{\"@type\":\"ListItem\",\"position\":1,\"name\":\"Proplo\",\"item\":\"https:\\\/\\\/proplo.pl\"},{\"@type\":\"ListItem\",\"position\":2,\"name\":\"Poradnik wn\u0119trzarski\",\"item\":\"https:\\\/\\\/proplo.pl\\\/blog\\\/\"},{\"@type\":\"ListItem\",\"position\":3,\"name\":\"Trendy w projektowaniu wn\u0119trz 2025\"}]},{\"@type\":\"WebSite\",\"@id\":\"https:\\\/\\\/proplo.pl\\\/blog\\\/#website\",\"url\":\"https:\\\/\\\/proplo.pl\\\/blog\\\/\",\"name\":\"Blog Proplo\",\"description\":\"\",\"potentialAction\":[{\"@type\":\"SearchAction\",\"target\":{\"@type\":\"EntryPoint\",\"urlTemplate\":\"https:\\\/\\\/proplo.pl\\\/blog\\\/?s={search_term_string}\"},\"query-input\":{\"@type\":\"PropertyValueSpecification\",\"valueRequired\":true,\"valueName\":\"search_term_string\"}}],\"inLanguage\":\"pl-PL\"},{\"@type\":\"Person\",\"@id\":\"https:\\\/\\\/proplo.pl\\\/blog\\\/#\\\/schema\\\/person\\\/c13af99097d24e9fc2b86b838c0fd0e1\",\"name\":\"Proplo\",\"image\":{\"@type\":\"ImageObject\",\"inLanguage\":\"pl-PL\",\"@id\":\"https:\\\/\\\/secure.gravatar.com\\\/avatar\\\/176f908138148facd74b7d78fc677b53b24a54b63aacd8fc4e81a4da926e5f28?s=96&d=mm&r=g\",\"url\":\"https:\\\/\\\/secure.gravatar.com\\\/avatar\\\/176f908138148facd74b7d78fc677b53b24a54b63aacd8fc4e81a4da926e5f28?s=96&d=mm&r=g\",\"contentUrl\":\"https:\\\/\\\/secure.gravatar.com\\\/avatar\\\/176f908138148facd74b7d78fc677b53b24a54b63aacd8fc4e81a4da926e5f28?s=96&d=mm&r=g\",\"caption\":\"Proplo\"},\"url\":\"https:\\\/\\\/proplo.pl\\\/blog\\\/author\\\/r-marciniak\\\/\"}]}<\/script>\n<!-- \/ Yoast SEO plugin. -->","yoast_head_json":{"title":"Trendy w projektowaniu wn\u0119trz na 2025 \u2013 Proplo","description":"B\u0105d\u017a na bie\u017c\u0105co z trendami w architekturze wn\u0119trz i poznaj trendy w projektowaniu wn\u0119trz na 2025 z Proplo.pl","robots":{"index":"index","follow":"follow","max-snippet":"max-snippet:-1","max-image-preview":"max-image-preview:large","max-video-preview":"max-video-preview:-1"},"canonical":"https:\/\/proplo.pl\/blog\/trendy-w-projektowaniu-wnetrz-2025\/","og_locale":"pl_PL","og_type":"article","og_title":"Trendy w projektowaniu wn\u0119trz na 2025 \u2013 Proplo","og_description":"B\u0105d\u017a na bie\u017c\u0105co z trendami w architekturze wn\u0119trz i poznaj trendy w projektowaniu wn\u0119trz na 2025 z Proplo.pl","og_url":"https:\/\/proplo.pl\/blog\/trendy-w-projektowaniu-wnetrz-2025\/","og_site_name":"Poradnik wn\u0119trzarski - Proplo","article_published_time":"2025-04-15T20:24:46+00:00","article_modified_time":"2025-04-30T09:21:25+00:00","og_image":[{"width":1200,"height":800,"url":"https:\/\/proplo.pl\/blog\/wp-content\/uploads\/2025\/04\/Trendy-w-projektowaniu-wnetrz-na-2025.png","type":"image\/png"}],"author":"Proplo","twitter_card":"summary_large_image","twitter_misc":{"Napisane przez":"Proplo","Szacowany czas czytania":"17 minut"},"schema":{"@context":"https:\/\/schema.org","@graph":[{"@type":"Article","@id":"https:\/\/proplo.pl\/blog\/trendy-w-projektowaniu-wnetrz-2025\/#article","isPartOf":{"@id":"https:\/\/proplo.pl\/blog\/trendy-w-projektowaniu-wnetrz-2025\/"},"author":{"name":"Proplo","@id":"https:\/\/proplo.pl\/blog\/#\/schema\/person\/c13af99097d24e9fc2b86b838c0fd0e1"},"headline":"Trendy w projektowaniu wn\u0119trz 2025","datePublished":"2025-04-15T20:24:46+00:00","dateModified":"2025-04-30T09:21:25+00:00","mainEntityOfPage":{"@id":"https:\/\/proplo.pl\/blog\/trendy-w-projektowaniu-wnetrz-2025\/"},"wordCount":3168,"image":{"@id":"https:\/\/proplo.pl\/blog\/trendy-w-projektowaniu-wnetrz-2025\/#primaryimage"},"thumbnailUrl":"https:\/\/proplo.pl\/blog\/wp-content\/uploads\/2025\/04\/Trendy-w-projektowaniu-wnetrz-na-2025.png","articleSection":["Inne"],"inLanguage":"pl-PL"},{"@type":"WebPage","@id":"https:\/\/proplo.pl\/blog\/trendy-w-projektowaniu-wnetrz-2025\/","url":"https:\/\/proplo.pl\/blog\/trendy-w-projektowaniu-wnetrz-2025\/","name":"Trendy w projektowaniu wn\u0119trz na 2025 \u2013 Proplo","isPartOf":{"@id":"https:\/\/proplo.pl\/blog\/#website"},"primaryImageOfPage":{"@id":"https:\/\/proplo.pl\/blog\/trendy-w-projektowaniu-wnetrz-2025\/#primaryimage"},"image":{"@id":"https:\/\/proplo.pl\/blog\/trendy-w-projektowaniu-wnetrz-2025\/#primaryimage"},"thumbnailUrl":"https:\/\/proplo.pl\/blog\/wp-content\/uploads\/2025\/04\/Trendy-w-projektowaniu-wnetrz-na-2025.png","datePublished":"2025-04-15T20:24:46+00:00","dateModified":"2025-04-30T09:21:25+00:00","author":{"@id":"https:\/\/proplo.pl\/blog\/#\/schema\/person\/c13af99097d24e9fc2b86b838c0fd0e1"},"description":"B\u0105d\u017a na bie\u017c\u0105co z trendami w architekturze wn\u0119trz i poznaj trendy w projektowaniu wn\u0119trz na 2025 z Proplo.pl","breadcrumb":{"@id":"https:\/\/proplo.pl\/blog\/trendy-w-projektowaniu-wnetrz-2025\/#breadcrumb"},"inLanguage":"pl-PL","potentialAction":[{"@type":"ReadAction","target":["https:\/\/proplo.pl\/blog\/trendy-w-projektowaniu-wnetrz-2025\/"]}]},{"@type":"ImageObject","inLanguage":"pl-PL","@id":"https:\/\/proplo.pl\/blog\/trendy-w-projektowaniu-wnetrz-2025\/#primaryimage","url":"https:\/\/proplo.pl\/blog\/wp-content\/uploads\/2025\/04\/Trendy-w-projektowaniu-wnetrz-na-2025.png","contentUrl":"https:\/\/proplo.pl\/blog\/wp-content\/uploads\/2025\/04\/Trendy-w-projektowaniu-wnetrz-na-2025.png","width":1200,"height":800,"caption":"Przedpok\u00f3j w stylu boho z drewnianym lustrem i rustykalnymi akcentami."},{"@type":"BreadcrumbList","@id":"https:\/\/proplo.pl\/blog\/trendy-w-projektowaniu-wnetrz-2025\/#breadcrumb","itemListElement":[{"@type":"ListItem","position":1,"name":"Proplo","item":"https:\/\/proplo.pl"},{"@type":"ListItem","position":2,"name":"Poradnik wn\u0119trzarski","item":"https:\/\/proplo.pl\/blog\/"},{"@type":"ListItem","position":3,"name":"Trendy w projektowaniu wn\u0119trz 2025"}]},{"@type":"WebSite","@id":"https:\/\/proplo.pl\/blog\/#website","url":"https:\/\/proplo.pl\/blog\/","name":"Blog Proplo","description":"","potentialAction":[{"@type":"SearchAction","target":{"@type":"EntryPoint","urlTemplate":"https:\/\/proplo.pl\/blog\/?s={search_term_string}"},"query-input":{"@type":"PropertyValueSpecification","valueRequired":true,"valueName":"search_term_string"}}],"inLanguage":"pl-PL"},{"@type":"Person","@id":"https:\/\/proplo.pl\/blog\/#\/schema\/person\/c13af99097d24e9fc2b86b838c0fd0e1","name":"Proplo","image":{"@type":"ImageObject","inLanguage":"pl-PL","@id":"https:\/\/secure.gravatar.com\/avatar\/176f908138148facd74b7d78fc677b53b24a54b63aacd8fc4e81a4da926e5f28?s=96&d=mm&r=g","url":"https:\/\/secure.gravatar.com\/avatar\/176f908138148facd74b7d78fc677b53b24a54b63aacd8fc4e81a4da926e5f28?s=96&d=mm&r=g","contentUrl":"https:\/\/secure.gravatar.com\/avatar\/176f908138148facd74b7d78fc677b53b24a54b63aacd8fc4e81a4da926e5f28?s=96&d=mm&r=g","caption":"Proplo"},"url":"https:\/\/proplo.pl\/blog\/author\/r-marciniak\/"}]}},"_links":{"self":[{"href":"https:\/\/proplo.pl\/blog\/wp-json\/wp\/v2\/posts\/632","targetHints":{"allow":["GET"]}}],"collection":[{"href":"https:\/\/proplo.pl\/blog\/wp-json\/wp\/v2\/posts"}],"about":[{"href":"https:\/\/proplo.pl\/blog\/wp-json\/wp\/v2\/types\/post"}],"author":[{"embeddable":true,"href":"https:\/\/proplo.pl\/blog\/wp-json\/wp\/v2\/users\/3"}],"replies":[{"embeddable":true,"href":"https:\/\/proplo.pl\/blog\/wp-json\/wp\/v2\/comments?post=632"}],"version-history":[{"count":4,"href":"https:\/\/proplo.pl\/blog\/wp-json\/wp\/v2\/posts\/632\/revisions"}],"predecessor-version":[{"id":643,"href":"https:\/\/proplo.pl\/blog\/wp-json\/wp\/v2\/posts\/632\/revisions\/643"}],"wp:featuredmedia":[{"embeddable":true,"href":"https:\/\/proplo.pl\/blog\/wp-json\/wp\/v2\/media\/635"}],"wp:attachment":[{"href":"https:\/\/proplo.pl\/blog\/wp-json\/wp\/v2\/media?parent=632"}],"wp:term":[{"taxonomy":"category","embeddable":true,"href":"https:\/\/proplo.pl\/blog\/wp-json\/wp\/v2\/categories?post=632"},{"taxonomy":"post_tag","embeddable":true,"href":"https:\/\/proplo.pl\/blog\/wp-json\/wp\/v2\/tags?post=632"}],"curies":[{"name":"wp","href":"https:\/\/api.w.org\/{rel}","templated":true}]}}