{"id":550,"date":"2025-03-09T19:35:18","date_gmt":"2025-03-09T19:35:18","guid":{"rendered":"https:\/\/proplo.pl\/blog\/?p=550"},"modified":"2025-04-30T10:20:59","modified_gmt":"2025-04-30T09:20:59","slug":"biuro-w-domu-jak-stworzyc-komfortowa-i-ergonomiczna-przestrzen-do-pracy","status":"publish","type":"post","link":"https:\/\/proplo.pl\/blog\/biuro-w-domu-jak-stworzyc-komfortowa-i-ergonomiczna-przestrzen-do-pracy\/","title":{"rendered":"Biuro w domu \u2013 jak stworzy\u0107 komfortow\u0105 i ergonomiczn\u0105 przestrze\u0144 do pracy?"},"content":{"rendered":"<div class=\"you-find-content\">\r\n    <div class=\"container-xl container-wrapper\">\r\n        <div class=\"row design\">\r\n            <div class=\"col-md-12 wrapper \">\r\n                <div class=\"title\"><p>Z tego artyku\u0142u dowiesz si\u0119:<\/p>\n<\/div>\r\n                <div class=\"grid-wrapper\">\r\n                                                        <div class=\"block-list\">\r\n                        <div class=\"number\">\r\n                            1                        <\/div>\r\n                        <div class=\"text\">\r\n                            <p>Jak ergonomicznie urz\u0105dzi\u0107 biuro w domu?<\/p>\n                        <\/div>\r\n                    <\/div>\r\n                                        <div class=\"block-list\">\r\n                        <div class=\"number\">\r\n                            2                        <\/div>\r\n                        <div class=\"text\">\r\n                            <p>Jakie s\u0105 najlepsze rozwi\u0105zania dla biura w ma\u0142ej przestrzeni?<\/p>\n                        <\/div>\r\n                    <\/div>\r\n                                        <div class=\"block-list\">\r\n                        <div class=\"number\">\r\n                            3                        <\/div>\r\n                        <div class=\"text\">\r\n                            <p>Jakie style i kolory najlepiej sprawdz\u0105 si\u0119 w domowym biurze?<\/p>\n                        <\/div>\r\n                    <\/div>\r\n                                        <div class=\"block-list\">\r\n                        <div class=\"number\">\r\n                            4                        <\/div>\r\n                        <div class=\"text\">\r\n                            <p>Jakie ro\u015bliny s\u0105 najlepsze do domowego biura?<\/p>\n                        <\/div>\r\n                    <\/div>\r\n                                                    <\/div>\r\n            <\/div>\r\n        <\/div>\r\n    <\/div>\r\n<\/div>\n\n\n<p>Praca w domu brzmi jak marzenie \u2013 wygoda, brak dojazd\u00f3w<strong>. Ale przy du\u017cym nat\u0142oku obowi\u0105zk\u00f3w, migracje mi\u0119dzy komputerem a telewizorem mog\u0105 si\u0119 na nas zem\u015bci\u0107. Zadbaj o swoje zdrowie, projektuj\u0105c ergonomiczn\u0105 przestrze\u0144 do pracy. Organizacja domowego biura powinna opiera\u0107 si\u0119 o wskaz\u00f3wki fizjoterapeut\u00f3w. Zdrowa postawa przy ergonomicznym biurku, na ortopedycznym krze\u015ble biurowym i przy odpowiednim o\u015bwietleniu, zapewni Ci zdrowie i podniesie Twoj\u0105 produktywno\u015b\u0107.<\/strong><\/p>\n\n\n\n<p>Praca zdalna nie musi by\u0107 m\u0119cz\u0105cym siedzeniem w pi\u017camie przy kuchennym stole. Wydziel osobne pomieszczenie, wstaw wygodne krzes\u0142o, dostosuj biurko do swoich potrzeb i dodaj element, kt\u00f3ry do ciebie pasuje \u2013 np. plakat ulubionego zespo\u0142u albo kubek, kt\u00f3ry zawsze poprawia Ci humor. To proste zmiany, a znacz\u0105co poprawiaj\u0105 komfort pracy.<\/p>\n\n\n\n<h2 class=\"wp-block-heading\">Najwa\u017cniejsze zasady ergonomicznego miejsca pracy<\/h2>\n\n\n\n<p>Aran\u017cuj\u0105c w\u0142asne biuro, zainspiruj si\u0119 wskaz\u00f3wkami fizjoterapeut\u00f3w. Twoje plecy z pewno\u015bci\u0105 Ci za to podzi\u0119kuj\u0105.<\/p>\n\n\n\n<ol class=\"wp-block-list\">\n<li>Wybierz <strong>krzes\u0142o z regulowanym oparciem<\/strong>, kt\u00f3re wspiera naturaln\u0105 krzywizn\u0119 kr\u0119gos\u0142upa.<\/li>\n\n\n\n<li>Biurko powinno mie\u0107 wysoko\u015b\u0107 pozwalaj\u0105c\u0105 na u\u0142o\u017cenie ramion<strong> pod k\u0105tem prostym.<\/strong> W ten spos\u00f3b unikniesz b\u00f3lu plec\u00f3w i napi\u0119cia mi\u0119\u015bni.<\/li>\n\n\n\n<li>Monitor ustaw na takiej wysoko\u015bci, aby nie zadziera\u0107 g\u0142owy \u2013 mniej wi\u0119cej na wprost oczu, z lekkim odst\u0119pem;<\/li>\n\n\n\n<li>Postaw na <strong>klawiatur\u0119 i mysz z podk\u0142adk\u0105 pod nadgarstki<\/strong>, by zminimalizowa\u0107 dyskomfort w barkach.<\/li>\n<\/ol>\n\n\n\n<p>Eksperci zalecaj\u0105, aby co 30 minut wsta\u0107, rozci\u0105gn\u0105\u0107 si\u0119 lub wykona\u0107 kilka lekkich \u0107wicze\u0144, mo\u017ce to by\u0107 np. unoszenie ramion czy skr\u0119ty tu\u0142owia. To pobudza kr\u0105\u017cenie i poprawia koncentracj\u0119. Podn\u00f3\u017cek i regularne przerwy, to ma\u0142e zmiany, kt\u00f3re przynosz\u0105 wielkie korzy\u015bci dla Twojego samopoczucia i sprawno\u015bci. Dlatego warto zadba\u0107 o dodatkow\u0105 przestrze\u0144 zar\u00f3wno w ma\u0142ym biurze, jak i du\u017cym studio.<\/p>\n\n\n\n<figure class=\"wp-block-image size-full\"><a href=\"https:\/\/proplo.pl\/profile\/lm-architekt-wnetrz\/projekt-sypialni-z-miejscem-do-pracy-829\"><img loading=\"lazy\" decoding=\"async\" width=\"1200\" height=\"800\" src=\"https:\/\/proplo.pl\/blog\/wp-content\/uploads\/2025\/03\/domowe-biuro.png\" alt=\"Wn\u0119trze biura w stylu japandi z drewnianymi elementami i ro\u015blin\u0105.\" class=\"wp-image-556\" srcset=\"https:\/\/proplo.pl\/blog\/wp-content\/uploads\/2025\/03\/domowe-biuro.png 1200w, https:\/\/proplo.pl\/blog\/wp-content\/uploads\/2025\/03\/domowe-biuro-300x200.png 300w, https:\/\/proplo.pl\/blog\/wp-content\/uploads\/2025\/03\/domowe-biuro-768x512.png 768w, https:\/\/proplo.pl\/blog\/wp-content\/uploads\/2025\/03\/domowe-biuro-1024x683.png 1024w, https:\/\/proplo.pl\/blog\/wp-content\/uploads\/2025\/03\/domowe-biuro-480x320.png 480w\" sizes=\"auto, (max-width: 1200px) 100vw, 1200px\" \/><\/a><figcaption class=\"wp-element-caption\">Projekt: <a href=\"https:\/\/proplo.pl\/profile\/lm-architekt-wnetrz\">\u0141M | architekt wn\u0119trz<\/a><\/figcaption><\/figure>\n\n\n\n<h2 class=\"wp-block-heading\">Wyb\u00f3r odpowiedniego miejsca na biuro w domu<\/h2>\n\n\n\n<p>Gdzie umiejscowi\u0107 domowe biuro? Je\u015bli mo\u017cesz wydzieli\u0107 osobne pomieszczenie, to \u015bwietnie \u2013 \u0142atwiej oddzielisz prac\u0119 od \u017cycia prywatnego, zadbasz o dobr\u0105 wentylacj\u0119 i akustyk\u0119. A co, je\u015bli miejsca jest ma\u0142o? W takim przypadku sprytne podej\u015bcie wystarczy, by nawet k\u0105cik w salonie czy sypialni sta\u0142 si\u0119 funkcjonalnym centrum dowodzenia. Klucz to wygodne meble, dost\u0119p do gniazdek i dobrze dobrane \u015bwiat\u0142o.<\/p>\n\n\n\n<h3 class=\"wp-block-heading\">Biuro na poddaszu \u2013 zalety i wyzwania<\/h3>\n\n\n\n<p>Masz poddasze? To tw\u00f3j bilet do ucieczki od ha\u0142asu \u2013 cisza, skosy i unikalny klimat. Skosy dodaj\u0105 wn\u0119trzu przytulno\u015bci, a nietypowy kszta\u0142t sprzyja kreatywnym rozwi\u0105zaniom. Decyduj\u0105c si\u0119 na meble biurowe na wymiar, wykorzystasz ka\u017cdy centymetr przestrzeni.<\/p>\n\n\n\n<p>Biuro na poddaszu wi\u0105\u017ce si\u0119 jednak z pewnymi wyzwaniami. <strong>Niskie sufity, ograniczona przestrze\u0144 oraz problemy z do\u015bwietleniem miejsca pracy mog\u0105 utrudni\u0107 aran\u017cacj\u0119<\/strong>. Jak rozwi\u0105za\u0107 te problemy? Postaw na styl funkcjonalny \u2013 zastosuj jasne kolory, dobrze rozmieszczone o\u015bwietlenie LED oraz panele i \u015bcianki d\u017awi\u0119koch\u0142onne, a przemienisz nawet najmniejsze poddasze w stylowy, inspiruj\u0105cy gabinet.<\/p>\n\n\n\n<h3 class=\"wp-block-heading\">Biuro w salonie \u2013 jak oddzieli\u0107 przestrze\u0144 do pracy?<\/h3>\n\n\n\n<p>Gabinet w salonie brzmi jak przepis na chaos? Nie musi tak by\u0107. Je\u015bli chcesz stworzy\u0107 wygodne miejsce do pracy, a dysponujesz tylko ma\u0142\u0105 kawalerk\u0105, mo\u017cesz zastosowa\u0107 kilka sprytnych trik\u00f3w. U\u017cyj mobilnych element\u00f3w, np. parawan\u00f3w lub rega\u0142\u00f3w, kt\u00f3re \u0142atwo przesuniesz, aby w razie potrzeby oddzieli\u0107 biuro od reszty salonu. Subtelne lampy biurowe i ciep\u0142e, regulowane o\u015bwietlenie poprawi\u0105 Tw\u00f3j nastr\u00f3j i podkre\u015bl\u0105 sp\u00f3jno\u015b\u0107 aran\u017cacji. A designerskie akcesoria i starannie dobrane ro\u015bliny o\u017cywi\u0105 przestrze\u0144, dodaj\u0105c jej charakteru.<\/p>\n\n\n\n<p>Zainwestuj w <strong>praktyczne szafki<\/strong>,<strong> pude\u0142ka lub stylowe kosze<\/strong>, kt\u00f3re pomog\u0105 Ci utrzyma\u0107 porz\u0105dek. Mo\u017cesz tak\u017ce doda\u0107 delikatny dywan, kt\u00f3ry fizycznie oddzieli stref\u0119 pracy od cz\u0119\u015bci wypoczynkowej. Dobrym pomys\u0142em b\u0119dzie r\u00f3wnie\u017c uporz\u0105dkowanie kabli za pomoc\u0105 opasek lub specjalnych organizer\u00f3w.<\/p>\n\n\n\n<h3 class=\"wp-block-heading\">Biuro w sypialni \u2013 jak unikn\u0105\u0107 zak\u0142\u00f3ce\u0144?<\/h3>\n\n\n\n<p>Cho\u0107 po\u0142\u0105czenie strefy relaksu z miejscem pracy mo\u017ce budzi\u0107 obawy, odpowiednia organizacja to klucz do sukcesu. <strong>Wydziel wyra\u017an\u0105 granic\u0119, stosuj\u0105c lekkie przegrody lub elegancki rega\u0142<\/strong>, kt\u00f3ry oddzieli biuro od strefy wypoczynkowej.<\/p>\n\n\n\n<p>Dobrym rozwi\u0105zaniem b\u0119d\u0105 kompaktowe meble \u2013 sk\u0142adane biurko lub szafka na dokumenty pomog\u0105 Ci szybko przywr\u00f3ci\u0107 porz\u0105dek po godzinach pracy. W\u0142a\u015bciwie dobrane o\u015bwietlenie, najlepiej w postaci regulowanej lampy biurkowej, oraz subtelne dekoracyjne akcenty, np. dyskretne organizery, sprawi\u0105, \u017ce sypialnia pozostanie oaz\u0105 spokoju \u2013 bez niepotrzebnych zak\u0142\u00f3ce\u0144.<\/p>\n\n\n\n<figure class=\"wp-block-image size-full\"><a href=\"https:\/\/proplo.pl\/profile\/lemonade-studio\/kaszmirowe-wnetrze-dla-dwojga-404\"><img loading=\"lazy\" decoding=\"async\" width=\"1200\" height=\"800\" src=\"https:\/\/proplo.pl\/blog\/wp-content\/uploads\/2025\/03\/biuro-w-sypialni.png\" alt=\"Sypialnia w minimalistycznym stylu z bia\u0142ym \u0142\u00f3\u017ckiem, drewnianymi detalami i nowoczesnym biurkiem.\" class=\"wp-image-557\" srcset=\"https:\/\/proplo.pl\/blog\/wp-content\/uploads\/2025\/03\/biuro-w-sypialni.png 1200w, https:\/\/proplo.pl\/blog\/wp-content\/uploads\/2025\/03\/biuro-w-sypialni-300x200.png 300w, https:\/\/proplo.pl\/blog\/wp-content\/uploads\/2025\/03\/biuro-w-sypialni-768x512.png 768w, https:\/\/proplo.pl\/blog\/wp-content\/uploads\/2025\/03\/biuro-w-sypialni-1024x683.png 1024w, https:\/\/proplo.pl\/blog\/wp-content\/uploads\/2025\/03\/biuro-w-sypialni-480x320.png 480w\" sizes=\"auto, (max-width: 1200px) 100vw, 1200px\" \/><\/a><figcaption class=\"wp-element-caption\">Projekt: <a href=\"https:\/\/proplo.pl\/profile\/lemonade-studio\">Lemonade Studio<\/a><\/figcaption><\/figure>\n\n\n\n<h2 class=\"wp-block-heading\">Kluczowe elementy wyposa\u017cenia biura domowego<\/h2>\n\n\n\n<p>Efektywna praca zdalna zaczyna si\u0119 od odpowiedniego sprz\u0119tu. Ergonomiczne biurko i wygodne krzes\u0142o biurowe to absolutne podstawy \u2013 bez nich nawet najbardziej zmotywowana osoba szybko odczuje spadek koncentracji i komfortu. \u015awietnie sprawdz\u0105 si\u0119 modele z funkcjami regulacji, kt\u00f3re umo\u017cliwiaj\u0105 dostosowanie wysoko\u015bci blatu oraz k\u0105ta oparcia. Meble do biura w domu dopasowane do Twoich osobistych potrzeb zwi\u0119ksz\u0105 produktywno\u015b\u0107, zminimalizuj\u0105 b\u00f3l plec\u00f3w i zmniejsz\u0105 zm\u0119czenie, kt\u00f3re mog\u0105 pojawi\u0107 si\u0119 przy d\u0142ugotrwa\u0142ym siedzeniu.<\/p>\n\n\n\n<p>Nie zapomnij o odpowiednim o\u015bwietleniu \u2013<strong> \u017ale dobrane \u015bwiat\u0142o powoduje senno\u015b\u0107, b\u00f3le g\u0142owy, a nawet problemy z zasypianiem<\/strong>. Z lampami z regulacj\u0105 nat\u0119\u017cenia \u015bwiat\u0142a dostosujesz warunki pracy do pory dnia. Ciep\u0142e, subtelne \u015bwiat\u0142o sprzyja koncentracji, a dodatkowe akcesoria biurowe, takie jak np. organizery, notesy czy elegancka lampka biurkowa, podkre\u015bl\u0105 zar\u00f3wno funkcjonalno\u015b\u0107, jak i estetyk\u0119 Twojego gabinetu.<\/p>\n\n\n\n<h3 class=\"wp-block-heading\">Jakie biurko wybra\u0107 do pracy w domu?<\/h3>\n\n\n\n<p>Biurko to podstawowy element ka\u017cdego domowego gabinetu \u2013 przy nim sp\u0119dzasz d\u0142ugie godziny, koncentruj\u0105c si\u0119 na zadaniach i realizuj\u0105c najwa\u017cniejsze projekty. Dlatego ostatecznej decyzji nie mo\u017cesz pozostawi\u0107 przypadkowi. <a target=\"_blank\" rel=\"noreferrer noopener\" href=\"https:\/\/proplo.pl\/inspiracje-wnetrza-domu?utf8=%E2%9C%93&amp;search%5Broom%5D%5B%5D=&amp;search%5Broom%5D%5B%5D=8&amp;search%5Bstyle%5D%5B%5D=&amp;search%5Bcolor%5D%5B%5D=&amp;search%5Bsize%5D%5B%5D=#list\"><strong>Projektuj\u0105c domowe biuro<\/strong><\/a>, postaw na model, kt\u00f3ry oferuje:<\/p>\n\n\n\n<ul class=\"wp-block-list\">\n<li><strong>regulacj\u0119 wysoko\u015bci:<\/strong> mo\u017ce pracowa\u0107 zar\u00f3wno w pozycji siedz\u0105cej, jak stoj\u0105cej. W ten spos\u00f3b zmniejszysz zm\u0119czenie i zadbasz o zdrowie kr\u0119gos\u0142upa;<\/li>\n\n\n\n<li><strong>wygodne zarz\u0105dzanie kablami:<\/strong> pl\u0105tanin\u0119 kabli mo\u017cesz po prostu umie\u015bci\u0107 w schowku;<\/li>\n\n\n\n<li><strong>modu\u0142owe przechowywanie:<\/strong> wbudowane szuflady, p\u00f3\u0142ki czy wysuwane przegr\u00f3dki pozwalaj\u0105 na szybkie uporz\u0105dkowanie dokument\u00f3w, sprz\u0119tu i akcesori\u00f3w. Dzi\u0119ki temu zawsze b\u0119dziesz mie\u0107 pod r\u0119k\u0105 to, co potrzebne;<\/li>\n\n\n\n<li><strong>adaptacyjn\u0105 powierzchni\u0119 robocza:<\/strong> pozwala na \u0142atw\u0105 zmian\u0119 konfiguracji \u2013 z tradycyjnego blatu roboczego na roz\u0142o\u017cony st\u00f3\u0142 do spotka\u0144 czy kreatywnych burz m\u00f3zg\u00f3w. Przestrze\u0144 dostosowuje si\u0119 do Twoich potrzeb, niezale\u017cnie od tego, czy pracujesz, czy organizujesz mini konferencj\u0119 z ulubionymi ro\u015blinami jako publiczno\u015bci\u0105;<\/li>\n\n\n\n<li><strong>ergonomiczny design:<\/strong> k\u0142ad\u017a nacisk na naturalne u\u0142o\u017cenie cia\u0142a, dzi\u0119ki czemu d\u0142ugie godziny sp\u0119dzone przy pracy nie b\u0119d\u0105 przek\u0142ada\u0107 si\u0119 na b\u00f3l plec\u00f3w.<\/li>\n<\/ul>\n\n\n\n<p>Upewnij si\u0119, \u017ce masz wystarczaj\u0105co miejsca na komputer, dokumenty i dodatkowe akcesoria. Optymalna wysoko\u015b\u0107 biurka powinna wynosi\u0107 <strong>od 72 do 75 cm<\/strong> \u2013 w\u00f3wczas utrzymasz naturaln\u0105, neutraln\u0105 pozycj\u0119 r\u0105k, bez obaw o b\u00f3l karku i nadgarstk\u00f3w.<\/p>\n\n\n\n<figure class=\"wp-block-image size-full\"><a href=\"https:\/\/proplo.pl\/profile\/pracownia-polatana\/mieszkanie-w-chorzowie-1183\"><img loading=\"lazy\" decoding=\"async\" width=\"1200\" height=\"800\" src=\"https:\/\/proplo.pl\/blog\/wp-content\/uploads\/2025\/03\/home-office-przestrzen-do-pracy.png\" alt=\"Wn\u0119trze z biurkiem i oknem, styl dopamine decor, ro\u015bliny.\" class=\"wp-image-562\" srcset=\"https:\/\/proplo.pl\/blog\/wp-content\/uploads\/2025\/03\/home-office-przestrzen-do-pracy.png 1200w, https:\/\/proplo.pl\/blog\/wp-content\/uploads\/2025\/03\/home-office-przestrzen-do-pracy-300x200.png 300w, https:\/\/proplo.pl\/blog\/wp-content\/uploads\/2025\/03\/home-office-przestrzen-do-pracy-768x512.png 768w, https:\/\/proplo.pl\/blog\/wp-content\/uploads\/2025\/03\/home-office-przestrzen-do-pracy-1024x683.png 1024w, https:\/\/proplo.pl\/blog\/wp-content\/uploads\/2025\/03\/home-office-przestrzen-do-pracy-480x320.png 480w\" sizes=\"auto, (max-width: 1200px) 100vw, 1200px\" \/><\/a><figcaption class=\"wp-element-caption\">Projekt: <a href=\"https:\/\/proplo.pl\/profile\/pracownia-polatana\">Pracownia Po\u0142atana<\/a><\/figcaption><\/figure>\n\n\n\n<h3 class=\"wp-block-heading\">Krzes\u0142o biurowe \u2013 ergonomia i komfort u\u017cytkowania<\/h3>\n\n\n\n<p>Jak stworzy\u0107 komfortowe miejsce pracy? Bez odpowiednio dobranego fotela ska\u017cesz sw\u00f3j kr\u0119gos\u0142up na katorg\u0119. Je\u015bli nie chcesz ryzykowa\u0107 wizyt u fizjoterapeuty, wybierz model, kt\u00f3ry umo\u017cliwia <strong>regulacj\u0119 wysoko\u015bci siedziska, k\u0105ta nachylenia oparcia<\/strong> <strong>oraz pod\u0142okietnik\u00f3w<\/strong>.<\/p>\n\n\n\n<p>Oddychaj\u0105ce siateczki poprawiaj\u0105 wentylacj\u0119, a wbudowane podparcie l\u0119d\u017awiowe i odpowiednie k\u00f3\u0142ka \u2013 dostosowane do rodzaju pod\u0142ogi \u2013 dodatkowo zwi\u0119kszaj\u0105 wygod\u0119 u\u017cytkowania. <strong>Fotele wyposa\u017cone w mechanizm synchroniczny umo\u017cliwiaj\u0105 jednoczesny ruch siedziska i oparcia<\/strong>. Gdy pochylasz si\u0119 do przodu lub do ty\u0142u, mechanizm sprawia, \u017ce oba elementy poruszaj\u0105 si\u0119 razem w odpowiedniej proporcji. W\u00f3wczas fotel dostosowuje si\u0119 do naturalnych ruch\u00f3w cia\u0142a, zapewniaj\u0105c sta\u0142e wsparcie kr\u0119gos\u0142upa i zmniejszaj\u0105c napi\u0119cia mi\u0119\u015bniowe.<\/p>\n\n\n\n<p>Natomiast regulowany zag\u0142\u00f3wek pozwala na indywidualne dopasowanie podparcia g\u0142owy i karku. Dzi\u0119ki temu mo\u017cna utrzyma\u0107 naturaln\u0105 krzywizn\u0119 kr\u0119gos\u0142upa szyjnego i zmniejszy\u0107 obci\u0105\u017cenie mi\u0119\u015bni oraz ryzyko b\u00f3lu karku.<\/p>\n\n\n\n<h3 class=\"wp-block-heading\">O\u015bwietlenie biura \u2013 jak dobra\u0107 odpowiednie \u017ar\u00f3d\u0142a \u015bwiat\u0142a?<\/h3>\n\n\n\n<p>W domowym gabinecie warto zadba\u0107 o \u017ar\u00f3d\u0142a \u015bwiat\u0142a, kt\u00f3re nie tylko umo\u017cliwi\u0105 czytanie drobnego druku, ale r\u00f3wnie\u017c stworz\u0105 wyj\u0105tkowy klimat wn\u0119trza. Wyr\u00f3\u017cniamy:<\/p>\n\n\n\n<ul class=\"wp-block-list\">\n<li><strong>o\u015bwietlenie og\u00f3lne:<\/strong> r\u00f3wnomiernie o\u015bwietlaj\u0105ce ca\u0142e pomieszczenie za pomoc\u0105 lamp sufitowych, plafon\u00f3w lub lamp wisz\u0105cych z regulacj\u0105 nat\u0119\u017cenia,<\/li>\n\n\n\n<li><strong>o\u015bwietlenie zadaniowe:<\/strong> lampki biurkowe z regulowanym ramieniem pozwalaj\u0105 precyzyjnie do\u015bwietli\u0107 obszar roboczy,<\/li>\n\n\n\n<li><strong>o\u015bwietlenie akcentowe:<\/strong> podkre\u015blaj\u0105ce wybrane elementy wn\u0119trza, takie jak obrazy czy ro\u015bliny, za pomoc\u0105 kinkiet\u00f3w lub lamp stoj\u0105cych.<\/li>\n<\/ul>\n\n\n\n<p>Zalecana temperatura barwowa wynosi <strong>oko\u0142o 4000 K<\/strong>, natomiast nat\u0119\u017cenie oko\u0142o <strong>500\u2013750 luks\u00f3w<\/strong>. Ustaw \u015bwiat\u0142o tak, aby unika\u0107 odblask\u00f3w na ekranie komputera, a biurko umie\u015b\u0107 w pobli\u017cu okna, by korzysta\u0107 z naturalnego \u015bwiat\u0142a bez ryzyka bezpo\u015bredniego nas\u0142onecznienia.<\/p>\n\n\n\n<figure class=\"wp-block-image size-full\"><a href=\"https:\/\/proplo.pl\/profile\/novo-architekci\/designer-apartment-87\"><img loading=\"lazy\" decoding=\"async\" width=\"1200\" height=\"800\" src=\"https:\/\/proplo.pl\/blog\/wp-content\/uploads\/2025\/03\/biuro-w-domu-oswietlenie.png\" alt=\"Wn\u0119trze biura w stylu japandi, minimalistycznym i nowoczesnym z drewnianym biurkiem.\" class=\"wp-image-558\" srcset=\"https:\/\/proplo.pl\/blog\/wp-content\/uploads\/2025\/03\/biuro-w-domu-oswietlenie.png 1200w, https:\/\/proplo.pl\/blog\/wp-content\/uploads\/2025\/03\/biuro-w-domu-oswietlenie-300x200.png 300w, https:\/\/proplo.pl\/blog\/wp-content\/uploads\/2025\/03\/biuro-w-domu-oswietlenie-768x512.png 768w, https:\/\/proplo.pl\/blog\/wp-content\/uploads\/2025\/03\/biuro-w-domu-oswietlenie-1024x683.png 1024w, https:\/\/proplo.pl\/blog\/wp-content\/uploads\/2025\/03\/biuro-w-domu-oswietlenie-480x320.png 480w\" sizes=\"auto, (max-width: 1200px) 100vw, 1200px\" \/><\/a><figcaption class=\"wp-element-caption\">Projekt: <a href=\"https:\/\/proplo.pl\/profile\/novo-architekci\">NOVO Architekci<\/a><\/figcaption><\/figure>\n\n\n\n<h2 class=\"wp-block-heading\">Aran\u017cacja biura w domu \u2013 style i inspiracje<\/h2>\n\n\n\n<p>Nie ma jednego sposobu na urz\u0105dzenie <a href=\"https:\/\/proplo.pl\/inspiracje\/gabinet\" target=\"_blank\" rel=\"noreferrer noopener\"><strong>domowego gabinetu<\/strong><\/a>. Bez wzgl\u0119du na to, czy wolisz nowoczesny minimalizm lub eleganck\u0105 stylistyk\u0119 glamour, aran\u017cuj\u0105c biuro, masz pe\u0142n\u0105 swobod\u0119 wyboru. Pami\u0119taj, \u017ce praca zdalna nabiera zupe\u0142nie nowego wymiaru, gdy Twoje miejsce pracy emanuje pozytywn\u0105 energi\u0105 i kreatywno\u015bci\u0105. Marzy Ci si\u0119 <a href=\"https:\/\/proplo.pl\/profile\/syme-pracownia-wnetrz\/mieszkanie-w-sosnowcu-123\" target=\"_blank\" rel=\"noreferrer noopener\"><strong>nowoczesne biuro domowe<\/strong><\/a>? A mo\u017ce gabinet w stylu ekologicznym? Oto kilka propozycji.<\/p>\n\n\n\n<h3 class=\"wp-block-heading\">Biuro w stylu skandynawskim \u2013 minimalizm i funkcjonalno\u015b\u0107<\/h3>\n\n\n\n<p>Biuro w <a target=\"_blank\" rel=\"noreferrer noopener\" href=\"https:\/\/proplo.pl\/style\/skandynawski\"><strong>stylu skandynawskim<\/strong><\/a> to synonim prostoty i funkcjonalno\u015bci. Ten rodzaj aran\u017cacji opiera si\u0119 na minimalizmie, kt\u00f3ry doskonale wsp\u00f3\u0142gra z ide\u0105 pracy na home office, w kt\u00f3rej ka\u017cdy detal jest przemy\u015blany i harmonijny.<\/p>\n\n\n\n<p>Czyste linie, naturalne materia\u0142y i delikatne kolory sprawiaj\u0105, \u017ce biuro w domu urz\u0105dzone w stylu skandynawski nabiera niezwyk\u0142ego charakteru. <a target=\"_blank\" rel=\"noreferrer noopener\" href=\"https:\/\/proplo.pl\/inspiracje-wnetrza-domu?utf8=%E2%9C%93&amp;search%5Broom%5D%5B%5D=&amp;search%5Broom%5D%5B%5D=8&amp;search%5Bstyle%5D%5B%5D=&amp;search%5Bstyle%5D%5B%5D=15&amp;search%5Bcolor%5D%5B%5D=&amp;search%5Bsize%5D%5B%5D=#list\"><strong>Minimalizm w biurze<\/strong><\/a> to nie tylko kwestia estetyki, ale tak\u017ce funkcjonalno\u015bci \u2013 mniej znaczy wi\u0119cej, a prostota pomaga skupi\u0107 si\u0119 na zadaniach, daj\u0105c jednocze\u015bnie poczucie spokoju i porz\u0105dku.<\/p>\n\n\n\n<h3 class=\"wp-block-heading\">Biuro w stylu glamour \u2013 elegancja i luksusowe dodatki<\/h3>\n\n\n\n<p>Styl <a href=\"https:\/\/proplo.pl\/style\/glamour\" target=\"_blank\" rel=\"noreferrer noopener\"><strong>glamour<\/strong><\/a>, to propozycja dla os\u00f3b, kt\u00f3re chc\u0105 po\u0142\u0105czy\u0107 elegancj\u0119 z wygod\u0105. B\u0142yszcz\u0105ce, z\u0142ote ramki na \u015bcianach, aksamitna tapicerka krzes\u0142a w g\u0142\u0119bokim odcieniu szmaragdu i smuk\u0142e biurko z ciemnego drewna z chromowanymi uchwytami nadadz\u0105 wn\u0119trzu niepowtarzalnego uroku.<\/p>\n\n\n\n<p>Luksus i elegancja id\u0105 tu w parze z funkcjonalno\u015bci\u0105. Nowoczesne biurko z szufladami pomie\u015bci laptop, notatki i fili\u017cank\u0119 kawy na marmurowej podstawce. Stylowe akcesoria biurowe od rze\u017abionego pi\u00f3ra po \u015bwiec\u0119 w szklanym pojemniku stworz\u0105 atmosfer\u0119 presti\u017cu i inspiracji.<\/p>\n\n\n\n<h3 class=\"wp-block-heading\">Biuro w stylu boho \u2013 naturalne materia\u0142y i ro\u015bliny<\/h3>\n\n\n\n<p>Styl boho to kwintesencja artystycznej wolno\u015bci i naturalno\u015bci. Drewno i <a target=\"_blank\" rel=\"noreferrer noopener\" href=\"https:\/\/proplo.pl\/profile\/pracownia-pauza\/mieszkanie-w-tychach-os-panorama-194\"><strong>mn\u00f3stwo zieleni<\/strong><\/a> nadadz\u0105 Twojemu gabinetowi ciep\u0142ego, przytulnego charakteru. Boho to tak\u017ce idealne rozwi\u0105zanie dla tych, kt\u00f3rzy chc\u0105 stworzy\u0107 przestrze\u0144 do pracy w kawalerce lub ma\u0142e biuro w domu.<\/p>\n\n\n\n<p>W takim biurze dekoracje s\u0105 r\u00f3wnie wa\u017cne jak funkcjonalne meble. Du\u017ce, zielone ro\u015bliny, r\u0119cznie robione akcesoria biurowe, makramy i naturalne etniczne tkaniny &#8211; w tak przyjaznym \u015brodowisku praca zdalna staje si\u0119 nie tylko obowi\u0105zkiem, ale tak\u017ce przyjemnym rytua\u0142em.<\/p>\n\n\n\n<h3 class=\"wp-block-heading\">Biuro w stylu industrialnym \u2013 surowe formy i nowoczesny design<\/h3>\n\n\n\n<p>Biurko z metalow\u0105 ram\u0105 i drewnianym blatem oraz minimalistyczne rega\u0142y to praktyczne rozwi\u0105zania dla codziennej pracy. Ods\u0142oni\u0119te elementy konstrukcyjne oraz surowe formy podkre\u015blaj\u0105 nowoczesny charakter przestrzeni bez zb\u0119dnych ozd\u00f3b. Ca\u0142o\u015b\u0107 mog\u0105 dope\u0142ni\u0107 czarne wisz\u0105ce lampy.<\/p>\n\n\n\n<p>Taka aran\u017cacja biura \u0142\u0105czy funkcjonalno\u015b\u0107 z estetyk\u0105, umo\u017cliwiaj\u0105c optymalne wykorzystanie przestrzeni przy zachowaniu prostoty i przejrzysto\u015bci. Decyduj\u0105c si\u0119 Industrialny styl z \u0142atwo\u015bci\u0105 zaaran\u017cujesz gabinet w loftach lub w du\u017cym, nowoczesnym mieszkaniu.<\/p>\n\n\n\n<figure class=\"wp-block-image size-full\"><a href=\"https:\/\/proplo.pl\/profile\/meyze-studio-izabela-meyze\/industria-bydgoszcz-535\"><img loading=\"lazy\" decoding=\"async\" width=\"1200\" height=\"800\" src=\"https:\/\/proplo.pl\/blog\/wp-content\/uploads\/2025\/03\/aranzacja-biura-w-domu.png\" alt=\"Biuro w domu z drewnianym biurkiem i szarymi akcentami\" class=\"wp-image-563\" srcset=\"https:\/\/proplo.pl\/blog\/wp-content\/uploads\/2025\/03\/aranzacja-biura-w-domu.png 1200w, https:\/\/proplo.pl\/blog\/wp-content\/uploads\/2025\/03\/aranzacja-biura-w-domu-300x200.png 300w, https:\/\/proplo.pl\/blog\/wp-content\/uploads\/2025\/03\/aranzacja-biura-w-domu-768x512.png 768w, https:\/\/proplo.pl\/blog\/wp-content\/uploads\/2025\/03\/aranzacja-biura-w-domu-1024x683.png 1024w, https:\/\/proplo.pl\/blog\/wp-content\/uploads\/2025\/03\/aranzacja-biura-w-domu-480x320.png 480w\" sizes=\"auto, (max-width: 1200px) 100vw, 1200px\" \/><\/a><figcaption class=\"wp-element-caption\">Projekt: <a href=\"https:\/\/proplo.pl\/profile\/meyze-studio-izabela-meyze\">MEYZE studio Izabela Meyze<\/a><\/figcaption><\/figure>\n\n\n\n<h2 class=\"wp-block-heading\">Kolory i dekoracje. Jak zaaran\u017cowa\u0107 w\u0142asne biuro w domu?<\/h2>\n\n\n\n<p>Kolory domowego biura i odpowiednio dobrane dekoracje mog\u0105 ca\u0142kowicie odmieni\u0107 atmosfer\u0119 pracy. Wybieraj\u0105c odcienie, kt\u00f3re sprzyjaj\u0105 koncentracji, np. biel, szaro\u015b\u0107 czy delikatne pastele, stworzysz przestrze\u0144, kt\u00f3ra pozytywnie wp\u0142ywa na efektywno\u015b\u0107. Dobrze dobrana paleta barw podkre\u015bla estetyk\u0119 biura w domu i pomaga skupi\u0107 si\u0119 na zadaniach.<\/p>\n\n\n\n<p>Stylowe organizery, obrazy czy designerskie akcesoria, nadaj\u0105 wn\u0119trzu charakteru. Ka\u017cdy element domowego gabinetu powinien odzwierciedla\u0107 Twoje emocje i pasj\u0119. Praca w biurze domowym mo\u017ce sta\u0107 si\u0119 przyjemno\u015bci\u0105, gdy <a target=\"_blank\" rel=\"noreferrer noopener\" href=\"https:\/\/proplo.pl\/profile\/othe-studio\/awds-46-8-sqm-601\"><strong>przestrze\u0144 b\u0119dzie emanowa\u0107 ciep\u0142em<\/strong><\/a> i oryginalno\u015bci\u0105.<\/p>\n\n\n\n<h3 class=\"wp-block-heading\">Jakie kolory sprzyjaj\u0105 koncentracji i efektywnej pracy?<\/h3>\n\n\n\n<p>Wybieraj\u0105c kolory do domowego gabinetu, warto postawi\u0107 na stonowane barwy, kt\u00f3re sprzyjaj\u0105 koncentracji. Biel, szaro\u015b\u0107, a tak\u017ce delikatne pastele to idealne rozwi\u0105zanie, kt\u00f3re pozwala stworzy\u0107 profesjonalne miejsce pracy. Pami\u0119taj, \u017ce kolory maj\u0105 moc wp\u0142ywania na nastr\u00f3j \u2013 pobudzaj\u0105 kreatywno\u015b\u0107 i sprawiaj\u0105, \u017ce praca zdalna staje si\u0119 bardziej produktywna. Eksperymentuj z odcieniami, \u0142\u0105cz je w harmonijn\u0105 ca\u0142o\u015b\u0107 i pozw\u00f3l, aby Twoje biuro w domu codziennie przynosi\u0142o Ci nowe inspiracje.<\/p>\n\n\n\n<h3 class=\"wp-block-heading\">Ro\u015bliny do biura \u2013 jakie gatunki wybra\u0107?<\/h3>\n\n\n\n<p><strong>Jakie ro\u015bliny najlepiej sprawdz\u0105 si\u0119 w biurze domowym?<\/strong> Stworzysz wygodne miejsce do pracy, pe\u0142ne zieleni, decyduj\u0105c si\u0119 gatunki, kt\u00f3re dobrze radz\u0105 sobie w warunkach domowych, nie wymagaj\u0105 cz\u0119stego podlewania i dobrze znosz\u0105 ograniczony dost\u0119p do naturalnego \u015bwiat\u0142a. Do najpopularniejszych nale\u017c\u0105:<\/p>\n\n\n\n<ul class=\"wp-block-list\">\n<li><strong>sansewieria (w\u0119\u017cownica)<\/strong> \u2013 oczyszcza powietrze, jest odporna na zaniedbania i \u015bwietnie komponuje si\u0119 z minimalistycznym wystrojem biura;<\/li>\n\n\n\n<li><strong>zamiokulkas zamiolistny<\/strong> \u2013 elegancka ro\u015blina o b\u0142yszcz\u0105cych, ciemnozielonych li\u015bciach, znana z wyj\u0105tkowej wytrzyma\u0142o\u015bci. Mo\u017ce przetrwa\u0107 nawet w miejscach z niewielkim dost\u0119pem do \u015bwiat\u0142a i nie wymaga cz\u0119stego podlewania;<\/li>\n\n\n\n<li><strong>fikus benjamina<\/strong> \u2013 ro\u015blina o delikatnych, zwisaj\u0105cych li\u015bciach, kt\u00f3ra dodaje wn\u0119trzu lekko\u015bci i elegancji. Dobrze ro\u015bnie w jasnych pomieszczeniach i skutecznie poch\u0142ania toksyny z powietrza;<\/li>\n\n\n\n<li><strong>skrzyd\u0142okwiat <\/strong>\u2013 pi\u0119kna, kwitn\u0105ca ro\u015blina, kt\u00f3ra dzia\u0142a jak naturalny filtr powietrza, usuwaj\u0105c toksyny i poprawiaj\u0105c poziom wilgotno\u015bci w pomieszczeniu. Doskona\u0142y wyb\u00f3r dla os\u00f3b sp\u0119dzaj\u0105cych d\u0142ugie godziny przy biurku.;<\/li>\n\n\n\n<li><strong>papro\u0107 nefrolepis<\/strong> \u2013 idealna do biura w stylu boho lub klasycznym. Nie tylko wygl\u0105da efektownie, ale tak\u017ce skutecznie nawil\u017ca powietrze, co jest szczeg\u00f3lnie wa\u017cne zim\u0105, gdy ogrzewanie wysusza atmosfer\u0119 w pomieszczeniu.<\/li>\n<\/ul>\n\n\n\n<p>Ma\u0142e doniczki mo\u017cna postawi\u0107 na biurku lub p\u00f3\u0142kach, wi\u0119ksze egzemplarze, takie jak fikus czy zamiokulkas, \u015bwietnie sprawdz\u0105 si\u0119 w rogach pomieszczenia, dodaj\u0105c wn\u0119trzu harmonii i elegancji. Mo\u017cna tak\u017ce zdecydowa\u0107 si\u0119 na wisz\u0105ce kwietniki lub stylowe donice pod\u0142ogowe, kt\u00f3re nadadz\u0105 Twojemu k\u0105cikowi do pracy nowoczesnego charakteru.<\/p>\n\n\n\n<figure class=\"wp-block-image size-full\"><a href=\"https:\/\/proplo.pl\/profile\/bartosz-kluza-projektowanie-wnetrz\/projekt\/280\"><img loading=\"lazy\" decoding=\"async\" width=\"1200\" height=\"800\" src=\"https:\/\/proplo.pl\/blog\/wp-content\/uploads\/2025\/03\/wlasne-biuro-w-domu.png\" alt=\"Nowoczesne biuro domowe z drewnianymi akcentami i czarnymi detalami\" class=\"wp-image-564\" srcset=\"https:\/\/proplo.pl\/blog\/wp-content\/uploads\/2025\/03\/wlasne-biuro-w-domu.png 1200w, https:\/\/proplo.pl\/blog\/wp-content\/uploads\/2025\/03\/wlasne-biuro-w-domu-300x200.png 300w, https:\/\/proplo.pl\/blog\/wp-content\/uploads\/2025\/03\/wlasne-biuro-w-domu-768x512.png 768w, https:\/\/proplo.pl\/blog\/wp-content\/uploads\/2025\/03\/wlasne-biuro-w-domu-1024x683.png 1024w, https:\/\/proplo.pl\/blog\/wp-content\/uploads\/2025\/03\/wlasne-biuro-w-domu-480x320.png 480w\" sizes=\"auto, (max-width: 1200px) 100vw, 1200px\" \/><\/a><figcaption class=\"wp-element-caption\">Projekt: <a href=\"https:\/\/proplo.pl\/profile\/bartosz-kluza-projektowanie-wnetrz\">Bartosz Kluza &#8211; Projektowanie Wn\u0119trz<\/a><\/figcaption><\/figure>\n\n\n\n<h2 class=\"wp-block-heading\">Zaprojektuj biuro w domu<\/h2>\n\n\n\n<p>Twoje gabinet powinien by\u0107 miejscem, kt\u00f3re nie tylko sprzyja koncentracji, ale r\u00f3wnie\u017c inspiruje do dzia\u0142ania. Stw\u00f3rz przestrze\u0144, w kt\u00f3rej ka\u017cdy detal \u2013 <strong>od ergonomicznego biurka po subtelne dekoracje<\/strong> \u2013 harmonijnie wsp\u00f3\u0142gra, podkre\u015blaj\u0105c Tw\u00f3j styl pracy i osobowo\u015b\u0107. Zaprojektuj sw\u00f3j gabinet z my\u015bl\u0105 o <strong>komforcie<\/strong>. A je\u015bli potrzebujesz, \u017ceby Twoja wizja nabra\u0142a barw, rozejrzyj si\u0119 za projektantem \u2013 np. na <a target=\"_blank\" rel=\"noreferrer noopener\" href=\"https:\/\/proplo.pl\/\"><strong>Proplo<\/strong><\/a>. Wa\u017cne, \u017ceby\u015b w swoim biurze czu\u0142 si\u0119 jak u siebie.<\/p>\n\n\n\n<p>Dzi\u0119ki intuicyjnemu systemowi filtr\u00f3w szybko por\u00f3wnasz r\u00f3wnie\u017c setki projektant\u00f3w wn\u0119trz, idealnie dopasowanych do Twoich potrzeb. Wystarczy, \u017ce wype\u0142nisz formularz okre\u015blaj\u0105cy Twoje wymagania, a najlepsi projektanci skontaktuj\u0105 si\u0119 z Tob\u0105 mailowo lub telefonicznie. To Ty decydujesz, z kim rozpoczniesz wsp\u00f3\u0142prac\u0119 i komu powierzy\u0107 projekt swojego wymarzonego domowego biura.<\/p>\n","protected":false},"excerpt":{"rendered":"<p>Zadbaj o swoje zdrowie, projektuj\u0105c ergonomiczn\u0105 przestrze\u0144 do pracy. <\/p>\n","protected":false},"author":3,"featured_media":553,"comment_status":"closed","ping_status":"closed","sticky":false,"template":"","format":"standard","meta":{"footnotes":""},"categories":[15],"tags":[],"class_list":["post-550","post","type-post","status-publish","format-standard","has-post-thumbnail","hentry","category-inne"],"acf":[],"yoast_head":"<!-- This site is optimized with the Yoast SEO plugin v27.5 - https:\/\/yoast.com\/product\/yoast-seo-wordpress\/ -->\n<title>Biuro w domu. Jak urz\u0105dzi\u0107 biuro w domu - Proplo<\/title>\n<meta name=\"description\" content=\"Zastanawiasz si\u0119 jak urz\u0105dzi\u0107 biuro w domu? Znajd\u017a odpowied\u017a na Proplo.pl i dowiedz si\u0119 jak zaplanowa\u0107 swoj\u0105 robocz\u0105 przestrze\u0144 w swoim biurze\" \/>\n<meta name=\"robots\" content=\"index, follow, max-snippet:-1, max-image-preview:large, max-video-preview:-1\" \/>\n<link rel=\"canonical\" href=\"https:\/\/proplo.pl\/blog\/biuro-w-domu-jak-stworzyc-komfortowa-i-ergonomiczna-przestrzen-do-pracy\/\" \/>\n<meta property=\"og:locale\" content=\"pl_PL\" \/>\n<meta property=\"og:type\" content=\"article\" \/>\n<meta property=\"og:title\" content=\"Biuro w domu. Jak urz\u0105dzi\u0107 biuro w domu - Proplo\" \/>\n<meta property=\"og:description\" content=\"Zastanawiasz si\u0119 jak urz\u0105dzi\u0107 biuro w domu? Znajd\u017a odpowied\u017a na Proplo.pl i dowiedz si\u0119 jak zaplanowa\u0107 swoj\u0105 robocz\u0105 przestrze\u0144 w swoim biurze\" \/>\n<meta property=\"og:url\" content=\"https:\/\/proplo.pl\/blog\/biuro-w-domu-jak-stworzyc-komfortowa-i-ergonomiczna-przestrzen-do-pracy\/\" \/>\n<meta property=\"og:site_name\" content=\"Poradnik wn\u0119trzarski - Proplo\" \/>\n<meta property=\"article:published_time\" content=\"2025-03-09T19:35:18+00:00\" \/>\n<meta property=\"article:modified_time\" content=\"2025-04-30T09:20:59+00:00\" \/>\n<meta property=\"og:image\" content=\"https:\/\/proplo.pl\/blog\/wp-content\/uploads\/2025\/03\/biuro-w-domu.png\" \/>\n\t<meta property=\"og:image:width\" content=\"1200\" \/>\n\t<meta property=\"og:image:height\" content=\"800\" \/>\n\t<meta property=\"og:image:type\" content=\"image\/png\" \/>\n<meta name=\"author\" content=\"Proplo\" \/>\n<meta name=\"twitter:card\" content=\"summary_large_image\" \/>\n<meta name=\"twitter:label1\" content=\"Napisane przez\" \/>\n\t<meta name=\"twitter:data1\" content=\"Proplo\" \/>\n\t<meta name=\"twitter:label2\" content=\"Szacowany czas czytania\" \/>\n\t<meta name=\"twitter:data2\" content=\"14 minut\" \/>\n<script type=\"application\/ld+json\" class=\"yoast-schema-graph\">{\"@context\":\"https:\\\/\\\/schema.org\",\"@graph\":[{\"@type\":\"Article\",\"@id\":\"https:\\\/\\\/proplo.pl\\\/blog\\\/biuro-w-domu-jak-stworzyc-komfortowa-i-ergonomiczna-przestrzen-do-pracy\\\/#article\",\"isPartOf\":{\"@id\":\"https:\\\/\\\/proplo.pl\\\/blog\\\/biuro-w-domu-jak-stworzyc-komfortowa-i-ergonomiczna-przestrzen-do-pracy\\\/\"},\"author\":{\"name\":\"Proplo\",\"@id\":\"https:\\\/\\\/proplo.pl\\\/blog\\\/#\\\/schema\\\/person\\\/c13af99097d24e9fc2b86b838c0fd0e1\"},\"headline\":\"Biuro w domu \u2013 jak stworzy\u0107 komfortow\u0105 i ergonomiczn\u0105 przestrze\u0144 do pracy?\",\"datePublished\":\"2025-03-09T19:35:18+00:00\",\"dateModified\":\"2025-04-30T09:20:59+00:00\",\"mainEntityOfPage\":{\"@id\":\"https:\\\/\\\/proplo.pl\\\/blog\\\/biuro-w-domu-jak-stworzyc-komfortowa-i-ergonomiczna-przestrzen-do-pracy\\\/\"},\"wordCount\":2579,\"image\":{\"@id\":\"https:\\\/\\\/proplo.pl\\\/blog\\\/biuro-w-domu-jak-stworzyc-komfortowa-i-ergonomiczna-przestrzen-do-pracy\\\/#primaryimage\"},\"thumbnailUrl\":\"https:\\\/\\\/proplo.pl\\\/blog\\\/wp-content\\\/uploads\\\/2025\\\/03\\\/biuro-w-domu.png\",\"articleSection\":[\"Inne\"],\"inLanguage\":\"pl-PL\"},{\"@type\":\"WebPage\",\"@id\":\"https:\\\/\\\/proplo.pl\\\/blog\\\/biuro-w-domu-jak-stworzyc-komfortowa-i-ergonomiczna-przestrzen-do-pracy\\\/\",\"url\":\"https:\\\/\\\/proplo.pl\\\/blog\\\/biuro-w-domu-jak-stworzyc-komfortowa-i-ergonomiczna-przestrzen-do-pracy\\\/\",\"name\":\"Biuro w domu. Jak urz\u0105dzi\u0107 biuro w domu - Proplo\",\"isPartOf\":{\"@id\":\"https:\\\/\\\/proplo.pl\\\/blog\\\/#website\"},\"primaryImageOfPage\":{\"@id\":\"https:\\\/\\\/proplo.pl\\\/blog\\\/biuro-w-domu-jak-stworzyc-komfortowa-i-ergonomiczna-przestrzen-do-pracy\\\/#primaryimage\"},\"image\":{\"@id\":\"https:\\\/\\\/proplo.pl\\\/blog\\\/biuro-w-domu-jak-stworzyc-komfortowa-i-ergonomiczna-przestrzen-do-pracy\\\/#primaryimage\"},\"thumbnailUrl\":\"https:\\\/\\\/proplo.pl\\\/blog\\\/wp-content\\\/uploads\\\/2025\\\/03\\\/biuro-w-domu.png\",\"datePublished\":\"2025-03-09T19:35:18+00:00\",\"dateModified\":\"2025-04-30T09:20:59+00:00\",\"author\":{\"@id\":\"https:\\\/\\\/proplo.pl\\\/blog\\\/#\\\/schema\\\/person\\\/c13af99097d24e9fc2b86b838c0fd0e1\"},\"description\":\"Zastanawiasz si\u0119 jak urz\u0105dzi\u0107 biuro w domu? Znajd\u017a odpowied\u017a na Proplo.pl i dowiedz si\u0119 jak zaplanowa\u0107 swoj\u0105 robocz\u0105 przestrze\u0144 w swoim biurze\",\"breadcrumb\":{\"@id\":\"https:\\\/\\\/proplo.pl\\\/blog\\\/biuro-w-domu-jak-stworzyc-komfortowa-i-ergonomiczna-przestrzen-do-pracy\\\/#breadcrumb\"},\"inLanguage\":\"pl-PL\",\"potentialAction\":[{\"@type\":\"ReadAction\",\"target\":[\"https:\\\/\\\/proplo.pl\\\/blog\\\/biuro-w-domu-jak-stworzyc-komfortowa-i-ergonomiczna-przestrzen-do-pracy\\\/\"]}]},{\"@type\":\"ImageObject\",\"inLanguage\":\"pl-PL\",\"@id\":\"https:\\\/\\\/proplo.pl\\\/blog\\\/biuro-w-domu-jak-stworzyc-komfortowa-i-ergonomiczna-przestrzen-do-pracy\\\/#primaryimage\",\"url\":\"https:\\\/\\\/proplo.pl\\\/blog\\\/wp-content\\\/uploads\\\/2025\\\/03\\\/biuro-w-domu.png\",\"contentUrl\":\"https:\\\/\\\/proplo.pl\\\/blog\\\/wp-content\\\/uploads\\\/2025\\\/03\\\/biuro-w-domu.png\",\"width\":1200,\"height\":800,\"caption\":\"Wn\u0119trze biura z dopaminowym dekorowaniem, bia\u0142ym biurkiem, szarym sof\u0105 i du\u017cymi oknami.\"},{\"@type\":\"BreadcrumbList\",\"@id\":\"https:\\\/\\\/proplo.pl\\\/blog\\\/biuro-w-domu-jak-stworzyc-komfortowa-i-ergonomiczna-przestrzen-do-pracy\\\/#breadcrumb\",\"itemListElement\":[{\"@type\":\"ListItem\",\"position\":1,\"name\":\"Proplo\",\"item\":\"https:\\\/\\\/proplo.pl\"},{\"@type\":\"ListItem\",\"position\":2,\"name\":\"Poradnik wn\u0119trzarski\",\"item\":\"https:\\\/\\\/proplo.pl\\\/blog\\\/\"},{\"@type\":\"ListItem\",\"position\":3,\"name\":\"Biuro w domu \u2013 jak stworzy\u0107 komfortow\u0105 i ergonomiczn\u0105 przestrze\u0144 do pracy?\"}]},{\"@type\":\"WebSite\",\"@id\":\"https:\\\/\\\/proplo.pl\\\/blog\\\/#website\",\"url\":\"https:\\\/\\\/proplo.pl\\\/blog\\\/\",\"name\":\"Blog Proplo\",\"description\":\"\",\"potentialAction\":[{\"@type\":\"SearchAction\",\"target\":{\"@type\":\"EntryPoint\",\"urlTemplate\":\"https:\\\/\\\/proplo.pl\\\/blog\\\/?s={search_term_string}\"},\"query-input\":{\"@type\":\"PropertyValueSpecification\",\"valueRequired\":true,\"valueName\":\"search_term_string\"}}],\"inLanguage\":\"pl-PL\"},{\"@type\":\"Person\",\"@id\":\"https:\\\/\\\/proplo.pl\\\/blog\\\/#\\\/schema\\\/person\\\/c13af99097d24e9fc2b86b838c0fd0e1\",\"name\":\"Proplo\",\"image\":{\"@type\":\"ImageObject\",\"inLanguage\":\"pl-PL\",\"@id\":\"https:\\\/\\\/secure.gravatar.com\\\/avatar\\\/176f908138148facd74b7d78fc677b53b24a54b63aacd8fc4e81a4da926e5f28?s=96&d=mm&r=g\",\"url\":\"https:\\\/\\\/secure.gravatar.com\\\/avatar\\\/176f908138148facd74b7d78fc677b53b24a54b63aacd8fc4e81a4da926e5f28?s=96&d=mm&r=g\",\"contentUrl\":\"https:\\\/\\\/secure.gravatar.com\\\/avatar\\\/176f908138148facd74b7d78fc677b53b24a54b63aacd8fc4e81a4da926e5f28?s=96&d=mm&r=g\",\"caption\":\"Proplo\"},\"url\":\"https:\\\/\\\/proplo.pl\\\/blog\\\/author\\\/r-marciniak\\\/\"}]}<\/script>\n<!-- \/ Yoast SEO plugin. -->","yoast_head_json":{"title":"Biuro w domu. Jak urz\u0105dzi\u0107 biuro w domu - Proplo","description":"Zastanawiasz si\u0119 jak urz\u0105dzi\u0107 biuro w domu? Znajd\u017a odpowied\u017a na Proplo.pl i dowiedz si\u0119 jak zaplanowa\u0107 swoj\u0105 robocz\u0105 przestrze\u0144 w swoim biurze","robots":{"index":"index","follow":"follow","max-snippet":"max-snippet:-1","max-image-preview":"max-image-preview:large","max-video-preview":"max-video-preview:-1"},"canonical":"https:\/\/proplo.pl\/blog\/biuro-w-domu-jak-stworzyc-komfortowa-i-ergonomiczna-przestrzen-do-pracy\/","og_locale":"pl_PL","og_type":"article","og_title":"Biuro w domu. Jak urz\u0105dzi\u0107 biuro w domu - Proplo","og_description":"Zastanawiasz si\u0119 jak urz\u0105dzi\u0107 biuro w domu? Znajd\u017a odpowied\u017a na Proplo.pl i dowiedz si\u0119 jak zaplanowa\u0107 swoj\u0105 robocz\u0105 przestrze\u0144 w swoim biurze","og_url":"https:\/\/proplo.pl\/blog\/biuro-w-domu-jak-stworzyc-komfortowa-i-ergonomiczna-przestrzen-do-pracy\/","og_site_name":"Poradnik wn\u0119trzarski - Proplo","article_published_time":"2025-03-09T19:35:18+00:00","article_modified_time":"2025-04-30T09:20:59+00:00","og_image":[{"width":1200,"height":800,"url":"https:\/\/proplo.pl\/blog\/wp-content\/uploads\/2025\/03\/biuro-w-domu.png","type":"image\/png"}],"author":"Proplo","twitter_card":"summary_large_image","twitter_misc":{"Napisane przez":"Proplo","Szacowany czas czytania":"14 minut"},"schema":{"@context":"https:\/\/schema.org","@graph":[{"@type":"Article","@id":"https:\/\/proplo.pl\/blog\/biuro-w-domu-jak-stworzyc-komfortowa-i-ergonomiczna-przestrzen-do-pracy\/#article","isPartOf":{"@id":"https:\/\/proplo.pl\/blog\/biuro-w-domu-jak-stworzyc-komfortowa-i-ergonomiczna-przestrzen-do-pracy\/"},"author":{"name":"Proplo","@id":"https:\/\/proplo.pl\/blog\/#\/schema\/person\/c13af99097d24e9fc2b86b838c0fd0e1"},"headline":"Biuro w domu \u2013 jak stworzy\u0107 komfortow\u0105 i ergonomiczn\u0105 przestrze\u0144 do pracy?","datePublished":"2025-03-09T19:35:18+00:00","dateModified":"2025-04-30T09:20:59+00:00","mainEntityOfPage":{"@id":"https:\/\/proplo.pl\/blog\/biuro-w-domu-jak-stworzyc-komfortowa-i-ergonomiczna-przestrzen-do-pracy\/"},"wordCount":2579,"image":{"@id":"https:\/\/proplo.pl\/blog\/biuro-w-domu-jak-stworzyc-komfortowa-i-ergonomiczna-przestrzen-do-pracy\/#primaryimage"},"thumbnailUrl":"https:\/\/proplo.pl\/blog\/wp-content\/uploads\/2025\/03\/biuro-w-domu.png","articleSection":["Inne"],"inLanguage":"pl-PL"},{"@type":"WebPage","@id":"https:\/\/proplo.pl\/blog\/biuro-w-domu-jak-stworzyc-komfortowa-i-ergonomiczna-przestrzen-do-pracy\/","url":"https:\/\/proplo.pl\/blog\/biuro-w-domu-jak-stworzyc-komfortowa-i-ergonomiczna-przestrzen-do-pracy\/","name":"Biuro w domu. Jak urz\u0105dzi\u0107 biuro w domu - Proplo","isPartOf":{"@id":"https:\/\/proplo.pl\/blog\/#website"},"primaryImageOfPage":{"@id":"https:\/\/proplo.pl\/blog\/biuro-w-domu-jak-stworzyc-komfortowa-i-ergonomiczna-przestrzen-do-pracy\/#primaryimage"},"image":{"@id":"https:\/\/proplo.pl\/blog\/biuro-w-domu-jak-stworzyc-komfortowa-i-ergonomiczna-przestrzen-do-pracy\/#primaryimage"},"thumbnailUrl":"https:\/\/proplo.pl\/blog\/wp-content\/uploads\/2025\/03\/biuro-w-domu.png","datePublished":"2025-03-09T19:35:18+00:00","dateModified":"2025-04-30T09:20:59+00:00","author":{"@id":"https:\/\/proplo.pl\/blog\/#\/schema\/person\/c13af99097d24e9fc2b86b838c0fd0e1"},"description":"Zastanawiasz si\u0119 jak urz\u0105dzi\u0107 biuro w domu? Znajd\u017a odpowied\u017a na Proplo.pl i dowiedz si\u0119 jak zaplanowa\u0107 swoj\u0105 robocz\u0105 przestrze\u0144 w swoim biurze","breadcrumb":{"@id":"https:\/\/proplo.pl\/blog\/biuro-w-domu-jak-stworzyc-komfortowa-i-ergonomiczna-przestrzen-do-pracy\/#breadcrumb"},"inLanguage":"pl-PL","potentialAction":[{"@type":"ReadAction","target":["https:\/\/proplo.pl\/blog\/biuro-w-domu-jak-stworzyc-komfortowa-i-ergonomiczna-przestrzen-do-pracy\/"]}]},{"@type":"ImageObject","inLanguage":"pl-PL","@id":"https:\/\/proplo.pl\/blog\/biuro-w-domu-jak-stworzyc-komfortowa-i-ergonomiczna-przestrzen-do-pracy\/#primaryimage","url":"https:\/\/proplo.pl\/blog\/wp-content\/uploads\/2025\/03\/biuro-w-domu.png","contentUrl":"https:\/\/proplo.pl\/blog\/wp-content\/uploads\/2025\/03\/biuro-w-domu.png","width":1200,"height":800,"caption":"Wn\u0119trze biura z dopaminowym dekorowaniem, bia\u0142ym biurkiem, szarym sof\u0105 i du\u017cymi oknami."},{"@type":"BreadcrumbList","@id":"https:\/\/proplo.pl\/blog\/biuro-w-domu-jak-stworzyc-komfortowa-i-ergonomiczna-przestrzen-do-pracy\/#breadcrumb","itemListElement":[{"@type":"ListItem","position":1,"name":"Proplo","item":"https:\/\/proplo.pl"},{"@type":"ListItem","position":2,"name":"Poradnik wn\u0119trzarski","item":"https:\/\/proplo.pl\/blog\/"},{"@type":"ListItem","position":3,"name":"Biuro w domu \u2013 jak stworzy\u0107 komfortow\u0105 i ergonomiczn\u0105 przestrze\u0144 do pracy?"}]},{"@type":"WebSite","@id":"https:\/\/proplo.pl\/blog\/#website","url":"https:\/\/proplo.pl\/blog\/","name":"Blog Proplo","description":"","potentialAction":[{"@type":"SearchAction","target":{"@type":"EntryPoint","urlTemplate":"https:\/\/proplo.pl\/blog\/?s={search_term_string}"},"query-input":{"@type":"PropertyValueSpecification","valueRequired":true,"valueName":"search_term_string"}}],"inLanguage":"pl-PL"},{"@type":"Person","@id":"https:\/\/proplo.pl\/blog\/#\/schema\/person\/c13af99097d24e9fc2b86b838c0fd0e1","name":"Proplo","image":{"@type":"ImageObject","inLanguage":"pl-PL","@id":"https:\/\/secure.gravatar.com\/avatar\/176f908138148facd74b7d78fc677b53b24a54b63aacd8fc4e81a4da926e5f28?s=96&d=mm&r=g","url":"https:\/\/secure.gravatar.com\/avatar\/176f908138148facd74b7d78fc677b53b24a54b63aacd8fc4e81a4da926e5f28?s=96&d=mm&r=g","contentUrl":"https:\/\/secure.gravatar.com\/avatar\/176f908138148facd74b7d78fc677b53b24a54b63aacd8fc4e81a4da926e5f28?s=96&d=mm&r=g","caption":"Proplo"},"url":"https:\/\/proplo.pl\/blog\/author\/r-marciniak\/"}]}},"_links":{"self":[{"href":"https:\/\/proplo.pl\/blog\/wp-json\/wp\/v2\/posts\/550","targetHints":{"allow":["GET"]}}],"collection":[{"href":"https:\/\/proplo.pl\/blog\/wp-json\/wp\/v2\/posts"}],"about":[{"href":"https:\/\/proplo.pl\/blog\/wp-json\/wp\/v2\/types\/post"}],"author":[{"embeddable":true,"href":"https:\/\/proplo.pl\/blog\/wp-json\/wp\/v2\/users\/3"}],"replies":[{"embeddable":true,"href":"https:\/\/proplo.pl\/blog\/wp-json\/wp\/v2\/comments?post=550"}],"version-history":[{"count":8,"href":"https:\/\/proplo.pl\/blog\/wp-json\/wp\/v2\/posts\/550\/revisions"}],"predecessor-version":[{"id":565,"href":"https:\/\/proplo.pl\/blog\/wp-json\/wp\/v2\/posts\/550\/revisions\/565"}],"wp:featuredmedia":[{"embeddable":true,"href":"https:\/\/proplo.pl\/blog\/wp-json\/wp\/v2\/media\/553"}],"wp:attachment":[{"href":"https:\/\/proplo.pl\/blog\/wp-json\/wp\/v2\/media?parent=550"}],"wp:term":[{"taxonomy":"category","embeddable":true,"href":"https:\/\/proplo.pl\/blog\/wp-json\/wp\/v2\/categories?post=550"},{"taxonomy":"post_tag","embeddable":true,"href":"https:\/\/proplo.pl\/blog\/wp-json\/wp\/v2\/tags?post=550"}],"curies":[{"name":"wp","href":"https:\/\/api.w.org\/{rel}","templated":true}]}}