{"id":482,"date":"2025-02-25T11:59:43","date_gmt":"2025-02-25T11:59:43","guid":{"rendered":"https:\/\/proplo.pl\/blog\/?p=482"},"modified":"2025-03-06T20:41:14","modified_gmt":"2025-03-06T20:41:14","slug":"pokoj-na-poddaszu","status":"publish","type":"post","link":"https:\/\/proplo.pl\/blog\/pokoj-na-poddaszu\/","title":{"rendered":"Pok\u00f3j na poddaszu &#8211; jak urz\u0105dzi\u0107 pok\u00f3j ze skosami?"},"content":{"rendered":"<div class=\"you-find-content\">\r\n    <div class=\"container-xl container-wrapper\">\r\n        <div class=\"row design\">\r\n            <div class=\"col-md-12 wrapper \">\r\n                <div class=\"title\"><p>Z tego artyku\u0142u dowiesz si\u0119:<\/p>\n<\/div>\r\n                <div class=\"grid-wrapper\">\r\n                                                        <div class=\"block-list\">\r\n                        <div class=\"number\">\r\n                            1                        <\/div>\r\n                        <div class=\"text\">\r\n                            <p>Jak funkcjonalnie zaaran\u017cowa\u0107 pok\u00f3j na poddaszu?<\/p>\n                        <\/div>\r\n                    <\/div>\r\n                                        <div class=\"block-list\">\r\n                        <div class=\"number\">\r\n                            2                        <\/div>\r\n                        <div class=\"text\">\r\n                            <p>Jak dostosowa\u0107 pok\u00f3j na poddaszu do r\u00f3\u017cnych potrzeb?<\/p>\n                        <\/div>\r\n                    <\/div>\r\n                                        <div class=\"block-list\">\r\n                        <div class=\"number\">\r\n                            3                        <\/div>\r\n                        <div class=\"text\">\r\n                            <p>Jakie o\u015bwietlenie i kolory najlepiej sprawdz\u0105 si\u0119 na poddaszu?<\/p>\n                        <\/div>\r\n                    <\/div>\r\n                                        <div class=\"block-list\">\r\n                        <div class=\"number\">\r\n                            4                        <\/div>\r\n                        <div class=\"text\">\r\n                            <p>Jakie wyzwania wi\u0105\u017c\u0105 si\u0119 z temperatur\u0105 i izolacj\u0105 na poddaszu?<\/p>\n                        <\/div>\r\n                    <\/div>\r\n                                        <div class=\"block-list\">\r\n                        <div class=\"number\">\r\n                            5                        <\/div>\r\n                        <div class=\"text\">\r\n                            <p>Dlaczego warto postawi\u0107 na otwart\u0105 przestrze\u0144 w mieszkaniu w stylu loftowym?<\/p>\n                        <\/div>\r\n                    <\/div>\r\n                                                    <\/div>\r\n            <\/div>\r\n        <\/div>\r\n    <\/div>\r\n<\/div>\n\n\n<p>Pok\u00f3j na poddaszu absolutnie nie musi kojarzy\u0107 si\u0119 z przechowywaniem starych grat\u00f3w czy ze spi\u017carni\u0105. To przestrze\u0144 jak ka\u017cda inna, kt\u00f3r\u0105 efektownie mo\u017cemy wykorzysta\u0107 i zaprojektowa\u0107 cho\u0107by z przeznaczeniem dla naszych dzieci. Nie tylko mog\u0105 poczu\u0107 tam wi\u0119ksz\u0105 prywatno\u015b\u0107, ale te\u017c stworzy\u0107 sw\u00f3j przytulny, kochany zakamarek.<\/p>\n\n\n\n<p>Jak im w tym pom\u00f3c? Skosy w pokoju na poddaszu stanowi\u0105 pewne wyzwanie, ale nie musimy ich traktowa\u0107 jak z\u0142o wcielone. Spr\u00f3bujmy wykorzysta\u0107 w projekcie jak naszego sojusznika i uwypukli\u0107 ich atuty. Wszystko jest kwesti\u0105 kreatywno\u015bci. W ni\u017cszych partiach \u015bcian mo\u017cemy zamontowa\u0107 cho\u0107by rega\u0142y na ksi\u0105\u017cki lub zagospodarowa\u0107 przestrze\u0144 pod skosami na schowki i szafki. Do konkret\u00f3w jeszcze przejdziemy, ale najpierw par\u0119 warto\u015bciowych pomys\u0142\u00f3w.<\/p>\n\n\n\n<h2 class=\"wp-block-heading\"><strong>Pok\u00f3j na poddaszu dla dziewczynki<\/strong><\/h2>\n\n\n\n<p>Je\u015bli b\u0119dziemy aran\u017cowa\u0107 pokoje dla dziewczynek na poddaszu, warto dostosowa\u0107 kolorystyk\u0119 i dekoracje pod ich preferencje. Zak\u0142adamy, \u017ce dziecko nie jest jeszcze na tyle samodzielne, by podejmowa\u0107 autonomicznie decyzje, wi\u0119c pomo\u017cemy z kilkoma uniwersalnymi rozwi\u0105zaniami.<\/p>\n\n\n\n<p>Przyk\u0142adowo pok\u00f3j dla dziewczynki na poddaszu mo\u017cna urz\u0105dzi\u0107 w pastelowych kolorach, stawiaj\u0105c na r\u00f3\u017cowy, lawendowy czy mi\u0119towy. Dobrym rozwi\u0105zaniem b\u0119d\u0105 te\u017c neutralne kolory jak biel lub szaro\u015b\u0107, ale gra kobiecymi dodatkami w postaci poduszek lub zas\u0142on.<\/p>\n\n\n\n<p>W kwestii mebli raczej b\u0119dziemy obraca\u0107 si\u0119 wok\u00f3\u0142 kolorystyki, ale zak\u0142adamy, \u017ce wybory mog\u0105 by\u0107 uniwersalne bez wzgl\u0119du na p\u0142e\u0107 dziecka. Dla dziewczynki mo\u017cemy pomy\u015ble\u0107 cho\u0107by o \u0142\u00f3\u017cku z romantycznym baldachimem czy podobnych dekoracjach. Jako motyw przewodni dla dziewczynki powinny sprawdzi\u0107 si\u0119 kwiaty, bajki, zwierz\u0105tka czy elementy taneczne. Najlepiej jednak poprzez obserwacj\u0119 i znajomo\u015b\u0107 dziecka zdecydowa\u0107, co najlepiej okre\u015bla zakres jego zainteresowa\u0144.<\/p>\n\n\n\n<figure class=\"wp-block-image size-full\"><a href=\"https:\/\/proplo.pl\/profile\/projektka-kaja-wolff\/dom-200-m2-1209\"><img loading=\"lazy\" decoding=\"async\" width=\"1200\" height=\"800\" src=\"https:\/\/proplo.pl\/blog\/wp-content\/uploads\/2025\/02\/pokoj-na-poddaszu-dla-dziewczynki.png\" alt=\"Pok\u00f3j na poddaszu z jasnym \u0142\u00f3\u017ckiem, r\u00f3\u017cowym dywanem i ro\u015blin\u0105\" class=\"wp-image-485\" srcset=\"https:\/\/proplo.pl\/blog\/wp-content\/uploads\/2025\/02\/pokoj-na-poddaszu-dla-dziewczynki.png 1200w, https:\/\/proplo.pl\/blog\/wp-content\/uploads\/2025\/02\/pokoj-na-poddaszu-dla-dziewczynki-300x200.png 300w, https:\/\/proplo.pl\/blog\/wp-content\/uploads\/2025\/02\/pokoj-na-poddaszu-dla-dziewczynki-768x512.png 768w, https:\/\/proplo.pl\/blog\/wp-content\/uploads\/2025\/02\/pokoj-na-poddaszu-dla-dziewczynki-1024x683.png 1024w, https:\/\/proplo.pl\/blog\/wp-content\/uploads\/2025\/02\/pokoj-na-poddaszu-dla-dziewczynki-480x320.png 480w\" sizes=\"auto, (max-width: 1200px) 100vw, 1200px\" \/><\/a><figcaption class=\"wp-element-caption\">Projekt: <a href=\"https:\/\/proplo.pl\/profile\/projektka-kaja-wolff\">ProjektKa Kaja Wolff<\/a><\/figcaption><\/figure>\n\n\n\n<h2 class=\"wp-block-heading\">Pok\u00f3j na poddaszu dla ch\u0142opca&nbsp;<\/h2>\n\n\n\n<p>Nieco inaczej mo\u017cemy podej\u015b\u0107 do pokoju ch\u0142opca na poddaszu, bo niekoniecznie kwiatki musz\u0105 przypa\u015b\u0107 mu do gustu, chocia\u017c niczego nie wykluczamy. Ale \u015bmia\u0142o mo\u017cemy zdecydowa\u0107 si\u0119 na nieco bardziej dynamiczne po\u0142\u0105czenia kolorystyczne i pomalowa\u0107 \u015bciany na niebieski<sup data-fn=\"a8af4299-f000-442f-aa8c-b008f4be5acf\" class=\"fn\"><a id=\"a8af4299-f000-442f-aa8c-b008f4be5acf-link\" href=\"#a8af4299-f000-442f-aa8c-b008f4be5acf\">1<\/a><\/sup> czy zielony kolor. \u017b\u00f3\u0142ty te\u017c polecamy, po prostu tu do projektu pasuje o wiele wi\u0119cej wariacji. Oczywi\u015bcie to samo mo\u017cemy zastosowa\u0107 w pokoju dla dziewczynki, lecz podpowiedzieli\u015bmy, jak stworzy\u0107 typowy, stereotypowy \u201edziewcz\u0119cy pok\u00f3j\u201d.<\/p>\n\n\n\n<p>Dalej poddasze b\u0119dziemy uzupe\u0142nia\u0107 o has\u0142a i dekoracje figuruj\u0105ce wok\u00f3\u0142 zainteresowania ch\u0142opca. Najcz\u0119\u015bciej jest to sport, samochody i motoryzacja, superbohaterowie czy kosmos wraz z planetami. Opcji jest niesko\u0144czenie wiele, ale do dzieci zdecydowanie cz\u0119\u015bciej trafiaj\u0105 proste, wyraziste motywy ni\u017c chocia\u017cby artystyczne, skomplikowane wyko\u0144czenia.&nbsp;<\/p>\n\n\n\n<h2 class=\"wp-block-heading\">Pok\u00f3j dzieci\u0119cy na poddaszu<\/h2>\n\n\n\n<p>Czas na troch\u0119 uniwersalnych porad. Warto wydzieli\u0107 stref\u0119 do zabawy i nauki, w zale\u017cno\u015bci od wieku dziecka, ale pr\u0119dzej czy po\u017aniej przyjdzie czas r\u00f3wnie\u017c na biurko oraz ksi\u0105\u017cki. Dywan z mi\u0119kk\u0105 wyk\u0142adzin\u0105, mo\u017ce namiot z tipi dla ma\u0142ego dziecka albo maty do zabawy doskonale sprawdz\u0105 si\u0119 jako strefa szale\u0144stw.&nbsp;<\/p>\n\n\n\n<p>Skoro zabawki, to r\u00f3wnie\u017c istotne b\u0119dzie miejsce na ich przechowywanie, dlatego warto te\u017c zagospodarowa\u0107 spor\u0105 stref\u0119 na rega\u0142y, kosze albo pud\u0142a z atrybutami najm\u0142odszych. Dobrze, aby opr\u00f3cz strefy ruchu i zabaw, postawi\u0107 te\u017c na nieco bardziej statyczne miejsce, czyli krzese\u0142ko z biurkiem z modyfikowan\u0105 wysoko\u015bci\u0105. Niezale\u017cnie, czy dziecko b\u0119dziemy tam tworzy\u0107 pierwsze malowid\u0142a, czy uczy\u0107 si\u0119 czyta\u0107, powinni\u015bmy te\u017c zagwarantowa\u0107 mu zdrowe oraz wygodne warunki.<\/p>\n\n\n\n<figure class=\"wp-block-image size-full\"><a href=\"https:\/\/proplo.pl\/profile\/hexaform\/projekt-wnetrza-domu-w-prawiednikach-248\"><img loading=\"lazy\" decoding=\"async\" width=\"1200\" height=\"800\" src=\"https:\/\/proplo.pl\/blog\/wp-content\/uploads\/2025\/02\/pokoj-dzieciecy-na-poddaszu.png\" alt=\"Poddasze z drewnianymi belkami, kolorowym dywanem i nowoczesnymi meblami skandynawskimi.\" class=\"wp-image-486\" srcset=\"https:\/\/proplo.pl\/blog\/wp-content\/uploads\/2025\/02\/pokoj-dzieciecy-na-poddaszu.png 1200w, https:\/\/proplo.pl\/blog\/wp-content\/uploads\/2025\/02\/pokoj-dzieciecy-na-poddaszu-300x200.png 300w, https:\/\/proplo.pl\/blog\/wp-content\/uploads\/2025\/02\/pokoj-dzieciecy-na-poddaszu-768x512.png 768w, https:\/\/proplo.pl\/blog\/wp-content\/uploads\/2025\/02\/pokoj-dzieciecy-na-poddaszu-1024x683.png 1024w, https:\/\/proplo.pl\/blog\/wp-content\/uploads\/2025\/02\/pokoj-dzieciecy-na-poddaszu-480x320.png 480w\" sizes=\"auto, (max-width: 1200px) 100vw, 1200px\" \/><\/a><figcaption class=\"wp-element-caption\">Projekt: <a href=\"https:\/\/proplo.pl\/profile\/hexaform\">hexaform<\/a><\/figcaption><\/figure>\n\n\n\n<h2 class=\"wp-block-heading\">Pok\u00f3j nastolatk\u00f3w na poddaszu<\/h2>\n\n\n\n<p>W przypadku pokoju m\u0142odzie\u017cowego mamy t\u0119 \u0142atwo\u015b\u0107 \u2013&nbsp;albo i nie! \u2013&nbsp;\u017ce sami mog\u0105 podejmowa\u0107 decyzje co do motyw\u00f3w przewodnich. To oni zdecyduj\u0105, czy obklej\u0105 pok\u00f3j plakatami Taylor Swift albo Kyliana Mbappe. Nastolatkowie sami poprosz\u0105, aby doda\u0107 im tam nieco nastroju. A to ju\u017c kwestia wyboru, czy poprzez sprz\u0119t muzyczny, map\u0119 \u015bwiata czy osobny naro\u017cnik z lusterkiem na miejsce do malowania si\u0119 oraz sprawdzania stylizacji.<\/p>\n\n\n\n<p>Od siebie mo\u017cemy doda\u0107, \u017ce pok\u00f3j nastolatk\u00f3w musi by\u0107 wyposa\u017cony w dobre miejsce do nauki z dobrym, modyfikowanym krzes\u0142em dbaj\u0105cym o ich kr\u0119gos\u0142up, a tak\u017ce solidnym biurkiem. Wygodne \u0142\u00f3\u017cko, dobre o\u015bwietlenie punktowe dla biurka i lampka nocna, mo\u017ce niewielka strefa \u0107wicze\u0144 oraz szafa, w kt\u00f3rej pomieszcz\u0105 si\u0119 zachcianki m\u0142odzie\u017cy \u2013 to powinien by\u0107 uniwersalny zestaw dla m\u0142odzie\u017cy. A nastolatkowie jak to nastolatkowie: sami zwr\u00f3c\u0105 nam uwag\u0119, \u017ce potrzebuj\u0105 czego\u015b konkretnego.<\/p>\n\n\n\n<h2 class=\"wp-block-heading\">Pok\u00f3j go\u015bcinny na poddaszu<\/h2>\n\n\n\n<p>Istnieje te\u017c cz\u0119ste rozwi\u0105zanie, \u017ce przestrze\u0144 na poddaszu wykorzystamy jako pok\u00f3j go\u015bcinny dla przyjezdnych. Wtedy potrzeby nie zmieniaj\u0105 si\u0119 specjalnie, opr\u00f3cz tego, \u017ce pomieszczenie b\u0119dzie mia\u0142o bardziej uniwersalny charakter. Ale nadal jego baz\u0105 b\u0119dzie wygodne \u0142\u00f3\u017cko, szafka lub rega\u0142 na przechowywanie rzeczy, biurko do pracy czy stolik nocny.<\/p>\n\n\n\n<p>Nie b\u0119dziemy wtedy personalizowa\u0107 pokoju, tylko postawimy na poddasze z dusz\u0105, gdzie ka\u017cdy b\u0119dzie czu\u0142 si\u0119 komfortowo. Szafy mo\u017cemy wykorzysta\u0107 do przechowywania w\u0142asnych rzeczy, przy czym warto wydzieli\u0107 wygodn\u0105 stref\u0119 dla go\u015bci. Miejmy te\u017c na uwadze, \u017ceby nie zawala\u0107 tej przestrzeni nadmiarem zb\u0119dnych dodatk\u00f3w, bo trzeba j\u0105 przecie\u017c regularnie sprz\u0105ta\u0107. Klasowy minimalizm i \u0142atwo\u015b\u0107 w zarz\u0105dzaniu \u2013 to powinno nam przy\u015bwieca\u0107 w pierwszej kolejno\u015bci. Je\u015bli kuzyn wyjedzie, a za dwa dni spodziewamy si\u0119 wizyty rodzic\u00f3w, to r\u00f3wnie\u017c warto mie\u0107 zaplanowane miejsce, gdzie b\u0119dziemy trzyma\u0107 ko\u0142dry, \u015bwie\u017c\u0105 po\u015bciel czy prze\u015bcierad\u0142o.<\/p>\n\n\n\n<figure class=\"wp-block-image size-full\"><a href=\"https:\/\/proplo.pl\/profile\/projektka-kaja-wolff\/dom-200-m2-1209\"><img loading=\"lazy\" decoding=\"async\" width=\"1200\" height=\"800\" src=\"https:\/\/proplo.pl\/blog\/wp-content\/uploads\/2025\/02\/pokoj-goscinny-na-poddaszu.png\" alt=\"Wn\u0119trze poddasza z bia\u0142ym \u0142\u00f3\u017ckiem, hu\u015btawk\u0105 i ro\u015blinn\u0105 tapet\u0105.\" class=\"wp-image-487\" srcset=\"https:\/\/proplo.pl\/blog\/wp-content\/uploads\/2025\/02\/pokoj-goscinny-na-poddaszu.png 1200w, https:\/\/proplo.pl\/blog\/wp-content\/uploads\/2025\/02\/pokoj-goscinny-na-poddaszu-300x200.png 300w, https:\/\/proplo.pl\/blog\/wp-content\/uploads\/2025\/02\/pokoj-goscinny-na-poddaszu-768x512.png 768w, https:\/\/proplo.pl\/blog\/wp-content\/uploads\/2025\/02\/pokoj-goscinny-na-poddaszu-1024x683.png 1024w, https:\/\/proplo.pl\/blog\/wp-content\/uploads\/2025\/02\/pokoj-goscinny-na-poddaszu-480x320.png 480w\" sizes=\"auto, (max-width: 1200px) 100vw, 1200px\" \/><\/a><figcaption class=\"wp-element-caption\">Projekt: <a href=\"https:\/\/proplo.pl\/profile\/projektka-kaja-wolff\">ProjektKa Kaja Wolff<\/a><\/figcaption><\/figure>\n\n\n\n<h2 class=\"wp-block-heading\">Jak urz\u0105dzi\u0107 i umeblowa\u0107 pok\u00f3j na poddaszu?<\/h2>\n\n\n\n<p>Projekt pokoju na poddaszu zale\u017cy w g\u0142\u00f3wnej mierze od jego przeznaczenia. Sporo ju\u017c analizowali\u015bmy, jak to mo\u017ce wygl\u0105da\u0107 w przypadku m\u0142odzie\u017cowego i dzieci\u0119cego pokoju, ale przecie\u017c na poddaszu mo\u017cemy te\u017c urz\u0105dzi\u0107 gabinet, biuro do pracy, stref\u0119 relaksu, pomieszczenie tw\u00f3rcze czy si\u0142owni\u0119 albo pok\u00f3j go\u015bcinny.<\/p>\n\n\n\n<p>Istnieje wiele opcji, jak umieszczone b\u0119d\u0105 skosy, ale w zale\u017cno\u015bci od specyfiki naszego poddasza dostosujmy pod nie pok\u00f3j z pomys\u0142em. Pod najni\u017cszym skosem mo\u017cemy chocia\u017cby umie\u015bci\u0107 \u0142\u00f3\u017cko lub urz\u0105dzi\u0107 stref\u0119 do przechowywania rzeczy. Za to biurko doskonale sprawdzi si\u0119 tam, gdzie wysoko\u015b\u0107 jest najwy\u017csza. Je\u015bli przestrze\u0144 jest bardzo specyficzna, pomog\u0105 nam meble na wymiar, ale nie trzeba si\u0119 ba\u0107 takiej aran\u017cacji.<\/p>\n\n\n\n<h3 class=\"wp-block-heading\">Jakie meble do pokoju na poddaszu?<\/h3>\n\n\n\n<p>Nale\u017ca\u0142oby rozplanowa\u0107 wed\u0142ug wysoko\u015bci, jakie akcesoria przydadz\u0105 si\u0119 na poddaszu. Ale nie widzimy tu wielkiej filozofii czy problemu. Nawet pod skosem mo\u017cemy zaplanowa\u0107 \u0142\u00f3\u017cko z niskim stela\u017cem lub takie bez ramy, byleby rozwa\u017cnie zaplanowa\u0107 jego po\u0142o\u017cenie, gdy si\u0119 podnosimy. A je\u015bli zdecydujemy si\u0119 na miejsce o wy\u017cszej wysoko\u015bci i zarazem wy\u017csze \u0142\u00f3\u017cko, warto pod nim schowa\u0107 pojemniki lub postawi\u0107 tam na otwierane szuflady.<\/p>\n\n\n\n<p>Przy niskim skosie mo\u017cna tam rozplanowa\u0107 i biurko albo chocia\u017cby wykorzysta\u0107 t\u0119 przestrze\u0144 pod p\u00f3\u0142ki oraz rega\u0142y. W takiej nieregularnej przestrzeni doskonale odnajd\u0105 si\u0119 komody do przechowywania ksi\u0105\u017cek lub zabawek. Cz\u0119sto na poddaszu wizualnie pasuj\u0105 pufy, worki safo czy siedziska, kt\u00f3re dodatkowo dadz\u0105 przestrze\u0144 do siedzenia. Generalnie sam kszta\u0142t poddasza powinien okre\u015bli\u0107, jak zagospodarowa\u0107 miejsce pod skosami.<\/p>\n\n\n\n<h3 class=\"wp-block-heading\">Dodatki do pokoju ze skosami<\/h3>\n\n\n\n<p>Nier\u00f3wno\u015bci i nieregularne przestrzenie dobrze zamaskowa\u0107 lambrekinami albo zas\u0142onami, ale generalnie w pokojach ze skosami dobrze doda\u0107 nieco atmosfery mi\u0119kkimi tekstyliami. Koce, dywany czy mi\u0119kkie poduszki b\u0119d\u0105 odpowiedzialne za stworzenie w\u0142a\u015bciwego klimatu. Przy mocnych konstrukcjach niekt\u00f3rzy decyduj\u0105 si\u0119 na zawieszenie hamaka, my te\u017c spojrzeliby\u015bmy z pewno\u015bci\u0105 w kierunku kosza wiklinowego lub ro\u015blin o\u017cywiaj\u0105cych wn\u0119trze.<\/p>\n\n\n\n<p>Wiele zale\u017cy od tego, czy mamy dost\u0119p do \u015bwiat\u0142a naturalnego i mo\u017cemy je fantastycznie wykorzysta\u0107, czy b\u0119dziemy za wszelk\u0105 cen\u0119 pr\u00f3bowali o\u017cywi\u0107 nasz\u0105 przestrze\u0144 na inne sposoby. Punktowe o\u015bwietlenie, LED-y czy kinkiety z regulowan\u0105 moc\u0105 wprawi\u0105 poddasze w magiczny nastr\u00f3j. Pami\u0119tajmy, \u017ce to te\u017c specyficzne, rzadziej odwiedzane miejsce, gdzie czasem pozwalamy sobie na odwa\u017cniejsze dodatki, dlatego nie czujcie si\u0119 ograniczeni przy plakatach, obrazach albo pami\u0105tkach z wakacji, na jakie zabrak\u0142o wam odwagi chocia\u017cby w salonie.<\/p>\n\n\n\n<h3 class=\"wp-block-heading\">O\u015bwietlenie pokoju na poddaszu<\/h3>\n\n\n\n<p>Idealnym scenariuszem by\u0142yby okna dachowe, bo one wykonaj\u0105 wi\u0119kszo\u015b\u0107 roboty za nas. Wtedy jedynie trzeba zadba\u0107 o rolety b\u0105d\u017a \u017caluzje, aby finalnie mie\u0107 kontrol\u0119 nad \u015bwiat\u0142em wpadaj\u0105cym do pokoju. Inaczej w s\u0142oneczne lato mo\u017cemy zamieni\u0107 poddasze w darmow\u0105 saun\u0119.<\/p>\n\n\n\n<p>Co do pozosta\u0142ych rodzaj\u00f3w sztucznego \u015bwiat\u0142a \u2013&nbsp;lepiej zrezygnowa\u0107 z wisz\u0105cych lamp, bo mog\u0105 nie sprawdzi\u0107 si\u0119 przy niskich skosach, lepiej chocia\u017cby postawi\u0107 na p\u0142askie plafony czy tradycyjne punktowe kinkiety. Za pomoc\u0105 tych drugich \u0142atwo do\u015bwietlimy wszystkie potrzebne strefy. Tutaj rekomendujemy r\u00f3wnie\u017c klimatyczn\u0105 lampk\u0119 z regulowanym ramieniem albo zawieszenie pask\u00f3w LED wzd\u0142u\u017c \u0142\u00f3\u017cka, \u015bciany czy p\u00f3\u0142ek. Taki zestaw sprawi, \u017ce na klimatyczne poddasze domownicy b\u0119d\u0105 zagl\u0105dali ch\u0119tniej ni\u017c do kuchni!<\/p>\n\n\n\n<figure class=\"wp-block-image size-full\"><a href=\"https:\/\/proplo.pl\/profile\/mk-studio-projektowania\/sypialnia-na-poddaszu-w-stylu-boho-w-dwoch-wersjach-715\"><img loading=\"lazy\" decoding=\"async\" width=\"1200\" height=\"800\" src=\"https:\/\/proplo.pl\/blog\/wp-content\/uploads\/2025\/02\/pokoj-na-poddaszu-aranzacja.png\" alt=\"Wn\u0119trze poddasza w stylu boho z naturalnym \u015bwiat\u0142em\" class=\"wp-image-488\" srcset=\"https:\/\/proplo.pl\/blog\/wp-content\/uploads\/2025\/02\/pokoj-na-poddaszu-aranzacja.png 1200w, https:\/\/proplo.pl\/blog\/wp-content\/uploads\/2025\/02\/pokoj-na-poddaszu-aranzacja-300x200.png 300w, https:\/\/proplo.pl\/blog\/wp-content\/uploads\/2025\/02\/pokoj-na-poddaszu-aranzacja-768x512.png 768w, https:\/\/proplo.pl\/blog\/wp-content\/uploads\/2025\/02\/pokoj-na-poddaszu-aranzacja-1024x683.png 1024w, https:\/\/proplo.pl\/blog\/wp-content\/uploads\/2025\/02\/pokoj-na-poddaszu-aranzacja-480x320.png 480w\" sizes=\"auto, (max-width: 1200px) 100vw, 1200px\" \/><\/a><figcaption class=\"wp-element-caption\">Projekt: <a href=\"https:\/\/proplo.pl\/profile\/mk-studio-projektowania\">MK Studio Projektowania<\/a><\/figcaption><\/figure>\n\n\n\n<h2 class=\"wp-block-heading\">Projekt pokoju na poddaszu &#8211; o czym pami\u0119ta\u0107?<\/h2>\n\n\n\n<p>Nowoczesny pok\u00f3j, a nawet mieszkanie na poddaszu mo\u017cemy urz\u0105dza\u0107 tak, jak ka\u017cde inne, przy czym trzeba wzi\u0105\u0107 pod uwag\u0119 specyfik\u0119 skos\u00f3w oraz dost\u0119pnych warunk\u00f3w. Finalnie aran\u017cacje b\u0119dzie trzeba dostosowa\u0107 w\u0142a\u015bnie pod nie, ale to mo\u017ce by\u0107 clue ca\u0142ego projektu i atut, kt\u00f3ry przekujemy w stylowe wyko\u0144czenie.&nbsp;<\/p>\n\n\n\n<h3 class=\"wp-block-heading\">Skosy i okna dachowe<\/h3>\n\n\n\n<p>Przestrze\u0144 pod skosem wcale nie musi by\u0107 ograniczeniem \u2013 odpowiednio zaprojektowana mo\u017ce sta\u0107 si\u0119 funkcjonalnym i estetycznym elementem wn\u0119trza. W ni\u017cszych partiach skos\u00f3w doskonale sprawdza si\u0119 umieszczenie \u0142\u00f3\u017cka, kom\u00f3d czy rega\u0142\u00f3w, co pozwala maksymalnie wykorzysta\u0107 dost\u0119pn\u0105 przestrze\u0144. Dodatkowo, umiej\u0119tne rozmieszczenie r\u00f3\u017cnych \u017ar\u00f3de\u0142 \u015bwiat\u0142a, takich jak kinkiety, lampki nocne czy ta\u015bmy LED, mo\u017ce podkre\u015bli\u0107 charakter wn\u0119trza i doda\u0107 mu przytulno\u015bci.<\/p>\n\n\n\n<p>Okna dachowe pe\u0142ni\u0105 kluczow\u0105 rol\u0119 w do\u015bwietleniu pokoju na poddaszu i powinny by\u0107 jednym z g\u0142\u00f3wnych element\u00f3w uwzgl\u0119dnianych przy aran\u017cacji. Aby zapewni\u0107 maksymalny dop\u0142yw naturalnego \u015bwiat\u0142a, warto unika\u0107 ci\u0119\u017ckich zas\u0142on i postawi\u0107 na lekkie rolety lub \u017caluzje, kt\u00f3re umo\u017cliwi\u0105 regulacj\u0119 nat\u0119\u017cenia \u015bwiat\u0142a w ci\u0105gu dnia. W zale\u017cno\u015bci od ilo\u015bci \u015bwiat\u0142a wpadaj\u0105cego do wn\u0119trza, dobrze jest uzupe\u0142ni\u0107 aran\u017cacj\u0119 o dodatkowe o\u015bwietlenie, kt\u00f3re stworzy odpowiedni nastr\u00f3j i zapewni komfort u\u017cytkowania pomieszczenia tak\u017ce po zmroku.<\/p>\n\n\n\n<h3 class=\"wp-block-heading\">Temperatura<\/h3>\n\n\n\n<p>Specyfika poddasza jest taka, \u017ce zim\u0105 b\u0119dzie wyj\u0105tkowo zimne, a latem niezwykle gor\u0105ce, wi\u0119c musimy dobrze dostosowa\u0107 si\u0119 do tych warunk\u00f3w. Przede wszystkim sam dach musi by\u0107 bardzo dobrze wyizolowany chocia\u017cby za pomoc\u0105 we\u0142ny mineralnej czy pianki poliuretanowej.<\/p>\n\n\n\n<p>Powinni\u015bmy zadba\u0107 o dwa elementy, czyli najpierw skuteczne ogrzewanie na ch\u0142odniejsze miesi\u0105ce. Niezale\u017cnie, czy mamy ogrzewanie pod\u0142ogowe, czy podwy\u017cszamy temperatur\u0119 grzejnikami, sprawdzi\u0107 ich funkcjonalno\u015b\u0107. P\u00f3\u017aniej istotna jest tak\u017ce dobra wentylacja, aby unikn\u0105\u0107 na poddaszu tworzenie si\u0119 zaduchu lub\u2026 wilgoci. Okna dachowe r\u00f3wnie\u017c powinny przej\u015b\u0107 nasz test jako\u015bci.<\/p>\n\n\n\n<h3 class=\"wp-block-heading\">Belki i stropy<\/h3>\n\n\n\n<p>Warto spojrze\u0107 na nie jak na cz\u0119\u015b\u0107 dekoracji, bo chocia\u017cby drewniane belki na poddaszu mog\u0105 klimatycznie wsp\u00f3\u0142gra\u0107 z ca\u0142ym projektem. Je\u015bli chcemy stworzy\u0107 gabinet w stylu skandynawskim czy rustykalnym, wyeksponowanie belek b\u0119dzie idealnym podkre\u015bleniem jego charakteru. Je\u015bli z kolei nie jeste\u015bmy fanami tego rozwi\u0105zania, mo\u017cemy po prostu przemalowa\u0107 je na kolor \u015bcian i w ten spos\u00f3b nieco zniwelowa\u0107 ich obecno\u015b\u0107 w pokoju.<\/p>\n\n\n\n<p>Co do stropu, zdarza si\u0119, \u017ce jest postawiony bardzo nisko, co mo\u017ce nam przeszkadza\u0107. Wtedy po prostu rekomendujemy jasne kolory, by spr\u00f3bowa\u0107 optycznie nieco go podnie\u015b\u0107, a tak\u017ce sugerujemy postawienie na p\u0142askie lampy, by nie skrada\u0107 dodatkowo przestrzeni. Przy niskim stropie w\u0105tpliwym pomys\u0142em by\u0142by chocia\u017cby zwisaj\u0105cy \u017cyrandol. Ale i w takiej konfiguracji da si\u0119 zaplanowa\u0107 atrakcyjn\u0105 sypialni\u0119.<\/p>\n\n\n\n<figure class=\"wp-block-image size-full\"><a href=\"https:\/\/proplo.pl\/profile\/meyze-studio\/pensjonat-w-zabytkowej-stodole-dusocin-536\"><img loading=\"lazy\" decoding=\"async\" width=\"1200\" height=\"800\" src=\"https:\/\/proplo.pl\/blog\/wp-content\/uploads\/2025\/02\/jak-urzadzic-pokoj-na-poddaszu.png\" alt=\"Eklektyczne poddasze z rustykalnym \u0142\u00f3\u017ckiem i prowansalskim biurkiem.\" class=\"wp-image-489\" srcset=\"https:\/\/proplo.pl\/blog\/wp-content\/uploads\/2025\/02\/jak-urzadzic-pokoj-na-poddaszu.png 1200w, https:\/\/proplo.pl\/blog\/wp-content\/uploads\/2025\/02\/jak-urzadzic-pokoj-na-poddaszu-300x200.png 300w, https:\/\/proplo.pl\/blog\/wp-content\/uploads\/2025\/02\/jak-urzadzic-pokoj-na-poddaszu-768x512.png 768w, https:\/\/proplo.pl\/blog\/wp-content\/uploads\/2025\/02\/jak-urzadzic-pokoj-na-poddaszu-1024x683.png 1024w, https:\/\/proplo.pl\/blog\/wp-content\/uploads\/2025\/02\/jak-urzadzic-pokoj-na-poddaszu-480x320.png 480w\" sizes=\"auto, (max-width: 1200px) 100vw, 1200px\" \/><\/a><figcaption class=\"wp-element-caption\">Projekt: <a href=\"https:\/\/proplo.pl\/profile\/meyze-studio\">MEYZE STUDIO<\/a><\/figcaption><\/figure>\n\n\n\n<h2 class=\"wp-block-heading\">Pok\u00f3j na poddaszu \u2013 aran\u017cacje i inspiracje<\/h2>\n\n\n\n<p>Pok\u00f3j na poddaszu mo\u017ce sta\u0107 si\u0119 wyj\u0105tkowym miejscem, je\u015bli odpowiednio wykorzystamy jego potencja\u0142. Skosy i nieregularne kszta\u0142ty wn\u0119trza mog\u0105 by\u0107 atutem, nadaj\u0105cym pomieszczeniu unikalny charakter. Warto czerpa\u0107 inspiracje z r\u00f3\u017cnych styl\u00f3w aran\u017cacyjnych \u2013 od przytulnych wn\u0119trz w stylu skandynawskim, przez loftowe akcenty, a\u017c po klasyczne, eleganckie rozwi\u0105zania.<\/p>\n\n\n\n<p>Jasne kolory, drewno i dobrze rozmieszczone o\u015bwietlenie pomog\u0105 optycznie powi\u0119kszy\u0107 przestrze\u0144, natomiast mi\u0119kkie tekstylia i naturalne materia\u0142y nadadz\u0105 jej przytulno\u015bci. W sypialni na poddaszu mo\u017cna postawi\u0107 na niskie \u0142\u00f3\u017cko dopasowane do skos\u00f3w oraz subtelne dekoracje, kt\u00f3re nie przyt\u0142ocz\u0105 wn\u0119trza. W pokoju m\u0142odzie\u017cowym czy dzieci\u0119cym warto wykorzysta\u0107 rega\u0142y i szafki pod skosami, tworz\u0105c praktyczne miejsce do przechowywania.<\/p>\n\n\n\n<p>Kluczowe jest dostosowanie projektu do indywidualnych potrzeb \u2013 niezale\u017cnie od tego, czy poddasze ma pe\u0142ni\u0107 funkcj\u0119 sypialni, pokoju dzieci\u0119cego, gabinetu czy przestrzeni relaksu, warto podej\u015b\u0107 do aran\u017cacji kreatywnie i funkcjonalnie, by w pe\u0142ni wykorzysta\u0107 potencja\u0142 tej wyj\u0105tkowej przestrzeni.<\/p>\n\n\n\n<hr class=\"wp-block-separator has-alpha-channel-opacity\"\/>\n\n\n\n<p><strong>\u0179r\u00f3d\u0142a:<\/strong><\/p>\n\n\n<ol class=\"wp-block-footnotes\"><li id=\"a8af4299-f000-442f-aa8c-b008f4be5acf\"><a href=\"https:\/\/www.science.org\/doi\/abs\/10.1126\/science.1169144\">https:\/\/www.science.org\/doi\/abs\/10.1126\/science.1169144<\/a> <a href=\"#a8af4299-f000-442f-aa8c-b008f4be5acf-link\" aria-label=\"Przejd\u017a do przypisu 1\">\u21a9\ufe0e<\/a><\/li><\/ol>","protected":false},"excerpt":{"rendered":"<p>Pok\u00f3j na poddaszu absolutnie nie musi kojarzy\u0107 si\u0119 z przechowywaniem starych grat\u00f3w czy ze spi\u017carni\u0105. <\/p>\n","protected":false},"author":3,"featured_media":490,"comment_status":"open","ping_status":"open","sticky":false,"template":"","format":"standard","meta":{"footnotes":"[{\"content\":\"<a href=\\\"https:\/\/www.science.org\/doi\/abs\/10.1126\/science.1169144\\\">https:\/\/www.science.org\/doi\/abs\/10.1126\/science.1169144<\/a>\",\"id\":\"a8af4299-f000-442f-aa8c-b008f4be5acf\"}]"},"categories":[18],"tags":[],"class_list":["post-482","post","type-post","status-publish","format-standard","has-post-thumbnail","hentry","category-poddasze"],"acf":[],"yoast_head":"<!-- This site is optimized with the Yoast SEO plugin v27.5 - https:\/\/yoast.com\/product\/yoast-seo-wordpress\/ -->\n<title>Pok\u00f3j na poddaszu - Jak urz\u0105dzi\u0107 pok\u00f3j ze skosami? - Proplo<\/title>\n<meta name=\"description\" content=\"Pok\u00f3j na poddaszu \u2013 jak urz\u0105dzi\u0107 skosy? Nowoczesne pokoje na poddaszu dla dziewczynki, ch\u0142opca, dzieci i nastolatk\u00f3w.\" \/>\n<meta name=\"robots\" content=\"index, follow, max-snippet:-1, max-image-preview:large, max-video-preview:-1\" \/>\n<link rel=\"canonical\" href=\"https:\/\/proplo.pl\/blog\/pokoj-na-poddaszu\/\" \/>\n<meta property=\"og:locale\" content=\"pl_PL\" \/>\n<meta property=\"og:type\" content=\"article\" \/>\n<meta property=\"og:title\" content=\"Pok\u00f3j na poddaszu - Jak urz\u0105dzi\u0107 pok\u00f3j ze skosami? - Proplo\" \/>\n<meta property=\"og:description\" content=\"Pok\u00f3j na poddaszu \u2013 jak urz\u0105dzi\u0107 skosy? Nowoczesne pokoje na poddaszu dla dziewczynki, ch\u0142opca, dzieci i nastolatk\u00f3w.\" \/>\n<meta property=\"og:url\" content=\"https:\/\/proplo.pl\/blog\/pokoj-na-poddaszu\/\" \/>\n<meta property=\"og:site_name\" content=\"Poradnik wn\u0119trzarski - Proplo\" \/>\n<meta property=\"article:published_time\" content=\"2025-02-25T11:59:43+00:00\" \/>\n<meta property=\"article:modified_time\" content=\"2025-03-06T20:41:14+00:00\" \/>\n<meta property=\"og:image\" content=\"https:\/\/proplo.pl\/blog\/wp-content\/uploads\/2025\/02\/pokoj-na-poddaszu.png\" \/>\n\t<meta property=\"og:image:width\" content=\"1200\" \/>\n\t<meta property=\"og:image:height\" content=\"800\" \/>\n\t<meta property=\"og:image:type\" content=\"image\/png\" \/>\n<meta name=\"author\" content=\"Proplo\" \/>\n<meta name=\"twitter:card\" content=\"summary_large_image\" \/>\n<meta name=\"twitter:label1\" content=\"Napisane przez\" \/>\n\t<meta name=\"twitter:data1\" content=\"Proplo\" \/>\n\t<meta name=\"twitter:label2\" content=\"Szacowany czas czytania\" \/>\n\t<meta name=\"twitter:data2\" content=\"13 minut\" \/>\n<script type=\"application\/ld+json\" class=\"yoast-schema-graph\">{\"@context\":\"https:\\\/\\\/schema.org\",\"@graph\":[{\"@type\":\"Article\",\"@id\":\"https:\\\/\\\/proplo.pl\\\/blog\\\/pokoj-na-poddaszu\\\/#article\",\"isPartOf\":{\"@id\":\"https:\\\/\\\/proplo.pl\\\/blog\\\/pokoj-na-poddaszu\\\/\"},\"author\":{\"name\":\"Proplo\",\"@id\":\"https:\\\/\\\/proplo.pl\\\/blog\\\/#\\\/schema\\\/person\\\/c13af99097d24e9fc2b86b838c0fd0e1\"},\"headline\":\"Pok\u00f3j na poddaszu &#8211; jak urz\u0105dzi\u0107 pok\u00f3j ze skosami?\",\"datePublished\":\"2025-02-25T11:59:43+00:00\",\"dateModified\":\"2025-03-06T20:41:14+00:00\",\"mainEntityOfPage\":{\"@id\":\"https:\\\/\\\/proplo.pl\\\/blog\\\/pokoj-na-poddaszu\\\/\"},\"wordCount\":2210,\"commentCount\":0,\"image\":{\"@id\":\"https:\\\/\\\/proplo.pl\\\/blog\\\/pokoj-na-poddaszu\\\/#primaryimage\"},\"thumbnailUrl\":\"https:\\\/\\\/proplo.pl\\\/blog\\\/wp-content\\\/uploads\\\/2025\\\/02\\\/pokoj-na-poddaszu.png\",\"articleSection\":[\"Poddasze\"],\"inLanguage\":\"pl-PL\",\"potentialAction\":[{\"@type\":\"CommentAction\",\"name\":\"Comment\",\"target\":[\"https:\\\/\\\/proplo.pl\\\/blog\\\/pokoj-na-poddaszu\\\/#respond\"]}]},{\"@type\":\"WebPage\",\"@id\":\"https:\\\/\\\/proplo.pl\\\/blog\\\/pokoj-na-poddaszu\\\/\",\"url\":\"https:\\\/\\\/proplo.pl\\\/blog\\\/pokoj-na-poddaszu\\\/\",\"name\":\"Pok\u00f3j na poddaszu - Jak urz\u0105dzi\u0107 pok\u00f3j ze skosami? - Proplo\",\"isPartOf\":{\"@id\":\"https:\\\/\\\/proplo.pl\\\/blog\\\/#website\"},\"primaryImageOfPage\":{\"@id\":\"https:\\\/\\\/proplo.pl\\\/blog\\\/pokoj-na-poddaszu\\\/#primaryimage\"},\"image\":{\"@id\":\"https:\\\/\\\/proplo.pl\\\/blog\\\/pokoj-na-poddaszu\\\/#primaryimage\"},\"thumbnailUrl\":\"https:\\\/\\\/proplo.pl\\\/blog\\\/wp-content\\\/uploads\\\/2025\\\/02\\\/pokoj-na-poddaszu.png\",\"datePublished\":\"2025-02-25T11:59:43+00:00\",\"dateModified\":\"2025-03-06T20:41:14+00:00\",\"author\":{\"@id\":\"https:\\\/\\\/proplo.pl\\\/blog\\\/#\\\/schema\\\/person\\\/c13af99097d24e9fc2b86b838c0fd0e1\"},\"description\":\"Pok\u00f3j na poddaszu \u2013 jak urz\u0105dzi\u0107 skosy? Nowoczesne pokoje na poddaszu dla dziewczynki, ch\u0142opca, dzieci i nastolatk\u00f3w.\",\"breadcrumb\":{\"@id\":\"https:\\\/\\\/proplo.pl\\\/blog\\\/pokoj-na-poddaszu\\\/#breadcrumb\"},\"inLanguage\":\"pl-PL\",\"potentialAction\":[{\"@type\":\"ReadAction\",\"target\":[\"https:\\\/\\\/proplo.pl\\\/blog\\\/pokoj-na-poddaszu\\\/\"]}]},{\"@type\":\"ImageObject\",\"inLanguage\":\"pl-PL\",\"@id\":\"https:\\\/\\\/proplo.pl\\\/blog\\\/pokoj-na-poddaszu\\\/#primaryimage\",\"url\":\"https:\\\/\\\/proplo.pl\\\/blog\\\/wp-content\\\/uploads\\\/2025\\\/02\\\/pokoj-na-poddaszu.png\",\"contentUrl\":\"https:\\\/\\\/proplo.pl\\\/blog\\\/wp-content\\\/uploads\\\/2025\\\/02\\\/pokoj-na-poddaszu.png\",\"width\":1200,\"height\":800,\"caption\":\"Wn\u0119trze poddasza z szarymi \u015bcianami, \u017c\u00f3\u0142tymi akcentami i nowoczesnym biurkiem.\"},{\"@type\":\"BreadcrumbList\",\"@id\":\"https:\\\/\\\/proplo.pl\\\/blog\\\/pokoj-na-poddaszu\\\/#breadcrumb\",\"itemListElement\":[{\"@type\":\"ListItem\",\"position\":1,\"name\":\"Proplo\",\"item\":\"https:\\\/\\\/proplo.pl\"},{\"@type\":\"ListItem\",\"position\":2,\"name\":\"Poradnik wn\u0119trzarski\",\"item\":\"https:\\\/\\\/proplo.pl\\\/blog\\\/\"},{\"@type\":\"ListItem\",\"position\":3,\"name\":\"Pok\u00f3j na poddaszu &#8211; jak urz\u0105dzi\u0107 pok\u00f3j ze skosami?\"}]},{\"@type\":\"WebSite\",\"@id\":\"https:\\\/\\\/proplo.pl\\\/blog\\\/#website\",\"url\":\"https:\\\/\\\/proplo.pl\\\/blog\\\/\",\"name\":\"Blog Proplo\",\"description\":\"\",\"potentialAction\":[{\"@type\":\"SearchAction\",\"target\":{\"@type\":\"EntryPoint\",\"urlTemplate\":\"https:\\\/\\\/proplo.pl\\\/blog\\\/?s={search_term_string}\"},\"query-input\":{\"@type\":\"PropertyValueSpecification\",\"valueRequired\":true,\"valueName\":\"search_term_string\"}}],\"inLanguage\":\"pl-PL\"},{\"@type\":\"Person\",\"@id\":\"https:\\\/\\\/proplo.pl\\\/blog\\\/#\\\/schema\\\/person\\\/c13af99097d24e9fc2b86b838c0fd0e1\",\"name\":\"Proplo\",\"image\":{\"@type\":\"ImageObject\",\"inLanguage\":\"pl-PL\",\"@id\":\"https:\\\/\\\/secure.gravatar.com\\\/avatar\\\/176f908138148facd74b7d78fc677b53b24a54b63aacd8fc4e81a4da926e5f28?s=96&d=mm&r=g\",\"url\":\"https:\\\/\\\/secure.gravatar.com\\\/avatar\\\/176f908138148facd74b7d78fc677b53b24a54b63aacd8fc4e81a4da926e5f28?s=96&d=mm&r=g\",\"contentUrl\":\"https:\\\/\\\/secure.gravatar.com\\\/avatar\\\/176f908138148facd74b7d78fc677b53b24a54b63aacd8fc4e81a4da926e5f28?s=96&d=mm&r=g\",\"caption\":\"Proplo\"},\"url\":\"https:\\\/\\\/proplo.pl\\\/blog\\\/author\\\/r-marciniak\\\/\"}]}<\/script>\n<!-- \/ Yoast SEO plugin. -->","yoast_head_json":{"title":"Pok\u00f3j na poddaszu - Jak urz\u0105dzi\u0107 pok\u00f3j ze skosami? - Proplo","description":"Pok\u00f3j na poddaszu \u2013 jak urz\u0105dzi\u0107 skosy? Nowoczesne pokoje na poddaszu dla dziewczynki, ch\u0142opca, dzieci i nastolatk\u00f3w.","robots":{"index":"index","follow":"follow","max-snippet":"max-snippet:-1","max-image-preview":"max-image-preview:large","max-video-preview":"max-video-preview:-1"},"canonical":"https:\/\/proplo.pl\/blog\/pokoj-na-poddaszu\/","og_locale":"pl_PL","og_type":"article","og_title":"Pok\u00f3j na poddaszu - Jak urz\u0105dzi\u0107 pok\u00f3j ze skosami? - Proplo","og_description":"Pok\u00f3j na poddaszu \u2013 jak urz\u0105dzi\u0107 skosy? Nowoczesne pokoje na poddaszu dla dziewczynki, ch\u0142opca, dzieci i nastolatk\u00f3w.","og_url":"https:\/\/proplo.pl\/blog\/pokoj-na-poddaszu\/","og_site_name":"Poradnik wn\u0119trzarski - Proplo","article_published_time":"2025-02-25T11:59:43+00:00","article_modified_time":"2025-03-06T20:41:14+00:00","og_image":[{"width":1200,"height":800,"url":"https:\/\/proplo.pl\/blog\/wp-content\/uploads\/2025\/02\/pokoj-na-poddaszu.png","type":"image\/png"}],"author":"Proplo","twitter_card":"summary_large_image","twitter_misc":{"Napisane przez":"Proplo","Szacowany czas czytania":"13 minut"},"schema":{"@context":"https:\/\/schema.org","@graph":[{"@type":"Article","@id":"https:\/\/proplo.pl\/blog\/pokoj-na-poddaszu\/#article","isPartOf":{"@id":"https:\/\/proplo.pl\/blog\/pokoj-na-poddaszu\/"},"author":{"name":"Proplo","@id":"https:\/\/proplo.pl\/blog\/#\/schema\/person\/c13af99097d24e9fc2b86b838c0fd0e1"},"headline":"Pok\u00f3j na poddaszu &#8211; jak urz\u0105dzi\u0107 pok\u00f3j ze skosami?","datePublished":"2025-02-25T11:59:43+00:00","dateModified":"2025-03-06T20:41:14+00:00","mainEntityOfPage":{"@id":"https:\/\/proplo.pl\/blog\/pokoj-na-poddaszu\/"},"wordCount":2210,"commentCount":0,"image":{"@id":"https:\/\/proplo.pl\/blog\/pokoj-na-poddaszu\/#primaryimage"},"thumbnailUrl":"https:\/\/proplo.pl\/blog\/wp-content\/uploads\/2025\/02\/pokoj-na-poddaszu.png","articleSection":["Poddasze"],"inLanguage":"pl-PL","potentialAction":[{"@type":"CommentAction","name":"Comment","target":["https:\/\/proplo.pl\/blog\/pokoj-na-poddaszu\/#respond"]}]},{"@type":"WebPage","@id":"https:\/\/proplo.pl\/blog\/pokoj-na-poddaszu\/","url":"https:\/\/proplo.pl\/blog\/pokoj-na-poddaszu\/","name":"Pok\u00f3j na poddaszu - Jak urz\u0105dzi\u0107 pok\u00f3j ze skosami? - Proplo","isPartOf":{"@id":"https:\/\/proplo.pl\/blog\/#website"},"primaryImageOfPage":{"@id":"https:\/\/proplo.pl\/blog\/pokoj-na-poddaszu\/#primaryimage"},"image":{"@id":"https:\/\/proplo.pl\/blog\/pokoj-na-poddaszu\/#primaryimage"},"thumbnailUrl":"https:\/\/proplo.pl\/blog\/wp-content\/uploads\/2025\/02\/pokoj-na-poddaszu.png","datePublished":"2025-02-25T11:59:43+00:00","dateModified":"2025-03-06T20:41:14+00:00","author":{"@id":"https:\/\/proplo.pl\/blog\/#\/schema\/person\/c13af99097d24e9fc2b86b838c0fd0e1"},"description":"Pok\u00f3j na poddaszu \u2013 jak urz\u0105dzi\u0107 skosy? Nowoczesne pokoje na poddaszu dla dziewczynki, ch\u0142opca, dzieci i nastolatk\u00f3w.","breadcrumb":{"@id":"https:\/\/proplo.pl\/blog\/pokoj-na-poddaszu\/#breadcrumb"},"inLanguage":"pl-PL","potentialAction":[{"@type":"ReadAction","target":["https:\/\/proplo.pl\/blog\/pokoj-na-poddaszu\/"]}]},{"@type":"ImageObject","inLanguage":"pl-PL","@id":"https:\/\/proplo.pl\/blog\/pokoj-na-poddaszu\/#primaryimage","url":"https:\/\/proplo.pl\/blog\/wp-content\/uploads\/2025\/02\/pokoj-na-poddaszu.png","contentUrl":"https:\/\/proplo.pl\/blog\/wp-content\/uploads\/2025\/02\/pokoj-na-poddaszu.png","width":1200,"height":800,"caption":"Wn\u0119trze poddasza z szarymi \u015bcianami, \u017c\u00f3\u0142tymi akcentami i nowoczesnym biurkiem."},{"@type":"BreadcrumbList","@id":"https:\/\/proplo.pl\/blog\/pokoj-na-poddaszu\/#breadcrumb","itemListElement":[{"@type":"ListItem","position":1,"name":"Proplo","item":"https:\/\/proplo.pl"},{"@type":"ListItem","position":2,"name":"Poradnik wn\u0119trzarski","item":"https:\/\/proplo.pl\/blog\/"},{"@type":"ListItem","position":3,"name":"Pok\u00f3j na poddaszu &#8211; jak urz\u0105dzi\u0107 pok\u00f3j ze skosami?"}]},{"@type":"WebSite","@id":"https:\/\/proplo.pl\/blog\/#website","url":"https:\/\/proplo.pl\/blog\/","name":"Blog Proplo","description":"","potentialAction":[{"@type":"SearchAction","target":{"@type":"EntryPoint","urlTemplate":"https:\/\/proplo.pl\/blog\/?s={search_term_string}"},"query-input":{"@type":"PropertyValueSpecification","valueRequired":true,"valueName":"search_term_string"}}],"inLanguage":"pl-PL"},{"@type":"Person","@id":"https:\/\/proplo.pl\/blog\/#\/schema\/person\/c13af99097d24e9fc2b86b838c0fd0e1","name":"Proplo","image":{"@type":"ImageObject","inLanguage":"pl-PL","@id":"https:\/\/secure.gravatar.com\/avatar\/176f908138148facd74b7d78fc677b53b24a54b63aacd8fc4e81a4da926e5f28?s=96&d=mm&r=g","url":"https:\/\/secure.gravatar.com\/avatar\/176f908138148facd74b7d78fc677b53b24a54b63aacd8fc4e81a4da926e5f28?s=96&d=mm&r=g","contentUrl":"https:\/\/secure.gravatar.com\/avatar\/176f908138148facd74b7d78fc677b53b24a54b63aacd8fc4e81a4da926e5f28?s=96&d=mm&r=g","caption":"Proplo"},"url":"https:\/\/proplo.pl\/blog\/author\/r-marciniak\/"}]}},"_links":{"self":[{"href":"https:\/\/proplo.pl\/blog\/wp-json\/wp\/v2\/posts\/482","targetHints":{"allow":["GET"]}}],"collection":[{"href":"https:\/\/proplo.pl\/blog\/wp-json\/wp\/v2\/posts"}],"about":[{"href":"https:\/\/proplo.pl\/blog\/wp-json\/wp\/v2\/types\/post"}],"author":[{"embeddable":true,"href":"https:\/\/proplo.pl\/blog\/wp-json\/wp\/v2\/users\/3"}],"replies":[{"embeddable":true,"href":"https:\/\/proplo.pl\/blog\/wp-json\/wp\/v2\/comments?post=482"}],"version-history":[{"count":6,"href":"https:\/\/proplo.pl\/blog\/wp-json\/wp\/v2\/posts\/482\/revisions"}],"predecessor-version":[{"id":530,"href":"https:\/\/proplo.pl\/blog\/wp-json\/wp\/v2\/posts\/482\/revisions\/530"}],"wp:featuredmedia":[{"embeddable":true,"href":"https:\/\/proplo.pl\/blog\/wp-json\/wp\/v2\/media\/490"}],"wp:attachment":[{"href":"https:\/\/proplo.pl\/blog\/wp-json\/wp\/v2\/media?parent=482"}],"wp:term":[{"taxonomy":"category","embeddable":true,"href":"https:\/\/proplo.pl\/blog\/wp-json\/wp\/v2\/categories?post=482"},{"taxonomy":"post_tag","embeddable":true,"href":"https:\/\/proplo.pl\/blog\/wp-json\/wp\/v2\/tags?post=482"}],"curies":[{"name":"wp","href":"https:\/\/api.w.org\/{rel}","templated":true}]}}