{"id":442,"date":"2025-02-23T20:57:24","date_gmt":"2025-02-23T20:57:24","guid":{"rendered":"https:\/\/proplo.pl\/blog\/?p=442"},"modified":"2025-04-30T10:20:42","modified_gmt":"2025-04-30T09:20:42","slug":"meble-do-kuchni","status":"publish","type":"post","link":"https:\/\/proplo.pl\/blog\/meble-do-kuchni\/","title":{"rendered":"Meble do kuchni &#8211; jakie meble do kuchni wybra\u0107?"},"content":{"rendered":"<div class=\"you-find-content\">\r\n    <div class=\"container-xl container-wrapper\">\r\n        <div class=\"row design\">\r\n            <div class=\"col-md-12 wrapper \">\r\n                <div class=\"title\"><p>Z tego artyku\u0142u dowiesz si\u0119:<\/p>\n<\/div>\r\n                <div class=\"grid-wrapper\">\r\n                                                        <div class=\"block-list\">\r\n                        <div class=\"number\">\r\n                            1                        <\/div>\r\n                        <div class=\"text\">\r\n                            <p>Jakie meble kuchenne wybra\u0107 \u2013 gotowe zestawy czy na wymiar?<\/p>\n                        <\/div>\r\n                    <\/div>\r\n                                        <div class=\"block-list\">\r\n                        <div class=\"number\">\r\n                            2                        <\/div>\r\n                        <div class=\"text\">\r\n                            <p>Jak dostosowa\u0107 meble kuchenne do wielko\u015bci pomieszczenia?<\/p>\n                        <\/div>\r\n                    <\/div>\r\n                                        <div class=\"block-list\">\r\n                        <div class=\"number\">\r\n                            3                        <\/div>\r\n                        <div class=\"text\">\r\n                            <p>Jaki materia\u0142 na fronty mebli i blat b\u0119dzie najlepszy?<\/p>\n                        <\/div>\r\n                    <\/div>\r\n                                        <div class=\"block-list\">\r\n                        <div class=\"number\">\r\n                            4                        <\/div>\r\n                        <div class=\"text\">\r\n                            <p>Jakie nowoczesne rozwi\u0105zania zwi\u0119kszaj\u0105 funkcjonalno\u015b\u0107 kuchni?<\/p>\n                        <\/div>\r\n                    <\/div>\r\n                                                    <\/div>\r\n            <\/div>\r\n        <\/div>\r\n    <\/div>\r\n<\/div>\n\n\n<p>Jedna z najbardziej nurtuj\u0105cych kwestii przy remontach i planowaniu mieszkania, czyli wyb\u00f3r mebli do kuchni. Jak umiej\u0119tnie zdecydowa\u0107 si\u0119 na meble do ma\u0142ej kuchni? Jak zrobi\u0107 to tanio, a zarazem nowocze\u015bnie? Pomo\u017cemy wam z pomys\u0142em urz\u0105dzi\u0107 gastronomiczne centrum domu!<\/p>\n\n\n\n<h2 class=\"wp-block-heading\">Meble kuchenne \u2013 zestawy czy na wymiar?<\/h2>\n\n\n\n<p>Powiedzieliby\u015bmy, \u017ce decyduj\u0105ce b\u0119d\u0105 dwa czynniki. Je\u015bli macie kuchni\u0119 o niestandardowych wymiarach i klasyczne rozwi\u0105zania mog\u0105 by\u0107 problematyczne, wtedy jednak polecamy zdecydowa\u0107 si\u0119 na meble kuchenne na wymiar i nie bawi\u0107 si\u0119 w przer\u00f3bki. Je\u015bli waszym g\u0142\u00f3wnym czynnikiem wyboru jest ekonomia, w\u00f3wczas te\u017c powinni\u015bcie postawi\u0107 na gotowe zestawy, bo to opcja znacznie ta\u0144sza ni\u017c personalizowane meble na wymiar.<\/p>\n\n\n\n<p>Z gotowych te\u017c powinni\u015bcie by\u0107 zadowoleni, bo wyb\u00f3r jest szeroki i atrakcyjny. Ca\u0142y proces b\u0119dzie znacznie szybszy, bo s\u0105 w zasadzie dost\u0119pne od r\u0119ki i gotowe do monta\u017cu. Zestawy sprawdz\u0105 si\u0119 doskonale przy prostych, klasycznych, standardowych kuchniach.<\/p>\n\n\n\n<p>Je\u015bli jednak chcecie nieco zaszale\u0107 z koncepcj\u0105 albo potrzebujecie nietypowych wymiar\u00f3w mebli, wtedy trzeba poszuka\u0107 opcji przygotowanych specjalnie dla nas. Meble na wymiar pozwol\u0105 nam maksymalnie wykorzysta\u0107 potencja\u0142 pomieszczenia, ale r\u00f3wnie\u017c stworzy\u0107 wymy\u015blne opcje kolorystyczne i materia\u0142owe. Szczeg\u00f3lnie przydadz\u0105 si\u0119 przy artystycznych koncepcjach na kuchni\u0119.<\/p>\n\n\n\n<h3 class=\"wp-block-heading\">Zestawy mebli do kuchni<\/h3>\n\n\n\n<p>Meble kuchenne nawet do zabudowy s\u0105 dost\u0119pne do koloru, do wyboru! Tu akurat nie powinni\u015bmy narzeka\u0107, bo dysponujemy naprawd\u0119 szerokim wachlarzem mo\u017cliwo\u015bci. Najpopularniejsze wybierane zestawy to na przyk\u0142ad kuchnia z wysp\u0105, kt\u00f3ra idealnie nadaje si\u0119 do wi\u0119kszego pomieszczenia lub kuchni \u0142\u0105czonej z salonem. Wtedy zar\u00f3wno zabudowa, jak i sama wyspa \u015bwietnie ze sob\u0105 wsp\u00f3\u0142graj\u0105, tworz\u0105c nam dodatkow\u0105 przestrze\u0144 do przygotowywania jedzenia, ale te\u017c przechowywania produkt\u00f3w.<\/p>\n\n\n\n<p>Kolejny rodzaj to zestawy naro\u017cne, czyli jak sama nazwa wskazuje kuchnia poprowadzona przez dwie \u015bciany i umieszczona w naro\u017cniku. Na pewno da nam to nieco wi\u0119cej mo\u017cliwo\u015bci i przede wszystkim przestrzeni, ni\u017c klasyczna jednorz\u0119dowa kuchnia. To ona jest wybierana najcz\u0119\u015bciej w ma\u0142ych pomieszczaniach, bo to meble ustawione w jednej linii przeznaczone do mniejszych, w\u0105skich kuchni.<\/p>\n\n\n\n<p>Wzory mebli do kuchni, jak i kolory s\u0105 najr\u00f3\u017cniejsze. Wszystko uzale\u017cnione jest od motywu przewodniego. Dla przyk\u0142adu w stylu nowoczesnym stawiamy na minimalistyczne fronty z laminatami, szk\u0142em albo metalem. Klasyk\u0105 gatunku b\u0119d\u0105 fronty z ozdobnymi elementami z drewna lub forniru. Styl skandynawski charakteryzuje si\u0119 jasnymi kolorami i naturalnym drewnem z frontami w kolorze bia\u0142ym, natomiast industrialny bardziej surowymi wyko\u0144czeniami w kolorach szaro\u015bci, br\u0105z\u00f3w lub czerni. Najwa\u017cniejsze to by\u0107 wiernym jednej estetyce lub nie wrzuca\u0107 wszystkiego do jednego garnka, jak ju\u017c przy kuchennej nomenklaturze jeste\u015bmy.<\/p>\n\n\n\n<figure class=\"wp-block-image size-full\"><a href=\"https:\/\/proplo.pl\/profile\/mozayka-nieruchomosci-i-wnetrza\/mieszkanie-prywatne-1132\"><img loading=\"lazy\" decoding=\"async\" width=\"1200\" height=\"800\" src=\"https:\/\/proplo.pl\/blog\/wp-content\/uploads\/2025\/02\/meble-do-kuchni-na-wymiar.png\" alt=\"Wn\u0119trze kuchni w stylu japandi, vintage i wsp\u00f3\u0142czesnym z br\u0105zowymi meblami.\" class=\"wp-image-450\" srcset=\"https:\/\/proplo.pl\/blog\/wp-content\/uploads\/2025\/02\/meble-do-kuchni-na-wymiar.png 1200w, https:\/\/proplo.pl\/blog\/wp-content\/uploads\/2025\/02\/meble-do-kuchni-na-wymiar-300x200.png 300w, https:\/\/proplo.pl\/blog\/wp-content\/uploads\/2025\/02\/meble-do-kuchni-na-wymiar-768x512.png 768w, https:\/\/proplo.pl\/blog\/wp-content\/uploads\/2025\/02\/meble-do-kuchni-na-wymiar-1024x683.png 1024w, https:\/\/proplo.pl\/blog\/wp-content\/uploads\/2025\/02\/meble-do-kuchni-na-wymiar-480x320.png 480w\" sizes=\"auto, (max-width: 1200px) 100vw, 1200px\" \/><\/a><figcaption class=\"wp-element-caption\">Projekt: <a href=\"https:\/\/proplo.pl\/profile\/mozayka-nieruchomosci-i-wnetrza\">MOZAYKA nieruchomo\u015bci i wn\u0119trza<\/a><\/figcaption><\/figure>\n\n\n\n<h3 class=\"wp-block-heading\">Meble do kuchni w zabudowie<\/h3>\n\n\n\n<p>Zacznijmy od tego, czym jest kuchnia do zabudowy, czyli meble kuchenne zintegrowane ze \u015bcianami tak, aby tworzy\u0142y jedn\u0105, sp\u00f3jn\u0105 ca\u0142o\u015b\u0107. Polecamy jak najbardziej takie rozwi\u0105zanie, bo wizualnie to atrakcyjne rozwi\u0105zanie i zarazem korzystamy w pe\u0142ni z dost\u0119pnej przestrzeni. Jakie s\u0105 plusy i minusy?<\/p>\n\n\n\n<p>O estetyce i maksymalnym wykorzystaniu przestrzeni ju\u017c wspominali\u015bmy, ale b\u0119dzie to r\u00f3wnie\u017c sprzyja\u0107 utrzymaniu czysto\u015bci, bo nie b\u0119dzie trzeba z trudem dostawa\u0107 si\u0119 do szczelin mi\u0119dzy meblami a \u015bcian\u0105. Jest to opcja wybierana wyj\u0105tkowo cz\u0119sto. Minusem b\u0119dzie za to mniejsza swoboda w zmianach w przysz\u0142o\u015bci, bo je\u015bli dana koncepcja nam si\u0119 zmieni czy znudzi, trudniej b\u0119dzie wprowadza\u0107 modyfikacje w kuchni w zabudowie. Ma ono to do siebie, \u017ce jest r\u00f3wnie\u017c dro\u017csza, ni\u017c meble wolnostoj\u0105ce i potrzebuj\u0105 dodatkowych front\u00f3w.<\/p>\n\n\n\n<h2 class=\"wp-block-heading\">Fronty mebli kuchennych &#8211; Mdf, szk\u0142o albo drewno<\/h2>\n\n\n\n<p>W\u0142a\u015bnie w sporej mierze od wyboru front\u00f3w kuchennych b\u0119dzie zale\u017ce\u0107 ca\u0142a estetyka naszej kuchni. MDF&nbsp;to p\u0142yta pil\u015bniowa \u015bredniej g\u0119sto\u015bci z w\u0142\u00f3kien drzewnych, z niej bardzo cz\u0119sto produkuje si\u0119 meble, bo to dobry, tani i popularny zamiennik prawdziwego drewna.&nbsp;<\/p>\n\n\n\n<p>Warto si\u0119 skusi\u0107 na to rozwi\u0105zanie, bo nie przep\u0142acimy, a wizualnie otrzymamy podobny efekt. To do\u015b\u0107 odporny materia\u0142, ale te\u017c bardzo elastyczny w kwestii zmian \u2013 mo\u017cemy go okleja\u0107, pokrywa\u0107 laminatem, foli\u0105 czy farb\u0105, co daje gigantyczne mo\u017cliwo\u015b\u0107 na rotowanie estetyk\u0105, gdy znudzi nam si\u0119 dotychczasowy wygl\u0105d kuchni. To ekonomiczne i polecane rozwi\u0105zanie, chocia\u017c nigdy nie b\u0119dzie prawdziwym drewnem<sup data-fn=\"7d4b2af0-06d5-4c1c-a44a-f4c5f2ee82c5\" class=\"fn\"><a id=\"7d4b2af0-06d5-4c1c-a44a-f4c5f2ee82c5-link\" href=\"#7d4b2af0-06d5-4c1c-a44a-f4c5f2ee82c5\">1<\/a><\/sup>. Przede wszystkim nale\u017cy uwa\u017ca\u0107, bo MDF nie jest odporne na wilgo\u0107 i pod wp\u0142ywem wody mo\u017ce puchn\u0105\u0107.<\/p>\n\n\n\n<p>Inne rozwi\u0105zania to szk\u0142o czy w\u0142a\u015bnie wspomniane drewno. Nie musimy wspomina\u0107, \u017ce to drugie jest najbardziej szlachetne i daje zdecydowanie najlepsze efekty, lecz za wszystkim idzie cena wykonania. To naturalny, pi\u0119kny, widowiskowy, elegancki materia\u0142, lecz oczywi\u015bcie te\u017c wymagaj\u0105cy regularnej piel\u0119gnacji. Osoby ceni\u0105ce sobie naturalno\u015b\u0107 i jako\u015b\u0107 wyko\u0144czenia zdecydowanie powinny rozwa\u017cy\u0107 drewniane fronty.<\/p>\n\n\n\n<p>Samo szk\u0142o to opcja pasuj\u0105ca do nowoczesnych i eleganckich kuchni. Optycznie j\u0105 powi\u0119kszy, b\u0119dzie odporna na zabrudzenia i \u0142atwa w utrzymaniu czysto\u015bci, do tego nie trzeba si\u0119 przejmowa\u0107 wch\u0142anianiem wody. Sam wyb\u00f3r szk\u0142a te\u017c jest szeroki, bo mo\u017cecie postawi\u0107 na matowe fronty, przezroczyste albo kolorowe. Trzeba jednak mie\u0107 na uwadze, \u017ce to rozwi\u0105zanie dro\u017csze ni\u017c MDF, a do tego podatne na uszkodzenia mechaniczne. Szukaj\u0105c ekonomii, najwi\u0119cej os\u00f3b decyduje si\u0119 na to pierwsze rozwi\u0105zanie, czyli p\u0142yt\u0119 pil\u015bniow\u0105.<\/p>\n\n\n\n<figure class=\"wp-block-image size-full\"><a href=\"https:\/\/proplo.pl\/profile\/june-project\/portfolio-677\"><img loading=\"lazy\" decoding=\"async\" width=\"1200\" height=\"800\" src=\"https:\/\/proplo.pl\/blog\/wp-content\/uploads\/2025\/02\/Fronty-mebli-kuchennych.png\" alt=\"Nowoczesna kuchnia z jasnymi meblami i szarym blatem, styl minimalistyczny.\" class=\"wp-image-451\" srcset=\"https:\/\/proplo.pl\/blog\/wp-content\/uploads\/2025\/02\/Fronty-mebli-kuchennych.png 1200w, https:\/\/proplo.pl\/blog\/wp-content\/uploads\/2025\/02\/Fronty-mebli-kuchennych-300x200.png 300w, https:\/\/proplo.pl\/blog\/wp-content\/uploads\/2025\/02\/Fronty-mebli-kuchennych-768x512.png 768w, https:\/\/proplo.pl\/blog\/wp-content\/uploads\/2025\/02\/Fronty-mebli-kuchennych-1024x683.png 1024w, https:\/\/proplo.pl\/blog\/wp-content\/uploads\/2025\/02\/Fronty-mebli-kuchennych-480x320.png 480w\" sizes=\"auto, (max-width: 1200px) 100vw, 1200px\" \/><\/a><figcaption class=\"wp-element-caption\">Projekt: <a href=\"https:\/\/proplo.pl\/profile\/june-project\">June Project<\/a><\/figcaption><\/figure>\n\n\n\n<h2 class=\"wp-block-heading\">Wielko\u015b\u0107 kuchni a wyb\u00f3r mebli kuchennych<\/h2>\n\n\n\n<p>Opr\u00f3cz ekonomii, pewnie te\u017c b\u0119dziemy rozwa\u017cali opcje dostosowane pod metra\u017c naszej jadalni i dost\u0119pn\u0105 przestrze\u0144. Inaczej sprawdzaj\u0105 si\u0119 przecie\u017c jednorz\u0119dowe kuchnie w niewielkim pomieszczeniu, a inaczej zaawansowane konstrukcje. Nie ma co przesadzi\u0107, aby te\u017c zachowa\u0107 komfort funkcjonowania w kuchni. Pozwoli\u0107 sobie na swobodne gotowanie, a jednocze\u015bnie rozmowy z bliskimi, kt\u00f3rzy nie zawsze chc\u0105 pom\u00f3c w kuchennych rewolucjach.<\/p>\n\n\n\n<h3 class=\"wp-block-heading\">Meble do ma\u0142ej kuchni<\/h3>\n\n\n\n<p>Jakie rozwi\u0105zania sprawdz\u0105 si\u0119, gdy jeste\u015bmy ograniczeni metra\u017cem kuchni? Przede wszystkim meble na wymiar, bo pozwol\u0105 nam wykorzysta\u0107 skutecznie ka\u017cdy centymetr dost\u0119pnej przestrzeni. To zdecydowanie rekomendowana opcja, aby wycisn\u0105\u0107 wszystko, co si\u0119 da z tego miejsca.&nbsp;<\/p>\n\n\n\n<p>Na pewno jasne i minimalistyczne meble sprawdz\u0105 si\u0119 lepiej, kiedy brakuje miejsca, tak samo jak tzw. opcje 2 w 1, czyli chocia\u017cby zamontowanie sprz\u0119t\u00f3w wewn\u0105trz szafki czy zlewozmywaka wbudowanego w blat.&nbsp;<\/p>\n\n\n\n<p>W tej konfiguracji musimy my\u015ble\u0107 o praktycznych rozwi\u0105zaniach, czyli na przyk\u0142ad podwieszanych&nbsp; szafkach si\u0119gaj\u0105cych do sufitu, aby pionowo skorzysta\u0107 z dost\u0119pnej przestrzeni. Warto r\u00f3wnie\u017c pomy\u015ble\u0107 o naro\u017cnych szafkach z obrotowymi p\u00f3\u0142kami, bo one pozwol\u0105 nam wyrwa\u0107 nieco wi\u0119cej przestrzeni i schowa\u0107 tam wi\u0119cej akcesori\u00f3w kuchennych.<\/p>\n\n\n\n<p>Musimy m\u0105drze gospodarowa\u0107 przestrzeni\u0105, dlatego lepiej pomy\u015ble\u0107 te\u017c o sprz\u0119tach AGD o nieco mniejszych gabarytach. Mo\u017ce niekoniecznie kupowa\u0107 najwi\u0119ksz\u0105 lod\u00f3wk\u0119 czy zmywark\u0119, tylko postawi\u0107 na nieco w\u0119\u017csze modele. W du\u017cym skr\u00f3cie mo\u017cna zastosowa\u0107 si\u0119 do zasady mebli wysokich, lecz w\u0105skich. To one najefektywniej pozwol\u0105 nam wykorzysta\u0107 specyfik\u0119 ma\u0142ej kuchni.<\/p>\n\n\n\n<figure class=\"wp-block-image size-full\"><a href=\"https:\/\/proplo.pl\/profile\/jlw-studio\/mid-century-modern-w-srodmiejskiej-kamienicy-549\"><img loading=\"lazy\" decoding=\"async\" width=\"1200\" height=\"800\" src=\"https:\/\/proplo.pl\/blog\/wp-content\/uploads\/2025\/02\/meble-do-malej-kuchni.png\" alt=\"Kuchnia w stylu eklektycznym z drewnem, bia\u0142ymi meblami i ro\u015blinami.\" class=\"wp-image-452\" srcset=\"https:\/\/proplo.pl\/blog\/wp-content\/uploads\/2025\/02\/meble-do-malej-kuchni.png 1200w, https:\/\/proplo.pl\/blog\/wp-content\/uploads\/2025\/02\/meble-do-malej-kuchni-300x200.png 300w, https:\/\/proplo.pl\/blog\/wp-content\/uploads\/2025\/02\/meble-do-malej-kuchni-768x512.png 768w, https:\/\/proplo.pl\/blog\/wp-content\/uploads\/2025\/02\/meble-do-malej-kuchni-1024x683.png 1024w, https:\/\/proplo.pl\/blog\/wp-content\/uploads\/2025\/02\/meble-do-malej-kuchni-480x320.png 480w\" sizes=\"auto, (max-width: 1200px) 100vw, 1200px\" \/><\/a><figcaption class=\"wp-element-caption\">Projekt: <a href=\"https:\/\/proplo.pl\/profile\/jlw-studio\">jlw studio<\/a><\/figcaption><\/figure>\n\n\n\n<h3 class=\"wp-block-heading\">Meble kuchenne do du\u017cej kuchni<\/h3>\n\n\n\n<p>Tu oczywi\u015bcie komfort wyboru jest znacznie wi\u0119kszy, ale te\u017c wyposa\u017cenie du\u017cej kuchni ma swoje okre\u015blone zasady i warto przeprowadzi\u0107 je z g\u0142ow\u0105. Tutaj zdecydowanie mo\u017cemy pozwoli\u0107 sobie na modn\u0105 i atrakcyjn\u0105 wysp\u0119 kuchenn\u0105, kt\u00f3ra pos\u0142u\u017cy nam za dodatkowy blat, a nawet miejsce spotka\u0144.&nbsp;<\/p>\n\n\n\n<p>Absolutnie nie musimy si\u0119 te\u017c ba\u0107 ciemniejszych kolor\u00f3w, bo nie powinny przyt\u0142oczy\u0107 du\u017cej kuchni, dlatego zdecydowanie warto pomy\u015ble\u0107 o granatowej czy grafitowej zabudowie. Ciemne drewno te\u017c jest widowiskowym rozwi\u0105zaniem, na kt\u00f3re nie wszyscy mog\u0105 sobie pozwoli\u0107, a jednak robi piorunuj\u0105ce wra\u017cenie.<\/p>\n\n\n\n<p>Wszystkie nasze wybory mog\u0105 by\u0107 wi\u0119ksze, ale nadal mo\u017cemy skrupulatnie wykorzystywa\u0107 przestrze\u0144 a\u017c do sufitu. Wysokie szafki i du\u017ce szuflady, otwarte p\u00f3\u0142ki czy nawet szklane fronty, kt\u00f3re pozwol\u0105 lepiej eksponowa\u0107 dekoracje \u2013&nbsp;\u015bmia\u0142o warto inwestowa\u0107 we wszystkie te rozwi\u0105zania.<\/p>\n\n\n\n<p>Wa\u017cne, aby umiej\u0119tnie podzieli\u0107 na strefy kuchni\u0119 \u2013 na stref\u0119 gotowania, stref\u0119 jadalni, r\u00f3wnie\u017c stref\u0119 przechowywania jedzenia. Wi\u0119ksza przestrze\u0144 oznacza tak\u017ce wi\u0119ksz\u0105 odpowiedzialno\u015b\u0107 za organizacj\u0119. To te\u017c potencja\u0142, aby wydzieli\u0107 znacz\u0105c\u0105 spi\u017carni\u0119 i kolekcjonowa\u0107 tam wi\u0119cej produkt\u00f3w. Nasze fanaberie mog\u0105 si\u0119 zi\u015bci\u0107, wi\u0119c je\u017celi marzymy o dodatkowym stoliku kawowym, du\u017cym ekspresie albo piekarniku z funkcj\u0105 pary, jak najbardziej inwestujmy w te zachcianki.<\/p>\n\n\n\n<h2 class=\"wp-block-heading\">Nowoczesne meble do kuchni<\/h2>\n\n\n\n<p>Kluczem przy wyborze nowoczesnych mebli jest po\u0142\u0105czenie trzech element\u00f3w: minimalistycznego designu, wysokiej jako\u015bci produkt\u00f3w, a tak\u017ce ich praktyczno\u015bci oraz funkcjonalno\u015bci. Nie musz\u0105 do nas krzycze\u0107 ani rzuca\u0107 si\u0119 w oczy, wystarczy, \u017ce b\u0119d\u0105 eleganckie i spe\u0142nia\u0107 wszystkie swoje funkcje.<\/p>\n\n\n\n<h2 class=\"wp-block-heading\">Funkcjonalne meble do kuchni<\/h2>\n\n\n\n<p>Finalnie po czasie najbardziej b\u0119dziemy ocenia\u0107 w\u0142a\u015bnie funkcjonalno\u015b\u0107 wybranych przez nas mebli, dlatego tutaj powinni\u015bmy po\u015bwi\u0119ci\u0107 szczeg\u00f3ln\u0105 uwag\u0119. Jednym z kluczowych element\u00f3w jest to, ile przestrzeni b\u0119dziemy mieli do wykorzystania i przechowywania produkt\u00f3w. Warto zadba\u0107 o wysuwane szuflady z organizatorami na sztu\u0107ce i naczynia, kosz na odpady z podzia\u0142em na segregacj\u0119, a tak\u017ce szafki naro\u017cne z tzw. systemem \u201emagiczny k\u0105t\u201d.<\/p>\n\n\n\n<p>Wybieraj\u0105c blat, zwr\u00f3\u0107cie uwag\u0119 na to, jak mo\u017ce wygl\u0105da\u0107 za kilka lat. Tanie imitacje drewna s\u0105 \u0142atwo podatne na wilgo\u0107 i wsi\u0105kanie wody, wi\u0119c istnieje du\u017ce prawdopodobie\u0144stwo, \u017ce b\u0119d\u0105 si\u0119 wybrzusza\u0107 i odkszta\u0142ca\u0107. Pami\u0119tajcie r\u00f3wnie\u017c, \u017ce gorsze materia\u0142y o wiele \u0142atwiej unikn\u0105 zniszczeniu pod wp\u0142ywem ci\u0119\u0107 no\u017ca czy uderze\u0144. Dlatego cho\u0107by warto rozwa\u017cy\u0107 laminaty odporne na wysokie temperatury i zarysowania.<\/p>\n\n\n\n<p>Z kilku ciekawych rozwi\u0105za\u0144 polecamy szafki z otwieraniem na dotyk, zintegrowan\u0105 z blatem p\u0142yt\u0119 indukcyjn\u0105 czy chocia\u017cby o\u015bwietlenie LED w szafkach lub skierowane strefowo na blat.<\/p>\n\n\n\n<figure class=\"wp-block-image size-full\"><a href=\"https:\/\/proplo.pl\/profile\/artis-kuchnie-black-red-white\/kuchnia-i-szafa-apartament-wisla-509\"><img loading=\"lazy\" decoding=\"async\" width=\"1200\" height=\"800\" src=\"https:\/\/proplo.pl\/blog\/wp-content\/uploads\/2025\/02\/funkcjonalne-meble-do-kuchni.png\" alt=\"Wsp\u00f3\u0142czesna kuchnia z szarymi meblami i drewnianym blatem, z nowoczesnym o\u015bwietleniem.\" class=\"wp-image-453\" srcset=\"https:\/\/proplo.pl\/blog\/wp-content\/uploads\/2025\/02\/funkcjonalne-meble-do-kuchni.png 1200w, https:\/\/proplo.pl\/blog\/wp-content\/uploads\/2025\/02\/funkcjonalne-meble-do-kuchni-300x200.png 300w, https:\/\/proplo.pl\/blog\/wp-content\/uploads\/2025\/02\/funkcjonalne-meble-do-kuchni-768x512.png 768w, https:\/\/proplo.pl\/blog\/wp-content\/uploads\/2025\/02\/funkcjonalne-meble-do-kuchni-1024x683.png 1024w, https:\/\/proplo.pl\/blog\/wp-content\/uploads\/2025\/02\/funkcjonalne-meble-do-kuchni-480x320.png 480w\" sizes=\"auto, (max-width: 1200px) 100vw, 1200px\" \/><\/a><figcaption class=\"wp-element-caption\">Projekt: <a href=\"https:\/\/proplo.pl\/profile\/artis-kuchnie-black-red-white\">Artis Kuchnie Black Red White<\/a><\/figcaption><\/figure>\n\n\n\n<h2 class=\"wp-block-heading\">Meble kuchenne matowe czy z po\u0142yskiem?<\/h2>\n\n\n\n<p>Wszystko zale\u017cy od efektu, na jakim nam zale\u017cy. Fronty matowe sprawdz\u0105 si\u0119 przy minimalistycznym wygl\u0105dzie i pomog\u0105 nam w utrzymaniu czysto\u015bci, natomiast fronty z po\u0142yskiem pomog\u0105 uczyni\u0107 kuchni\u0119 znacznie bardziej \u017cyw\u0105, dynamiczn\u0105 oraz nowoczesn\u0105.<\/p>\n\n\n\n<p>Te pierwsze b\u0119d\u0105 mia\u0142y w sobie nieco mniej \u017cycia, ale za to matowe nie s\u0105 tak nara\u017cone na zabrudzenia czy \u015blady plac\u00f3w. Minimalistyczne oraz skandynawskie aran\u017cacje zdecydowanie polubi\u0105 si\u0119 z matowymi kuchniami przez ich elegancki wygl\u0105d.<\/p>\n\n\n\n<p>W kwestii kuchni z po\u0142yskiem trzeba znacznie bardziej si\u0119 napracowa\u0107, aby utrzyma\u0107 ich estetyk\u0119 oraz czysto\u015b\u0107. Chocia\u017cby \u015blady palc\u00f3w pozostaj\u0105 w tym przypadku znacznie cz\u0119\u015bciej. To jednak rozwi\u0105zania sprawdzaj\u0105 si\u0119 w kuchniach glamour i sprawiaj\u0105ce, \u017ce nasza jadalnia b\u0119dzie mia\u0142a w sobie znacznie wi\u0119cej energii.<\/p>\n\n\n\n<figure class=\"wp-block-image size-full\"><a href=\"https:\/\/proplo.pl\/profile\/nuuvo-studio\/kt2-716\"><img loading=\"lazy\" decoding=\"async\" width=\"1200\" height=\"800\" src=\"https:\/\/proplo.pl\/blog\/wp-content\/uploads\/2025\/02\/nowoczesne-meble-do-kuchni-w-kolorze-niebieskim.png\" alt=\"Wn\u0119trze kuchni z granatowymi meblami, czarnym blatem i nowoczesnymi lampami\" class=\"wp-image-454\" srcset=\"https:\/\/proplo.pl\/blog\/wp-content\/uploads\/2025\/02\/nowoczesne-meble-do-kuchni-w-kolorze-niebieskim.png 1200w, https:\/\/proplo.pl\/blog\/wp-content\/uploads\/2025\/02\/nowoczesne-meble-do-kuchni-w-kolorze-niebieskim-300x200.png 300w, https:\/\/proplo.pl\/blog\/wp-content\/uploads\/2025\/02\/nowoczesne-meble-do-kuchni-w-kolorze-niebieskim-768x512.png 768w, https:\/\/proplo.pl\/blog\/wp-content\/uploads\/2025\/02\/nowoczesne-meble-do-kuchni-w-kolorze-niebieskim-1024x683.png 1024w, https:\/\/proplo.pl\/blog\/wp-content\/uploads\/2025\/02\/nowoczesne-meble-do-kuchni-w-kolorze-niebieskim-480x320.png 480w\" sizes=\"auto, (max-width: 1200px) 100vw, 1200px\" \/><\/a><figcaption class=\"wp-element-caption\">Projekt: <a href=\"https:\/\/proplo.pl\/profile\/nuuvo-studio\">NUUVO Studio<\/a><\/figcaption><\/figure>\n\n\n\n<h2 class=\"wp-block-heading\">Idealne Meble do Kuchni \u2013 Jak Po\u0142\u0105czy\u0107 Styl, Funkcjonalno\u015b\u0107 i Bud\u017cet?<\/h2>\n\n\n\n<p>Wyb\u00f3r mebli do kuchni to jedna z kluczowych decyzji podczas aran\u017cacji wn\u0119trza. Przede wszystkim nale\u017cy zdecydowa\u0107, czy postawi\u0107 na gotowe zestawy, kt\u00f3re s\u0105 ta\u0144sze i szybkie w monta\u017cu, czy na meble na wymiar, kt\u00f3re pozwalaj\u0105 maksymalnie wykorzysta\u0107 przestrze\u0144 i dopasowa\u0107 kuchni\u0119 do indywidualnych potrzeb. Istotnym czynnikiem jest r\u00f3wnie\u017c wielko\u015b\u0107 pomieszczenia \u2013 w ma\u0142ych kuchniach najlepiej sprawdz\u0105 si\u0119 jasne, kompaktowe meble oraz inteligentne rozwi\u0105zania, takie jak szafki si\u0119gaj\u0105ce sufitu czy sprz\u0119ty o mniejszych gabarytach. W du\u017cych kuchniach mo\u017cna pozwoli\u0107 sobie na wysp\u0119 kuchenn\u0105, ciemniejsze kolory oraz wi\u0119ksze powierzchnie przechowywania.<\/p>\n\n\n\n<p>Kolejn\u0105 istotn\u0105 kwesti\u0105 jest wyb\u00f3r odpowiednich materia\u0142\u00f3w. Popularne fronty z MDF to ekonomiczna opcja, kt\u00f3ra umo\u017cliwia r\u00f3\u017cnorodne wyko\u0144czenia, jednak nie jest tak trwa\u0142a jak drewno. Drewniane meble s\u0105 eleganckie i d\u0142ugowieczne, ale wymagaj\u0105 wi\u0119kszej piel\u0119gnacji. Szk\u0142o to nowoczesny wyb\u00f3r, kt\u00f3ry optycznie powi\u0119ksza przestrze\u0144, cho\u0107 jest dro\u017csze i bardziej podatne na uszkodzenia. Przy wyborze blatu warto zwr\u00f3ci\u0107 uwag\u0119 na odporno\u015b\u0107 na wilgo\u0107 i zarysowania, aby zapewni\u0107 trwa\u0142o\u015b\u0107 i estetyczny wygl\u0105d na d\u0142ugie lata.<\/p>\n\n\n\n<p>Nie mo\u017cna r\u00f3wnie\u017c zapomina\u0107 o kwestii funkcjonalno\u015bci. Nowoczesne rozwi\u0105zania, takie jak systemy cichego domykania, wysuwane organizery czy o\u015bwietlenie LED w szafkach, znacz\u0105co poprawiaj\u0105 komfort u\u017cytkowania kuchni. Decyduj\u0105c si\u0119 na fronty matowe, zyskujemy elegancki, minimalistyczny wygl\u0105d oraz \u0142atwiejsze utrzymanie czysto\u015bci, podczas gdy fronty z po\u0142yskiem wprowadzaj\u0105 do wn\u0119trza wi\u0119cej dynamiki i \u015bwiat\u0142a. Ostateczny wyb\u00f3r powinien uwzgl\u0119dnia\u0107 zar\u00f3wno walory estetyczne, jak i praktyczne potrzeby domownik\u00f3w, aby kuchnia by\u0142a nie tylko pi\u0119kna, ale przede wszystkim wygodna w codziennym u\u017cytkowaniu.<\/p>\n\n\n\n<hr class=\"wp-block-separator has-alpha-channel-opacity\"\/>\n\n\n\n<p><strong>\u0179r\u00f3d\u0142a:<\/strong><\/p>\n\n\n<ol class=\"wp-block-footnotes\"><li id=\"7d4b2af0-06d5-4c1c-a44a-f4c5f2ee82c5\"><a href=\"https:\/\/www.researchgate.net\/publication\/282923323_Wood_and_human_stress_in_the_built_indoor_environment_a_review\">https:\/\/www.researchgate.net\/publication\/282923323_Wood_and_human_stress_in_the_built_indoor_environment_a_review<\/a> <a href=\"#7d4b2af0-06d5-4c1c-a44a-f4c5f2ee82c5-link\" aria-label=\"Przejd\u017a do przypisu 1\">\u21a9\ufe0e<\/a><\/li><\/ol>","protected":false},"excerpt":{"rendered":"<p>Kilka sprytnych sposob\u00f3w sprawi, \u017ce metamorfoza kuchni wcale nie musi by\u0107 kosztowna ani czasoch\u0142onna.<\/p>\n","protected":false},"author":3,"featured_media":447,"comment_status":"closed","ping_status":"closed","sticky":false,"template":"","format":"standard","meta":{"footnotes":"[{\"content\":\"<a href=\\\"https:\/\/www.researchgate.net\/publication\/282923323_Wood_and_human_stress_in_the_built_indoor_environment_a_review\\\">https:\/\/www.researchgate.net\/publication\/282923323_Wood_and_human_stress_in_the_built_indoor_environment_a_review<\/a>\",\"id\":\"7d4b2af0-06d5-4c1c-a44a-f4c5f2ee82c5\"}]"},"categories":[9],"tags":[],"class_list":["post-442","post","type-post","status-publish","format-standard","has-post-thumbnail","hentry","category-kuchnia"],"acf":[],"yoast_head":"<!-- This site is optimized with the Yoast SEO plugin v27.5 - https:\/\/yoast.com\/product\/yoast-seo-wordpress\/ -->\n<title>Meble do kuchni - Jakie meble do kuchni wybra\u0107? - Proplo<\/title>\n<meta name=\"description\" content=\"Meble do kuchni do zabudowy i na wymiar. Nowoczesne meble naro\u017cnikowe, modu\u0142owe, drewniane \u2013 jakie meble wybra\u0107 do ma\u0142ej kuchni?\" \/>\n<meta name=\"robots\" content=\"index, follow, max-snippet:-1, max-image-preview:large, max-video-preview:-1\" \/>\n<link rel=\"canonical\" href=\"https:\/\/proplo.pl\/blog\/meble-do-kuchni\/\" \/>\n<meta property=\"og:locale\" content=\"pl_PL\" \/>\n<meta property=\"og:type\" content=\"article\" \/>\n<meta property=\"og:title\" content=\"Meble do kuchni - Jakie meble do kuchni wybra\u0107? - Proplo\" \/>\n<meta property=\"og:description\" content=\"Meble do kuchni do zabudowy i na wymiar. Nowoczesne meble naro\u017cnikowe, modu\u0142owe, drewniane \u2013 jakie meble wybra\u0107 do ma\u0142ej kuchni?\" \/>\n<meta property=\"og:url\" content=\"https:\/\/proplo.pl\/blog\/meble-do-kuchni\/\" \/>\n<meta property=\"og:site_name\" content=\"Poradnik wn\u0119trzarski - Proplo\" \/>\n<meta property=\"article:published_time\" content=\"2025-02-23T20:57:24+00:00\" \/>\n<meta property=\"article:modified_time\" content=\"2025-04-30T09:20:42+00:00\" \/>\n<meta property=\"og:image\" content=\"https:\/\/proplo.pl\/blog\/wp-content\/uploads\/2025\/02\/meble-do-kuchni.png\" \/>\n\t<meta property=\"og:image:width\" content=\"1200\" \/>\n\t<meta property=\"og:image:height\" content=\"800\" \/>\n\t<meta property=\"og:image:type\" content=\"image\/png\" \/>\n<meta name=\"author\" content=\"Proplo\" \/>\n<meta name=\"twitter:card\" content=\"summary_large_image\" \/>\n<meta name=\"twitter:label1\" content=\"Napisane przez\" \/>\n\t<meta name=\"twitter:data1\" content=\"Proplo\" \/>\n\t<meta name=\"twitter:label2\" content=\"Szacowany czas czytania\" \/>\n\t<meta name=\"twitter:data2\" content=\"12 minut\" \/>\n<script type=\"application\/ld+json\" class=\"yoast-schema-graph\">{\"@context\":\"https:\\\/\\\/schema.org\",\"@graph\":[{\"@type\":\"Article\",\"@id\":\"https:\\\/\\\/proplo.pl\\\/blog\\\/meble-do-kuchni\\\/#article\",\"isPartOf\":{\"@id\":\"https:\\\/\\\/proplo.pl\\\/blog\\\/meble-do-kuchni\\\/\"},\"author\":{\"name\":\"Proplo\",\"@id\":\"https:\\\/\\\/proplo.pl\\\/blog\\\/#\\\/schema\\\/person\\\/c13af99097d24e9fc2b86b838c0fd0e1\"},\"headline\":\"Meble do kuchni &#8211; jakie meble do kuchni wybra\u0107?\",\"datePublished\":\"2025-02-23T20:57:24+00:00\",\"dateModified\":\"2025-04-30T09:20:42+00:00\",\"mainEntityOfPage\":{\"@id\":\"https:\\\/\\\/proplo.pl\\\/blog\\\/meble-do-kuchni\\\/\"},\"wordCount\":2132,\"image\":{\"@id\":\"https:\\\/\\\/proplo.pl\\\/blog\\\/meble-do-kuchni\\\/#primaryimage\"},\"thumbnailUrl\":\"https:\\\/\\\/proplo.pl\\\/blog\\\/wp-content\\\/uploads\\\/2025\\\/02\\\/meble-do-kuchni.png\",\"articleSection\":[\"Kuchnia\"],\"inLanguage\":\"pl-PL\"},{\"@type\":\"WebPage\",\"@id\":\"https:\\\/\\\/proplo.pl\\\/blog\\\/meble-do-kuchni\\\/\",\"url\":\"https:\\\/\\\/proplo.pl\\\/blog\\\/meble-do-kuchni\\\/\",\"name\":\"Meble do kuchni - Jakie meble do kuchni wybra\u0107? - Proplo\",\"isPartOf\":{\"@id\":\"https:\\\/\\\/proplo.pl\\\/blog\\\/#website\"},\"primaryImageOfPage\":{\"@id\":\"https:\\\/\\\/proplo.pl\\\/blog\\\/meble-do-kuchni\\\/#primaryimage\"},\"image\":{\"@id\":\"https:\\\/\\\/proplo.pl\\\/blog\\\/meble-do-kuchni\\\/#primaryimage\"},\"thumbnailUrl\":\"https:\\\/\\\/proplo.pl\\\/blog\\\/wp-content\\\/uploads\\\/2025\\\/02\\\/meble-do-kuchni.png\",\"datePublished\":\"2025-02-23T20:57:24+00:00\",\"dateModified\":\"2025-04-30T09:20:42+00:00\",\"author\":{\"@id\":\"https:\\\/\\\/proplo.pl\\\/blog\\\/#\\\/schema\\\/person\\\/c13af99097d24e9fc2b86b838c0fd0e1\"},\"description\":\"Meble do kuchni do zabudowy i na wymiar. Nowoczesne meble naro\u017cnikowe, modu\u0142owe, drewniane \u2013 jakie meble wybra\u0107 do ma\u0142ej kuchni?\",\"breadcrumb\":{\"@id\":\"https:\\\/\\\/proplo.pl\\\/blog\\\/meble-do-kuchni\\\/#breadcrumb\"},\"inLanguage\":\"pl-PL\",\"potentialAction\":[{\"@type\":\"ReadAction\",\"target\":[\"https:\\\/\\\/proplo.pl\\\/blog\\\/meble-do-kuchni\\\/\"]}]},{\"@type\":\"ImageObject\",\"inLanguage\":\"pl-PL\",\"@id\":\"https:\\\/\\\/proplo.pl\\\/blog\\\/meble-do-kuchni\\\/#primaryimage\",\"url\":\"https:\\\/\\\/proplo.pl\\\/blog\\\/wp-content\\\/uploads\\\/2025\\\/02\\\/meble-do-kuchni.png\",\"contentUrl\":\"https:\\\/\\\/proplo.pl\\\/blog\\\/wp-content\\\/uploads\\\/2025\\\/02\\\/meble-do-kuchni.png\",\"width\":1200,\"height\":800,\"caption\":\"Wn\u0119trze kuchni z niebiesk\u0105 wysp\u0105, drewnianymi szafkami i minimalistycznym stylem.\"},{\"@type\":\"BreadcrumbList\",\"@id\":\"https:\\\/\\\/proplo.pl\\\/blog\\\/meble-do-kuchni\\\/#breadcrumb\",\"itemListElement\":[{\"@type\":\"ListItem\",\"position\":1,\"name\":\"Proplo\",\"item\":\"https:\\\/\\\/proplo.pl\"},{\"@type\":\"ListItem\",\"position\":2,\"name\":\"Poradnik wn\u0119trzarski\",\"item\":\"https:\\\/\\\/proplo.pl\\\/blog\\\/\"},{\"@type\":\"ListItem\",\"position\":3,\"name\":\"Meble do kuchni &#8211; jakie meble do kuchni wybra\u0107?\"}]},{\"@type\":\"WebSite\",\"@id\":\"https:\\\/\\\/proplo.pl\\\/blog\\\/#website\",\"url\":\"https:\\\/\\\/proplo.pl\\\/blog\\\/\",\"name\":\"Blog Proplo\",\"description\":\"\",\"potentialAction\":[{\"@type\":\"SearchAction\",\"target\":{\"@type\":\"EntryPoint\",\"urlTemplate\":\"https:\\\/\\\/proplo.pl\\\/blog\\\/?s={search_term_string}\"},\"query-input\":{\"@type\":\"PropertyValueSpecification\",\"valueRequired\":true,\"valueName\":\"search_term_string\"}}],\"inLanguage\":\"pl-PL\"},{\"@type\":\"Person\",\"@id\":\"https:\\\/\\\/proplo.pl\\\/blog\\\/#\\\/schema\\\/person\\\/c13af99097d24e9fc2b86b838c0fd0e1\",\"name\":\"Proplo\",\"image\":{\"@type\":\"ImageObject\",\"inLanguage\":\"pl-PL\",\"@id\":\"https:\\\/\\\/secure.gravatar.com\\\/avatar\\\/176f908138148facd74b7d78fc677b53b24a54b63aacd8fc4e81a4da926e5f28?s=96&d=mm&r=g\",\"url\":\"https:\\\/\\\/secure.gravatar.com\\\/avatar\\\/176f908138148facd74b7d78fc677b53b24a54b63aacd8fc4e81a4da926e5f28?s=96&d=mm&r=g\",\"contentUrl\":\"https:\\\/\\\/secure.gravatar.com\\\/avatar\\\/176f908138148facd74b7d78fc677b53b24a54b63aacd8fc4e81a4da926e5f28?s=96&d=mm&r=g\",\"caption\":\"Proplo\"},\"url\":\"https:\\\/\\\/proplo.pl\\\/blog\\\/author\\\/r-marciniak\\\/\"}]}<\/script>\n<!-- \/ Yoast SEO plugin. -->","yoast_head_json":{"title":"Meble do kuchni - Jakie meble do kuchni wybra\u0107? - Proplo","description":"Meble do kuchni do zabudowy i na wymiar. Nowoczesne meble naro\u017cnikowe, modu\u0142owe, drewniane \u2013 jakie meble wybra\u0107 do ma\u0142ej kuchni?","robots":{"index":"index","follow":"follow","max-snippet":"max-snippet:-1","max-image-preview":"max-image-preview:large","max-video-preview":"max-video-preview:-1"},"canonical":"https:\/\/proplo.pl\/blog\/meble-do-kuchni\/","og_locale":"pl_PL","og_type":"article","og_title":"Meble do kuchni - Jakie meble do kuchni wybra\u0107? - Proplo","og_description":"Meble do kuchni do zabudowy i na wymiar. Nowoczesne meble naro\u017cnikowe, modu\u0142owe, drewniane \u2013 jakie meble wybra\u0107 do ma\u0142ej kuchni?","og_url":"https:\/\/proplo.pl\/blog\/meble-do-kuchni\/","og_site_name":"Poradnik wn\u0119trzarski - Proplo","article_published_time":"2025-02-23T20:57:24+00:00","article_modified_time":"2025-04-30T09:20:42+00:00","og_image":[{"width":1200,"height":800,"url":"https:\/\/proplo.pl\/blog\/wp-content\/uploads\/2025\/02\/meble-do-kuchni.png","type":"image\/png"}],"author":"Proplo","twitter_card":"summary_large_image","twitter_misc":{"Napisane przez":"Proplo","Szacowany czas czytania":"12 minut"},"schema":{"@context":"https:\/\/schema.org","@graph":[{"@type":"Article","@id":"https:\/\/proplo.pl\/blog\/meble-do-kuchni\/#article","isPartOf":{"@id":"https:\/\/proplo.pl\/blog\/meble-do-kuchni\/"},"author":{"name":"Proplo","@id":"https:\/\/proplo.pl\/blog\/#\/schema\/person\/c13af99097d24e9fc2b86b838c0fd0e1"},"headline":"Meble do kuchni &#8211; jakie meble do kuchni wybra\u0107?","datePublished":"2025-02-23T20:57:24+00:00","dateModified":"2025-04-30T09:20:42+00:00","mainEntityOfPage":{"@id":"https:\/\/proplo.pl\/blog\/meble-do-kuchni\/"},"wordCount":2132,"image":{"@id":"https:\/\/proplo.pl\/blog\/meble-do-kuchni\/#primaryimage"},"thumbnailUrl":"https:\/\/proplo.pl\/blog\/wp-content\/uploads\/2025\/02\/meble-do-kuchni.png","articleSection":["Kuchnia"],"inLanguage":"pl-PL"},{"@type":"WebPage","@id":"https:\/\/proplo.pl\/blog\/meble-do-kuchni\/","url":"https:\/\/proplo.pl\/blog\/meble-do-kuchni\/","name":"Meble do kuchni - Jakie meble do kuchni wybra\u0107? - Proplo","isPartOf":{"@id":"https:\/\/proplo.pl\/blog\/#website"},"primaryImageOfPage":{"@id":"https:\/\/proplo.pl\/blog\/meble-do-kuchni\/#primaryimage"},"image":{"@id":"https:\/\/proplo.pl\/blog\/meble-do-kuchni\/#primaryimage"},"thumbnailUrl":"https:\/\/proplo.pl\/blog\/wp-content\/uploads\/2025\/02\/meble-do-kuchni.png","datePublished":"2025-02-23T20:57:24+00:00","dateModified":"2025-04-30T09:20:42+00:00","author":{"@id":"https:\/\/proplo.pl\/blog\/#\/schema\/person\/c13af99097d24e9fc2b86b838c0fd0e1"},"description":"Meble do kuchni do zabudowy i na wymiar. Nowoczesne meble naro\u017cnikowe, modu\u0142owe, drewniane \u2013 jakie meble wybra\u0107 do ma\u0142ej kuchni?","breadcrumb":{"@id":"https:\/\/proplo.pl\/blog\/meble-do-kuchni\/#breadcrumb"},"inLanguage":"pl-PL","potentialAction":[{"@type":"ReadAction","target":["https:\/\/proplo.pl\/blog\/meble-do-kuchni\/"]}]},{"@type":"ImageObject","inLanguage":"pl-PL","@id":"https:\/\/proplo.pl\/blog\/meble-do-kuchni\/#primaryimage","url":"https:\/\/proplo.pl\/blog\/wp-content\/uploads\/2025\/02\/meble-do-kuchni.png","contentUrl":"https:\/\/proplo.pl\/blog\/wp-content\/uploads\/2025\/02\/meble-do-kuchni.png","width":1200,"height":800,"caption":"Wn\u0119trze kuchni z niebiesk\u0105 wysp\u0105, drewnianymi szafkami i minimalistycznym stylem."},{"@type":"BreadcrumbList","@id":"https:\/\/proplo.pl\/blog\/meble-do-kuchni\/#breadcrumb","itemListElement":[{"@type":"ListItem","position":1,"name":"Proplo","item":"https:\/\/proplo.pl"},{"@type":"ListItem","position":2,"name":"Poradnik wn\u0119trzarski","item":"https:\/\/proplo.pl\/blog\/"},{"@type":"ListItem","position":3,"name":"Meble do kuchni &#8211; jakie meble do kuchni wybra\u0107?"}]},{"@type":"WebSite","@id":"https:\/\/proplo.pl\/blog\/#website","url":"https:\/\/proplo.pl\/blog\/","name":"Blog Proplo","description":"","potentialAction":[{"@type":"SearchAction","target":{"@type":"EntryPoint","urlTemplate":"https:\/\/proplo.pl\/blog\/?s={search_term_string}"},"query-input":{"@type":"PropertyValueSpecification","valueRequired":true,"valueName":"search_term_string"}}],"inLanguage":"pl-PL"},{"@type":"Person","@id":"https:\/\/proplo.pl\/blog\/#\/schema\/person\/c13af99097d24e9fc2b86b838c0fd0e1","name":"Proplo","image":{"@type":"ImageObject","inLanguage":"pl-PL","@id":"https:\/\/secure.gravatar.com\/avatar\/176f908138148facd74b7d78fc677b53b24a54b63aacd8fc4e81a4da926e5f28?s=96&d=mm&r=g","url":"https:\/\/secure.gravatar.com\/avatar\/176f908138148facd74b7d78fc677b53b24a54b63aacd8fc4e81a4da926e5f28?s=96&d=mm&r=g","contentUrl":"https:\/\/secure.gravatar.com\/avatar\/176f908138148facd74b7d78fc677b53b24a54b63aacd8fc4e81a4da926e5f28?s=96&d=mm&r=g","caption":"Proplo"},"url":"https:\/\/proplo.pl\/blog\/author\/r-marciniak\/"}]}},"_links":{"self":[{"href":"https:\/\/proplo.pl\/blog\/wp-json\/wp\/v2\/posts\/442","targetHints":{"allow":["GET"]}}],"collection":[{"href":"https:\/\/proplo.pl\/blog\/wp-json\/wp\/v2\/posts"}],"about":[{"href":"https:\/\/proplo.pl\/blog\/wp-json\/wp\/v2\/types\/post"}],"author":[{"embeddable":true,"href":"https:\/\/proplo.pl\/blog\/wp-json\/wp\/v2\/users\/3"}],"replies":[{"embeddable":true,"href":"https:\/\/proplo.pl\/blog\/wp-json\/wp\/v2\/comments?post=442"}],"version-history":[{"count":9,"href":"https:\/\/proplo.pl\/blog\/wp-json\/wp\/v2\/posts\/442\/revisions"}],"predecessor-version":[{"id":527,"href":"https:\/\/proplo.pl\/blog\/wp-json\/wp\/v2\/posts\/442\/revisions\/527"}],"wp:featuredmedia":[{"embeddable":true,"href":"https:\/\/proplo.pl\/blog\/wp-json\/wp\/v2\/media\/447"}],"wp:attachment":[{"href":"https:\/\/proplo.pl\/blog\/wp-json\/wp\/v2\/media?parent=442"}],"wp:term":[{"taxonomy":"category","embeddable":true,"href":"https:\/\/proplo.pl\/blog\/wp-json\/wp\/v2\/categories?post=442"},{"taxonomy":"post_tag","embeddable":true,"href":"https:\/\/proplo.pl\/blog\/wp-json\/wp\/v2\/tags?post=442"}],"curies":[{"name":"wp","href":"https:\/\/api.w.org\/{rel}","templated":true}]}}