{"id":403,"date":"2025-01-21T11:06:10","date_gmt":"2025-01-21T11:06:10","guid":{"rendered":"https:\/\/proplo.pl\/blog\/?p=403"},"modified":"2025-04-30T10:20:28","modified_gmt":"2025-04-30T09:20:28","slug":"pokoj-niemowlaka-jak-urzadzic-pokoj-dla-niemowlaka","status":"publish","type":"post","link":"https:\/\/proplo.pl\/blog\/pokoj-niemowlaka-jak-urzadzic-pokoj-dla-niemowlaka\/","title":{"rendered":"Pok\u00f3j niemowlaka &#8211; jak urz\u0105dzi\u0107 pok\u00f3j dla niemowlaka"},"content":{"rendered":"<div class=\"you-find-content\">\r\n    <div class=\"container-xl container-wrapper\">\r\n        <div class=\"row design\">\r\n            <div class=\"col-md-12 wrapper \">\r\n                <div class=\"title\"><p><em>Z tego artyku\u0142u dowiesz si\u0119<\/em>:<\/p>\n<\/div>\r\n                <div class=\"grid-wrapper\">\r\n                                                        <div class=\"block-list\">\r\n                        <div class=\"number\">\r\n                            1                        <\/div>\r\n                        <div class=\"text\">\r\n                            <p>Jak zaplanowa\u0107 pok\u00f3j niemowlaka, aby by\u0142 funkcjonalny teraz i \u0142atwy do przekszta\u0142cenia w przysz\u0142o\u015bci?<\/p>\n                        <\/div>\r\n                    <\/div>\r\n                                        <div class=\"block-list\">\r\n                        <div class=\"number\">\r\n                            2                        <\/div>\r\n                        <div class=\"text\">\r\n                            <p>Jakie kolory, motywy i dekoracje najlepiej sprawdzaj\u0105 si\u0119 w pokoju dla dziewczynki lub ch\u0142opca?<\/p>\n                        <\/div>\r\n                    <\/div>\r\n                                        <div class=\"block-list\">\r\n                        <div class=\"number\">\r\n                            3                        <\/div>\r\n                        <div class=\"text\">\r\n                            <p>Jakie meble i akcesoria s\u0105 niezb\u0119dne w pokoju niemowlaka, a kt\u00f3re mo\u017cna rozwa\u017cy\u0107 jako dodatkowe?<\/p>\n                        <\/div>\r\n                    <\/div>\r\n                                        <div class=\"block-list\">\r\n                        <div class=\"number\">\r\n                            4                        <\/div>\r\n                        <div class=\"text\">\r\n                            <p>Jakie praktyczne wskaz\u00f3wki pomog\u0105 stworzy\u0107 przytulne, bezpieczne i \u0142atwe do utrzymania w czysto\u015bci wn\u0119trze?<\/p>\n                        <\/div>\r\n                    <\/div>\r\n                                                    <\/div>\r\n            <\/div>\r\n        <\/div>\r\n    <\/div>\r\n<\/div>\n\n\n<p>Dzisiaj zabierzemy si\u0119 za temat planowania pokoju dla noworodka. W naszym \u017cyciu nadchodzi co\u015b wyj\u0105tkowego i niezapomnianego, dlatego wypada\u0142oby wej\u015b\u0107 w ten etap z dobrym, funkcjonalnym, przemy\u015blanym projektem. Jak zatem najlepiej podej\u015b\u0107 do tematu pokoju niemowlaka?<\/p>\n\n\n\n<p>Przede wszystkim powinni\u015bmy mie\u0107 na uwadze, \u017ce to projekt tymczasowy, a przynajmniej przygotowany pod potencjalne zmiany w przysz\u0142o\u015bci. Noworodek a pi\u0119cioletnie dziecko maj\u0105 ju\u017c zupe\u0142nie inne potrzeby. I chocia\u017c zapami\u0119tamy na d\u0142ugo ka\u017cd\u0105 nieprzespan\u0105 noc, a tak\u017ce wszystkie pierwsze razy w \u017cyciu potomka, to ten czas przeleci w zawrotnym tempie. Dla niekt\u00f3rych pi\u0119\u0107 lat to szmat czasu i szalenie odleg\u0142a perspektywa, a dla innych okres, w kt\u00f3rym mo\u017cna snu\u0107 d\u0142ugofalowe plany. Zaaran\u017cujmy t\u0119 przestrze\u0144 tak, aby wi\u0105za\u0142a si\u0119 z du\u017cym komfortem i mobilno\u015bci\u0105 \u2013 dla samych dzieci, ale r\u00f3wnie\u017c dla nas rodzic\u00f3w.<\/p>\n\n\n\n<p>Na sam pocz\u0105tek mo\u017cna zabra\u0107 kartk\u0119 i d\u0142ugopis lub wzi\u0105\u0107 w r\u0119k\u0119 smartfona, by sporz\u0105dzi\u0107 list\u0119 niezb\u0119dnych zakup\u00f3w. Ka\u017cdy projekt zale\u017cy od bud\u017cetu jakim dysponujemy oraz przestrzeni jak\u0105 chcemy zagospodarowa\u0107. Zak\u0142adamy jednak, \u017ce celujemy w ma\u0142y, funkcjonalny pokoik, jak najmniejszym nak\u0142adem si\u0142, bo raczej wi\u0119kszo\u015b\u0107 spo\u0142ecze\u0144stwa szuka rozwi\u0105za\u0144 na niedob\u00f3r miejsca ni\u017c jego nadmiar. My przedstawimy kilka popularnych rozwi\u0105za\u0144, ale wy ju\u017c na starcie powinni\u015bcie okre\u015bli\u0107, ile mo\u017cecie przeznaczy\u0107 na pok\u00f3j niemowlaka.&nbsp;<\/p>\n\n\n\n<p>Warto te\u017c podzieli\u0107 list\u0119 na rzeczy niezb\u0119dne oraz potencjalnie dodatkowe, na kt\u00f3re mo\u017cemy skusi\u0107 si\u0119 w przysz\u0142o\u015bci, rozdzielaj\u0105c wydatki. W g\u0142owie zaplanujmy r\u00f3wnie\u017c, gdzie umie\u015bcimy meble w pokoju, czyli gdzie rozstawi\u0107 \u0142\u00f3\u017ceczko, komod\u0119, przewijak albo gdzie b\u0119dziemy karmi\u0107 noworodka. W tych pierwszych miesi\u0105cach warto postawi\u0107 na uroczy minimalizm \u2013 przede wszystkim, aby nie gromadzi\u0107 zb\u0119dnego kurzu i pozwoli\u0107 dziecku dorasta\u0107 w estetycznym porz\u0105dku. A z do\u015bwiadczenia mo\u017cemy te\u017c szepn\u0105\u0107, \u017ce pr\u0119dzej czy p\u00f3\u017aniej i tak istnieje niebezpiecze\u0144stwo, \u017ce ten pokoik zamieni si\u0119 w bajkoland z nadmiarem zabawek. Go\u015bcie maj\u0105 to do siebie, \u017ce lubi\u0105 sprawi\u0107 male\u0144stwu prezenciki, wi\u0119c liczba gad\u017cet\u00f3w mo\u017ce rosn\u0105\u0107 w zawrotnym tempie. Ale przejd\u017amy do konkret\u00f3w, czyli jak zaplanowa\u0107 to pomieszczenie.&nbsp;<\/p>\n\n\n\n<figure class=\"wp-block-image size-full\"><a href=\"https:\/\/proplo.pl\/profile\/wnetrza-pl\/dom-jednorodzinny-w-gdyni-101\"><img loading=\"lazy\" decoding=\"async\" width=\"1200\" height=\"800\" src=\"https:\/\/proplo.pl\/blog\/wp-content\/uploads\/2025\/01\/pokoj-dla-niemowlaka-z-przewijakiem.png\" alt=\"Pok\u00f3j dzieci\u0119cy z nowoczesnym wystrojem, \u0142\u00f3\u017ceczkiem, szafk\u0105 i dekoracjami\" class=\"wp-image-409\" srcset=\"https:\/\/proplo.pl\/blog\/wp-content\/uploads\/2025\/01\/pokoj-dla-niemowlaka-z-przewijakiem.png 1200w, https:\/\/proplo.pl\/blog\/wp-content\/uploads\/2025\/01\/pokoj-dla-niemowlaka-z-przewijakiem-300x200.png 300w, https:\/\/proplo.pl\/blog\/wp-content\/uploads\/2025\/01\/pokoj-dla-niemowlaka-z-przewijakiem-768x512.png 768w, https:\/\/proplo.pl\/blog\/wp-content\/uploads\/2025\/01\/pokoj-dla-niemowlaka-z-przewijakiem-1024x683.png 1024w, https:\/\/proplo.pl\/blog\/wp-content\/uploads\/2025\/01\/pokoj-dla-niemowlaka-z-przewijakiem-480x320.png 480w\" sizes=\"auto, (max-width: 1200px) 100vw, 1200px\" \/><\/a><figcaption class=\"wp-element-caption\">Projekt: <a href=\"https:\/\/proplo.pl\/profile\/wnetrza-pl\">Wnetrza.pl<\/a><\/figcaption><\/figure>\n\n\n\n<h2 class=\"wp-block-heading\">Pok\u00f3j dla niemowlaka \u2013 inspiracje pokoju dla dziewczynki<\/h2>\n\n\n\n<p>Zaczynamy od pomys\u0142\u00f3w przeznaczonych dla \u017ce\u0144skiego pokoju, chocia\u017c w pierwszych miesi\u0105cach noworodkowi mo\u017ce to nie robi\u0107 a\u017c takiej r\u00f3\u017cnicy, to jednak estetyka jest wa\u017cna i wp\u0142ywa na samopoczucie.&nbsp;<\/p>\n\n\n\n<p>Nie musi by\u0107 tak, \u017ce dla dziewczynki trzeba szykowa\u0107 lalki, a dla ch\u0142opca samochodziki, natomiast pewne wzory po prostu doskonale sprawdzaj\u0105 si\u0119 dla oka. W przypadku pokoju dla dziewczynki to b\u0119d\u0105 motywy kwiatowe czy kolory pastelowe. Wszelkie wybory takie jak r\u00f3\u017c, mi\u0119ta, b\u0142\u0119kit, jasny brzoskwiniowy albo b\u0142\u0119kitny sprawi\u0105, \u017ce wszyscy poczuj\u0105 si\u0119 tam bardzo przytulnie. Neutralna baza sprzyja temu, aby \u0142atwo zmieni\u0107 j\u0105 w przysz\u0142o\u015bci, a pewnie tych mniejszych remont\u00f3w b\u0119dzie nas troch\u0119 czeka\u0107 na przestrzeni lat.<\/p>\n\n\n\n<p>Wszelkie cukierkowe, pudrowe, tak zwane mi\u0119kkie kolory spe\u0142ni\u0105 swoj\u0105 misj\u0119 w pokoju dziewczynki. Mo\u017cna wesprze\u0107 je dodatkowo motywami gwiazd, kwiatk\u00f3w czy chmurek. Pami\u0119tajmy, \u017ce ju\u017c same zabawki b\u0119d\u0105 dzia\u0142a\u0107 jako kolorowe dodatki, ale po\u015bciel czy \u015bciany mo\u017cna zaplanowa\u0107 w\u0142a\u015bnie w tych kwiatowych aran\u017cacjach. Na pewno du\u017co ciep\u0142a dodadz\u0105 te\u017c pastelowe girlandy albo \u015bwiec\u0105ce bawe\u0142niane kulki, czyli tzw. cotton ball lights.<\/p>\n\n\n\n<p>\u015awietne inspiracje mo\u017cemy dojrze\u0107 u projektant\u00f3w maj\u0105cych swoje profile w serwisie Proplo. Niekt\u00f3re pomys\u0142y urzekaj\u0105 swoim ciep\u0142em i wykonaniem. Na naszej platformie mo\u017cna znale\u017a\u0107 cudowne, zorganizowane, kreatywne i funkcjonalne projekty.<\/p>\n\n\n\n<p>Pewnie b\u0119dziemy chcieli traktowa\u0107 nasz\u0105 dziewczynk\u0119 jak ksi\u0119\u017cniczk\u0119, dlatego warto pomy\u015ble\u0107 o ma\u0142ym \u0142\u00f3\u017ceczku z baldachimem, a tak\u017ce bia\u0142ych meblach, ale ze z\u0142otymi czy kolorowymi dodatkami. Popularnym motywem jest te\u017c tzw. kosz Moj\u017cesza, czyli alternatywa dla \u0142\u00f3\u017ceczek i ko\u0142ysek wykonana z przewiewnego materia\u0142u.&nbsp;<\/p>\n\n\n\n<p>Inspiracji na samo wykonanie mo\u017ce by\u0107 wiele: mo\u017cemy stworzy\u0107 motyw naturalny i ciep\u0142\u0105, ro\u015blinn\u0105 d\u017cungl\u0119 kolorystycznie, mo\u017cemy postawi\u0107 na zwierz\u0105tka, aby od najm\u0142odszych lat piel\u0119gnowa\u0107 mi\u0142o\u015b\u0107 i ciep\u0142o do tych stworze\u0144, wtedy szczeg\u00f3lnie dobrze wygl\u0105daj\u0105 wizerunki misi\u00f3w, kr\u00f3liczk\u00f3w, piesk\u00f3w czy ptaszk\u00f3w. Inne wizualizacje to niebo, gwiazdy i ksi\u0119\u017cyc, aby to by\u0142o prawdziwe miejsce wypoczynku, zw\u0142aszcza \u017ce noworodek ma to do siebie, \u017ce wi\u0119kszo\u015b\u0107 dnia jednak sp\u0119dza na \u015bnie i drzemkach<sup data-fn=\"cc93869a-6d2f-44da-84d6-b006e0bc15e1\" class=\"fn\"><a id=\"cc93869a-6d2f-44da-84d6-b006e0bc15e1-link\" href=\"#cc93869a-6d2f-44da-84d6-b006e0bc15e1\">1<\/a><\/sup>. Z pewno\u015bci\u0105 sprawdzi si\u0119 te\u017c motyw baletnicy, czyli s\u0142odki, taneczny pomys\u0142 na urz\u0105dzenie pokoju z firankami z tiulu czy baletowymi dodatkami. Warto te\u017c postawi\u0107 na personalizacj\u0119, czyli zawrze\u0107 tam imi\u0119 dziecka, z czasem wsp\u00f3lne zdj\u0119cia, pami\u0105tki, wspomnienia. Uwierzcie, \u017ce to pomieszczenie z czasem b\u0119dzie si\u0119 wype\u0142nia\u0107 \u201esamo\u201d wraz z dorastaniem naszej pociechy.<\/p>\n\n\n\n<figure class=\"wp-block-image size-full\"><a href=\"https:\/\/proplo.pl\/profile\/lemonade-studio\/pastelowy-pokoj-dziecka-418\"><img loading=\"lazy\" decoding=\"async\" width=\"1200\" height=\"800\" src=\"https:\/\/proplo.pl\/blog\/wp-content\/uploads\/2025\/01\/pokoj-niemowlaka-w-pastelowych-kolorach.png\" alt=\"Pok\u00f3j dzieci\u0119cy z nowoczesnym wystrojem, r\u00f3\u017cowe akcenty, skandynawski styl.\" class=\"wp-image-410\" srcset=\"https:\/\/proplo.pl\/blog\/wp-content\/uploads\/2025\/01\/pokoj-niemowlaka-w-pastelowych-kolorach.png 1200w, https:\/\/proplo.pl\/blog\/wp-content\/uploads\/2025\/01\/pokoj-niemowlaka-w-pastelowych-kolorach-300x200.png 300w, https:\/\/proplo.pl\/blog\/wp-content\/uploads\/2025\/01\/pokoj-niemowlaka-w-pastelowych-kolorach-768x512.png 768w, https:\/\/proplo.pl\/blog\/wp-content\/uploads\/2025\/01\/pokoj-niemowlaka-w-pastelowych-kolorach-1024x683.png 1024w, https:\/\/proplo.pl\/blog\/wp-content\/uploads\/2025\/01\/pokoj-niemowlaka-w-pastelowych-kolorach-480x320.png 480w\" sizes=\"auto, (max-width: 1200px) 100vw, 1200px\" \/><\/a><figcaption class=\"wp-element-caption\">Projekt: <a href=\"https:\/\/proplo.pl\/profile\/lemonade-studio\">Lemonade Studio<\/a><\/figcaption><\/figure>\n\n\n\n<h2 class=\"wp-block-heading\">Pok\u00f3j dla niemowlaka \u2013 inspiracje pokoju dla ch\u0142opca<\/h2>\n\n\n\n<p>Tutaj oczywi\u015bcie wiele pomys\u0142\u00f3w jak cho\u0107by te z natur\u0105 czy zwierz\u0119tami mo\u017cemy powt\u00f3rzy\u0107. To od nas zale\u017cy, z czym od najm\u0142odszych lat chcemy uto\u017csamia\u0107 nasze pociechy i w jakim otoczeniu je wychowywa\u0107. Sprawi to nic innego jak ich kontakt oraz tworzenie relacji z danym tematem. Je\u015bli chcemy wychowa\u0107 go w duchu ciekawo\u015bci do \u015bwiata i odkrywania, mo\u017cemy stworzy\u0107 pokoik z motywem podr\u00f3\u017cy, czyli planet\u0105, samochodami czy samolotami, mo\u017ce statkami, kompasem czy lataj\u0105cym balonem.<\/p>\n\n\n\n<p>Pok\u00f3j dla ch\u0142opca daje du\u017co mo\u017cliwo\u015bci: w modzie s\u0105 motywy marynistyczne z wod\u0105, falami, rybami i statkami, motywy kosmiczne z planetami i rakietami, motywy zwierz\u0119ce, sportowe, motoryzacyjne albo po prostu neutralne, za kt\u00f3rymi nie musi si\u0119 kry\u0107 \u017cadna wielka opowie\u015b\u0107. Koniec ko\u0144c\u00f3w po latach to i tak dziecko zdecyduje samodzielnie, w kt\u00f3r\u0105 stron\u0119 chce i\u015b\u0107 ze swoim \u017cyciem.<\/p>\n\n\n\n<p>Jak ju\u017c wspomnieli\u015bmy: dzieci z wiekiem b\u0119d\u0105 zmienia\u0107 swoje preferencje, inspiracje, zainteresowania, b\u0119d\u0105 nudzi\u0107 si\u0119 i odkrywa\u0107 nowe pasje, dlatego warto konstruowa\u0107 ten pok\u00f3j z my\u015bl\u0105 o \u0142atwo\u015bci zmian. Niech akcenty tematyczne b\u0119d\u0105 delikatne i najlepiej dodawane poprzez dodatki. Przyk\u0142adowo mo\u017cna pomalowa\u0107 ca\u0142\u0105 \u015bcian\u0119 w pi\u0142karzy Barcelony, aby zaszczepi\u0107 w dziecku mi\u0142o\u015b\u0107 do ukochanego klubu, lecz pami\u0119tajmy, \u017ce nie zawsze potomkowie id\u0105 w nasze \u015blady. Najcz\u0119\u015bciej odziedziczaj\u0105 pasj\u0119 po rodzicach albo\u2026 id\u0105 w skrajnie innym kierunku, bo nie odnalaz\u0142y si\u0119 pod presj\u0105 napotkan\u0105 w domu. Na pewno bezpieczniej b\u0119dzie postawi\u0107 na uniwersaln\u0105 estetyk\u0119. Misie, lampki, \u015bwiate\u0142ka, \u0142apacze sn\u00f3w, naturalne materia\u0142y \u2013 tych wybor\u00f3w z pewno\u015bci\u0105 nie b\u0119dziemy \u017ca\u0142owa\u0107.<\/p>\n\n\n\n<figure class=\"wp-block-image size-full\"><a href=\"https:\/\/proplo.pl\/profile\/pomaluj-design\/mieszkanie-w-katowicach-203\"><img loading=\"lazy\" decoding=\"async\" width=\"1200\" height=\"800\" src=\"https:\/\/proplo.pl\/blog\/wp-content\/uploads\/2025\/01\/jak-urzadzic-pokoj-niemowlaka-z-motywem-zwierzecym.png\" alt=\"Wn\u0119trze pokoju dzieci\u0119cego z bia\u0142ymi meblami, obrazkami i ro\u015blin\u0105, styl industrialny i minimalistyczny\" class=\"wp-image-411\" srcset=\"https:\/\/proplo.pl\/blog\/wp-content\/uploads\/2025\/01\/jak-urzadzic-pokoj-niemowlaka-z-motywem-zwierzecym.png 1200w, https:\/\/proplo.pl\/blog\/wp-content\/uploads\/2025\/01\/jak-urzadzic-pokoj-niemowlaka-z-motywem-zwierzecym-300x200.png 300w, https:\/\/proplo.pl\/blog\/wp-content\/uploads\/2025\/01\/jak-urzadzic-pokoj-niemowlaka-z-motywem-zwierzecym-768x512.png 768w, https:\/\/proplo.pl\/blog\/wp-content\/uploads\/2025\/01\/jak-urzadzic-pokoj-niemowlaka-z-motywem-zwierzecym-1024x683.png 1024w, https:\/\/proplo.pl\/blog\/wp-content\/uploads\/2025\/01\/jak-urzadzic-pokoj-niemowlaka-z-motywem-zwierzecym-480x320.png 480w\" sizes=\"auto, (max-width: 1200px) 100vw, 1200px\" \/><\/a><figcaption class=\"wp-element-caption\">Projekt: <a href=\"https:\/\/proplo.pl\/profile\/pomaluj-design\">Pomaluj Design<\/a><\/figcaption><\/figure>\n\n\n\n<h2 class=\"wp-block-heading\">Dekoracje \u015bcienne \u2013 plakaty, obrazy, naklejki w pokoju niemowlaka<\/h2>\n\n\n\n<p>Z dodatkami nigdy nie warto przesadza\u0107, aby nie zrobi\u0107 z pokoju noworodka popularnej graciarni. Zawsze najlepiej sprawdz\u0105 si\u0119 spersonalizowane pomys\u0142y wprost nawi\u0105zuj\u0105ce do mieszka\u0144ca pokoju \u2013 na przyk\u0142ad imi\u0119 na \u015bcianie (kolorowy napis Anto\u015b), data urodzenia niemowlaka, jego pierwsze zdj\u0119cia czy z czasem ramka na wsp\u00f3lne fotografie. Na komodzie warto te\u017c kolekcjonowa\u0107 \u201eskalpy\u201d dorastania: laurki, pierwsze rysunki, prace r\u0119czne z przedszkola czy \u017c\u0142obka. Bardzo szybko przewijanie pieluch zamieni si\u0119 w \u017cycie spo\u0142eczne z r\u00f3wie\u015bnikami i opiekunami, dlatego warto by\u0107 gotowym na to, \u017ce wyobra\u017ania dziecka sama urz\u0105dzi jego pok\u00f3j.<\/p>\n\n\n\n<p>Plakaty mog\u0105 wprost nawi\u0105zywa\u0107 do dziecka czy przedstawia\u0107 podobizn\u0119 jego i najbli\u017cszych. Warto tu pami\u0119ta\u0107 o kilku praktycznych informacjach takich jak oprawienie ich w lekk\u0105 ramk\u0119, zamiast w szklan\u0105 opraw\u0119 z powod\u00f3w bezpiecze\u0144stwa. Lepiej nie kusi\u0107 losu i my\u015ble\u0107 na zapas o wszystkich dekoracjach. Je\u015bli nie chcemy malowa\u0107 kolorowych motyw\u00f3w zwierz\u0105tek czy natury na \u015bcianach, mo\u017cemy zast\u0105pi\u0107 je w\u0142a\u015bnie obrazami na p\u0142\u00f3tnie, naklejkami \u015bciennymi lub wspomnianymi plakatami. Niezale\u017cnie czy wychowamy wielkiego artyst\u0119, czy nie, z du\u017c\u0105 doz\u0105 prawdopodobie\u0144stwa nasz potomek b\u0119dzie uwielbia\u0142 malowa\u0107, rysowa\u0107 i po prostu brudzi\u0107. Dlatego nie nastawiajmy si\u0119, \u017ce \u015bciany czy meble maj\u0105 by\u0107 na ca\u0142e \u017cycie. Lepiej pomy\u015ble\u0107 o nich w kontek\u015bcie przej\u015bciowych elementowych do \u0142atwego odnowienia. Z pewno\u015bci\u0105 fototapeta na kilka lat rozwi\u0105\u017ce wyzwanie motywu przewodniego w pokoju, je\u015bli umie\u015bcimy j\u0105 na jednej ze \u015bcian.<\/p>\n\n\n\n<p>Wizualnie w pokoju, jak i dla jako\u015bci powietrza powinny pos\u0142u\u017cy\u0107 ro\u015blinki, przy czym miejmy na uwadze, \u017ce raczkuj\u0105ce i p\u00f3\u017aniej chodz\u0105ce dziecko z pewno\u015bci\u0105 zainteresuje si\u0119 ka\u017cdym elementem pomieszczenia. I mimo \u017ce mo\u017ce mie\u0107 w przysz\u0142o\u015bci cudown\u0105 r\u0119k\u0119 do kwiat\u00f3w, pocz\u0105tki s\u0105 zawsze dalekie od idea\u0142u! Ro\u015blinka jak i inne elementy mog\u0105 ucierpie\u0107 w bojach i\u2026 w porz\u0105dku, trzeba si\u0119 po prostu na to przygotowa\u0107 i nastawi\u0107.<\/p>\n\n\n\n<p>Elementem buduj\u0105cym sentyment i uczuciowe rozmowy z pewno\u015bci\u0105 b\u0119dzie galeria wsp\u00f3lnych zdj\u0119\u0107. Cz\u0119sto mo\u017cemy si\u0119 do nich odwo\u0142ywa\u0107, rozmawiaj\u0105c z dzieckiem. Same niemowlaki z pewno\u015bci\u0105 zareaguj\u0105 na \u0142apacze sn\u00f3w lub stylowe makramy nad ich \u0142\u00f3\u017ceczkiem, b\u0119d\u0105 te\u017c oddzia\u0142ywa\u0107 na \u015bwiat\u0142o i lampeczki, kt\u00f3re delikatnym \u015bwiat\u0142em mog\u0105 doda\u0107 wiele uroku w ich przestrzeni. Lampki mog\u0105 zast\u0105pi\u0107 r\u00f3wnie dobrze \u015bwiec\u0105ce elementy czy zabawki. Pami\u0119tajmy o tym, bo mi\u0119kkie, koj\u0105ce \u015bwiat\u0142o uspokaja niemowlaki, pomagaj\u0105c im w zasypianiu.<\/p>\n\n\n\n<p>Z czasem warto b\u0119dzie pomy\u015ble\u0107 o tablicy korkowej, tekstylnej lub magnetycznej, tak samo jak o strefach zabawy czy malowania, lecz na wszystko przyjdzie pora. P\u00f3ki co w pierwszych miesi\u0105cach niemowlak przede wszystkim b\u0119dzie mia\u0142 w g\u0142owie spanie, jedzenie, p\u0142akanie i powolne poznawanie \u015bwiata w naszych ramionach.<\/p>\n\n\n\n<figure class=\"wp-block-image size-full\"><a href=\"https:\/\/proplo.pl\/profile\/architekta-wnetrza\/blue-kid-606\"><img loading=\"lazy\" decoding=\"async\" width=\"1200\" height=\"800\" src=\"https:\/\/proplo.pl\/blog\/wp-content\/uploads\/2025\/01\/pokoj-dla-niemowlaka-z-drewnianymi-elementami-i-przewijakiem.png\" alt=\"Pok\u00f3j dzieci\u0119cy z \u0142\u00f3\u017ckiem, bia\u0142\u0105 komod\u0105 i zabawkami. Styl nowoczesny.\" class=\"wp-image-412\" srcset=\"https:\/\/proplo.pl\/blog\/wp-content\/uploads\/2025\/01\/pokoj-dla-niemowlaka-z-drewnianymi-elementami-i-przewijakiem.png 1200w, https:\/\/proplo.pl\/blog\/wp-content\/uploads\/2025\/01\/pokoj-dla-niemowlaka-z-drewnianymi-elementami-i-przewijakiem-300x200.png 300w, https:\/\/proplo.pl\/blog\/wp-content\/uploads\/2025\/01\/pokoj-dla-niemowlaka-z-drewnianymi-elementami-i-przewijakiem-768x512.png 768w, https:\/\/proplo.pl\/blog\/wp-content\/uploads\/2025\/01\/pokoj-dla-niemowlaka-z-drewnianymi-elementami-i-przewijakiem-1024x683.png 1024w, https:\/\/proplo.pl\/blog\/wp-content\/uploads\/2025\/01\/pokoj-dla-niemowlaka-z-drewnianymi-elementami-i-przewijakiem-480x320.png 480w\" sizes=\"auto, (max-width: 1200px) 100vw, 1200px\" \/><\/a><figcaption class=\"wp-element-caption\">Projekt: <a href=\"https:\/\/proplo.pl\/profile\/architekta-wnetrza\">Architekta Wn\u0119trza<\/a><\/figcaption><\/figure>\n\n\n\n<h2 class=\"wp-block-heading\">Jakie meble do pokoju niemowlaka?<\/h2>\n\n\n\n<p>Podstaw\u0105 b\u0119dzie przede wszystkim \u0142\u00f3\u017ceczko, a najlepiej regulowane, aby pos\u0142u\u017cy\u0142o nam d\u0142u\u017cej. To tam niemowlak sp\u0119dzi wi\u0119kszo\u015b\u0107 czasu poza naszymi r\u0119koma czy przewijakiem. Warto zaplanowa\u0107, gdzie b\u0119dziemy karmi\u0107 pociech\u0119, bo to r\u00f3wnie\u017c miejsce komfortu dla nas samych. W tej funkcji sprawdzi si\u0119 nawet wygodne krzes\u0142o lub fotel z poduszk\u0105, lecz trzeba dobrze przygotowa\u0107 przestrze\u0144 na wszystkie powtarzalne elementy dnia.<\/p>\n\n\n\n<p>Kupuj\u0105c wszystkie akcesoria, mo\u017cecie \u015bmia\u0142o rozejrze\u0107 si\u0119 po u\u017cywanych meblach, bo chocia\u017c wy dopiero zaczynacie swoj\u0105 przygod\u0119 z wychowaniem potomka, to kto\u015b w\u0142a\u015bnie ko\u0144czy ten etap i ch\u0119tnie pozb\u0119dzie si\u0119 przedmiot\u00f3w, z kt\u00f3rych dziecko dawno ju\u017c wyros\u0142o. Dostrze\u017cecie to szczeg\u00f3lnie w kontek\u015bcie ubra\u0144, ale dzieci rosn\u0105 i zmieniaj\u0105 si\u0119 w zawrotnym tempie, st\u0105d niekt\u00f3re akcesoria s\u0142u\u017c\u0105 im dos\u0142ownie kilka miesi\u0119cy.&nbsp;<\/p>\n\n\n\n<p>Wracaj\u0105c do samego \u0142\u00f3\u017ceczka \u2013 sprawdzi si\u0119 antyalergiczny materac o \u015bredniej twardo\u015bci, dobrze je\u015bli b\u0119dzie regulowany, pozbawionych ostrych kraw\u0119dzi, a jego szczebelki b\u0119d\u0105 roz\u0142o\u017cone co 4,5-6,5 cm. Mo\u017cecie my\u015ble\u0107 te\u017c uniwersalnie, czyli poszuka\u0107 \u0142\u00f3\u017ceczka-transformera s\u0142u\u017c\u0105cego r\u00f3wnie\u017c za przewijak, kojec czy przeno\u015bne \u0142\u00f3\u017ceczko dostawne na k\u00f3\u0142kach. Na pewno warto mie\u0107 zaraz obok szuflad\u0119 z niezb\u0119dnymi rzeczami oraz kosz, aby wyrzuca\u0107 brudy do \u015bmieci.<\/p>\n\n\n\n<p>Przewijaki z kolei maj\u0105 najr\u00f3\u017cniejsze wariacje. Mo\u017cemy zainwestowa\u0107 w taki s\u0142u\u017c\u0105cy jednocze\u015bnie za komod\u0119, w przewijak wolnostoj\u0105cy, ale tak samo w prostsz\u0105 mat\u0119 do przewijania, aby swobodnie po\u0142o\u017cy\u0107 j\u0105 tam, gdzie tylko chcemy. Pami\u0119tajmy jedynie, aby zabrudzon\u0105 powierzchni\u0105 mo\u017cna by\u0142o stosunkowo \u0142atwo wyczy\u015bci\u0107 i aby zawsze w zanadrzu mie\u0107 pieluchy oraz kosmetyki. Lepiej zaplanowa\u0107 to w pobli\u017cu, ni\u017c biega\u0107 za potrzebnymi przedmiotami po ca\u0142ym mieszkaniu.<\/p>\n\n\n\n<p>Pozosta\u0142e meble przydadz\u0105 si\u0119 ju\u017c od samego pocz\u0105tku, dlatego warto zaopatrzy\u0107 si\u0119 w komod\u0119, szaf\u0119 albo rega\u0142y, kt\u00f3re pocz\u0105tkowo pos\u0142u\u017c\u0105 bardziej nam, a po latach samemu dziecku. Najlepiej je\u015bli to b\u0119d\u0105 pojemne elementy pozwalaj\u0105ce przechowywa\u0107 wszystkie ubrania, ale r\u00f3wnie\u017c akcesoria i zabawki. Po czasie trzeba pomy\u015ble\u0107 o tym, aby ulubione przedmioty dziecka by\u0142y \u0142atwo dost\u0119pne r\u00f3wnie\u017c dla niego.<\/p>\n\n\n\n<p>Co dalej? Ka\u017cda mama wie, jak wiele znaczy wygodny fotel do karmienia. Niezale\u017cnie, czy to b\u0119dzie sofa, osobny fotel z podn\u00f3\u017ckiem, a mo\u017ce ulubione bujane krzes\u0142o. Sp\u0119dzimy tam wiele czasu, dlatego pomy\u015blmy o swoim zdrowiu oraz komforcie. Wygodne oparcie, mi\u0119kka tapicerka, pod\u0142okietniki, a najlepiej mo\u017cliwo\u015b\u0107 bujania si\u0119 \u2013 zrobimy w tym przypadku przyjemno\u015b\u0107 nie tylko noworodkowi, pr\u00f3buj\u0105c u\u015bpi\u0107 go przy naturalnych ruchach w obie strony.<\/p>\n\n\n\n<p>Z element\u00f3w, kt\u00f3re pos\u0142u\u017c\u0105 nam z czasem nale\u017cy wymieni\u0107 mat\u0119 do zabawy lub po prostu kolorowy dywan, kt\u00f3ry b\u0119dzie miejscem rozrywki, rozwoju i odkrywania \u015bwiata. Niech to b\u0119dzie mi\u0119kki, zdrowy materia\u0142, a jednocze\u015bnie \u0142atwy w czyszczeniu, bo nastawiamy si\u0119 na r\u00f3\u017cne przeboje. Wok\u00f3\u0142 dziecka zawsze b\u0119dzie mn\u00f3stwo zabawek, dlatego bardzo b\u0119dziemy sobie chwali\u0107 kosze i organizery na p\u00f3\u0142kach albo po prostu\u2026 du\u017c\u0105 skrzyni\u0119. Chcemy uczy\u0107 m\u0142odzie\u017c porz\u0105dku i organizacji, lecz czasem nie ma innego wyj\u015bcia, ni\u017c wrzucenie wszystkiego do skrzyni. Zw\u0142aszcza, \u017ce cz\u0119sto to na nas b\u0119dzie spada\u0142 obowi\u0105zek posprz\u0105tania pokoju, dop\u00f3ki z wiekiem nie nauczymy dziecka wi\u0119kszej odpowiedzialno\u015bci za swoj\u0105 przestrze\u0144.<\/p>\n\n\n\n<figure class=\"wp-block-image size-full\"><a href=\"https:\/\/proplo.pl\/profile\/wnetrza-pl\/dom-jednorodzinny-w-gdyni-101\"><img loading=\"lazy\" decoding=\"async\" width=\"1200\" height=\"800\" src=\"https:\/\/proplo.pl\/blog\/wp-content\/uploads\/2025\/01\/pokoj-dla-niemowlaka-z-tapeta-na-scianie.png\" alt=\"Pok\u00f3j dzieci\u0119cy z bia\u0142ym \u0142\u00f3\u017ceczkiem, drewnianymi meblami oraz przytulnymi dekoracjami.\" class=\"wp-image-413\" srcset=\"https:\/\/proplo.pl\/blog\/wp-content\/uploads\/2025\/01\/pokoj-dla-niemowlaka-z-tapeta-na-scianie.png 1200w, https:\/\/proplo.pl\/blog\/wp-content\/uploads\/2025\/01\/pokoj-dla-niemowlaka-z-tapeta-na-scianie-300x200.png 300w, https:\/\/proplo.pl\/blog\/wp-content\/uploads\/2025\/01\/pokoj-dla-niemowlaka-z-tapeta-na-scianie-768x512.png 768w, https:\/\/proplo.pl\/blog\/wp-content\/uploads\/2025\/01\/pokoj-dla-niemowlaka-z-tapeta-na-scianie-1024x683.png 1024w, https:\/\/proplo.pl\/blog\/wp-content\/uploads\/2025\/01\/pokoj-dla-niemowlaka-z-tapeta-na-scianie-480x320.png 480w\" sizes=\"auto, (max-width: 1200px) 100vw, 1200px\" \/><\/a><figcaption class=\"wp-element-caption\">Projekt: <a href=\"https:\/\/proplo.pl\/profile\/wnetrza-pl\">Wnetrza.pl<\/a><\/figcaption><\/figure>\n\n\n\n<h2 class=\"wp-block-heading\">Jakie kolory do pokoju niemowlaka?<\/h2>\n\n\n\n<p>Wspominali\u015bmy, \u017ce najlepiej sprawdz\u0105 si\u0119 uniwersalne, \u0142atwe do modyfikacji kolory, dlatego polecamy wyb\u00f3r stonowanych barw lub pastelowych odcieni. Biele, kremy i szaro\u015bci nigdy nie zawodz\u0105. Stawiajmy na spok\u00f3j i przytulno\u015b\u0107, ale miejmy te\u017c w g\u0142owie, \u017ce pewnie po czasie przyjdzie nam odmalowywa\u0107 \u015bciany i od\u015bwie\u017ca\u0107 je, bo dzieci zawsze przygotowuj\u0105 nas na przygody. Chwa\u0142a temu, kto utrzyma perfekcyjn\u0105 biel w takim pomieszczeniu!<\/p>\n\n\n\n<p>Lepiej mentalnie przygotowa\u0107 si\u0119 na stan tymczasowo\u015bci, tak samo jak w przypadku wszelkich fototapet czy naklejek \u015bciennych. Gigantyczne inwestycje nie maj\u0105 wi\u0119kszego sensu, bo pewnie b\u0119dziemy przechodzi\u0107 z naszymi ukochanymi bardzo r\u00f3\u017cne etapy, gdy co\u015b im si\u0119 podoba, a za p\u00f3\u0142 roku chc\u0105 powa\u017cnej zmiany.&nbsp;<\/p>\n\n\n\n<p>Stawiaj\u0105c na neutralne kolory, czyli bia\u0142e, kremowe albo be\u017cowe, dacie sobie \u0142atw\u0105 mo\u017cliwo\u015b\u0107 na zmiany. Natomiast nie trzeba si\u0119 te\u017c ba\u0107 wyra\u017aniejszych wybor\u00f3w. Pastele wprowadzaj\u0105 du\u017co przytulnej, przyjaznej aury \u2013&nbsp;dziewczynki ci\u0105gnie do pastelowego r\u00f3\u017cu, a ch\u0142opc\u00f3w do pastelowego b\u0142\u0119kitu. A przynajmniej to cz\u0119ste wybory rodzic\u00f3w, kt\u00f3re po prostu si\u0119 sprawdzaj\u0105. Mi\u0119towy, brzoskwiniowy, piaskowy, \u0142agodna ziele\u0144 \u2013 przy tych wyborach nie powinni\u015bcie czu\u0107 si\u0119 rozczarowani.<\/p>\n\n\n\n<p>Najwa\u017cniejsze to nie przesadzi\u0107 z kolorami, aby zachowa\u0107 r\u00f3wnowag\u0119. 3-4 barwy wystarcz\u0105, niech baza b\u0119dzie spokojniejsza, a \u017cyciem przemawiaj\u0105 do nas dodatki jak dywaniki, po\u015bciele oraz zabawki. Z czasem mo\u017ce si\u0119 okaza\u0107, \u017ce wa\u017cniejsze ni\u017c same kolory b\u0119d\u0105 farby jakie wybierzemy, dlatego upewnijcie si\u0119, \u017ce kupujecie zmywalne farby, aby mog\u0142y poradzi\u0107 sobie z zabrudzeniami.<\/p>\n\n\n\n<figure class=\"wp-block-image size-full\"><a href=\"https:\/\/proplo.pl\/profile\/emte-studio\/projekt\/517\"><img loading=\"lazy\" decoding=\"async\" width=\"1200\" height=\"800\" src=\"https:\/\/proplo.pl\/blog\/wp-content\/uploads\/2025\/01\/minimalistyczny-pokoj-dla-niemowlaka.png\" alt=\"Pok\u00f3j dzieci\u0119cy w stylu japandi, minimalistycznym i skandynawskim z bia\u0142ym \u0142\u00f3\u017ceczkiem.\" class=\"wp-image-414\" srcset=\"https:\/\/proplo.pl\/blog\/wp-content\/uploads\/2025\/01\/minimalistyczny-pokoj-dla-niemowlaka.png 1200w, https:\/\/proplo.pl\/blog\/wp-content\/uploads\/2025\/01\/minimalistyczny-pokoj-dla-niemowlaka-300x200.png 300w, https:\/\/proplo.pl\/blog\/wp-content\/uploads\/2025\/01\/minimalistyczny-pokoj-dla-niemowlaka-768x512.png 768w, https:\/\/proplo.pl\/blog\/wp-content\/uploads\/2025\/01\/minimalistyczny-pokoj-dla-niemowlaka-1024x683.png 1024w, https:\/\/proplo.pl\/blog\/wp-content\/uploads\/2025\/01\/minimalistyczny-pokoj-dla-niemowlaka-480x320.png 480w\" sizes=\"auto, (max-width: 1200px) 100vw, 1200px\" \/><\/a><figcaption class=\"wp-element-caption\">Projekt: <a href=\"https:\/\/proplo.pl\/profile\/emte-studio\">EMTE.studio<\/a><\/figcaption><\/figure>\n\n\n\n<h2 class=\"wp-block-heading\">O\u015bwietlenie pokoju niemowlaka<\/h2>\n\n\n\n<p>Kolory powinny dobrze wsp\u00f3\u0142gra\u0107 z o\u015bwietleniem, dlatego warto sprawdzi\u0107 te dwa elementy we wsp\u00f3lnej konfiguracji. Ciep\u0142e \u015bwiat\u0142o b\u0119dzie podkre\u015bla\u0107 ciep\u0142e kolory, wi\u0119c szukajmy lampek z \u017car\u00f3wkami o takiej barwie, aby postawi\u0107 na domow\u0105, przytuln\u0105 atmosfer\u0119.&nbsp;<\/p>\n\n\n\n<p>Niech \u015bwiat\u0142o nie b\u0119dzie zbyt intensywne, aby nie atakowa\u0107 bardzo wra\u017cliwego i wyczulonego w pierwszych miesi\u0105cach dziecka. Dobr\u0105 praktyk\u0105 jest umieszczenie \u0142\u00f3\u017ceczka w miejscu, gdzie nie b\u0119dzie bezpo\u015brednio nastawione na \u015bwiat\u0142o s\u0142oneczne, bo zw\u0142aszcza latem mo\u017ce to by\u0107 nieprzyjemne do\u015bwiadczenie. Samo g\u0142\u00f3wne o\u015bwietlenie najlepszy efekt zrobi przy ciep\u0142ym, jasnym, rozproszonym \u015bwietle. Tu polecamy barw\u0119 2700\u20133000 K.&nbsp;<\/p>\n\n\n\n<p>Nast\u0119pnie nale\u017cy pomy\u015ble\u0107 o lampce nocnej, przy kt\u00f3rej b\u0119dziemy usypia\u0107, karmi\u0107, przewija\u0107 dziecko czy wstawa\u0107 do niego w nocy. Tutaj we\u017amy pod uwag\u0119 w\u0142asn\u0105 wygod\u0119, by czu\u0107 si\u0119 przyjemnie, ale zarazem mie\u0107 dobry ogl\u0105d na pomieszczenie. To te\u017c powinno by\u0107 delikatne, mi\u0119kkie \u015bwiat\u0142o, kt\u00f3re nie b\u0119dzie nas razi\u0107, tylko uspokaja\u0107 i gwarantowa\u0107 relaksuj\u0105cy klimat. Dzieci to czuj\u0105.<\/p>\n\n\n\n<p>Je\u015bli chcemy zaopatrzy\u0107 si\u0119 w dodatkowe \u017ar\u00f3d\u0142a \u015bwiat\u0142a, czyli np. stoj\u0105ce lampy albo kinkiety do konkretnych funkcji jak przewijanie w nocy, tutaj powinni\u015bmy postawi\u0107 g\u0142\u00f3wnie na dobr\u0105 widoczno\u015b\u0107. \u017bar\u00f3wki o temperaturze 3000\u20134000 K powinny spe\u0142ni\u0107 swoj\u0105 funkcj\u0119. Na pewno pos\u0142u\u017c\u0105 nam te\u017c dekoracyjne o\u015bwietlenia jak ozdobne, okr\u0105g\u0142e lampeczki, \u015bwiec\u0105ce zabawki w kszta\u0142cie zwierz\u0105tek czy pomys\u0142y dzia\u0142aj\u0105ce na wyobra\u017ani\u0119 niemowlaka. Polecanym i cz\u0119sto wybieranym rozwi\u0105zaniem jest te\u017c dimmer, czyli mo\u017cliwo\u015b\u0107 kontrolowania ostro\u015bci \u015bwiat\u0142a w pokoju za pomoc\u0105 pokr\u0119t\u0142a. On znacz\u0105co powinien u\u0142atwi\u0107 nam \u017cycie.<\/p>\n\n\n\n<h2 class=\"wp-block-heading\">Bezpiecze\u0144stwo w pokoju niemowlaka<\/h2>\n\n\n\n<p>Na co nale\u017cy si\u0119 przygotowa\u0107, aby nie umiera\u0107 z nerw\u00f3w, kiedy na moment spu\u015bcimy dziecko z oka? Najlepiej je\u015bli meble nie b\u0119d\u0105 mia\u0142y ostrych kraw\u0119dzi, by nie wyrz\u0105dzi\u0107 krzywdy szkrabowi, a gniazdka elektryczne wypada zabezpieczy\u0107 os\u0142onkami. Polecamy te\u017c my\u015ble\u0107 o naturalnych produktach wyko\u0144czeniowych czy ekologicznych farbach, bo zw\u0142aszcza wra\u017cliwe maluszki mog\u0105 odczuwa\u0107 wszystkie nadmiary chemii.&nbsp;<\/p>\n\n\n\n<p>Pami\u0119tajmy, \u017ce ka\u017cdy lu\u017ano stoj\u0105cy mebel mo\u017ce si\u0119 przewr\u00f3ci\u0107, a szk\u0142o rozbi\u0107, dlatego najlepiej je\u015bli postawimy na elastyczne, bezpieczne elementy b\u0105d\u017a dobrze przymocujemy stoj\u0105ce lampy. Dzieci maj\u0105 to do siebie, \u017ce nie b\u0119d\u0105 analizowa\u0107 sytuacji dla nas oczywistych, chc\u0105 tylko odkrywa\u0107 i poszukiwa\u0107.&nbsp;<\/p>\n\n\n\n<p>Bezpiecznie b\u0119dziemy si\u0119 czu\u0107 z \u201ewirtualn\u0105 niani\u0105\u201d, czyli kamer\u0105 albo monitorem, aby m\u00f3c ca\u0142y czas dogl\u0105da\u0107, co dzieje si\u0119 z dzieckiem. To wygodna opcja, aczkolwiek ju\u017c w p\u00f3\u017aniejszych latach mocno kontrowersyjna i ingeruj\u0105ca w jego prywatno\u015b\u0107. W kontek\u015bcie niemowl\u0105t, o ile bud\u017cet nam na to pozwala, warto rozpatrzy\u0107 takie rozwi\u0105zania dla w\u0142asnego komfortu oraz poczucia bezpiecze\u0144stwa.<\/p>\n\n\n\n<p>Pomog\u0105 ma\u0142e, drobne elementy jak termometr powietrza w pokoju czy antypo\u015blizgowy dywan, lecz generalnie to nie ma co by\u0107 zbyt przewra\u017cliwionym. Sami wszyscy wychowali\u015bmy si\u0119 w bardziej ekstremalnych warunkach i to naturalne, \u017ce dziecko je\u015bli ma okazj\u0119 si\u0119 gdzie\u015b wspi\u0105\u0107 lub poci\u0105gn\u0105\u0107 za wystaj\u0105ce elementy, najpewniej to zrobi. Po prostu miejmy to na uwadze, instaluj\u0105c rolety ze sznurkami czy d\u0142ugie zas\u0142ony. Nie polecamy te\u017c pozostawia\u0107 ma\u0142ych element\u00f3w ani drobnych ozdobnik\u00f3w, bo co do zasady malutkie dzieci lubi\u0105 posili\u0107 si\u0119 wszystkim, co znajd\u0105. Z du\u017c\u0105 doz\u0105 prawdopodobie\u0144stwa wszelkie malutkie przedmioty mog\u0105 wyl\u0105dowa\u0107 w buzi.<\/p>\n\n\n\n<p>Ponad wszystko apelujemy jednak, aby nie \u017cy\u0107 w strachu i przewra\u017cliwieniu, tylko stworzy\u0107 minimalistyczny, funkcjonalny i \u0142atwy w modyfikacji pok\u00f3j dla niemowlaka. Nie zagracajmy go, przygotujmy si\u0119, \u017ce to b\u0119dzie plac boju i naturalna d\u017cungla naszego potomka i po prostu pozw\u00f3lmy mu si\u0119 rozwija\u0107. My za to zadbajmy, aby czu\u0142 si\u0119 tam jak najlepiej i aby do nas r\u00f3wnie\u017c uderza\u0142a przytulna atmosfera. Aby za kilka lat z u\u015bmiechem us\u0142ysze\u0107: mamo, tato, chod\u017acie poka\u017c\u0119 wam m\u00f3j pi\u0119kny pok\u00f3j!<\/p>\n\n\n\n<hr class=\"wp-block-separator has-alpha-channel-opacity\"\/>\n\n\n\n<p><strong>\u0179r\u00f3d\u0142a:<\/strong><\/p>\n\n\n<ol class=\"wp-block-footnotes\"><li id=\"cc93869a-6d2f-44da-84d6-b006e0bc15e1\"><a href=\"https:\/\/www.sciencedaily.com\/releases\/2020\/02\/200205132259.htm\">https:\/\/www.sciencedaily.com\/releases\/2020\/02\/200205132259.htm<\/a> <a href=\"#cc93869a-6d2f-44da-84d6-b006e0bc15e1-link\" aria-label=\"Przejd\u017a do przypisu 1\">\u21a9\ufe0e<\/a><\/li><\/ol>","protected":false},"excerpt":{"rendered":"<p>Dzisiaj zabierzemy si\u0119 za temat planowania pokoju dla noworodka. W naszym \u017cyciu nadchodzi co\u015b wyj\u0105tkowego i niezapomnianego, dlatego wypada\u0142oby wej\u015b\u0107 w ten etap z dobrym, funkcjonalnym, przemy\u015blanym projektem.<\/p>\n","protected":false},"author":3,"featured_media":408,"comment_status":"closed","ping_status":"closed","sticky":false,"template":"","format":"standard","meta":{"footnotes":"[{\"content\":\"<a href=\\\"https:\/\/www.sciencedaily.com\/releases\/2020\/02\/200205132259.htm\\\">https:\/\/www.sciencedaily.com\/releases\/2020\/02\/200205132259.htm<\/a>\",\"id\":\"cc93869a-6d2f-44da-84d6-b006e0bc15e1\"}]"},"categories":[10],"tags":[],"class_list":["post-403","post","type-post","status-publish","format-standard","has-post-thumbnail","hentry","category-pokoj-dzieciecy"],"acf":[],"yoast_head":"<!-- This site is optimized with the Yoast SEO plugin v27.4 - https:\/\/yoast.com\/product\/yoast-seo-wordpress\/ -->\n<title>Pok\u00f3j niemowlaka - Jak urz\u0105dzi\u0107 pok\u00f3j dla niemowlaka? - Proplo<\/title>\n<meta name=\"description\" content=\"Jak urz\u0105dzi\u0107 ma\u0142y pok\u00f3j dla niemowlaka? Inspiracje naniewielki, ale funkcjonalny pok\u00f3j dla noworodka \u2013 rozwi\u0105zania dla ch\u0142opcai dziewczynki.\" \/>\n<meta name=\"robots\" content=\"index, follow, max-snippet:-1, max-image-preview:large, max-video-preview:-1\" \/>\n<link rel=\"canonical\" href=\"https:\/\/proplo.pl\/blog\/pokoj-niemowlaka-jak-urzadzic-pokoj-dla-niemowlaka\/\" \/>\n<meta property=\"og:locale\" content=\"pl_PL\" \/>\n<meta property=\"og:type\" content=\"article\" \/>\n<meta property=\"og:title\" content=\"Pok\u00f3j niemowlaka - Jak urz\u0105dzi\u0107 pok\u00f3j dla niemowlaka? - Proplo\" \/>\n<meta property=\"og:description\" content=\"Jak urz\u0105dzi\u0107 ma\u0142y pok\u00f3j dla niemowlaka? Inspiracje naniewielki, ale funkcjonalny pok\u00f3j dla noworodka \u2013 rozwi\u0105zania dla ch\u0142opcai dziewczynki.\" \/>\n<meta property=\"og:url\" content=\"https:\/\/proplo.pl\/blog\/pokoj-niemowlaka-jak-urzadzic-pokoj-dla-niemowlaka\/\" \/>\n<meta property=\"og:site_name\" content=\"Poradnik wn\u0119trzarski - Proplo\" \/>\n<meta property=\"article:published_time\" content=\"2025-01-21T11:06:10+00:00\" \/>\n<meta property=\"article:modified_time\" content=\"2025-04-30T09:20:28+00:00\" \/>\n<meta property=\"og:image\" content=\"https:\/\/proplo.pl\/blog\/wp-content\/uploads\/2025\/01\/Pokoj-niemowlaka-jak-urza\u0328dzic-pokoj-dla-niemowlaka.png\" \/>\n\t<meta property=\"og:image:width\" content=\"1200\" \/>\n\t<meta property=\"og:image:height\" content=\"800\" \/>\n\t<meta property=\"og:image:type\" content=\"image\/png\" \/>\n<meta name=\"author\" content=\"Proplo\" \/>\n<meta name=\"twitter:card\" content=\"summary_large_image\" \/>\n<meta name=\"twitter:label1\" content=\"Napisane przez\" \/>\n\t<meta name=\"twitter:data1\" content=\"Proplo\" \/>\n\t<meta name=\"twitter:label2\" content=\"Szacowany czas czytania\" \/>\n\t<meta name=\"twitter:data2\" content=\"18 minut\" \/>\n<script type=\"application\/ld+json\" class=\"yoast-schema-graph\">{\"@context\":\"https:\\\/\\\/schema.org\",\"@graph\":[{\"@type\":\"Article\",\"@id\":\"https:\\\/\\\/proplo.pl\\\/blog\\\/pokoj-niemowlaka-jak-urzadzic-pokoj-dla-niemowlaka\\\/#article\",\"isPartOf\":{\"@id\":\"https:\\\/\\\/proplo.pl\\\/blog\\\/pokoj-niemowlaka-jak-urzadzic-pokoj-dla-niemowlaka\\\/\"},\"author\":{\"name\":\"Proplo\",\"@id\":\"https:\\\/\\\/proplo.pl\\\/blog\\\/#\\\/schema\\\/person\\\/c13af99097d24e9fc2b86b838c0fd0e1\"},\"headline\":\"Pok\u00f3j niemowlaka &#8211; jak urz\u0105dzi\u0107 pok\u00f3j dla niemowlaka\",\"datePublished\":\"2025-01-21T11:06:10+00:00\",\"dateModified\":\"2025-04-30T09:20:28+00:00\",\"mainEntityOfPage\":{\"@id\":\"https:\\\/\\\/proplo.pl\\\/blog\\\/pokoj-niemowlaka-jak-urzadzic-pokoj-dla-niemowlaka\\\/\"},\"wordCount\":3219,\"image\":{\"@id\":\"https:\\\/\\\/proplo.pl\\\/blog\\\/pokoj-niemowlaka-jak-urzadzic-pokoj-dla-niemowlaka\\\/#primaryimage\"},\"thumbnailUrl\":\"https:\\\/\\\/proplo.pl\\\/blog\\\/wp-content\\\/uploads\\\/2025\\\/01\\\/Pokoj-niemowlaka-jak-urza\u0328dzic-pokoj-dla-niemowlaka.png\",\"articleSection\":[\"Pok\u00f3j dzieci\u0119cy\"],\"inLanguage\":\"pl-PL\"},{\"@type\":\"WebPage\",\"@id\":\"https:\\\/\\\/proplo.pl\\\/blog\\\/pokoj-niemowlaka-jak-urzadzic-pokoj-dla-niemowlaka\\\/\",\"url\":\"https:\\\/\\\/proplo.pl\\\/blog\\\/pokoj-niemowlaka-jak-urzadzic-pokoj-dla-niemowlaka\\\/\",\"name\":\"Pok\u00f3j niemowlaka - Jak urz\u0105dzi\u0107 pok\u00f3j dla niemowlaka? - Proplo\",\"isPartOf\":{\"@id\":\"https:\\\/\\\/proplo.pl\\\/blog\\\/#website\"},\"primaryImageOfPage\":{\"@id\":\"https:\\\/\\\/proplo.pl\\\/blog\\\/pokoj-niemowlaka-jak-urzadzic-pokoj-dla-niemowlaka\\\/#primaryimage\"},\"image\":{\"@id\":\"https:\\\/\\\/proplo.pl\\\/blog\\\/pokoj-niemowlaka-jak-urzadzic-pokoj-dla-niemowlaka\\\/#primaryimage\"},\"thumbnailUrl\":\"https:\\\/\\\/proplo.pl\\\/blog\\\/wp-content\\\/uploads\\\/2025\\\/01\\\/Pokoj-niemowlaka-jak-urza\u0328dzic-pokoj-dla-niemowlaka.png\",\"datePublished\":\"2025-01-21T11:06:10+00:00\",\"dateModified\":\"2025-04-30T09:20:28+00:00\",\"author\":{\"@id\":\"https:\\\/\\\/proplo.pl\\\/blog\\\/#\\\/schema\\\/person\\\/c13af99097d24e9fc2b86b838c0fd0e1\"},\"description\":\"Jak urz\u0105dzi\u0107 ma\u0142y pok\u00f3j dla niemowlaka? Inspiracje naniewielki, ale funkcjonalny pok\u00f3j dla noworodka \u2013 rozwi\u0105zania dla ch\u0142opcai dziewczynki.\",\"breadcrumb\":{\"@id\":\"https:\\\/\\\/proplo.pl\\\/blog\\\/pokoj-niemowlaka-jak-urzadzic-pokoj-dla-niemowlaka\\\/#breadcrumb\"},\"inLanguage\":\"pl-PL\",\"potentialAction\":[{\"@type\":\"ReadAction\",\"target\":[\"https:\\\/\\\/proplo.pl\\\/blog\\\/pokoj-niemowlaka-jak-urzadzic-pokoj-dla-niemowlaka\\\/\"]}]},{\"@type\":\"ImageObject\",\"inLanguage\":\"pl-PL\",\"@id\":\"https:\\\/\\\/proplo.pl\\\/blog\\\/pokoj-niemowlaka-jak-urzadzic-pokoj-dla-niemowlaka\\\/#primaryimage\",\"url\":\"https:\\\/\\\/proplo.pl\\\/blog\\\/wp-content\\\/uploads\\\/2025\\\/01\\\/Pokoj-niemowlaka-jak-urza\u0328dzic-pokoj-dla-niemowlaka.png\",\"contentUrl\":\"https:\\\/\\\/proplo.pl\\\/blog\\\/wp-content\\\/uploads\\\/2025\\\/01\\\/Pokoj-niemowlaka-jak-urza\u0328dzic-pokoj-dla-niemowlaka.png\",\"width\":1200,\"height\":800,\"caption\":\"Pok\u00f3j dzieci\u0119cy z ciemnoniebieskimi \u015bcianami i bia\u0142ym \u0142\u00f3\u017ceczkiem\"},{\"@type\":\"BreadcrumbList\",\"@id\":\"https:\\\/\\\/proplo.pl\\\/blog\\\/pokoj-niemowlaka-jak-urzadzic-pokoj-dla-niemowlaka\\\/#breadcrumb\",\"itemListElement\":[{\"@type\":\"ListItem\",\"position\":1,\"name\":\"Proplo\",\"item\":\"https:\\\/\\\/proplo.pl\"},{\"@type\":\"ListItem\",\"position\":2,\"name\":\"Poradnik wn\u0119trzarski\",\"item\":\"https:\\\/\\\/proplo.pl\\\/blog\\\/\"},{\"@type\":\"ListItem\",\"position\":3,\"name\":\"Pok\u00f3j niemowlaka &#8211; jak urz\u0105dzi\u0107 pok\u00f3j dla niemowlaka\"}]},{\"@type\":\"WebSite\",\"@id\":\"https:\\\/\\\/proplo.pl\\\/blog\\\/#website\",\"url\":\"https:\\\/\\\/proplo.pl\\\/blog\\\/\",\"name\":\"Blog Proplo\",\"description\":\"\",\"potentialAction\":[{\"@type\":\"SearchAction\",\"target\":{\"@type\":\"EntryPoint\",\"urlTemplate\":\"https:\\\/\\\/proplo.pl\\\/blog\\\/?s={search_term_string}\"},\"query-input\":{\"@type\":\"PropertyValueSpecification\",\"valueRequired\":true,\"valueName\":\"search_term_string\"}}],\"inLanguage\":\"pl-PL\"},{\"@type\":\"Person\",\"@id\":\"https:\\\/\\\/proplo.pl\\\/blog\\\/#\\\/schema\\\/person\\\/c13af99097d24e9fc2b86b838c0fd0e1\",\"name\":\"Proplo\",\"image\":{\"@type\":\"ImageObject\",\"inLanguage\":\"pl-PL\",\"@id\":\"https:\\\/\\\/secure.gravatar.com\\\/avatar\\\/176f908138148facd74b7d78fc677b53b24a54b63aacd8fc4e81a4da926e5f28?s=96&d=mm&r=g\",\"url\":\"https:\\\/\\\/secure.gravatar.com\\\/avatar\\\/176f908138148facd74b7d78fc677b53b24a54b63aacd8fc4e81a4da926e5f28?s=96&d=mm&r=g\",\"contentUrl\":\"https:\\\/\\\/secure.gravatar.com\\\/avatar\\\/176f908138148facd74b7d78fc677b53b24a54b63aacd8fc4e81a4da926e5f28?s=96&d=mm&r=g\",\"caption\":\"Proplo\"},\"url\":\"https:\\\/\\\/proplo.pl\\\/blog\\\/author\\\/r-marciniak\\\/\"}]}<\/script>\n<!-- \/ Yoast SEO plugin. -->","yoast_head_json":{"title":"Pok\u00f3j niemowlaka - Jak urz\u0105dzi\u0107 pok\u00f3j dla niemowlaka? - Proplo","description":"Jak urz\u0105dzi\u0107 ma\u0142y pok\u00f3j dla niemowlaka? Inspiracje naniewielki, ale funkcjonalny pok\u00f3j dla noworodka \u2013 rozwi\u0105zania dla ch\u0142opcai dziewczynki.","robots":{"index":"index","follow":"follow","max-snippet":"max-snippet:-1","max-image-preview":"max-image-preview:large","max-video-preview":"max-video-preview:-1"},"canonical":"https:\/\/proplo.pl\/blog\/pokoj-niemowlaka-jak-urzadzic-pokoj-dla-niemowlaka\/","og_locale":"pl_PL","og_type":"article","og_title":"Pok\u00f3j niemowlaka - Jak urz\u0105dzi\u0107 pok\u00f3j dla niemowlaka? - Proplo","og_description":"Jak urz\u0105dzi\u0107 ma\u0142y pok\u00f3j dla niemowlaka? Inspiracje naniewielki, ale funkcjonalny pok\u00f3j dla noworodka \u2013 rozwi\u0105zania dla ch\u0142opcai dziewczynki.","og_url":"https:\/\/proplo.pl\/blog\/pokoj-niemowlaka-jak-urzadzic-pokoj-dla-niemowlaka\/","og_site_name":"Poradnik wn\u0119trzarski - Proplo","article_published_time":"2025-01-21T11:06:10+00:00","article_modified_time":"2025-04-30T09:20:28+00:00","og_image":[{"width":1200,"height":800,"url":"https:\/\/proplo.pl\/blog\/wp-content\/uploads\/2025\/01\/Pokoj-niemowlaka-jak-urza\u0328dzic-pokoj-dla-niemowlaka.png","type":"image\/png"}],"author":"Proplo","twitter_card":"summary_large_image","twitter_misc":{"Napisane przez":"Proplo","Szacowany czas czytania":"18 minut"},"schema":{"@context":"https:\/\/schema.org","@graph":[{"@type":"Article","@id":"https:\/\/proplo.pl\/blog\/pokoj-niemowlaka-jak-urzadzic-pokoj-dla-niemowlaka\/#article","isPartOf":{"@id":"https:\/\/proplo.pl\/blog\/pokoj-niemowlaka-jak-urzadzic-pokoj-dla-niemowlaka\/"},"author":{"name":"Proplo","@id":"https:\/\/proplo.pl\/blog\/#\/schema\/person\/c13af99097d24e9fc2b86b838c0fd0e1"},"headline":"Pok\u00f3j niemowlaka &#8211; jak urz\u0105dzi\u0107 pok\u00f3j dla niemowlaka","datePublished":"2025-01-21T11:06:10+00:00","dateModified":"2025-04-30T09:20:28+00:00","mainEntityOfPage":{"@id":"https:\/\/proplo.pl\/blog\/pokoj-niemowlaka-jak-urzadzic-pokoj-dla-niemowlaka\/"},"wordCount":3219,"image":{"@id":"https:\/\/proplo.pl\/blog\/pokoj-niemowlaka-jak-urzadzic-pokoj-dla-niemowlaka\/#primaryimage"},"thumbnailUrl":"https:\/\/proplo.pl\/blog\/wp-content\/uploads\/2025\/01\/Pokoj-niemowlaka-jak-urza\u0328dzic-pokoj-dla-niemowlaka.png","articleSection":["Pok\u00f3j dzieci\u0119cy"],"inLanguage":"pl-PL"},{"@type":"WebPage","@id":"https:\/\/proplo.pl\/blog\/pokoj-niemowlaka-jak-urzadzic-pokoj-dla-niemowlaka\/","url":"https:\/\/proplo.pl\/blog\/pokoj-niemowlaka-jak-urzadzic-pokoj-dla-niemowlaka\/","name":"Pok\u00f3j niemowlaka - Jak urz\u0105dzi\u0107 pok\u00f3j dla niemowlaka? - Proplo","isPartOf":{"@id":"https:\/\/proplo.pl\/blog\/#website"},"primaryImageOfPage":{"@id":"https:\/\/proplo.pl\/blog\/pokoj-niemowlaka-jak-urzadzic-pokoj-dla-niemowlaka\/#primaryimage"},"image":{"@id":"https:\/\/proplo.pl\/blog\/pokoj-niemowlaka-jak-urzadzic-pokoj-dla-niemowlaka\/#primaryimage"},"thumbnailUrl":"https:\/\/proplo.pl\/blog\/wp-content\/uploads\/2025\/01\/Pokoj-niemowlaka-jak-urza\u0328dzic-pokoj-dla-niemowlaka.png","datePublished":"2025-01-21T11:06:10+00:00","dateModified":"2025-04-30T09:20:28+00:00","author":{"@id":"https:\/\/proplo.pl\/blog\/#\/schema\/person\/c13af99097d24e9fc2b86b838c0fd0e1"},"description":"Jak urz\u0105dzi\u0107 ma\u0142y pok\u00f3j dla niemowlaka? Inspiracje naniewielki, ale funkcjonalny pok\u00f3j dla noworodka \u2013 rozwi\u0105zania dla ch\u0142opcai dziewczynki.","breadcrumb":{"@id":"https:\/\/proplo.pl\/blog\/pokoj-niemowlaka-jak-urzadzic-pokoj-dla-niemowlaka\/#breadcrumb"},"inLanguage":"pl-PL","potentialAction":[{"@type":"ReadAction","target":["https:\/\/proplo.pl\/blog\/pokoj-niemowlaka-jak-urzadzic-pokoj-dla-niemowlaka\/"]}]},{"@type":"ImageObject","inLanguage":"pl-PL","@id":"https:\/\/proplo.pl\/blog\/pokoj-niemowlaka-jak-urzadzic-pokoj-dla-niemowlaka\/#primaryimage","url":"https:\/\/proplo.pl\/blog\/wp-content\/uploads\/2025\/01\/Pokoj-niemowlaka-jak-urza\u0328dzic-pokoj-dla-niemowlaka.png","contentUrl":"https:\/\/proplo.pl\/blog\/wp-content\/uploads\/2025\/01\/Pokoj-niemowlaka-jak-urza\u0328dzic-pokoj-dla-niemowlaka.png","width":1200,"height":800,"caption":"Pok\u00f3j dzieci\u0119cy z ciemnoniebieskimi \u015bcianami i bia\u0142ym \u0142\u00f3\u017ceczkiem"},{"@type":"BreadcrumbList","@id":"https:\/\/proplo.pl\/blog\/pokoj-niemowlaka-jak-urzadzic-pokoj-dla-niemowlaka\/#breadcrumb","itemListElement":[{"@type":"ListItem","position":1,"name":"Proplo","item":"https:\/\/proplo.pl"},{"@type":"ListItem","position":2,"name":"Poradnik wn\u0119trzarski","item":"https:\/\/proplo.pl\/blog\/"},{"@type":"ListItem","position":3,"name":"Pok\u00f3j niemowlaka &#8211; jak urz\u0105dzi\u0107 pok\u00f3j dla niemowlaka"}]},{"@type":"WebSite","@id":"https:\/\/proplo.pl\/blog\/#website","url":"https:\/\/proplo.pl\/blog\/","name":"Blog Proplo","description":"","potentialAction":[{"@type":"SearchAction","target":{"@type":"EntryPoint","urlTemplate":"https:\/\/proplo.pl\/blog\/?s={search_term_string}"},"query-input":{"@type":"PropertyValueSpecification","valueRequired":true,"valueName":"search_term_string"}}],"inLanguage":"pl-PL"},{"@type":"Person","@id":"https:\/\/proplo.pl\/blog\/#\/schema\/person\/c13af99097d24e9fc2b86b838c0fd0e1","name":"Proplo","image":{"@type":"ImageObject","inLanguage":"pl-PL","@id":"https:\/\/secure.gravatar.com\/avatar\/176f908138148facd74b7d78fc677b53b24a54b63aacd8fc4e81a4da926e5f28?s=96&d=mm&r=g","url":"https:\/\/secure.gravatar.com\/avatar\/176f908138148facd74b7d78fc677b53b24a54b63aacd8fc4e81a4da926e5f28?s=96&d=mm&r=g","contentUrl":"https:\/\/secure.gravatar.com\/avatar\/176f908138148facd74b7d78fc677b53b24a54b63aacd8fc4e81a4da926e5f28?s=96&d=mm&r=g","caption":"Proplo"},"url":"https:\/\/proplo.pl\/blog\/author\/r-marciniak\/"}]}},"_links":{"self":[{"href":"https:\/\/proplo.pl\/blog\/wp-json\/wp\/v2\/posts\/403","targetHints":{"allow":["GET"]}}],"collection":[{"href":"https:\/\/proplo.pl\/blog\/wp-json\/wp\/v2\/posts"}],"about":[{"href":"https:\/\/proplo.pl\/blog\/wp-json\/wp\/v2\/types\/post"}],"author":[{"embeddable":true,"href":"https:\/\/proplo.pl\/blog\/wp-json\/wp\/v2\/users\/3"}],"replies":[{"embeddable":true,"href":"https:\/\/proplo.pl\/blog\/wp-json\/wp\/v2\/comments?post=403"}],"version-history":[{"count":5,"href":"https:\/\/proplo.pl\/blog\/wp-json\/wp\/v2\/posts\/403\/revisions"}],"predecessor-version":[{"id":525,"href":"https:\/\/proplo.pl\/blog\/wp-json\/wp\/v2\/posts\/403\/revisions\/525"}],"wp:featuredmedia":[{"embeddable":true,"href":"https:\/\/proplo.pl\/blog\/wp-json\/wp\/v2\/media\/408"}],"wp:attachment":[{"href":"https:\/\/proplo.pl\/blog\/wp-json\/wp\/v2\/media?parent=403"}],"wp:term":[{"taxonomy":"category","embeddable":true,"href":"https:\/\/proplo.pl\/blog\/wp-json\/wp\/v2\/categories?post=403"},{"taxonomy":"post_tag","embeddable":true,"href":"https:\/\/proplo.pl\/blog\/wp-json\/wp\/v2\/tags?post=403"}],"curies":[{"name":"wp","href":"https:\/\/api.w.org\/{rel}","templated":true}]}}