{"id":336,"date":"2025-01-07T10:21:11","date_gmt":"2025-01-07T10:21:11","guid":{"rendered":"https:\/\/proplo.pl\/blog\/?p=336"},"modified":"2025-03-06T20:16:37","modified_gmt":"2025-03-06T20:16:37","slug":"jak-urzadzic-kawalerke","status":"publish","type":"post","link":"https:\/\/proplo.pl\/blog\/jak-urzadzic-kawalerke\/","title":{"rendered":"Kawalerka &#8211; jak urz\u0105dzi\u0107 kawalerk\u0119 w nowoczesny spos\u00f3b?"},"content":{"rendered":"<div class=\"you-find-content\">\r\n    <div class=\"container-xl container-wrapper\">\r\n        <div class=\"row design\">\r\n            <div class=\"col-md-12 wrapper \">\r\n                <div class=\"title\"><p><em>Z tego artyku\u0142u dowiesz si\u0119<\/em>:<\/p>\n<\/div>\r\n                <div class=\"grid-wrapper\">\r\n                                                        <div class=\"block-list\">\r\n                        <div class=\"number\">\r\n                            1                        <\/div>\r\n                        <div class=\"text\">\r\n                            <p>Jakie s\u0105 kluczowe zasady aran\u017cacji kawalerki?<\/p>\n                        <\/div>\r\n                    <\/div>\r\n                                        <div class=\"block-list\">\r\n                        <div class=\"number\">\r\n                            2                        <\/div>\r\n                        <div class=\"text\">\r\n                            <p>Jak wydziela\u0107 przestrzenie w kawalerce?<\/p>\n                        <\/div>\r\n                    <\/div>\r\n                                        <div class=\"block-list\">\r\n                        <div class=\"number\">\r\n                            3                        <\/div>\r\n                        <div class=\"text\">\r\n                            <p>Jakie meble s\u0105 polecane do kawalerek?<\/p>\n                        <\/div>\r\n                    <\/div>\r\n                                        <div class=\"block-list\">\r\n                        <div class=\"number\">\r\n                            4                        <\/div>\r\n                        <div class=\"text\">\r\n                            <p>Dlaczego warto my\u015ble\u0107 o detalach w kawalerce?<\/p>\n                        <\/div>\r\n                    <\/div>\r\n                                                    <\/div>\r\n            <\/div>\r\n        <\/div>\r\n    <\/div>\r\n<\/div>\n\n\n<p>Nowoczesne kawalerki to powszechne rozwi\u0105zanie i coraz cz\u0119\u015bciej wybierany typ mieszkania. Zar\u00f3wno przez tych szukaj\u0105cych inwestycji, jak i chc\u0105cych przenie\u015b\u0107 si\u0119 na swoje. Podpowiemy wam, jak urz\u0105dzi\u0107 tak\u0105 kawalerk\u0119.<\/p>\n\n\n\n<p>Dobra aran\u017cacja w\u0142asnego gniazdka to podstawa sukcesu. Niezale\u017cnie, czy to nasz pierwszy samodzielny wynajem, czy ju\u017c powa\u017cniejsza, doros\u0142a inwestycja, musimy z g\u0142ow\u0105 podej\u015b\u0107 do tematu wykorzystania przestrzeni, aby w pe\u0142ni cieszy\u0107 si\u0119 tymi czterema \u015bcianami. Nawet 30 m2 mo\u017cna umiej\u0119tnie zagospodarowa\u0107, o ile tylko b\u0119dziemy mieli pomys\u0142 na t\u0119 inwestycj\u0119.<\/p>\n\n\n\n<h2 class=\"wp-block-heading\">Jak urz\u0105dzi\u0107 kawalerk\u0119 &#8211; najwa\u017cniejsze zasady aran\u017cacji kawalerek<\/h2>\n\n\n\n<p>Kluczowa b\u0119dzie wielofunkcyjno\u015b\u0107 i zrezygnowanie ze zb\u0119dnych dodatk\u00f3w, kt\u00f3re tylko skradn\u0105 nam metra\u017c. W przypadku kawalerki powinni\u015bmy ograniczy\u0107 si\u0119 do absolutnie niezb\u0119dnych element\u00f3w, aby zadba\u0107 o dobre samopoczucie. Najwa\u017cniejsz\u0105 zasad\u0105 jest rozdzielenie przestrzeni, cho\u0107by symbolicznie, aby nasz organizm wiedzia\u0142, kiedy pracujemy, gotujemy czy odpoczywamy. Sofa nie mo\u017ce s\u0142u\u017cy\u0107 za centrum dowodzenia, jadalni\u0119 i wypoczynek.<\/p>\n\n\n\n<p>Nikt na tak ograniczonym metra\u017cu nie b\u0119dzie stawia\u0142 \u015bcian dzia\u0142owych, lecz warto wydzieli\u0107 r\u00f3\u017cne przestrzenie \u2013 cho\u0107by rega\u0142em, dywanem czy nawet innym kolorem \u015bciany przy \u0142\u00f3\u017cku. Nasz m\u00f3zg musi dosta\u0107 sygna\u0142 nie tylko poprzez czyny, ale r\u00f3wnie\u017c wizualne r\u00f3\u017cnice, \u017ce zmieniaj\u0105c pozycj\u0119, przechodzimy w inny tryb dzia\u0142ania.<\/p>\n\n\n\n<p>W tym projekcie dominowa\u0107 b\u0119dzie minimalizm. Pami\u0119tajmy, aby jak najlepiej wykorzysta\u0107 ka\u017cdy mebel \u2013 sk\u0142adana sofa mo\u017ce s\u0142u\u017cy\u0107 za \u0142\u00f3\u017cko, a niewielki rozk\u0142adany stolik w razie potrzeby zamieni\u0107 si\u0119 te\u017c w miejsce wi\u0119kszej uczty. Niech ka\u017cdy metr b\u0119dzie wykorzystany i spe\u0142nia swoj\u0105 funkcj\u0119. A tych podstawowych jest ledwie kilka \u2013&nbsp;potrzebujemy skromnej, funkcjonalnej kuchni do gotowania, wygodnego \u0142\u00f3\u017cka do snu i odpoczynku, a tak\u017ce st\u00f3\u0142 b\u0105d\u017a biurko, gdzie b\u0119dziemy pracowa\u0107, a by\u0107 mo\u017ce r\u00f3wnie\u017c je\u015b\u0107 posi\u0142ki. Idealnie by\u0142oby rozdzieli\u0107 t\u0119 ostatni\u0105 przestrze\u0144, lecz zak\u0142adamy, \u017ce to mo\u017ce by\u0107 problematyczne przy tak ma\u0142ym uk\u0142adzie, aby zmie\u015bci\u0107 zar\u00f3wno st\u00f3\u0142, jak i biurko. Wystarczy, \u017ce dobrze zadbamy o czysto\u015b\u0107 tego miejsca, a wyra\u017anie pomo\u017cemy naszej higienie pracy i funkcjonowania.<\/p>\n\n\n\n<figure class=\"wp-block-image size-full\"><a href=\"https:\/\/proplo.pl\/profile\/yster-architects-kamila-janiak\/kawalerka-720\"><img loading=\"lazy\" decoding=\"async\" width=\"1200\" height=\"800\" src=\"https:\/\/proplo.pl\/blog\/wp-content\/uploads\/2025\/01\/jak-urzadzic-kawalerke-aranzacja-kawalerki.png\" alt=\"Wn\u0119trze kawalerski - aran\u017cacja w stylu industrialnym i minimalistycznym z bia\u0142\u0105 sof\u0105.\" class=\"wp-image-338\" srcset=\"https:\/\/proplo.pl\/blog\/wp-content\/uploads\/2025\/01\/jak-urzadzic-kawalerke-aranzacja-kawalerki.png 1200w, https:\/\/proplo.pl\/blog\/wp-content\/uploads\/2025\/01\/jak-urzadzic-kawalerke-aranzacja-kawalerki-300x200.png 300w, https:\/\/proplo.pl\/blog\/wp-content\/uploads\/2025\/01\/jak-urzadzic-kawalerke-aranzacja-kawalerki-768x512.png 768w, https:\/\/proplo.pl\/blog\/wp-content\/uploads\/2025\/01\/jak-urzadzic-kawalerke-aranzacja-kawalerki-1024x683.png 1024w, https:\/\/proplo.pl\/blog\/wp-content\/uploads\/2025\/01\/jak-urzadzic-kawalerke-aranzacja-kawalerki-480x320.png 480w\" sizes=\"auto, (max-width: 1200px) 100vw, 1200px\" \/><\/a><figcaption class=\"wp-element-caption\">Projekt: <a href=\"https:\/\/proplo.pl\/profile\/yster-architects-kamila-janiak\">YSTER Architects Kamila Janiak<\/a><\/figcaption><\/figure>\n\n\n\n<h3 class=\"wp-block-heading\">Pomys\u0142y na kawalerk\u0119 &#8211; postaw na funkcjonalne meble<\/h3>\n\n\n\n<p>Je\u015bli chodzi o funkcjonalno\u015b\u0107<sup data-fn=\"93566d16-6d77-4d75-9563-1487c30cb21f\" class=\"fn\"><a id=\"93566d16-6d77-4d75-9563-1487c30cb21f-link\" href=\"#93566d16-6d77-4d75-9563-1487c30cb21f\">1<\/a><\/sup>, to najwa\u017cniejsze b\u0119dzie przechowywanie naszych rzeczy \u2013 nie chc\u0105c marnowa\u0107 przestrzeni, powinni\u015bmy zdecydowa\u0107 si\u0119 na du\u017c\u0105 szaf\u0119 a\u017c do sufitu, aby zagospodarowa\u0107 ka\u017cdy centymetr. Je\u015bli wolimy du\u017cy, otwarty rega\u0142, to powinni\u015bmy zaopatrzy\u0107 si\u0119 w pude\u0142ka, klasery na dokumenty czy schowki, aby nie pozostawia\u0107 wszystkiego na widoku.<\/p>\n\n\n\n<p>\u0141\u00f3\u017cko z ca\u0142\u0105 pewno\u015bci\u0105 b\u0119dzie s\u0142u\u017cy\u0107 nam za sof\u0119 (albo na odwr\u00f3t), dlatego opr\u00f3cz wygody warto postawi\u0107 na takie aspekty jak \u0142atwo\u015b\u0107 i szybko\u015b\u0107 sk\u0142adania go. To szalenie wa\u017cne, bo je\u015bli rozlenimy si\u0119 i pozostaniemy z rozwalonym \u0142\u00f3\u017ckiem przez ca\u0142y dzie\u0144, to znacz\u0105co wp\u0142ynie na nasz umys\u0142. On jednak potrzebuje sygna\u0142\u00f3w do dzia\u0142ania takich jak przygotowanie si\u0119 do dnia, k\u0105piel, zmiana ubrania czy w\u0142a\u015bnie przej\u015bcie w tryb dzienny. Poszukuj\u0105c sofy, warto my\u015ble\u0107 nie tylko o cenie czy wymiarach, ale w\u0142a\u015bnie wygodzie, komforcie rozk\u0142adania, a tak\u017ce materiale \u0142atwym do czyszczenia.<\/p>\n\n\n\n<p>O ile mo\u017cemy sobie pozwoli\u0107 zar\u00f3wno na \u0142\u00f3\u017cko, jak i niewielk\u0105 sof\u0119, to raczej starajmy si\u0119 szanowa\u0107 pozosta\u0142\u0105 cz\u0119\u015b\u0107 przestrzeni. Je\u015bli stolik kawowy, to malutki i najlepiej sk\u0142adany. Je\u015bli st\u00f3\u0142 to \u2013&nbsp;podobnie \u2013 taki, kt\u00f3ry z \u0142atwo\u015bci\u0105 przeniesiemy i zagospodarujemy w inny spos\u00f3b. W przypadku sto\u0142u z dwoma krzese\u0142kami w \u0142atwy spos\u00f3b mo\u017cemy szachowa\u0107 naszymi potrzebami \u2013&nbsp;na przyk\u0142ad siada\u0107 plecami do okna, gdy jemy, a zajmowa\u0107 miejsce po drugiej stronie twarz\u0105 do okna, kiedy zabieramy si\u0119 do nauki czy pracy. To malutka zmiana, lecz wp\u0142ywaj\u0105ca na podej\u015bcie mentalne.<\/p>\n\n\n\n<p>Mo\u017cliwo\u015bci rozk\u0142adanych mebli s\u0105 dzisiaj pot\u0119\u017cne \u2013 biurko mo\u017ce by\u0107 przyczepione do \u015bciany i sk\u0142adanie na niej w razie potrzeby. Starajmy si\u0119 zagospodarowa\u0107 przestrze\u0144 w \u0142\u00f3\u017cku albo pod nim (warto sprawdzi\u0107 opcj\u0119 \u0142\u00f3\u017cka z szufladami pod spodem) i przede wszystkim pami\u0119tajmy, aby ograniczy\u0107 si\u0119 wy\u0142\u0105cznie do u\u017cywanych na co dzie\u0144 przedmiot\u00f3w. Mniej znaczy wi\u0119cej \u2013 aktualne tak w \u017cyciu, jak i przy nowoczesnych, eleganckich wyko\u0144czeniach.<\/p>\n\n\n\n<figure class=\"wp-block-image size-full\"><a href=\"https:\/\/proplo.pl\/profile\/wdesign\/kawalerka-37m2-456\"><img loading=\"lazy\" decoding=\"async\" width=\"1200\" height=\"800\" src=\"https:\/\/proplo.pl\/blog\/wp-content\/uploads\/2025\/01\/aranz\u0307acja-kawalerki-szklanymi-drzwiami.png\" alt=\"\nWn\u0119trze salonu z czarn\u0105 sof\u0105, szklanymi drzwiami i drewnianymi akcentami w stylu industrialnym.\" class=\"wp-image-341\" srcset=\"https:\/\/proplo.pl\/blog\/wp-content\/uploads\/2025\/01\/aranz\u0307acja-kawalerki-szklanymi-drzwiami.png 1200w, https:\/\/proplo.pl\/blog\/wp-content\/uploads\/2025\/01\/aranz\u0307acja-kawalerki-szklanymi-drzwiami-300x200.png 300w, https:\/\/proplo.pl\/blog\/wp-content\/uploads\/2025\/01\/aranz\u0307acja-kawalerki-szklanymi-drzwiami-768x512.png 768w, https:\/\/proplo.pl\/blog\/wp-content\/uploads\/2025\/01\/aranz\u0307acja-kawalerki-szklanymi-drzwiami-1024x683.png 1024w, https:\/\/proplo.pl\/blog\/wp-content\/uploads\/2025\/01\/aranz\u0307acja-kawalerki-szklanymi-drzwiami-480x320.png 480w\" sizes=\"auto, (max-width: 1200px) 100vw, 1200px\" \/><\/a><figcaption class=\"wp-element-caption\">Projekt: <a href=\"https:\/\/proplo.pl\/profile\/wdesign\">WDesign<\/a><\/figcaption><\/figure>\n\n\n\n<h3 class=\"wp-block-heading\">Aran\u017cacja kawalerki w odpowiednich kolorach \u015bcian<\/h3>\n\n\n\n<p>Kilka innych praktycznych porad: ja\u015bniejsze meble optycznie powi\u0119kszaj\u0105 przestrze\u0144, a je\u015bli jeszcze maj\u0105 wbudowane lampki, to tym bardziej o\u015bwietl\u0105 nasz\u0105 kawalerk\u0119. Najbardziej komfortow\u0105 baz\u0105 b\u0119d\u0105 kolory bia\u0142e i neutralne, wok\u00f3\u0142 kt\u00f3rych dalej mo\u017cemy lepi\u0107 reszt\u0119 projektu. Co wa\u017cne, je\u015bli osobi\u015bcie b\u0119dziecie odpowiedzialni za malowanie, zwr\u00f3\u0107cie uwag\u0119 na farby \u0142atwe w czyszczeniu i radz\u0105ce sobie z zabrudzeniami. Kawalerka ma to do siebie, \u017ce je\u015bli napa\u0107kasz w kuchni, to zarazem mo\u017cesz ubrudzi\u0107 biuro albo sof\u0119. W tej konfiguracji szczeg\u00f3lnie trzeba na to uwa\u017ca\u0107.<\/p>\n\n\n\n<p>Be\u017ce, kremy, jasne albo szare kolory \u2013 to wszystko sprawdzi si\u0119 doskonale. I nie trzeba ba\u0107 si\u0119 zmiany jednej \u015bciany cho\u0107by na motywy ceglane, betonowe czy nieco bardziej wzorzyste. Nigdy nie namawiamy do nudy, tylko do utrzymania odpowiedniej estetyki. Przy czym je\u015bli b\u0119dziemy bawi\u0107 si\u0119 w odstaj\u0105ce wzory i atrakcje na \u015bcianie, to nieznacznie, ale te\u017c okradniemy si\u0119 z ograniczonej przestrzeni. Dlatego lepiej i\u015b\u0107 bezpo\u015brednie w malunki, a nie wystaj\u0105ce dodatki na \u015bcianach. Efekt ombre, czyli przej\u015bcia z jasnego do ciemniejszego koloru, te\u017c pozytywnie powinien wp\u0142yn\u0105\u0107 na nasze odczucia, to znacz\u0105co doda energii i dynamizmu mieszkaniu.<\/p>\n\n\n\n<p>Nie b\u00f3jcie si\u0119 te\u017c i\u015b\u0107 w ciemniejsze barwy, ale niech to b\u0119dzie pewien fragment kawalerki \u2013 jedna \u015bciana, znacz\u0105ce dodatki, a nie g\u0142\u00f3wny, dominuj\u0105cy kolor. Nie zapominajmy te\u017c, \u017ce dobrym rozwi\u0105zaniem mo\u017ce by\u0107 lustro na wej\u015bciu do mieszkania \u2013 go\u015bcie lubi\u0105 przejrze\u0107 si\u0119 po powiedzeniu \u201edzie\u0144 dobry\u201d, my lubimy sprawdzi\u0107 nasz wygl\u0105d i stylizacj\u0119 na wyj\u015bciu, a \u015bwiat\u0142o lubi powi\u0119ksza\u0107 w ten spos\u00f3b korytarz. Lustro mo\u017cna zamontowa\u0107 nawet w du\u017cej szafie w formie drzwi albo w jej wn\u0119trzu. Ciekawym pomys\u0142em jest te\u017c wykorzystanie szafki na buty i jednocze\u015bnie garderoby na wej\u015bciu, bo tam te\u017c widzimy potencja\u0142, aby zamontowa\u0107 lustro.<\/p>\n\n\n\n<figure class=\"wp-block-image size-full\"><a href=\"https:\/\/proplo.pl\/profile\/funkcjonalne-wnetrze-studio-projektowania-wnetrz\/projekt-kawalerki-28m2-1003\"><img loading=\"lazy\" decoding=\"async\" width=\"1200\" height=\"800\" src=\"https:\/\/proplo.pl\/blog\/wp-content\/uploads\/2025\/01\/aranzacja-kawalerki-z-biurkiem-do-pracy.png\" alt=\"projekt kawalerski w jasnych barwach z biurkiem do pracy w salonie\" class=\"wp-image-342\" srcset=\"https:\/\/proplo.pl\/blog\/wp-content\/uploads\/2025\/01\/aranzacja-kawalerki-z-biurkiem-do-pracy.png 1200w, https:\/\/proplo.pl\/blog\/wp-content\/uploads\/2025\/01\/aranzacja-kawalerki-z-biurkiem-do-pracy-300x200.png 300w, https:\/\/proplo.pl\/blog\/wp-content\/uploads\/2025\/01\/aranzacja-kawalerki-z-biurkiem-do-pracy-768x512.png 768w, https:\/\/proplo.pl\/blog\/wp-content\/uploads\/2025\/01\/aranzacja-kawalerki-z-biurkiem-do-pracy-1024x683.png 1024w, https:\/\/proplo.pl\/blog\/wp-content\/uploads\/2025\/01\/aranzacja-kawalerki-z-biurkiem-do-pracy-480x320.png 480w\" sizes=\"auto, (max-width: 1200px) 100vw, 1200px\" \/><\/a><figcaption class=\"wp-element-caption\">Projekt: <a href=\"https:\/\/proplo.pl\/profile\/funkcjonalne-wnetrze-studio-projektowania-wnetrz\">Funkcjonalne wn\u0119trze &#8211; studio projektowania wn\u0119trz<\/a><\/figcaption><\/figure>\n\n\n\n<h3 class=\"wp-block-heading\">Jak urz\u0105dzi\u0107 kawalerk\u0119 w funkcjonalny spos\u00f3b? Wydziel strefy<\/h3>\n\n\n\n<p>Inspiracje na nasze kawalerki czerpiemy od projektant\u00f3w publikuj\u0105cych na Proplo, bo oni najlepiej wiedz\u0105, jak z pomys\u0142em i biglem podej\u015b\u0107 do tematu. Widzieli\u015bmy ju\u017c tutaj pi\u0119kne kawalerki dla singla w stylu skandynawskim czy nowoczesne, soft minimalistyczne wystroje mieszkania dla m\u0142odej pary. Naprawd\u0119 najwa\u017cniejsze to czu\u0107, \u017ce mieszkanie ma swoje odr\u0119bne strefy. Mi\u0119dzy kuchni\u0105, jadalni\u0105 a sypialni\u0105 musi by\u0107 odrobina przestrzeni i oddechu. Je\u015bli zadbamy o ten efekt, mieszkanie b\u0119dzie o wiele przyjemniejsze i znacznie bardziej funkcjonalne.<\/p>\n\n\n\n<p>Nowoczesne kawalerki charakteryzuj\u0105 si\u0119 tym, \u017ce jednak jeste\u015bmy w stanie odr\u00f3\u017cni\u0107 stref\u0119 nocn\u0105 od dziennej, miejsce relaksu od miejsca pracy, stref\u0119 przygotowania posi\u0142k\u00f3w od jedzenia ich. I wcale nie potrzeba wielkiej filozofii, aby zachowa\u0107 poczucie przestrzeni, jak i da\u0107 sobie oddech.<\/p>\n\n\n\n<p>Ju\u017c same meble robi\u0105 za nas robot\u0119, a je\u015bli metra\u017c pozwala mo\u017cemy wzmocni\u0107 ten efekt konkretnym rega\u0142em czy dywanem pod stolikiem, aby zaznaczy\u0107 na pod\u0142odze inn\u0105 kolorystyk\u0119. W ten spos\u00f3b dajemy sygna\u0142 g\u0142owie, \u017ce przenosimy si\u0119 do innej przestrzeni. Najlepiej urz\u0105dzona kawalerka to taka, kt\u00f3ra spe\u0142nia kilka r\u00f3l w zale\u017cno\u015bci od potrzeb w\u0142a\u015bnie za spraw\u0105 mobilnych, sk\u0142adanych mebli \u2013&nbsp;jak trzeba to zamieni si\u0119 w pi\u0119cioosobowe miejsce mini-imprezy, a jednocze\u015bnie mo\u017ce by\u0107 sanktuarium naszych bada\u0144 naukowych i biurem, w kt\u00f3rym zajmujemy si\u0119 powa\u017cnymi projektami. A wszystko zale\u017cy od tego, czy roz\u0142o\u017cymy stolik lub biurko, zmienimy ich lokalizacj\u0119 albo schowamy krzese\u0142ka.<\/p>\n\n\n\n<figure class=\"wp-block-image size-full\"><a href=\"https:\/\/proplo.pl\/profile\/aato-architektura-wnetrz\/kawalerka-w-warszawie-686\"><img loading=\"lazy\" decoding=\"async\" width=\"1200\" height=\"800\" src=\"https:\/\/proplo.pl\/blog\/wp-content\/uploads\/2025\/01\/aranzacja-kawalerki-z-wydzielona-sypialnia.png\" alt=\"Wn\u0119trze sypialni w kawalerce w stylu nowoczesnym i skandynawskim z be\u017cowym \u0142\u00f3\u017ckiem i szarymi \u015bcianami.\" class=\"wp-image-343\" srcset=\"https:\/\/proplo.pl\/blog\/wp-content\/uploads\/2025\/01\/aranzacja-kawalerki-z-wydzielona-sypialnia.png 1200w, https:\/\/proplo.pl\/blog\/wp-content\/uploads\/2025\/01\/aranzacja-kawalerki-z-wydzielona-sypialnia-300x200.png 300w, https:\/\/proplo.pl\/blog\/wp-content\/uploads\/2025\/01\/aranzacja-kawalerki-z-wydzielona-sypialnia-768x512.png 768w, https:\/\/proplo.pl\/blog\/wp-content\/uploads\/2025\/01\/aranzacja-kawalerki-z-wydzielona-sypialnia-1024x683.png 1024w, https:\/\/proplo.pl\/blog\/wp-content\/uploads\/2025\/01\/aranzacja-kawalerki-z-wydzielona-sypialnia-480x320.png 480w\" sizes=\"auto, (max-width: 1200px) 100vw, 1200px\" \/><\/a><figcaption class=\"wp-element-caption\">Projekt: <a href=\"https:\/\/proplo.pl\/profile\/aato-architektura-wnetrz\">Aato. Architektura Wn\u0119trz<\/a><\/figcaption><\/figure>\n\n\n\n<h2 class=\"wp-block-heading\">Aran\u017cacja ma\u0142ej kawalerki z aneksem kuchennym &#8211; jakie rozwi\u0105zania sprawdzaj\u0105 si\u0119 najlepiej?<\/h2>\n\n\n\n<p>Z w\u0142asnego do\u015bwiadczenia zasugerujemy, \u017ce dobrze mie\u0107 punkt centralny naszej kawalerki \u2013&nbsp;mo\u017ce to by\u0107 wyspa, blat albo po prostu stolik, przy kt\u00f3rym mog\u0105 zgromadzi\u0107 si\u0119 domownicy oraz go\u015bcie. Naturalny punkt spotka\u0144, wok\u00f3\u0142 kt\u00f3rego toczy si\u0119 \u017cycie kawalerki.<\/p>\n\n\n\n<p>My\u015bl\u0105c o wyko\u0144czeniu kuchni, dobrym rozwi\u0105zaniem s\u0105 szafki bez uchwyt\u00f3w, otwierane za pomoc\u0105 przyci\u015bni\u0119cia. To detal, ale w\u0142a\u015bnie takie drobiazg wp\u0142ywaj\u0105 na odbi\u00f3r przestrzeni. Je\u015bli to mo\u017cliwe, polecamy nie ogranicza\u0107 si\u0119 do lustra wy\u0142\u0105cznie w \u0142azience, bo odbijanie \u015bwiat\u0142a zawsze pomo\u017ce naszemu metra\u017cowi. Przy planowaniu kuchni warto zagospodarowa\u0107 miejsce do sufitu, zdecydowa\u0107 si\u0119 na systemy naro\u017cne, a tak\u017ce w\u0105skie szafki cargo, w kt\u00f3rych schowamy mn\u00f3stwo potrzebnych rzeczy. Lod\u00f3wka i zmywarka mog\u0105 by\u0107 elementami zabudowy, a w \u017cyciu singla naprawd\u0119 na palcach jednej r\u0119ki policzymy, kiedy u\u017cywali\u015bmy wi\u0119cej ni\u017c dw\u00f3ch palnik\u00f3w na raz. Warto my\u015ble\u0107 o takich rzeczach jak mikrofala z funkcj\u0105 piekarnika, aby nie dublowa\u0107 funkcji dw\u00f3ch urz\u0105dze\u0144. A dodatki? Takie jak czajnik, r\u0119kawice kuchenne czy uchwyty na chochelki mog\u0105 by\u0107 wyraziste i pokolorowa\u0107 nasz\u0105 neutraln\u0105 baz\u0119 kolorystyczn\u0105.<\/p>\n\n\n\n<p>Z pewno\u015bci\u0105 warto postawi\u0107 na ro\u015bliny, ale w miejscu, kt\u00f3re nie pozbawia nas przestrzeni. My\u015blmy te\u017c kompleksowo o ca\u0142ych \u015bcianach, gdzie wielokrotnie mo\u017cna zamontowa\u0107 system do powieszenia rowera, kurtek dla go\u015bci czy po prostu rega\u0142\u00f3w \u015bciennych. Nie wszystko musi by\u0107 stoj\u0105cym meblem, a jednocze\u015bnie zagwarantowa\u0107 bardzo fajny, funkcjonalny element. A je\u015bli nasze szafy nie si\u0119gaj\u0105 sufitu, to zawsze warto pomy\u015ble\u0107 o pude\u0142kach b\u0105d\u017a organizerach do umieszczenia na ich g\u00f3rze. Nie ma co marnowa\u0107 miejsca!<\/p>\n\n\n\n<figure class=\"wp-block-image size-full\"><a href=\"https:\/\/proplo.pl\/profile\/soft-studio\/grazyny-bielsko-biala-38m2-147\"><img loading=\"lazy\" decoding=\"async\" width=\"1200\" height=\"800\" src=\"https:\/\/proplo.pl\/blog\/wp-content\/uploads\/2025\/01\/kawalerka-jak-urzadzic-w-dobrym-stylu.png\" alt=\"Wn\u0119trze salonu w stylu soft minimalizm z zielon\u0105 sof\u0105, ro\u015blinami i drewnianymi akcentami.\" class=\"wp-image-344\" srcset=\"https:\/\/proplo.pl\/blog\/wp-content\/uploads\/2025\/01\/kawalerka-jak-urzadzic-w-dobrym-stylu.png 1200w, https:\/\/proplo.pl\/blog\/wp-content\/uploads\/2025\/01\/kawalerka-jak-urzadzic-w-dobrym-stylu-300x200.png 300w, https:\/\/proplo.pl\/blog\/wp-content\/uploads\/2025\/01\/kawalerka-jak-urzadzic-w-dobrym-stylu-768x512.png 768w, https:\/\/proplo.pl\/blog\/wp-content\/uploads\/2025\/01\/kawalerka-jak-urzadzic-w-dobrym-stylu-1024x683.png 1024w, https:\/\/proplo.pl\/blog\/wp-content\/uploads\/2025\/01\/kawalerka-jak-urzadzic-w-dobrym-stylu-480x320.png 480w\" sizes=\"auto, (max-width: 1200px) 100vw, 1200px\" \/><\/a><figcaption class=\"wp-element-caption\">Projekt: <a href=\"https:\/\/proplo.pl\/profile\/soft-studio\">Soft Studio<\/a><\/figcaption><\/figure>\n\n\n\n<h2 class=\"wp-block-heading\">\u0141azienka w ma\u0142ej kawalerce &#8211; aran\u017cacje<\/h2>\n\n\n\n<p>Je\u015bli liczymy ka\u017cdy metr, to z pewno\u015bci\u0105 polecimy prysznic typu walk-in bardziej ni\u017c wann\u0119. Dla oszcz\u0119dno\u015bci pieni\u0119dzy, wody, jak i miejsca. A je\u015bli chcemy by\u0107 bardzo skrupulatni, to poszukajmy pralki wraz z suszark\u0105 \u2013 jedn\u0105 mo\u017cna umie\u015bci\u0107 na drugiej, ale te\u017c jeden lepszy sprz\u0119t mo\u017ce za\u0142atwi\u0107 ca\u0142\u0105 spraw\u0119, odpowiadaj\u0105c za obie funkcje. W ten spos\u00f3b cho\u0107by cz\u0119\u015bciowo pozb\u0119dziemy si\u0119 problemu rozwieszania prania \u2013 b\u0119dzie ono potrzebowa\u0142o mniej czasu.<\/p>\n\n\n\n<p>Minimum przestrzeni zajmuje umywalka naro\u017cna, lecz taka kompaktowa z wbudowan\u0105 szafk\u0105 na kosmetyki te\u017c powinna sprawdzi\u0107 si\u0119 jako bardzo przyzwoite rozwi\u0105zanie. Miejmy na uwadze, \u017ce w \u0142azience nawet je\u015bli jest ma\u0142o miejsca, to \u015bciany bywaj\u0105 niezagospodarowane, dlatego tam warto pomy\u015ble\u0107 o wykorzystaniu tego rewiru cho\u0107by poprzez zawieszenie dodatkowej szafki.<\/p>\n\n\n\n<p>Postawmy na materia\u0142y odbijaj\u0105ce \u015bwiat\u0142o na \u015bcianach jak lustra, b\u0142yszcz\u0105ce p\u0142ytki czy efekty marmuru. Du\u017ca, szeroka, przestrzenna szafka sprawdzi si\u0119 dobrze pod umywalk\u0105 i pozwoli schowa\u0107 tam wszystkie niezb\u0119dne elementy do higieny i czyszczenia mieszkania. Minimalistyczna, ale dobrze o\u015bwietlona \u0142azienka zapewni nam lepsze efekty, ni\u017c si\u0119 spodziewamy. Zw\u0142aszcza warto zadba\u0107 o dobre LED-y i \u015bwiat\u0142a buduj\u0105ce klimat przy lustrze. Je\u015bli szukasz konkretnych przyk\u0142ad\u00f3w, Proplo s\u0142u\u017cy dobr\u0105 inspiracj\u0105. Na swoim pok\u0142adzie mamy mistrz\u00f3w urz\u0105dzania kawalerek i estetycznego wykorzystania ka\u017cdego wolnego metra.<\/p>\n\n\n\n<hr class=\"wp-block-separator has-alpha-channel-opacity\"\/>\n\n\n\n<p><strong>\u0179r\u00f3d\u0142a:<\/strong><\/p>\n\n\n<ol class=\"wp-block-footnotes\"><li id=\"93566d16-6d77-4d75-9563-1487c30cb21f\"><a href=\"https:\/\/marymount.edu\/blog\/the-importance-of-ergonomics-in-interior-architecture-design\/\">https:\/\/marymount.edu\/blog\/the-importance-of-ergonomics-in-interior-architecture-design\/<\/a> <a href=\"#93566d16-6d77-4d75-9563-1487c30cb21f-link\" aria-label=\"Przejd\u017a do przypisu 1\">\u21a9\ufe0e<\/a><\/li><\/ol>","protected":false},"excerpt":{"rendered":"<p>Nowoczesne kawalerki to powszechne rozwi\u0105zanie i coraz cz\u0119\u015bciej wybierany typ mieszkania.<\/p>\n","protected":false},"author":3,"featured_media":337,"comment_status":"open","ping_status":"open","sticky":false,"template":"","format":"standard","meta":{"footnotes":"[{\"content\":\"<a href=\\\"https:\/\/marymount.edu\/blog\/the-importance-of-ergonomics-in-interior-architecture-design\/\\\">https:\/\/marymount.edu\/blog\/the-importance-of-ergonomics-in-interior-architecture-design\/<\/a>\",\"id\":\"93566d16-6d77-4d75-9563-1487c30cb21f\"}]"},"categories":[15],"tags":[],"class_list":["post-336","post","type-post","status-publish","format-standard","has-post-thumbnail","hentry","category-inne"],"acf":[],"yoast_head":"<!-- This site is optimized with the Yoast SEO plugin v27.5 - https:\/\/yoast.com\/product\/yoast-seo-wordpress\/ -->\n<title>Jak urz\u0105dzi\u0107 kawalerk\u0119? - Proplo<\/title>\n<meta name=\"description\" content=\"Jak urz\u0105dzi\u0107 kawalerk\u0119 o wielko\u015bci 30-35 m2? Aran\u017cacje, inspiracje i pomys\u0142y na zaprojektowanie ma\u0142ej kawalerki dla singla.\" \/>\n<meta name=\"robots\" content=\"index, follow, max-snippet:-1, max-image-preview:large, max-video-preview:-1\" \/>\n<link rel=\"canonical\" href=\"https:\/\/proplo.pl\/blog\/jak-urzadzic-kawalerke\/\" \/>\n<meta property=\"og:locale\" content=\"pl_PL\" \/>\n<meta property=\"og:type\" content=\"article\" \/>\n<meta property=\"og:title\" content=\"Jak urz\u0105dzi\u0107 kawalerk\u0119? - Proplo\" \/>\n<meta property=\"og:description\" content=\"Jak urz\u0105dzi\u0107 kawalerk\u0119 o wielko\u015bci 30-35 m2? Aran\u017cacje, inspiracje i pomys\u0142y na zaprojektowanie ma\u0142ej kawalerki dla singla.\" \/>\n<meta property=\"og:url\" content=\"https:\/\/proplo.pl\/blog\/jak-urzadzic-kawalerke\/\" \/>\n<meta property=\"og:site_name\" content=\"Poradnik wn\u0119trzarski - Proplo\" \/>\n<meta property=\"article:published_time\" content=\"2025-01-07T10:21:11+00:00\" \/>\n<meta property=\"article:modified_time\" content=\"2025-03-06T20:16:37+00:00\" \/>\n<meta property=\"og:image\" content=\"https:\/\/proplo.pl\/blog\/wp-content\/uploads\/2025\/01\/jak-urzadzic-kawalerke-w-nowoczesny-sposob.png\" \/>\n\t<meta property=\"og:image:width\" content=\"1200\" \/>\n\t<meta property=\"og:image:height\" content=\"800\" \/>\n\t<meta property=\"og:image:type\" content=\"image\/png\" \/>\n<meta name=\"author\" content=\"Proplo\" \/>\n<meta name=\"twitter:card\" content=\"summary_large_image\" \/>\n<meta name=\"twitter:label1\" content=\"Napisane przez\" \/>\n\t<meta name=\"twitter:data1\" content=\"Proplo\" \/>\n\t<meta name=\"twitter:label2\" content=\"Szacowany czas czytania\" \/>\n\t<meta name=\"twitter:data2\" content=\"11 minut\" \/>\n<script type=\"application\/ld+json\" class=\"yoast-schema-graph\">{\"@context\":\"https:\\\/\\\/schema.org\",\"@graph\":[{\"@type\":\"Article\",\"@id\":\"https:\\\/\\\/proplo.pl\\\/blog\\\/jak-urzadzic-kawalerke\\\/#article\",\"isPartOf\":{\"@id\":\"https:\\\/\\\/proplo.pl\\\/blog\\\/jak-urzadzic-kawalerke\\\/\"},\"author\":{\"name\":\"Proplo\",\"@id\":\"https:\\\/\\\/proplo.pl\\\/blog\\\/#\\\/schema\\\/person\\\/c13af99097d24e9fc2b86b838c0fd0e1\"},\"headline\":\"Kawalerka &#8211; jak urz\u0105dzi\u0107 kawalerk\u0119 w nowoczesny spos\u00f3b?\",\"datePublished\":\"2025-01-07T10:21:11+00:00\",\"dateModified\":\"2025-03-06T20:16:37+00:00\",\"mainEntityOfPage\":{\"@id\":\"https:\\\/\\\/proplo.pl\\\/blog\\\/jak-urzadzic-kawalerke\\\/\"},\"wordCount\":1922,\"commentCount\":0,\"image\":{\"@id\":\"https:\\\/\\\/proplo.pl\\\/blog\\\/jak-urzadzic-kawalerke\\\/#primaryimage\"},\"thumbnailUrl\":\"https:\\\/\\\/proplo.pl\\\/blog\\\/wp-content\\\/uploads\\\/2025\\\/01\\\/jak-urzadzic-kawalerke-w-nowoczesny-sposob.png\",\"articleSection\":[\"Inne\"],\"inLanguage\":\"pl-PL\",\"potentialAction\":[{\"@type\":\"CommentAction\",\"name\":\"Comment\",\"target\":[\"https:\\\/\\\/proplo.pl\\\/blog\\\/jak-urzadzic-kawalerke\\\/#respond\"]}]},{\"@type\":\"WebPage\",\"@id\":\"https:\\\/\\\/proplo.pl\\\/blog\\\/jak-urzadzic-kawalerke\\\/\",\"url\":\"https:\\\/\\\/proplo.pl\\\/blog\\\/jak-urzadzic-kawalerke\\\/\",\"name\":\"Jak urz\u0105dzi\u0107 kawalerk\u0119? - Proplo\",\"isPartOf\":{\"@id\":\"https:\\\/\\\/proplo.pl\\\/blog\\\/#website\"},\"primaryImageOfPage\":{\"@id\":\"https:\\\/\\\/proplo.pl\\\/blog\\\/jak-urzadzic-kawalerke\\\/#primaryimage\"},\"image\":{\"@id\":\"https:\\\/\\\/proplo.pl\\\/blog\\\/jak-urzadzic-kawalerke\\\/#primaryimage\"},\"thumbnailUrl\":\"https:\\\/\\\/proplo.pl\\\/blog\\\/wp-content\\\/uploads\\\/2025\\\/01\\\/jak-urzadzic-kawalerke-w-nowoczesny-sposob.png\",\"datePublished\":\"2025-01-07T10:21:11+00:00\",\"dateModified\":\"2025-03-06T20:16:37+00:00\",\"author\":{\"@id\":\"https:\\\/\\\/proplo.pl\\\/blog\\\/#\\\/schema\\\/person\\\/c13af99097d24e9fc2b86b838c0fd0e1\"},\"description\":\"Jak urz\u0105dzi\u0107 kawalerk\u0119 o wielko\u015bci 30-35 m2? Aran\u017cacje, inspiracje i pomys\u0142y na zaprojektowanie ma\u0142ej kawalerki dla singla.\",\"breadcrumb\":{\"@id\":\"https:\\\/\\\/proplo.pl\\\/blog\\\/jak-urzadzic-kawalerke\\\/#breadcrumb\"},\"inLanguage\":\"pl-PL\",\"potentialAction\":[{\"@type\":\"ReadAction\",\"target\":[\"https:\\\/\\\/proplo.pl\\\/blog\\\/jak-urzadzic-kawalerke\\\/\"]}]},{\"@type\":\"ImageObject\",\"inLanguage\":\"pl-PL\",\"@id\":\"https:\\\/\\\/proplo.pl\\\/blog\\\/jak-urzadzic-kawalerke\\\/#primaryimage\",\"url\":\"https:\\\/\\\/proplo.pl\\\/blog\\\/wp-content\\\/uploads\\\/2025\\\/01\\\/jak-urzadzic-kawalerke-w-nowoczesny-sposob.png\",\"contentUrl\":\"https:\\\/\\\/proplo.pl\\\/blog\\\/wp-content\\\/uploads\\\/2025\\\/01\\\/jak-urzadzic-kawalerke-w-nowoczesny-sposob.png\",\"width\":1200,\"height\":800,\"caption\":\"kawalerka wyko\u0144czona w nowoczesny spos\u00f3b z jasnymi meblami\"},{\"@type\":\"BreadcrumbList\",\"@id\":\"https:\\\/\\\/proplo.pl\\\/blog\\\/jak-urzadzic-kawalerke\\\/#breadcrumb\",\"itemListElement\":[{\"@type\":\"ListItem\",\"position\":1,\"name\":\"Proplo\",\"item\":\"https:\\\/\\\/proplo.pl\"},{\"@type\":\"ListItem\",\"position\":2,\"name\":\"Poradnik wn\u0119trzarski\",\"item\":\"https:\\\/\\\/proplo.pl\\\/blog\\\/\"},{\"@type\":\"ListItem\",\"position\":3,\"name\":\"Kawalerka &#8211; jak urz\u0105dzi\u0107 kawalerk\u0119 w nowoczesny spos\u00f3b?\"}]},{\"@type\":\"WebSite\",\"@id\":\"https:\\\/\\\/proplo.pl\\\/blog\\\/#website\",\"url\":\"https:\\\/\\\/proplo.pl\\\/blog\\\/\",\"name\":\"Blog Proplo\",\"description\":\"\",\"potentialAction\":[{\"@type\":\"SearchAction\",\"target\":{\"@type\":\"EntryPoint\",\"urlTemplate\":\"https:\\\/\\\/proplo.pl\\\/blog\\\/?s={search_term_string}\"},\"query-input\":{\"@type\":\"PropertyValueSpecification\",\"valueRequired\":true,\"valueName\":\"search_term_string\"}}],\"inLanguage\":\"pl-PL\"},{\"@type\":\"Person\",\"@id\":\"https:\\\/\\\/proplo.pl\\\/blog\\\/#\\\/schema\\\/person\\\/c13af99097d24e9fc2b86b838c0fd0e1\",\"name\":\"Proplo\",\"image\":{\"@type\":\"ImageObject\",\"inLanguage\":\"pl-PL\",\"@id\":\"https:\\\/\\\/secure.gravatar.com\\\/avatar\\\/176f908138148facd74b7d78fc677b53b24a54b63aacd8fc4e81a4da926e5f28?s=96&d=mm&r=g\",\"url\":\"https:\\\/\\\/secure.gravatar.com\\\/avatar\\\/176f908138148facd74b7d78fc677b53b24a54b63aacd8fc4e81a4da926e5f28?s=96&d=mm&r=g\",\"contentUrl\":\"https:\\\/\\\/secure.gravatar.com\\\/avatar\\\/176f908138148facd74b7d78fc677b53b24a54b63aacd8fc4e81a4da926e5f28?s=96&d=mm&r=g\",\"caption\":\"Proplo\"},\"url\":\"https:\\\/\\\/proplo.pl\\\/blog\\\/author\\\/r-marciniak\\\/\"}]}<\/script>\n<!-- \/ Yoast SEO plugin. -->","yoast_head_json":{"title":"Jak urz\u0105dzi\u0107 kawalerk\u0119? - Proplo","description":"Jak urz\u0105dzi\u0107 kawalerk\u0119 o wielko\u015bci 30-35 m2? Aran\u017cacje, inspiracje i pomys\u0142y na zaprojektowanie ma\u0142ej kawalerki dla singla.","robots":{"index":"index","follow":"follow","max-snippet":"max-snippet:-1","max-image-preview":"max-image-preview:large","max-video-preview":"max-video-preview:-1"},"canonical":"https:\/\/proplo.pl\/blog\/jak-urzadzic-kawalerke\/","og_locale":"pl_PL","og_type":"article","og_title":"Jak urz\u0105dzi\u0107 kawalerk\u0119? - Proplo","og_description":"Jak urz\u0105dzi\u0107 kawalerk\u0119 o wielko\u015bci 30-35 m2? Aran\u017cacje, inspiracje i pomys\u0142y na zaprojektowanie ma\u0142ej kawalerki dla singla.","og_url":"https:\/\/proplo.pl\/blog\/jak-urzadzic-kawalerke\/","og_site_name":"Poradnik wn\u0119trzarski - Proplo","article_published_time":"2025-01-07T10:21:11+00:00","article_modified_time":"2025-03-06T20:16:37+00:00","og_image":[{"width":1200,"height":800,"url":"https:\/\/proplo.pl\/blog\/wp-content\/uploads\/2025\/01\/jak-urzadzic-kawalerke-w-nowoczesny-sposob.png","type":"image\/png"}],"author":"Proplo","twitter_card":"summary_large_image","twitter_misc":{"Napisane przez":"Proplo","Szacowany czas czytania":"11 minut"},"schema":{"@context":"https:\/\/schema.org","@graph":[{"@type":"Article","@id":"https:\/\/proplo.pl\/blog\/jak-urzadzic-kawalerke\/#article","isPartOf":{"@id":"https:\/\/proplo.pl\/blog\/jak-urzadzic-kawalerke\/"},"author":{"name":"Proplo","@id":"https:\/\/proplo.pl\/blog\/#\/schema\/person\/c13af99097d24e9fc2b86b838c0fd0e1"},"headline":"Kawalerka &#8211; jak urz\u0105dzi\u0107 kawalerk\u0119 w nowoczesny spos\u00f3b?","datePublished":"2025-01-07T10:21:11+00:00","dateModified":"2025-03-06T20:16:37+00:00","mainEntityOfPage":{"@id":"https:\/\/proplo.pl\/blog\/jak-urzadzic-kawalerke\/"},"wordCount":1922,"commentCount":0,"image":{"@id":"https:\/\/proplo.pl\/blog\/jak-urzadzic-kawalerke\/#primaryimage"},"thumbnailUrl":"https:\/\/proplo.pl\/blog\/wp-content\/uploads\/2025\/01\/jak-urzadzic-kawalerke-w-nowoczesny-sposob.png","articleSection":["Inne"],"inLanguage":"pl-PL","potentialAction":[{"@type":"CommentAction","name":"Comment","target":["https:\/\/proplo.pl\/blog\/jak-urzadzic-kawalerke\/#respond"]}]},{"@type":"WebPage","@id":"https:\/\/proplo.pl\/blog\/jak-urzadzic-kawalerke\/","url":"https:\/\/proplo.pl\/blog\/jak-urzadzic-kawalerke\/","name":"Jak urz\u0105dzi\u0107 kawalerk\u0119? - Proplo","isPartOf":{"@id":"https:\/\/proplo.pl\/blog\/#website"},"primaryImageOfPage":{"@id":"https:\/\/proplo.pl\/blog\/jak-urzadzic-kawalerke\/#primaryimage"},"image":{"@id":"https:\/\/proplo.pl\/blog\/jak-urzadzic-kawalerke\/#primaryimage"},"thumbnailUrl":"https:\/\/proplo.pl\/blog\/wp-content\/uploads\/2025\/01\/jak-urzadzic-kawalerke-w-nowoczesny-sposob.png","datePublished":"2025-01-07T10:21:11+00:00","dateModified":"2025-03-06T20:16:37+00:00","author":{"@id":"https:\/\/proplo.pl\/blog\/#\/schema\/person\/c13af99097d24e9fc2b86b838c0fd0e1"},"description":"Jak urz\u0105dzi\u0107 kawalerk\u0119 o wielko\u015bci 30-35 m2? Aran\u017cacje, inspiracje i pomys\u0142y na zaprojektowanie ma\u0142ej kawalerki dla singla.","breadcrumb":{"@id":"https:\/\/proplo.pl\/blog\/jak-urzadzic-kawalerke\/#breadcrumb"},"inLanguage":"pl-PL","potentialAction":[{"@type":"ReadAction","target":["https:\/\/proplo.pl\/blog\/jak-urzadzic-kawalerke\/"]}]},{"@type":"ImageObject","inLanguage":"pl-PL","@id":"https:\/\/proplo.pl\/blog\/jak-urzadzic-kawalerke\/#primaryimage","url":"https:\/\/proplo.pl\/blog\/wp-content\/uploads\/2025\/01\/jak-urzadzic-kawalerke-w-nowoczesny-sposob.png","contentUrl":"https:\/\/proplo.pl\/blog\/wp-content\/uploads\/2025\/01\/jak-urzadzic-kawalerke-w-nowoczesny-sposob.png","width":1200,"height":800,"caption":"kawalerka wyko\u0144czona w nowoczesny spos\u00f3b z jasnymi meblami"},{"@type":"BreadcrumbList","@id":"https:\/\/proplo.pl\/blog\/jak-urzadzic-kawalerke\/#breadcrumb","itemListElement":[{"@type":"ListItem","position":1,"name":"Proplo","item":"https:\/\/proplo.pl"},{"@type":"ListItem","position":2,"name":"Poradnik wn\u0119trzarski","item":"https:\/\/proplo.pl\/blog\/"},{"@type":"ListItem","position":3,"name":"Kawalerka &#8211; jak urz\u0105dzi\u0107 kawalerk\u0119 w nowoczesny spos\u00f3b?"}]},{"@type":"WebSite","@id":"https:\/\/proplo.pl\/blog\/#website","url":"https:\/\/proplo.pl\/blog\/","name":"Blog Proplo","description":"","potentialAction":[{"@type":"SearchAction","target":{"@type":"EntryPoint","urlTemplate":"https:\/\/proplo.pl\/blog\/?s={search_term_string}"},"query-input":{"@type":"PropertyValueSpecification","valueRequired":true,"valueName":"search_term_string"}}],"inLanguage":"pl-PL"},{"@type":"Person","@id":"https:\/\/proplo.pl\/blog\/#\/schema\/person\/c13af99097d24e9fc2b86b838c0fd0e1","name":"Proplo","image":{"@type":"ImageObject","inLanguage":"pl-PL","@id":"https:\/\/secure.gravatar.com\/avatar\/176f908138148facd74b7d78fc677b53b24a54b63aacd8fc4e81a4da926e5f28?s=96&d=mm&r=g","url":"https:\/\/secure.gravatar.com\/avatar\/176f908138148facd74b7d78fc677b53b24a54b63aacd8fc4e81a4da926e5f28?s=96&d=mm&r=g","contentUrl":"https:\/\/secure.gravatar.com\/avatar\/176f908138148facd74b7d78fc677b53b24a54b63aacd8fc4e81a4da926e5f28?s=96&d=mm&r=g","caption":"Proplo"},"url":"https:\/\/proplo.pl\/blog\/author\/r-marciniak\/"}]}},"_links":{"self":[{"href":"https:\/\/proplo.pl\/blog\/wp-json\/wp\/v2\/posts\/336","targetHints":{"allow":["GET"]}}],"collection":[{"href":"https:\/\/proplo.pl\/blog\/wp-json\/wp\/v2\/posts"}],"about":[{"href":"https:\/\/proplo.pl\/blog\/wp-json\/wp\/v2\/types\/post"}],"author":[{"embeddable":true,"href":"https:\/\/proplo.pl\/blog\/wp-json\/wp\/v2\/users\/3"}],"replies":[{"embeddable":true,"href":"https:\/\/proplo.pl\/blog\/wp-json\/wp\/v2\/comments?post=336"}],"version-history":[{"count":6,"href":"https:\/\/proplo.pl\/blog\/wp-json\/wp\/v2\/posts\/336\/revisions"}],"predecessor-version":[{"id":520,"href":"https:\/\/proplo.pl\/blog\/wp-json\/wp\/v2\/posts\/336\/revisions\/520"}],"wp:featuredmedia":[{"embeddable":true,"href":"https:\/\/proplo.pl\/blog\/wp-json\/wp\/v2\/media\/337"}],"wp:attachment":[{"href":"https:\/\/proplo.pl\/blog\/wp-json\/wp\/v2\/media?parent=336"}],"wp:term":[{"taxonomy":"category","embeddable":true,"href":"https:\/\/proplo.pl\/blog\/wp-json\/wp\/v2\/categories?post=336"},{"taxonomy":"post_tag","embeddable":true,"href":"https:\/\/proplo.pl\/blog\/wp-json\/wp\/v2\/tags?post=336"}],"curies":[{"name":"wp","href":"https:\/\/api.w.org\/{rel}","templated":true}]}}