{"id":292,"date":"2025-01-02T22:09:20","date_gmt":"2025-01-02T22:09:20","guid":{"rendered":"https:\/\/proplo.pl\/blog\/?p=292"},"modified":"2025-03-06T20:08:11","modified_gmt":"2025-03-06T20:08:11","slug":"stol-do-jadalni-jak-go-wybrac-praktyczne-porady","status":"publish","type":"post","link":"https:\/\/proplo.pl\/blog\/stol-do-jadalni-jak-go-wybrac-praktyczne-porady\/","title":{"rendered":"St\u00f3\u0142 do jadalni &#8211; jak go wybra\u0107? Praktyczne porady"},"content":{"rendered":"<div class=\"you-find-content\">\r\n    <div class=\"container-xl container-wrapper\">\r\n        <div class=\"row design\">\r\n            <div class=\"col-md-12 wrapper \">\r\n                <div class=\"title\"><p><em>Z tego artyku\u0142u dowiesz si\u0119<\/em>:<\/p>\n<\/div>\r\n                <div class=\"grid-wrapper\">\r\n                                                        <div class=\"block-list\">\r\n                        <div class=\"number\">\r\n                            1                        <\/div>\r\n                        <div class=\"text\">\r\n                            <p>Jak dopasowa\u0107 st\u00f3\u0142 jadalniany do stylu wn\u0119trza?<\/p>\n                        <\/div>\r\n                    <\/div>\r\n                                        <div class=\"block-list\">\r\n                        <div class=\"number\">\r\n                            2                        <\/div>\r\n                        <div class=\"text\">\r\n                            <p>Na co zwr\u00f3ci\u0107 uwag\u0119 przy wyborze sto\u0142u do ma\u0142ych pomieszcze\u0144?<\/p>\n                        <\/div>\r\n                    <\/div>\r\n                                        <div class=\"block-list\">\r\n                        <div class=\"number\">\r\n                            3                        <\/div>\r\n                        <div class=\"text\">\r\n                            <p>Jakie materia\u0142y s\u0105 najlepsze na blat sto\u0142u jadalnianego?<\/p>\n                        <\/div>\r\n                    <\/div>\r\n                                        <div class=\"block-list\">\r\n                        <div class=\"number\">\r\n                            4                        <\/div>\r\n                        <div class=\"text\">\r\n                            <p>Jaki wybra\u0107 idealny kszta\u0142t sto\u0142u?<\/p>\n                        <\/div>\r\n                    <\/div>\r\n                                                    <\/div>\r\n            <\/div>\r\n        <\/div>\r\n    <\/div>\r\n<\/div>\n\n\n<p>Wyb\u00f3r sto\u0142u do jadalni to niezwykle wa\u017cna decyzja, za kt\u00f3r\u0105 p\u00f3\u017aniej podzi\u0119kuj\u0105 nam domownicy, go\u015bcie i przede wszystkim nasz kr\u0119gos\u0142up. Jest kilka wa\u017cnych zasad, o kt\u00f3rych warto pami\u0119ta\u0107, kiedy b\u0119dziemy projektowa\u0107 jadalni\u0119.<\/p>\n\n\n\n<p>Nie ma nic gorszego ni\u017c zasi\u0105\u015b\u0107 do jedzenia z pysznym, d\u0142ugo wyczekiwanym posi\u0142kiem i popsu\u0107 sobie ca\u0142e to do\u015bwiadczenie brakiem komfortu. Za niski st\u00f3\u0142, psuj\u0105cy si\u0119 materia\u0142, jedzenie na sofie albo w po\u015bpiechu w kuchni\u2026 zapomnijmy o tym raz na zawsze! Dobry st\u00f3\u0142 do jadalni powinien by\u0107 fundamentem i miejscem, do kt\u00f3rego b\u0119dziemy lgn\u0105\u0107.<\/p>\n\n\n\n<h2 class=\"wp-block-heading\">Jak wybra\u0107 st\u00f3\u0142 do jadalni? Poznaj wskaz\u00f3wki architekt\u00f3w<\/h2>\n\n\n\n<p>Przede wszystkim znajd\u017amy odpowiednie miejsce na st\u00f3\u0142 jadalniany, bo niepisan\u0105 zasad\u0105 jest co najmniej 90 cm wolnej przestrzeni z ka\u017cdej ze stron, aby komfortowo odsuwa\u0107 krzese\u0142ka, nie czu\u0107 si\u0119 przyt\u0142oczonym i nie zahacza\u0107 o inne meble.<\/p>\n\n\n\n<p>Standardowa wysoko\u015b\u0107 sto\u0142u to oko\u0142o 75 centymetr\u00f3w, ale powinni\u015bmy sprawdzi\u0107 to w praktyce razem z krzese\u0142kami. Zwr\u00f3ci\u0107 uwag\u0119 na takie rzeczy, czy mo\u017cemy wygodnie usi\u0105\u015b\u0107, bo niekt\u00f3re nowoczesne nogi mog\u0105 p\u00f3\u017aniej komplikowa\u0107 u\u0142o\u017cenie krzese\u0142. Upewnijmy si\u0119, czy blat nie jest zbyt gruby i nie przeszkadza, a tak\u017ce pomy\u015blmy dobrze o samym materiale, z kt\u00f3rego jest wykonany. W ko\u0144cu to inwestycja na wiele lat i warto, aby st\u00f3\u0142 by\u0142 do\u015b\u0107 trwa\u0142y. Pyta\u0144 jest wiele, ale aby odpowiedzie\u0107 szczeg\u00f3\u0142owo \u2013&nbsp;jaki st\u00f3\u0142? \u2013 musimy zwr\u00f3ci\u0107 uwag\u0119 na specyfik\u0119 naszego mieszkania.<\/p>\n\n\n\n<figure class=\"wp-block-image size-full\"><a href=\"https:\/\/proplo.pl\/profile\/agnieszka-cieciora\/nh80-nowoczesna-stodola-1105\"><img loading=\"lazy\" decoding=\"async\" width=\"1200\" height=\"800\" src=\"https:\/\/proplo.pl\/blog\/wp-content\/uploads\/2025\/01\/stol-do-jadalni-w-nowoczesnym-domu.png\" alt=\"Wn\u0119trze jadalni w stylu minimaluxe z okr\u0105g\u0142ym sto\u0142em i jasnymi meblami.\" class=\"wp-image-298\" srcset=\"https:\/\/proplo.pl\/blog\/wp-content\/uploads\/2025\/01\/stol-do-jadalni-w-nowoczesnym-domu.png 1200w, https:\/\/proplo.pl\/blog\/wp-content\/uploads\/2025\/01\/stol-do-jadalni-w-nowoczesnym-domu-300x200.png 300w, https:\/\/proplo.pl\/blog\/wp-content\/uploads\/2025\/01\/stol-do-jadalni-w-nowoczesnym-domu-768x512.png 768w, https:\/\/proplo.pl\/blog\/wp-content\/uploads\/2025\/01\/stol-do-jadalni-w-nowoczesnym-domu-1024x683.png 1024w, https:\/\/proplo.pl\/blog\/wp-content\/uploads\/2025\/01\/stol-do-jadalni-w-nowoczesnym-domu-480x320.png 480w\" sizes=\"auto, (max-width: 1200px) 100vw, 1200px\" \/><\/a><figcaption class=\"wp-element-caption\">Projekt: <a href=\"https:\/\/proplo.pl\/profile\/agnieszka-cieciorahttps:\/\/proplo.pl\/profile\/agnieszka-cieciora\">Agnieszka Cieciora<\/a><\/figcaption><\/figure>\n\n\n\n<h3 class=\"wp-block-heading\">St\u00f3\u0142 do jadalni a przestrze\u0144 &#8211; jaki st\u00f3\u0142 wybra\u0107 do ma\u0142ego i du\u017cego salonu?<\/h3>\n\n\n\n<p>Kiedy ogranicza nas metra\u017c, to oczywi\u015bcie nie b\u0119dziemy rozgl\u0105da\u0107 si\u0119 za pot\u0119\u017cnymi, gigantycznymi sto\u0142ami niczym na obiady czwartkowe. Tu wa\u017cniejsze b\u0119dzie po\u0142\u0105czenie elegancji i praktyki. Przy ma\u0142ym salonie sugeruje si\u0119 rozwi\u0105zania takie jak okr\u0105g\u0142y st\u00f3\u0142 o \u015brednicy 90\u2013110 cm albo na przyk\u0142ad kwadratowy st\u00f3\u0142 80&#215;80 cm. Najlepiej model ze smuk\u0142ymi nogami, rozk\u0142adany i wykonany z lekkich materia\u0142\u00f3w jak cho\u0107by jasne drewno. Okr\u0105g\u0142e sto\u0142y maj\u0105 to do siebie, \u017ce nie zajmuj\u0105 tyle miejsca, a optycznie daj\u0105 nam poczucie wi\u0119kszej przestrzeni przez brak kraw\u0119dzi.<\/p>\n\n\n\n<p>W przypadku wi\u0119kszego salonu \u015bmia\u0142o mo\u017cemy pomy\u015ble\u0107 o stole jako centralnym, dominuj\u0105cym elemencie pomieszczenia i rozwa\u017cy\u0107 r\u00f3wnie\u017c ci\u0119\u017ckie drewno jako wyko\u0144czenie \u2013 orzech albo d\u0105b sprawdz\u0105 si\u0119 bardzo dobrze. Nie musimy i\u015b\u0107 oczywi\u015bcie w kierunku pot\u0119\u017cnych sto\u0142\u00f3w na 260\u2013300 cm d\u0142ugo\u015bci, bo cho\u0107by takie na 180\u2013240 cm ju\u017c zapewniaj\u0105 komfort w przypadku 6-8 go\u015bci. Najwa\u017cniejsze to dopasowanie proporcji, czyli wielko\u015bci salonu do naszego centrum pomieszczenia, aby nie czu\u0107 si\u0119 przyt\u0142oczonym jego rozmiarem.<\/p>\n\n\n\n<h3 class=\"wp-block-heading\">Kszta\u0142t sto\u0142u jadalnianego<\/h3>\n\n\n\n<p>Zastanawiaj\u0105c si\u0119 na jaki st\u00f3\u0142 postawi\u0107, przechodzimy do kluczowej kwestii, czyli jego kszta\u0142tu. Musi nam si\u0119 podoba\u0107, lecz s\u0105 te\u017c pewne uwarunkowania. Okr\u0105g\u0142y st\u00f3\u0142 b\u0119dzie mia\u0142 mniej formalny charakter i najlepiej odnajdzie si\u0119 przy mniejszych przestrzeniach, mo\u017cemy wtedy umie\u015bci\u0107 go r\u00f3wnie\u017c w naro\u017cniku czy bli\u017cej \u015bciany. To rozwi\u0105zanie polecane do bardziej kameralnych projekt\u00f3w. Podobnie z owalnym sto\u0142em \u2013 wizualnie zajmie i wykorzysta mniej przestrzeni. Przy niewielkich salonach mo\u017cna te\u017c rozwa\u017cy\u0107 kwadratowy, kompaktowy st\u00f3\u0142. To najcz\u0119stsze rozwi\u0105zania, gdy rozmawiamy o wyko\u0144czeniu dla singla czy m\u0142odej pary.<\/p>\n\n\n\n<p>Kiedy ju\u017c w gr\u0119 wchodzi rodzina i cz\u0119stsze spotkania z najbli\u017cszymi, zastanawiamy si\u0119 nad bardziej masywnymi sto\u0142ami jadalnianymi. Prostok\u0105tny st\u00f3\u0142 to klasyka gatunku, przy kt\u00f3rej rodzinka odby\u0142a niejedn\u0105 dyskusj\u0119 polityczn\u0105 i kol\u0119dowa\u0142a podczas \u015bwi\u0105t. To zdecydowanie najpopularniejszy wyb\u00f3r. W ka\u017cdym z wariant\u00f3w, o ile to mo\u017cliwe, polecamy zdecydowa\u0107 si\u0119 na rozk\u0142adany mebel, kt\u00f3ry w razie potrzeby da nam mo\u017cliwo\u015b\u0107 ugoszczenia wi\u0119kszej liczby os\u00f3b. Zasada jest prosta \u2013 te pierwsze zagwarantuj\u0105 nam bardziej kameralny charakter wystroju, drugie praktycznie pozwol\u0105 urz\u0105dzi\u0107 wi\u0119ksz\u0105 imprez\u0119.<\/p>\n\n\n\n<figure class=\"wp-block-image size-full\"><a href=\"https:\/\/proplo.pl\/profile\/aato-architektura-wnetrz\/dom-200m2-pod-lasem-687\"><img loading=\"lazy\" decoding=\"async\" width=\"1200\" height=\"800\" src=\"https:\/\/proplo.pl\/blog\/wp-content\/uploads\/2025\/01\/okragly-stol-do-jadalni-w-domu.png\" alt=\"Wn\u0119trze jadalni z okr\u0105g\u0142ym drewnianym sto\u0142em, czarnymi podk\u0142adkami i nowoczesnymi lampami.\" class=\"wp-image-299\" srcset=\"https:\/\/proplo.pl\/blog\/wp-content\/uploads\/2025\/01\/okragly-stol-do-jadalni-w-domu.png 1200w, https:\/\/proplo.pl\/blog\/wp-content\/uploads\/2025\/01\/okragly-stol-do-jadalni-w-domu-300x200.png 300w, https:\/\/proplo.pl\/blog\/wp-content\/uploads\/2025\/01\/okragly-stol-do-jadalni-w-domu-768x512.png 768w, https:\/\/proplo.pl\/blog\/wp-content\/uploads\/2025\/01\/okragly-stol-do-jadalni-w-domu-1024x683.png 1024w, https:\/\/proplo.pl\/blog\/wp-content\/uploads\/2025\/01\/okragly-stol-do-jadalni-w-domu-480x320.png 480w\" sizes=\"auto, (max-width: 1200px) 100vw, 1200px\" \/><\/a><figcaption class=\"wp-element-caption\">Projekt: <a href=\"https:\/\/proplo.pl\/profile\/aato-architektura-wnetrz\">Aato. Architektura Wn\u0119trz<\/a><\/figcaption><\/figure>\n\n\n\n<h3 class=\"wp-block-heading\">St\u00f3\u0142 do jadalni a liczba domownik\u00f3w<\/h3>\n\n\n\n<p>Musimy przygotowa\u0107 si\u0119 na dwa warianty: codzienne spo\u017cywanie posi\u0142k\u00f3w i wizyty towarzyskie. Przy wi\u0119kszej liczbie os\u00f3b obowi\u0105zkowo trzeba pomy\u015ble\u0107 o rozk\u0142adanym stole, kt\u00f3ry pozwoli na powi\u0119kszy\u0107 blat o 40\u201380 cm w zale\u017cno\u015bci od modelu.<\/p>\n\n\n\n<p>Je\u015bli szukamy sto\u0142u do jadalni dla 4 os\u00f3b, rekomendowane b\u0119dzie 120&#215;80 cm w przypadku prostok\u0105tnej \u0142awy albo 100-110cm, gdy m\u00f3wimy o wersji okr\u0105g\u0142ej. Przy 6 osobach dobrze gdyby mia\u0142 120 cm \u015brednicy przy okr\u0105g\u0142ym lub 150-180 cm d\u0142ugo\u015bci przy prostok\u0105tnym stole. Wtedy warto, by szeroko\u015b\u0107 mia\u0142a co najmniej 90 cm, a przy przy wi\u0119kszej liczbie go\u015bci metr jest wskazywany jako minimum. Przy rozmowie o stole dla rodziny wielopokoleniowej \u2013 za\u0142\u00f3\u017cmy dla 8 os\u00f3b \u2013 polecamy pomy\u015ble\u0107 o wymiarach 200&#215;100 cm.<\/p>\n\n\n\n<p>Natomiast kiedy jeste\u015bcie jedynie we dw\u00f3jk\u0119, w zupe\u0142no\u015bci wystarczy okr\u0105g\u0142y stolik o \u015brednicy 80\u2013100 cm lub kwadratowy o rozmiarach 80&#215;80 cm. Nawet wariant 70&#215;70 cm powinien r\u00f3wnie\u017c by\u0107 satysfakcjonuj\u0105cy.<\/p>\n\n\n\n<figure class=\"wp-block-image size-full\"><a href=\"https:\/\/proplo.pl\/profile\/projektywna\/golden-853\"><img loading=\"lazy\" decoding=\"async\" width=\"1200\" height=\"800\" src=\"https:\/\/proplo.pl\/blog\/wp-content\/uploads\/2025\/01\/drewniany-stol-do-jadalni-w-nowoczesnym-mieszkaniu.png\" alt=\"Wn\u0119trze jadalni w stylu tradycyjnym z drewnianym sto\u0142em i szarymi krzes\u0142ami.\" class=\"wp-image-297\" srcset=\"https:\/\/proplo.pl\/blog\/wp-content\/uploads\/2025\/01\/drewniany-stol-do-jadalni-w-nowoczesnym-mieszkaniu.png 1200w, https:\/\/proplo.pl\/blog\/wp-content\/uploads\/2025\/01\/drewniany-stol-do-jadalni-w-nowoczesnym-mieszkaniu-300x200.png 300w, https:\/\/proplo.pl\/blog\/wp-content\/uploads\/2025\/01\/drewniany-stol-do-jadalni-w-nowoczesnym-mieszkaniu-768x512.png 768w, https:\/\/proplo.pl\/blog\/wp-content\/uploads\/2025\/01\/drewniany-stol-do-jadalni-w-nowoczesnym-mieszkaniu-1024x683.png 1024w, https:\/\/proplo.pl\/blog\/wp-content\/uploads\/2025\/01\/drewniany-stol-do-jadalni-w-nowoczesnym-mieszkaniu-480x320.png 480w\" sizes=\"auto, (max-width: 1200px) 100vw, 1200px\" \/><\/a><figcaption class=\"wp-element-caption\">Projekt: <a href=\"https:\/\/proplo.pl\/profile\/projektywna\">Projektywna<\/a><\/figcaption><\/figure>\n\n\n\n<h3 class=\"wp-block-heading\">Materia\u0142 sto\u0142u do salonu- drewno, metal, a mo\u017ce co\u015b innego?<\/h3>\n\n\n\n<p>To te\u017c jeden z najwa\u017cniejszych w\u0105tk\u00f3w, jaki musimy poruszy\u0107. Materia\u0142 liczy si\u0119 niesamowicie, a najpopularniejszym, klasycznym rozwi\u0105zaniem s\u0105 drewniane blaty. To bardzo uniwersalny wyb\u00f3r pasuj\u0105cy do wi\u0119kszo\u015bci aran\u017cacji \u2013 drewno<sup data-fn=\"121e2e83-e241-4d58-9f6a-ea64f1fb9f68\" class=\"fn\"><a id=\"121e2e83-e241-4d58-9f6a-ea64f1fb9f68-link\" href=\"#121e2e83-e241-4d58-9f6a-ea64f1fb9f68\">1<\/a><\/sup> da nam uczucie ciep\u0142a i przytulno\u015bci, a przy dobrej inwestycji d\u0105b czy buk r\u00f3wnie\u017c zadbaj\u0105 o trwa\u0142o\u015b\u0107 tego mebla. Nie zapominajmy jednak, \u017ce drewno trzeba odpowiednio konserwowa\u0107 i efekty zu\u017cycia po czasie b\u0119d\u0105 widoczne. Przede wszystkim wilgo\u0107 potrafi mocno odbi\u0107 si\u0119 na drewnianych sto\u0142ach, lecz je\u015bli mamy wi\u0119cej drewnianych akcent\u00f3w w mieszkaniu, b\u0119dzie to po\u0142\u0105czenie perfekcyjne.<\/p>\n\n\n\n<p>Szk\u0142o to wyb\u00f3r do nowoczesnych salon\u00f3w i modernistycznych projekt\u00f3w, opcja zdecydowania bardziej ch\u0142odna i elegancka, ale zarazem nara\u017cona na liczne zarysowania czy odciski palc\u00f3w. \u0141atwiej poradzi sobie za to z plamami czy wilgoci\u0105. Lekko\u015b\u0107 szk\u0142a dobrze odnajdzie si\u0119 w nowoczesnych projektach, za\u015b metalowe sto\u0142y przy industrialnych aran\u017cacjach. To r\u00f3wnie\u017c ch\u0142odniejsza wizualnie opcja. Nad tym rozwi\u0105zaniem warto zastanowi\u0107 si\u0119 przy projektowaniu loftu.<\/p>\n\n\n\n<p>Je\u015bli ju\u017c zastanawiamy si\u0119 nad r\u00f3\u017cnymi mo\u017cliwo\u015bciami, to kamie\u0144 czy marmur b\u0119dzie najbardziej luksusowy, jak i najdro\u017cszy i najbardziej masywny. Jest to bardzo premium rozwi\u0105zanie, chocia\u017c musimy pami\u0119ta\u0107 o wra\u017cliwo\u015bci na kwasy jak \u015blady po winie czy cytrusach, a tak\u017ce mniejszej mobilno\u015bci przy przenoszeniu go ze wzgl\u0119du na wag\u0119.<\/p>\n\n\n\n<p>Najbardziej ekonomicznym pomys\u0142em jest fornir, p\u0142yta MDF lub lakierowany blat. Koszt wyra\u017anie mniejszy od drewna, ale trwa\u0142o\u015b\u0107 r\u00f3wnie\u017c znacznie gorsza. Taki bud\u017cetowy st\u00f3\u0142 b\u0119dzie nara\u017cony na uszkodzenia mechaniczne i raczej trudno b\u0119dzie je odratowa\u0107 w takim przypadku. Wspominamy jednak o tym rozwi\u0105zaniu dla czytelnik\u00f3w, kt\u00f3rzy cz\u0119sto zmieniaj\u0105 style mieszkania lub po prostu szukaj\u0105 jak najta\u0144szego wyko\u0144czenia salonu.<\/p>\n\n\n\n<figure class=\"wp-block-image size-full\"><a href=\"https:\/\/proplo.pl\/profile\/j-a-g-n-a-b-a-d-o-w-s-k-a-a-t-e-l-i-e-r\/wnetrze-domu-pod-puszcza-886\"><img loading=\"lazy\" decoding=\"async\" width=\"1200\" height=\"800\" src=\"https:\/\/proplo.pl\/blog\/wp-content\/uploads\/2025\/01\/bialy-okragly-stol-do-jadalni.png\" alt=\"Wn\u0119trze jadalni w stylu boho, japandi i minimalistycznym z bia\u0142ym sto\u0142em.\" class=\"wp-image-303\" srcset=\"https:\/\/proplo.pl\/blog\/wp-content\/uploads\/2025\/01\/bialy-okragly-stol-do-jadalni.png 1200w, https:\/\/proplo.pl\/blog\/wp-content\/uploads\/2025\/01\/bialy-okragly-stol-do-jadalni-300x200.png 300w, https:\/\/proplo.pl\/blog\/wp-content\/uploads\/2025\/01\/bialy-okragly-stol-do-jadalni-768x512.png 768w, https:\/\/proplo.pl\/blog\/wp-content\/uploads\/2025\/01\/bialy-okragly-stol-do-jadalni-1024x683.png 1024w, https:\/\/proplo.pl\/blog\/wp-content\/uploads\/2025\/01\/bialy-okragly-stol-do-jadalni-480x320.png 480w\" sizes=\"auto, (max-width: 1200px) 100vw, 1200px\" \/><\/a><figcaption class=\"wp-element-caption\">Projekt: <a href=\"https:\/\/proplo.pl\/profile\/j-a-g-n-a-b-a-d-o-w-s-k-a-a-t-e-l-i-e-r\">j a g n a b a d o w s k a ~ a t e l i e r<\/a><\/figcaption><\/figure>\n\n\n\n<h3 class=\"wp-block-heading\">Kolor sto\u0142u jadalnianego a wn\u0119trze i styl salonu<\/h3>\n\n\n\n<p>Przegl\u0105daj\u0105c potencjalne mo\u017cliwo\u015bci, najcz\u0119\u015bciej b\u0119dziemy obraca\u0107 si\u0119 wok\u00f3\u0142 drewnianych sto\u0142\u00f3w. Jak dopasowa\u0107 si\u0119 do naszego designu? Zagl\u0105damy ch\u0119tnie do pomys\u0142\u00f3w na Proplo takich jak salon z jasn\u0105 sof\u0105 i drewnianym stoliczkiem czy szarymi akcentami i okr\u0105g\u0142ym stolikiem, te wyko\u0144czeniu uwodz\u0105 swoim kunsztem!<\/p>\n\n\n\n<p>Sympatykom skandynawskiego stylu polecimy jasne drewno i minimalistyczny design, bo te lekkie rozwi\u0105zania optycznie powi\u0119ksz\u0105 przestrze\u0144. Ciemniejsze drewno stworzy idealn\u0105 kompozycj\u0105 z klasyczn\u0105 aran\u017cacj\u0105, ale warto pokusi\u0107 si\u0119 tu o elementy ozdobne takie jak bardziej kolorowe nogi. Maho\u0144 by\u0142by tutaj perfekcyjnym wyborem!&nbsp;<\/p>\n\n\n\n<p>Do stylu boho rekomendujemy naturalne, jasne kolory, ewentualnie be\u017cowe czy oliwkowe wariacje, a przy wyko\u0144czeniu glamour warto u\u015bmiechn\u0105\u0107 si\u0119 do marmurowych wzor\u00f3w, z\u0142ota, srebra czy czarnego po\u0142ysku. Industrialna aran\u017cacja za to a\u017c prosi si\u0119 o metalowe podstawy i ramy przy blacie z ciemnego drewna.<\/p>\n\n\n\n<p>Przy bardziej nowoczesnych i minimalistycznych powierzchniach dobrze poszukiwa\u0107 w\u015br\u00f3d eleganckich, prostych kolor\u00f3w takich jak szaro\u015b\u0107 albo czer\u0144. W tej konfiguracji matowe wyko\u0144czenia te\u017c powinny zrobi\u0107 dobr\u0105 robot\u0119.<\/p>\n\n\n\n<figure class=\"wp-block-image size-full\"><a href=\"https:\/\/proplo.pl\/profile\/zen-studio-wnetrz\/realizacja-projektu-mieszkania-rzeszow-640\"><img loading=\"lazy\" decoding=\"async\" width=\"1200\" height=\"800\" src=\"https:\/\/proplo.pl\/blog\/wp-content\/uploads\/2025\/01\/czarny-stol-do-jadalni.png\" alt=\"Wn\u0119trze jadalni z industrialnym akcentem, czarnym sto\u0142em i kolorowymi wazonami.\" class=\"wp-image-301\" srcset=\"https:\/\/proplo.pl\/blog\/wp-content\/uploads\/2025\/01\/czarny-stol-do-jadalni.png 1200w, https:\/\/proplo.pl\/blog\/wp-content\/uploads\/2025\/01\/czarny-stol-do-jadalni-300x200.png 300w, https:\/\/proplo.pl\/blog\/wp-content\/uploads\/2025\/01\/czarny-stol-do-jadalni-768x512.png 768w, https:\/\/proplo.pl\/blog\/wp-content\/uploads\/2025\/01\/czarny-stol-do-jadalni-1024x683.png 1024w, https:\/\/proplo.pl\/blog\/wp-content\/uploads\/2025\/01\/czarny-stol-do-jadalni-480x320.png 480w\" sizes=\"auto, (max-width: 1200px) 100vw, 1200px\" \/><\/a><figcaption class=\"wp-element-caption\">Projekt: <a href=\"https:\/\/proplo.pl\/profile\/zen-studio-wnetrz\">ZEN studio wn\u0119trz<\/a><\/figcaption><\/figure>\n\n\n\n<h2 class=\"wp-block-heading\">Aran\u017cacja sto\u0142u do jadalni &#8211; lampy i dodatki<\/h2>\n\n\n\n<p>Teraz wisienka na torcie, czyli dobieranie dekoracji. Lampy i o\u015bwietlenie b\u0119d\u0105 mia\u0142y spore znaczenie jako istotny akcent przy stole jadalnianym, dlatego warto nie przej\u015b\u0107 obok tego tematu oboj\u0119tnie. Do mniejszych okr\u0105g\u0142ych stolik\u00f3w wystarcz\u0105 pojedyncze, klasyczne o\u015bwietlenia, ale przy wi\u0119kszych sto\u0142ach warto ju\u017c pomy\u015ble\u0107 o czym\u015b bardziej widowiskowym \u2013 kilku lampkach i atrakcyjnym designie.&nbsp;<\/p>\n\n\n\n<p>O ile mamy wp\u0142yw na wysoko\u015b\u0107 zawieszenia przy zwisaj\u0105cych lampach, warto zamie\u015bci\u0107 je oko\u0142o 70-90 cm nad blatem, wtedy o\u015bwietlenie b\u0119dzie bardzo praktyczne. Nic si\u0119 jednak nie stanie, je\u015bli \u017car\u00f3wki pozostan\u0105 bli\u017cej sufitu. Pod\u0142u\u017cne, wisz\u0105ce lampy to lepsze rozwi\u0105zanie dla prostok\u0105tnych sto\u0142\u00f3w, a okr\u0105g\u0142e o\u015bwietlenie pasuje bardziej do owalnych blat\u00f3w. \u017byrandol i b\u0142yszcz\u0105ce elementy nadadz\u0105 nam szyku oraz podkre\u015bl\u0105 styl glamour.<\/p>\n\n\n\n<p>A co z obrusem? Warto zainwestowa\u0107 w elegancki, bia\u0142y obrus na specjalne, wyj\u0105tkowe okazje, lecz na co dzie\u0144 dobrze sprawdzaj\u0105 si\u0119 atrakcyjne podk\u0142adki lub proste bie\u017cniki. Je\u015bli chcecie si\u0119 wyr\u00f3\u017cni\u0107 i postawi\u0107 na mocniejsze akcenty, to obrus granatowy lub o kolorze butelkowej zieleni spe\u0142ni wasze potrzeby. Najlepiej je\u015bli z ka\u017cdej strony sto\u0142u obrus zwisa oko\u0142o 20-30 cm, o ile nie jeste\u015bcie pewni na jakie rozmiary si\u0119 zdecydowa\u0107.<\/p>\n\n\n\n<p>Ostatnim elementem b\u0119d\u0105 dodatki i tutaj z praktycznych rozwi\u0105za\u0144 polecamy wybra\u0107 pomi\u0119dzy mis\u0105 z owocami, \u015bwie\u017cymi kwiatami, klimatycznymi i romantycznymi \u015bwieczkami a cho\u0107by karafk\u0105 na wod\u0119. Niech ka\u017cdy dodatek nadaje dodatkowego charakteru, ale b\u0119dzie te\u017c praktycznym, zapachowym elementem jadalni, w kt\u00f3rej b\u0119dziemy chcieli sp\u0119dza\u0107 jak najwi\u0119cej czasu.<\/p>\n\n\n\n<hr class=\"wp-block-separator has-alpha-channel-opacity\"\/>\n\n\n\n<p><strong>\u0179r\u00f3d\u0142a:<\/strong><\/p>\n\n\n<ol class=\"wp-block-footnotes\"><li id=\"121e2e83-e241-4d58-9f6a-ea64f1fb9f68\"><a href=\"https:\/\/www.researchgate.net\/publication\/282923323_Wood_and_human_stress_in_the_built_indoor_environment_a_review\">https:\/\/www.researchgate.net\/publication\/282923323_Wood_and_human_stress_in_the_built_indoor_environment_a_review<\/a> <a href=\"#121e2e83-e241-4d58-9f6a-ea64f1fb9f68-link\" aria-label=\"Przejd\u017a do przypisu 1\">\u21a9\ufe0e<\/a><\/li><\/ol>","protected":false},"excerpt":{"rendered":"<p>Wyb\u00f3r sto\u0142u do jadalni to niezwykle wa\u017cna decyzja, za kt\u00f3r\u0105 p\u00f3\u017aniej podzi\u0119kuj\u0105 nam domownicy, go\u015bcie i przede wszystkim nasz kr\u0119gos\u0142up.<\/p>\n","protected":false},"author":3,"featured_media":293,"comment_status":"open","ping_status":"open","sticky":false,"template":"","format":"standard","meta":{"footnotes":"[{\"content\":\"<a href=\\\"https:\/\/www.researchgate.net\/publication\/282923323_Wood_and_human_stress_in_the_built_indoor_environment_a_review\\\">https:\/\/www.researchgate.net\/publication\/282923323_Wood_and_human_stress_in_the_built_indoor_environment_a_review<\/a>\",\"id\":\"121e2e83-e241-4d58-9f6a-ea64f1fb9f68\"}]"},"categories":[14],"tags":[],"class_list":["post-292","post","type-post","status-publish","format-standard","has-post-thumbnail","hentry","category-jadalnia"],"acf":[],"yoast_head":"<!-- This site is optimized with the Yoast SEO plugin v27.4 - https:\/\/yoast.com\/product\/yoast-seo-wordpress\/ -->\n<title>St\u00f3\u0142 do jadalni - jak go wybra\u0107? Praktyczne porady - Proplo<\/title>\n<meta name=\"description\" content=\"Na jaki st\u00f3\u0142 do jadalni si\u0119 zdecydowa\u0107? Jakie dekoracje, obrus i lampy doskonale uzupe\u0142ni\u0105 st\u00f3\u0142 jadalniany w ma\u0142ym salonie? Oto nasze porady.\" \/>\n<meta name=\"robots\" content=\"index, follow, max-snippet:-1, max-image-preview:large, max-video-preview:-1\" \/>\n<link rel=\"canonical\" href=\"https:\/\/proplo.pl\/blog\/stol-do-jadalni-jak-go-wybrac-praktyczne-porady\/\" \/>\n<meta property=\"og:locale\" content=\"pl_PL\" \/>\n<meta property=\"og:type\" content=\"article\" \/>\n<meta property=\"og:title\" content=\"St\u00f3\u0142 do jadalni - jak go wybra\u0107? Praktyczne porady - Proplo\" \/>\n<meta property=\"og:description\" content=\"Na jaki st\u00f3\u0142 do jadalni si\u0119 zdecydowa\u0107? Jakie dekoracje, obrus i lampy doskonale uzupe\u0142ni\u0105 st\u00f3\u0142 jadalniany w ma\u0142ym salonie? Oto nasze porady.\" \/>\n<meta property=\"og:url\" content=\"https:\/\/proplo.pl\/blog\/stol-do-jadalni-jak-go-wybrac-praktyczne-porady\/\" \/>\n<meta property=\"og:site_name\" content=\"Poradnik wn\u0119trzarski - Proplo\" \/>\n<meta property=\"article:published_time\" content=\"2025-01-02T22:09:20+00:00\" \/>\n<meta property=\"article:modified_time\" content=\"2025-03-06T20:08:11+00:00\" \/>\n<meta property=\"og:image\" content=\"https:\/\/proplo.pl\/blog\/wp-content\/uploads\/2025\/01\/Stol-do-jadalni.png\" \/>\n\t<meta property=\"og:image:width\" content=\"1200\" \/>\n\t<meta property=\"og:image:height\" content=\"800\" \/>\n\t<meta property=\"og:image:type\" content=\"image\/png\" \/>\n<meta name=\"author\" content=\"Proplo\" \/>\n<meta name=\"twitter:card\" content=\"summary_large_image\" \/>\n<meta name=\"twitter:label1\" content=\"Napisane przez\" \/>\n\t<meta name=\"twitter:data1\" content=\"Proplo\" \/>\n\t<meta name=\"twitter:label2\" content=\"Szacowany czas czytania\" \/>\n\t<meta name=\"twitter:data2\" content=\"10 minut\" \/>\n<script type=\"application\/ld+json\" class=\"yoast-schema-graph\">{\"@context\":\"https:\\\/\\\/schema.org\",\"@graph\":[{\"@type\":\"Article\",\"@id\":\"https:\\\/\\\/proplo.pl\\\/blog\\\/stol-do-jadalni-jak-go-wybrac-praktyczne-porady\\\/#article\",\"isPartOf\":{\"@id\":\"https:\\\/\\\/proplo.pl\\\/blog\\\/stol-do-jadalni-jak-go-wybrac-praktyczne-porady\\\/\"},\"author\":{\"name\":\"Proplo\",\"@id\":\"https:\\\/\\\/proplo.pl\\\/blog\\\/#\\\/schema\\\/person\\\/c13af99097d24e9fc2b86b838c0fd0e1\"},\"headline\":\"St\u00f3\u0142 do jadalni &#8211; jak go wybra\u0107? Praktyczne porady\",\"datePublished\":\"2025-01-02T22:09:20+00:00\",\"dateModified\":\"2025-03-06T20:08:11+00:00\",\"mainEntityOfPage\":{\"@id\":\"https:\\\/\\\/proplo.pl\\\/blog\\\/stol-do-jadalni-jak-go-wybrac-praktyczne-porady\\\/\"},\"wordCount\":1720,\"commentCount\":0,\"image\":{\"@id\":\"https:\\\/\\\/proplo.pl\\\/blog\\\/stol-do-jadalni-jak-go-wybrac-praktyczne-porady\\\/#primaryimage\"},\"thumbnailUrl\":\"https:\\\/\\\/proplo.pl\\\/blog\\\/wp-content\\\/uploads\\\/2025\\\/01\\\/Stol-do-jadalni.png\",\"articleSection\":[\"Jadalnia\"],\"inLanguage\":\"pl-PL\",\"potentialAction\":[{\"@type\":\"CommentAction\",\"name\":\"Comment\",\"target\":[\"https:\\\/\\\/proplo.pl\\\/blog\\\/stol-do-jadalni-jak-go-wybrac-praktyczne-porady\\\/#respond\"]}]},{\"@type\":\"WebPage\",\"@id\":\"https:\\\/\\\/proplo.pl\\\/blog\\\/stol-do-jadalni-jak-go-wybrac-praktyczne-porady\\\/\",\"url\":\"https:\\\/\\\/proplo.pl\\\/blog\\\/stol-do-jadalni-jak-go-wybrac-praktyczne-porady\\\/\",\"name\":\"St\u00f3\u0142 do jadalni - jak go wybra\u0107? Praktyczne porady - Proplo\",\"isPartOf\":{\"@id\":\"https:\\\/\\\/proplo.pl\\\/blog\\\/#website\"},\"primaryImageOfPage\":{\"@id\":\"https:\\\/\\\/proplo.pl\\\/blog\\\/stol-do-jadalni-jak-go-wybrac-praktyczne-porady\\\/#primaryimage\"},\"image\":{\"@id\":\"https:\\\/\\\/proplo.pl\\\/blog\\\/stol-do-jadalni-jak-go-wybrac-praktyczne-porady\\\/#primaryimage\"},\"thumbnailUrl\":\"https:\\\/\\\/proplo.pl\\\/blog\\\/wp-content\\\/uploads\\\/2025\\\/01\\\/Stol-do-jadalni.png\",\"datePublished\":\"2025-01-02T22:09:20+00:00\",\"dateModified\":\"2025-03-06T20:08:11+00:00\",\"author\":{\"@id\":\"https:\\\/\\\/proplo.pl\\\/blog\\\/#\\\/schema\\\/person\\\/c13af99097d24e9fc2b86b838c0fd0e1\"},\"description\":\"Na jaki st\u00f3\u0142 do jadalni si\u0119 zdecydowa\u0107? Jakie dekoracje, obrus i lampy doskonale uzupe\u0142ni\u0105 st\u00f3\u0142 jadalniany w ma\u0142ym salonie? Oto nasze porady.\",\"breadcrumb\":{\"@id\":\"https:\\\/\\\/proplo.pl\\\/blog\\\/stol-do-jadalni-jak-go-wybrac-praktyczne-porady\\\/#breadcrumb\"},\"inLanguage\":\"pl-PL\",\"potentialAction\":[{\"@type\":\"ReadAction\",\"target\":[\"https:\\\/\\\/proplo.pl\\\/blog\\\/stol-do-jadalni-jak-go-wybrac-praktyczne-porady\\\/\"]}]},{\"@type\":\"ImageObject\",\"inLanguage\":\"pl-PL\",\"@id\":\"https:\\\/\\\/proplo.pl\\\/blog\\\/stol-do-jadalni-jak-go-wybrac-praktyczne-porady\\\/#primaryimage\",\"url\":\"https:\\\/\\\/proplo.pl\\\/blog\\\/wp-content\\\/uploads\\\/2025\\\/01\\\/Stol-do-jadalni.png\",\"contentUrl\":\"https:\\\/\\\/proplo.pl\\\/blog\\\/wp-content\\\/uploads\\\/2025\\\/01\\\/Stol-do-jadalni.png\",\"width\":1200,\"height\":800,\"caption\":\"Jadalnia z drewnianym sto\u0142em, niebieskimi krzes\u0142ami i nowoczesnym o\u015bwietleniem\"},{\"@type\":\"BreadcrumbList\",\"@id\":\"https:\\\/\\\/proplo.pl\\\/blog\\\/stol-do-jadalni-jak-go-wybrac-praktyczne-porady\\\/#breadcrumb\",\"itemListElement\":[{\"@type\":\"ListItem\",\"position\":1,\"name\":\"Proplo\",\"item\":\"https:\\\/\\\/proplo.pl\"},{\"@type\":\"ListItem\",\"position\":2,\"name\":\"Poradnik wn\u0119trzarski\",\"item\":\"https:\\\/\\\/proplo.pl\\\/blog\\\/\"},{\"@type\":\"ListItem\",\"position\":3,\"name\":\"St\u00f3\u0142 do jadalni &#8211; jak go wybra\u0107? Praktyczne porady\"}]},{\"@type\":\"WebSite\",\"@id\":\"https:\\\/\\\/proplo.pl\\\/blog\\\/#website\",\"url\":\"https:\\\/\\\/proplo.pl\\\/blog\\\/\",\"name\":\"Blog Proplo\",\"description\":\"\",\"potentialAction\":[{\"@type\":\"SearchAction\",\"target\":{\"@type\":\"EntryPoint\",\"urlTemplate\":\"https:\\\/\\\/proplo.pl\\\/blog\\\/?s={search_term_string}\"},\"query-input\":{\"@type\":\"PropertyValueSpecification\",\"valueRequired\":true,\"valueName\":\"search_term_string\"}}],\"inLanguage\":\"pl-PL\"},{\"@type\":\"Person\",\"@id\":\"https:\\\/\\\/proplo.pl\\\/blog\\\/#\\\/schema\\\/person\\\/c13af99097d24e9fc2b86b838c0fd0e1\",\"name\":\"Proplo\",\"image\":{\"@type\":\"ImageObject\",\"inLanguage\":\"pl-PL\",\"@id\":\"https:\\\/\\\/secure.gravatar.com\\\/avatar\\\/176f908138148facd74b7d78fc677b53b24a54b63aacd8fc4e81a4da926e5f28?s=96&d=mm&r=g\",\"url\":\"https:\\\/\\\/secure.gravatar.com\\\/avatar\\\/176f908138148facd74b7d78fc677b53b24a54b63aacd8fc4e81a4da926e5f28?s=96&d=mm&r=g\",\"contentUrl\":\"https:\\\/\\\/secure.gravatar.com\\\/avatar\\\/176f908138148facd74b7d78fc677b53b24a54b63aacd8fc4e81a4da926e5f28?s=96&d=mm&r=g\",\"caption\":\"Proplo\"},\"url\":\"https:\\\/\\\/proplo.pl\\\/blog\\\/author\\\/r-marciniak\\\/\"}]}<\/script>\n<!-- \/ Yoast SEO plugin. -->","yoast_head_json":{"title":"St\u00f3\u0142 do jadalni - jak go wybra\u0107? Praktyczne porady - Proplo","description":"Na jaki st\u00f3\u0142 do jadalni si\u0119 zdecydowa\u0107? Jakie dekoracje, obrus i lampy doskonale uzupe\u0142ni\u0105 st\u00f3\u0142 jadalniany w ma\u0142ym salonie? Oto nasze porady.","robots":{"index":"index","follow":"follow","max-snippet":"max-snippet:-1","max-image-preview":"max-image-preview:large","max-video-preview":"max-video-preview:-1"},"canonical":"https:\/\/proplo.pl\/blog\/stol-do-jadalni-jak-go-wybrac-praktyczne-porady\/","og_locale":"pl_PL","og_type":"article","og_title":"St\u00f3\u0142 do jadalni - jak go wybra\u0107? Praktyczne porady - Proplo","og_description":"Na jaki st\u00f3\u0142 do jadalni si\u0119 zdecydowa\u0107? Jakie dekoracje, obrus i lampy doskonale uzupe\u0142ni\u0105 st\u00f3\u0142 jadalniany w ma\u0142ym salonie? Oto nasze porady.","og_url":"https:\/\/proplo.pl\/blog\/stol-do-jadalni-jak-go-wybrac-praktyczne-porady\/","og_site_name":"Poradnik wn\u0119trzarski - Proplo","article_published_time":"2025-01-02T22:09:20+00:00","article_modified_time":"2025-03-06T20:08:11+00:00","og_image":[{"width":1200,"height":800,"url":"https:\/\/proplo.pl\/blog\/wp-content\/uploads\/2025\/01\/Stol-do-jadalni.png","type":"image\/png"}],"author":"Proplo","twitter_card":"summary_large_image","twitter_misc":{"Napisane przez":"Proplo","Szacowany czas czytania":"10 minut"},"schema":{"@context":"https:\/\/schema.org","@graph":[{"@type":"Article","@id":"https:\/\/proplo.pl\/blog\/stol-do-jadalni-jak-go-wybrac-praktyczne-porady\/#article","isPartOf":{"@id":"https:\/\/proplo.pl\/blog\/stol-do-jadalni-jak-go-wybrac-praktyczne-porady\/"},"author":{"name":"Proplo","@id":"https:\/\/proplo.pl\/blog\/#\/schema\/person\/c13af99097d24e9fc2b86b838c0fd0e1"},"headline":"St\u00f3\u0142 do jadalni &#8211; jak go wybra\u0107? Praktyczne porady","datePublished":"2025-01-02T22:09:20+00:00","dateModified":"2025-03-06T20:08:11+00:00","mainEntityOfPage":{"@id":"https:\/\/proplo.pl\/blog\/stol-do-jadalni-jak-go-wybrac-praktyczne-porady\/"},"wordCount":1720,"commentCount":0,"image":{"@id":"https:\/\/proplo.pl\/blog\/stol-do-jadalni-jak-go-wybrac-praktyczne-porady\/#primaryimage"},"thumbnailUrl":"https:\/\/proplo.pl\/blog\/wp-content\/uploads\/2025\/01\/Stol-do-jadalni.png","articleSection":["Jadalnia"],"inLanguage":"pl-PL","potentialAction":[{"@type":"CommentAction","name":"Comment","target":["https:\/\/proplo.pl\/blog\/stol-do-jadalni-jak-go-wybrac-praktyczne-porady\/#respond"]}]},{"@type":"WebPage","@id":"https:\/\/proplo.pl\/blog\/stol-do-jadalni-jak-go-wybrac-praktyczne-porady\/","url":"https:\/\/proplo.pl\/blog\/stol-do-jadalni-jak-go-wybrac-praktyczne-porady\/","name":"St\u00f3\u0142 do jadalni - jak go wybra\u0107? Praktyczne porady - Proplo","isPartOf":{"@id":"https:\/\/proplo.pl\/blog\/#website"},"primaryImageOfPage":{"@id":"https:\/\/proplo.pl\/blog\/stol-do-jadalni-jak-go-wybrac-praktyczne-porady\/#primaryimage"},"image":{"@id":"https:\/\/proplo.pl\/blog\/stol-do-jadalni-jak-go-wybrac-praktyczne-porady\/#primaryimage"},"thumbnailUrl":"https:\/\/proplo.pl\/blog\/wp-content\/uploads\/2025\/01\/Stol-do-jadalni.png","datePublished":"2025-01-02T22:09:20+00:00","dateModified":"2025-03-06T20:08:11+00:00","author":{"@id":"https:\/\/proplo.pl\/blog\/#\/schema\/person\/c13af99097d24e9fc2b86b838c0fd0e1"},"description":"Na jaki st\u00f3\u0142 do jadalni si\u0119 zdecydowa\u0107? Jakie dekoracje, obrus i lampy doskonale uzupe\u0142ni\u0105 st\u00f3\u0142 jadalniany w ma\u0142ym salonie? Oto nasze porady.","breadcrumb":{"@id":"https:\/\/proplo.pl\/blog\/stol-do-jadalni-jak-go-wybrac-praktyczne-porady\/#breadcrumb"},"inLanguage":"pl-PL","potentialAction":[{"@type":"ReadAction","target":["https:\/\/proplo.pl\/blog\/stol-do-jadalni-jak-go-wybrac-praktyczne-porady\/"]}]},{"@type":"ImageObject","inLanguage":"pl-PL","@id":"https:\/\/proplo.pl\/blog\/stol-do-jadalni-jak-go-wybrac-praktyczne-porady\/#primaryimage","url":"https:\/\/proplo.pl\/blog\/wp-content\/uploads\/2025\/01\/Stol-do-jadalni.png","contentUrl":"https:\/\/proplo.pl\/blog\/wp-content\/uploads\/2025\/01\/Stol-do-jadalni.png","width":1200,"height":800,"caption":"Jadalnia z drewnianym sto\u0142em, niebieskimi krzes\u0142ami i nowoczesnym o\u015bwietleniem"},{"@type":"BreadcrumbList","@id":"https:\/\/proplo.pl\/blog\/stol-do-jadalni-jak-go-wybrac-praktyczne-porady\/#breadcrumb","itemListElement":[{"@type":"ListItem","position":1,"name":"Proplo","item":"https:\/\/proplo.pl"},{"@type":"ListItem","position":2,"name":"Poradnik wn\u0119trzarski","item":"https:\/\/proplo.pl\/blog\/"},{"@type":"ListItem","position":3,"name":"St\u00f3\u0142 do jadalni &#8211; jak go wybra\u0107? Praktyczne porady"}]},{"@type":"WebSite","@id":"https:\/\/proplo.pl\/blog\/#website","url":"https:\/\/proplo.pl\/blog\/","name":"Blog Proplo","description":"","potentialAction":[{"@type":"SearchAction","target":{"@type":"EntryPoint","urlTemplate":"https:\/\/proplo.pl\/blog\/?s={search_term_string}"},"query-input":{"@type":"PropertyValueSpecification","valueRequired":true,"valueName":"search_term_string"}}],"inLanguage":"pl-PL"},{"@type":"Person","@id":"https:\/\/proplo.pl\/blog\/#\/schema\/person\/c13af99097d24e9fc2b86b838c0fd0e1","name":"Proplo","image":{"@type":"ImageObject","inLanguage":"pl-PL","@id":"https:\/\/secure.gravatar.com\/avatar\/176f908138148facd74b7d78fc677b53b24a54b63aacd8fc4e81a4da926e5f28?s=96&d=mm&r=g","url":"https:\/\/secure.gravatar.com\/avatar\/176f908138148facd74b7d78fc677b53b24a54b63aacd8fc4e81a4da926e5f28?s=96&d=mm&r=g","contentUrl":"https:\/\/secure.gravatar.com\/avatar\/176f908138148facd74b7d78fc677b53b24a54b63aacd8fc4e81a4da926e5f28?s=96&d=mm&r=g","caption":"Proplo"},"url":"https:\/\/proplo.pl\/blog\/author\/r-marciniak\/"}]}},"_links":{"self":[{"href":"https:\/\/proplo.pl\/blog\/wp-json\/wp\/v2\/posts\/292","targetHints":{"allow":["GET"]}}],"collection":[{"href":"https:\/\/proplo.pl\/blog\/wp-json\/wp\/v2\/posts"}],"about":[{"href":"https:\/\/proplo.pl\/blog\/wp-json\/wp\/v2\/types\/post"}],"author":[{"embeddable":true,"href":"https:\/\/proplo.pl\/blog\/wp-json\/wp\/v2\/users\/3"}],"replies":[{"embeddable":true,"href":"https:\/\/proplo.pl\/blog\/wp-json\/wp\/v2\/comments?post=292"}],"version-history":[{"count":6,"href":"https:\/\/proplo.pl\/blog\/wp-json\/wp\/v2\/posts\/292\/revisions"}],"predecessor-version":[{"id":516,"href":"https:\/\/proplo.pl\/blog\/wp-json\/wp\/v2\/posts\/292\/revisions\/516"}],"wp:featuredmedia":[{"embeddable":true,"href":"https:\/\/proplo.pl\/blog\/wp-json\/wp\/v2\/media\/293"}],"wp:attachment":[{"href":"https:\/\/proplo.pl\/blog\/wp-json\/wp\/v2\/media?parent=292"}],"wp:term":[{"taxonomy":"category","embeddable":true,"href":"https:\/\/proplo.pl\/blog\/wp-json\/wp\/v2\/categories?post=292"},{"taxonomy":"post_tag","embeddable":true,"href":"https:\/\/proplo.pl\/blog\/wp-json\/wp\/v2\/tags?post=292"}],"curies":[{"name":"wp","href":"https:\/\/api.w.org\/{rel}","templated":true}]}}