{"id":1941,"date":"2026-09-03T09:57:39","date_gmt":"2026-09-03T08:57:39","guid":{"rendered":"https:\/\/proplo.pl\/blog\/?p=1941"},"modified":"2026-09-05T17:20:25","modified_gmt":"2026-09-05T16:20:25","slug":"lodowka-retro-kolorowe-agd","status":"publish","type":"post","link":"https:\/\/proplo.pl\/blog\/lodowka-retro-kolorowe-agd\/","title":{"rendered":"Lod\u00f3wka retro i kolorowe AGD \u2014 akcent, kt\u00f3ry robi kuchni\u0119"},"content":{"rendered":"\n<p class=\"wp-block-paragraph\"><strong>Czy lod\u00f3wka retro to dobry pomys\u0142 na kuchni\u0119?<\/strong> Tak \u2014 je\u015bli potraktujesz j\u0105 jako <strong>\u015bwiadomy akcent koloru<\/strong>, a nie przypadek. Jedna kolorowa lod\u00f3wka (albo zestaw kolorowego AGD: czajnik, toster, ekspres) potrafi nada\u0107 charakter neutralnej, bia\u0142ej kuchni skuteczniej ni\u017c ca\u0142a metamorfoza. Sekret to trzy rzeczy: <strong>stonowana baza<\/strong> (biel, drewno, be\u017c), jeden mocny kolor jako bohater oraz \u015bwiadomy wyb\u00f3r odcienia \u2014 pastel dla ponadczasowo\u015bci, mocna barwa dla odwagi. Poni\u017cej: jaki kolor wybra\u0107, do jakiej kuchni pasuje, na co uwa\u017ca\u0107 (bo \u201eretro\u201d bywa tylko z wygl\u0105du) i ile to kosztuje.<\/p>\n\n\n\n<p class=\"wp-block-paragraph\">Proplo to <strong>katalog zweryfikowanych projektant\u00f3w i architekt\u00f3w wn\u0119trz w Polsce<\/strong> \u2014 z portfolio, opiniami klient\u00f3w i filtrem po mie\u015bcie. Kolorowa lod\u00f3wka to decyzja na lata, wi\u0119c warto j\u0105 \u201eogra\u0107\u201d z reszt\u0105 kuchni \u2014 projektant podpowie odcie\u0144, ustawienie i to, czego nie dok\u0142ada\u0107, by akcent nie zamieni\u0142 si\u0119 w chaos.<\/p>\n\n\n\n<h2 class=\"wp-block-heading\">Dlaczego lod\u00f3wka retro (i kolorowe AGD) robi tak\u0105 r\u00f3\u017cnic\u0119<\/h2>\n\n\n\n<p class=\"wp-block-paragraph\">Wsp\u00f3\u0142czesne kuchnie bywaj\u0105 pi\u0119kne, ale bezpieczne: biel, szaro\u015b\u0107, drewno. <strong>Kolorowa lod\u00f3wka retro<\/strong> wprowadza w t\u0119 neutralno\u015b\u0107 charakter i <a href=\"https:\/\/proplo.pl\/blog\/ceramiczne-wlaczniki-i-gniazdka\/\">nut\u0119 nostalgii<\/a> \u2014 zaokr\u0105glone kszta\u0142ty, chromowane klamki i nasycony kolor od razu przyci\u0105gaj\u0105 wzrok. To klasyczny \u201estatement piece\u201d: jeden mocny element, kt\u00f3ry definiuje ca\u0142\u0105 przestrze\u0144.<\/p>\n\n\n\n<p class=\"wp-block-paragraph\">Trend nie ko\u0144czy si\u0119 na lod\u00f3wce. <strong>Kolorowe AGD<\/strong> \u2014 czajnik, toster, ekspres do kawy czy mikser planetarny w tym samym odcieniu \u2014 pozwalaj\u0105 wprowadzi\u0107 kolor mniejszym kosztem i \u0142atwiej go zmieni\u0107. To dobry spos\u00f3b, by przetestowa\u0107 odwa\u017cn\u0105 barw\u0119, zanim zdecydujesz si\u0119 na du\u017c\u0105 lod\u00f3wk\u0119.<\/p>\n\n\n\n<ul class=\"wp-block-list\">\n\n<li><strong>Charakter bez remontu<\/strong> \u2014 akcent koloru zmienia odbi\u00f3r kuchni bez kucia i przebudowy.<\/li>\n\n\n<li><strong>Nostalgia i ciep\u0142o<\/strong> \u2014 retro forma ociepla nawet bardzo minimalistyczne wn\u0119trze.<\/li>\n\n\n<li><strong>Elastyczno\u015b\u0107<\/strong> \u2014 ma\u0142e kolorowe AGD \u0142atwo wymieni\u0107, gdy znudzi si\u0119 barwa.<\/li>\n\n\n<li><strong>Punkt centralny<\/strong> \u2014 kolorowa lod\u00f3wka organizuje kompozycj\u0119 kuchni wok\u00f3\u0142 siebie.<\/li>\n\n<\/ul>\n\n\n\n<figure class=\"wp-block-image size-large\"><img loading=\"lazy\" decoding=\"async\" width=\"1400\" height=\"2034\" src=\"https:\/\/proplo.pl\/blog\/wp-content\/uploads\/2026\/08\/27301775_smeg-brick.jpg\" alt=\"Mi\u0119towa lod\u00f3wka retro SMEG na tle czerwonej ceg\u0142y\" class=\"wp-image-1937\" srcset=\"https:\/\/proplo.pl\/blog\/wp-content\/uploads\/2026\/08\/27301775_smeg-brick.jpg 1400w, https:\/\/proplo.pl\/blog\/wp-content\/uploads\/2026\/08\/27301775_smeg-brick-206x300.jpg 206w, https:\/\/proplo.pl\/blog\/wp-content\/uploads\/2026\/08\/27301775_smeg-brick-705x1024.jpg 705w, https:\/\/proplo.pl\/blog\/wp-content\/uploads\/2026\/08\/27301775_smeg-brick-768x1116.jpg 768w, https:\/\/proplo.pl\/blog\/wp-content\/uploads\/2026\/08\/27301775_smeg-brick-1057x1536.jpg 1057w, https:\/\/proplo.pl\/blog\/wp-content\/uploads\/2026\/08\/27301775_smeg-brick-480x697.jpg 480w, https:\/\/proplo.pl\/blog\/wp-content\/uploads\/2026\/08\/27301775_smeg-brick-1200x1743.jpg 1200w\" sizes=\"auto, (max-width: 1400px) 100vw, 1400px\" \/><figcaption class=\"wp-block-image__caption\">Mi\u0119towa lod\u00f3wka retro na tle czerwonej ceg\u0142y \u2014 ikoniczna forma, kt\u00f3ra sama robi za dekoracj\u0119 (fot. Pexels)<\/figcaption><\/figure>\n\n\n\n<h2 class=\"wp-block-heading\">Jaki kolor wybra\u0107 \u2014 pastele czy mocne barwy<\/h2>\n\n\n\n<p class=\"wp-block-paragraph\">Kolor to najwa\u017cniejsza decyzja. Z grubsza s\u0105 dwie drogi:<\/p>\n\n\n\n<figure class=\"wp-block-table\"><table><thead><tr><th>Kierunek<\/th><th>Przyk\u0142ady<\/th><th>Dla kogo<\/th><\/tr><\/thead><tbody><tr><td>Pastele i barwy stonowane<\/td><td>Mi\u0119ta, pistacja, pudrowy r\u00f3\u017c, b\u0142\u0119kit, kremowy, ko\u015b\u0107 s\u0142oniowa<\/td><td>Chcesz koloru, ale ponadczasowo i \u0142agodnie; \u0142atwo dopasowa\u0107 reszt\u0119<\/td><\/tr><tr><td>Mocne, nasycone barwy<\/td><td>Czerwie\u0144, \u017c\u00f3\u0142\u0107, butelkowa ziele\u0144, granat, czer\u0144<\/td><td>Lubisz odwa\u017cny, wyrazisty akcent i nie boisz si\u0119 mocnego charakteru<\/td><\/tr><\/tbody><\/table><\/figure>\n\n\n\n<figure class=\"wp-block-image size-large\"><img loading=\"lazy\" decoding=\"async\" width=\"1400\" height=\"2100\" src=\"https:\/\/proplo.pl\/blog\/wp-content\/uploads\/2026\/08\/34447158_red-fridge-bright.jpg\" alt=\"Czerwona lod\u00f3wka retro w jasnej kuchni\" class=\"wp-image-1938\" srcset=\"https:\/\/proplo.pl\/blog\/wp-content\/uploads\/2026\/08\/34447158_red-fridge-bright.jpg 1400w, https:\/\/proplo.pl\/blog\/wp-content\/uploads\/2026\/08\/34447158_red-fridge-bright-200x300.jpg 200w, https:\/\/proplo.pl\/blog\/wp-content\/uploads\/2026\/08\/34447158_red-fridge-bright-683x1024.jpg 683w, https:\/\/proplo.pl\/blog\/wp-content\/uploads\/2026\/08\/34447158_red-fridge-bright-768x1152.jpg 768w, https:\/\/proplo.pl\/blog\/wp-content\/uploads\/2026\/08\/34447158_red-fridge-bright-1024x1536.jpg 1024w, https:\/\/proplo.pl\/blog\/wp-content\/uploads\/2026\/08\/34447158_red-fridge-bright-1365x2048.jpg 1365w, https:\/\/proplo.pl\/blog\/wp-content\/uploads\/2026\/08\/34447158_red-fridge-bright-480x720.jpg 480w, https:\/\/proplo.pl\/blog\/wp-content\/uploads\/2026\/08\/34447158_red-fridge-bright-1200x1800.jpg 1200w\" sizes=\"auto, (max-width: 1400px) 100vw, 1400px\" \/><figcaption class=\"wp-block-image__caption\">Czerwona lod\u00f3wka retro potrafi by\u0107 jedynym, mocnym akcentem w jasnej kuchni (fot. Pexels)<\/figcaption><\/figure>\n\n\n\n<p class=\"wp-block-paragraph\">Zasada jest prosta: <strong>im mocniejszy kolor lod\u00f3wki, tym spokojniejsza reszta kuchni<\/strong>. Nasycona czerwie\u0144 czy \u017c\u00f3\u0142\u0107 \u015bwietnie wygl\u0105daj\u0105 na tle bieli i drewna, ale przyt\u0142ocz\u0105 kuchni\u0119 pe\u0142n\u0105 innych kolor\u00f3w. Pastele (mi\u0119ta, kremowy, pudrowy r\u00f3\u017c) s\u0105 bardziej wybaczaj\u0105ce i \u0142atwiej \u201estarzej\u0105 si\u0119\u201d z godno\u015bci\u0105.<\/p>\n\n\n\n<figure class=\"wp-block-image size-large\"><img loading=\"lazy\" decoding=\"async\" width=\"1400\" height=\"2100\" src=\"https:\/\/proplo.pl\/blog\/wp-content\/uploads\/2026\/08\/6964157_styled-retro-fridge.jpg\" alt=\"Kremowa lod\u00f3wka retro w jasnej kuchni w stylu boho\" class=\"wp-image-1939\" srcset=\"https:\/\/proplo.pl\/blog\/wp-content\/uploads\/2026\/08\/6964157_styled-retro-fridge.jpg 1400w, https:\/\/proplo.pl\/blog\/wp-content\/uploads\/2026\/08\/6964157_styled-retro-fridge-200x300.jpg 200w, https:\/\/proplo.pl\/blog\/wp-content\/uploads\/2026\/08\/6964157_styled-retro-fridge-683x1024.jpg 683w, https:\/\/proplo.pl\/blog\/wp-content\/uploads\/2026\/08\/6964157_styled-retro-fridge-768x1152.jpg 768w, https:\/\/proplo.pl\/blog\/wp-content\/uploads\/2026\/08\/6964157_styled-retro-fridge-1024x1536.jpg 1024w, https:\/\/proplo.pl\/blog\/wp-content\/uploads\/2026\/08\/6964157_styled-retro-fridge-1365x2048.jpg 1365w, https:\/\/proplo.pl\/blog\/wp-content\/uploads\/2026\/08\/6964157_styled-retro-fridge-480x720.jpg 480w, https:\/\/proplo.pl\/blog\/wp-content\/uploads\/2026\/08\/6964157_styled-retro-fridge-1200x1800.jpg 1200w\" sizes=\"auto, (max-width: 1400px) 100vw, 1400px\" \/><figcaption class=\"wp-block-image__caption\">Kremowa lod\u00f3wka retro wtapia si\u0119 w jasne, przytulne wn\u0119trze, dodaj\u0105c mu tylko delikatnej nuty vintage (fot. Pexels)<\/figcaption><\/figure>\n\n\n\n<h2 class=\"wp-block-heading\">Do jakiej kuchni pasuje lod\u00f3wka retro<\/h2>\n\n\n\n<p class=\"wp-block-paragraph\">Kolorowa lod\u00f3wka retro lubi <strong>neutraln\u0105, stonowan\u0105 baz\u0119<\/strong>, kt\u00f3ra pozwoli jej b\u0142yszcze\u0107. Najlepiej wypada w kilku kontekstach:<\/p>\n\n\n\n<ul class=\"wp-block-list\">\n\n<li><strong>Nowoczesna, skandynawska, minimalistyczna<\/strong> \u2014 biel, drewno i jeden kolorowy akcent to duet niezawodny.<\/li>\n\n\n<li><strong>Loft i industrial<\/strong> \u2014 retro forma na tle ceg\u0142y lub betonu tworzy ciekawy kontrast starego z surowym.<\/li>\n\n\n<li><strong>Boho i vintage<\/strong> \u2014 kremowa lub pastelowa lod\u00f3wka dope\u0142nia ciep\u0142e, \u201eprzytulone\u201d wn\u0119trze.<\/li>\n\n\n<li><strong>Klasyczna i prowansalska<\/strong> \u2014 zaokr\u0105glone kszta\u0142ty i pastel pasuj\u0105 do mi\u0119kkiej, klasycznej estetyki.<\/li>\n\n<\/ul>\n\n\n\n<figure class=\"wp-block-image size-large\"><img loading=\"lazy\" decoding=\"async\" width=\"1400\" height=\"2097\" src=\"https:\/\/proplo.pl\/blog\/wp-content\/uploads\/2026\/08\/6996088_white-vintage-minimal.jpg\" alt=\"Bia\u0142a lod\u00f3wka retro w minimalistycznej kuchni\" class=\"wp-image-1940\" srcset=\"https:\/\/proplo.pl\/blog\/wp-content\/uploads\/2026\/08\/6996088_white-vintage-minimal.jpg 1400w, https:\/\/proplo.pl\/blog\/wp-content\/uploads\/2026\/08\/6996088_white-vintage-minimal-200x300.jpg 200w, https:\/\/proplo.pl\/blog\/wp-content\/uploads\/2026\/08\/6996088_white-vintage-minimal-684x1024.jpg 684w, https:\/\/proplo.pl\/blog\/wp-content\/uploads\/2026\/08\/6996088_white-vintage-minimal-768x1150.jpg 768w, https:\/\/proplo.pl\/blog\/wp-content\/uploads\/2026\/08\/6996088_white-vintage-minimal-1025x1536.jpg 1025w, https:\/\/proplo.pl\/blog\/wp-content\/uploads\/2026\/08\/6996088_white-vintage-minimal-1367x2048.jpg 1367w, https:\/\/proplo.pl\/blog\/wp-content\/uploads\/2026\/08\/6996088_white-vintage-minimal-480x719.jpg 480w, https:\/\/proplo.pl\/blog\/wp-content\/uploads\/2026\/08\/6996088_white-vintage-minimal-1200x1797.jpg 1200w\" sizes=\"auto, (max-width: 1400px) 100vw, 1400px\" \/><figcaption class=\"wp-block-image__caption\">W minimalistycznej, jasnej kuchni sama retro forma \u2014 nawet w bieli \u2014 wystarcza za akcent (fot. Pexels)<\/figcaption><\/figure>\n\n\n\n<p class=\"wp-block-paragraph\">Wsp\u00f3lny mianownik: <strong>lod\u00f3wka jest akcentem, wi\u0119c reszta ma jej nie przekrzykiwa\u0107<\/strong>. Je\u015bli fronty, \u015bciany i dodatki s\u0105 ju\u017c kolorowe, kolorowa lod\u00f3wka doda chaosu zamiast charakteru.<\/p>\n\n\n\n<div style=\"background:#f6f7f9;border:1px solid #e4e7eb;border-radius:16px;padding:22px 28px;margin:16px 0;\"><p style=\"font-weight:700;font-size:19px;line-height:1.4;margin:0 0 8px;color:#1b1f24;\">Nie wiesz, czy kolorowa lod\u00f3wka \u201ezagra\u201d z Twoj\u0105 kuchni\u0105?<\/p><p style=\"margin:0 0 14px;line-height:1.65;color:#464c54;\">Projektant dobierze odcie\u0144, ustawienie i reszt\u0119 kolorystyki tak, by akcent wygl\u0105da\u0142 na przemy\u015blany, a nie przypadkowy. W katalogu Proplo znajdziesz zweryfikowanych projektant\u00f3w z portfolio i opiniami \u2014 m.in. w <a href=\"https:\/\/proplo.pl\/projektanci-architekci-wnetrz\/krakow\">Krakowie<\/a>, <a href=\"https:\/\/proplo.pl\/projektanci-architekci-wnetrz\/wroclaw\">Wroc\u0142awiu<\/a>, <a href=\"https:\/\/proplo.pl\/projektanci-architekci-wnetrz\/gdansk\">Gda\u0144sku<\/a>, <a href=\"https:\/\/proplo.pl\/projektanci-architekci-wnetrz\/poznan\">Poznaniu<\/a> i <a href=\"https:\/\/proplo.pl\/projektanci-architekci-wnetrz\/katowice\">Katowicach<\/a>.<\/p><p style=\"margin:0;line-height:1.65;\"><a href=\"https:\/\/proplo.pl\/projektanci-architekci-wnetrz\" style=\"display:inline-block;background:#fd5030;color:#fff;font-weight:700;text-decoration:none;padding:12px 22px;border-radius:10px;\">Znajd\u017a projektanta wn\u0119trz \u2192<\/a><\/p><\/div>\n\n\n\n<h2 class=\"wp-block-heading\">Retro tylko z wygl\u0105du? Na co uwa\u017ca\u0107 przy zakupie<\/h2>\n\n\n\n<p class=\"wp-block-paragraph\">Pi\u0119kna forma to nie wszystko \u2014 \u201eretro\u201d dotyczy stylu, nie techniki. Zanim kupisz, sprawd\u017a kilka rzeczy:<\/p>\n\n\n\n<ul class=\"wp-block-list\">\n\n<li><strong>Klasa energetyczna i zu\u017cycie<\/strong> \u2014 retro nie znaczy energooszcz\u0119dne. Sprawd\u017a etykiet\u0119 (nowa skala A\u2013G) i roczne zu\u017cycie w kWh; r\u00f3\u017cnice bywaj\u0105 spore i wida\u0107 je na rachunku.<\/li>\n\n\n<li><strong>Pojemno\u015b\u0107<\/strong> \u2014 zaokr\u0105glone kszta\u0142ty \u201ezjadaj\u0105\u201d troch\u0119 miejsca; realna pojemno\u015b\u0107 bywa mniejsza, ni\u017c sugeruje wielko\u015b\u0107 obudowy.<\/li>\n\n\n<li><strong>Kierunek otwierania drzwi<\/strong> \u2014 sprawd\u017a, czy zawias jest po w\u0142a\u015bciwej stronie (w cz\u0119\u015bci modeli da si\u0119 go prze\u0142o\u017cy\u0107).<\/li>\n\n\n<li><strong>Wymiary i wn\u0119ka<\/strong> \u2014 zmierz miejsce z zapasem na wentylacj\u0119 i otwieranie drzwi.<\/li>\n\n\n<li><strong>G\u0142o\u015bno\u015b\u0107<\/strong> \u2014 poziom ha\u0142asu (dB) ma znaczenie w kuchni otwartej na salon.<\/li>\n\n\n<li><strong>Umiar z kolorowym AGD<\/strong> \u2014 kilka sprz\u0119t\u00f3w w jednym odcieniu wygl\u0105da sp\u00f3jnie; pi\u0119\u0107 r\u00f3\u017cnych kolor\u00f3w robi jarmark.<\/li>\n\n<\/ul>\n\n\n\n<h2 class=\"wp-block-heading\">Ile kosztuje lod\u00f3wka retro i kolorowe AGD<\/h2>\n\n\n\n<p class=\"wp-block-paragraph\">Rozrzut cen jest du\u017cy \u2014 od bud\u017cetowych marek po ikoniczne. Poni\u017cej <strong>orientacyjne wide\u0142ki na 2026<\/strong> (punkt wyj\u015bcia, nie wycena):<\/p>\n\n\n\n<figure class=\"wp-block-table\"><table><thead><tr><th>Pozycja<\/th><th>Orientacyjny koszt (2026)<\/th><\/tr><\/thead><tbody><tr><td>Lod\u00f3wka retro marki premium (np. SMEG)<\/td><td>ok. 4500\u20139000+ z\u0142<\/td><\/tr><tr><td>Lod\u00f3wka retro marki bud\u017cetowej (Amica, MPM, Severin, Svan)<\/td><td>ok. 1500\u20133500 z\u0142<\/td><\/tr><tr><td>Kolorowy czajnik lub toster<\/td><td>ok. 150\u2013600 z\u0142<\/td><\/tr><tr><td>Kolorowy ekspres do kawy \/ mikser planetarny<\/td><td>ok. 500\u20133000 z\u0142<\/td><\/tr><\/tbody><\/table><\/figure>\n\n\n\n<p class=\"wp-block-paragraph\">Za styl retro zwykle dop\u0142acasz w por\u00f3wnaniu ze zwyk\u0142ym sprz\u0119tem o podobnych parametrach. Je\u015bli planujesz szersz\u0105 metamorfoz\u0119 kuchni, orientacyjn\u0105 cen\u0119 projektu wn\u0119trza policzysz w <a href=\"https:\/\/proplo.pl\/koszt-projektu-wnetrza\">kalkulatorze kosztu projektu<\/a>, a zakres wsp\u00f3\u0142pracy z projektantem opisujemy w przewodniku <a href=\"https:\/\/proplo.pl\/blog\/projektant-wnetrz\/\">o pracy z projektantem wn\u0119trz<\/a>.<\/p>\n\n\n\n<h2 class=\"wp-block-heading\">Lod\u00f3wka retro i kolorowe AGD \u2014 najcz\u0119stsze pytania<\/h2>\n\n\n\n<div style=\"background:#f6f7f9;border:1px solid #e4e7eb;border-radius:16px;padding:6px 28px;margin:12px 0;\"><div style=\"padding:20px 0;border-bottom:1px solid #e4e7eb;\"><p style=\"font-weight:700;font-size:18px;line-height:1.4;margin:0 0 10px;color:#1b1f24;\">Czy lod\u00f3wka retro jest modna w 2026 roku?<\/p><p style=\"margin:0;line-height:1.65;color:#464c54;\">Tak \u2014 jako \u015bwiadomy akcent koloru w neutralnej kuchni. Retro forma i nasycony (lub pastelowy) kolor to prosty spos\u00f3b, by doda\u0107 wn\u0119trzu charakteru bez remontu. Kluczem jest umiar: jedna lod\u00f3wka jako bohater, reszta kuchni stonowana.<\/p><\/div><div style=\"padding:20px 0;border-bottom:1px solid #e4e7eb;\"><p style=\"font-weight:700;font-size:18px;line-height:1.4;margin:0 0 10px;color:#1b1f24;\">Jaki kolor lod\u00f3wki retro wybra\u0107?<\/p><p style=\"margin:0;line-height:1.65;color:#464c54;\">Pastele (mi\u0119ta, kremowy, pudrowy r\u00f3\u017c, b\u0142\u0119kit) s\u0105 ponadczasowe i \u0142atwiej dopasowa\u0107 do nich reszt\u0119. Mocne barwy (czerwie\u0144, \u017c\u00f3\u0142\u0107, butelkowa ziele\u0144, czer\u0144) daj\u0105 odwa\u017cny akcent, ale wymagaj\u0105 spokojnego t\u0142a. Zasada: im mocniejszy kolor, tym spokojniejsza reszta kuchni.<\/p><\/div><div style=\"padding:20px 0;border-bottom:1px solid #e4e7eb;\"><p style=\"font-weight:700;font-size:18px;line-height:1.4;margin:0 0 10px;color:#1b1f24;\">Do jakiej kuchni pasuje lod\u00f3wka retro?<\/p><p style=\"margin:0;line-height:1.65;color:#464c54;\">Najlepiej do neutralnej bazy: kuchni skandynawskiej, minimalistycznej, loftowej (na tle ceg\u0142y) czy boho. Wtedy kolorowa lod\u00f3wka staje si\u0119 akcentem. W kuchni pe\u0142nej innych kolor\u00f3w doda raczej chaosu ni\u017c charakteru.<\/p><\/div><div style=\"padding:20px 0;border-bottom:1px solid #e4e7eb;\"><p style=\"font-weight:700;font-size:18px;line-height:1.4;margin:0 0 10px;color:#1b1f24;\">Czy lod\u00f3wka retro jest energooszcz\u0119dna?<\/p><p style=\"margin:0;line-height:1.65;color:#464c54;\">Niekoniecznie \u2014 \u201eretro\u201d dotyczy wygl\u0105du, nie techniki. Koniecznie sprawd\u017a etykiet\u0119 energetyczn\u0105 (skala A\u2013G) i roczne zu\u017cycie w kWh, bo r\u00f3\u017cnice mi\u0119dzy modelami bywaj\u0105 du\u017ce i wida\u0107 je na rachunkach.<\/p><\/div><div style=\"padding:20px 0;border-bottom:1px solid #e4e7eb;\"><p style=\"font-weight:700;font-size:18px;line-height:1.4;margin:0 0 10px;color:#1b1f24;\">Ile kosztuje lod\u00f3wka retro?<\/p><p style=\"margin:0;line-height:1.65;color:#464c54;\">Orientacyjnie (2026): modele premium (np. SMEG) ok. 4500\u20139000+ z\u0142, marki bud\u017cetowe (Amica, MPM, Severin, Svan) ok. 1500\u20133500 z\u0142. Za styl retro zwykle dop\u0142acasz wzgl\u0119dem zwyk\u0142ego sprz\u0119tu o podobnych parametrach.<\/p><\/div><div style=\"padding:20px 0;border-bottom:1px solid #e4e7eb;\"><p style=\"font-weight:700;font-size:18px;line-height:1.4;margin:0 0 10px;color:#1b1f24;\">Czy zamiast lod\u00f3wki wystarczy kolorowe ma\u0142e AGD?<\/p><p style=\"margin:0;line-height:1.65;color:#464c54;\">To \u015bwietny, ta\u0144szy spos\u00f3b na kolor: czajnik, toster, ekspres czy mikser w jednym odcieniu daj\u0105 efekt bez du\u017cej inwestycji i \u0142atwo je wymieni\u0107. Dobrze sprawdza si\u0119 te\u017c jako test odwa\u017cnej barwy przed zakupem lod\u00f3wki.<\/p><\/div><div style=\"padding:20px 0;\"><p style=\"font-weight:700;font-size:18px;line-height:1.4;margin:0 0 10px;color:#1b1f24;\">Na co jeszcze zwr\u00f3ci\u0107 uwag\u0119 przy zakupie?<\/p><p style=\"margin:0;line-height:1.65;color:#464c54;\">Na realn\u0105 pojemno\u015b\u0107 (zaokr\u0105glone kszta\u0142ty zabieraj\u0105 miejsce), kierunek otwierania drzwi, dok\u0142adne wymiary wn\u0119ki z zapasem na wentylacj\u0119 oraz poziom ha\u0142asu (dB), zw\u0142aszcza w kuchni otwartej na salon.<\/p><\/div><\/div>\n","protected":false},"excerpt":{"rendered":"<p>Lod\u00f3wka retro i kolorowe AGD to najprostszy spos\u00f3b, by nada\u0107 kuchni charakter. Jaki kolor wybra\u0107, do jakiej kuchni pasuje, na co uwa\u017ca\u0107 i ile kosztuje.<\/p>\n","protected":false},"author":4,"featured_media":1936,"comment_status":"closed","ping_status":"open","sticky":false,"template":"","format":"standard","meta":{"_acf_changed":false,"footnotes":""},"categories":[26],"tags":[],"class_list":["post-1941","post","type-post","status-publish","format-standard","has-post-thumbnail","hentry","category-aranzacje"],"acf":[],"yoast_head":"<!-- This site is optimized with the Yoast SEO plugin v28.4 - https:\/\/yoast.com\/product\/yoast-seo-wordpress\/ -->\n<title>Lod\u00f3wka retro i kolorowe AGD \u2014 jak wybra\u0107 - Poradnik wn\u0119trzarski - Proplo<\/title>\n<meta name=\"description\" content=\"Lod\u00f3wka retro i kolorowe AGD jako akcent w kuchni: jaki kolor wybra\u0107, do jakiej kuchni pasuje, na co uwa\u017ca\u0107 przy zakupie i ile kosztuje. Praktyczny przewodnik.\" \/>\n<meta name=\"robots\" content=\"index, follow, max-snippet:-1, max-image-preview:large, max-video-preview:-1\" \/>\n<link rel=\"canonical\" href=\"https:\/\/proplo.pl\/blog\/lodowka-retro-kolorowe-agd\/\" \/>\n<meta property=\"og:locale\" content=\"pl_PL\" \/>\n<meta property=\"og:type\" content=\"article\" \/>\n<meta property=\"og:title\" content=\"Lod\u00f3wka retro i kolorowe AGD \u2014 jak wybra\u0107 - Poradnik wn\u0119trzarski - Proplo\" \/>\n<meta property=\"og:description\" content=\"Lod\u00f3wka retro i kolorowe AGD jako akcent w kuchni: jaki kolor wybra\u0107, do jakiej kuchni pasuje, na co uwa\u017ca\u0107 przy zakupie i ile kosztuje. Praktyczny przewodnik.\" \/>\n<meta property=\"og:url\" content=\"https:\/\/proplo.pl\/blog\/lodowka-retro-kolorowe-agd\/\" \/>\n<meta property=\"og:site_name\" content=\"Poradnik wn\u0119trzarski - Proplo\" \/>\n<meta property=\"article:published_time\" content=\"2026-09-03T08:57:39+00:00\" \/>\n<meta property=\"article:modified_time\" content=\"2026-09-05T16:20:25+00:00\" \/>\n<meta property=\"og:image\" content=\"https:\/\/proplo.pl\/blog\/wp-content\/uploads\/2026\/08\/30352763_eclectic-vibrant-art.jpg\" \/>\n\t<meta property=\"og:image:width\" content=\"1400\" \/>\n\t<meta property=\"og:image:height\" content=\"933\" \/>\n\t<meta property=\"og:image:type\" content=\"image\/jpeg\" \/>\n<meta name=\"author\" content=\"Team Proplo\" \/>\n<meta name=\"twitter:card\" content=\"summary_large_image\" \/>\n<meta name=\"twitter:label1\" content=\"Napisane przez\" \/>\n\t<meta name=\"twitter:data1\" content=\"Team Proplo\" \/>\n\t<meta name=\"twitter:label2\" content=\"Szacowany czas czytania\" \/>\n\t<meta name=\"twitter:data2\" content=\"6 minut\" \/>\n<script type=\"application\/ld+json\" class=\"yoast-schema-graph\">{\"@context\":\"https:\\\/\\\/schema.org\",\"@graph\":[{\"@type\":\"Article\",\"@id\":\"https:\\\/\\\/proplo.pl\\\/blog\\\/lodowka-retro-kolorowe-agd\\\/#article\",\"isPartOf\":{\"@id\":\"https:\\\/\\\/proplo.pl\\\/blog\\\/lodowka-retro-kolorowe-agd\\\/\"},\"author\":{\"name\":\"Team Proplo\",\"@id\":\"https:\\\/\\\/proplo.pl\\\/blog\\\/#\\\/schema\\\/person\\\/cd4928e4fca20bae9478e3eb64ca2714\"},\"headline\":\"Lod\u00f3wka retro i kolorowe AGD \u2014 akcent, kt\u00f3ry robi kuchni\u0119\",\"datePublished\":\"2026-09-03T08:57:39+00:00\",\"dateModified\":\"2026-09-05T16:20:25+00:00\",\"mainEntityOfPage\":{\"@id\":\"https:\\\/\\\/proplo.pl\\\/blog\\\/lodowka-retro-kolorowe-agd\\\/\"},\"wordCount\":1232,\"image\":{\"@id\":\"https:\\\/\\\/proplo.pl\\\/blog\\\/lodowka-retro-kolorowe-agd\\\/#primaryimage\"},\"thumbnailUrl\":\"https:\\\/\\\/proplo.pl\\\/blog\\\/wp-content\\\/uploads\\\/2026\\\/08\\\/30352763_eclectic-vibrant-art.jpg\",\"articleSection\":[\"Aran\u017cacje\"],\"inLanguage\":\"pl-PL\"},{\"@type\":\"WebPage\",\"@id\":\"https:\\\/\\\/proplo.pl\\\/blog\\\/lodowka-retro-kolorowe-agd\\\/\",\"url\":\"https:\\\/\\\/proplo.pl\\\/blog\\\/lodowka-retro-kolorowe-agd\\\/\",\"name\":\"Lod\u00f3wka retro i kolorowe AGD \u2014 jak wybra\u0107 - Poradnik wn\u0119trzarski - Proplo\",\"isPartOf\":{\"@id\":\"https:\\\/\\\/proplo.pl\\\/blog\\\/#website\"},\"primaryImageOfPage\":{\"@id\":\"https:\\\/\\\/proplo.pl\\\/blog\\\/lodowka-retro-kolorowe-agd\\\/#primaryimage\"},\"image\":{\"@id\":\"https:\\\/\\\/proplo.pl\\\/blog\\\/lodowka-retro-kolorowe-agd\\\/#primaryimage\"},\"thumbnailUrl\":\"https:\\\/\\\/proplo.pl\\\/blog\\\/wp-content\\\/uploads\\\/2026\\\/08\\\/30352763_eclectic-vibrant-art.jpg\",\"datePublished\":\"2026-09-03T08:57:39+00:00\",\"dateModified\":\"2026-09-05T16:20:25+00:00\",\"author\":{\"@id\":\"https:\\\/\\\/proplo.pl\\\/blog\\\/#\\\/schema\\\/person\\\/cd4928e4fca20bae9478e3eb64ca2714\"},\"description\":\"Lod\u00f3wka retro i kolorowe AGD jako akcent w kuchni: jaki kolor wybra\u0107, do jakiej kuchni pasuje, na co uwa\u017ca\u0107 przy zakupie i ile kosztuje. Praktyczny przewodnik.\",\"breadcrumb\":{\"@id\":\"https:\\\/\\\/proplo.pl\\\/blog\\\/lodowka-retro-kolorowe-agd\\\/#breadcrumb\"},\"inLanguage\":\"pl-PL\",\"potentialAction\":[{\"@type\":\"ReadAction\",\"target\":[\"https:\\\/\\\/proplo.pl\\\/blog\\\/lodowka-retro-kolorowe-agd\\\/\"]}]},{\"@type\":\"ImageObject\",\"inLanguage\":\"pl-PL\",\"@id\":\"https:\\\/\\\/proplo.pl\\\/blog\\\/lodowka-retro-kolorowe-agd\\\/#primaryimage\",\"url\":\"https:\\\/\\\/proplo.pl\\\/blog\\\/wp-content\\\/uploads\\\/2026\\\/08\\\/30352763_eclectic-vibrant-art.jpg\",\"contentUrl\":\"https:\\\/\\\/proplo.pl\\\/blog\\\/wp-content\\\/uploads\\\/2026\\\/08\\\/30352763_eclectic-vibrant-art.jpg\",\"width\":1400,\"height\":933,\"caption\":\"Fot. Pexels\"},{\"@type\":\"BreadcrumbList\",\"@id\":\"https:\\\/\\\/proplo.pl\\\/blog\\\/lodowka-retro-kolorowe-agd\\\/#breadcrumb\",\"itemListElement\":[{\"@type\":\"ListItem\",\"position\":1,\"name\":\"Proplo\",\"item\":\"https:\\\/\\\/proplo.pl\"},{\"@type\":\"ListItem\",\"position\":2,\"name\":\"Poradnik wn\u0119trzarski\",\"item\":\"https:\\\/\\\/proplo.pl\\\/blog\\\/\"},{\"@type\":\"ListItem\",\"position\":3,\"name\":\"Lod\u00f3wka retro i kolorowe AGD \u2014 akcent, kt\u00f3ry robi kuchni\u0119\"}]},{\"@type\":\"WebSite\",\"@id\":\"https:\\\/\\\/proplo.pl\\\/blog\\\/#website\",\"url\":\"https:\\\/\\\/proplo.pl\\\/blog\\\/\",\"name\":\"Blog Proplo\",\"description\":\"\",\"potentialAction\":[{\"@type\":\"SearchAction\",\"target\":{\"@type\":\"EntryPoint\",\"urlTemplate\":\"https:\\\/\\\/proplo.pl\\\/blog\\\/?s={search_term_string}\"},\"query-input\":{\"@type\":\"PropertyValueSpecification\",\"valueRequired\":true,\"valueName\":\"search_term_string\"}}],\"inLanguage\":\"pl-PL\"},{\"@type\":\"Person\",\"@id\":\"https:\\\/\\\/proplo.pl\\\/blog\\\/#\\\/schema\\\/person\\\/cd4928e4fca20bae9478e3eb64ca2714\",\"name\":\"Team Proplo\",\"image\":{\"@type\":\"ImageObject\",\"inLanguage\":\"pl-PL\",\"@id\":\"https:\\\/\\\/secure.gravatar.com\\\/avatar\\\/a6e9706e5164ba9b1ea9edfc64b7a4d6c14fee213a6de633697e4990c39b5bb1?s=96&d=mm&r=g\",\"url\":\"https:\\\/\\\/secure.gravatar.com\\\/avatar\\\/a6e9706e5164ba9b1ea9edfc64b7a4d6c14fee213a6de633697e4990c39b5bb1?s=96&d=mm&r=g\",\"contentUrl\":\"https:\\\/\\\/secure.gravatar.com\\\/avatar\\\/a6e9706e5164ba9b1ea9edfc64b7a4d6c14fee213a6de633697e4990c39b5bb1?s=96&d=mm&r=g\",\"caption\":\"Team Proplo\"},\"description\":\"Team Proplo to zesp\u00f3\u0142 redakcyjny Proplo \u2013 platformy, kt\u00f3ra \u0142\u0105czy w\u0142a\u015bcicieli mieszka\u0144 i dom\u00f3w ze zweryfikowanymi projektantami oraz architektami wn\u0119trz z ca\u0142ej Polski. Tworzymy praktyczne poradniki o projektowaniu i urz\u0105dzaniu wn\u0119trz, wsp\u00f3\u0142pracy z projektantem, kosztach remontu i formalno\u015bciach \u2013 w oparciu o realne do\u015bwiadczenia specjalist\u00f3w z naszego katalogu i tysi\u0105ce zrealizowanych projekt\u00f3w. Pomagamy Ci podejmowa\u0107 \u015bwiadome decyzje na ka\u017cdym etapie: od odbioru mieszkania, przez wyb\u00f3r projektanta, po gotowe, funkcjonalne i pi\u0119kne wn\u0119trze.\",\"url\":\"https:\\\/\\\/proplo.pl\\\/blog\\\/author\\\/team-proplo\\\/\"}]}<\/script>\n<!-- \/ Yoast SEO plugin. -->","yoast_head_json":{"title":"Lod\u00f3wka retro i kolorowe AGD \u2014 jak wybra\u0107 - Poradnik wn\u0119trzarski - Proplo","description":"Lod\u00f3wka retro i kolorowe AGD jako akcent w kuchni: jaki kolor wybra\u0107, do jakiej kuchni pasuje, na co uwa\u017ca\u0107 przy zakupie i ile kosztuje. Praktyczny przewodnik.","robots":{"index":"index","follow":"follow","max-snippet":"max-snippet:-1","max-image-preview":"max-image-preview:large","max-video-preview":"max-video-preview:-1"},"canonical":"https:\/\/proplo.pl\/blog\/lodowka-retro-kolorowe-agd\/","og_locale":"pl_PL","og_type":"article","og_title":"Lod\u00f3wka retro i kolorowe AGD \u2014 jak wybra\u0107 - Poradnik wn\u0119trzarski - Proplo","og_description":"Lod\u00f3wka retro i kolorowe AGD jako akcent w kuchni: jaki kolor wybra\u0107, do jakiej kuchni pasuje, na co uwa\u017ca\u0107 przy zakupie i ile kosztuje. Praktyczny przewodnik.","og_url":"https:\/\/proplo.pl\/blog\/lodowka-retro-kolorowe-agd\/","og_site_name":"Poradnik wn\u0119trzarski - Proplo","article_published_time":"2026-09-03T08:57:39+00:00","article_modified_time":"2026-09-05T16:20:25+00:00","og_image":[{"width":1400,"height":933,"url":"https:\/\/proplo.pl\/blog\/wp-content\/uploads\/2026\/08\/30352763_eclectic-vibrant-art.jpg","type":"image\/jpeg"}],"author":"Team Proplo","twitter_card":"summary_large_image","twitter_misc":{"Napisane przez":"Team Proplo","Szacowany czas czytania":"6 minut"},"schema":{"@context":"https:\/\/schema.org","@graph":[{"@type":"Article","@id":"https:\/\/proplo.pl\/blog\/lodowka-retro-kolorowe-agd\/#article","isPartOf":{"@id":"https:\/\/proplo.pl\/blog\/lodowka-retro-kolorowe-agd\/"},"author":{"name":"Team Proplo","@id":"https:\/\/proplo.pl\/blog\/#\/schema\/person\/cd4928e4fca20bae9478e3eb64ca2714"},"headline":"Lod\u00f3wka retro i kolorowe AGD \u2014 akcent, kt\u00f3ry robi kuchni\u0119","datePublished":"2026-09-03T08:57:39+00:00","dateModified":"2026-09-05T16:20:25+00:00","mainEntityOfPage":{"@id":"https:\/\/proplo.pl\/blog\/lodowka-retro-kolorowe-agd\/"},"wordCount":1232,"image":{"@id":"https:\/\/proplo.pl\/blog\/lodowka-retro-kolorowe-agd\/#primaryimage"},"thumbnailUrl":"https:\/\/proplo.pl\/blog\/wp-content\/uploads\/2026\/08\/30352763_eclectic-vibrant-art.jpg","articleSection":["Aran\u017cacje"],"inLanguage":"pl-PL"},{"@type":"WebPage","@id":"https:\/\/proplo.pl\/blog\/lodowka-retro-kolorowe-agd\/","url":"https:\/\/proplo.pl\/blog\/lodowka-retro-kolorowe-agd\/","name":"Lod\u00f3wka retro i kolorowe AGD \u2014 jak wybra\u0107 - Poradnik wn\u0119trzarski - Proplo","isPartOf":{"@id":"https:\/\/proplo.pl\/blog\/#website"},"primaryImageOfPage":{"@id":"https:\/\/proplo.pl\/blog\/lodowka-retro-kolorowe-agd\/#primaryimage"},"image":{"@id":"https:\/\/proplo.pl\/blog\/lodowka-retro-kolorowe-agd\/#primaryimage"},"thumbnailUrl":"https:\/\/proplo.pl\/blog\/wp-content\/uploads\/2026\/08\/30352763_eclectic-vibrant-art.jpg","datePublished":"2026-09-03T08:57:39+00:00","dateModified":"2026-09-05T16:20:25+00:00","author":{"@id":"https:\/\/proplo.pl\/blog\/#\/schema\/person\/cd4928e4fca20bae9478e3eb64ca2714"},"description":"Lod\u00f3wka retro i kolorowe AGD jako akcent w kuchni: jaki kolor wybra\u0107, do jakiej kuchni pasuje, na co uwa\u017ca\u0107 przy zakupie i ile kosztuje. Praktyczny przewodnik.","breadcrumb":{"@id":"https:\/\/proplo.pl\/blog\/lodowka-retro-kolorowe-agd\/#breadcrumb"},"inLanguage":"pl-PL","potentialAction":[{"@type":"ReadAction","target":["https:\/\/proplo.pl\/blog\/lodowka-retro-kolorowe-agd\/"]}]},{"@type":"ImageObject","inLanguage":"pl-PL","@id":"https:\/\/proplo.pl\/blog\/lodowka-retro-kolorowe-agd\/#primaryimage","url":"https:\/\/proplo.pl\/blog\/wp-content\/uploads\/2026\/08\/30352763_eclectic-vibrant-art.jpg","contentUrl":"https:\/\/proplo.pl\/blog\/wp-content\/uploads\/2026\/08\/30352763_eclectic-vibrant-art.jpg","width":1400,"height":933,"caption":"Fot. Pexels"},{"@type":"BreadcrumbList","@id":"https:\/\/proplo.pl\/blog\/lodowka-retro-kolorowe-agd\/#breadcrumb","itemListElement":[{"@type":"ListItem","position":1,"name":"Proplo","item":"https:\/\/proplo.pl"},{"@type":"ListItem","position":2,"name":"Poradnik wn\u0119trzarski","item":"https:\/\/proplo.pl\/blog\/"},{"@type":"ListItem","position":3,"name":"Lod\u00f3wka retro i kolorowe AGD \u2014 akcent, kt\u00f3ry robi kuchni\u0119"}]},{"@type":"WebSite","@id":"https:\/\/proplo.pl\/blog\/#website","url":"https:\/\/proplo.pl\/blog\/","name":"Blog Proplo","description":"","potentialAction":[{"@type":"SearchAction","target":{"@type":"EntryPoint","urlTemplate":"https:\/\/proplo.pl\/blog\/?s={search_term_string}"},"query-input":{"@type":"PropertyValueSpecification","valueRequired":true,"valueName":"search_term_string"}}],"inLanguage":"pl-PL"},{"@type":"Person","@id":"https:\/\/proplo.pl\/blog\/#\/schema\/person\/cd4928e4fca20bae9478e3eb64ca2714","name":"Team Proplo","image":{"@type":"ImageObject","inLanguage":"pl-PL","@id":"https:\/\/secure.gravatar.com\/avatar\/a6e9706e5164ba9b1ea9edfc64b7a4d6c14fee213a6de633697e4990c39b5bb1?s=96&d=mm&r=g","url":"https:\/\/secure.gravatar.com\/avatar\/a6e9706e5164ba9b1ea9edfc64b7a4d6c14fee213a6de633697e4990c39b5bb1?s=96&d=mm&r=g","contentUrl":"https:\/\/secure.gravatar.com\/avatar\/a6e9706e5164ba9b1ea9edfc64b7a4d6c14fee213a6de633697e4990c39b5bb1?s=96&d=mm&r=g","caption":"Team Proplo"},"description":"Team Proplo to zesp\u00f3\u0142 redakcyjny Proplo \u2013 platformy, kt\u00f3ra \u0142\u0105czy w\u0142a\u015bcicieli mieszka\u0144 i dom\u00f3w ze zweryfikowanymi projektantami oraz architektami wn\u0119trz z ca\u0142ej Polski. Tworzymy praktyczne poradniki o projektowaniu i urz\u0105dzaniu wn\u0119trz, wsp\u00f3\u0142pracy z projektantem, kosztach remontu i formalno\u015bciach \u2013 w oparciu o realne do\u015bwiadczenia specjalist\u00f3w z naszego katalogu i tysi\u0105ce zrealizowanych projekt\u00f3w. Pomagamy Ci podejmowa\u0107 \u015bwiadome decyzje na ka\u017cdym etapie: od odbioru mieszkania, przez wyb\u00f3r projektanta, po gotowe, funkcjonalne i pi\u0119kne wn\u0119trze.","url":"https:\/\/proplo.pl\/blog\/author\/team-proplo\/"}]}},"_links":{"self":[{"href":"https:\/\/proplo.pl\/blog\/wp-json\/wp\/v2\/posts\/1941","targetHints":{"allow":["GET"]}}],"collection":[{"href":"https:\/\/proplo.pl\/blog\/wp-json\/wp\/v2\/posts"}],"about":[{"href":"https:\/\/proplo.pl\/blog\/wp-json\/wp\/v2\/types\/post"}],"author":[{"embeddable":true,"href":"https:\/\/proplo.pl\/blog\/wp-json\/wp\/v2\/users\/4"}],"replies":[{"embeddable":true,"href":"https:\/\/proplo.pl\/blog\/wp-json\/wp\/v2\/comments?post=1941"}],"version-history":[{"count":2,"href":"https:\/\/proplo.pl\/blog\/wp-json\/wp\/v2\/posts\/1941\/revisions"}],"predecessor-version":[{"id":1954,"href":"https:\/\/proplo.pl\/blog\/wp-json\/wp\/v2\/posts\/1941\/revisions\/1954"}],"wp:featuredmedia":[{"embeddable":true,"href":"https:\/\/proplo.pl\/blog\/wp-json\/wp\/v2\/media\/1936"}],"wp:attachment":[{"href":"https:\/\/proplo.pl\/blog\/wp-json\/wp\/v2\/media?parent=1941"}],"wp:term":[{"taxonomy":"category","embeddable":true,"href":"https:\/\/proplo.pl\/blog\/wp-json\/wp\/v2\/categories?post=1941"},{"taxonomy":"post_tag","embeddable":true,"href":"https:\/\/proplo.pl\/blog\/wp-json\/wp\/v2\/tags?post=1941"}],"curies":[{"name":"wp","href":"https:\/\/api.w.org\/{rel}","templated":true}]}}