{"id":1333,"date":"2025-09-05T13:13:46","date_gmt":"2025-09-05T12:13:46","guid":{"rendered":"https:\/\/proplo.pl\/blog\/?p=1333"},"modified":"2025-09-05T18:25:49","modified_gmt":"2025-09-05T17:25:49","slug":"aranzacja-pokoju-nastolatka","status":"publish","type":"post","link":"https:\/\/proplo.pl\/blog\/aranzacja-pokoju-nastolatka\/","title":{"rendered":"Pok\u00f3j nastolatka &#8211; funkcjonalno\u015b\u0107 i prywatno\u015b\u0107"},"content":{"rendered":"<div class=\"you-find-content\">\r\n    <div class=\"container-xl container-wrapper\">\r\n        <div class=\"row design\">\r\n            <div class=\"col-md-12 wrapper \">\r\n                <div class=\"title\"><p>Z tego artyku\u0142u dowiesz si\u0119:<\/p>\n<\/div>\r\n                <div class=\"grid-wrapper\">\r\n                                                        <div class=\"block-list\">\r\n                        <div class=\"number\">\r\n                            1                        <\/div>\r\n                        <div class=\"text\">\r\n                            <p>Jak podzieli\u0107 pok\u00f3j nastolatka na strefy: nauka, relaks, sen i przechowywanie?<\/p>\n                        <\/div>\r\n                    <\/div>\r\n                                        <div class=\"block-list\">\r\n                        <div class=\"number\">\r\n                            2                        <\/div>\r\n                        <div class=\"text\">\r\n                            <p>Jak dopasowa\u0107 kolory, meble i uk\u0142ad do osobowo\u015bci?<\/p>\n                        <\/div>\r\n                    <\/div>\r\n                                        <div class=\"block-list\">\r\n                        <div class=\"number\">\r\n                            3                        <\/div>\r\n                        <div class=\"text\">\r\n                            <p>Jakie sprytne, wielofunkcyjne rozwi\u0105zania i meble oszcz\u0119dzaj\u0105 miejsce?<\/p>\n                        <\/div>\r\n                    <\/div>\r\n                                        <div class=\"block-list\">\r\n                        <div class=\"number\">\r\n                            4                        <\/div>\r\n                        <div class=\"text\">\r\n                            <p>Jak zaplanowa\u0107 bud\u017cet i wybra\u0107 elementy, kt\u00f3re naprawd\u0119 robi\u0105 r\u00f3\u017cnic\u0119?<\/p>\n                        <\/div>\r\n                    <\/div>\r\n                                                    <\/div>\r\n            <\/div>\r\n        <\/div>\r\n    <\/div>\r\n<\/div>\n\n\n<p>Urz\u0105dzenie pokoju dla nastolatka to prawdziwe wyzwanie \u2013 niemal <strong>misja specjalna<\/strong>. Trzeba tu umiej\u0119tnie po\u0142\u0105czy\u0107 <strong>funkcjonalno\u015b\u0107<\/strong> z <strong>poczuciem prywatno\u015bci<\/strong>, co wcale nie jest takie oczywiste. Pok\u00f3j nastolatka to przecie\u017c znacznie wi\u0119cej ni\u017c tylko miejsce do spania. To jego <strong>osobisty azyl<\/strong> \u2013 przestrze\u0144 do nauki, relaksu i rozwijania pasji, takich jak gra na gitarze czy projektowanie grafiki. <strong>Wielofunkcyjno\u015b\u0107 tej przestrzeni sprawia, \u017ce staje si\u0119 ona jednym z najwa\u017cniejszych pomieszcze\u0144 w ca\u0142ym domu.<\/strong><\/p>\n\n\n\n<p>Najwa\u017cniejsze jednak, by nastolatek czu\u0142 si\u0119 w swoim pokoju naprawd\u0119 dobrze \u2013 <strong>swobodnie, bezpiecznie i \u201ejak u siebie\u201d<\/strong>. Dlatego aran\u017cacja powinna by\u0107 dopasowana do jego osobowo\u015bci, zainteresowa\u0144 i codziennego rytmu \u2013 niczym ulubiona bluza. <strong>Odpowiednio dobrane kolory, meble i dodatki<\/strong> potrafi\u0105 nie tylko nada\u0107 wn\u0119trzu wyj\u0105tkowy klimat, ale te\u017c <strong>pozytywnie wp\u0142ywa\u0107 na nastr\u00f3j i kreatywno\u015b\u0107<\/strong> m\u0142odego cz\u0142owieka.<\/p>\n\n\n\n<p>Warto wzi\u0105\u0107 pod uwag\u0119 r\u00f3\u017cne typy osobowo\u015bci, kt\u00f3re wp\u0142ywaj\u0105 na potrzeby aran\u017cacyjne:<\/p>\n\n\n\n<ul class=\"wp-block-list\">\n<li><strong>Introwertyk<\/strong> \u2013 najlepiej odnajduje si\u0119 w stonowanych barwach, przytulnych zakamarkach i wyciszonym otoczeniu, kt\u00f3re sprzyja skupieniu i odpoczynkowi.<\/li>\n\n\n\n<li><strong>Ekstrawertyk<\/strong> \u2013 czuje si\u0119 \u015bwietnie w\u015br\u00f3d intensywnych kolor\u00f3w, otwartej przestrzeni i dynamicznych akcent\u00f3w, kt\u00f3re pobudzaj\u0105 energi\u0119 i kreatywno\u015b\u0107.<\/li>\n<\/ul>\n\n\n\n<p><strong>Jak wi\u0119c stworzy\u0107 pok\u00f3j, kt\u00f3ry b\u0119dzie jednocze\u015bnie praktyczny i inspiruj\u0105cy?<\/strong> Czy da si\u0119 po\u0142\u0105czy\u0107 wygod\u0119 z charakterem, nie rezygnuj\u0105c z \u017cadnego z nich? Oczywi\u015bcie! Kluczem jest <strong>indywidualne podej\u015bcie<\/strong> i <strong>otwarto\u015b\u0107 na potrzeby m\u0142odego domownika<\/strong>. Dobrze zaprojektowany pok\u00f3j to nie tylko cztery \u015bciany \u2013 to <strong>przestrze\u0144, kt\u00f3ra wspiera, motywuje i daje poczucie, \u017ce wszystko jest mo\u017cliwe<\/strong>, nawet wtedy, gdy \u015bwiat za oknem wydaje si\u0119 troch\u0119 zbyt doros\u0142y.<\/p>\n\n\n\n<h2 class=\"wp-block-heading\">Planowanie przestrzeni i podzia\u0142 na strefy<\/h2>\n\n\n\n<p>Urz\u0105dzanie pokoju dla nastolatka to nie tylko kwestia estetyki, ale przede wszystkim <strong>wyzwanie funkcjonalne<\/strong>, kt\u00f3re wymaga po\u0142\u0105czenia wygody, praktyczno\u015bci i stylu odpowiadaj\u0105cego m\u0142odemu domownikowi. Kluczem do sukcesu jest <strong>przemy\u015blane zagospodarowanie przestrzeni<\/strong> oraz jej logiczny podzia\u0142 na strefy. <a href=\"https:\/\/proplo.pl\/pomieszczenia\/pokoj-dla-dzieci\">Pok\u00f3j dla dziecka<\/a> powinien pe\u0142ni\u0107 wiele funkcji: by\u0107 miejscem nauki, odpoczynku, snu oraz przechowywania rzeczy. <strong>Dobrze zaplanowany uk\u0142ad wspiera samodzielno\u015b\u0107, porz\u0105dek i poczucie bezpiecze\u0144stwa<\/strong>.<\/p>\n\n\n\n<p>W przypadku mniejszych pomieszcze\u0144 warto postawi\u0107 na <strong>meble wielofunkcyjne<\/strong>, kt\u00f3re pozwalaj\u0105 maksymalnie wykorzysta\u0107 dost\u0119pn\u0105 przestrze\u0144. Przyk\u0142adowo:<\/p>\n\n\n\n<ul class=\"wp-block-list\">\n<li><strong>\u0141\u00f3\u017cko na antresoli<\/strong> \u2013 pod nim mo\u017cna zaaran\u017cowa\u0107 biurko lub k\u0105cik do relaksu.<\/li>\n\n\n\n<li><strong>Zabudowana szafa<\/strong> \u2013 skutecznie ukryje wszystko, co nie powinno by\u0107 na widoku.<\/li>\n<\/ul>\n\n\n\n<p>Takie rozwi\u0105zania nie tylko oszcz\u0119dzaj\u0105 miejsce, ale r\u00f3wnie\u017c nadaj\u0105 wn\u0119trzu <strong>nowoczesny i indywidualny charakter<\/strong>.<\/p>\n\n\n\n<h3 class=\"wp-block-heading\">Jak zaplanowa\u0107 podzia\u0142 na strefy: nauka, relaks, sen i przechowywanie<\/h3>\n\n\n\n<p>Funkcjonalny pok\u00f3j to taki, w kt\u00f3rym ka\u017cda strefa ma <strong>jasno okre\u015blone przeznaczenie<\/strong>. Odpowiedni podzia\u0142 przestrzeni sprzyja skupieniu, organizacji i efektywno\u015bci. Oto jak mo\u017cna to zrealizowa\u0107:<\/p>\n\n\n\n<ul class=\"wp-block-list\">\n<li><strong>Strefa nauki<\/strong> \u2013 ergonomiczne biurko i wygodne krzes\u0142o to podstawa<sup data-fn=\"8fceed74-2374-4e7c-91b1-1e6c11cd366a\" class=\"fn\"><a id=\"8fceed74-2374-4e7c-91b1-1e6c11cd366a-link\" href=\"#8fceed74-2374-4e7c-91b1-1e6c11cd366a\">1<\/a><\/sup>. Dobrze, je\u015bli miejsce to znajduje si\u0119 blisko okna, by zapewni\u0107 dost\u0119p do naturalnego \u015bwiat\u0142a. Warto te\u017c zadba\u0107 o lampk\u0119 z regulacj\u0105 nat\u0119\u017cenia \u015bwiat\u0142a.<\/li>\n\n\n\n<li><strong>Strefa przechowywania<\/strong> \u2013 rega\u0142y z otwartymi p\u00f3\u0142kami \u015bwietnie sprawdz\u0105 si\u0119 na ksi\u0105\u017cki, dekoracje i pami\u0105tki. Zamykane szafki pomog\u0105 utrzyma\u0107 porz\u0105dek i ukry\u0107 mniej estetyczne przedmioty.<\/li>\n\n\n\n<li><strong>Strefa relaksu<\/strong> \u2013 powinna by\u0107 przytulna i komfortowa, z mi\u0119kkimi meblami i ciep\u0142ym o\u015bwietleniem.<\/li>\n\n\n\n<li><strong>Strefa snu<\/strong> \u2013 najlepiej oddzielona od reszty przestrzeni, by sprzyja\u0107 regeneracji i wyciszeniu.<\/li>\n<\/ul>\n\n\n\n<p><strong>Ka\u017cda czynno\u015b\u0107 ma swoje miejsce<\/strong> \u2013 to klucz do harmonii i funkcjonalno\u015bci w pokoju nastolatka.<\/p>\n\n\n\n<h3 class=\"wp-block-heading\">Strefa nauki: ergonomiczne biurko i odpowiednie o\u015bwietlenie<\/h3>\n\n\n\n<p>Strefa nauki powinna sprzyja\u0107 koncentracji i motywowa\u0107 do dzia\u0142ania. Najwa\u017cniejsze elementy <a href=\"https:\/\/proplo.pl\/blog\/pokoj-ucznia\/\">pokoju ucznia<\/a> to:<\/p>\n\n\n\n<ul class=\"wp-block-list\">\n<li><strong>Biurko z nadstawk\u0105<\/strong> \u2013 zapewnia dodatkow\u0105 przestrze\u0144 na ksi\u0105\u017cki, przybory i laptopa. Je\u015bli ma regulowan\u0105 wysoko\u015b\u0107, mo\u017ce \u201erosn\u0105\u0107\u201d razem z dzieckiem, dostosowuj\u0105c si\u0119 do jego potrzeb.<\/li>\n\n\n\n<li><strong>Wygodne krzes\u0142o<\/strong> \u2013 ergonomiczne, wspieraj\u0105ce prawid\u0142ow\u0105 postaw\u0119 podczas nauki.<\/li>\n\n\n\n<li><strong>O\u015bwietlenie<\/strong> \u2013 lampa z regulacj\u0105 k\u0105ta padania \u015bwiat\u0142a pozwala dostosowa\u0107 warunki do r\u00f3\u017cnych aktywno\u015bci, od pisania po rysowanie.<\/li>\n<\/ul>\n\n\n\n<p><strong>Stylowy design<\/strong> lampy i mebli mo\u017ce dodatkowo podnie\u015b\u0107 atrakcyjno\u015b\u0107 przestrzeni i sprawi\u0107, \u017ce nauka stanie si\u0119 przyjemniejsza.<\/p>\n\n\n\n<h3 class=\"wp-block-heading\">Strefa relaksu: wygodne meble i przytulna atmosfera<\/h3>\n\n\n\n<p>Po intensywnym dniu ka\u017cdy nastolatek potrzebuje miejsca, w kt\u00f3rym mo\u017ce si\u0119 wyciszy\u0107 i zrelaksowa\u0107. Strefa relaksu powinna by\u0107 <strong>komfortowa, ciep\u0142a i sprzyjaj\u0105ca odpoczynkowi<\/strong>. Kluczowe elementy to:<\/p>\n\n\n\n<ul class=\"wp-block-list\">\n<li><strong>Mi\u0119kkie \u0142\u00f3\u017cko z tapicerowanym zag\u0142\u00f3wkiem<\/strong> \u2013 idealne zar\u00f3wno do spania, jak i wieczornego czytania czy ogl\u0105dania seriali.<\/li>\n\n\n\n<li><strong>Wisz\u0105cy fotel<\/strong> \u2013 efektowny i niezwykle relaksuj\u0105cy, staje si\u0119 ulubionym miejscem do odpoczynku.<\/li>\n\n\n\n<li><strong>Dodatki<\/strong> \u2013 poduszki, ciep\u0142y koc, zas\u0142ony i delikatne \u015bwiat\u0142o tworz\u0105 przytuln\u0105 atmosfer\u0119.<\/li>\n<\/ul>\n\n\n\n<p><strong>To w\u0142a\u015bnie tutaj m\u0142ody cz\u0142owiek mo\u017ce z\u0142apa\u0107 oddech i poczu\u0107 si\u0119 naprawd\u0119 u siebie<\/strong>.<\/p>\n\n\n\n<figure class=\"wp-block-image size-full\"><a href=\"https:\/\/proplo.pl\/profile\/lemonade-studio\/projekt\/loftowy-pokoj-nastolatka-398\"><img loading=\"lazy\" decoding=\"async\" width=\"1200\" height=\"800\" src=\"https:\/\/proplo.pl\/blog\/wp-content\/uploads\/2025\/09\/poko\u0301j-nastolatka.png\" alt=\"Wn\u0119trze poddasza z szarymi \u015bcianami, \u017c\u00f3\u0142tymi akcentami i nowoczesnym biurkiem.\" class=\"wp-image-1338\" srcset=\"https:\/\/proplo.pl\/blog\/wp-content\/uploads\/2025\/09\/poko\u0301j-nastolatka.png 1200w, https:\/\/proplo.pl\/blog\/wp-content\/uploads\/2025\/09\/poko\u0301j-nastolatka-300x200.png 300w, https:\/\/proplo.pl\/blog\/wp-content\/uploads\/2025\/09\/poko\u0301j-nastolatka-768x512.png 768w, https:\/\/proplo.pl\/blog\/wp-content\/uploads\/2025\/09\/poko\u0301j-nastolatka-1024x683.png 1024w, https:\/\/proplo.pl\/blog\/wp-content\/uploads\/2025\/09\/poko\u0301j-nastolatka-480x320.png 480w\" sizes=\"auto, (max-width: 1200px) 100vw, 1200px\" \/><\/a><figcaption class=\"wp-element-caption\">Projekt: <a href=\"https:\/\/proplo.pl\/profile\/lemonade-studio\">Lemonade Studio<\/a><\/figcaption><\/figure>\n\n\n\n<h2 class=\"wp-block-heading\">Ile kosztuje aran\u017cacja pokoju nastolatka?<\/h2>\n\n\n\n<p><strong>Urz\u0105dzanie pokoju dla nastolatka<\/strong> to nie tylko kwestia estetyki, ale r\u00f3wnie\u017c konkretne wyzwanie finansowe. Koszty mog\u0105 si\u0119 znacznie r\u00f3\u017cni\u0107 \u2013 wszystko zale\u017cy od <strong>indywidualnych potrzeb m\u0142odego lokatora<\/strong>. Czy potrzebuje przestrzeni do nauki? A mo\u017ce marzy o strefie relaksu z konsol\u0105 i wygodnym fotelem? A mo\u017ce po prostu potrzebuje miejsca na wszystkie swoje \u201eniezb\u0119dne\u201d rzeczy?<\/p>\n\n\n\n<p>Na szcz\u0119\u015bcie istniej\u0105 <strong>sprytne sposoby na po\u0142\u0105czenie funkcjonalno\u015bci z oszcz\u0119dno\u015bci\u0105<\/strong>. Oto kilka przyk\u0142ad\u00f3w rozwi\u0105za\u0144, kt\u00f3re nie tylko s\u0105 praktyczne, ale te\u017c nie obci\u0105\u017caj\u0105 nadmiernie bud\u017cetu:<\/p>\n\n\n\n<ul class=\"wp-block-list\">\n<li><strong>Pufa ze schowkiem<\/strong> \u2013 pe\u0142ni funkcj\u0119 siedziska, miejsca do przechowywania i dekoracyjnego akcentu.<\/li>\n\n\n\n<li><strong>Kontenerki na k\u00f3\u0142kach<\/strong> \u2013 lekkie, mobilne, idealne do szybkiego przemeblowania i utrzymania porz\u0105dku.<\/li>\n\n\n\n<li><strong>Modu\u0142owe meble<\/strong> \u2013 pozwalaj\u0105 na elastyczne dopasowanie przestrzeni do zmieniaj\u0105cych si\u0119 potrzeb nastolatka.<\/li>\n\n\n\n<li><strong>Wielofunkcyjne dodatki<\/strong> \u2013 np. lampki z p\u00f3\u0142k\u0105, \u0142\u00f3\u017cka z szufladami czy biurka z nadstawk\u0105.<\/li>\n<\/ul>\n\n\n\n<p>Przed rozpocz\u0119ciem zakup\u00f3w warto zada\u0107 sobie kluczowe pytania:<\/p>\n\n\n\n<ul class=\"wp-block-list\">\n<li><strong>Co naprawd\u0119 musi si\u0119 znale\u017a\u0107 w pokoju?<\/strong><\/li>\n\n\n\n<li><strong>Z czego mo\u017cna zrezygnowa\u0107?<\/strong><\/li>\n\n\n\n<li><strong>Czy istniej\u0105 ta\u0144sze alternatywy dla wybranych element\u00f3w?<\/strong><\/li>\n<\/ul>\n\n\n\n<p><strong>Czasem wystarczy kilka dobrze dobranych mebli i dodatk\u00f3w<\/strong>, by stworzy\u0107 funkcjonaln\u0105, stylow\u0105 przestrze\u0144 \u2013 bez konieczno\u015bci rujnowania domowego bud\u017cetu.<\/p>\n\n\n\n<h2 class=\"wp-block-heading\">Meble dopasowane do potrzeb nastolatka<\/h2>\n\n\n\n<p>Wyb\u00f3r <strong>mebli dla nastolatka<\/strong> to znacznie wi\u0119cej ni\u017c tylko kwestia funkcjonalno\u015bci. To spos\u00f3b na pokazanie, \u017ce rozumiemy jego \u015bwiat \u2013 pe\u0142en pasji, zmian i indywidualno\u015bci. Coraz wi\u0119ksz\u0105 popularno\u015bci\u0105 ciesz\u0105 si\u0119 dzi\u015b <strong>meble wielofunkcyjne<\/strong>, kt\u00f3re doskonale sprawdzaj\u0105 si\u0119 nawet w niewielkich przestrzeniach. Przyk\u0142ady? <strong>Biurko zintegrowane z rega\u0142em<\/strong> czy <strong>\u0142\u00f3\u017cko z pojemnymi szufladami<\/strong> to rozwi\u0105zania, kt\u00f3re pozwalaj\u0105 maksymalnie wykorzysta\u0107 ka\u017cdy metr kwadratowy pokoju m\u0142odego cz\u0142owieka.<\/p>\n\n\n\n<p>Styl wn\u0119trza powinien odzwierciedla\u0107 osobowo\u015b\u0107 jego w\u0142a\u015bciciela. Czasem wystarczy odpowiednio dobrana paleta barw, kilka dodatk\u00f3w i przemy\u015blany uk\u0142ad mebli, by stworzy\u0107 przestrze\u0144 sprzyjaj\u0105c\u0105 nauce, relaksowi i kreatywno\u015bci. Oto kilka popularnych styl\u00f3w, kt\u00f3re mog\u0105 inspirowa\u0107:<\/p>\n\n\n\n<ul class=\"wp-block-list\">\n<li><strong>Boho<\/strong> \u2013 z naturalnymi materia\u0142ami i swobodn\u0105 atmosfer\u0105.<\/li>\n\n\n\n<li><strong>Nowoczesny<\/strong> \u2013 z ostrymi liniami i wyrazistymi kontrastami.<\/li>\n\n\n\n<li><strong>Skandynawski minimalizm<\/strong> \u2013 jasny, prosty i funkcjonalny.<\/li>\n\n\n\n<li><strong>Industrialny<\/strong> \u2013 surowy, z elementami metalu i betonu.<\/li>\n<\/ul>\n\n\n\n<p>Ka\u017cdy z tych styl\u00f3w daje mo\u017cliwo\u015b\u0107 wyra\u017cenia siebie i stworzenia przestrzeni, kt\u00f3ra naprawd\u0119 pasuje do nastolatka.<\/p>\n\n\n\n<p>Warto r\u00f3wnie\u017c zwr\u00f3ci\u0107 uwag\u0119 na <strong>praktyczne rozwi\u0105zania<\/strong>, kt\u00f3re u\u0142atwiaj\u0105 codzienne funkcjonowanie. Oto kilka przyk\u0142ad\u00f3w mebli, kt\u00f3re \u0142\u0105cz\u0105 funkcjonalno\u015b\u0107 z oszcz\u0119dno\u015bci\u0105 miejsca:<\/p>\n\n\n\n<ul class=\"wp-block-list\">\n<li><strong>Pufy z ukrytym schowkiem<\/strong> \u2013 idealne na drobiazgi i akcesoria.<\/li>\n\n\n\n<li><strong>\u0141\u00f3\u017cka z pojemnikami na po\u015bciel<\/strong> \u2013 pomagaj\u0105 utrzyma\u0107 porz\u0105dek i zaoszcz\u0119dzi\u0107 przestrze\u0144.<\/li>\n\n\n\n<li><strong>Mobilne kontenerki<\/strong> \u2013 \u0142atwe do przestawienia, dostosowuj\u0105 si\u0119 do zmieniaj\u0105cych si\u0119 potrzeb.<\/li>\n<\/ul>\n\n\n\n<p>Takie sprytne meble nie tylko pomagaj\u0105 w organizacji przestrzeni, ale r\u00f3wnie\u017c <strong>ucz\u0105 samodzielno\u015bci i dobrej organizacji<\/strong>. W ma\u0142ych pokojach to w\u0142a\u015bnie one robi\u0105 najwi\u0119ksz\u0105 r\u00f3\u017cnic\u0119 \u2013 dos\u0142ownie i w przeno\u015bni.<\/p>\n\n\n\n<p>Warto zada\u0107 sobie pytanie: <strong>co jeszcze mo\u017cna zrobi\u0107, by lepiej dopasowa\u0107 meble do potrzeb dorastaj\u0105cego dziecka?<\/strong> Oto kilka inspiruj\u0105cych pomys\u0142\u00f3w:<\/p>\n\n\n\n<ul class=\"wp-block-list\">\n<li><strong>Biurko z regulowan\u0105 wysoko\u015bci\u0105<\/strong> \u2013 ro\u015bnie razem z dzieckiem, zapewniaj\u0105c ergonomi\u0119 na ka\u017cdym etapie rozwoju.<\/li>\n\n\n\n<li><strong>Magnetyczna tablica nad blatem<\/strong> \u2013 idealna do zapisywania cel\u00f3w, marze\u0144 i inspiracji.<\/li>\n\n\n\n<li><strong>O\u015bwietlenie punktowe<\/strong> \u2013 sprzyja koncentracji i tworzy przytuln\u0105 atmosfer\u0119.<\/li>\n\n\n\n<li><strong>Strefy funkcjonalne<\/strong> \u2013 wyra\u017any podzia\u0142 przestrzeni na nauk\u0119, relaks i hobby.<\/li>\n<\/ul>\n\n\n\n<p>To w\u0142a\u015bnie takie detale sprawiaj\u0105, \u017ce pok\u00f3j staje si\u0119 nie tylko praktyczny, ale te\u017c <strong>osobisty i inspiruj\u0105cy<\/strong>. Miejscem, w kt\u00f3rym m\u0142ody cz\u0142owiek naprawd\u0119 czuje si\u0119 sob\u0105.<\/p>\n\n\n\n<h2 class=\"wp-block-heading\">Styl i estetyka w pokoju m\u0142odzie\u017cowym<\/h2>\n\n\n\n<p><strong>Styl w pokoju m\u0142odzie\u017cowym<\/strong> to znacznie wi\u0119cej ni\u017c tylko kwestia wygl\u0105du. To fundament, kt\u00f3ry wp\u0142ywa na <strong>komfort, funkcjonalno\u015b\u0107<\/strong> oraz \u2013 co najwa\u017cniejsze \u2013 <strong>poczucie to\u017csamo\u015bci m\u0142odego cz\u0142owieka<\/strong>. Odpowiednio zaprojektowana przestrze\u0144 mo\u017ce odzwierciedla\u0107 osobowo\u015b\u0107, pasje, a nawet marzenia nastolatka. Cho\u0107 wyb\u00f3r stylu nie zawsze jest \u0142atwy, to jednocze\u015bnie doskona\u0142a okazja, by pu\u015bci\u0107 wodze wyobra\u017ani i stworzy\u0107 co\u015b naprawd\u0119 osobistego.<\/p>\n\n\n\n<p>Wsp\u00f3\u0142czesne trendy oferuj\u0105 szerokie mo\u017cliwo\u015bci aran\u017cacyjne \u2013 od naturalnych, swobodnych klimat\u00f3w po nowoczesne, minimalistyczne przestrzenie, kt\u00f3re sprzyjaj\u0105 skupieniu i samodzielno\u015bci. Oto kilka popularnych styl\u00f3w, kt\u00f3re warto rozwa\u017cy\u0107:<\/p>\n\n\n\n<ul class=\"wp-block-list\">\n<li><strong>Styl boho<\/strong> \u2013 idealny do pokoju nastolatki. Ciep\u0142a, przytulna atmosfera tworzona przez <strong>ziemiste barwy<\/strong>, mi\u0119kkie tkaniny i r\u0119cznie wykonane dodatki sprzyja relaksowi i wyciszeniu.<\/li>\n\n\n\n<li><strong>Minimalizm<\/strong> \u2013 cz\u0119sto wybierany do pokoju ch\u0142opaka. Proste linie, stonowana kolorystyka i ergonomiczne meble pomagaj\u0105 w utrzymaniu porz\u0105dku i koncentracji.<\/li>\n\n\n\n<li><strong>Styl skandynawski<\/strong> \u2013 jasny, przejrzysty i elastyczny. Stanowi doskona\u0142\u0105 baz\u0119, kt\u00f3r\u0105 mo\u017cna \u0142atwo modyfikowa\u0107 za pomoc\u0105 kolorowych akcent\u00f3w, dostosowuj\u0105c wn\u0119trze do zmieniaj\u0105cych si\u0119 gust\u00f3w.<\/li>\n<\/ul>\n\n\n\n<p><strong>Kolory<\/strong> odgrywaj\u0105 kluczow\u0105 rol\u0119 w budowaniu nastroju i charakteru wn\u0119trza. Cz\u0119sto stosuje si\u0119 neutralne t\u0142o, kt\u00f3re mo\u017cna \u0142atwo od\u015bwie\u017cy\u0107 dodatkami zmienianymi w zale\u017cno\u015bci od sezonu lub nastroju. Warto r\u00f3wnie\u017c zwr\u00f3ci\u0107 uwag\u0119 na <strong>kolorowe fronty mebli<\/strong> \u2013 to prosty spos\u00f3b na nadanie przestrzeni wyrazisto\u015bci i indywidualnego charakteru. Dzi\u0119ki nim pok\u00f3j mo\u017ce ewoluowa\u0107 razem z dorastaj\u0105cym w\u0142a\u015bcicielem.<\/p>\n\n\n\n<p>Wybieraj\u0105c styl, warto zada\u0107 sobie pytanie: <strong>jak wp\u0142ywa on na codzienne samopoczucie i rozw\u00f3j m\u0142odego cz\u0142owieka?<\/strong> Czy nowe kierunki, takie jak <strong>styl japandi<\/strong> \u2013 \u0142\u0105cz\u0105cy japo\u0144sk\u0105 prostot\u0119 z nordyckim ciep\u0142em \u2013 mog\u0105 jeszcze lepiej wspiera\u0107 potrzeb\u0119 wyra\u017cania siebie, nie rezygnuj\u0105c przy tym z funkcjonalno\u015bci?<\/p>\n\n\n\n<p><strong>Dobrze zaprojektowany pok\u00f3j m\u0142odzie\u017cowy<\/strong> to nie tylko miejsce do spania. To przestrze\u0144, kt\u00f3ra dojrzewa razem z jego mieszka\u0144cem, wspieraj\u0105c go w codziennych wyzwaniach, nauce, odpoczynku i rozwoju osobistym.<\/p>\n\n\n\n<figure class=\"wp-block-image\"><a href=\"https:\/\/proplo.pl\/profile\/lubimy-matowe\/projekt\/pietro-domu-warszawa-wilanow-pow-70m2-839\"><img decoding=\"async\" src=\"https:\/\/proplo.pl\/blog\/wp-content\/uploads\/2025\/07\/poko%CC%81j-ucznia-aranz%CC%87acja.png\" alt=\"Pok\u00f3j dla dzieci z biurkiem, pi\u0142karskimi motywami i szafkami w stylu industrialnym.\"\/><\/a><\/figure>\n\n\n\n<p>Projekt: <a href=\"https:\/\/proplo.pl\/profile\/lubimy-matowe\">LUBIMY MATOWE<\/a><\/p>\n\n\n\n<h2 class=\"wp-block-heading\">Popularne style aran\u017cacji pokoju nastolatka<\/h2>\n\n\n\n<p><strong>Urz\u0105dzanie pokoju dla nastolatka<\/strong> to znacznie wi\u0119cej ni\u017c tylko wyb\u00f3r mebli czy kolor\u00f3w \u015bcian. To spos\u00f3b na wyra\u017cenie osobowo\u015bci m\u0142odego cz\u0142owieka, jego pasji i marze\u0144. Dzisiejsze trendy wn\u0119trzarskie oferuj\u0105 szerok\u0105 gam\u0119 mo\u017cliwo\u015bci \u2014 od naturalnych, swobodnych klimat\u00f3w po surowy minimalizm. <strong>Ka\u017cdy styl mo\u017ce sta\u0107 si\u0119 t\u0142em dla codziennych aktywno\u015bci i chwil relaksu<\/strong>.<\/p>\n\n\n\n<p>Warto przyjrze\u0107 si\u0119 bli\u017cej, jak konkretne aran\u017cacje wp\u0142ywaj\u0105 na atmosfer\u0119 i funkcjonalno\u015b\u0107 przestrzeni. <strong>Styl boho, nowoczesny, skandynawski, soft loft czy gamingowy<\/strong> \u2014 to tylko niekt\u00f3re z popularnych kierunk\u00f3w, kt\u00f3re pomagaj\u0105 m\u0142odym ludziom stworzy\u0107 przestrze\u0144 dopasowan\u0105 do ich charakteru. Ka\u017cdy z nich ma co\u015b unikalnego do zaoferowania \u2014 od mi\u0119kkich tkanin po industrialne detale.<\/p>\n\n\n\n<p><strong>Co przyniesie przysz\u0142o\u015b\u0107?<\/strong> Czy pojawi\u0105 si\u0119 zupe\u0142nie nowe nurty, kt\u00f3re jeszcze lepiej odpowiedz\u0105 na potrzeby pokolenia Z? A mo\u017ce to w\u0142a\u015bnie <strong>personalizacja i indywidualne podej\u015bcie<\/strong> do wn\u0119trza stan\u0105 si\u0119 dominuj\u0105cym trendem w m\u0142odzie\u017cowych pokojach?<\/p>\n\n\n\n<h3 class=\"wp-block-heading\">Pok\u00f3j nastolatki w stylu boho: naturalno\u015b\u0107 i swoboda<\/h3>\n\n\n\n<p>Je\u015bli Twoja c\u00f3rka kocha natur\u0119 i ceni sobie wolno\u015b\u0107 wyrazu, <strong><a href=\"https:\/\/proplo.pl\/style\/boho\">styl boho<\/a> b\u0119dzie idealnym wyborem<\/strong>. W tym klimacie kr\u00f3luj\u0105 mi\u0119kkie tkaniny, ciep\u0142e odcienie ziemi i r\u0119cznie wykonane dekoracje. Ca\u0142o\u015b\u0107 tworzy przytuln\u0105, niemal artystyczn\u0105 przestrze\u0144. <strong>Centralnym punktem mo\u017ce by\u0107 wygodne \u0142\u00f3\u017cko z tapicerowanym zag\u0142\u00f3wkiem<\/strong> \u2014 \u0142\u0105czy komfort z estetyk\u0105.<\/p>\n\n\n\n<p>Boho to nie tylko styl \u2014 to spos\u00f3b na pokazanie siebie. Dzi\u0119ki odpowiednio dobranym dodatkom ka\u017cda nastolatka mo\u017ce stworzy\u0107 sw\u00f3j w\u0142asny, magiczny azyl:<\/p>\n\n\n\n<ul class=\"wp-block-list\">\n<li><strong>Makramy i plecione ozdoby<\/strong> \u2014 dodaj\u0105 wn\u0119trzu r\u0119kodzielniczego uroku<\/li>\n\n\n\n<li><strong>Plakaty z cytatami i girlandy \u015bwietlne<\/strong> \u2014 tworz\u0105 przytulny klimat<\/li>\n\n\n\n<li><strong>Ro\u015bliny doniczkowe<\/strong> \u2014 wprowadzaj\u0105 element natury<\/li>\n\n\n\n<li><strong>Pufy w etniczne wzory<\/strong> \u2014 zapewniaj\u0105 wygod\u0119 i styl<\/li>\n<\/ul>\n\n\n\n<p><strong>Styl boho pozwala na swobodn\u0105 ekspresj\u0119 i \u0142atw\u0105 personalizacj\u0119 przestrzeni<\/strong>.<\/p>\n\n\n\n<h3 class=\"wp-block-heading\">Pok\u00f3j nastolatka w stylu nowoczesnym: minimalizm i funkcjonalno\u015b\u0107<\/h3>\n\n\n\n<p>Dla tych, kt\u00f3rzy ceni\u0105 porz\u0105dek, prostot\u0119 i nowoczesne rozwi\u0105zania, <strong><a href=\"https:\/\/proplo.pl\/style\/nowoczesny\">styl modern<\/a> to strza\u0142 w dziesi\u0105tk\u0119<\/strong>. Tu dominuj\u0105 geometryczne formy, stonowane barwy oraz materia\u0142y takie jak szk\u0142o i metal. <strong>Przemy\u015blana organizacja przestrzeni<\/strong> sprawia, \u017ce pok\u00f3j staje si\u0119 nie tylko estetyczny, ale i maksymalnie praktyczny.<\/p>\n\n\n\n<p>Warto uwzgl\u0119dni\u0107:<\/p>\n\n\n\n<ul class=\"wp-block-list\">\n<li><strong>\u015acienne organizery i modu\u0142owe rega\u0142y<\/strong> \u2014 pomagaj\u0105 utrzyma\u0107 porz\u0105dek<\/li>\n\n\n\n<li><strong>Biurko z regulacj\u0105 wysoko\u015bci<\/strong> \u2014 dostosowuje si\u0119 do potrzeb u\u017cytkownika<\/li>\n\n\n\n<li><strong>O\u015bwietlenie LED<\/strong> \u2014 zapewnia nowoczesny wygl\u0105d i funkcjonalno\u015b\u0107<\/li>\n\n\n\n<li><strong>Schowki pod \u0142\u00f3\u017ckiem<\/strong> \u2014 maksymalizuj\u0105 wykorzystanie przestrzeni<\/li>\n<\/ul>\n\n\n\n<p><strong>Minimalizm nie musi by\u0107 nudny<\/strong> \u2014 wr\u0119cz przeciwnie, daje przestrze\u0144 do dzia\u0142ania, nauki i odpoczynku. To styl, kt\u00f3ry ro\u015bnie razem z nastolatkiem.<\/p>\n\n\n\n<h3 class=\"wp-block-heading\">Pok\u00f3j m\u0142odzie\u017cowy w stylu skandynawskim: jasno\u015b\u0107 i prostota<\/h3>\n\n\n\n<p><strong><a href=\"https:\/\/proplo.pl\/style\/skandynawski\">Styl skandynawski<\/a><\/strong> to synonim spokoju i funkcjonalno\u015bci. Jasne barwy, naturalne materia\u0142y i proste formy tworz\u0105 przestrze\u0144 sprzyjaj\u0105c\u0105 zar\u00f3wno relaksowi, jak i skupieniu. <strong>To uniwersalne rozwi\u0105zanie<\/strong> \u2014 sprawdzi si\u0119 niezale\u017cnie od p\u0142ci czy zainteresowa\u0144 m\u0142odego domownika.<\/p>\n\n\n\n<p>Aby doda\u0107 wn\u0119trzu charakteru, warto si\u0119gn\u0105\u0107 po:<\/p>\n\n\n\n<ul class=\"wp-block-list\">\n<li><strong>Grafiki w czarno-bia\u0142ych ramach<\/strong> \u2014 wprowadzaj\u0105 kontrast i elegancj\u0119<\/li>\n\n\n\n<li><strong>Pledy z naturalnych tkanin<\/strong> \u2014 dodaj\u0105 ciep\u0142a i przytulno\u015bci<\/li>\n\n\n\n<li><strong>Minimalistyczne lampy<\/strong> \u2014 podkre\u015blaj\u0105 prostot\u0119 stylu<\/li>\n\n\n\n<li><strong>Tablica korkowa lub magnetyczna \u015bciana<\/strong> \u2014 idealne na notatki i inspiracje<\/li>\n<\/ul>\n\n\n\n<p><strong>Skandynawski styl to harmonia, kt\u00f3ra sprzyja codziennemu funkcjonowaniu<\/strong>.<\/p>\n\n\n\n<h3 class=\"wp-block-heading\">Pok\u00f3j m\u0142odzie\u017cowy w stylu soft loft: industrialny klimat z charakterem<\/h3>\n\n\n\n<p><strong>Soft loft<\/strong> to propozycja dla tych, kt\u00f3rzy lubi\u0105 surowy klimat, ale nie chc\u0105 rezygnowa\u0107 z przytulno\u015bci. Ceg\u0142a na \u015bcianie, metalowe akcenty i meble z recyklingu tworz\u0105 przestrze\u0144 inspirowan\u0105 nowojorskimi loftami \u2014 <strong>z charakterem, ale i dusz\u0105<\/strong>.<\/p>\n\n\n\n<p>Warto postawi\u0107 na kontrasty, kt\u00f3re nadaj\u0105 wn\u0119trzu unikalny styl:<\/p>\n\n\n\n<ul class=\"wp-block-list\">\n<li><strong>Betonowe \u015bciany i mi\u0119kki dywan<\/strong> \u2014 surowo\u015b\u0107 spotyka komfort<\/li>\n\n\n\n<li><strong>Industrialna lampa i kolorowe dodatki<\/strong> \u2014 \u0142\u0105cz\u0105 funkcjonalno\u015b\u0107 z wyrazisto\u015bci\u0105<\/li>\n\n\n\n<li><strong>Rega\u0142 z rur stalowych<\/strong> \u2014 oryginalny i praktyczny<\/li>\n\n\n\n<li><strong>Kredowa tablica i skrzynie jako schowki<\/strong> \u2014 kreatywne i nietypowe rozwi\u0105zania<\/li>\n<\/ul>\n\n\n\n<p><strong>Styl soft loft daje ogromn\u0105 swobod\u0119 aran\u017cacyjn\u0105<\/strong>, a jednocze\u015bnie zachowuje funkcjonalno\u015b\u0107. To idealna opcja dla nastolatk\u00f3w, kt\u00f3rzy chc\u0105 si\u0119 wyr\u00f3\u017cnia\u0107 i mie\u0107 przestrze\u0144 z pazurem.<\/p>\n\n\n\n<h3 class=\"wp-block-heading\">Pok\u00f3j gamingowy: ergonomia i technologia dla gracza<\/h3>\n\n\n\n<p><strong>Pok\u00f3j gamingowy<\/strong> to co\u015b wi\u0119cej ni\u017c miejsce do grania \u2014 to centrum dowodzenia dla fana nowych technologii. Kluczowe s\u0105 tu ergonomiczne meble i sprz\u0119t, kt\u00f3ry sprosta ka\u017cdej rozgrywce.<\/p>\n\n\n\n<p>Warto zadba\u0107 o:<\/p>\n\n\n\n<ul class=\"wp-block-list\">\n<li><strong>Biurko z miejscem na kilka monitor\u00f3w<\/strong> \u2014 dla pe\u0142nej immersji<\/li>\n\n\n\n<li><strong>Fotel z regulacj\u0105<\/strong> \u2014 zapewnia komfort podczas d\u0142ugich sesji<\/li>\n\n\n\n<li><strong>System zarz\u0105dzania kablami<\/strong> \u2014 utrzymuje porz\u0105dek<\/li>\n\n\n\n<li><strong>O\u015bwietlenie LED z efektem RGB i panele akustyczne<\/strong> \u2014 tworz\u0105 odpowiedni klimat<\/li>\n<\/ul>\n\n\n\n<p>Nie zapominajmy o estetyce! <strong>Pod\u015bwietlane p\u00f3\u0142ki, plakaty z ulubionych gier, strefa relaksu z puf\u0105 i konsol\u0105<\/strong> \u2014 wszystko to sprawia, \u017ce pok\u00f3j staje si\u0119 nie tylko funkcjonalny, ale i inspiruj\u0105cy. <strong>Ka\u017cdy gracz zas\u0142uguje na przestrze\u0144, kt\u00f3ra nad\u0105\u017ca za jego pasj\u0105 i stylem \u017cycia<\/strong>.<\/p>\n\n\n\n<h2 class=\"wp-block-heading\">Rozwi\u0105zania do nietypowych przestrzeni<\/h2>\n\n\n\n<p><strong>Aran\u017cacja pokoju nastolatka na <a href=\"https:\/\/proplo.pl\/pomieszczenia\/poddasze\">poddaszu<\/a><\/strong>? To mo\u017ce brzmie\u0107 jak wyzwanie, ale w rzeczywisto\u015bci stanowi doskona\u0142\u0105 okazj\u0119 do stworzenia wyj\u0105tkowego wn\u0119trza. Skosy, niska \u015bcianka kolankowa czy ograniczona powierzchnia u\u017cytkowa mog\u0105 pocz\u0105tkowo wydawa\u0107 si\u0119 przeszkod\u0105, jednak przy odpowiednim podej\u015bciu staj\u0105 si\u0119 \u017ar\u00f3d\u0142em inspiracji. <strong>To w\u0142a\u015bnie w nietypowych przestrzeniach powstaj\u0105 najbardziej kreatywne i stylowe rozwi\u0105zania<\/strong>.<\/p>\n\n\n\n<p>Jednym z najcz\u0119\u015bciej wybieranych rozwi\u0105za\u0144 w takich wn\u0119trzach jest <strong>\u0142\u00f3\u017cko na antresoli<\/strong>. To nie tylko spos\u00f3b na oszcz\u0119dno\u015b\u0107 miejsca, ale tak\u017ce na stworzenie wielofunkcyjnej przestrzeni. <strong>Przestrze\u0144 pod \u0142\u00f3\u017ckiem mo\u017cna zaaran\u017cowa\u0107 na kilka sposob\u00f3w<\/strong>:<\/p>\n\n\n\n<ul class=\"wp-block-list\">\n<li><strong>Strefa nauki<\/strong> \u2013 z biurkiem, rega\u0142ami i odpowiednim o\u015bwietleniem.<\/li>\n\n\n\n<li><strong>K\u0105cik relaksu<\/strong> \u2013 z wygodnym fotelem, poduszkami i p\u00f3\u0142kami na ksi\u0105\u017cki.<\/li>\n\n\n\n<li><strong>Przestrze\u0144 do przechowywania<\/strong> \u2013 z szafkami lub pojemnikami na ubrania i akcesoria.<\/li>\n<\/ul>\n\n\n\n<p>Dzi\u0119ki takiemu rozwi\u0105zaniu nawet niewielki pok\u00f3j zyskuje na funkcjonalno\u015bci i sprawia wra\u017cenie bardziej przestronnego.<\/p>\n\n\n\n<p>R\u00f3wnie praktycznym i estetycznym wyborem jest <strong>zabudowa meblowa na wymiar<\/strong>. Meble dopasowane do skos\u00f3w, wn\u0119k i nietypowych k\u0105t\u00f3w pozwalaj\u0105 maksymalnie wykorzysta\u0107 ka\u017cdy centymetr przestrzeni. Przyk\u0142adowe zastosowania to:<\/p>\n\n\n\n<ul class=\"wp-block-list\">\n<li><strong>Szafy pod skosem<\/strong> \u2013 idealne do przechowywania ubra\u0144 i dodatk\u00f3w.<\/li>\n\n\n\n<li><strong>P\u00f3\u0142ki w trudno dost\u0119pnych miejscach<\/strong> \u2013 na ksi\u0105\u017cki, dekoracje lub sprz\u0119t elektroniczny.<\/li>\n\n\n\n<li><strong>Biurko pod oknem dachowym<\/strong> \u2013 z naturalnym \u015bwiat\u0142em do nauki i pracy.<\/li>\n<\/ul>\n\n\n\n<p>Takie rozwi\u0105zania \u0142\u0105cz\u0105 <strong>funkcjonalno\u015b\u0107 z estetyk\u0105<\/strong>, tworz\u0105c przestrze\u0144 dopasowan\u0105 do potrzeb i stylu \u017cycia nastolatka.<\/p>\n\n\n\n<p>Projektuj\u0105c pok\u00f3j m\u0142odzie\u017cowy na poddaszu, warto pami\u0119ta\u0107, \u017ce to nie tylko kwestia ergonomii, ale r\u00f3wnie\u017c <strong>szansa na wyra\u017cenie osobowo\u015bci jego mieszka\u0144ca<\/strong>. Aby wn\u0119trze by\u0142o nie tylko praktyczne, ale te\u017c inspiruj\u0105ce, warto rozwa\u017cy\u0107:<\/p>\n\n\n\n<ul class=\"wp-block-list\">\n<li><strong>Mobilne modu\u0142y<\/strong> \u2013 meble, kt\u00f3re mo\u017cna \u0142atwo przestawia\u0107 i dostosowywa\u0107 do zmieniaj\u0105cych si\u0119 potrzeb.<\/li>\n\n\n\n<li><strong>O\u015bwietlenie LED wbudowane w meble<\/strong> \u2013 tworzy przytulny klimat i podkre\u015bla nowoczesny charakter wn\u0119trza.<\/li>\n\n\n\n<li><strong>\u015acian\u0119 tablicow\u0105<\/strong> \u2013 idealn\u0105 do rysowania, pisania notatek czy planowania zada\u0144.<\/li>\n<\/ul>\n\n\n\n<p><strong>Ograniczenia przestrzenne nie musz\u0105 by\u0107 barier\u0105 \u2013 mog\u0105 sta\u0107 si\u0119 impulsem do tw\u00f3rczych i funkcjonalnych rozwi\u0105za\u0144<\/strong>.<\/p>\n\n\n\n<figure class=\"wp-block-image\"><a href=\"https:\/\/proplo.pl\/profile\/modra-pracownia-magdalena-szymczak\/projekt\/nowa-strefa-dzienna-dom-jednorodzinny-150-m2-1082\"><img decoding=\"async\" src=\"https:\/\/proplo.pl\/blog\/wp-content\/uploads\/2025\/07\/biurko-w-pokoju-ucznia.png\" alt=\"Nowoczesny pok\u00f3j dzieci\u0119cy ze skandynawskim stylem, z biurkiem i kolorowymi akcentami.\"\/><\/a><\/figure>\n\n\n\n<p>Projekt: <a href=\"https:\/\/proplo.pl\/profile\/modra-pracownia-magdalena-szymczak\">MODRA pracownia Magdalena Szymczak<\/a><\/p>\n\n\n\n<h2 class=\"wp-block-heading\">Personalizacja i wyra\u017cenie pasji<\/h2>\n\n\n\n<p>Urz\u0105dzanie pokoju m\u0142odzie\u017cowego to znacznie wi\u0119cej ni\u017c chwilowy trend \u2013 to <strong>tworzenie przestrzeni, kt\u00f3ra odzwierciedla osobowo\u015b\u0107 m\u0142odego cz\u0142owieka<\/strong>. Pok\u00f3j nastolatka powinien by\u0107 miejscem, w kt\u00f3rym czuje si\u0119 swobodnie: mo\u017ce odpocz\u0105\u0107, rozwija\u0107 swoje pasje, a czasem po prostu si\u0119 wy\u0142\u0105czy\u0107. <strong>Odpowiednio dobrane kolory, dekoracje i motywy tematyczne<\/strong> sprawiaj\u0105, \u017ce wn\u0119trze staje si\u0119 nie tylko funkcjonalne, ale te\u017c pe\u0142ne dobrej energii i inspiracji.<\/p>\n\n\n\n<p>Wsp\u00f3\u0142czesne podej\u015bcie do aran\u017cacji wn\u0119trz stawia na indywidualizm \u2013 i s\u0142usznie! Bo jak inaczej stworzy\u0107 przestrze\u0144, kt\u00f3ra b\u0119dzie naprawd\u0119 \u201emoja\u201d? Czasem wystarczy kilka przemy\u015blanych dodatk\u00f3w, takich jak kolor \u015bcian, grafiki czy nietypowe akcesoria. <strong>Mo\u017cliwo\u015bci personalizacji s\u0105 niemal nieograniczone<\/strong> \u2013 wystarczy odrobina wyobra\u017ani i odwagi, by stworzy\u0107 pok\u00f3j, kt\u00f3ry m\u00f3wi wi\u0119cej ni\u017c tysi\u0105c s\u0142\u00f3w.<\/p>\n\n\n\n<h3 class=\"wp-block-heading\">Pok\u00f3j m\u0142odzie\u017cowy z motywem pasji: sport, muzyka, konie i inne zainteresowania<\/h3>\n\n\n\n<p>Wprowadzenie motywu pasji do pokoju to <strong>doskona\u0142y spos\u00f3b na stworzenie inspiruj\u0105cej i energetycznej przestrzeni<\/strong>. Aran\u017cacja wn\u0119trza wok\u00f3\u0142 konkretnego hobby \u2013 czy to sport, muzyka, konie, gry komputerowe \u2013 sprawia, \u017ce pok\u00f3j staje si\u0119 miejscem wspieraj\u0105cym codzienne aktywno\u015bci i rozw\u00f3j zainteresowa\u0144.<\/p>\n\n\n\n<p>Jak to osi\u0105gn\u0105\u0107? Oto kilka sprawdzonych pomys\u0142\u00f3w:<\/p>\n\n\n\n<ul class=\"wp-block-list\">\n<li><strong>Plakaty i grafiki<\/strong> \u2013 z ulubionymi dru\u017cynami sportowymi, zespo\u0142ami muzycznymi czy motywami zwi\u0105zanymi z pasj\u0105.<\/li>\n\n\n\n<li><strong>Dekoracje tematyczne<\/strong> \u2013 np. zdj\u0119cia z koncert\u00f3w, zawod\u00f3w, turniej\u00f3w lub wydarze\u0144 zwi\u0105zanych z hobby.<\/li>\n\n\n\n<li><strong>Gad\u017cety i akcesoria<\/strong> \u2013 figurki, pami\u0105tki, kolekcje, kt\u00f3re podkre\u015blaj\u0105 zainteresowania.<\/li>\n\n\n\n<li><strong>Elementy funkcjonalne<\/strong> \u2013 np. k\u0105cik do grania na instrumencie, miejsce do \u0107wicze\u0144 sportowych czy rega\u0142 na ksi\u0105\u017cki tematyczne.<\/li>\n<\/ul>\n\n\n\n<p>Wyobra\u017a sobie pok\u00f3j fana pi\u0142ki no\u017cnej \u2013 \u015bciany ozdobione plakatami klub\u00f3w, p\u00f3\u0142ki z gad\u017cetami, a na pod\u0142odze dywan przypominaj\u0105cy fragment boiska. A mo\u017ce kto\u015b kocha muzyk\u0119? Wtedy winyle, zdj\u0119cia z koncert\u00f3w i w\u0142asny k\u0105cik do grania tworz\u0105 przestrze\u0144, kt\u00f3ra nie tylko zdobi, ale te\u017c <strong>motywuje i inspiruje do dzia\u0142ania<\/strong>.<\/p>\n\n\n\n<h3 class=\"wp-block-heading\">Organizery \u015bcienne i dodatki wspieraj\u0105ce porz\u0105dek i indywidualno\u015b\u0107<\/h3>\n\n\n\n<p>Utrzymanie porz\u0105dku w pokoju nastolatka mo\u017ce wydawa\u0107 si\u0119 trudne, ale istniej\u0105 skuteczne rozwi\u0105zania. <strong>Organizery \u015bcienne<\/strong> to nie tylko praktyczny spos\u00f3b na przechowywanie drobiazg\u00f3w, ale r\u00f3wnie\u017c \u015bwietna forma wyra\u017cenia stylu. Pomagaj\u0105 zapanowa\u0107 nad codziennym chaosem i jednocze\u015bnie dodaj\u0105 wn\u0119trzu charakteru.<\/p>\n\n\n\n<p>Warto r\u00f3wnie\u017c rozwa\u017cy\u0107 inne funkcjonalne dodatki:<\/p>\n\n\n\n<ul class=\"wp-block-list\">\n<li><strong>Tablice magnetyczne i korkowe<\/strong> \u2013 idealne na plan lekcji, zdj\u0119cia, notatki czy inspiruj\u0105ce cytaty.<\/li>\n\n\n\n<li><strong>Personalizowane p\u00f3\u0142ki<\/strong> \u2013 z imieniem w\u0142a\u015bciciela lub w ulubionym kolorze.<\/li>\n\n\n\n<li><strong>Lampki LED<\/strong> \u2013 o nietypowych kszta\u0142tach, kt\u00f3re tworz\u0105 przytulny klimat.<\/li>\n\n\n\n<li><strong>Pude\u0142ka i pojemniki<\/strong> \u2013 z nadrukiem lub grafik\u0105 dopasowan\u0105 do stylu pokoju.<\/li>\n<\/ul>\n\n\n\n<p>Takie dodatki nie tylko pomagaj\u0105 w organizacji przestrzeni, ale r\u00f3wnie\u017c <strong>ucz\u0105 samodzielno\u015bci, wspieraj\u0105 kreatywno\u015b\u0107 i podkre\u015blaj\u0105 indywidualno\u015b\u0107<\/strong>. A mo\u017ce warto doda\u0107 co\u015b jeszcze? Co\u015b, co sprawi, \u017ce ta przestrze\u0144 b\u0119dzie naprawd\u0119 niepowtarzalna \u2013 jak Ty.<\/p>\n\n\n\n<h2 class=\"wp-block-heading\">Pok\u00f3j nastolatki: styl, funkcjonalno\u015b\u0107 i przytulno\u015b\u0107<\/h2>\n\n\n\n<p>Urz\u0105dzenie pokoju dla nastolatki to nie lada wyzwanie. Trzeba umiej\u0119tnie po\u0142\u0105czy\u0107 <strong>estetyk\u0119, funkcjonalno\u015b\u0107 i wygod\u0119<\/strong>, a jednocze\u015bnie odda\u0107 <strong>osobowo\u015b\u0107 m\u0142odej w\u0142a\u015bcicielki<\/strong>. To jej prywatna przestrze\u0144 \u2013 miejsce do nauki, odpoczynku, marze\u0144 i bycia sob\u0105.<\/p>\n\n\n\n<p>Jednym z mebli, kt\u00f3ry idealnie wpisuje si\u0119 w potrzeby nastolatki, jest <strong>toaletka<\/strong>. To nie tylko praktyczne miejsce do przechowywania kosmetyk\u00f3w i codziennej piel\u0119gnacji, ale r\u00f3wnie\u017c <strong>stylowy akcent dekoracyjny<\/strong>, kt\u00f3ry nadaje wn\u0119trzu elegancji i charakteru.<\/p>\n\n\n\n<p>Toaletka z lustrem i szufladkami staje si\u0119 <strong>osobistym k\u0105cikiem<\/strong> \u2013 azylem, w kt\u00f3rym mo\u017cna si\u0119 wyciszy\u0107, zebra\u0107 my\u015bli lub po prostu poby\u0107 chwil\u0119 sam na sam ze sob\u0105. To <strong>strefa komfortu<\/strong>, kt\u00f3ra daje poczucie bezpiecze\u0144stwa i swobody.<\/p>\n\n\n\n<p>Warto r\u00f3wnie\u017c zwr\u00f3ci\u0107 uwag\u0119 na <strong>panel tapicerowany za \u0142\u00f3\u017ckiem<\/strong>. Mi\u0119kki, przyjemny w dotyku materia\u0142:<\/p>\n\n\n\n<ul class=\"wp-block-list\">\n<li>zwi\u0119ksza komfort podczas wieczornego czytania lub korzystania z telefonu,<\/li>\n\n\n\n<li>wprowadza do wn\u0119trza ciep\u0142o i przytulno\u015b\u0107,<\/li>\n\n\n\n<li>mo\u017cna go \u0142atwo dopasowa\u0107 kolorystycznie do reszty aran\u017cacji,<\/li>\n\n\n\n<li>tworzy sp\u00f3jn\u0105 i harmonijn\u0105 ca\u0142o\u015b\u0107.<\/li>\n<\/ul>\n\n\n\n<p><strong>To w\u0142a\u015bnie detale tworz\u0105 atmosfer\u0119<\/strong> \u2013 sprawiaj\u0105, \u017ce pok\u00f3j nastolatki staje si\u0119 nie tylko funkcjonalny, ale te\u017c inspiruj\u0105cy. To przestrze\u0144 do nauki, relaksu, rozwijania pasji \u2013 miejsce, do kt\u00f3rego chce si\u0119 wraca\u0107.<\/p>\n\n\n\n<h3 class=\"wp-block-heading\">Pok\u00f3j dla ch\u0142opaka: nowoczesno\u015b\u0107 i praktyczne rozwi\u0105zania<\/h3>\n\n\n\n<p>Pok\u00f3j nastoletniego ch\u0142opaka to przestrze\u0144 dynamiczna, kt\u00f3ra musi nad\u0105\u017ca\u0107 za jego codziennym rytmem: szko\u0142a, pasje, spotkania z przyjaci\u00f3\u0142mi, a czasem chwila ciszy i skupienia. <strong>Nowoczesne aran\u017cacje stawiaj\u0105 na prostot\u0119 i sprytne rozwi\u0105zania<\/strong>, kt\u00f3re pomagaj\u0105 utrzyma\u0107 porz\u0105dek i dobrze si\u0119 prezentuj\u0105.<\/p>\n\n\n\n<p>W centrum uwagi znajduj\u0105 si\u0119 <strong>meble wielofunkcyjne<\/strong>, kt\u00f3re pozwalaj\u0105 maksymalnie wykorzysta\u0107 dost\u0119pn\u0105 przestrze\u0144:<\/p>\n\n\n\n<ul class=\"wp-block-list\">\n<li>\u0142\u00f3\u017cka z pojemnymi szufladami,<\/li>\n\n\n\n<li>biurka z dodatkowymi p\u00f3\u0142kami,<\/li>\n\n\n\n<li>modu\u0142owe rega\u0142y,<\/li>\n\n\n\n<li>szafy z przemy\u015blanym systemem organizacji.<\/li>\n<\/ul>\n\n\n\n<p>Nawet niewielki pok\u00f3j mo\u017ce sta\u0107 si\u0119 <strong>wygodnym miejscem do nauki, odpoczynku i przechowywania<\/strong> \u2013 od ksi\u0105\u017cek po sprz\u0119t sportowy.<\/p>\n\n\n\n<p>Warto r\u00f3wnie\u017c rozwa\u017cy\u0107 zastosowanie <strong>nowoczesnych technologii<\/strong>, kt\u00f3re zwi\u0119kszaj\u0105 funkcjonalno\u015b\u0107 i nadaj\u0105 wn\u0119trzu nowoczesny charakter:<\/p>\n\n\n\n<ul class=\"wp-block-list\">\n<li>o\u015bwietlenie LED z regulacj\u0105 barwy \u015bwiat\u0142a,<\/li>\n\n\n\n<li>magnetyczne tablice \u015bcienne,<\/li>\n\n\n\n<li>inteligentne systemy organizacji przestrzeni,<\/li>\n\n\n\n<li>\u0142adowarki indukcyjne wbudowane w meble.<\/li>\n<\/ul>\n\n\n\n<p>Takie dodatki nie tylko u\u0142atwiaj\u0105 codzienne funkcjonowanie, ale te\u017c <strong>motywuj\u0105 do dzia\u0142ania, nauki i rozwijania pasji<\/strong>. A przecie\u017c w\u0142a\u015bnie o to chodzi, prawda?<\/p>\n\n\n\n<figure class=\"wp-block-image\"><a href=\"https:\/\/proplo.pl\/profile\/luxo-projektowanie-wnetrz\/projekt\/projekt-dwie-siostry-dwa-rozne-charaktery-dwa-zupelnie-odmienne-pokoje-1517\"><img decoding=\"async\" src=\"https:\/\/proplo.pl\/blog\/wp-content\/uploads\/2025\/07\/meble-w-pokoju-ucznia.png\" alt=\"Pok\u00f3j dzieci\u0119cy w stylu japandi i minimalistycznym z bia\u0142ymi meblami.\"\/><\/a><\/figure>\n\n\n\n<p>Projekt: <a href=\"https:\/\/proplo.pl\/profile\/luxo-projektowanie-wnetrz\">luxo projektowanie wn\u0119trz<\/a><\/p>\n\n\n\n<h2 class=\"wp-block-heading\">Jak urz\u0105dzi\u0107 ma\u0142y lub w\u0105ski pok\u00f3j m\u0142odzie\u017cowy<\/h2>\n\n\n\n<p>Aran\u017cacja niewielkiego lub w\u0105skiego pokoju dla nastolatka to nie lada wyzwanie. Trzeba po\u0142\u0105czy\u0107 <strong>estetyk\u0119 z funkcjonalno\u015bci\u0105<\/strong>, nie marnuj\u0105c przy tym ani centymetra przestrzeni. Kluczem do sukcesu s\u0105 <strong>przemy\u015blane rozwi\u0105zania<\/strong>, kt\u00f3re maksymalnie wykorzystuj\u0105 ka\u017cdy zakamarek.<\/p>\n\n\n\n<p>Postaw na <strong>meble wielofunkcyjne<\/strong>, kt\u00f3re \u0142\u0105cz\u0105 kilka zastosowa\u0144 w jednym. Przyk\u0142ady?<\/p>\n\n\n\n<ul class=\"wp-block-list\">\n<li><strong>\u0141\u00f3\u017cko z szufladami<\/strong> \u2013 idealne do przechowywania po\u015bcieli, ubra\u0144 czy ksi\u0105\u017cek.<\/li>\n\n\n\n<li><strong>Biurko z nadstawk\u0105<\/strong> \u2013 pozwala uporz\u0105dkowa\u0107 ksi\u0105\u017cki, przybory i drobiazgi.<\/li>\n<\/ul>\n\n\n\n<p>Tego typu meble pomagaj\u0105 utrzyma\u0107 porz\u0105dek, a jednocze\u015bnie tworz\u0105 przestrze\u0144 sprzyjaj\u0105c\u0105 zar\u00f3wno nauce, jak i odpoczynkowi.<\/p>\n\n\n\n<p>W ma\u0142ym pokoju liczy si\u0119 ka\u017cdy ruch \u2013 dos\u0142ownie. Dlatego warto:<\/p>\n\n\n\n<ul class=\"wp-block-list\">\n<li>Ustawi\u0107 meble wzd\u0142u\u017c \u015bcian, by <strong>uwolni\u0107 \u015brodek pomieszczenia<\/strong>.<\/li>\n\n\n\n<li>Postawi\u0107 na <strong>jasne kolory \u015bcian<\/strong>, kt\u00f3re optycznie powi\u0119kszaj\u0105 przestrze\u0144.<\/li>\n\n\n\n<li>Wykorzysta\u0107 <strong>lustra<\/strong> i <strong>punktowe o\u015bwietlenie<\/strong>, by doda\u0107 g\u0142\u0119bi i \u015bwiat\u0142a.<\/li>\n<\/ul>\n\n\n\n<p><strong>Nawet najmniejszy pok\u00f3j mo\u017ce sta\u0107 si\u0119 przytulnym azylem<\/strong>, kt\u00f3ry idealnie oddaje charakter m\u0142odego domownika.<\/p>\n\n\n\n<h3 class=\"wp-block-heading\">Jak dobra\u0107 kolory \u015bcian i tekstylia do stylu pokoju<\/h3>\n\n\n\n<p>Kolory i tkaniny maj\u0105 ogromny wp\u0142yw na atmosfer\u0119 wn\u0119trza. To one decyduj\u0105, czy pok\u00f3j b\u0119dzie <strong>energetyczny, stonowany czy przytulny<\/strong>. Wybieraj\u0105c barwy, warto kierowa\u0107 si\u0119 temperamentem nastolatka.<\/p>\n\n\n\n<p><strong>Jasne odcienie<\/strong> \u2013 takie jak biel, pastelowy b\u0142\u0119kit czy subtelna szaro\u015b\u0107 \u2013 tworz\u0105 spokojne t\u0142o, kt\u00f3re \u0142atwo o\u017cywi\u0107 dodatkami. Przyk\u0142adowe akcenty, kt\u00f3re dodadz\u0105 charakteru:<\/p>\n\n\n\n<ul class=\"wp-block-list\">\n<li>Musztardowa poduszka<\/li>\n\n\n\n<li>Granatowy pled<\/li>\n\n\n\n<li>Plakat w stylu retro<\/li>\n<\/ul>\n\n\n\n<p>Wybieraj\u0105c tekstylia, postaw na po\u0142\u0105czenie <strong>estetyki i praktyczno\u015bci<\/strong>. Doskonale sprawdz\u0105 si\u0119:<\/p>\n\n\n\n<ul class=\"wp-block-list\">\n<li>Mi\u0119kkie zas\u0142ony, kt\u00f3re dodaj\u0105 przytulno\u015bci<\/li>\n\n\n\n<li>Dywan z kr\u00f3tkim w\u0142osiem \u2013 \u0142atwy do odkurzenia<\/li>\n\n\n\n<li>Narzuta z materia\u0142u odpornego na zabrudzenia<\/li>\n<\/ul>\n\n\n\n<p><strong>Odpowiednio dobrane kolory i faktury potrafi\u0105 zdzia\u0142a\u0107 cuda<\/strong> \u2013 sprawiaj\u0105, \u017ce pok\u00f3j staje si\u0119 miejscem, w kt\u00f3rym chce si\u0119 by\u0107, uczy\u0107 i odpoczywa\u0107 ka\u017cdego dnia.<\/p>\n\n\n\n<h3 class=\"wp-block-heading\">Jakie meble i dodatki sprawdz\u0105 si\u0119 w pokoju nastolatka<\/h3>\n\n\n\n<p>Dob\u00f3r mebli i dodatk\u00f3w to nie tylko kwestia gustu \u2013 to przede wszystkim <strong>odpowied\u017a na codzienne potrzeby nastolatka<\/strong>. Wsp\u00f3\u0142czesne wn\u0119trze powinno by\u0107 elastyczne, funkcjonalne i mie\u0107 indywidualny charakter.<\/p>\n\n\n\n<p>Warto postawi\u0107 na:<\/p>\n\n\n\n<ul class=\"wp-block-list\">\n<li><strong>Meble modu\u0142owe<\/strong> \u2013 \u0142atwe do rozbudowy i dostosowania do zmieniaj\u0105cych si\u0119 potrzeb<\/li>\n\n\n\n<li><strong>Rega\u0142y z mo\u017cliwo\u015bci\u0105 rozbudowy<\/strong> \u2013 idealne na ksi\u0105\u017cki, dekoracje i sprz\u0119t elektroniczny<\/li>\n\n\n\n<li><strong>\u0141\u00f3\u017cka z pojemnikami<\/strong> \u2013 dodatkowe miejsce do przechowywania bez zajmowania przestrzeni<\/li>\n<\/ul>\n\n\n\n<p>Dodatki pe\u0142ni\u0105 nie tylko funkcj\u0119 dekoracyjn\u0105, ale te\u017c praktyczn\u0105. Warto rozwa\u017cy\u0107:<\/p>\n\n\n\n<ul class=\"wp-block-list\">\n<li><strong>Lampk\u0119 biurkow\u0105 z regulacj\u0105 \u015bwiat\u0142a<\/strong> \u2013 idealn\u0105 do nauki i wieczornego relaksu<\/li>\n\n\n\n<li><strong>Tablic\u0119 korkow\u0105<\/strong> \u2013 na notatki, zdj\u0119cia i inspiracje<\/li>\n\n\n\n<li><strong>Ro\u015bliny doniczkowe<\/strong> \u2013 oczyszczaj\u0105 powietrze i wprowadzaj\u0105 naturalny akcent<\/li>\n<\/ul>\n\n\n\n<p>Nie zapomnij o przestrzeni na <strong>personalizacj\u0119<\/strong>. To w\u0142a\u015bnie detale sprawiaj\u0105, \u017ce pok\u00f3j staje si\u0119 naprawd\u0119 \u201ejego\u201d:<\/p>\n\n\n\n<ul class=\"wp-block-list\">\n<li>Plakaty ulubionych zespo\u0142\u00f3w<\/li>\n\n\n\n<li>Zdj\u0119cia z przyjaci\u00f3\u0142mi<\/li>\n\n\n\n<li>Pami\u0105tki z podr\u00f3\u017cy<\/li>\n<\/ul>\n\n\n\n<p><strong>Pok\u00f3j nastolatka powinien by\u0107 miejscem, w kt\u00f3rym mo\u017cna by\u0107 sob\u0105<\/strong>, rozwija\u0107 pasje i po prostu dobrze si\u0119 czu\u0107. Bo przecie\u017c o to chodzi.<\/p>\n\n\n\n<hr class=\"wp-block-separator has-alpha-channel-opacity\"\/>\n\n\n\n<p><strong>\u0179r\u00f3d\u0142a:<\/strong><\/p>\n\n\n<ol class=\"wp-block-footnotes\"><li id=\"8fceed74-2374-4e7c-91b1-1e6c11cd366a\"><a href=\"https:\/\/doi.org\/10.1016\/j.apergo.2017.01.010\">https:\/\/doi.org\/10.1016\/j.apergo.2017.01.010<\/a> <a href=\"#8fceed74-2374-4e7c-91b1-1e6c11cd366a-link\" aria-label=\"Przejd\u017a do przypisu 1\">\u21a9\ufe0e<\/a><\/li><\/ol>\n\n\n<p><\/p>\n","protected":false},"excerpt":{"rendered":"<p>Pok\u00f3j nastolatka powinien \u0142\u0105czy\u0107 styl i funkcjonalno\u015b\u0107. Sprawd\u017a, jak stworzy\u0107 przestrze\u0144 do nauki, relaksu i wyra\u017cania osobowo\u015bci.<\/p>\n","protected":false},"author":3,"featured_media":1339,"comment_status":"closed","ping_status":"closed","sticky":false,"template":"","format":"standard","meta":{"footnotes":"[{\"content\":\"<a href=\\\"https:\/\/doi.org\/10.1016\/j.apergo.2017.01.010\\\">https:\/\/doi.org\/10.1016\/j.apergo.2017.01.010<\/a>\",\"id\":\"8fceed74-2374-4e7c-91b1-1e6c11cd366a\"}]"},"categories":[10],"tags":[],"class_list":["post-1333","post","type-post","status-publish","format-standard","has-post-thumbnail","hentry","category-pokoj-dzieciecy"],"acf":[],"yoast_head":"<!-- This site is optimized with the Yoast SEO plugin v27.5 - https:\/\/yoast.com\/product\/yoast-seo-wordpress\/ -->\n<title>Pok\u00f3j nastolatka - funkcjonalno\u015b\u0107 i prywatno\u015b\u0107 - Proplo<\/title>\n<meta name=\"description\" content=\"Pok\u00f3j nastolatka powinien \u0142\u0105czy\u0107 styl i funkcjonalno\u015b\u0107. Sprawd\u017a, jak stworzy\u0107 przestrze\u0144 do nauki, relaksu i wyra\u017cania osobowo\u015bci.\" \/>\n<meta name=\"robots\" content=\"index, follow, max-snippet:-1, max-image-preview:large, max-video-preview:-1\" \/>\n<link rel=\"canonical\" href=\"https:\/\/proplo.pl\/blog\/aranzacja-pokoju-nastolatka\/\" \/>\n<meta property=\"og:locale\" content=\"pl_PL\" \/>\n<meta property=\"og:type\" content=\"article\" \/>\n<meta property=\"og:title\" content=\"Pok\u00f3j nastolatka - funkcjonalno\u015b\u0107 i prywatno\u015b\u0107 - Proplo\" \/>\n<meta property=\"og:description\" content=\"Pok\u00f3j nastolatka powinien \u0142\u0105czy\u0107 styl i funkcjonalno\u015b\u0107. Sprawd\u017a, jak stworzy\u0107 przestrze\u0144 do nauki, relaksu i wyra\u017cania osobowo\u015bci.\" \/>\n<meta property=\"og:url\" content=\"https:\/\/proplo.pl\/blog\/aranzacja-pokoju-nastolatka\/\" \/>\n<meta property=\"og:site_name\" content=\"Poradnik wn\u0119trzarski - Proplo\" \/>\n<meta property=\"article:published_time\" content=\"2025-09-05T12:13:46+00:00\" \/>\n<meta property=\"article:modified_time\" content=\"2025-09-05T17:25:49+00:00\" \/>\n<meta property=\"og:image\" content=\"https:\/\/proplo.pl\/blog\/wp-content\/uploads\/2025\/09\/pokoj-dla-nastolatka.png\" \/>\n\t<meta property=\"og:image:width\" content=\"1200\" \/>\n\t<meta property=\"og:image:height\" content=\"800\" \/>\n\t<meta property=\"og:image:type\" content=\"image\/png\" \/>\n<meta name=\"author\" content=\"Proplo\" \/>\n<meta name=\"twitter:card\" content=\"summary_large_image\" \/>\n<meta name=\"twitter:label1\" content=\"Napisane przez\" \/>\n\t<meta name=\"twitter:data1\" content=\"Proplo\" \/>\n\t<meta name=\"twitter:label2\" content=\"Szacowany czas czytania\" \/>\n\t<meta name=\"twitter:data2\" content=\"23 minuty\" \/>\n<script type=\"application\/ld+json\" class=\"yoast-schema-graph\">{\"@context\":\"https:\\\/\\\/schema.org\",\"@graph\":[{\"@type\":\"Article\",\"@id\":\"https:\\\/\\\/proplo.pl\\\/blog\\\/aranzacja-pokoju-nastolatka\\\/#article\",\"isPartOf\":{\"@id\":\"https:\\\/\\\/proplo.pl\\\/blog\\\/aranzacja-pokoju-nastolatka\\\/\"},\"author\":{\"name\":\"Proplo\",\"@id\":\"https:\\\/\\\/proplo.pl\\\/blog\\\/#\\\/schema\\\/person\\\/c13af99097d24e9fc2b86b838c0fd0e1\"},\"headline\":\"Pok\u00f3j nastolatka &#8211; funkcjonalno\u015b\u0107 i prywatno\u015b\u0107\",\"datePublished\":\"2025-09-05T12:13:46+00:00\",\"dateModified\":\"2025-09-05T17:25:49+00:00\",\"mainEntityOfPage\":{\"@id\":\"https:\\\/\\\/proplo.pl\\\/blog\\\/aranzacja-pokoju-nastolatka\\\/\"},\"wordCount\":4328,\"image\":{\"@id\":\"https:\\\/\\\/proplo.pl\\\/blog\\\/aranzacja-pokoju-nastolatka\\\/#primaryimage\"},\"thumbnailUrl\":\"https:\\\/\\\/proplo.pl\\\/blog\\\/wp-content\\\/uploads\\\/2025\\\/09\\\/pokoj-dla-nastolatka.png\",\"articleSection\":[\"Pok\u00f3j dzieci\u0119cy\"],\"inLanguage\":\"pl-PL\"},{\"@type\":\"WebPage\",\"@id\":\"https:\\\/\\\/proplo.pl\\\/blog\\\/aranzacja-pokoju-nastolatka\\\/\",\"url\":\"https:\\\/\\\/proplo.pl\\\/blog\\\/aranzacja-pokoju-nastolatka\\\/\",\"name\":\"Pok\u00f3j nastolatka - funkcjonalno\u015b\u0107 i prywatno\u015b\u0107 - Proplo\",\"isPartOf\":{\"@id\":\"https:\\\/\\\/proplo.pl\\\/blog\\\/#website\"},\"primaryImageOfPage\":{\"@id\":\"https:\\\/\\\/proplo.pl\\\/blog\\\/aranzacja-pokoju-nastolatka\\\/#primaryimage\"},\"image\":{\"@id\":\"https:\\\/\\\/proplo.pl\\\/blog\\\/aranzacja-pokoju-nastolatka\\\/#primaryimage\"},\"thumbnailUrl\":\"https:\\\/\\\/proplo.pl\\\/blog\\\/wp-content\\\/uploads\\\/2025\\\/09\\\/pokoj-dla-nastolatka.png\",\"datePublished\":\"2025-09-05T12:13:46+00:00\",\"dateModified\":\"2025-09-05T17:25:49+00:00\",\"author\":{\"@id\":\"https:\\\/\\\/proplo.pl\\\/blog\\\/#\\\/schema\\\/person\\\/c13af99097d24e9fc2b86b838c0fd0e1\"},\"description\":\"Pok\u00f3j nastolatka powinien \u0142\u0105czy\u0107 styl i funkcjonalno\u015b\u0107. Sprawd\u017a, jak stworzy\u0107 przestrze\u0144 do nauki, relaksu i wyra\u017cania osobowo\u015bci.\",\"breadcrumb\":{\"@id\":\"https:\\\/\\\/proplo.pl\\\/blog\\\/aranzacja-pokoju-nastolatka\\\/#breadcrumb\"},\"inLanguage\":\"pl-PL\",\"potentialAction\":[{\"@type\":\"ReadAction\",\"target\":[\"https:\\\/\\\/proplo.pl\\\/blog\\\/aranzacja-pokoju-nastolatka\\\/\"]}]},{\"@type\":\"ImageObject\",\"inLanguage\":\"pl-PL\",\"@id\":\"https:\\\/\\\/proplo.pl\\\/blog\\\/aranzacja-pokoju-nastolatka\\\/#primaryimage\",\"url\":\"https:\\\/\\\/proplo.pl\\\/blog\\\/wp-content\\\/uploads\\\/2025\\\/09\\\/pokoj-dla-nastolatka.png\",\"contentUrl\":\"https:\\\/\\\/proplo.pl\\\/blog\\\/wp-content\\\/uploads\\\/2025\\\/09\\\/pokoj-dla-nastolatka.png\",\"width\":1200,\"height\":800,\"caption\":\"Gabinet z minimalistycznym biurkiem i industrialn\u0105 tapet\u0105.\"},{\"@type\":\"BreadcrumbList\",\"@id\":\"https:\\\/\\\/proplo.pl\\\/blog\\\/aranzacja-pokoju-nastolatka\\\/#breadcrumb\",\"itemListElement\":[{\"@type\":\"ListItem\",\"position\":1,\"name\":\"Proplo\",\"item\":\"https:\\\/\\\/proplo.pl\"},{\"@type\":\"ListItem\",\"position\":2,\"name\":\"Poradnik wn\u0119trzarski\",\"item\":\"https:\\\/\\\/proplo.pl\\\/blog\\\/\"},{\"@type\":\"ListItem\",\"position\":3,\"name\":\"Pok\u00f3j nastolatka &#8211; funkcjonalno\u015b\u0107 i prywatno\u015b\u0107\"}]},{\"@type\":\"WebSite\",\"@id\":\"https:\\\/\\\/proplo.pl\\\/blog\\\/#website\",\"url\":\"https:\\\/\\\/proplo.pl\\\/blog\\\/\",\"name\":\"Blog Proplo\",\"description\":\"\",\"potentialAction\":[{\"@type\":\"SearchAction\",\"target\":{\"@type\":\"EntryPoint\",\"urlTemplate\":\"https:\\\/\\\/proplo.pl\\\/blog\\\/?s={search_term_string}\"},\"query-input\":{\"@type\":\"PropertyValueSpecification\",\"valueRequired\":true,\"valueName\":\"search_term_string\"}}],\"inLanguage\":\"pl-PL\"},{\"@type\":\"Person\",\"@id\":\"https:\\\/\\\/proplo.pl\\\/blog\\\/#\\\/schema\\\/person\\\/c13af99097d24e9fc2b86b838c0fd0e1\",\"name\":\"Proplo\",\"image\":{\"@type\":\"ImageObject\",\"inLanguage\":\"pl-PL\",\"@id\":\"https:\\\/\\\/secure.gravatar.com\\\/avatar\\\/176f908138148facd74b7d78fc677b53b24a54b63aacd8fc4e81a4da926e5f28?s=96&d=mm&r=g\",\"url\":\"https:\\\/\\\/secure.gravatar.com\\\/avatar\\\/176f908138148facd74b7d78fc677b53b24a54b63aacd8fc4e81a4da926e5f28?s=96&d=mm&r=g\",\"contentUrl\":\"https:\\\/\\\/secure.gravatar.com\\\/avatar\\\/176f908138148facd74b7d78fc677b53b24a54b63aacd8fc4e81a4da926e5f28?s=96&d=mm&r=g\",\"caption\":\"Proplo\"},\"url\":\"https:\\\/\\\/proplo.pl\\\/blog\\\/author\\\/r-marciniak\\\/\"}]}<\/script>\n<!-- \/ Yoast SEO plugin. -->","yoast_head_json":{"title":"Pok\u00f3j nastolatka - funkcjonalno\u015b\u0107 i prywatno\u015b\u0107 - Proplo","description":"Pok\u00f3j nastolatka powinien \u0142\u0105czy\u0107 styl i funkcjonalno\u015b\u0107. Sprawd\u017a, jak stworzy\u0107 przestrze\u0144 do nauki, relaksu i wyra\u017cania osobowo\u015bci.","robots":{"index":"index","follow":"follow","max-snippet":"max-snippet:-1","max-image-preview":"max-image-preview:large","max-video-preview":"max-video-preview:-1"},"canonical":"https:\/\/proplo.pl\/blog\/aranzacja-pokoju-nastolatka\/","og_locale":"pl_PL","og_type":"article","og_title":"Pok\u00f3j nastolatka - funkcjonalno\u015b\u0107 i prywatno\u015b\u0107 - Proplo","og_description":"Pok\u00f3j nastolatka powinien \u0142\u0105czy\u0107 styl i funkcjonalno\u015b\u0107. Sprawd\u017a, jak stworzy\u0107 przestrze\u0144 do nauki, relaksu i wyra\u017cania osobowo\u015bci.","og_url":"https:\/\/proplo.pl\/blog\/aranzacja-pokoju-nastolatka\/","og_site_name":"Poradnik wn\u0119trzarski - Proplo","article_published_time":"2025-09-05T12:13:46+00:00","article_modified_time":"2025-09-05T17:25:49+00:00","og_image":[{"width":1200,"height":800,"url":"https:\/\/proplo.pl\/blog\/wp-content\/uploads\/2025\/09\/pokoj-dla-nastolatka.png","type":"image\/png"}],"author":"Proplo","twitter_card":"summary_large_image","twitter_misc":{"Napisane przez":"Proplo","Szacowany czas czytania":"23 minuty"},"schema":{"@context":"https:\/\/schema.org","@graph":[{"@type":"Article","@id":"https:\/\/proplo.pl\/blog\/aranzacja-pokoju-nastolatka\/#article","isPartOf":{"@id":"https:\/\/proplo.pl\/blog\/aranzacja-pokoju-nastolatka\/"},"author":{"name":"Proplo","@id":"https:\/\/proplo.pl\/blog\/#\/schema\/person\/c13af99097d24e9fc2b86b838c0fd0e1"},"headline":"Pok\u00f3j nastolatka &#8211; funkcjonalno\u015b\u0107 i prywatno\u015b\u0107","datePublished":"2025-09-05T12:13:46+00:00","dateModified":"2025-09-05T17:25:49+00:00","mainEntityOfPage":{"@id":"https:\/\/proplo.pl\/blog\/aranzacja-pokoju-nastolatka\/"},"wordCount":4328,"image":{"@id":"https:\/\/proplo.pl\/blog\/aranzacja-pokoju-nastolatka\/#primaryimage"},"thumbnailUrl":"https:\/\/proplo.pl\/blog\/wp-content\/uploads\/2025\/09\/pokoj-dla-nastolatka.png","articleSection":["Pok\u00f3j dzieci\u0119cy"],"inLanguage":"pl-PL"},{"@type":"WebPage","@id":"https:\/\/proplo.pl\/blog\/aranzacja-pokoju-nastolatka\/","url":"https:\/\/proplo.pl\/blog\/aranzacja-pokoju-nastolatka\/","name":"Pok\u00f3j nastolatka - funkcjonalno\u015b\u0107 i prywatno\u015b\u0107 - Proplo","isPartOf":{"@id":"https:\/\/proplo.pl\/blog\/#website"},"primaryImageOfPage":{"@id":"https:\/\/proplo.pl\/blog\/aranzacja-pokoju-nastolatka\/#primaryimage"},"image":{"@id":"https:\/\/proplo.pl\/blog\/aranzacja-pokoju-nastolatka\/#primaryimage"},"thumbnailUrl":"https:\/\/proplo.pl\/blog\/wp-content\/uploads\/2025\/09\/pokoj-dla-nastolatka.png","datePublished":"2025-09-05T12:13:46+00:00","dateModified":"2025-09-05T17:25:49+00:00","author":{"@id":"https:\/\/proplo.pl\/blog\/#\/schema\/person\/c13af99097d24e9fc2b86b838c0fd0e1"},"description":"Pok\u00f3j nastolatka powinien \u0142\u0105czy\u0107 styl i funkcjonalno\u015b\u0107. Sprawd\u017a, jak stworzy\u0107 przestrze\u0144 do nauki, relaksu i wyra\u017cania osobowo\u015bci.","breadcrumb":{"@id":"https:\/\/proplo.pl\/blog\/aranzacja-pokoju-nastolatka\/#breadcrumb"},"inLanguage":"pl-PL","potentialAction":[{"@type":"ReadAction","target":["https:\/\/proplo.pl\/blog\/aranzacja-pokoju-nastolatka\/"]}]},{"@type":"ImageObject","inLanguage":"pl-PL","@id":"https:\/\/proplo.pl\/blog\/aranzacja-pokoju-nastolatka\/#primaryimage","url":"https:\/\/proplo.pl\/blog\/wp-content\/uploads\/2025\/09\/pokoj-dla-nastolatka.png","contentUrl":"https:\/\/proplo.pl\/blog\/wp-content\/uploads\/2025\/09\/pokoj-dla-nastolatka.png","width":1200,"height":800,"caption":"Gabinet z minimalistycznym biurkiem i industrialn\u0105 tapet\u0105."},{"@type":"BreadcrumbList","@id":"https:\/\/proplo.pl\/blog\/aranzacja-pokoju-nastolatka\/#breadcrumb","itemListElement":[{"@type":"ListItem","position":1,"name":"Proplo","item":"https:\/\/proplo.pl"},{"@type":"ListItem","position":2,"name":"Poradnik wn\u0119trzarski","item":"https:\/\/proplo.pl\/blog\/"},{"@type":"ListItem","position":3,"name":"Pok\u00f3j nastolatka &#8211; funkcjonalno\u015b\u0107 i prywatno\u015b\u0107"}]},{"@type":"WebSite","@id":"https:\/\/proplo.pl\/blog\/#website","url":"https:\/\/proplo.pl\/blog\/","name":"Blog Proplo","description":"","potentialAction":[{"@type":"SearchAction","target":{"@type":"EntryPoint","urlTemplate":"https:\/\/proplo.pl\/blog\/?s={search_term_string}"},"query-input":{"@type":"PropertyValueSpecification","valueRequired":true,"valueName":"search_term_string"}}],"inLanguage":"pl-PL"},{"@type":"Person","@id":"https:\/\/proplo.pl\/blog\/#\/schema\/person\/c13af99097d24e9fc2b86b838c0fd0e1","name":"Proplo","image":{"@type":"ImageObject","inLanguage":"pl-PL","@id":"https:\/\/secure.gravatar.com\/avatar\/176f908138148facd74b7d78fc677b53b24a54b63aacd8fc4e81a4da926e5f28?s=96&d=mm&r=g","url":"https:\/\/secure.gravatar.com\/avatar\/176f908138148facd74b7d78fc677b53b24a54b63aacd8fc4e81a4da926e5f28?s=96&d=mm&r=g","contentUrl":"https:\/\/secure.gravatar.com\/avatar\/176f908138148facd74b7d78fc677b53b24a54b63aacd8fc4e81a4da926e5f28?s=96&d=mm&r=g","caption":"Proplo"},"url":"https:\/\/proplo.pl\/blog\/author\/r-marciniak\/"}]}},"_links":{"self":[{"href":"https:\/\/proplo.pl\/blog\/wp-json\/wp\/v2\/posts\/1333","targetHints":{"allow":["GET"]}}],"collection":[{"href":"https:\/\/proplo.pl\/blog\/wp-json\/wp\/v2\/posts"}],"about":[{"href":"https:\/\/proplo.pl\/blog\/wp-json\/wp\/v2\/types\/post"}],"author":[{"embeddable":true,"href":"https:\/\/proplo.pl\/blog\/wp-json\/wp\/v2\/users\/3"}],"replies":[{"embeddable":true,"href":"https:\/\/proplo.pl\/blog\/wp-json\/wp\/v2\/comments?post=1333"}],"version-history":[{"count":9,"href":"https:\/\/proplo.pl\/blog\/wp-json\/wp\/v2\/posts\/1333\/revisions"}],"predecessor-version":[{"id":1344,"href":"https:\/\/proplo.pl\/blog\/wp-json\/wp\/v2\/posts\/1333\/revisions\/1344"}],"wp:featuredmedia":[{"embeddable":true,"href":"https:\/\/proplo.pl\/blog\/wp-json\/wp\/v2\/media\/1339"}],"wp:attachment":[{"href":"https:\/\/proplo.pl\/blog\/wp-json\/wp\/v2\/media?parent=1333"}],"wp:term":[{"taxonomy":"category","embeddable":true,"href":"https:\/\/proplo.pl\/blog\/wp-json\/wp\/v2\/categories?post=1333"},{"taxonomy":"post_tag","embeddable":true,"href":"https:\/\/proplo.pl\/blog\/wp-json\/wp\/v2\/tags?post=1333"}],"curies":[{"name":"wp","href":"https:\/\/api.w.org\/{rel}","templated":true}]}}