{"id":1287,"date":"2025-08-30T16:15:20","date_gmt":"2025-08-30T15:15:20","guid":{"rendered":"https:\/\/proplo.pl\/blog\/?p=1287"},"modified":"2025-08-30T16:15:20","modified_gmt":"2025-08-30T15:15:20","slug":"styl-ekologiczny-aranzacja-wnetrz","status":"publish","type":"post","link":"https:\/\/proplo.pl\/blog\/styl-ekologiczny-aranzacja-wnetrz\/","title":{"rendered":"Styl ekologiczny w aran\u017cacji wn\u0119trz"},"content":{"rendered":"<div class=\"you-find-content\">\r\n    <div class=\"container-xl container-wrapper\">\r\n        <div class=\"row design\">\r\n            <div class=\"col-md-12 wrapper \">\r\n                <div class=\"title\"><p>Z tego artyku\u0142u dowiesz si\u0119:<\/p>\n<\/div>\r\n                <div class=\"grid-wrapper\">\r\n                                                        <div class=\"block-list\">\r\n                        <div class=\"number\">\r\n                            1                        <\/div>\r\n                        <div class=\"text\">\r\n                            <p>Czym jest styl ekologiczny i dlaczego to co\u015b wi\u0119cej ni\u017c moda, a \u015bwiadoma filozofia \u017cycia?<\/p>\n                        <\/div>\r\n                    <\/div>\r\n                                        <div class=\"block-list\">\r\n                        <div class=\"number\">\r\n                            2                        <\/div>\r\n                        <div class=\"text\">\r\n                            <p>Jakie materia\u0142y i rozwi\u0105zania najlepiej wpisuj\u0105 si\u0119 w eko aran\u017cacje?<\/p>\n                        <\/div>\r\n                    <\/div>\r\n                                        <div class=\"block-list\">\r\n                        <div class=\"number\">\r\n                            3                        <\/div>\r\n                        <div class=\"text\">\r\n                            <p>Jak urz\u0105dzi\u0107 r\u00f3\u017cne pomieszczenia w duchu eko \u2013 od salonu, przez kuchni\u0119 i \u0142azienk\u0119, po sypialni\u0119?<\/p>\n                        <\/div>\r\n                    <\/div>\r\n                                        <div class=\"block-list\">\r\n                        <div class=\"number\">\r\n                            4                        <\/div>\r\n                        <div class=\"text\">\r\n                            <p>Jakie korzy\u015bci daje styl eko \u2013 dla zdrowia, samopoczucia, \u015brodowiska i przysz\u0142ych pokole\u0144?<\/p>\n                        <\/div>\r\n                    <\/div>\r\n                                                    <\/div>\r\n            <\/div>\r\n        <\/div>\r\n    <\/div>\r\n<\/div>\n\n\n<p><strong>Jak nasze codzienne wybory wp\u0142ywaj\u0105 na \u015brodowisko?<\/strong> To pytanie zadajemy sobie coraz cz\u0119\u015bciej \u2013 i s\u0142usznie. W odpowiedzi na rosn\u0105c\u0105 \u015bwiadomo\u015b\u0107 ekologiczn\u0105, <strong>styl ekologiczny w aran\u017cacji wn\u0119trz<\/strong> zyskuje na popularno\u015bci. Nie chodzi tu wy\u0142\u0105cznie o estetyk\u0119, ale o <strong>\u015bwiadomy spos\u00f3b \u017cycia<\/strong>, kt\u00f3ry \u0142\u0105czy pi\u0119kno z odpowiedzialno\u015bci\u0105 \u2013 wobec natury, siebie i przysz\u0142ych pokole\u0144.<\/p>\n\n\n\n<p><strong>Styl eko to nie moda, lecz filozofia \u017cycia<\/strong>. Opiera si\u0119 na harmonii z natur\u0105 i wspieraniu zr\u00f3wnowa\u017conego rozwoju. Wn\u0119trza urz\u0105dzone w tym duchu bazuj\u0105 na <strong>naturalnych surowcach<\/strong>, takich jak:<\/p>\n\n\n\n<ul class=\"wp-block-list\">\n<li><strong>Drewno<\/strong> \u2013 wprowadza ciep\u0142o i naturaln\u0105 struktur\u0119,<\/li>\n\n\n\n<li><strong>Len<\/strong> \u2013 oddychaj\u0105cy, trwa\u0142y i biodegradowalny materia\u0142,<\/li>\n\n\n\n<li><strong>Glina<\/strong> \u2013 zapewnia autentyczno\u015b\u0107 i naturalny mikroklimat.<\/li>\n<\/ul>\n\n\n\n<p>Jednak nie tylko materia\u0142y maj\u0105 znaczenie \u2013 <strong>liczy si\u0119 r\u00f3wnie\u017c spos\u00f3b ich wykorzystania<\/strong>. Styl ekologiczny to tak\u017ce:<\/p>\n\n\n\n<ul class=\"wp-block-list\">\n<li><strong>Energooszcz\u0119dne o\u015bwietlenie<\/strong> \u2013 zmniejsza zu\u017cycie energii,<\/li>\n\n\n\n<li><strong>Meble z recyklingu<\/strong> \u2013 daj\u0105 drugie \u017cycie materia\u0142om,<\/li>\n\n\n\n<li><strong>Dodatki z drugiej r\u0119ki<\/strong> \u2013 unikalne i z histori\u0105,<\/li>\n\n\n\n<li><strong>Rzemios\u0142o i lokalna produkcja<\/strong> \u2013 wspieraj\u0105 lokalne spo\u0142eczno\u015bci i redukuj\u0105 emisj\u0119 CO\u2082.<\/li>\n<\/ul>\n\n\n\n<p>Przyk\u0142ad? <strong>St\u00f3\u0142 z odzyskanego drewna<\/strong> \u2013 nie tylko pi\u0119kny i unikalny, ale te\u017c ekologiczny. Taki wyb\u00f3r to nie tylko kwestia gustu, ale <strong>\u015bwiadoma decyzja o stylu \u017cycia<\/strong>, kt\u00f3ry zmniejsza nasz \u015blad w\u0119glowy i wspiera planet\u0119.<\/p>\n\n\n\n<p><strong>Wybieraj\u0105c styl ekologiczny, inwestujemy w jako\u015b\u0107 \u017cycia<\/strong>. Tworzymy przestrzenie, kt\u00f3re s\u0105:<\/p>\n\n\n\n<ul class=\"wp-block-list\">\n<li><strong>Trwa\u0142e<\/strong> \u2013 odporne na modowe zmiany i up\u0142yw czasu,<\/li>\n\n\n\n<li><strong>Zdrowe<\/strong> \u2013 wolne od toksyn i sprzyjaj\u0105ce dobremu samopoczuciu,<\/li>\n\n\n\n<li><strong>Spokojne<\/strong> \u2013 harmonijne i sprzyjaj\u0105ce relaksowi.<\/li>\n<\/ul>\n\n\n\n<p>I to dopiero pocz\u0105tek. <strong>Przysz\u0142o\u015b\u0107 ekologicznego designu zapowiada si\u0119 fascynuj\u0105co<\/strong>. By\u0107 mo\u017ce ju\u017c wkr\u00f3tce nasze domy b\u0119d\u0105 same:<\/p>\n\n\n\n<ul class=\"wp-block-list\">\n<li>wytwarza\u0107 energi\u0119,<\/li>\n\n\n\n<li>filtrowa\u0107 powietrze,<\/li>\n\n\n\n<li>reagowa\u0107 na zmiany \u015brodowiskowe.<\/li>\n<\/ul>\n\n\n\n<p><strong>Styl ekologiczny to nie tylko trend \u2013 to kierunek, kt\u00f3ry warto obra\u0107 na sta\u0142e<\/strong>.<\/p>\n\n\n\n<figure class=\"wp-block-image size-full\"><a href=\"https:\/\/proplo.pl\/profile\/manola-interiors\/projekt\/lazienka_pszczyna-2269\"><img loading=\"lazy\" decoding=\"async\" width=\"1200\" height=\"800\" src=\"https:\/\/proplo.pl\/blog\/wp-content\/uploads\/2025\/08\/styl-ekologiczny-eko.png\" alt=\"Wn\u0119trze \u0142azienki z umywalk\u0105 kamienn\u0105, wann\u0105 i ro\u015blinno\u015bci\u0105 w stylu industrialnym i rustykalnym.\" class=\"wp-image-1298\" srcset=\"https:\/\/proplo.pl\/blog\/wp-content\/uploads\/2025\/08\/styl-ekologiczny-eko.png 1200w, https:\/\/proplo.pl\/blog\/wp-content\/uploads\/2025\/08\/styl-ekologiczny-eko-300x200.png 300w, https:\/\/proplo.pl\/blog\/wp-content\/uploads\/2025\/08\/styl-ekologiczny-eko-768x512.png 768w, https:\/\/proplo.pl\/blog\/wp-content\/uploads\/2025\/08\/styl-ekologiczny-eko-1024x683.png 1024w, https:\/\/proplo.pl\/blog\/wp-content\/uploads\/2025\/08\/styl-ekologiczny-eko-480x320.png 480w\" sizes=\"auto, (max-width: 1200px) 100vw, 1200px\" \/><\/a><figcaption class=\"wp-element-caption\">Projekt: <a href=\"https:\/\/proplo.pl\/profile\/manola-interiors\">Manola Interiors<\/a><\/figcaption><\/figure>\n\n\n\n<h2 class=\"wp-block-heading\">Czym jest styl ekologiczny w aran\u017cacji wn\u0119trz?<\/h2>\n\n\n\n<p><strong>Styl ekologiczny<\/strong> w aran\u017cacji wn\u0119trz to znacznie wi\u0119cej ni\u017c chwilowa moda \u2014 to <strong>\u015bwiadomy wyb\u00f3r<\/strong>, kt\u00f3ry \u0142\u0105czy estetyk\u0119 z trosk\u0105 o \u015brodowisko. Opiera si\u0119 na <strong>prostocie, naturalnych materia\u0142ach<\/strong> i zasadach <strong>zr\u00f3wnowa\u017conego rozwoju<\/strong>. Zamiast syntetyk\u00f3w i chemicznych dodatk\u00f3w, wybieramy to, co <strong>zdrowe, trwa\u0142e i przyjazne naturze<\/strong>. Coraz wi\u0119cej os\u00f3b si\u0119ga po ten styl, szukaj\u0105c w nim nie tylko pi\u0119kna, ale i <strong>wewn\u0119trznego spokoju<\/strong>. Bo przecie\u017c ka\u017cdy z nas pragnie przestrzeni, kt\u00f3ra koi zmys\u0142y i pozwala odetchn\u0105\u0107 \u2014 dos\u0142ownie i w przeno\u015bni.<\/p>\n\n\n\n<h3 class=\"wp-block-heading\">G\u0142\u00f3wne za\u0142o\u017cenia i cechy stylu eko<\/h3>\n\n\n\n<p>W centrum <strong>stylu ekologicznego<\/strong> znajduj\u0105 si\u0119 <strong>naturalne, certyfikowane materia\u0142y<\/strong>, takie jak:<\/p>\n\n\n\n<ul class=\"wp-block-list\">\n<li><strong>Drewno z certyfikatem FSC<\/strong> \u2013 pozyskiwane w spos\u00f3b zr\u00f3wnowa\u017cony, bez szkody dla las\u00f3w,<\/li>\n\n\n\n<li><strong>Len i bawe\u0142na organiczna<\/strong> \u2013 oddychaj\u0105ce, bezpieczne dla sk\u00f3ry i \u015brodowiska,<\/li>\n\n\n\n<li><strong>Korek<\/strong> \u2013 lekki, trwa\u0142y i w 100% biodegradowalny.<\/li>\n<\/ul>\n\n\n\n<p>Styl eko to tak\u017ce <strong><a href=\"https:\/\/proplo.pl\/style\/minimalistyczny\">minimalizm<\/a><\/strong>: mniej przedmiot\u00f3w, wi\u0119cej przestrzeni, a ka\u017cdy element ma swoje uzasadnienie. Wa\u017cnym aspektem jest r\u00f3wnie\u017c <strong>idea zero waste<\/strong>, czyli ponowne wykorzystanie przedmiot\u00f3w i ograniczenie odpad\u00f3w. Przyk\u0142ady zastosowania tej filozofii w praktyce:<\/p>\n\n\n\n<ul class=\"wp-block-list\">\n<li><strong>Stary, odnowiony st\u00f3\u0142<\/strong> mo\u017ce sta\u0107 si\u0119 centralnym punktem jadalni,<\/li>\n\n\n\n<li><strong>Szklane s\u0142oiki po d\u017cemach<\/strong> \u015bwietnie sprawdz\u0105 si\u0119 jako pojemniki na przyprawy,<\/li>\n\n\n\n<li><strong>Bawe\u0142niane torby<\/strong> z powodzeniem zast\u0105pi\u0105 jednorazowe reklam\u00f3wki,<\/li>\n\n\n\n<li><strong>Recyklingowane meble<\/strong> zyskuj\u0105 drugie \u017cycie i unikalny charakter.<\/li>\n<\/ul>\n\n\n\n<p>Takie rozwi\u0105zania nie tylko nadaj\u0105 wn\u0119trzom <strong>indywidualnego stylu<\/strong>, ale te\u017c daj\u0105 poczucie, \u017ce <strong>robimy co\u015b dobrego \u2014 dla siebie, dla innych i dla planety<\/strong>. A to daje prawdziw\u0105 satysfakcj\u0119.<\/p>\n\n\n\n<h3 class=\"wp-block-heading\">Dla kogo jest odpowiedni styl ekologiczny?<\/h3>\n\n\n\n<p><strong>Styl eko<\/strong> to doskona\u0142y wyb\u00f3r dla os\u00f3b, kt\u00f3re ceni\u0105:<\/p>\n\n\n\n<ul class=\"wp-block-list\">\n<li><strong>Zdrowy tryb \u017cycia<\/strong> i naturalne otoczenie,<\/li>\n\n\n\n<li><strong>\u015awiadome wybory zakupowe<\/strong> i trosk\u0119 o \u015brodowisko,<\/li>\n\n\n\n<li><strong>Minimalizm<\/strong> i funkcjonalno\u015b\u0107,<\/li>\n\n\n\n<li><strong>Wewn\u0119trzny spok\u00f3j<\/strong> i harmoni\u0119 z natur\u0105.<\/li>\n<\/ul>\n\n\n\n<p>\u015awietnie sprawdzi si\u0119 w <strong>domach rodzinnych<\/strong>, u <strong>alergik\u00f3w<\/strong>, a tak\u017ce u ka\u017cdego, kto chce <strong>oddycha\u0107 czystym powietrzem<\/strong> we w\u0142asnym mieszkaniu.<\/p>\n\n\n\n<p><strong>Styl ekologiczny to nie tylko spos\u00f3b na urz\u0105dzenie wn\u0119trza \u2014 to filozofia \u017cycia<\/strong>. Taka, kt\u00f3ra inspiruje, wycisza i przypomina, \u017ce jeste\u015bmy cz\u0119\u015bci\u0105 wi\u0119kszej ca\u0142o\u015bci. I w\u0142a\u015bnie dlatego warto si\u0119 ni\u0105 otoczy\u0107.<\/p>\n\n\n\n<figure class=\"wp-block-image size-full\"><a href=\"https:\/\/proplo.pl\/profile\/pogotowie-wnetrzarskie\/projekt\/alez-tu-kolorowo-1936\"><img loading=\"lazy\" decoding=\"async\" width=\"1200\" height=\"800\" src=\"https:\/\/proplo.pl\/blog\/wp-content\/uploads\/2025\/08\/styl-eko.png\" alt=\"Wn\u0119trze salonu z niebiesk\u0105 sof\u0105, drewnian\u0105 p\u00f3\u0142k\u0105, vintage i dopamine decor\" class=\"wp-image-1291\" srcset=\"https:\/\/proplo.pl\/blog\/wp-content\/uploads\/2025\/08\/styl-eko.png 1200w, https:\/\/proplo.pl\/blog\/wp-content\/uploads\/2025\/08\/styl-eko-300x200.png 300w, https:\/\/proplo.pl\/blog\/wp-content\/uploads\/2025\/08\/styl-eko-768x512.png 768w, https:\/\/proplo.pl\/blog\/wp-content\/uploads\/2025\/08\/styl-eko-1024x683.png 1024w, https:\/\/proplo.pl\/blog\/wp-content\/uploads\/2025\/08\/styl-eko-480x320.png 480w\" sizes=\"auto, (max-width: 1200px) 100vw, 1200px\" \/><\/a><figcaption class=\"wp-element-caption\">Projekt: <a href=\"https:\/\/proplo.pl\/profile\/pogotowie-wnetrzarskie\">Pogotowie Wn\u0119trzarskie<\/a><\/figcaption><\/figure>\n\n\n\n<h2 class=\"wp-block-heading\">Naturalne materia\u0142y jako fundament stylu eko<\/h2>\n\n\n\n<p>W aran\u017cacji wn\u0119trz w duchu eko <strong>naturalne materia\u0142y<\/strong> odgrywaj\u0105 kluczow\u0105 rol\u0119 \u2014 nie s\u0105 jedynie estetycznym dodatkiem, lecz \u015bwiadomym wyborem, kt\u00f3ry odzwierciedla nasze warto\u015bci i styl \u017cycia. <strong>Drewno, len, bawe\u0142na, kamie\u0144 i ceramika<\/strong> to surowce, kt\u00f3re nie tylko zachwycaj\u0105 wygl\u0105dem, ale r\u00f3wnie\u017c tworz\u0105 trwa\u0142\u0105 i przyjazn\u0105 \u015brodowisku baz\u0119. Wprowadzaj\u0105 do wn\u0119trz <strong>ciep\u0142o, autentyczno\u015b\u0107 i ponadczasowy klimat<\/strong>, kt\u00f3ry trudno opisa\u0107 s\u0142owami \u2014 po prostu czu\u0107, \u017ce to dzia\u0142a.<\/p>\n\n\n\n<p><strong>Styl eko to filozofia \u017cycia<\/strong>, a nie tylko estetyka. Opiera si\u0119 na r\u00f3wnowadze, odpowiedzialno\u015bci i szacunku dla natury. Wybieraj\u0105c naturalne surowce, inwestujemy nie tylko w trwa\u0142o\u015b\u0107, ale r\u00f3wnie\u017c w przysz\u0142o\u015b\u0107 \u2014 nasz\u0105 i ca\u0142ej planety. <strong>To wyb\u00f3r, kt\u00f3ry ma znaczenie<\/strong>. A kto wie? By\u0107 mo\u017ce ju\u017c wkr\u00f3tce pojawi\u0105 si\u0119 jeszcze bardziej innowacyjne rozwi\u0105zania, kt\u00f3re jeszcze mocniej zbli\u017c\u0105 nasze domy do rytmu przyrody.<\/p>\n\n\n\n<h3 class=\"wp-block-heading\">Drewno, len, bawe\u0142na i kamie\u0144 w aran\u017cacji wn\u0119trz<\/h3>\n\n\n\n<p>W stylu eko <strong>ekologiczne materia\u0142y<\/strong> to podstawa ka\u017cdej aran\u017cacji. W\u015br\u00f3d nich szczeg\u00f3lne miejsce zajmuj\u0105:<\/p>\n\n\n\n<ul class=\"wp-block-list\">\n<li><strong>Drewno z certyfikatem FSC<\/strong> \u2013 pochodzi z las\u00f3w zarz\u0105dzanych w spos\u00f3b zr\u00f3wnowa\u017cony, gdzie cz\u0142owiek i natura wsp\u00f3\u0142istniej\u0105 w harmonii.<\/li>\n\n\n\n<li><strong>Len<\/strong> \u2013 naturalna tkanina, wolna od toksycznych chemikali\u00f3w, trwa\u0142a i przewiewna.<\/li>\n\n\n\n<li><strong>Bawe\u0142na organiczna<\/strong> \u2013 delikatna dla sk\u00f3ry, bezpieczna dla \u015brodowiska, idealna do codziennego u\u017cytku.<\/li>\n\n\n\n<li><strong>Kamie\u0144<\/strong> \u2013 surowiec trwa\u0142y, naturalny, wprowadzaj\u0105cy do wn\u0119trz elegancj\u0119 i spok\u00f3j.<\/li>\n<\/ul>\n\n\n\n<p>Wybieraj\u0105c te materia\u0142y, tworzymy przestrzenie, kt\u00f3re s\u0105 nie tylko pi\u0119kne, ale r\u00f3wnie\u017c <strong>zdrowe, przyjazne i odpowiedzialne<\/strong>. To decyzje, kt\u00f3re maj\u0105 realny wp\u0142yw na nasze otoczenie \u2014 i to czu\u0107 na ka\u017cdym kroku.<\/p>\n\n\n\n<h3 class=\"wp-block-heading\">Tkaniny naturalne: komfort i zr\u00f3wnowa\u017cony wyb\u00f3r<\/h3>\n\n\n\n<p><strong>Naturalne tkaniny<\/strong> to nie tylko wyb\u00f3r estetyczny, ale przede wszystkim \u015bwiadomy styl \u017cycia. Len i bawe\u0142na zapewniaj\u0105 komfort, s\u0105 przyjemne w dotyku i doskonale sprawdzaj\u0105 si\u0119 w codziennym u\u017cytkowaniu. Dla tych, kt\u00f3rzy szukaj\u0105 czego\u015b bardziej oryginalnego, warto rozwa\u017cy\u0107:<\/p>\n\n\n\n<ul class=\"wp-block-list\">\n<li><strong>Jut\u0119<\/strong> \u2013 surow\u0105, ale wytrzyma\u0142\u0105, idealn\u0105 do dodatk\u00f3w i dekoracji.<\/li>\n\n\n\n<li><strong>W\u0142\u00f3kno kokosowe<\/strong> \u2013 naturalne, biodegradowalne, \u015bwietne do mat i dywan\u00f3w.<\/li>\n\n\n\n<li><strong>Traw\u0119 morsk\u0105<\/strong> \u2013 egzotyczna, odporna na wilgo\u0107, doskona\u0142a do koszy i plecionek.<\/li>\n<\/ul>\n\n\n\n<p>Wybieraj\u0105c tkaniny pochodzenia naturalnego, tworzymy wn\u0119trza, kt\u00f3re s\u0105 <strong>zdrowe, harmonijne i zgodne z rytmem natury<\/strong>. To po\u0142\u0105czenie pi\u0119kna i odpowiedzialno\u015bci, kt\u00f3re zyskuje na znaczeniu w \u015bwiecie pe\u0142nym syntetycznych alternatyw. A przysz\u0142o\u015b\u0107? Przyniesie jeszcze wi\u0119cej mo\u017cliwo\u015bci \u2014 <strong>nowe w\u0142\u00f3kna, innowacyjne technologie i jeszcze lepsze dopasowanie do ekologicznego stylu \u017cycia<\/strong>.<\/p>\n\n\n\n<h3 class=\"wp-block-heading\">Drewno z certyfikatem FSC i jego znaczenie<\/h3>\n\n\n\n<p><strong>Certyfikat FSC (Forest Stewardship Council)<\/strong><sup data-fn=\"f4e38051-d7b0-463c-b95d-e46c876d5059\" class=\"fn\"><a id=\"f4e38051-d7b0-463c-b95d-e46c876d5059-link\" href=\"#f4e38051-d7b0-463c-b95d-e46c876d5059\">1<\/a><\/sup> to nie tylko znak jako\u015bci \u2014 to gwarancja, \u017ce drewno zosta\u0142o pozyskane w spos\u00f3b odpowiedzialny, z poszanowaniem dla \u015brodowiska i lokalnych spo\u0142eczno\u015bci. W stylu eko ma to ogromne znaczenie, poniewa\u017c:<\/p>\n\n\n\n<ul class=\"wp-block-list\">\n<li>Wspiera ochron\u0119 las\u00f3w i bior\u00f3\u017cnorodno\u015bci.<\/li>\n\n\n\n<li>Promuje zr\u00f3wnowa\u017cone zarz\u0105dzanie zasobami naturalnymi.<\/li>\n\n\n\n<li>Zapewnia przejrzysto\u015b\u0107 i etyczne pochodzenie materia\u0142u.<\/li>\n\n\n\n<li>Buduje zaufanie w\u015br\u00f3d \u015bwiadomych konsument\u00f3w.<\/li>\n<\/ul>\n\n\n\n<p><strong>Drewno z certyfikatem FSC<\/strong> nie tylko pi\u0119knie wygl\u0105da, ale r\u00f3wnie\u017c jest trwa\u0142e i bezpieczne dla \u015brodowiska. To materia\u0142, kt\u00f3ry \u0142\u0105czy <strong>naturalny urok z odpowiedzialno\u015bci\u0105 spo\u0142eczn\u0105<\/strong>. W przysz\u0142o\u015bci mo\u017cemy spodziewa\u0107 si\u0119 jeszcze bardziej zaawansowanych certyfikat\u00f3w i standard\u00f3w, kt\u00f3re jeszcze lepiej odpowiedz\u0105 na potrzeby \u015bwiadomych projektant\u00f3w i u\u017cytkownik\u00f3w wn\u0119trz.<\/p>\n\n\n\n<figure class=\"wp-block-image size-full\"><a href=\"https:\/\/proplo.pl\/profile\/kh-works\/projekt\/projekt-domu-na-slasku-2070\"><img loading=\"lazy\" decoding=\"async\" width=\"1200\" height=\"800\" src=\"https:\/\/proplo.pl\/blog\/wp-content\/uploads\/2025\/08\/styl-ekologiczny.png\" alt=\"Wn\u0119trze w stylu dopamine decor, eklektycznym, industrialnym, rustykalnym i vintage z biurkiem i ro\u015blin\u0105.\" class=\"wp-image-1297\" srcset=\"https:\/\/proplo.pl\/blog\/wp-content\/uploads\/2025\/08\/styl-ekologiczny.png 1200w, https:\/\/proplo.pl\/blog\/wp-content\/uploads\/2025\/08\/styl-ekologiczny-300x200.png 300w, https:\/\/proplo.pl\/blog\/wp-content\/uploads\/2025\/08\/styl-ekologiczny-768x512.png 768w, https:\/\/proplo.pl\/blog\/wp-content\/uploads\/2025\/08\/styl-ekologiczny-1024x683.png 1024w, https:\/\/proplo.pl\/blog\/wp-content\/uploads\/2025\/08\/styl-ekologiczny-480x320.png 480w\" sizes=\"auto, (max-width: 1200px) 100vw, 1200px\" \/><\/a><figcaption class=\"wp-element-caption\">Projekt: <a href=\"https:\/\/proplo.pl\/profile\/kh-works\">kh.works<\/a><\/figcaption><\/figure>\n\n\n\n<h2 class=\"wp-block-heading\">Kolorystyka inspirowana natur\u0105<\/h2>\n\n\n\n<p>Marzysz o wn\u0119trzu, kt\u00f3re <strong>uspokaja, otula ciep\u0142em i sprzyja relaksowi<\/strong>? Postaw na <strong>barwy zaczerpni\u0119te z natury<\/strong>. Taka paleta to nie tylko estetyczny wyb\u00f3r \u2014 to tak\u017ce spos\u00f3b na popraw\u0119 samopoczucia. <strong>Odcienie ziemi<\/strong>, takie jak subtelne be\u017ce, g\u0142\u0119bokie br\u0105zy, zgaszone zielenie czy czysta biel, tworz\u0105 przestrze\u0144, w kt\u00f3rej \u0142atwiej si\u0119 wyciszy\u0107 i odetchn\u0105\u0107 od codziennego zgie\u0142ku.<\/p>\n\n\n\n<p>Naturalne kolory nie tylko dobrze wygl\u0105daj\u0105 \u2014 <strong>one dzia\u0142aj\u0105 na nasz umys\u0142 i emocje<\/strong>. Wn\u0119trza utrzymane w takich tonacjach emanuj\u0105 spokojem i r\u00f3wnowag\u0105. To nie przypadek \u2014 nasz m\u00f3zg instynktownie reaguje pozytywnie na to, co organiczne i znajome z przyrody. Dlatego w\u0142a\u015bnie barwy inspirowane natur\u0105 tak skutecznie buduj\u0105 atmosfer\u0119 harmonii.<\/p>\n\n\n\n<p>Chcesz p\u00f3j\u015b\u0107 o krok dalej? Wybierz <strong>ekologiczne farby<\/strong>, takie jak <strong>\u015anie\u017cka Barwy Natury<\/strong>. Ich zalety to:<\/p>\n\n\n\n<ul class=\"wp-block-list\">\n<li><strong>Naturalne odcienie<\/strong> \u2014 idealnie wpisuj\u0105ce si\u0119 w styl eko<\/li>\n\n\n\n<li><strong>Bezpiecze\u0144stwo<\/strong> \u2014 brak toksyn, przyjazne dla zdrowia<\/li>\n\n\n\n<li><strong>Ochrona \u015brodowiska<\/strong> \u2014 formu\u0142y stworzone z my\u015bl\u0105 o naturze<\/li>\n<\/ul>\n\n\n\n<p>Wybieraj\u0105c kolorystyk\u0119 inspirowan\u0105 natur\u0105, robisz co\u015b wi\u0119cej ni\u017c tylko aran\u017cacj\u0119 wn\u0119trza. <strong>Wspierasz ide\u0119 \u017cycia w zgodzie z otoczeniem<\/strong>. A kto wie \u2014 mo\u017ce ju\u017c wkr\u00f3tce pojawi\u0105 si\u0119 farby, kt\u00f3re b\u0119d\u0105 zmienia\u0107 barw\u0119 pod wp\u0142ywem \u015bwiat\u0142a lub temperatury? Jedno jest pewne: <strong>natura nie przestaje zaskakiwa\u0107 i wci\u0105\u017c pozostaje niewyczerpanym \u017ar\u00f3d\u0142em inspiracji<\/strong>.<\/p>\n\n\n\n<h2 class=\"wp-block-heading\">Zasady projektowania w duchu ekologii<\/h2>\n\n\n\n<p>Coraz wi\u0119cej os\u00f3b, urz\u0105dzaj\u0105c swoje mieszkania, si\u0119ga po <strong>ekologiczne rozwi\u0105zania<\/strong>. Nic dziwnego \u2013 \u0142\u0105cz\u0105 one estetyk\u0119 z trosk\u0105 o \u015brodowisko. W duchu eko stawiamy na <strong>naturalne surowce<\/strong>, <strong>minimalizm<\/strong> i <strong>prostot\u0119 formy<\/strong>. Efekt? <strong>Stylowe, funkcjonalne i przyjazne dla planety przestrzenie<\/strong>.<\/p>\n\n\n\n<p>Styl eko to jednak nie tylko wygl\u0105d. To przede wszystkim <strong>\u015bwiadome wybory<\/strong> \u2013 od energooszcz\u0119dnych technologii po rezygnacj\u0119 z nadmiaru przedmiot\u00f3w. Dla tych, kt\u00f3rzy chc\u0105 \u017cy\u0107 bli\u017cej natury, nie rezygnuj\u0105c z komfortu i estetyki, to rozwi\u0105zanie idealne.<\/p>\n\n\n\n<h3 class=\"wp-block-heading\">Recykling i upcykling w aran\u017cacji wn\u0119trz<\/h3>\n\n\n\n<p>W ekologicznych wn\u0119trzach <strong>recykling<\/strong> i <strong>upcykling<\/strong> to nie tylko modne has\u0142a, ale konkretne dzia\u0142ania, kt\u00f3re maj\u0105 realny wp\u0142yw na \u015brodowisko. Ich celem jest <strong>nadawanie nowego \u017cycia przedmiotom<\/strong>, kt\u00f3re ju\u017c posiadamy \u2013 zamiast kupowa\u0107 nowe.<\/p>\n\n\n\n<p>Oto kilka inspiruj\u0105cych przyk\u0142ad\u00f3w kreatywnego wykorzystania starych przedmiot\u00f3w:<\/p>\n\n\n\n<ul class=\"wp-block-list\">\n<li><strong>Stara drabina<\/strong> jako oryginalna p\u00f3\u0142ka na ksi\u0105\u017cki lub ro\u015bliny.<\/li>\n\n\n\n<li><strong>Drewniane skrzynki po owocach<\/strong> przekszta\u0142cone w funkcjonalny rega\u0142.<\/li>\n\n\n\n<li><strong>Zu\u017cyte palety<\/strong> jako baza pod stolik kawowy lub \u0142\u00f3\u017cko.<\/li>\n\n\n\n<li><strong>Szklane s\u0142oiki<\/strong> jako pojemniki na przyprawy lub lampiony.<\/li>\n<\/ul>\n\n\n\n<p>Takie podej\u015bcie nie tylko <strong>ogranicza ilo\u015b\u0107 odpad\u00f3w<\/strong>, ale r\u00f3wnie\u017c <strong>dodaje wn\u0119trzom charakteru, autentyczno\u015bci i kreatywno\u015bci<\/strong>. Bo przecie\u017c ekologia mo\u017ce by\u0107 tak\u017ce wyrazem artystycznej ekspresji.<\/p>\n\n\n\n<h3 class=\"wp-block-heading\">Meble z odzysku i litego drewna: trwa\u0142o\u015b\u0107 i styl<\/h3>\n\n\n\n<p><strong>Meble z odzysku<\/strong> oraz te wykonane z <strong>litego drewna<\/strong> to prawdziwe pere\u0142ki zr\u00f3wnowa\u017conego designu. S\u0105 <strong>trwa\u0142e, estetyczne i unikalne<\/strong> \u2013 cz\u0119sto wystarczy je odnowi\u0107, by zn\u00f3w zachwyca\u0142y, bez potrzeby produkowania nowych.<\/p>\n\n\n\n<p>Styl vintage, kt\u00f3ry cz\u0119sto towarzyszy takim meblom, wnosi do wn\u0119trz <strong>ciep\u0142o, autentyczno\u015b\u0107 i nut\u0119 nostalgii<\/strong>. Wybieraj\u0105c takie elementy, zyskujemy znacznie wi\u0119cej ni\u017c tylko wyposa\u017cenie:<\/p>\n\n\n\n<ul class=\"wp-block-list\">\n<li><strong>Inwestujemy w jako\u015b\u0107 i d\u0142ugowieczno\u015b\u0107<\/strong>.<\/li>\n\n\n\n<li><strong>Chronimy \u015brodowisko, ograniczaj\u0105c produkcj\u0119 nowych mebli<\/strong>.<\/li>\n\n\n\n<li><strong>Tworzymy wn\u0119trza z dusz\u0105 i histori\u0105<\/strong>.<\/li>\n\n\n\n<li><strong>Wspieramy ide\u0119 zr\u00f3wnowa\u017conego rozwoju<\/strong>.<\/li>\n<\/ul>\n\n\n\n<p><strong>To wyb\u00f3r, kt\u00f3ry si\u0119 op\u0142aca \u2013 nam, naszym wn\u0119trzom i ca\u0142ej planecie<\/strong>.<\/p>\n\n\n\n<h3 class=\"wp-block-heading\">Filozofia zero waste w projektowaniu wn\u0119trz<\/h3>\n\n\n\n<p><strong>Zero waste<\/strong> to nie tylko trend, ale <strong>filozofia \u017cycia<\/strong>, kt\u00f3ra zmienia nasze podej\u015bcie do projektowania i codziennych wybor\u00f3w. Jej g\u0142\u00f3wnym celem jest <strong>maksymalne wykorzystanie dost\u0119pnych zasob\u00f3w<\/strong> i <strong>ograniczenie marnotrawstwa<\/strong>.<\/p>\n\n\n\n<p>W praktyce oznacza to:<\/p>\n\n\n\n<ul class=\"wp-block-list\">\n<li><strong>Wyb\u00f3r trwa\u0142ych i solidnych materia\u0142\u00f3w<\/strong>, kt\u00f3re pos\u0142u\u017c\u0105 przez lata.<\/li>\n\n\n\n<li><strong>Unikanie zb\u0119dnych zakup\u00f3w<\/strong> i impulsywnego konsumpcjonizmu.<\/li>\n\n\n\n<li><strong>Kreatywne wykorzystanie resztek<\/strong> \u2013 np. tkaniny jako poszewki na poduszki, kawa\u0142ki drewna jako dekoracje \u015bcienne.<\/li>\n\n\n\n<li><strong>Naprawianie i przerabianie<\/strong> zamiast wyrzucania.<\/li>\n<\/ul>\n\n\n\n<p>To podej\u015bcie nie tylko <strong>chroni \u015brodowisko<\/strong>, ale r\u00f3wnie\u017c <strong>inspiruje do bardziej \u015bwiadomego i odpowiedzialnego \u017cycia<\/strong>. Bo ka\u017cdy z nas mo\u017ce projektowa\u0107 z my\u015bl\u0105 o przysz\u0142o\u015bci \u2013 i robi\u0107 to w pi\u0119knym stylu.<\/p>\n\n\n\n<figure class=\"wp-block-image size-full\"><a href=\"https:\/\/proplo.pl\/profile\/yubel-studio\/projekt\/wnetrze-w-kadrze-przestrzen-gotowa-na-zblizenie-1364\"><img loading=\"lazy\" decoding=\"async\" width=\"1200\" height=\"800\" src=\"https:\/\/proplo.pl\/blog\/wp-content\/uploads\/2025\/08\/styl-ekologiczny-we-wnetrzach.png\" alt=\"Wn\u0119trze w stylu japandi i skandynawskim z drewnianymi meblami\" class=\"wp-image-1296\" srcset=\"https:\/\/proplo.pl\/blog\/wp-content\/uploads\/2025\/08\/styl-ekologiczny-we-wnetrzach.png 1200w, https:\/\/proplo.pl\/blog\/wp-content\/uploads\/2025\/08\/styl-ekologiczny-we-wnetrzach-300x200.png 300w, https:\/\/proplo.pl\/blog\/wp-content\/uploads\/2025\/08\/styl-ekologiczny-we-wnetrzach-768x512.png 768w, https:\/\/proplo.pl\/blog\/wp-content\/uploads\/2025\/08\/styl-ekologiczny-we-wnetrzach-1024x683.png 1024w, https:\/\/proplo.pl\/blog\/wp-content\/uploads\/2025\/08\/styl-ekologiczny-we-wnetrzach-480x320.png 480w\" sizes=\"auto, (max-width: 1200px) 100vw, 1200px\" \/><\/a><figcaption class=\"wp-element-caption\">Projekt: <a href=\"https:\/\/proplo.pl\/profile\/yubel-studio\">Yubel Studio<\/a><\/figcaption><\/figure>\n\n\n\n<h2 class=\"wp-block-heading\">Ro\u015bliny i \u015bwiat\u0142o jako elementy biofilne<\/h2>\n\n\n\n<p><strong>\u017bywe ro\u015bliny<\/strong> i <strong>naturalne \u015bwiat\u0142o<\/strong> to znacznie wi\u0119cej ni\u017c tylko dekoracja wn\u0119trza \u2014 w aran\u017cacjach inspirowanych natur\u0105 stanowi\u0105 one <strong>fundament dobrego samopoczucia<\/strong>. Ziele\u0144 doniczkowa nie tylko oczyszcza powietrze, ale r\u00f3wnie\u017c wnosi do przestrzeni <strong>\u015bwie\u017co\u015b\u0107, harmoni\u0119 i poczucie spokoju<\/strong>. Ich obecno\u015b\u0107:<\/p>\n\n\n\n<ul class=\"wp-block-list\">\n<li><strong>Koi nerwy<\/strong> i redukuje stres,<\/li>\n\n\n\n<li><strong>Poprawia koncentracj\u0119<\/strong> i efektywno\u015b\u0107,<\/li>\n\n\n\n<li>Tworzy przyjazne, estetyczne otoczenie,<\/li>\n\n\n\n<li>Wp\u0142ywa pozytywnie na og\u00f3lne samopoczucie.<\/li>\n<\/ul>\n\n\n\n<p><strong>\u015awiat\u0142o dzienne<\/strong> odgrywa r\u00f3wnie istotn\u0105 rol\u0119. W ekologicznych wn\u0119trzach staje si\u0119 ono <strong>kluczowym elementem aran\u017cacji<\/strong>. Dzi\u0119ki odpowiednim rozwi\u0105zaniom mo\u017cna maksymalnie wykorzysta\u0107 jego potencja\u0142:<\/p>\n\n\n\n<ul class=\"wp-block-list\">\n<li>Du\u017ce przeszklenia wpuszczaj\u0105 wi\u0119cej \u015bwiat\u0142a,<\/li>\n\n\n\n<li>Jasne kolory \u015bcian odbijaj\u0105 promienie s\u0142oneczne,<\/li>\n\n\n\n<li>Lustra rozmieszczone strategicznie pot\u0119guj\u0105 efekt naturalnego o\u015bwietlenia.<\/li>\n<\/ul>\n\n\n\n<p>To nie tylko spos\u00f3b na <strong>oszcz\u0119dno\u015b\u0107 energii<\/strong>, ale r\u00f3wnie\u017c na <strong>lepszy nastr\u00f3j i zdrowszy rytm dobowy<\/strong>. Przyk\u0142ad? W mieszkaniach z ekspozycj\u0105 po\u0142udniow\u0105 mo\u017cna ograniczy\u0107 u\u017cycie sztucznego \u015bwiat\u0142a nawet o <strong>50%<\/strong>.<\/p>\n\n\n\n<p>Po\u0142\u0105czenie ro\u015blin i \u015bwiat\u0142a naturalnego to co\u015b wi\u0119cej ni\u017c modny trend \u2014 to <strong>\u015bwiadomy wyb\u00f3r dla zdrowia, estetyki i \u015brodowiska<\/strong>. Co przyniesie przysz\u0142o\u015b\u0107? By\u0107 mo\u017ce:<\/p>\n\n\n\n<ul class=\"wp-block-list\">\n<li><strong>Inteligentne systemy \u015bwietlne<\/strong> dostosowuj\u0105ce si\u0119 do pory dnia,<\/li>\n\n\n\n<li><strong>Sezonowe ogrody wertykalne<\/strong> w ka\u017cdym mieszkaniu,<\/li>\n\n\n\n<li>Jeszcze wi\u0119ksza integracja natury z technologi\u0105.<\/li>\n<\/ul>\n\n\n\n<p>Jedno jest pewne: <strong>zaproszenie natury do domu to zawsze strza\u0142 w dziesi\u0105tk\u0119<\/strong>.<\/p>\n\n\n\n<h2 class=\"wp-block-heading\">Ekologiczne rozwi\u0105zania technologiczne<\/h2>\n\n\n\n<p>Coraz wi\u0119cej os\u00f3b zwraca uwag\u0119 na wp\u0142yw codziennych wybor\u00f3w na \u015brodowisko. Dlatego <strong>ekologiczne rozwi\u0105zania technologiczne<\/strong> przestaj\u0105 by\u0107 jedynie modnym trendem \u2014 staj\u0105 si\u0119 <strong>nieodzownym elementem nowoczesnych dom\u00f3w<\/strong>. Kluczowym aspektem jest <strong>energooszcz\u0119dno\u015b\u0107<\/strong>, kt\u00f3ra \u0142\u0105czy w sobie trosk\u0119 o planet\u0119 z realnymi oszcz\u0119dno\u015bciami w domowym bud\u017cecie. To po\u0142\u0105czenie ekologii i ekonomii w praktyce.<\/p>\n\n\n\n<p>Jednym z filar\u00f3w tego podej\u015bcia jest <strong>technologia smart home<\/strong>, kt\u00f3ra umo\u017cliwia inteligentne zarz\u0105dzanie zu\u017cyciem energii i wody. Dzi\u0119ki systemom automatyki domowej, zgodnym z ide\u0105 zr\u00f3wnowa\u017conego rozwoju, mo\u017cliwe jest bie\u017c\u0105ce monitorowanie i optymalizacja wykorzystania zasob\u00f3w. Przyk\u0142adem s\u0105 <strong>inteligentne termostaty<\/strong>, kt\u00f3re analizuj\u0105 codzienne nawyki domownik\u00f3w i automatycznie dostosowuj\u0105 temperatur\u0119 w pomieszczeniach.<\/p>\n\n\n\n<p><strong>Efekty wdro\u017cenia smart home:<\/strong><\/p>\n\n\n\n<ul class=\"wp-block-list\">\n<li><strong>Ni\u017csze zu\u017cycie energii<\/strong> \u2014 dzi\u0119ki precyzyjnemu dostosowaniu parametr\u00f3w do rzeczywistych potrzeb.<\/li>\n\n\n\n<li><strong>Wi\u0119kszy komfort<\/strong> \u2014 systemy dzia\u0142aj\u0105 automatycznie, bez konieczno\u015bci r\u0119cznego sterowania.<\/li>\n\n\n\n<li><strong>Mniej zmartwie\u0144<\/strong> \u2014 technologia dba o optymalne warunki w domu.<\/li>\n<\/ul>\n\n\n\n<p>Nie mo\u017cna te\u017c pomin\u0105\u0107 znaczenia <strong>energooszcz\u0119dnego o\u015bwietlenia<\/strong>. Wprowadzenie nowoczesnych rozwi\u0105za\u0144, takich jak:<\/p>\n\n\n\n<ul class=\"wp-block-list\">\n<li>technologia LED,<\/li>\n\n\n\n<li>czujniki ruchu,<\/li>\n\n\n\n<li>systemy reaguj\u0105ce na \u015bwiat\u0142o dzienne,<\/li>\n\n\n\n<li>automatyczne harmonogramy o\u015bwietlenia,<\/li>\n<\/ul>\n\n\n\n<p>to proste, a zarazem skuteczne sposoby na ograniczenie zu\u017cycia pr\u0105du. Styl eko zach\u0119ca do takich zmian, pokazuj\u0105c, \u017ce <strong>nawet drobne decyzje \u2014 jak wymiana tradycyjnych \u017car\u00f3wek \u2014 maj\u0105 realne znaczenie<\/strong>. Zar\u00f3wno dla \u015brodowiska, jak i dla naszego portfela.<\/p>\n\n\n\n<p><strong>A co przyniesie przysz\u0142o\u015b\u0107?<\/strong> Warto si\u0119 nad tym zastanowi\u0107. Ju\u017c dzi\u015b m\u00f3wi si\u0119 o <strong>autonomicznych systemach<\/strong>, kt\u00f3re b\u0119d\u0105 samodzielnie wykrywa\u0107 i naprawia\u0107 energetyczne niedoskona\u0142o\u015bci w domach. To nie science fiction \u2014 to kierunek, w kt\u00f3rym zmierza nowoczesna technologia.<\/p>\n\n\n\n<p><strong>Jedno jest pewne:<\/strong> technologia i ekologia coraz cz\u0119\u015bciej id\u0105 w parze. Ich wsp\u00f3\u0142dzia\u0142anie mo\u017ce sta\u0107 si\u0119 <strong>solidnym fundamentem \u015bwiadomego, zr\u00f3wnowa\u017conego stylu \u017cycia<\/strong>.<\/p>\n\n\n\n<figure class=\"wp-block-image size-full\"><a href=\"https:\/\/proplo.pl\/profile\/dkjc-architektura\/projekt\/strefa-dzienna-polaczenie-tradycji-z-nowoczesnoscia-1573\"><img loading=\"lazy\" decoding=\"async\" width=\"1200\" height=\"800\" src=\"https:\/\/proplo.pl\/blog\/wp-content\/uploads\/2025\/08\/styl-ekologiczny-w-aranzacji-wnetrz.png\" alt=\"Wn\u0119trze salonu w stylu boho i rustykalnym z jasn\u0105 sof\u0105 i ro\u015blinami.\" class=\"wp-image-1294\" srcset=\"https:\/\/proplo.pl\/blog\/wp-content\/uploads\/2025\/08\/styl-ekologiczny-w-aranzacji-wnetrz.png 1200w, https:\/\/proplo.pl\/blog\/wp-content\/uploads\/2025\/08\/styl-ekologiczny-w-aranzacji-wnetrz-300x200.png 300w, https:\/\/proplo.pl\/blog\/wp-content\/uploads\/2025\/08\/styl-ekologiczny-w-aranzacji-wnetrz-768x512.png 768w, https:\/\/proplo.pl\/blog\/wp-content\/uploads\/2025\/08\/styl-ekologiczny-w-aranzacji-wnetrz-1024x683.png 1024w, https:\/\/proplo.pl\/blog\/wp-content\/uploads\/2025\/08\/styl-ekologiczny-w-aranzacji-wnetrz-480x320.png 480w\" sizes=\"auto, (max-width: 1200px) 100vw, 1200px\" \/><\/a><figcaption class=\"wp-element-caption\">Projekt: <a href=\"https:\/\/proplo.pl\/profile\/dkjc-architektura\">DKJC architektura<\/a><\/figcaption><\/figure>\n\n\n\n<h2 class=\"wp-block-heading\">Dekoracje i dodatki w stylu eko<\/h2>\n\n\n\n<p>Coraz cz\u0119\u015bciej poszukujemy sposob\u00f3w, by nasze wn\u0119trza by\u0142y nie tylko estetyczne, ale r\u00f3wnie\u017c <strong>przyjazne \u015brodowisku<\/strong>. Styl eko to nie chwilowa moda, lecz <strong>\u015bwiadomy wyb\u00f3r<\/strong>, kt\u00f3ry \u0142\u0105czy pi\u0119kno z odpowiedzialno\u015bci\u0105. Kluczow\u0105 rol\u0119 odgrywaj\u0105 tu <strong>naturalne dodatki<\/strong>, wykonane z surowc\u00f3w takich jak drewno, wiklina czy ceramika. To w\u0142a\u015bnie one wprowadzaj\u0105 do domu <strong>ciep\u0142o, autentyczno\u015b\u0107 i niepowtarzalny klimat<\/strong>, jednocze\u015bnie wspieraj\u0105c ide\u0119 \u017cycia w zgodzie z natur\u0105.<\/p>\n\n\n\n<p>W stylu eko obowi\u0105zuje zasada: <strong>mniej znaczy wi\u0119cej<\/strong>. Zamiast zagraca\u0107 przestrze\u0144 przypadkowymi ozdobami, warto postawi\u0107 na <strong>przemy\u015blane i funkcjonalne wybory<\/strong>. Ka\u017cdy detal powinien by\u0107 nie tylko estetyczny, ale r\u00f3wnie\u017c <strong>trwa\u0142y i wykonany z poszanowaniem \u015brodowiska<\/strong>. Inwestuj\u0105c w ekologiczne akcesoria, wybieramy przedmioty, kt\u00f3re b\u0119d\u0105 nam s\u0142u\u017cy\u0107 przez lata \u2013 nie trac\u0105c przy tym ani funkcjonalno\u015bci, ani uroku. To podej\u015bcie, kt\u00f3re \u0142\u0105czy <strong>jako\u015b\u0107 z odpowiedzialno\u015bci\u0105<\/strong>.<\/p>\n\n\n\n<p><strong>Na co warto zwr\u00f3ci\u0107 uwag\u0119, wybieraj\u0105c eko dodatki?<\/strong><\/p>\n\n\n\n<ul class=\"wp-block-list\">\n<li><strong>\u015awiece sojowe<\/strong> \u2013 wykonane z naturalnego wosku, <strong>nie emituj\u0105 szkodliwych substancji<\/strong> podczas spalania i tworz\u0105 <strong>przytuln\u0105 atmosfer\u0119<\/strong> w pomieszczeniu.<\/li>\n\n\n\n<li><strong>Dodatki z trawy morskiej<\/strong> \u2013 kosze, maty czy os\u0142onki z tego <strong>odnawialnego materia\u0142u<\/strong> wprowadzaj\u0105 do wn\u0119trza <strong>lekko\u015b\u0107 i organiczny rytm<\/strong>. S\u0105 nie tylko praktyczne, ale r\u00f3wnie\u017c <strong>stylowe i trwa\u0142e<\/strong>.<\/li>\n<\/ul>\n\n\n\n<p>Wybieraj\u0105c dekoracje w duchu eko, warto spojrze\u0107 w przysz\u0142o\u015b\u0107. Jakie <strong>nowe, zr\u00f3wnowa\u017cone materia\u0142y<\/strong> pojawi\u0105 si\u0119 na rynku? Czy <strong>technologia<\/strong> pomo\u017ce nam jeszcze lepiej zbli\u017cy\u0107 si\u0119 do natury? Jedno jest pewne: <strong>zmierzamy w stron\u0119 wi\u0119kszej harmonii z otoczeniem<\/strong> i rosn\u0105cej odpowiedzialno\u015bci za \u015bwiat, kt\u00f3ry nas otacza. <strong>To kierunek, kt\u00f3ry warto obra\u0107<\/strong>.<\/p>\n\n\n\n<h2 class=\"wp-block-heading\">Inspiracje stylami pokrewnymi<\/h2>\n\n\n\n<p><strong>Marzysz o wn\u0119trzu w duchu eko?<\/strong> Warto wtedy si\u0119gn\u0105\u0107 po inspiracje z nurt\u00f3w, kt\u00f3re \u2013 podobnie jak styl ekologiczny \u2013 ceni\u0105 <strong>natur\u0119, prostot\u0119 i autentyczno\u015b\u0107<\/strong>. Skandynawska surowo\u015b\u0107 z domieszk\u0105 przytulno\u015bci, japo\u0144ska harmonia japandi, filozofia niedoskona\u0142o\u015bci wabi-sabi czy ciep\u0142o rustykalnych przestrzeni \u2013 ka\u017cdy z tych kierunk\u00f3w wnosi co\u015b unikalnego.<\/p>\n\n\n\n<p><strong>Wszystkie te style doskonale wpisuj\u0105 si\u0119 w ide\u0119 zr\u00f3wnowa\u017conego projektowania<\/strong>. Ich estetyka oferuje rozwi\u0105zania, kt\u00f3re s\u0105 nie tylko pi\u0119kne i funkcjonalne, ale przede wszystkim <strong>przyjazne \u015brodowisku<\/strong>.<\/p>\n\n\n\n<h3 class=\"wp-block-heading\">Styl skandynawski i jego wp\u0142yw na styl eko<\/h3>\n\n\n\n<p><strong><a href=\"https:\/\/proplo.pl\/style\/skandynawski\">Styl skandynawsk<\/a>i to mistrz prostoty i funkcjonalno\u015bci<\/strong>. Kojarzy si\u0119 z jasnymi, przestronnymi wn\u0119trzami, naturalnymi materia\u0142ami i blisko\u015bci\u0105 przyrody \u2013 czyli wszystkim, co bliskie sercu ka\u017cdego, kto ceni ekologiczne podej\u015bcie. Dominuj\u0105 tu biel, szaro\u015bci oraz subtelne pastele, kt\u00f3re <strong>optycznie powi\u0119kszaj\u0105 przestrze\u0144 i wprowadzaj\u0105 spok\u00f3j<\/strong>.<\/p>\n\n\n\n<p>W aran\u017cacjach inspirowanych Skandynawi\u0105 cz\u0119sto pojawiaj\u0105 si\u0119 elementy, kt\u00f3re \u0142\u0105cz\u0105 estetyk\u0119 z ekologiczn\u0105 \u015bwiadomo\u015bci\u0105:<\/p>\n\n\n\n<ul class=\"wp-block-list\">\n<li><strong>Drewno w naturalnym wyko\u0144czeniu<\/strong> \u2013 trwa\u0142e, odnawialne i przyjazne \u015brodowisku,<\/li>\n\n\n\n<li><strong>Tkaniny takie jak len czy bawe\u0142na<\/strong> \u2013 naturalne, oddychaj\u0105ce i biodegradowalne,<\/li>\n\n\n\n<li><strong>Proste formy z dusz\u0105 i charakterem<\/strong> \u2013 minimalizm z osobowo\u015bci\u0105.<\/li>\n<\/ul>\n\n\n\n<p>Cho\u0107 styl skandynawski bywa okre\u015blany jako ch\u0142odny, potrafi by\u0107 zaskakuj\u0105co przytulny. <strong>Ro\u015bliny doniczkowe, r\u0119cznie wykonane ozdoby, mi\u0119kkie pledy i poduszki<\/strong> tworz\u0105 ciep\u0142\u0105, domow\u0105 atmosfer\u0119. To doskona\u0142e t\u0142o dla <strong>ekologicznych dodatk\u00f3w i \u015bwiadomych wybor\u00f3w zakupowych<\/strong>.<\/p>\n\n\n\n<h3 class=\"wp-block-heading\">Japandi i wabi-sabi: minimalizm i naturalno\u015b\u0107<\/h3>\n\n\n\n<p><strong><a href=\"https:\/\/proplo.pl\/style\/japandi\">Japandi<\/a><\/strong> to harmonijne po\u0142\u0105czenie japo\u0144skiej dyscypliny z nordyck\u0105 prostot\u0105. Wn\u0119trza w tym stylu s\u0105 oszcz\u0119dne, ale nie surowe \u2013 ka\u017cdy element ma swoje miejsce i znaczenie, a ca\u0142o\u015b\u0107 emanuje <strong>spokojem i r\u00f3wnowag\u0105<\/strong>.<\/p>\n\n\n\n<p>Charakterystyczne cechy stylu japandi to:<\/p>\n\n\n\n<ul class=\"wp-block-list\">\n<li><strong>Stonowane, ziemiste barwy<\/strong> \u2013 inspirowane natur\u0105, sprzyjaj\u0105ce relaksowi,<\/li>\n\n\n\n<li><strong>Surowe drewno i ceramika o naturalnej fakturze<\/strong> \u2013 autentyczno\u015b\u0107 i prostota,<\/li>\n\n\n\n<li><strong>Tekstylia o wyrazistej strukturze<\/strong> \u2013 dodaj\u0105ce g\u0142\u0119bi i przytulno\u015bci.<\/li>\n<\/ul>\n\n\n\n<p><strong>Wabi-sabi<\/strong> to z kolei pochwa\u0142a niedoskona\u0142o\u015bci i przemijania. P\u0119kni\u0119ta misa, nier\u00f3wna powierzchnia sto\u0142u czy zmatowiona glazura \u2013 w tym stylu to nie wady, lecz <strong>dowody autentyczno\u015bci i historii<\/strong>. Wabi-sabi uczy, \u017ce <strong>pi\u0119kno tkwi w prostocie, a mniej znaczy wi\u0119cej<\/strong>.<\/p>\n\n\n\n<p>To podej\u015bcie doskonale wsp\u00f3\u0142gra z filozofi\u0105 eko \u2013 promuje <strong>szacunek do rzeczy, uwa\u017cno\u015b\u0107 i wyb\u00f3r jako\u015bci ponad ilo\u015b\u0107<\/strong>.<\/p>\n\n\n\n<h3 class=\"wp-block-heading\">Styl rustykalny jako \u017ar\u00f3d\u0142o eko-inspiracji<\/h3>\n\n\n\n<p><strong>Rustykalne wn\u0119trza to powr\u00f3t do korzeni<\/strong> \u2013 dos\u0142ownie i w przeno\u015bni. Inspirowane wiejskim \u017cyciem, pe\u0142ne s\u0105 <strong>naturalnych materia\u0142\u00f3w i ciep\u0142a<\/strong>, kt\u00f3rego nie da si\u0119 podrobi\u0107. Surowe drewno, kamie\u0144, ceg\u0142a czy r\u0119cznie formowana ceramika tworz\u0105 przestrze\u0144, w kt\u00f3rej po prostu chce si\u0119 by\u0107. I zosta\u0107 na d\u0142u\u017cej.<\/p>\n\n\n\n<p>W <a href=\"https:\/\/proplo.pl\/style\/rustykalny\">stylu rustykalnym<\/a> odnajdziesz elementy, kt\u00f3re \u0142\u0105cz\u0105 tradycj\u0119 z ekologiczn\u0105 \u015bwiadomo\u015bci\u0105:<\/p>\n\n\n\n<ul class=\"wp-block-list\">\n<li><strong>Meble z dusz\u0105<\/strong> \u2013 odziedziczone, odnowione lub wykonane z recyklingu,<\/li>\n\n\n\n<li><strong>Autentyczne, niefabrykowane materia\u0142y<\/strong> \u2013 naturalne i trwa\u0142e,<\/li>\n\n\n\n<li><strong>Nacisk na trwa\u0142o\u015b\u0107, funkcjonalno\u015b\u0107 i prostot\u0119<\/strong> \u2013 bez zb\u0119dnych ozdobnik\u00f3w.<\/li>\n<\/ul>\n\n\n\n<p>To styl, kt\u00f3ry <strong>nie pod\u0105\u017ca za trendami<\/strong>. Zamiast tego stawia na to, co <strong>ponadczasowe i bliskie cz\u0142owiekowi<\/strong>. Nawet je\u015bli mieszkasz w centrum miasta, rustykalna estetyka pozwoli Ci <strong>poczu\u0107 si\u0119 bli\u017cej natury<\/strong>. I w\u0142a\u015bnie dlatego tak dobrze wsp\u00f3\u0142gra z ide\u0105 ekologicznego \u017cycia \u2013 <strong>jest szczera, ciep\u0142a i prawdziwa. Bez udawania<\/strong>.<\/p>\n\n\n\n<figure class=\"wp-block-image size-full\"><a href=\"https:\/\/proplo.pl\/profile\/zimon-studio\/projekt\/office-design-1597\"><img loading=\"lazy\" decoding=\"async\" width=\"1200\" height=\"800\" src=\"https:\/\/proplo.pl\/blog\/wp-content\/uploads\/2025\/08\/styl-ekologiczny-projektowanie-wne\u0328trz.png\" alt=\"Wn\u0119trze jadalni z drewnianym sto\u0142em, pomara\u0144czowymi krzes\u0142ami i industrialnymi akcentami.\" class=\"wp-image-1293\" srcset=\"https:\/\/proplo.pl\/blog\/wp-content\/uploads\/2025\/08\/styl-ekologiczny-projektowanie-wne\u0328trz.png 1200w, https:\/\/proplo.pl\/blog\/wp-content\/uploads\/2025\/08\/styl-ekologiczny-projektowanie-wne\u0328trz-300x200.png 300w, https:\/\/proplo.pl\/blog\/wp-content\/uploads\/2025\/08\/styl-ekologiczny-projektowanie-wne\u0328trz-768x512.png 768w, https:\/\/proplo.pl\/blog\/wp-content\/uploads\/2025\/08\/styl-ekologiczny-projektowanie-wne\u0328trz-1024x683.png 1024w, https:\/\/proplo.pl\/blog\/wp-content\/uploads\/2025\/08\/styl-ekologiczny-projektowanie-wne\u0328trz-480x320.png 480w\" sizes=\"auto, (max-width: 1200px) 100vw, 1200px\" \/><\/a><figcaption class=\"wp-element-caption\">Projekt: <a href=\"https:\/\/proplo.pl\/profile\/zimon-studio\">Zimon Studio<\/a><\/figcaption><\/figure>\n\n\n\n<h2 class=\"wp-block-heading\">Styl ekologiczny w r\u00f3\u017cnych pomieszczeniach<\/h2>\n\n\n\n<p><strong>Styl eko to nie tylko trend \u2013 to \u015bwiadomy wyb\u00f3r<\/strong>, kt\u00f3ry mo\u017ce odmieni\u0107 ka\u017cde pomieszczenie w Twoim domu. Od salonu po sypialni\u0119, mo\u017cesz stworzy\u0107 przestrze\u0144, kt\u00f3ra nie tylko zachwyca estetyk\u0105, ale r\u00f3wnie\u017c wspiera \u015brodowisko i Twoje zdrowie. <strong>Naturalne materia\u0142y i zr\u00f3wnowa\u017cone rozwi\u0105zania<\/strong> sprawiaj\u0105, \u017ce dom staje si\u0119 miejscem harmonii \u2013 dos\u0142ownie i w przeno\u015bni.<\/p>\n\n\n\n<h3 class=\"wp-block-heading\">Salon w stylu eko: drewno, kolory ziemi i ro\u015bliny<\/h3>\n\n\n\n<p><a href=\"https:\/\/proplo.pl\/pomieszczenia\/salon\">Salon<\/a> w stylu eko to <strong>po\u0142\u0105czenie natury i komfortu<\/strong>. Tworz\u0105c tak\u0105 przestrze\u0144, warto postawi\u0107 na:<\/p>\n\n\n\n<ul class=\"wp-block-list\">\n<li><strong>Meble z litego drewna<\/strong> \u2013 trwa\u0142e, naturalne i ponadczasowe.<\/li>\n\n\n\n<li><strong>Tkaniny w kolorach ziemi<\/strong> \u2013 be\u017ce, zielenie i br\u0105zy wprowadzaj\u0105 spok\u00f3j i ciep\u0142o.<\/li>\n\n\n\n<li><strong>Ro\u015bliny doniczkowe<\/strong> \u2013 nie tylko dekoruj\u0105, ale te\u017c oczyszczaj\u0105 powietrze i poprawiaj\u0105 samopoczucie.<\/li>\n<\/ul>\n\n\n\n<p>Fikus w wiklinowej donicy czy papro\u0107 na p\u00f3\u0142ce to nie tylko ozdoby \u2013 to <strong>elementy, kt\u00f3re wprowadzaj\u0105 harmoni\u0119 i blisko\u015b\u0107 natury<\/strong>. Taki salon sprzyja relaksowi i pozwala odetchn\u0105\u0107 \u2013 nawet w centrum miasta.<\/p>\n\n\n\n<h3 class=\"wp-block-heading\">Kuchnia w stylu eko: naturalne materia\u0142y i AGD<\/h3>\n\n\n\n<p>W kuchni styl eko \u0142\u0105czy <strong>funkcjonalno\u015b\u0107 z trosk\u0105 o \u015brodowisko<\/strong>. Kluczowe elementy to:<\/p>\n\n\n\n<ul class=\"wp-block-list\">\n<li><strong>Blaty z drewna lub kamienia<\/strong> \u2013 trwa\u0142e i naturalne powierzchnie robocze.<\/li>\n\n\n\n<li><strong>Fronty z materia\u0142\u00f3w z recyklingu<\/strong> \u2013 estetyczne i odpowiedzialne ekologicznie.<\/li>\n\n\n\n<li><strong>R\u0119cznie robiona ceramika<\/strong> \u2013 dodaje autentyczno\u015bci i unikalnego charakteru.<\/li>\n\n\n\n<li><strong>Energooszcz\u0119dne urz\u0105dzenia AGD<\/strong> \u2013 lod\u00f3wki, zmywarki i piekarniki z wysok\u0105 klas\u0105 energetyczn\u0105 pomagaj\u0105 oszcz\u0119dza\u0107 energi\u0119 i pieni\u0105dze.<\/li>\n<\/ul>\n\n\n\n<p>Taka <a href=\"https:\/\/proplo.pl\/pomieszczenia\/kuchnia\">kuchnia<\/a> nie tylko inspiruje do gotowania, ale te\u017c <strong>uczy \u015bwiadomego podej\u015bcia do codziennych wybor\u00f3w<\/strong>.<\/p>\n\n\n\n<h3 class=\"wp-block-heading\">\u0141azienka w stylu eko: oszcz\u0119dno\u015b\u0107 wody i prostota<\/h3>\n\n\n\n<p>Ekologiczna <a href=\"https:\/\/proplo.pl\/pomieszczenia\/lazienka\">\u0142azienka<\/a> to <strong>minimalizm, funkcjonalno\u015b\u0107 i dba\u0142o\u015b\u0107 o zasoby<\/strong>. Warto zastosowa\u0107:<\/p>\n\n\n\n<ul class=\"wp-block-list\">\n<li><strong>Baterie z ogranicznikiem przep\u0142ywu<\/strong> \u2013 zmniejszaj\u0105 zu\u017cycie wody bez utraty komfortu.<\/li>\n\n\n\n<li><strong>Prysznic z napowietrzaczem<\/strong> \u2013 oszcz\u0119dza wod\u0119, zwi\u0119kszaj\u0105c jednocze\u015bnie obj\u0119to\u015b\u0107 strumienia.<\/li>\n\n\n\n<li><strong>Toaleta z podw\u00f3jnym sp\u0142ukiwaniem<\/strong> \u2013 pozwala dostosowa\u0107 ilo\u015b\u0107 zu\u017cywanej wody do potrzeb.<\/li>\n\n\n\n<li><strong>Naturalne dodatki<\/strong> \u2013 bambusowe akcesoria, kamienne umywalki, lniane r\u0119czniki tworz\u0105 sp\u00f3jn\u0105, przyjazn\u0105 atmosfer\u0119.<\/li>\n<\/ul>\n\n\n\n<p>To przestrze\u0144, w kt\u00f3rej <strong>codzienne rytua\u0142y staj\u0105 si\u0119 bardziej \u015bwiadome i ekologiczne<\/strong>.<\/p>\n\n\n\n<h3 class=\"wp-block-heading\">Sypialnia w stylu eko: komfort i zdrowy sen<\/h3>\n\n\n\n<p><a href=\"https:\/\/proplo.pl\/pomieszczenia\/sypialnia\">Sypialnia<\/a> w stylu eko to <strong>przestrze\u0144 regeneracji i spokoju<\/strong>. Kluczowe elementy to:<\/p>\n\n\n\n<ul class=\"wp-block-list\">\n<li><strong>Materac z ekologicznym wype\u0142nieniem<\/strong> \u2013 zapewnia komfort i zdrowy sen.<\/li>\n\n\n\n<li><strong>Po\u015bciel z organicznej bawe\u0142ny<\/strong> \u2013 delikatna dla sk\u00f3ry i przyjazna dla \u015brodowiska.<\/li>\n\n\n\n<li><strong>Zas\u0142ony z lnu<\/strong> \u2013 naturalne, przewiewne i estetyczne.<\/li>\n\n\n\n<li><strong>Unikanie syntetyk\u00f3w i sztucznych barwnik\u00f3w<\/strong> \u2013 poprawia jako\u015b\u0107 powietrza i wp\u0142ywa korzystnie na zdrowie.<\/li>\n<\/ul>\n\n\n\n<p>To miejsce, kt\u00f3re <strong>troszczy si\u0119 o Ciebie ka\u017cdej nocy<\/strong>, oferuj\u0105c g\u0142\u0119boki, koj\u0105cy sen w harmonii z natur\u0105.<\/p>\n\n\n\n<figure class=\"wp-block-image size-full\"><a href=\"https:\/\/proplo.pl\/profile\/soft-studio\/projekt\/moniuszki-krakow-1219\"><img loading=\"lazy\" decoding=\"async\" width=\"1200\" height=\"800\" src=\"https:\/\/proplo.pl\/blog\/wp-content\/uploads\/2025\/08\/styl-ekologiczny-mieszkanie.png\" alt=\"Kuchnia w stylu eklektycznym z drewnianymi meblami i zielonym blatem, vintage i soft minimalizm.\" class=\"wp-image-1292\" srcset=\"https:\/\/proplo.pl\/blog\/wp-content\/uploads\/2025\/08\/styl-ekologiczny-mieszkanie.png 1200w, https:\/\/proplo.pl\/blog\/wp-content\/uploads\/2025\/08\/styl-ekologiczny-mieszkanie-300x200.png 300w, https:\/\/proplo.pl\/blog\/wp-content\/uploads\/2025\/08\/styl-ekologiczny-mieszkanie-768x512.png 768w, https:\/\/proplo.pl\/blog\/wp-content\/uploads\/2025\/08\/styl-ekologiczny-mieszkanie-1024x683.png 1024w, https:\/\/proplo.pl\/blog\/wp-content\/uploads\/2025\/08\/styl-ekologiczny-mieszkanie-480x320.png 480w\" sizes=\"auto, (max-width: 1200px) 100vw, 1200px\" \/><\/a><figcaption class=\"wp-element-caption\">Projekt: <a href=\"https:\/\/proplo.pl\/profile\/soft-studio\">Soft Studio<\/a><\/figcaption><\/figure>\n\n\n\n<h2 class=\"wp-block-heading\">Podsumowanie: jak urz\u0105dzi\u0107 wn\u0119trze w stylu eko?<\/h2>\n\n\n\n<p><strong>Styl eko to nie tylko modny trend \u2014 to \u015bwiadomy wyb\u00f3r<\/strong>, kt\u00f3ry odzwierciedla trosk\u0119 o \u015brodowisko i pragnienie \u017cycia w zgodzie z natur\u0105. Opiera si\u0119 na autentyczno\u015bci, wykorzystaniu <strong>naturalnych materia\u0142\u00f3w<\/strong>, takich jak drewno, len, glina czy rattan, oraz na <strong>przemy\u015blanych decyzjach<\/strong>, kt\u00f3re maj\u0105 znaczenie nie tylko dla nas, ale i dla przysz\u0142ych pokole\u0144.<\/p>\n\n\n\n<p><strong>Wybieraj\u0105c ekologiczne rozwi\u0105zania, inwestujesz nie tylko w estetyk\u0119 wn\u0119trza, ale tak\u017ce w lepszy \u015bwiat.<\/strong> Czy technologia mo\u017ce jeszcze bardziej zbli\u017cy\u0107 nas do natury? To pytanie otwiera drzwi do nowych inspiracji i bardziej zr\u00f3wnowa\u017conego stylu \u017cycia.<\/p>\n\n\n\n<h3 class=\"wp-block-heading\">Praktyczne wskaz\u00f3wki i najwa\u017cniejsze zasady<\/h3>\n\n\n\n<p>Marzysz o wn\u0119trzu w duchu eko? Zacznij od kilku prostych, ale kluczowych zasad. <strong>Nie musisz zmienia\u0107 wszystkiego od razu \u2014 liczy si\u0119 kierunek i konsekwencja.<\/strong><\/p>\n\n\n\n<ul class=\"wp-block-list\">\n<li><strong>Jako\u015b\u0107 ponad ilo\u015b\u0107<\/strong> \u2014 zamiast kilku tanich mebli, postaw na jeden solidny mebel z litego drewna, kt\u00f3ry pos\u0142u\u017cy przez lata.<\/li>\n\n\n\n<li><strong>Naturalne tkaniny<\/strong> \u2014 wybieraj bawe\u0142n\u0119 organiczn\u0105, len, we\u0142n\u0119 czy rattan. S\u0105 trwa\u0142e, zdrowe i estetyczne.<\/li>\n\n\n\n<li><strong>Minimalizm<\/strong> \u2014 mniej dekoracji to wi\u0119cej przestrzeni, \u015bwiat\u0142a i spokoju we wn\u0119trzu.<\/li>\n\n\n\n<li><strong>Recykling i upcykling<\/strong> \u2014 stare przedmioty z dusz\u0105 mog\u0105 nada\u0107 wn\u0119trzu niepowtarzalny charakter. Odnawianie mebli to nie tylko ekologiczne dzia\u0142anie, ale te\u017c \u015bwietna zabawa.<\/li>\n<\/ul>\n\n\n\n<h3 class=\"wp-block-heading\">Styl eko jako \u015bwiadomy wyb\u00f3r na lata<\/h3>\n\n\n\n<p><strong>Styl eko to co\u015b wi\u0119cej ni\u017c estetyka \u2014 to postawa \u017cyciowa.<\/strong> Wybieraj\u0105c go, m\u00f3wisz: \u201eZale\u017cy mi\u201d. Wspierasz lokalnych tw\u00f3rc\u00f3w, ograniczasz nadmiern\u0105 konsumpcj\u0119 i uczysz si\u0119 cieszy\u0107 tym, co ju\u017c masz. To podej\u015bcie, kt\u00f3re zostaje z Tob\u0105 na lata.<\/p>\n\n\n\n<p>Zamiast kupowa\u0107 nowe meble, <strong>warto da\u0107 drugie \u017cycie tym, kt\u00f3re ju\u017c masz<\/strong>. To rozwi\u0105zanie nie tylko ekologiczne, ale i ekonomiczne. <strong>Naturalne materia\u0142y z wiekiem zyskuj\u0105 na urodzie<\/strong> \u2014 starzej\u0105 si\u0119 z klas\u0105, nabieraj\u0105c charakteru.<\/p>\n\n\n\n<p>Chcesz p\u00f3j\u015b\u0107 o krok dalej? Zacznij od drobnych zmian, kt\u00f3re maj\u0105 realne znaczenie:<\/p>\n\n\n\n<ul class=\"wp-block-list\">\n<li><strong>Wymie\u0144 tradycyjne \u017car\u00f3wki na energooszcz\u0119dne<\/strong> \u2014 to prosty spos\u00f3b na zmniejszenie zu\u017cycia energii.<\/li>\n\n\n\n<li><strong>Ogranicz plastik<\/strong> w codziennym \u017cyciu \u2014 nawet ma\u0142e zmiany maj\u0105 du\u017cy wp\u0142yw na \u015brodowisko.<\/li>\n\n\n\n<li><strong>Wybieraj lokalne produkty<\/strong> \u2014 wspierasz w ten spos\u00f3b ma\u0142e firmy i rzemie\u015blnik\u00f3w.<\/li>\n\n\n\n<li><strong>Doceniaj to, co ju\u017c masz<\/strong> \u2014 styl eko to tak\u017ce umiej\u0119tno\u015b\u0107 \u017cycia w harmonii z otoczeniem.<\/li>\n<\/ul>\n\n\n\n<p><strong>Styl eko to nie tylko spos\u00f3b na urz\u0105dzenie mieszkania. To spos\u00f3b na \u017cycie \u2014 pe\u0142ne \u015bwiadomo\u015bci, szacunku i harmonii z natur\u0105.<\/strong> I w\u0142a\u015bnie dlatego warto go piel\u0119gnowa\u0107.<\/p>\n\n\n\n<hr class=\"wp-block-separator has-alpha-channel-opacity\"\/>\n\n\n\n<p><strong>\u0179r\u00f3d\u0142a:<\/strong><\/p>\n\n\n<ol class=\"wp-block-footnotes\"><li id=\"f4e38051-d7b0-463c-b95d-e46c876d5059\"><a href=\"https:\/\/pl.fsc.org\/pl-pl\/sprawdz-i-znajdz-certyfikat\">https:\/\/pl.fsc.org\/pl-pl\/sprawdz-i-znajdz-certyfikat<\/a> <a href=\"#f4e38051-d7b0-463c-b95d-e46c876d5059-link\" aria-label=\"Przejd\u017a do przypisu 1\">\u21a9\ufe0e<\/a><\/li><\/ol>\n\n\n<p><\/p>\n","protected":false},"excerpt":{"rendered":"<p>Styl eko w aran\u017cacji wn\u0119trz to harmonia z natur\u0105, zdrowe materia\u0142y i \u015bwiadome wybory na lata. Sprawd\u017a, jak urz\u0105dzi\u0107 dom w duchu ekologii.<\/p>\n","protected":false},"author":3,"featured_media":1295,"comment_status":"closed","ping_status":"closed","sticky":false,"template":"","format":"standard","meta":{"footnotes":"[{\"content\":\"<a href=\\\"https:\/\/pl.fsc.org\/pl-pl\/sprawdz-i-znajdz-certyfikat\\\">https:\/\/pl.fsc.org\/pl-pl\/sprawdz-i-znajdz-certyfikat<\/a>\",\"id\":\"f4e38051-d7b0-463c-b95d-e46c876d5059\"}]"},"categories":[12],"tags":[],"class_list":["post-1287","post","type-post","status-publish","format-standard","has-post-thumbnail","hentry","category-style"],"acf":[],"yoast_head":"<!-- This site is optimized with the Yoast SEO plugin v27.5 - https:\/\/yoast.com\/product\/yoast-seo-wordpress\/ -->\n<title>Styl ekologiczny w aran\u017cacji wn\u0119trz - Proplo<\/title>\n<meta name=\"description\" content=\"Styl eko w aran\u017cacji wn\u0119trz to harmonia z natur\u0105, zdrowe materia\u0142y i \u015bwiadome wybory na lata. Sprawd\u017a, jak urz\u0105dzi\u0107 dom w duchu ekologii.\" \/>\n<meta name=\"robots\" content=\"index, follow, max-snippet:-1, max-image-preview:large, max-video-preview:-1\" \/>\n<link rel=\"canonical\" href=\"https:\/\/proplo.pl\/blog\/styl-ekologiczny-aranzacja-wnetrz\/\" \/>\n<meta property=\"og:locale\" content=\"pl_PL\" \/>\n<meta property=\"og:type\" content=\"article\" \/>\n<meta property=\"og:title\" content=\"Styl ekologiczny w aran\u017cacji wn\u0119trz - Proplo\" \/>\n<meta property=\"og:description\" content=\"Styl eko w aran\u017cacji wn\u0119trz to harmonia z natur\u0105, zdrowe materia\u0142y i \u015bwiadome wybory na lata. Sprawd\u017a, jak urz\u0105dzi\u0107 dom w duchu ekologii.\" \/>\n<meta property=\"og:url\" content=\"https:\/\/proplo.pl\/blog\/styl-ekologiczny-aranzacja-wnetrz\/\" \/>\n<meta property=\"og:site_name\" content=\"Poradnik wn\u0119trzarski - Proplo\" \/>\n<meta property=\"article:published_time\" content=\"2025-08-30T15:15:20+00:00\" \/>\n<meta property=\"og:image\" content=\"https:\/\/proplo.pl\/blog\/wp-content\/uploads\/2025\/08\/styl-ekologiczny-w-mieszkaniu.png\" \/>\n\t<meta property=\"og:image:width\" content=\"1200\" \/>\n\t<meta property=\"og:image:height\" content=\"800\" \/>\n\t<meta property=\"og:image:type\" content=\"image\/png\" \/>\n<meta name=\"author\" content=\"Proplo\" \/>\n<meta name=\"twitter:card\" content=\"summary_large_image\" \/>\n<meta name=\"twitter:label1\" content=\"Napisane przez\" \/>\n\t<meta name=\"twitter:data1\" content=\"Proplo\" \/>\n\t<meta name=\"twitter:label2\" content=\"Szacowany czas czytania\" \/>\n\t<meta name=\"twitter:data2\" content=\"23 minuty\" \/>\n<script type=\"application\/ld+json\" class=\"yoast-schema-graph\">{\"@context\":\"https:\\\/\\\/schema.org\",\"@graph\":[{\"@type\":\"Article\",\"@id\":\"https:\\\/\\\/proplo.pl\\\/blog\\\/styl-ekologiczny-aranzacja-wnetrz\\\/#article\",\"isPartOf\":{\"@id\":\"https:\\\/\\\/proplo.pl\\\/blog\\\/styl-ekologiczny-aranzacja-wnetrz\\\/\"},\"author\":{\"name\":\"Proplo\",\"@id\":\"https:\\\/\\\/proplo.pl\\\/blog\\\/#\\\/schema\\\/person\\\/c13af99097d24e9fc2b86b838c0fd0e1\"},\"headline\":\"Styl ekologiczny w aran\u017cacji wn\u0119trz\",\"datePublished\":\"2025-08-30T15:15:20+00:00\",\"mainEntityOfPage\":{\"@id\":\"https:\\\/\\\/proplo.pl\\\/blog\\\/styl-ekologiczny-aranzacja-wnetrz\\\/\"},\"wordCount\":4258,\"image\":{\"@id\":\"https:\\\/\\\/proplo.pl\\\/blog\\\/styl-ekologiczny-aranzacja-wnetrz\\\/#primaryimage\"},\"thumbnailUrl\":\"https:\\\/\\\/proplo.pl\\\/blog\\\/wp-content\\\/uploads\\\/2025\\\/08\\\/styl-ekologiczny-w-mieszkaniu.png\",\"articleSection\":[\"Style\"],\"inLanguage\":\"pl-PL\"},{\"@type\":\"WebPage\",\"@id\":\"https:\\\/\\\/proplo.pl\\\/blog\\\/styl-ekologiczny-aranzacja-wnetrz\\\/\",\"url\":\"https:\\\/\\\/proplo.pl\\\/blog\\\/styl-ekologiczny-aranzacja-wnetrz\\\/\",\"name\":\"Styl ekologiczny w aran\u017cacji wn\u0119trz - Proplo\",\"isPartOf\":{\"@id\":\"https:\\\/\\\/proplo.pl\\\/blog\\\/#website\"},\"primaryImageOfPage\":{\"@id\":\"https:\\\/\\\/proplo.pl\\\/blog\\\/styl-ekologiczny-aranzacja-wnetrz\\\/#primaryimage\"},\"image\":{\"@id\":\"https:\\\/\\\/proplo.pl\\\/blog\\\/styl-ekologiczny-aranzacja-wnetrz\\\/#primaryimage\"},\"thumbnailUrl\":\"https:\\\/\\\/proplo.pl\\\/blog\\\/wp-content\\\/uploads\\\/2025\\\/08\\\/styl-ekologiczny-w-mieszkaniu.png\",\"datePublished\":\"2025-08-30T15:15:20+00:00\",\"author\":{\"@id\":\"https:\\\/\\\/proplo.pl\\\/blog\\\/#\\\/schema\\\/person\\\/c13af99097d24e9fc2b86b838c0fd0e1\"},\"description\":\"Styl eko w aran\u017cacji wn\u0119trz to harmonia z natur\u0105, zdrowe materia\u0142y i \u015bwiadome wybory na lata. Sprawd\u017a, jak urz\u0105dzi\u0107 dom w duchu ekologii.\",\"breadcrumb\":{\"@id\":\"https:\\\/\\\/proplo.pl\\\/blog\\\/styl-ekologiczny-aranzacja-wnetrz\\\/#breadcrumb\"},\"inLanguage\":\"pl-PL\",\"potentialAction\":[{\"@type\":\"ReadAction\",\"target\":[\"https:\\\/\\\/proplo.pl\\\/blog\\\/styl-ekologiczny-aranzacja-wnetrz\\\/\"]}]},{\"@type\":\"ImageObject\",\"inLanguage\":\"pl-PL\",\"@id\":\"https:\\\/\\\/proplo.pl\\\/blog\\\/styl-ekologiczny-aranzacja-wnetrz\\\/#primaryimage\",\"url\":\"https:\\\/\\\/proplo.pl\\\/blog\\\/wp-content\\\/uploads\\\/2025\\\/08\\\/styl-ekologiczny-w-mieszkaniu.png\",\"contentUrl\":\"https:\\\/\\\/proplo.pl\\\/blog\\\/wp-content\\\/uploads\\\/2025\\\/08\\\/styl-ekologiczny-w-mieszkaniu.png\",\"width\":1200,\"height\":800,\"caption\":\"Wn\u0119trze z eklektycznymi p\u00f3\u0142kami, ro\u015blinami i drewnianymi akcentami. Styl dopamine decor, industrialny, rustykalny, vintage.\"},{\"@type\":\"BreadcrumbList\",\"@id\":\"https:\\\/\\\/proplo.pl\\\/blog\\\/styl-ekologiczny-aranzacja-wnetrz\\\/#breadcrumb\",\"itemListElement\":[{\"@type\":\"ListItem\",\"position\":1,\"name\":\"Proplo\",\"item\":\"https:\\\/\\\/proplo.pl\"},{\"@type\":\"ListItem\",\"position\":2,\"name\":\"Poradnik wn\u0119trzarski\",\"item\":\"https:\\\/\\\/proplo.pl\\\/blog\\\/\"},{\"@type\":\"ListItem\",\"position\":3,\"name\":\"Styl ekologiczny w aran\u017cacji wn\u0119trz\"}]},{\"@type\":\"WebSite\",\"@id\":\"https:\\\/\\\/proplo.pl\\\/blog\\\/#website\",\"url\":\"https:\\\/\\\/proplo.pl\\\/blog\\\/\",\"name\":\"Blog Proplo\",\"description\":\"\",\"potentialAction\":[{\"@type\":\"SearchAction\",\"target\":{\"@type\":\"EntryPoint\",\"urlTemplate\":\"https:\\\/\\\/proplo.pl\\\/blog\\\/?s={search_term_string}\"},\"query-input\":{\"@type\":\"PropertyValueSpecification\",\"valueRequired\":true,\"valueName\":\"search_term_string\"}}],\"inLanguage\":\"pl-PL\"},{\"@type\":\"Person\",\"@id\":\"https:\\\/\\\/proplo.pl\\\/blog\\\/#\\\/schema\\\/person\\\/c13af99097d24e9fc2b86b838c0fd0e1\",\"name\":\"Proplo\",\"image\":{\"@type\":\"ImageObject\",\"inLanguage\":\"pl-PL\",\"@id\":\"https:\\\/\\\/secure.gravatar.com\\\/avatar\\\/176f908138148facd74b7d78fc677b53b24a54b63aacd8fc4e81a4da926e5f28?s=96&d=mm&r=g\",\"url\":\"https:\\\/\\\/secure.gravatar.com\\\/avatar\\\/176f908138148facd74b7d78fc677b53b24a54b63aacd8fc4e81a4da926e5f28?s=96&d=mm&r=g\",\"contentUrl\":\"https:\\\/\\\/secure.gravatar.com\\\/avatar\\\/176f908138148facd74b7d78fc677b53b24a54b63aacd8fc4e81a4da926e5f28?s=96&d=mm&r=g\",\"caption\":\"Proplo\"},\"url\":\"https:\\\/\\\/proplo.pl\\\/blog\\\/author\\\/r-marciniak\\\/\"}]}<\/script>\n<!-- \/ Yoast SEO plugin. -->","yoast_head_json":{"title":"Styl ekologiczny w aran\u017cacji wn\u0119trz - Proplo","description":"Styl eko w aran\u017cacji wn\u0119trz to harmonia z natur\u0105, zdrowe materia\u0142y i \u015bwiadome wybory na lata. Sprawd\u017a, jak urz\u0105dzi\u0107 dom w duchu ekologii.","robots":{"index":"index","follow":"follow","max-snippet":"max-snippet:-1","max-image-preview":"max-image-preview:large","max-video-preview":"max-video-preview:-1"},"canonical":"https:\/\/proplo.pl\/blog\/styl-ekologiczny-aranzacja-wnetrz\/","og_locale":"pl_PL","og_type":"article","og_title":"Styl ekologiczny w aran\u017cacji wn\u0119trz - Proplo","og_description":"Styl eko w aran\u017cacji wn\u0119trz to harmonia z natur\u0105, zdrowe materia\u0142y i \u015bwiadome wybory na lata. Sprawd\u017a, jak urz\u0105dzi\u0107 dom w duchu ekologii.","og_url":"https:\/\/proplo.pl\/blog\/styl-ekologiczny-aranzacja-wnetrz\/","og_site_name":"Poradnik wn\u0119trzarski - Proplo","article_published_time":"2025-08-30T15:15:20+00:00","og_image":[{"width":1200,"height":800,"url":"https:\/\/proplo.pl\/blog\/wp-content\/uploads\/2025\/08\/styl-ekologiczny-w-mieszkaniu.png","type":"image\/png"}],"author":"Proplo","twitter_card":"summary_large_image","twitter_misc":{"Napisane przez":"Proplo","Szacowany czas czytania":"23 minuty"},"schema":{"@context":"https:\/\/schema.org","@graph":[{"@type":"Article","@id":"https:\/\/proplo.pl\/blog\/styl-ekologiczny-aranzacja-wnetrz\/#article","isPartOf":{"@id":"https:\/\/proplo.pl\/blog\/styl-ekologiczny-aranzacja-wnetrz\/"},"author":{"name":"Proplo","@id":"https:\/\/proplo.pl\/blog\/#\/schema\/person\/c13af99097d24e9fc2b86b838c0fd0e1"},"headline":"Styl ekologiczny w aran\u017cacji wn\u0119trz","datePublished":"2025-08-30T15:15:20+00:00","mainEntityOfPage":{"@id":"https:\/\/proplo.pl\/blog\/styl-ekologiczny-aranzacja-wnetrz\/"},"wordCount":4258,"image":{"@id":"https:\/\/proplo.pl\/blog\/styl-ekologiczny-aranzacja-wnetrz\/#primaryimage"},"thumbnailUrl":"https:\/\/proplo.pl\/blog\/wp-content\/uploads\/2025\/08\/styl-ekologiczny-w-mieszkaniu.png","articleSection":["Style"],"inLanguage":"pl-PL"},{"@type":"WebPage","@id":"https:\/\/proplo.pl\/blog\/styl-ekologiczny-aranzacja-wnetrz\/","url":"https:\/\/proplo.pl\/blog\/styl-ekologiczny-aranzacja-wnetrz\/","name":"Styl ekologiczny w aran\u017cacji wn\u0119trz - Proplo","isPartOf":{"@id":"https:\/\/proplo.pl\/blog\/#website"},"primaryImageOfPage":{"@id":"https:\/\/proplo.pl\/blog\/styl-ekologiczny-aranzacja-wnetrz\/#primaryimage"},"image":{"@id":"https:\/\/proplo.pl\/blog\/styl-ekologiczny-aranzacja-wnetrz\/#primaryimage"},"thumbnailUrl":"https:\/\/proplo.pl\/blog\/wp-content\/uploads\/2025\/08\/styl-ekologiczny-w-mieszkaniu.png","datePublished":"2025-08-30T15:15:20+00:00","author":{"@id":"https:\/\/proplo.pl\/blog\/#\/schema\/person\/c13af99097d24e9fc2b86b838c0fd0e1"},"description":"Styl eko w aran\u017cacji wn\u0119trz to harmonia z natur\u0105, zdrowe materia\u0142y i \u015bwiadome wybory na lata. Sprawd\u017a, jak urz\u0105dzi\u0107 dom w duchu ekologii.","breadcrumb":{"@id":"https:\/\/proplo.pl\/blog\/styl-ekologiczny-aranzacja-wnetrz\/#breadcrumb"},"inLanguage":"pl-PL","potentialAction":[{"@type":"ReadAction","target":["https:\/\/proplo.pl\/blog\/styl-ekologiczny-aranzacja-wnetrz\/"]}]},{"@type":"ImageObject","inLanguage":"pl-PL","@id":"https:\/\/proplo.pl\/blog\/styl-ekologiczny-aranzacja-wnetrz\/#primaryimage","url":"https:\/\/proplo.pl\/blog\/wp-content\/uploads\/2025\/08\/styl-ekologiczny-w-mieszkaniu.png","contentUrl":"https:\/\/proplo.pl\/blog\/wp-content\/uploads\/2025\/08\/styl-ekologiczny-w-mieszkaniu.png","width":1200,"height":800,"caption":"Wn\u0119trze z eklektycznymi p\u00f3\u0142kami, ro\u015blinami i drewnianymi akcentami. Styl dopamine decor, industrialny, rustykalny, vintage."},{"@type":"BreadcrumbList","@id":"https:\/\/proplo.pl\/blog\/styl-ekologiczny-aranzacja-wnetrz\/#breadcrumb","itemListElement":[{"@type":"ListItem","position":1,"name":"Proplo","item":"https:\/\/proplo.pl"},{"@type":"ListItem","position":2,"name":"Poradnik wn\u0119trzarski","item":"https:\/\/proplo.pl\/blog\/"},{"@type":"ListItem","position":3,"name":"Styl ekologiczny w aran\u017cacji wn\u0119trz"}]},{"@type":"WebSite","@id":"https:\/\/proplo.pl\/blog\/#website","url":"https:\/\/proplo.pl\/blog\/","name":"Blog Proplo","description":"","potentialAction":[{"@type":"SearchAction","target":{"@type":"EntryPoint","urlTemplate":"https:\/\/proplo.pl\/blog\/?s={search_term_string}"},"query-input":{"@type":"PropertyValueSpecification","valueRequired":true,"valueName":"search_term_string"}}],"inLanguage":"pl-PL"},{"@type":"Person","@id":"https:\/\/proplo.pl\/blog\/#\/schema\/person\/c13af99097d24e9fc2b86b838c0fd0e1","name":"Proplo","image":{"@type":"ImageObject","inLanguage":"pl-PL","@id":"https:\/\/secure.gravatar.com\/avatar\/176f908138148facd74b7d78fc677b53b24a54b63aacd8fc4e81a4da926e5f28?s=96&d=mm&r=g","url":"https:\/\/secure.gravatar.com\/avatar\/176f908138148facd74b7d78fc677b53b24a54b63aacd8fc4e81a4da926e5f28?s=96&d=mm&r=g","contentUrl":"https:\/\/secure.gravatar.com\/avatar\/176f908138148facd74b7d78fc677b53b24a54b63aacd8fc4e81a4da926e5f28?s=96&d=mm&r=g","caption":"Proplo"},"url":"https:\/\/proplo.pl\/blog\/author\/r-marciniak\/"}]}},"_links":{"self":[{"href":"https:\/\/proplo.pl\/blog\/wp-json\/wp\/v2\/posts\/1287","targetHints":{"allow":["GET"]}}],"collection":[{"href":"https:\/\/proplo.pl\/blog\/wp-json\/wp\/v2\/posts"}],"about":[{"href":"https:\/\/proplo.pl\/blog\/wp-json\/wp\/v2\/types\/post"}],"author":[{"embeddable":true,"href":"https:\/\/proplo.pl\/blog\/wp-json\/wp\/v2\/users\/3"}],"replies":[{"embeddable":true,"href":"https:\/\/proplo.pl\/blog\/wp-json\/wp\/v2\/comments?post=1287"}],"version-history":[{"count":4,"href":"https:\/\/proplo.pl\/blog\/wp-json\/wp\/v2\/posts\/1287\/revisions"}],"predecessor-version":[{"id":1299,"href":"https:\/\/proplo.pl\/blog\/wp-json\/wp\/v2\/posts\/1287\/revisions\/1299"}],"wp:featuredmedia":[{"embeddable":true,"href":"https:\/\/proplo.pl\/blog\/wp-json\/wp\/v2\/media\/1295"}],"wp:attachment":[{"href":"https:\/\/proplo.pl\/blog\/wp-json\/wp\/v2\/media?parent=1287"}],"wp:term":[{"taxonomy":"category","embeddable":true,"href":"https:\/\/proplo.pl\/blog\/wp-json\/wp\/v2\/categories?post=1287"},{"taxonomy":"post_tag","embeddable":true,"href":"https:\/\/proplo.pl\/blog\/wp-json\/wp\/v2\/tags?post=1287"}],"curies":[{"name":"wp","href":"https:\/\/api.w.org\/{rel}","templated":true}]}}