{"id":1275,"date":"2025-08-29T21:43:09","date_gmt":"2025-08-29T20:43:09","guid":{"rendered":"https:\/\/proplo.pl\/blog\/?p=1275"},"modified":"2025-08-29T21:43:09","modified_gmt":"2025-08-29T20:43:09","slug":"jak-wspolpracowac-z-projektantem-wnetrz","status":"publish","type":"post","link":"https:\/\/proplo.pl\/blog\/jak-wspolpracowac-z-projektantem-wnetrz\/","title":{"rendered":"Jak wsp\u00f3\u0142pracowa\u0107 z projektantem wn\u0119trz?"},"content":{"rendered":"<div class=\"you-find-content\">\r\n    <div class=\"container-xl container-wrapper\">\r\n        <div class=\"row design\">\r\n            <div class=\"col-md-12 wrapper \">\r\n                <div class=\"title\"><p>Z tego artyku\u0142u dowiesz si\u0119:<\/p>\n<\/div>\r\n                <div class=\"grid-wrapper\">\r\n                                                        <div class=\"block-list\">\r\n                        <div class=\"number\">\r\n                            1                        <\/div>\r\n                        <div class=\"text\">\r\n                            <p>Jak przygotowa\u0107 si\u0119 do wsp\u00f3\u0142pracy z projektantem wn\u0119trz, by u\u0142atwi\u0107 proces projektowy?<\/p>\n                        <\/div>\r\n                    <\/div>\r\n                                        <div class=\"block-list\">\r\n                        <div class=\"number\">\r\n                            2                        <\/div>\r\n                        <div class=\"text\">\r\n                            <p>Jakie etapy obejmuje wsp\u00f3\u0142praca \u2013 od pierwszego spotkania po realizacj\u0119 i nadz\u00f3r?<\/p>\n                        <\/div>\r\n                    <\/div>\r\n                                        <div class=\"block-list\">\r\n                        <div class=\"number\">\r\n                            3                        <\/div>\r\n                        <div class=\"text\">\r\n                            <p>Jak skutecznie komunikowa\u0107 si\u0119 z projektantem, by unikn\u0105\u0107 nieporozumie\u0144?<\/p>\n                        <\/div>\r\n                    <\/div>\r\n                                        <div class=\"block-list\">\r\n                        <div class=\"number\">\r\n                            4                        <\/div>\r\n                        <div class=\"text\">\r\n                            <p>Na co zwr\u00f3ci\u0107 uwag\u0119 przy wyborze profesjonalnego projektanta wn\u0119trz?<\/p>\n                        <\/div>\r\n                    <\/div>\r\n                                                    <\/div>\r\n            <\/div>\r\n        <\/div>\r\n    <\/div>\r\n<\/div>\n\n\n<p>Wsp\u00f3\u0142praca z projektantem wn\u0119trz to znacznie wi\u0119cej ni\u017c tylko wyb\u00f3r koloru \u015bcian czy ustawienie mebli. To <strong>proces tw\u00f3rczy<\/strong>, kt\u00f3ry \u0142\u0105czy <strong>estetyk\u0119<\/strong>, <strong>funkcjonalno\u015b\u0107<\/strong> oraz <strong>Twoje indywidualne potrzeby<\/strong>. Efektem jest przestrze\u0144, kt\u00f3ra nie tylko wygl\u0105da dobrze, ale r\u00f3wnie\u017c wspiera Ci\u0119 w codziennym \u017cyciu. <strong>Wn\u0119trze to nie t\u0142o \u2014 to Twoja codzienno\u015b\u0107, Twoje miejsce<\/strong>.<\/p>\n\n\n\n<p>Podstaw\u0105 udanej wsp\u00f3\u0142pracy s\u0105:<\/p>\n\n\n\n<ul class=\"wp-block-list\">\n<li><strong>Zaufanie<\/strong> \u2014 pozwala projektantowi dzia\u0142a\u0107 swobodnie, z my\u015bl\u0105 o Twoim komforcie.<\/li>\n\n\n\n<li><strong>Otwarto\u015b\u0107<\/strong> \u2014 umo\u017cliwia wymian\u0119 pomys\u0142\u00f3w i inspiracji.<\/li>\n\n\n\n<li><strong>Dobra komunikacja<\/strong> \u2014 klucz do zrozumienia Twoich oczekiwa\u0144 i stylu \u017cycia.<\/li>\n<\/ul>\n\n\n\n<p>Im lepiej opowiesz o swoich potrzebach, tym \u0142atwiej projektant uchwyci Twoj\u0105 wizj\u0119. A kiedy zaczynacie m\u00f3wi\u0107 tym samym j\u0119zykiem, <strong>zaczyna si\u0119 prawdziwa magia<\/strong>. Wn\u0119trze nabiera \u017cycia \u2014 Twojego stylu, Twoich warto\u015bci. Lubisz minimalizm i porz\u0105dek? Projektant zaproponuje <strong>sprytne, funkcjonalne rozwi\u0105zania<\/strong>, kt\u00f3re to podkre\u015bl\u0105, nie trac\u0105c przy tym charakteru przestrzeni.<\/p>\n\n\n\n<p>Wsp\u00f3\u0142praca z projektantem to jak <strong>wsp\u00f3lna podr\u00f3\u017c<\/strong> \u2014 pe\u0142na inspiracji, zaskocze\u0144 i decyzji, kt\u00f3re krok po kroku prowadz\u0105 do stworzenia przestrzeni idealnie dopasowanej do Ciebie. Tak, to wymaga zaanga\u017cowania, ale <strong>efekt mo\u017ce Ci\u0119 pozytywnie zaskoczy\u0107<\/strong>. Bo kiedy wn\u0119trze zaczyna pasowa\u0107 do Ciebie jak ulubiona kurtka, wiesz, \u017ce by\u0142o warto.<\/p>\n\n\n\n<p><strong>Gotowy?<\/strong> Czas stworzy\u0107 miejsce, kt\u00f3re b\u0119dzie naprawd\u0119 Twoje.<\/p>\n\n\n\n<figure class=\"wp-block-image size-full\"><a href=\"https:\/\/proplo.pl\/profile\/przystole-studio\/projekt\/nowoczesny-dom-2289\"><img loading=\"lazy\" decoding=\"async\" width=\"1200\" height=\"800\" src=\"https:\/\/proplo.pl\/blog\/wp-content\/uploads\/2025\/08\/zasady-wspolpracy-z-projektantem-wnetrz.png\" alt=\"Wn\u0119trze salonu w stylu eklektycznym z minimalistycznymi meblami, nowoczesnymi lampami i wsp\u00f3\u0142czesnymi akcentami.\" class=\"wp-image-1279\" srcset=\"https:\/\/proplo.pl\/blog\/wp-content\/uploads\/2025\/08\/zasady-wspolpracy-z-projektantem-wnetrz.png 1200w, https:\/\/proplo.pl\/blog\/wp-content\/uploads\/2025\/08\/zasady-wspolpracy-z-projektantem-wnetrz-300x200.png 300w, https:\/\/proplo.pl\/blog\/wp-content\/uploads\/2025\/08\/zasady-wspolpracy-z-projektantem-wnetrz-768x512.png 768w, https:\/\/proplo.pl\/blog\/wp-content\/uploads\/2025\/08\/zasady-wspolpracy-z-projektantem-wnetrz-1024x683.png 1024w, https:\/\/proplo.pl\/blog\/wp-content\/uploads\/2025\/08\/zasady-wspolpracy-z-projektantem-wnetrz-480x320.png 480w\" sizes=\"auto, (max-width: 1200px) 100vw, 1200px\" \/><\/a><figcaption class=\"wp-element-caption\">Projekt: <a href=\"https:\/\/proplo.pl\/profile\/przystole-studio\">przystole.studio<\/a><\/figcaption><\/figure>\n\n\n\n<h2 class=\"wp-block-heading\">Przygotowanie do wsp\u00f3\u0142pracy z projektantem<\/h2>\n\n\n\n<p><strong>Decyzja o wsp\u00f3\u0142pracy z projektantem wn\u0119trz to wa\u017cny krok, kt\u00f3ry mo\u017ce przes\u0105dzi\u0107 o sukcesie ca\u0142ego projektu.<\/strong> Zanim jednak rozpoczniesz rozmowy, warto po\u015bwi\u0119ci\u0107 chwil\u0119 na refleksj\u0119: <strong>czego naprawd\u0119 potrzebujesz i czego oczekujesz od tej wsp\u00f3\u0142pracy?<\/strong> Taka autorefleksja znacz\u0105co u\u0142atwi dalsze dzia\u0142ania.<\/p>\n\n\n\n<p>Dobrym pocz\u0105tkiem jest zebranie inspiracji. Mog\u0105 to by\u0107:<\/p>\n\n\n\n<ul class=\"wp-block-list\">\n<li>zdj\u0119cia z magazyn\u00f3w wn\u0119trzarskich,<\/li>\n\n\n\n<li>zrzuty ekranu z Instagrama,<\/li>\n\n\n\n<li>tablice z Pinteresta.<\/li>\n<\/ul>\n\n\n\n<p><strong>Nie musisz mie\u0107 gotowego planu \u2013 wystarczy og\u00f3lny kierunek.<\/strong> Dzi\u0119ki inspiracjom \u0142atwiej b\u0119dzie okre\u015bli\u0107, co Ci si\u0119 podoba, a co zupe\u0142nie nie wchodzi w gr\u0119.<\/p>\n\n\n\n<p>Nie zapomnij r\u00f3wnie\u017c o dokumentacji technicznej, takiej jak:<\/p>\n\n\n\n<ul class=\"wp-block-list\">\n<li>rzuty pomieszcze\u0144,<\/li>\n\n\n\n<li>informacje o instalacjach,<\/li>\n\n\n\n<li>wymiary i uk\u0142ad przestrzeni.<\/li>\n<\/ul>\n\n\n\n<p><strong>To wszystko sprawi, \u017ce rozmowa z projektantem b\u0119dzie konkretna, a ca\u0142y proces \u2013 znacznie sprawniejszy.<\/strong><\/p>\n\n\n\n<p><strong>Bud\u017cet to temat, kt\u00f3rego nie da si\u0119 pomin\u0105\u0107.<\/strong> Podejd\u017a do niego szczerze i realistycznie. Jasne okre\u015blenie kwoty, jak\u0105 mo\u017cesz przeznaczy\u0107 \u2013 zar\u00f3wno na projekt, jak i jego realizacj\u0119 \u2013 pozwoli unikn\u0105\u0107 nieporozumie\u0144 i rozczarowa\u0144. <strong>Im wcze\u015bniej to ustalisz, tym lepiej.<\/strong> Dobrze przygotowany klient to partner, z kt\u00f3rym mo\u017cna stworzy\u0107 wn\u0119trze nie tylko pi\u0119kne, ale i dopasowane do realnych mo\u017cliwo\u015bci.<\/p>\n\n\n\n<h3 class=\"wp-block-heading\">Spotkanie zapoznawcze i jego znaczenie<\/h3>\n\n\n\n<p><strong>Pierwsze spotkanie z projektantem to kluczowy moment budowania relacji i zaufania.<\/strong> To czas, by si\u0119 pozna\u0107, wymieni\u0107 pierwsze spostrze\u017cenia i sprawdzi\u0107, czy nadajecie na tych samych falach. Dobra wiadomo\u015b\u0107? <strong>Spotkanie zapoznawcze zazwyczaj jest niezobowi\u0105zuj\u0105ce i bezp\u0142atne<\/strong> \u2013 mo\u017cesz podej\u015b\u0107 do niego na luzie.<\/p>\n\n\n\n<p>Podczas rozmowy <a href=\"https:\/\/proplo.pl\/projektant-wnetrz\">projektant wn\u0119trz<\/a> zada Ci wiele pyta\u0144 \u2013 nie tylko o estetyk\u0119, ale te\u017c o styl \u017cycia. Przyk\u0142adowe kwestie, kt\u00f3re mog\u0105 si\u0119 pojawi\u0107:<\/p>\n\n\n\n<ul class=\"wp-block-list\">\n<li>Czy pracujesz zdalnie?<\/li>\n\n\n\n<li>Czy masz dzieci?<\/li>\n\n\n\n<li>Czy cz\u0119sto zapraszasz go\u015bci?<\/li>\n\n\n\n<li>Czy masz zwierz\u0119ta domowe?<\/li>\n<\/ul>\n\n\n\n<p><strong>Te informacje s\u0105 kluczowe, by stworzy\u0107 przestrze\u0144 dopasowan\u0105 do Twoich codziennych potrzeb.<\/strong><\/p>\n\n\n\n<p>To r\u00f3wnie\u017c dobry moment, by om\u00f3wi\u0107 warunki wsp\u00f3\u0142pracy, takie jak:<\/p>\n\n\n\n<ul class=\"wp-block-list\">\n<li>zakres us\u0142ug,<\/li>\n\n\n\n<li>harmonogram prac,<\/li>\n\n\n\n<li>spos\u00f3b komunikacji.<\/li>\n<\/ul>\n\n\n\n<p><strong>Spotkanie zapoznawcze to swoisty test zgodno\u015bci \u2013 je\u015bli wszystko zagra, jeste\u015bcie na dobrej drodze do udanej wsp\u00f3\u0142pracy.<\/strong><\/p>\n\n\n\n<h3 class=\"wp-block-heading\">Ankieta projektowa i brief projektowy<\/h3>\n\n\n\n<p><strong>Ankieta i brief projektowy to nie tylko formalno\u015bci \u2013 to fundament skutecznego projektu.<\/strong> Dzi\u0119ki nim projektant mo\u017ce lepiej zrozumie\u0107 Twoje potrzeby, styl \u017cycia i oczekiwania.<\/p>\n\n\n\n<p><strong>Ankieta projektowa<\/strong> to zestaw pyta\u0144, kt\u00f3re pomagaj\u0105 okre\u015bli\u0107 m.in.:<\/p>\n\n\n\n<ul class=\"wp-block-list\">\n<li>jak korzystasz z przestrzeni,<\/li>\n\n\n\n<li>jakie kolory preferujesz,<\/li>\n\n\n\n<li>co Ci\u0119 inspiruje,<\/li>\n\n\n\n<li>jakie masz przyzwyczajenia i potrzeby funkcjonalne.<\/li>\n<\/ul>\n\n\n\n<p><strong>Wype\u0142nienie ankiety to pierwszy krok do stworzenia wn\u0119trza, kt\u00f3re b\u0119dzie naprawd\u0119 Twoje \u2013 zar\u00f3wno wizualnie, jak i u\u017cytkowo.<\/strong><\/p>\n\n\n\n<p><strong>Brief projektowy<\/strong> to dokument, kt\u00f3ry przekazujesz projektantowi na pocz\u0105tku wsp\u00f3\u0142pracy. Zawiera on:<\/p>\n\n\n\n<ul class=\"wp-block-list\">\n<li>Twoje oczekiwania estetyczne i funkcjonalne,<\/li>\n\n\n\n<li>inspiracje wizualne,<\/li>\n\n\n\n<li>list\u0119 niezb\u0119dnych funkcji w projekcie,<\/li>\n\n\n\n<li>ograniczenia wynikaj\u0105ce z uk\u0142adu mieszkania.<\/li>\n<\/ul>\n\n\n\n<p><strong>Oba dokumenty \u2013 ankieta i brief \u2013 tworz\u0105 solidn\u0105 baz\u0119, kt\u00f3ra pozwala unikn\u0105\u0107 nieporozumie\u0144 i znacz\u0105co przyspiesza ca\u0142y proces projektowy.<\/strong><\/p>\n\n\n\n<h3 class=\"wp-block-heading\">Okre\u015blenie bud\u017cetu projektowego i stylu wn\u0119trza<\/h3>\n\n\n\n<p><strong>Jasno okre\u015blony bud\u017cet i sprecyzowany styl to dwa filary skutecznej wsp\u00f3\u0142pracy z projektantem.<\/strong><\/p>\n\n\n\n<p><strong>Bud\u017cet<\/strong> to nie tylko liczba \u2013 to ramy, w kt\u00f3rych projektant mo\u017ce si\u0119 porusza\u0107, dobieraj\u0105c odpowiednie:<\/p>\n\n\n\n<ul class=\"wp-block-list\">\n<li>materia\u0142y,<\/li>\n\n\n\n<li>rozwi\u0105zania techniczne,<\/li>\n\n\n\n<li>wykonawc\u00f3w.<\/li>\n<\/ul>\n\n\n\n<p><strong>Im szybciej ustalisz bud\u017cet, tym wi\u0119ksza szansa na unikni\u0119cie rozczarowa\u0144 i lepsze dopasowanie projektu do Twoich mo\u017cliwo\u015bci.<\/strong><\/p>\n\n\n\n<p><strong>Styl wn\u0119trza<\/strong> nadaje ton ca\u0142ej aran\u017cacji. Mo\u017ce by\u0107:<\/p>\n\n\n\n<ul class=\"wp-block-list\">\n<li><a href=\"https:\/\/proplo.pl\/style\/minimalistyczny\">minimalistyczny<\/a>,<\/li>\n\n\n\n<li><a href=\"https:\/\/proplo.pl\/style\/industrialny\">industrialny<\/a>,<\/li>\n\n\n\n<li><a href=\"https:\/\/proplo.pl\/style\/boho\">boho<\/a>,<\/li>\n\n\n\n<li>klasyczny \u2013 lub inny, kt\u00f3ry najlepiej oddaje Tw\u00f3j charakter.<\/li>\n<\/ul>\n\n\n\n<p><strong>Wa\u017cne, by styl pasowa\u0142 do Ciebie i Twojego \u017cycia.<\/strong> Kolory, meble, dodatki \u2013 wszystko powinno tworzy\u0107 sp\u00f3jn\u0105 ca\u0142o\u015b\u0107. <strong>Dobrze dobrany styl, po\u0142\u0105czony z realistycznym bud\u017cetem, to przepis na wn\u0119trze, kt\u00f3re nie tylko wygl\u0105da \u015bwietnie, ale te\u017c sprawdza si\u0119 na co dzie\u0144.<\/strong><\/p>\n\n\n\n<figure class=\"wp-block-image size-full\"><a href=\"https:\/\/proplo.pl\/profile\/przystole-studio\/projekt\/male-mieszkanie-2288\"><img loading=\"lazy\" decoding=\"async\" width=\"1200\" height=\"800\" src=\"https:\/\/proplo.pl\/blog\/wp-content\/uploads\/2025\/08\/wspolpraca-z-projektantem.png\" alt=\"Wn\u0119trze kuchni z drewnianym sto\u0142em, ro\u015blinami i marmurowym blatem w stylu eklektycznym.\" class=\"wp-image-1280\" srcset=\"https:\/\/proplo.pl\/blog\/wp-content\/uploads\/2025\/08\/wspolpraca-z-projektantem.png 1200w, https:\/\/proplo.pl\/blog\/wp-content\/uploads\/2025\/08\/wspolpraca-z-projektantem-300x200.png 300w, https:\/\/proplo.pl\/blog\/wp-content\/uploads\/2025\/08\/wspolpraca-z-projektantem-768x512.png 768w, https:\/\/proplo.pl\/blog\/wp-content\/uploads\/2025\/08\/wspolpraca-z-projektantem-1024x683.png 1024w, https:\/\/proplo.pl\/blog\/wp-content\/uploads\/2025\/08\/wspolpraca-z-projektantem-480x320.png 480w\" sizes=\"auto, (max-width: 1200px) 100vw, 1200px\" \/><\/a><figcaption class=\"wp-element-caption\">Projekt: <a href=\"https:\/\/proplo.pl\/profile\/przystole-studio\">przystole.studio<\/a><\/figcaption><\/figure>\n\n\n\n<h3 class=\"wp-block-heading\">Rola decyzyjno\u015bci klienta w procesie projektowym<\/h3>\n\n\n\n<p><strong>Projektant to ekspert, ale to Ty jeste\u015b g\u0142\u00f3wnym decydentem.<\/strong> Twoje wybory \u2013 zar\u00f3wno estetyczne, jak i praktyczne \u2013 maj\u0105 bezpo\u015bredni wp\u0142yw na ostateczny efekt projektu. <strong>Zaanga\u017cowanie i gotowo\u015b\u0107 do podejmowania decyzji na ka\u017cdym etapie wsp\u00f3\u0142pracy s\u0105 kluczowe.<\/strong><\/p>\n\n\n\n<p>Etap poprawek to moment, w kt\u00f3rym mo\u017cesz:<\/p>\n\n\n\n<ul class=\"wp-block-list\">\n<li>zg\u0142osi\u0107 swoje uwagi,<\/li>\n\n\n\n<li>wprowadzi\u0107 zmiany,<\/li>\n\n\n\n<li>dopracowa\u0107 detale,<\/li>\n\n\n\n<li>upewni\u0107 si\u0119, \u017ce projekt odpowiada Twojej wizji.<\/li>\n<\/ul>\n\n\n\n<p><strong>\u015awiadome decyzje podejmowane w trakcie wsp\u00f3\u0142pracy to klucz do stworzenia przestrzeni, kt\u00f3ra b\u0119dzie nie tylko pi\u0119kna, ale te\u017c wygodna i funkcjonalna.<\/strong><\/p>\n\n\n\n<p><strong>Wsp\u00f3\u0142praca z projektantem to dialog.<\/strong> A ka\u017cda dobra rozmowa zaczyna si\u0119 od s\u0142uchania \u2013 i m\u00f3wienia wprost o swoich potrzebach.<\/p>\n\n\n\n<h2 class=\"wp-block-heading\">Kluczowe etapy wsp\u00f3\u0142pracy projektowej<\/h2>\n\n\n\n<p><strong>Wsp\u00f3\u0142praca z projektantem wn\u0119trz to proces, kt\u00f3ry prowadzi do stworzenia funkcjonalnej i estetycznej przestrzeni, idealnie dopasowanej do Twoich potrzeb.<\/strong> To znacznie wi\u0119cej ni\u017c wyb\u00f3r mebli \u2013 to przemy\u015blana \u015bcie\u017cka, kt\u00f3ra obejmuje kolejne etapy: od pierwszego spotkania, przez ofert\u0119 i podpisanie umowy, a\u017c po nadz\u00f3r nad realizacj\u0105. Ka\u017cdy z tych krok\u00f3w ma swoje znaczenie i wp\u0142ywa na ko\u0144cowy efekt.<\/p>\n\n\n\n<p>Wszystko zaczyna si\u0119 od rozmowy \u2013 spotkania zapoznawczego, podczas kt\u00f3rego projektant s\u0142ucha, analizuje i stara si\u0119 zrozumie\u0107 Twoje oczekiwania. Nast\u0119pnie przedstawia ofert\u0119, kt\u00f3ra zawiera zakres us\u0142ug i warunki wsp\u00f3\u0142pracy. Po jej akceptacji podpisujecie umow\u0119 i przechodzicie do dzia\u0142ania. Kolejne etapy to:<\/p>\n\n\n\n<ul class=\"wp-block-list\">\n<li><strong>Projekt koncepcyjny<\/strong> \u2013 okre\u015blenie stylu, uk\u0142adu funkcjonalnego i wizualizacji 3D,<\/li>\n\n\n\n<li><strong>Projekt wykonawczy<\/strong> \u2013 dokumentacja techniczna, kosztorys i lista wyposa\u017cenia,<\/li>\n\n\n\n<li><strong>Nadz\u00f3r autorski<\/strong> \u2013 kontrola realizacji i wsparcie na ka\u017cdym etapie prac.<\/li>\n<\/ul>\n\n\n\n<p><strong>Dobrze zaplanowany proces to gwarancja p\u0142ynnej wsp\u00f3\u0142pracy i satysfakcjonuj\u0105cego efektu ko\u0144cowego.<\/strong><\/p>\n\n\n\n<h3 class=\"wp-block-heading\">Etap ofertowania i podpisanie umowy projektowej<\/h3>\n\n\n\n<p>To moment, w kt\u00f3rym wsp\u00f3\u0142praca nabiera realnych kszta\u0142t\u00f3w. Projektant przedstawia ofert\u0119 \u2013 nie tylko jako dokument, ale jako punkt wyj\u015bcia do rozmowy o Twoich potrzebach i oczekiwaniach. <strong>To czas na doprecyzowanie zakresu dzia\u0142a\u0144, ustalenie harmonogramu i om\u00f3wienie szczeg\u00f3\u0142\u00f3w wsp\u00f3\u0142pracy.<\/strong><\/p>\n\n\n\n<p>Podpisanie umowy to formalne rozpocz\u0119cie wsp\u00f3\u0142pracy. Dokument zawiera:<\/p>\n\n\n\n<ul class=\"wp-block-list\">\n<li><strong>Zakres prac<\/strong> \u2013 co dok\u0142adnie obejmuje projekt,<\/li>\n\n\n\n<li><strong>Harmonogram<\/strong> \u2013 terminy poszczeg\u00f3lnych etap\u00f3w,<\/li>\n\n\n\n<li><strong>Bud\u017cet<\/strong> \u2013 szacunkowe koszty realizacji,<\/li>\n\n\n\n<li><strong>Prawa i obowi\u0105zki<\/strong> \u2013 zasady wsp\u00f3\u0142pracy obu stron.<\/li>\n<\/ul>\n\n\n\n<p><strong>Jasne zasady to podstawa udanej wsp\u00f3\u0142pracy \u2013 buduj\u0105 zaufanie i pozwalaj\u0105 skupi\u0107 si\u0119 na tworzeniu wymarzonego wn\u0119trza.<\/strong><\/p>\n\n\n\n<h3 class=\"wp-block-heading\">Inwentaryzacja wn\u0119trza i wizja lokalna<\/h3>\n\n\n\n<p>To pierwszy etap pracy w terenie. <strong>Inwentaryzacja polega na dok\u0142adnych pomiarach i dokumentacji istniej\u0105cej przestrzeni<\/strong> \u2013 \u015bcian, instalacji, otwor\u00f3w okiennych i drzwiowych oraz innych element\u00f3w architektonicznych. To niezb\u0119dna baza do stworzenia precyzyjnego projektu.<\/p>\n\n\n\n<p><strong>Wizja lokalna<\/strong> to co\u015b wi\u0119cej ni\u017c ogl\u0119dziny. Projektant analizuje przestrze\u0144 pod k\u0105tem:<\/p>\n\n\n\n<ul class=\"wp-block-list\">\n<li>naturalnego o\u015bwietlenia,<\/li>\n\n\n\n<li>akustyki i rozchodzenia si\u0119 d\u017awi\u0119ku,<\/li>\n\n\n\n<li>widok\u00f3w z okien,<\/li>\n\n\n\n<li>potencjalnych ogranicze\u0144 i mo\u017cliwo\u015bci aran\u017cacyjnych.<\/li>\n<\/ul>\n\n\n\n<p><strong>Cho\u0107 cz\u0119sto niedoceniany, ten etap ma kluczowe znaczenie dla trafno\u015bci i funkcjonalno\u015bci projektu.<\/strong><\/p>\n\n\n\n<h3 class=\"wp-block-heading\">Projekt koncepcyjny: moodboard, uk\u0142ad funkcjonalny i wizualizacje 3D<\/h3>\n\n\n\n<p>To moment, w kt\u00f3rym wizja zaczyna nabiera\u0107 realnych kszta\u0142t\u00f3w. Projekt koncepcyjny obejmuje trzy g\u0142\u00f3wne elementy:<\/p>\n\n\n\n<ol class=\"wp-block-list\">\n<li><strong>Moodboard<\/strong> \u2013 kola\u017c inspiracji, kolor\u00f3w, faktur i materia\u0142\u00f3w, kt\u00f3ry pomaga okre\u015bli\u0107 styl i klimat wn\u0119trza.<\/li>\n\n\n\n<li><strong>Uk\u0142ad funkcjonalny<\/strong> \u2013 plan rozmieszczenia mebli, sprz\u0119t\u00f3w i ci\u0105g\u00f3w komunikacyjnych, uwzgl\u0119dniaj\u0105cy ergonomi\u0119 i wygod\u0119 u\u017cytkowania.<\/li>\n\n\n\n<li><strong>Wizualizacje 3D<\/strong> \u2013 realistyczne obrazy przysz\u0142ego wn\u0119trza, kt\u00f3re pozwalaj\u0105 zobaczy\u0107 efekt ko\u0144cowy jeszcze przed rozpocz\u0119ciem prac.<\/li>\n<\/ol>\n\n\n\n<p><strong>To etap, kt\u00f3ry budzi najwi\u0119cej emocji \u2013 bo marzenia zaczynaj\u0105 wygl\u0105da\u0107 jak rzeczywisto\u015b\u0107.<\/strong><\/p>\n\n\n\n<h3 class=\"wp-block-heading\">Projekt wykonawczy: dokumentacja techniczna, kosztorys i lista wyposa\u017cenia<\/h3>\n\n\n\n<p>Projekt wykonawczy to szczeg\u00f3\u0142owe opracowanie, kt\u00f3re umo\u017cliwia realizacj\u0119 projektu zgodnie z za\u0142o\u017ceniami. Zawiera:<\/p>\n\n\n\n<ul class=\"wp-block-list\">\n<li><strong>Dokumentacj\u0119 techniczn\u0105<\/strong> \u2013 rysunki, schematy instalacji, plany mebli i wyko\u0144cze\u0144,<\/li>\n\n\n\n<li><strong>Kosztorys<\/strong> \u2013 szczeg\u00f3\u0142owe zestawienie wydatk\u00f3w, kt\u00f3re pozwala kontrolowa\u0107 bud\u017cet,<\/li>\n\n\n\n<li><strong>List\u0119 wyposa\u017cenia<\/strong> \u2013 uporz\u0105dkowany wykaz wszystkich element\u00f3w: od p\u0142ytek i farb, po o\u015bwietlenie i meble.<\/li>\n<\/ul>\n\n\n\n<p><strong>Dzi\u0119ki temu wykonawcy maj\u0105 jasne wytyczne, a ca\u0142y proces przebiega sprawnie i bez nieprzyjemnych niespodzianek.<\/strong><\/p>\n\n\n\n<h3 class=\"wp-block-heading\">Etap realizacji projektu i nadz\u00f3r autorski<\/h3>\n\n\n\n<p>To moment, w kt\u00f3rym projekt staje si\u0119 rzeczywisto\u015bci\u0105. Ekipa budowlana przyst\u0119puje do dzia\u0142ania, a Ty z niecierpliwo\u015bci\u0105 obserwujesz post\u0119py. <strong>Projektant nie znika \u2013 pe\u0142ni funkcj\u0119 nadzoru autorskiego, czyli czuwa nad zgodno\u015bci\u0105 realizacji z projektem.<\/strong><\/p>\n\n\n\n<p>Nadz\u00f3r autorski to:<\/p>\n\n\n\n<ul class=\"wp-block-list\">\n<li>regularne wizyty na budowie,<\/li>\n\n\n\n<li>kontrola jako\u015bci wykonania,<\/li>\n\n\n\n<li>rozwi\u0105zywanie bie\u017c\u0105cych problem\u00f3w,<\/li>\n\n\n\n<li>wsparcie w podejmowaniu decyzji dotycz\u0105cych detali.<\/li>\n<\/ul>\n\n\n\n<p><strong>To w\u0142a\u015bnie ten etap cz\u0119sto decyduje o ko\u0144cowym efekcie \u2013 bo liczy si\u0119 nie tylko estetyka, ale te\u017c funkcjonalno\u015b\u0107 i jako\u015b\u0107 wykonania.<\/strong> Gotowy zobaczy\u0107, jak Twoje wn\u0119trze nabiera \u017cycia?<\/p>\n\n\n\n<figure class=\"wp-block-image size-full\"><a href=\"https:\/\/proplo.pl\/profile\/twoje-nowe-studio-projektowe\/projekt\/gabinet-2250\"><img loading=\"lazy\" decoding=\"async\" width=\"1200\" height=\"800\" src=\"https:\/\/proplo.pl\/blog\/wp-content\/uploads\/2025\/08\/projektant-wnetrz-wspolpraca.png\" alt=\"Nowoczesny gabinet z biurkiem, rega\u0142em na ksi\u0105\u017cki i r\u00f3\u017cowym fotelem.\" class=\"wp-image-1281\" srcset=\"https:\/\/proplo.pl\/blog\/wp-content\/uploads\/2025\/08\/projektant-wnetrz-wspolpraca.png 1200w, https:\/\/proplo.pl\/blog\/wp-content\/uploads\/2025\/08\/projektant-wnetrz-wspolpraca-300x200.png 300w, https:\/\/proplo.pl\/blog\/wp-content\/uploads\/2025\/08\/projektant-wnetrz-wspolpraca-768x512.png 768w, https:\/\/proplo.pl\/blog\/wp-content\/uploads\/2025\/08\/projektant-wnetrz-wspolpraca-1024x683.png 1024w, https:\/\/proplo.pl\/blog\/wp-content\/uploads\/2025\/08\/projektant-wnetrz-wspolpraca-480x320.png 480w\" sizes=\"auto, (max-width: 1200px) 100vw, 1200px\" \/><\/a><figcaption class=\"wp-element-caption\">Projekt: <a href=\"https:\/\/proplo.pl\/profile\/twoje-nowe-studio-projektowe\">Twoje Nowe Studio Projektowe<\/a><\/figcaption><\/figure>\n\n\n\n<h2 class=\"wp-block-heading\">Formy i zakres us\u0142ug projektanta wn\u0119trz<\/h2>\n\n\n\n<p><strong>Wsp\u00f3\u0142praca z projektantem wn\u0119trz<\/strong> mo\u017ce przybiera\u0107 r\u00f3\u017cne formy \u2013 wszystko zale\u017cy od Twoich oczekiwa\u0144, stylu \u017cycia i bud\u017cetu. Zakres us\u0142ug obejmuje szerokie spektrum dzia\u0142a\u0144: od stworzenia wst\u0119pnej koncepcji, przez opracowanie szczeg\u00f3\u0142owego projektu wykonawczego, a\u017c po nadz\u00f3r autorski nad realizacj\u0105. <strong>Ka\u017cdy z tych etap\u00f3w ma kluczowe znaczenie<\/strong> \u2013 to one decyduj\u0105, czy efekt ko\u0144cowy b\u0119dzie nie tylko estetyczny, ale te\u017c funkcjonalny i dopasowany do Twoich potrzeb.<\/p>\n\n\n\n<p>Jednym z najbardziej kompleksowych rozwi\u0105za\u0144 jest <strong>projekt pod klucz<\/strong>. To us\u0142uga obejmuj\u0105ca ca\u0142y proces \u2013 od pierwszego spotkania z projektantem, przez projektowanie, a\u017c po realizacj\u0119 i nadz\u00f3r nad wykonaniem. <strong>Efekt? Gotowe wn\u0119trze, kt\u00f3re w pe\u0142ni odzwierciedla Twoj\u0105 wizj\u0119<\/strong> \u2013 bez konieczno\u015bci zag\u0142\u0119biania si\u0119 w techniczne detale czy logistyk\u0119.<\/p>\n\n\n\n<h3 class=\"wp-block-heading\">Projekt pod klucz jako kompleksowa us\u0142uga<\/h3>\n\n\n\n<p>Je\u015bli cenisz sobie <strong>spok\u00f3j, wygod\u0119 i profesjonalizm<\/strong> \u2013 <a href=\"https:\/\/proplo.pl\/blog\/kompleksowe-wykonczenie-wnetrz\/\">kompleksowe wyko\u0144czenie wn\u0119trz<\/a> b\u0119dzie idealnym wyborem. Projektant czuwa nad ka\u017cdym etapem realizacji, dbaj\u0105c o sp\u00f3jno\u015b\u0107 koncepcji i jako\u015b\u0107 wykonania. <strong>Ty wchodzisz do gotowego wn\u0119trza<\/strong>, kt\u00f3re nie tylko zachwyca wygl\u0105dem, ale te\u017c idealnie wpisuje si\u0119 w Tw\u00f3j styl \u017cycia.<\/p>\n\n\n\n<p>Decyduj\u0105c si\u0119 na projekt pod klucz, zyskujesz nie tylko czas, ale przede wszystkim <strong>pewno\u015b\u0107, \u017ce wszystko zostanie dopi\u0119te na ostatni guzik<\/strong>. To rozwi\u0105zanie dla os\u00f3b, kt\u00f3re nie chc\u0105 samodzielnie koordynowa\u0107 ekip remontowych, a jednocze\u015bnie zale\u017cy im na wysokiej jako\u015bci i dba\u0142o\u015bci o detale.<\/p>\n\n\n\n<p>Przyk\u0142ad? Remont mieszkania w kamienicy. Projektant mo\u017ce:<\/p>\n\n\n\n<ul class=\"wp-block-list\">\n<li>zachowa\u0107 oryginalne sztukaterie,<\/li>\n\n\n\n<li>po\u0142\u0105czy\u0107 je z nowoczesnymi materia\u0142ami,<\/li>\n\n\n\n<li>zadba\u0107 o sp\u00f3jno\u015b\u0107 estetyczn\u0105,<\/li>\n\n\n\n<li>koordynowa\u0107 wszystkie prace bez Twojego zaanga\u017cowania.<\/li>\n<\/ul>\n\n\n\n<p><strong>Efekt ko\u0144cowy? Stylowe wn\u0119trze bez stresu i chaosu organizacyjnego.<\/strong><\/p>\n\n\n\n<h3 class=\"wp-block-heading\">Projekt wn\u0119trz mieszkalnych i komercyjnych<\/h3>\n\n\n\n<p><strong>Projektowanie wn\u0119trz mieszkalnych i komercyjnych<\/strong> to dwa r\u00f3\u017cne \u015bwiaty, wymagaj\u0105ce odmiennego podej\u015bcia. Projekt wn\u0119trza domu koncentruje si\u0119 na stworzeniu przestrzeni przyjaznej, funkcjonalnej i odzwierciedlaj\u0105cej charakter domownik\u00f3w. Z kolei wn\u0119trza komercyjne \u2013 jak biura, restauracje czy sklepy \u2013 musz\u0105:<\/p>\n\n\n\n<ul class=\"wp-block-list\">\n<li>dobrze wygl\u0105da\u0107,<\/li>\n\n\n\n<li>wspiera\u0107 cele biznesowe,<\/li>\n\n\n\n<li>budowa\u0107 wizerunek marki,<\/li>\n\n\n\n<li>sprzyja\u0107 efektywnej pracy i obs\u0142udze klienta.<\/li>\n<\/ul>\n\n\n\n<p>Ka\u017cdy projekt to osobna historia. Projektant analizuje styl \u017cycia mieszka\u0144c\u00f3w lub strategi\u0119 firmy, by zaproponowa\u0107 rozwi\u0105zania, kt\u00f3re b\u0119d\u0105 zar\u00f3wno estetyczne, jak i praktyczne.<\/p>\n\n\n\n<p>Przyk\u0142ad? Projektowanie kawiarni. Liczy si\u0119 nie tylko ustawienie stolik\u00f3w, ale r\u00f3wnie\u017c:<\/p>\n\n\n\n<ul class=\"wp-block-list\">\n<li>akustyka wn\u0119trza,<\/li>\n\n\n\n<li>odpowiednie o\u015bwietlenie,<\/li>\n\n\n\n<li>ergonomia pracy personelu,<\/li>\n\n\n\n<li>przemy\u015blany uk\u0142ad zaplecza.<\/li>\n<\/ul>\n\n\n\n<p><strong>Wszystko musi wsp\u00f3\u0142gra\u0107 \u2013 od wej\u015bcia po ostatni detal.<\/strong><\/p>\n\n\n\n<h3 class=\"wp-block-heading\">Projekt wn\u0119trz na odleg\u0142o\u015b\u0107 i wykorzystanie platformy CUDO.co<\/h3>\n\n\n\n<p><strong>Projektowanie wn\u0119trz na odleg\u0142o\u015b\u0107<\/strong> to dzi\u015b nie tylko mo\u017cliwe, ale i wygodne. Dzi\u0119ki platformie <strong>CUDO.co<\/strong> mo\u017cesz wsp\u00f3\u0142pracowa\u0107 z do\u015bwiadczonym projektantem, niezale\u017cnie od miejsca zamieszkania. To nowoczesne narz\u0119dzie, kt\u00f3re umo\u017cliwia:<\/p>\n\n\n\n<ul class=\"wp-block-list\">\n<li>sprawn\u0105 komunikacj\u0119 z projektantem,<\/li>\n\n\n\n<li>wymian\u0119 plik\u00f3w i materia\u0142\u00f3w,<\/li>\n\n\n\n<li>zarz\u0105dzanie ca\u0142ym procesem projektowym,<\/li>\n\n\n\n<li>bie\u017c\u0105cy wgl\u0105d w post\u0119py prac.<\/li>\n<\/ul>\n\n\n\n<p><strong>Wszystko w jednym miejscu \u2013 bez zb\u0119dnych komplikacji.<\/strong><\/p>\n\n\n\n<p>Platforma CUDO.co to idealne rozwi\u0105zanie dla:<\/p>\n\n\n\n<ul class=\"wp-block-list\">\n<li>os\u00f3b zapracowanych,<\/li>\n\n\n\n<li>cz\u0119sto podr\u00f3\u017cuj\u0105cych,<\/li>\n\n\n\n<li>mieszkaj\u0105cych za granic\u0105,<\/li>\n\n\n\n<li>klient\u00f3w ceni\u0105cych wygod\u0119 i kontrol\u0119.<\/li>\n<\/ul>\n\n\n\n<p><strong>Efekt? Dok\u0142adnie taki, jak sobie wymarzy\u0142e\u015b \u2013 bez stresu i bieganiny.<\/strong><\/p>\n\n\n\n<h3 class=\"wp-block-heading\">Projekt samej zabudowy kuchennej IKEA<\/h3>\n\n\n\n<p><strong>Projektowanie kuchni z wykorzystaniem system\u00f3w IKEA<\/strong><sup data-fn=\"0706a702-6a87-4993-8db3-50731792c600\" class=\"fn\"><a id=\"0706a702-6a87-4993-8db3-50731792c600-link\" href=\"#0706a702-6a87-4993-8db3-50731792c600\">1<\/a><\/sup> mo\u017ce by\u0107 osobnym zleceniem lub cz\u0119\u015bci\u0105 wi\u0119kszego projektu aran\u017cacji wn\u0119trza. Taki projekt wymaga nie tylko znajomo\u015bci produkt\u00f3w tej marki, ale te\u017c umiej\u0119tno\u015bci maksymalnego wykorzystania dost\u0119pnej przestrzeni \u2013 szczeg\u00f3lnie w mniejszych mieszkaniach.<\/p>\n\n\n\n<p>Do\u015bwiadczeni projektanci potrafi\u0105 z element\u00f3w IKEA stworzy\u0107 kuchni\u0119, kt\u00f3ra:<\/p>\n\n\n\n<ul class=\"wp-block-list\">\n<li>jest estetyczna i funkcjonalna,<\/li>\n\n\n\n<li>odpowiada na potrzeby u\u017cytkownik\u00f3w,<\/li>\n\n\n\n<li>maksymalizuje przestrze\u0144 robocz\u0105,<\/li>\n\n\n\n<li>mie\u015bci si\u0119 w za\u0142o\u017conym bud\u017cecie.<\/li>\n<\/ul>\n\n\n\n<p>Przyk\u0142ad? W ma\u0142ej kuchni w bloku projektant mo\u017ce zaproponowa\u0107:<\/p>\n\n\n\n<ul class=\"wp-block-list\">\n<li>sprytne rozwi\u0105zania zwi\u0119kszaj\u0105ce ergonomi\u0119,<\/li>\n\n\n\n<li>dob\u00f3r odpowiednich modu\u0142\u00f3w i akcesori\u00f3w,<\/li>\n\n\n\n<li>indywidualne wyko\u0144czenia nadaj\u0105ce charakteru,<\/li>\n\n\n\n<li>optymalne rozmieszczenie sprz\u0119t\u00f3w AGD.<\/li>\n<\/ul>\n\n\n\n<p><strong>Prosto, funkcjonalnie i z pomys\u0142em \u2013 tak wygl\u0105da dobrze zaprojektowana kuchnia IKEA.<\/strong><\/p>\n\n\n\n<figure class=\"wp-block-image size-full\"><a href=\"https:\/\/proplo.pl\/profile\/maka-architekci\/projekt\/minimalizm-z-eklektycznym-twistem-2203\"><img loading=\"lazy\" decoding=\"async\" width=\"1200\" height=\"800\" src=\"https:\/\/proplo.pl\/blog\/wp-content\/uploads\/2025\/08\/mieszkanie-styl-boho.png\" alt=\"Wn\u0119trze salonu w stylu boho i industrialnym z szarym naro\u017cnikiem oraz ro\u015blinami.\" class=\"wp-image-1157\" srcset=\"https:\/\/proplo.pl\/blog\/wp-content\/uploads\/2025\/08\/mieszkanie-styl-boho.png 1200w, https:\/\/proplo.pl\/blog\/wp-content\/uploads\/2025\/08\/mieszkanie-styl-boho-300x200.png 300w, https:\/\/proplo.pl\/blog\/wp-content\/uploads\/2025\/08\/mieszkanie-styl-boho-768x512.png 768w, https:\/\/proplo.pl\/blog\/wp-content\/uploads\/2025\/08\/mieszkanie-styl-boho-1024x683.png 1024w, https:\/\/proplo.pl\/blog\/wp-content\/uploads\/2025\/08\/mieszkanie-styl-boho-480x320.png 480w\" sizes=\"auto, (max-width: 1200px) 100vw, 1200px\" \/><\/a><figcaption class=\"wp-element-caption\">Projekt: <a href=\"https:\/\/proplo.pl\/profile\/maka-architekci\">Maka architekci<\/a><\/figcaption><\/figure>\n\n\n\n<h2 class=\"wp-block-heading\">Narz\u0119dzia wspieraj\u0105ce wsp\u00f3\u0142prac\u0119<\/h2>\n\n\n\n<p>W \u015bwiecie <strong>projektowania wn\u0119trz<\/strong>, gdzie <strong>kreatywno\u015b\u0107 spotyka si\u0119 z logistyk\u0105<\/strong>, odpowiednie narz\u0119dzia do wsp\u00f3\u0142pracy mog\u0105 znacz\u0105co usprawni\u0107 ca\u0142y proces. Wsp\u00f3\u0142praca z projektantem to nie tylko wymiana inspiracji \u2013 to tak\u017ce <strong>efektywna komunikacja, porz\u0105dek w dokumentach i szybka reakcja na zmiany<\/strong>. Dlatego coraz cz\u0119\u015bciej korzysta si\u0119 z nowoczesnych platform, kt\u00f3re integruj\u0105 wszystkie te potrzeby w jednym, intuicyjnym systemie.<\/p>\n\n\n\n<p>Dzisiejsze narz\u0119dzia projektowe to znacznie wi\u0119cej ni\u017c tylko listy zada\u0144 czy kalendarze. To <strong>rozbudowane systemy zarz\u0105dzania projektami<\/strong>, kt\u00f3re umo\u017cliwiaj\u0105:<\/p>\n\n\n\n<ul class=\"wp-block-list\">\n<li><strong>\u015aledzenie post\u0119p\u00f3w<\/strong> w czasie rzeczywistym<\/li>\n\n\n\n<li><strong>Zarz\u0105dzanie dokumentacj\u0105<\/strong> w jednym miejscu<\/li>\n\n\n\n<li><strong>Sta\u0142y kontakt z klientem<\/strong> dzi\u0119ki funkcjom komentarzy i powiadomie\u0144<\/li>\n\n\n\n<li><strong>Udost\u0119pnianie plik\u00f3w<\/strong> i materia\u0142\u00f3w bezpo\u015brednio w systemie<\/li>\n<\/ul>\n\n\n\n<p>Takie rozwi\u0105zania pozwalaj\u0105 projektantom natychmiast reagowa\u0107 na sugestie klient\u00f3w, co przek\u0142ada si\u0119 na <strong>lepsze dopasowanie projektu do oczekiwa\u0144<\/strong> i znacznie przyjemniejszy przebieg ca\u0142ego procesu.<\/p>\n\n\n\n<h3 class=\"wp-block-heading\">Moodboard i wizualizacje 3D jako elementy komunikacji wizualnej<\/h3>\n\n\n\n<p>W projektowaniu wn\u0119trz <strong>s\u0142owa cz\u0119sto nie wystarczaj\u0105<\/strong>, by odda\u0107 klimat miejsca, kt\u00f3re dopiero powstaje. Dlatego tak istotne s\u0105 <strong>moodboardy i wizualizacje 3D<\/strong> \u2013 narz\u0119dzia, kt\u00f3re umo\u017cliwiaj\u0105 wizualne przedstawienie koncepcji.<\/p>\n\n\n\n<p><strong>Moodboard<\/strong> to kola\u017c inspiracji \u2013 zestawienie zdj\u0119\u0107, kolor\u00f3w, faktur i materia\u0142\u00f3w, kt\u00f3re:<\/p>\n\n\n\n<ul class=\"wp-block-list\">\n<li>Pozwala klientowi <strong>poczu\u0107 atmosfer\u0119 przysz\u0142ego wn\u0119trza<\/strong><\/li>\n\n\n\n<li>Stanowi dla projektanta <strong>punkt odniesienia<\/strong> i pomaga utrzyma\u0107 sp\u00f3jno\u015b\u0107 koncepcji<\/li>\n<\/ul>\n\n\n\n<p><strong>Wizualizacje 3D<\/strong> id\u0105 o krok dalej \u2013 prezentuj\u0105 projekt w realistycznej, tr\u00f3jwymiarowej formie, co umo\u017cliwia:<\/p>\n\n\n\n<ul class=\"wp-block-list\">\n<li><strong>Wirtualne \u201ewej\u015bcie\u201d do zaprojektowanej przestrzeni<\/strong><\/li>\n\n\n\n<li>Ocen\u0119 <strong>uk\u0142adu mebli, o\u015bwietlenia i kolorystyki<\/strong> w r\u00f3\u017cnych porach dnia<\/li>\n\n\n\n<li><strong>Minimalizacj\u0119 ryzyka nieporozumie\u0144<\/strong> i kosztownych zmian na p\u00f3\u017aniejszym etapie<\/li>\n<\/ul>\n\n\n\n<p>To narz\u0119dzia, kt\u00f3re nie tylko u\u0142atwiaj\u0105 komunikacj\u0119, ale te\u017c <strong>buduj\u0105 zaufanie i zaanga\u017cowanie klienta<\/strong> w proces tw\u00f3rczy.<\/p>\n\n\n\n<h3 class=\"wp-block-heading\">Platforma CUDO.co do zarz\u0105dzania dokumentacj\u0105 i komunikacj\u0105<\/h3>\n\n\n\n<p><strong>CUDO.co<\/strong> to platforma, kt\u00f3ra <strong>rewolucjonizuje zarz\u0105dzanie projektami wn\u0119trz<\/strong>. Koniec z chaosem w skrzynce mailowej i plikami rozproszonymi po r\u00f3\u017cnych folderach \u2013 wszystko znajduje si\u0119 w jednym, uporz\u0105dkowanym miejscu.<\/p>\n\n\n\n<p>Najwa\u017cniejsze funkcje platformy CUDO.co:<\/p>\n\n\n\n<ul class=\"wp-block-list\">\n<li><strong>Udost\u0119pnianie plan\u00f3w, wizualizacji i kosztorys\u00f3w<\/strong> w czasie rzeczywistym<\/li>\n\n\n\n<li><strong>Mo\u017cliwo\u015b\u0107 komentowania i zatwierdzania dokument\u00f3w<\/strong> przez klient\u00f3w bez op\u00f3\u017anie\u0144<\/li>\n\n\n\n<li><strong>Tworzenie harmonogram\u00f3w<\/strong> i przypisywanie zada\u0144 cz\u0142onkom zespo\u0142u<\/li>\n\n\n\n<li><strong>Archiwizacja dokument\u00f3w<\/strong> i pe\u0142na historia projektu<\/li>\n<\/ul>\n\n\n\n<p>Dzi\u0119ki temu projektanci mog\u0105 skupi\u0107 si\u0119 na <strong>tw\u00f3rczej stronie swojej pracy<\/strong>, maj\u0105c jednocze\u015bnie pewno\u015b\u0107, \u017ce <strong>organizacja i komunikacja s\u0105 pod pe\u0142n\u0105 kontrol\u0105<\/strong>. Prosto, przejrzy\u015bcie i bez stresu.<\/p>\n\n\n\n<h3 class=\"wp-block-heading\">Kosztorys i lista wyposa\u017cenia jako narz\u0119dzia kontroli bud\u017cetu<\/h3>\n\n\n\n<p><strong>Bud\u017cet<\/strong> to jeden z najwa\u017cniejszych, a zarazem najbardziej wra\u017cliwych aspekt\u00f3w ka\u017cdego projektu. Dlatego <strong>dobrze przygotowany kosztorys<\/strong> to nie tylko zestawienie wydatk\u00f3w, ale przede wszystkim <strong>narz\u0119dzie strategiczne<\/strong>, kt\u00f3re pozwala:<\/p>\n\n\n\n<ul class=\"wp-block-list\">\n<li><strong>Zaplanowa\u0107 ka\u017cdy wydatek<\/strong> z wyprzedzeniem<\/li>\n\n\n\n<li><strong>Unikn\u0105\u0107 finansowych niespodzianek<\/strong> w trakcie realizacji<\/li>\n\n\n\n<li><strong>Zachowa\u0107 pe\u0142n\u0105 kontrol\u0119 nad inwestycj\u0105<\/strong><\/li>\n<\/ul>\n\n\n\n<p>Kosztorys zawiera szczeg\u00f3\u0142owe informacje o:<\/p>\n\n\n\n<ul class=\"wp-block-list\">\n<li><strong>Cenach materia\u0142\u00f3w<\/strong><\/li>\n\n\n\n<li><strong>Kosztach robocizny<\/strong><\/li>\n\n\n\n<li><strong>Potencjalnych wydatkach dodatkowych<\/strong><\/li>\n<\/ul>\n\n\n\n<p>R\u00f3wnie wa\u017cna jest <strong>lista wyposa\u017cenia<\/strong> \u2013 szczeg\u00f3\u0142owy spis wszystkich element\u00f3w, kt\u00f3re znajd\u0105 si\u0119 w projekcie, takich jak:<\/p>\n\n\n\n<ul class=\"wp-block-list\">\n<li><strong>Meble<\/strong><\/li>\n\n\n\n<li><strong>O\u015bwietlenie<\/strong><\/li>\n\n\n\n<li><strong>Dodatki i dekoracje<\/strong><\/li>\n<\/ul>\n\n\n\n<p>Dzi\u0119ki niej mo\u017cna <strong>lepiej zaplanowa\u0107 zakupy, unikn\u0105\u0107 pomy\u0142ek i przyspieszy\u0107 realizacj\u0119<\/strong>. Efekt? <strong>Wi\u0119cej kontroli, mniej stresu i rezultat, kt\u00f3ry spe\u0142nia oczekiwania \u2013 zar\u00f3wno estetyczne, jak i finansowe<\/strong>.<\/p>\n\n\n\n<figure class=\"wp-block-image size-full\"><a href=\"https:\/\/proplo.pl\/profile\/maka-architekci\/projekt\/kobiece-mieszkanie-w-centrum-miasta-2201\"><img loading=\"lazy\" decoding=\"async\" width=\"1200\" height=\"800\" src=\"https:\/\/proplo.pl\/blog\/wp-content\/uploads\/2025\/08\/Jak-wspo\u0301lpracowac\u0301-z-projektantem-wne\u0328trz.png\" alt=\"Wn\u0119trze jadalni z bia\u0142ym sto\u0142em, drewnianymi krzes\u0142ami i nowoczesnym o\u015bwietleniem.\" class=\"wp-image-1284\" srcset=\"https:\/\/proplo.pl\/blog\/wp-content\/uploads\/2025\/08\/Jak-wspo\u0301lpracowac\u0301-z-projektantem-wne\u0328trz.png 1200w, https:\/\/proplo.pl\/blog\/wp-content\/uploads\/2025\/08\/Jak-wspo\u0301lpracowac\u0301-z-projektantem-wne\u0328trz-300x200.png 300w, https:\/\/proplo.pl\/blog\/wp-content\/uploads\/2025\/08\/Jak-wspo\u0301lpracowac\u0301-z-projektantem-wne\u0328trz-768x512.png 768w, https:\/\/proplo.pl\/blog\/wp-content\/uploads\/2025\/08\/Jak-wspo\u0301lpracowac\u0301-z-projektantem-wne\u0328trz-1024x683.png 1024w, https:\/\/proplo.pl\/blog\/wp-content\/uploads\/2025\/08\/Jak-wspo\u0301lpracowac\u0301-z-projektantem-wne\u0328trz-480x320.png 480w\" sizes=\"auto, (max-width: 1200px) 100vw, 1200px\" \/><\/a><figcaption class=\"wp-element-caption\">Projekt: <a href=\"https:\/\/proplo.pl\/profile\/maka-architekci\">Maka architekci<\/a><\/figcaption><\/figure>\n\n\n\n<h2 class=\"wp-block-heading\">Dobre praktyki i wskaz\u00f3wki dla inwestora<\/h2>\n\n\n\n<p>Wsp\u00f3\u0142praca z projektantem wn\u0119trz to znacznie wi\u0119cej ni\u017c tylko dba\u0142o\u015b\u0107 o estetyk\u0119. <strong>To proces oparty na dialogu, zaufaniu i wsp\u00f3lnym d\u0105\u017ceniu do celu<\/strong>. Dobre praktyki i wskaz\u00f3wki dla inwestora to zbi\u00f3r kluczowych zasad, kt\u00f3re mog\u0105 przes\u0105dzi\u0107 o sukcesie ca\u0142ego przedsi\u0119wzi\u0119cia.<\/p>\n\n\n\n<p><strong>Od czego zacz\u0105\u0107?<\/strong> Przede wszystkim od jasnego okre\u015blenia swoich potrzeb i oczekiwa\u0144. Zastan\u00f3w si\u0119, jak ma wygl\u0105da\u0107 Twoja przestrze\u0144, jakie funkcje ma spe\u0142nia\u0107. Jednocze\u015bnie <strong>pozosta\u0144 otwarty na sugestie projektanta<\/strong> \u2013 jego do\u015bwiadczenie mo\u017ce wnie\u015b\u0107 \u015bwie\u017ce spojrzenie i zainspirowa\u0107 do zmian, kt\u00f3re pozytywnie zaskocz\u0105.<\/p>\n\n\n\n<p>Nie mniej wa\u017cne jest <strong>realistyczne podej\u015bcie do bud\u017cetu<\/strong> oraz szczera rozmowa ju\u017c na samym pocz\u0105tku wsp\u00f3\u0142pracy. <strong>Transparentno\u015b\u0107 i otwarto\u015b\u0107<\/strong> to fundamenty, kt\u00f3re pozwalaj\u0105 unikn\u0105\u0107 nieporozumie\u0144 i sprawiaj\u0105, \u017ce ca\u0142y proces \u2013 od koncepcji po realizacj\u0119 \u2013 przebiega sprawnie i bez zb\u0119dnych napi\u0119\u0107.<\/p>\n\n\n\n<h3 class=\"wp-block-heading\">Jak skutecznie komunikowa\u0107 si\u0119 z projektantem<\/h3>\n\n\n\n<p><strong>Dobra komunikacja to podstawa udanej wsp\u00f3\u0142pracy<\/strong>. Je\u015bli zale\u017cy Ci na wn\u0119trzu, kt\u00f3re b\u0119dzie nie tylko estetyczne, ale i funkcjonalne, musisz zbudowa\u0107 z projektantem relacj\u0119 opart\u0105 na zaufaniu i otwarto\u015bci.<\/p>\n\n\n\n<p>Oto sprawdzone sposoby na skuteczn\u0105 komunikacj\u0119:<\/p>\n\n\n\n<ul class=\"wp-block-list\">\n<li><strong>Regularne spotkania<\/strong> \u2013 nawet kr\u00f3tkie rozmowy pomagaj\u0105 rozwiewa\u0107 w\u0105tpliwo\u015bci i utrzyma\u0107 sp\u00f3jno\u015b\u0107 wizji.<\/li>\n\n\n\n<li><strong>Jasne formu\u0142owanie oczekiwa\u0144<\/strong> \u2013 im bardziej konkretnie, tym lepiej projektant zrozumie Twoje potrzeby.<\/li>\n\n\n\n<li><strong>Terminowe odpowiadanie na pytania<\/strong> \u2013 unikanie op\u00f3\u017anie\u0144 w decyzjach przyspiesza ca\u0142y proces.<\/li>\n\n\n\n<li><strong>Wsp\u00f3lna przestrze\u0144 do dzielenia si\u0119 inspiracjami<\/strong> \u2013 np. tablica online, folder w chmurze lub dokument z linkami i zdj\u0119ciami.<\/li>\n<\/ul>\n\n\n\n<p><strong>Im lepiej si\u0119 zrozumiecie, tym wi\u0119ksza szansa na stworzenie wn\u0119trza, kt\u00f3re b\u0119dzie naprawd\u0119 Twoje<\/strong>. A przecie\u017c w\u0142a\u015bnie o to chodzi.<\/p>\n\n\n\n<h3 class=\"wp-block-heading\">Jakie informacje warto przygotowa\u0107 przed rozpocz\u0119ciem wsp\u00f3\u0142pracy<\/h3>\n\n\n\n<p><strong>Dobre przygotowanie to po\u0142owa sukcesu<\/strong>. Im wi\u0119cej konkret\u00f3w przeka\u017cesz projektantowi na pocz\u0105tku, tym \u0142atwiej b\u0119dzie mu stworzy\u0107 przestrze\u0144 dopasowan\u0105 do Ciebie \u2013 zar\u00f3wno pod wzgl\u0119dem estetyki, jak i funkcjonalno\u015bci.<\/p>\n\n\n\n<p>Przygotuj nast\u0119puj\u0105ce informacje:<\/p>\n\n\n\n<ul class=\"wp-block-list\">\n<li><strong>Opis stylu \u017cycia<\/strong> \u2013 jak mieszkasz, pracujesz, sp\u0119dzasz wolny czas.<\/li>\n\n\n\n<li><strong>Preferencje estetyczne<\/strong> \u2013 ulubione kolory, materia\u0142y, style oraz te, kt\u00f3rych chcesz unikn\u0105\u0107.<\/li>\n\n\n\n<li><strong>Informacje o u\u017cytkowaniu przestrzeni<\/strong> \u2013 np. czy pracujesz zdalnie, czy cz\u0119sto gotujesz, czy masz dzieci lub zwierz\u0119ta.<\/li>\n\n\n\n<li><strong>Inspiracje<\/strong> \u2013 zdj\u0119cia, moodboardy, linki do projekt\u00f3w, kt\u00f3re Ci si\u0119 podobaj\u0105.<\/li>\n\n\n\n<li><strong>Realistyczny bud\u017cet<\/strong> \u2013 z uwzgl\u0119dnieniem ewentualnych ogranicze\u0144 i rezerwy na nieprzewidziane wydatki.<\/li>\n<\/ul>\n\n\n\n<p>Warto r\u00f3wnie\u017c wype\u0142ni\u0107 <strong>ankiet\u0119 projektow\u0105<\/strong>, je\u015bli biuro projektowe j\u0105 oferuje. Taki brief to dla projektanta <strong>mapa prowadz\u0105ca do celu<\/strong> \u2013 pozwala unikn\u0105\u0107 nieporozumie\u0144 i przyspiesza ca\u0142y proces.<\/p>\n\n\n\n<h3 class=\"wp-block-heading\">Jak unika\u0107 nieporozumie\u0144 i op\u00f3\u017anie\u0144 w realizacji<\/h3>\n\n\n\n<p><strong>Nieporozumienia i op\u00f3\u017anienia to najcz\u0119stsze \u017ar\u00f3d\u0142a frustracji<\/strong> w trakcie realizacji projektu. Na szcz\u0119\u015bcie mo\u017cna ich skutecznie unikn\u0105\u0107, stosuj\u0105c kilka prostych zasad.<\/p>\n\n\n\n<p>Oto, co warto zrobi\u0107, by zminimalizowa\u0107 ryzyko problem\u00f3w:<\/p>\n\n\n\n<ul class=\"wp-block-list\">\n<li><strong>Ustal zasady wsp\u00f3\u0142pracy na pocz\u0105tku<\/strong> \u2013 spiszcie je w formie umowy lub briefu.<\/li>\n\n\n\n<li><strong>Stw\u00f3rz harmonogram<\/strong> \u2013 z wyra\u017anie zaznaczonymi etapami i terminami kontrolnymi.<\/li>\n\n\n\n<li><strong>Ustal spos\u00f3b raportowania post\u0119p\u00f3w<\/strong> \u2013 np. cotygodniowe podsumowania lub spotkania online.<\/li>\n\n\n\n<li><strong>Zarezerwuj margines czasowy i finansowy<\/strong> \u2013 na nieprzewidziane sytuacje, kt\u00f3re mog\u0105 si\u0119 pojawi\u0107.<\/li>\n\n\n\n<li><strong>Aktualizuj informacje na bie\u017c\u0105co<\/strong> \u2013 i nie wahaj si\u0119 zadawa\u0107 pyta\u0144, gdy co\u015b budzi w\u0105tpliwo\u015bci.<\/li>\n<\/ul>\n\n\n\n<p><strong>Cho\u0107 mo\u017ce si\u0119 to wydawa\u0107 formalne, takie podej\u015bcie naprawd\u0119 si\u0119 op\u0142aca<\/strong>. Pozwala unikn\u0105\u0107 stresu, niepotrzebnych koszt\u00f3w i op\u00f3\u017anie\u0144, a projekt przebiega p\u0142ynnie \u2013 krok po kroku.<\/p>\n\n\n\n<h3 class=\"wp-block-heading\">Jak oceni\u0107 do\u015bwiadczenie i profesjonalizm projektanta wn\u0119trz<\/h3>\n\n\n\n<p><strong>Wyb\u00f3r projektanta wn\u0119trz to decyzja, kt\u00f3ra ma d\u0142ugofalowe konsekwencje<\/strong>. To osoba, kt\u00f3ra b\u0119dzie Ci towarzyszy\u0107 przez ca\u0142y proces \u2013 od koncepcji po realizacj\u0119. Dlatego warto dobrze oceni\u0107 jej kompetencje i styl pracy.<\/p>\n\n\n\n<p>Na co zwr\u00f3ci\u0107 uwag\u0119 przy wyborze projektanta?<\/p>\n\n\n\n<ul class=\"wp-block-list\">\n<li><strong>Portfolio<\/strong> \u2013 nie tylko estetyka, ale te\u017c funkcjonalno\u015b\u0107 i r\u00f3\u017cnorodno\u015b\u0107 projekt\u00f3w.<\/li>\n\n\n\n<li><strong>Elastyczno\u015b\u0107 stylistyczna<\/strong> \u2013 czy projektant potrafi dostosowa\u0107 si\u0119 do r\u00f3\u017cnych gust\u00f3w i potrzeb.<\/li>\n\n\n\n<li><strong>Opinie klient\u00f3w<\/strong> \u2013 najlepiej z r\u00f3\u017cnych \u017ar\u00f3de\u0142, nie tylko z medi\u00f3w spo\u0142eczno\u015bciowych.<\/li>\n\n\n\n<li><strong>Umiej\u0119tno\u015b\u0107 s\u0142uchania<\/strong> \u2013 i proponowania rozwi\u0105za\u0144, kt\u00f3re s\u0105 praktyczne i przemy\u015blane.<\/li>\n\n\n\n<li><strong>Profesjonalizm<\/strong> \u2013 widoczny na ka\u017cdym etapie wsp\u00f3\u0142pracy: od pierwszego kontaktu po finalny odbi\u00f3r projektu.<\/li>\n<\/ul>\n\n\n\n<p><strong>Dobry projektant to nie tylko osoba z dyplomem<\/strong>. To partner, kt\u00f3ry potrafi zrozumie\u0107 Twoje potrzeby, doradzi\u0107, a czasem nawet uchroni\u0107 Ci\u0119 przed nietrafionymi decyzjami. <strong>W\u0142a\u015bnie takiej osoby warto szuka\u0107<\/strong>.<audio autoplay=\"\"><\/audio><audio autoplay=\"\"><\/audio><\/p>\n\n\n\n<hr class=\"wp-block-separator has-alpha-channel-opacity\"\/>\n\n\n\n<p><strong>\u0179r\u00f3d\u0142a:<\/strong><\/p>\n\n\n<ol class=\"wp-block-footnotes\"><li id=\"0706a702-6a87-4993-8db3-50731792c600\"><a href=\"https:\/\/www.ikea.com\/pl\/pl\/planners\/kitchen-planner\/\">https:\/\/www.ikea.com\/pl\/pl\/planners\/kitchen-planner\/<\/a> <a href=\"#0706a702-6a87-4993-8db3-50731792c600-link\" aria-label=\"Przejd\u017a do przypisu 1\">\u21a9\ufe0e<\/a><\/li><\/ol>\n\n\n<p><\/p>\n","protected":false},"excerpt":{"rendered":"<p>Wsp\u00f3\u0142praca z projektantem wn\u0119trz to droga do funkcjonalnej i pi\u0119knej przestrzeni. Sprawd\u017a, jak si\u0119 przygotowa\u0107 i czego oczekiwa\u0107 na ka\u017cdym etapie.<\/p>\n","protected":false},"author":3,"featured_media":1278,"comment_status":"open","ping_status":"open","sticky":false,"template":"","format":"standard","meta":{"footnotes":"[{\"content\":\"<a href=\\\"https:\/\/www.ikea.com\/pl\/pl\/planners\/kitchen-planner\/\\\">https:\/\/www.ikea.com\/pl\/pl\/planners\/kitchen-planner\/<\/a>\",\"id\":\"0706a702-6a87-4993-8db3-50731792c600\"}]"},"categories":[15],"tags":[],"class_list":["post-1275","post","type-post","status-publish","format-standard","has-post-thumbnail","hentry","category-inne"],"acf":[],"yoast_head":"<!-- This site is optimized with the Yoast SEO plugin v27.5 - https:\/\/yoast.com\/product\/yoast-seo-wordpress\/ -->\n<title>Jak wsp\u00f3\u0142pracowa\u0107 z projektantem wn\u0119trz? - Proplo<\/title>\n<meta name=\"description\" content=\"Wsp\u00f3\u0142praca z projektantem wn\u0119trz to droga do funkcjonalnej i pi\u0119knej przestrzeni. Sprawd\u017a, jak si\u0119 przygotowa\u0107 i czego oczekiwa\u0107 na ka\u017cdym etapie.\" \/>\n<meta name=\"robots\" content=\"index, follow, max-snippet:-1, max-image-preview:large, max-video-preview:-1\" \/>\n<link rel=\"canonical\" href=\"https:\/\/proplo.pl\/blog\/jak-wspolpracowac-z-projektantem-wnetrz\/\" \/>\n<meta property=\"og:locale\" content=\"pl_PL\" \/>\n<meta property=\"og:type\" content=\"article\" \/>\n<meta property=\"og:title\" content=\"Jak wsp\u00f3\u0142pracowa\u0107 z projektantem wn\u0119trz? - Proplo\" \/>\n<meta property=\"og:description\" content=\"Wsp\u00f3\u0142praca z projektantem wn\u0119trz to droga do funkcjonalnej i pi\u0119knej przestrzeni. Sprawd\u017a, jak si\u0119 przygotowa\u0107 i czego oczekiwa\u0107 na ka\u017cdym etapie.\" \/>\n<meta property=\"og:url\" content=\"https:\/\/proplo.pl\/blog\/jak-wspolpracowac-z-projektantem-wnetrz\/\" \/>\n<meta property=\"og:site_name\" content=\"Poradnik wn\u0119trzarski - Proplo\" \/>\n<meta property=\"article:published_time\" content=\"2025-08-29T20:43:09+00:00\" \/>\n<meta property=\"og:image\" content=\"https:\/\/proplo.pl\/blog\/wp-content\/uploads\/2025\/08\/wspolpraca-z-projektantem-wnetrz.png\" \/>\n\t<meta property=\"og:image:width\" content=\"1200\" \/>\n\t<meta property=\"og:image:height\" content=\"800\" \/>\n\t<meta property=\"og:image:type\" content=\"image\/png\" \/>\n<meta name=\"author\" content=\"Proplo\" \/>\n<meta name=\"twitter:card\" content=\"summary_large_image\" \/>\n<meta name=\"twitter:label1\" content=\"Napisane przez\" \/>\n\t<meta name=\"twitter:data1\" content=\"Proplo\" \/>\n\t<meta name=\"twitter:label2\" content=\"Szacowany czas czytania\" \/>\n\t<meta name=\"twitter:data2\" content=\"20 minut\" \/>\n<script type=\"application\/ld+json\" class=\"yoast-schema-graph\">{\"@context\":\"https:\\\/\\\/schema.org\",\"@graph\":[{\"@type\":\"Article\",\"@id\":\"https:\\\/\\\/proplo.pl\\\/blog\\\/jak-wspolpracowac-z-projektantem-wnetrz\\\/#article\",\"isPartOf\":{\"@id\":\"https:\\\/\\\/proplo.pl\\\/blog\\\/jak-wspolpracowac-z-projektantem-wnetrz\\\/\"},\"author\":{\"name\":\"Proplo\",\"@id\":\"https:\\\/\\\/proplo.pl\\\/blog\\\/#\\\/schema\\\/person\\\/c13af99097d24e9fc2b86b838c0fd0e1\"},\"headline\":\"Jak wsp\u00f3\u0142pracowa\u0107 z projektantem wn\u0119trz?\",\"datePublished\":\"2025-08-29T20:43:09+00:00\",\"mainEntityOfPage\":{\"@id\":\"https:\\\/\\\/proplo.pl\\\/blog\\\/jak-wspolpracowac-z-projektantem-wnetrz\\\/\"},\"wordCount\":3695,\"commentCount\":0,\"image\":{\"@id\":\"https:\\\/\\\/proplo.pl\\\/blog\\\/jak-wspolpracowac-z-projektantem-wnetrz\\\/#primaryimage\"},\"thumbnailUrl\":\"https:\\\/\\\/proplo.pl\\\/blog\\\/wp-content\\\/uploads\\\/2025\\\/08\\\/wspolpraca-z-projektantem-wnetrz.png\",\"articleSection\":[\"Inne\"],\"inLanguage\":\"pl-PL\",\"potentialAction\":[{\"@type\":\"CommentAction\",\"name\":\"Comment\",\"target\":[\"https:\\\/\\\/proplo.pl\\\/blog\\\/jak-wspolpracowac-z-projektantem-wnetrz\\\/#respond\"]}]},{\"@type\":\"WebPage\",\"@id\":\"https:\\\/\\\/proplo.pl\\\/blog\\\/jak-wspolpracowac-z-projektantem-wnetrz\\\/\",\"url\":\"https:\\\/\\\/proplo.pl\\\/blog\\\/jak-wspolpracowac-z-projektantem-wnetrz\\\/\",\"name\":\"Jak wsp\u00f3\u0142pracowa\u0107 z projektantem wn\u0119trz? - Proplo\",\"isPartOf\":{\"@id\":\"https:\\\/\\\/proplo.pl\\\/blog\\\/#website\"},\"primaryImageOfPage\":{\"@id\":\"https:\\\/\\\/proplo.pl\\\/blog\\\/jak-wspolpracowac-z-projektantem-wnetrz\\\/#primaryimage\"},\"image\":{\"@id\":\"https:\\\/\\\/proplo.pl\\\/blog\\\/jak-wspolpracowac-z-projektantem-wnetrz\\\/#primaryimage\"},\"thumbnailUrl\":\"https:\\\/\\\/proplo.pl\\\/blog\\\/wp-content\\\/uploads\\\/2025\\\/08\\\/wspolpraca-z-projektantem-wnetrz.png\",\"datePublished\":\"2025-08-29T20:43:09+00:00\",\"author\":{\"@id\":\"https:\\\/\\\/proplo.pl\\\/blog\\\/#\\\/schema\\\/person\\\/c13af99097d24e9fc2b86b838c0fd0e1\"},\"description\":\"Wsp\u00f3\u0142praca z projektantem wn\u0119trz to droga do funkcjonalnej i pi\u0119knej przestrzeni. Sprawd\u017a, jak si\u0119 przygotowa\u0107 i czego oczekiwa\u0107 na ka\u017cdym etapie.\",\"breadcrumb\":{\"@id\":\"https:\\\/\\\/proplo.pl\\\/blog\\\/jak-wspolpracowac-z-projektantem-wnetrz\\\/#breadcrumb\"},\"inLanguage\":\"pl-PL\",\"potentialAction\":[{\"@type\":\"ReadAction\",\"target\":[\"https:\\\/\\\/proplo.pl\\\/blog\\\/jak-wspolpracowac-z-projektantem-wnetrz\\\/\"]}]},{\"@type\":\"ImageObject\",\"inLanguage\":\"pl-PL\",\"@id\":\"https:\\\/\\\/proplo.pl\\\/blog\\\/jak-wspolpracowac-z-projektantem-wnetrz\\\/#primaryimage\",\"url\":\"https:\\\/\\\/proplo.pl\\\/blog\\\/wp-content\\\/uploads\\\/2025\\\/08\\\/wspolpraca-z-projektantem-wnetrz.png\",\"contentUrl\":\"https:\\\/\\\/proplo.pl\\\/blog\\\/wp-content\\\/uploads\\\/2025\\\/08\\\/wspolpraca-z-projektantem-wnetrz.png\",\"width\":1200,\"height\":800,\"caption\":\"Wn\u0119trze gabinetu z nowoczesnym i tradycyjnym stylem, zielone akcenty, drewniane meble.\"},{\"@type\":\"BreadcrumbList\",\"@id\":\"https:\\\/\\\/proplo.pl\\\/blog\\\/jak-wspolpracowac-z-projektantem-wnetrz\\\/#breadcrumb\",\"itemListElement\":[{\"@type\":\"ListItem\",\"position\":1,\"name\":\"Proplo\",\"item\":\"https:\\\/\\\/proplo.pl\"},{\"@type\":\"ListItem\",\"position\":2,\"name\":\"Poradnik wn\u0119trzarski\",\"item\":\"https:\\\/\\\/proplo.pl\\\/blog\\\/\"},{\"@type\":\"ListItem\",\"position\":3,\"name\":\"Jak wsp\u00f3\u0142pracowa\u0107 z projektantem wn\u0119trz?\"}]},{\"@type\":\"WebSite\",\"@id\":\"https:\\\/\\\/proplo.pl\\\/blog\\\/#website\",\"url\":\"https:\\\/\\\/proplo.pl\\\/blog\\\/\",\"name\":\"Blog Proplo\",\"description\":\"\",\"potentialAction\":[{\"@type\":\"SearchAction\",\"target\":{\"@type\":\"EntryPoint\",\"urlTemplate\":\"https:\\\/\\\/proplo.pl\\\/blog\\\/?s={search_term_string}\"},\"query-input\":{\"@type\":\"PropertyValueSpecification\",\"valueRequired\":true,\"valueName\":\"search_term_string\"}}],\"inLanguage\":\"pl-PL\"},{\"@type\":\"Person\",\"@id\":\"https:\\\/\\\/proplo.pl\\\/blog\\\/#\\\/schema\\\/person\\\/c13af99097d24e9fc2b86b838c0fd0e1\",\"name\":\"Proplo\",\"image\":{\"@type\":\"ImageObject\",\"inLanguage\":\"pl-PL\",\"@id\":\"https:\\\/\\\/secure.gravatar.com\\\/avatar\\\/176f908138148facd74b7d78fc677b53b24a54b63aacd8fc4e81a4da926e5f28?s=96&d=mm&r=g\",\"url\":\"https:\\\/\\\/secure.gravatar.com\\\/avatar\\\/176f908138148facd74b7d78fc677b53b24a54b63aacd8fc4e81a4da926e5f28?s=96&d=mm&r=g\",\"contentUrl\":\"https:\\\/\\\/secure.gravatar.com\\\/avatar\\\/176f908138148facd74b7d78fc677b53b24a54b63aacd8fc4e81a4da926e5f28?s=96&d=mm&r=g\",\"caption\":\"Proplo\"},\"url\":\"https:\\\/\\\/proplo.pl\\\/blog\\\/author\\\/r-marciniak\\\/\"}]}<\/script>\n<!-- \/ Yoast SEO plugin. -->","yoast_head_json":{"title":"Jak wsp\u00f3\u0142pracowa\u0107 z projektantem wn\u0119trz? - Proplo","description":"Wsp\u00f3\u0142praca z projektantem wn\u0119trz to droga do funkcjonalnej i pi\u0119knej przestrzeni. Sprawd\u017a, jak si\u0119 przygotowa\u0107 i czego oczekiwa\u0107 na ka\u017cdym etapie.","robots":{"index":"index","follow":"follow","max-snippet":"max-snippet:-1","max-image-preview":"max-image-preview:large","max-video-preview":"max-video-preview:-1"},"canonical":"https:\/\/proplo.pl\/blog\/jak-wspolpracowac-z-projektantem-wnetrz\/","og_locale":"pl_PL","og_type":"article","og_title":"Jak wsp\u00f3\u0142pracowa\u0107 z projektantem wn\u0119trz? - Proplo","og_description":"Wsp\u00f3\u0142praca z projektantem wn\u0119trz to droga do funkcjonalnej i pi\u0119knej przestrzeni. Sprawd\u017a, jak si\u0119 przygotowa\u0107 i czego oczekiwa\u0107 na ka\u017cdym etapie.","og_url":"https:\/\/proplo.pl\/blog\/jak-wspolpracowac-z-projektantem-wnetrz\/","og_site_name":"Poradnik wn\u0119trzarski - Proplo","article_published_time":"2025-08-29T20:43:09+00:00","og_image":[{"width":1200,"height":800,"url":"https:\/\/proplo.pl\/blog\/wp-content\/uploads\/2025\/08\/wspolpraca-z-projektantem-wnetrz.png","type":"image\/png"}],"author":"Proplo","twitter_card":"summary_large_image","twitter_misc":{"Napisane przez":"Proplo","Szacowany czas czytania":"20 minut"},"schema":{"@context":"https:\/\/schema.org","@graph":[{"@type":"Article","@id":"https:\/\/proplo.pl\/blog\/jak-wspolpracowac-z-projektantem-wnetrz\/#article","isPartOf":{"@id":"https:\/\/proplo.pl\/blog\/jak-wspolpracowac-z-projektantem-wnetrz\/"},"author":{"name":"Proplo","@id":"https:\/\/proplo.pl\/blog\/#\/schema\/person\/c13af99097d24e9fc2b86b838c0fd0e1"},"headline":"Jak wsp\u00f3\u0142pracowa\u0107 z projektantem wn\u0119trz?","datePublished":"2025-08-29T20:43:09+00:00","mainEntityOfPage":{"@id":"https:\/\/proplo.pl\/blog\/jak-wspolpracowac-z-projektantem-wnetrz\/"},"wordCount":3695,"commentCount":0,"image":{"@id":"https:\/\/proplo.pl\/blog\/jak-wspolpracowac-z-projektantem-wnetrz\/#primaryimage"},"thumbnailUrl":"https:\/\/proplo.pl\/blog\/wp-content\/uploads\/2025\/08\/wspolpraca-z-projektantem-wnetrz.png","articleSection":["Inne"],"inLanguage":"pl-PL","potentialAction":[{"@type":"CommentAction","name":"Comment","target":["https:\/\/proplo.pl\/blog\/jak-wspolpracowac-z-projektantem-wnetrz\/#respond"]}]},{"@type":"WebPage","@id":"https:\/\/proplo.pl\/blog\/jak-wspolpracowac-z-projektantem-wnetrz\/","url":"https:\/\/proplo.pl\/blog\/jak-wspolpracowac-z-projektantem-wnetrz\/","name":"Jak wsp\u00f3\u0142pracowa\u0107 z projektantem wn\u0119trz? - Proplo","isPartOf":{"@id":"https:\/\/proplo.pl\/blog\/#website"},"primaryImageOfPage":{"@id":"https:\/\/proplo.pl\/blog\/jak-wspolpracowac-z-projektantem-wnetrz\/#primaryimage"},"image":{"@id":"https:\/\/proplo.pl\/blog\/jak-wspolpracowac-z-projektantem-wnetrz\/#primaryimage"},"thumbnailUrl":"https:\/\/proplo.pl\/blog\/wp-content\/uploads\/2025\/08\/wspolpraca-z-projektantem-wnetrz.png","datePublished":"2025-08-29T20:43:09+00:00","author":{"@id":"https:\/\/proplo.pl\/blog\/#\/schema\/person\/c13af99097d24e9fc2b86b838c0fd0e1"},"description":"Wsp\u00f3\u0142praca z projektantem wn\u0119trz to droga do funkcjonalnej i pi\u0119knej przestrzeni. Sprawd\u017a, jak si\u0119 przygotowa\u0107 i czego oczekiwa\u0107 na ka\u017cdym etapie.","breadcrumb":{"@id":"https:\/\/proplo.pl\/blog\/jak-wspolpracowac-z-projektantem-wnetrz\/#breadcrumb"},"inLanguage":"pl-PL","potentialAction":[{"@type":"ReadAction","target":["https:\/\/proplo.pl\/blog\/jak-wspolpracowac-z-projektantem-wnetrz\/"]}]},{"@type":"ImageObject","inLanguage":"pl-PL","@id":"https:\/\/proplo.pl\/blog\/jak-wspolpracowac-z-projektantem-wnetrz\/#primaryimage","url":"https:\/\/proplo.pl\/blog\/wp-content\/uploads\/2025\/08\/wspolpraca-z-projektantem-wnetrz.png","contentUrl":"https:\/\/proplo.pl\/blog\/wp-content\/uploads\/2025\/08\/wspolpraca-z-projektantem-wnetrz.png","width":1200,"height":800,"caption":"Wn\u0119trze gabinetu z nowoczesnym i tradycyjnym stylem, zielone akcenty, drewniane meble."},{"@type":"BreadcrumbList","@id":"https:\/\/proplo.pl\/blog\/jak-wspolpracowac-z-projektantem-wnetrz\/#breadcrumb","itemListElement":[{"@type":"ListItem","position":1,"name":"Proplo","item":"https:\/\/proplo.pl"},{"@type":"ListItem","position":2,"name":"Poradnik wn\u0119trzarski","item":"https:\/\/proplo.pl\/blog\/"},{"@type":"ListItem","position":3,"name":"Jak wsp\u00f3\u0142pracowa\u0107 z projektantem wn\u0119trz?"}]},{"@type":"WebSite","@id":"https:\/\/proplo.pl\/blog\/#website","url":"https:\/\/proplo.pl\/blog\/","name":"Blog Proplo","description":"","potentialAction":[{"@type":"SearchAction","target":{"@type":"EntryPoint","urlTemplate":"https:\/\/proplo.pl\/blog\/?s={search_term_string}"},"query-input":{"@type":"PropertyValueSpecification","valueRequired":true,"valueName":"search_term_string"}}],"inLanguage":"pl-PL"},{"@type":"Person","@id":"https:\/\/proplo.pl\/blog\/#\/schema\/person\/c13af99097d24e9fc2b86b838c0fd0e1","name":"Proplo","image":{"@type":"ImageObject","inLanguage":"pl-PL","@id":"https:\/\/secure.gravatar.com\/avatar\/176f908138148facd74b7d78fc677b53b24a54b63aacd8fc4e81a4da926e5f28?s=96&d=mm&r=g","url":"https:\/\/secure.gravatar.com\/avatar\/176f908138148facd74b7d78fc677b53b24a54b63aacd8fc4e81a4da926e5f28?s=96&d=mm&r=g","contentUrl":"https:\/\/secure.gravatar.com\/avatar\/176f908138148facd74b7d78fc677b53b24a54b63aacd8fc4e81a4da926e5f28?s=96&d=mm&r=g","caption":"Proplo"},"url":"https:\/\/proplo.pl\/blog\/author\/r-marciniak\/"}]}},"_links":{"self":[{"href":"https:\/\/proplo.pl\/blog\/wp-json\/wp\/v2\/posts\/1275","targetHints":{"allow":["GET"]}}],"collection":[{"href":"https:\/\/proplo.pl\/blog\/wp-json\/wp\/v2\/posts"}],"about":[{"href":"https:\/\/proplo.pl\/blog\/wp-json\/wp\/v2\/types\/post"}],"author":[{"embeddable":true,"href":"https:\/\/proplo.pl\/blog\/wp-json\/wp\/v2\/users\/3"}],"replies":[{"embeddable":true,"href":"https:\/\/proplo.pl\/blog\/wp-json\/wp\/v2\/comments?post=1275"}],"version-history":[{"count":6,"href":"https:\/\/proplo.pl\/blog\/wp-json\/wp\/v2\/posts\/1275\/revisions"}],"predecessor-version":[{"id":1286,"href":"https:\/\/proplo.pl\/blog\/wp-json\/wp\/v2\/posts\/1275\/revisions\/1286"}],"wp:featuredmedia":[{"embeddable":true,"href":"https:\/\/proplo.pl\/blog\/wp-json\/wp\/v2\/media\/1278"}],"wp:attachment":[{"href":"https:\/\/proplo.pl\/blog\/wp-json\/wp\/v2\/media?parent=1275"}],"wp:term":[{"taxonomy":"category","embeddable":true,"href":"https:\/\/proplo.pl\/blog\/wp-json\/wp\/v2\/categories?post=1275"},{"taxonomy":"post_tag","embeddable":true,"href":"https:\/\/proplo.pl\/blog\/wp-json\/wp\/v2\/tags?post=1275"}],"curies":[{"name":"wp","href":"https:\/\/api.w.org\/{rel}","templated":true}]}}