{"id":1264,"date":"2025-08-29T10:16:40","date_gmt":"2025-08-29T09:16:40","guid":{"rendered":"https:\/\/proplo.pl\/blog\/?p=1264"},"modified":"2025-08-29T10:16:41","modified_gmt":"2025-08-29T09:16:41","slug":"slow-design","status":"publish","type":"post","link":"https:\/\/proplo.pl\/blog\/slow-design\/","title":{"rendered":"Jak uzyska\u0107 wn\u0119trze utrzymane w duchu slow design?"},"content":{"rendered":"<div class=\"you-find-content\">\r\n    <div class=\"container-xl container-wrapper\">\r\n        <div class=\"row design\">\r\n            <div class=\"col-md-12 wrapper \">\r\n                <div class=\"title\"><p>Z tego artyku\u0142u dowiesz si\u0119:<\/p>\n<\/div>\r\n                <div class=\"grid-wrapper\">\r\n                                                        <div class=\"block-list\">\r\n                        <div class=\"number\">\r\n                            1                        <\/div>\r\n                        <div class=\"text\">\r\n                            <p>Czym jest slow design i jakie s\u0105 jego g\u0142\u00f3wne za\u0142o\u017cenia?<\/p>\n                        <\/div>\r\n                    <\/div>\r\n                                        <div class=\"block-list\">\r\n                        <div class=\"number\">\r\n                            2                        <\/div>\r\n                        <div class=\"text\">\r\n                            <p>Jakie materia\u0142y i rozwi\u0105zania najlepiej wpisuj\u0105 si\u0119 w t\u0119 filozofi\u0119?<\/p>\n                        <\/div>\r\n                    <\/div>\r\n                                        <div class=\"block-list\">\r\n                        <div class=\"number\">\r\n                            3                        <\/div>\r\n                        <div class=\"text\">\r\n                            <p>W jaki spos\u00f3b slow design wspiera \u015brodowisko i lokalnych tw\u00f3rc\u00f3w?<\/p>\n                        <\/div>\r\n                    <\/div>\r\n                                        <div class=\"block-list\">\r\n                        <div class=\"number\">\r\n                            4                        <\/div>\r\n                        <div class=\"text\">\r\n                            <p>Jak aran\u017cacja zgodna z t\u0105 ide\u0105 wp\u0142ywa na codzienne samopoczucie i jako\u015b\u0107 \u017cycia?<\/p>\n                        <\/div>\r\n                    <\/div>\r\n                                                    <\/div>\r\n            <\/div>\r\n        <\/div>\r\n    <\/div>\r\n<\/div>\n\n\n<p>W \u015bwiecie, kt\u00f3ry nieustannie przyspiesza, coraz cz\u0119\u015bciej t\u0119sknimy za spokojem, chwil\u0105 ciszy i przestrzeni\u0105, w kt\u00f3rej mo\u017cna po prostu by\u0107. <strong>Slow design<\/strong> to odpowied\u017a na te potrzeby \u2014 nie tylko spos\u00f3b urz\u0105dzania wn\u0119trz, ale przede wszystkim <strong>\u015bwiadoma filozofia \u017cycia<\/strong>. \u0141\u0105czy w sobie estetyk\u0119 i uwa\u017cno\u015b\u0107, pi\u0119kno i trosk\u0119 o \u015brodowisko. <strong>To styl, kt\u00f3ry daje wytchnienie i przywraca r\u00f3wnowag\u0119<\/strong>.<\/p>\n\n\n\n<p>Slow design opiera si\u0119 na <strong>jako\u015bci, trwa\u0142o\u015bci i odpowiedzialno\u015bci<\/strong>. Nie pod\u0105\u017ca za chwilowymi trendami \u2014 <strong>stawia na ponadczasowo\u015b\u0107<\/strong>. Wn\u0119trza urz\u0105dzone w tym duchu bazuj\u0105 na kilku kluczowych filarach:<\/p>\n\n\n\n<ul class=\"wp-block-list\">\n<li><strong>Naturalne, ekologiczne materia\u0142y<\/strong> \u2014 drewno, len, we\u0142na, ceramika. To surowce, kt\u00f3re nie tylko pi\u0119knie si\u0119 starzej\u0105, ale te\u017c s\u0105 przyjazne dla \u015brodowiska.<\/li>\n\n\n\n<li><strong>Prostota form i funkcjonalno\u015b\u0107<\/strong> \u2014 estetyka, kt\u00f3ra u\u0142atwia codzienne \u017cycie i nie przyt\u0142acza nadmiarem.<\/li>\n\n\n\n<li><strong>Trwa\u0142e rozwi\u0105zania<\/strong> \u2014 zamiast sezonowych m\u00f3d, wyb\u00f3r element\u00f3w, kt\u00f3re przetrwaj\u0105 lata i nie strac\u0105 na warto\u015bci.<\/li>\n\n\n\n<li><strong>Wsparcie dla lokalnych tw\u00f3rc\u00f3w i zr\u00f3wnowa\u017cony rozw\u00f3j<\/strong> \u2014 wybieraj\u0105c lokalne produkty, wspierasz rzemios\u0142o i ograniczasz \u015blad w\u0119glowy.<\/li>\n<\/ul>\n\n\n\n<p><strong>Efekt?<\/strong> Przestrze\u0144, kt\u00f3ra nie tylko dobrze wygl\u0105da, ale te\u017c <strong>dobrze si\u0119 w niej \u017cyje<\/strong>. Taka, kt\u00f3ra koi zmys\u0142y, uspokaja my\u015bli i pozwala z\u0142apa\u0107 oddech. <strong>Slow design to nie tylko estetyka \u2014 to spos\u00f3b na lepsze samopoczucie i wi\u0119ksz\u0105 uwa\u017cno\u015b\u0107 w codzienno\u015bci<\/strong>.<\/p>\n\n\n\n<p>Wprowadzenie tej filozofii do domu to co\u015b wi\u0119cej ni\u017c zmiana mebli czy kolor\u00f3w \u015bcian. <strong>To decyzja, kt\u00f3ra wp\u0142ywa na relacje, rytm dnia i spos\u00f3b my\u015blenia<\/strong>. Gotowy, by spojrze\u0107 na swoje wn\u0119trze inaczej? <strong>Otw\u00f3rz si\u0119 na harmoni\u0119, prostot\u0119 i autentyczno\u015b\u0107<\/strong> \u2014 a zobaczysz, jak bardzo mo\u017ce si\u0119 zmieni\u0107 Twoja codzienno\u015b\u0107.<\/p>\n\n\n\n<figure class=\"wp-block-image\"><a href=\"https:\/\/proplo.pl\/profile\/modra-pracownia-magdalena-szymczak\/wakacyjne-wspomnienie-dom-w-zabudowie-blizniaczej-108-m2-1081\"><img decoding=\"async\" src=\"https:\/\/proplo.pl\/blog\/wp-content\/uploads\/2025\/02\/aranzacja-sypialni-dodatki.png\" alt=\"Wn\u0119trze sypialni w stylu boho, eklektycznym i rustykalnym z drewnianymi elementami.\"\/><\/a><\/figure>\n\n\n\n<p>Projekt: <a href=\"https:\/\/proplo.pl\/profile\/modra-pracownia-magdalena-szymczak\">MODRA pracownia Magdalena Szymczak<\/a><\/p>\n\n\n\n<h2 class=\"wp-block-heading\">Czym jest slow design i sk\u0105d si\u0119 wywodzi<\/h2>\n\n\n\n<p><strong>Slow design<\/strong> to nie tylko estetyka czy chwilowy trend w projektowaniu \u2013 to przede wszystkim <strong>\u015bwiadomy, uwa\u017cny i odpowiedzialny spos\u00f3b my\u015blenia<\/strong>. Narodzi\u0142 si\u0119 z potrzeby zwolnienia tempa i skupienia si\u0119 na tym, co naprawd\u0119 istotne: jako\u015bci, trwa\u0142o\u015bci oraz trosce o \u015brodowisko.<\/p>\n\n\n\n<p>Termin ten pojawi\u0142 si\u0119 po raz pierwszy w 2002 roku, a jego autorem by\u0142 brytyjski teoretyk designu, <strong>Alastair Fuad-Luke<\/strong><sup data-fn=\"5b6365e4-dce3-4379-a81d-df88fb48e0bc\" class=\"fn\"><a id=\"5b6365e4-dce3-4379-a81d-df88fb48e0bc-link\" href=\"#5b6365e4-dce3-4379-a81d-df88fb48e0bc\">1<\/a><\/sup>. Jego idea? <strong>Tworzy\u0107 przedmioty, kt\u00f3re nie tylko spe\u0142niaj\u0105 swoj\u0105 funkcj\u0119 i dobrze wygl\u0105daj\u0105, ale te\u017c maj\u0105 dusz\u0119<\/strong> \u2013 s\u0105 unikalne, trwa\u0142e i nios\u0105 ze sob\u0105 g\u0142\u0119bsze znaczenie.<\/p>\n\n\n\n<p>W centrum tej koncepcji le\u017cy przekonanie, \u017ce warto otacza\u0107 si\u0119 rzeczami, kt\u00f3re maj\u0105 dla nas warto\u015b\u0107 \u2013 zar\u00f3wno emocjonaln\u0105, jak i praktyczn\u0105. <strong>Slow design to projektowanie z sercem i \u015bwiadomo\u015bci\u0105<\/strong>. Zamiast \u015blepo goni\u0107 za mod\u0105, zadajemy sobie pytanie: \u201eCzy naprawd\u0119 tego potrzebuj\u0119?\u201d i szukamy rozwi\u0105za\u0144, kt\u00f3re s\u0105 dobre nie tylko dla nas, ale i dla planety.<\/p>\n\n\n\n<p><strong>To podej\u015bcie uczy uwa\u017cno\u015bci, odpowiedzialno\u015bci i \u2013 co wa\u017cne \u2013 nie rezygnuje przy tym ze stylu<\/strong>.<\/p>\n\n\n\n<h3 class=\"wp-block-heading\">Definicja i g\u0142\u00f3wne za\u0142o\u017cenia koncepcji<\/h3>\n\n\n\n<p><strong>Slow design<\/strong> to filozofia, kt\u00f3ra stawia na <strong>jako\u015b\u0107, indywidualno\u015b\u0107 i zr\u00f3wnowa\u017cony rozw\u00f3j<\/strong>. W przeciwie\u0144stwie do masowej produkcji, gdzie liczy si\u0119 ilo\u015b\u0107 i niska cena, tutaj chodzi o tworzenie rzeczy z dusz\u0105 \u2013 unikalnych, trwa\u0142ych i pe\u0142nych znaczenia.<\/p>\n\n\n\n<p>Podobnie jak <em>slow food<\/em> promuje lokalne, zdrowe jedzenie, tak <strong>slow design<\/strong> stawia na <strong>lokalne materia\u0142y i tradycyjne rzemios\u0142o<\/strong>. W efekcie:<\/p>\n\n\n\n<ul class=\"wp-block-list\">\n<li><strong>Wspiera lokalne spo\u0142eczno\u015bci<\/strong>, daj\u0105c im realne korzy\u015bci ekonomiczne i kulturowe,<\/li>\n\n\n\n<li><strong>Ogranicza \u015blad w\u0119glowy<\/strong> poprzez skr\u00f3cenie \u0142a\u0144cucha dostaw i wykorzystanie lokalnych zasob\u00f3w,<\/li>\n\n\n\n<li><strong>Tworzy przedmioty trwa\u0142e i funkcjonalne<\/strong>, kt\u00f3re s\u0142u\u017c\u0105 przez lata,<\/li>\n\n\n\n<li><strong>Buduje emocjonaln\u0105 wi\u0119\u017a z przedmiotami<\/strong>, kt\u00f3re staj\u0105 si\u0119 cz\u0119\u015bci\u0105 naszej codzienno\u015bci i historii.<\/li>\n<\/ul>\n\n\n\n<p>Co wyr\u00f3\u017cnia slow design?<\/p>\n\n\n\n<ul class=\"wp-block-list\">\n<li><strong>Priorytet jako\u015bci nad ilo\u015bci\u0105<\/strong>,<\/li>\n\n\n\n<li><strong>Promowanie lokalno\u015bci i r\u0119kodzie\u0142a<\/strong>,<\/li>\n\n\n\n<li><strong>Tworzenie rzeczy z warto\u015bci\u0105 emocjonaln\u0105<\/strong>,<\/li>\n\n\n\n<li><strong>\u015awiadome podej\u015bcie do konsumpcji<\/strong>,<\/li>\n\n\n\n<li><strong>Stawianie cz\u0142owieka i natury w centrum procesu tw\u00f3rczego<\/strong>.<\/li>\n<\/ul>\n\n\n\n<p>To podej\u015bcie inspiruje do tworzenia przedmiot\u00f3w, kt\u00f3re zostaj\u0105 z nami na lata \u2013 nie tylko jako narz\u0119dzia, ale te\u017c jako <strong>no\u015bniki wspomnie\u0144 i emocji<\/strong>. Przyk\u0142ad? <strong>R\u0119cznie wykonany st\u00f3\u0142 z lokalnego drewna<\/strong>, kt\u00f3ry z czasem staje si\u0119 cz\u0119\u015bci\u0105 rodzinnej historii. Brzmi znajomo? I pi\u0119knie.<\/p>\n\n\n\n<h3 class=\"wp-block-heading\">Powi\u0105zanie z filozofi\u0105 slow i slow life<\/h3>\n\n\n\n<p><strong>Slow design<\/strong> to bliski krewny filozofii <strong>slow life<\/strong> \u2013 stylu \u017cycia, kt\u00f3ry m\u00f3wi: \u201eZwolnij. Oddychaj. \u017byj w zgodzie ze sob\u0105 i natur\u0105\u201d.<\/p>\n\n\n\n<p>Filozofia <strong>slow life<\/strong> zach\u0119ca do:<\/p>\n\n\n\n<ul class=\"wp-block-list\">\n<li><strong>Uwa\u017cno\u015bci<\/strong> \u2013 bycia obecnym tu i teraz,<\/li>\n\n\n\n<li><strong>\u015awiadomych decyzji<\/strong> \u2013 wybierania tego, co naprawd\u0119 nam s\u0142u\u017cy,<\/li>\n\n\n\n<li><strong>\u017bycia w rytmie zgodnym z w\u0142asnymi potrzebami<\/strong>, a nie zewn\u0119trznymi oczekiwaniami.<\/li>\n<\/ul>\n\n\n\n<p>W projektowaniu oznacza to tworzenie przestrzeni, kt\u00f3re <strong>sprzyjaj\u0105 odpoczynkowi, refleksji i r\u00f3wnowadze<\/strong> \u2013 zar\u00f3wno tej wewn\u0119trznej, jak i zewn\u0119trznej. To wn\u0119trza, kt\u00f3re nie tylko dobrze wygl\u0105daj\u0105, ale te\u017c dobrze si\u0119 w nich \u017cyje. I to czu\u0107.<\/p>\n\n\n\n<p>Obie koncepcje \u2013 <strong>slow design i slow life<\/strong> \u2013 \u0142\u0105czy wsp\u00f3lna my\u015bl: <strong>\u017cyj i tw\u00f3rz \u015bwiadomie, z szacunkiem dla siebie i otoczenia<\/strong>. W praktyce oznacza to projektowanie, kt\u00f3re:<\/p>\n\n\n\n<ul class=\"wp-block-list\">\n<li><strong>Wspiera nasze samopoczucie<\/strong>,<\/li>\n\n\n\n<li><strong>Chroni \u015brodowisko<\/strong>,<\/li>\n\n\n\n<li><strong>Daje nam co\u015b wi\u0119cej ni\u017c tylko \u0142adny przedmiot<\/strong>.<\/li>\n<\/ul>\n\n\n\n<p>To filozofia, kt\u00f3ra przypomina, <strong>co naprawd\u0119 si\u0119 liczy \u2013 dzi\u015b, jutro i za wiele lat<\/strong>.<\/p>\n\n\n\n<figure class=\"wp-block-image size-full\"><a href=\"https:\/\/proplo.pl\/profile\/kh-works\/projekt\/projekt-domu-na-slasku-2070\"><img loading=\"lazy\" decoding=\"async\" width=\"1200\" height=\"800\" src=\"https:\/\/proplo.pl\/blog\/wp-content\/uploads\/2025\/07\/dom-w-stylu-wiejskim.png\" alt=\"Wn\u0119trze salonu w stylu dopamine decor, eklektycznym, industrialnym, rustykalnym i vintage.\" class=\"wp-image-1102\" srcset=\"https:\/\/proplo.pl\/blog\/wp-content\/uploads\/2025\/07\/dom-w-stylu-wiejskim.png 1200w, https:\/\/proplo.pl\/blog\/wp-content\/uploads\/2025\/07\/dom-w-stylu-wiejskim-300x200.png 300w, https:\/\/proplo.pl\/blog\/wp-content\/uploads\/2025\/07\/dom-w-stylu-wiejskim-768x512.png 768w, https:\/\/proplo.pl\/blog\/wp-content\/uploads\/2025\/07\/dom-w-stylu-wiejskim-1024x683.png 1024w, https:\/\/proplo.pl\/blog\/wp-content\/uploads\/2025\/07\/dom-w-stylu-wiejskim-480x320.png 480w\" sizes=\"auto, (max-width: 1200px) 100vw, 1200px\" \/><\/a><figcaption class=\"wp-element-caption\">Projekt: <a href=\"https:\/\/proplo.pl\/profile\/kh-works\">kh.works<\/a><\/figcaption><\/figure>\n\n\n\n<h2 class=\"wp-block-heading\">Zasady slow design wed\u0142ug Strauss i Fuad-Luke<\/h2>\n\n\n\n<p>W \u015bwiecie projektowania koncepcja <strong>slow design<\/strong>, opracowana przez <strong>Strauss i Fuad-Luke<\/strong><sup data-fn=\"bb2fdd2e-9b18-4908-95a5-6653e9c185cb\" class=\"fn\"><a id=\"bb2fdd2e-9b18-4908-95a5-6653e9c185cb-link\" href=\"#bb2fdd2e-9b18-4908-95a5-6653e9c185cb\">2<\/a><\/sup>, to znacznie wi\u0119cej ni\u017c estetyka. To <strong>filozofia projektowania zr\u00f3wnowa\u017conego, odpowiedzialnego i \u015bwiadomego<\/strong>, kt\u00f3ra \u0142\u0105czy pi\u0119kno z trosk\u0105 o \u015brodowisko, spo\u0142ecze\u0144stwo i przysz\u0142e pokolenia. Nie chodzi wy\u0142\u0105cznie o wygl\u0105d \u2013 <strong>liczy si\u0119 sens, wp\u0142yw i warto\u015b\u0107, jak\u0105 projekt wnosi do codziennego \u017cycia<\/strong>.<\/p>\n\n\n\n<p>W tym podej\u015bciu projektant przestaje by\u0107 jedynie tw\u00f3rc\u0105 atrakcyjnych form. <strong>Staje si\u0119 mediatorem<\/strong> \u2013 osob\u0105, kt\u00f3ra \u0142\u0105czy ludzkie potrzeby z ograniczeniami planety. To projektowanie z empati\u0105, \u015bwiadomo\u015bci\u0105, sercem i rozumem. <strong>To podej\u015bcie, kt\u00f3re realnie wp\u0142ywa na \u015bwiat wok\u00f3\u0142 nas<\/strong>.<\/p>\n\n\n\n<h3 class=\"wp-block-heading\">Sze\u015b\u0107 filar\u00f3w: reveal, expand, reflect, engage, participate, evolve<\/h3>\n\n\n\n<p>Filozofia slow design opiera si\u0119 na sze\u015bciu zasadach, kt\u00f3re tworz\u0105 sp\u00f3jn\u0105 i g\u0142\u0119boko przemy\u015blan\u0105 struktur\u0119 procesu tw\u00f3rczego:<\/p>\n\n\n\n<ul class=\"wp-block-list\">\n<li><strong>Reveal (ujawnianie)<\/strong> \u2013 zach\u0119ca do odkrywania ukrytych historii, znacze\u0144 i kontekst\u00f3w, kt\u00f3re nadaj\u0105 projektowi g\u0142\u0119bi\u0119 i autentyczno\u015b\u0107.<\/li>\n\n\n\n<li><strong>Expand (poszerzanie)<\/strong> \u2013 otwiera na r\u00f3\u017cnorodno\u015b\u0107 kulturow\u0105, spo\u0142eczn\u0105 i \u015brodowiskow\u0105, inspiruj\u0105c do tworzenia inkluzywnych i otwartych rozwi\u0105za\u0144.<\/li>\n\n\n\n<li><strong>Reflect (refleksja)<\/strong> \u2013 sk\u0142ania do przemy\u015blenia wp\u0142ywu projektu na \u015brodowisko i spo\u0142eczno\u015b\u0107, promuj\u0105c odpowiedzialno\u015b\u0107 i uwa\u017cno\u015b\u0107.<\/li>\n\n\n\n<li><strong>Engage (zaanga\u017cowanie)<\/strong> \u2013 podkre\u015bla znaczenie aktywnego udzia\u0142u u\u017cytkownik\u00f3w w procesie projektowym, traktuj\u0105c projekt jako relacj\u0119, a nie tylko form\u0119.<\/li>\n\n\n\n<li><strong>Participate (uczestnictwo)<\/strong> \u2013 zach\u0119ca do wsp\u00f3\u0142pracy z lokalnymi spo\u0142eczno\u015bciami, wsp\u00f3lnego tworzenia i dzielenia si\u0119 odpowiedzialno\u015bci\u0105 za efekt ko\u0144cowy.<\/li>\n\n\n\n<li><strong>Evolve (ewolucja)<\/strong> \u2013 przypomina, \u017ce projektowanie to proces dynamiczny, kt\u00f3ry powinien dostosowywa\u0107 si\u0119 do zmieniaj\u0105cego si\u0119 \u015bwiata.<\/li>\n<\/ul>\n\n\n\n<p><strong>To nie s\u0105 puste slogany<\/strong>. To konkretne drogowskazy, kt\u00f3re prowadz\u0105 do projekt\u00f3w <strong>pi\u0119knych, m\u0105drych i odpowiedzialnych<\/strong>. Takich, kt\u00f3re maj\u0105 znaczenie \u2013 dzi\u015b i w przysz\u0142o\u015bci.<\/p>\n\n\n\n<h3 class=\"wp-block-heading\">Jak zasady przek\u0142adaj\u0105 si\u0119 na praktyk\u0119 projektow\u0105<\/h3>\n\n\n\n<p>W praktyce slow design oznacza <strong>\u015bwiadome decyzje na ka\u017cdym etapie projektowania<\/strong> \u2013 od wyboru materia\u0142\u00f3w, przez techniki wykonania, a\u017c po spos\u00f3b u\u017cytkowania przestrzeni. Przyk\u0142ady takich dzia\u0142a\u0144 to:<\/p>\n\n\n\n<ul class=\"wp-block-list\">\n<li>wykorzystanie <strong>drewna z certyfikatem<\/strong> FSC lub PEFC, kt\u00f3re pochodzi z odpowiedzialnych \u017ar\u00f3de\u0142,<\/li>\n\n\n\n<li>zastosowanie <strong>tkanin z odzysku<\/strong> lub materia\u0142\u00f3w pochodz\u0105cych z recyklingu,<\/li>\n\n\n\n<li>projektowanie <strong>o\u015bwietlenia sprzyjaj\u0105cego relaksowi<\/strong> i dobremu samopoczuciu,<\/li>\n\n\n\n<li>wprowadzenie <strong>ro\u015blinno\u015bci do wn\u0119trz<\/strong>, kt\u00f3ra poprawia jako\u015b\u0107 powietrza i kontakt z natur\u0105.<\/li>\n<\/ul>\n\n\n\n<p>Wyobra\u017a sobie dom, w kt\u00f3rym ka\u017cdy element \u2013 od uk\u0142adu pomieszcze\u0144 po detale mebli \u2013 zosta\u0142 zaprojektowany z my\u015bl\u0105 o <strong>spokoju, funkcjonalno\u015bci i harmonii z natur\u0105<\/strong>. To w\u0142a\u015bnie <strong>kwintesencja slow design<\/strong>: projektowanie, kt\u00f3re wspiera dobre samopoczucie i buduje g\u0142\u0119bsz\u0105 wi\u0119\u017a z przestrzeni\u0105.<\/p>\n\n\n\n<p><strong>Slow design to nie tylko estetyka \u2013 to spos\u00f3b my\u015blenia i styl \u017cycia<\/strong>. Wprowadzaj\u0105c go do naszych dom\u00f3w, biur czy przestrzeni publicznych, zyskujemy co\u015b wi\u0119cej ni\u017c \u0142adne wn\u0119trza. <strong>Zyskujemy uwa\u017cno\u015b\u0107, lepsze relacje z otoczeniem i bardziej zr\u00f3wnowa\u017con\u0105 codzienno\u015b\u0107<\/strong>.<\/p>\n\n\n\n<p><strong>Warto zada\u0107 sobie pytanie:<\/strong> czy przestrze\u0144, w kt\u00f3rej \u017cyjemy, naprawd\u0119 nas wspiera? Je\u015bli nie \u2013 mo\u017ce nadszed\u0142 moment, by spojrze\u0107 na projektowanie nie jak na dekoracj\u0119, ale <strong>jak na narz\u0119dzie realnej zmiany<\/strong>.<\/p>\n\n\n\n<h3 class=\"wp-block-heading\">Trwa\u0142o\u015b\u0107 produktu jako fundament odpowiedzialno\u015bci<\/h3>\n\n\n\n<p>W \u015bwiecie wsp\u00f3\u0142czesnego projektowania coraz cz\u0119\u015bciej pojawia si\u0119 poj\u0119cie <strong>slow designu<\/strong> \u2014 i trudno si\u0119 temu dziwi\u0107. To podej\u015bcie, kt\u00f3re \u0142\u0105czy <strong>estetyk\u0119 z odpowiedzialno\u015bci\u0105<\/strong>. Nie chodzi ju\u017c tylko o wygl\u0105d, ale o co\u015b znacznie g\u0142\u0119bszego: <strong>ekologi\u0119<\/strong>, <strong>\u015bwiadome wybory materia\u0142\u00f3w<\/strong> i <strong>projektowanie z my\u015bl\u0105 o przysz\u0142o\u015bci<\/strong>. W centrum tej filozofii znajduje si\u0119 troska \u2014 o planet\u0119, o ludzi, o przysz\u0142e pokolenia. O to, co zostawimy po sobie.<\/p>\n\n\n\n<p>Jednym z kluczowych element\u00f3w slow designu jest <strong>trwa\u0142o\u015b\u0107<\/strong>. W opozycji do kultury jednorazowo\u015bci, kt\u00f3ra dominuje w masowej produkcji, to podej\u015bcie promuje tworzenie rzeczy, kt\u00f3re <strong>przetrwaj\u0105 pr\u00f3b\u0119 czasu<\/strong> \u2014 zar\u00f3wno pod wzgl\u0119dem jako\u015bci, jak i wygl\u0105du. Trwa\u0142o\u015b\u0107 to nie tylko parametr techniczny. To tak\u017ce <strong>wyraz szacunku dla \u015brodowiska<\/strong> i <strong>\u015bwiadomego podej\u015bcia do konsumpcji<\/strong>.<\/p>\n\n\n\n<p>Przyk\u0142adem mog\u0105 by\u0107 meble wykonane z litego drewna. Zamiast si\u0119 starze\u0107, zyskuj\u0105 charakter i staj\u0105 si\u0119 cz\u0119\u015bci\u0105 historii domu. Inwestuj\u0105c w jako\u015b\u0107, inwestujemy w co\u015b wi\u0119cej ni\u017c tylko przedmiot:<\/p>\n\n\n\n<ul class=\"wp-block-list\">\n<li><strong>W nasz\u0105 przysz\u0142o\u015b\u0107<\/strong> \u2014 wybieraj\u0105c trwa\u0142e rozwi\u0105zania, ograniczamy konieczno\u015b\u0107 cz\u0119stej wymiany rzeczy.<\/li>\n\n\n\n<li><strong>W przysz\u0142o\u015b\u0107 naszych dzieci<\/strong> \u2014 uczymy ich odpowiedzialno\u015bci i szacunku do przedmiot\u00f3w.<\/li>\n\n\n\n<li><strong>W dobro ca\u0142ej planety<\/strong> \u2014 zmniejszamy ilo\u015b\u0107 odpad\u00f3w i zu\u017cycie zasob\u00f3w naturalnych.<\/li>\n<\/ul>\n\n\n\n<h3 class=\"wp-block-heading\">Ekologiczne materia\u0142y i ich znaczenie dla \u015brodowiska<\/h3>\n\n\n\n<p>W nurcie slow designu ogromne znaczenie maj\u0105 <strong>naturalne i ekologiczne materia\u0142y<\/strong>. To one sprawiaj\u0105, \u017ce przestrzenie staj\u0105 si\u0119 nie tylko estetyczne, ale i zdrowe \u2014 dla nas i dla \u015brodowiska. Wybieraj\u0105c <strong>surowce pochodz\u0105ce z certyfikowanych \u017ar\u00f3de\u0142<\/strong>, takie jak drewno, len, bawe\u0142na organiczna czy kamie\u0144, wspieramy lokalnych rzemie\u015blnik\u00f3w i ograniczamy emisj\u0119 CO\u2082.<\/p>\n\n\n\n<p>Warto zwr\u00f3ci\u0107 uwag\u0119 na detale, kt\u00f3re maj\u0105 realny wp\u0142yw na \u015brodowisko i nasze zdrowie:<\/p>\n\n\n\n<ul class=\"wp-block-list\">\n<li><strong>Nietoksyczne farby<\/strong> \u2014 bezpieczne dla domownik\u00f3w, nie emituj\u0105 szkodliwych substancji.<\/li>\n\n\n\n<li><strong>Biodegradowalne komponenty<\/strong> \u2014 rozk\u0142adaj\u0105 si\u0119 naturalnie, nie zanieczyszczaj\u0105c \u015brodowiska.<\/li>\n\n\n\n<li><strong>Materia\u0142y odnawialne<\/strong> \u2014 takie jak bambus czy korek, kt\u00f3re mo\u017cna ponownie wykorzysta\u0107.<\/li>\n<\/ul>\n\n\n\n<p><strong>Dzi\u0119ki takim wyborom nasze wn\u0119trza nie tylko ciesz\u0105 oko, ale te\u017c oddychaj\u0105 razem z nami i z natur\u0105.<\/strong><\/p>\n\n\n\n<h3 class=\"wp-block-heading\">Estetyka minimalizmu i inspiracja cisz\u0105<\/h3>\n\n\n\n<p>Slow design czerpie inspiracj\u0119 z <strong><a href=\"https:\/\/proplo.pl\/style\/minimalistyczny\">minimalizmu<\/a><\/strong> oraz japo\u0144skiej filozofii <strong>wabi-sabi<\/strong>. Obie ucz\u0105 nas dostrzega\u0107 pi\u0119kno w tym, co proste, niedoskona\u0142e i przemijaj\u0105ce. Minimalizm to nie tylko ograniczenie liczby przedmiot\u00f3w \u2014 to <strong>przestrze\u0144 dla spokoju, refleksji i uwa\u017cno\u015bci<\/strong>.<\/p>\n\n\n\n<p>Filozofia wabi-sabi celebruje:<\/p>\n\n\n\n<ul class=\"wp-block-list\">\n<li><strong>Naturalno\u015b\u0107 materia\u0142\u00f3w<\/strong> \u2014 drewno, kamie\u0144, ceramika w surowej formie.<\/li>\n\n\n\n<li><strong>\u015alady u\u017cytkowania<\/strong> \u2014 jako dow\u00f3d \u017cycia i historii przedmiotu.<\/li>\n\n\n\n<li><strong>Autentyczno\u015b\u0107<\/strong> \u2014 bez potrzeby retuszu i perfekcji.<\/li>\n<\/ul>\n\n\n\n<p><strong>Wn\u0119trza inspirowane tymi ideami staj\u0105 si\u0119 azylem \u2014 miejscem, w kt\u00f3rym mo\u017cna naprawd\u0119 odetchn\u0105\u0107, zwolni\u0107 i by\u0107 sob\u0105.<\/strong><\/p>\n\n\n\n<h3 class=\"wp-block-heading\">\u015awiadoma konsumpcja jako element stylu \u017cycia<\/h3>\n\n\n\n<p>Slow design to nie tylko estetyka. To tak\u017ce <strong>\u015bwiadome podej\u015bcie do zakup\u00f3w<\/strong>. Zamiast dzia\u0142a\u0107 impulsywnie, warto zatrzyma\u0107 si\u0119 na chwil\u0119 i zada\u0107 sobie kilka pyta\u0144:<\/p>\n\n\n\n<ul class=\"wp-block-list\">\n<li><strong>\u201eCzy naprawd\u0119 tego potrzebuj\u0119?\u201d<\/strong> \u2014 czy to zakup z potrzeby, czy chwilowego impulsu?<\/li>\n\n\n\n<li><strong>\u201eCzy ten przedmiot b\u0119dzie mi s\u0142u\u017cy\u0142 przez lata?\u201d<\/strong> \u2014 czy jest trwa\u0142y i ponadczasowy?<\/li>\n\n\n\n<li><strong>\u201eCzy zosta\u0142 wyprodukowany w spos\u00f3b etyczny i z poszanowaniem \u015brodowiska?\u201d<\/strong> \u2014 czy wspiera odpowiedzialne praktyki?<\/li>\n<\/ul>\n\n\n\n<p>Takie podej\u015bcie zmienia spos\u00f3b, w jaki patrzymy na rzeczy i przek\u0142ada si\u0119 na:<\/p>\n\n\n\n<ul class=\"wp-block-list\">\n<li><strong>Wi\u0119kszy spok\u00f3j wewn\u0119trzny<\/strong> \u2014 mniej chaosu, wi\u0119cej harmonii.<\/li>\n\n\n\n<li><strong>Mniej niepotrzebnego stresu<\/strong> \u2014 dzi\u0119ki ograniczeniu nadmiaru.<\/li>\n\n\n\n<li><strong>G\u0142\u0119bsz\u0105 satysfakcj\u0119 z otaczaj\u0105cej nas przestrzeni<\/strong> \u2014 bo jest zgodna z naszymi warto\u015bciami.<\/li>\n<\/ul>\n\n\n\n<p><strong>To tak\u017ce forma wyra\u017cenia siebie<\/strong> \u2014 swoich przekona\u0144, troski o \u015brodowisko i odpowiedzialno\u015bci wobec przysz\u0142ych pokole\u0144.<\/p>\n\n\n\n<p>No dobrze, ale jak zacz\u0105\u0107? Najlepiej \u2014 <strong>powoli, ma\u0142ymi krokami<\/strong>. Mo\u017ce od wyboru solidnych mebli, rezygnacji z plastiku, albo stworzenia wn\u0119trza, kt\u00f3re naprawd\u0119 odpowiada Twoim potrzebom. <strong>Bo przecie\u017c to, jak mieszkamy, m\u00f3wi wi\u0119cej o nas ni\u017c tysi\u0105c s\u0142\u00f3w.<\/strong><\/p>\n\n\n\n<figure class=\"wp-block-image\"><a href=\"https:\/\/proplo.pl\/profile\/maka-architekci\/projekt\/minimalizm-z-eklektycznym-twistem-2203\"><img decoding=\"async\" src=\"https:\/\/proplo.pl\/blog\/wp-content\/uploads\/2025\/08\/mieszkanie-styl-boho.png\" alt=\"Wn\u0119trze salonu w stylu boho i industrialnym z szarym naro\u017cnikiem oraz ro\u015blinami.\"\/><\/a><\/figure>\n\n\n\n<p>Projekt: <a href=\"https:\/\/proplo.pl\/profile\/maka-architekci\">Maka architekci<\/a><\/p>\n\n\n\n<h2 class=\"wp-block-heading\">Cechy wn\u0119trz zgodnych z filozofi\u0105 slow<\/h2>\n\n\n\n<p><strong>Wn\u0119trza inspirowane filozofi\u0105 slow design<\/strong> to znacznie wi\u0119cej ni\u017c estetyczne aran\u017cacje. To przestrzenie, w kt\u00f3rych <strong>pi\u0119kno \u0142\u0105czy si\u0119 z funkcjonalno\u015bci\u0105<\/strong>, a <strong>troska o \u015brodowisko naturalne<\/strong> staje si\u0119 codziennym nawykiem. Takie miejsca sprzyjaj\u0105 wyciszeniu, buduj\u0105 harmoni\u0119 i zach\u0119caj\u0105 do \u015bwiadomego prze\u017cywania ka\u017cdej chwili.<\/p>\n\n\n\n<p>Charakterystyczne cechy takich wn\u0119trz to:<\/p>\n\n\n\n<ul class=\"wp-block-list\">\n<li><strong>naturalne surowce<\/strong> \u2013 drewno, len, kamie\u0144, bawe\u0142na organiczna,<\/li>\n\n\n\n<li><strong>prostota nios\u0105ca g\u0142\u0119bszy sens<\/strong> \u2013 minimalizm z przes\u0142aniem,<\/li>\n\n\n\n<li><strong>detale, kt\u00f3re maj\u0105 znaczenie<\/strong> \u2013 r\u0119kodzie\u0142o, lokalne akcenty.<\/li>\n<\/ul>\n\n\n\n<p><strong>Marzysz o wn\u0119trzu, kt\u00f3re pozwoli Ci z\u0142apa\u0107 oddech i \u017cy\u0107 uwa\u017cniej?<\/strong> Slow design mo\u017ce by\u0107 odpowiedzi\u0105 na Twoje potrzeby. To styl, kt\u00f3ry nie tylko dobrze wygl\u0105da, ale przede wszystkim <strong>dobrze si\u0119 w nim \u017cyje<\/strong>.<\/p>\n\n\n\n<h3 class=\"wp-block-heading\">Ekologiczne materia\u0142y i lokalno\u015b\u0107 w aran\u017cacji<\/h3>\n\n\n\n<p><strong>\u015awiadomy wyb\u00f3r materia\u0142\u00f3w<\/strong> to jeden z filar\u00f3w slow design. Liczy si\u0119 nie tylko ich trwa\u0142o\u015b\u0107, ale r\u00f3wnie\u017c pochodzenie. W centrum uwagi znajduj\u0105 si\u0119 <strong>naturalne, ekologiczne i lokalne surowce<\/strong>, takie jak:<\/p>\n\n\n\n<ul class=\"wp-block-list\">\n<li>drewno z certyfikowanych \u017ar\u00f3de\u0142,<\/li>\n\n\n\n<li>len i bawe\u0142na organiczna,<\/li>\n\n\n\n<li>kamie\u0144 i inne naturalne materia\u0142y.<\/li>\n<\/ul>\n\n\n\n<p>Wyb\u00f3r takich materia\u0142\u00f3w niesie za sob\u0105 konkretne korzy\u015bci:<\/p>\n\n\n\n<ul class=\"wp-block-list\">\n<li><strong>wspieraj\u0105 zr\u00f3wnowa\u017cony rozw\u00f3j<\/strong>,<\/li>\n\n\n\n<li><strong>ograniczaj\u0105 emisj\u0119 CO\u2082<\/strong>,<\/li>\n\n\n\n<li><strong>wzmacniaj\u0105 lokalne spo\u0142eczno\u015bci i gospodarki<\/strong>.<\/li>\n<\/ul>\n\n\n\n<p><strong>Decyduj\u0105c si\u0119 na produkty od lokalnych rzemie\u015blnik\u00f3w<\/strong>, nie tylko tworzysz wyj\u0105tkowe wn\u0119trze. <strong>Robisz te\u017c co\u015b dobrego \u2013 dla planety i dla ludzi<\/strong>. To podej\u015bcie, kt\u00f3re \u0142\u0105czy estetyk\u0119 z odpowiedzialno\u015bci\u0105. I to si\u0119 czuje.<\/p>\n\n\n\n<h3 class=\"wp-block-heading\">Minimalizm i harmonia jako estetyczne priorytety<\/h3>\n\n\n\n<p>W nurcie slow design <strong>minimalizm nie oznacza pustki<\/strong>. To \u015bwiadome ograniczenie nadmiaru, by zrobi\u0107 miejsce na to, co naprawd\u0119 istotne. Styl skandynawski, cz\u0119sto uto\u017csamiany z t\u0105 filozofi\u0105, stawia na <strong>prostot\u0119, funkcjonalno\u015b\u0107 i blisko\u015b\u0107 natury<\/strong>. Ale harmonia mo\u017ce przybra\u0107 wiele form \u2013 nie tylko p\u00f3\u0142nocnych.<\/p>\n\n\n\n<p>W takich wn\u0119trzach dominuj\u0105:<\/p>\n\n\n\n<ul class=\"wp-block-list\">\n<li><strong>jasne, neutralne barwy<\/strong>,<\/li>\n\n\n\n<li><strong>du\u017co naturalnego \u015bwiat\u0142a<\/strong>,<\/li>\n\n\n\n<li><strong>starannie dobrane, znacz\u0105ce detale<\/strong>.<\/li>\n<\/ul>\n\n\n\n<p>Efektem jest przestrze\u0144, kt\u00f3ra:<\/p>\n\n\n\n<ul class=\"wp-block-list\">\n<li><strong>koi zmys\u0142y<\/strong>,<\/li>\n\n\n\n<li><strong>poprawia nastr\u00f3j<\/strong>,<\/li>\n\n\n\n<li><strong>wspiera wewn\u0119trzn\u0105 r\u00f3wnowag\u0119<\/strong>,<\/li>\n\n\n\n<li><strong>pomaga zwolni\u0107 i z\u0142apa\u0107 dystans<\/strong>.<\/li>\n<\/ul>\n\n\n\n<p><strong>W \u015bwiecie pe\u0142nym ha\u0142asu i po\u015bpiechu<\/strong>, w\u0142a\u015bnie takie wn\u0119trza staj\u0105 si\u0119 naszym cichym schronieniem. <strong>Miejscem, gdzie mo\u017cna po prostu by\u0107<\/strong>.<\/p>\n\n\n\n<h2 class=\"wp-block-heading\">Studia i marki promuj\u0105ce slow design<\/h2>\n\n\n\n<p>Wsp\u00f3\u0142czesne projektowanie to znacznie wi\u0119cej ni\u017c tylko estetyka. Coraz wi\u0119cej marek i studi\u00f3w stawia na <strong>slow design<\/strong> \u2013 podej\u015bcie, kt\u00f3re \u0142\u0105czy pi\u0119kno z odpowiedzialno\u015bci\u0105. To nie chwilowa moda, lecz <strong>\u015bwiadoma filozofia projektowania<\/strong>, promuj\u0105ca jako\u015b\u0107, trwa\u0142o\u015b\u0107 i przemy\u015blane wybory. Dzi\u0119ki niej powstaj\u0105 przedmioty, kt\u00f3re nie tylko ciesz\u0105 oko, ale te\u017c s\u0142u\u017c\u0105 przez lata.<\/p>\n\n\n\n<p>Poni\u017cej przedstawiamy kilka wyj\u0105tkowych inicjatyw, kt\u00f3re <strong>realizuj\u0105 ide\u0119 slow design z pasj\u0105 i autentyczno\u015bci\u0105<\/strong>.<\/p>\n\n\n\n<h3 class=\"wp-block-heading\">Slow Design Studio (Norwegia) \u2013 wn\u0119trza i styl \u017cycia<\/h3>\n\n\n\n<p><strong>Slow Design Studio<\/strong> z Norwegii redefiniuje poj\u0119cie aran\u017cacji wn\u0119trz, traktuj\u0105c projektowanie jako <strong>styl \u017cycia<\/strong>, a nie tylko estetyczne uzupe\u0142nienie przestrzeni. Ich podej\u015bcie opiera si\u0119 na tworzeniu miejsc, kt\u00f3re wspieraj\u0105 codzienno\u015b\u0107 mieszka\u0144c\u00f3w, a nie tylko wpisuj\u0105 si\u0119 w aktualne trendy.<\/p>\n\n\n\n<p>Charakterystyczne cechy ich projekt\u00f3w to:<\/p>\n\n\n\n<ul class=\"wp-block-list\">\n<li><strong>Spok\u00f3j i harmonia<\/strong> \u2013 wn\u0119trza emanuj\u0105 wyciszeniem i r\u00f3wnowag\u0105.<\/li>\n\n\n\n<li><strong>Dba\u0142o\u015b\u0107 o detal<\/strong> \u2013 ka\u017cdy element ma znaczenie i swoje miejsce.<\/li>\n\n\n\n<li><strong>Do\u015bwiadczenie u\u017cytkownika<\/strong> \u2013 przestrzenie dojrzewaj\u0105 razem z mieszka\u0144cami.<\/li>\n\n\n\n<li><strong>Trwa\u0142o\u015b\u0107 i funkcjonalno\u015b\u0107<\/strong> \u2013 projekty s\u0105 ponadczasowe i praktyczne.<\/li>\n<\/ul>\n\n\n\n<p>Ich si\u0142a tkwi w tym, \u017ce <strong>ka\u017cdy projekt staje si\u0119 cz\u0119\u015bci\u0105 \u017cycia domownik\u00f3w<\/strong> \u2013 jak ulubiony fotel, kt\u00f3ry z czasem nabiera osobistego znaczenia.<\/p>\n\n\n\n<h3 class=\"wp-block-heading\">Slow Design Co. (Devon) \u2013 branding i projektowanie graficzne<\/h3>\n\n\n\n<p>W malowniczym Devon dzia\u0142a <strong>Slow Design Co.<\/strong> \u2013 studio, kt\u00f3re udowadnia, \u017ce <strong>branding mo\u017ce by\u0107 jednocze\u015bnie efektowny i odpowiedzialny<\/strong>. Specjalizuj\u0105 si\u0119 w identyfikacji wizualnej i projektowaniu graficznym, ale ich podej\u015bcie wyr\u00f3\u017cnia si\u0119 na tle konkurencji.<\/p>\n\n\n\n<p>Ich prace to:<\/p>\n\n\n\n<ul class=\"wp-block-list\">\n<li><strong>Estetyczne kompozycje<\/strong> \u2013 dopracowane wizualnie, ale nieprzesadzone.<\/li>\n\n\n\n<li><strong>Przemy\u015blane komunikaty<\/strong> \u2013 design jako no\u015bnik warto\u015bci i idei.<\/li>\n\n\n\n<li><strong>Odpowiedzialno\u015b\u0107<\/strong> \u2013 wobec \u015brodowiska, klient\u00f3w i samej idei projektowania.<\/li>\n\n\n\n<li><strong>Autentyczno\u015b\u0107<\/strong> \u2013 szczero\u015b\u0107 przekazu i sp\u00f3jno\u015b\u0107 z filozofi\u0105 slow design.<\/li>\n<\/ul>\n\n\n\n<p>Dzi\u0119ki temu <strong>Slow Design Co. zyska\u0142o uznanie jako studio, kt\u00f3re \u0142\u0105czy form\u0119 z tre\u015bci\u0105<\/strong> \u2013 i robi to z pe\u0142nym zaanga\u017cowaniem.<\/p>\n\n\n\n<h3 class=\"wp-block-heading\">Noteka \u2013 concept store z produktami slow design<\/h3>\n\n\n\n<p><strong>Noteka<\/strong> to concept store, kt\u00f3ry pokazuje, \u017ce <strong>slow design mo\u017ce by\u0107 obecny nawet w najprostszych przedmiotach codziennego u\u017cytku<\/strong>. Ich kolekcje \u0142\u0105cz\u0105 funkcjonalno\u015b\u0107 z artystycznym wyrazem, oferuj\u0105c produkty, kt\u00f3re s\u0105 nie tylko pi\u0119kne, ale i trwa\u0142e.<\/p>\n\n\n\n<p>W ofercie znajdziemy m.in.:<\/p>\n\n\n\n<ul class=\"wp-block-list\">\n<li><strong>Libri Muti<\/strong> \u2013 r\u0119cznie wyko\u0144czone notesy z bezkwasowym papierem i malowanymi brzegami. Przypominaj\u0105 stare tomy z biblioteki i nios\u0105 ze sob\u0105 podobn\u0105 magi\u0119.<\/li>\n\n\n\n<li><strong>Biblioteca Muta<\/strong> \u2013 mniejsze notatniki z p\u0142\u00f3ciennymi grzbietami i kolorowymi ok\u0142adkami. Idealne dla mi\u0142o\u015bnik\u00f3w detali i literackich odniesie\u0144.<\/li>\n<\/ul>\n\n\n\n<p>Obie serie udowadniaj\u0105, \u017ce <strong>nawet zwyk\u0142y notes mo\u017ce nie\u015b\u0107 warto\u015bci slow design<\/strong>: trwa\u0142o\u015b\u0107, pi\u0119kno i g\u0142\u0119bszy sens. Bo czasem to, co najprostsze, m\u00f3wi najwi\u0119cej.<\/p>\n\n\n\n<figure class=\"wp-block-image\"><a href=\"https:\/\/proplo.pl\/profile\/mk-studio-projektowania\/projekt\/sypialnia-na-poddaszu-w-stylu-boho-w-dwoch-wersjach-715\"><img decoding=\"async\" src=\"https:\/\/proplo.pl\/blog\/wp-content\/uploads\/2025\/05\/przytulne-wnetrza.png\" alt=\"Sypialnia w stylu boho z ro\u015blinnymi elementami i naturalnym \u015bwiat\u0142em\"\/><\/a><\/figure>\n\n\n\n<p>Projekt: <a href=\"https:\/\/proplo.pl\/profile\/mk-studio-projektowania\">MK Studio Projektowania<\/a><\/p>\n\n\n\n<h2 class=\"wp-block-heading\">Projektowanie z my\u015bl\u0105 o trwa\u0142o\u015bci i refleksji<\/h2>\n\n\n\n<p>Wprowadzenie <strong>slow design<\/strong> do codziennego \u017cycia to znacznie wi\u0119cej ni\u017c wyb\u00f3r estetyczny. To <strong>\u015bwiadoma decyzja o \u017cyciu w rytmie wolniejszym, m\u0105drzejszym i bardziej odpowiedzialnym<\/strong>. Kluczowe s\u0105 nie tylko wygl\u0105d, ale przede wszystkim <strong>trwa\u0142o\u015b\u0107, funkcjonalno\u015b\u0107 i refleksja nad otaczaj\u0105cymi nas przedmiotami<\/strong>.<\/p>\n\n\n\n<p>Przyk\u0142adem mog\u0105 by\u0107 <strong>r\u0119cznie malowane meble<\/strong> \u2013 ich unikalno\u015b\u0107 przyci\u0105ga wzrok, ale to nie wszystko. <strong>\u0141atwo je odnowi\u0107<\/strong>, dzi\u0119ki czemu z czasem zyskuj\u0105 jeszcze wi\u0119cej charakteru. I w\u0142a\u015bnie o to chodzi w zr\u00f3wnowa\u017conym projektowaniu \u2013 o <strong>przedmioty, kt\u00f3re \u017cyj\u0105 razem z nami<\/strong>, zmieniaj\u0105 si\u0119 i dojrzewaj\u0105 wraz z up\u0142ywem czasu.<\/p>\n\n\n\n<p>My\u015blenie o przysz\u0142o\u015bci to fundament slow design. To podej\u015bcie zak\u0142ada, \u017ce <strong>przedmioty maj\u0105 s\u0142u\u017cy\u0107 przez lata, a nie tylko przez jeden sezon<\/strong>. Jak wygl\u0105da to w praktyce?<\/p>\n\n\n\n<ul class=\"wp-block-list\">\n<li><strong>Wyb\u00f3r solidnych materia\u0142\u00f3w<\/strong>, kt\u00f3re przetrwaj\u0105 pr\u00f3b\u0119 czasu.<\/li>\n\n\n\n<li><strong>Ekologiczne metody produkcji<\/strong>, kt\u00f3re minimalizuj\u0105 wp\u0142yw na \u015brodowisko.<\/li>\n\n\n\n<li><strong>Troska o planet\u0119<\/strong>, ale te\u017c o przysz\u0142o\u015b\u0107 naszych dzieci i wnuk\u00f3w.<\/li>\n<\/ul>\n\n\n\n<p>To nie tylko kwestia ekologii \u2013 to <strong>pytanie o odpowiedzialno\u015b\u0107 za codzienne wybory<\/strong> i ich d\u0142ugofalowe konsekwencje.<\/p>\n\n\n\n<h3 class=\"wp-block-heading\">Wyb\u00f3r produkt\u00f3w zgodnych z ide\u0105 slow<\/h3>\n\n\n\n<p>Decyduj\u0105c si\u0119 na produkty zgodne z filozofi\u0105 slow design, robimy krok w stron\u0119 <strong>bardziej \u015bwiadomego i zr\u00f3wnowa\u017conego stylu \u017cycia<\/strong>. Jednym z ciekawszych podej\u015b\u0107 jest <strong>upcykling<\/strong> \u2013 kreatywne nadawanie nowego \u017cycia starym przedmiotom.<\/p>\n\n\n\n<p>Przyk\u0142ad? <strong>Stara, drewniana drabina<\/strong> mo\u017ce sta\u0107 si\u0119 oryginaln\u0105 p\u00f3\u0142k\u0105 na ksi\u0105\u017cki. Takie dzia\u0142ania:<\/p>\n\n\n\n<ul class=\"wp-block-list\">\n<li><strong>Ograniczaj\u0105 ilo\u015b\u0107 odpad\u00f3w<\/strong>, zmniejszaj\u0105c nasz \u015blad ekologiczny.<\/li>\n\n\n\n<li><strong>Tworz\u0105 przedmioty z dusz\u0105<\/strong>, kt\u00f3re maj\u0105 swoj\u0105 histori\u0119 i charakter.<\/li>\n\n\n\n<li><strong>Wzmacniaj\u0105 kreatywno\u015b\u0107<\/strong> i indywidualne podej\u015bcie do aran\u017cacji wn\u0119trz.<\/li>\n\n\n\n<li><strong>Wspieraj\u0105 ide\u0119 ponownego wykorzystania<\/strong> zamiast konsumpcji.<\/li>\n<\/ul>\n\n\n\n<p>R\u00f3wnie inspiruj\u0105ce jest <strong>DIY (zr\u00f3b to sam)<\/strong>. To nie tylko spos\u00f3b na rozwijanie kreatywno\u015bci, ale te\u017c:<\/p>\n\n\n\n<ul class=\"wp-block-list\">\n<li><strong>Okazja do nauki nowych umiej\u0119tno\u015bci<\/strong>.<\/li>\n\n\n\n<li><strong>Mo\u017cliwo\u015b\u0107 pe\u0142nej kontroli nad procesem tworzenia<\/strong> \u2013 od wyboru materia\u0142\u00f3w po finalny efekt.<\/li>\n\n\n\n<li><strong>Tworzenie unikalnych przedmiot\u00f3w<\/strong>, kt\u00f3re odzwierciedlaj\u0105 nasze warto\u015bci i styl \u017cycia.<\/li>\n<\/ul>\n\n\n\n<p>Nie mo\u017cna te\u017c pomin\u0105\u0107 <strong>r\u0119kodzie\u0142a<\/strong>, kt\u00f3re w slow design odgrywa kluczow\u0105 rol\u0119. <strong>Produkty tworzone przez lokalnych rzemie\u015blnik\u00f3w<\/strong> to nie tylko wysoka jako\u015b\u0107 wykonania, ale te\u017c:<\/p>\n\n\n\n<ul class=\"wp-block-list\">\n<li><strong>Wsparcie dla lokalnych spo\u0142eczno\u015bci<\/strong>.<\/li>\n\n\n\n<li><strong>Ochrona i piel\u0119gnowanie tradycji<\/strong>.<\/li>\n\n\n\n<li><strong>Przedmioty z emocjami i histori\u0105<\/strong>, kt\u00f3re nios\u0105 ze sob\u0105 to\u017csamo\u015b\u0107 kulturow\u0105.<\/li>\n<\/ul>\n\n\n\n<p>Ka\u017cdy taki przedmiot to co\u015b wi\u0119cej ni\u017c dekoracja \u2013 to <strong>\u015bwiadectwo warto\u015bci, kt\u00f3re wybieramy na co dzie\u0144<\/strong>.<\/p>\n\n\n\n<h3 class=\"wp-block-heading\">Tworzenie przestrzeni wspieraj\u0105cych uwa\u017cno\u015b\u0107 i jako\u015b\u0107<\/h3>\n\n\n\n<p><strong>Slow design to nie tylko przedmioty<\/strong> \u2013 to spos\u00f3b my\u015blenia o przestrzeni, w kt\u00f3rej \u017cyjemy. Chodzi o <strong>tworzenie wn\u0119trz sprzyjaj\u0105cych uwa\u017cno\u015bci, spokoju i jako\u015bci \u017cycia<\/strong>. W tym procesie ogromn\u0105 rol\u0119 odgrywaj\u0105 rzemie\u015blnicy, kt\u00f3rzy potrafi\u0105 stworzy\u0107 co\u015b idealnie dopasowanego do naszych potrzeb.<\/p>\n\n\n\n<p><strong>Personalizacja<\/strong> to nie kaprys \u2013 to <strong>\u015bwiadomy wyb\u00f3r przedmiot\u00f3w, kt\u00f3re maj\u0105 dla nas znaczenie<\/strong>. Styl <a href=\"https:\/\/proplo.pl\/style\/boho\">boho<\/a> i <a href=\"https:\/\/proplo.pl\/style\/eklektyczny\">eklektyczny<\/a> doskonale wpisuj\u0105 si\u0119 w ide\u0119 slow design:<\/p>\n\n\n\n<ul class=\"wp-block-list\">\n<li><strong>Eklektyzm<\/strong> \u0142\u0105czy r\u00f3\u017cne formy i historie, tworz\u0105c wn\u0119trza z dusz\u0105.<\/li>\n\n\n\n<li><strong>Styl fusion<\/strong> czerpie z r\u00f3\u017cnych kultur i materia\u0142\u00f3w, zach\u0119caj\u0105c do eksperymentowania.<\/li>\n\n\n\n<li><strong>Boho<\/strong> promuje swobod\u0119, naturalno\u015b\u0107 i indywidualizm.<\/li>\n<\/ul>\n\n\n\n<p>Takie podej\u015bcie pozwala tworzy\u0107 przestrzenie, kt\u00f3re s\u0105 nie tylko pi\u0119kne, ale te\u017c <strong>trwa\u0142e, funkcjonalne i autentyczne<\/strong>. To <strong>celebracja r\u00f3\u017cnorodno\u015bci i osobistej to\u017csamo\u015bci<\/strong>.<\/p>\n\n\n\n<p>A jak prze\u0142o\u017cy\u0107 te idee na codzienne wybory? Kluczem jest <strong>uwa\u017cno\u015b\u0107<\/strong>:<\/p>\n\n\n\n<ul class=\"wp-block-list\">\n<li><strong>\u015awiadome wybieranie materia\u0142\u00f3w<\/strong>, kt\u00f3re s\u0105 trwa\u0142e i przyjazne \u015brodowisku.<\/li>\n\n\n\n<li><strong>Szacunek dla pracy ludzkich r\u0105k<\/strong> i lokalnych tw\u00f3rc\u00f3w.<\/li>\n\n\n\n<li><strong>D\u0105\u017cenie do harmonii mi\u0119dzy estetyk\u0105 a funkcjonalno\u015bci\u0105<\/strong>.<\/li>\n<\/ul>\n\n\n\n<p>To w\u0142a\u015bnie w takich przestrzeniach rodzi si\u0119 <strong>prawdziwa jako\u015b\u0107 \u017cycia<\/strong> \u2013 taka, kt\u00f3ra <strong>nie przemija wraz z kolejn\u0105 mod\u0105, ale zostaje z nami na d\u0142u\u017cej<\/strong>.<\/p>\n\n\n\n<hr class=\"wp-block-separator has-alpha-channel-opacity\"\/>\n\n\n\n<p><strong>\u0179r\u00f3d\u0142a:<\/strong><\/p>\n\n\n<ol class=\"wp-block-footnotes\"><li id=\"5b6365e4-dce3-4379-a81d-df88fb48e0bc\"><a href=\"https:\/\/www.muu-baa.org\/2018\/07\/hello\/\">https:\/\/www.muu-baa.org\/2018\/07\/hello\/<\/a> <a href=\"#5b6365e4-dce3-4379-a81d-df88fb48e0bc-link\" aria-label=\"Przejd\u017a do przypisu 1\">\u21a9\ufe0e<\/a><\/li><li id=\"bb2fdd2e-9b18-4908-95a5-6653e9c185cb\"><a href=\"https:\/\/static1.squarespace.com\/static\/52dfe66be4b0cad36168429a\/t\/53499733e4b09ac51176571d\/1397331763401\/CtC_SlowDesignPrinciples.pdf\">https:\/\/static1.squarespace.com\/static\/52dfe66be4b0cad36168429a\/t\/53499733e4b09ac51176571d\/1397331763401\/CtC_SlowDesignPrinciples.pdf<\/a> <a href=\"#bb2fdd2e-9b18-4908-95a5-6653e9c185cb-link\" aria-label=\"Przejd\u017a do przypisu 2\">\u21a9\ufe0e<\/a><\/li><\/ol>\n\n\n<p><\/p>\n","protected":false},"excerpt":{"rendered":"<p>Slow design to filozofia wn\u0119trz oparta na jako\u015bci, naturze i harmonii. Odkryj, jak stworzy\u0107 przestrze\u0144 sprzyjaj\u0105c\u0105 spokoju i uwa\u017cno\u015bci.<\/p>\n","protected":false},"author":3,"featured_media":1271,"comment_status":"closed","ping_status":"closed","sticky":false,"template":"","format":"standard","meta":{"footnotes":"[{\"content\":\"<a href=\\\"https:\/\/www.muu-baa.org\/2018\/07\/hello\/\\\">https:\/\/www.muu-baa.org\/2018\/07\/hello\/<\/a>\",\"id\":\"5b6365e4-dce3-4379-a81d-df88fb48e0bc\"},{\"content\":\"<a href=\\\"https:\/\/static1.squarespace.com\/static\/52dfe66be4b0cad36168429a\/t\/53499733e4b09ac51176571d\/1397331763401\/CtC_SlowDesignPrinciples.pdf\\\">https:\/\/static1.squarespace.com\/static\/52dfe66be4b0cad36168429a\/t\/53499733e4b09ac51176571d\/1397331763401\/CtC_SlowDesignPrinciples.pdf<\/a>\",\"id\":\"bb2fdd2e-9b18-4908-95a5-6653e9c185cb\"}]"},"categories":[12],"tags":[],"class_list":["post-1264","post","type-post","status-publish","format-standard","has-post-thumbnail","hentry","category-style"],"acf":[],"yoast_head":"<!-- This site is optimized with the Yoast SEO plugin v27.5 - https:\/\/yoast.com\/product\/yoast-seo-wordpress\/ -->\n<title>Jak uzyska\u0107 wn\u0119trze utrzymane w duchu slow design? - Proplo<\/title>\n<meta name=\"description\" content=\"Slow design to filozofia wn\u0119trz oparta na jako\u015bci, naturze i harmonii. Odkryj, jak stworzy\u0107 przestrze\u0144 sprzyjaj\u0105c\u0105 spokoju i uwa\u017cno\u015bci.\" \/>\n<meta name=\"robots\" content=\"index, follow, max-snippet:-1, max-image-preview:large, max-video-preview:-1\" \/>\n<link rel=\"canonical\" href=\"https:\/\/proplo.pl\/blog\/slow-design\/\" \/>\n<meta property=\"og:locale\" content=\"pl_PL\" \/>\n<meta property=\"og:type\" content=\"article\" \/>\n<meta property=\"og:title\" content=\"Jak uzyska\u0107 wn\u0119trze utrzymane w duchu slow design? - Proplo\" \/>\n<meta property=\"og:description\" content=\"Slow design to filozofia wn\u0119trz oparta na jako\u015bci, naturze i harmonii. Odkryj, jak stworzy\u0107 przestrze\u0144 sprzyjaj\u0105c\u0105 spokoju i uwa\u017cno\u015bci.\" \/>\n<meta property=\"og:url\" content=\"https:\/\/proplo.pl\/blog\/slow-design\/\" \/>\n<meta property=\"og:site_name\" content=\"Poradnik wn\u0119trzarski - Proplo\" \/>\n<meta property=\"article:published_time\" content=\"2025-08-29T09:16:40+00:00\" \/>\n<meta property=\"article:modified_time\" content=\"2025-08-29T09:16:41+00:00\" \/>\n<meta property=\"og:image\" content=\"https:\/\/proplo.pl\/blog\/wp-content\/uploads\/2025\/08\/slow-design.png\" \/>\n\t<meta property=\"og:image:width\" content=\"1200\" \/>\n\t<meta property=\"og:image:height\" content=\"800\" \/>\n\t<meta property=\"og:image:type\" content=\"image\/png\" \/>\n<meta name=\"author\" content=\"Proplo\" \/>\n<meta name=\"twitter:card\" content=\"summary_large_image\" \/>\n<meta name=\"twitter:label1\" content=\"Napisane przez\" \/>\n\t<meta name=\"twitter:data1\" content=\"Proplo\" \/>\n\t<meta name=\"twitter:label2\" content=\"Szacowany czas czytania\" \/>\n\t<meta name=\"twitter:data2\" content=\"19 minut\" \/>\n<script type=\"application\/ld+json\" class=\"yoast-schema-graph\">{\"@context\":\"https:\\\/\\\/schema.org\",\"@graph\":[{\"@type\":\"Article\",\"@id\":\"https:\\\/\\\/proplo.pl\\\/blog\\\/slow-design\\\/#article\",\"isPartOf\":{\"@id\":\"https:\\\/\\\/proplo.pl\\\/blog\\\/slow-design\\\/\"},\"author\":{\"name\":\"Proplo\",\"@id\":\"https:\\\/\\\/proplo.pl\\\/blog\\\/#\\\/schema\\\/person\\\/c13af99097d24e9fc2b86b838c0fd0e1\"},\"headline\":\"Jak uzyska\u0107 wn\u0119trze utrzymane w duchu slow design?\",\"datePublished\":\"2025-08-29T09:16:40+00:00\",\"dateModified\":\"2025-08-29T09:16:41+00:00\",\"mainEntityOfPage\":{\"@id\":\"https:\\\/\\\/proplo.pl\\\/blog\\\/slow-design\\\/\"},\"wordCount\":3575,\"image\":{\"@id\":\"https:\\\/\\\/proplo.pl\\\/blog\\\/slow-design\\\/#primaryimage\"},\"thumbnailUrl\":\"https:\\\/\\\/proplo.pl\\\/blog\\\/wp-content\\\/uploads\\\/2025\\\/08\\\/slow-design.png\",\"articleSection\":[\"Style\"],\"inLanguage\":\"pl-PL\"},{\"@type\":\"WebPage\",\"@id\":\"https:\\\/\\\/proplo.pl\\\/blog\\\/slow-design\\\/\",\"url\":\"https:\\\/\\\/proplo.pl\\\/blog\\\/slow-design\\\/\",\"name\":\"Jak uzyska\u0107 wn\u0119trze utrzymane w duchu slow design? - Proplo\",\"isPartOf\":{\"@id\":\"https:\\\/\\\/proplo.pl\\\/blog\\\/#website\"},\"primaryImageOfPage\":{\"@id\":\"https:\\\/\\\/proplo.pl\\\/blog\\\/slow-design\\\/#primaryimage\"},\"image\":{\"@id\":\"https:\\\/\\\/proplo.pl\\\/blog\\\/slow-design\\\/#primaryimage\"},\"thumbnailUrl\":\"https:\\\/\\\/proplo.pl\\\/blog\\\/wp-content\\\/uploads\\\/2025\\\/08\\\/slow-design.png\",\"datePublished\":\"2025-08-29T09:16:40+00:00\",\"dateModified\":\"2025-08-29T09:16:41+00:00\",\"author\":{\"@id\":\"https:\\\/\\\/proplo.pl\\\/blog\\\/#\\\/schema\\\/person\\\/c13af99097d24e9fc2b86b838c0fd0e1\"},\"description\":\"Slow design to filozofia wn\u0119trz oparta na jako\u015bci, naturze i harmonii. Odkryj, jak stworzy\u0107 przestrze\u0144 sprzyjaj\u0105c\u0105 spokoju i uwa\u017cno\u015bci.\",\"breadcrumb\":{\"@id\":\"https:\\\/\\\/proplo.pl\\\/blog\\\/slow-design\\\/#breadcrumb\"},\"inLanguage\":\"pl-PL\",\"potentialAction\":[{\"@type\":\"ReadAction\",\"target\":[\"https:\\\/\\\/proplo.pl\\\/blog\\\/slow-design\\\/\"]}]},{\"@type\":\"ImageObject\",\"inLanguage\":\"pl-PL\",\"@id\":\"https:\\\/\\\/proplo.pl\\\/blog\\\/slow-design\\\/#primaryimage\",\"url\":\"https:\\\/\\\/proplo.pl\\\/blog\\\/wp-content\\\/uploads\\\/2025\\\/08\\\/slow-design.png\",\"contentUrl\":\"https:\\\/\\\/proplo.pl\\\/blog\\\/wp-content\\\/uploads\\\/2025\\\/08\\\/slow-design.png\",\"width\":1200,\"height\":800,\"caption\":\"Wn\u0119trze salonu w stylu prowansalskim z zielon\u0105 sof\u0105 i drewnianymi meblami.\"},{\"@type\":\"BreadcrumbList\",\"@id\":\"https:\\\/\\\/proplo.pl\\\/blog\\\/slow-design\\\/#breadcrumb\",\"itemListElement\":[{\"@type\":\"ListItem\",\"position\":1,\"name\":\"Proplo\",\"item\":\"https:\\\/\\\/proplo.pl\"},{\"@type\":\"ListItem\",\"position\":2,\"name\":\"Poradnik wn\u0119trzarski\",\"item\":\"https:\\\/\\\/proplo.pl\\\/blog\\\/\"},{\"@type\":\"ListItem\",\"position\":3,\"name\":\"Jak uzyska\u0107 wn\u0119trze utrzymane w duchu slow design?\"}]},{\"@type\":\"WebSite\",\"@id\":\"https:\\\/\\\/proplo.pl\\\/blog\\\/#website\",\"url\":\"https:\\\/\\\/proplo.pl\\\/blog\\\/\",\"name\":\"Blog Proplo\",\"description\":\"\",\"potentialAction\":[{\"@type\":\"SearchAction\",\"target\":{\"@type\":\"EntryPoint\",\"urlTemplate\":\"https:\\\/\\\/proplo.pl\\\/blog\\\/?s={search_term_string}\"},\"query-input\":{\"@type\":\"PropertyValueSpecification\",\"valueRequired\":true,\"valueName\":\"search_term_string\"}}],\"inLanguage\":\"pl-PL\"},{\"@type\":\"Person\",\"@id\":\"https:\\\/\\\/proplo.pl\\\/blog\\\/#\\\/schema\\\/person\\\/c13af99097d24e9fc2b86b838c0fd0e1\",\"name\":\"Proplo\",\"image\":{\"@type\":\"ImageObject\",\"inLanguage\":\"pl-PL\",\"@id\":\"https:\\\/\\\/secure.gravatar.com\\\/avatar\\\/176f908138148facd74b7d78fc677b53b24a54b63aacd8fc4e81a4da926e5f28?s=96&d=mm&r=g\",\"url\":\"https:\\\/\\\/secure.gravatar.com\\\/avatar\\\/176f908138148facd74b7d78fc677b53b24a54b63aacd8fc4e81a4da926e5f28?s=96&d=mm&r=g\",\"contentUrl\":\"https:\\\/\\\/secure.gravatar.com\\\/avatar\\\/176f908138148facd74b7d78fc677b53b24a54b63aacd8fc4e81a4da926e5f28?s=96&d=mm&r=g\",\"caption\":\"Proplo\"},\"url\":\"https:\\\/\\\/proplo.pl\\\/blog\\\/author\\\/r-marciniak\\\/\"}]}<\/script>\n<!-- \/ Yoast SEO plugin. -->","yoast_head_json":{"title":"Jak uzyska\u0107 wn\u0119trze utrzymane w duchu slow design? - Proplo","description":"Slow design to filozofia wn\u0119trz oparta na jako\u015bci, naturze i harmonii. Odkryj, jak stworzy\u0107 przestrze\u0144 sprzyjaj\u0105c\u0105 spokoju i uwa\u017cno\u015bci.","robots":{"index":"index","follow":"follow","max-snippet":"max-snippet:-1","max-image-preview":"max-image-preview:large","max-video-preview":"max-video-preview:-1"},"canonical":"https:\/\/proplo.pl\/blog\/slow-design\/","og_locale":"pl_PL","og_type":"article","og_title":"Jak uzyska\u0107 wn\u0119trze utrzymane w duchu slow design? - Proplo","og_description":"Slow design to filozofia wn\u0119trz oparta na jako\u015bci, naturze i harmonii. Odkryj, jak stworzy\u0107 przestrze\u0144 sprzyjaj\u0105c\u0105 spokoju i uwa\u017cno\u015bci.","og_url":"https:\/\/proplo.pl\/blog\/slow-design\/","og_site_name":"Poradnik wn\u0119trzarski - Proplo","article_published_time":"2025-08-29T09:16:40+00:00","article_modified_time":"2025-08-29T09:16:41+00:00","og_image":[{"width":1200,"height":800,"url":"https:\/\/proplo.pl\/blog\/wp-content\/uploads\/2025\/08\/slow-design.png","type":"image\/png"}],"author":"Proplo","twitter_card":"summary_large_image","twitter_misc":{"Napisane przez":"Proplo","Szacowany czas czytania":"19 minut"},"schema":{"@context":"https:\/\/schema.org","@graph":[{"@type":"Article","@id":"https:\/\/proplo.pl\/blog\/slow-design\/#article","isPartOf":{"@id":"https:\/\/proplo.pl\/blog\/slow-design\/"},"author":{"name":"Proplo","@id":"https:\/\/proplo.pl\/blog\/#\/schema\/person\/c13af99097d24e9fc2b86b838c0fd0e1"},"headline":"Jak uzyska\u0107 wn\u0119trze utrzymane w duchu slow design?","datePublished":"2025-08-29T09:16:40+00:00","dateModified":"2025-08-29T09:16:41+00:00","mainEntityOfPage":{"@id":"https:\/\/proplo.pl\/blog\/slow-design\/"},"wordCount":3575,"image":{"@id":"https:\/\/proplo.pl\/blog\/slow-design\/#primaryimage"},"thumbnailUrl":"https:\/\/proplo.pl\/blog\/wp-content\/uploads\/2025\/08\/slow-design.png","articleSection":["Style"],"inLanguage":"pl-PL"},{"@type":"WebPage","@id":"https:\/\/proplo.pl\/blog\/slow-design\/","url":"https:\/\/proplo.pl\/blog\/slow-design\/","name":"Jak uzyska\u0107 wn\u0119trze utrzymane w duchu slow design? - Proplo","isPartOf":{"@id":"https:\/\/proplo.pl\/blog\/#website"},"primaryImageOfPage":{"@id":"https:\/\/proplo.pl\/blog\/slow-design\/#primaryimage"},"image":{"@id":"https:\/\/proplo.pl\/blog\/slow-design\/#primaryimage"},"thumbnailUrl":"https:\/\/proplo.pl\/blog\/wp-content\/uploads\/2025\/08\/slow-design.png","datePublished":"2025-08-29T09:16:40+00:00","dateModified":"2025-08-29T09:16:41+00:00","author":{"@id":"https:\/\/proplo.pl\/blog\/#\/schema\/person\/c13af99097d24e9fc2b86b838c0fd0e1"},"description":"Slow design to filozofia wn\u0119trz oparta na jako\u015bci, naturze i harmonii. Odkryj, jak stworzy\u0107 przestrze\u0144 sprzyjaj\u0105c\u0105 spokoju i uwa\u017cno\u015bci.","breadcrumb":{"@id":"https:\/\/proplo.pl\/blog\/slow-design\/#breadcrumb"},"inLanguage":"pl-PL","potentialAction":[{"@type":"ReadAction","target":["https:\/\/proplo.pl\/blog\/slow-design\/"]}]},{"@type":"ImageObject","inLanguage":"pl-PL","@id":"https:\/\/proplo.pl\/blog\/slow-design\/#primaryimage","url":"https:\/\/proplo.pl\/blog\/wp-content\/uploads\/2025\/08\/slow-design.png","contentUrl":"https:\/\/proplo.pl\/blog\/wp-content\/uploads\/2025\/08\/slow-design.png","width":1200,"height":800,"caption":"Wn\u0119trze salonu w stylu prowansalskim z zielon\u0105 sof\u0105 i drewnianymi meblami."},{"@type":"BreadcrumbList","@id":"https:\/\/proplo.pl\/blog\/slow-design\/#breadcrumb","itemListElement":[{"@type":"ListItem","position":1,"name":"Proplo","item":"https:\/\/proplo.pl"},{"@type":"ListItem","position":2,"name":"Poradnik wn\u0119trzarski","item":"https:\/\/proplo.pl\/blog\/"},{"@type":"ListItem","position":3,"name":"Jak uzyska\u0107 wn\u0119trze utrzymane w duchu slow design?"}]},{"@type":"WebSite","@id":"https:\/\/proplo.pl\/blog\/#website","url":"https:\/\/proplo.pl\/blog\/","name":"Blog Proplo","description":"","potentialAction":[{"@type":"SearchAction","target":{"@type":"EntryPoint","urlTemplate":"https:\/\/proplo.pl\/blog\/?s={search_term_string}"},"query-input":{"@type":"PropertyValueSpecification","valueRequired":true,"valueName":"search_term_string"}}],"inLanguage":"pl-PL"},{"@type":"Person","@id":"https:\/\/proplo.pl\/blog\/#\/schema\/person\/c13af99097d24e9fc2b86b838c0fd0e1","name":"Proplo","image":{"@type":"ImageObject","inLanguage":"pl-PL","@id":"https:\/\/secure.gravatar.com\/avatar\/176f908138148facd74b7d78fc677b53b24a54b63aacd8fc4e81a4da926e5f28?s=96&d=mm&r=g","url":"https:\/\/secure.gravatar.com\/avatar\/176f908138148facd74b7d78fc677b53b24a54b63aacd8fc4e81a4da926e5f28?s=96&d=mm&r=g","contentUrl":"https:\/\/secure.gravatar.com\/avatar\/176f908138148facd74b7d78fc677b53b24a54b63aacd8fc4e81a4da926e5f28?s=96&d=mm&r=g","caption":"Proplo"},"url":"https:\/\/proplo.pl\/blog\/author\/r-marciniak\/"}]}},"_links":{"self":[{"href":"https:\/\/proplo.pl\/blog\/wp-json\/wp\/v2\/posts\/1264","targetHints":{"allow":["GET"]}}],"collection":[{"href":"https:\/\/proplo.pl\/blog\/wp-json\/wp\/v2\/posts"}],"about":[{"href":"https:\/\/proplo.pl\/blog\/wp-json\/wp\/v2\/types\/post"}],"author":[{"embeddable":true,"href":"https:\/\/proplo.pl\/blog\/wp-json\/wp\/v2\/users\/3"}],"replies":[{"embeddable":true,"href":"https:\/\/proplo.pl\/blog\/wp-json\/wp\/v2\/comments?post=1264"}],"version-history":[{"count":9,"href":"https:\/\/proplo.pl\/blog\/wp-json\/wp\/v2\/posts\/1264\/revisions"}],"predecessor-version":[{"id":1274,"href":"https:\/\/proplo.pl\/blog\/wp-json\/wp\/v2\/posts\/1264\/revisions\/1274"}],"wp:featuredmedia":[{"embeddable":true,"href":"https:\/\/proplo.pl\/blog\/wp-json\/wp\/v2\/media\/1271"}],"wp:attachment":[{"href":"https:\/\/proplo.pl\/blog\/wp-json\/wp\/v2\/media?parent=1264"}],"wp:term":[{"taxonomy":"category","embeddable":true,"href":"https:\/\/proplo.pl\/blog\/wp-json\/wp\/v2\/categories?post=1264"},{"taxonomy":"post_tag","embeddable":true,"href":"https:\/\/proplo.pl\/blog\/wp-json\/wp\/v2\/tags?post=1264"}],"curies":[{"name":"wp","href":"https:\/\/api.w.org\/{rel}","templated":true}]}}