{"id":1233,"date":"2025-08-20T08:44:00","date_gmt":"2025-08-20T07:44:00","guid":{"rendered":"https:\/\/proplo.pl\/blog\/?p=1233"},"modified":"2025-08-20T08:44:01","modified_gmt":"2025-08-20T07:44:01","slug":"remont-salonu","status":"publish","type":"post","link":"https:\/\/proplo.pl\/blog\/remont-salonu\/","title":{"rendered":"Ile kosztuje remont salonu w 2025 roku?"},"content":{"rendered":"<div class=\"you-find-content\">\r\n    <div class=\"container-xl container-wrapper\">\r\n        <div class=\"row design\">\r\n            <div class=\"col-md-12 wrapper \">\r\n                <div class=\"title\"><p>Z tego artyku\u0142u dowiesz si\u0119:<\/p>\n<\/div>\r\n                <div class=\"grid-wrapper\">\r\n                                                        <div class=\"block-list\">\r\n                        <div class=\"number\">\r\n                            1                        <\/div>\r\n                        <div class=\"text\">\r\n                            <p>Jak zaplanowa\u0107 uk\u0142ad i funkcje salonu, by by\u0142 wygodny i dopasowany do domownik\u00f3w?<\/p>\n                        <\/div>\r\n                    <\/div>\r\n                                        <div class=\"block-list\">\r\n                        <div class=\"number\">\r\n                            2                        <\/div>\r\n                        <div class=\"text\">\r\n                            <p>Jakie materia\u0142y i kolory najlepiej sprawdzaj\u0105 si\u0119 przy od\u015bwie\u017caniu salonu?<\/p>\n                        <\/div>\r\n                    <\/div>\r\n                                        <div class=\"block-list\">\r\n                        <div class=\"number\">\r\n                            3                        <\/div>\r\n                        <div class=\"text\">\r\n                            <p>Jak dobra\u0107 o\u015bwietlenie i meble, aby stworzy\u0107 estetyczn\u0105 i funkcjonaln\u0105 przestrze\u0144?<\/p>\n                        <\/div>\r\n                    <\/div>\r\n                                        <div class=\"block-list\">\r\n                        <div class=\"number\">\r\n                            4                        <\/div>\r\n                        <div class=\"text\">\r\n                            <p>Jakie s\u0105 najcz\u0119stsze b\u0142\u0119dy podczas remontu salonu i jak ich unikn\u0105\u0107?<\/p>\n                        <\/div>\r\n                    <\/div>\r\n                                                    <\/div>\r\n            <\/div>\r\n        <\/div>\r\n    <\/div>\r\n<\/div>\n\n\n<p>Planujesz <strong>remont salonu w 2025 roku<\/strong>? To \u015bwietny krok! Zanim jednak przyst\u0105pisz do dzia\u0142ania, warto przygotowa\u0107 si\u0119 na jedno \u2014 <strong>koszty mog\u0105 Ci\u0119 zaskoczy\u0107<\/strong>. Ceny wahaj\u0105 si\u0119 od kilku do nawet kilkudziesi\u0119ciu tysi\u0119cy z\u0142otych. Sk\u0105d taka rozpi\u0119to\u015b\u0107? Ostateczny koszt zale\u017cy przede wszystkim od trzech kluczowych czynnik\u00f3w:<\/p>\n\n\n\n<ul class=\"wp-block-list\">\n<li><strong>Zakres prac<\/strong> \u2014 czy planujesz jedynie od\u015bwie\u017cenie, czy gruntown\u0105 przebudow\u0119?<\/li>\n\n\n\n<li><strong>Rodzaj materia\u0142\u00f3w<\/strong> \u2014 od bud\u017cetowych po luksusowe, r\u00f3\u017cnice w cenie s\u0105 ogromne<sup data-fn=\"4886623c-def5-45ee-b63f-0f309c3150b7\" class=\"fn\"><a id=\"4886623c-def5-45ee-b63f-0f309c3150b7-link\" href=\"#4886623c-def5-45ee-b63f-0f309c3150b7\">1<\/a><\/sup>.<\/li>\n\n\n\n<li><strong>Poziom wyko\u0144czenia<\/strong> \u2014 standardowe rozwi\u0105zania czy ekskluzywne detale?<\/li>\n<\/ul>\n\n\n\n<p>Na pocz\u0105tek zadaj sobie pytanie: <em>co dok\u0142adnie chcesz zmieni\u0107?<\/em> Czy wystarczy Ci szybkie od\u015bwie\u017cenie \u2014 nowa farba, wymiana pod\u0142ogi? A mo\u017ce marzysz o kompleksowej metamorfozie: nowym uk\u0142adzie pomieszczenia, meblach, o\u015bwietleniu? <strong>Im wi\u0119kszy zakres prac, tym wy\u017cszy koszt<\/strong>. To prosta zale\u017cno\u015b\u0107.<\/p>\n\n\n\n<p>Ogromne znaczenie ma r\u00f3wnie\u017c wyb\u00f3r materia\u0142\u00f3w. <strong>Naturalne drewno, kamie\u0144 czy wysokogatunkowe tkaniny<\/strong> to synonimy luksusu \u2014 i maj\u0105 swoj\u0105 cen\u0119. W zamian oferuj\u0105 jednak trwa\u0142o\u015b\u0107, elegancj\u0119 i ponadczasowy styl. Je\u015bli jednak Tw\u00f3j bud\u017cet jest ograniczony, nie musisz rezygnowa\u0107 z dobrego efektu. Istniej\u0105 ta\u0144sze alternatywy, kt\u00f3re potrafi\u0105 pozytywnie zaskoczy\u0107:<\/p>\n\n\n\n<ul class=\"wp-block-list\">\n<li><strong>Panele winylowe<\/strong> \u2014 odporne na wilgo\u0107 i \u0142atwe w monta\u017cu,<\/li>\n\n\n\n<li><strong>Laminaty<\/strong> \u2014 szeroka gama wzor\u00f3w i kolor\u00f3w w przyst\u0119pnej cenie,<\/li>\n\n\n\n<li><strong>Materia\u0142y syntetyczne<\/strong> \u2014 coraz cz\u0119\u015bciej imituj\u0105ce naturalne surowce z du\u017c\u0105 precyzj\u0105.<\/li>\n<\/ul>\n\n\n\n<p>Odpowiednio dobrane, mog\u0105 da\u0107 <strong>\u015bwietny efekt wizualny bez nadwyr\u0119\u017cania portfela<\/strong>.<\/p>\n\n\n\n<p>Nie zapominaj tak\u017ce o standardzie wyko\u0144czenia. <strong>Inteligentne systemy o\u015bwietlenia, meble na wymiar, designerskie dodatki<\/strong> \u2014 wszystko to podnosi komfort codziennego \u017cycia, ale te\u017c znacz\u0105co wp\u0142ywa na ko\u0144cowy koszt remontu. Z drugiej strony, <strong>inwestycja w jako\u015b\u0107 cz\u0119sto si\u0119 op\u0142aca<\/strong>. Dlaczego? Bo oznacza mniej usterek, mniej stresu i mniejsze wydatki w przysz\u0142o\u015bci.<\/p>\n\n\n\n<p>Na koniec najwa\u017cniejsze pytanie: <strong>co liczy si\u0119 dla Ciebie najbardziej?<\/strong> Trwa\u0142o\u015b\u0107 i wysoka jako\u015b\u0107? A mo\u017ce spektakularny efekt przy ograniczonym bud\u017cecie? <strong>Odpowied\u017a na to pytanie pomo\u017ce Ci lepiej zaplanowa\u0107 remont i unikn\u0105\u0107 niepotrzebnych rozczarowa\u0144<\/strong>.<\/p>\n\n\n\n<figure class=\"wp-block-image size-full\"><a href=\"https:\/\/proplo.pl\/profile\/projekty-wnetrz-sowa-design\/projekt\/projekt-salonu-i-sypialni-we-wroclawiu-2181\"><img loading=\"lazy\" decoding=\"async\" width=\"1200\" height=\"800\" src=\"https:\/\/proplo.pl\/blog\/wp-content\/uploads\/2025\/08\/ile-kosztuje-remont-salonu.png\" alt=\"Wn\u0119trze salonu w stylach industrialnym, minimalistycznym i nowoczesnym z szarym wyposa\u017ceniem.\" class=\"wp-image-1229\" srcset=\"https:\/\/proplo.pl\/blog\/wp-content\/uploads\/2025\/08\/ile-kosztuje-remont-salonu.png 1200w, https:\/\/proplo.pl\/blog\/wp-content\/uploads\/2025\/08\/ile-kosztuje-remont-salonu-300x200.png 300w, https:\/\/proplo.pl\/blog\/wp-content\/uploads\/2025\/08\/ile-kosztuje-remont-salonu-768x512.png 768w, https:\/\/proplo.pl\/blog\/wp-content\/uploads\/2025\/08\/ile-kosztuje-remont-salonu-1024x683.png 1024w, https:\/\/proplo.pl\/blog\/wp-content\/uploads\/2025\/08\/ile-kosztuje-remont-salonu-480x320.png 480w\" sizes=\"auto, (max-width: 1200px) 100vw, 1200px\" \/><\/a><figcaption class=\"wp-element-caption\">Projekt: <a href=\"https:\/\/proplo.pl\/profile\/projekty-wnetrz-sowa-design\">Projekty wn\u0119trz Sowa Design<\/a><\/figcaption><\/figure>\n\n\n\n<h2 class=\"wp-block-heading\">Od czego zacz\u0105\u0107 remont salonu<\/h2>\n\n\n\n<p>Planujesz <strong>remont salonu<\/strong>? To doskona\u0142y krok w stron\u0119 od\u015bwie\u017cenia przestrzeni, w kt\u00f3rej sp\u0119dzasz najwi\u0119cej czasu. Zanim jednak przyst\u0105pisz do dzia\u0142ania, warto podej\u015b\u0107 do tematu metodycznie. <strong>Stw\u00f3rz checklist\u0119<\/strong> \u2013 to nie tylko narz\u0119dzie organizacyjne, ale tak\u017ce spos\u00f3b na unikni\u0119cie chaosu, przekroczenia bud\u017cetu i niepotrzebnego stresu.<\/p>\n\n\n\n<p>Na pocz\u0105tek zastan\u00f3w si\u0119, <strong>co dok\u0142adnie chcesz zmieni\u0107<\/strong>. Czy wystarczy odmalowa\u0107 \u015bciany i wymieni\u0107 meble, czy mo\u017ce planujesz gruntown\u0105 metamorfoz\u0119 z nowym uk\u0142adem przestrzennym? Im precyzyjniej okre\u015blisz swoje cele, tym \u0142atwiej b\u0119dzie Ci zaplanowa\u0107 kolejne etapy i unikn\u0105\u0107 pochopnych, kosztownych decyzji.<\/p>\n\n\n\n<h3 class=\"wp-block-heading\">Projekt salonu jako podstawa udanej metamorfozy<\/h3>\n\n\n\n<p>Ka\u017cda udana zmiana zaczyna si\u0119 od <strong>dobrego projektu salonu<\/strong>. To on wyznacza kierunek ca\u0142ej metamorfozy i pozwala z wyprzedzeniem zaplanowa\u0107 kluczowe elementy wystroju. Zacznij od wyboru <strong>punktu centralnego<\/strong> \u2013 mo\u017ce to by\u0107 designerski kominek, kt\u00f3ry przyci\u0105ga wzrok, lub panoramiczne okno, kt\u00f3re wprowadza do wn\u0119trza \u015bwiat\u0142o i optycznie je powi\u0119ksza.<\/p>\n\n\n\n<p>To r\u00f3wnie\u017c idealny moment, by zadba\u0107 o <strong>funkcjonalno\u015b\u0107 przestrzeni<\/strong>. Je\u015bli salon pe\u0142ni kilka r\u00f3l \u2013 miejsce relaksu, pracy, spotka\u0144 \u2013 warto podzieli\u0107 go na strefy. <strong>Ergonomiczne rozmieszczenie mebli i dodatk\u00f3w<\/strong> sprawi, \u017ce wn\u0119trze b\u0119dzie nie tylko estetyczne, ale i praktyczne na co dzie\u0144.<\/p>\n\n\n\n<h3 class=\"wp-block-heading\">Okre\u015blenie zakresu prac remontowych<\/h3>\n\n\n\n<p>Bez jasno okre\u015blonego <strong>zakresu prac remontowych<\/strong> \u0142atwo straci\u0107 kontrol\u0119 nad przebiegiem remontu. Dlatego warto przygotowa\u0107 <strong>szczeg\u00f3\u0142owy plan dzia\u0142ania<\/strong>, kt\u00f3ry obejmuje:<\/p>\n\n\n\n<ul class=\"wp-block-list\">\n<li>demonta\u017c starych instalacji i element\u00f3w wyposa\u017cenia,<\/li>\n\n\n\n<li>roboty budowlane i ewentualne zmiany konstrukcyjne,<\/li>\n\n\n\n<li>prace wyko\u0144czeniowe \u2013 malowanie, pod\u0142ogi, monta\u017c o\u015bwietlenia,<\/li>\n\n\n\n<li>aran\u017cacj\u0119 i dekoracj\u0119 wn\u0119trza.<\/li>\n<\/ul>\n\n\n\n<p>Taki harmonogram to Twoja <strong>mapa drogowa<\/strong> \u2013 pozwala kontrolowa\u0107 wydatki, lepiej zarz\u0105dza\u0107 ekip\u0105 remontow\u0105 i unikn\u0105\u0107 op\u00f3\u017anie\u0144.<\/p>\n\n\n\n<p>Je\u015bli Tw\u00f3j salon \u0142\u0105czy si\u0119 z kuchni\u0105 lub jadalni\u0105, zadbaj o <strong>sp\u00f3jno\u015b\u0107 wizualn\u0105 i funkcjonaln\u0105<\/strong>. W takich przestrzeniach warto postawi\u0107 na:<\/p>\n\n\n\n<ul class=\"wp-block-list\">\n<li>jednolit\u0105 pod\u0142og\u0119,<\/li>\n\n\n\n<li>harmonijn\u0105 palet\u0119 kolor\u00f3w,<\/li>\n\n\n\n<li>dobrze zaplanowane o\u015bwietlenie,<\/li>\n\n\n\n<li>przemy\u015blane rozmieszczenie stref funkcjonalnych.<\/li>\n<\/ul>\n\n\n\n<p><strong>Efekt?<\/strong> Przestrze\u0144 zyskuje na przejrzysto\u015bci, elegancji i komforcie u\u017cytkowania.<\/p>\n\n\n\n<h3 class=\"wp-block-heading\">Znaczenie metra\u017cu salonu przy planowaniu<\/h3>\n\n\n\n<p><strong>Metra\u017c salonu<\/strong> to jeden z kluczowych czynnik\u00f3w, kt\u00f3ry wp\u0142ywa na ca\u0142y proces planowania. Od niego zale\u017c\u0105 nie tylko koszty materia\u0142\u00f3w i robocizny, ale tak\u017ce mo\u017cliwo\u015bci aran\u017cacyjne. W wi\u0119kszym wn\u0119trzu mo\u017cesz pozwoli\u0107 sobie na wi\u0119cej \u2013 naro\u017cnik, strefa do pracy, k\u0105cik z ksi\u0105\u017ckami i kaw\u0105 \u2013 wszystko znajdzie swoje miejsce.<\/p>\n\n\n\n<p>Jednak sam metra\u017c to nie wszystko. Liczy si\u0119 r\u00f3wnie\u017c <strong>potencja\u0142 przestrzeni<\/strong>. Nawet niewielki salon, je\u015bli zostanie dobrze zaprojektowany, mo\u017ce zaskoczy\u0107 funkcjonalno\u015bci\u0105. Szczeg\u00f3ln\u0105 uwag\u0119 zwr\u00f3\u0107 na <strong>orientacj\u0119 wzgl\u0119dem stron \u015bwiata<\/strong>, poniewa\u017c ma ona realny wp\u0142yw na komfort u\u017cytkowania:<\/p>\n\n\n\n<figure class=\"wp-block-table\"><table class=\"has-fixed-layout\"><tbody><tr><th>Orientacja okien<\/th><th>Charakterystyka<\/th><th>Rekomendacje<\/th><\/tr><tr><td>Po\u0142udnie<\/td><td>Wn\u0119trze jasne i ciep\u0142e<\/td><td>Stosuj jasne barwy i lekkie tkaniny<\/td><\/tr><tr><td>P\u00f3\u0142noc<\/td><td>Wn\u0119trze ch\u0142odniejsze i ciemniejsze<\/td><td>Dodaj ciep\u0142e o\u015bwietlenie i przytulne dodatki<\/td><\/tr><\/tbody><\/table><\/figure>\n\n\n\n<p><strong>Takie detale \u2013 cho\u0107 z pozoru drobne \u2013 maj\u0105 ogromne znaczenie<\/strong> dla codziennego komfortu. Dlatego warto je uwzgl\u0119dni\u0107 ju\u017c na etapie planowania remontu.<\/p>\n\n\n\n<h2 class=\"wp-block-heading\">Planowanie bud\u017cetu i kosztorysu<\/h2>\n\n\n\n<p>Rozpoczynaj\u0105c <strong>remont salonu<\/strong> bez przemy\u015blanego planu finansowego, nara\u017casz si\u0119 na niepotrzebne ryzyko. To jak wyruszy\u0107 w podr\u00f3\u017c bez mapy \u2013 mo\u017cliwe, ale \u0142atwo si\u0119 zgubi\u0107. Dlatego ju\u017c na samym pocz\u0105tku warto po\u015bwi\u0119ci\u0107 czas na stworzenie bud\u017cetu, kt\u00f3ry uwzgl\u0119dni nie tylko podstawowe koszty, takie jak materia\u0142y czy robocizna, ale r\u00f3wnie\u017c <strong>rezerw\u0119 na nieprzewidziane wydatki<\/strong>. A te, pr\u0119dzej czy p\u00f3\u017aniej, si\u0119 pojawi\u0105.<\/p>\n\n\n\n<p><strong>Dobrze zaplanowany bud\u017cet to wi\u0119ksza kontrola nad remontem i spok\u00f3j ducha.<\/strong> W skr\u00f3cie: <strong>licz, planuj, przewiduj<\/strong> \u2013 to si\u0119 po prostu op\u0142aca.<\/p>\n\n\n\n<h3 class=\"wp-block-heading\">Bud\u017cet remontowy: jak go ustali\u0107 i kontrolowa\u0107<\/h3>\n\n\n\n<p>Tworzenie <strong>bud\u017cetu remontowego<\/strong> najlepiej rozpocz\u0105\u0107 od szczeg\u00f3\u0142owego kosztorysu. To nie tylko lista wydatk\u00f3w \u2013 to Twoje narz\u0119dzie do zarz\u0105dzania finansami na ka\u017cdym etapie prac. W dobrze przygotowanym kosztorysie powinny znale\u017a\u0107 si\u0119:<\/p>\n\n\n\n<ul class=\"wp-block-list\">\n<li><strong>Koszty materia\u0142\u00f3w<\/strong> \u2013 farby, panele, kleje, akcesoria i inne niezb\u0119dne elementy wyko\u0144czeniowe.<\/li>\n\n\n\n<li><strong>Wydatki na robocizn\u0119<\/strong> \u2013 wynagrodzenie dla fachowc\u00f3w i specjalist\u00f3w.<\/li>\n\n\n\n<li><strong>Koszty dodatkowe<\/strong> \u2013 transport, wynajem sprz\u0119tu, op\u0142aty administracyjne.<\/li>\n<\/ul>\n\n\n\n<p><strong>Regularne monitorowanie wydatk\u00f3w<\/strong> pozwala szybko reagowa\u0107 na zmiany, takie jak nag\u0142y wzrost cen materia\u0142\u00f3w. Warto r\u00f3wnie\u017c przygotowa\u0107 <strong>plan awaryjny<\/strong> \u2013 ta\u0144sze alternatywy nie musz\u0105 oznacza\u0107 gorszej jako\u015bci. Czasem wystarczy zmieni\u0107 mark\u0119 lub materia\u0142, by zaoszcz\u0119dzi\u0107 bez kompromis\u00f3w. <strong>Elastyczno\u015b\u0107 to klucz do sukcesu<\/strong>.<\/p>\n\n\n\n<h3 class=\"wp-block-heading\">Kosztorys remontu: co powinien zawiera\u0107<\/h3>\n\n\n\n<p>Solidny <strong>kosztorys remontu<\/strong> to nie tylko lista zakup\u00f3w \u2013 to szczeg\u00f3\u0142owy plan dzia\u0142ania, kt\u00f3ry prowadzi Ci\u0119 przez ka\u017cdy etap prac. Aby by\u0142 naprawd\u0119 pomocny, powinien zawiera\u0107:<\/p>\n\n\n\n<ul class=\"wp-block-list\">\n<li><strong>Dok\u0142adny opis zaplanowanych prac<\/strong> \u2013 co, gdzie i jak b\u0119dzie wykonywane.<\/li>\n\n\n\n<li><strong>Przypisane koszty<\/strong> do ka\u017cdej czynno\u015bci lub etapu \u2013 pozwala to lepiej kontrolowa\u0107 wydatki.<\/li>\n\n\n\n<li><strong>Harmonogram z terminami realizacji<\/strong> \u2013 u\u0142atwia organizacj\u0119 i koordynacj\u0119 dzia\u0142a\u0144.<\/li>\n<\/ul>\n\n\n\n<p>Przyk\u0142ad? Je\u015bli planujesz wymian\u0119 pod\u0142ogi, nie wystarczy uwzgl\u0119dni\u0107 ceny samych paneli. Potrzebne b\u0119d\u0105 r\u00f3wnie\u017c: <strong>podk\u0142ad, listwy przypod\u0142ogowe oraz koszty monta\u017cu<\/strong>. Taka szczeg\u00f3\u0142owo\u015b\u0107 pozwala unikn\u0105\u0107 niedoszacowania i nieprzyjemnych niespodzianek. <strong>Pe\u0142na kontrola nad przebiegiem remontu zaczyna si\u0119 od dobrego kosztorysu<\/strong>.<\/p>\n\n\n\n<h3 class=\"wp-block-heading\">Czynniki wp\u0142ywaj\u0105ce na koszt remontu salonu<\/h3>\n\n\n\n<p>Na ostateczny <strong>koszt remontu salonu<\/strong> wp\u0142ywa wiele czynnik\u00f3w. Najwa\u017cniejsze z nich to:<\/p>\n\n\n\n<ul class=\"wp-block-list\">\n<li><strong>Metra\u017c pomieszczenia<\/strong> \u2013 wi\u0119ksza powierzchnia to wi\u0119cej materia\u0142\u00f3w i wi\u0119cej pracy.<\/li>\n\n\n\n<li><strong>Zakres prac<\/strong> \u2013 od\u015bwie\u017cenie \u015bcian to co innego ni\u017c gruntowny remont z wymian\u0105 instalacji.<\/li>\n\n\n\n<li><strong>Rodzaj wyko\u0144czenia<\/strong> \u2013 standardowe rozwi\u0105zania s\u0105 ta\u0144sze, luksusowe podnosz\u0105 koszty.<\/li>\n\n\n\n<li><strong>Wyb\u00f3r materia\u0142\u00f3w<\/strong> \u2013 produkty premium s\u0105 dro\u017csze, ale cz\u0119sto trwalsze i bardziej estetyczne.<\/li>\n<\/ul>\n\n\n\n<p>Warto zada\u0107 sobie pytanie: <strong>czy zale\u017cy Ci na szybkim efekcie, czy na jako\u015bci, kt\u00f3ra przetrwa lata?<\/strong> \u015awiadomo\u015b\u0107 tych czynnik\u00f3w pozwala lepiej dopasowa\u0107 bud\u017cet do w\u0142asnych potrzeb i unikn\u0105\u0107 nieprzyjemnych niespodzianek finansowych. <strong>Lepiej zapobiega\u0107, ni\u017c p\u00f3\u017aniej \u0142ata\u0107 dziury \u2013 tak\u017ce w portfelu<\/strong>.<\/p>\n\n\n\n<figure class=\"wp-block-image size-full\"><a href=\"https:\/\/proplo.pl\/profile\/designbox\/projekt\/nice-200-2-2151\"><img loading=\"lazy\" decoding=\"async\" width=\"1200\" height=\"800\" src=\"https:\/\/proplo.pl\/blog\/wp-content\/uploads\/2025\/08\/ile-kosztuje-remont-salonu-w-2025.png\" alt=\"Glamour wn\u0119trze salonu z jasnym sof\u0105 i ciemnym stolikiem\" class=\"wp-image-1230\" srcset=\"https:\/\/proplo.pl\/blog\/wp-content\/uploads\/2025\/08\/ile-kosztuje-remont-salonu-w-2025.png 1200w, https:\/\/proplo.pl\/blog\/wp-content\/uploads\/2025\/08\/ile-kosztuje-remont-salonu-w-2025-300x200.png 300w, https:\/\/proplo.pl\/blog\/wp-content\/uploads\/2025\/08\/ile-kosztuje-remont-salonu-w-2025-768x512.png 768w, https:\/\/proplo.pl\/blog\/wp-content\/uploads\/2025\/08\/ile-kosztuje-remont-salonu-w-2025-1024x683.png 1024w, https:\/\/proplo.pl\/blog\/wp-content\/uploads\/2025\/08\/ile-kosztuje-remont-salonu-w-2025-480x320.png 480w\" sizes=\"auto, (max-width: 1200px) 100vw, 1200px\" \/><\/a><figcaption class=\"wp-element-caption\">Projekt: <a href=\"https:\/\/proplo.pl\/profile\/designbox\">DESIGNBOX<\/a><\/figcaption><\/figure>\n\n\n\n<h2 class=\"wp-block-heading\">Wyb\u00f3r stylu wn\u0119trza: od klasyki po nowoczesno\u015b\u0107<\/h2>\n\n\n\n<p><strong>Dob\u00f3r stylu wn\u0119trza salonu<\/strong> to nie tylko kwestia estetyki \u2013 to spos\u00f3b na wyra\u017cenie siebie i stworzenie przestrzeni, kt\u00f3ra odzwierciedla Twoj\u0105 osobowo\u015b\u0107. Styl wp\u0142ywa na ka\u017cdy aspekt aran\u017cacji: od kolorystyki \u015bcian, przez form\u0119 mebli, a\u017c po najdrobniejsze detale. <strong>Wsp\u00f3\u0142czesne trendy s\u0105 niezwykle r\u00f3\u017cnorodne<\/strong> \u2013 od ponadczasowej klasyki po surowy minimalizm \u2013 dzi\u0119ki czemu ka\u017cdy znajdzie co\u015b dla siebie.<\/p>\n\n\n\n<p><strong>Styl to tak\u017ce funkcjonalno\u015b\u0107 i codzienna wygoda<\/strong>. Zastan\u00f3w si\u0119, czy bli\u017cej Ci do ciep\u0142a i przytulno\u015bci tradycyjnych wn\u0119trz, czy mo\u017ce do prostoty i nowoczesnych rozwi\u0105za\u0144. <strong>Odpowiedni wyb\u00f3r stylu pozwoli Ci stworzy\u0107 salon, kt\u00f3ry b\u0119dzie nie tylko pi\u0119kny, ale i komfortowy<\/strong>.<\/p>\n\n\n\n<h3 class=\"wp-block-heading\">Styl skandynawski: jasno\u015b\u0107 i naturalno\u015b\u0107<\/h3>\n\n\n\n<p><strong><a href=\"https:\/\/proplo.pl\/style\/skandynawski\">Styl skandynawski<\/a><\/strong> to pochwa\u0142a \u015bwiat\u0142a, prostoty i blisko\u015bci natury. Jasne barwy \u2013 biel, szaro\u015bci, delikatne pastele \u2013 optycznie powi\u0119kszaj\u0105 przestrze\u0144 i dodaj\u0105 jej \u015bwie\u017co\u015bci. <strong>Naturalne materia\u0142y<\/strong>, takie jak drewno, len czy bawe\u0142na, wprowadzaj\u0105 ciep\u0142o i domowy klimat.<\/p>\n\n\n\n<p>Charakterystyczne cechy stylu skandynawskiego:<\/p>\n\n\n\n<ul class=\"wp-block-list\">\n<li><strong>Funkcjonalno\u015b\u0107 i lekko\u015b\u0107<\/strong> \u2013 meble z jasnego drewna s\u0105 proste, ale wygodne.<\/li>\n\n\n\n<li><strong>Przemy\u015blane dodatki<\/strong> \u2013 ceramiczne wazony, grafiki w czerni i bieli, mi\u0119kkie pledy.<\/li>\n\n\n\n<li><strong>Harmonia i spok\u00f3j<\/strong> \u2013 idealne dla os\u00f3b ceni\u0105cych naturalne pi\u0119kno i r\u00f3wnowag\u0119.<\/li>\n<\/ul>\n\n\n\n<h3 class=\"wp-block-heading\">Styl nowoczesny: prostota i funkcjonalno\u015b\u0107<\/h3>\n\n\n\n<p><strong>Nowoczesny salon<\/strong> to przestrze\u0144 uporz\u0105dkowana, ergonomiczna i otwarta. Ka\u017cdy element ma swoje miejsce, a uk\u0142ad wn\u0119trza sprzyja wygodzie i swobodzie poruszania si\u0119. Cz\u0119sto \u0142\u0105czy si\u0119 r\u00f3\u017cne strefy \u2013 wypoczynkow\u0105, jadalnian\u0105, a nawet biurow\u0105 \u2013 w jedn\u0105 sp\u00f3jn\u0105 ca\u0142o\u015b\u0107.<\/p>\n\n\n\n<p>Najwa\u017cniejsze cechy stylu nowoczesnego:<\/p>\n\n\n\n<ul class=\"wp-block-list\">\n<li><strong>Neutralna kolorystyka<\/strong> \u2013 biel, be\u017c, szaro\u015b\u0107 jako t\u0142o dla wyrazistych akcent\u00f3w.<\/li>\n\n\n\n<li><strong>Designerskie elementy<\/strong> \u2013 geometryczne lampy, nowoczesne obrazy, meble o wyrazistej formie.<\/li>\n\n\n\n<li><strong>Nowoczesne technologie<\/strong> \u2013 systemy smart home zwi\u0119kszaj\u0105ce komfort codziennego \u017cycia.<\/li>\n<\/ul>\n\n\n\n<p><strong>To styl dla os\u00f3b ceni\u0105cych porz\u0105dek, innowacje i funkcjonalno\u015b\u0107<\/strong>.<\/p>\n\n\n\n<h3 class=\"wp-block-heading\">Styl klasyczny: elegancja i symetria<\/h3>\n\n\n\n<p><strong>Styl klasyczny<\/strong> to synonim elegancji, harmonii i ponadczasowego szyku. Wn\u0119trza urz\u0105dzone w tym duchu emanuj\u0105 spokojem i wyrafinowaniem. <strong>Wysokiej jako\u015bci materia\u0142y<\/strong> \u2013 drewno, marmur, aksamit \u2013 nadaj\u0105 im luksusowego charakteru.<\/p>\n\n\n\n<p>Elementy charakterystyczne dla stylu klasycznego:<\/p>\n\n\n\n<ul class=\"wp-block-list\">\n<li><strong>Symetria i r\u00f3wnowaga<\/strong> \u2013 meble ustawione w przemy\u015blany spos\u00f3b, starannie dobrane dodatki.<\/li>\n\n\n\n<li><strong>Centralne punkty<\/strong> \u2013 kominek, elegancka sofa, masywny st\u00f3\u0142 z rze\u017abionymi nogami.<\/li>\n\n\n\n<li><strong>Inspiracje historyczne<\/strong> \u2013 nawi\u0105zania do baroku, empire i innych epok.<\/li>\n<\/ul>\n\n\n\n<p><strong>To idealna opcja dla mi\u0142o\u015bnik\u00f3w tradycji i klasycznej elegancji<\/strong>.<\/p>\n\n\n\n<h3 class=\"wp-block-heading\">Styl glamour: luksus i b\u0142ysk<\/h3>\n\n\n\n<p><strong><a href=\"https:\/\/proplo.pl\/style\/glamour\">Styl glamour<\/a><\/strong> to propozycja dla tych, kt\u00f3rzy lubi\u0105 otacza\u0107 si\u0119 pi\u0119knem i nie boj\u0105 si\u0119 odrobiny przepychu. To wn\u0119trza pe\u0142ne blasku, elegancji i efektownych detali.<\/p>\n\n\n\n<p>Najwa\u017cniejsze cechy stylu glamour:<\/p>\n\n\n\n<ul class=\"wp-block-list\">\n<li><strong>L\u015bni\u0105ce powierzchnie<\/strong> \u2013 szk\u0142o, lustra, metaliczne akcenty.<\/li>\n\n\n\n<li><strong>Ekskluzywne materia\u0142y<\/strong> \u2013 aksamit, jedwab, kryszta\u0142owe \u017cyrandole.<\/li>\n\n\n\n<li><strong>Ozdobne detale<\/strong> \u2013 ramy luster, z\u0142ote i srebrne dodatki.<\/li>\n\n\n\n<li><strong>\u015awiat\u0142o jako dekoracja<\/strong> \u2013 odpowiednio rozmieszczone punkty \u015bwietlne podkre\u015blaj\u0105ce aran\u017cacj\u0119.<\/li>\n<\/ul>\n\n\n\n<p><strong>Styl glamour zachwyca i przyci\u0105ga wzrok \u2013 to wyb\u00f3r dla os\u00f3b ceni\u0105cych luksus i efektowno\u015b\u0107<\/strong>.<\/p>\n\n\n\n<h3 class=\"wp-block-heading\">Styl loftowy: surowo\u015b\u0107 i przestrze\u0144<\/h3>\n\n\n\n<p><strong>Styl loftowy<\/strong> to propozycja dla indywidualist\u00f3w, kt\u00f3rzy ceni\u0105 przestrze\u0144 i industrialny klimat. Surowe materia\u0142y i otwarte przestrzenie tworz\u0105 niepowtarzalny charakter wn\u0119trza.<\/p>\n\n\n\n<p>Elementy wyr\u00f3\u017cniaj\u0105ce styl loftowy:<\/p>\n\n\n\n<ul class=\"wp-block-list\">\n<li><strong>Surowe wyko\u0144czenia<\/strong> \u2013 ceglane \u015bciany, betonowe pod\u0142ogi, metalowe konstrukcje.<\/li>\n\n\n\n<li><strong>Minimalistyczne meble<\/strong> \u2013 proste formy z metalu i drewna.<\/li>\n\n\n\n<li><strong>Ograniczone dodatki<\/strong> \u2013 funkcjonalno\u015b\u0107 ponad dekoracyjno\u015b\u0107.<\/li>\n\n\n\n<li><strong>Du\u017ce okna<\/strong> \u2013 bez zas\u0142on, wpuszczaj\u0105ce maksymaln\u0105 ilo\u015b\u0107 \u015bwiat\u0142a.<\/li>\n<\/ul>\n\n\n\n<p><strong>To styl dla tych, kt\u00f3rzy ceni\u0105 wolno\u015b\u0107, przestrze\u0144 i industrialn\u0105 estetyk\u0119<\/strong>.<\/p>\n\n\n\n<h3 class=\"wp-block-heading\">Styl minimalistyczny: mniej znaczy wi\u0119cej<\/h3>\n\n\n\n<p><strong>Minimalizm<\/strong> to styl dla os\u00f3b poszukuj\u0105cych spokoju, przejrzysto\u015bci i harmonii. Ka\u017cdy element ma tu swoje uzasadnione miejsce, a wn\u0119trze sprzyja skupieniu i odpoczynkowi.<\/p>\n\n\n\n<p>Kluczowe cechy stylu minimalistycznego:<\/p>\n\n\n\n<ul class=\"wp-block-list\">\n<li><strong>Stonowana kolorystyka<\/strong> \u2013 biel, szaro\u015b\u0107, be\u017c.<\/li>\n\n\n\n<li><strong>Proste, funkcjonalne meble<\/strong> \u2013 bez zb\u0119dnych ozd\u00f3b.<\/li>\n\n\n\n<li><strong>Ograniczona liczba dodatk\u00f3w<\/strong> \u2013 starannie dobrane, pe\u0142ni\u0105ce konkretn\u0105 funkcj\u0119.<\/li>\n\n\n\n<li><strong>\u015awiat\u0142o jako element kompozycji<\/strong> \u2013 podkre\u015blaj\u0105ce geometri\u0119 i czysto\u015b\u0107 form.<\/li>\n<\/ul>\n\n\n\n<p><strong><a href=\"https:\/\/proplo.pl\/style\/minimalistyczny\">Styl minimalistyczny<\/a> to idealne rozwi\u0105zanie dla tych, kt\u00f3rzy pragn\u0105 przestrzeni do my\u015blenia i oddechu od codziennego chaosu<\/strong>.<\/p>\n\n\n\n<figure class=\"wp-block-image\"><a href=\"https:\/\/proplo.pl\/profile\/pikan-architekci\/projekt\/projekt-wnetrza-mieszkania-warszawa-mokotow-107\"><img decoding=\"async\" src=\"https:\/\/proplo.pl\/blog\/wp-content\/uploads\/2025\/07\/budz%CC%87etowy-remont-mieszkania.png\" alt=\"Nowoczesny salon z szarymi meblami, br\u0105zowymi zas\u0142onami i ro\u015blinami\"\/><\/a><\/figure>\n\n\n\n<p>Projekt: <a href=\"https:\/\/proplo.pl\/profile\/pikan-architekci\">Pikan Architekci<\/a><\/p>\n\n\n\n<h2 class=\"wp-block-heading\">Wyko\u0144czenie \u015bcian i pod\u0142\u00f3g<\/h2>\n\n\n\n<p><strong>Wyka\u0144czanie \u015bcian i pod\u0142\u00f3g w salonie to moment prze\u0142omowy ka\u017cdego remontu<\/strong>. To w\u0142a\u015bnie wtedy przestrze\u0144 zaczyna nabiera\u0107 charakteru, klimatu, a czasem nawet odrobiny ekstrawagancji. Efekt ko\u0144cowy zale\u017cy przede wszystkim od wyboru materia\u0142\u00f3w i sposobu ich zastosowania.<\/p>\n\n\n\n<p>Najcz\u0119\u015bciej wybierane metody to <strong>malowanie, tapetowanie oraz monta\u017c pod\u0142\u00f3g<\/strong>. W\u015br\u00f3d dost\u0119pnych opcji znajdziemy zar\u00f3wno klasyczne panele, nowoczesne pod\u0142ogi winylowe, jak i elegancki parkiet z naturalnego drewna. Ka\u017cde z tych rozwi\u0105za\u0144 ma swoje unikalne cechy, kt\u00f3re warto dopasowa\u0107 do stylu wn\u0119trza i w\u0142asnych preferencji.<\/p>\n\n\n\n<p><strong>Malowanie \u015bcian<\/strong> to nie tylko praktyczne, ale i tw\u00f3rcze zaj\u0119cie. Coraz wi\u0119cej os\u00f3b decyduje si\u0119 na samodzielne malowanie, co pozwala idealnie dopasowa\u0107 kolory do w\u0142asnych upodoba\u0144 i stworzy\u0107 wn\u0119trze z dusz\u0105. Kluczowy jest jednak wyb\u00f3r odpowiedniej farby \u2013 liczy si\u0119 nie tylko kolor, ale r\u00f3wnie\u017c:<\/p>\n\n\n\n<ul class=\"wp-block-list\">\n<li><strong>trwa\u0142o\u015b\u0107<\/strong>,<\/li>\n\n\n\n<li><strong>odporno\u015b\u0107 na zabrudzenia<\/strong>,<\/li>\n\n\n\n<li><strong>intensywno\u015b\u0107 koloru<\/strong>.<\/li>\n<\/ul>\n\n\n\n<p>W przypadku pod\u0142ogi \u2013 niezale\u017cnie od tego, czy zdecydujesz si\u0119 na panele, winyl czy parkiet \u2013 <strong>postaw na jako\u015b\u0107<\/strong>. Dobrze dobrana pod\u0142oga to inwestycja, kt\u00f3ra codziennie b\u0119dzie procentowa\u0107 komfortem i estetyk\u0105.<\/p>\n\n\n\n<h3 class=\"wp-block-heading\">Tynk gipsowy i przygotowanie \u015bcian do malowania<\/h3>\n\n\n\n<p><strong>Tynk gipsowy to sprawdzony spos\u00f3b na idealnie g\u0142adkie \u015bciany<\/strong>, kt\u00f3re doskonale przyjmuj\u0105 farb\u0119. Cho\u0107 jego nak\u0142adanie wymaga pewnej wprawy i odpowiednich narz\u0119dzi, efekt ko\u0144cowy w pe\u0142ni rekompensuje wysi\u0142ek \u2013 r\u00f3wna, estetyczna powierzchnia gotowa na kolor.<\/p>\n\n\n\n<p>Przy wyborze farby warto zwr\u00f3ci\u0107 uwag\u0119 nie tylko na jej odcie\u0144, ale r\u00f3wnie\u017c na:<\/p>\n\n\n\n<ul class=\"wp-block-list\">\n<li><strong>odporno\u015b\u0107 na zmywanie<\/strong>,<\/li>\n\n\n\n<li><strong>odporno\u015b\u0107 na blakni\u0119cie<\/strong>,<\/li>\n\n\n\n<li><strong>\u0142atwo\u015b\u0107 aplikacji<\/strong>.<\/li>\n<\/ul>\n\n\n\n<p><strong>Tynk gipsowy jako podk\u0142ad<\/strong> sprawia, \u017ce farba rozprowadza si\u0119 r\u00f3wnomiernie, a efekt ko\u0144cowy jest trwa\u0142y i estetyczny. To w\u0142a\u015bnie <strong>po\u0142\u0105czenie dobrze przygotowanej powierzchni i odpowiednio dobranej farby<\/strong> decyduje o tym, czy wn\u0119trze b\u0119dzie cieszy\u0107 oko przez d\u0142ugie lata.<\/p>\n\n\n\n<h3 class=\"wp-block-heading\">Panele pod\u0142ogowe, winylowe i parkiet \u2013 por\u00f3wnanie rozwi\u0105za\u0144<\/h3>\n\n\n\n<p><strong>Wyb\u00f3r pod\u0142ogi do salonu to decyzja, kt\u00f3ra \u0142\u0105czy estetyk\u0119 z funkcjonalno\u015bci\u0105 i bud\u017cetem<\/strong>. Na rynku dost\u0119pne s\u0105 trzy najpopularniejsze rozwi\u0105zania: panele laminowane, panele winylowe oraz parkiet. Ka\u017cde z nich ma swoje zalety i ograniczenia, kt\u00f3re warto pozna\u0107 przed podj\u0119ciem decyzji.<\/p>\n\n\n\n<figure class=\"wp-block-table\"><table class=\"has-fixed-layout\"><tbody><tr><th>Rodzaj pod\u0142ogi<\/th><th>Zalety<\/th><th>Wady<\/th><\/tr><tr><td><strong>Panele laminowane<\/strong><\/td><td>Du\u017cy wyb\u00f3r wzor\u00f3w, r\u00f3\u017cne klasy \u015bcieralno\u015bci, pasuj\u0105 do wielu styl\u00f3w wn\u0119trz<\/td><td>Mniej odporne na wilgo\u0107, mog\u0105 by\u0107 g\u0142o\u015bne przy chodzeniu<\/td><\/tr><tr><td><strong>Panele winylowe<\/strong><\/td><td>Odporno\u015b\u0107 na wilgo\u0107, zarysowania i uszkodzenia mechaniczne, idealne dla rodzin z dzie\u0107mi i zwierz\u0119tami<\/td><td>Syntetyczny wygl\u0105d mo\u017ce nie odpowiada\u0107 ka\u017cdemu<\/td><\/tr><tr><td><strong>Parkiet (deski tr\u00f3jwarstwowe)<\/strong><\/td><td>Naturalne drewno, elegancja, ciep\u0142o, \u0142atwy monta\u017c<\/td><td>Wymaga regularnej konserwacji, wy\u017csza cena<\/td><\/tr><\/tbody><\/table><\/figure>\n\n\n\n<p>Przy wyborze pod\u0142ogi warto kierowa\u0107 si\u0119 nie tylko wygl\u0105dem, ale r\u00f3wnie\u017c:<\/p>\n\n\n\n<ul class=\"wp-block-list\">\n<li><strong>trwa\u0142o\u015bci\u0105<\/strong>,<\/li>\n\n\n\n<li><strong>\u0142atwo\u015bci\u0105 piel\u0119gnacji<\/strong>,<\/li>\n\n\n\n<li><strong>komfortem u\u017cytkowania<\/strong>,<\/li>\n\n\n\n<li><strong>dopasowaniem do stylu \u017cycia<\/strong>.<\/li>\n<\/ul>\n\n\n\n<p><strong>Pod\u0142oga to nie tylko t\u0142o \u2013 to fundament codzienno\u015bci<\/strong>. Dlatego warto zainwestowa\u0107 w rozwi\u0105zanie, kt\u00f3re b\u0119dzie s\u0142u\u017cy\u0107 przez lata i odpowiada\u0107 na potrzeby domownik\u00f3w.<\/p>\n\n\n\n<h2 class=\"wp-block-heading\">Komfort cieplny i o\u015bwietlenie<\/h2>\n\n\n\n<p>Wn\u0119trze to dzi\u015b znacznie wi\u0119cej ni\u017c tylko estetyka \u2013 to przestrze\u0144 codziennego komfortu. Dlatego <strong>efektywny system grzewczy<\/strong> oraz <strong>dobrze zaprojektowane o\u015bwietlenie salonu<\/strong> stanowi\u0105 fundamenty przytulnego i funkcjonalnego domu. Gdy te dwa elementy wsp\u00f3\u0142graj\u0105, tworz\u0105 atmosfer\u0119, do kt\u00f3rej chce si\u0119 wraca\u0107 \u2013 ciep\u0142\u0105, harmonijn\u0105 i pe\u0142n\u0105 pozytywnej energii.<\/p>\n\n\n\n<p>Coraz wi\u0119ksz\u0105 popularno\u015b\u0107 zyskuje <strong>ogrzewanie pod\u0142ogowe<\/strong>, kt\u00f3re zapewnia r\u00f3wnomierne rozprowadzanie ciep\u0142a. To szczeg\u00f3lnie doceniane o poranku, gdy stopy dotykaj\u0105 przyjemnie ciep\u0142ej pod\u0142ogi. Najlepiej sprawdza si\u0119 pod kamieniem lub p\u0142ytkami ceramicznymi \u2013 materia\u0142ami doskonale przewodz\u0105cymi ciep\u0142o. <strong>Brak grzejnik\u00f3w to wi\u0119cej przestrzeni i czystszy, nowoczesny design<\/strong>.<\/p>\n\n\n\n<p>Nie mo\u017cna zapomina\u0107 o roli \u015bwiat\u0142a. <strong>O\u015bwietlenie salonu powinno by\u0107 warstwowe<\/strong>, \u0142\u0105cz\u0105c trzy typy \u015bwiat\u0142a:<\/p>\n\n\n\n<ul class=\"wp-block-list\">\n<li><strong>Og\u00f3lne<\/strong> \u2013 zapewnia r\u00f3wnomierne o\u015bwietlenie ca\u0142ego pomieszczenia,<\/li>\n\n\n\n<li><strong>Punktowe<\/strong> \u2013 do\u015bwietla konkretne strefy, np. miejsce do czytania,<\/li>\n\n\n\n<li><strong>Dekoracyjne<\/strong> \u2013 buduje nastr\u00f3j i podkre\u015bla styl wn\u0119trza.<\/li>\n<\/ul>\n\n\n\n<p>Taki uk\u0142ad pozwala \u0142atwo zmienia\u0107 atmosfer\u0119 \u2013 od relaksu z ksi\u0105\u017ck\u0105 po prac\u0119 przy komputerze. <strong>To nie tylko funkcjonalno\u015b\u0107, ale te\u017c spos\u00f3b na nadanie wn\u0119trzu charakteru<\/strong>.<\/p>\n\n\n\n<p>Naturalne \u015bwiat\u0142o r\u00f3wnie\u017c odgrywa kluczow\u0105 rol\u0119. <strong>Du\u017ce okna dachowe<\/strong> wprowadzaj\u0105 do wn\u0119trza mn\u00f3stwo dziennego \u015bwiat\u0142a, kt\u00f3re poprawia wygl\u0105d salonu i pozytywnie wp\u0142ywa na nastr\u00f3j. <strong>To inwestycja, kt\u00f3ra codziennie si\u0119 op\u0142aca<\/strong> \u2013 szczeg\u00f3lnie je\u015bli planujesz remont.<\/p>\n\n\n\n<p><strong>A Ty?<\/strong> Co jest dla Ciebie wa\u017cniejsze przy urz\u0105dzaniu salonu \u2013 nowoczesne technologie czy sprawdzone, klasyczne rozwi\u0105zania?<\/p>\n\n\n\n<h3 class=\"wp-block-heading\">Ogrzewanie pod\u0142ogowe i grzejniki do salonu<\/h3>\n\n\n\n<p><strong>System grzewczy<\/strong> wp\u0142ywa nie tylko na temperatur\u0119, ale r\u00f3wnie\u017c na wygl\u0105d i funkcjonalno\u015b\u0107 wn\u0119trza. <strong>Ogrzewanie pod\u0142ogowe<\/strong> to jedno z najcz\u0119\u015bciej wybieranych rozwi\u0105za\u0144 \u2013 zapewnia przyjemne, r\u00f3wnomierne ciep\u0142o i eliminuje potrzeb\u0119 monta\u017cu grzejnik\u00f3w, co daje wi\u0119ksz\u0105 swobod\u0119 aran\u017cacyjn\u0105.<\/p>\n\n\n\n<p>Najlepiej sprawdza si\u0119 pod kamieniem lub p\u0142ytkami ceramicznymi, kt\u00f3re doskonale przewodz\u0105 ciep\u0142o. <strong>To rozwi\u0105zanie praktyczne, estetyczne i energooszcz\u0119dne<\/strong>.<\/p>\n\n\n\n<p>Je\u015bli planujesz <strong>remont salonu<\/strong>, to idealny moment, by zainwestowa\u0107 w ogrzewanie pod\u0142ogowe. Dzi\u0119ki niemu mo\u017cesz:<\/p>\n\n\n\n<ul class=\"wp-block-list\">\n<li><strong>Obni\u017cy\u0107 temperatur\u0119 zasilania<\/strong>, co przek\u0142ada si\u0119 na ni\u017csze rachunki,<\/li>\n\n\n\n<li><strong>Poprawi\u0107 estetyk\u0119 wn\u0119trza<\/strong> \u2013 brak grzejnik\u00f3w to wi\u0119cej przestrzeni,<\/li>\n\n\n\n<li><strong>Zwi\u0119kszy\u0107 komfort cieplny<\/strong> \u2013 ciep\u0142o rozchodzi si\u0119 r\u00f3wnomiernie,<\/li>\n\n\n\n<li><strong>Po\u0142\u0105czy\u0107 z klasycznymi grzejnikami<\/strong> \u2013 w miejscach wymagaj\u0105cych szybkiego dogrzania.<\/li>\n<\/ul>\n\n\n\n<p><strong>A Ty?<\/strong> Masz ju\u017c do\u015bwiadczenia z takim systemem? My\u015blisz, \u017ce <strong>ogrzewanie pod\u0142ogowe<\/strong> sprawdzi\u0142oby si\u0119 w Twoim salonie?<\/p>\n\n\n\n<h3 class=\"wp-block-heading\">O\u015bwietlenie salonu: og\u00f3lne, punktowe i dekoracyjne<\/h3>\n\n\n\n<p><strong>\u015awiat\u0142o w salonie<\/strong> to nie tylko kwestia funkcjonalno\u015bci \u2013 to tak\u017ce spos\u00f3b na budowanie nastroju i stylu. Dlatego warto zadba\u0107 o zr\u00f3\u017cnicowane i przemy\u015blane o\u015bwietlenie, kt\u00f3re odpowiada na r\u00f3\u017cne potrzeby domownik\u00f3w.<\/p>\n\n\n\n<p>Trzy typy \u015bwiat\u0142a, kt\u00f3re warto uwzgl\u0119dni\u0107:<\/p>\n\n\n\n<ul class=\"wp-block-list\">\n<li><strong>O\u015bwietlenie og\u00f3lne<\/strong> \u2013 plafony, \u017cyrandole \u2013 zapewnia r\u00f3wnomierne \u015bwiat\u0142o w ca\u0142ym pomieszczeniu,<\/li>\n\n\n\n<li><strong>O\u015bwietlenie punktowe<\/strong> \u2013 lampy stoj\u0105ce, kinkiety, reflektory \u2013 do\u015bwietlaj\u0105 konkretne strefy,<\/li>\n\n\n\n<li><strong>O\u015bwietlenie dekoracyjne<\/strong> \u2013 ta\u015bmy LED, designerskie lampki \u2013 buduj\u0105 klimat i podkre\u015blaj\u0105 styl wn\u0119trza.<\/li>\n<\/ul>\n\n\n\n<p><strong>Ka\u017cdy z tych element\u00f3w pe\u0142ni inn\u0105 funkcj\u0119<\/strong> \u2013 od praktycznej po estetyczn\u0105. Dlatego ju\u017c na etapie planowania <strong>remontu salonu<\/strong> warto zaprojektowa\u0107 rozmieszczenie punkt\u00f3w \u015bwietlnych. <strong>To pozwoli unikn\u0105\u0107 kosztownych przer\u00f3bek i stworzy\u0107 przestrze\u0144 idealnie dopasowan\u0105 do Twoich potrzeb<\/strong>.<\/p>\n\n\n\n<p><strong>A Ty?<\/strong> Wolisz nowoczesne LED-y czy klasyczne lampy z dusz\u0105?<\/p>\n\n\n\n<h3 class=\"wp-block-heading\">Wp\u0142yw \u015bwiat\u0142a dziennego i okien dachowych na wn\u0119trze<\/h3>\n\n\n\n<p><strong>Naturalne \u015bwiat\u0142o<\/strong> potrafi ca\u0142kowicie odmieni\u0107 charakter wn\u0119trza. <strong>Du\u017ce okna dachowe<\/strong> nie tylko rozja\u015bniaj\u0105 salon, ale te\u017c optycznie go powi\u0119kszaj\u0105 i dodaj\u0105 mu lekko\u015bci. Co wi\u0119cej \u2013 \u015bwiat\u0142o dzienne ma pozytywny wp\u0142yw na zdrowie i samopoczucie domownik\u00f3w.<\/p>\n\n\n\n<p>Je\u015bli planujesz <strong>remont salonu<\/strong>, rozwa\u017c monta\u017c okien dachowych \u2013 szczeg\u00f3lnie na poddaszu. To rozwi\u0105zanie:<\/p>\n\n\n\n<ul class=\"wp-block-list\">\n<li><strong>Wprowadza wi\u0119cej \u015bwiat\u0142a dziennego<\/strong>,<\/li>\n\n\n\n<li><strong>Zmniejsza potrzeb\u0119 korzystania ze sztucznego o\u015bwietlenia<\/strong>,<\/li>\n\n\n\n<li><strong>Obni\u017ca rachunki za energi\u0119<\/strong>,<\/li>\n\n\n\n<li><strong>Wspiera ekologiczny styl \u017cycia<\/strong>.<\/li>\n<\/ul>\n\n\n\n<p><strong>A Ty?<\/strong> Czy naturalne \u015bwiat\u0142o ju\u017c gra g\u0142\u00f3wn\u0105 rol\u0119 w Twoim salonie? A mo\u017ce dopiero planujesz wpu\u015bci\u0107 do wn\u0119trza wi\u0119cej s\u0142o\u0144ca?<\/p>\n\n\n\n<figure class=\"wp-block-image\"><a href=\"https:\/\/proplo.pl\/profile\/pogotowie-wnetrzarskie\/projekt\/z-takim-widokiem-za-oknem-wychodzenie-z-domu-bywa-trudne-1938\"><img decoding=\"async\" src=\"https:\/\/proplo.pl\/blog\/wp-content\/uploads\/2025\/08\/wne%CC%A8trze-boho.png\" alt=\"Jadalnia w stylu boho i wsp\u00f3\u0142czesnym z drewnianym sto\u0142em i kolorowymi lampami\"\/><\/a><\/figure>\n\n\n\n<p>Projekt: <a href=\"https:\/\/proplo.pl\/profile\/pogotowie-wnetrzarskie\">Pogotowie Wn\u0119trzarskie<\/a><\/p>\n\n\n\n<h2 class=\"wp-block-heading\">Meble i ich rozmieszczenie<\/h2>\n\n\n\n<p><strong>Przemy\u015blane rozmieszczenie mebli w salonie<\/strong> to nie tylko kwestia estetyki \u2013 to przede wszystkim komfort i funkcjonalno\u015b\u0107. Salon to przestrze\u0144, w kt\u00f3rej odpoczywamy po pracy, sp\u0119dzamy czas z bliskimi, ogl\u0105damy ulubione seriale lub po prostu cieszymy si\u0119 chwil\u0105 ciszy. Dlatego tak wa\u017cne jest, aby by\u0142a ona <strong>przyjazna, swobodna i ergonomiczna<\/strong> \u2013 bez konieczno\u015bci lawirowania mi\u0119dzy stolikiem a kanap\u0105 czy przeciskania si\u0119 obok fotela.<\/p>\n\n\n\n<p>Na pocz\u0105tku warto <strong>okre\u015bli\u0107 centralny punkt salonu<\/strong> \u2013 element, kt\u00f3ry przyci\u0105ga uwag\u0119 i nadaje rytm ca\u0142emu wn\u0119trzu. Mo\u017ce to by\u0107:<\/p>\n\n\n\n<ul class=\"wp-block-list\">\n<li><strong>kominek<\/strong> \u2013 klasyczny i przytulny akcent, wok\u00f3\u0142 kt\u00f3rego \u0142atwo zbudowa\u0107 atmosfer\u0119 domowego ciep\u0142a,<\/li>\n\n\n\n<li><strong>telewizor<\/strong> \u2013 funkcjonalne centrum rozrywki,<\/li>\n\n\n\n<li><strong>panoramiczne okno<\/strong> \u2013 \u017ar\u00f3d\u0142o naturalnego \u015bwiat\u0142a i widok, kt\u00f3ry sam w sobie stanowi dekoracj\u0119.<\/li>\n<\/ul>\n\n\n\n<p>Wok\u00f3\u0142 tego punktu zorganizuj reszt\u0119 aran\u017cacji. <strong>Ustaw meble tak, by tworzy\u0142y harmonijn\u0105 kompozycj\u0119<\/strong>, a jednocze\u015bnie nie zak\u0142\u00f3ca\u0142y naturalnego przep\u0142ywu ruchu. Taki uk\u0142ad nie tylko porz\u0105dkuje przestrze\u0144, ale te\u017c <strong>nadaje jej osobisty charakter<\/strong>, odzwierciedlaj\u0105cy styl \u017cycia domownik\u00f3w.<\/p>\n\n\n\n<p><strong>Remont to doskona\u0142a okazja<\/strong>, by spojrze\u0107 na sw\u00f3j salon z nowej perspektywy. Czasem wystarczy przesun\u0105\u0107 sof\u0119 o krok w bok lub zamieni\u0107 miejscami dwa fotele, by ca\u0142e wn\u0119trze zyska\u0142o \u015bwie\u017co\u015b\u0107. Jednak warto pami\u0119ta\u0107 o proporcjach:<\/p>\n\n\n\n<ul class=\"wp-block-list\">\n<li><strong>Zbyt du\u017ce meble<\/strong> w niewielkim pokoju mog\u0105 przyt\u0142acza\u0107 i ogranicza\u0107 swobod\u0119 poruszania si\u0119,<\/li>\n\n\n\n<li><strong>Zbyt ma\u0142e meble<\/strong> w przestronnym wn\u0119trzu mog\u0105 sprawia\u0107 wra\u017cenie przypadkowo\u015bci i braku sp\u00f3jno\u015bci.<\/li>\n<\/ul>\n\n\n\n<p><strong>Eksperymentuj z uk\u0142adem mebli<\/strong> \u2013 szukaj takiego, kt\u00f3ry nie tylko dobrze wygl\u0105da, ale te\u017c odpowiada codziennym potrzebom i rytmowi \u017cycia domownik\u00f3w. Czasem drobna zmiana mo\u017ce ca\u0142kowicie odmieni\u0107 charakter przestrzeni.<\/p>\n\n\n\n<h2 class=\"wp-block-heading\">Remont salonu w bloku vs. w domu \u2013 r\u00f3\u017cnice i wyzwania<\/h2>\n\n\n\n<p><strong>Remont salonu w bloku i w domu to dwa zupe\u0142nie r\u00f3\u017cne do\u015bwiadczenia<\/strong>. Ka\u017cde z tych miejsc ma swoje ograniczenia i zalety, kt\u00f3re wp\u0142ywaj\u0105 na przebieg prac remontowych.<\/p>\n\n\n\n<p>Je\u015bli planujesz <strong>remont salonu w bloku<\/strong>, musisz liczy\u0107 si\u0119 z kilkoma wyzwaniami:<\/p>\n\n\n\n<ul class=\"wp-block-list\">\n<li><strong>Ograniczony metra\u017c<\/strong> \u2013 ka\u017cdy centymetr ma znaczenie, dlatego trzeba dobrze przemy\u015ble\u0107 uk\u0142ad i funkcjonalno\u015b\u0107 wn\u0119trza.<\/li>\n\n\n\n<li><strong>Regulacje wsp\u00f3lnoty mieszkaniowej<\/strong> \u2013 obowi\u0105zuj\u0105 okre\u015blone godziny prac, zakaz ingerencji w konstrukcj\u0119 budynku i inne ograniczenia formalne.<\/li>\n\n\n\n<li><strong>Brak swobody aran\u017cacyjnej<\/strong> \u2013 trudniej wprowadza\u0107 wi\u0119ksze zmiany, np. przesuwa\u0107 \u015bciany czy montowa\u0107 du\u017ce przeszklenia.<\/li>\n<\/ul>\n\n\n\n<p>Z kolei <strong>remont salonu w domu<\/strong> daje znacznie wi\u0119cej mo\u017cliwo\u015bci:<\/p>\n\n\n\n<ul class=\"wp-block-list\">\n<li><strong>Wi\u0119ksza przestrze\u0144<\/strong> \u2013 pozwala na swobodniejsze planowanie i aran\u017cacj\u0119 wn\u0119trza.<\/li>\n\n\n\n<li><strong>Mo\u017cliwo\u015b\u0107 zmian konstrukcyjnych<\/strong> \u2013 przesuwanie \u015bcian, monta\u017c panoramicznych okien czy zmiana uk\u0142adu pomieszcze\u0144.<\/li>\n\n\n\n<li><strong>Wi\u0119ksze koszty<\/strong> \u2013 wi\u0119ksza powierzchnia to wi\u0119cej materia\u0142\u00f3w, robocizny i czasu.<\/li>\n\n\n\n<li><strong>Wyzwania logistyczne<\/strong> \u2013 organizacja prac w domu jednorodzinnym bywa bardziej skomplikowana.<\/li>\n<\/ul>\n\n\n\n<p><strong>Niezale\u017cnie od miejsca, kluczem do sukcesu jest dobre poznanie wn\u0119trza i dostosowanie planu do jego reali\u00f3w<\/strong>. A Ty? Jakie napotka\u0142e\u015b wyzwania podczas remontu salonu?<\/p>\n\n\n\n<h3 class=\"wp-block-heading\">Tani remont salonu \u2013 jak ograniczy\u0107 koszty bez utraty jako\u015bci<\/h3>\n\n\n\n<p>Chcesz od\u015bwie\u017cy\u0107 salon, ale nie dysponujesz du\u017cym bud\u017cetem? <strong>Tani remont salonu jest mo\u017cliwy<\/strong> \u2013 wystarczy kreatywno\u015b\u0107 i rozs\u0105dne planowanie. Oto kilka sprawdzonych sposob\u00f3w na ograniczenie koszt\u00f3w bez rezygnacji z jako\u015bci:<\/p>\n\n\n\n<ul class=\"wp-block-list\">\n<li><strong>Wyb\u00f3r ta\u0144szych, ale estetycznych materia\u0142\u00f3w<\/strong> \u2013 np. panele winylowe zamiast parkietu. S\u0105 trwa\u0142e, \u0142atwe w monta\u017cu i wygl\u0105daj\u0105 jak drewno, a kosztuj\u0105 znacznie mniej.<\/li>\n\n\n\n<li><strong>Samodzielne wykonanie prac<\/strong> \u2013 malowanie \u015bcian, monta\u017c p\u00f3\u0142ek czy sk\u0142adanie mebli to zadania, kt\u00f3re mo\u017cesz wykona\u0107 samodzielnie, oszcz\u0119dzaj\u0105c na roboci\u017anie.<\/li>\n\n\n\n<li><strong>Polowanie na promocje<\/strong> \u2013 \u015bled\u017a oferty w marketach budowlanych i korzystaj z sezonowych wyprzeda\u017cy. Czasem mo\u017cna trafi\u0107 na prawdziwe okazje.<\/li>\n\n\n\n<li><strong>Recykling i renowacja<\/strong> \u2013 odnowienie starych mebli lub wykorzystanie materia\u0142\u00f3w z odzysku to nie tylko oszcz\u0119dno\u015b\u0107, ale te\u017c spos\u00f3b na unikalny styl.<\/li>\n<\/ul>\n\n\n\n<p><strong><a href=\"https:\/\/proplo.pl\/blog\/tani-remont-mieszkania\/\">Tani remont<\/a> to nie tylko kwestia pieni\u0119dzy, ale przede wszystkim pomys\u0142owo\u015bci<\/strong>. Masz swoje sprawdzone triki? Podziel si\u0119 nimi!<\/p>\n\n\n\n<h3 class=\"wp-block-heading\">Inspiracje do remontu salonu w 2025 roku<\/h3>\n\n\n\n<p><strong>Nowy rok to doskona\u0142y moment na zmiany w salonie<\/strong>. Trendy na 2025 rok skupiaj\u0105 si\u0119 wok\u00f3\u0142 trzech kluczowych warto\u015bci: <strong>harmonii, komfortu i ekologii<\/strong>. Oto najciekawsze inspiracje:<\/p>\n\n\n\n<ul class=\"wp-block-list\">\n<li><strong>Otwarta przestrze\u0144<\/strong> \u2013 po\u0142\u0105czenie <a href=\"https:\/\/proplo.pl\/blog\/jak-urzadzic-kuchnie-z-salonem\/\">kuchni z salonem<\/a> i jadalni\u0105 to spos\u00f3b na wi\u0119cej \u015bwiat\u0142a, przestrzeni i wsp\u00f3lnego czasu z rodzin\u0105.<\/li>\n\n\n\n<li><strong>Naturalne materia\u0142y<\/strong> \u2013 drewno, len, kamie\u0144 wprowadzaj\u0105 do wn\u0119trza ciep\u0142o i przytulno\u015b\u0107. \u015awietnie komponuj\u0105 si\u0119 z nowoczesnymi technologiami.<\/li>\n\n\n\n<li><strong>Inteligentne rozwi\u0105zania<\/strong> \u2013 systemy zarz\u0105dzania o\u015bwietleniem i temperatur\u0105 zwi\u0119kszaj\u0105 komfort i funkcjonalno\u015b\u0107 wn\u0119trza.<\/li>\n\n\n\n<li><strong>Ekologiczne podej\u015bcie<\/strong> \u2013 farby o niskiej emisji, meble z recyklingu, energooszcz\u0119dne urz\u0105dzenia \u2013 to nie tylko moda, ale \u015bwiadomy wyb\u00f3r.<\/li>\n<\/ul>\n\n\n\n<p>Przyk\u0142ad? <strong>Drewniane lamele na \u015bcianie<\/strong> \u2013 nie tylko efektowne, ale te\u017c poprawiaj\u0105 akustyk\u0119 pomieszczenia.<\/p>\n\n\n\n<p><strong>W 2025 roku ekologia i technologia id\u0105 w parze z estetyk\u0105<\/strong>. A Ty? W kt\u00f3r\u0105 stron\u0119 p\u00f3jdziesz \u2013 nowoczesne innowacje czy powr\u00f3t do natury?<\/p>\n\n\n\n<h2 class=\"wp-block-heading\">Od czego zacz\u0105\u0107 remont salonu<\/h2>\n\n\n\n<p>Planujesz <strong>remont salonu<\/strong>? \u015awietnie! Zanim jednak przyst\u0105pisz do dzia\u0142ania \u2013 burzenia \u015bcian czy przestawiania mebli \u2013 warto zacz\u0105\u0107 od przygotowania <strong>checklisty remontowej<\/strong>. To nie tylko lista zada\u0144, ale przede wszystkim <strong>mapa drogowa ca\u0142ego procesu<\/strong>, kt\u00f3ra pomo\u017ce Ci:<\/p>\n\n\n\n<ul class=\"wp-block-list\">\n<li><strong>lepiej zarz\u0105dza\u0107 bud\u017cetem<\/strong>,<\/li>\n\n\n\n<li><strong>uporz\u0105dkowa\u0107 kolejne etapy prac<\/strong>,<\/li>\n\n\n\n<li><strong>kontrolowa\u0107 terminy<\/strong>,<\/li>\n\n\n\n<li><strong>unikn\u0105\u0107 zb\u0119dnego stresu<\/strong>.<\/li>\n<\/ul>\n\n\n\n<p>Na samym pocz\u0105tku zastan\u00f3w si\u0119, <strong>jaki efekt chcesz osi\u0105gn\u0105\u0107<\/strong>. Czy wystarczy od\u015bwie\u017cenie \u015bcian i wymiana mebli, czy mo\u017ce planujesz <strong>kompletn\u0105 metamorfoz\u0119<\/strong> \u2013 z nowym uk\u0142adem przestrzennym i odmienionym stylem? <strong>Jasno okre\u015blone cele<\/strong> to fundament udanego remontu. Bez nich \u0142atwo wpa\u015b\u0107 w pu\u0142apk\u0119 nieprzemy\u015blanych decyzji, kt\u00f3re mog\u0105 kosztowa\u0107 czas i pieni\u0105dze.<\/p>\n\n\n\n<h3 class=\"wp-block-heading\">Projekt salonu jako podstawa udanej metamorfozy<\/h3>\n\n\n\n<p>Ka\u017cdy udany remont zaczyna si\u0119 od pomys\u0142u, a konkretnie \u2013 od <strong>dobrze przemy\u015blanego projektu salonu<\/strong>. To on wyznacza kierunek dzia\u0142a\u0144 i pozwala unikn\u0105\u0107 kosztownych b\u0142\u0119d\u00f3w. Ju\u017c na tym etapie warto wybra\u0107 <strong>punkt centralny wn\u0119trza<\/strong> \u2013 element, kt\u00f3ry przyci\u0105ga wzrok i nadaje charakter przestrzeni. Mo\u017ce to by\u0107:<\/p>\n\n\n\n<ul class=\"wp-block-list\">\n<li>nowoczesny kominek,<\/li>\n\n\n\n<li>panoramiczne okno z widokiem na ogr\u00f3d,<\/li>\n\n\n\n<li>designerska lampa,<\/li>\n\n\n\n<li>oryginalna \u015bciana z ceg\u0142y lub betonu.<\/li>\n<\/ul>\n\n\n\n<p>To r\u00f3wnie\u017c idealny moment, by zadba\u0107 o <strong>funkcjonalno\u015b\u0107 salonu<\/strong>. Zastan\u00f3w si\u0119:<\/p>\n\n\n\n<ul class=\"wp-block-list\">\n<li>Jak rozmie\u015bci\u0107 meble, by zapewni\u0107 wygod\u0119 i przestronno\u015b\u0107?<\/li>\n\n\n\n<li>Czy \u015bwiat\u0142o dzienne dociera tam, gdzie powinno?<\/li>\n\n\n\n<li>Jak po\u0142\u0105czy\u0107 estetyk\u0119 z codziennym komfortem?<\/li>\n<\/ul>\n\n\n\n<p><strong>Dobrze zaprojektowane wn\u0119trze<\/strong> to takie, do kt\u00f3rego chce si\u0119 wraca\u0107 \u2013 pi\u0119kne, praktyczne i dopasowane do Twoich potrzeb.<\/p>\n\n\n\n<h3 class=\"wp-block-heading\">Okre\u015blenie zakresu prac remontowych<\/h3>\n\n\n\n<p>Bez szczeg\u00f3\u0142owego planu ani rusz. <strong>Zakres prac remontowych<\/strong> warto rozpisa\u0107 w formie harmonogramu, kt\u00f3ry obejmie wszystkie etapy \u2013 od demonta\u017cu po dekoracje. Przyk\u0142adowy plan mo\u017ce wygl\u0105da\u0107 tak:<\/p>\n\n\n\n<ol class=\"wp-block-list\">\n<li>Demonta\u017c starych element\u00f3w (meble, pod\u0142ogi, o\u015bwietlenie).<\/li>\n\n\n\n<li>Prace instalacyjne (elektryka, hydraulika).<\/li>\n\n\n\n<li>Wyko\u0144czenie \u015bcian i sufit\u00f3w (tynkowanie, malowanie, tapetowanie).<\/li>\n\n\n\n<li>Uk\u0142adanie pod\u0142\u00f3g i monta\u017c drzwi.<\/li>\n\n\n\n<li>Ustawienie mebli i dodatk\u00f3w dekoracyjnych.<\/li>\n<\/ol>\n\n\n\n<p>Taki harmonogram to nie tylko porz\u0105dek, ale te\u017c <strong>lepsza kontrola nad bud\u017cetem i czasem realizacji<\/strong>.<\/p>\n\n\n\n<p>Je\u015bli Tw\u00f3j salon pe\u0142ni r\u00f3wnie\u017c funkcj\u0119 jadalni, planowanie nabiera dodatkowego znaczenia. Warto zadba\u0107 o <strong>sp\u00f3jno\u015b\u0107 obu stref<\/strong> \u2013 wypoczynkowej i jadalnianej. Przyk\u0142adowo:<\/p>\n\n\n\n<ul class=\"wp-block-list\">\n<li><strong>Wyspa kuchenna<\/strong> mo\u017ce subtelnie oddziela\u0107 przestrzenie,<\/li>\n\n\n\n<li><strong>Dywan<\/strong> pod stref\u0105 wypoczynkow\u0105 mo\u017ce wyznaczy\u0107 jej granice,<\/li>\n\n\n\n<li><strong>O\u015bwietlenie punktowe<\/strong> mo\u017ce podkre\u015bli\u0107 r\u00f3\u017cne funkcje wn\u0119trza.<\/li>\n<\/ul>\n\n\n\n<p>To rozwi\u0105zania, kt\u00f3re \u0142\u0105cz\u0105 <strong>estetyk\u0119 z funkcjonalno\u015bci\u0105<\/strong>.<\/p>\n\n\n\n<h3 class=\"wp-block-heading\">Znaczenie metra\u017cu salonu przy planowaniu<\/h3>\n\n\n\n<p><strong>Metra\u017c salonu<\/strong> ma kluczowe znaczenie przy planowaniu remontu. Wi\u0119ksza przestrze\u0144 to:<\/p>\n\n\n\n<ul class=\"wp-block-list\">\n<li>wi\u0119cej materia\u0142\u00f3w i d\u0142u\u017cszy czas realizacji,<\/li>\n\n\n\n<li>wy\u017csze koszty,<\/li>\n\n\n\n<li>ale te\u017c wi\u0119ksze mo\u017cliwo\u015bci aran\u017cacyjne.<\/li>\n<\/ul>\n\n\n\n<p>W du\u017cym salonie mo\u017cesz pozwoli\u0107 sobie na:<\/p>\n\n\n\n<ul class=\"wp-block-list\">\n<li>wi\u0119ksze meble,<\/li>\n\n\n\n<li>odwa\u017cniejsze kolory i wzory,<\/li>\n\n\n\n<li>wyra\u017any podzia\u0142 na strefy (np. wypoczynkow\u0105, jadalnian\u0105, biurow\u0105).<\/li>\n<\/ul>\n\n\n\n<p>Nie zapomnij r\u00f3wnie\u017c o <strong>po\u0142o\u017ceniu salonu wzgl\u0119dem stron \u015bwiata<\/strong>. To wp\u0142ywa na wyb\u00f3r kolorystyki i o\u015bwietlenia:<\/p>\n\n\n\n<figure class=\"wp-block-table\"><table class=\"has-fixed-layout\"><tbody><tr><th>Ekspozycja<\/th><th>Zalecenia<\/th><\/tr><tr><td>Po\u0142udniowa<\/td><td>Mo\u017cna stosowa\u0107 ciemniejsze kolory \u015bcian i delikatniejsze o\u015bwietlenie \u2013 du\u017co naturalnego \u015bwiat\u0142a.<\/td><\/tr><tr><td>P\u00f3\u0142nocna<\/td><td>Warto zainwestowa\u0107 w dodatkowe \u017ar\u00f3d\u0142a \u015bwiat\u0142a i jasne kolory, by ociepli\u0107 wn\u0119trze.<\/td><\/tr><\/tbody><\/table><\/figure>\n\n\n\n<p><strong>Detale maj\u0105 znaczenie<\/strong> \u2013 wp\u0142ywaj\u0105 na atmosfer\u0119, komfort i funkcjonalno\u015b\u0107 salonu na co dzie\u0144.<\/p>\n\n\n\n<figure class=\"wp-block-image\"><a href=\"https:\/\/proplo.pl\/profile\/jankowski-interior-design-studio\/projekt\/954\"><img decoding=\"async\" src=\"https:\/\/proplo.pl\/blog\/wp-content\/uploads\/2025\/01\/nowoczesny-salon-z-aneksem-kuchennym.png\" alt=\"Wn\u0119trze nowoczesnego salonu z bia\u0142\u0105 kuchni\u0105, szarym naro\u017cnikiem i drewnian\u0105 pod\u0142og\u0105.\"\/><\/a><\/figure>\n\n\n\n<p>Projekt: <a href=\"https:\/\/proplo.pl\/profile\/jankowski-interior-design-studio\">JANKOWSKI Interior Design Studio<\/a><\/p>\n\n\n\n<h2 class=\"wp-block-heading\">Planowanie bud\u017cetu i kosztorysu<\/h2>\n\n\n\n<p>Rozpoczynaj\u0105c <strong>remont salonu<\/strong> bez solidnego planu finansowego, ryzykujesz wi\u0119cej, ni\u017c si\u0119 wydaje. To jak wyruszy\u0107 w d\u0142ug\u0105 podr\u00f3\u017c bez mapy \u2013 mo\u017ce si\u0119 uda, ale \u0142atwo zboczy\u0107 z trasy. <strong>Ju\u017c na samym pocz\u0105tku warto po\u015bwi\u0119ci\u0107 czas na dok\u0142adne zaplanowanie bud\u017cetu<\/strong>. I nie chodzi tu wy\u0142\u0105cznie o oczywiste wydatki, takie jak materia\u0142y czy robocizna. <strong>R\u00f3wnie istotne jest uwzgl\u0119dnienie rezerwy finansowej na nieprzewidziane sytuacje<\/strong> \u2013 bo te, pr\u0119dzej czy p\u00f3\u017aniej, si\u0119 pojawi\u0105.<\/p>\n\n\n\n<p><strong>Brak \u015brodk\u00f3w w kluczowym momencie mo\u017ce zatrzyma\u0107 nawet najlepiej zorganizowany remont<\/strong>. Dlatego rzetelne oszacowanie koszt\u00f3w to nie strata czasu, lecz inwestycja w spok\u00f3j i kontrol\u0119. A to \u2013 w trakcie remontu \u2013 bywa bezcenne.<\/p>\n\n\n\n<h3 class=\"wp-block-heading\">Bud\u017cet remontowy: jak go ustali\u0107 i kontrolowa\u0107<\/h3>\n\n\n\n<p>Tworzenie <strong>bud\u017cetu remontowego<\/strong> zaczyna si\u0119 od przygotowania szczeg\u00f3\u0142owego kosztorysu. To Twoje podstawowe narz\u0119dzie do planowania i zarz\u0105dzania wydatkami. <strong>W dobrze przygotowanym kosztorysie powinny znale\u017a\u0107 si\u0119 wszystkie planowane koszty, w tym:<\/strong><\/p>\n\n\n\n<ul class=\"wp-block-list\">\n<li><strong>Materia\u0142y budowlane i wyko\u0144czeniowe<\/strong> \u2013 farby, panele, kleje, zaprawy, itp.<\/li>\n\n\n\n<li><strong>Wynagrodzenie dla ekipy remontowej<\/strong> \u2013 w zale\u017cno\u015bci od zakresu prac i lokalnych stawek.<\/li>\n\n\n\n<li><strong>Koszty logistyczne<\/strong> \u2013 transport materia\u0142\u00f3w, wynajem sprz\u0119tu, us\u0142ugi dodatkowe (np. kontener na gruz).<\/li>\n\n\n\n<li><strong>Rezerwa finansowa<\/strong> \u2013 minimum 10\u201315% ca\u0142kowitego bud\u017cetu na nieprzewidziane wydatki.<\/li>\n<\/ul>\n\n\n\n<p><strong>To nie tylko lista zakup\u00f3w \u2013 to narz\u0119dzie kontroli finansowej<\/strong>. Regularne monitorowanie wydatk\u00f3w i szybkie reagowanie na zmiany \u2013 np. nag\u0142y wzrost cen \u2013 pozwala unikn\u0105\u0107 przekroczenia bud\u017cetu. <strong>Efekt? Mniej stresu i wi\u0119ksza przewidywalno\u015b\u0107 ca\u0142ego przedsi\u0119wzi\u0119cia<\/strong>.<\/p>\n\n\n\n<h3 class=\"wp-block-heading\">Kosztorys remontu: co powinien zawiera\u0107<\/h3>\n\n\n\n<p>Dobry <strong>kosztorys remontu<\/strong> to nie tylko spis wydatk\u00f3w, ale <strong>kompleksowy plan dzia\u0142ania<\/strong>, kt\u00f3ry prowadzi Ci\u0119 krok po kroku przez ca\u0142y proces. Aby by\u0142 naprawd\u0119 pomocny, powinien zawiera\u0107:<\/p>\n\n\n\n<ul class=\"wp-block-list\">\n<li><strong>Szczeg\u00f3\u0142owy opis wszystkich zaplanowanych prac<\/strong> \u2013 np. malowanie \u015bcian, wymiana pod\u0142ogi, monta\u017c o\u015bwietlenia.<\/li>\n\n\n\n<li><strong>Szacunkowe koszty ka\u017cdej pozycji<\/strong> \u2013 z podzia\u0142em na materia\u0142y i robocizn\u0119.<\/li>\n\n\n\n<li><strong>Harmonogram realizacji<\/strong> \u2013 z podzia\u0142em na etapy i przewidywany czas trwania ka\u017cdego z nich.<\/li>\n\n\n\n<li><strong>Uwzgl\u0119dnienie potencjalnych ryzyk<\/strong> \u2013 np. op\u00f3\u017anienia w dostawie materia\u0142\u00f3w, zmiany cen.<\/li>\n<\/ul>\n\n\n\n<p>Przyk\u0142ad? Je\u015bli planujesz wymian\u0119 pod\u0142ogi, uwzgl\u0119dnij nie tylko koszt paneli, ale te\u017c <strong>demonta\u017c starej nawierzchni, przygotowanie pod\u0142o\u017ca i monta\u017c nowej<\/strong>. Taki dokument pozwala lepiej zarz\u0105dza\u0107 czasem, koordynowa\u0107 dzia\u0142ania i szybciej reagowa\u0107 na ewentualne op\u00f3\u017anienia. <strong>W skr\u00f3cie \u2013 to Twoje centrum dowodzenia remontem<\/strong>.<\/p>\n\n\n\n<h3 class=\"wp-block-heading\">Czynniki wp\u0142ywaj\u0105ce na koszt remontu salonu<\/h3>\n\n\n\n<p>Na ostateczny <strong>koszt remontu salonu<\/strong> wp\u0142ywa wiele zmiennych. <strong>Najwa\u017cniejsze z nich to:<\/strong><\/p>\n\n\n\n<ul class=\"wp-block-list\">\n<li><strong>Metra\u017c pomieszczenia<\/strong> \u2013 im wi\u0119kszy salon, tym wi\u0119cej materia\u0142\u00f3w i robocizny, a wi\u0119c wy\u017csze koszty.<\/li>\n\n\n\n<li><strong>Zakres prac<\/strong> \u2013 od\u015bwie\u017cenie \u015bcian to jedno, a gruntowna przebudowa z wymian\u0105 instalacji to zupe\u0142nie inny poziom inwestycji.<\/li>\n\n\n\n<li><strong>Rodzaj i jako\u015b\u0107 materia\u0142\u00f3w<\/strong> \u2013 standardowe rozwi\u0105zania s\u0105 ta\u0144sze, ale mo\u017ce zdecydujesz si\u0119 na ekologiczne farby lub panele winylowe premium?<\/li>\n\n\n\n<li><strong>Wyb\u00f3r wykonawc\u00f3w<\/strong> \u2013 do\u015bwiadczenie i renoma firmy remontowej cz\u0119sto id\u0105 w parze z wy\u017csz\u0105 cen\u0105, ale te\u017c wi\u0119ksz\u0105 pewno\u015bci\u0105 realizacji.<\/li>\n<\/ul>\n\n\n\n<p><strong>Ka\u017cda decyzja ma swoj\u0105 cen\u0119<\/strong>. Dlatego warto podej\u015b\u0107 do planowania z rozwag\u0105. Zastan\u00f3w si\u0119, co jest dla Ciebie najwa\u017cniejsze \u2013 <strong>estetyka, trwa\u0142o\u015b\u0107, a mo\u017ce ekologia?<\/strong> Ustal priorytety. <strong>Dzi\u0119ki temu unikniesz sytuacji, w kt\u00f3rej koszty wymykaj\u0105 si\u0119 spod kontroli, a remont zostaje w po\u0142owie drogi<\/strong>. A Ty \u2013 z pustym portfelem i niedoko\u0144czonym salonem.<\/p>\n\n\n\n<h2 class=\"wp-block-heading\">Styl i aran\u017cacja wn\u0119trza<\/h2>\n\n\n\n<p><strong>Wyb\u00f3r stylu wn\u0119trza salonu<\/strong> to nie tylko kwestia estetyki \u2013 to spos\u00f3b na wyra\u017cenie siebie i stworzenie przestrzeni, w kt\u00f3rej naprawd\u0119 chce si\u0119 przebywa\u0107. Styl wp\u0142ywa na ka\u017cdy element aran\u017cacji: od kolorystyki \u015bcian, przez form\u0119 mebli, a\u017c po detale dekoracyjne, kt\u00f3re nadaj\u0105 wn\u0119trzu unikalny charakter.<\/p>\n\n\n\n<p>Wsp\u00f3\u0142czesne trendy oferuj\u0105 szerok\u0105 gam\u0119 mo\u017cliwo\u015bci \u2013 od ponadczasowej klasyki po nowoczesny minimalizm. Dzi\u0119ki temu \u0142atwo dopasowa\u0107 aran\u017cacj\u0119 do indywidualnych potrzeb i stylu \u017cycia. <strong>Styl to jednak nie tylko wygl\u0105d \u2013 to tak\u017ce funkcjonalno\u015b\u0107<\/strong>. Zastan\u00f3w si\u0119, czy marzysz o przytulnym, klasycznym k\u0105cie, czy raczej o przestronnej, nowoczesnej strefie. <strong>Odpowiedni wyb\u00f3r stylu pozwoli Ci stworzy\u0107 salon, kt\u00f3ry b\u0119dzie zar\u00f3wno estetyczny, jak i komfortowy na co dzie\u0144<\/strong>.<\/p>\n\n\n\n<h3 class=\"wp-block-heading\">Styl skandynawski: jasno\u015b\u0107 i naturalno\u015b\u0107<\/h3>\n\n\n\n<p><strong>Styl skandynawski<\/strong> to pochwa\u0142a \u015bwiat\u0142a, prostoty i blisko\u015bci natury. Jasne barwy \u2013 biel, szaro\u015bci, pastele \u2013 optycznie powi\u0119kszaj\u0105 przestrze\u0144, dodaj\u0105c jej \u015bwie\u017co\u015bci i lekko\u015bci. Naturalne materia\u0142y, takie jak drewno, len czy we\u0142na, wprowadzaj\u0105 ciep\u0142o i przytulny klimat.<\/p>\n\n\n\n<p>Charakterystyczne cechy stylu skandynawskiego:<\/p>\n\n\n\n<ul class=\"wp-block-list\">\n<li><strong>Funkcjonalno\u015b\u0107<\/strong> \u2013 meble s\u0105 proste, cz\u0119sto wielozadaniowe, co u\u0142atwia utrzymanie porz\u0105dku.<\/li>\n\n\n\n<li><strong>Minimalizm<\/strong> \u2013 ograniczona liczba dodatk\u00f3w i dekoracji.<\/li>\n\n\n\n<li><strong>Naturalno\u015b\u0107<\/strong> \u2013 dominuj\u0105 materia\u0142y inspirowane przyrod\u0105.<\/li>\n\n\n\n<li><strong>Jasno\u015b\u0107<\/strong> \u2013 maksymalne wykorzystanie \u015bwiat\u0142a dziennego.<\/li>\n<\/ul>\n\n\n\n<p>To styl idealny dla os\u00f3b ceni\u0105cych <strong>spok\u00f3j, harmoni\u0119 i naturalno\u015b\u0107<\/strong> \u2013 nawet w miejskim otoczeniu.<\/p>\n\n\n\n<h3 class=\"wp-block-heading\">Styl nowoczesny: prostota i funkcjonalno\u015b\u0107<\/h3>\n\n\n\n<p><strong>Nowoczesny salon<\/strong> to przestrze\u0144 uporz\u0105dkowana, ergonomiczna i przemy\u015blana. Meble ustawione s\u0105 tak, by zapewni\u0107 maksymalny komfort i swobod\u0119 ruchu. Otwarte uk\u0142ady sprzyjaj\u0105 \u0142\u0105czeniu r\u00f3\u017cnych stref \u2013 wypoczynkowej, jadalnianej, a nawet biurowej.<\/p>\n\n\n\n<p>Kluczowe elementy stylu nowoczesnego:<\/p>\n\n\n\n<ul class=\"wp-block-list\">\n<li><strong>Neutralna kolorystyka<\/strong> \u2013 biel, be\u017c, szaro\u015b\u0107 jako t\u0142o dla designerskich akcent\u00f3w.<\/li>\n\n\n\n<li><strong>Technologia<\/strong> \u2013 inteligentne o\u015bwietlenie, systemy audio, automatyczne rolety.<\/li>\n\n\n\n<li><strong>Minimalizm formy<\/strong> \u2013 proste linie, brak zb\u0119dnych ozd\u00f3b.<\/li>\n\n\n\n<li><strong>Funkcjonalno\u015b\u0107<\/strong> \u2013 przestrze\u0144 dostosowana do codziennego \u017cycia.<\/li>\n<\/ul>\n\n\n\n<p><strong>Styl nowoczesny to propozycja dla os\u00f3b, kt\u00f3re ceni\u0105 praktyczno\u015b\u0107, ale nie rezygnuj\u0105 z elegancji<\/strong>.<\/p>\n\n\n\n<h3 class=\"wp-block-heading\">Styl klasyczny: elegancja i symetria<\/h3>\n\n\n\n<p><strong>Styl klasyczny<\/strong> to wyb\u00f3r dla mi\u0142o\u015bnik\u00f3w ponadczasowej elegancji. Takie wn\u0119trza emanuj\u0105 spokojem, harmoni\u0105 i wyrafinowaniem. Wysokiej jako\u015bci materia\u0142y \u2013 drewno, marmur, aksamit \u2013 dodaj\u0105 luksusu, a symetryczne uk\u0142ady mebli wprowadzaj\u0105 \u0142ad i porz\u0105dek.<\/p>\n\n\n\n<p>Charakterystyczne cechy stylu klasycznego:<\/p>\n\n\n\n<ul class=\"wp-block-list\">\n<li><strong>Inspiracje historyczne<\/strong> \u2013 barok, rokoko, styl empire.<\/li>\n\n\n\n<li><strong>Centralne punkty<\/strong> \u2013 kominek, elegancka sofa, ozdobny \u017cyrandol.<\/li>\n\n\n\n<li><strong>Szlachetne materia\u0142y<\/strong> \u2013 naturalne i trwa\u0142e surowce.<\/li>\n\n\n\n<li><strong>Symetria<\/strong> \u2013 uporz\u0105dkowana kompozycja wn\u0119trza.<\/li>\n<\/ul>\n\n\n\n<p><strong>To styl dla tych, kt\u00f3rzy ceni\u0105 tradycj\u0119, presti\u017c i dopracowane detale<\/strong>.<\/p>\n\n\n\n<h3 class=\"wp-block-heading\">Styl glamour: luksus i b\u0142ysk<\/h3>\n\n\n\n<p><strong>Styl glamour<\/strong> to propozycja dla os\u00f3b, kt\u00f3re lubi\u0105, gdy wn\u0119trze robi wra\u017cenie. Tu kr\u00f3luj\u0105 blask i elegancja \u2013 kryszta\u0142owe \u017cyrandole, lustra w dekoracyjnych ramach, z\u0142ote i srebrne akcenty. Efekt? <strong>Luksus i teatralny rozmach<\/strong>, kt\u00f3ry przyci\u0105ga spojrzenia.<\/p>\n\n\n\n<p>Elementy charakterystyczne dla stylu glamour:<\/p>\n\n\n\n<ul class=\"wp-block-list\">\n<li><strong>Ekskluzywne materia\u0142y<\/strong> \u2013 aksamit, jedwab, szk\u0142o.<\/li>\n\n\n\n<li><strong>O\u015bwietlenie<\/strong> \u2013 kluczowa rola lamp i refleks\u00f3w \u015bwiat\u0142a.<\/li>\n\n\n\n<li><strong>Metaliczne akcenty<\/strong> \u2013 z\u0142oto, srebro, chrom.<\/li>\n\n\n\n<li><strong>Efektowno\u015b\u0107<\/strong> \u2013 dekoracyjno\u015b\u0107 i wyrazisto\u015b\u0107 form.<\/li>\n<\/ul>\n\n\n\n<p><strong>Glamour to styl dla tych, kt\u00f3rzy kochaj\u0105 pi\u0119kno i nie boj\u0105 si\u0119 odwa\u017cnych rozwi\u0105za\u0144<\/strong>.<\/p>\n\n\n\n<h3 class=\"wp-block-heading\">Styl loftowy: surowo\u015b\u0107 i przestrze\u0144<\/h3>\n\n\n\n<p><strong>Styl loftowy<\/strong> to ho\u0142d dla industrialnej estetyki. Surowe materia\u0142y \u2013 ceg\u0142a, beton, stal \u2013 tworz\u0105 unikalny klimat, \u0142\u0105cz\u0105c nowoczesno\u015b\u0107 z autentyczno\u015bci\u0105. Otwarte przestrzenie, wysokie sufity i du\u017ce okna pozwalaj\u0105 \u015bwiat\u0142u i powietrzu swobodnie kr\u0105\u017cy\u0107 po wn\u0119trzu.<\/p>\n\n\n\n<p>Najwa\u017cniejsze cechy stylu loftowego:<\/p>\n\n\n\n<ul class=\"wp-block-list\">\n<li><strong>Industrialne materia\u0142y<\/strong> \u2013 ceg\u0142a, beton, metal.<\/li>\n\n\n\n<li><strong>Otwarte przestrzenie<\/strong> \u2013 brak \u015bcian dzia\u0142owych, wysokie sufity.<\/li>\n\n\n\n<li><strong>Minimalizm<\/strong> \u2013 ograniczona liczba dodatk\u00f3w.<\/li>\n\n\n\n<li><strong>Inspiracja przemys\u0142em<\/strong> \u2013 meble i o\u015bwietlenie w stylu fabrycznym.<\/li>\n<\/ul>\n\n\n\n<p><strong>To styl dla os\u00f3b ceni\u0105cych przestrze\u0144, oryginalno\u015b\u0107 i miejski charakter wn\u0119trz<\/strong>.<\/p>\n\n\n\n<h3 class=\"wp-block-heading\">Styl minimalistyczny: mniej znaczy wi\u0119cej<\/h3>\n\n\n\n<p><strong>Minimalizm<\/strong> to nie tylko estetyka \u2013 to filozofia \u017cycia. W takim salonie panuje porz\u0105dek, prostota i przestrze\u0144. Dekoracje ograniczone s\u0105 do niezb\u0119dnego minimum, a ka\u017cdy element ma swoje miejsce i konkretn\u0105 funkcj\u0119.<\/p>\n\n\n\n<p>Kluczowe elementy stylu minimalistycznego:<\/p>\n\n\n\n<ul class=\"wp-block-list\">\n<li><strong>Stonowana kolorystyka<\/strong> \u2013 biel, szaro\u015b\u0107, be\u017c jako t\u0142o dla form.<\/li>\n\n\n\n<li><strong>Funkcjonalno\u015b\u0107<\/strong> \u2013 ka\u017cdy mebel i dodatek ma okre\u015blon\u0105 rol\u0119.<\/li>\n\n\n\n<li><strong>O\u015bwietlenie<\/strong> \u2013 podkre\u015bla formy i dodaje subtelnej elegancji.<\/li>\n\n\n\n<li><strong>Przestrze\u0144<\/strong> \u2013 brak nadmiaru, swoboda i przejrzysto\u015b\u0107.<\/li>\n<\/ul>\n\n\n\n<p><strong>To idealne rozwi\u0105zanie dla tych, kt\u00f3rzy szukaj\u0105 harmonii, przejrzysto\u015bci i chwili wytchnienia od codziennego zgie\u0142ku<\/strong>.<\/p>\n\n\n\n<figure class=\"wp-block-image\"><a href=\"https:\/\/proplo.pl\/profile\/aar-home-design\/projekt\/male-mieszkanie-na-zoliborzu-247\"><img decoding=\"async\" src=\"https:\/\/proplo.pl\/blog\/wp-content\/uploads\/2025\/07\/remon-mieszkania-tanio.png\" alt=\"Wn\u0119trze salonu z szarym sof\u0105, zielonymi zas\u0142onami, nowoczesnym o\u015bwietleniem i ro\u015blinno\u015bci\u0105.\"\/><\/a><\/figure>\n\n\n\n<p>Projekt: <a href=\"https:\/\/proplo.pl\/profile\/aar-home-design\">AAR Home Design<\/a><\/p>\n\n\n\n<h2 class=\"wp-block-heading\">Wyko\u0144czenie \u015bcian i pod\u0142\u00f3g<\/h2>\n\n\n\n<p><strong>Wyka\u0144czanie \u015bcian i pod\u0142\u00f3g w salonie to moment prze\u0142omowy ka\u017cdego remontu<\/strong>. To w\u0142a\u015bnie wtedy przestrze\u0144 zaczyna nabiera\u0107 charakteru \u2013 nowoczesnego i minimalistycznego lub ciep\u0142ego i przytulnego. Wszystko zale\u017cy od Twoich decyzji. Najcz\u0119\u015bciej wybierane metody to:<\/p>\n\n\n\n<ul class=\"wp-block-list\">\n<li><strong>malowanie<\/strong> \u2013 szybkie i efektowne rozwi\u0105zanie,<\/li>\n\n\n\n<li><strong>tapetowanie<\/strong> \u2013 idealne do nadania wn\u0119trzu unikalnego stylu,<\/li>\n\n\n\n<li><strong>r\u00f3\u017cne rodzaje pod\u0142\u00f3g<\/strong> \u2013 od paneli, przez winyl, po naturalne drewno.<\/li>\n<\/ul>\n\n\n\n<p><strong>Malowanie \u015bcian to nie tylko obowi\u0105zek, ale i szansa na wyra\u017cenie siebie<\/strong>. Coraz wi\u0119cej os\u00f3b decyduje si\u0119 na samodzielne malowanie \u2013 i s\u0142usznie! To spos\u00f3b na stworzenie wn\u0119trza dok\u0142adnie takiego, jakiego pragniesz. Jednak wyb\u00f3r farby ma ogromne znaczenie \u2013 liczy si\u0119 nie tylko kolor, ale r\u00f3wnie\u017c:<\/p>\n\n\n\n<ul class=\"wp-block-list\">\n<li><strong>trwa\u0142o\u015b\u0107<\/strong>,<\/li>\n\n\n\n<li><strong>odporno\u015b\u0107 na zabrudzenia<\/strong>,<\/li>\n\n\n\n<li><strong>\u0142atwo\u015b\u0107 czyszczenia<\/strong>.<\/li>\n<\/ul>\n\n\n\n<p>Podobnie z pod\u0142og\u0105 \u2013 niezale\u017cnie od tego, czy wybierzesz panele laminowane, winylowe czy klasyczny parkiet, <strong>liczy si\u0119 nie tylko estetyka, ale i funkcjonalno\u015b\u0107<\/strong>. Salon to przecie\u017c serce domu \u2013 miejsce codziennego \u017cycia.<\/p>\n\n\n\n<h3 class=\"wp-block-heading\">Tynk gipsowy i przygotowanie \u015bcian do malowania<\/h3>\n\n\n\n<p><strong>Tynk gipsowy to niezast\u0105piony materia\u0142 przy przygotowaniu \u015bcian do malowania<\/strong>. Zapewnia g\u0142adk\u0105, r\u00f3wn\u0105 powierzchni\u0119, kt\u00f3ra jest przyjemna w dotyku i idealna do dalszych prac wyko\u0144czeniowych. Jego zalety to:<\/p>\n\n\n\n<ul class=\"wp-block-list\">\n<li><strong>\u0142atwa aplikacja<\/strong>,<\/li>\n\n\n\n<li><strong>doskona\u0142y efekt ko\u0144cowy<\/strong>,<\/li>\n\n\n\n<li><strong>g\u0142adka i estetyczna powierzchnia<\/strong>.<\/li>\n<\/ul>\n\n\n\n<p>Oczywi\u015bcie, wymaga to odpowiedniego przygotowania i narz\u0119dzi, ale <strong>efekt zdecydowanie wart jest wysi\u0142ku<\/strong>.<\/p>\n\n\n\n<p>Wybieraj\u0105c farby, zwr\u00f3\u0107 uwag\u0119 nie tylko na kolor, ale przede wszystkim na ich w\u0142a\u015bciwo\u015bci u\u017cytkowe. Kluczowe cechy dobrej farby to:<\/p>\n\n\n\n<ul class=\"wp-block-list\">\n<li><strong>odporno\u015b\u0107 na \u015bcieranie<\/strong>,<\/li>\n\n\n\n<li><strong>\u0142atwo\u015b\u0107 czyszczenia<\/strong>,<\/li>\n\n\n\n<li><strong>wysoka si\u0142a krycia<\/strong>.<\/li>\n<\/ul>\n\n\n\n<p><strong>Farby lateksowe to doskona\u0142y wyb\u00f3r do salonu<\/strong>, szczeg\u00f3lnie tam, gdzie \u015bciany s\u0105 nara\u017cone na zabrudzenia. W po\u0142\u0105czeniu z tynkiem gipsowym tworz\u0105 trwa\u0142\u0105, r\u00f3wnomiern\u0105 i estetyczn\u0105 pow\u0142ok\u0119. <strong>Efekt? Czyste, schludne i trwa\u0142e wn\u0119trze<\/strong>.<\/p>\n\n\n\n<h3 class=\"wp-block-heading\">Panele pod\u0142ogowe, winylowe i parkiet \u2013 por\u00f3wnanie rozwi\u0105za\u0144<\/h3>\n\n\n\n<p><strong>Pod\u0142oga w salonie to nie tylko t\u0142o \u2013 to element codziennego u\u017cytkowania<\/strong>. Musi by\u0107 trwa\u0142a, wygodna i estetyczna. Wyb\u00f3r odpowiedniego materia\u0142u zale\u017cy od wielu czynnik\u00f3w. Oto por\u00f3wnanie trzech popularnych rozwi\u0105za\u0144:<\/p>\n\n\n\n<figure class=\"wp-block-table\"><table class=\"has-fixed-layout\"><tbody><tr><th>Rodzaj pod\u0142ogi<\/th><th>Zalety<\/th><th>Wady<\/th><\/tr><tr><td><strong>Panele laminowane<\/strong><\/td><td>\u0141atwy monta\u017c, szeroki wyb\u00f3r wzor\u00f3w i kolor\u00f3w, przyst\u0119pna cena<\/td><td>Mniejsza odporno\u015b\u0107 na wilgo\u0107 i uszkodzenia<\/td><\/tr><tr><td><strong>Panele winylowe<\/strong><\/td><td>Odporno\u015b\u0107 na wilgo\u0107, zarysowania i uszkodzenia, idealne do dom\u00f3w z dzie\u0107mi i zwierz\u0119tami<\/td><td>Mniej presti\u017cowy wygl\u0105d ni\u017c drewno<\/td><\/tr><tr><td><strong>Deski tr\u00f3jwarstwowe (parkiet)<\/strong><\/td><td>Naturalny wygl\u0105d, trwa\u0142o\u015b\u0107, elegancja<\/td><td>Wy\u017csza cena, konieczno\u015b\u0107 regularnej piel\u0119gnacji<\/td><\/tr><\/tbody><\/table><\/figure>\n\n\n\n<p>Przy wyborze pod\u0142ogi warto wzi\u0105\u0107 pod uwag\u0119:<\/p>\n\n\n\n<ul class=\"wp-block-list\">\n<li><strong>dopasowanie do stylu wn\u0119trza<\/strong>,<\/li>\n\n\n\n<li><strong>odporno\u015b\u0107 na codzienne u\u017cytkowanie<\/strong>,<\/li>\n\n\n\n<li><strong>\u0142atwo\u015b\u0107 utrzymania w czysto\u015bci<\/strong>,<\/li>\n\n\n\n<li><strong>koszty zakupu i monta\u017cu<\/strong>.<\/li>\n<\/ul>\n\n\n\n<p><strong>Parkiet d\u0119bowy to inwestycja na lata<\/strong> \u2013 pi\u0119kny, ale wymagaj\u0105cy. Z kolei <strong>panele winylowe to praktyczne i niemal bezobs\u0142ugowe rozwi\u0105zanie<\/strong>. Ostateczny wyb\u00f3r zale\u017cy od Twoich potrzeb i stylu \u017cycia. <strong>Najwa\u017cniejsze, by\u015b czu\u0142 si\u0119 dobrze w swoim salonie \u2013 ka\u017cdego dnia<\/strong>.<\/p>\n\n\n\n<h2 class=\"wp-block-heading\">Komfort cieplny i o\u015bwietlenie<\/h2>\n\n\n\n<p>Co sprawia, \u017ce salon staje si\u0119 miejscem, do kt\u00f3rego chce si\u0119 wraca\u0107? Jasne \u2013 wygl\u0105d ma znaczenie. Ale to <strong>komfort cieplny<\/strong> i <strong>o\u015bwietlenie<\/strong> tworz\u0105 prawdziw\u0105 atmosfer\u0119. <strong>To one decyduj\u0105, czy wn\u0119trze b\u0119dzie przytulne, funkcjonalne i \u2013 co najwa\u017cniejsze \u2013 naprawd\u0119 nasze.<\/strong> Coraz wi\u0119cej os\u00f3b, planuj\u0105c remont, zaczyna w\u0142a\u015bnie od tych dw\u00f3ch aspekt\u00f3w. I trudno si\u0119 dziwi\u0107 \u2013 to fundament domowego klimatu.<\/p>\n\n\n\n<p>W ostatnich latach prawdziwym przebojem sta\u0142o si\u0119 <strong>ogrzewanie pod\u0142ogowe<\/strong>. Dlaczego? Bo:<\/p>\n\n\n\n<ul class=\"wp-block-list\">\n<li><strong>Ciep\u0142o rozchodzi si\u0119 r\u00f3wnomiernie<\/strong> po ca\u0142ym pomieszczeniu.<\/li>\n\n\n\n<li><strong>Stopy \u2013 nawet zim\u0105 \u2013 nie marzn\u0105<\/strong>, co zapewnia wyj\u0105tkowy komfort.<\/li>\n\n\n\n<li><strong>Idealnie wsp\u00f3\u0142gra z p\u0142ytkami ceramicznymi i kamieniem naturalnym<\/strong>, kt\u00f3re doskonale przewodz\u0105 ciep\u0142o.<\/li>\n\n\n\n<li><strong>To codzienna wygoda, kt\u00f3ra zmienia jako\u015b\u0107 \u017cycia<\/strong> \u2013 nie luksus, lecz standard nowoczesnego domu.<\/li>\n<\/ul>\n\n\n\n<p>Wyobra\u017a sobie: mro\u017any poranek, bose stopy na przyjemnie ciep\u0142ej pod\u0142odze. To w\u0142a\u015bnie ten detal sprawia, \u017ce dom staje si\u0119 prawdziwym azylem.<\/p>\n\n\n\n<p>Nie mniej istotne jest <strong>o\u015bwietlenie<\/strong>. Kluczem do sukcesu jest tu <strong>warstwowo\u015b\u0107<\/strong>, czyli umiej\u0119tne \u0142\u0105czenie r\u00f3\u017cnych \u017ar\u00f3de\u0142 \u015bwiat\u0142a. Dzi\u0119ki temu mo\u017cesz dostosowa\u0107 nastr\u00f3j do chwili \u2013 i do siebie.<\/p>\n\n\n\n<p>W praktyce oznacza to zastosowanie trzech typ\u00f3w o\u015bwietlenia:<\/p>\n\n\n\n<ul class=\"wp-block-list\">\n<li><strong>\u015awiat\u0142o og\u00f3lne (sufitowe)<\/strong> \u2013 idealne na co dzie\u0144, zapewnia r\u00f3wnomierne o\u015bwietlenie ca\u0142ego pomieszczenia.<\/li>\n\n\n\n<li><strong>\u015awiat\u0142o punktowe<\/strong> \u2013 doskona\u0142e do pracy, czytania czy wieczornego relaksu z ksi\u0105\u017ck\u0105.<\/li>\n\n\n\n<li><strong>\u015awiat\u0142o dekoracyjne<\/strong> \u2013 buduje klimat, podkre\u015bla detale i dodaje wn\u0119trzu charakteru.<\/li>\n<\/ul>\n\n\n\n<p>Razem tworz\u0105 sp\u00f3jn\u0105 ca\u0142o\u015b\u0107, kt\u00f3ra \u017cyje razem z Tob\u0105 i zmienia si\u0119 w zale\u017cno\u015bci od potrzeb i pory dnia.<\/p>\n\n\n\n<p>Chcesz wi\u0119cej? Postaw na <strong>naturalne \u015bwiat\u0142o<\/strong>. <strong>Du\u017ce okna \u2013 zw\u0142aszcza dachowe \u2013 potrafi\u0105 zdzia\u0142a\u0107 cuda<\/strong>:<\/p>\n\n\n\n<ul class=\"wp-block-list\">\n<li>Wpuszczaj\u0105 do wn\u0119trza wi\u0119cej powietrza i \u015bwie\u017co\u015bci.<\/li>\n\n\n\n<li>Optycznie powi\u0119kszaj\u0105 przestrze\u0144.<\/li>\n\n\n\n<li>Poprawiaj\u0105 nastr\u00f3j i samopoczucie.<\/li>\n\n\n\n<li>To inwestycja, kt\u00f3ra zwraca si\u0119 ka\u017cdego dnia \u2013 zar\u00f3wno estetycznie, jak i funkcjonalnie.<\/li>\n<\/ul>\n\n\n\n<p>Je\u015bli planujesz remont, rozwa\u017c ich monta\u017c \u2013 to krok w stron\u0119 lepszego \u017cycia.<\/p>\n\n\n\n<p>A Ty? Jakie rozwi\u0105zania wybierzesz, planuj\u0105c metamorfoz\u0119 swojego salonu? Mo\u017ce zdecydujesz si\u0119 na <strong>inteligentne systemy sterowania \u015bwiat\u0142em i temperatur\u0105<\/strong>? A mo\u017ce bli\u017csze s\u0105 Ci <strong>klasyczne, sprawdzone metody<\/strong>? <strong>Niezale\u017cnie od wyboru \u2013 najwa\u017cniejsze, by stworzy\u0107 przestrze\u0144, w kt\u00f3rej po prostu dobrze si\u0119 czujesz.<\/strong> Bo przecie\u017c o to w\u0142a\u015bnie chodzi, prawda?<\/p>\n\n\n\n<h2 class=\"wp-block-heading\">Meble i ich rozmieszczenie<\/h2>\n\n\n\n<p><strong>Rozmieszczenie mebli w salonie<\/strong> to nie tylko kwestia estetyki \u2013 to przede wszystkim codzienna wygoda, swoboda poruszania si\u0119 i harmonia przestrzeni. Gdy ka\u017cdy element ma swoje miejsce, wn\u0119trze staje si\u0119 bardziej funkcjonalne i przyjazne. Warto zwr\u00f3ci\u0107 uwag\u0119 na naturalne \u015bcie\u017cki przemieszczania si\u0119 po pokoju \u2013 tak, aby nic nie blokowa\u0142o przej\u015bcia, a wszystkie najwa\u017cniejsze przedmioty by\u0142y \u0142atwo dost\u0119pne.<\/p>\n\n\n\n<p>Na pocz\u0105tku warto <strong>wyznaczy\u0107 punkt centralny<\/strong>, kt\u00f3ry przyci\u0105ga wzrok i nadaje ton ca\u0142emu wn\u0119trzu. Mo\u017ce to by\u0107:<\/p>\n\n\n\n<ul class=\"wp-block-list\">\n<li>kominek,<\/li>\n\n\n\n<li>telewizor,<\/li>\n\n\n\n<li>panoramiczne okno z widokiem na ogr\u00f3d.<\/li>\n<\/ul>\n\n\n\n<p>Wok\u00f3\u0142 tego elementu warto zbudowa\u0107 ca\u0142\u0105 kompozycj\u0119. Taki uk\u0142ad nie tylko porz\u0105dkuje przestrze\u0144, ale r\u00f3wnie\u017c wprowadza przytulno\u015b\u0107 i sprawia, \u017ce salon staje si\u0119 miejscem, w kt\u00f3rym po prostu chce si\u0119 przebywa\u0107.<\/p>\n\n\n\n<p><strong>Remont to doskona\u0142a okazja<\/strong>, by spojrze\u0107 na salon z nowej perspektywy. Czasem wystarczy kilka prostych zmian, aby ca\u0142kowicie odmieni\u0107 charakter wn\u0119trza:<\/p>\n\n\n\n<ul class=\"wp-block-list\">\n<li>przesuni\u0119cie sofy,<\/li>\n\n\n\n<li>zmiana ustawienia foteli,<\/li>\n\n\n\n<li>przestawienie stolika kawowego.<\/li>\n<\/ul>\n\n\n\n<p>Jednak nale\u017cy pami\u0119ta\u0107 o proporcjach. <strong>Zbyt masywne meble w ma\u0142ym pokoju mog\u0105 przyt\u0142acza\u0107<\/strong>, natomiast <strong>zbyt drobne elementy w przestronnym wn\u0119trzu mog\u0105 si\u0119 \u201ezgubi\u0107\u201d<\/strong>. Warto poeksperymentowa\u0107 z uk\u0142adem, kt\u00f3ry b\u0119dzie nie tylko praktyczny, ale r\u00f3wnie\u017c stylowy \u2013 i kt\u00f3ry wydob\u0119dzie z Twojego salonu to, co w nim najcenniejsze.<\/p>\n\n\n\n<figure class=\"wp-block-image size-full\"><a href=\"https:\/\/proplo.pl\/profile\/pracownia-wam\/projekt\/projekt-mieszkania-88m2-961\"><img loading=\"lazy\" decoding=\"async\" width=\"1200\" height=\"800\" src=\"https:\/\/proplo.pl\/blog\/wp-content\/uploads\/2025\/08\/remont-salonu-w-2025-roku.png\" alt=\"Wn\u0119trze salonu w stylu soft minimalizm z bia\u0142ymi meblami i drewnianymi akcentami.\" class=\"wp-image-1236\" srcset=\"https:\/\/proplo.pl\/blog\/wp-content\/uploads\/2025\/08\/remont-salonu-w-2025-roku.png 1200w, https:\/\/proplo.pl\/blog\/wp-content\/uploads\/2025\/08\/remont-salonu-w-2025-roku-300x200.png 300w, https:\/\/proplo.pl\/blog\/wp-content\/uploads\/2025\/08\/remont-salonu-w-2025-roku-768x512.png 768w, https:\/\/proplo.pl\/blog\/wp-content\/uploads\/2025\/08\/remont-salonu-w-2025-roku-1024x683.png 1024w, https:\/\/proplo.pl\/blog\/wp-content\/uploads\/2025\/08\/remont-salonu-w-2025-roku-480x320.png 480w\" sizes=\"auto, (max-width: 1200px) 100vw, 1200px\" \/><\/a><figcaption class=\"wp-element-caption\">Projekt: <a href=\"https:\/\/proplo.pl\/profile\/pracownia-wam\">Pracownia WAM<\/a><\/figcaption><\/figure>\n\n\n\n<h2 class=\"wp-block-heading\">Remont salonu w bloku vs. w domu \u2013 r\u00f3\u017cnice i wyzwania<\/h2>\n\n\n\n<p>Remont salonu w bloku i w domu? To jak por\u00f3wnanie jazdy miejskim hatchbackiem z prowadzeniem terenowego SUV-a \u2013 oba maj\u0105 kierownic\u0119, ale wra\u017cenia? <strong>Zupe\u0142nie inne.<\/strong><\/p>\n\n\n\n<p><strong>Remont salonu w bloku<\/strong> to przede wszystkim walka z ograniczon\u0105 przestrzeni\u0105. Ka\u017cdy centymetr ma znaczenie, a margines b\u0142\u0119du praktycznie nie istnieje. Dodatkowo trzeba liczy\u0107 si\u0119 z ograniczeniami narzuconymi przez wsp\u00f3lnot\u0119 mieszkaniow\u0105:<\/p>\n\n\n\n<ul class=\"wp-block-list\">\n<li><strong>Cisza nocna<\/strong> \u2013 prace remontowe musz\u0105 by\u0107 prowadzone w okre\u015blonych godzinach.<\/li>\n\n\n\n<li><strong>Zakaz ingerencji w \u015bciany no\u015bne<\/strong> \u2013 ogranicza mo\u017cliwo\u015bci zmian uk\u0142adu pomieszcze\u0144.<\/li>\n\n\n\n<li><strong>Ograniczenia ha\u0142asu<\/strong> \u2013 np. zakaz wiercenia w weekendy lub w okre\u015blonych godzinach.<\/li>\n<\/ul>\n\n\n\n<p><strong>Remont salonu w domu<\/strong> daje znacznie wi\u0119cej swobody. Mo\u017cna przesuwa\u0107 \u015bciany, montowa\u0107 panoramiczne okna, a nawet ca\u0142kowicie zmieni\u0107 uk\u0142ad pomieszcze\u0144. Brzmi jak marzenie? Owszem, ale:<\/p>\n\n\n\n<ul class=\"wp-block-list\">\n<li><strong>Wi\u0119ksza przestrze\u0144<\/strong> to r\u00f3wnie\u017c wi\u0119ksze koszty materia\u0142\u00f3w i d\u0142u\u017cszy czas realizacji.<\/li>\n\n\n\n<li><strong>Wi\u0119cej ekip do skoordynowania<\/strong> \u2013 trudniejsze zarz\u0105dzanie projektem.<\/li>\n\n\n\n<li><strong>Wi\u0119ksze ryzyko op\u00f3\u017anie\u0144<\/strong> \u2013 np. brak dost\u0119pnych fachowc\u00f3w w kluczowym momencie.<\/li>\n<\/ul>\n\n\n\n<p><strong>Niezale\u017cnie od miejsca, kluczowe jest jedno: dopasuj plan do reali\u00f3w.<\/strong> Nie pr\u00f3buj nagina\u0107 przestrzeni do swoich marze\u0144 \u2013 lepiej dostosowa\u0107 marzenia do mo\u017cliwo\u015bci. A Ty? Jakie wyzwania napotka\u0142e\u015b podczas remontu salonu? Zaskoczy\u0142y Ci\u0119 r\u00f3\u017cnice mi\u0119dzy mieszkaniem a domem?<\/p>\n\n\n\n<h3 class=\"wp-block-heading\">Tani remont salonu \u2013 jak ograniczy\u0107 koszty bez utraty jako\u015bci<\/h3>\n\n\n\n<p>Marzysz o metamorfozie salonu, ale bud\u017cet nie pozwala na ekstrawagancj\u0119? <strong>Tani remont salonu<\/strong> jest mo\u017cliwy \u2013 wystarczy spryt, planowanie i odrobina kreatywno\u015bci.<\/p>\n\n\n\n<p>Oto kilka sprawdzonych sposob\u00f3w na oszcz\u0119dno\u015bci bez kompromis\u00f3w w jako\u015bci:<\/p>\n\n\n\n<ul class=\"wp-block-list\">\n<li><strong>Panele winylowe zamiast parkietu<\/strong> \u2013 trwa\u0142e, \u0142atwe w monta\u017cu i stylowe. \u015awietnie imituj\u0105 drewno, a kosztuj\u0105 znacznie mniej.<\/li>\n\n\n\n<li><strong>Prace DIY<\/strong> \u2013 malowanie \u015bcian, monta\u017c p\u00f3\u0142ek czy sk\u0142adanie mebli mo\u017cesz wykona\u0107 samodzielnie, oszcz\u0119dzaj\u0105c na roboci\u017anie.<\/li>\n\n\n\n<li><strong>Polowanie na okazje<\/strong> \u2013 \u015bled\u017a promocje w marketach budowlanych i sezonowe wyprzeda\u017ce. Czasem mo\u017cna trafi\u0107 na prawdziwe pere\u0142ki za grosze.<\/li>\n<\/ul>\n\n\n\n<p><strong>Tani remont to nie tylko oszcz\u0119dno\u015b\u0107 pieni\u0119dzy, ale te\u017c pomys\u0142owo\u015b\u0107.<\/strong> Czasem wystarczy zmieni\u0107 kolor \u015bcian, doda\u0107 nowe zas\u0142ony, kilka poduszek i ro\u015bliny, by ca\u0142kowicie odmieni\u0107 charakter wn\u0119trza. A Ty? Masz swoje sprawdzone triki na efektowny, ale niedrogi lifting salonu?<\/p>\n\n\n\n<h3 class=\"wp-block-heading\">Inspiracje do remontu salonu w 2025 roku<\/h3>\n\n\n\n<p>Nowy rok, nowy salon? Czemu nie! <strong>Trendy remontowe na 2025 rok<\/strong> skupiaj\u0105 si\u0119 wok\u00f3\u0142 trzech kluczowych warto\u015bci: <strong>harmonii, funkcjonalno\u015bci i ekologii.<\/strong><\/p>\n\n\n\n<p>Najwa\u017cniejsze kierunki, kt\u00f3re warto rozwa\u017cy\u0107:<\/p>\n\n\n\n<ul class=\"wp-block-list\">\n<li><strong>Otwarta przestrze\u0144<\/strong> \u2013 po\u0142\u0105czenie salonu z kuchni\u0105 i jadalni\u0105 to wi\u0119cej \u015bwiat\u0142a, przestrzeni i wsp\u00f3lnych chwil z rodzin\u0105.<\/li>\n\n\n\n<li><strong>Naturalne materia\u0142y<\/strong> \u2013 drewno, len, kamie\u0144 wprowadzaj\u0105 ciep\u0142o, autentyczno\u015b\u0107 i ponadczasowy styl.<\/li>\n\n\n\n<li><strong>Nowoczesne technologie<\/strong> \u2013 inteligentne o\u015bwietlenie, automatyczne rolety czy systemy zarz\u0105dzania energi\u0105 zwi\u0119kszaj\u0105 komfort i funkcjonalno\u015b\u0107.<\/li>\n\n\n\n<li><strong>Ekologiczne rozwi\u0105zania<\/strong> \u2013 meble z recyklingu, ekologiczne farby, energooszcz\u0119dne o\u015bwietlenie to nie tylko moda, ale \u015bwiadomy wyb\u00f3r.<\/li>\n<\/ul>\n\n\n\n<p>Przyk\u0142ad? <strong>Drewniane lamele na \u015bcianie<\/strong> \u2013 eleganckie, poprawiaj\u0105 akustyk\u0119 i wpisuj\u0105 si\u0119 w trend naturalnych materia\u0142\u00f3w.<\/p>\n\n\n\n<p><strong>Chcesz mieszka\u0107 zdrowiej i bardziej odpowiedzialnie?<\/strong> Postaw na rozwi\u0105zania przyjazne \u015brodowisku. A Ty? Kt\u00f3re z trend\u00f3w planujesz wprowadzi\u0107 u siebie? Wolisz nowoczesne technologie czy naturalne, sprawdzone materia\u0142y?<\/p>\n\n\n\n<hr class=\"wp-block-separator has-alpha-channel-opacity\"\/>\n\n\n\n<p><strong>\u0179r\u00f3d\u0142a:<\/strong><\/p>\n\n\n<ol class=\"wp-block-footnotes\"><li id=\"4886623c-def5-45ee-b63f-0f309c3150b7\"><a href=\"https:\/\/businessinsider.com.pl\/gospodarka\/planujesz-remont-lub-budowe-porownalismy-ceny-materialow-budowlanych\/jpk8jgh\">https:\/\/businessinsider.com.pl\/gospodarka\/planujesz-remont-lub-budowe-porownalismy-ceny-materialow-budowlanych\/jpk8jgh<\/a> <a href=\"#4886623c-def5-45ee-b63f-0f309c3150b7-link\" aria-label=\"Przejd\u017a do przypisu 1\">\u21a9\ufe0e<\/a><\/li><\/ol>\n\n\n<p><\/p>\n","protected":false},"excerpt":{"rendered":"<p>Odkryj, jak przeprowadzi\u0107 remont salonu krok po kroku \u2013 od wyboru kolor\u00f3w i materia\u0142\u00f3w po o\u015bwietlenie i aran\u017cacj\u0119 sprzyjaj\u0105c\u0105 wygodzie.<\/p>\n","protected":false},"author":3,"featured_media":1228,"comment_status":"open","ping_status":"open","sticky":false,"template":"","format":"standard","meta":{"footnotes":"[{\"content\":\"<a href=\\\"https:\/\/businessinsider.com.pl\/gospodarka\/planujesz-remont-lub-budowe-porownalismy-ceny-materialow-budowlanych\/jpk8jgh\\\">https:\/\/businessinsider.com.pl\/gospodarka\/planujesz-remont-lub-budowe-porownalismy-ceny-materialow-budowlanych\/jpk8jgh<\/a>\",\"id\":\"4886623c-def5-45ee-b63f-0f309c3150b7\"}]"},"categories":[13],"tags":[],"class_list":["post-1233","post","type-post","status-publish","format-standard","has-post-thumbnail","hentry","category-salon"],"acf":[],"yoast_head":"<!-- This site is optimized with the Yoast SEO plugin v27.5 - https:\/\/yoast.com\/product\/yoast-seo-wordpress\/ -->\n<title>Ile kosztuje remont salonu w 2025 roku? - Proplo<\/title>\n<meta name=\"description\" content=\"Odkryj, jak przeprowadzi\u0107 remont salonu krok po kroku \u2013 od wyboru kolor\u00f3w i materia\u0142\u00f3w po o\u015bwietlenie i aran\u017cacj\u0119 sprzyjaj\u0105c\u0105 wygodzie.\" \/>\n<meta name=\"robots\" content=\"index, follow, max-snippet:-1, max-image-preview:large, max-video-preview:-1\" \/>\n<link rel=\"canonical\" href=\"https:\/\/proplo.pl\/blog\/remont-salonu\/\" \/>\n<meta property=\"og:locale\" content=\"pl_PL\" \/>\n<meta property=\"og:type\" content=\"article\" \/>\n<meta property=\"og:title\" content=\"Ile kosztuje remont salonu w 2025 roku? - Proplo\" \/>\n<meta property=\"og:description\" content=\"Odkryj, jak przeprowadzi\u0107 remont salonu krok po kroku \u2013 od wyboru kolor\u00f3w i materia\u0142\u00f3w po o\u015bwietlenie i aran\u017cacj\u0119 sprzyjaj\u0105c\u0105 wygodzie.\" \/>\n<meta property=\"og:url\" content=\"https:\/\/proplo.pl\/blog\/remont-salonu\/\" \/>\n<meta property=\"og:site_name\" content=\"Poradnik wn\u0119trzarski - Proplo\" \/>\n<meta property=\"article:published_time\" content=\"2025-08-20T07:44:00+00:00\" \/>\n<meta property=\"article:modified_time\" content=\"2025-08-20T07:44:01+00:00\" \/>\n<meta property=\"og:image\" content=\"https:\/\/proplo.pl\/blog\/wp-content\/uploads\/2025\/08\/remont-salonu.png\" \/>\n\t<meta property=\"og:image:width\" content=\"1200\" \/>\n\t<meta property=\"og:image:height\" content=\"800\" \/>\n\t<meta property=\"og:image:type\" content=\"image\/png\" \/>\n<meta name=\"author\" content=\"Proplo\" \/>\n<meta name=\"twitter:card\" content=\"summary_large_image\" \/>\n<meta name=\"twitter:label1\" content=\"Napisane przez\" \/>\n\t<meta name=\"twitter:data1\" content=\"Proplo\" \/>\n\t<meta name=\"twitter:label2\" content=\"Szacowany czas czytania\" \/>\n\t<meta name=\"twitter:data2\" content=\"39 minut\" \/>\n<script type=\"application\/ld+json\" class=\"yoast-schema-graph\">{\"@context\":\"https:\\\/\\\/schema.org\",\"@graph\":[{\"@type\":\"Article\",\"@id\":\"https:\\\/\\\/proplo.pl\\\/blog\\\/remont-salonu\\\/#article\",\"isPartOf\":{\"@id\":\"https:\\\/\\\/proplo.pl\\\/blog\\\/remont-salonu\\\/\"},\"author\":{\"name\":\"Proplo\",\"@id\":\"https:\\\/\\\/proplo.pl\\\/blog\\\/#\\\/schema\\\/person\\\/c13af99097d24e9fc2b86b838c0fd0e1\"},\"headline\":\"Ile kosztuje remont salonu w 2025 roku?\",\"datePublished\":\"2025-08-20T07:44:00+00:00\",\"dateModified\":\"2025-08-20T07:44:01+00:00\",\"mainEntityOfPage\":{\"@id\":\"https:\\\/\\\/proplo.pl\\\/blog\\\/remont-salonu\\\/\"},\"wordCount\":7597,\"commentCount\":0,\"image\":{\"@id\":\"https:\\\/\\\/proplo.pl\\\/blog\\\/remont-salonu\\\/#primaryimage\"},\"thumbnailUrl\":\"https:\\\/\\\/proplo.pl\\\/blog\\\/wp-content\\\/uploads\\\/2025\\\/08\\\/remont-salonu.png\",\"articleSection\":[\"Salon\"],\"inLanguage\":\"pl-PL\",\"potentialAction\":[{\"@type\":\"CommentAction\",\"name\":\"Comment\",\"target\":[\"https:\\\/\\\/proplo.pl\\\/blog\\\/remont-salonu\\\/#respond\"]}]},{\"@type\":\"WebPage\",\"@id\":\"https:\\\/\\\/proplo.pl\\\/blog\\\/remont-salonu\\\/\",\"url\":\"https:\\\/\\\/proplo.pl\\\/blog\\\/remont-salonu\\\/\",\"name\":\"Ile kosztuje remont salonu w 2025 roku? - Proplo\",\"isPartOf\":{\"@id\":\"https:\\\/\\\/proplo.pl\\\/blog\\\/#website\"},\"primaryImageOfPage\":{\"@id\":\"https:\\\/\\\/proplo.pl\\\/blog\\\/remont-salonu\\\/#primaryimage\"},\"image\":{\"@id\":\"https:\\\/\\\/proplo.pl\\\/blog\\\/remont-salonu\\\/#primaryimage\"},\"thumbnailUrl\":\"https:\\\/\\\/proplo.pl\\\/blog\\\/wp-content\\\/uploads\\\/2025\\\/08\\\/remont-salonu.png\",\"datePublished\":\"2025-08-20T07:44:00+00:00\",\"dateModified\":\"2025-08-20T07:44:01+00:00\",\"author\":{\"@id\":\"https:\\\/\\\/proplo.pl\\\/blog\\\/#\\\/schema\\\/person\\\/c13af99097d24e9fc2b86b838c0fd0e1\"},\"description\":\"Odkryj, jak przeprowadzi\u0107 remont salonu krok po kroku \u2013 od wyboru kolor\u00f3w i materia\u0142\u00f3w po o\u015bwietlenie i aran\u017cacj\u0119 sprzyjaj\u0105c\u0105 wygodzie.\",\"breadcrumb\":{\"@id\":\"https:\\\/\\\/proplo.pl\\\/blog\\\/remont-salonu\\\/#breadcrumb\"},\"inLanguage\":\"pl-PL\",\"potentialAction\":[{\"@type\":\"ReadAction\",\"target\":[\"https:\\\/\\\/proplo.pl\\\/blog\\\/remont-salonu\\\/\"]}]},{\"@type\":\"ImageObject\",\"inLanguage\":\"pl-PL\",\"@id\":\"https:\\\/\\\/proplo.pl\\\/blog\\\/remont-salonu\\\/#primaryimage\",\"url\":\"https:\\\/\\\/proplo.pl\\\/blog\\\/wp-content\\\/uploads\\\/2025\\\/08\\\/remont-salonu.png\",\"contentUrl\":\"https:\\\/\\\/proplo.pl\\\/blog\\\/wp-content\\\/uploads\\\/2025\\\/08\\\/remont-salonu.png\",\"width\":1200,\"height\":800,\"caption\":\"Wn\u0119trze salonu z szarym naro\u017cnikiem, czarnymi akcentami i minimalistycznym wystrojem.\"},{\"@type\":\"BreadcrumbList\",\"@id\":\"https:\\\/\\\/proplo.pl\\\/blog\\\/remont-salonu\\\/#breadcrumb\",\"itemListElement\":[{\"@type\":\"ListItem\",\"position\":1,\"name\":\"Proplo\",\"item\":\"https:\\\/\\\/proplo.pl\"},{\"@type\":\"ListItem\",\"position\":2,\"name\":\"Poradnik wn\u0119trzarski\",\"item\":\"https:\\\/\\\/proplo.pl\\\/blog\\\/\"},{\"@type\":\"ListItem\",\"position\":3,\"name\":\"Ile kosztuje remont salonu w 2025 roku?\"}]},{\"@type\":\"WebSite\",\"@id\":\"https:\\\/\\\/proplo.pl\\\/blog\\\/#website\",\"url\":\"https:\\\/\\\/proplo.pl\\\/blog\\\/\",\"name\":\"Blog Proplo\",\"description\":\"\",\"potentialAction\":[{\"@type\":\"SearchAction\",\"target\":{\"@type\":\"EntryPoint\",\"urlTemplate\":\"https:\\\/\\\/proplo.pl\\\/blog\\\/?s={search_term_string}\"},\"query-input\":{\"@type\":\"PropertyValueSpecification\",\"valueRequired\":true,\"valueName\":\"search_term_string\"}}],\"inLanguage\":\"pl-PL\"},{\"@type\":\"Person\",\"@id\":\"https:\\\/\\\/proplo.pl\\\/blog\\\/#\\\/schema\\\/person\\\/c13af99097d24e9fc2b86b838c0fd0e1\",\"name\":\"Proplo\",\"image\":{\"@type\":\"ImageObject\",\"inLanguage\":\"pl-PL\",\"@id\":\"https:\\\/\\\/secure.gravatar.com\\\/avatar\\\/176f908138148facd74b7d78fc677b53b24a54b63aacd8fc4e81a4da926e5f28?s=96&d=mm&r=g\",\"url\":\"https:\\\/\\\/secure.gravatar.com\\\/avatar\\\/176f908138148facd74b7d78fc677b53b24a54b63aacd8fc4e81a4da926e5f28?s=96&d=mm&r=g\",\"contentUrl\":\"https:\\\/\\\/secure.gravatar.com\\\/avatar\\\/176f908138148facd74b7d78fc677b53b24a54b63aacd8fc4e81a4da926e5f28?s=96&d=mm&r=g\",\"caption\":\"Proplo\"},\"url\":\"https:\\\/\\\/proplo.pl\\\/blog\\\/author\\\/r-marciniak\\\/\"}]}<\/script>\n<!-- \/ Yoast SEO plugin. -->","yoast_head_json":{"title":"Ile kosztuje remont salonu w 2025 roku? - Proplo","description":"Odkryj, jak przeprowadzi\u0107 remont salonu krok po kroku \u2013 od wyboru kolor\u00f3w i materia\u0142\u00f3w po o\u015bwietlenie i aran\u017cacj\u0119 sprzyjaj\u0105c\u0105 wygodzie.","robots":{"index":"index","follow":"follow","max-snippet":"max-snippet:-1","max-image-preview":"max-image-preview:large","max-video-preview":"max-video-preview:-1"},"canonical":"https:\/\/proplo.pl\/blog\/remont-salonu\/","og_locale":"pl_PL","og_type":"article","og_title":"Ile kosztuje remont salonu w 2025 roku? - Proplo","og_description":"Odkryj, jak przeprowadzi\u0107 remont salonu krok po kroku \u2013 od wyboru kolor\u00f3w i materia\u0142\u00f3w po o\u015bwietlenie i aran\u017cacj\u0119 sprzyjaj\u0105c\u0105 wygodzie.","og_url":"https:\/\/proplo.pl\/blog\/remont-salonu\/","og_site_name":"Poradnik wn\u0119trzarski - Proplo","article_published_time":"2025-08-20T07:44:00+00:00","article_modified_time":"2025-08-20T07:44:01+00:00","og_image":[{"width":1200,"height":800,"url":"https:\/\/proplo.pl\/blog\/wp-content\/uploads\/2025\/08\/remont-salonu.png","type":"image\/png"}],"author":"Proplo","twitter_card":"summary_large_image","twitter_misc":{"Napisane przez":"Proplo","Szacowany czas czytania":"39 minut"},"schema":{"@context":"https:\/\/schema.org","@graph":[{"@type":"Article","@id":"https:\/\/proplo.pl\/blog\/remont-salonu\/#article","isPartOf":{"@id":"https:\/\/proplo.pl\/blog\/remont-salonu\/"},"author":{"name":"Proplo","@id":"https:\/\/proplo.pl\/blog\/#\/schema\/person\/c13af99097d24e9fc2b86b838c0fd0e1"},"headline":"Ile kosztuje remont salonu w 2025 roku?","datePublished":"2025-08-20T07:44:00+00:00","dateModified":"2025-08-20T07:44:01+00:00","mainEntityOfPage":{"@id":"https:\/\/proplo.pl\/blog\/remont-salonu\/"},"wordCount":7597,"commentCount":0,"image":{"@id":"https:\/\/proplo.pl\/blog\/remont-salonu\/#primaryimage"},"thumbnailUrl":"https:\/\/proplo.pl\/blog\/wp-content\/uploads\/2025\/08\/remont-salonu.png","articleSection":["Salon"],"inLanguage":"pl-PL","potentialAction":[{"@type":"CommentAction","name":"Comment","target":["https:\/\/proplo.pl\/blog\/remont-salonu\/#respond"]}]},{"@type":"WebPage","@id":"https:\/\/proplo.pl\/blog\/remont-salonu\/","url":"https:\/\/proplo.pl\/blog\/remont-salonu\/","name":"Ile kosztuje remont salonu w 2025 roku? - Proplo","isPartOf":{"@id":"https:\/\/proplo.pl\/blog\/#website"},"primaryImageOfPage":{"@id":"https:\/\/proplo.pl\/blog\/remont-salonu\/#primaryimage"},"image":{"@id":"https:\/\/proplo.pl\/blog\/remont-salonu\/#primaryimage"},"thumbnailUrl":"https:\/\/proplo.pl\/blog\/wp-content\/uploads\/2025\/08\/remont-salonu.png","datePublished":"2025-08-20T07:44:00+00:00","dateModified":"2025-08-20T07:44:01+00:00","author":{"@id":"https:\/\/proplo.pl\/blog\/#\/schema\/person\/c13af99097d24e9fc2b86b838c0fd0e1"},"description":"Odkryj, jak przeprowadzi\u0107 remont salonu krok po kroku \u2013 od wyboru kolor\u00f3w i materia\u0142\u00f3w po o\u015bwietlenie i aran\u017cacj\u0119 sprzyjaj\u0105c\u0105 wygodzie.","breadcrumb":{"@id":"https:\/\/proplo.pl\/blog\/remont-salonu\/#breadcrumb"},"inLanguage":"pl-PL","potentialAction":[{"@type":"ReadAction","target":["https:\/\/proplo.pl\/blog\/remont-salonu\/"]}]},{"@type":"ImageObject","inLanguage":"pl-PL","@id":"https:\/\/proplo.pl\/blog\/remont-salonu\/#primaryimage","url":"https:\/\/proplo.pl\/blog\/wp-content\/uploads\/2025\/08\/remont-salonu.png","contentUrl":"https:\/\/proplo.pl\/blog\/wp-content\/uploads\/2025\/08\/remont-salonu.png","width":1200,"height":800,"caption":"Wn\u0119trze salonu z szarym naro\u017cnikiem, czarnymi akcentami i minimalistycznym wystrojem."},{"@type":"BreadcrumbList","@id":"https:\/\/proplo.pl\/blog\/remont-salonu\/#breadcrumb","itemListElement":[{"@type":"ListItem","position":1,"name":"Proplo","item":"https:\/\/proplo.pl"},{"@type":"ListItem","position":2,"name":"Poradnik wn\u0119trzarski","item":"https:\/\/proplo.pl\/blog\/"},{"@type":"ListItem","position":3,"name":"Ile kosztuje remont salonu w 2025 roku?"}]},{"@type":"WebSite","@id":"https:\/\/proplo.pl\/blog\/#website","url":"https:\/\/proplo.pl\/blog\/","name":"Blog Proplo","description":"","potentialAction":[{"@type":"SearchAction","target":{"@type":"EntryPoint","urlTemplate":"https:\/\/proplo.pl\/blog\/?s={search_term_string}"},"query-input":{"@type":"PropertyValueSpecification","valueRequired":true,"valueName":"search_term_string"}}],"inLanguage":"pl-PL"},{"@type":"Person","@id":"https:\/\/proplo.pl\/blog\/#\/schema\/person\/c13af99097d24e9fc2b86b838c0fd0e1","name":"Proplo","image":{"@type":"ImageObject","inLanguage":"pl-PL","@id":"https:\/\/secure.gravatar.com\/avatar\/176f908138148facd74b7d78fc677b53b24a54b63aacd8fc4e81a4da926e5f28?s=96&d=mm&r=g","url":"https:\/\/secure.gravatar.com\/avatar\/176f908138148facd74b7d78fc677b53b24a54b63aacd8fc4e81a4da926e5f28?s=96&d=mm&r=g","contentUrl":"https:\/\/secure.gravatar.com\/avatar\/176f908138148facd74b7d78fc677b53b24a54b63aacd8fc4e81a4da926e5f28?s=96&d=mm&r=g","caption":"Proplo"},"url":"https:\/\/proplo.pl\/blog\/author\/r-marciniak\/"}]}},"_links":{"self":[{"href":"https:\/\/proplo.pl\/blog\/wp-json\/wp\/v2\/posts\/1233","targetHints":{"allow":["GET"]}}],"collection":[{"href":"https:\/\/proplo.pl\/blog\/wp-json\/wp\/v2\/posts"}],"about":[{"href":"https:\/\/proplo.pl\/blog\/wp-json\/wp\/v2\/types\/post"}],"author":[{"embeddable":true,"href":"https:\/\/proplo.pl\/blog\/wp-json\/wp\/v2\/users\/3"}],"replies":[{"embeddable":true,"href":"https:\/\/proplo.pl\/blog\/wp-json\/wp\/v2\/comments?post=1233"}],"version-history":[{"count":4,"href":"https:\/\/proplo.pl\/blog\/wp-json\/wp\/v2\/posts\/1233\/revisions"}],"predecessor-version":[{"id":1238,"href":"https:\/\/proplo.pl\/blog\/wp-json\/wp\/v2\/posts\/1233\/revisions\/1238"}],"wp:featuredmedia":[{"embeddable":true,"href":"https:\/\/proplo.pl\/blog\/wp-json\/wp\/v2\/media\/1228"}],"wp:attachment":[{"href":"https:\/\/proplo.pl\/blog\/wp-json\/wp\/v2\/media?parent=1233"}],"wp:term":[{"taxonomy":"category","embeddable":true,"href":"https:\/\/proplo.pl\/blog\/wp-json\/wp\/v2\/categories?post=1233"},{"taxonomy":"post_tag","embeddable":true,"href":"https:\/\/proplo.pl\/blog\/wp-json\/wp\/v2\/tags?post=1233"}],"curies":[{"name":"wp","href":"https:\/\/api.w.org\/{rel}","templated":true}]}}