{"id":1208,"date":"2025-08-20T09:34:20","date_gmt":"2025-08-20T08:34:20","guid":{"rendered":"https:\/\/proplo.pl\/blog\/?p=1208"},"modified":"2025-08-20T09:34:21","modified_gmt":"2025-08-20T08:34:21","slug":"aranzacje-tarasu","status":"publish","type":"post","link":"https:\/\/proplo.pl\/blog\/aranzacje-tarasu\/","title":{"rendered":"Aran\u017cacje tarasu &#8211; Twoja strefa relaksu"},"content":{"rendered":"<div class=\"you-find-content\">\r\n    <div class=\"container-xl container-wrapper\">\r\n        <div class=\"row design\">\r\n            <div class=\"col-md-12 wrapper \">\r\n                <div class=\"title\"><p>Z tego artyku\u0142u dowiesz si\u0119:<\/p>\n<\/div>\r\n                <div class=\"grid-wrapper\">\r\n                                                        <div class=\"block-list\">\r\n                        <div class=\"number\">\r\n                            1                        <\/div>\r\n                        <div class=\"text\">\r\n                            <p>Jakie elementy wyposa\u017cenia tarasu wp\u0142ywaj\u0105 na komfort, estetyk\u0119 i funkcjonalno\u015b\u0107 przestrzeni?<\/p>\n                        <\/div>\r\n                    <\/div>\r\n                                        <div class=\"block-list\">\r\n                        <div class=\"number\">\r\n                            2                        <\/div>\r\n                        <div class=\"text\">\r\n                            <p>Jak dobra\u0107 materia\u0142y wyko\u0144czeniowe i nawierzchnie, aby by\u0142y trwa\u0142e i estetyczne?<\/p>\n                        <\/div>\r\n                    <\/div>\r\n                                        <div class=\"block-list\">\r\n                        <div class=\"number\">\r\n                            3                        <\/div>\r\n                        <div class=\"text\">\r\n                            <p>Jak urz\u0105dzi\u0107 taras w zale\u017cno\u015bci od jego wielko\u015bci i lokalizacji \u2013 od ma\u0142ych przestrzeni w bloku po du\u017ce tarasy przydomowe?<\/p>\n                        <\/div>\r\n                    <\/div>\r\n                                        <div class=\"block-list\">\r\n                        <div class=\"number\">\r\n                            4                        <\/div>\r\n                        <div class=\"text\">\r\n                            <p>Jakie style najlepiej pasuj\u0105 do r\u00f3\u017cnych potrzeb i charakter\u00f3w domownik\u00f3w?<\/p>\n                        <\/div>\r\n                    <\/div>\r\n                                                    <\/div>\r\n            <\/div>\r\n        <\/div>\r\n    <\/div>\r\n<\/div>\n\n\n<p><strong>Urz\u0105dzanie tarasu<\/strong> to co\u015b wi\u0119cej ni\u017c tylko ustawienie mebli i dobranie poduszek. To proces tworzenia przestrzeni, do kt\u00f3rej chce si\u0119 wraca\u0107 ka\u017cdego dnia. <strong>To miejsce relaksu, kt\u00f3re \u0142\u0105czy komfort z natur\u0105<\/strong>, zaprasza do odpoczynku na \u015bwie\u017cym powietrzu i harmonijnie wsp\u00f3\u0142gra z wn\u0119trzem domu. To tutaj codzienno\u015b\u0107 zyskuje nowy, spokojniejszy rytm.<\/p>\n\n\n\n<p><strong>Tw\u00f3j taras powinien odzwierciedla\u0107 Twoj\u0105 osobowo\u015b\u0107 i styl \u017cycia<\/strong>. Je\u015bli cenisz prostot\u0119 i cisz\u0119, idealnym wyborem b\u0119dzie styl skandynawski \u2014 jasne barwy, naturalne materia\u0142y, minimalizm. Dla mi\u0142o\u015bnik\u00f3w swobody i kolor\u00f3w \u015bwietnie sprawdzi si\u0119 styl boho. A je\u015bli bli\u017cej Ci do klasyki, postaw na rustykaln\u0105 estetyk\u0119: drewno, len, dodatki z wikliny. Ka\u017cdy z tych styl\u00f3w oferuje inne mo\u017cliwo\u015bci, ale cel jest jeden: <strong>stworzy\u0107 przestrze\u0144, w kt\u00f3rej naprawd\u0119 odpoczniesz<\/strong>.<\/p>\n\n\n\n<p>Taras mo\u017ce przybra\u0107 r\u00f3\u017cne formy \u2014 od surowego minimalizmu po romantyczny vintage. Je\u015bli marzysz o odrobinie luksusu, wybierz styl glamour z po\u0142yskuj\u0105cymi akcentami i mi\u0119kkimi tkaninami, kt\u00f3ry doda przestrzeni elegancji. A mo\u017ce wolisz co\u015b z dusz\u0105? Styl vintage przeniesie Ci\u0119 w czasie, otulaj\u0105c ciep\u0142em i nostalgi\u0105.<\/p>\n\n\n\n<p><strong>Wyb\u00f3r stylu zale\u017cy od Ciebie<\/strong>. Zastan\u00f3w si\u0119: w jakim otoczeniu czujesz si\u0119 najlepiej? To w\u0142a\u015bnie ta odpowied\u017a powinna by\u0107 Twoim drogowskazem przy aran\u017cacji tarasu.<\/p>\n\n\n\n<p>Jak wygl\u0105da Tw\u00f3j idealny taras? Czy to bujna, zielona oaza pe\u0142na ro\u015blin i naturalnych faktur? A mo\u017ce elegancka przestrze\u0144 stworzona z my\u015bl\u0105 o wieczornych spotkaniach przy winie? <strong>Niezale\u017cnie od wizji, pami\u0119taj: aran\u017cacja tarasu to przyjemno\u015b\u0107, nie obowi\u0105zek<\/strong>. To szansa, by stworzy\u0107 miejsce, kt\u00f3re b\u0119dzie cieszy\u0107 oczy, koi\u0107 zmys\u0142y i dawa\u0107 rado\u015b\u0107 przez wiele sezon\u00f3w.<\/p>\n\n\n\n<h2 class=\"wp-block-heading\">Wyb\u00f3r stylu aran\u017cacji tarasu<\/h2>\n\n\n\n<p><strong>Dob\u00f3r stylu aran\u017cacji tarasu<\/strong> to nie tylko kwestia estetyki \u2013 to decyzja, kt\u00f3ra wp\u0142ywa na codzienny komfort i atmosfer\u0119, jak\u0105 chcesz stworzy\u0107 wok\u00f3\u0142 siebie. Zanim zdecydujesz si\u0119 na konkretny kierunek, warto zastanowi\u0107 si\u0119 nad kilkoma kluczowymi aspektami: <strong>uk\u0142adem przestrzeni, jej wielko\u015bci\u0105 oraz w\u0142asnymi preferencjami<\/strong>. Czy bli\u017cszy jest Ci minimalizm, czy mo\u017ce kochasz kolory i artystyczny nie\u0142ad?<\/p>\n\n\n\n<p>W\u015br\u00f3d popularnych styl\u00f3w aran\u017cacyjnych znajdziesz m.in.:<\/p>\n\n\n\n<ul class=\"wp-block-list\">\n<li><a href=\"https:\/\/proplo.pl\/style\/skandynawski\"><strong>Styl skandynawski<\/strong> <\/a>\u2013 prostota, jasne barwy i naturalne materia\u0142y,<\/li>\n\n\n\n<li><strong><a href=\"https:\/\/proplo.pl\/style\/boho\">Styl boho<\/a><\/strong> \u2013 swoboda formy, bogactwo faktur i kolor\u00f3w,<\/li>\n\n\n\n<li><strong><a href=\"https:\/\/proplo.pl\/style\/rustykalny\">Styl rustykalny<\/a><\/strong> \u2013 ciep\u0142o drewna, wiejskie akcenty i blisko\u015b\u0107 natury,<\/li>\n\n\n\n<li><strong><a href=\"https:\/\/proplo.pl\/style\/nowoczesny\">Styl nowoczesny<\/a><\/strong> \u2013 geometryczne formy i funkcjonalno\u015b\u0107,<\/li>\n\n\n\n<li><strong>Styl orientalny<\/strong> \u2013 egzotyka, intensywne kolory i dekoracyjno\u015b\u0107.<\/li>\n<\/ul>\n\n\n\n<p><strong>Ka\u017cdy z tych styl\u00f3w ma sw\u00f3j unikalny charakter<\/strong>, kt\u00f3ry mo\u017ce idealnie wsp\u00f3\u0142gra\u0107 z Twoim domem \u2013 i z Tob\u0105. To nie tylko estetyka, ale spos\u00f3b na wyra\u017cenie siebie i stworzenie przestrzeni, kt\u00f3ra b\u0119dzie sprzyja\u0107 relaksowi, pracy na \u015bwie\u017cym powietrzu czy spotkaniom z bliskimi.<\/p>\n\n\n\n<p>Zanim podejmiesz decyzj\u0119, zadaj sobie kilka pyta\u0144:<\/p>\n\n\n\n<ul class=\"wp-block-list\">\n<li><strong>Czy taras ma by\u0107 przed\u0142u\u017ceniem salonu?<\/strong><\/li>\n\n\n\n<li><strong>A mo\u017ce Twoj\u0105 prywatn\u0105 stref\u0105 ciszy i relaksu?<\/strong><\/li>\n\n\n\n<li><strong>Czy planujesz spotkania z przyjaci\u00f3\u0142mi przy winie i \u015bwiecach?<\/strong><\/li>\n<\/ul>\n\n\n\n<p>Odpowiedzi pomog\u0105 Ci dopasowa\u0107 aran\u017cacj\u0119 do funkcji, jak\u0105 ma pe\u0142ni\u0107 ta przestrze\u0144 \u2013 i do <strong>stylu domu<\/strong>, z kt\u00f3rym powinna tworzy\u0107 harmonijn\u0105 ca\u0142o\u015b\u0107.<\/p>\n\n\n\n<h3 class=\"wp-block-heading\">Styl skandynawski: prostota, jasno\u015b\u0107 i naturalne materia\u0142y<\/h3>\n\n\n\n<p><strong>Styl skandynawski<\/strong> to idealny wyb\u00f3r dla os\u00f3b ceni\u0105cych spok\u00f3j, \u0142ad i funkcjonalno\u015b\u0107. Jasna paleta barw \u2013 biel, szaro\u015b\u0107, be\u017c \u2013 <strong>optycznie powi\u0119ksza przestrze\u0144<\/strong> i dodaje jej lekko\u015bci, nawet w pochmurne dni. Meble wykonane z naturalnego drewna, cz\u0119sto w surowym wyko\u0144czeniu, podkre\u015blaj\u0105 prostot\u0119 i blisko\u015b\u0107 natury.<\/p>\n\n\n\n<p>Charakterystyczne cechy stylu skandynawskiego:<\/p>\n\n\n\n<ul class=\"wp-block-list\">\n<li><strong>Minimalizm<\/strong> \u2013 ograniczenie zb\u0119dnych ozd\u00f3b na rzecz funkcjonalno\u015bci,<\/li>\n\n\n\n<li><strong>Naturalne materia\u0142y<\/strong> \u2013 drewno, len, bawe\u0142na,<\/li>\n\n\n\n<li><strong>Pastelowe dodatki<\/strong> \u2013 poduszki, pledy, ceramika,<\/li>\n\n\n\n<li><strong>Subtelne o\u015bwietlenie<\/strong> \u2013 lampiony, \u015bwiece, girlandy \u015bwietlne.<\/li>\n<\/ul>\n\n\n\n<p><strong>Skandynawski taras<\/strong> to przestrze\u0144 idealna na porann\u0105 kaw\u0119, lektur\u0119 ulubionej ksi\u0105\u017cki czy spokojny wiecz\u00f3r z bliskimi. To styl, kt\u00f3ry \u0142\u0105czy estetyk\u0119 z wygod\u0105, tworz\u0105c miejsce, w kt\u00f3rym po prostu dobrze si\u0119 przebywa.<\/p>\n\n\n\n<h3 class=\"wp-block-heading\">Styl boho: kolor, tekstura i swoboda formy<\/h3>\n\n\n\n<p><strong>Styl boho<\/strong> to propozycja dla os\u00f3b, kt\u00f3re ceni\u0105 wolno\u015b\u0107, kreatywno\u015b\u0107 i niekonwencjonalne rozwi\u0105zania. Ciep\u0142e odcienie bieli, be\u017cu, rudo\u015bci i br\u0105z\u00f3w \u0142\u0105cz\u0105 si\u0119 tu z bogactwem faktur \u2013 od plecionek i makram, po r\u0119cznie wykonane dekoracje. <strong>To styl, kt\u00f3ry celebruje r\u00f3\u017cnorodno\u015b\u0107 i indywidualizm<\/strong>.<\/p>\n\n\n\n<p>Elementy charakterystyczne dla stylu boho:<\/p>\n\n\n\n<ul class=\"wp-block-list\">\n<li><strong>R\u0119kodzie\u0142o<\/strong> \u2013 makramy, hafty, ceramika,<\/li>\n\n\n\n<li><strong>Ro\u015bliny w donicach<\/strong> \u2013 ziele\u0144 jako naturalna dekoracja,<\/li>\n\n\n\n<li><strong>Mi\u0119kkie tekstylia<\/strong> \u2013 pledy, poduszki, dywany,<\/li>\n\n\n\n<li><strong>\u015awiat\u0142o nastrojowe<\/strong> \u2013 lampiony, \u015bwiece, girlandy.<\/li>\n<\/ul>\n\n\n\n<p>Przyk\u0142ad aran\u017cacji? Wiklinowy fotel z kolorowym pledem, kilka glinianych donic z zieleni\u0105 i lampiony \u2013 i ju\u017c masz miejsce, kt\u00f3re zaprasza do odpoczynku. <strong>Styl boho sprzyja relaksowi, ale te\u017c pobudza kreatywno\u015b\u0107<\/strong> \u2013 to idealna przestrze\u0144 na tw\u00f3rcz\u0105 prac\u0119, spotkania z przyjaci\u00f3\u0142mi albo chwil\u0119 tylko dla siebie.<\/p>\n\n\n\n<h3 class=\"wp-block-heading\">Styl rustykalny: drewno, wiklina i sielski klimat<\/h3>\n\n\n\n<p><strong>Styl rustykalny<\/strong> to uk\u0142on w stron\u0119 natury i tradycji. Inspirowany wiejskimi werandami, wprowadza na taras <strong>ciep\u0142o drewna, wikliny i naturalnych tkanin<\/strong>. Meble przypominaj\u0105 te z dawnych dwork\u00f3w \u2013 solidne, drewniane, z widoczn\u0105 struktur\u0105 materia\u0142u.<\/p>\n\n\n\n<p>Najwa\u017cniejsze elementy stylu rustykalnego:<\/p>\n\n\n\n<ul class=\"wp-block-list\">\n<li><strong>Drewniane meble<\/strong> \u2013 cz\u0119sto postarzane, z naturalnym rysunkiem s\u0142oj\u00f3w,<\/li>\n\n\n\n<li><strong>Wiklinowe dodatki<\/strong> \u2013 kosze, fotele, os\u0142onki na donice,<\/li>\n\n\n\n<li><strong>Lniane i bawe\u0142niane tekstylia<\/strong> \u2013 obrusy, zas\u0142ony, poduszki,<\/li>\n\n\n\n<li><strong>Ceramiczne donice i naczynia<\/strong> \u2013 r\u0119cznie robione, w stonowanych kolorach.<\/li>\n<\/ul>\n\n\n\n<p>Kolorystyka rustykalna opiera si\u0119 na barwach ziemi \u2013 br\u0105zach, zieleniach, be\u017cach \u2013 kt\u00f3re doskonale wsp\u00f3\u0142graj\u0105 z ogrodowym otoczeniem. <strong>To styl, kt\u00f3ry nie tylko cieszy oko, ale te\u017c budzi wspomnienia<\/strong> \u2013 o letnich wieczorach na wsi, zapachu drewna, \u015bpiewie ptak\u00f3w. Rustykalny taras to miejsce, gdzie mo\u017cna zwolni\u0107 tempo i po prostu by\u0107. Tu i teraz.<\/p>\n\n\n\n<figure class=\"wp-block-image size-full\"><a href=\"https:\/\/proplo.pl\/profile\/interiera\/projekt\/1120\"><img loading=\"lazy\" decoding=\"async\" width=\"1200\" height=\"800\" src=\"https:\/\/proplo.pl\/blog\/wp-content\/uploads\/2025\/08\/jak-zaaranz\u0307owac\u0301-taras.png\" alt=\"Eklektyczny taras z drewnianym sto\u0142em i ro\u015blinami.\" class=\"wp-image-1240\" srcset=\"https:\/\/proplo.pl\/blog\/wp-content\/uploads\/2025\/08\/jak-zaaranz\u0307owac\u0301-taras.png 1200w, https:\/\/proplo.pl\/blog\/wp-content\/uploads\/2025\/08\/jak-zaaranz\u0307owac\u0301-taras-300x200.png 300w, https:\/\/proplo.pl\/blog\/wp-content\/uploads\/2025\/08\/jak-zaaranz\u0307owac\u0301-taras-768x512.png 768w, https:\/\/proplo.pl\/blog\/wp-content\/uploads\/2025\/08\/jak-zaaranz\u0307owac\u0301-taras-1024x683.png 1024w, https:\/\/proplo.pl\/blog\/wp-content\/uploads\/2025\/08\/jak-zaaranz\u0307owac\u0301-taras-480x320.png 480w\" sizes=\"auto, (max-width: 1200px) 100vw, 1200px\" \/><\/a><figcaption class=\"wp-element-caption\">Projekt: <a href=\"https:\/\/proplo.pl\/profile\/interiera\">Interiera<\/a><\/figcaption><\/figure>\n\n\n\n<h2 class=\"wp-block-heading\">Kluczowe elementy wyposa\u017cenia tarasu<\/h2>\n\n\n\n<p>Stworzenie <strong>funkcjonalnego tarasu<\/strong> to nie tylko kwestia estetyki. To przede wszystkim <strong>komfort u\u017cytkowania, wygoda i praktyczne detale<\/strong>, kt\u00f3re sprawiaj\u0105, \u017ce chce si\u0119 tam przebywa\u0107 \u2013 codziennie, bez wyj\u0105tku. Aby cieszy\u0107 si\u0119 tarasem od pierwszych promieni wiosennego s\u0142o\u0144ca a\u017c po ch\u0142odne, jesienne wieczory, warto zadba\u0107 o kilka podstawowych element\u00f3w wyposa\u017cenia.<\/p>\n\n\n\n<p>Najwi\u0119ksze znaczenie maj\u0105:<\/p>\n\n\n\n<ul class=\"wp-block-list\">\n<li><strong>Meble tarasowe<\/strong> \u2013 zapewniaj\u0105 wygod\u0119 i funkcjonalno\u015b\u0107 przestrzeni.<\/li>\n\n\n\n<li><strong>O\u015bwietlenie<\/strong> \u2013 tworzy nastr\u00f3j i umo\u017cliwia korzystanie z tarasu po zmroku.<\/li>\n\n\n\n<li><strong>Dodatki<\/strong> \u2013 buduj\u0105 przytuln\u0105, domow\u0105 atmosfer\u0119.<\/li>\n<\/ul>\n\n\n\n<p>Przy wyborze <strong>mebli ogrodowych<\/strong> nie kieruj si\u0119 wy\u0142\u0105cznie ich wygl\u0105dem \u2013 cho\u0107 estetyka r\u00f3wnie\u017c ma znaczenie. <strong>Najwa\u017cniejsze s\u0105 trwa\u0142o\u015b\u0107 i odporno\u015b\u0107 na zmienne warunki atmosferyczne<\/strong>. Doskona\u0142ym wyborem s\u0105 <strong>meble z technorattanu<\/strong> \u2013 eleganckie, solidne i odporne na deszcz, s\u0142o\u0144ce oraz nag\u0142e och\u0142odzenia. Sprawdz\u0105 si\u0119 zar\u00f3wno w pe\u0142nym s\u0142o\u0144cu, jak i podczas letnich burz.<\/p>\n\n\n\n<p>Je\u015bli cenisz sobie elastyczno\u015b\u0107 i lubisz zmiany, postaw na <strong>meble modu\u0142owe<\/strong>. Mo\u017cna je dowolnie przestawia\u0107, \u0142\u0105czy\u0107 i dopasowywa\u0107 do przestrzeni. To idealne rozwi\u0105zanie, zw\u0142aszcza gdy Tw\u00f3j taras ma ograniczon\u0105 powierzchni\u0119.<\/p>\n\n\n\n<p><strong>O\u015bwietlenie tarasowe<\/strong> potrafi ca\u0142kowicie odmieni\u0107 atmosfer\u0119 po zmroku. Warto postawi\u0107 na:<\/p>\n\n\n\n<ul class=\"wp-block-list\">\n<li>delikatne lampiony,<\/li>\n\n\n\n<li>girlandy \u015bwietlne,<\/li>\n\n\n\n<li>solarne kinkiety.<\/li>\n<\/ul>\n\n\n\n<p>Nie tylko rozja\u015bniaj\u0105 przestrze\u0144, ale te\u017c <strong>dodaj\u0105 jej uroku i tworz\u0105 wyj\u0105tkowy klimat<\/strong> \u2013 idealny na d\u0142ugie rozmowy, romantyczne kolacje czy relaks po intensywnym dniu.<\/p>\n\n\n\n<p>Masz ograniczon\u0105 przestrze\u0144? Wybierz <strong>meble sk\u0142adane<\/strong>. Ich najwi\u0119ksza zaleta to <strong>mo\u017cliwo\u015b\u0107 szybkiego z\u0142o\u017cenia i schowania<\/strong>, gdy nie s\u0105 potrzebne. To \u015bwietne rozwi\u0105zanie, gdy chcesz w mgnieniu oka przygotowa\u0107 miejsce na spotkanie z przyjaci\u00f3\u0142mi albo po prostu usi\u0105\u015b\u0107 z ksi\u0105\u017ck\u0105 i fili\u017cank\u0105 kawy.<\/p>\n\n\n\n<p><strong>A Ty? Co jest dla Ciebie najwa\u017cniejsze przy urz\u0105dzaniu tarasu?<\/strong> Liczy si\u0119 dla Ciebie trwa\u0142o\u015b\u0107 i funkcjonalno\u015b\u0107, czy mo\u017ce detale, kt\u00f3re buduj\u0105 nastr\u00f3j? Niezale\u017cnie od tego, co wybierzesz, <strong>dobrze dobrane elementy wyposa\u017cenia potrafi\u0105 przemieni\u0107 nawet najmniejszy taras w Twoj\u0105 prywatn\u0105 stref\u0119 relaksu<\/strong> \u2013 miejsce, do kt\u00f3rego chce si\u0119 wraca\u0107 ka\u017cdego dnia.<\/p>\n\n\n\n<h2 class=\"wp-block-heading\">Materia\u0142y wyko\u0144czeniowe i nawierzchnie<\/h2>\n\n\n\n<p><strong>Dob\u00f3r odpowiednich materia\u0142\u00f3w wyko\u0144czeniowych i nawierzchni<\/strong> to klucz do stworzenia tarasu, kt\u00f3ry b\u0119dzie nie tylko estetyczny, ale i trwa\u0142y. To przecie\u017c Twoja strefa relaksu \u2014 miejsce na porann\u0105 kaw\u0119, wieczorne rozmowy czy rodzinne spotkania. Warto wi\u0119c zadba\u0107, by by\u0142a ona zar\u00f3wno funkcjonalna, jak i stylowa.<\/p>\n\n\n\n<p>Coraz cz\u0119\u015bciej wybieramy rozwi\u0105zania, kt\u00f3re \u0142\u0105cz\u0105 <strong>nowoczesny design z praktyczno\u015bci\u0105<\/strong>. W\u015br\u00f3d najpopularniejszych materia\u0142\u00f3w znajduj\u0105 si\u0119:<\/p>\n\n\n\n<ul class=\"wp-block-list\">\n<li><strong>Deski kompozytowe<\/strong> \u2014 nowoczesna alternatywa dla drewna, odporna na warunki atmosferyczne.<\/li>\n\n\n\n<li><strong>P\u0142yty betonowe<\/strong> \u2014 surowa estetyka i wysoka trwa\u0142o\u015b\u0107, idealne do nowoczesnych aran\u017cacji.<\/li>\n\n\n\n<li><strong>Kostka brukowa<\/strong> \u2014 klasyczne rozwi\u0105zanie o rustykalnym charakterze, doskonale komponuj\u0105ce si\u0119 z ogrodem.<\/li>\n<\/ul>\n\n\n\n<p>Ka\u017cdy z tych materia\u0142\u00f3w ma sw\u00f3j unikalny charakter i otwiera inne mo\u017cliwo\u015bci aran\u017cacyjne. Poni\u017cej znajdziesz kr\u00f3tk\u0105 charakterystyk\u0119 ka\u017cdego z nich, kt\u00f3ra pomo\u017ce Ci podj\u0105\u0107 \u015bwiadom\u0105 decyzj\u0119.<\/p>\n\n\n\n<p><strong>Deski kompozytowe<\/strong> to doskona\u0142a alternatywa dla tradycyjnego drewna. Ich najwi\u0119ksze zalety to:<\/p>\n\n\n\n<ul class=\"wp-block-list\">\n<li><strong>Odporno\u015b\u0107 na wilgo\u0107, promieniowanie UV i zmienne warunki atmosferyczne<\/strong>.<\/li>\n\n\n\n<li><strong>Brak konieczno\u015bci regularnej konserwacji<\/strong> \u2014 nie musisz ich olejowa\u0107 ani impregnowa\u0107.<\/li>\n\n\n\n<li><strong>Elegancki wygl\u0105d<\/strong>, kt\u00f3ry \u015bwietnie wpisuje si\u0119 w klimat miejskich ogrod\u00f3w i nowoczesnych taras\u00f3w.<\/li>\n\n\n\n<li><strong>Funkcjonalno\u015b\u0107 przez ca\u0142y rok<\/strong> \u2014 taras staje si\u0119 przed\u0142u\u017ceniem salonu, gotowym na ka\u017cd\u0105 por\u0119 roku.<\/li>\n<\/ul>\n\n\n\n<p><strong>P\u0142yty betonowe<\/strong> to propozycja dla mi\u0142o\u015bnik\u00f3w minimalizmu i industrialnych akcent\u00f3w. Ich cechy to:<\/p>\n\n\n\n<ul class=\"wp-block-list\">\n<li><strong>Surowa estetyka<\/strong>, kt\u00f3ra doskonale wsp\u00f3\u0142gra z nowoczesn\u0105 architektur\u0105.<\/li>\n\n\n\n<li><strong>Wysoka odporno\u015b\u0107 na uszkodzenia<\/strong> \u2014 idealne do miejsc o du\u017cym nat\u0119\u017ceniu ruchu.<\/li>\n\n\n\n<li><strong>R\u00f3\u017cnorodno\u015b\u0107 faktur i kolor\u00f3w<\/strong>, umo\u017cliwiaj\u0105ca tworzenie oryginalnych kompozycji.<\/li>\n\n\n\n<li><strong>Trwa\u0142o\u015b\u0107 na lata<\/strong> \u2014 inwestycja, kt\u00f3ra si\u0119 op\u0142aca.<\/li>\n<\/ul>\n\n\n\n<p><strong>Kostka brukowa<\/strong> to wyb\u00f3r dla tych, kt\u00f3rzy ceni\u0105 sobie naturalno\u015b\u0107 i klasyk\u0119. Jej zalety to:<\/p>\n\n\n\n<ul class=\"wp-block-list\">\n<li><strong>Rustykalny charakter<\/strong>, kt\u00f3ry idealnie wsp\u00f3\u0142gra z zieleni\u0105 ogrodu.<\/li>\n\n\n\n<li><strong>Przytulny klimat<\/strong>, sprzyjaj\u0105cy relaksowi i odpoczynkowi.<\/li>\n\n\n\n<li><strong>Wszechstronno\u015b\u0107 zastosowania<\/strong> \u2014 sprawdzi si\u0119 nie tylko na tarasie, ale te\u017c na \u015bcie\u017ckach, podjazdach czy patio.<\/li>\n\n\n\n<li><strong>Sp\u00f3jno\u015b\u0107 aran\u017cacyjna<\/strong> \u2014 mo\u017cliwo\u015b\u0107 stworzenia harmonijnej przestrzeni wok\u00f3\u0142 domu.<\/li>\n<\/ul>\n\n\n\n<p>Zanim podejmiesz decyzj\u0119, zadaj sobie kilka kluczowych pyta\u0144:<\/p>\n\n\n\n<ul class=\"wp-block-list\">\n<li><strong>Czy zale\u017cy Ci na \u0142atwej piel\u0119gnacji?<\/strong><\/li>\n\n\n\n<li><strong>Czy wa\u017cniejszy jest dla Ciebie naturalny wygl\u0105d?<\/strong><\/li>\n\n\n\n<li><strong>Czy marzysz o nowoczesnym tarasie, kt\u00f3ry p\u0142ynnie \u0142\u0105czy si\u0119 z wn\u0119trzem domu?<\/strong><\/li>\n\n\n\n<li><strong>A mo\u017ce wolisz sielski zak\u0105tek w stylu wiejskiego ogrodu?<\/strong><\/li>\n<\/ul>\n\n\n\n<p><strong>Odpowiedzi na te pytania pomog\u0105 Ci wybra\u0107 nawierzchni\u0119 najlepiej dopasowan\u0105 do Twoich potrzeb i stylu \u017cycia<\/strong>. Bo dobrze dobrany materia\u0142 to nie tylko kwestia estetyki. To tak\u017ce:<\/p>\n\n\n\n<ul class=\"wp-block-list\">\n<li><strong>Komfort codziennego u\u017cytkowania<\/strong>.<\/li>\n\n\n\n<li><strong>Trwa\u0142o\u015b\u0107 na lata<\/strong>.<\/li>\n\n\n\n<li><strong>Przyjemno\u015b\u0107 z przebywania na tarasie<\/strong>, niezale\u017cnie od pory roku.<\/li>\n<\/ul>\n\n\n\n<p><strong>A przecie\u017c w\u0142a\u015bnie o to chodzi, prawda?<\/strong><\/p>\n\n\n\n<h2 class=\"wp-block-heading\">Ro\u015blinno\u015b\u0107 i dekoracje na tarasie<\/h2>\n\n\n\n<p>Stworzenie <strong>strefy relaksu<\/strong> na tarasie to znacznie wi\u0119cej ni\u017c tylko ustawienie wygodnych mebli. To przemy\u015blana kompozycja detali, harmonii i funkcjonalno\u015bci. Kluczow\u0105 rol\u0119 odgrywaj\u0105 tutaj <strong>ro\u015bliny i dekoracje<\/strong>, kt\u00f3re potrafi\u0105 ca\u0142kowicie odmieni\u0107 charakter przestrzeni. Ziele\u0144 \u2014 od paproci, przez sukulenty, a\u017c po ozdobne trawy \u2014 nie tylko o\u017cywia otoczenie, ale r\u00f3wnie\u017c wprowadza <strong>spok\u00f3j, intymno\u015b\u0107 i naturalno\u015b\u0107<\/strong>. Czasem wystarczy kilka donic ustawionych w strategicznych miejscach, by taras zyska\u0142 zupe\u0142nie now\u0105 energi\u0119. Dodatkowo <strong>ro\u015bliny pe\u0142ni\u0105 funkcj\u0119 naturalnej zas\u0142ony<\/strong>, chroni\u0105c przed wzrokiem s\u0105siad\u00f3w.<\/p>\n\n\n\n<p>Masz niewielki taras? To nie problem. W takich przypadkach warto postawi\u0107 na <strong>wertykalne ogrody<\/strong> \u2014 sprytne i efektowne rozwi\u0105zanie, kt\u00f3re pozwala cieszy\u0107 si\u0119 zieleni\u0105 bez zajmowania cennej przestrzeni na pod\u0142odze. <strong>Zielone \u015bciany<\/strong> z zi\u00f3\u0142, pn\u0105czy czy miniaturowych krzew\u00f3w nie tylko prezentuj\u0105 si\u0119 zjawiskowo, ale r\u00f3wnie\u017c:<\/p>\n\n\n\n<ul class=\"wp-block-list\">\n<li><strong>poprawiaj\u0105 mikroklimat<\/strong> otoczenia,<\/li>\n\n\n\n<li><strong>dodaj\u0105 \u015bwie\u017co\u015bci<\/strong> i naturalnego aromatu,<\/li>\n\n\n\n<li><strong>tworz\u0105 przytuln\u0105 atmosfer\u0119<\/strong> nawet na ma\u0142ej przestrzeni,<\/li>\n\n\n\n<li>s\u0105 idealne dla mi\u0142o\u015bnik\u00f3w natury, kt\u00f3rzy nie dysponuj\u0105 du\u017cym metra\u017cem.<\/li>\n<\/ul>\n\n\n\n<p>A co z dodatkami? <strong>Dekoracje<\/strong> to serce ka\u017cdej aran\u017cacji \u2014 to one nadaj\u0105 przestrzeni charakter i sprawiaj\u0105, \u017ce taras staje si\u0119 naprawd\u0119 Tw\u00f3j. Warto zwr\u00f3ci\u0107 uwag\u0119 na <strong>dywany zewn\u0119trzne<\/strong>, kt\u00f3re s\u0105 odporne na wilgo\u0107 i promieniowanie UV. Wprowadzaj\u0105 one <strong>domowy klimat i przytulno\u015b\u0107<\/strong>, a ich kolory i wzory mog\u0105 podkre\u015bli\u0107 wybrany styl aran\u017cacji:<\/p>\n\n\n\n<ul class=\"wp-block-list\">\n<li><strong>boho<\/strong> \u2014 swobodny, kolorowy i pe\u0142en luzu,<\/li>\n\n\n\n<li><strong>minimalizm<\/strong> \u2014 stonowany, nowoczesny i uporz\u0105dkowany,<\/li>\n\n\n\n<li><strong>rustykalny<\/strong> \u2014 ciep\u0142y, naturalny i przyjazny,<\/li>\n\n\n\n<li><strong>skandynawski<\/strong> \u2014 jasny, funkcjonalny i prosty.<\/li>\n<\/ul>\n\n\n\n<p>Czasem wystarczy jeden dobrze dobrany akcent, by zaprosi\u0107 domownik\u00f3w i go\u015bci do wsp\u00f3lnego relaksu na \u015bwie\u017cym powietrzu.<\/p>\n\n\n\n<p><strong>A wieczorem zaczyna si\u0119 prawdziwa magia.<\/strong> Odpowiednio dobrane <strong>o\u015bwietlenie<\/strong> potrafi ca\u0142kowicie odmieni\u0107 atmosfer\u0119 po zmroku. <strong>Girlandy \u015bwietlne, lampiony i lampy solarne<\/strong> nie tylko rozja\u015bniaj\u0105 przestrze\u0144, ale r\u00f3wnie\u017c tworz\u0105 <strong>nastrojowy klimat<\/strong> \u2014 idealny na d\u0142ugie rozmowy, kieliszek wina czy chwil\u0119 ciszy z ksi\u0105\u017ck\u0105. Dobrze zaplanowane \u015bwiat\u0142o to:<\/p>\n\n\n\n<ul class=\"wp-block-list\">\n<li><strong>funkcjonalno\u015b\u0107<\/strong> \u2014 zapewnia widoczno\u015b\u0107 i bezpiecze\u0144stwo,<\/li>\n\n\n\n<li><strong>estetyka<\/strong> \u2014 stanowi subteln\u0105 dekoracj\u0119,<\/li>\n\n\n\n<li><strong>klimat<\/strong> \u2014 buduje nastr\u00f3j i sprzyja relaksowi,<\/li>\n\n\n\n<li><strong>elastyczno\u015b\u0107<\/strong> \u2014 pozwala dostosowa\u0107 intensywno\u015b\u0107 i barw\u0119 \u015bwiat\u0142a do okazji.<\/li>\n<\/ul>\n\n\n\n<p>A Ty? Jak wyobra\u017casz sobie sw\u00f3j idealny taras? <strong>Surowy i minimalistyczny, a mo\u017ce pe\u0142en zieleni i kolor\u00f3w?<\/strong> Niezale\u017cnie od stylu, odpowiednio dobrane ro\u015bliny i dodatki pomog\u0105 Ci stworzy\u0107 przestrze\u0144, kt\u00f3ra b\u0119dzie nie tylko estetyczna, ale przede wszystkim <strong>osobista i przyjazna<\/strong>. Miejsce, do kt\u00f3rego chce si\u0119 wraca\u0107. <strong>Codziennie.<\/strong><\/p>\n\n\n\n<figure class=\"wp-block-image size-full\"><a href=\"https:\/\/proplo.pl\/profile\/aumullerdesign-studio-projektowe\/projekt\/projekt-czesci-ogrodu-71\"><img loading=\"lazy\" decoding=\"async\" width=\"1200\" height=\"800\" src=\"https:\/\/proplo.pl\/blog\/wp-content\/uploads\/2025\/08\/aranz\u0307acja-tarasu.png\" alt=\"Wn\u0119trze tarasu z drewnianym sto\u0142em, ro\u015blinami i nowoczesnym o\u015bwietleniem.\" class=\"wp-image-1241\" srcset=\"https:\/\/proplo.pl\/blog\/wp-content\/uploads\/2025\/08\/aranz\u0307acja-tarasu.png 1200w, https:\/\/proplo.pl\/blog\/wp-content\/uploads\/2025\/08\/aranz\u0307acja-tarasu-300x200.png 300w, https:\/\/proplo.pl\/blog\/wp-content\/uploads\/2025\/08\/aranz\u0307acja-tarasu-768x512.png 768w, https:\/\/proplo.pl\/blog\/wp-content\/uploads\/2025\/08\/aranz\u0307acja-tarasu-1024x683.png 1024w, https:\/\/proplo.pl\/blog\/wp-content\/uploads\/2025\/08\/aranz\u0307acja-tarasu-480x320.png 480w\" sizes=\"auto, (max-width: 1200px) 100vw, 1200px\" \/><\/a><figcaption class=\"wp-element-caption\">Projekt: <a href=\"https:\/\/proplo.pl\/profile\/aumullerdesign-studio-projektowe\">AUM\u00dcLLERDESIGN Studio Projektowe<\/a><\/figcaption><\/figure>\n\n\n\n<h2 class=\"wp-block-heading\">Aran\u017cacje tarasu w zale\u017cno\u015bci od typu przestrzeni<\/h2>\n\n\n\n<p>Urz\u0105dzanie tarasu to nie tylko kwestia estetyki \u2013 to <strong>sztuka tworzenia przestrzeni dopasowanej do Twoich potrzeb, rytmu dnia i stylu \u017cycia<\/strong>. Niezale\u017cnie od tego, czy masz do dyspozycji przydomowy taras, dach budynku czy zaciszny zak\u0105tek w ogrodzie, ka\u017cda z tych przestrzeni wymaga indywidualnego podej\u015bcia i przemy\u015blanej aran\u017cacji.<\/p>\n\n\n\n<p><strong>Taras przy domu<\/strong> mo\u017ce pe\u0142ni\u0107 funkcj\u0119 naturalnego przed\u0142u\u017cenia salonu \u2013 miejsca, gdzie wn\u0119trze p\u0142ynnie \u0142\u0105czy si\u0119 z ogrodem. <strong>Wi\u0119kszy taras<\/strong> daje ogromne mo\u017cliwo\u015bci aran\u017cacyjne \u2013 mo\u017cna go podzieli\u0107 na kilka stref, takich jak:<\/p>\n\n\n\n<ul class=\"wp-block-list\">\n<li><strong>Jadalnia na \u015bwie\u017cym powietrzu<\/strong> \u2013 idealna na rodzinne posi\u0142ki i spotkania z przyjaci\u00f3\u0142mi.<\/li>\n\n\n\n<li><strong>Strefa relaksu<\/strong> \u2013 z le\u017cakami, hamakiem lub wygodn\u0105 sof\u0105 ogrodow\u0105.<\/li>\n\n\n\n<li><strong>Mini ogr\u00f3dek zio\u0142owy<\/strong> \u2013 praktyczny i dekoracyjny element, kt\u00f3ry wprowadza ziele\u0144 i zapachy<sup data-fn=\"6652f739-0e34-44ae-9746-ed52473f4009\" class=\"fn\"><a id=\"6652f739-0e34-44ae-9746-ed52473f4009-link\" href=\"#6652f739-0e34-44ae-9746-ed52473f4009\">1<\/a><\/sup>.<\/li>\n<\/ul>\n\n\n\n<p><strong>Taras ogrodowy<\/strong> warto zintegrowa\u0107 z otaczaj\u0105c\u0105 ro\u015blinno\u015bci\u0105, tworz\u0105c harmonijn\u0105 przestrze\u0144 sprzyjaj\u0105c\u0105 relaksowi i kontaktowi z natur\u0105.<\/p>\n\n\n\n<p><strong>Styl i funkcjonalno\u015b\u0107 powinny i\u015b\u0107 w parze z Twoim codziennym trybem \u017cycia<\/strong>. Marzysz o spokojnym azylu? A mo\u017ce o wielofunkcyjnej przestrzeni pe\u0142nej dodatk\u00f3w? Dobrze zaprojektowany taras mo\u017ce sta\u0107 si\u0119 sercem domowego \u017cycia w cieplejsze miesi\u0105ce \u2013 miejscem spotka\u0144, odpoczynku i inspiracji. Warto wi\u0119c po\u015bwi\u0119ci\u0107 chwil\u0119, by zastanowi\u0107 si\u0119, jak najlepiej wykorzysta\u0107 jego potencja\u0142.<\/p>\n\n\n\n<h3 class=\"wp-block-heading\">Ma\u0142y taras: kompaktowe rozwi\u0105zania i optymalne wykorzystanie przestrzeni<\/h3>\n\n\n\n<p>Niewielki taras to nie ograniczenie, lecz <strong>szansa na kreatywne podej\u015bcie do aran\u017cacji<\/strong>. Kluczem jest po\u0142\u0105czenie funkcjonalno\u015bci z estetyk\u0105. <strong>Minimalistyczna aran\u017cacja<\/strong> mo\u017ce opiera\u0107 si\u0119 na lekkich, sk\u0142adanych meblach \u2013 takich jak krzes\u0142a, stoliki czy le\u017caki \u2013 kt\u00f3re \u0142atwo schowa\u0107, gdy nie s\u0105 potrzebne. Dzi\u0119ki temu przestrze\u0144 pozostaje elastyczna i gotowa na r\u00f3\u017cne okazje: porann\u0105 kaw\u0119, popo\u0142udniowy relaks czy wieczorne spotkanie.<\/p>\n\n\n\n<p>Warto r\u00f3wnie\u017c rozwa\u017cy\u0107:<\/p>\n\n\n\n<ul class=\"wp-block-list\">\n<li><strong>Wertykalne ogrody i wisz\u0105ce doniczki<\/strong> \u2013 dodaj\u0105 zieleni, nie zajmuj\u0105c miejsca na pod\u0142odze, a jednocze\u015bnie tworz\u0105 przytulny klimat.<\/li>\n\n\n\n<li><strong>Meble modu\u0142owe<\/strong> \u2013 np. naro\u017cna \u0142awka z pojemnikiem na poduszki, kt\u00f3ra \u0142\u0105czy funkcj\u0119 siedziska i schowka.<\/li>\n\n\n\n<li><strong>Jasne kolory i lustra<\/strong> \u2013 optycznie powi\u0119kszaj\u0105 przestrze\u0144 i dodaj\u0105 lekko\u015bci.<\/li>\n\n\n\n<li><strong>O\u015bwietlenie punktowe<\/strong> \u2013 np. lampki LED lub girlandy, kt\u00f3re tworz\u0105 nastrojowy klimat wieczorem.<\/li>\n<\/ul>\n\n\n\n<p><strong>Ma\u0142y taras mo\u017ce by\u0107 funkcjonalny, stylowy i przytulny \u2013 wystarczy dobrze przemy\u015blana koncepcja<\/strong>.<\/p>\n\n\n\n<h3 class=\"wp-block-heading\">Du\u017cy taras: podzia\u0142 na strefy i swoboda aran\u017cacyjna<\/h3>\n\n\n\n<p>Du\u017cy taras to prawdziwe pole do popisu. <strong>Wi\u0119ksza powierzchnia pozwala na swobodne wydzielenie r\u00f3\u017cnych stref funkcjonalnych<\/strong>, co zwi\u0119ksza komfort u\u017cytkowania i estetyk\u0119 przestrzeni. Oto przyk\u0142adowy podzia\u0142:<\/p>\n\n\n\n<ul class=\"wp-block-list\">\n<li><strong>Strefa jadalniana<\/strong> \u2013 z du\u017cym sto\u0142em i wygodnymi krzes\u0142ami, najlepiej blisko wej\u015bcia do domu, co u\u0142atwia serwowanie posi\u0142k\u00f3w.<\/li>\n\n\n\n<li><strong>Strefa relaksu<\/strong> \u2013 z hamakiem, le\u017cakami lub mi\u0119kk\u0105 sof\u0105 ogrodow\u0105, idealna do odpoczynku i czytania.<\/li>\n\n\n\n<li><strong>Strefa zieleni<\/strong> \u2013 z donicami, rabatami lub nawet ma\u0142ym warzywnikiem.<\/li>\n\n\n\n<li><strong>Strefa rozrywki<\/strong> \u2013 z miejscem na grill, barek lub kino plenerowe.<\/li>\n<\/ul>\n\n\n\n<p>W aran\u017cacji warto postawi\u0107 na <strong>r\u00f3\u017cnorodno\u015b\u0107 materia\u0142\u00f3w i dodatk\u00f3w<\/strong>. Po\u0142\u0105czenie nowoczesnych form z naturalnymi surowcami \u2013 jak drewno, rattan czy len \u2013 tworzy przytuln\u0105 i stylow\u0105 atmosfer\u0119. Nie zapomnij o detalach, kt\u00f3re nadadz\u0105 charakteru:<\/p>\n\n\n\n<ul class=\"wp-block-list\">\n<li><strong>Lampiony i girlandy \u015bwietlne<\/strong> \u2013 tworz\u0105 nastrojowe o\u015bwietlenie.<\/li>\n\n\n\n<li><strong>Dywany zewn\u0119trzne<\/strong> \u2013 wyznaczaj\u0105 strefy i dodaj\u0105 ciep\u0142a.<\/li>\n\n\n\n<li><strong>Donice w r\u00f3\u017cnych rozmiarach<\/strong> \u2013 wprowadzaj\u0105 ziele\u0144 i struktur\u0119.<\/li>\n<\/ul>\n\n\n\n<p><strong>Du\u017cy taras to przestrze\u0144, kt\u00f3ra mo\u017ce w pe\u0142ni odzwierciedla\u0107 Tw\u00f3j styl \u017cycia i estetyk\u0119<\/strong>.<\/p>\n\n\n\n<h3 class=\"wp-block-heading\">Taras w bloku: prywatno\u015b\u0107, funkcjonalno\u015b\u0107 i styl na ograniczonej powierzchni<\/h3>\n\n\n\n<p>Taras w bloku, cho\u0107 cz\u0119sto niewielki, mo\u017ce sta\u0107 si\u0119 <strong>Twoj\u0105 prywatn\u0105 oaz\u0105 spokoju<\/strong>. Kluczem jest dobre planowanie i pomys\u0142owo\u015b\u0107. Nawet kilka metr\u00f3w kwadratowych mo\u017ce zamieni\u0107 si\u0119 w funkcjonalne i stylowe miejsce do wypoczynku.<\/p>\n\n\n\n<p><strong>Aran\u017cacja tarasu w bloku<\/strong> mo\u017ce przybra\u0107 r\u00f3\u017cne formy \u2013 od nowoczesnego minimalizmu, przez styl boho z makramami i poduszkami, a\u017c po rustykalne klimaty z drewnianymi dodatkami. Wybieraj\u0105c meble, warto postawi\u0107 na:<\/p>\n\n\n\n<ul class=\"wp-block-list\">\n<li><strong>Sk\u0142adane lub wielofunkcyjne modele<\/strong> \u2013 \u0142atwe do przechowywania i nieprzyt\u0142aczaj\u0105ce przestrzeni.<\/li>\n\n\n\n<li><strong>Odporno\u015b\u0107 na warunki atmosferyczne<\/strong> \u2013 szczeg\u00f3lnie wa\u017cna przy ekspozycji na deszcz i s\u0142o\u0144ce.<\/li>\n\n\n\n<li><strong>Neutralne kolory i lekkie formy<\/strong> \u2013 kt\u00f3re optycznie powi\u0119kszaj\u0105 przestrze\u0144.<\/li>\n<\/ul>\n\n\n\n<p>Warto r\u00f3wnie\u017c zadba\u0107 o dodatki, kt\u00f3re zwi\u0119ksz\u0105 komfort i estetyk\u0119:<\/p>\n\n\n\n<ul class=\"wp-block-list\">\n<li><strong>Parawan lub roleta<\/strong> \u2013 dla wi\u0119kszej prywatno\u015bci.<\/li>\n\n\n\n<li><strong>Ro\u015bliny w donicach<\/strong> \u2013 wprowadzaj\u0105 ziele\u0144 i przytulno\u015b\u0107.<\/li>\n\n\n\n<li><strong>Mi\u0119kkie poduszki i koce<\/strong> \u2013 dodaj\u0105 komfortu i stylu.<\/li>\n\n\n\n<li><strong>O\u015bwietlenie solarne<\/strong> \u2013 praktyczne i dekoracyjne.<\/li>\n<\/ul>\n\n\n\n<p><strong>Nawet niewielki taras w bloku mo\u017ce sta\u0107 si\u0119 miejscem, do kt\u00f3rego z rado\u015bci\u0105 wracasz ka\u017cdego dnia<\/strong>. Bo liczy si\u0119 nie metra\u017c, a pomys\u0142 i serce w\u0142o\u017cone w aran\u017cacj\u0119.<\/p>\n\n\n\n<figure class=\"wp-block-image size-full\"><a href=\"https:\/\/proplo.pl\/profile\/interiera\/projekt\/ogrod-zimowy-1402\"><img loading=\"lazy\" decoding=\"async\" width=\"1200\" height=\"800\" src=\"https:\/\/proplo.pl\/blog\/wp-content\/uploads\/2025\/08\/taraz-aranzacja.png\" alt=\"Wn\u0119trze balkonu w stylu japandi i minimalistycznym z wisz\u0105cym fotelem oraz ro\u015blinami.\" class=\"wp-image-1242\" srcset=\"https:\/\/proplo.pl\/blog\/wp-content\/uploads\/2025\/08\/taraz-aranzacja.png 1200w, https:\/\/proplo.pl\/blog\/wp-content\/uploads\/2025\/08\/taraz-aranzacja-300x200.png 300w, https:\/\/proplo.pl\/blog\/wp-content\/uploads\/2025\/08\/taraz-aranzacja-768x512.png 768w, https:\/\/proplo.pl\/blog\/wp-content\/uploads\/2025\/08\/taraz-aranzacja-1024x683.png 1024w, https:\/\/proplo.pl\/blog\/wp-content\/uploads\/2025\/08\/taraz-aranzacja-480x320.png 480w\" sizes=\"auto, (max-width: 1200px) 100vw, 1200px\" \/><\/a><figcaption class=\"wp-element-caption\">Projekt: <a href=\"https:\/\/proplo.pl\/profile\/interiera\">Interiera<\/a><\/figcaption><\/figure>\n\n\n\n<h2 class=\"wp-block-heading\">Inspiracje i pomys\u0142y na aran\u017cacj\u0119 tarasu<\/h2>\n\n\n\n<p>Marzysz o idealnym tarasie? \u015awietnie trafi\u0142e\u015b. Stworzenie <strong>wymarzonej aran\u017cacji tarasu<\/strong> to nie tylko przyjemno\u015b\u0107, ale te\u017c ma\u0142e wyzwanie. Zanim przyst\u0105pisz do dzia\u0142ania, warto przemy\u015ble\u0107 kilka kluczowych kwestii. Inspiracje znajdziesz wsz\u0119dzie \u2013 w naturze, na Instagramie, w katalogach wn\u0119trzarskich. Najciekawsze <strong>aran\u017cacje taras\u00f3w<\/strong> cz\u0119sto \u0142\u0105cz\u0105 r\u00f3\u017cne style \u2013 od surowej nowoczesno\u015bci po swobodny, boho luz.<\/p>\n\n\n\n<p><strong>Efekt? Przestrze\u0144, kt\u00f3ra nie tylko wygl\u0105da, ale i \u017cyje.<\/strong><\/p>\n\n\n\n<p>Co decyduje o sukcesie? <strong>Kompleksowe rozwi\u0105zania aran\u017cacyjne<\/strong>, kt\u00f3re \u0142\u0105cz\u0105 estetyk\u0119 z funkcjonalno\u015bci\u0105. To nie tylko kolory i dodatki, ale przede wszystkim <strong>materia\u0142y odporne na warunki atmosferyczne<\/strong>. Wybieraj to, co nie tylko cieszy oko, ale te\u017c sprawdza si\u0119 na co dzie\u0144. Czasem wystarczy jedno zdj\u0119cie, by w g\u0142owie zrodzi\u0142 si\u0119 ca\u0142y projekt.<\/p>\n\n\n\n<p>A Ty? Jak wyobra\u017casz sobie sw\u00f3j taras? Mo\u017ce to b\u0119dzie zielony zak\u0105tek z drewnian\u0105 pod\u0142og\u0105 i bujn\u0105 ro\u015blinno\u015bci\u0105? A mo\u017ce elegancka strefa relaksu z designerskimi meblami i nastrojowym \u015bwiat\u0142em? <strong>Niezale\u017cnie od wizji, pami\u0119taj \u2013 aran\u017cacja tarasu to proces tw\u00f3rczy. To Twoje miejsce. Ma by\u0107 pi\u0119kne, wygodne i&#8230; po prostu Twoje.<\/strong><\/p>\n\n\n\n<h3 class=\"wp-block-heading\">Jak urz\u0105dzi\u0107 taras zgodnie z w\u0142asnym stylem \u017cycia<\/h3>\n\n\n\n<p>Tw\u00f3j taras powinien by\u0107 jak Ty \u2013 niepowtarzalny. Urz\u0105dzaj\u0105c go, kieruj si\u0119 tym, jak \u017cyjesz. <strong>Stylowy taras<\/strong> to nie kwestia mody, ale dopasowania do codzienno\u015bci. Lubisz minimalizm? Postaw na proste formy i stonowane barwy. A mo\u017ce kochasz eklektyzm? Wtedy miksuj kolory, faktury i dodatki. Drewno, beton, mi\u0119kkie poduchy, donice z zio\u0142ami \u2013 wszystko zale\u017cy od Ciebie.<\/p>\n\n\n\n<p>Zanim zaczniesz, zadaj sobie kilka pyta\u0144:<\/p>\n\n\n\n<ul class=\"wp-block-list\">\n<li><strong>Do czego ma s\u0142u\u017cy\u0107 ta przestrze\u0144?<\/strong> \u2013 poranna kawa, spotkania z przyjaci\u00f3\u0142mi, a mo\u017ce praca na \u015bwie\u017cym powietrzu?<\/li>\n\n\n\n<li><strong>Jakie funkcje ma spe\u0142nia\u0107 taras?<\/strong> \u2013 relaks, rozrywka, ogr\u00f3d w donicach?<\/li>\n\n\n\n<li><strong>Jakie materia\u0142y i kolory najlepiej oddaj\u0105 Tw\u00f3j styl?<\/strong><\/li>\n\n\n\n<li><strong>Czy taras ma by\u0107 sp\u00f3jny z wn\u0119trzem domu?<\/strong><\/li>\n<\/ul>\n\n\n\n<p><strong>Taras to nie tylko dodatek \u2013 to przed\u0142u\u017cenie Twojego domu, cz\u0119\u015b\u0107 Twojego rytmu dnia.<\/strong> Warto, by by\u0142 sp\u00f3jny z reszt\u0105 wn\u0119trza i Twoimi potrzebami.<\/p>\n\n\n\n<h3 class=\"wp-block-heading\">Praktyczne rozwi\u0105zania i gotowe projekty aran\u017cacji<\/h3>\n\n\n\n<p>Nie masz czasu na d\u0142ugie planowanie? Bez obaw. Istniej\u0105 sposoby, by urz\u0105dzi\u0107 taras szybko i z g\u0142ow\u0105. Postaw na <strong>praktyczne rozwi\u0105zania<\/strong> i gotowe projekty. Dobry <strong>projekt tarasu<\/strong> to taki, kt\u00f3ry \u0142\u0105czy styl z funkcj\u0105 \u2013 od ustawienia mebli, przez wyb\u00f3r ro\u015blin, a\u017c po o\u015bwietlenie i dodatki.<\/p>\n\n\n\n<p><strong>W praktyce warto postawi\u0107 na:<\/strong><\/p>\n\n\n\n<ul class=\"wp-block-list\">\n<li><strong>Trwa\u0142e materia\u0142y<\/strong> \u2013 drewno egzotyczne, kompozyt, aluminium \u2013 odporne na zmienne warunki atmosferyczne.<\/li>\n\n\n\n<li><strong>Funkcjonalne meble<\/strong> \u2013 wygodne, \u0142atwe w utrzymaniu, odporne na deszcz.<\/li>\n\n\n\n<li><strong>Dodatki<\/strong> \u2013 lampiony, poduszki, donice \u2013 podkre\u015blaj\u0105ce charakter miejsca.<\/li>\n\n\n\n<li><strong>O\u015bwietlenie<\/strong> \u2013 praktyczne i nastrojowe, kt\u00f3re tworzy klimat.<\/li>\n<\/ul>\n\n\n\n<p><strong>Gotowe projekty<\/strong> to \u015bwietny punkt wyj\u015bcia. Mo\u017cesz je potraktowa\u0107 jako inspiracj\u0119 i dostosowa\u0107 do w\u0142asnych potrzeb. Dzi\u0119ki nim wszystko idzie szybciej, a efekt ko\u0144cowy jest bardziej przewidywalny. <strong>I \u2013 co najwa\u017cniejsze \u2013 naprawd\u0119 cieszy oko i dusz\u0119.<\/strong><\/p>\n\n\n\n<h3 class=\"wp-block-heading\">Najnowsze trendy w aran\u017cacjach taras\u00f3w na 2025 rok<\/h3>\n\n\n\n<p>Co przynosi 2025 rok? <strong>\u015awie\u017ce podej\u015bcie do aran\u017cacji taras\u00f3w<\/strong>. Na topie s\u0105 prostota, nowoczesno\u015b\u0107 i materia\u0142y przyjazne \u015brodowisku. <strong>Nowoczesne aran\u017cacje tarasu<\/strong> stawiaj\u0105 na minimalizm, stonowan\u0105 palet\u0119 barw i rozwi\u0105zania techniczne, kt\u00f3re \u0142\u0105cz\u0105 estetyk\u0119 z trwa\u0142o\u015bci\u0105.<\/p>\n\n\n\n<p><strong>Najmodniejsze materia\u0142y i elementy w 2025 roku:<\/strong><\/p>\n\n\n\n<ul class=\"wp-block-list\">\n<li><strong>Deski kompozytowe<\/strong> \u2013 trwa\u0142e, \u0142atwe w piel\u0119gnacji, estetyczne.<\/li>\n\n\n\n<li><strong>P\u0142yty betonowe<\/strong> \u2013 surowe, nowoczesne, odporne na warunki atmosferyczne.<\/li>\n\n\n\n<li><strong>Aluminium<\/strong> \u2013 lekkie, trwa\u0142e, nowoczesne.<\/li>\n\n\n\n<li><strong>Meble z technorattanu<\/strong> \u2013 lekkie, solidne, odporne na wilgo\u0107.<\/li>\n\n\n\n<li><strong>Zewn\u0119trzne dywany<\/strong> \u2013 dodaj\u0105 przytulno\u015bci i stylu.<\/li>\n\n\n\n<li><strong>O\u015bwietlenie<\/strong> \u2013 lampy solarne, girlandy LED, kinkiety z czujnikiem ruchu.<\/li>\n<\/ul>\n\n\n\n<p><strong>Styl nowoczesny to dzi\u015b co\u015b wi\u0119cej ni\u017c tylko wygl\u0105d.<\/strong> To \u015bwiadomy wyb\u00f3r \u2013 trwa\u0142y, funkcjonalny i ekologiczny. Ale co dalej? Czy surowe formy i techniczne materia\u0142y nadal b\u0119d\u0105 dominowa\u0107? A mo\u017ce wr\u00f3ci moda na natur\u0119, r\u0119kodzie\u0142o i ciep\u0142e kolory?<\/p>\n\n\n\n<p><strong>Jedno jest pewne \u2013 taras to ju\u017c nie tylko zewn\u0119trzna pod\u0142oga. To przestrze\u0144 \u017cycia. Miejsce spotka\u0144, odpoczynku, pracy.<\/strong> Dlatego warto \u015bledzi\u0107 trendy i wybiera\u0107 te, kt\u00f3re najlepiej oddaj\u0105 Tw\u00f3j styl.<audio autoplay=\"\"><\/audio><audio autoplay=\"\"><\/audio><\/p>\n\n\n\n<hr class=\"wp-block-separator has-alpha-channel-opacity\"\/>\n\n\n\n<p><strong>\u0179r\u00f3d\u0142a:<\/strong><\/p>\n\n\n<ol class=\"wp-block-footnotes\"><li id=\"6652f739-0e34-44ae-9746-ed52473f4009\"><a href=\"https:\/\/www.wsj.com\/style\/design\/the-right-way-to-lay-out-your-patio-steal-the-formulas-designers-rely-on-2ff7a2fc\">https:\/\/www.wsj.com\/style\/design\/the-right-way-to-lay-out-your-patio-steal-the-formulas-designers-rely-on-2ff7a2fc<\/a> <a href=\"#6652f739-0e34-44ae-9746-ed52473f4009-link\" aria-label=\"Przejd\u017a do przypisu 1\">\u21a9\ufe0e<\/a><\/li><\/ol>\n\n\n<p><\/p>\n","protected":false},"excerpt":{"rendered":"<p>Odkryj, jak urz\u0105dzi\u0107 taras marze\u0144 \u2013 od stylu skandynawskiego po boho i rustykalny. Sprawd\u017a pomys\u0142y na meble, o\u015bwietlenie i ro\u015bliny!<\/p>\n","protected":false},"author":3,"featured_media":1239,"comment_status":"open","ping_status":"open","sticky":false,"template":"","format":"standard","meta":{"footnotes":"[{\"content\":\"<a href=\\\"https:\/\/www.wsj.com\/style\/design\/the-right-way-to-lay-out-your-patio-steal-the-formulas-designers-rely-on-2ff7a2fc\\\">https:\/\/www.wsj.com\/style\/design\/the-right-way-to-lay-out-your-patio-steal-the-formulas-designers-rely-on-2ff7a2fc<\/a>\",\"id\":\"6652f739-0e34-44ae-9746-ed52473f4009\"}]"},"categories":[15],"tags":[],"class_list":["post-1208","post","type-post","status-publish","format-standard","has-post-thumbnail","hentry","category-inne"],"acf":[],"yoast_head":"<!-- This site is optimized with the Yoast SEO plugin v27.5 - https:\/\/yoast.com\/product\/yoast-seo-wordpress\/ -->\n<title>Aran\u017cacje tarasu - Twoja strefa relaksu - Proplo<\/title>\n<meta name=\"description\" content=\"Odkryj, jak urz\u0105dzi\u0107 taras marze\u0144 \u2013 od stylu skandynawskiego po boho i rustykalny. Sprawd\u017a pomys\u0142y na meble, o\u015bwietlenie i ro\u015bliny!\" \/>\n<meta name=\"robots\" content=\"index, follow, max-snippet:-1, max-image-preview:large, max-video-preview:-1\" \/>\n<link rel=\"canonical\" href=\"https:\/\/proplo.pl\/blog\/aranzacje-tarasu\/\" \/>\n<meta property=\"og:locale\" content=\"pl_PL\" \/>\n<meta property=\"og:type\" content=\"article\" \/>\n<meta property=\"og:title\" content=\"Aran\u017cacje tarasu - Twoja strefa relaksu - Proplo\" \/>\n<meta property=\"og:description\" content=\"Odkryj, jak urz\u0105dzi\u0107 taras marze\u0144 \u2013 od stylu skandynawskiego po boho i rustykalny. Sprawd\u017a pomys\u0142y na meble, o\u015bwietlenie i ro\u015bliny!\" \/>\n<meta property=\"og:url\" content=\"https:\/\/proplo.pl\/blog\/aranzacje-tarasu\/\" \/>\n<meta property=\"og:site_name\" content=\"Poradnik wn\u0119trzarski - Proplo\" \/>\n<meta property=\"article:published_time\" content=\"2025-08-20T08:34:20+00:00\" \/>\n<meta property=\"article:modified_time\" content=\"2025-08-20T08:34:21+00:00\" \/>\n<meta property=\"og:image\" content=\"https:\/\/proplo.pl\/blog\/wp-content\/uploads\/2025\/08\/aranzacja-tarasu.png\" \/>\n\t<meta property=\"og:image:width\" content=\"1200\" \/>\n\t<meta property=\"og:image:height\" content=\"800\" \/>\n\t<meta property=\"og:image:type\" content=\"image\/png\" \/>\n<meta name=\"author\" content=\"Proplo\" \/>\n<meta name=\"twitter:card\" content=\"summary_large_image\" \/>\n<meta name=\"twitter:label1\" content=\"Napisane przez\" \/>\n\t<meta name=\"twitter:data1\" content=\"Proplo\" \/>\n\t<meta name=\"twitter:label2\" content=\"Szacowany czas czytania\" \/>\n\t<meta name=\"twitter:data2\" content=\"20 minut\" \/>\n<script type=\"application\/ld+json\" class=\"yoast-schema-graph\">{\"@context\":\"https:\\\/\\\/schema.org\",\"@graph\":[{\"@type\":\"Article\",\"@id\":\"https:\\\/\\\/proplo.pl\\\/blog\\\/aranzacje-tarasu\\\/#article\",\"isPartOf\":{\"@id\":\"https:\\\/\\\/proplo.pl\\\/blog\\\/aranzacje-tarasu\\\/\"},\"author\":{\"name\":\"Proplo\",\"@id\":\"https:\\\/\\\/proplo.pl\\\/blog\\\/#\\\/schema\\\/person\\\/c13af99097d24e9fc2b86b838c0fd0e1\"},\"headline\":\"Aran\u017cacje tarasu &#8211; Twoja strefa relaksu\",\"datePublished\":\"2025-08-20T08:34:20+00:00\",\"dateModified\":\"2025-08-20T08:34:21+00:00\",\"mainEntityOfPage\":{\"@id\":\"https:\\\/\\\/proplo.pl\\\/blog\\\/aranzacje-tarasu\\\/\"},\"wordCount\":3668,\"commentCount\":0,\"image\":{\"@id\":\"https:\\\/\\\/proplo.pl\\\/blog\\\/aranzacje-tarasu\\\/#primaryimage\"},\"thumbnailUrl\":\"https:\\\/\\\/proplo.pl\\\/blog\\\/wp-content\\\/uploads\\\/2025\\\/08\\\/aranzacja-tarasu.png\",\"articleSection\":[\"Inne\"],\"inLanguage\":\"pl-PL\",\"potentialAction\":[{\"@type\":\"CommentAction\",\"name\":\"Comment\",\"target\":[\"https:\\\/\\\/proplo.pl\\\/blog\\\/aranzacje-tarasu\\\/#respond\"]}]},{\"@type\":\"WebPage\",\"@id\":\"https:\\\/\\\/proplo.pl\\\/blog\\\/aranzacje-tarasu\\\/\",\"url\":\"https:\\\/\\\/proplo.pl\\\/blog\\\/aranzacje-tarasu\\\/\",\"name\":\"Aran\u017cacje tarasu - Twoja strefa relaksu - Proplo\",\"isPartOf\":{\"@id\":\"https:\\\/\\\/proplo.pl\\\/blog\\\/#website\"},\"primaryImageOfPage\":{\"@id\":\"https:\\\/\\\/proplo.pl\\\/blog\\\/aranzacje-tarasu\\\/#primaryimage\"},\"image\":{\"@id\":\"https:\\\/\\\/proplo.pl\\\/blog\\\/aranzacje-tarasu\\\/#primaryimage\"},\"thumbnailUrl\":\"https:\\\/\\\/proplo.pl\\\/blog\\\/wp-content\\\/uploads\\\/2025\\\/08\\\/aranzacja-tarasu.png\",\"datePublished\":\"2025-08-20T08:34:20+00:00\",\"dateModified\":\"2025-08-20T08:34:21+00:00\",\"author\":{\"@id\":\"https:\\\/\\\/proplo.pl\\\/blog\\\/#\\\/schema\\\/person\\\/c13af99097d24e9fc2b86b838c0fd0e1\"},\"description\":\"Odkryj, jak urz\u0105dzi\u0107 taras marze\u0144 \u2013 od stylu skandynawskiego po boho i rustykalny. Sprawd\u017a pomys\u0142y na meble, o\u015bwietlenie i ro\u015bliny!\",\"breadcrumb\":{\"@id\":\"https:\\\/\\\/proplo.pl\\\/blog\\\/aranzacje-tarasu\\\/#breadcrumb\"},\"inLanguage\":\"pl-PL\",\"potentialAction\":[{\"@type\":\"ReadAction\",\"target\":[\"https:\\\/\\\/proplo.pl\\\/blog\\\/aranzacje-tarasu\\\/\"]}]},{\"@type\":\"ImageObject\",\"inLanguage\":\"pl-PL\",\"@id\":\"https:\\\/\\\/proplo.pl\\\/blog\\\/aranzacje-tarasu\\\/#primaryimage\",\"url\":\"https:\\\/\\\/proplo.pl\\\/blog\\\/wp-content\\\/uploads\\\/2025\\\/08\\\/aranzacja-tarasu.png\",\"contentUrl\":\"https:\\\/\\\/proplo.pl\\\/blog\\\/wp-content\\\/uploads\\\/2025\\\/08\\\/aranzacja-tarasu.png\",\"width\":1200,\"height\":800,\"caption\":\"Eklektyczne wn\u0119trze salonu z zielonymi ro\u015blinami i drewnianymi meblami.\"},{\"@type\":\"BreadcrumbList\",\"@id\":\"https:\\\/\\\/proplo.pl\\\/blog\\\/aranzacje-tarasu\\\/#breadcrumb\",\"itemListElement\":[{\"@type\":\"ListItem\",\"position\":1,\"name\":\"Proplo\",\"item\":\"https:\\\/\\\/proplo.pl\"},{\"@type\":\"ListItem\",\"position\":2,\"name\":\"Poradnik wn\u0119trzarski\",\"item\":\"https:\\\/\\\/proplo.pl\\\/blog\\\/\"},{\"@type\":\"ListItem\",\"position\":3,\"name\":\"Aran\u017cacje tarasu &#8211; Twoja strefa relaksu\"}]},{\"@type\":\"WebSite\",\"@id\":\"https:\\\/\\\/proplo.pl\\\/blog\\\/#website\",\"url\":\"https:\\\/\\\/proplo.pl\\\/blog\\\/\",\"name\":\"Blog Proplo\",\"description\":\"\",\"potentialAction\":[{\"@type\":\"SearchAction\",\"target\":{\"@type\":\"EntryPoint\",\"urlTemplate\":\"https:\\\/\\\/proplo.pl\\\/blog\\\/?s={search_term_string}\"},\"query-input\":{\"@type\":\"PropertyValueSpecification\",\"valueRequired\":true,\"valueName\":\"search_term_string\"}}],\"inLanguage\":\"pl-PL\"},{\"@type\":\"Person\",\"@id\":\"https:\\\/\\\/proplo.pl\\\/blog\\\/#\\\/schema\\\/person\\\/c13af99097d24e9fc2b86b838c0fd0e1\",\"name\":\"Proplo\",\"image\":{\"@type\":\"ImageObject\",\"inLanguage\":\"pl-PL\",\"@id\":\"https:\\\/\\\/secure.gravatar.com\\\/avatar\\\/176f908138148facd74b7d78fc677b53b24a54b63aacd8fc4e81a4da926e5f28?s=96&d=mm&r=g\",\"url\":\"https:\\\/\\\/secure.gravatar.com\\\/avatar\\\/176f908138148facd74b7d78fc677b53b24a54b63aacd8fc4e81a4da926e5f28?s=96&d=mm&r=g\",\"contentUrl\":\"https:\\\/\\\/secure.gravatar.com\\\/avatar\\\/176f908138148facd74b7d78fc677b53b24a54b63aacd8fc4e81a4da926e5f28?s=96&d=mm&r=g\",\"caption\":\"Proplo\"},\"url\":\"https:\\\/\\\/proplo.pl\\\/blog\\\/author\\\/r-marciniak\\\/\"}]}<\/script>\n<!-- \/ Yoast SEO plugin. -->","yoast_head_json":{"title":"Aran\u017cacje tarasu - Twoja strefa relaksu - Proplo","description":"Odkryj, jak urz\u0105dzi\u0107 taras marze\u0144 \u2013 od stylu skandynawskiego po boho i rustykalny. Sprawd\u017a pomys\u0142y na meble, o\u015bwietlenie i ro\u015bliny!","robots":{"index":"index","follow":"follow","max-snippet":"max-snippet:-1","max-image-preview":"max-image-preview:large","max-video-preview":"max-video-preview:-1"},"canonical":"https:\/\/proplo.pl\/blog\/aranzacje-tarasu\/","og_locale":"pl_PL","og_type":"article","og_title":"Aran\u017cacje tarasu - Twoja strefa relaksu - Proplo","og_description":"Odkryj, jak urz\u0105dzi\u0107 taras marze\u0144 \u2013 od stylu skandynawskiego po boho i rustykalny. Sprawd\u017a pomys\u0142y na meble, o\u015bwietlenie i ro\u015bliny!","og_url":"https:\/\/proplo.pl\/blog\/aranzacje-tarasu\/","og_site_name":"Poradnik wn\u0119trzarski - Proplo","article_published_time":"2025-08-20T08:34:20+00:00","article_modified_time":"2025-08-20T08:34:21+00:00","og_image":[{"width":1200,"height":800,"url":"https:\/\/proplo.pl\/blog\/wp-content\/uploads\/2025\/08\/aranzacja-tarasu.png","type":"image\/png"}],"author":"Proplo","twitter_card":"summary_large_image","twitter_misc":{"Napisane przez":"Proplo","Szacowany czas czytania":"20 minut"},"schema":{"@context":"https:\/\/schema.org","@graph":[{"@type":"Article","@id":"https:\/\/proplo.pl\/blog\/aranzacje-tarasu\/#article","isPartOf":{"@id":"https:\/\/proplo.pl\/blog\/aranzacje-tarasu\/"},"author":{"name":"Proplo","@id":"https:\/\/proplo.pl\/blog\/#\/schema\/person\/c13af99097d24e9fc2b86b838c0fd0e1"},"headline":"Aran\u017cacje tarasu &#8211; Twoja strefa relaksu","datePublished":"2025-08-20T08:34:20+00:00","dateModified":"2025-08-20T08:34:21+00:00","mainEntityOfPage":{"@id":"https:\/\/proplo.pl\/blog\/aranzacje-tarasu\/"},"wordCount":3668,"commentCount":0,"image":{"@id":"https:\/\/proplo.pl\/blog\/aranzacje-tarasu\/#primaryimage"},"thumbnailUrl":"https:\/\/proplo.pl\/blog\/wp-content\/uploads\/2025\/08\/aranzacja-tarasu.png","articleSection":["Inne"],"inLanguage":"pl-PL","potentialAction":[{"@type":"CommentAction","name":"Comment","target":["https:\/\/proplo.pl\/blog\/aranzacje-tarasu\/#respond"]}]},{"@type":"WebPage","@id":"https:\/\/proplo.pl\/blog\/aranzacje-tarasu\/","url":"https:\/\/proplo.pl\/blog\/aranzacje-tarasu\/","name":"Aran\u017cacje tarasu - Twoja strefa relaksu - Proplo","isPartOf":{"@id":"https:\/\/proplo.pl\/blog\/#website"},"primaryImageOfPage":{"@id":"https:\/\/proplo.pl\/blog\/aranzacje-tarasu\/#primaryimage"},"image":{"@id":"https:\/\/proplo.pl\/blog\/aranzacje-tarasu\/#primaryimage"},"thumbnailUrl":"https:\/\/proplo.pl\/blog\/wp-content\/uploads\/2025\/08\/aranzacja-tarasu.png","datePublished":"2025-08-20T08:34:20+00:00","dateModified":"2025-08-20T08:34:21+00:00","author":{"@id":"https:\/\/proplo.pl\/blog\/#\/schema\/person\/c13af99097d24e9fc2b86b838c0fd0e1"},"description":"Odkryj, jak urz\u0105dzi\u0107 taras marze\u0144 \u2013 od stylu skandynawskiego po boho i rustykalny. Sprawd\u017a pomys\u0142y na meble, o\u015bwietlenie i ro\u015bliny!","breadcrumb":{"@id":"https:\/\/proplo.pl\/blog\/aranzacje-tarasu\/#breadcrumb"},"inLanguage":"pl-PL","potentialAction":[{"@type":"ReadAction","target":["https:\/\/proplo.pl\/blog\/aranzacje-tarasu\/"]}]},{"@type":"ImageObject","inLanguage":"pl-PL","@id":"https:\/\/proplo.pl\/blog\/aranzacje-tarasu\/#primaryimage","url":"https:\/\/proplo.pl\/blog\/wp-content\/uploads\/2025\/08\/aranzacja-tarasu.png","contentUrl":"https:\/\/proplo.pl\/blog\/wp-content\/uploads\/2025\/08\/aranzacja-tarasu.png","width":1200,"height":800,"caption":"Eklektyczne wn\u0119trze salonu z zielonymi ro\u015blinami i drewnianymi meblami."},{"@type":"BreadcrumbList","@id":"https:\/\/proplo.pl\/blog\/aranzacje-tarasu\/#breadcrumb","itemListElement":[{"@type":"ListItem","position":1,"name":"Proplo","item":"https:\/\/proplo.pl"},{"@type":"ListItem","position":2,"name":"Poradnik wn\u0119trzarski","item":"https:\/\/proplo.pl\/blog\/"},{"@type":"ListItem","position":3,"name":"Aran\u017cacje tarasu &#8211; Twoja strefa relaksu"}]},{"@type":"WebSite","@id":"https:\/\/proplo.pl\/blog\/#website","url":"https:\/\/proplo.pl\/blog\/","name":"Blog Proplo","description":"","potentialAction":[{"@type":"SearchAction","target":{"@type":"EntryPoint","urlTemplate":"https:\/\/proplo.pl\/blog\/?s={search_term_string}"},"query-input":{"@type":"PropertyValueSpecification","valueRequired":true,"valueName":"search_term_string"}}],"inLanguage":"pl-PL"},{"@type":"Person","@id":"https:\/\/proplo.pl\/blog\/#\/schema\/person\/c13af99097d24e9fc2b86b838c0fd0e1","name":"Proplo","image":{"@type":"ImageObject","inLanguage":"pl-PL","@id":"https:\/\/secure.gravatar.com\/avatar\/176f908138148facd74b7d78fc677b53b24a54b63aacd8fc4e81a4da926e5f28?s=96&d=mm&r=g","url":"https:\/\/secure.gravatar.com\/avatar\/176f908138148facd74b7d78fc677b53b24a54b63aacd8fc4e81a4da926e5f28?s=96&d=mm&r=g","contentUrl":"https:\/\/secure.gravatar.com\/avatar\/176f908138148facd74b7d78fc677b53b24a54b63aacd8fc4e81a4da926e5f28?s=96&d=mm&r=g","caption":"Proplo"},"url":"https:\/\/proplo.pl\/blog\/author\/r-marciniak\/"}]}},"_links":{"self":[{"href":"https:\/\/proplo.pl\/blog\/wp-json\/wp\/v2\/posts\/1208","targetHints":{"allow":["GET"]}}],"collection":[{"href":"https:\/\/proplo.pl\/blog\/wp-json\/wp\/v2\/posts"}],"about":[{"href":"https:\/\/proplo.pl\/blog\/wp-json\/wp\/v2\/types\/post"}],"author":[{"embeddable":true,"href":"https:\/\/proplo.pl\/blog\/wp-json\/wp\/v2\/users\/3"}],"replies":[{"embeddable":true,"href":"https:\/\/proplo.pl\/blog\/wp-json\/wp\/v2\/comments?post=1208"}],"version-history":[{"count":4,"href":"https:\/\/proplo.pl\/blog\/wp-json\/wp\/v2\/posts\/1208\/revisions"}],"predecessor-version":[{"id":1244,"href":"https:\/\/proplo.pl\/blog\/wp-json\/wp\/v2\/posts\/1208\/revisions\/1244"}],"wp:featuredmedia":[{"embeddable":true,"href":"https:\/\/proplo.pl\/blog\/wp-json\/wp\/v2\/media\/1239"}],"wp:attachment":[{"href":"https:\/\/proplo.pl\/blog\/wp-json\/wp\/v2\/media?parent=1208"}],"wp:term":[{"taxonomy":"category","embeddable":true,"href":"https:\/\/proplo.pl\/blog\/wp-json\/wp\/v2\/categories?post=1208"},{"taxonomy":"post_tag","embeddable":true,"href":"https:\/\/proplo.pl\/blog\/wp-json\/wp\/v2\/tags?post=1208"}],"curies":[{"name":"wp","href":"https:\/\/api.w.org\/{rel}","templated":true}]}}