{"id":1201,"date":"2025-08-19T20:26:19","date_gmt":"2025-08-19T19:26:19","guid":{"rendered":"https:\/\/proplo.pl\/blog\/?p=1201"},"modified":"2025-08-19T20:26:20","modified_gmt":"2025-08-19T19:26:20","slug":"jak-urzadzic-pokoj-dla-seniora","status":"publish","type":"post","link":"https:\/\/proplo.pl\/blog\/jak-urzadzic-pokoj-dla-seniora\/","title":{"rendered":"Jak urz\u0105dzi\u0107 praktyczny i modny pok\u00f3j dla seniora?"},"content":{"rendered":"<div class=\"you-find-content\">\r\n    <div class=\"container-xl container-wrapper\">\r\n        <div class=\"row design\">\r\n            <div class=\"col-md-12 wrapper \">\r\n                <div class=\"title\"><p>Z tego artyku\u0142u dowiesz si\u0119:<\/p>\n<\/div>\r\n                <div class=\"grid-wrapper\">\r\n                                                        <div class=\"block-list\">\r\n                        <div class=\"number\">\r\n                            1                        <\/div>\r\n                        <div class=\"text\">\r\n                            <p>Jakie meble, o\u015bwietlenie i materia\u0142y najlepiej wspieraj\u0105 codzienne potrzeby os\u00f3b starszych?<\/p>\n                        <\/div>\r\n                    <\/div>\r\n                                        <div class=\"block-list\">\r\n                        <div class=\"number\">\r\n                            2                        <\/div>\r\n                        <div class=\"text\">\r\n                            <p>Jak ograniczy\u0107 ryzyko upadk\u00f3w i kontuzji dzi\u0119ki prostym rozwi\u0105zaniom aran\u017cacyjnym?<\/p>\n                        <\/div>\r\n                    <\/div>\r\n                                        <div class=\"block-list\">\r\n                        <div class=\"number\">\r\n                            3                        <\/div>\r\n                        <div class=\"text\">\r\n                            <p>W jaki spos\u00f3b odpowiednia przestrze\u0144 wp\u0142ywa na samodzielno\u015b\u0107, nastr\u00f3j i poczucie bezpiecze\u0144stwa seniora?<\/p>\n                        <\/div>\r\n                    <\/div>\r\n                                        <div class=\"block-list\">\r\n                        <div class=\"number\">\r\n                            4                        <\/div>\r\n                        <div class=\"text\">\r\n                            <p>Jakie nowoczesne technologie (czujniki, systemy o\u015bwietlenia, \u0142\u00f3\u017cka z regulacj\u0105) mog\u0105 poprawi\u0107 jako\u015b\u0107 \u017cycia os\u00f3b starszych?<\/p>\n                        <\/div>\r\n                    <\/div>\r\n                                                    <\/div>\r\n            <\/div>\r\n        <\/div>\r\n    <\/div>\r\n<\/div>\n\n\n<p><strong>Aran\u017cacja pokoju dla seniora<\/strong> to nie tylko kwestia estetyki \u2014 to przede wszystkim umiej\u0119tne po\u0142\u0105czenie <strong>komfortu, bezpiecze\u0144stwa i funkcjonalno\u015bci<\/strong> w jednej, harmonijnej przestrzeni. Wraz z wiekiem zmieniaj\u0105 si\u0119 nasze potrzeby, dlatego to, co kiedy\u015b by\u0142o wygodne, dzi\u015b mo\u017ce ju\u017c nie spe\u0142nia\u0107 swojej roli.<\/p>\n\n\n\n<p>Dlatego tak wa\u017cne jest, aby przestrze\u0144, w kt\u00f3rej mieszka osoba starsza, by\u0142a nie tylko przyjemna wizualnie, ale przede wszystkim <strong>dostosowana do codziennych wyzwa\u0144 i ogranicze\u0144 wynikaj\u0105cych z wieku<\/strong>.<\/p>\n\n\n\n<p>Brzmi skomplikowanie? Mo\u017ce troch\u0119. Ale spokojnie \u2014 <strong>da si\u0119 to wszystko po\u0142\u0105czy\u0107<\/strong>. Czy mo\u017cna stworzy\u0107 wn\u0119trze, kt\u00f3re b\u0119dzie modne, a jednocze\u015bnie praktyczne i dopasowane do indywidualnych potrzeb seniora? <strong>Oczywi\u015bcie!<\/strong> Wystarczy zwr\u00f3ci\u0107 uwag\u0119 na kilka kluczowych aspekt\u00f3w.<\/p>\n\n\n\n<p><strong>Najwa\u017cniejsze elementy, kt\u00f3re warto uwzgl\u0119dni\u0107 przy urz\u0105dzaniu pokoju dla seniora:<\/strong><\/p>\n\n\n\n<ul class=\"wp-block-list\">\n<li><strong>Odpowiednie o\u015bwietlenie<\/strong> \u2014 rozmieszczone tak, by nie m\u0119czy\u0107 wzroku i u\u0142atwia\u0107 poruszanie si\u0119 po zmroku. Warto postawi\u0107 na lampy z regulacj\u0105 nat\u0119\u017cenia \u015bwiat\u0142a oraz o\u015bwietlenie nocne.<\/li>\n\n\n\n<li><strong>Ergonomiczne meble<\/strong> \u2014 fotele i \u0142\u00f3\u017cka z odpowiednim podparciem, krzes\u0142a z pod\u0142okietnikami, stoliki na odpowiedniej wysoko\u015bci. Wszystko po to, by wspiera\u0107 cia\u0142o i u\u0142atwia\u0107 codzienne czynno\u015bci.<\/li>\n\n\n\n<li><strong>Bezpieczna przestrze\u0144<\/strong> \u2014 brak prog\u00f3w, \u015bliskich dywan\u00f3w i innych przeszk\u00f3d, kt\u00f3re mog\u0142yby zwi\u0119ksza\u0107 ryzyko potkni\u0119cia si\u0119 lub upadku.<\/li>\n\n\n\n<li><strong>\u0141atwy dost\u0119p do najpotrzebniejszych rzeczy<\/strong> \u2014 szafki i p\u00f3\u0142ki na odpowiedniej wysoko\u015bci, bez konieczno\u015bci schylania si\u0119 lub wspinania.<\/li>\n<\/ul>\n\n\n\n<p><strong>Dobrze zaprojektowana przestrze\u0144 mo\u017ce znacz\u0105co poprawi\u0107 jako\u015b\u0107 \u017cycia seniora<\/strong>. Mo\u017ce wp\u0142yn\u0105\u0107 pozytywnie na nastr\u00f3j, zwi\u0119kszy\u0107 samodzielno\u015b\u0107 i sprawi\u0107, \u017ce codzienne funkcjonowanie stanie si\u0119 po prostu \u0142atwiejsze. A przy okazji? <strong>Mo\u017ce wygl\u0105da\u0107 naprawd\u0119 stylowo<\/strong>.<\/p>\n\n\n\n<h2 class=\"wp-block-heading\">Zrozumienie potrzeb seniora<\/h2>\n\n\n\n<p>Wraz ze starzeniem si\u0119 spo\u0142ecze\u0144stwa ro\u015bnie znaczenie \u015bwiadomego projektowania przestrzeni \u017cyciowej z my\u015bl\u0105 o osobach starszych. <strong>Zrozumienie potrzeb seniora<\/strong> to nie tylko kwestia komfortu \u2014 to przede wszystkim troska o <strong>bezpiecze\u0144stwo, samodzielno\u015b\u0107 i codzienne dobre samopoczucie<\/strong>.<\/p>\n\n\n\n<p>Przestrze\u0144, w kt\u00f3rej seniorzy sp\u0119dzaj\u0105 wi\u0119kszo\u015b\u0107 dnia, powinna by\u0107 nie tylko funkcjonalna, ale r\u00f3wnie\u017c <strong>intuicyjna i dostosowana do zmieniaj\u0105cych si\u0119 mo\u017cliwo\u015bci fizycznych i poznawczych<\/strong>. To w\u0142a\u015bnie od tej \u015bwiadomo\u015bci zaczyna si\u0119 tworzenie wn\u0119trza, kt\u00f3re wspiera codzienne funkcjonowanie i daje poczucie kontroli nad otoczeniem. <strong>Ka\u017cdy z nas chce czu\u0107 si\u0119 u siebie \u2014 bezpiecznie, swobodnie, po prostu dobrze<\/strong>.<\/p>\n\n\n\n<h3 class=\"wp-block-heading\">Jakie s\u0105 kluczowe potrzeby seniora w przestrzeni \u017cyciowej<\/h3>\n\n\n\n<p>Osoby starsze potrzebuj\u0105 przestrzeni, kt\u00f3ra nie tylko u\u0142atwia poruszanie si\u0119, ale te\u017c skutecznie <strong>minimalizuje ryzyko wypadk\u00f3w<\/strong>. <strong>Bezpiecze\u0144stwo i dost\u0119pno\u015b\u0107<\/strong> to dwa filary, na kt\u00f3rych powinna opiera\u0107 si\u0119 ka\u017cda aran\u017cacja wn\u0119trza dla seniora.<\/p>\n\n\n\n<p>Na komfort i bezpiecze\u0144stwo seniora wp\u0142ywaj\u0105 m.in.:<\/p>\n\n\n\n<ul class=\"wp-block-list\">\n<li><strong>Usuni\u0119cie lu\u017anych dywan\u00f3w<\/strong>, kt\u00f3re mog\u0105 si\u0119 przesuwa\u0107 i powodowa\u0107 potkni\u0119cia.<\/li>\n\n\n\n<li><strong>Wymiana niestabilnych mebli<\/strong> na solidne, stabilne modele, kt\u00f3re zapewniaj\u0105 pewne oparcie.<\/li>\n\n\n\n<li><strong>Zastosowanie antypo\u015blizgowych nawierzchni<\/strong> w miejscach nara\u017conych na wilgo\u0107, takich jak \u0142azienka czy kuchnia.<\/li>\n\n\n\n<li><strong>Ergonomiczne rozmieszczenie sprz\u0119t\u00f3w<\/strong>, kt\u00f3re umo\u017cliwia wykonywanie codziennych czynno\u015bci bez konieczno\u015bci schylania si\u0119 czy wspinania.<\/li>\n<\/ul>\n\n\n\n<p>Warto pami\u0119ta\u0107, \u017ce <strong>ka\u017cdy senior ma inne potrzeby<\/strong>. Dla jednych kluczowe b\u0119dzie fizyczne wsparcie, dla innych \u2014 <strong>lepsze o\u015bwietlenie, wyra\u017ane kontrasty kolorystyczne<\/strong> czy <strong>\u0142atwiejsza nawigacja po mieszkaniu<\/strong>. <strong>Indywidualne podej\u015bcie i empatia<\/strong> to fundamenty skutecznego projektowania przestrzeni dla os\u00f3b starszych.<\/p>\n\n\n\n<h3 class=\"wp-block-heading\">Rola samodzielno\u015bci i poczucia bezpiecze\u0144stwa w aran\u017cacji wn\u0119trza<\/h3>\n\n\n\n<p>Projektowanie wn\u0119trza z my\u015bl\u0105 o osobach starszych to nie tylko kwestia estetyki. To przede wszystkim <strong>funkcjonalno\u015b\u0107, kt\u00f3ra wspiera niezale\u017cno\u015b\u0107 i bezpiecze\u0144stwo<\/strong>. Te dwa elementy maj\u0105 ogromny wp\u0142yw na <strong>poczucie godno\u015bci i samowystarczalno\u015bci<\/strong>.<\/p>\n\n\n\n<p>Mo\u017cliwo\u015b\u0107 samodzielnego przygotowania posi\u0142ku, skorzystania z \u0142azienki czy swobodnego poruszania si\u0119 po mieszkaniu to nie luksusy \u2014 to <strong>podstawowe potrzeby, kt\u00f3re buduj\u0105 pewno\u015b\u0107 siebie i daj\u0105 seniorowi poczucie kontroli nad w\u0142asnym \u017cyciem<\/strong>.<\/p>\n\n\n\n<p>W praktyce pomocne okazuj\u0105 si\u0119 takie rozwi\u0105zania jak:<\/p>\n\n\n\n<ul class=\"wp-block-list\">\n<li><strong>Por\u0119cze przy schodach<\/strong> i w ci\u0105gach komunikacyjnych, kt\u00f3re zapewniaj\u0105 stabilno\u015b\u0107.<\/li>\n\n\n\n<li><strong>Uchwyty w \u0142azience<\/strong>, u\u0142atwiaj\u0105ce korzystanie z toalety i prysznica.<\/li>\n\n\n\n<li><strong>Dobrze rozmieszczone punkty \u015bwietlne<\/strong>, eliminuj\u0105ce cienie i poprawiaj\u0105ce widoczno\u015b\u0107, szczeg\u00f3lnie po zmroku.<\/li>\n\n\n\n<li><strong>O\u015bwietlenie z czujnikiem ruchu<\/strong>, kt\u00f3re automatycznie w\u0142\u0105cza si\u0119 w nocy, zwi\u0119kszaj\u0105c bezpiecze\u0144stwo i komfort.<\/li>\n<\/ul>\n\n\n\n<p>Cz\u0119sto to w\u0142a\u015bnie <strong>niewielkie zmiany maj\u0105 najwi\u0119kszy wp\u0142yw na jako\u015b\u0107 \u017cycia<\/strong>. Dobrze zaprojektowana przestrze\u0144 to taka, kt\u00f3ra daje seniorowi nie tylko wygod\u0119, ale przede wszystkim <strong>poczucie bezpiecze\u0144stwa i niezale\u017cno\u015bci<\/strong>. Bo o to w\u0142a\u015bnie chodzi \u2014 <strong>by ka\u017cdy dzie\u0144 by\u0142 \u0142atwiejszy, spokojniejszy i bardziej \u201esw\u00f3j\u201d<\/strong>.<\/p>\n\n\n\n<figure class=\"wp-block-image size-full\"><a href=\"https:\/\/proplo.pl\/profile\/pogotowie-wnetrzarskie\/projekt\/pieknie-dostojnie-z-klasa-i-gustem-1937\"><img loading=\"lazy\" decoding=\"async\" width=\"1200\" height=\"800\" src=\"https:\/\/proplo.pl\/blog\/wp-content\/uploads\/2025\/08\/poko\u0301j-seniora.png\" alt=\"Wn\u0119trze sypialni z bia\u0142\u0105 komod\u0105, telewizorem i zas\u0142onami, styl nowoczesny i tradycyjny.\" class=\"wp-image-1222\" srcset=\"https:\/\/proplo.pl\/blog\/wp-content\/uploads\/2025\/08\/poko\u0301j-seniora.png 1200w, https:\/\/proplo.pl\/blog\/wp-content\/uploads\/2025\/08\/poko\u0301j-seniora-300x200.png 300w, https:\/\/proplo.pl\/blog\/wp-content\/uploads\/2025\/08\/poko\u0301j-seniora-768x512.png 768w, https:\/\/proplo.pl\/blog\/wp-content\/uploads\/2025\/08\/poko\u0301j-seniora-1024x683.png 1024w, https:\/\/proplo.pl\/blog\/wp-content\/uploads\/2025\/08\/poko\u0301j-seniora-480x320.png 480w\" sizes=\"auto, (max-width: 1200px) 100vw, 1200px\" \/><\/a><figcaption class=\"wp-element-caption\">Projekt: <a href=\"https:\/\/proplo.pl\/profile\/pogotowie-wnetrzarskie\">Pogotowie Wn\u0119trzarskie<\/a><\/figcaption><\/figure>\n\n\n\n<h2 class=\"wp-block-heading\">Bezpiecze\u0144stwo jako priorytet<\/h2>\n\n\n\n<p>Podczas urz\u0105dzania pokoju dla osoby starszej <strong>bezpiecze\u0144stwo seniora<\/strong> powinno by\u0107 absolutnym priorytetem. To w\u0142a\u015bnie ono stanowi punkt wyj\u015bcia dla ka\u017cdej decyzji aran\u017cacyjnej. <strong>Przemy\u015blane i funkcjonalne wn\u0119trze<\/strong> nie tylko minimalizuje ryzyko upadk\u00f3w i kontuzji, ale przede wszystkim zapewnia spok\u00f3j \u2013 zar\u00f3wno seniorowi, jak i jego bliskim.<\/p>\n\n\n\n<p>Co wi\u0119cej, odpowiednio zaprojektowana przestrze\u0144 mo\u017ce znacz\u0105co zwi\u0119kszy\u0107 <strong>samodzielno\u015b\u0107 osoby starszej<\/strong>, co przek\u0142ada si\u0119 na lepsze samopoczucie, wi\u0119ksz\u0105 pewno\u015b\u0107 siebie i poczucie niezale\u017cno\u015bci.<\/p>\n\n\n\n<h3 class=\"wp-block-heading\">Antypo\u015blizgowe pod\u0142ogi i dywany z podk\u0142adk\u0105 antypo\u015blizgow\u0105<\/h3>\n\n\n\n<p>Jednym z najwa\u017cniejszych element\u00f3w wp\u0142ywaj\u0105cych na <strong>bezpiecze\u0144stwo w pokoju seniora<\/strong> s\u0105 <strong>antypo\u015blizgowe powierzchnie<\/strong>. Odpowiednio dobrane pod\u0142ogi i dywany mog\u0105 skutecznie ograniczy\u0107 ryzyko po\u015blizgni\u0119cia si\u0119 \u2013 jednej z najcz\u0119stszych przyczyn uraz\u00f3w w\u015br\u00f3d os\u00f3b starszych.<\/p>\n\n\n\n<p>Warto zwr\u00f3ci\u0107 uwag\u0119 na nast\u0119puj\u0105ce rozwi\u0105zania:<\/p>\n\n\n\n<ul class=\"wp-block-list\">\n<li><strong>Pod\u0142ogi o dobrej przyczepno\u015bci<\/strong> \u2013 najlepiej matowe, bez po\u0142ysku, kt\u00f3re nie \u015blizgaj\u0105 si\u0119 nawet przy wilgoci.<\/li>\n\n\n\n<li><strong>Dywany z antypo\u015blizgowym spodem<\/strong> \u2013 stabilnie przylegaj\u0105ce do pod\u0142o\u017ca, eliminuj\u0105ce ryzyko przesuni\u0119cia.<\/li>\n\n\n\n<li><strong>Dywany o kr\u00f3tkim w\u0142osiu<\/strong> \u2013 u\u0142atwiaj\u0105 poruszanie si\u0119 osobom korzystaj\u0105cym z laski, balkonika czy chodzika.<\/li>\n\n\n\n<li><strong>Stabilna struktura materia\u0142u<\/strong> \u2013 zapobiega potkni\u0119ciom i u\u0142atwia utrzymanie r\u00f3wnowagi.<\/li>\n<\/ul>\n\n\n\n<p><strong>To w\u0142a\u015bnie detale, takie jak odpowiedni dywan czy bezpieczna pod\u0142oga, mog\u0105 decydowa\u0107 o codziennym komforcie i unikni\u0119ciu gro\u017anych wypadk\u00f3w.<\/strong><\/p>\n\n\n\n<h3 class=\"wp-block-heading\">Meble z zaokr\u0105glonymi kraw\u0119dziami i sto\u0142y bez ostrych naro\u017cnik\u00f3w<\/h3>\n\n\n\n<p>Wyb\u00f3r mebli do pokoju seniora powinien uwzgl\u0119dnia\u0107 nie tylko estetyk\u0119, ale przede wszystkim <strong>funkcjonalno\u015b\u0107 i bezpiecze\u0144stwo<\/strong>. <strong>Meble z zaokr\u0105glonymi kraw\u0119dziami<\/strong> znacz\u0105co zmniejszaj\u0105 ryzyko uraz\u00f3w przy przypadkowym uderzeniu \u2013 co w przypadku os\u00f3b starszych mo\u017ce mie\u0107 powa\u017cne konsekwencje.<\/p>\n\n\n\n<p>Warto r\u00f3wnie\u017c zadba\u0107 o:<\/p>\n\n\n\n<ul class=\"wp-block-list\">\n<li><strong>Sto\u0142y bez ostrych naro\u017cnik\u00f3w<\/strong> \u2013 minimalizuj\u0105 ryzyko obra\u017ce\u0144 w razie upadku.<\/li>\n\n\n\n<li><strong>Stabilne konstrukcje mebli<\/strong> \u2013 zapobiegaj\u0105 przewr\u00f3ceniu si\u0119 przy oparciu.<\/li>\n\n\n\n<li><strong>Odpowiednia wysoko\u015b\u0107 siedzisk<\/strong> \u2013 u\u0142atwia wstawanie i siadanie.<\/li>\n\n\n\n<li><strong>Brak wystaj\u0105cych element\u00f3w<\/strong> \u2013 zmniejsza ryzyko zahaczenia i potkni\u0119cia si\u0119.<\/li>\n<\/ul>\n\n\n\n<p><strong>Bezpieczne meble to inwestycja w codzienny komfort i ochron\u0119 zdrowia seniora.<\/strong><\/p>\n\n\n\n<h3 class=\"wp-block-heading\">Por\u0119cze, uchwyty i \u0142azienka bez barier<\/h3>\n\n\n\n<p>W miejscach takich jak \u0142azienka, korytarz czy <a href=\"https:\/\/proplo.pl\/pomieszczenia\/sypialnia\">sypialnia<\/a>, <strong>por\u0119cze i uchwyty<\/strong> pe\u0142ni\u0105 kluczow\u0105 rol\u0119 w zapewnieniu stabilno\u015bci i wsparcia. U\u0142atwiaj\u0105 wstawanie, pomagaj\u0105 utrzyma\u0107 r\u00f3wnowag\u0119 i zwi\u0119kszaj\u0105 samodzielno\u015b\u0107<sup data-fn=\"62a67330-2b65-4b1e-afdf-038df6a4681e\" class=\"fn\"><a id=\"62a67330-2b65-4b1e-afdf-038df6a4681e-link\" href=\"#62a67330-2b65-4b1e-afdf-038df6a4681e\">1<\/a><\/sup>.<\/p>\n\n\n\n<p><strong>\u0141azienka bez barier<\/strong> to dzi\u015b standard, kt\u00f3ry znacz\u0105co wp\u0142ywa na jako\u015b\u0107 \u017cycia seniora. Warto zadba\u0107 o:<\/p>\n\n\n\n<ul class=\"wp-block-list\">\n<li><strong>Siedzisko pod prysznicem<\/strong> \u2013 umo\u017cliwia bezpieczne i wygodne mycie si\u0119.<\/li>\n\n\n\n<li><strong>Uchwyty przy toalecie i w kabinie prysznicowej<\/strong> \u2013 wspieraj\u0105 przy wstawaniu i siadaniu.<\/li>\n\n\n\n<li><strong>Brak wysokiego brodzika<\/strong> \u2013 eliminuje konieczno\u015b\u0107 podnoszenia n\u00f3g, co zmniejsza ryzyko upadku.<\/li>\n\n\n\n<li><strong>Antypo\u015blizgowe maty i powierzchnie<\/strong> \u2013 zwi\u0119kszaj\u0105 bezpiecze\u0144stwo w wilgotnym \u015brodowisku.<\/li>\n<\/ul>\n\n\n\n<p><strong>Takie rozwi\u0105zania nie tylko chroni\u0105, ale te\u017c pozwalaj\u0105 zachowa\u0107 intymno\u015b\u0107, niezale\u017cno\u015b\u0107 i godno\u015b\u0107 podczas codziennych czynno\u015bci higienicznych.<\/strong><\/p>\n\n\n\n<h3 class=\"wp-block-heading\">O\u015bwietlenie z czujnikiem ruchu i czujniki dymu oraz zalania<\/h3>\n\n\n\n<p>Nowoczesne technologie mog\u0105 znacz\u0105co zwi\u0119kszy\u0107 poziom bezpiecze\u0144stwa w domu seniora. <strong>O\u015bwietlenie z czujnikiem ruchu<\/strong> to doskona\u0142e rozwi\u0105zanie, szczeg\u00f3lnie w nocy \u2013 \u015bwiat\u0142o w\u0142\u0105cza si\u0119 automatycznie, eliminuj\u0105c ryzyko potkni\u0119cia si\u0119 w ciemno\u015bci.<\/p>\n\n\n\n<p>R\u00f3wnie wa\u017cne s\u0105 <strong>czujniki dymu i zalania<\/strong>, kt\u00f3re w por\u0119 ostrzegaj\u0105 przed zagro\u017ceniem. Ich obecno\u015b\u0107 mo\u017ce uratowa\u0107 zdrowie, a nawet \u017cycie.<\/p>\n\n\n\n<p>Warto rozwa\u017cy\u0107 tak\u017ce inne inteligentne systemy wspieraj\u0105ce codzienne funkcjonowanie:<\/p>\n\n\n\n<ul class=\"wp-block-list\">\n<li><strong>System alarmowy z powiadomieniem dla bliskich<\/strong> \u2013 informuje rodzin\u0119 o niepokoj\u0105cych sytuacjach.<\/li>\n\n\n\n<li><strong>Aplikacja monitoruj\u0105ca aktywno\u015b\u0107 i samopoczucie<\/strong> \u2013 pozwala na bie\u017c\u0105co \u015bledzi\u0107 stan zdrowia seniora.<\/li>\n\n\n\n<li><strong>Asystent g\u0142osowy<\/strong> \u2013 przypomina o lekach, wizytach lekarskich i innych wa\u017cnych sprawach.<\/li>\n\n\n\n<li><strong>Automatyczne wy\u0142\u0105czniki urz\u0105dze\u0144<\/strong> \u2013 zapobiegaj\u0105 przegrzaniu lub po\u017carowi w razie zapomnienia o wy\u0142\u0105czeniu sprz\u0119tu.<\/li>\n<\/ul>\n\n\n\n<p><strong>Bezpiecze\u0144stwo to nie tylko eliminacja zagro\u017ce\u0144, ale tak\u017ce poczucie kontroli, komfortu i niezale\u017cno\u015bci. Dzi\u0119ki nowoczesnym rozwi\u0105zaniom technologicznym seniorzy mog\u0105 czu\u0107 si\u0119 pewniej i \u017cy\u0107 spokojniej.<\/strong><\/p>\n\n\n\n<figure class=\"wp-block-image size-full\"><a href=\"https:\/\/proplo.pl\/profile\/pogotowie-wnetrzarskie\/projekt\/klasyka-ocieplona-drewnem-na-ochocie-1944\"><img loading=\"lazy\" decoding=\"async\" width=\"1200\" height=\"800\" src=\"https:\/\/proplo.pl\/blog\/wp-content\/uploads\/2025\/08\/jak-urza\u0328dzic\u0301-poko\u0301j-dla-seniora.png\" alt=\"Wn\u0119trze salonu z r\u00f3\u017cow\u0105 sof\u0105, czarnym fotelem i ro\u015blin\u0105 w tradycyjnym stylu.\" class=\"wp-image-1223\" srcset=\"https:\/\/proplo.pl\/blog\/wp-content\/uploads\/2025\/08\/jak-urza\u0328dzic\u0301-poko\u0301j-dla-seniora.png 1200w, https:\/\/proplo.pl\/blog\/wp-content\/uploads\/2025\/08\/jak-urza\u0328dzic\u0301-poko\u0301j-dla-seniora-300x200.png 300w, https:\/\/proplo.pl\/blog\/wp-content\/uploads\/2025\/08\/jak-urza\u0328dzic\u0301-poko\u0301j-dla-seniora-768x512.png 768w, https:\/\/proplo.pl\/blog\/wp-content\/uploads\/2025\/08\/jak-urza\u0328dzic\u0301-poko\u0301j-dla-seniora-1024x683.png 1024w, https:\/\/proplo.pl\/blog\/wp-content\/uploads\/2025\/08\/jak-urza\u0328dzic\u0301-poko\u0301j-dla-seniora-480x320.png 480w\" sizes=\"auto, (max-width: 1200px) 100vw, 1200px\" \/><\/a><figcaption class=\"wp-element-caption\">Projekt: <a href=\"https:\/\/proplo.pl\/profile\/pogotowie-wnetrzarskie\">Pogotowie Wn\u0119trzarskie<\/a><\/figcaption><\/figure>\n\n\n\n<h2 class=\"wp-block-heading\">\u0141\u00f3\u017cko wysokie i \u0142\u00f3\u017cko z regulacj\u0105 elektryczn\u0105<\/h2>\n\n\n\n<p>Je\u015bli zale\u017cy Ci na <strong>komforcie snu i codziennej wygodzie bliskiej osoby starszej<\/strong>, wyb\u00f3r odpowiedniego \u0142\u00f3\u017cka ma kluczowe znaczenie. <strong>Wysokie \u0142\u00f3\u017cko dla seniora<\/strong> to nie tylko wygoda \u2013 to przede wszystkim <strong>wi\u0119ksze bezpiecze\u0144stwo i \u0142atwiejsze wstawanie<\/strong>. Dzi\u0119ki podwy\u017cszonej konstrukcji, codzienne czynno\u015bci staj\u0105 si\u0119 mniej obci\u0105\u017caj\u0105ce, co ma ogromne znaczenie przy ograniczonej sprawno\u015bci ruchowej.<\/p>\n\n\n\n<p>Z kolei <strong>\u0142\u00f3\u017cko z elektryczn\u0105 regulacj\u0105<\/strong> umo\u017cliwia precyzyjne dopasowanie pozycji \u2013 zar\u00f3wno do snu, jak i odpoczynku w pozycji p\u00f3\u0142le\u017c\u0105cej. To rozwi\u0105zanie, kt\u00f3re <strong>realnie poprawia jako\u015b\u0107 \u017cycia<\/strong>. Bo przecie\u017c ka\u017cdy zas\u0142uguje na wygod\u0119 \u2013 ka\u017cdego dnia.<\/p>\n\n\n\n<p>Odpowiednio dobrane \u0142\u00f3\u017cko to nie tylko komfort, ale r\u00f3wnie\u017c <strong>wsparcie dla zdrowia<\/strong>. Modele z regulacj\u0105 mog\u0105 przynie\u015b\u0107 ulg\u0119 w dolegliwo\u015bciach b\u00f3lowych, poprawi\u0107 kr\u0105\u017cenie i u\u0142atwi\u0107 oddychanie. Oto kilka przyk\u0142ad\u00f3w korzy\u015bci:<\/p>\n\n\n\n<ul class=\"wp-block-list\">\n<li><strong>Unoszenie n\u00f3g<\/strong> \u2013 pomaga zmniejszy\u0107 opuchlizn\u0119 i poprawia kr\u0105\u017cenie \u017cylne.<\/li>\n\n\n\n<li><strong>Podniesienie g\u00f3rnej cz\u0119\u015bci cia\u0142a<\/strong> \u2013 \u0142agodzi objawy refluksu i u\u0142atwia oddychanie.<\/li>\n\n\n\n<li><strong>Mo\u017cliwo\u015b\u0107 zmiany pozycji<\/strong> \u2013 wspiera relaksacj\u0119 i zapobiega odle\u017cynom.<\/li>\n<\/ul>\n\n\n\n<p><strong>A to dopiero pocz\u0105tek mo\u017cliwo\u015bci!<\/strong> Sprawd\u017amy, co jeszcze mo\u017ce sprawi\u0107, \u017ce sypialnia seniora stanie si\u0119 bardziej funkcjonalna i przyjazna ka\u017cdego dnia.<\/p>\n\n\n\n<h3 class=\"wp-block-heading\">Stolik nocny z pod\u015bwietleniem i lampki z dotykowym w\u0142\u0105cznikiem<\/h3>\n\n\n\n<p>W dobrze zaprojektowanej sypialni osoby starszej nie mo\u017ce zabrakn\u0105\u0107 <strong>stolika nocnego z pod\u015bwietleniem<\/strong>. To niewielki, ale niezwykle praktyczny element wyposa\u017cenia. <strong>Subtelne \u015bwiat\u0142o<\/strong> u\u0142atwia orientacj\u0119 w przestrzeni po zmroku, zmniejszaj\u0105c ryzyko potkni\u0119cia si\u0119 lub upadku. Co najwa\u017cniejsze \u2013 <strong>wszystko, co potrzebne, znajduje si\u0119 w zasi\u0119gu r\u0119ki<\/strong>: okulary, telefon, lekarstwa.<\/p>\n\n\n\n<p>Idealnym uzupe\u0142nieniem s\u0105 <strong>lampki z dotykowym w\u0142\u0105cznikiem<\/strong>. Koniec z szukaniem prze\u0142\u0105cznika w ciemno\u015bci \u2013 wystarczy delikatne dotkni\u0119cie, by zapali\u0107 \u015bwiat\u0142o. <strong>Proste, wygodne i bezpieczne rozwi\u0105zanie<\/strong>, kt\u00f3re znacz\u0105co poprawia codzienne funkcjonowanie.<\/p>\n\n\n\n<p><strong>Co jeszcze mo\u017ce zwi\u0119kszy\u0107 komfort i bezpiecze\u0144stwo seniora?<\/strong> Przejd\u017amy dalej.<\/p>\n\n\n\n<h3 class=\"wp-block-heading\">Fotel z funkcj\u0105 LIFT i fotel z pod\u0142okietnikami<\/h3>\n\n\n\n<p>Wygodny <strong>fotel w strefie wypoczynkowej seniora<\/strong> to nie luksus \u2013 to konieczno\u015b\u0107. <strong>Model z funkcj\u0105 LIFT<\/strong> to prawdziwa rewolucja dla os\u00f3b maj\u0105cych trudno\u015bci z wstawaniem. Dzi\u0119ki specjalnemu mechanizmowi, siedzisko unosi si\u0119, umo\u017cliwiaj\u0105c <strong>bezpieczne i bezwysi\u0142kowe przej\u015bcie do pozycji stoj\u0105cej<\/strong>. To ogromna ulga dla os\u00f3b z os\u0142abionymi mi\u0119\u015bniami lub problemami ze stawami.<\/p>\n\n\n\n<p><strong>Fotel z pod\u0142okietnikami<\/strong> zapewnia stabilne podparcie dla r\u0105k, co nie tylko zwi\u0119ksza wygod\u0119, ale r\u00f3wnie\u017c <strong>u\u0142atwia wstawanie i siadanie<\/strong>. Oba typy foteli wspieraj\u0105 <strong>samodzielno\u015b\u0107 i poczucie kontroli<\/strong> nad codziennymi czynno\u015bciami \u2013 a to bezcenne.<\/p>\n\n\n\n<p>Warto rozwa\u017cy\u0107 tak\u017ce modele wyposa\u017cone w dodatkowe funkcje, kt\u00f3re jeszcze bardziej zwi\u0119kszaj\u0105 komfort:<\/p>\n\n\n\n<ul class=\"wp-block-list\">\n<li><strong>Regulowane oparcie<\/strong> \u2013 umo\u017cliwia dopasowanie pozycji do indywidualnych potrzeb.<\/li>\n\n\n\n<li><strong>Kieszenie na pilot, ksi\u0105\u017ck\u0119 czy gazet\u0119<\/strong> \u2013 wszystko w zasi\u0119gu r\u0119ki.<\/li>\n\n\n\n<li><strong>Wbudowany masa\u017cer<\/strong> \u2013 zapewnia relaks i ulg\u0119 po ca\u0142ym dniu.<\/li>\n<\/ul>\n\n\n\n<p><strong>Wszystko po to, by stworzy\u0107 przestrze\u0144, w kt\u00f3rej senior poczuje si\u0119 naprawd\u0119 dobrze<\/strong> \u2013 bezpiecznie, komfortowo i niezale\u017cnie. Bo dom to nie tylko miejsce. To poczucie, \u017ce wszystko jest na swoim miejscu.<\/p>\n\n\n\n<h2 class=\"wp-block-heading\">Funkcjonalne i ergonomiczne meble<\/h2>\n\n\n\n<p>W czasach, gdy <strong>komfort i dostosowanie przestrzeni do indywidualnych potrzeb<\/strong> staj\u0105 si\u0119 priorytetem, <strong>ergonomiczne meble<\/strong> przestaj\u0105 by\u0107 luksusem, a staj\u0105 si\u0119 konieczno\u015bci\u0105 \u2013 szczeg\u00f3lnie w domach senior\u00f3w. Projektowane z my\u015bl\u0105 o wygodzie i ograniczeniach ruchowych, <strong>u\u0142atwiaj\u0105 codzienne funkcjonowanie, zwi\u0119kszaj\u0105 niezale\u017cno\u015b\u0107<\/strong> i jednocze\u015bnie prezentuj\u0105 si\u0119 estetycznie.<\/p>\n\n\n\n<p>Jednym z rozwi\u0105za\u0144, kt\u00f3re realnie wp\u0142ywaj\u0105 na jako\u015b\u0107 \u017cycia, s\u0105 <strong>meble z systemem cichego domyku<\/strong>. Koniec z trzaskaj\u0105cymi drzwiczkami i szufladami! Ten mechanizm to nie tylko wygoda, ale przede wszystkim <strong>wi\u0119ksze bezpiecze\u0144stwo<\/strong> \u2013 szczeg\u00f3lnie dla os\u00f3b wra\u017cliwych na ha\u0142as lub maj\u0105cych trudno\u015bci z precyzyjnym ruchem. <strong>Brak nag\u0142ych d\u017awi\u0119k\u00f3w to spok\u00f3j i komfort psychiczny<\/strong>.<\/p>\n\n\n\n<p>R\u00f3wnie funkcjonalne s\u0105 <strong>szafy z regulowanymi p\u00f3\u0142kami<\/strong>. Mo\u017cliwo\u015b\u0107 dostosowania wysoko\u015bci p\u00f3\u0142ek i dr\u0105\u017ck\u00f3w sprawia, \u017ce si\u0119ganie po ubrania czy dokumenty nie wymaga ju\u017c wspinania si\u0119 ani schylania. To proste, ale niezwykle skuteczne rozwi\u0105zanie, kt\u00f3re <strong>wspiera samodzielno\u015b\u0107 i porz\u0105dek<\/strong> w codziennym \u017cyciu.<\/p>\n\n\n\n<p>W codziennym u\u017cytkowaniu doskonale sprawdzaj\u0105 si\u0119 tak\u017ce <strong>meble z du\u017c\u0105 liczb\u0105 szuflad<\/strong>. U\u0142atwiaj\u0105 one organizacj\u0119 przestrzeni i zapewniaj\u0105 szybki dost\u0119p do potrzebnych przedmiot\u00f3w \u2013 bez konieczno\u015bci si\u0119gania na wysokie p\u00f3\u0142ki czy schylania si\u0119 do niskich szafek. <strong>Komoda z szerokimi, p\u0142ytkimi szufladami<\/strong> to idealne miejsce na leki, dokumenty czy drobiazgi codziennego u\u017cytku.<\/p>\n\n\n\n<p>Nie mo\u017cna pomin\u0105\u0107 tak\u017ce <strong>mebli z kontrastowymi uchwytami<\/strong>. Dla os\u00f3b z os\u0142abionym wzrokiem to ogromne u\u0142atwienie \u2013 <strong>wyra\u017ane kolory uchwyt\u00f3w<\/strong> pozwalaj\u0105 szybciej zlokalizowa\u0107 szafki i szuflady, co przek\u0142ada si\u0119 na <strong>wi\u0119ksze bezpiecze\u0144stwo i niezale\u017cno\u015b\u0107<\/strong> w codziennym funkcjonowaniu.<\/p>\n\n\n\n<p>To tylko kilka przyk\u0142ad\u00f3w, jak mo\u017cna poprawi\u0107 komfort \u017cycia os\u00f3b starszych. Oto inne, r\u00f3wnie innowacyjne rozwi\u0105zania, kt\u00f3re warto rozwa\u017cy\u0107:<\/p>\n\n\n\n<ul class=\"wp-block-list\">\n<li><strong>Inteligentne o\u015bwietlenie<\/strong> \u2013 automatycznie w\u0142\u0105czaj\u0105ce si\u0119 \u015bwiat\u0142o po wej\u015bciu do pomieszczenia zwi\u0119ksza bezpiecze\u0144stwo i wygod\u0119.<\/li>\n\n\n\n<li><strong>Meble z czujnikami<\/strong> \u2013 przypominaj\u0105 o niedomkni\u0119tych drzwiach lub szufladach, co zapobiega wypadkom i u\u0142atwia codzienne funkcjonowanie.<\/li>\n\n\n\n<li><strong>Systemy alarmowe wbudowane w meble<\/strong> \u2013 mog\u0105 informowa\u0107 opiekun\u00f3w o upadku lub braku aktywno\u015bci.<\/li>\n\n\n\n<li><strong>Powierzchnie antypo\u015blizgowe<\/strong> \u2013 zastosowane na blatach i p\u00f3\u0142kach zwi\u0119kszaj\u0105 bezpiecze\u0144stwo u\u017cytkowania.<\/li>\n<\/ul>\n\n\n\n<p><strong>Tworzenie przestrzeni przyjaznych seniorom to inwestycja w ich komfort, bezpiecze\u0144stwo i niezale\u017cno\u015b\u0107<\/strong>. Warto odkrywa\u0107 i wdra\u017ca\u0107 nowoczesne rozwi\u0105zania, kt\u00f3re realnie poprawiaj\u0105 jako\u015b\u0107 \u017cycia.<\/p>\n\n\n\n<figure class=\"wp-block-image size-full\"><a href=\"https:\/\/proplo.pl\/profile\/manustudio-projektowanie-wnetrz\/projekt\/449\"><img loading=\"lazy\" decoding=\"async\" width=\"1200\" height=\"800\" src=\"https:\/\/proplo.pl\/blog\/wp-content\/uploads\/2025\/08\/sypialnia-seniora.png\" alt=\"Sypialnia z szarym wezg\u0142owiem, bia\u0142\u0105 po\u015bciel\u0105 i lampami, styl tradycyjny.\" class=\"wp-image-1224\" srcset=\"https:\/\/proplo.pl\/blog\/wp-content\/uploads\/2025\/08\/sypialnia-seniora.png 1200w, https:\/\/proplo.pl\/blog\/wp-content\/uploads\/2025\/08\/sypialnia-seniora-300x200.png 300w, https:\/\/proplo.pl\/blog\/wp-content\/uploads\/2025\/08\/sypialnia-seniora-768x512.png 768w, https:\/\/proplo.pl\/blog\/wp-content\/uploads\/2025\/08\/sypialnia-seniora-1024x683.png 1024w, https:\/\/proplo.pl\/blog\/wp-content\/uploads\/2025\/08\/sypialnia-seniora-480x320.png 480w\" sizes=\"auto, (max-width: 1200px) 100vw, 1200px\" \/><\/a><figcaption class=\"wp-element-caption\">Projekt: <a href=\"https:\/\/proplo.pl\/profile\/manustudio-projektowanie-wnetrz\">MANUstudio \u2022 projektowanie wn\u0119trz<\/a><\/figcaption><\/figure>\n\n\n\n<h2 class=\"wp-block-heading\">O\u015bwietlenie i jego znaczenie<\/h2>\n\n\n\n<p>Podczas aran\u017cowania przestrzeni dla os\u00f3b starszych, <strong>o\u015bwietlenie pe\u0142ni kluczow\u0105 rol\u0119<\/strong> \u2014 nie tylko estetyczn\u0105, ale przede wszystkim funkcjonaln\u0105. To <strong>podstawa codziennego komfortu, bezpiecze\u0144stwa i niezale\u017cno\u015bci<\/strong>. Odpowiednio dobrane \u015bwiat\u0142o:<\/p>\n\n\n\n<ul class=\"wp-block-list\">\n<li><strong>u\u0142atwia poruszanie si\u0119<\/strong> po mieszkaniu, szczeg\u00f3lnie po zmroku,<\/li>\n\n\n\n<li><strong>poprawia komfort wykonywania codziennych czynno\u015bci<\/strong>, takich jak czytanie czy korzystanie z \u0142azienki,<\/li>\n\n\n\n<li><strong>zmniejsza ryzyko upadk\u00f3w<\/strong>, kt\u00f3re s\u0105 jedn\u0105 z g\u0142\u00f3wnych przyczyn uraz\u00f3w w\u015br\u00f3d senior\u00f3w.<\/li>\n<\/ul>\n\n\n\n<p><strong>\u015awiat\u0142o to cichy bohater codzienno\u015bci seniora<\/strong> \u2014 obecny, ale cz\u0119sto niedoceniany element, kt\u00f3ry realnie wp\u0142ywa na jako\u015b\u0107 \u017cycia.<\/p>\n\n\n\n<p>Du\u017ce znaczenie ma r\u00f3wnie\u017c <strong>o\u015bwietlenie punktowe<\/strong>, kt\u00f3re pozwala precyzyjnie do\u015bwietli\u0107 wybrane strefy w domu. Przyk\u0142adowe zastosowania to:<\/p>\n\n\n\n<ul class=\"wp-block-list\">\n<li>ulubiony k\u0105cik do czytania,<\/li>\n\n\n\n<li>kuchenny blat roboczy,<\/li>\n\n\n\n<li>korytarz prowadz\u0105cy do \u0142azienki.<\/li>\n<\/ul>\n\n\n\n<p>Takie rozwi\u0105zanie <strong>zwi\u0119ksza widoczno\u015b\u0107 i daje poczucie kontroli nad otoczeniem<\/strong>, co przek\u0142ada si\u0119 na wi\u0119ksz\u0105 pewno\u015b\u0107 siebie i ogranicza ryzyko potkni\u0119cia si\u0119 w ciemniejszych zakamarkach domu. <strong>Proste? Tak. Skuteczne? Jeszcze bardziej.<\/strong><\/p>\n\n\n\n<p>Jeszcze wi\u0119ksze korzy\u015bci przynosi <strong>po\u0142\u0105czenie o\u015bwietlenia punktowego z czujnikami ruchu<\/strong>. Automatyczne zapalanie si\u0119 \u015bwiat\u0142a w odpowiedzi na ruch to:<\/p>\n\n\n\n<ul class=\"wp-block-list\">\n<li><strong>ogromne u\u0142atwienie noc\u0105<\/strong>, gdy szukanie w\u0142\u0105cznika mo\u017ce by\u0107 trudne i niebezpieczne,<\/li>\n\n\n\n<li><strong>zwi\u0119kszenie samodzielno\u015bci<\/strong> \u2014 \u015bwiat\u0142o w\u0142\u0105cza si\u0119 bez potrzeby interwencji,<\/li>\n\n\n\n<li><strong>eliminacja jednej z codziennych barier<\/strong>, jak\u0105 jest brak \u015bwiat\u0142a w odpowiednim momencie.<\/li>\n<\/ul>\n\n\n\n<p>To rozwi\u0105zanie, kt\u00f3re \u0142\u0105czy <strong>prostot\u0119 z funkcjonalno\u015bci\u0105<\/strong> i realnie wp\u0142ywa na bezpiecze\u0144stwo oraz komfort \u017cycia.<\/p>\n\n\n\n<p>Warto r\u00f3wnie\u017c rozwa\u017cy\u0107 zastosowanie <strong>inteligentnych system\u00f3w sterowania \u015bwiat\u0142em<\/strong>. Te nowoczesne technologie automatycznie dostosowuj\u0105:<\/p>\n\n\n\n<ul class=\"wp-block-list\">\n<li><strong>barw\u0119 \u015bwiat\u0142a<\/strong> \u2014 cieplejsze wieczorem, ch\u0142odniejsze rano,<\/li>\n\n\n\n<li><strong>nat\u0119\u017cenie \u015bwiat\u0142a<\/strong> \u2014 w zale\u017cno\u015bci od pory dnia i aktywno\u015bci domownik\u00f3w.<\/li>\n<\/ul>\n\n\n\n<p>To nie futurystyczna wizja, lecz <strong>realne wsparcie dost\u0119pne ju\u017c dzi\u015b<\/strong>. Takie systemy nie tylko zwi\u0119kszaj\u0105 komfort, ale te\u017c <strong>poprawiaj\u0105 jako\u015b\u0107 \u017cycia starszych os\u00f3b<\/strong>, wspieraj\u0105c ich samodzielno\u015b\u0107 i dobre samopoczucie.<\/p>\n\n\n\n<h2 class=\"wp-block-heading\">Kolorystyka i estetyka wn\u0119trza<\/h2>\n\n\n\n<p>Dob\u00f3r odpowiedniej <strong>kolorystyki pokoju seniora<\/strong> to nie tylko kwestia estetyki, ale przede wszystkim spos\u00f3b na stworzenie przestrzeni, kt\u00f3ra <strong>wspiera codzienne funkcjonowanie, poprawia nastr\u00f3j i daje poczucie bezpiecze\u0144stwa<\/strong>. Dla os\u00f3b starszych ma to szczeg\u00f3lne znaczenie \u2013 wp\u0142ywa na ich samopoczucie, orientacj\u0119 w przestrzeni i og\u00f3lny komfort \u017cycia.<\/p>\n\n\n\n<p>Przemy\u015blana paleta barw mo\u017ce dzia\u0142a\u0107 terapeutycznie \u2013 <strong>uspokaja\u0107, dodawa\u0107 energii, a tak\u017ce u\u0142atwia\u0107 poruszanie si\u0119 i rozpoznawanie otoczenia<\/strong>. Estetyka wn\u0119trza powinna i\u015b\u0107 w parze z funkcjonalno\u015bci\u0105, tworz\u0105c przestrze\u0144 przyjazn\u0105 i bezpieczn\u0105 na co dzie\u0144.<\/p>\n\n\n\n<h3 class=\"wp-block-heading\">Kolory \u015bcian wspieraj\u0105ce orientacj\u0119 i samopoczucie<\/h3>\n\n\n\n<p>\u015aciany w pokoju osoby starszej powinny \u0142\u0105czy\u0107 estetyk\u0119 z funkcjonalno\u015bci\u0105. <strong>Jasne, stonowane barwy<\/strong> \u2013 takie jak delikatny be\u017c, rozbielony b\u0142\u0119kit czy przygaszona ziele\u0144 \u2013 wprowadzaj\u0105 spok\u00f3j i harmoni\u0119, a jednocze\u015bnie wspieraj\u0105 orientacj\u0119 w przestrzeni.<\/p>\n\n\n\n<p>Dlaczego to wa\u017cne? Osoby starsze mog\u0105 mie\u0107 trudno\u015bci z ocen\u0105 g\u0142\u0119bi i kontrast\u00f3w. Odpowiednio dobrane kolory \u015bcian:<\/p>\n\n\n\n<ul class=\"wp-block-list\">\n<li><strong>U\u0142atwiaj\u0105 rozr\u00f3\u017cnianie element\u00f3w wyposa\u017cenia<\/strong> \u2013 np. mebli na tle \u015bciany,<\/li>\n\n\n\n<li><strong>Wzmacniaj\u0105 poczucie bezpiecze\u0144stwa<\/strong> \u2013 dzi\u0119ki lepszej orientacji w otoczeniu,<\/li>\n\n\n\n<li><strong>Wp\u0142ywaj\u0105 pozytywnie na nastr\u00f3j<\/strong> \u2013 kolory takie jak ziele\u0144 dzia\u0142aj\u0105 koj\u0105co,<\/li>\n\n\n\n<li><strong>Wspieraj\u0105 styl aran\u017cacji<\/strong> \u2013 np. styl skandynawski, kt\u00f3ry stawia na \u015bwiat\u0142o i naturalno\u015b\u0107.<\/li>\n<\/ul>\n\n\n\n<p><strong>Przyk\u0142ad:<\/strong> Ziele\u0144 na \u015bcianie nie tylko uspokaja, ale te\u017c u\u0142atwia odr\u00f3\u017cnienie mebli od t\u0142a, co zwi\u0119ksza niezale\u017cno\u015b\u0107 seniora.<\/p>\n\n\n\n<h3 class=\"wp-block-heading\">Kolory mebli u\u0142atwiaj\u0105ce rozpoznawanie funkcji<\/h3>\n\n\n\n<p>Wybieraj\u0105c <strong>meble do pokoju seniora<\/strong>, warto zwr\u00f3ci\u0107 uwag\u0119 nie tylko na ich ergonomi\u0119, ale r\u00f3wnie\u017c na kolorystyk\u0119. <strong>Kontrastuj\u0105ce barwy<\/strong> \u2013 np. ciemne fotele na tle jasnych \u015bcian \u2013 pomagaj\u0105 szybko zidentyfikowa\u0107 funkcj\u0119 danego mebla, co jest szczeg\u00f3lnie istotne przy pogarszaj\u0105cym si\u0119 wzroku i pami\u0119ci.<\/p>\n\n\n\n<p>Korzy\u015bci z zastosowania kontrast\u00f3w:<\/p>\n\n\n\n<ul class=\"wp-block-list\">\n<li><strong>Lepsza widoczno\u015b\u0107 mebli<\/strong> \u2013 \u0142atwiejsze rozpoznanie ich funkcji,<\/li>\n\n\n\n<li><strong>Wi\u0119ksze bezpiecze\u0144stwo<\/strong> \u2013 mniejsze ryzyko potkni\u0119cia si\u0119 lub pomy\u0142ki,<\/li>\n\n\n\n<li><strong>Estetyczne urozmaicenie<\/strong> \u2013 kontrasty mog\u0105 doda\u0107 wn\u0119trzu nowoczesnego charakteru,<\/li>\n\n\n\n<li><strong>Zachowanie przejrzysto\u015bci<\/strong> \u2013 pod warunkiem zachowania umiaru w intensywno\u015bci kolor\u00f3w.<\/li>\n<\/ul>\n\n\n\n<p><strong>Uwaga:<\/strong> Zbyt wiele intensywnych barw mo\u017ce przyt\u0142acza\u0107 i wprowadza\u0107 chaos. Kluczem jest r\u00f3wnowaga mi\u0119dzy estetyk\u0105 a funkcjonalno\u015bci\u0105.<\/p>\n\n\n\n<h3 class=\"wp-block-heading\">Tekstylia o zr\u00f3\u017cnicowanej fakturze i ich wp\u0142yw sensoryczny<\/h3>\n\n\n\n<p>W aran\u017cacji pokoju seniora istotn\u0105 rol\u0119 odgrywaj\u0105 r\u00f3wnie\u017c <strong>tekstylnia dekoracyjne<\/strong>. R\u00f3\u017cnorodne faktury \u2013 mi\u0119kkie poduszki, grube koce, zas\u0142ony o wyrazistej strukturze \u2013 <strong>stymuluj\u0105 zmys\u0142 dotyku<\/strong>, co jest szczeg\u00f3lnie wa\u017cne, gdy wraz z wiekiem maleje wra\u017cliwo\u015b\u0107 na bod\u017ace.<\/p>\n\n\n\n<p>Elementy tekstylne wp\u0142ywaj\u0105ce na komfort sensoryczny:<\/p>\n\n\n\n<ul class=\"wp-block-list\">\n<li><strong>Poduszki i koce<\/strong> \u2013 zapewniaj\u0105 ciep\u0142o i przytulno\u015b\u0107,<\/li>\n\n\n\n<li><strong>Zas\u0142ony o wyrazistej strukturze<\/strong> \u2013 dodaj\u0105 wn\u0119trzu charakteru i wspieraj\u0105 percepcj\u0119 dotykow\u0105,<\/li>\n\n\n\n<li><strong>Zas\u0142ony zaciemniaj\u0105ce<\/strong> \u2013 umo\u017cliwiaj\u0105 regulacj\u0119 \u015bwiat\u0142a w zale\u017cno\u015bci od pory dnia i potrzeb,<\/li>\n\n\n\n<li><strong>Naturalne tkaniny<\/strong> \u2013 zwi\u0119kszaj\u0105 komfort i s\u0105 przyjazne dla sk\u00f3ry.<\/li>\n<\/ul>\n\n\n\n<p><strong>Dobrze dobrane tekstylia<\/strong> nie tylko poprawiaj\u0105 funkcjonalno\u015b\u0107 wn\u0119trza, ale te\u017c sprawiaj\u0105, \u017ce pok\u00f3j staje si\u0119 cieplejszy, bardziej przytulny i dopasowany do indywidualnych potrzeb osoby starszej.<\/p>\n\n\n\n<figure class=\"wp-block-image size-full\"><a href=\"https:\/\/proplo.pl\/profile\/manustudio-projektowanie-wnetrz\/projekt\/449\"><img loading=\"lazy\" decoding=\"async\" width=\"1200\" height=\"800\" src=\"https:\/\/proplo.pl\/blog\/wp-content\/uploads\/2025\/08\/poko\u0301j-dzienny-seniora.png\" alt=\"Nowoczesny salon z jasn\u0105 sof\u0105, czerwonymi poduszkami i dekoracyjnym obrazem. Styl tradycyjny.\" class=\"wp-image-1225\" srcset=\"https:\/\/proplo.pl\/blog\/wp-content\/uploads\/2025\/08\/poko\u0301j-dzienny-seniora.png 1200w, https:\/\/proplo.pl\/blog\/wp-content\/uploads\/2025\/08\/poko\u0301j-dzienny-seniora-300x200.png 300w, https:\/\/proplo.pl\/blog\/wp-content\/uploads\/2025\/08\/poko\u0301j-dzienny-seniora-768x512.png 768w, https:\/\/proplo.pl\/blog\/wp-content\/uploads\/2025\/08\/poko\u0301j-dzienny-seniora-1024x683.png 1024w, https:\/\/proplo.pl\/blog\/wp-content\/uploads\/2025\/08\/poko\u0301j-dzienny-seniora-480x320.png 480w\" sizes=\"auto, (max-width: 1200px) 100vw, 1200px\" \/><\/a><figcaption class=\"wp-element-caption\">Projekt: <a href=\"https:\/\/proplo.pl\/profile\/manustudio-projektowanie-wnetrz\">MANUstudio \u2022 projektowanie wn\u0119trz<\/a><\/figcaption><\/figure>\n\n\n\n<h2 class=\"wp-block-heading\">Elementy wspieraj\u0105ce dobre samopoczucie<\/h2>\n\n\n\n<p>Tworz\u0105c przestrze\u0144 przyjazn\u0105 seniorom, warto zwr\u00f3ci\u0107 uwag\u0119 na <strong>szczeg\u00f3\u0142y, kt\u00f3re realnie wp\u0142ywaj\u0105 na ich codzienne samopoczucie<\/strong>. To w\u0142a\u015bnie drobne dodatki i dekoracje \u2013 cho\u0107 cz\u0119sto niedoceniane \u2013 potrafi\u0105 zbudowa\u0107 atmosfer\u0119 <strong>ciep\u0142a, bezpiecze\u0144stwa i domowego spokoju<\/strong>. A przecie\u017c to w\u0142a\u015bnie te emocje s\u0105 fundamentem komfortu w p\u00f3\u017aniejszych latach \u017cycia.<\/p>\n\n\n\n<p>Jednym z najprostszych, a zarazem wyj\u0105tkowo skutecznych sposob\u00f3w na popraw\u0119 nastroju s\u0105 <strong>ro\u015bliny doniczkowe<\/strong>. Ziele\u0144 koi zmys\u0142y, uspokaja, a niekt\u00f3re gatunki \u2013 jak paprocie czy skrzyd\u0142okwiaty \u2013 dodatkowo <strong>oczyszczaj\u0105 powietrze<\/strong>. To nie tylko kwestia estetyki, ale r\u00f3wnie\u017c zdrowia. Dla os\u00f3b, kt\u00f3re wi\u0119kszo\u015b\u0107 czasu sp\u0119dzaj\u0105 w domu, nawet niewielki kontakt z natur\u0105 mo\u017ce by\u0107 <strong>\u017ar\u00f3d\u0142em codziennej rado\u015bci<\/strong>. Wystarczy kilka doniczek, by poczu\u0107 si\u0119 bli\u017cej przyrody.<\/p>\n\n\n\n<p>Nie zapominajmy te\u017c o <strong>dekoracjach pe\u0142nych wspomnie\u0144<\/strong>. Rodzinne fotografie, pami\u0105tki z podr\u00f3\u017cy, r\u0119cznie wykonane ozdoby \u2013 ka\u017cdy z tych przedmiot\u00f3w niesie ze sob\u0105 histori\u0119. <strong>Nadaj\u0105 wn\u0119trzu osobisty charakter<\/strong>, a jednocze\u015bnie wzmacniaj\u0105 <strong>poczucie przynale\u017cno\u015bci i to\u017csamo\u015bci<\/strong>. Czasem wystarczy jedno zdj\u0119cie na p\u00f3\u0142ce, by wywo\u0142a\u0107 u\u015bmiech i przywo\u0142a\u0107 ciep\u0142e wspomnienia z dawnych lat.<\/p>\n\n\n\n<p><strong>Co jeszcze mo\u017ce sprawi\u0107, \u017ce senior poczuje si\u0119 lepiej w swoim otoczeniu?<\/strong> Kilka prostych dodatk\u00f3w potrafi zdzia\u0142a\u0107 cuda:<\/p>\n\n\n\n<ul class=\"wp-block-list\">\n<li><strong>Mi\u0119kki koc<\/strong> w ulubionym kolorze \u2013 otula w ch\u0142odne wieczory i daje poczucie komfortu.<\/li>\n\n\n\n<li><strong>Ciep\u0142e, rozproszone \u015bwiat\u0142o<\/strong> \u2013 sprzyja relaksowi, wyciszeniu i tworzy przytuln\u0105 atmosfer\u0119.<\/li>\n\n\n\n<li><strong>Subtelny zapach lawendy<\/strong> \u2013 unosz\u0105cy si\u0119 z aromatycznego dyfuzora dzia\u0142a koj\u0105co na zmys\u0142y.<\/li>\n\n\n\n<li><strong>Drobne elementy wystroju<\/strong> \u2013 jak poduszki, zas\u0142ony czy serwetki, kt\u00f3re wprowadzaj\u0105 harmoni\u0119 i sp\u00f3jno\u015b\u0107 stylistyczn\u0105.<\/li>\n<\/ul>\n\n\n\n<p><strong>Ka\u017cdy detal ma znaczenie<\/strong>. Zw\u0142aszcza wtedy, gdy buduje przestrze\u0144, kt\u00f3ra daje <strong>poczucie bezpiecze\u0144stwa i blisko\u015bci<\/strong>. W ko\u0144cu dom to nie tylko \u015bciany \u2013 to miejsce, kt\u00f3re <strong>otula spokojem i przypomina, \u017ce jeste\u015bmy u siebie<\/strong>.<\/p>\n\n\n\n<h2 class=\"wp-block-heading\">Pok\u00f3j dla seniora na parterze \u2013 eliminacja barier<\/h2>\n\n\n\n<p>Podczas planowania przestrzeni dla osoby starszej, <strong>lokalizacja pokoju ma kluczowe znaczenie<\/strong>. Umieszczenie <strong>pokoju na parterze<\/strong> to jedno z najprostszych, a zarazem najskuteczniejszych rozwi\u0105za\u0144, kt\u00f3re znacz\u0105co poprawiaj\u0105 komfort \u017cycia. <strong>Brak schod\u00f3w oznacza nie tylko wygod\u0119, ale przede wszystkim mniejsze ryzyko upadk\u00f3w<\/strong> oraz ograniczenie codziennego wysi\u0142ku \u2013 co jest szczeg\u00f3lnie istotne, gdy poruszanie si\u0119 staje si\u0119 trudno\u015bci\u0105.<\/p>\n\n\n\n<p>Pok\u00f3j na parterze to r\u00f3wnie\u017c <strong>wi\u0119ksza niezale\u017cno\u015b\u0107 i swoboda poruszania si\u0119<\/strong>. Senior nie musi czeka\u0107 na wind\u0119 ani prosi\u0107 o pomoc \u2013 mo\u017ce samodzielnie przemieszcza\u0107 si\u0119 po domu, kiedy tylko zechce. To daje poczucie kontroli nad w\u0142asnym \u017cyciem, co ma ogromne znaczenie dla samopoczucia i poczucia godno\u015bci. Warto jednak p\u00f3j\u015b\u0107 o krok dalej \u2013 <strong>jak jeszcze mo\u017cna zwi\u0119kszy\u0107 bezpiecze\u0144stwo i komfort takiej przestrzeni?<\/strong><\/p>\n\n\n\n<h3 class=\"wp-block-heading\">Podzia\u0142 przestrzeni na strefy funkcjonalne<\/h3>\n\n\n\n<p><strong>Przemy\u015blany podzia\u0142 pokoju na strefy funkcjonalne<\/strong> to fundament komfortowego i bezpiecznego wn\u0119trza dla seniora. Wyra\u017ane rozdzielenie cz\u0119\u015bci dziennej i nocnej u\u0142atwia organizacj\u0119 dnia, wprowadza porz\u0105dek i sprzyja samodzielno\u015bci.<\/p>\n\n\n\n<p><strong>W strefie dziennej<\/strong> warto zadba\u0107 o przestrze\u0144 do odpoczynku, rozm\u00f3w i codziennych aktywno\u015bci. Powinny si\u0119 w niej znale\u017a\u0107:<\/p>\n\n\n\n<ul class=\"wp-block-list\">\n<li><strong>Wygodne fotele<\/strong> \u2013 zapewniaj\u0105ce komfort i stabilno\u015b\u0107 podczas siedzenia,<\/li>\n\n\n\n<li><strong>Stabilne stoliki<\/strong> \u2013 \u0142atwe do przesuwania, ale odporne na przewr\u00f3cenie,<\/li>\n\n\n\n<li><strong>Du\u017co naturalnego \u015bwiat\u0142a<\/strong> \u2013 poprawiaj\u0105cego nastr\u00f3j i u\u0142atwiaj\u0105cego orientacj\u0119 w przestrzeni,<\/li>\n\n\n\n<li><strong>Lampki punktowe<\/strong> \u2013 do czytania i tworzenia przytulnej atmosfery wieczorem.<\/li>\n<\/ul>\n\n\n\n<p><strong>Strefa nocna<\/strong>, czyli sypialnia, powinna by\u0107 miejscem wyciszenia i regeneracji. Kluczowe elementy to:<\/p>\n\n\n\n<ul class=\"wp-block-list\">\n<li><strong>Wygodne \u0142\u00f3\u017cko<\/strong> \u2013 dostosowane do potrzeb osoby starszej, z odpowiedni\u0105 wysoko\u015bci\u0105 i materacem,<\/li>\n\n\n\n<li><strong>Mi\u0119kkie tekstylia<\/strong> \u2013 koce, poduszki i zas\u0142ony, kt\u00f3re dodaj\u0105 ciep\u0142a i komfortu,<\/li>\n\n\n\n<li><strong>Stonowana kolorystyka<\/strong> \u2013 sprzyjaj\u0105ca relaksowi i spokojowi.<\/li>\n<\/ul>\n\n\n\n<p><strong><a href=\"https:\/\/proplo.pl\/pomieszczenia\/lazienka\">\u0141azienka<\/a><\/strong> to przestrze\u0144, w kt\u00f3rej nie ma miejsca na kompromisy. <strong>Bezpieczny i \u0142atwy dost\u0119p<\/strong> to absolutna podstawa. Powinna by\u0107 wyposa\u017cona w:<\/p>\n\n\n\n<ul class=\"wp-block-list\">\n<li><strong>Bezprogowe wej\u015bcie<\/strong> \u2013 u\u0142atwiaj\u0105ce wjazd z chodzikiem lub w\u00f3zkiem,<\/li>\n\n\n\n<li><strong>Uchwyty przy toalecie i prysznicu<\/strong> \u2013 zapewniaj\u0105ce stabilno\u015b\u0107 i bezpiecze\u0144stwo,<\/li>\n\n\n\n<li><strong>Antypo\u015blizgow\u0105 pod\u0142og\u0119<\/strong> \u2013 minimalizuj\u0105c\u0105 ryzyko po\u015blizgni\u0119cia si\u0119,<\/li>\n\n\n\n<li><strong>Odpowiednie o\u015bwietlenie<\/strong> \u2013 jasne, ale nieo\u015blepiaj\u0105ce, u\u0142atwiaj\u0105ce poruszanie si\u0119 po zmroku.<\/li>\n<\/ul>\n\n\n\n<p><strong>Podzia\u0142 przestrzeni to nie tylko kwestia estetyki \u2013 to realne wsparcie w codziennym funkcjonowaniu<\/strong>. Odpowiednio zaprojektowane wn\u0119trze zwi\u0119ksza bezpiecze\u0144stwo, wspiera niezale\u017cno\u015b\u0107 i odpowiada na konkretne potrzeby osoby starszej.<\/p>\n\n\n\n<p>Warto r\u00f3wnie\u017c zadba\u0107 o <strong>detale, kt\u00f3re tworz\u0105 domow\u0105 atmosfer\u0119<\/strong>. Mi\u0119kki koc, zdj\u0119cia bliskich, ulubione kolory czy pami\u0105tki z podr\u00f3\u017cy \u2013 to wszystko sprawia, \u017ce pok\u00f3j staje si\u0119 nie tylko funkcjonalny, ale te\u017c <strong>ciep\u0142y, przytulny i pe\u0142en osobistego charakteru<\/strong>.<\/p>\n\n\n\n<figure class=\"wp-block-image size-full\"><a href=\"https:\/\/proplo.pl\/profile\/twoje-nowe-studio-projektowe\/projekt\/gabinet-2250\"><img loading=\"lazy\" decoding=\"async\" width=\"1200\" height=\"800\" src=\"https:\/\/proplo.pl\/blog\/wp-content\/uploads\/2025\/08\/aranzacja-pokoju-dla-seniora.png\" alt=\"Wn\u0119trze salonu z r\u00f3\u017cow\u0105 sof\u0105 i drewnian\u0105 p\u00f3\u0142k\u0105, nowoczesny projekt.\" class=\"wp-image-1226\" srcset=\"https:\/\/proplo.pl\/blog\/wp-content\/uploads\/2025\/08\/aranzacja-pokoju-dla-seniora.png 1200w, https:\/\/proplo.pl\/blog\/wp-content\/uploads\/2025\/08\/aranzacja-pokoju-dla-seniora-300x200.png 300w, https:\/\/proplo.pl\/blog\/wp-content\/uploads\/2025\/08\/aranzacja-pokoju-dla-seniora-768x512.png 768w, https:\/\/proplo.pl\/blog\/wp-content\/uploads\/2025\/08\/aranzacja-pokoju-dla-seniora-1024x683.png 1024w, https:\/\/proplo.pl\/blog\/wp-content\/uploads\/2025\/08\/aranzacja-pokoju-dla-seniora-480x320.png 480w\" sizes=\"auto, (max-width: 1200px) 100vw, 1200px\" \/><\/a><figcaption class=\"wp-element-caption\">Projekt: <a href=\"https:\/\/proplo.pl\/profile\/twoje-nowe-studio-projektowe\">Twoje Nowe Studio Projektowe<\/a><\/figcaption><\/figure>\n\n\n\n<h2 class=\"wp-block-heading\">Na co zwr\u00f3ci\u0107 uwag\u0119 przy urz\u0105dzaniu pokoju seniora<\/h2>\n\n\n\n<p>Urz\u0105dzaj\u0105c <strong>pok\u00f3j dla seniora<\/strong>, nale\u017cy skupi\u0107 si\u0119 na rozwi\u0105zaniach, kt\u00f3re realnie wp\u0142ywaj\u0105 na <strong>komfort, bezpiecze\u0144stwo i samodzielno\u015b\u0107<\/strong>. To nie tylko kwestia estetyki \u2013 to codzienna wygoda \u017cycia. Kluczowe znaczenie maj\u0105 <strong>wygodne i funkcjonalne meble<\/strong>. Przyk\u0142adowo:<\/p>\n\n\n\n<ul class=\"wp-block-list\">\n<li><strong>\u0141\u00f3\u017cko z regulowan\u0105 wysoko\u015bci\u0105<\/strong> \u2013 u\u0142atwia wstawanie i k\u0142adzenie si\u0119, co jest szczeg\u00f3lnie wa\u017cne dla os\u00f3b z ograniczon\u0105 mobilno\u015bci\u0105.<\/li>\n\n\n\n<li><strong>Fotel z pod\u0142okietnikami<\/strong> \u2013 zapewnia stabilne oparcie i komfort podczas odpoczynku.<\/li>\n<\/ul>\n\n\n\n<p><strong>O\u015bwietlenie<\/strong> to kolejny kluczowy element. Jasne, ciep\u0142e \u015bwiat\u0142o nie tylko poprawia widoczno\u015b\u0107, ale r\u00f3wnie\u017c wp\u0142ywa pozytywnie na nastr\u00f3j. Warto zadba\u0107 o kilka \u017ar\u00f3de\u0142 \u015bwiat\u0142a, z kt\u00f3rych ka\u017cde pe\u0142ni inn\u0105 funkcj\u0119:<\/p>\n\n\n\n<ul class=\"wp-block-list\">\n<li><strong>Lampka nocna<\/strong> \u2013 przy \u0142\u00f3\u017cku, u\u0142atwia orientacj\u0119 w nocy.<\/li>\n\n\n\n<li><strong>O\u015bwietlenie sufitowe<\/strong> \u2013 rozja\u015bnia ca\u0142e pomieszczenie.<\/li>\n\n\n\n<li><strong>Lampa punktowa<\/strong> \u2013 przy fotelu, idealna do czytania.<\/li>\n<\/ul>\n\n\n\n<p><strong>Minimalizm<\/strong> to nie tylko trend, ale przede wszystkim praktyczne podej\u015bcie. Zbyt wiele przedmiot\u00f3w mo\u017ce utrudnia\u0107 poruszanie si\u0119 i zwi\u0119ksza\u0107 ryzyko upadk\u00f3w. Styl skandynawski, oparty na prostocie i funkcjonalno\u015bci, doskonale sprawdza si\u0119 w sypialni seniora \u2013 jest <strong>ciep\u0142y, uporz\u0105dkowany i bezpieczny<\/strong>.<\/p>\n\n\n\n<p>Nie mo\u017cna zapomina\u0107 o detalach, kt\u00f3re wspieraj\u0105 codzienn\u0105 samodzielno\u015b\u0107. Cz\u0119sto to w\u0142a\u015bnie drobiazgi robi\u0105 najwi\u0119ksz\u0105 r\u00f3\u017cnic\u0119:<\/p>\n\n\n\n<ul class=\"wp-block-list\">\n<li><strong>Uchwyty w \u0142azience<\/strong> \u2013 u\u0142atwiaj\u0105 wstawanie i poruszanie si\u0119.<\/li>\n\n\n\n<li><strong>Antypo\u015blizgowe maty<\/strong> \u2013 zapobiegaj\u0105 po\u015blizgni\u0119ciom.<\/li>\n\n\n\n<li><strong>Niskie progi<\/strong> \u2013 u\u0142atwiaj\u0105 przechodzenie mi\u0119dzy pomieszczeniami.<\/li>\n<\/ul>\n\n\n\n<p>Wn\u0119trze powinno by\u0107 nie tylko funkcjonalne, ale r\u00f3wnie\u017c <strong>przytulne i sprzyjaj\u0105ce relaksowi<\/strong>. Warto postawi\u0107 na:<\/p>\n\n\n\n<ul class=\"wp-block-list\">\n<li><strong>Stonowane dekoracje<\/strong> \u2013 np. obrazy z motywami natury.<\/li>\n\n\n\n<li><strong>Mi\u0119kkie zas\u0142ony<\/strong> \u2013 dodaj\u0105 ciep\u0142a i przytulno\u015bci.<\/li>\n\n\n\n<li><strong>Spokojne kolory<\/strong> \u2013 dzia\u0142aj\u0105 koj\u0105co na zmys\u0142y.<\/li>\n<\/ul>\n\n\n\n<p>Coraz wi\u0119cej os\u00f3b decyduje si\u0119 na <strong>ergonomiczne mieszkania<\/strong>, kt\u00f3re wspieraj\u0105 niezale\u017cno\u015b\u0107 i u\u0142atwiaj\u0105 codzienne czynno\u015bci \u2013 od gotowania po poruszanie si\u0119. Warto r\u00f3wnie\u017c rozwa\u017cy\u0107 <strong>nowoczesne technologie<\/strong>, kt\u00f3re mog\u0105 znacz\u0105co poprawi\u0107 jako\u015b\u0107 \u017cycia seniora:<\/p>\n\n\n\n<ul class=\"wp-block-list\">\n<li><strong>Inteligentne o\u015bwietlenie<\/strong> \u2013 automatyczne w\u0142\u0105czanie \u015bwiat\u0142a po zmroku.<\/li>\n\n\n\n<li><strong>Systemy alarmowe<\/strong> \u2013 zwi\u0119kszaj\u0105 poczucie bezpiecze\u0144stwa.<\/li>\n<\/ul>\n\n\n\n<h3 class=\"wp-block-heading\">Czego unika\u0107 w aran\u017cacji wn\u0119trza dla osoby starszej<\/h3>\n\n\n\n<p>Podczas <strong>aran\u017cacji wn\u0119trza dla osoby starszej<\/strong> r\u00f3wnie wa\u017cne jak to, co warto wprowadzi\u0107, jest to, czego nale\u017cy unika\u0107. Przede wszystkim:<\/p>\n\n\n\n<ul class=\"wp-block-list\">\n<li><strong>Nadmiar dekoracji<\/strong> \u2013 mog\u0105 przeszkadza\u0107 w poruszaniu si\u0119 i zwi\u0119ksza\u0107 ryzyko potkni\u0119cia. Minimalizm to \u015bwiadomy wyb\u00f3r sprzyjaj\u0105cy bezpiecze\u0144stwu.<\/li>\n\n\n\n<li><strong>Ciemne kolory<\/strong> \u2013 utrudniaj\u0105 orientacj\u0119, szczeg\u00f3lnie osobom ze s\u0142abszym wzrokiem. Zamiast tego warto postawi\u0107 na jasne, naturalne odcienie: be\u017ce, pastele, delikatne szaro\u015bci.<\/li>\n\n\n\n<li><strong>Meble z ostrymi kraw\u0119dziami<\/strong> \u2013 stanowi\u0105 zagro\u017cenie w razie upadku. Lepiej wybiera\u0107 modele z zaokr\u0105glonymi kantami i stabiln\u0105 konstrukcj\u0105.<\/li>\n\n\n\n<li><strong>\u015aliskie dywany i wyk\u0142adziny<\/strong> \u2013 mog\u0105 prowadzi\u0107 do po\u015blizgni\u0119\u0107. Warto je usun\u0105\u0107 lub zast\u0105pi\u0107 antypo\u015blizgowymi rozwi\u0105zaniami.<\/li>\n<\/ul>\n\n\n\n<p><strong>Najwa\u017cniejsze pytanie, jakie warto sobie zada\u0107:<\/strong> czy to wn\u0119trze wspiera niezale\u017cno\u015b\u0107 seniora, czy j\u0105 ogranicza? Czasem wystarczy drobna zmiana, by znacz\u0105co poprawi\u0107 komfort i bezpiecze\u0144stwo. <strong>Liczy si\u0119 ka\u017cdy szczeg\u00f3\u0142<\/strong>.<audio autoplay=\"\"><\/audio><audio autoplay=\"\"><\/audio><\/p>\n\n\n\n<hr class=\"wp-block-separator has-alpha-channel-opacity\"\/>\n\n\n\n<p><strong>\u0179r\u00f3d\u0142a:<\/strong><\/p>\n\n\n<ol class=\"wp-block-footnotes\"><li id=\"62a67330-2b65-4b1e-afdf-038df6a4681e\"><a href=\"https:\/\/www.womanaroundtown.com\/contributed\/making-bedrooms-safe-and-comfortable-for-seniors\/\">https:\/\/www.womanaroundtown.com\/contributed\/making-bedrooms-safe-and-comfortable-for-seniors\/?utm_source=chatgpt.com<\/a> <a href=\"#62a67330-2b65-4b1e-afdf-038df6a4681e-link\" aria-label=\"Przejd\u017a do przypisu 1\">\u21a9\ufe0e<\/a><\/li><\/ol>\n\n\n<p><\/p>\n","protected":false},"excerpt":{"rendered":"<p>Dowiedz si\u0119, jak urz\u0105dzi\u0107 pok\u00f3j seniora, by \u0142\u0105czy\u0142 komfort, bezpiecze\u0144stwo i funkcjonalno\u015b\u0107, wspieraj\u0105c niezale\u017cno\u015b\u0107 i codzienn\u0105 wygod\u0119.<\/p>\n","protected":false},"author":3,"featured_media":1219,"comment_status":"open","ping_status":"open","sticky":false,"template":"","format":"standard","meta":{"footnotes":"[{\"content\":\"<a href=\\\"https:\/\/www.womanaroundtown.com\/contributed\/making-bedrooms-safe-and-comfortable-for-seniors\/\\\">https:\/\/www.womanaroundtown.com\/contributed\/making-bedrooms-safe-and-comfortable-for-seniors\/?utm_source=chatgpt.com<\/a>\",\"id\":\"62a67330-2b65-4b1e-afdf-038df6a4681e\"}]"},"categories":[15],"tags":[],"class_list":["post-1201","post","type-post","status-publish","format-standard","has-post-thumbnail","hentry","category-inne"],"acf":[],"yoast_head":"<!-- This site is optimized with the Yoast SEO plugin v27.5 - https:\/\/yoast.com\/product\/yoast-seo-wordpress\/ -->\n<title>Jak urz\u0105dzi\u0107 praktyczny i modny pok\u00f3j dla seniora? - Proplo<\/title>\n<meta name=\"description\" content=\"Dowiedz si\u0119, jak urz\u0105dzi\u0107 pok\u00f3j seniora, by \u0142\u0105czy\u0142 komfort, bezpiecze\u0144stwo i funkcjonalno\u015b\u0107, wspieraj\u0105c niezale\u017cno\u015b\u0107 i codzienn\u0105 wygod\u0119.\" \/>\n<meta name=\"robots\" content=\"index, follow, max-snippet:-1, max-image-preview:large, max-video-preview:-1\" \/>\n<link rel=\"canonical\" href=\"https:\/\/proplo.pl\/blog\/jak-urzadzic-pokoj-dla-seniora\/\" \/>\n<meta property=\"og:locale\" content=\"pl_PL\" \/>\n<meta property=\"og:type\" content=\"article\" \/>\n<meta property=\"og:title\" content=\"Jak urz\u0105dzi\u0107 praktyczny i modny pok\u00f3j dla seniora? - Proplo\" \/>\n<meta property=\"og:description\" content=\"Dowiedz si\u0119, jak urz\u0105dzi\u0107 pok\u00f3j seniora, by \u0142\u0105czy\u0142 komfort, bezpiecze\u0144stwo i funkcjonalno\u015b\u0107, wspieraj\u0105c niezale\u017cno\u015b\u0107 i codzienn\u0105 wygod\u0119.\" \/>\n<meta property=\"og:url\" content=\"https:\/\/proplo.pl\/blog\/jak-urzadzic-pokoj-dla-seniora\/\" \/>\n<meta property=\"og:site_name\" content=\"Poradnik wn\u0119trzarski - Proplo\" \/>\n<meta property=\"article:published_time\" content=\"2025-08-19T19:26:19+00:00\" \/>\n<meta property=\"article:modified_time\" content=\"2025-08-19T19:26:20+00:00\" \/>\n<meta property=\"og:image\" content=\"https:\/\/proplo.pl\/blog\/wp-content\/uploads\/2025\/08\/poko\u0301j-dla-seniora.png\" \/>\n\t<meta property=\"og:image:width\" content=\"1200\" \/>\n\t<meta property=\"og:image:height\" content=\"800\" \/>\n\t<meta property=\"og:image:type\" content=\"image\/png\" \/>\n<meta name=\"author\" content=\"Proplo\" \/>\n<meta name=\"twitter:card\" content=\"summary_large_image\" \/>\n<meta name=\"twitter:label1\" content=\"Napisane przez\" \/>\n\t<meta name=\"twitter:data1\" content=\"Proplo\" \/>\n\t<meta name=\"twitter:label2\" content=\"Szacowany czas czytania\" \/>\n\t<meta name=\"twitter:data2\" content=\"24 minuty\" \/>\n<script type=\"application\/ld+json\" class=\"yoast-schema-graph\">{\"@context\":\"https:\\\/\\\/schema.org\",\"@graph\":[{\"@type\":\"Article\",\"@id\":\"https:\\\/\\\/proplo.pl\\\/blog\\\/jak-urzadzic-pokoj-dla-seniora\\\/#article\",\"isPartOf\":{\"@id\":\"https:\\\/\\\/proplo.pl\\\/blog\\\/jak-urzadzic-pokoj-dla-seniora\\\/\"},\"author\":{\"name\":\"Proplo\",\"@id\":\"https:\\\/\\\/proplo.pl\\\/blog\\\/#\\\/schema\\\/person\\\/c13af99097d24e9fc2b86b838c0fd0e1\"},\"headline\":\"Jak urz\u0105dzi\u0107 praktyczny i modny pok\u00f3j dla seniora?\",\"datePublished\":\"2025-08-19T19:26:19+00:00\",\"dateModified\":\"2025-08-19T19:26:20+00:00\",\"mainEntityOfPage\":{\"@id\":\"https:\\\/\\\/proplo.pl\\\/blog\\\/jak-urzadzic-pokoj-dla-seniora\\\/\"},\"wordCount\":4542,\"commentCount\":0,\"image\":{\"@id\":\"https:\\\/\\\/proplo.pl\\\/blog\\\/jak-urzadzic-pokoj-dla-seniora\\\/#primaryimage\"},\"thumbnailUrl\":\"https:\\\/\\\/proplo.pl\\\/blog\\\/wp-content\\\/uploads\\\/2025\\\/08\\\/poko\u0301j-dla-seniora.png\",\"articleSection\":[\"Inne\"],\"inLanguage\":\"pl-PL\",\"potentialAction\":[{\"@type\":\"CommentAction\",\"name\":\"Comment\",\"target\":[\"https:\\\/\\\/proplo.pl\\\/blog\\\/jak-urzadzic-pokoj-dla-seniora\\\/#respond\"]}]},{\"@type\":\"WebPage\",\"@id\":\"https:\\\/\\\/proplo.pl\\\/blog\\\/jak-urzadzic-pokoj-dla-seniora\\\/\",\"url\":\"https:\\\/\\\/proplo.pl\\\/blog\\\/jak-urzadzic-pokoj-dla-seniora\\\/\",\"name\":\"Jak urz\u0105dzi\u0107 praktyczny i modny pok\u00f3j dla seniora? - Proplo\",\"isPartOf\":{\"@id\":\"https:\\\/\\\/proplo.pl\\\/blog\\\/#website\"},\"primaryImageOfPage\":{\"@id\":\"https:\\\/\\\/proplo.pl\\\/blog\\\/jak-urzadzic-pokoj-dla-seniora\\\/#primaryimage\"},\"image\":{\"@id\":\"https:\\\/\\\/proplo.pl\\\/blog\\\/jak-urzadzic-pokoj-dla-seniora\\\/#primaryimage\"},\"thumbnailUrl\":\"https:\\\/\\\/proplo.pl\\\/blog\\\/wp-content\\\/uploads\\\/2025\\\/08\\\/poko\u0301j-dla-seniora.png\",\"datePublished\":\"2025-08-19T19:26:19+00:00\",\"dateModified\":\"2025-08-19T19:26:20+00:00\",\"author\":{\"@id\":\"https:\\\/\\\/proplo.pl\\\/blog\\\/#\\\/schema\\\/person\\\/c13af99097d24e9fc2b86b838c0fd0e1\"},\"description\":\"Dowiedz si\u0119, jak urz\u0105dzi\u0107 pok\u00f3j seniora, by \u0142\u0105czy\u0142 komfort, bezpiecze\u0144stwo i funkcjonalno\u015b\u0107, wspieraj\u0105c niezale\u017cno\u015b\u0107 i codzienn\u0105 wygod\u0119.\",\"breadcrumb\":{\"@id\":\"https:\\\/\\\/proplo.pl\\\/blog\\\/jak-urzadzic-pokoj-dla-seniora\\\/#breadcrumb\"},\"inLanguage\":\"pl-PL\",\"potentialAction\":[{\"@type\":\"ReadAction\",\"target\":[\"https:\\\/\\\/proplo.pl\\\/blog\\\/jak-urzadzic-pokoj-dla-seniora\\\/\"]}]},{\"@type\":\"ImageObject\",\"inLanguage\":\"pl-PL\",\"@id\":\"https:\\\/\\\/proplo.pl\\\/blog\\\/jak-urzadzic-pokoj-dla-seniora\\\/#primaryimage\",\"url\":\"https:\\\/\\\/proplo.pl\\\/blog\\\/wp-content\\\/uploads\\\/2025\\\/08\\\/poko\u0301j-dla-seniora.png\",\"contentUrl\":\"https:\\\/\\\/proplo.pl\\\/blog\\\/wp-content\\\/uploads\\\/2025\\\/08\\\/poko\u0301j-dla-seniora.png\",\"width\":1200,\"height\":800,\"caption\":\"Wn\u0119trze salonu z czerwon\u0105 sof\u0105, drewnianym sto\u0142em i ro\u015blin\u0105.\"},{\"@type\":\"BreadcrumbList\",\"@id\":\"https:\\\/\\\/proplo.pl\\\/blog\\\/jak-urzadzic-pokoj-dla-seniora\\\/#breadcrumb\",\"itemListElement\":[{\"@type\":\"ListItem\",\"position\":1,\"name\":\"Proplo\",\"item\":\"https:\\\/\\\/proplo.pl\"},{\"@type\":\"ListItem\",\"position\":2,\"name\":\"Poradnik wn\u0119trzarski\",\"item\":\"https:\\\/\\\/proplo.pl\\\/blog\\\/\"},{\"@type\":\"ListItem\",\"position\":3,\"name\":\"Jak urz\u0105dzi\u0107 praktyczny i modny pok\u00f3j dla seniora?\"}]},{\"@type\":\"WebSite\",\"@id\":\"https:\\\/\\\/proplo.pl\\\/blog\\\/#website\",\"url\":\"https:\\\/\\\/proplo.pl\\\/blog\\\/\",\"name\":\"Blog Proplo\",\"description\":\"\",\"potentialAction\":[{\"@type\":\"SearchAction\",\"target\":{\"@type\":\"EntryPoint\",\"urlTemplate\":\"https:\\\/\\\/proplo.pl\\\/blog\\\/?s={search_term_string}\"},\"query-input\":{\"@type\":\"PropertyValueSpecification\",\"valueRequired\":true,\"valueName\":\"search_term_string\"}}],\"inLanguage\":\"pl-PL\"},{\"@type\":\"Person\",\"@id\":\"https:\\\/\\\/proplo.pl\\\/blog\\\/#\\\/schema\\\/person\\\/c13af99097d24e9fc2b86b838c0fd0e1\",\"name\":\"Proplo\",\"image\":{\"@type\":\"ImageObject\",\"inLanguage\":\"pl-PL\",\"@id\":\"https:\\\/\\\/secure.gravatar.com\\\/avatar\\\/176f908138148facd74b7d78fc677b53b24a54b63aacd8fc4e81a4da926e5f28?s=96&d=mm&r=g\",\"url\":\"https:\\\/\\\/secure.gravatar.com\\\/avatar\\\/176f908138148facd74b7d78fc677b53b24a54b63aacd8fc4e81a4da926e5f28?s=96&d=mm&r=g\",\"contentUrl\":\"https:\\\/\\\/secure.gravatar.com\\\/avatar\\\/176f908138148facd74b7d78fc677b53b24a54b63aacd8fc4e81a4da926e5f28?s=96&d=mm&r=g\",\"caption\":\"Proplo\"},\"url\":\"https:\\\/\\\/proplo.pl\\\/blog\\\/author\\\/r-marciniak\\\/\"}]}<\/script>\n<!-- \/ Yoast SEO plugin. -->","yoast_head_json":{"title":"Jak urz\u0105dzi\u0107 praktyczny i modny pok\u00f3j dla seniora? - Proplo","description":"Dowiedz si\u0119, jak urz\u0105dzi\u0107 pok\u00f3j seniora, by \u0142\u0105czy\u0142 komfort, bezpiecze\u0144stwo i funkcjonalno\u015b\u0107, wspieraj\u0105c niezale\u017cno\u015b\u0107 i codzienn\u0105 wygod\u0119.","robots":{"index":"index","follow":"follow","max-snippet":"max-snippet:-1","max-image-preview":"max-image-preview:large","max-video-preview":"max-video-preview:-1"},"canonical":"https:\/\/proplo.pl\/blog\/jak-urzadzic-pokoj-dla-seniora\/","og_locale":"pl_PL","og_type":"article","og_title":"Jak urz\u0105dzi\u0107 praktyczny i modny pok\u00f3j dla seniora? - Proplo","og_description":"Dowiedz si\u0119, jak urz\u0105dzi\u0107 pok\u00f3j seniora, by \u0142\u0105czy\u0142 komfort, bezpiecze\u0144stwo i funkcjonalno\u015b\u0107, wspieraj\u0105c niezale\u017cno\u015b\u0107 i codzienn\u0105 wygod\u0119.","og_url":"https:\/\/proplo.pl\/blog\/jak-urzadzic-pokoj-dla-seniora\/","og_site_name":"Poradnik wn\u0119trzarski - Proplo","article_published_time":"2025-08-19T19:26:19+00:00","article_modified_time":"2025-08-19T19:26:20+00:00","og_image":[{"width":1200,"height":800,"url":"https:\/\/proplo.pl\/blog\/wp-content\/uploads\/2025\/08\/poko\u0301j-dla-seniora.png","type":"image\/png"}],"author":"Proplo","twitter_card":"summary_large_image","twitter_misc":{"Napisane przez":"Proplo","Szacowany czas czytania":"24 minuty"},"schema":{"@context":"https:\/\/schema.org","@graph":[{"@type":"Article","@id":"https:\/\/proplo.pl\/blog\/jak-urzadzic-pokoj-dla-seniora\/#article","isPartOf":{"@id":"https:\/\/proplo.pl\/blog\/jak-urzadzic-pokoj-dla-seniora\/"},"author":{"name":"Proplo","@id":"https:\/\/proplo.pl\/blog\/#\/schema\/person\/c13af99097d24e9fc2b86b838c0fd0e1"},"headline":"Jak urz\u0105dzi\u0107 praktyczny i modny pok\u00f3j dla seniora?","datePublished":"2025-08-19T19:26:19+00:00","dateModified":"2025-08-19T19:26:20+00:00","mainEntityOfPage":{"@id":"https:\/\/proplo.pl\/blog\/jak-urzadzic-pokoj-dla-seniora\/"},"wordCount":4542,"commentCount":0,"image":{"@id":"https:\/\/proplo.pl\/blog\/jak-urzadzic-pokoj-dla-seniora\/#primaryimage"},"thumbnailUrl":"https:\/\/proplo.pl\/blog\/wp-content\/uploads\/2025\/08\/poko\u0301j-dla-seniora.png","articleSection":["Inne"],"inLanguage":"pl-PL","potentialAction":[{"@type":"CommentAction","name":"Comment","target":["https:\/\/proplo.pl\/blog\/jak-urzadzic-pokoj-dla-seniora\/#respond"]}]},{"@type":"WebPage","@id":"https:\/\/proplo.pl\/blog\/jak-urzadzic-pokoj-dla-seniora\/","url":"https:\/\/proplo.pl\/blog\/jak-urzadzic-pokoj-dla-seniora\/","name":"Jak urz\u0105dzi\u0107 praktyczny i modny pok\u00f3j dla seniora? - Proplo","isPartOf":{"@id":"https:\/\/proplo.pl\/blog\/#website"},"primaryImageOfPage":{"@id":"https:\/\/proplo.pl\/blog\/jak-urzadzic-pokoj-dla-seniora\/#primaryimage"},"image":{"@id":"https:\/\/proplo.pl\/blog\/jak-urzadzic-pokoj-dla-seniora\/#primaryimage"},"thumbnailUrl":"https:\/\/proplo.pl\/blog\/wp-content\/uploads\/2025\/08\/poko\u0301j-dla-seniora.png","datePublished":"2025-08-19T19:26:19+00:00","dateModified":"2025-08-19T19:26:20+00:00","author":{"@id":"https:\/\/proplo.pl\/blog\/#\/schema\/person\/c13af99097d24e9fc2b86b838c0fd0e1"},"description":"Dowiedz si\u0119, jak urz\u0105dzi\u0107 pok\u00f3j seniora, by \u0142\u0105czy\u0142 komfort, bezpiecze\u0144stwo i funkcjonalno\u015b\u0107, wspieraj\u0105c niezale\u017cno\u015b\u0107 i codzienn\u0105 wygod\u0119.","breadcrumb":{"@id":"https:\/\/proplo.pl\/blog\/jak-urzadzic-pokoj-dla-seniora\/#breadcrumb"},"inLanguage":"pl-PL","potentialAction":[{"@type":"ReadAction","target":["https:\/\/proplo.pl\/blog\/jak-urzadzic-pokoj-dla-seniora\/"]}]},{"@type":"ImageObject","inLanguage":"pl-PL","@id":"https:\/\/proplo.pl\/blog\/jak-urzadzic-pokoj-dla-seniora\/#primaryimage","url":"https:\/\/proplo.pl\/blog\/wp-content\/uploads\/2025\/08\/poko\u0301j-dla-seniora.png","contentUrl":"https:\/\/proplo.pl\/blog\/wp-content\/uploads\/2025\/08\/poko\u0301j-dla-seniora.png","width":1200,"height":800,"caption":"Wn\u0119trze salonu z czerwon\u0105 sof\u0105, drewnianym sto\u0142em i ro\u015blin\u0105."},{"@type":"BreadcrumbList","@id":"https:\/\/proplo.pl\/blog\/jak-urzadzic-pokoj-dla-seniora\/#breadcrumb","itemListElement":[{"@type":"ListItem","position":1,"name":"Proplo","item":"https:\/\/proplo.pl"},{"@type":"ListItem","position":2,"name":"Poradnik wn\u0119trzarski","item":"https:\/\/proplo.pl\/blog\/"},{"@type":"ListItem","position":3,"name":"Jak urz\u0105dzi\u0107 praktyczny i modny pok\u00f3j dla seniora?"}]},{"@type":"WebSite","@id":"https:\/\/proplo.pl\/blog\/#website","url":"https:\/\/proplo.pl\/blog\/","name":"Blog Proplo","description":"","potentialAction":[{"@type":"SearchAction","target":{"@type":"EntryPoint","urlTemplate":"https:\/\/proplo.pl\/blog\/?s={search_term_string}"},"query-input":{"@type":"PropertyValueSpecification","valueRequired":true,"valueName":"search_term_string"}}],"inLanguage":"pl-PL"},{"@type":"Person","@id":"https:\/\/proplo.pl\/blog\/#\/schema\/person\/c13af99097d24e9fc2b86b838c0fd0e1","name":"Proplo","image":{"@type":"ImageObject","inLanguage":"pl-PL","@id":"https:\/\/secure.gravatar.com\/avatar\/176f908138148facd74b7d78fc677b53b24a54b63aacd8fc4e81a4da926e5f28?s=96&d=mm&r=g","url":"https:\/\/secure.gravatar.com\/avatar\/176f908138148facd74b7d78fc677b53b24a54b63aacd8fc4e81a4da926e5f28?s=96&d=mm&r=g","contentUrl":"https:\/\/secure.gravatar.com\/avatar\/176f908138148facd74b7d78fc677b53b24a54b63aacd8fc4e81a4da926e5f28?s=96&d=mm&r=g","caption":"Proplo"},"url":"https:\/\/proplo.pl\/blog\/author\/r-marciniak\/"}]}},"_links":{"self":[{"href":"https:\/\/proplo.pl\/blog\/wp-json\/wp\/v2\/posts\/1201","targetHints":{"allow":["GET"]}}],"collection":[{"href":"https:\/\/proplo.pl\/blog\/wp-json\/wp\/v2\/posts"}],"about":[{"href":"https:\/\/proplo.pl\/blog\/wp-json\/wp\/v2\/types\/post"}],"author":[{"embeddable":true,"href":"https:\/\/proplo.pl\/blog\/wp-json\/wp\/v2\/users\/3"}],"replies":[{"embeddable":true,"href":"https:\/\/proplo.pl\/blog\/wp-json\/wp\/v2\/comments?post=1201"}],"version-history":[{"count":6,"href":"https:\/\/proplo.pl\/blog\/wp-json\/wp\/v2\/posts\/1201\/revisions"}],"predecessor-version":[{"id":1227,"href":"https:\/\/proplo.pl\/blog\/wp-json\/wp\/v2\/posts\/1201\/revisions\/1227"}],"wp:featuredmedia":[{"embeddable":true,"href":"https:\/\/proplo.pl\/blog\/wp-json\/wp\/v2\/media\/1219"}],"wp:attachment":[{"href":"https:\/\/proplo.pl\/blog\/wp-json\/wp\/v2\/media?parent=1201"}],"wp:term":[{"taxonomy":"category","embeddable":true,"href":"https:\/\/proplo.pl\/blog\/wp-json\/wp\/v2\/categories?post=1201"},{"taxonomy":"post_tag","embeddable":true,"href":"https:\/\/proplo.pl\/blog\/wp-json\/wp\/v2\/tags?post=1201"}],"curies":[{"name":"wp","href":"https:\/\/api.w.org\/{rel}","templated":true}]}}