{"id":1197,"date":"2025-08-19T19:17:23","date_gmt":"2025-08-19T18:17:23","guid":{"rendered":"https:\/\/proplo.pl\/blog\/?p=1197"},"modified":"2025-08-19T19:17:24","modified_gmt":"2025-08-19T18:17:24","slug":"jak-urzadzic-kuchnie-z-salonem","status":"publish","type":"post","link":"https:\/\/proplo.pl\/blog\/jak-urzadzic-kuchnie-z-salonem\/","title":{"rendered":"Jak urz\u0105dzi\u0107 kuchni\u0119 z salonem &#8211; funkcjonalne i estetyczne rozwi\u0105zania"},"content":{"rendered":"<div class=\"you-find-content\">\r\n    <div class=\"container-xl container-wrapper\">\r\n        <div class=\"row design\">\r\n            <div class=\"col-md-12 wrapper \">\r\n                <div class=\"title\"><p>Z tego artyku\u0142u dowiesz si\u0119:<\/p>\n<\/div>\r\n                <div class=\"grid-wrapper\">\r\n                                                        <div class=\"block-list\">\r\n                        <div class=\"number\">\r\n                            1                        <\/div>\r\n                        <div class=\"text\">\r\n                            <p>Jakie style aran\u017cacyjne najlepiej sprawdzaj\u0105 si\u0119 w kuchni po\u0142\u0105czonej z salonem?<\/p>\n                        <\/div>\r\n                    <\/div>\r\n                                        <div class=\"block-list\">\r\n                        <div class=\"number\">\r\n                            2                        <\/div>\r\n                        <div class=\"text\">\r\n                            <p>Jak zaplanowa\u0107 funkcjonalny uk\u0142ad i podzia\u0142 stref w otwartej przestrzeni?<\/p>\n                        <\/div>\r\n                    <\/div>\r\n                                        <div class=\"block-list\">\r\n                        <div class=\"number\">\r\n                            3                        <\/div>\r\n                        <div class=\"text\">\r\n                            <p>Jakie rozwi\u0105zania o\u015bwietleniowe i wentylacyjne zwi\u0119kszaj\u0105 komfort codziennego u\u017cytkowania?<\/p>\n                        <\/div>\r\n                    <\/div>\r\n                                        <div class=\"block-list\">\r\n                        <div class=\"number\">\r\n                            4                        <\/div>\r\n                        <div class=\"text\">\r\n                            <p>Jakie s\u0105 najcz\u0119stsze trudno\u015bci przy \u0142\u0105czeniu kuchni z salonem i jak ich unikn\u0105\u0107?<\/p>\n                        <\/div>\r\n                    <\/div>\r\n                                                    <\/div>\r\n            <\/div>\r\n        <\/div>\r\n    <\/div>\r\n<\/div>\n\n\n<p><strong>Po\u0142\u0105czenie kuchni z salonem<\/strong> to rozwi\u0105zanie, kt\u00f3re zyskuje coraz wi\u0119ksz\u0105 popularno\u015b\u0107. Nic dziwnego \u2013 otwarta przestrze\u0144 sprzyja wsp\u00f3lnemu sp\u0119dzaniu czasu, a jednocze\u015bnie pozwala maksymalnie wykorzysta\u0107 ka\u017cdy metr kwadratowy. Taki uk\u0142ad nie tylko u\u0142atwia codzienne funkcjonowanie, ale te\u017c nadaje wn\u0119trzu <strong>nowoczesny i lekki charakter<\/strong>. W tym artykule podpowiadamy, jak urz\u0105dzi\u0107 kuchni\u0119 z salonem, by by\u0142a zar\u00f3wno <strong>praktyczna, jak i estetyczna<\/strong>.<\/p>\n\n\n\n<p>Zanim przyst\u0105pisz do planowania uk\u0142adu mebli i wyboru dodatk\u00f3w, zastan\u00f3w si\u0119, <strong>jaki styl najlepiej odpowiada Twoim potrzebom i osobowo\u015bci<\/strong>. Styl wn\u0119trza wp\u0142ywa nie tylko na jego wygl\u0105d, ale r\u00f3wnie\u017c na wyb\u00f3r materia\u0142\u00f3w, kolorystyk\u0119 i spos\u00f3b zagospodarowania przestrzeni. Oto dwa popularne kierunki aran\u017cacyjne:<\/p>\n\n\n\n<ul class=\"wp-block-list\">\n<li><a href=\"https:\/\/proplo.pl\/style\/skandynawski\"><strong>Styl skandynawski<\/strong> <\/a>\u2013 dominuj\u0105 w nim biel, drewno i du\u017ca ilo\u015b\u0107 naturalnego \u015bwiat\u0142a. Wn\u0119trza s\u0105 jasne, przytulne i funkcjonalne.<\/li>\n\n\n\n<li><strong><a href=\"https:\/\/proplo.pl\/style\/industrialny\">Styl industrialny<\/a><\/strong> \u2013 charakteryzuje si\u0119 surowo\u015bci\u0105, obecno\u015bci\u0105 betonu, metalowych akcent\u00f3w i otwart\u0105 przestrzeni\u0105. Idealny dla mi\u0142o\u015bnik\u00f3w loftowego klimatu.<\/li>\n<\/ul>\n\n\n\n<p><strong>Funkcjonalno\u015b\u0107 to klucz do sukcesu<\/strong>. Ergonomiczny podzia\u0142 kuchni na strefy \u2013 gotowania, zmywania i przechowywania \u2013 znacz\u0105co u\u0142atwia codzienne obowi\u0105zki. W przypadku mniejszych mieszka\u0144 warto rozwa\u017cy\u0107 <strong>zabudow\u0119 si\u0119gaj\u0105c\u0105 sufitu<\/strong>, kt\u00f3ra pozwala maksymalnie wykorzysta\u0107 przestrze\u0144. Niezast\u0105pione s\u0105 r\u00f3wnie\u017c <strong>meble wielofunkcyjne<\/strong>, kt\u00f3re \u0142\u0105cz\u0105 estetyk\u0119 z praktyczno\u015bci\u0105:<\/p>\n\n\n\n<ul class=\"wp-block-list\">\n<li><strong>Wyspa kuchenna<\/strong>, kt\u00f3ra mo\u017ce pe\u0142ni\u0107 funkcj\u0119 sto\u0142u lub dodatkowego blatu roboczego.<\/li>\n\n\n\n<li><strong>Rozsuwany st\u00f3\u0142<\/strong> \u2013 idealne rozwi\u0105zanie, gdy brakuje miejsca na co dzie\u0144, ale potrzebujesz wi\u0119kszej powierzchni podczas spotka\u0144.<\/li>\n\n\n\n<li><strong>Kanapa z ukrytym schowkiem<\/strong> \u2013 \u015bwietna do przechowywania koc\u00f3w, poduszek czy ksi\u0105\u017cek.<\/li>\n<\/ul>\n\n\n\n<p><strong>O\u015bwietlenie i wentylacja<\/strong> to elementy, kt\u00f3re cz\u0119sto s\u0105 niedoceniane, a maj\u0105 ogromny wp\u0142yw na komfort u\u017cytkowania przestrzeni. Dobrze zaplanowane <strong>o\u015bwietlenie strefowe<\/strong> \u2013 nad blatem, sto\u0142em i w cz\u0119\u015bci wypoczynkowej \u2013 nie tylko buduje klimat, ale te\u017c poprawia funkcjonalno\u015b\u0107 wn\u0119trza. R\u00f3wnie wa\u017cna jest <strong>wydajna wentylacja<\/strong> \u2013 cichy okap lub system nawiewno-wywiewny to konieczno\u015b\u0107, je\u015bli chcesz unikn\u0105\u0107 unosz\u0105cych si\u0119 zapach\u00f3w gotowania.<\/p>\n\n\n\n<p>Szukasz inspiracji? Warto przyjrze\u0107 si\u0119 <strong>aktualnym trendom wn\u0119trzarskim<\/strong>, kt\u00f3re \u0142\u0105cz\u0105 estetyk\u0119 z funkcjonalno\u015bci\u0105. Obecnie na topie s\u0105:<\/p>\n\n\n\n<ul class=\"wp-block-list\">\n<li><strong>Naturalne materia\u0142y<\/strong> \u2013 drewno, len, kamie\u0144, kt\u00f3re wprowadzaj\u0105 do wn\u0119trza ciep\u0142o i harmoni\u0119.<\/li>\n\n\n\n<li><strong>Otwarte p\u00f3\u0142ki<\/strong> zamiast tradycyjnych g\u00f3rnych szafek \u2013 dodaj\u0105 lekko\u015bci i pozwalaj\u0105 wyeksponowa\u0107 dekoracje.<\/li>\n\n\n\n<li><strong>Modne zestawienia kolorystyczne<\/strong> \u2013 np. butelkowa ziele\u0144 z mosi\u0105dzem lub granat z jasnym drewnem, kt\u00f3re nadaj\u0105 wn\u0119trzu elegancji i charakteru.<\/li>\n<\/ul>\n\n\n\n<p>Inspiracji warto szuka\u0107 w <strong>realizacjach projektant\u00f3w wn\u0119trz<\/strong>, na Instagramie czy Pintere\u015bcie. Czasem wystarczy jeden, dobrze dobrany detal \u2013 <strong>lampa, obraz czy nietypowy uchwyt<\/strong> \u2013 by ca\u0142e wn\u0119trze zyska\u0142o unikalny charakter.<\/p>\n\n\n\n<p>A Ty? Czy masz ju\u017c za sob\u0105 urz\u0105dzanie kuchni po\u0142\u0105czonej z salonem? A mo\u017ce dopiero planujesz tak\u0105 aran\u017cacj\u0119 i szukasz pomys\u0142\u00f3w? <strong>Podziel si\u0119 swoj\u0105 histori\u0105<\/strong> \u2013 Twoje do\u015bwiadczenia mog\u0105 zainspirowa\u0107 innych do stworzenia wymarzonej przestrzeni.<\/p>\n\n\n\n<figure class=\"wp-block-image size-full\"><a href=\"https:\/\/proplo.pl\/profile\/wnetrza-z-glowa\/projekt\/mieszkanie-42m-2271\"><img loading=\"lazy\" decoding=\"async\" width=\"1200\" height=\"800\" src=\"https:\/\/proplo.pl\/blog\/wp-content\/uploads\/2025\/08\/Jak-urza\u0328dzic\u0301-kuchnie\u0328-z-salonem.png\" alt=\"Nowoczesna kuchnia z drewnianymi meblami i bia\u0142ym blatem, wsp\u00f3\u0142czesne wn\u0119trze.\" class=\"wp-image-1216\" srcset=\"https:\/\/proplo.pl\/blog\/wp-content\/uploads\/2025\/08\/Jak-urza\u0328dzic\u0301-kuchnie\u0328-z-salonem.png 1200w, https:\/\/proplo.pl\/blog\/wp-content\/uploads\/2025\/08\/Jak-urza\u0328dzic\u0301-kuchnie\u0328-z-salonem-300x200.png 300w, https:\/\/proplo.pl\/blog\/wp-content\/uploads\/2025\/08\/Jak-urza\u0328dzic\u0301-kuchnie\u0328-z-salonem-768x512.png 768w, https:\/\/proplo.pl\/blog\/wp-content\/uploads\/2025\/08\/Jak-urza\u0328dzic\u0301-kuchnie\u0328-z-salonem-1024x683.png 1024w, https:\/\/proplo.pl\/blog\/wp-content\/uploads\/2025\/08\/Jak-urza\u0328dzic\u0301-kuchnie\u0328-z-salonem-480x320.png 480w\" sizes=\"auto, (max-width: 1200px) 100vw, 1200px\" \/><\/a><figcaption class=\"wp-element-caption\">Projekt: <a href=\"https:\/\/proplo.pl\/profile\/wnetrza-z-glowa\">Wn\u0119trza z g\u0142ow\u0105<\/a><\/figcaption><\/figure>\n\n\n\n<h2 class=\"wp-block-heading\">Korzy\u015bci z otwartej przestrzeni dziennej<\/h2>\n\n\n\n<p>Decyduj\u0105c si\u0119 na <strong>kuchni\u0119 otwart\u0105 na salon<\/strong>, mo\u017cesz ca\u0142kowicie odmieni\u0107 codzienne funkcjonowanie domownik\u00f3w. <strong>To rozwi\u0105zanie sprzyja wsp\u00f3lnemu sp\u0119dzaniu czasu<\/strong> \u2013 gotuj\u0105c, nie tracisz kontaktu z bliskimi odpoczywaj\u0105cymi w salonie. Nawet je\u015bli ka\u017cdy zajmuje si\u0119 czym\u015b innym, wci\u0105\u017c jeste\u015bcie razem. Taki uk\u0142ad sprzyja <strong>budowaniu wi\u0119zi<\/strong> i sprawia, \u017ce dom staje si\u0119 bardziej dynamiczny i pe\u0142en \u017cycia.<\/p>\n\n\n\n<p><strong>Otwarta przestrze\u0144 dzienna<\/strong> daje r\u00f3wnie\u017c ogromne mo\u017cliwo\u015bci aran\u017cacyjne. Brak \u015bcian dzia\u0142owych oznacza wi\u0119ksz\u0105 swobod\u0119 w ustawieniu mebli i doborze dekoracji. Dzi\u0119ki temu \u0142atwiej dopasowa\u0107 wn\u0119trze do indywidualnych potrzeb i stylu \u017cycia. Co wi\u0119cej, nawet niewielkie mieszkanie zyskuje na przestronno\u015bci \u2013 <strong>wn\u0119trze staje si\u0119 ja\u015bniejsze, l\u017cejsze i bardziej przyjazne<\/strong>.<\/p>\n\n\n\n<p>Aby w pe\u0142ni wykorzysta\u0107 potencja\u0142 otwartej przestrzeni, warto zwr\u00f3ci\u0107 uwag\u0119 na kilka kluczowych element\u00f3w:<\/p>\n\n\n\n<ul class=\"wp-block-list\">\n<li><strong>Przemy\u015blane rozmieszczenie sprz\u0119t\u00f3w AGD<\/strong> \u2013 szczeg\u00f3lnie istotne jest umiejscowienie okapu kuchennego.<\/li>\n\n\n\n<li><strong>Dob\u00f3r odpowiedniego modelu okapu<\/strong> \u2013 skutecznie eliminuje zapachy, t\u0142umi ha\u0142as i poprawia komfort u\u017cytkowania.<\/li>\n\n\n\n<li><strong>Harmonijne po\u0142\u0105czenie funkcji kuchni i salonu<\/strong> \u2013 wp\u0142ywa na wygod\u0119 i estetyk\u0119 ca\u0142ej strefy dziennej.<\/li>\n<\/ul>\n\n\n\n<p><strong>To w\u0142a\u015bnie okap kuchenny mo\u017ce przes\u0105dzi\u0107 o tym, czy otwarta kuchnia b\u0119dzie naprawd\u0119 wygodna i przyjemna w codziennym u\u017cytkowaniu.<\/strong><\/p>\n\n\n\n<h3 class=\"wp-block-heading\">Potencjalne trudno\u015bci i jak im zapobiega\u0107<\/h3>\n\n\n\n<p>Mimo licznych zalet, <strong>kuchnia otwarta na salon<\/strong> wi\u0105\u017ce si\u0119 z pewnymi wyzwaniami. Najcz\u0119stsze z nich to:<\/p>\n\n\n\n<ul class=\"wp-block-list\">\n<li><strong>Rozprzestrzenianie si\u0119 zapach\u00f3w i ha\u0142asu<\/strong> \u2013 mog\u0105 zak\u0142\u00f3ca\u0107 relaks w cz\u0119\u015bci wypoczynkowej.<\/li>\n\n\n\n<li><strong>Trudno\u015b\u0107 w utrzymaniu porz\u0105dku<\/strong> \u2013 kuchnia jest stale widoczna, co wymaga wi\u0119kszej dba\u0142o\u015bci o estetyk\u0119.<\/li>\n\n\n\n<li><strong>Brak wyra\u017anego podzia\u0142u funkcjonalnego<\/strong> \u2013 mo\u017ce prowadzi\u0107 do chaosu wizualnego.<\/li>\n<\/ul>\n\n\n\n<p>Jak sobie z tym poradzi\u0107? Oto sprawdzone rozwi\u0105zania:<\/p>\n\n\n\n<ul class=\"wp-block-list\">\n<li><strong>Wydajny okap kuchenny<\/strong> \u2013 poch\u0142ania opary i redukuje ha\u0142as, nie zak\u0142\u00f3caj\u0105c atmosfery salonu.<\/li>\n\n\n\n<li><strong>Sprytne systemy przechowywania<\/strong> \u2013 zabudowa do sufitu i szafki z organizerami pomagaj\u0105 utrzyma\u0107 porz\u0105dek.<\/li>\n\n\n\n<li><strong>Meble wielofunkcyjne<\/strong> \u2013 \u0142\u0105cz\u0105 estetyk\u0119 z praktyczno\u015bci\u0105, idealne do ma\u0142ych przestrzeni.<\/li>\n\n\n\n<li><strong>Sp\u00f3jno\u015b\u0107 wizualna<\/strong> \u2013 dob\u00f3r pasuj\u0105cych materia\u0142\u00f3w i kolorystyki tworzy harmonijn\u0105 ca\u0142o\u015b\u0107.<\/li>\n<\/ul>\n\n\n\n<p>Warto zadba\u0107 o <strong>jednolity styl kuchni i salonu<\/strong>. Cho\u0107 pe\u0142ni\u0105 r\u00f3\u017cne funkcje, powinny tworzy\u0107 sp\u00f3jn\u0105 przestrze\u0144. Dob\u00f3r materia\u0142\u00f3w \u2013 drewna, metalu, szk\u0142a \u2013 zale\u017cy od preferowanego stylu, ale <strong>kluczowa jest konsekwencja<\/strong>. Sp\u00f3jna kolorystyka i przemy\u015blane dodatki, takie jak lampy, tekstylia czy dekoracje, nadaj\u0105 wn\u0119trzu charakteru.<\/p>\n\n\n\n<p><strong>To w\u0142a\u015bnie detale decyduj\u0105 o tym, czy wn\u0119trze zachwyca i staje si\u0119 miejscem, do kt\u00f3rego chce si\u0119 wraca\u0107<\/strong> \u2013 nie tylko funkcjonalnym, ale te\u017c ciesz\u0105cym oko i serce.<\/p>\n\n\n\n<h2 class=\"wp-block-heading\">Uk\u0142ad funkcjonalny kuchni z salonem<\/h2>\n\n\n\n<p>W nowoczesnych aran\u017cacjach wn\u0119trz coraz cz\u0119\u015bciej spotykamy <strong>po\u0142\u0105czenie kuchni z salonem<\/strong>. To rozwi\u0105zanie \u0142\u0105czy <strong>wygod\u0119, estetyk\u0119 i funkcjonalno\u015b\u0107<\/strong>, a jednocze\u015bnie sprzyja codziennym rozmowom i wsp\u00f3lnemu sp\u0119dzaniu czasu. Taki uk\u0142ad pozwala lepiej wykorzysta\u0107 dost\u0119pn\u0105 przestrze\u0144, sprawiaj\u0105c, \u017ce dom staje si\u0119 bardziej <strong>otwarty, przyjazny i komfortowy<\/strong>.<\/p>\n\n\n\n<p>W tej cz\u0119\u015bci podpowiemy Ci, jak stworzy\u0107 <strong>sp\u00f3jne i praktyczne wn\u0119trze<\/strong>, w kt\u00f3rym gotowanie, relaks i \u017cycie rodzinne przenikaj\u0105 si\u0119 w naturalny spos\u00f3b. Bo przecie\u017c dom to nie tylko miejsce \u2013 <strong>to styl \u017cycia<\/strong>.<\/p>\n\n\n\n<h3 class=\"wp-block-heading\">Kuchnia otwarta na salon \u2013 najpopularniejsze rozwi\u0105zanie<\/h3>\n\n\n\n<p>Najcz\u0119\u015bciej wybieranym uk\u0142adem jest <strong>kuchnia otwarta na salon<\/strong>. Brak \u015bcian dzia\u0142owych i p\u0142ynne przej\u015bcie mi\u0119dzy stref\u0105 gotowania a wypoczynkiem to nie tylko modny trend, ale przede wszystkim <strong>praktyczne podej\u015bcie do aran\u017cacji przestrzeni<\/strong>. Otwarta kuchnia sprawia, \u017ce wn\u0119trze wydaje si\u0119 <strong>wi\u0119ksze, ja\u015bniejsze i bardziej przestronne<\/strong> \u2013 co ma ogromne znaczenie, zw\u0142aszcza w niewielkich mieszkaniach.<\/p>\n\n\n\n<p>Aby taka przestrze\u0144 by\u0142a naprawd\u0119 komfortowa, warto dobrze zaplanowa\u0107 rozmieszczenie mebli i sprz\u0119t\u00f3w. Kluczowe znaczenie ma r\u00f3wnie\u017c <strong>sp\u00f3jno\u015b\u0107 stylistyczna<\/strong> \u2013 kolory, faktury i materia\u0142y powinny si\u0119 wzajemnie uzupe\u0142nia\u0107. Przyk\u0142adowo:<\/p>\n\n\n\n<ul class=\"wp-block-list\">\n<li><strong>Drewniany blat w kuchni<\/strong> mo\u017ce nawi\u0105zywa\u0107 do stolika kawowego w salonie, tworz\u0105c harmonijn\u0105 ca\u0142o\u015b\u0107.<\/li>\n\n\n\n<li><strong>Jednolita kolorystyka<\/strong> front\u00f3w mebli i dodatk\u00f3w podkre\u015bla sp\u00f3jno\u015b\u0107 aran\u017cacji.<\/li>\n\n\n\n<li><strong>Powtarzaj\u0105ce si\u0119 materia\u0142y<\/strong> \u2013 np. metalowe akcenty \u2013 mog\u0105 \u0142\u0105czy\u0107 obie strefy w jedn\u0105, estetyczn\u0105 przestrze\u0144.<\/li>\n<\/ul>\n\n\n\n<h3 class=\"wp-block-heading\">Aneks kuchenny w ma\u0142ych mieszkaniach<\/h3>\n\n\n\n<p>W niewielkich lokalach \u2013 takich jak kawalerki czy kompaktowe apartamenty \u2013 <strong>salon z aneksem kuchennym<\/strong> to cz\u0119sto najlepsze mo\u017cliwe rozwi\u0105zanie. Pozwala <strong>maksymalnie wykorzysta\u0107 ka\u017cdy metr kwadratowy<\/strong>, nie rezygnuj\u0105c przy tym z wygody i funkcjonalno\u015bci.<\/p>\n\n\n\n<p>W takich przestrzeniach doskonale sprawdzaj\u0105 si\u0119 <strong>meble wielofunkcyjne<\/strong> oraz <strong>sprytne rozwi\u0105zania do przechowywania<\/strong>:<\/p>\n\n\n\n<ul class=\"wp-block-list\">\n<li><strong>St\u00f3\u0142 wielozadaniowy<\/strong> \u2013 idealny zar\u00f3wno do spo\u017cywania posi\u0142k\u00f3w, jak i pracy z laptopem.<\/li>\n\n\n\n<li><strong>Szafki naro\u017cne i wysuwane p\u00f3\u0142ki<\/strong> \u2013 pozwalaj\u0105 efektywnie zagospodarowa\u0107 trudnodost\u0119pne miejsca.<\/li>\n\n\n\n<li><strong>Kompaktowe urz\u0105dzenia AGD<\/strong> \u2013 oszcz\u0119dzaj\u0105 miejsce, nie trac\u0105c na funkcjonalno\u015bci.<\/li>\n<\/ul>\n\n\n\n<p>Nie zapominaj te\u017c o <strong>o\u015bwietleniu<\/strong> i <strong>wentylacji<\/strong> \u2013 to detale, kt\u00f3re znacz\u0105co wp\u0142ywaj\u0105 na komfort codziennego u\u017cytkowania:<\/p>\n\n\n\n<ul class=\"wp-block-list\">\n<li><strong>Punktowe \u015bwiat\u0142o nad blatem roboczym<\/strong> \u2013 u\u0142atwia gotowanie.<\/li>\n\n\n\n<li><strong>Ciep\u0142e, rozproszone \u015bwiat\u0142o w strefie wypoczynkowej<\/strong> \u2013 tworzy przytulny klimat.<\/li>\n\n\n\n<li><strong>Skuteczna wentylacja<\/strong> \u2013 zapobiega rozprzestrzenianiu si\u0119 zapach\u00f3w w ca\u0142ym mieszkaniu.<\/li>\n<\/ul>\n\n\n\n<h3 class=\"wp-block-heading\">Kuchnia z salonem w du\u017cym mieszkaniu \u2013 wi\u0119ksze mo\u017cliwo\u015bci aran\u017cacyjne<\/h3>\n\n\n\n<p>Masz wi\u0119cej przestrzeni? \u015awietnie! <strong>Kuchnia otwarta na salon<\/strong> w wi\u0119kszym mieszkaniu daje ogromne pole do popisu. Mo\u017cesz postawi\u0107 na <a href=\"https:\/\/proplo.pl\/blog\/kuchnia-z-wyspa\/\">kuchni\u0119 z <strong>wysp\u0105 kuchenn\u0105<\/strong><\/a> \u2013 nie tylko praktyczn\u0105, ale te\u017c efektown\u0105. To cz\u0119sto <strong>serce domu<\/strong>: miejsce spotka\u0144, rozm\u00f3w, wsp\u00f3lnego gotowania i \u015bmiechu.<\/p>\n\n\n\n<p>W przestronnych wn\u0119trzach warto <strong>eksperymentowa\u0107 z fakturami i kolorami<\/strong>. Oto kilka inspiruj\u0105cych pomys\u0142\u00f3w:<\/p>\n\n\n\n<ul class=\"wp-block-list\">\n<li><strong>Surowy beton<\/strong> zestawiony z ciep\u0142ym drewnem \u2013 kontrast, kt\u00f3ry dodaje charakteru.<\/li>\n\n\n\n<li><strong>R\u00f3\u017cne poziomy pod\u0142ogi<\/strong> \u2013 subtelnie wyznaczaj\u0105 granice mi\u0119dzy strefami.<\/li>\n\n\n\n<li><strong>Dywan w strefie wypoczynkowej<\/strong> \u2013 dodaje przytulno\u015bci i definiuje przestrze\u0144 bez \u015bcian.<\/li>\n\n\n\n<li><strong>Kontrastowe barwy<\/strong> \u2013 o\u017cywiaj\u0105 wn\u0119trze i podkre\u015blaj\u0105 jego nowoczesny styl.<\/li>\n<\/ul>\n\n\n\n<p>Takie zabiegi nie tylko <strong>podkre\u015blaj\u0105 charakter wn\u0119trza<\/strong>, ale te\u017c pomagaj\u0105 <strong>zachowa\u0107 jego funkcjonalno\u015b\u0107<\/strong>. A przy tym \u2013 robi\u0105 wra\u017cenie.<\/p>\n\n\n\n<figure class=\"wp-block-image\"><a href=\"https:\/\/proplo.pl\/profile\/jankowski-interior-design-studio\/projekt\/954\"><img decoding=\"async\" src=\"https:\/\/proplo.pl\/blog\/wp-content\/uploads\/2025\/01\/nowoczesny-salon-z-aneksem-kuchennym.png\" alt=\"Wn\u0119trze nowoczesnego salonu z bia\u0142\u0105 kuchni\u0105, szarym naro\u017cnikiem i drewnian\u0105 pod\u0142og\u0105.\"\/><\/a><\/figure>\n\n\n\n<p>Projekt: <a href=\"https:\/\/proplo.pl\/profile\/jankowski-interior-design-studio\">JANKOWSKI Interior Design Studio<\/a><\/p>\n\n\n\n<h3 class=\"wp-block-heading\">Podzia\u0142 funkcjonalny przestrzeni: gotowanie, jedzenie, wypoczynek<\/h3>\n\n\n\n<p>W przypadku <strong>kuchni po\u0142\u0105czonej z salonem<\/strong> kluczowe jest <strong>wyra\u017ane rozdzielenie trzech stref<\/strong>: gotowania, jedzenia i relaksu. Taki podzia\u0142 porz\u0105dkuje przestrze\u0144 i sprawia, \u017ce codzienne funkcjonowanie staje si\u0119 po prostu \u0142atwiejsze.<\/p>\n\n\n\n<p>Najcz\u0119\u015bciej centrum takiego wn\u0119trza stanowi <strong>st\u00f3\u0142 jadalniany<\/strong> \u2013 miejsce, przy kt\u00f3rym jemy, pracujemy, rozmawiamy. A co z pozosta\u0142ymi strefami?<\/p>\n\n\n\n<ul class=\"wp-block-list\">\n<li><strong>Gotowanie<\/strong> \u2013 ergonomiczna przestrze\u0144 z \u0142atwym dost\u0119pem do lod\u00f3wki, zlewu i p\u0142yty grzewczej. Najlepiej, je\u015bli tworz\u0105 one tzw. <strong>tr\u00f3jk\u0105t roboczy<\/strong>.<\/li>\n\n\n\n<li><strong>Wypoczynek<\/strong> \u2013 wygodna sofa, mi\u0119kkie poduszki, nastrojowe \u015bwiat\u0142o i dodatki, kt\u00f3re tworz\u0105 <strong>przytuln\u0105 atmosfer\u0119<\/strong>.<\/li>\n\n\n\n<li><strong>Jadalnia<\/strong> \u2013 st\u00f3\u0142 i krzes\u0142a dopasowane do stylu wn\u0119trza, najlepiej ustawione w centralnym punkcie, by \u0142\u0105czy\u0107 wszystkie funkcje.<\/li>\n<\/ul>\n\n\n\n<p>Elementy takie jak <strong>mi\u0119kki dywan, stoj\u0105ca lampa czy inny kolor \u015bciany<\/strong> mog\u0105 subtelnie oddzieli\u0107 poszczeg\u00f3lne strefy, nie burz\u0105c otwartego charakteru wn\u0119trza. Bo przecie\u017c chodzi o to, \u017ceby by\u0142o <strong>i \u0142adnie, i wygodnie<\/strong>. Prawda?<\/p>\n\n\n\n<h2 class=\"wp-block-heading\">Sposoby oddzielenia kuchni od salonu<\/h2>\n\n\n\n<p>W nowoczesnych aran\u017cacjach wn\u0119trz coraz cz\u0119\u015bciej spotykamy <strong>otwart\u0105 kuchni\u0119 po\u0142\u0105czon\u0105 z salonem<\/strong>. Taki uk\u0142ad sprzyja integracji domownik\u00f3w, optycznie powi\u0119ksza przestrze\u0144 i wpuszcza wi\u0119cej \u015bwiat\u0142a. Cho\u0107 dla wielu to rozwi\u0105zanie idealne, nie ka\u017cdy czuje si\u0119 komfortowo w ca\u0142kowicie otwartej przestrzeni. Dlatego ro\u015bnie zainteresowanie <strong>subtelnym, ale funkcjonalnym oddzieleniem kuchni od salonu<\/strong>. Mo\u017cliwo\u015bci jest wiele \u2013 wystarczy dopasowa\u0107 je do metra\u017cu i stylu wn\u0119trza, by stworzy\u0107 harmonijn\u0105 i praktyczn\u0105 ca\u0142o\u015b\u0107.<\/p>\n\n\n\n<h3 class=\"wp-block-heading\">Wyspa kuchenna jako centralny punkt strefowania<\/h3>\n\n\n\n<p><strong>Wyspa kuchenna<\/strong> to jedno z najcz\u0119\u015bciej wybieranych rozwi\u0105za\u0144 w otwartych przestrzeniach. Jej popularno\u015b\u0107 wynika z wielofunkcyjno\u015bci oraz estetyki. Pe\u0142ni rol\u0119:<\/p>\n\n\n\n<ul class=\"wp-block-list\">\n<li><strong>blatu roboczego<\/strong> \u2013 idealnego do przygotowywania posi\u0142k\u00f3w,<\/li>\n\n\n\n<li><strong>miejsca do przechowywania<\/strong> \u2013 z szafkami i szufladami,<\/li>\n\n\n\n<li><strong>strefy jadalnianej lub barowej<\/strong> \u2013 do szybkich posi\u0142k\u00f3w i spotka\u0144,<\/li>\n\n\n\n<li><strong>naturalnej granicy<\/strong> mi\u0119dzy kuchni\u0105 a salonem \u2013 bez zamykania przestrzeni.<\/li>\n<\/ul>\n\n\n\n<p>To w\u0142a\u015bnie przy wyspie toczy si\u0119 codzienne \u017cycie: wsp\u00f3lne gotowanie, rozmowy, szybkie \u015bniadania. <strong>W wi\u0119kszych mieszkaniach staje si\u0119 sercem domu<\/strong>, a w mniejszych \u2013 mimo ograniczonego metra\u017cu \u2013 nadal robi wra\u017cenie i spe\u0142nia wiele funkcji.<\/p>\n\n\n\n<figure class=\"wp-block-image\"><a href=\"https:\/\/proplo.pl\/profile\/jlw-studio\/projekt\/klimat-francuskiej-kamienicy-na-warszawskim-mokotowie-548\"><img decoding=\"async\" src=\"https:\/\/proplo.pl\/blog\/wp-content\/uploads\/2025\/07\/wyspa-kuchenna-w-mieszkaniu.png\" alt=\"Wn\u0119trze kuchni z eklektycznym stylem, quiet luxury, skandynawskim, vintage i soft minimalizmem.\"\/><\/a><\/figure>\n\n\n\n<p>Projekt: <a href=\"https:\/\/proplo.pl\/profile\/jlw-studio\">jlw studio<\/a><\/p>\n\n\n\n<h3 class=\"wp-block-heading\">P\u00f3\u0142wysep kuchenny \u2013 alternatywa dla mniejszych przestrzeni<\/h3>\n\n\n\n<p>Gdy brakuje miejsca na pe\u0142nowymiarow\u0105 wysp\u0119, warto rozwa\u017cy\u0107 <strong>p\u00f3\u0142wysep kuchenny<\/strong>. To kompaktowe, ale bardzo funkcjonalne rozwi\u0105zanie, kt\u00f3re:<\/p>\n\n\n\n<ul class=\"wp-block-list\">\n<li><strong>przylega do \u015bciany lub zabudowy<\/strong>, oszcz\u0119dzaj\u0105c przestrze\u0144,<\/li>\n\n\n\n<li><strong>oddziela kuchni\u0119 od salonu<\/strong> bez konieczno\u015bci budowania \u015bcian,<\/li>\n\n\n\n<li><strong>pe\u0142ni funkcj\u0119 blatu roboczego, barku lub sto\u0142u<\/strong>,<\/li>\n\n\n\n<li><strong>prezentuje si\u0119 lekko i nowocze\u015bnie<\/strong>, idealnie wpisuj\u0105c si\u0119 w ma\u0142e mieszkania.<\/li>\n<\/ul>\n\n\n\n<p><strong>To doskona\u0142y wyb\u00f3r tam, gdzie liczy si\u0119 ka\u017cdy centymetr<\/strong>, a jednocze\u015bnie nie chcemy rezygnowa\u0107 z estetyki i funkcjonalno\u015bci.<\/p>\n\n\n\n<h3 class=\"wp-block-heading\">St\u00f3\u0142 jadalniany jako naturalna granica mi\u0119dzy strefami<\/h3>\n\n\n\n<p><strong><a href=\"https:\/\/proplo.pl\/blog\/stol-do-jadalni-jak-go-wybrac-praktyczne-porady\/\">St\u00f3\u0142 jadalniany<\/a><\/strong> to klasyczne rozwi\u0105zanie, kt\u00f3re wci\u0105\u017c \u015bwietnie si\u0119 sprawdza. Ustawiony pomi\u0119dzy kuchni\u0105 a salonem:<\/p>\n\n\n\n<ul class=\"wp-block-list\">\n<li><strong>tworzy p\u0142ynne przej\u015bcie<\/strong> mi\u0119dzy strefami,<\/li>\n\n\n\n<li><strong>pe\u0142ni funkcj\u0119 centrum \u017cycia rodzinnego<\/strong> \u2013 miejsce posi\u0142k\u00f3w, rozm\u00f3w, \u015bwi\u0119towania,<\/li>\n\n\n\n<li><strong>w mniejszych mieszkaniach zast\u0119puje osobn\u0105 jadalni\u0119<\/strong>,<\/li>\n\n\n\n<li><strong>w wi\u0119kszych podkre\u015bla otwarty charakter wn\u0119trza<\/strong>, nie wprowadzaj\u0105c sztywnego podzia\u0142u.<\/li>\n<\/ul>\n\n\n\n<p><strong>To proste, ale eleganckie rozwi\u0105zanie<\/strong>, kt\u00f3re \u0142\u0105czy funkcjonalno\u015b\u0107 z estetyk\u0105.<\/p>\n\n\n\n<h3 class=\"wp-block-heading\">Dekoracyjne oddzielenie stref: rega\u0142y, panele, r\u00f3\u017cnice poziom\u00f3w<\/h3>\n\n\n\n<p>Je\u015bli zale\u017cy Ci na wyra\u017aniejszym oddzieleniu kuchni od salonu, ale nie chcesz stawia\u0107 \u015bcian, postaw na <strong>dekoracyjne elementy<\/strong>, kt\u00f3re dziel\u0105 przestrze\u0144 i jednocze\u015bnie j\u0105 wzbogacaj\u0105. W\u015br\u00f3d najciekawszych rozwi\u0105za\u0144 warto wymieni\u0107:<\/p>\n\n\n\n<ul class=\"wp-block-list\">\n<li><strong>A\u017curowe rega\u0142y<\/strong> \u2013 lekkie, przepuszczaj\u0105ce \u015bwiat\u0142o, idealne na ksi\u0105\u017cki, ro\u015bliny i dekoracje,<\/li>\n\n\n\n<li><strong>\u015acianki dzia\u0142owe<\/strong> \u2013 sta\u0142e lub mobilne, zapewniaj\u0105ce prywatno\u015b\u0107 bez przyt\u0142aczania wn\u0119trza,<\/li>\n\n\n\n<li><strong>R\u00f3\u017cnice poziom\u00f3w<\/strong> \u2013 np. podniesiona pod\u0142oga w jednej ze stref,<\/li>\n\n\n\n<li><strong>R\u00f3\u017cne materia\u0142y wyko\u0144czeniowe<\/strong> \u2013 np. drewno w salonie, p\u0142ytki w kuchni, kt\u00f3re wizualnie oddzielaj\u0105 przestrzenie.<\/li>\n<\/ul>\n\n\n\n<p><strong>Efekt? Przemy\u015blany, estetyczny podzia\u0142 bez konieczno\u015bci budowania \u015bcian<\/strong>. Takie rozwi\u0105zania pozwalaj\u0105 zachowa\u0107 otwarty charakter wn\u0119trza, jednocze\u015bnie nadaj\u0105c mu struktur\u0119 i funkcjonalno\u015b\u0107.<\/p>\n\n\n\n<h2 class=\"wp-block-heading\">Sp\u00f3jno\u015b\u0107 stylistyczna \u2013 klucz do harmonijnego wn\u0119trza<\/h2>\n\n\n\n<p><strong>Styl aran\u017cacji wn\u0119trza<\/strong> to nie tylko kwestia gustu \u2013 to decyzja, kt\u00f3ra realnie wp\u0142ywa na komfort codziennego \u017cycia. Szczeg\u00f3lnie istotne staje si\u0119 to w przypadku <strong>po\u0142\u0105czenia kuchni z salonem<\/strong>, gdzie sp\u00f3jno\u015b\u0107 stylistyczna odgrywa kluczow\u0105 rol\u0119. To w\u0142a\u015bnie ona sprawia, \u017ce przestrze\u0144 staje si\u0119 uporz\u0105dkowana, przytulna i przyjemna w odbiorze.<\/p>\n\n\n\n<p>Jednym z najprostszych, a zarazem najbardziej efektownych sposob\u00f3w na osi\u0105gni\u0119cie takiej harmonii jest <strong>zastosowanie tej samej pod\u0142ogi<\/strong> w obu strefach. Dzi\u0119ki temu wn\u0119trze zyskuje optyczn\u0105 sp\u00f3jno\u015b\u0107, a przej\u015bcie mi\u0119dzy kuchni\u0105 a salonem staje si\u0119 p\u0142ynne i niemal niewidoczne. <strong>To drobny zabieg, kt\u00f3ry potrafi diametralnie odmieni\u0107 odbi\u00f3r ca\u0142ej przestrzeni.<\/strong><\/p>\n\n\n\n<p>R\u00f3wnie wa\u017cne s\u0105 <strong>kolory i materia\u0142y<\/strong>. Nawet przy subtelnych r\u00f3\u017cnicach mi\u0119dzy kuchni\u0105 a salonem, sp\u00f3jna paleta barw i powtarzaj\u0105ce si\u0119 faktury wprowadzaj\u0105 harmoni\u0119. <strong>Konsekwencja w doborze mebli, o\u015bwietlenia i dodatk\u00f3w<\/strong> to klucz do stworzenia przestrzeni, w kt\u00f3rej wszystko ze sob\u0105 wsp\u00f3\u0142gra i w kt\u00f3rej po prostu chce si\u0119 przebywa\u0107.<\/p>\n\n\n\n<h3 class=\"wp-block-heading\">Styl skandynawski \u2013 jasno\u015b\u0107 i prostota<\/h3>\n\n\n\n<p><strong>Styl skandynawski<\/strong> od lat cieszy si\u0119 nies\u0142abn\u0105c\u0105 popularno\u015bci\u0105 \u2013 i nie bez powodu. Doskonale sprawdza si\u0119 w otwartych przestrzeniach, takich jak kuchnia po\u0142\u0105czona z salonem. Jego si\u0142\u0105 s\u0105 <strong>jasne barwy, naturalne materia\u0142y i proste formy<\/strong>, kt\u00f3re tworz\u0105 wn\u0119trze pe\u0142ne spokoju i \u015bwie\u017co\u015bci.<\/p>\n\n\n\n<p>W klasycznej palecie dominuj\u0105 <strong>biel, szaro\u015b\u0107 i be\u017c<\/strong>, kt\u00f3re mo\u017cna \u0142atwo o\u017cywi\u0107 drewnianymi akcentami. Przyk\u0142adowo:<\/p>\n\n\n\n<ul class=\"wp-block-list\">\n<li><strong>Blat z jasnego d\u0119bu<\/strong> \u2013 dodaje ciep\u0142a i naturalno\u015bci.<\/li>\n\n\n\n<li><strong>Pod\u0142oga w naturalnym odcieniu drewna<\/strong> \u2013 podkre\u015bla przytulny charakter wn\u0119trza.<\/li>\n\n\n\n<li><strong>Lniane zas\u0142ony i ceramika<\/strong> \u2013 wprowadzaj\u0105 lekko\u015b\u0107 i prostot\u0119.<\/li>\n\n\n\n<li><strong>Ro\u015bliny doniczkowe<\/strong> \u2013 o\u017cywiaj\u0105 przestrze\u0144 i dodaj\u0105 \u015bwie\u017co\u015bci.<\/li>\n<\/ul>\n\n\n\n<p><strong>Efekt ko\u0144cowy?<\/strong> R\u00f3wnowaga mi\u0119dzy estetyk\u0105 a funkcjonalno\u015bci\u0105 \u2013 bez zb\u0119dnego przepychu, ale z du\u017c\u0105 dawk\u0105 przytulno\u015bci.<\/p>\n\n\n\n<figure class=\"wp-block-image size-full\"><a href=\"https:\/\/proplo.pl\/profile\/anlo-home\/projekt\/pokoj-dzienny-z-kuchnia-1340\"><img loading=\"lazy\" decoding=\"async\" width=\"1200\" height=\"800\" src=\"https:\/\/proplo.pl\/blog\/wp-content\/uploads\/2025\/08\/pokoj-dzienny-z-kuchnia.png\" alt=\"Wn\u0119trze kuchni w stylu soft minimalizm, tradycyjny, wsp\u00f3\u0142czesny z niebieskimi i bia\u0142ymi elementami\" class=\"wp-image-1217\" srcset=\"https:\/\/proplo.pl\/blog\/wp-content\/uploads\/2025\/08\/pokoj-dzienny-z-kuchnia.png 1200w, https:\/\/proplo.pl\/blog\/wp-content\/uploads\/2025\/08\/pokoj-dzienny-z-kuchnia-300x200.png 300w, https:\/\/proplo.pl\/blog\/wp-content\/uploads\/2025\/08\/pokoj-dzienny-z-kuchnia-768x512.png 768w, https:\/\/proplo.pl\/blog\/wp-content\/uploads\/2025\/08\/pokoj-dzienny-z-kuchnia-1024x683.png 1024w, https:\/\/proplo.pl\/blog\/wp-content\/uploads\/2025\/08\/pokoj-dzienny-z-kuchnia-480x320.png 480w\" sizes=\"auto, (max-width: 1200px) 100vw, 1200px\" \/><\/a><figcaption class=\"wp-element-caption\">Projekt: <a href=\"https:\/\/proplo.pl\/profile\/anlo-home\">AnLo Home<\/a><\/figcaption><\/figure>\n\n\n\n<h3 class=\"wp-block-heading\">Styl industrialny i loftowy \u2013 surowo\u015b\u0107 i przestrze\u0144<\/h3>\n\n\n\n<p><strong>Styl industrialny i loftowy<\/strong> to propozycje dla os\u00f3b, kt\u00f3re ceni\u0105 wyraziste wn\u0119trza z charakterem. Ich znakiem rozpoznawczym s\u0105 <strong>surowe materia\u0142y<\/strong> \u2013 beton, metal, ceg\u0142a \u2013 oraz <strong>stonowana, ciemniejsza kolorystyka<\/strong>, kt\u00f3re razem tworz\u0105 przestrze\u0144 pe\u0142n\u0105 g\u0142\u0119bi i ekspresji.<\/p>\n\n\n\n<p>W po\u0142\u0105czeniu kuchni z salonem styl ten mo\u017ce stworzy\u0107 <strong>intryguj\u0105c\u0105, artystyczn\u0105 atmosfer\u0119<\/strong>. Co wi\u0119cej, industrialne wn\u0119trza \u015bwietnie \u0142\u0105cz\u0105 si\u0119 z innymi stylami \u2013 na przyk\u0142ad z eleganckim glamour. Przyk\u0142ad?<\/p>\n\n\n\n<ul class=\"wp-block-list\">\n<li><strong>Ceg\u0142a na \u015bcianie<\/strong> zestawiona z <strong>aksamitn\u0105 sof\u0105<\/strong> \u2013 kontrast, kt\u00f3ry zaskakuje sp\u00f3jno\u015bci\u0105.<\/li>\n\n\n\n<li><strong>Z\u0142ote dodatki<\/strong> w surowym otoczeniu \u2013 nadaj\u0105 wn\u0119trzu elegancji i wyrafinowania.<\/li>\n<\/ul>\n\n\n\n<p><strong>To styl dla odwa\u017cnych<\/strong>, kt\u00f3rzy nie boj\u0105 si\u0119 eksperyment\u00f3w i chc\u0105, by ich wn\u0119trze mia\u0142o dusz\u0119 \u2013 i pazur.<\/p>\n\n\n\n<h3 class=\"wp-block-heading\">Styl glamour \u2013 elegancja i po\u0142ysk<\/h3>\n\n\n\n<p><strong><a href=\"https:\/\/proplo.pl\/style\/glamour\">Styl glamour<\/a><\/strong> to esencja elegancji z nut\u0105 luksusu. Idealnie sprawdza si\u0119 w przestrzeniach, gdzie kuchnia \u0142\u0105czy si\u0119 z salonem, tworz\u0105c efektown\u0105 i reprezentacyjn\u0105 ca\u0142o\u015b\u0107. <strong>Po\u0142yskuj\u0105ce powierzchnie, szlachetne tkaniny i dekoracyjne detale<\/strong> przyci\u0105gaj\u0105 wzrok i buduj\u0105 atmosfer\u0119 wyj\u0105tkowo\u015bci.<\/p>\n\n\n\n<p>W <strong>be\u017cowym salonie<\/strong> glamour doskonale sprawdz\u0105 si\u0119:<\/p>\n\n\n\n<ul class=\"wp-block-list\">\n<li><strong>Z\u0142ote lub srebrne akcenty<\/strong> \u2013 dodaj\u0105 blasku i elegancji.<\/li>\n\n\n\n<li><strong>Kryszta\u0142owe \u017cyrandole<\/strong> \u2013 wprowadzaj\u0105 luksusowy klimat.<\/li>\n\n\n\n<li><strong>Lustra w ozdobnych ramach<\/strong> \u2013 optycznie powi\u0119kszaj\u0105 przestrze\u0144.<\/li>\n\n\n\n<li><strong>Aksamitne poduszki<\/strong> \u2013 podkre\u015blaj\u0105 mi\u0119kko\u015b\u0107 i komfort.<\/li>\n<\/ul>\n\n\n\n<p><strong>Odpowiednie o\u015bwietlenie<\/strong> to podstawa \u2013 punktowe reflektory lub lampy z mi\u0119kkim, rozproszonym \u015bwiat\u0142em pot\u0119guj\u0105 wra\u017cenie przestronno\u015bci i podkre\u015blaj\u0105 dekoracyjny charakter wn\u0119trza. <strong>Glamour to nie tylko styl \u2013 to emocje, kt\u00f3re wn\u0119trze wywo\u0142uje.<\/strong><\/p>\n\n\n\n<h3 class=\"wp-block-heading\">Styl minimalistyczny i nowoczesny \u2013 funkcjonalno\u015b\u0107 i oszcz\u0119dno\u015b\u0107 formy<\/h3>\n\n\n\n<p><strong><a href=\"https:\/\/proplo.pl\/style\/minimalistyczny\">Styl minimalistyczny<\/a> i nowoczesny<\/strong> to idealna propozycja dla os\u00f3b ceni\u0105cych porz\u0105dek, prostot\u0119 i funkcjonalno\u015b\u0107. W <strong><a href=\"https:\/\/proplo.pl\/blog\/kuchnia-w-stylu-nowoczesnym\/\">nowoczesnej kuchni<\/a> po\u0142\u0105czonej z salonem<\/strong> dominuj\u0105 czyste linie, ograniczona liczba ozd\u00f3b i stonowana kolorystyka \u2013 od bieli, przez szaro\u015bci, a\u017c po g\u0142\u0119boki grafit.<\/p>\n\n\n\n<p>Minimalizm nie oznacza nudy \u2013 wr\u0119cz przeciwnie. To styl, kt\u00f3ry ch\u0119tnie korzysta z <strong>nowoczesnych technologii i rozwi\u0105za\u0144<\/strong>, takich jak:<\/p>\n\n\n\n<ul class=\"wp-block-list\">\n<li><strong>Zintegrowane sprz\u0119ty AGD<\/strong> \u2013 dyskretne i funkcjonalne.<\/li>\n\n\n\n<li><strong>Systemy smart home<\/strong> \u2013 u\u0142atwiaj\u0105 codzienne funkcjonowanie.<\/li>\n\n\n\n<li><strong>Meble si\u0119gaj\u0105ce sufitu<\/strong> \u2013 maksymalizuj\u0105 przestrze\u0144 do przechowywania.<\/li>\n<\/ul>\n\n\n\n<p><strong>Efekt?<\/strong> Wn\u0119trze, kt\u00f3re \u0142\u0105czy estetyk\u0119 z wygod\u0105 \u2013 bez kompromis\u00f3w, z my\u015bl\u0105 o codziennym komforcie i nowoczesnym stylu \u017cycia.<\/p>\n\n\n\n<h2 class=\"wp-block-heading\">Ergonomia i komfort u\u017cytkowania<\/h2>\n\n\n\n<p>W czasach, gdy metra\u017c mieszka\u0144 bywa naprawd\u0119 ograniczony, <strong>funkcjonalne urz\u0105dzenie salonu<\/strong> to nie luksus, lecz absolutna konieczno\u015b\u0107. Ergonomia i komfort to nie tylko kwestia estetyki \u2013 to przede wszystkim <strong>wygoda na co dzie\u0144, sprytne rozwi\u0105zania i przestrze\u0144, kt\u00f3ra pracuje na Twoj\u0105 korzy\u015b\u0107<\/strong>. Jak to osi\u0105gn\u0105\u0107? Sprawd\u017a, jak zaplanowa\u0107 wn\u0119trze, kt\u00f3re nie tylko cieszy oko, ale te\u017c u\u0142atwia codzienne \u017cycie.<\/p>\n\n\n\n<h3 class=\"wp-block-heading\">Ergonomiczny uk\u0142ad kuchni \u2013 wygoda codziennego u\u017cytkowania<\/h3>\n\n\n\n<p>Projektowanie kuchni przypomina uk\u0142adanie puzzli \u2013 ka\u017cdy element musi idealnie pasowa\u0107. <strong>Ergonomiczne zasady aran\u017cacji<\/strong> pozwalaj\u0105 stworzy\u0107 przestrze\u0144, w kt\u00f3rej gotowanie, zmywanie i przechowywanie s\u0105 intuicyjne i szybkie.<\/p>\n\n\n\n<p>Kluczowym rozwi\u0105zaniem jest tzw. <strong>tr\u00f3jk\u0105t roboczy<\/strong>, czyli odpowiednie rozmieszczenie trzech g\u0142\u00f3wnych sprz\u0119t\u00f3w AGD:<\/p>\n\n\n\n<ul class=\"wp-block-list\">\n<li><strong>Lod\u00f3wka<\/strong> \u2013 miejsce przechowywania produkt\u00f3w spo\u017cywczych, najlepiej zlokalizowana przy wej\u015bciu do kuchni.<\/li>\n\n\n\n<li><strong>Zlewozmywak<\/strong> \u2013 centralny punkt do mycia i przygotowywania sk\u0142adnik\u00f3w.<\/li>\n\n\n\n<li><strong>Kuchenka<\/strong> \u2013 strefa gotowania, najlepiej umieszczona w pobli\u017cu zlewu.<\/li>\n<\/ul>\n\n\n\n<p>Taki uk\u0142ad <strong>minimalizuje zb\u0119dne ruchy i zwi\u0119ksza efektywno\u015b\u0107 pracy<\/strong> w kuchni. Dzi\u0119ki temu wszystko masz pod r\u0119k\u0105, a ka\u017cda czynno\u015b\u0107 przebiega p\u0142ynnie \u2013 dok\u0142adnie tak, jak powinna.<\/p>\n\n\n\n<h3 class=\"wp-block-heading\">Zabudowa pod sufit \u2013 wi\u0119cej miejsca do przechowywania<\/h3>\n\n\n\n<p>W niewielkich mieszkaniach ka\u017cdy centymetr przestrzeni ma znaczenie. Dlatego <strong><a href=\"https:\/\/proplo.pl\/blog\/meble-do-kuchni\/\">meble do kuchni<\/a> si\u0119gaj\u0105ce sufitu<\/strong> to rozwi\u0105zanie, kt\u00f3re \u0142\u0105czy funkcjonalno\u015b\u0107 z estetyk\u0105.<\/p>\n\n\n\n<p>G\u00f3rne szafki:<\/p>\n\n\n\n<ul class=\"wp-block-list\">\n<li>Umo\u017cliwiaj\u0105 przechowywanie rzadziej u\u017cywanych przedmiot\u00f3w,<\/li>\n\n\n\n<li>Pomagaj\u0105 utrzyma\u0107 porz\u0105dek na ni\u017cszych poziomach,<\/li>\n\n\n\n<li>W kuchni otwartej na salon porz\u0105dkuj\u0105 przestrze\u0144 i nadaj\u0105 jej sp\u00f3jny wygl\u0105d,<\/li>\n\n\n\n<li>Wzmacniaj\u0105 wra\u017cenie nowoczesno\u015bci i lekko\u015bci wn\u0119trza.<\/li>\n<\/ul>\n\n\n\n<p><strong>Efekt?<\/strong> Wi\u0119cej miejsca do przechowywania, mniej chaosu i elegancki, uporz\u0105dkowany wygl\u0105d kuchni, kt\u00f3ry idealnie komponuje si\u0119 z reszt\u0105 mieszkania.<\/p>\n\n\n\n<h3 class=\"wp-block-heading\">Meble wielofunkcyjne \u2013 praktyczne rozwi\u0105zania do ma\u0142ych wn\u0119trz<\/h3>\n\n\n\n<p>W ma\u0142ych przestrzeniach ka\u017cdy mebel powinien pe\u0142ni\u0107 wi\u0119cej ni\u017c jedn\u0105 funkcj\u0119. <strong>Meble wielofunkcyjne<\/strong> to po\u0142\u0105czenie designu, ergonomii i praktyczno\u015bci, kt\u00f3re pozwala maksymalnie wykorzysta\u0107 dost\u0119pne miejsce.<\/p>\n\n\n\n<p>Przyk\u0142ady takich rozwi\u0105za\u0144:<\/p>\n\n\n\n<ul class=\"wp-block-list\">\n<li><strong>Rozk\u0142adana sofa z pojemnikiem na po\u015bciel<\/strong> \u2013 idealna do salonu pe\u0142ni\u0105cego funkcj\u0119 sypialni.<\/li>\n\n\n\n<li><strong>St\u00f3\u0142 z ukrytym schowkiem<\/strong> \u2013 miejsce do jedzenia i przechowywania w jednym.<\/li>\n\n\n\n<li><strong>Wyspa kuchenna<\/strong> \u2013 s\u0142u\u017cy do gotowania, przechowywania i spo\u017cywania posi\u0142k\u00f3w.<\/li>\n\n\n\n<li><strong>Sk\u0142adane krzes\u0142a lub stoliki<\/strong> \u2013 \u0142atwe do schowania, gdy nie s\u0105 potrzebne.<\/li>\n<\/ul>\n\n\n\n<p>W kuchni po\u0142\u0105czonej z salonem takie meble <strong>oszcz\u0119dzaj\u0105 miejsce, dodaj\u0105 charakteru i zwi\u0119kszaj\u0105 funkcjonalno\u015b\u0107<\/strong>. Nawet najmniejsze mieszkanie mo\u017ce by\u0107 wygodne, praktyczne i stylowe \u2013 bo liczy si\u0119 nie tylko ilo\u015b\u0107 przestrzeni, ale przede wszystkim spos\u00f3b jej wykorzystania.<\/p>\n\n\n\n<figure class=\"wp-block-image\"><a href=\"https:\/\/proplo.pl\/profile\/home-plan\/projekt\/mieszkanie-na-wynajem-1783\"><img decoding=\"async\" src=\"https:\/\/proplo.pl\/blog\/wp-content\/uploads\/2025\/06\/nowoczesna-kuchnia-inspiracje.png\" alt=\"Nowoczesna kuchnia z zielonymi szafkami i drewnianym sto\u0142em, kwiaty w wazonie.\"\/><\/a><\/figure>\n\n\n\n<p>Projekt: <a href=\"https:\/\/proplo.pl\/profile\/home-plan\">Home Plan<\/a><\/p>\n\n\n\n<h2 class=\"wp-block-heading\">O\u015bwietlenie i wentylacja w kuchni z salonem<\/h2>\n\n\n\n<p>Otwarte przestrzenie ciesz\u0105 si\u0119 coraz wi\u0119ksz\u0105 popularno\u015bci\u0105 \u2013 wiele os\u00f3b decyduje si\u0119 na <strong>po\u0142\u0105czenie kuchni z salonem<\/strong>. Taki uk\u0142ad nie tylko prezentuje si\u0119 nowocze\u015bnie, ale r\u00f3wnie\u017c <strong>zwi\u0119ksza funkcjonalno\u015b\u0107 codziennego \u017cycia<\/strong>. Aby jednak w pe\u0142ni wykorzysta\u0107 potencja\u0142 tej przestrzeni, kluczowe jest odpowiednie <strong>o\u015bwietlenie kuchni otwartej<\/strong>. To ono tworzy atmosfer\u0119, podkre\u015bla styl wn\u0119trza i \u2013 co najwa\u017cniejsze \u2013 zapewnia komfort podczas gotowania, spo\u017cywania posi\u0142k\u00f3w i relaksu.<\/p>\n\n\n\n<p>Podstaw\u0105 skutecznego o\u015bwietlenia jest <strong>o\u015bwietlenie strefowe<\/strong>. Cho\u0107 mo\u017ce brzmie\u0107 technicznie, to w rzeczywisto\u015bci oznacza prost\u0105 zasad\u0119: <strong>ka\u017cda strefa funkcjonalna powinna mie\u0107 w\u0142asne, dopasowane \u017ar\u00f3d\u0142o \u015bwiat\u0142a<\/strong>. Oto jak mo\u017cna to zorganizowa\u0107:<\/p>\n\n\n\n<ul class=\"wp-block-list\">\n<li><strong>Blat roboczy<\/strong> \u2013 wymaga mocnego, funkcjonalnego \u015bwiat\u0142a, kt\u00f3re u\u0142atwia przygotowywanie posi\u0142k\u00f3w.<\/li>\n\n\n\n<li><strong>St\u00f3\u0142 jadalniany<\/strong> \u2013 najlepiej sprawdzi si\u0119 o\u015bwietlenie nastrojowe, kt\u00f3re sprzyja wsp\u00f3lnym posi\u0142kom.<\/li>\n\n\n\n<li><strong>Strefa wypoczynkowa<\/strong> \u2013 warto postawi\u0107 na ciep\u0142e, rozproszone \u015bwiat\u0142o, kt\u00f3re sprzyja relaksowi i buduje przytulny klimat.<\/li>\n<\/ul>\n\n\n\n<p>Nie zapominajmy o detalach, kt\u00f3re potrafi\u0105 ca\u0142kowicie odmieni\u0107 charakter wn\u0119trza. <strong>Listwy LED<\/strong> to subtelne, ale niezwykle efektowne rozwi\u0105zanie. Doskonale sprawdzaj\u0105 si\u0119 jako pod\u015bwietlenie:<\/p>\n\n\n\n<ul class=\"wp-block-list\">\n<li>p\u00f3\u0142ek,<\/li>\n\n\n\n<li>szafek,<\/li>\n\n\n\n<li>wn\u0119k,<\/li>\n\n\n\n<li>element\u00f3w dekoracyjnych.<\/li>\n<\/ul>\n\n\n\n<p><strong>Tworz\u0105 one przytuln\u0105 atmosfer\u0119<\/strong>, idealn\u0105 na wieczorne rozmowy przy winie czy rodzinne kolacje. W kuchnio-salonie, gdzie liczy si\u0119 zar\u00f3wno estetyka, jak i funkcjonalno\u015b\u0107, takie \u015bwiat\u0142o to prawdziwy <strong>game changer<\/strong>.<\/p>\n\n\n\n<p>To jednak dopiero pocz\u0105tek mo\u017cliwo\u015bci. Warto rozwa\u017cy\u0107 tak\u017ce:<\/p>\n\n\n\n<ul class=\"wp-block-list\">\n<li><strong>Lampy wisz\u0105ce nad wysp\u0105 kuchenn\u0105<\/strong> \u2013 nie tylko do\u015bwietlaj\u0105 przestrze\u0144 robocz\u0105, ale r\u00f3wnie\u017c pe\u0142ni\u0105 funkcj\u0119 dekoracyjn\u0105.<\/li>\n\n\n\n<li><strong>Inteligentne systemy sterowania \u015bwiat\u0142em<\/strong> \u2013 umo\u017cliwiaj\u0105 zmian\u0119 nastroju w pomieszczeniu jednym klikni\u0119ciem. Od jasnego \u015bwiat\u0142a do pracy po ciep\u0142e, relaksuj\u0105ce o\u015bwietlenie na wiecz\u00f3r.<\/li>\n<\/ul>\n\n\n\n<p><strong>To rozwi\u0105zania, kt\u00f3re \u0142\u0105cz\u0105 nowoczesno\u015b\u0107 z wygod\u0105<\/strong>. Mo\u017ce brzmi\u0105 luksusowo, ale to luksus, na kt\u00f3ry warto sobie pozwoli\u0107, by codzienno\u015b\u0107 by\u0142a po prostu przyjemniejsza.<\/p>\n\n\n\n<h3 class=\"wp-block-heading\">Kuchnia z salonem \u2013 inspiracje i przyk\u0142ady udanych realizacji<\/h3>\n\n\n\n<p>W czasach, gdy metra\u017ce mieszka\u0144 staj\u0105 si\u0119 coraz mniejsze, <strong>komfort i funkcjonalno\u015b\u0107 salonu<\/strong> przestaj\u0105 by\u0107 luksusem \u2013 staj\u0105 si\u0119 konieczno\u015bci\u0105. Ergonomia i wygoda to dzi\u015b fundament codziennego \u017cycia. Jak wi\u0119c urz\u0105dzi\u0107 przestrze\u0144, kt\u00f3ra b\u0119dzie jednocze\u015bnie praktyczna i przytulna? W tej cz\u0119\u015bci podpowiadamy, jak sprytnie zaaran\u017cowa\u0107 wn\u0119trze, by ka\u017cdego dnia cieszy\u0142o oko i serce.<\/p>\n\n\n\n<p>Po\u0142\u0105czenie <strong>kuchni z salonem<\/strong> to wyzwanie, kt\u00f3re wymaga wyczucia stylu i funkcjonalno\u015bci. Coraz wi\u0119cej nowoczesnych mieszka\u0144 stawia na otwarte przestrzenie \u2013 sprzyjaj\u0105 one wsp\u00f3lnemu sp\u0119dzaniu czasu, rozmowom i budowaniu relacji. Inspiracji warto szuka\u0107 nie tylko w katalogach wn\u0119trzarskich, ale r\u00f3wnie\u017c w:<\/p>\n\n\n\n<ul class=\"wp-block-list\">\n<li>projektach znanych architekt\u00f3w,<\/li>\n\n\n\n<li>realizacjach dost\u0119pnych online,<\/li>\n\n\n\n<li>blogach i mediach spo\u0142eczno\u015bciowych po\u015bwi\u0119conych designowi,<\/li>\n\n\n\n<li>aran\u017cacjach mieszka\u0144 pokazowych.<\/li>\n<\/ul>\n\n\n\n<p><strong>Co decyduje o sukcesie takiego po\u0142\u0105czenia?<\/strong> Przede wszystkim sp\u00f3jno\u015b\u0107. <a href=\"https:\/\/proplo.pl\/pomieszczenia\/kuchnia\">Kuchnia<\/a> i <a href=\"https:\/\/proplo.pl\/pomieszczenia\/salon\">salon<\/a> powinny tworzy\u0107 harmonijn\u0105 ca\u0142o\u015b\u0107 \u2013 przytuln\u0105, ale i praktyczn\u0105. Oto kilka sprawdzonych zasad, kt\u00f3re pomog\u0105 osi\u0105gn\u0105\u0107 ten efekt:<\/p>\n\n\n\n<ul class=\"wp-block-list\">\n<li><strong>Jednolita paleta barw<\/strong> \u2013 \u0142\u0105czy obie strefy wizualnie i tworzy wra\u017cenie \u0142adu.<\/li>\n\n\n\n<li><strong>Komplementarne materia\u0142y<\/strong> \u2013 np. drewno i stal, szk\u0142o i beton \u2013 dodaj\u0105 wn\u0119trzu charakteru.<\/li>\n\n\n\n<li><strong>Przemy\u015blany uk\u0142ad mebli<\/strong> \u2013 ka\u017cdy element powinien mie\u0107 swoje miejsce i funkcj\u0119.<\/li>\n\n\n\n<li><strong>Otwarte p\u00f3\u0142ki i jasne kolory<\/strong> \u2013 szczeg\u00f3lnie w ma\u0142ych mieszkaniach optycznie powi\u0119kszaj\u0105 przestrze\u0144 i zwi\u0119kszaj\u0105 funkcjonalno\u015b\u0107.<\/li>\n<\/ul>\n\n\n\n<p><strong>Nawet niewielki metra\u017c nie musi oznacza\u0107 kompromis\u00f3w<\/strong> \u2013 ani w kwestii wygody, ani stylu. Styl skandynawski, z jego prostot\u0105 i jasno\u015bci\u0105, doskonale sprawdza si\u0119 w takich aran\u017cacjach.<\/p>\n\n\n\n<h3 class=\"wp-block-heading\">Nowoczesna kuchnia z salonem \u2013 aktualne trendy 2025<\/h3>\n\n\n\n<p>Rok 2025 przynosi \u015bwie\u017ce spojrzenie na <strong>nowoczesne kuchnie otwarte na salon<\/strong>. Minimalizm, funkcjonalno\u015b\u0107 i technologia to dzi\u015b nie tylko modne has\u0142a, ale realne potrzeby wsp\u00f3\u0142czesnych u\u017cytkownik\u00f3w. Kluczowe cechy nowoczesnych aran\u017cacji to:<\/p>\n\n\n\n<ul class=\"wp-block-list\">\n<li><strong>Proste formy i g\u0142adkie powierzchnie<\/strong> \u2013 nadaj\u0105 wn\u0119trzu elegancji i porz\u0105dku.<\/li>\n\n\n\n<li><strong>Zintegrowane sprz\u0119ty AGD<\/strong> \u2013 oszcz\u0119dzaj\u0105 miejsce i zwi\u0119kszaj\u0105 estetyk\u0119 przestrzeni.<\/li>\n\n\n\n<li><strong>Ekologiczne rozwi\u0105zania<\/strong> \u2013 energooszcz\u0119dne urz\u0105dzenia, meble z recyklingu, systemy zarz\u0105dzania energi\u0105<sup data-fn=\"92e3ed04-1b8b-4db0-97d2-54a310a11c43\" class=\"fn\"><a id=\"92e3ed04-1b8b-4db0-97d2-54a310a11c43-link\" href=\"#92e3ed04-1b8b-4db0-97d2-54a310a11c43\">1<\/a><\/sup>.<\/li>\n\n\n\n<li><strong>Inteligentne o\u015bwietlenie LED<\/strong> \u2013 sterowane aplikacj\u0105, pozwala tworzy\u0107 nastr\u00f3j i oszcz\u0119dza\u0107 energi\u0119.<\/li>\n<\/ul>\n\n\n\n<p><strong>Ekologia to nie tylko trend \u2013 to styl \u017cycia.<\/strong> Coraz wi\u0119cej os\u00f3b wybiera rozwi\u0105zania, kt\u00f3re s\u0105 przyjazne dla \u015brodowiska i jednocze\u015bnie zwi\u0119kszaj\u0105 komfort codziennego funkcjonowania.<\/p>\n\n\n\n<p>Przysz\u0142o\u015b\u0107? By\u0107 mo\u017ce kuchnia jutra sama zaproponuje nam kolacj\u0119. Jedno jest pewne \u2013 <strong>technologia coraz mocniej przenika do naszych wn\u0119trz<\/strong>. Ale nie kosztem estetyki. Wr\u0119cz przeciwnie \u2013 \u0142\u0105czy si\u0119 z ni\u0105, tworz\u0105c przestrzenie, kt\u00f3re s\u0105 jednocze\u015bnie pi\u0119kne, funkcjonalne i w pe\u0142ni dopasowane do naszych potrzeb.<\/p>\n\n\n\n<figure class=\"wp-block-image\"><a href=\"https:\/\/proplo.pl\/profile\/kobietarchitekt\/projekt\/modern-classic-1629\"><img decoding=\"async\" src=\"https:\/\/proplo.pl\/blog\/wp-content\/uploads\/2025\/06\/nowoczesna-kuchnia.png\" alt=\"Wsp\u00f3\u0142czesna kuchnia z bia\u0142ymi meblami i z\u0142otymi lampami\"\/><\/a><\/figure>\n\n\n\n<p>Projekt: <a href=\"https:\/\/proplo.pl\/profile\/kobietarchitekt\">Kobietarchitekt<\/a><\/p>\n\n\n\n<h2 class=\"wp-block-heading\">Projekty i planowanie przestrzeni<\/h2>\n\n\n\n<p>Urz\u0105dzanie przestrzeni w domu to nie tylko kwestia gustu, ale przede wszystkim <strong>sprytnego i funkcjonalnego planowania<\/strong>. Szczeg\u00f3lnie gdy m\u00f3wimy o <strong>kuchni otwartej na salon<\/strong> \u2013 rozwi\u0105zaniu, kt\u00f3re zyskuje coraz wi\u0119ksz\u0105 popularno\u015b\u0107. Nic dziwnego: \u0142\u0105czy ono nowoczesny styl z wygod\u0105 u\u017cytkowania. Jednak taki uk\u0142ad mo\u017ce r\u00f3wnie\u017c sprawia\u0107 trudno\u015bci aran\u017cacyjne.<\/p>\n\n\n\n<p>W tym artykule poka\u017cemy Ci, <strong>jak krok po kroku zaprojektowa\u0107 sp\u00f3jn\u0105 i komfortow\u0105 przestrze\u0144<\/strong>, unikaj\u0105c przy tym najcz\u0119stszych b\u0142\u0119d\u00f3w, kt\u00f3re mog\u0105 zepsu\u0107 efekt ko\u0144cowy.<\/p>\n\n\n\n<h3 class=\"wp-block-heading\">Jak zaprojektowa\u0107 kuchni\u0119 po\u0142\u0105czon\u0105 z salonem krok po kroku<\/h3>\n\n\n\n<p>Projektowanie <strong>kuchni z salonem<\/strong> przypomina uk\u0142adanie z\u0142o\u017conej uk\u0142adanki. Wymaga uwzgl\u0119dnienia zar\u00f3wno ogranicze\u0144 przestrzennych, jak i potrzeb domownik\u00f3w. Oto kluczowe kroki, kt\u00f3re warto przeanalizowa\u0107:<\/p>\n\n\n\n<ol class=\"wp-block-list\">\n<li><strong>Analiza uk\u0142adu pomieszcze\u0144<\/strong> \u2013 sprawd\u017a rozmieszczenie pion\u00f3w wentylacyjnych, instalacji oraz dost\u0119p do \u015bwiat\u0142a dziennego. To fundament ka\u017cdego projektu.<\/li>\n\n\n\n<li><strong>Okre\u015blenie funkcji przestrzeni<\/strong> \u2013 zastan\u00f3w si\u0119, czy kuchnia ma s\u0142u\u017cy\u0107 wy\u0142\u0105cznie do gotowania, czy r\u00f3wnie\u017c jako centrum \u017cycia rodzinnego. Od tego zale\u017cy uk\u0142ad mebli i wyb\u00f3r sprz\u0119t\u00f3w.<\/li>\n\n\n\n<li><strong>Tr\u00f3jk\u0105t roboczy<\/strong> \u2013 zadbaj o ergonomiczne rozmieszczenie lod\u00f3wki, zlewu i kuchenki. To podstawowy uk\u0142ad, kt\u00f3ry u\u0142atwia codzienne czynno\u015bci.<\/li>\n\n\n\n<li><strong>Sp\u00f3jno\u015b\u0107 stylistyczna<\/strong> \u2013 kuchnia i salon powinny tworzy\u0107 harmonijn\u0105 ca\u0142o\u015b\u0107. Zadbaj o wsp\u00f3ln\u0105 kolorystyk\u0119, materia\u0142y i detale, takie jak uchwyty, blaty czy fronty szafek.<\/li>\n\n\n\n<li><strong>O\u015bwietlenie<\/strong> \u2013 zastosuj r\u00f3\u017cne \u017ar\u00f3d\u0142a \u015bwiat\u0142a: og\u00f3lne (np. sufitowe), punktowe (nad blatem lub wysp\u0105) oraz dekoracyjne. Ka\u017cde z nich pe\u0142ni inn\u0105 funkcj\u0119, ale razem tworz\u0105 przytuln\u0105 atmosfer\u0119.<\/li>\n\n\n\n<li><strong>Wentylacja<\/strong> \u2013 nie oszcz\u0119dzaj na okapie. Wydajny system wentylacyjny to gwarancja \u015bwie\u017cego powietrza i komfortu u\u017cytkowania ca\u0142ej przestrzeni.<\/li>\n<\/ol>\n\n\n\n<p>W mieszkaniach w bloku cz\u0119sto spotykamy <strong>aneksy kuchenne<\/strong>. Dobrze zaprojektowane, mog\u0105 sta\u0107 si\u0119 sercem domu \u2013 miejscem, gdzie gotowanie \u0142\u0105czy si\u0119 z rozmowami i wsp\u00f3lnym sp\u0119dzaniem czasu.<\/p>\n\n\n\n<h3 class=\"wp-block-heading\">Najcz\u0119stsze b\u0142\u0119dy aran\u017cacyjne i jak ich unika\u0107<\/h3>\n\n\n\n<p>Po\u0142\u0105czenie kuchni z salonem to \u015bwietne rozwi\u0105zanie, ale \u0142atwo tu o b\u0142\u0119dy. Oto <strong>najcz\u0119stsze problemy aran\u017cacyjne<\/strong> i sposoby, jak ich unikn\u0105\u0107:<\/p>\n\n\n\n<ul class=\"wp-block-list\">\n<li><strong>Nieprzemy\u015blane rozmieszczenie mebli i sprz\u0119t\u00f3w<\/strong> \u2013 np. piekarnik tu\u017c przy \u015bcianie lub brak miejsca na blat roboczy. Zawsze planuj przestrze\u0144 z my\u015bl\u0105 o codziennych nawykach. <strong>Ergonomia to nie moda \u2013 to wygoda.<\/strong><\/li>\n\n\n\n<li><strong>Brak sp\u00f3jno\u015bci wizualnej<\/strong> \u2013 kuchnia w stylu industrialnym, a salon rustykalny? To si\u0119 nie zgrywa. Postaw na wsp\u00f3lne elementy: kolorystyk\u0119, faktury, dodatki. <strong>Ma\u0142e detale, jak powt\u00f3rzenie koloru drewna z blatu w stoliku kawowym, robi\u0105 du\u017c\u0105 r\u00f3\u017cnic\u0119.<\/strong><\/li>\n\n\n\n<li><strong>Z\u0142e o\u015bwietlenie i s\u0142aba wentylacja<\/strong> \u2013 brak \u015bwiat\u0142a nad blatem czy zbyt s\u0142aby okap to cz\u0119ste b\u0142\u0119dy. <strong>Zainwestuj w dobre o\u015bwietlenie LED i cichy, ale skuteczny system wentylacyjny<\/strong> \u2013 komfort u\u017cytkowania wzro\u015bnie natychmiast.<\/li>\n<\/ul>\n\n\n\n<p><strong>Pami\u0119taj:<\/strong> kuchnia po\u0142\u0105czona z salonem to nie tylko kwestia estetyki. To przestrze\u0144, w kt\u00f3rej toczy si\u0119 codzienne \u017cycie \u2013 gotujesz, odpoczywasz, rozmawiasz, sp\u0119dzasz czas z bliskimi. <strong>Dlatego warto zadba\u0107 o ka\u017cdy szczeg\u00f3\u0142 \u2013 to w\u0142a\u015bnie detale sprawiaj\u0105, \u017ce dom staje si\u0119 prawdziwym domem.<\/strong><\/p>\n\n\n\n<hr class=\"wp-block-separator has-alpha-channel-opacity\"\/>\n\n\n\n<p><strong>\u0179r\u00f3d\u0142a:<\/strong><\/p>\n\n\n<ol class=\"wp-block-footnotes\"><li id=\"92e3ed04-1b8b-4db0-97d2-54a310a11c43\"><a href=\"https:\/\/www.energy.gov\/energysaver\/energy-saver\">https:\/\/www.energy.gov\/energysaver\/energy-saver<\/a> <a href=\"#92e3ed04-1b8b-4db0-97d2-54a310a11c43-link\" aria-label=\"Przejd\u017a do przypisu 1\">\u21a9\ufe0e<\/a><\/li><\/ol>\n\n\n<p><\/p>\n","protected":false},"excerpt":{"rendered":"<p>Po\u0142\u0105czenie kuchni z salonem? Zobacz, jak urz\u0105dzi\u0107 kuchni\u0119 z salonem, by by\u0142a zar\u00f3wno praktyczna, jak i estetyczna.<\/p>\n","protected":false},"author":3,"featured_media":1215,"comment_status":"closed","ping_status":"closed","sticky":false,"template":"","format":"standard","meta":{"footnotes":"[{\"content\":\"<a href=\\\"https:\/\/www.energy.gov\/energysaver\/energy-saver\\\">https:\/\/www.energy.gov\/energysaver\/energy-saver<\/a>\",\"id\":\"92e3ed04-1b8b-4db0-97d2-54a310a11c43\"}]"},"categories":[9],"tags":[],"class_list":["post-1197","post","type-post","status-publish","format-standard","has-post-thumbnail","hentry","category-kuchnia"],"acf":[],"yoast_head":"<!-- This site is optimized with the Yoast SEO plugin v27.5 - https:\/\/yoast.com\/product\/yoast-seo-wordpress\/ -->\n<title>Jak urz\u0105dzi\u0107 kuchni\u0119 z salonem - Proplo<\/title>\n<meta name=\"description\" content=\"Po\u0142\u0105czenie kuchni z salonem? Zobacz, jak urz\u0105dzi\u0107 kuchni\u0119 z salonem, by by\u0142a zar\u00f3wno praktyczna, jak i estetyczna.\" \/>\n<meta name=\"robots\" content=\"index, follow, max-snippet:-1, max-image-preview:large, max-video-preview:-1\" \/>\n<link rel=\"canonical\" href=\"https:\/\/proplo.pl\/blog\/jak-urzadzic-kuchnie-z-salonem\/\" \/>\n<meta property=\"og:locale\" content=\"pl_PL\" \/>\n<meta property=\"og:type\" content=\"article\" \/>\n<meta property=\"og:title\" content=\"Jak urz\u0105dzi\u0107 kuchni\u0119 z salonem - Proplo\" \/>\n<meta property=\"og:description\" content=\"Po\u0142\u0105czenie kuchni z salonem? Zobacz, jak urz\u0105dzi\u0107 kuchni\u0119 z salonem, by by\u0142a zar\u00f3wno praktyczna, jak i estetyczna.\" \/>\n<meta property=\"og:url\" content=\"https:\/\/proplo.pl\/blog\/jak-urzadzic-kuchnie-z-salonem\/\" \/>\n<meta property=\"og:site_name\" content=\"Poradnik wn\u0119trzarski - Proplo\" \/>\n<meta property=\"article:published_time\" content=\"2025-08-19T18:17:23+00:00\" \/>\n<meta property=\"article:modified_time\" content=\"2025-08-19T18:17:24+00:00\" \/>\n<meta property=\"og:image\" content=\"https:\/\/proplo.pl\/blog\/wp-content\/uploads\/2025\/08\/kuchnia-z-salonem.png\" \/>\n\t<meta property=\"og:image:width\" content=\"1200\" \/>\n\t<meta property=\"og:image:height\" content=\"800\" \/>\n\t<meta property=\"og:image:type\" content=\"image\/png\" \/>\n<meta name=\"author\" content=\"Proplo\" \/>\n<meta name=\"twitter:card\" content=\"summary_large_image\" \/>\n<meta name=\"twitter:label1\" content=\"Napisane przez\" \/>\n\t<meta name=\"twitter:data1\" content=\"Proplo\" \/>\n\t<meta name=\"twitter:label2\" content=\"Szacowany czas czytania\" \/>\n\t<meta name=\"twitter:data2\" content=\"24 minuty\" \/>\n<script type=\"application\/ld+json\" class=\"yoast-schema-graph\">{\"@context\":\"https:\\\/\\\/schema.org\",\"@graph\":[{\"@type\":\"Article\",\"@id\":\"https:\\\/\\\/proplo.pl\\\/blog\\\/jak-urzadzic-kuchnie-z-salonem\\\/#article\",\"isPartOf\":{\"@id\":\"https:\\\/\\\/proplo.pl\\\/blog\\\/jak-urzadzic-kuchnie-z-salonem\\\/\"},\"author\":{\"name\":\"Proplo\",\"@id\":\"https:\\\/\\\/proplo.pl\\\/blog\\\/#\\\/schema\\\/person\\\/c13af99097d24e9fc2b86b838c0fd0e1\"},\"headline\":\"Jak urz\u0105dzi\u0107 kuchni\u0119 z salonem &#8211; funkcjonalne i estetyczne rozwi\u0105zania\",\"datePublished\":\"2025-08-19T18:17:23+00:00\",\"dateModified\":\"2025-08-19T18:17:24+00:00\",\"mainEntityOfPage\":{\"@id\":\"https:\\\/\\\/proplo.pl\\\/blog\\\/jak-urzadzic-kuchnie-z-salonem\\\/\"},\"wordCount\":4644,\"image\":{\"@id\":\"https:\\\/\\\/proplo.pl\\\/blog\\\/jak-urzadzic-kuchnie-z-salonem\\\/#primaryimage\"},\"thumbnailUrl\":\"https:\\\/\\\/proplo.pl\\\/blog\\\/wp-content\\\/uploads\\\/2025\\\/08\\\/kuchnia-z-salonem.png\",\"articleSection\":[\"Kuchnia\"],\"inLanguage\":\"pl-PL\"},{\"@type\":\"WebPage\",\"@id\":\"https:\\\/\\\/proplo.pl\\\/blog\\\/jak-urzadzic-kuchnie-z-salonem\\\/\",\"url\":\"https:\\\/\\\/proplo.pl\\\/blog\\\/jak-urzadzic-kuchnie-z-salonem\\\/\",\"name\":\"Jak urz\u0105dzi\u0107 kuchni\u0119 z salonem - Proplo\",\"isPartOf\":{\"@id\":\"https:\\\/\\\/proplo.pl\\\/blog\\\/#website\"},\"primaryImageOfPage\":{\"@id\":\"https:\\\/\\\/proplo.pl\\\/blog\\\/jak-urzadzic-kuchnie-z-salonem\\\/#primaryimage\"},\"image\":{\"@id\":\"https:\\\/\\\/proplo.pl\\\/blog\\\/jak-urzadzic-kuchnie-z-salonem\\\/#primaryimage\"},\"thumbnailUrl\":\"https:\\\/\\\/proplo.pl\\\/blog\\\/wp-content\\\/uploads\\\/2025\\\/08\\\/kuchnia-z-salonem.png\",\"datePublished\":\"2025-08-19T18:17:23+00:00\",\"dateModified\":\"2025-08-19T18:17:24+00:00\",\"author\":{\"@id\":\"https:\\\/\\\/proplo.pl\\\/blog\\\/#\\\/schema\\\/person\\\/c13af99097d24e9fc2b86b838c0fd0e1\"},\"description\":\"Po\u0142\u0105czenie kuchni z salonem? Zobacz, jak urz\u0105dzi\u0107 kuchni\u0119 z salonem, by by\u0142a zar\u00f3wno praktyczna, jak i estetyczna.\",\"breadcrumb\":{\"@id\":\"https:\\\/\\\/proplo.pl\\\/blog\\\/jak-urzadzic-kuchnie-z-salonem\\\/#breadcrumb\"},\"inLanguage\":\"pl-PL\",\"potentialAction\":[{\"@type\":\"ReadAction\",\"target\":[\"https:\\\/\\\/proplo.pl\\\/blog\\\/jak-urzadzic-kuchnie-z-salonem\\\/\"]}]},{\"@type\":\"ImageObject\",\"inLanguage\":\"pl-PL\",\"@id\":\"https:\\\/\\\/proplo.pl\\\/blog\\\/jak-urzadzic-kuchnie-z-salonem\\\/#primaryimage\",\"url\":\"https:\\\/\\\/proplo.pl\\\/blog\\\/wp-content\\\/uploads\\\/2025\\\/08\\\/kuchnia-z-salonem.png\",\"contentUrl\":\"https:\\\/\\\/proplo.pl\\\/blog\\\/wp-content\\\/uploads\\\/2025\\\/08\\\/kuchnia-z-salonem.png\",\"width\":1200,\"height\":800,\"caption\":\"Wn\u0119trze kuchni z drewnian\u0105 wysp\u0105, zielon\u0105 sof\u0105 i minimalistycznymi akcentami.\"},{\"@type\":\"BreadcrumbList\",\"@id\":\"https:\\\/\\\/proplo.pl\\\/blog\\\/jak-urzadzic-kuchnie-z-salonem\\\/#breadcrumb\",\"itemListElement\":[{\"@type\":\"ListItem\",\"position\":1,\"name\":\"Proplo\",\"item\":\"https:\\\/\\\/proplo.pl\"},{\"@type\":\"ListItem\",\"position\":2,\"name\":\"Poradnik wn\u0119trzarski\",\"item\":\"https:\\\/\\\/proplo.pl\\\/blog\\\/\"},{\"@type\":\"ListItem\",\"position\":3,\"name\":\"Jak urz\u0105dzi\u0107 kuchni\u0119 z salonem &#8211; funkcjonalne i estetyczne rozwi\u0105zania\"}]},{\"@type\":\"WebSite\",\"@id\":\"https:\\\/\\\/proplo.pl\\\/blog\\\/#website\",\"url\":\"https:\\\/\\\/proplo.pl\\\/blog\\\/\",\"name\":\"Blog Proplo\",\"description\":\"\",\"potentialAction\":[{\"@type\":\"SearchAction\",\"target\":{\"@type\":\"EntryPoint\",\"urlTemplate\":\"https:\\\/\\\/proplo.pl\\\/blog\\\/?s={search_term_string}\"},\"query-input\":{\"@type\":\"PropertyValueSpecification\",\"valueRequired\":true,\"valueName\":\"search_term_string\"}}],\"inLanguage\":\"pl-PL\"},{\"@type\":\"Person\",\"@id\":\"https:\\\/\\\/proplo.pl\\\/blog\\\/#\\\/schema\\\/person\\\/c13af99097d24e9fc2b86b838c0fd0e1\",\"name\":\"Proplo\",\"image\":{\"@type\":\"ImageObject\",\"inLanguage\":\"pl-PL\",\"@id\":\"https:\\\/\\\/secure.gravatar.com\\\/avatar\\\/176f908138148facd74b7d78fc677b53b24a54b63aacd8fc4e81a4da926e5f28?s=96&d=mm&r=g\",\"url\":\"https:\\\/\\\/secure.gravatar.com\\\/avatar\\\/176f908138148facd74b7d78fc677b53b24a54b63aacd8fc4e81a4da926e5f28?s=96&d=mm&r=g\",\"contentUrl\":\"https:\\\/\\\/secure.gravatar.com\\\/avatar\\\/176f908138148facd74b7d78fc677b53b24a54b63aacd8fc4e81a4da926e5f28?s=96&d=mm&r=g\",\"caption\":\"Proplo\"},\"url\":\"https:\\\/\\\/proplo.pl\\\/blog\\\/author\\\/r-marciniak\\\/\"}]}<\/script>\n<!-- \/ Yoast SEO plugin. -->","yoast_head_json":{"title":"Jak urz\u0105dzi\u0107 kuchni\u0119 z salonem - Proplo","description":"Po\u0142\u0105czenie kuchni z salonem? Zobacz, jak urz\u0105dzi\u0107 kuchni\u0119 z salonem, by by\u0142a zar\u00f3wno praktyczna, jak i estetyczna.","robots":{"index":"index","follow":"follow","max-snippet":"max-snippet:-1","max-image-preview":"max-image-preview:large","max-video-preview":"max-video-preview:-1"},"canonical":"https:\/\/proplo.pl\/blog\/jak-urzadzic-kuchnie-z-salonem\/","og_locale":"pl_PL","og_type":"article","og_title":"Jak urz\u0105dzi\u0107 kuchni\u0119 z salonem - Proplo","og_description":"Po\u0142\u0105czenie kuchni z salonem? Zobacz, jak urz\u0105dzi\u0107 kuchni\u0119 z salonem, by by\u0142a zar\u00f3wno praktyczna, jak i estetyczna.","og_url":"https:\/\/proplo.pl\/blog\/jak-urzadzic-kuchnie-z-salonem\/","og_site_name":"Poradnik wn\u0119trzarski - Proplo","article_published_time":"2025-08-19T18:17:23+00:00","article_modified_time":"2025-08-19T18:17:24+00:00","og_image":[{"width":1200,"height":800,"url":"https:\/\/proplo.pl\/blog\/wp-content\/uploads\/2025\/08\/kuchnia-z-salonem.png","type":"image\/png"}],"author":"Proplo","twitter_card":"summary_large_image","twitter_misc":{"Napisane przez":"Proplo","Szacowany czas czytania":"24 minuty"},"schema":{"@context":"https:\/\/schema.org","@graph":[{"@type":"Article","@id":"https:\/\/proplo.pl\/blog\/jak-urzadzic-kuchnie-z-salonem\/#article","isPartOf":{"@id":"https:\/\/proplo.pl\/blog\/jak-urzadzic-kuchnie-z-salonem\/"},"author":{"name":"Proplo","@id":"https:\/\/proplo.pl\/blog\/#\/schema\/person\/c13af99097d24e9fc2b86b838c0fd0e1"},"headline":"Jak urz\u0105dzi\u0107 kuchni\u0119 z salonem &#8211; funkcjonalne i estetyczne rozwi\u0105zania","datePublished":"2025-08-19T18:17:23+00:00","dateModified":"2025-08-19T18:17:24+00:00","mainEntityOfPage":{"@id":"https:\/\/proplo.pl\/blog\/jak-urzadzic-kuchnie-z-salonem\/"},"wordCount":4644,"image":{"@id":"https:\/\/proplo.pl\/blog\/jak-urzadzic-kuchnie-z-salonem\/#primaryimage"},"thumbnailUrl":"https:\/\/proplo.pl\/blog\/wp-content\/uploads\/2025\/08\/kuchnia-z-salonem.png","articleSection":["Kuchnia"],"inLanguage":"pl-PL"},{"@type":"WebPage","@id":"https:\/\/proplo.pl\/blog\/jak-urzadzic-kuchnie-z-salonem\/","url":"https:\/\/proplo.pl\/blog\/jak-urzadzic-kuchnie-z-salonem\/","name":"Jak urz\u0105dzi\u0107 kuchni\u0119 z salonem - Proplo","isPartOf":{"@id":"https:\/\/proplo.pl\/blog\/#website"},"primaryImageOfPage":{"@id":"https:\/\/proplo.pl\/blog\/jak-urzadzic-kuchnie-z-salonem\/#primaryimage"},"image":{"@id":"https:\/\/proplo.pl\/blog\/jak-urzadzic-kuchnie-z-salonem\/#primaryimage"},"thumbnailUrl":"https:\/\/proplo.pl\/blog\/wp-content\/uploads\/2025\/08\/kuchnia-z-salonem.png","datePublished":"2025-08-19T18:17:23+00:00","dateModified":"2025-08-19T18:17:24+00:00","author":{"@id":"https:\/\/proplo.pl\/blog\/#\/schema\/person\/c13af99097d24e9fc2b86b838c0fd0e1"},"description":"Po\u0142\u0105czenie kuchni z salonem? Zobacz, jak urz\u0105dzi\u0107 kuchni\u0119 z salonem, by by\u0142a zar\u00f3wno praktyczna, jak i estetyczna.","breadcrumb":{"@id":"https:\/\/proplo.pl\/blog\/jak-urzadzic-kuchnie-z-salonem\/#breadcrumb"},"inLanguage":"pl-PL","potentialAction":[{"@type":"ReadAction","target":["https:\/\/proplo.pl\/blog\/jak-urzadzic-kuchnie-z-salonem\/"]}]},{"@type":"ImageObject","inLanguage":"pl-PL","@id":"https:\/\/proplo.pl\/blog\/jak-urzadzic-kuchnie-z-salonem\/#primaryimage","url":"https:\/\/proplo.pl\/blog\/wp-content\/uploads\/2025\/08\/kuchnia-z-salonem.png","contentUrl":"https:\/\/proplo.pl\/blog\/wp-content\/uploads\/2025\/08\/kuchnia-z-salonem.png","width":1200,"height":800,"caption":"Wn\u0119trze kuchni z drewnian\u0105 wysp\u0105, zielon\u0105 sof\u0105 i minimalistycznymi akcentami."},{"@type":"BreadcrumbList","@id":"https:\/\/proplo.pl\/blog\/jak-urzadzic-kuchnie-z-salonem\/#breadcrumb","itemListElement":[{"@type":"ListItem","position":1,"name":"Proplo","item":"https:\/\/proplo.pl"},{"@type":"ListItem","position":2,"name":"Poradnik wn\u0119trzarski","item":"https:\/\/proplo.pl\/blog\/"},{"@type":"ListItem","position":3,"name":"Jak urz\u0105dzi\u0107 kuchni\u0119 z salonem &#8211; funkcjonalne i estetyczne rozwi\u0105zania"}]},{"@type":"WebSite","@id":"https:\/\/proplo.pl\/blog\/#website","url":"https:\/\/proplo.pl\/blog\/","name":"Blog Proplo","description":"","potentialAction":[{"@type":"SearchAction","target":{"@type":"EntryPoint","urlTemplate":"https:\/\/proplo.pl\/blog\/?s={search_term_string}"},"query-input":{"@type":"PropertyValueSpecification","valueRequired":true,"valueName":"search_term_string"}}],"inLanguage":"pl-PL"},{"@type":"Person","@id":"https:\/\/proplo.pl\/blog\/#\/schema\/person\/c13af99097d24e9fc2b86b838c0fd0e1","name":"Proplo","image":{"@type":"ImageObject","inLanguage":"pl-PL","@id":"https:\/\/secure.gravatar.com\/avatar\/176f908138148facd74b7d78fc677b53b24a54b63aacd8fc4e81a4da926e5f28?s=96&d=mm&r=g","url":"https:\/\/secure.gravatar.com\/avatar\/176f908138148facd74b7d78fc677b53b24a54b63aacd8fc4e81a4da926e5f28?s=96&d=mm&r=g","contentUrl":"https:\/\/secure.gravatar.com\/avatar\/176f908138148facd74b7d78fc677b53b24a54b63aacd8fc4e81a4da926e5f28?s=96&d=mm&r=g","caption":"Proplo"},"url":"https:\/\/proplo.pl\/blog\/author\/r-marciniak\/"}]}},"_links":{"self":[{"href":"https:\/\/proplo.pl\/blog\/wp-json\/wp\/v2\/posts\/1197","targetHints":{"allow":["GET"]}}],"collection":[{"href":"https:\/\/proplo.pl\/blog\/wp-json\/wp\/v2\/posts"}],"about":[{"href":"https:\/\/proplo.pl\/blog\/wp-json\/wp\/v2\/types\/post"}],"author":[{"embeddable":true,"href":"https:\/\/proplo.pl\/blog\/wp-json\/wp\/v2\/users\/3"}],"replies":[{"embeddable":true,"href":"https:\/\/proplo.pl\/blog\/wp-json\/wp\/v2\/comments?post=1197"}],"version-history":[{"count":4,"href":"https:\/\/proplo.pl\/blog\/wp-json\/wp\/v2\/posts\/1197\/revisions"}],"predecessor-version":[{"id":1218,"href":"https:\/\/proplo.pl\/blog\/wp-json\/wp\/v2\/posts\/1197\/revisions\/1218"}],"wp:featuredmedia":[{"embeddable":true,"href":"https:\/\/proplo.pl\/blog\/wp-json\/wp\/v2\/media\/1215"}],"wp:attachment":[{"href":"https:\/\/proplo.pl\/blog\/wp-json\/wp\/v2\/media?parent=1197"}],"wp:term":[{"taxonomy":"category","embeddable":true,"href":"https:\/\/proplo.pl\/blog\/wp-json\/wp\/v2\/categories?post=1197"},{"taxonomy":"post_tag","embeddable":true,"href":"https:\/\/proplo.pl\/blog\/wp-json\/wp\/v2\/tags?post=1197"}],"curies":[{"name":"wp","href":"https:\/\/api.w.org\/{rel}","templated":true}]}}