{"id":1101,"date":"2025-07-30T12:04:22","date_gmt":"2025-07-30T11:04:22","guid":{"rendered":"https:\/\/proplo.pl\/blog\/?p=1101"},"modified":"2025-07-30T12:59:42","modified_gmt":"2025-07-30T11:59:42","slug":"dom-w-stylu-wiejskim","status":"publish","type":"post","link":"https:\/\/proplo.pl\/blog\/dom-w-stylu-wiejskim\/","title":{"rendered":"Dom w stylu wiejskim &#8211; cechy, projekty i inspiracje"},"content":{"rendered":"<div class=\"you-find-content\">\r\n    <div class=\"container-xl container-wrapper\">\r\n        <div class=\"row design\">\r\n            <div class=\"col-md-12 wrapper \">\r\n                <div class=\"title\"><p>Z tego artyku\u0142u dowiesz si\u0119:<\/p>\n<\/div>\r\n                <div class=\"grid-wrapper\">\r\n                                                        <div class=\"block-list\">\r\n                        <div class=\"number\">\r\n                            1                        <\/div>\r\n                        <div class=\"text\">\r\n                            <p>Jakie s\u0105 cechy charakterystyczne architektury wiejskiej?<\/p>\n                        <\/div>\r\n                    <\/div>\r\n                                        <div class=\"block-list\">\r\n                        <div class=\"number\">\r\n                            2                        <\/div>\r\n                        <div class=\"text\">\r\n                            <p>Jak \u0142\u0105czy\u0107 tradycj\u0119 z nowoczesno\u015bci\u0105?<\/p>\n                        <\/div>\r\n                    <\/div>\r\n                                        <div class=\"block-list\">\r\n                        <div class=\"number\">\r\n                            3                        <\/div>\r\n                        <div class=\"text\">\r\n                            <p>Jakie b\u0142\u0119dy pope\u0142nia si\u0119 przy projektowaniu dom\u00f3w wiejskich?<\/p>\n                        <\/div>\r\n                    <\/div>\r\n                                        <div class=\"block-list\">\r\n                        <div class=\"number\">\r\n                            4                        <\/div>\r\n                        <div class=\"text\">\r\n                            <p>Czym wyr\u00f3\u017cniaj\u0105 si\u0119 regionalne odmiany stylu wiejskiego?<\/p>\n                        <\/div>\r\n                    <\/div>\r\n                                                    <\/div>\r\n            <\/div>\r\n        <\/div>\r\n    <\/div>\r\n<\/div>\n\n\n<p>W \u015bwiecie, kt\u00f3ry nieustannie przyspiesza, coraz wi\u0119cej os\u00f3b marzy o chwili spokoju \u2013 o miejscu, gdzie mo\u017cna <strong>odetchn\u0105\u0107 pe\u0142n\u0105 piersi\u0105, us\u0142ysze\u0107 \u015bpiew ptak\u00f3w i poczu\u0107 zapach \u015bwie\u017co skoszonej trawy<\/strong>. <strong>Dom w stylu wiejskim<\/strong> to odpowied\u017a na t\u0119 potrzeb\u0119 \u2013 to nie tylko budynek, ale <strong>styl \u017cycia<\/strong>. \u0141\u0105czy w sobie <strong>urok dawnych lat z wygod\u0105 nowoczesnych rozwi\u0105za\u0144<\/strong>. Cho\u0107 wygl\u0105da sielsko, kryje w sobie <strong>przemy\u015blan\u0105 funkcjonalno\u015b\u0107<\/strong>. Wykorzystanie naturalnych materia\u0142\u00f3w, takich jak drewno, kamie\u0144 czy ceg\u0142a, nadaje mu <strong>ciep\u0142o, autentyczno\u015b\u0107 i ponadczasowy charakter<\/strong>.<\/p>\n\n\n\n<p>Nie dziwi wi\u0119c, \u017ce coraz wi\u0119cej os\u00f3b decyduje si\u0119 na taki dom \u2013 szczeg\u00f3lnie ci, kt\u00f3rzy maj\u0105 do\u015b\u0107 miejskiego zgie\u0142ku i szukaj\u0105 przestrzeni, w kt\u00f3rej mo\u017cna naprawd\u0119 odpocz\u0105\u0107. <strong>Projekty dom\u00f3w wiejskich<\/strong> to harmonijne po\u0142\u0105czenie <strong>rustykalnego klimatu z nowoczesn\u0105 wygod\u0105<\/strong>. Co mo\u017cna znale\u017a\u0107 w takim wn\u0119trzu? Oto kilka kluczowych element\u00f3w:<\/p>\n\n\n\n<ul class=\"wp-block-list\">\n<li><strong>Przestrze\u0144<\/strong> \u2013 jasne, otwarte pomieszczenia sprzyjaj\u0105ce wsp\u00f3lnemu sp\u0119dzaniu czasu.<\/li>\n\n\n\n<li><strong>Kuchnia<\/strong> \u2013 serce domu, zapraszaj\u0105ce do wsp\u00f3lnego gotowania i rozm\u00f3w.<\/li>\n\n\n\n<li><strong>Werandy i tarasy<\/strong> \u2013 idealne miejsca do relaksu i podziwiania ogrodu przez ca\u0142y rok.<\/li>\n\n\n\n<li><strong>Naturalne materia\u0142y i ciep\u0142a kolorystyka<\/strong> \u2013 tworz\u0105ce przytuln\u0105, domow\u0105 atmosfer\u0119.<\/li>\n<\/ul>\n\n\n\n<p>To wszystko sprawia, \u017ce <strong>\u017cycie w domu w stylu wiejskim staje si\u0119 codzienn\u0105 przyjemno\u015bci\u0105<\/strong>. Styl ten to nie tylko estetyka \u2013 to tak\u017ce <strong>praktyczne podej\u015bcie do \u017cycia<\/strong>. Odpowiada na potrzeby wsp\u00f3\u0142czesnych rodzin, oferuj\u0105c <strong>komfort i funkcjonalno\u015b\u0107 w otoczeniu natury<\/strong>. <strong>Tradycja spotyka si\u0119 tu z nowoczesno\u015bci\u0105<\/strong> \u2013 i to w najlepszym mo\u017cliwym wydaniu.<\/p>\n\n\n\n<p>A co z przysz\u0142o\u015bci\u0105? Jak b\u0119dzie wygl\u0105da\u0142 dom wiejski za dekad\u0119? Mo\u017cliwe, \u017ce pojawi\u0105 si\u0119 w nim:<\/p>\n\n\n\n<ul class=\"wp-block-list\">\n<li><strong>Inteligentne systemy zarz\u0105dzania energi\u0105<\/strong>, kt\u00f3re zwi\u0119ksz\u0105 efektywno\u015b\u0107 i oszcz\u0119dno\u015b\u0107.<\/li>\n\n\n\n<li><strong>Ekologiczne technologie<\/strong>, wspieraj\u0105ce zr\u00f3wnowa\u017cony rozw\u00f3j.<\/li>\n\n\n\n<li><strong>Nowoczesne, naturalne materia\u0142y<\/strong>, jeszcze lepiej integruj\u0105ce dom z otoczeniem.<\/li>\n\n\n\n<li><strong>Rozwi\u0105zania sprzyjaj\u0105ce blisko\u015bci z natur\u0105<\/strong>, bez rezygnacji z wygody.<\/li>\n<\/ul>\n\n\n\n<p><strong>Jedno jest pewne \u2013 styl wiejski nie stoi w miejscu<\/strong>. Ewoluuje, inspiruje i wci\u0105\u017c odpowiada na zmieniaj\u0105ce si\u0119 potrzeby. I w\u0142a\u015bnie dlatego <strong>tak bardzo go cenimy<\/strong>.<\/p>\n\n\n\n<figure class=\"wp-block-image size-full\"><a href=\"https:\/\/proplo.pl\/profile\/willimzik-studio\/projekt\/mieszkanie-prywatne-pruszkow-1260\"><img loading=\"lazy\" decoding=\"async\" width=\"1200\" height=\"800\" src=\"https:\/\/proplo.pl\/blog\/wp-content\/uploads\/2025\/07\/dom-styl-wiejski.png\" alt=\"Kuchnia w stylu boho, eklektycznym, japandi z zielonymi meblami i drewnianymi detalami.\" class=\"wp-image-1103\" srcset=\"https:\/\/proplo.pl\/blog\/wp-content\/uploads\/2025\/07\/dom-styl-wiejski.png 1200w, https:\/\/proplo.pl\/blog\/wp-content\/uploads\/2025\/07\/dom-styl-wiejski-300x200.png 300w, https:\/\/proplo.pl\/blog\/wp-content\/uploads\/2025\/07\/dom-styl-wiejski-768x512.png 768w, https:\/\/proplo.pl\/blog\/wp-content\/uploads\/2025\/07\/dom-styl-wiejski-1024x683.png 1024w, https:\/\/proplo.pl\/blog\/wp-content\/uploads\/2025\/07\/dom-styl-wiejski-480x320.png 480w\" sizes=\"auto, (max-width: 1200px) 100vw, 1200px\" \/><\/a><figcaption class=\"wp-element-caption\">Projekt: <a href=\"https:\/\/proplo.pl\/profile\/willimzik-studio\">Willimzik Studio<\/a><\/figcaption><\/figure>\n\n\n\n<h2 class=\"wp-block-heading\">Czym charakteryzuje si\u0119 dom w stylu wiejskim<\/h2>\n\n\n\n<p><strong>Dom w stylu wiejskim<\/strong> to oaza spokoju, w kt\u00f3rej prostota \u0142\u0105czy si\u0119 z komfortem, a natura odgrywa kluczow\u0105 rol\u0119. Charakterystyczne cechy takiego budynku to przede wszystkim <strong>spadzisty dach<\/strong> oraz wykorzystanie <strong>naturalnych materia\u0142\u00f3w<\/strong>, takich jak drewno, kamie\u0144 czy ceg\u0142a.<\/p>\n\n\n\n<p>Materia\u0142y te nie tylko zapewniaj\u0105 trwa\u0142o\u015b\u0107 konstrukcji, ale r\u00f3wnie\u017c harmonijnie wpisuj\u0105 si\u0119 w otaczaj\u0105cy krajobraz. <strong>Dom staje si\u0119 naturalnym przed\u0142u\u017ceniem przyrody<\/strong>, tworz\u0105c sp\u00f3jn\u0105 ca\u0142o\u015b\u0107 z otoczeniem.<\/p>\n\n\n\n<p>Wn\u0119trza dom\u00f3w wiejskich s\u0105 <strong>ciep\u0142e, przytulne i pe\u0142ne charakteru<\/strong>. Dominuj\u0105 w nich:<\/p>\n\n\n\n<ul class=\"wp-block-list\">\n<li><strong>Drewniane meble<\/strong> \u2013 solidne, cz\u0119sto r\u0119cznie wykonane, z widoczn\u0105 struktur\u0105 drewna,<\/li>\n\n\n\n<li><strong>Kominki z kamienia<\/strong> \u2013 centralny punkt salonu, \u017ar\u00f3d\u0142o ciep\u0142a i atmosfery,<\/li>\n\n\n\n<li><strong>Dekoracje inspirowane natur\u0105<\/strong> \u2013 suszone kwiaty, lniane tkaniny, ceramika,<\/li>\n\n\n\n<li><strong>Kolory ziemi<\/strong> \u2013 br\u0105zy, zielenie, be\u017ce, kt\u00f3re wzmacniaj\u0105 poczucie blisko\u015bci z natur\u0105.<\/li>\n<\/ul>\n\n\n\n<p><strong>Dom w stylu wiejskim przyci\u0105ga osoby szukaj\u0105ce ucieczki od miejskiego zgie\u0142ku<\/strong> i pragn\u0105ce odnale\u017a\u0107 r\u00f3wnowag\u0119 w otoczeniu natury.<\/p>\n\n\n\n<h3 class=\"wp-block-heading\">Styl rustykalny jako fundament estetyki wiejskiej<\/h3>\n\n\n\n<p><strong><a href=\"https:\/\/proplo.pl\/style\/rustykalny\">Styl rustykalny<\/a><\/strong> to esencja estetyki wiejskiej \u2013 prosty, naturalny i ponadczasowy. Czerpie inspiracje z tradycyjnej architektury, zar\u00f3wno w formie, jak i w u\u017cywanych materia\u0142ach. Charakterystyczne s\u0105:<\/p>\n\n\n\n<ul class=\"wp-block-list\">\n<li><strong>Symetryczne dachy<\/strong> pokryte dach\u00f3wk\u0105 lub gontem \u2013 nadaj\u0105 budynkom klasyczny wygl\u0105d,<\/li>\n\n\n\n<li><strong>Ods\u0142oni\u0119te belki stropowe<\/strong> \u2013 podkre\u015blaj\u0105 konstrukcj\u0119 i dodaj\u0105 wn\u0119trzom autentyczno\u015bci,<\/li>\n\n\n\n<li><strong>Rze\u017abione elementy drewniane<\/strong> \u2013 cz\u0119sto wykonywane r\u0119cznie, wprowadzaj\u0105 unikalny charakter,<\/li>\n\n\n\n<li><strong>Kute okucia<\/strong> \u2013 detale, kt\u00f3re nadaj\u0105 wn\u0119trzom dusz\u0119 i rustykalny klimat.<\/li>\n<\/ul>\n\n\n\n<p>Rustykalno\u015b\u0107 to nie tylko wygl\u0105d \u2013 to tak\u017ce <strong>funkcjonalno\u015b\u0107 i wygoda<\/strong>. Ka\u017cdy element ma swoje miejsce i cel, bez zb\u0119dnych ozdobnik\u00f3w i przesady.<\/p>\n\n\n\n<h3 class=\"wp-block-heading\">Naturalne materia\u0142y w konstrukcji i wyko\u0144czeniu<\/h3>\n\n\n\n<p>W domach wiejskich <strong>naturalne surowce<\/strong> s\u0105 fundamentem zar\u00f3wno konstrukcji, jak i wyko\u0144czenia. Najcz\u0119\u015bciej stosowane to:<\/p>\n\n\n\n<ul class=\"wp-block-list\">\n<li><strong>Drewno<\/strong> \u2013 ciep\u0142e, trwa\u0142e, \u0142atwe w obr\u00f3bce,<\/li>\n\n\n\n<li><strong>Kamie\u0144<\/strong> \u2013 solidny, odporny na warunki atmosferyczne,<\/li>\n\n\n\n<li><strong>Ceg\u0142a<\/strong> \u2013 klasyczna, estetyczna, dobrze izoluj\u0105ca.<\/li>\n<\/ul>\n\n\n\n<p>Ich obecno\u015b\u0107 nie tylko podkre\u015bla charakter domu, ale r\u00f3wnie\u017c:<\/p>\n\n\n\n<ul class=\"wp-block-list\">\n<li><strong>Wzmacnia zwi\u0105zek z otoczeniem<\/strong>,<\/li>\n\n\n\n<li><strong>Tworzy zdrowy mikroklimat<\/strong> wewn\u0105trz budynku,<\/li>\n\n\n\n<li><strong>Wspiera zr\u00f3wnowa\u017cone budownictwo<\/strong> \u2013 coraz bardziej cenione w dzisiejszych czasach.<\/li>\n<\/ul>\n\n\n\n<p><strong>Dom w stylu wiejskim to \u015bwiadomy wyb\u00f3r<\/strong> \u2013 estetyczny, ekologiczny i przyjazny dla mieszka\u0144c\u00f3w.<\/p>\n\n\n\n<h3 class=\"wp-block-heading\">Dach dwuspadowy i inne tradycyjne formy architektoniczne<\/h3>\n\n\n\n<p><strong>Dach dwuspadowy<\/strong> to jeden z najbardziej rozpoznawalnych element\u00f3w architektury wiejskiej<sup data-fn=\"bcda8b14-5279-490f-bd51-f7c79ae52f65\" class=\"fn\"><a id=\"bcda8b14-5279-490f-bd51-f7c79ae52f65-link\" href=\"#bcda8b14-5279-490f-bd51-f7c79ae52f65\">1<\/a><\/sup>. Jego klasyczna forma zapewnia:<\/p>\n\n\n\n<ul class=\"wp-block-list\">\n<li><strong>Symetri\u0119 i elegancj\u0119<\/strong> bry\u0142y budynku,<\/li>\n\n\n\n<li><strong>Skuteczne odprowadzanie wody<\/strong> \u2013 idealne rozwi\u0105zanie na deszcz i \u015bnieg,<\/li>\n\n\n\n<li><strong>Trwa\u0142o\u015b\u0107 i prostot\u0119 wykonania<\/strong>.<\/li>\n<\/ul>\n\n\n\n<p>Inne tradycyjne elementy architektoniczne to:<\/p>\n\n\n\n<ul class=\"wp-block-list\">\n<li><strong>Lukarny<\/strong> \u2013 do\u015bwietlaj\u0105 poddasze i zwi\u0119kszaj\u0105 przestrze\u0144,<\/li>\n\n\n\n<li><strong>Mansardy<\/strong> \u2013 nadaj\u0105 budynkowi elegancji i funkcjonalno\u015bci,<\/li>\n\n\n\n<li><strong>Drewniane okiennice<\/strong> \u2013 chroni\u0105 przed s\u0142o\u0144cem i dodaj\u0105 uroku.<\/li>\n<\/ul>\n\n\n\n<p><strong>Te detale nie tylko zdobi\u0105, ale te\u017c zwi\u0119kszaj\u0105 komfort codziennego u\u017cytkowania<\/strong>.<\/p>\n\n\n\n<h3 class=\"wp-block-heading\">Weranda, ganek i inne elementy typowe dla dom\u00f3w wiejskich<\/h3>\n\n\n\n<p><strong>Weranda<\/strong> i <strong>ganek<\/strong> to nieod\u0142\u0105czne elementy domu wiejskiego, kt\u00f3re tworz\u0105 naturalne przej\u015bcie mi\u0119dzy wn\u0119trzem a ogrodem.<\/p>\n\n\n\n<ul class=\"wp-block-list\">\n<li><strong>Weranda<\/strong> \u2013 zadaszona, cz\u0119sto z drewnian\u0105 balustrad\u0105, idealna na porann\u0105 kaw\u0119, letni posi\u0142ek czy wieczorny relaks,<\/li>\n\n\n\n<li><strong>Ganek<\/strong> \u2013 umieszczony przy wej\u015bciu, pe\u0142ni funkcj\u0119 praktyczn\u0105 i reprezentacyjn\u0105: chroni przed warunkami atmosferycznymi i wita go\u015bci.<\/li>\n<\/ul>\n\n\n\n<p><strong>Te elementy dodaj\u0105 domowi charakteru<\/strong> i sprawiaj\u0105, \u017ce staje si\u0119 on przestrzeni\u0105 otwart\u0105, go\u015bcinn\u0105 i przyjazn\u0105 dla domownik\u00f3w oraz odwiedzaj\u0105cych.<\/p>\n\n\n\n<h3 class=\"wp-block-heading\">Kominek jako serce domu<\/h3>\n\n\n\n<p>W centrum ka\u017cdego domu w stylu wiejskim znajduje si\u0119 <strong>kominek<\/strong> \u2013 nie tylko \u017ar\u00f3d\u0142o ciep\u0142a, ale i symbol domowego ogniska. Najcz\u0119\u015bciej wykonany z kamienia lub ceg\u0142y, cz\u0119sto z ozdobnym portalem, staje si\u0119 <strong>sercem salonu<\/strong>.<\/p>\n\n\n\n<p>Kominek to:<\/p>\n\n\n\n<ul class=\"wp-block-list\">\n<li><strong>Element funkcjonalny<\/strong> \u2013 ogrzewa wn\u0119trze w ch\u0142odne dni,<\/li>\n\n\n\n<li><strong>Centrum \u017cycia rodzinnego<\/strong> \u2013 sprzyja rozmowom, odpoczynkowi, wsp\u00f3lnym chwilom,<\/li>\n\n\n\n<li><strong>Buduje atmosfer\u0119 bezpiecze\u0144stwa i blisko\u015bci<\/strong>.<\/li>\n<\/ul>\n\n\n\n<p><strong>To w\u0142a\u015bnie kominek sprawia, \u017ce dom wiejski staje si\u0119 miejscem, do kt\u00f3rego chce si\u0119 wraca\u0107<\/strong> \u2013 pe\u0142nym ciep\u0142a, spokoju i prawdziwego domowego klimatu.<\/p>\n\n\n\n<figure class=\"wp-block-image size-full\"><a href=\"https:\/\/proplo.pl\/profile\/modra-pracownia-magdalena-szymczak\/projekt\/wnetrze-w-wiejskim-stylu-zielona-kuchnia-i-rustykalne-akcenty-1080\"><img loading=\"lazy\" decoding=\"async\" width=\"1200\" height=\"800\" src=\"https:\/\/proplo.pl\/blog\/wp-content\/uploads\/2025\/07\/dom-w-stylu-wiejskim-rustykalnym.png\" alt=\"Wn\u0119trze \u0142azienki w stylu boho z zielonymi akcentami i drewnianymi detalami.\" class=\"wp-image-1104\" srcset=\"https:\/\/proplo.pl\/blog\/wp-content\/uploads\/2025\/07\/dom-w-stylu-wiejskim-rustykalnym.png 1200w, https:\/\/proplo.pl\/blog\/wp-content\/uploads\/2025\/07\/dom-w-stylu-wiejskim-rustykalnym-300x200.png 300w, https:\/\/proplo.pl\/blog\/wp-content\/uploads\/2025\/07\/dom-w-stylu-wiejskim-rustykalnym-768x512.png 768w, https:\/\/proplo.pl\/blog\/wp-content\/uploads\/2025\/07\/dom-w-stylu-wiejskim-rustykalnym-1024x683.png 1024w, https:\/\/proplo.pl\/blog\/wp-content\/uploads\/2025\/07\/dom-w-stylu-wiejskim-rustykalnym-480x320.png 480w\" sizes=\"auto, (max-width: 1200px) 100vw, 1200px\" \/><\/a><figcaption class=\"wp-element-caption\">Projekt: <a href=\"https:\/\/proplo.pl\/profile\/modra-pracownia-magdalena-szymczak\">MODRA pracownia Magdalena Szymczak<\/a><\/figcaption><\/figure>\n\n\n\n<h2 class=\"wp-block-heading\">Typy dom\u00f3w w stylu wiejskim<\/h2>\n\n\n\n<p><strong>Domy wiejskie<\/strong> to fascynuj\u0105ca mozaika styl\u00f3w i rozwi\u0105za\u0144 \u2013 od skromnych parter\u00f3wek po przestronne budynki z u\u017cytkowym poddaszem. Ka\u017cdy z nich oferuje co\u015b innego: <strong>blisko\u015b\u0107 przyrody, funkcjonalne wn\u0119trza i spok\u00f3j<\/strong>, kt\u00f3ry koi zmys\u0142y po intensywnym dniu. <strong>Marzysz o \u017cyciu w rytmie natury?<\/strong> W\u015br\u00f3d tych propozycji z pewno\u015bci\u0105 znajdziesz co\u015b dla siebie.<\/p>\n\n\n\n<h3 class=\"wp-block-heading\">Dom z bali \u2013 tradycja i naturalno\u015b\u0107<\/h3>\n\n\n\n<p><strong>Domy z bali<\/strong> to kwintesencja rustykalnego uroku. Ich masywne, drewniane \u015bciany nie tylko zachwycaj\u0105 wygl\u0105dem, ale te\u017c tworz\u0105 <strong>przyjazny mikroklimat<\/strong> \u2013 latem daj\u0105 przyjemny ch\u0142\u00f3d, zim\u0105 otulaj\u0105 ciep\u0142em.<\/p>\n\n\n\n<p>Wsp\u00f3\u0142czesne technologie umo\u017cliwiaj\u0105 po\u0142\u0105czenie klasycznych materia\u0142\u00f3w z nowoczesnymi, energooszcz\u0119dnymi systemami. Efekt? <strong>Dom z bali, kt\u00f3ry \u0142\u0105czy pi\u0119kno natury z wygod\u0105 codziennego \u017cycia<\/strong>.<\/p>\n\n\n\n<p>To idealny wyb\u00f3r dla os\u00f3b, kt\u00f3re:<\/p>\n\n\n\n<ul class=\"wp-block-list\">\n<li>ceni\u0105 <strong>ekologiczny styl \u017cycia<\/strong>,<\/li>\n\n\n\n<li>szukaj\u0105 <strong>naturalnych materia\u0142\u00f3w<\/strong> budowlanych,<\/li>\n\n\n\n<li>pragn\u0105 <strong>komfortu bez kompromis\u00f3w<\/strong>,<\/li>\n\n\n\n<li>chc\u0105 mieszka\u0107 w domu o <strong>unikalnym charakterze<\/strong>.<\/li>\n<\/ul>\n\n\n\n<h3 class=\"wp-block-heading\">Dom drewniany \u2013 ciep\u0142o i przytulno\u015b\u0107<\/h3>\n\n\n\n<p><strong>Drewniane domy<\/strong> wprowadzaj\u0105 do wn\u0119trz harmoni\u0119 i ciep\u0142o. Naturalna struktura drewna pozytywnie wp\u0142ywa na zdrowie i samopoczucie mieszka\u0144c\u00f3w, tworz\u0105c atmosfer\u0119 sprzyjaj\u0105c\u0105 relaksowi.<\/p>\n\n\n\n<p>Dla mi\u0142o\u015bnik\u00f3w ekologii to doskona\u0142y wyb\u00f3r \u2013 szczeg\u00f3lnie je\u015bli zdecyduj\u0105 si\u0119 na <strong>lokalne drewno<\/strong>, kt\u00f3re zmniejsza \u015blad w\u0119glowy budowy.<\/p>\n\n\n\n<p><strong>Dom drewniany<\/strong> to nie tylko miejsce do \u017cycia, ale te\u017c przestrze\u0144 do regeneracji i odpoczynku \u2013 <strong>z dala od miejskiego zgie\u0142ku<\/strong>.<\/p>\n\n\n\n<h3 class=\"wp-block-heading\">Dom parterowy \u2013 funkcjonalno\u015b\u0107 i dost\u0119pno\u015b\u0107<\/h3>\n\n\n\n<p><strong>Parterowe domy wiejskie<\/strong> to synonim wygody i dost\u0119pno\u015bci. Ich najwi\u0119ksze zalety to:<\/p>\n\n\n\n<ul class=\"wp-block-list\">\n<li><strong>brak schod\u00f3w<\/strong> \u2013 idealne dla os\u00f3b starszych i rodzin z ma\u0142ymi dzie\u0107mi,<\/li>\n\n\n\n<li><strong>\u0142atwy dost\u0119p<\/strong> do ka\u017cdego pomieszczenia,<\/li>\n\n\n\n<li><strong>bezpo\u015brednie wyj\u015bcie do ogrodu<\/strong>,<\/li>\n\n\n\n<li><strong>prosta forma<\/strong>, kt\u00f3ra harmonijnie wpisuje si\u0119 w otoczenie.<\/li>\n<\/ul>\n\n\n\n<p>To rozwi\u0105zanie, kt\u00f3re udowadnia, \u017ce <strong>czasem mniej znaczy wi\u0119cej<\/strong>.<\/p>\n\n\n\n<h3 class=\"wp-block-heading\">Dom z poddaszem u\u017cytkowym \u2013 wi\u0119cej przestrzeni bez dodatkowej kondygnacji<\/h3>\n\n\n\n<p>Potrzebujesz dodatkowego miejsca, ale nie chcesz budowa\u0107 pi\u0119tra? <strong>Dom z u\u017cytkowym poddaszem<\/strong> to sprytne i ekonomiczne rozwi\u0105zanie.<\/p>\n\n\n\n<p>Dzi\u0119ki adaptacji poddasza zyskujesz dodatkowe pomieszczenia, takie jak:<\/p>\n\n\n\n<ul class=\"wp-block-list\">\n<li><strong>sypialnia<\/strong>,<\/li>\n\n\n\n<li><strong>gabinet do pracy<\/strong>,<\/li>\n\n\n\n<li><strong>pok\u00f3j zabaw dla dzieci<\/strong>,<\/li>\n\n\n\n<li><strong>przestrze\u0144 do przechowywania<\/strong>.<\/li>\n<\/ul>\n\n\n\n<p>To idealna opcja na mniejsze dzia\u0142ki \u2013 <strong>wi\u0119cej przestrzeni bez zwi\u0119kszania powierzchni zabudowy<\/strong>. A przy tym dom nie traci swojego wiejskiego charakteru \u2013 wr\u0119cz przeciwnie, zyskuje na uroku.<\/p>\n\n\n\n<h3 class=\"wp-block-heading\">Dom energooszcz\u0119dny i pasywny w stylu wiejskim<\/h3>\n\n\n\n<p><strong>Nowoczesne domy wiejskie<\/strong> potrafi\u0105 zaskoczy\u0107. Z zewn\u0105trz \u2013 klasyczne, z drewnian\u0105 elewacj\u0105 i naturalnymi materia\u0142ami. W \u015brodku \u2013 <strong>zaawansowane technologie<\/strong>, kt\u00f3re pozwalaj\u0105 znacz\u0105co obni\u017cy\u0107 koszty eksploatacji.<\/p>\n\n\n\n<p>Typowe rozwi\u0105zania stosowane w takich domach to:<\/p>\n\n\n\n<ul class=\"wp-block-list\">\n<li><strong>pompy ciep\u0142a<\/strong>,<\/li>\n\n\n\n<li><strong>panele fotowoltaiczne<\/strong>,<\/li>\n\n\n\n<li><strong>rekuperacja<\/strong>,<\/li>\n\n\n\n<li><strong>izolacje o wysokiej efektywno\u015bci energetycznej<\/strong>.<\/li>\n<\/ul>\n\n\n\n<p>To propozycja dla tych, kt\u00f3rzy chc\u0105 \u017cy\u0107 w zgodzie z natur\u0105 \u2013 <strong>nie tylko estetycznie, ale i energetycznie<\/strong>. Nie trzeba wybiera\u0107 mi\u0119dzy stylem a funkcjonalno\u015bci\u0105 \u2013 <strong>mo\u017cna mie\u0107 jedno i drugie<\/strong>.<\/p>\n\n\n\n<h2 class=\"wp-block-heading\">Elementy architektoniczne i dekoracyjne<\/h2>\n\n\n\n<p>W domach wiejskich <strong>elementy architektoniczne i dekoracyjne<\/strong> odgrywaj\u0105 kluczow\u0105 rol\u0119 w budowaniu atmosfery, kt\u00f3ra harmonijnie \u0142\u0105czy tradycj\u0119 z otaczaj\u0105c\u0105 przyrod\u0105. Dzi\u0119ki nim budynek zyskuje nie tylko <strong>wyj\u0105tkowy wygl\u0105d<\/strong>, ale r\u00f3wnie\u017c <strong>wi\u0119ksz\u0105 funkcjonalno\u015b\u0107<\/strong> w codziennym u\u017cytkowaniu.<\/p>\n\n\n\n<p>Do najwa\u017cniejszych element\u00f3w nale\u017c\u0105 przestrzenie zaprojektowane z my\u015bl\u0105 o relaksie oraz charakterystyczne detale architektoniczne. W\u015br\u00f3d nich wyr\u00f3\u017cniamy:<\/p>\n\n\n\n<ul class=\"wp-block-list\">\n<li><strong>Werandy, tarasy i podcienie<\/strong> \u2013 miejsca wypoczynku i kontaktu z natur\u0105,<\/li>\n\n\n\n<li><strong>Lukarny i wykusze<\/strong> \u2013 zwi\u0119kszaj\u0105ce przestrze\u0144 i do\u015bwietlenie wn\u0119trz,<\/li>\n\n\n\n<li><strong>Drewniane okiennice<\/strong> \u2013 \u0142\u0105cz\u0105ce funkcj\u0119 dekoracyjn\u0105 z praktyczn\u0105,<\/li>\n\n\n\n<li><strong>Kominki<\/strong> \u2013 serce domu, \u017ar\u00f3d\u0142o ciep\u0142a i przytulnej atmosfery.<\/li>\n<\/ul>\n\n\n\n<p><strong>To w\u0142a\u015bnie te akcenty nadaj\u0105 domowi dusz\u0119 i niepowtarzalny styl.<\/strong><\/p>\n\n\n\n<h3 class=\"wp-block-heading\">Weranda, taras i podcie\u0144 \u2013 przestrzenie wypoczynkowe<\/h3>\n\n\n\n<p>W tradycyjnym domu wiejskim <strong>weranda, taras i podcie\u0144<\/strong> to nie tylko dodatki architektoniczne \u2013 to <strong>przestrzenie \u017cycia codziennego<\/strong>, kt\u00f3re sprzyjaj\u0105 odpoczynkowi, rozmowom i blisko\u015bci z natur\u0105.<\/p>\n\n\n\n<ul class=\"wp-block-list\">\n<li><strong>Weranda<\/strong> \u2013 zazwyczaj zadaszona i otoczona zieleni\u0105, idealna na porann\u0105 kaw\u0119, lektur\u0119 ksi\u0105\u017cki czy wieczorne rozmowy z bliskimi. Tworzy przytuln\u0105 atmosfer\u0119 i stanowi naturalne przed\u0142u\u017cenie wn\u0119trza domu.<\/li>\n\n\n\n<li><strong>Taras<\/strong> \u2013 otwarta przestrze\u0144, kt\u00f3ra latem zamienia si\u0119 w jadalni\u0119 pod chmurk\u0105 lub stref\u0119 relaksu z le\u017cakami i donicami pe\u0142nymi zi\u00f3\u0142. To miejsce spotka\u0144 i odpoczynku.<\/li>\n\n\n\n<li><strong>Podcie\u0144<\/strong> \u2013 zadaszone miejsce przy wej\u015bciu, kt\u00f3re \u0142\u0105czy funkcj\u0119 praktyczn\u0105 (ochrona przed deszczem) z reprezentacyjn\u0105. Cz\u0119sto zdobiony drewnianymi kolumnami lub a\u017curowymi deskami, podkre\u015bla rustykalny charakter domu.<\/li>\n<\/ul>\n\n\n\n<p><strong>Te przestrzenie nie tylko s\u0142u\u017c\u0105 u\u017cytkowo \u2013 one tworz\u0105 klimat, kt\u00f3ry sprawia, \u017ce \u017cycie na wsi staje si\u0119 spokojniejsze, bardziej harmonijne i bliskie naturze.<\/strong><\/p>\n\n\n\n<h3 class=\"wp-block-heading\">Kominek i kamienny kominek \u2013 klimat i funkcjonalno\u015b\u0107<\/h3>\n\n\n\n<p>W centrum ka\u017cdego wiejskiego domu znajduje si\u0119 <strong>kominek<\/strong> \u2013 symbol ciep\u0142a, domowego ogniska i wsp\u00f3lnych chwil. Wersja wykonana z naturalnego kamienia, takiego jak granit czy piaskowiec, nie tylko ogrzewa wn\u0119trze, ale r\u00f3wnie\u017c <strong>wprowadza rustykalny urok<\/strong>.<\/p>\n\n\n\n<p><strong>Dlaczego kominek jest tak wa\u017cny?<\/strong><\/p>\n\n\n\n<ul class=\"wp-block-list\">\n<li>Tworzy przytuln\u0105 atmosfer\u0119 i staje si\u0119 naturalnym centrum \u017cycia domowego.<\/li>\n\n\n\n<li>\u0141\u0105czy funkcj\u0119 estetyczn\u0105 z praktyczn\u0105 \u2013 ogrzewa i dekoruje wn\u0119trze.<\/li>\n\n\n\n<li>Wprowadza element natury do przestrzeni mieszkalnej.<\/li>\n\n\n\n<li>Buduje emocjonaln\u0105 wi\u0119\u017a z domem \u2013 to przy nim tocz\u0105 si\u0119 rozmowy, odpoczynek i wsp\u00f3lne chwile.<\/li>\n<\/ul>\n\n\n\n<p><strong>W ch\u0142odne dni kominek staje si\u0119 sercem domu \u2013 miejscem, kt\u00f3re koi zmys\u0142y i daje poczucie bezpiecze\u0144stwa.<\/strong><\/p>\n\n\n\n<h3 class=\"wp-block-heading\">Okiennice, lukarny i wykusze \u2013 detale z charakterem<\/h3>\n\n\n\n<p>To w\u0142a\u015bnie <strong>detale architektoniczne<\/strong> \u2013 takie jak okiennice, lukarny i wykusze \u2013 nadaj\u0105 domom wiejskim <strong>niepowtarzalny charakter<\/strong>. Ich rola nie ogranicza si\u0119 jedynie do estetyki \u2013 pe\u0142ni\u0105 r\u00f3wnie\u017c funkcje praktyczne.<\/p>\n\n\n\n<figure class=\"wp-block-table\"><table class=\"has-fixed-layout\"><tbody><tr><th>Element<\/th><th>Funkcja estetyczna<\/th><th>Funkcja praktyczna<\/th><\/tr><tr><td><strong>Okiennice<\/strong><\/td><td>R\u0119cznie rze\u017abione, dekoracyjne<\/td><td>Chroni\u0105 przed s\u0142o\u0144cem, zapewniaj\u0105 prywatno\u015b\u0107<\/td><\/tr><tr><td><strong>Lukarny<\/strong><\/td><td>Dodaj\u0105 uroku dachowi<\/td><td>Do\u015bwietlaj\u0105 poddasze, tworz\u0105 przytulne zak\u0105tki<\/td><\/tr><tr><td><strong>Wykusze<\/strong><\/td><td>Wzbogacaj\u0105 bry\u0142\u0119 domu<\/td><td>Powi\u0119kszaj\u0105 wn\u0119trze, zwi\u0119kszaj\u0105 funkcjonalno\u015b\u0107<\/td><\/tr><\/tbody><\/table><\/figure>\n\n\n\n<p><strong>Cho\u0107 to drobne elementy, ich znaczenie jest ogromne.<\/strong> \u0141\u0105cz\u0105 funkcjonalno\u015b\u0107 z estetyk\u0105 i s\u0105 nieod\u0142\u0105cznym sk\u0142adnikiem wiejskiego stylu. Warto zastanowi\u0107 si\u0119, jak te detale b\u0119d\u0105 ewoluowa\u0107 w przysz\u0142o\u015bci \u2013 by\u0107 mo\u017ce pojawi\u0105 si\u0119 nowe formy, kt\u00f3re jeszcze bardziej wzbogac\u0105 wygl\u0105d i funkcjonalno\u015b\u0107 dom\u00f3w inspirowanych natur\u0105 i tradycj\u0105.<\/p>\n\n\n\n<figure class=\"wp-block-image size-full\"><a href=\"https:\/\/proplo.pl\/profile\/projektowanie-wnetrz-bernadeta-graszk-sikora\/projekt\/dom-w-stylu-wiejskim-811\"><img loading=\"lazy\" decoding=\"async\" width=\"1200\" height=\"800\" src=\"https:\/\/proplo.pl\/blog\/wp-content\/uploads\/2025\/07\/salon-w-stylu-wiejskim.png\" alt=\"Wn\u0119trze kuchni w stylu prowansalskim z ceglan\u0105 \u015bcian\u0105, drewnianym blatem i vintage akcentami.\" class=\"wp-image-1105\" srcset=\"https:\/\/proplo.pl\/blog\/wp-content\/uploads\/2025\/07\/salon-w-stylu-wiejskim.png 1200w, https:\/\/proplo.pl\/blog\/wp-content\/uploads\/2025\/07\/salon-w-stylu-wiejskim-300x200.png 300w, https:\/\/proplo.pl\/blog\/wp-content\/uploads\/2025\/07\/salon-w-stylu-wiejskim-768x512.png 768w, https:\/\/proplo.pl\/blog\/wp-content\/uploads\/2025\/07\/salon-w-stylu-wiejskim-1024x683.png 1024w, https:\/\/proplo.pl\/blog\/wp-content\/uploads\/2025\/07\/salon-w-stylu-wiejskim-480x320.png 480w\" sizes=\"auto, (max-width: 1200px) 100vw, 1200px\" \/><\/a><figcaption class=\"wp-element-caption\">Projekt: <a href=\"https:\/\/proplo.pl\/profile\/projektowanie-wnetrz-bernadeta-graszk-sikora\">Projektowanie wn\u0119trz Bernadeta Graszk-Sikora<\/a><\/figcaption><\/figure>\n\n\n\n<h2 class=\"wp-block-heading\">Projekty dom\u00f3w w stylu wiejskim<\/h2>\n\n\n\n<p><strong>Projekty dom\u00f3w w stylu wiejskim to nie tylko estetyka \u2013 to wyb\u00f3r stylu \u017cycia<\/strong>, kt\u00f3ry stawia na <strong>blisko\u015b\u0107 natury, spok\u00f3j i harmoni\u0119 z otoczeniem<\/strong>. Niezale\u017cnie od tego, czy marzysz o niewielkim, przytulnym domku, czy o przestronnej rezydencji z du\u017cym ogrodem, ten nurt architektoniczny oferuje szerokie mo\u017cliwo\u015bci. W\u015br\u00f3d gotowych projekt\u00f3w ka\u017cdy znajdzie co\u015b dla siebie \u2013 rozwi\u0105zanie dopasowane zar\u00f3wno do gustu, jak i codziennych potrzeb. <strong>Dom w stylu wiejskim to przestrze\u0144, kt\u00f3ra \u017cyje razem z Tob\u0105<\/strong>.<\/p>\n\n\n\n<h3 class=\"wp-block-heading\">Jak dopasowa\u0107 projekt do dzia\u0142ki i potrzeb<\/h3>\n\n\n\n<p>Wyb\u00f3r projektu domu to decyzja, kt\u00f3ra powinna uwzgl\u0119dnia\u0107 nie tylko wygl\u0105d, ale przede wszystkim <strong>uwarunkowania dzia\u0142ki oraz indywidualne potrzeby mieszka\u0144c\u00f3w<\/strong>. Kluczowe czynniki, kt\u00f3re warto wzi\u0105\u0107 pod uwag\u0119:<\/p>\n\n\n\n<ul class=\"wp-block-list\">\n<li><strong>Ukszta\u0142towanie terenu<\/strong> \u2013 dzia\u0142ka na zboczu mo\u017ce wymaga\u0107 projektu z piwnic\u0105 lub tarasami.<\/li>\n\n\n\n<li><strong>Nas\u0142onecznienie<\/strong> \u2013 odpowiednie rozmieszczenie pomieszcze\u0144 wzgl\u0119dem stron \u015bwiata zwi\u0119ksza komfort u\u017cytkowania.<\/li>\n\n\n\n<li><strong>Dost\u0119p do medi\u00f3w<\/strong> \u2013 lokalizacja przy\u0142\u0105czy wp\u0142ywa na koszty i mo\u017cliwo\u015bci techniczne.<\/li>\n\n\n\n<li><strong>Lokalne przepisy<\/strong> \u2013 plan zagospodarowania przestrzennego mo\u017ce narzuca\u0107 konkretne rozwi\u0105zania architektoniczne.<\/li>\n<\/ul>\n\n\n\n<p><strong>Dobry projekt to taki, kt\u00f3ry \u0142\u0105czy estetyk\u0119 z funkcjonalno\u015bci\u0105<\/strong> \u2013 jest wygodny, praktyczny i harmonijnie wpisuje si\u0119 w otoczenie.<\/p>\n\n\n\n<h3 class=\"wp-block-heading\">Gotowe projekty \u2013 zalety i mo\u017cliwo\u015bci adaptacji<\/h3>\n\n\n\n<p><strong>Gotowe projekty dom\u00f3w wiejskich<\/strong> to idealne rozwi\u0105zanie dla os\u00f3b, kt\u00f3re chc\u0105 szybko rozpocz\u0105\u0107 budow\u0119 i jednocze\u015bnie zachowa\u0107 mo\u017cliwo\u015b\u0107 personalizacji. Ich g\u0142\u00f3wne zalety to:<\/p>\n\n\n\n<ul class=\"wp-block-list\">\n<li><strong>Ni\u017cszy koszt<\/strong> \u2013 gotowe projekty s\u0105 ta\u0144sze ni\u017c indywidualne opracowania architektoniczne.<\/li>\n\n\n\n<li><strong>Dost\u0119pno\u015b\u0107<\/strong> \u2013 mo\u017cna je naby\u0107 niemal od r\u0119ki, co przyspiesza proces inwestycyjny.<\/li>\n\n\n\n<li><strong>Mo\u017cliwo\u015b\u0107 modyfikacji<\/strong> \u2013 zmiana uk\u0142adu pomieszcze\u0144, dodanie gara\u017cu, powi\u0119kszenie tarasu czy inne udogodnienia s\u0105 mo\u017cliwe.<\/li>\n\n\n\n<li><strong>Elastyczno\u015b\u0107<\/strong> \u2013 gotowy projekt to punkt wyj\u015bcia do stworzenia domu idealnie dopasowanego do potrzeb.<\/li>\n<\/ul>\n\n\n\n<p><strong>Gotowy projekt nie oznacza kompromisu<\/strong> \u2013 to praktyczne i elastyczne rozwi\u0105zanie, kt\u00f3re pozwala na realizacj\u0119 indywidualnych marze\u0144 o domu.<\/p>\n\n\n\n<h3 class=\"wp-block-heading\">Projekty dom\u00f3w drewnianych i rustykalnych<\/h3>\n\n\n\n<p><strong>Drewniane i rustykalne domy<\/strong> to esencja stylu wiejskiego, \u0142\u0105cz\u0105ca tradycj\u0119 z nowoczesno\u015bci\u0105. Wyr\u00f3\u017cniaj\u0105 si\u0119 wykorzystaniem naturalnych materia\u0142\u00f3w, takich jak:<\/p>\n\n\n\n<ul class=\"wp-block-list\">\n<li><strong>Drewno<\/strong> \u2013 nadaje wn\u0119trzom ciep\u0142a i przytulno\u015bci.<\/li>\n\n\n\n<li><strong>Kamie\u0144<\/strong> \u2013 trwa\u0142y i estetyczny element elewacji i wn\u0119trz.<\/li>\n\n\n\n<li><strong>Ceg\u0142a z odzysku<\/strong> \u2013 ekologiczna i stylowa alternatywa dla nowych materia\u0142\u00f3w.<\/li>\n<\/ul>\n\n\n\n<p>Nowoczesne technologie, takie jak <strong>energooszcz\u0119dne instalacje<\/strong> i <strong>inteligentne systemy zarz\u0105dzania domem<\/strong>, sprawiaj\u0105, \u017ce te budynki s\u0105 nie tylko urokliwe, ale i funkcjonalne. <strong>Nie musisz wybiera\u0107 mi\u0119dzy klasyk\u0105 a nowoczesno\u015bci\u0105 \u2013 mo\u017cesz mie\u0107 jedno i drugie<\/strong>, w najlepszym mo\u017cliwym wydaniu.<\/p>\n\n\n\n<h3 class=\"wp-block-heading\">Ma\u0142y dom w stylu wiejskim \u2013 dla kogo to dobre rozwi\u0105zanie<\/h3>\n\n\n\n<p><strong>Ma\u0142y dom w stylu wiejskim<\/strong> to doskona\u0142a propozycja dla os\u00f3b, kt\u00f3re ceni\u0105 prostot\u0119, spok\u00f3j i blisko\u015b\u0107 natury. Sprawdzi si\u0119 idealnie jako:<\/p>\n\n\n\n<ul class=\"wp-block-list\">\n<li><strong>Dom dla singla<\/strong> \u2013 kompaktowy, \u0142atwy w utrzymaniu i ekonomiczny.<\/li>\n\n\n\n<li><strong>Dom dla pary<\/strong> \u2013 przytulna przestrze\u0144 do wsp\u00f3lnego \u017cycia.<\/li>\n\n\n\n<li><strong>Dom dla ma\u0142ej rodziny<\/strong> \u2013 funkcjonalny i bez zb\u0119dnych koszt\u00f3w.<\/li>\n\n\n\n<li><strong>Domek letniskowy<\/strong> \u2013 idealny na weekendowe wypady i wakacje.<\/li>\n<\/ul>\n\n\n\n<p><strong>Mniej przestrzeni to wi\u0119cej oszcz\u0119dno\u015bci<\/strong> \u2013 ni\u017csze koszty budowy, eksploatacji i mniejsze zu\u017cycie energii. To tak\u017ce <strong>wi\u0119ksza \u015bwiadomo\u015b\u0107 ekologiczna i bli\u017cszy kontakt z natur\u0105<\/strong>. Styl \u017cycia, kt\u00f3ry pozwala zwolni\u0107 tempo, odetchn\u0105\u0107 i skupi\u0107 si\u0119 na tym, co naprawd\u0119 wa\u017cne.<\/p>\n\n\n\n<h2 class=\"wp-block-heading\">Wn\u0119trza dom\u00f3w w stylu wiejskim<\/h2>\n\n\n\n<p><strong>Wn\u0119trza dom\u00f3w w stylu wiejskim<\/strong> to prawdziwa uczta dla zmys\u0142\u00f3w \u2013 \u0142\u0105cz\u0105 naturalno\u015b\u0107, przytulno\u015b\u0107 i ponadczasowy urok, kt\u00f3rego nie da si\u0119 podrobi\u0107. Dominuj\u0105 w nich <strong>drewno, kamie\u0144 i inne naturalne surowce<\/strong>, kt\u00f3re wprowadzaj\u0105 do przestrzeni ciep\u0142o i autentyczno\u015b\u0107. Dzi\u0119ki nim ka\u017cdy dzie\u0144 mo\u017ce zaczyna\u0107 si\u0119 jak spacer po lesie \u2013 spokojnie, bez po\u015bpiechu, w harmonii z natur\u0105.<\/p>\n\n\n\n<p>Tradycyjne meble, cz\u0119sto prze\u0142amane nowoczesnymi akcentami, nadaj\u0105 wn\u0119trzom dusz\u0119. Efekt? <strong>Przestrze\u0144 funkcjonalna, ale pe\u0142na charakteru<\/strong>. Kolorystyka inspirowana przyrod\u0105 \u2013 biele, be\u017ce, zielenie i b\u0142\u0119kity \u2013 wprowadza do domu spok\u00f3j i r\u00f3wnowag\u0119. To w\u0142a\u015bnie ta subtelna gra mi\u0119dzy przesz\u0142o\u015bci\u0105 a tera\u017aniejszo\u015bci\u0105 przyci\u0105ga tych, kt\u00f3rzy marz\u0105 o ucieczce od miejskiego zgie\u0142ku i stworzeniu w\u0142asnej, domowej przystani.<\/p>\n\n\n\n<h3 class=\"wp-block-heading\">Styl wiejski we wn\u0119trzach \u2013 meble, kolory i dodatki<\/h3>\n\n\n\n<p><strong>Styl wiejski<\/strong> to harmonijne po\u0142\u0105czenie tradycji z nowoczesno\u015bci\u0105, kt\u00f3re tworzy przestrze\u0144 pe\u0142n\u0105 ciep\u0142a i domowego klimatu. Bazuje na <strong>jasnej, naturalnej palecie barw<\/strong>, w kt\u00f3rej dominuj\u0105:<\/p>\n\n\n\n<ul class=\"wp-block-list\">\n<li><strong>Biel<\/strong> \u2013 roz\u015bwietla wn\u0119trza i optycznie je powi\u0119ksza,<\/li>\n\n\n\n<li><strong>Be\u017c<\/strong> \u2013 wprowadza spok\u00f3j i neutralno\u015b\u0107,<\/li>\n\n\n\n<li><strong>Ziele\u0144<\/strong> \u2013 nawi\u0105zuje do natury i relaksuje,<\/li>\n\n\n\n<li><strong>B\u0142\u0119kit<\/strong> \u2013 dodaje lekko\u015bci i \u015bwie\u017co\u015bci.<\/li>\n<\/ul>\n\n\n\n<p>W aran\u017cacjach wiejskich cz\u0119sto pojawiaj\u0105 si\u0119 klasyczne meble, kt\u00f3re nadaj\u0105 wn\u0119trzom rustykalny charakter:<\/p>\n\n\n\n<ul class=\"wp-block-list\">\n<li><strong>Drewniane kredensy<\/strong> z przeszklonymi witrynami \u2013 idealne do eksponowania ceramiki,<\/li>\n\n\n\n<li><strong>Sto\u0142y z litego drewna<\/strong> \u2013 solidne, rodzinne centrum jadalni,<\/li>\n\n\n\n<li><strong>Krzes\u0142a z rze\u017abionymi oparciami<\/strong> \u2013 dodaj\u0105 elegancji i tradycyjnego uroku,<\/li>\n\n\n\n<li><strong>Patchworkowe narzuty<\/strong> w sypialniach \u2013 r\u0119cznie szyte, unikalne i pe\u0142ne ciep\u0142a.<\/li>\n<\/ul>\n\n\n\n<p>Takie dodatki nie tylko zdobi\u0105 \u2013 <strong>opowiadaj\u0105 historie<\/strong>. O r\u0119kodziele, tradycji i mi\u0142o\u015bci do detali. To w\u0142a\u015bnie dzi\u0119ki nim wn\u0119trze staje si\u0119 czym\u015b wi\u0119cej ni\u017c tylko przestrzeni\u0105 \u2013 staje si\u0119 opowie\u015bci\u0105.<\/p>\n\n\n\n<h3 class=\"wp-block-heading\">Otwarta kuchnia i przestrze\u0144 dzienna \u2013 serce domu<\/h3>\n\n\n\n<p>W domach urz\u0105dzonych w stylu wiejskim <strong>sercem przestrzeni jest otwarta kuchnia<\/strong>, po\u0142\u0105czona z jadalni\u0105 i salonem. To miejsce, gdzie codzienno\u015b\u0107 spotyka si\u0119 z blisko\u015bci\u0105, a wsp\u00f3lne chwile nabieraj\u0105 wyj\u0105tkowego znaczenia.<\/p>\n\n\n\n<p><strong>Aran\u017cacja wn\u0119trz<\/strong> w tym stylu zak\u0142ada swobodny przep\u0142yw mi\u0119dzy strefami, co sprzyja:<\/p>\n\n\n\n<ul class=\"wp-block-list\">\n<li>wsp\u00f3lnemu gotowaniu,<\/li>\n\n\n\n<li>rozmowom i integracji,<\/li>\n\n\n\n<li>budowaniu relacji rodzinnych,<\/li>\n\n\n\n<li>tworzeniu przyjaznej atmosfery.<\/li>\n<\/ul>\n\n\n\n<p>W tej przestrzeni kr\u00f3luj\u0105 <strong>naturalne materia\u0142y \u2013 drewno i kamie\u0144<\/strong>, kt\u00f3re nadaj\u0105 wn\u0119trzu ciep\u0142o, autentyczno\u015b\u0107 i przytulno\u015b\u0107. Otwarta kuchnia w stylu wiejskim to nie tylko funkcjonalno\u015b\u0107, ale tak\u017ce miejsce, gdzie tradycja spotyka si\u0119 z nowoczesno\u015bci\u0105. Przyk\u0142ady:<\/p>\n\n\n\n<ul class=\"wp-block-list\">\n<li><strong>Drewniany st\u00f3\u0142<\/strong> z odzyskanego drewna \u2013 ekologiczny i pe\u0142en historii,<\/li>\n\n\n\n<li><strong>Nowoczesny piekarnik<\/strong> w stylu retro \u2013 \u0142\u0105czy funkcjonalno\u015b\u0107 z estetyk\u0105,<\/li>\n\n\n\n<li><strong>Otwarte p\u00f3\u0142ki<\/strong> z r\u0119cznie robion\u0105 ceramik\u0105 \u2013 eksponuj\u0105 pi\u0119kno rzemios\u0142a.<\/li>\n<\/ul>\n\n\n\n<p><strong>To w\u0142a\u015bnie te detale sprawiaj\u0105, \u017ce dom staje si\u0119 miejscem, w kt\u00f3rym po prostu chce si\u0119 by\u0107<\/strong>. Razem. Blisko. Prawdziwie.<\/p>\n\n\n\n<h3 class=\"wp-block-heading\">Drewniane belki i naturalne wyko\u0144czenia \u2013 klimat i autentyczno\u015b\u0107<\/h3>\n\n\n\n<p><strong>Drewniane belki i naturalne wyko\u0144czenia<\/strong> to elementy, kt\u00f3re nadaj\u0105 wn\u0119trzom wiejskim niepowtarzalny klimat i g\u0142\u0119bokie poczucie autentyczno\u015bci. <strong>Drewno<\/strong> pe\u0142ni tu podw\u00f3jn\u0105 rol\u0119 \u2013 konstrukcyjn\u0105 i dekoracyjn\u0105 \u2013 podkre\u015blaj\u0105c rustykalny charakter przestrzeni. Widoczne belki stropowe czy sufitowe przyci\u0105gaj\u0105 wzrok i wprowadzaj\u0105 do wn\u0119trza ciep\u0142o, kt\u00f3rego nie da si\u0119 podrobi\u0107.<\/p>\n\n\n\n<p>Naturalne wyko\u0144czenia, takie jak <strong>kamie\u0144<\/strong> czy <strong>ceg\u0142a<\/strong>, dodaj\u0105 wn\u0119trzom surowo\u015bci i prostoty \u2013 esencji stylu wiejskiego. Te materia\u0142y nie tylko pi\u0119knie si\u0119 prezentuj\u0105, ale te\u017c zwi\u0119kszaj\u0105 trwa\u0142o\u015b\u0107 i funkcjonalno\u015b\u0107 przestrzeni.<\/p>\n\n\n\n<p>Warto jednak p\u00f3j\u015b\u0107 o krok dalej i si\u0119gn\u0105\u0107 po inne naturalne surowce, kt\u00f3re wzbogac\u0105 styl wiejski, nie trac\u0105c jego pierwotnego ducha. Przyk\u0142ady:<\/p>\n\n\n\n<ul class=\"wp-block-list\">\n<li><strong>Glina<\/strong> \u2013 idealna do tynk\u00f3w i dekoracji \u015bciennych,<\/li>\n\n\n\n<li><strong>Len<\/strong> \u2013 naturalna tkanina o wyj\u0105tkowej fakturze,<\/li>\n\n\n\n<li><strong>Wiklina<\/strong> \u2013 doskona\u0142a do koszy, lamp i dodatk\u00f3w,<\/li>\n\n\n\n<li><strong>We\u0142na<\/strong> \u2013 ciep\u0142a i przytulna, idealna do tekstyli\u00f3w.<\/li>\n<\/ul>\n\n\n\n<p><strong>Odpowied\u017a na potrzeby wsp\u00f3\u0142czesnych wn\u0119trz cz\u0119sto kryje si\u0119 w powrocie do lokalnych tradycji i rzemios\u0142a<\/strong>, kt\u00f3re coraz cz\u0119\u015bciej inspiruj\u0105 <a href=\"https:\/\/proplo.pl\/projektant-wnetrz\">projektant\u00f3w wn\u0119trz<\/a>. Bo to, co prawdziwe i r\u0119cznie robione, nigdy nie wychodzi z mody.<\/p>\n\n\n\n<figure class=\"wp-block-image size-full\"><a href=\"https:\/\/proplo.pl\/profile\/lemonade-studio\/projekt\/kuchnia-prowansalska-417\"><img loading=\"lazy\" decoding=\"async\" width=\"1200\" height=\"800\" src=\"https:\/\/proplo.pl\/blog\/wp-content\/uploads\/2025\/07\/kuchnia-w-stylu-wiejskim.png\" alt=\"Wn\u0119trze kuchni w stylu prowansalskim z bia\u0142ymi meblami i rustykalnymi akcentami.\" class=\"wp-image-1106\" srcset=\"https:\/\/proplo.pl\/blog\/wp-content\/uploads\/2025\/07\/kuchnia-w-stylu-wiejskim.png 1200w, https:\/\/proplo.pl\/blog\/wp-content\/uploads\/2025\/07\/kuchnia-w-stylu-wiejskim-300x200.png 300w, https:\/\/proplo.pl\/blog\/wp-content\/uploads\/2025\/07\/kuchnia-w-stylu-wiejskim-768x512.png 768w, https:\/\/proplo.pl\/blog\/wp-content\/uploads\/2025\/07\/kuchnia-w-stylu-wiejskim-1024x683.png 1024w, https:\/\/proplo.pl\/blog\/wp-content\/uploads\/2025\/07\/kuchnia-w-stylu-wiejskim-480x320.png 480w\" sizes=\"auto, (max-width: 1200px) 100vw, 1200px\" \/><\/a><figcaption class=\"wp-element-caption\">Projekt: <a href=\"https:\/\/proplo.pl\/profile\/lemonade-studio\">Lemonade Studio<\/a><\/figcaption><\/figure>\n\n\n\n<h2 class=\"wp-block-heading\">Nowoczesne podej\u015bcie do stylu wiejskiego<\/h2>\n\n\n\n<p><strong>Wsp\u00f3\u0142czesna interpretacja stylu wiejskiego<\/strong> to znacznie wi\u0119cej ni\u017c sentymentalny powr\u00f3t do przesz\u0142o\u015bci. To harmonijne po\u0142\u0105czenie tradycyjnych warto\u015bci z nowoczesnymi technologiami, kt\u00f3re razem tworz\u0105 przestrze\u0144 pe\u0142n\u0105 uroku, funkcjonalno\u015bci i komfortu.<\/p>\n\n\n\n<p><strong>Nowoczesny dom w stylu wiejskim<\/strong> zaskakuje swoj\u0105 wszechstronno\u015bci\u0105 \u2013 \u0142\u0105czy ducha natury i histori\u0119 z innowacjami, kt\u00f3re u\u0142atwiaj\u0105 codzienne \u017cycie. Wyobra\u017a sobie wn\u0119trze, w kt\u00f3rym ciep\u0142o drewna i surowo\u015b\u0107 kamienia wsp\u00f3\u0142graj\u0105 z inteligentnym ogrzewaniem i automatycznym sterowaniem o\u015bwietleniem. Taka przestrze\u0144 nie tylko zachwyca estetyk\u0105, ale r\u00f3wnie\u017c wspiera <strong>ekologiczny styl \u017cycia<\/strong>, kt\u00f3ry dzi\u015b ma ogromne znaczenie.<\/p>\n\n\n\n<h3 class=\"wp-block-heading\">Po\u0142\u0105czenie tradycji z nowoczesno\u015bci\u0105<\/h3>\n\n\n\n<p><strong>Rustykalny klimat w nowoczesnym wydaniu<\/strong> to spotkanie dw\u00f3ch \u015bwiat\u00f3w \u2013 przesz\u0142o\u015bci i tera\u017aniejszo\u015bci \u2013 kt\u00f3re razem tworz\u0105 unikaln\u0105 atmosfer\u0119. W takim domu klasyczne elementy, jak belki stropowe czy kamienne kominki, wsp\u00f3\u0142istniej\u0105 z prostot\u0105 form i funkcjonalno\u015bci\u0105 wsp\u00f3\u0142czesnego designu.<\/p>\n\n\n\n<p>To w\u0142a\u015bnie kontrast mi\u0119dzy <strong>ciep\u0142em tradycji<\/strong> a <strong>elegancj\u0105 minimalizmu<\/strong> sprawia, \u017ce wn\u0119trza s\u0105 jednocze\u015bnie <a href=\"https:\/\/proplo.pl\/blog\/przytulne-wnetrza-aranzacje\/\">przytulne<\/a> i nowoczesne. Taki dom odpowiada na potrzeby wsp\u00f3\u0142czesnych rodzin, oferuj\u0105c:<\/p>\n\n\n\n<ul class=\"wp-block-list\">\n<li><strong>Wysoki komfort codziennego \u017cycia<\/strong> \u2013 dzi\u0119ki nowoczesnym technologiom i przemy\u015blanej ergonomii.<\/li>\n\n\n\n<li><strong>Stylow\u0105 estetyk\u0119<\/strong> \u2013 \u0142\u0105cz\u0105c\u0105 klasyk\u0119 z nowoczesno\u015bci\u0105.<\/li>\n\n\n\n<li><strong>Funkcjonalno\u015b\u0107<\/strong> \u2013 przestrzenie zaprojektowane z my\u015bl\u0105 o wygodzie i praktyczno\u015bci.<\/li>\n\n\n\n<li><strong>Rodzinn\u0105 atmosfer\u0119<\/strong> \u2013 ciep\u0142o naturalnych materia\u0142\u00f3w sprzyja relaksowi i integracji domownik\u00f3w.<\/li>\n<\/ul>\n\n\n\n<h3 class=\"wp-block-heading\">Du\u017ce przeszklenia i naturalna elewacja<\/h3>\n\n\n\n<p>W nowoczesnych domach wiejskich <strong>du\u017ce przeszklenia<\/strong> to nie tylko modny trend, ale te\u017c praktyczne rozwi\u0105zanie. Pozwalaj\u0105 one na maksymalne do\u015bwietlenie wn\u0119trz i otwieraj\u0105 przestrze\u0144 na otaczaj\u0105c\u0105 przyrod\u0119, tworz\u0105c wra\u017cenie blisko\u015bci z natur\u0105.<\/p>\n\n\n\n<p><strong>Panoramiczne okna<\/strong> w wiejskim domu to nie tylko estetyka \u2013 to tak\u017ce spos\u00f3b na popraw\u0119 samopoczucia i komfortu \u017cycia. Z kolei <strong>naturalne elewacje<\/strong> z drewna, kamienia czy innych ekologicznych materia\u0142\u00f3w idealnie wpisuj\u0105 si\u0119 w krajobraz, tworz\u0105c sp\u00f3jn\u0105 i przyjazn\u0105 przestrze\u0144.<\/p>\n\n\n\n<p>Takie rozwi\u0105zania oferuj\u0105:<\/p>\n\n\n\n<ul class=\"wp-block-list\">\n<li><strong>Lepsze do\u015bwietlenie wn\u0119trz<\/strong> \u2013 co wp\u0142ywa na nastr\u00f3j i oszcz\u0119dno\u015b\u0107 energii.<\/li>\n\n\n\n<li><strong>Integracj\u0119 z otoczeniem<\/strong> \u2013 dom staje si\u0119 cz\u0119\u015bci\u0105 natury, a nie jej przeciwie\u0144stwem.<\/li>\n\n\n\n<li><strong>Estetyk\u0119 i trwa\u0142o\u015b\u0107<\/strong> \u2013 naturalne materia\u0142y starzej\u0105 si\u0119 z klas\u0105 i s\u0105 odporne na warunki atmosferyczne.<\/li>\n\n\n\n<li><strong>Atmosfer\u0119 spokoju<\/strong> \u2013 idealn\u0105 do wypoczynku i regeneracji.<\/li>\n<\/ul>\n\n\n\n<h3 class=\"wp-block-heading\">Elementy industrialne w wiejskim domu<\/h3>\n\n\n\n<p>Dodanie <strong>industrialnych akcent\u00f3w<\/strong> do wiejskiego wn\u0119trza to spos\u00f3b na nadanie mu wyrazistego charakteru bez utraty przytulno\u015bci. Coraz cz\u0119\u015bciej w nowoczesnych domach wiejskich pojawiaj\u0105 si\u0119:<\/p>\n\n\n\n<ul class=\"wp-block-list\">\n<li><strong>Stalowe konstrukcje<\/strong> \u2013 nadaj\u0105ce wn\u0119trzom nowoczesny sznyt.<\/li>\n\n\n\n<li><strong>Betonowe powierzchnie<\/strong> \u2013 wprowadzaj\u0105ce surowo\u015b\u0107 i prostot\u0119.<\/li>\n\n\n\n<li><strong>Minimalistyczne o\u015bwietlenie<\/strong> \u2013 kt\u00f3re kontrastuje z naturalnymi materia\u0142ami.<\/li>\n\n\n\n<li><strong>Elementy z recyklingowanego metalu lub szk\u0142a<\/strong> \u2013 dodaj\u0105ce oryginalno\u015bci i ekologicznego wymiaru.<\/li>\n<\/ul>\n\n\n\n<p>To odwa\u017cne po\u0142\u0105czenie styl\u00f3w tworzy przestrze\u0144, kt\u00f3ra jest jednocze\u015bnie <strong>nowoczesna, wyrazista i przytulna<\/strong>. Je\u015bli chcesz p\u00f3j\u015b\u0107 o krok dalej, wyobra\u017a sobie wiejski dom z elementami szk\u0142a strukturalnego lub industrialnymi detalami z odzysku \u2013 to w\u0142a\u015bnie takie niestandardowe rozwi\u0105zania nadaj\u0105 wn\u0119trzu <strong>unikalny charakter<\/strong> i sprawiaj\u0105, \u017ce dom staje si\u0119 naprawd\u0119 Tw\u00f3j.<\/p>\n\n\n\n<h2 class=\"wp-block-heading\">Funkcjonalno\u015b\u0107 i komfort \u017cycia<\/h2>\n\n\n\n<p>W \u015bwiecie, kt\u00f3ry nieustannie przyspiesza, coraz wi\u0119cej os\u00f3b marzy o chwili wytchnienia \u2014 o miejscu, gdzie mo\u017cna si\u0119 zatrzyma\u0107, odetchn\u0105\u0107 g\u0142\u0119boko i po prostu poczu\u0107 si\u0119 dobrze. <strong>Domy w stylu wiejskim zyskuj\u0105 na popularno\u015bci, poniewa\u017c \u0142\u0105cz\u0105 praktyczno\u015b\u0107 z ciep\u0142em domowego ogniska<\/strong>, tworz\u0105c przestrze\u0144 pe\u0142n\u0105 r\u00f3wnowagi mi\u0119dzy tradycj\u0105 a nowoczesno\u015bci\u0105. To nie tylko kwestia estetyki \u2014 to <strong>styl \u017cycia, kt\u00f3ry upraszcza codzienno\u015b\u0107 i sprawia, \u017ce naprawd\u0119 czujemy si\u0119 u siebie<\/strong>.<\/p>\n\n\n\n<p>W takich domach ka\u017cdy element ma znaczenie. Od uk\u0142adu pomieszcze\u0144 po detale wyko\u0144czenia \u2014 wszystko zaprojektowane jest z my\u015bl\u0105 o <strong>komforcie i funkcjonalno\u015bci<\/strong>. Przyk\u0142ady rozwi\u0105za\u0144, kt\u00f3re podnosz\u0105 jako\u015b\u0107 \u017cycia mieszka\u0144c\u00f3w:<\/p>\n\n\n\n<ul class=\"wp-block-list\">\n<li><strong>Przestronna kuchnia<\/strong> \u2014 serce domu, kt\u00f3re sprzyja wsp\u00f3lnemu gotowaniu i d\u0142ugim rozmowom przy stole.<\/li>\n\n\n\n<li><strong>Salon z kominkiem<\/strong> \u2014 idealne miejsce na relaks z ksi\u0105\u017ck\u0105 i kubkiem gor\u0105cej herbaty.<\/li>\n\n\n\n<li><strong>Naturalne materia\u0142y wyko\u0144czeniowe<\/strong> \u2014 drewno, kamie\u0144, len, kt\u00f3re wprowadzaj\u0105 ciep\u0142o i przytulno\u015b\u0107.<\/li>\n\n\n\n<li><strong>Przemy\u015blany uk\u0142ad pomieszcze\u0144<\/strong> \u2014 zapewniaj\u0105cy wygod\u0119 i swobod\u0119 codziennego funkcjonowania.<\/li>\n<\/ul>\n\n\n\n<p>To nie s\u0105 tylko dodatki \u2014 <strong>to odpowied\u017a na realne potrzeby codziennego \u017cycia<\/strong>. Styl wiejski nie tylko cieszy oko, ale przede wszystkim <strong>tworzy przestrze\u0144 do odpoczynku, blisko\u015bci i bycia razem<\/strong>.<\/p>\n\n\n\n<p>A co dalej? Jak ten styl mo\u017ce si\u0119 rozwija\u0107, by jeszcze lepiej odpowiada\u0107 na wyzwania wsp\u00f3\u0142czesno\u015bci? Mo\u017cliwo\u015bci jest wiele:<\/p>\n\n\n\n<ul class=\"wp-block-list\">\n<li><strong>Inteligentne technologie<\/strong> \u2014 dyskretnie wkomponowane w rustykalne wn\u0119trza, zwi\u0119kszaj\u0105ce komfort i bezpiecze\u0144stwo.<\/li>\n\n\n\n<li><strong>Ekologiczne materia\u0142y<\/strong> \u2014 pozwalaj\u0105ce \u017cy\u0107 bli\u017cej natury bez rezygnacji z wygody.<\/li>\n\n\n\n<li><strong>Energooszcz\u0119dne rozwi\u0105zania<\/strong> \u2014 takie jak pompy ciep\u0142a, panele fotowoltaiczne czy rekuperacja.<\/li>\n\n\n\n<li><strong>Modularno\u015b\u0107 i elastyczno\u015b\u0107 przestrzeni<\/strong> \u2014 umo\u017cliwiaj\u0105ce dostosowanie domu do zmieniaj\u0105cych si\u0119 potrzeb rodziny.<\/li>\n<\/ul>\n\n\n\n<p><strong>Jedno jest pewne \u2014 domy w stylu wiejskim maj\u0105 przed sob\u0105 fascynuj\u0105c\u0105 przysz\u0142o\u015b\u0107<\/strong>. I w\u0142a\u015bnie to sprawia, \u017ce nie mo\u017cemy oderwa\u0107 od nich my\u015bli.<\/p>\n\n\n\n<figure class=\"wp-block-image size-full\"><a href=\"https:\/\/proplo.pl\/profile\/lemonade-studio\/projekt\/rustykalna-lazienka-399\"><img loading=\"lazy\" decoding=\"async\" width=\"1200\" height=\"800\" src=\"https:\/\/proplo.pl\/blog\/wp-content\/uploads\/2025\/07\/lazienka-w-stylu-wiejskim.png\" alt=\"Rustykalna \u0142azienka z wann\u0105, drewnianymi detalami i stylowymi akcesoriami.\" class=\"wp-image-1107\" srcset=\"https:\/\/proplo.pl\/blog\/wp-content\/uploads\/2025\/07\/lazienka-w-stylu-wiejskim.png 1200w, https:\/\/proplo.pl\/blog\/wp-content\/uploads\/2025\/07\/lazienka-w-stylu-wiejskim-300x200.png 300w, https:\/\/proplo.pl\/blog\/wp-content\/uploads\/2025\/07\/lazienka-w-stylu-wiejskim-768x512.png 768w, https:\/\/proplo.pl\/blog\/wp-content\/uploads\/2025\/07\/lazienka-w-stylu-wiejskim-1024x683.png 1024w, https:\/\/proplo.pl\/blog\/wp-content\/uploads\/2025\/07\/lazienka-w-stylu-wiejskim-480x320.png 480w\" sizes=\"auto, (max-width: 1200px) 100vw, 1200px\" \/><\/a><figcaption class=\"wp-element-caption\">Projekt: <a href=\"https:\/\/proplo.pl\/profile\/lemonade-studio\">Lemonade Studio<\/a><\/figcaption><\/figure>\n\n\n\n<h2 class=\"wp-block-heading\">Inspiracje i porady<\/h2>\n\n\n\n<p>Marzysz o wn\u0119trzu, kt\u00f3re otula spokojem i ciep\u0142em? <strong>Styl wiejski<\/strong> mo\u017ce by\u0107 odpowiedzi\u0105. <strong>Inspiracje wn\u0119trz czerpi\u0105ce z natury<\/strong> \u2013 drewna, kamienia, lnu \u2013 pozwalaj\u0105 stworzy\u0107 przestrze\u0144, w kt\u00f3rej naprawd\u0119 chce si\u0119 by\u0107. To nie tylko kwestia estetyki, ale przede wszystkim atmosfery. Gotowe pomys\u0142y u\u0142atwiaj\u0105 dob\u00f3r mebli, dodatk\u00f3w i kolor\u00f3w, kt\u00f3re razem tworz\u0105 <strong>harmonijn\u0105, przytuln\u0105 ca\u0142o\u015b\u0107<\/strong>. Tak\u0105, do kt\u00f3rej wraca si\u0119 z przyjemno\u015bci\u0105. I z ulg\u0105.<\/p>\n\n\n\n<p>W aran\u017cacjach w stylu wiejskim kluczowe s\u0105 <strong>naturalne materia\u0142y<\/strong>: drewno z widocznymi s\u0142ojami, surowy kamie\u0144, r\u0119cznie tkane tkaniny. Ale to <strong>detale nadaj\u0105 wn\u0119trzu dusz\u0119<\/strong>. Przyk\u0142ady takich akcent\u00f3w to:<\/p>\n\n\n\n<ul class=\"wp-block-list\">\n<li>haftowane zas\u0142ony, kt\u00f3re dodaj\u0105 przytulno\u015bci,<\/li>\n\n\n\n<li>ceramiczne misy \u2013 praktyczne i dekoracyjne,<\/li>\n\n\n\n<li>stare ramy okienne wykorzystywane jako dekoracje \u015bcienne.<\/li>\n<\/ul>\n\n\n\n<p>Dzi\u0119ki takim elementom dom staje si\u0119 nie tylko pi\u0119kny, ale te\u017c <strong>funkcjonalny i pe\u0142en ciep\u0142a<\/strong>. Po prostu \u2013 idealny do \u017cycia.<\/p>\n\n\n\n<h3 class=\"wp-block-heading\">Jak stworzy\u0107 wymarzony dom w stylu wiejskim<\/h3>\n\n\n\n<p>Stworzenie <strong>wymarzonego wiejskiego domu<\/strong> to co\u015b wi\u0119cej ni\u017c wyb\u00f3r stylowych mebli. To \u015bwiadoma decyzja, jak po\u0142\u0105czy\u0107 <strong>tradycj\u0119 z nowoczesno\u015bci\u0105<\/strong>, by codzienne \u017cycie by\u0142o wygodne, a przestrze\u0144 \u2013 pe\u0142na charakteru. Kluczowe s\u0105 tu <strong>naturalne materia\u0142y<\/strong>, takie jak:<\/p>\n\n\n\n<ul class=\"wp-block-list\">\n<li>ceg\u0142a \u2013 nadaje wn\u0119trzu surowego uroku,<\/li>\n\n\n\n<li>drewno \u2013 wprowadza ciep\u0142o i naturalno\u015b\u0107,<\/li>\n\n\n\n<li>kamie\u0144 \u2013 trwa\u0142y i efektowny element dekoracyjny.<\/li>\n<\/ul>\n\n\n\n<p>Elementy takie jak <strong>kominek, drewniane belki czy klasyczne okiennice<\/strong> potrafi\u0105 sta\u0107 si\u0119 sercem domu \u2013 dos\u0142ownie i w przeno\u015bni.<\/p>\n\n\n\n<p>Nie zapominaj o otoczeniu. <strong>Dom w stylu wiejskim powinien wsp\u00f3\u0142gra\u0107 z krajobrazem<\/strong>. Warto uwzgl\u0119dni\u0107:<\/p>\n\n\n\n<ul class=\"wp-block-list\">\n<li>ukszta\u0142towanie terenu,<\/li>\n\n\n\n<li>kierunki \u015bwiata,<\/li>\n\n\n\n<li>dost\u0119p do naturalnego \u015bwiat\u0142a.<\/li>\n<\/ul>\n\n\n\n<p>Przyk\u0142ad? <strong>Salon z du\u017cymi oknami wychodz\u0105cymi na ogr\u00f3d<\/strong> mo\u017ce sta\u0107 si\u0119 Twoim ulubionym miejscem na porann\u0105 kaw\u0119. Blisko\u015b\u0107 natury sprawia, \u017ce dom nie tylko wygl\u0105da pi\u0119knie, ale te\u017c staje si\u0119 cz\u0119\u015bci\u0105 wi\u0119kszej ca\u0142o\u015bci \u2013 <strong>\u017cycia w zgodzie z przyrod\u0105<\/strong>.<\/p>\n\n\n\n<h3 class=\"wp-block-heading\">Najcz\u0119stsze b\u0142\u0119dy przy projektowaniu i budowie<\/h3>\n\n\n\n<p>Projektuj\u0105c dom w stylu wiejskim, \u0142atwo pope\u0142ni\u0107 kilka klasycznych b\u0142\u0119d\u00f3w. Oto najcz\u0119stsze z nich:<\/p>\n\n\n\n<ul class=\"wp-block-list\">\n<li><strong>Nieprzemy\u015blany uk\u0142ad pomieszcze\u0144<\/strong> \u2013 zbyt ma\u0142a kuchnia, brak miejsca na przechowywanie, niepraktyczne rozmieszczenie pokoi. To wszystko mo\u017ce utrudni\u0107 codzienne \u017cycie.<\/li>\n\n\n\n<li><strong>Brak analizy potrzeb<\/strong> \u2013 ju\u017c na etapie planowania warto zada\u0107 sobie pytanie: <em>jak chc\u0119 mieszka\u0107? Co b\u0119dzie mi naprawd\u0119 potrzebne?<\/em><\/li>\n\n\n\n<li><strong>Wyb\u00f3r nietrwa\u0142ych materia\u0142\u00f3w<\/strong> \u2013 styl wiejski to nie tylko wygl\u0105d, ale te\u017c solidno\u015b\u0107 i trwa\u0142o\u015b\u0107.<\/li>\n<\/ul>\n\n\n\n<p>Aby unikn\u0105\u0107 problem\u00f3w, warto postawi\u0107 na <strong>sprawdzone i trwa\u0142e rozwi\u0105zania<\/strong>, takie jak:<\/p>\n\n\n\n<ul class=\"wp-block-list\">\n<li>lite drewno \u2013 odporne na uszkodzenia i pi\u0119knie si\u0119 starzeje,<\/li>\n\n\n\n<li>impregnowany kamie\u0144 \u2013 trwa\u0142y i odporny na warunki atmosferyczne,<\/li>\n\n\n\n<li>dach\u00f3wki ceramiczne \u2013 estetyczne i d\u0142ugowieczne.<\/li>\n<\/ul>\n\n\n\n<p>Dzi\u0119ki nim dom nie tylko b\u0119dzie wygl\u0105da\u0142 pi\u0119knie, ale te\u017c <strong>przetrwa lata \u2013 bez stresu i kosztownych napraw<\/strong>.<\/p>\n\n\n\n<h3 class=\"wp-block-heading\">Zainspiruj si\u0119 gotowymi realizacjami i wn\u0119trzami<\/h3>\n\n\n\n<p>Chcesz stworzy\u0107 <strong>klimatyczny dom w stylu wiejskim<\/strong>? Zajrzyj do gotowych realizacji \u2013 to prawdziwa skarbnica pomys\u0142\u00f3w. Znajdziesz tam inspiracje takie jak:<\/p>\n\n\n\n<ul class=\"wp-block-list\">\n<li>surowe belki stropowe,<\/li>\n\n\n\n<li>pastelowe dodatki,<\/li>\n\n\n\n<li>rustykalne meble z dusz\u0105,<\/li>\n\n\n\n<li>oryginalne po\u0142\u0105czenia styl\u00f3w \u2013 od klasycznego po nowoczesny z nut\u0105 minimalizmu.<\/li>\n<\/ul>\n\n\n\n<p>Takie wn\u0119trza pokazuj\u0105, jak praktycznie wykorzysta\u0107 <strong>naturalne materia\u0142y<\/strong>. Przyk\u0142ady:<\/p>\n\n\n\n<ul class=\"wp-block-list\">\n<li><strong>Kamienna \u015bciana<\/strong> \u015bwietnie komponuje si\u0119 z mi\u0119kkimi tkaninami,<\/li>\n\n\n\n<li><strong>Odpowiednio dobrane o\u015bwietlenie<\/strong> podkre\u015bla rustykalny klimat,<\/li>\n\n\n\n<li><strong>R\u0119cznie robione lampy i lniane zas\u0142ony<\/strong> dodaj\u0105 wn\u0119trzu charakteru i ciep\u0142a.<\/li>\n<\/ul>\n\n\n\n<p><strong>Inspiruj\u0105c si\u0119 sprawdzonymi rozwi\u0105zaniami<\/strong>, \u0142atwiej stworzy\u0107 dom, kt\u00f3ry b\u0119dzie nie tylko pi\u0119kny, ale te\u017c <strong>idealnie dopasowany do Twoich potrzeb i stylu \u017cycia<\/strong>.<\/p>\n\n\n\n<h2 class=\"wp-block-heading\">Styl wiejski w kontek\u015bcie regionalnym<\/h2>\n\n\n\n<p><strong>Styl wiejski<\/strong> to znacznie wi\u0119cej ni\u017c tylko estetyka \u2013 to opowie\u015b\u0107 o ludziach, ich codziennym \u017cyciu, klimacie, w kt\u00f3rym funkcjonuj\u0105, oraz materia\u0142ach, kt\u00f3re maj\u0105 pod r\u0119k\u0105. Przez pokolenia te czynniki kszta\u0142towa\u0142y architektur\u0119 i wn\u0119trza w r\u00f3\u017cnych cz\u0119\u015bciach \u015bwiata, nadaj\u0105c im unikalny charakter. <strong>Ka\u017cdy region wnosi do stylu wiejskiego co\u015b w\u0142asnego<\/strong>, tworz\u0105c barwn\u0105 mozaik\u0119 form, kolor\u00f3w i detali. To nie tylko spos\u00f3b urz\u0105dzania przestrzeni, ale tak\u017ce <strong>odbicie lokalnego dziedzictwa i rytmu \u017cycia<\/strong>.<\/p>\n\n\n\n<p>Przyk\u0142adem mo\u017ce by\u0107 <strong><a href=\"https:\/\/proplo.pl\/style\/prowansalski\">styl prowansalski<\/a><\/strong>, wywodz\u0105cy si\u0119 z po\u0142udniowej Francji. Charakteryzuje si\u0119 on:<\/p>\n\n\n\n<ul class=\"wp-block-list\">\n<li><strong>jasnymi, s\u0142onecznymi \u015bcianami<\/strong>, kt\u00f3re roz\u015bwietlaj\u0105 wn\u0119trze,<\/li>\n\n\n\n<li><strong>subtelnymi odcieniami lawendy<\/strong>, wprowadzaj\u0105cymi spok\u00f3j i harmoni\u0119,<\/li>\n\n\n\n<li><strong>romantycznymi dodatkami<\/strong>, kt\u00f3re nadaj\u0105 przestrzeni lekko\u015bci i elegancji.<\/li>\n<\/ul>\n\n\n\n<p>To po\u0142\u0105czenie rustykalnej prostoty z francusk\u0105 finezj\u0105 tworzy wn\u0119trza, w kt\u00f3rych mo\u017cna odetchn\u0105\u0107 i poczu\u0107 si\u0119 jak na wakacjach \u2013 bez wychodzenia z domu.<\/p>\n\n\n\n<p>Inny charakter ma <strong>styl country<\/strong>, g\u0142\u0119boko zakorzeniony w ameryka\u0144skiej tradycji wiejskiej. Dominuj\u0105 w nim:<\/p>\n\n\n\n<ul class=\"wp-block-list\">\n<li><strong>drewno i naturalna sk\u00f3ra<\/strong> \u2013 trwa\u0142e, solidne materia\u0142y,<\/li>\n\n\n\n<li><strong>motywy ro\u015blinne i zwierz\u0119ce<\/strong>, kt\u00f3re podkre\u015blaj\u0105 zwi\u0105zek z natur\u0105,<\/li>\n\n\n\n<li><strong>funkcjonalno\u015b\u0107 i przytulno\u015b\u0107<\/strong>, kt\u00f3re sprawiaj\u0105, \u017ce wn\u0119trza s\u0105 ciep\u0142e i go\u015bcinne.<\/li>\n<\/ul>\n\n\n\n<p>To przestrzenie, do kt\u00f3rych wraca si\u0119 z przyjemno\u015bci\u0105 \u2013 szczeg\u00f3lnie po d\u0142ugim, wymagaj\u0105cym dniu.<\/p>\n\n\n\n<p>Jeszcze inny klimat oferuje <strong>styl cottage<\/strong>, inspirowany angielsk\u0105 prowincj\u0105. Wyr\u00f3\u017cniaj\u0105 go:<\/p>\n\n\n\n<ul class=\"wp-block-list\">\n<li><strong>kwiatowe desenie<\/strong>, kt\u00f3re wprowadzaj\u0105 romantyczny nastr\u00f3j,<\/li>\n\n\n\n<li><strong>porcelanowe drobiazgi<\/strong> i dekoracje z dusz\u0105,<\/li>\n\n\n\n<li><strong>mi\u0119kkie tkaniny<\/strong>, zapewniaj\u0105ce komfort i przytulno\u015b\u0107.<\/li>\n<\/ul>\n\n\n\n<p>W takich wn\u0119trzach \u0142atwo wyobrazi\u0107 sobie popo\u0142udniow\u0105 herbat\u0119 w ogrodzie, dzieci biegaj\u0105ce boso po trawie i zapach \u015bwie\u017co pieczonego chleba unosz\u0105cy si\u0119 z kuchni. <strong>Sielsko\u015b\u0107 i domowe ciep\u0142o \u2013 to w\u0142a\u015bnie sedno stylu cottage<\/strong>.<\/p>\n\n\n\n<p><strong>Ka\u017cda z tych odmian stylu wiejskiego to nie tylko spos\u00f3b aran\u017cacji przestrzeni, ale tak\u017ce filozofia \u017cycia<\/strong> \u2013 zakorzeniona w tradycji, a jednocze\u015bnie otwarta na nowe pomys\u0142y, \u015bwie\u017ce spojrzenia i wsp\u00f3\u0142czesne potrzeby.<\/p>\n\n\n\n<p>A co przyniesie przysz\u0142o\u015b\u0107? Czy pojawi\u0105 si\u0119 nowe, regionalne warianty stylu wiejskiego? <strong>By\u0107 mo\u017ce technologia i nowoczesne materia\u0142y pozwol\u0105 tworzy\u0107 zupe\u0142nie nowe interpretacje<\/strong> \u2013 nadal bliskie lokalnej to\u017csamo\u015bci, ale zaskakuj\u0105co aktualne. <strong>To w\u0142a\u015bnie na styku tradycji i innowacji mo\u017ce narodzi\u0107 si\u0119 co\u015b wyj\u0105tkowego \u2013 autentycznego, inspiruj\u0105cego i zupe\u0142nie nowego<\/strong>.<\/p>\n\n\n\n<hr class=\"wp-block-separator has-alpha-channel-opacity\"\/>\n\n\n\n<p><strong>\u0179r\u00f3d\u0142a:<\/strong><\/p>\n\n\n<ol class=\"wp-block-footnotes\"><li id=\"bcda8b14-5279-490f-bd51-f7c79ae52f65\"><a href=\"https:\/\/www.wallpaper.com\/architecture\/polish-farmhouse-barn-conversion-bxb-studio\">https:\/\/www.wallpaper.com\/architecture\/polish-farmhouse-barn-conversion-bxb-studio<\/a> <a href=\"#bcda8b14-5279-490f-bd51-f7c79ae52f65-link\" aria-label=\"Przejd\u017a do przypisu 1\">\u21a9\ufe0e<\/a><\/li><\/ol>\n\n\n<p><\/p>\n","protected":false},"excerpt":{"rendered":"<p>Odkryj urok stylu wiejskiego \u2013 od rustykalnej architektury po funkcjonalne wn\u0119trza bliskie naturze.<\/p>\n","protected":false},"author":3,"featured_media":1102,"comment_status":"closed","ping_status":"closed","sticky":false,"template":"","format":"standard","meta":{"footnotes":"[{\"content\":\"<a href=\\\"https:\/\/www.wallpaper.com\/architecture\/polish-farmhouse-barn-conversion-bxb-studio\\\">https:\/\/www.wallpaper.com\/architecture\/polish-farmhouse-barn-conversion-bxb-studio<\/a>\",\"id\":\"bcda8b14-5279-490f-bd51-f7c79ae52f65\"}]"},"categories":[12],"tags":[],"class_list":["post-1101","post","type-post","status-publish","format-standard","has-post-thumbnail","hentry","category-style"],"acf":[],"yoast_head":"<!-- This site is optimized with the Yoast SEO plugin v27.5 - https:\/\/yoast.com\/product\/yoast-seo-wordpress\/ -->\n<title>Dom w stylu wiejskim - cechy, projekty i inspiracje - Proplo<\/title>\n<meta name=\"description\" content=\"Odkryj urok i przytulno\u015b\u0107 domu w stylu wiejskim \u2013 od rustykalnej architektury po funkcjonalne wn\u0119trza bliskie naturze.\" \/>\n<meta name=\"robots\" content=\"index, follow, max-snippet:-1, max-image-preview:large, max-video-preview:-1\" \/>\n<link rel=\"canonical\" href=\"https:\/\/proplo.pl\/blog\/dom-w-stylu-wiejskim\/\" \/>\n<meta property=\"og:locale\" content=\"pl_PL\" \/>\n<meta property=\"og:type\" content=\"article\" \/>\n<meta property=\"og:title\" content=\"Dom w stylu wiejskim - cechy, projekty i inspiracje - Proplo\" \/>\n<meta property=\"og:description\" content=\"Odkryj urok i przytulno\u015b\u0107 domu w stylu wiejskim \u2013 od rustykalnej architektury po funkcjonalne wn\u0119trza bliskie naturze.\" \/>\n<meta property=\"og:url\" content=\"https:\/\/proplo.pl\/blog\/dom-w-stylu-wiejskim\/\" \/>\n<meta property=\"og:site_name\" content=\"Poradnik wn\u0119trzarski - Proplo\" \/>\n<meta property=\"article:published_time\" content=\"2025-07-30T11:04:22+00:00\" \/>\n<meta property=\"article:modified_time\" content=\"2025-07-30T11:59:42+00:00\" \/>\n<meta property=\"og:image\" content=\"https:\/\/proplo.pl\/blog\/wp-content\/uploads\/2025\/07\/dom-w-stylu-wiejskim.png\" \/>\n\t<meta property=\"og:image:width\" content=\"1200\" \/>\n\t<meta property=\"og:image:height\" content=\"800\" \/>\n\t<meta property=\"og:image:type\" content=\"image\/png\" \/>\n<meta name=\"author\" content=\"Proplo\" \/>\n<meta name=\"twitter:card\" content=\"summary_large_image\" \/>\n<meta name=\"twitter:label1\" content=\"Napisane przez\" \/>\n\t<meta name=\"twitter:data1\" content=\"Proplo\" \/>\n\t<meta name=\"twitter:label2\" content=\"Szacowany czas czytania\" \/>\n\t<meta name=\"twitter:data2\" content=\"27 minut\" \/>\n<script type=\"application\/ld+json\" class=\"yoast-schema-graph\">{\"@context\":\"https:\\\/\\\/schema.org\",\"@graph\":[{\"@type\":\"Article\",\"@id\":\"https:\\\/\\\/proplo.pl\\\/blog\\\/dom-w-stylu-wiejskim\\\/#article\",\"isPartOf\":{\"@id\":\"https:\\\/\\\/proplo.pl\\\/blog\\\/dom-w-stylu-wiejskim\\\/\"},\"author\":{\"name\":\"Proplo\",\"@id\":\"https:\\\/\\\/proplo.pl\\\/blog\\\/#\\\/schema\\\/person\\\/c13af99097d24e9fc2b86b838c0fd0e1\"},\"headline\":\"Dom w stylu wiejskim &#8211; cechy, projekty i inspiracje\",\"datePublished\":\"2025-07-30T11:04:22+00:00\",\"dateModified\":\"2025-07-30T11:59:42+00:00\",\"mainEntityOfPage\":{\"@id\":\"https:\\\/\\\/proplo.pl\\\/blog\\\/dom-w-stylu-wiejskim\\\/\"},\"wordCount\":5143,\"image\":{\"@id\":\"https:\\\/\\\/proplo.pl\\\/blog\\\/dom-w-stylu-wiejskim\\\/#primaryimage\"},\"thumbnailUrl\":\"https:\\\/\\\/proplo.pl\\\/blog\\\/wp-content\\\/uploads\\\/2025\\\/07\\\/dom-w-stylu-wiejskim.png\",\"articleSection\":[\"Style\"],\"inLanguage\":\"pl-PL\"},{\"@type\":\"WebPage\",\"@id\":\"https:\\\/\\\/proplo.pl\\\/blog\\\/dom-w-stylu-wiejskim\\\/\",\"url\":\"https:\\\/\\\/proplo.pl\\\/blog\\\/dom-w-stylu-wiejskim\\\/\",\"name\":\"Dom w stylu wiejskim - cechy, projekty i inspiracje - Proplo\",\"isPartOf\":{\"@id\":\"https:\\\/\\\/proplo.pl\\\/blog\\\/#website\"},\"primaryImageOfPage\":{\"@id\":\"https:\\\/\\\/proplo.pl\\\/blog\\\/dom-w-stylu-wiejskim\\\/#primaryimage\"},\"image\":{\"@id\":\"https:\\\/\\\/proplo.pl\\\/blog\\\/dom-w-stylu-wiejskim\\\/#primaryimage\"},\"thumbnailUrl\":\"https:\\\/\\\/proplo.pl\\\/blog\\\/wp-content\\\/uploads\\\/2025\\\/07\\\/dom-w-stylu-wiejskim.png\",\"datePublished\":\"2025-07-30T11:04:22+00:00\",\"dateModified\":\"2025-07-30T11:59:42+00:00\",\"author\":{\"@id\":\"https:\\\/\\\/proplo.pl\\\/blog\\\/#\\\/schema\\\/person\\\/c13af99097d24e9fc2b86b838c0fd0e1\"},\"description\":\"Odkryj urok i przytulno\u015b\u0107 domu w stylu wiejskim \u2013 od rustykalnej architektury po funkcjonalne wn\u0119trza bliskie naturze.\",\"breadcrumb\":{\"@id\":\"https:\\\/\\\/proplo.pl\\\/blog\\\/dom-w-stylu-wiejskim\\\/#breadcrumb\"},\"inLanguage\":\"pl-PL\",\"potentialAction\":[{\"@type\":\"ReadAction\",\"target\":[\"https:\\\/\\\/proplo.pl\\\/blog\\\/dom-w-stylu-wiejskim\\\/\"]}]},{\"@type\":\"ImageObject\",\"inLanguage\":\"pl-PL\",\"@id\":\"https:\\\/\\\/proplo.pl\\\/blog\\\/dom-w-stylu-wiejskim\\\/#primaryimage\",\"url\":\"https:\\\/\\\/proplo.pl\\\/blog\\\/wp-content\\\/uploads\\\/2025\\\/07\\\/dom-w-stylu-wiejskim.png\",\"contentUrl\":\"https:\\\/\\\/proplo.pl\\\/blog\\\/wp-content\\\/uploads\\\/2025\\\/07\\\/dom-w-stylu-wiejskim.png\",\"width\":1200,\"height\":800,\"caption\":\"Wn\u0119trze salonu w stylu dopamine decor, eklektycznym, industrialnym, rustykalnym i vintage.\"},{\"@type\":\"BreadcrumbList\",\"@id\":\"https:\\\/\\\/proplo.pl\\\/blog\\\/dom-w-stylu-wiejskim\\\/#breadcrumb\",\"itemListElement\":[{\"@type\":\"ListItem\",\"position\":1,\"name\":\"Proplo\",\"item\":\"https:\\\/\\\/proplo.pl\"},{\"@type\":\"ListItem\",\"position\":2,\"name\":\"Poradnik wn\u0119trzarski\",\"item\":\"https:\\\/\\\/proplo.pl\\\/blog\\\/\"},{\"@type\":\"ListItem\",\"position\":3,\"name\":\"Dom w stylu wiejskim &#8211; cechy, projekty i inspiracje\"}]},{\"@type\":\"WebSite\",\"@id\":\"https:\\\/\\\/proplo.pl\\\/blog\\\/#website\",\"url\":\"https:\\\/\\\/proplo.pl\\\/blog\\\/\",\"name\":\"Blog Proplo\",\"description\":\"\",\"potentialAction\":[{\"@type\":\"SearchAction\",\"target\":{\"@type\":\"EntryPoint\",\"urlTemplate\":\"https:\\\/\\\/proplo.pl\\\/blog\\\/?s={search_term_string}\"},\"query-input\":{\"@type\":\"PropertyValueSpecification\",\"valueRequired\":true,\"valueName\":\"search_term_string\"}}],\"inLanguage\":\"pl-PL\"},{\"@type\":\"Person\",\"@id\":\"https:\\\/\\\/proplo.pl\\\/blog\\\/#\\\/schema\\\/person\\\/c13af99097d24e9fc2b86b838c0fd0e1\",\"name\":\"Proplo\",\"image\":{\"@type\":\"ImageObject\",\"inLanguage\":\"pl-PL\",\"@id\":\"https:\\\/\\\/secure.gravatar.com\\\/avatar\\\/176f908138148facd74b7d78fc677b53b24a54b63aacd8fc4e81a4da926e5f28?s=96&d=mm&r=g\",\"url\":\"https:\\\/\\\/secure.gravatar.com\\\/avatar\\\/176f908138148facd74b7d78fc677b53b24a54b63aacd8fc4e81a4da926e5f28?s=96&d=mm&r=g\",\"contentUrl\":\"https:\\\/\\\/secure.gravatar.com\\\/avatar\\\/176f908138148facd74b7d78fc677b53b24a54b63aacd8fc4e81a4da926e5f28?s=96&d=mm&r=g\",\"caption\":\"Proplo\"},\"url\":\"https:\\\/\\\/proplo.pl\\\/blog\\\/author\\\/r-marciniak\\\/\"}]}<\/script>\n<!-- \/ Yoast SEO plugin. -->","yoast_head_json":{"title":"Dom w stylu wiejskim - cechy, projekty i inspiracje - Proplo","description":"Odkryj urok i przytulno\u015b\u0107 domu w stylu wiejskim \u2013 od rustykalnej architektury po funkcjonalne wn\u0119trza bliskie naturze.","robots":{"index":"index","follow":"follow","max-snippet":"max-snippet:-1","max-image-preview":"max-image-preview:large","max-video-preview":"max-video-preview:-1"},"canonical":"https:\/\/proplo.pl\/blog\/dom-w-stylu-wiejskim\/","og_locale":"pl_PL","og_type":"article","og_title":"Dom w stylu wiejskim - cechy, projekty i inspiracje - Proplo","og_description":"Odkryj urok i przytulno\u015b\u0107 domu w stylu wiejskim \u2013 od rustykalnej architektury po funkcjonalne wn\u0119trza bliskie naturze.","og_url":"https:\/\/proplo.pl\/blog\/dom-w-stylu-wiejskim\/","og_site_name":"Poradnik wn\u0119trzarski - Proplo","article_published_time":"2025-07-30T11:04:22+00:00","article_modified_time":"2025-07-30T11:59:42+00:00","og_image":[{"width":1200,"height":800,"url":"https:\/\/proplo.pl\/blog\/wp-content\/uploads\/2025\/07\/dom-w-stylu-wiejskim.png","type":"image\/png"}],"author":"Proplo","twitter_card":"summary_large_image","twitter_misc":{"Napisane przez":"Proplo","Szacowany czas czytania":"27 minut"},"schema":{"@context":"https:\/\/schema.org","@graph":[{"@type":"Article","@id":"https:\/\/proplo.pl\/blog\/dom-w-stylu-wiejskim\/#article","isPartOf":{"@id":"https:\/\/proplo.pl\/blog\/dom-w-stylu-wiejskim\/"},"author":{"name":"Proplo","@id":"https:\/\/proplo.pl\/blog\/#\/schema\/person\/c13af99097d24e9fc2b86b838c0fd0e1"},"headline":"Dom w stylu wiejskim &#8211; cechy, projekty i inspiracje","datePublished":"2025-07-30T11:04:22+00:00","dateModified":"2025-07-30T11:59:42+00:00","mainEntityOfPage":{"@id":"https:\/\/proplo.pl\/blog\/dom-w-stylu-wiejskim\/"},"wordCount":5143,"image":{"@id":"https:\/\/proplo.pl\/blog\/dom-w-stylu-wiejskim\/#primaryimage"},"thumbnailUrl":"https:\/\/proplo.pl\/blog\/wp-content\/uploads\/2025\/07\/dom-w-stylu-wiejskim.png","articleSection":["Style"],"inLanguage":"pl-PL"},{"@type":"WebPage","@id":"https:\/\/proplo.pl\/blog\/dom-w-stylu-wiejskim\/","url":"https:\/\/proplo.pl\/blog\/dom-w-stylu-wiejskim\/","name":"Dom w stylu wiejskim - cechy, projekty i inspiracje - Proplo","isPartOf":{"@id":"https:\/\/proplo.pl\/blog\/#website"},"primaryImageOfPage":{"@id":"https:\/\/proplo.pl\/blog\/dom-w-stylu-wiejskim\/#primaryimage"},"image":{"@id":"https:\/\/proplo.pl\/blog\/dom-w-stylu-wiejskim\/#primaryimage"},"thumbnailUrl":"https:\/\/proplo.pl\/blog\/wp-content\/uploads\/2025\/07\/dom-w-stylu-wiejskim.png","datePublished":"2025-07-30T11:04:22+00:00","dateModified":"2025-07-30T11:59:42+00:00","author":{"@id":"https:\/\/proplo.pl\/blog\/#\/schema\/person\/c13af99097d24e9fc2b86b838c0fd0e1"},"description":"Odkryj urok i przytulno\u015b\u0107 domu w stylu wiejskim \u2013 od rustykalnej architektury po funkcjonalne wn\u0119trza bliskie naturze.","breadcrumb":{"@id":"https:\/\/proplo.pl\/blog\/dom-w-stylu-wiejskim\/#breadcrumb"},"inLanguage":"pl-PL","potentialAction":[{"@type":"ReadAction","target":["https:\/\/proplo.pl\/blog\/dom-w-stylu-wiejskim\/"]}]},{"@type":"ImageObject","inLanguage":"pl-PL","@id":"https:\/\/proplo.pl\/blog\/dom-w-stylu-wiejskim\/#primaryimage","url":"https:\/\/proplo.pl\/blog\/wp-content\/uploads\/2025\/07\/dom-w-stylu-wiejskim.png","contentUrl":"https:\/\/proplo.pl\/blog\/wp-content\/uploads\/2025\/07\/dom-w-stylu-wiejskim.png","width":1200,"height":800,"caption":"Wn\u0119trze salonu w stylu dopamine decor, eklektycznym, industrialnym, rustykalnym i vintage."},{"@type":"BreadcrumbList","@id":"https:\/\/proplo.pl\/blog\/dom-w-stylu-wiejskim\/#breadcrumb","itemListElement":[{"@type":"ListItem","position":1,"name":"Proplo","item":"https:\/\/proplo.pl"},{"@type":"ListItem","position":2,"name":"Poradnik wn\u0119trzarski","item":"https:\/\/proplo.pl\/blog\/"},{"@type":"ListItem","position":3,"name":"Dom w stylu wiejskim &#8211; cechy, projekty i inspiracje"}]},{"@type":"WebSite","@id":"https:\/\/proplo.pl\/blog\/#website","url":"https:\/\/proplo.pl\/blog\/","name":"Blog Proplo","description":"","potentialAction":[{"@type":"SearchAction","target":{"@type":"EntryPoint","urlTemplate":"https:\/\/proplo.pl\/blog\/?s={search_term_string}"},"query-input":{"@type":"PropertyValueSpecification","valueRequired":true,"valueName":"search_term_string"}}],"inLanguage":"pl-PL"},{"@type":"Person","@id":"https:\/\/proplo.pl\/blog\/#\/schema\/person\/c13af99097d24e9fc2b86b838c0fd0e1","name":"Proplo","image":{"@type":"ImageObject","inLanguage":"pl-PL","@id":"https:\/\/secure.gravatar.com\/avatar\/176f908138148facd74b7d78fc677b53b24a54b63aacd8fc4e81a4da926e5f28?s=96&d=mm&r=g","url":"https:\/\/secure.gravatar.com\/avatar\/176f908138148facd74b7d78fc677b53b24a54b63aacd8fc4e81a4da926e5f28?s=96&d=mm&r=g","contentUrl":"https:\/\/secure.gravatar.com\/avatar\/176f908138148facd74b7d78fc677b53b24a54b63aacd8fc4e81a4da926e5f28?s=96&d=mm&r=g","caption":"Proplo"},"url":"https:\/\/proplo.pl\/blog\/author\/r-marciniak\/"}]}},"_links":{"self":[{"href":"https:\/\/proplo.pl\/blog\/wp-json\/wp\/v2\/posts\/1101","targetHints":{"allow":["GET"]}}],"collection":[{"href":"https:\/\/proplo.pl\/blog\/wp-json\/wp\/v2\/posts"}],"about":[{"href":"https:\/\/proplo.pl\/blog\/wp-json\/wp\/v2\/types\/post"}],"author":[{"embeddable":true,"href":"https:\/\/proplo.pl\/blog\/wp-json\/wp\/v2\/users\/3"}],"replies":[{"embeddable":true,"href":"https:\/\/proplo.pl\/blog\/wp-json\/wp\/v2\/comments?post=1101"}],"version-history":[{"count":3,"href":"https:\/\/proplo.pl\/blog\/wp-json\/wp\/v2\/posts\/1101\/revisions"}],"predecessor-version":[{"id":1110,"href":"https:\/\/proplo.pl\/blog\/wp-json\/wp\/v2\/posts\/1101\/revisions\/1110"}],"wp:featuredmedia":[{"embeddable":true,"href":"https:\/\/proplo.pl\/blog\/wp-json\/wp\/v2\/media\/1102"}],"wp:attachment":[{"href":"https:\/\/proplo.pl\/blog\/wp-json\/wp\/v2\/media?parent=1101"}],"wp:term":[{"taxonomy":"category","embeddable":true,"href":"https:\/\/proplo.pl\/blog\/wp-json\/wp\/v2\/categories?post=1101"},{"taxonomy":"post_tag","embeddable":true,"href":"https:\/\/proplo.pl\/blog\/wp-json\/wp\/v2\/tags?post=1101"}],"curies":[{"name":"wp","href":"https:\/\/api.w.org\/{rel}","templated":true}]}}