{"id":1091,"date":"2025-07-30T10:59:49","date_gmt":"2025-07-30T09:59:49","guid":{"rendered":"https:\/\/proplo.pl\/blog\/?p=1091"},"modified":"2025-07-30T10:59:50","modified_gmt":"2025-07-30T09:59:50","slug":"mieszkanie-w-stylu-prl","status":"publish","type":"post","link":"https:\/\/proplo.pl\/blog\/mieszkanie-w-stylu-prl\/","title":{"rendered":"Jak urz\u0105dzi\u0107 mieszkanie w stylu PRL?"},"content":{"rendered":"<div class=\"you-find-content\">\r\n    <div class=\"container-xl container-wrapper\">\r\n        <div class=\"row design\">\r\n            <div class=\"col-md-12 wrapper \">\r\n                <div class=\"title\"><p>Z tego artyku\u0142u dowiesz si\u0119:<\/p>\n<\/div>\r\n                <div class=\"grid-wrapper\">\r\n                                                        <div class=\"block-list\">\r\n                        <div class=\"number\">\r\n                            1                        <\/div>\r\n                        <div class=\"text\">\r\n                            <p>Jakie meble i dodatki oddaj\u0105 autentyczny klimat PRL we wsp\u00f3\u0142czesnym wn\u0119trzu?<\/p>\n                        <\/div>\r\n                    <\/div>\r\n                                        <div class=\"block-list\">\r\n                        <div class=\"number\">\r\n                            2                        <\/div>\r\n                        <div class=\"text\">\r\n                            <p>Jakie kolory, materia\u0142y i wzory by\u0142y charakterystyczne dla aran\u017cacji z lat 50.\u201370.?<\/p>\n                        <\/div>\r\n                    <\/div>\r\n                                        <div class=\"block-list\">\r\n                        <div class=\"number\">\r\n                            3                        <\/div>\r\n                        <div class=\"text\">\r\n                            <p>Jak po\u0142\u0105czy\u0107 estetyk\u0119 retro z nowoczesn\u0105 funkcjonalno\u015bci\u0105?<\/p>\n                        <\/div>\r\n                    <\/div>\r\n                                        <div class=\"block-list\">\r\n                        <div class=\"number\">\r\n                            4                        <\/div>\r\n                        <div class=\"text\">\r\n                            <p>Dlaczego styl PRL wraca jako \u015bwiadomy wyb\u00f3r i cz\u0119\u015b\u0107 polskiego dziedzictwa designu?<\/p>\n                        <\/div>\r\n                    <\/div>\r\n                                                    <\/div>\r\n            <\/div>\r\n        <\/div>\r\n    <\/div>\r\n<\/div>\n\n\n<p><strong>Moda na retro wraca \u2013 i to z rozmachem!<\/strong> Coraz wi\u0119cej os\u00f3b z sentymentem spogl\u0105da w przesz\u0142o\u015b\u0107, a <strong>mieszkanie w stylu PRL<\/strong> staje si\u0119 nie tylko modnym wyborem, ale r\u00f3wnie\u017c ho\u0142dem dla polskiego wzornictwa z lat 50., 60. i 70. XX wieku. Ten niepowtarzalny klimat, zakorzeniony w realiach Polskiej Rzeczypospolitej Ludowej, \u0142\u0105czy <strong>funkcjonalno\u015b\u0107 z urokiem<\/strong>, kt\u00f3ry \u2013 mimo up\u0142ywu dekad \u2013 wci\u0105\u017c zaskakuje \u015bwie\u017co\u015bci\u0105.<\/p>\n\n\n\n<p><strong>Jak stworzy\u0107 wn\u0119trze, kt\u00f3re odda ducha tamtych czas\u00f3w, a jednocze\u015bnie b\u0119dzie komfortowe i praktyczne na co dzie\u0144?<\/strong> Kluczem jest odpowiedni dob\u00f3r element\u00f3w, kt\u00f3re buduj\u0105 estetyk\u0119 PRL-u.<\/p>\n\n\n\n<p>Oto kilka klasyk\u00f3w, kt\u00f3re wprowadz\u0105 autentyczny klimat PRL do Twojego mieszkania:<\/p>\n\n\n\n<ul class=\"wp-block-list\">\n<li><strong>Meble z litego drewna<\/strong> \u2013 solidne, trwa\u0142e, z dusz\u0105, cz\u0119sto odnawiane i stylizowane na nowo.<\/li>\n\n\n\n<li><strong>B\u0142yszcz\u0105ce segmenty<\/strong> \u2013 w odcieniach orzecha lub wi\u015bni, charakterystyczne dla meblo\u015bcianek z epoki.<\/li>\n\n\n\n<li><strong>Fotele typu \u201elisek\u201d<\/strong> \u2013 lekkie, zgrabne, a przy tym zaskakuj\u0105co wygodne, idealne do ma\u0142ych przestrzeni.<\/li>\n\n\n\n<li><strong>Stoliki na cienkich, sko\u015bnych n\u00f3\u017ckach<\/strong> \u2013 subtelne, ale wyraziste, dodaj\u0105ce wn\u0119trzu lekko\u015bci.<\/li>\n<\/ul>\n\n\n\n<p><strong>Nie zapomnij o kolorach!<\/strong> Paleta barw typowa dla tamtych lat to:<\/p>\n\n\n\n<ul class=\"wp-block-list\">\n<li><strong>Musztardowa \u017c\u00f3\u0142\u0107<\/strong> \u2013 energetyczna i ciep\u0142a,<\/li>\n\n\n\n<li><strong>Butelkowa ziele\u0144<\/strong> \u2013 g\u0142\u0119boka i elegancka,<\/li>\n\n\n\n<li><strong>Ciep\u0142e br\u0105zy<\/strong> \u2013 wprowadzaj\u0105ce przytulno\u015b\u0107,<\/li>\n\n\n\n<li><strong>Oran\u017ce<\/strong> \u2013 dodaj\u0105ce wn\u0119trzu charakteru.<\/li>\n<\/ul>\n\n\n\n<p>Te odcienie tworz\u0105 <strong>domowy klimat, kt\u00f3ry trudno podrobi\u0107<\/strong>. Wybieraj\u0105c <strong>aran\u017cacj\u0119 w stylu PRL<\/strong>, tworzysz przestrze\u0144, kt\u00f3ra \u0142\u0105czy nostalgi\u0119 z codzienn\u0105 wygod\u0105. Bo przecie\u017c kiedy\u015b wszystko musia\u0142o by\u0107 \u201ena lata\u201d, prawda?<\/p>\n\n\n\n<p><strong>Styl PRL to jednak co\u015b wi\u0119cej ni\u017c tylko wygl\u0105d \u2013 to opowie\u015b\u0107 o historii, kulturze i codzienno\u015bci.<\/strong> Dlatego warto si\u0119gn\u0105\u0107 po oryginalne dodatki z epoki, kt\u00f3re nadadz\u0105 wn\u0119trzu autentyczno\u015bci.<\/p>\n\n\n\n<p>Przyk\u0142adowe dodatki, kt\u00f3re warto wkomponowa\u0107 w aran\u017cacj\u0119:<\/p>\n\n\n\n<ul class=\"wp-block-list\">\n<li><strong>Porcelanowe figurki<\/strong> \u2013 ma\u0142e dzie\u0142a sztuki z dusz\u0105, cz\u0119sto r\u0119cznie malowane.<\/li>\n\n\n\n<li><strong>Lampy z mlecznego szk\u0142a<\/strong> \u2013 daj\u0105ce mi\u0119kkie \u015bwiat\u0142o i tworz\u0105ce przytulny klimat.<\/li>\n\n\n\n<li><strong>Plakaty filmowe z lat 70.<\/strong> \u2013 kolorowe, graficzne, pe\u0142ne charakteru i artystycznego wyrazu.<\/li>\n\n\n\n<li><strong>Radioodbiorniki i gramofony<\/strong> \u2013 nie tylko dekoracyjne, ale cz\u0119sto wci\u0105\u017c dzia\u0142aj\u0105ce.<\/li>\n<\/ul>\n\n\n\n<p><strong>To w\u0142a\u015bnie takie detale nadaj\u0105 wn\u0119trzu dusz\u0119 i autentyczno\u015b\u0107.<\/strong> Sprawiaj\u0105, \u017ce przestrze\u0144 staje si\u0119 niepowtarzalna. A mo\u017ce masz gdzie\u015b w piwnicy stary kredens po babci? Albo fotel, kt\u00f3ry pami\u0119ta czasy Gomu\u0142ki? \u015awietnie! Daj im drugie \u017cycie.<\/p>\n\n\n\n<p><strong>Takie elementy nie tylko przyci\u0105gaj\u0105 wzrok, ale te\u017c opowiadaj\u0105 histori\u0119.<\/strong> Przesz\u0142o\u015b\u0107 wraca \u2013 nie jako muzealna ciekawostka, ale jako <strong>\u017cywa cz\u0119\u015b\u0107 nowoczesnego wn\u0119trza<\/strong>. Z szacunkiem dla tradycji. I z nutk\u0105 nostalgii.<\/p>\n\n\n\n<figure class=\"wp-block-image size-full\"><a href=\"https:\/\/proplo.pl\/profile\/kontraforma\/projekt\/projekt-na-grzegorzkach-w-krakowie-658\"><img loading=\"lazy\" decoding=\"async\" width=\"1200\" height=\"800\" src=\"https:\/\/proplo.pl\/blog\/wp-content\/uploads\/2025\/07\/styl-prl-we-wne\u0328trzach.png\" alt=\"Wn\u0119trze salonu w stylu art deco, eklektycznym i nowoczesnym z czerwonymi akcentami.\" class=\"wp-image-1093\" srcset=\"https:\/\/proplo.pl\/blog\/wp-content\/uploads\/2025\/07\/styl-prl-we-wne\u0328trzach.png 1200w, https:\/\/proplo.pl\/blog\/wp-content\/uploads\/2025\/07\/styl-prl-we-wne\u0328trzach-300x200.png 300w, https:\/\/proplo.pl\/blog\/wp-content\/uploads\/2025\/07\/styl-prl-we-wne\u0328trzach-768x512.png 768w, https:\/\/proplo.pl\/blog\/wp-content\/uploads\/2025\/07\/styl-prl-we-wne\u0328trzach-1024x683.png 1024w, https:\/\/proplo.pl\/blog\/wp-content\/uploads\/2025\/07\/styl-prl-we-wne\u0328trzach-480x320.png 480w\" sizes=\"auto, (max-width: 1200px) 100vw, 1200px\" \/><\/a><figcaption class=\"wp-element-caption\">Projekt: <a href=\"https:\/\/proplo.pl\/profile\/kontraforma\">KONTRAFORMA<\/a><\/figcaption><\/figure>\n\n\n\n<h2 class=\"wp-block-heading\">Cechy charakterystyczne stylu PRL<\/h2>\n\n\n\n<p><strong>Styl PRL<\/strong> to nie tylko estetyka minionej epoki \u2013 to opowie\u015b\u0107 o codzienno\u015bci, marzeniach i realiach \u017cycia w czasach Polskiej Rzeczypospolitej Ludowej. Wn\u0119trza inspirowane tym okresem \u0142\u0105cz\u0105 <strong>funkcjonalno\u015b\u0107 z niepowtarzalnym klimatem<\/strong>, kt\u00f3ry do dzi\u015b fascynuje mi\u0142o\u015bnik\u00f3w retro. To styl, kt\u00f3ry nie tylko zdobi, ale te\u017c opowiada histori\u0119 \u2013 przez architektur\u0119, materia\u0142y i detale tworzy atmosfer\u0119, jakiej nie da si\u0119 podrobi\u0107.<\/p>\n\n\n\n<p>Jednym z najbardziej rozpoznawalnych element\u00f3w tej estetyki jest <strong>charakterystyczna paleta barw<\/strong>. Dominuj\u0105 w niej ciep\u0142e, g\u0142\u0119bokie tony, takie jak:<\/p>\n\n\n\n<ul class=\"wp-block-list\">\n<li>musztardowy<\/li>\n\n\n\n<li>oliwkowy<\/li>\n\n\n\n<li>pomara\u0144czowy<\/li>\n\n\n\n<li>br\u0105zowy<\/li>\n\n\n\n<li>ziele\u0144<\/li>\n\n\n\n<li>be\u017c<\/li>\n<\/ul>\n\n\n\n<p>Te kolory nie tylko definiowa\u0142y wygl\u0105d wn\u0119trz, ale te\u017c nadawa\u0142y im <strong>przytulno\u015bci i charakteru<\/strong>. Dzi\u015b, si\u0119gaj\u0105c po t\u0119 palet\u0119, mo\u017cna stworzy\u0107 przestrze\u0144, kt\u00f3ra \u0142\u0105czy <strong>nostalgi\u0119 z nowoczesnym podej\u015bciem do aran\u017cacji<\/strong>.<\/p>\n\n\n\n<p>Wa\u017cnym aspektem stylu PRL s\u0105 r\u00f3wnie\u017c <strong>materia\u0142y wyko\u0144czeniowe<\/strong>, kt\u00f3re by\u0142y wszechobecne w tamtych czasach:<\/p>\n\n\n\n<ul class=\"wp-block-list\">\n<li><strong>Lastryko<\/strong> \u2013 mieszanka cementu i kruszywa, dominuj\u0105ca w \u0142azienkach i na klatkach schodowych<\/li>\n\n\n\n<li><strong>Boazeria<\/strong> \u2013 drewniana ok\u0142adzina \u015bcienna, wprowadzaj\u0105ca do wn\u0119trz ciep\u0142o<\/li>\n\n\n\n<li><strong>Tapety w stylu PRL<\/strong> \u2013 z geometrycznymi lub kwiatowymi wzorami, nadaj\u0105ce wn\u0119trzom wyrazisto\u015bci<\/li>\n<\/ul>\n\n\n\n<p>Nie mo\u017cna te\u017c zapomnie\u0107 o <strong>meblach<\/strong> \u2013 prostych, funkcjonalnych, zaprojektowanych z my\u015bl\u0105 o codziennym u\u017cytkowaniu. By\u0142y odpowiedzi\u0105 na potrzeby \u00f3wczesnych mieszka\u0144 \u2013 niewielkich, ale pe\u0142nych \u017cycia. Dzi\u015b te projekty prze\u017cywaj\u0105 drug\u0105 m\u0142odo\u015b\u0107, \u0142\u0105cz\u0105c <strong>retro estetyk\u0119 z nowoczesn\u0105 funkcjonalno\u015bci\u0105<\/strong>.<\/p>\n\n\n\n<p>A Ciebie? Co najbardziej przyci\u0105ga w stylu PRL? <strong>Kolorystyka, materia\u0142y, a mo\u017ce meble z dusz\u0105?<\/strong> Ka\u017cdy z tych element\u00f3w niesie ze sob\u0105 histori\u0119 wart\u0105 odkrycia \u2013 i mo\u017ce sta\u0107 si\u0119 inspiracj\u0105 do stworzenia wn\u0119trza z charakterem.<\/p>\n\n\n\n<h3 class=\"wp-block-heading\">Kolorystyka PRL i jej wp\u0142yw na klimat wn\u0119trza<\/h3>\n\n\n\n<p><strong>Barwy w stylu PRL<\/strong> to co\u015b wi\u0119cej ni\u017c tylko dekoracja \u2013 to spos\u00f3b na budowanie nastroju. Dominowa\u0142y w mieszkaniach lat 60. i 70., tworz\u0105c wn\u0119trza <strong>przytulne, a jednocze\u015bnie wyraziste<\/strong>. Do najcz\u0119\u015bciej stosowanych nale\u017ca\u0142y:<\/p>\n\n\n\n<ul class=\"wp-block-list\">\n<li>musztardowy<\/li>\n\n\n\n<li>oliwkowy<\/li>\n\n\n\n<li>pomara\u0144czowy<\/li>\n\n\n\n<li>br\u0105zowy<\/li>\n\n\n\n<li>ziele\u0144<\/li>\n\n\n\n<li>be\u017c<\/li>\n<\/ul>\n\n\n\n<p>Wyb\u00f3r tych kolor\u00f3w cz\u0119sto wynika\u0142 z dost\u0119pno\u015bci materia\u0142\u00f3w, ale tak\u017ce z potrzeby <strong>ukrycia niedoskona\u0142o\u015bci \u015bcian czy mebli<\/strong>. Ciep\u0142e barwy nadawa\u0142y wn\u0119trzom domowego ciep\u0142a \u2013 nawet w skromnych warunkach.<\/p>\n\n\n\n<p>Obecnie te same odcienie wracaj\u0105 jako <strong>\u015bwiadomy wyb\u00f3r \u2013 symbol odwagi i stylu<\/strong> w aran\u017cacji przestrzeni. Przyk\u0142ady ich wsp\u00f3\u0142czesnego zastosowania:<\/p>\n\n\n\n<ul class=\"wp-block-list\">\n<li>musztardowy fotel w minimalistycznym salonie<\/li>\n\n\n\n<li>oliwkowa \u015bciana w industrialnej kuchni<\/li>\n\n\n\n<li>be\u017cowe dodatki w nowoczesnej sypialni<\/li>\n<\/ul>\n\n\n\n<p>Cho\u0107 zakorzenione w przesz\u0142o\u015bci, te barwy <strong>zaskakuj\u0105co dobrze odnajduj\u0105 si\u0119 w nowoczesnych aran\u017cacjach<\/strong>.<\/p>\n\n\n\n<p>A Ty? <strong>Kt\u00f3ry z tych kolor\u00f3w najlepiej oddaje charakter Twojego wn\u0119trza?<\/strong><\/p>\n\n\n\n<h3 class=\"wp-block-heading\">Typowe materia\u0142y wyko\u0144czeniowe: lastryko, boazeria, tapety<\/h3>\n\n\n\n<p><strong>Materia\u0142y wyko\u0144czeniowe w stylu PRL<\/strong> to nie tylko funkcjonalno\u015b\u0107 \u2013 to tak\u017ce znak rozpoznawczy epoki. Trzy najwa\u017cniejsze z nich to:<\/p>\n\n\n\n<ul class=\"wp-block-list\">\n<li><strong>Lastryko<\/strong> \u2013 trwa\u0142e, \u0142atwe w utrzymaniu, szeroko dost\u0119pne. Dzi\u015b wraca jako:\n<ul class=\"wp-block-list\">\n<li>blat kuchenny<\/li>\n\n\n\n<li>parapet<\/li>\n\n\n\n<li>dekoracyjny element \u015bciany<\/li>\n<\/ul>\n<\/li>\n\n\n\n<li><strong>Boazeria<\/strong> \u2013 drewniana ok\u0142adzina \u015bcienna, kiedy\u015b synonim elegancji, dzi\u015b stosowana w nowoczesnych wn\u0119trzach jako:\n<ul class=\"wp-block-list\">\n<li>bia\u0142o malowana powierzchnia<\/li>\n\n\n\n<li>naturalne drewno<\/li>\n\n\n\n<li>akcent jednej \u015bciany<\/li>\n<\/ul>\n<\/li>\n\n\n\n<li><strong>Tapety w stylu PRL<\/strong> \u2013 geometryczne i florystyczne wzory inspirowane grafik\u0105 lat 60. i 70., kt\u00f3re dzi\u015b:\n<ul class=\"wp-block-list\">\n<li>dodaj\u0105 wn\u0119trzom wyrazisto\u015bci<\/li>\n\n\n\n<li>wprowadzaj\u0105 nut\u0119 nostalgii<\/li>\n\n\n\n<li>inspiruj\u0105 projektant\u00f3w<\/li>\n<\/ul>\n<\/li>\n<\/ul>\n\n\n\n<p>Ka\u017cdy z tych materia\u0142\u00f3w mo\u017ce sta\u0107 si\u0119 <strong>wyj\u0105tkowym akcentem, kt\u00f3ry nada wn\u0119trzu charakteru i g\u0142\u0119bi<\/strong>. A Ty? Co najbardziej Ci\u0119 inspiruje \u2013 <strong>lastryko z nowoczesnym twistem, klasyczna boazeria, a mo\u017ce odwa\u017cna tapeta?<\/strong><\/p>\n\n\n\n<h3 class=\"wp-block-heading\">Styl meblarski i funkcjonalno\u015b\u0107 jako fundament estetyki<\/h3>\n\n\n\n<p><strong>Styl meblarski PRL<\/strong> to esencja praktycznego podej\u015bcia do projektowania. Meble z tej epoki \u0142\u0105czy\u0142y <strong>prostot\u0119 formy z maksymaln\u0105 funkcjonalno\u015bci\u0105<\/strong> \u2013 by\u0142y odpowiedzi\u0105 na codzienne potrzeby \u017cycia w niewielkich mieszkaniach.<\/p>\n\n\n\n<p>W czasach ograniczonej przestrzeni i trudnego dost\u0119pu do wyposa\u017cenia, <a href=\"https:\/\/proplo.pl\/projektant-wnetrz\">projektanci wn\u0119trz<\/a> skupiali si\u0119 na tworzeniu <strong>trwa\u0142ych, praktycznych i estetycznych rozwi\u0105za\u0144<\/strong>. Przyk\u0142ady mebli, kt\u00f3re \u0142\u0105czy\u0142y form\u0119 z funkcj\u0105:<\/p>\n\n\n\n<ul class=\"wp-block-list\">\n<li>rozsuwane kanapy<\/li>\n\n\n\n<li>segmenty z wieloma funkcjami<\/li>\n\n\n\n<li>stoliki z ukrytymi schowkami<\/li>\n<\/ul>\n\n\n\n<p>Dzi\u015b meble z epoki PRL wracaj\u0105 do \u0142ask \u2013 nie tylko jako elementy vintage, ale te\u017c jako <strong>inspiracja dla nowoczesnych projekt\u00f3w<\/strong>. Ich <strong>ponadczasowy design, solidno\u015b\u0107 wykonania i prostota<\/strong> sprawiaj\u0105, \u017ce \u015bwietnie odnajduj\u0105 si\u0119 w dzisiejszych wn\u0119trzach.<\/p>\n\n\n\n<p>Fotel \u201e366\u201d, minimalistyczna komoda z lat 70., a mo\u017ce klasyczny segment? <strong>Ka\u017cdy z tych mebli ma swoj\u0105 histori\u0119 i dusz\u0119<\/strong>. A Ty? Co najbardziej Ci\u0119 w nich urzeka \u2013 <strong>funkcjonalno\u015b\u0107, forma, a mo\u017ce wspomnienia?<\/strong><\/p>\n\n\n\n<h2 class=\"wp-block-heading\">Kultowe meble z czas\u00f3w PRL<\/h2>\n\n\n\n<p>W czasach Polskiej Rzeczypospolitej Ludowej meble by\u0142y czym\u015b wi\u0119cej ni\u017c tylko elementem wyposa\u017cenia wn\u0119trz. <strong>Stanowi\u0142y odbicie epoki \u2014 jej estetyki, potrzeb i ideologii<\/strong>. <strong>Meble PRL<\/strong> \u0142\u0105czy\u0142y funkcjonalno\u015b\u0107 z charakterystycznym wzornictwem, kt\u00f3re dzi\u015b budzi nostalgi\u0119 i u\u015bmiech u mi\u0142o\u015bnik\u00f3w stylu retro. To nie by\u0142y zwyk\u0142e sprz\u0119ty \u2014 <strong>to by\u0142 styl \u017cycia<\/strong>. Zanurzmy si\u0119 wi\u0119c w \u015bwiat kultowych projekt\u00f3w, kt\u00f3re mimo up\u0142ywu dekad wci\u0105\u017c inspiruj\u0105 projektant\u00f3w i dekorator\u00f3w wn\u0119trz.<\/p>\n\n\n\n<h3 class=\"wp-block-heading\">Fotel 366 Chierowskiego \u2013 ikona polskiego designu<\/h3>\n\n\n\n<p>Nie spos\u00f3b m\u00f3wi\u0107 o meblach z PRL-u, nie wspominaj\u0105c o <strong>fotelu 366 Chierowskiego<\/strong><sup data-fn=\"284c5981-724c-4a8d-869c-2cc020475ee6\" class=\"fn\"><a id=\"284c5981-724c-4a8d-869c-2cc020475ee6-link\" href=\"#284c5981-724c-4a8d-869c-2cc020475ee6\">1<\/a><\/sup>. Zaprojektowany w 1962 roku przez J\u00f3zefa Chierowskiego, szybko zdoby\u0142 popularno\u015b\u0107 dzi\u0119ki swojej funkcjonalno\u015bci i estetyce. <strong>Dlaczego pokochano ten fotel?<\/strong><\/p>\n\n\n\n<ul class=\"wp-block-list\">\n<li><strong>By\u0142 lekki<\/strong> \u2013 \u0142atwy do przenoszenia i ustawiania w r\u00f3\u017cnych aran\u017cacjach.<\/li>\n\n\n\n<li><strong>Wygodny<\/strong> \u2013 tapicerowane siedzisko zapewnia\u0142o komfort u\u017cytkowania.<\/li>\n\n\n\n<li><strong>Ponadczasowy design<\/strong> \u2013 smuk\u0142e, drewniane n\u00f3\u017cki i prosta forma pasowa\u0142y do ma\u0142ych mieszka\u0144.<\/li>\n\n\n\n<li><strong>Uniwersalno\u015b\u0107<\/strong> \u2013 doskonale odnajduje si\u0119 r\u00f3wnie\u017c w nowoczesnych wn\u0119trzach.<\/li>\n<\/ul>\n\n\n\n<p>Dzi\u015b fotel 366 wraca do \u0142ask jako <strong>designerski akcent z dusz\u0105<\/strong>, kt\u00f3ry \u0142\u0105czy histori\u0119 z nowoczesno\u015bci\u0105. I trzeba przyzna\u0107 \u2014 wygl\u0105da zjawiskowo.<\/p>\n\n\n\n<h3 class=\"wp-block-heading\">Meblo\u015bcianka \u2013 serce salonu w stylu PRL<\/h3>\n\n\n\n<p><strong>Meblo\u015bcianka<\/strong> by\u0142a niekwestionowan\u0105 kr\u00f3low\u0105 salonu w czasach PRL. Zajmuj\u0105c ca\u0142\u0105 \u015bcian\u0119, pe\u0142ni\u0142a wiele funkcji jednocze\u015bnie:<\/p>\n\n\n\n<ul class=\"wp-block-list\">\n<li><strong>Przechowywa\u0142a ubrania<\/strong> \u2013 zast\u0119powa\u0142a szafy w ma\u0142ych mieszkaniach.<\/li>\n\n\n\n<li><strong>Eksponowa\u0142a ksi\u0105\u017cki i dekoracje<\/strong> \u2013 p\u00f3\u0142ki i witryny by\u0142y idealne do prezentacji.<\/li>\n\n\n\n<li><strong>Pomie\u015bci\u0142a telewizor i sprz\u0119t RTV<\/strong> \u2013 centralny punkt rodzinnych spotka\u0144.<\/li>\n\n\n\n<li><strong>By\u0142a praktyczna i wielofunkcyjna<\/strong> \u2013 jak scyzoryk w \u015bwiecie mebli.<\/li>\n<\/ul>\n\n\n\n<p>Cho\u0107 przez lata kojarzy\u0142a si\u0119 z przesz\u0142o\u015bci\u0105, dzi\u015b <strong>wraca w wielkim stylu<\/strong>. W nowoczesnych aran\u017cacjach pe\u0142ni rol\u0119 stylowego mebla vintage, kt\u00f3ry \u0142\u0105czy funkcjonalno\u015b\u0107 z nut\u0105 sentymentu. I robi to z klas\u0105.<\/p>\n\n\n\n<h3 class=\"wp-block-heading\">Komoda jamnik i inne niskie meble na n\u00f3\u017ckach<\/h3>\n\n\n\n<p>W niewielkich mieszkaniach PRL-u liczy\u0142 si\u0119 ka\u017cdy centymetr przestrzeni. Dlatego <strong>komoda jamnik<\/strong> by\u0142a prawdziwym hitem. Jej cechy, kt\u00f3re zapewni\u0142y jej popularno\u015b\u0107, to:<\/p>\n\n\n\n<ul class=\"wp-block-list\">\n<li><strong>D\u0142uga i niska forma<\/strong> \u2013 idealna do ustawienia pod \u015bcian\u0105 lub pod oknem.<\/li>\n\n\n\n<li><strong>Smuk\u0142e n\u00f3\u017cki<\/strong> \u2013 nadawa\u0142y lekko\u015bci i u\u0142atwia\u0142y sprz\u0105tanie pod meblem.<\/li>\n\n\n\n<li><strong>Du\u017ca pojemno\u015b\u0107<\/strong> \u2013 mimo kompaktowych rozmiar\u00f3w oferowa\u0142a sporo miejsca do przechowywania.<\/li>\n\n\n\n<li><strong>Mobilno\u015b\u0107<\/strong> \u2013 \u0142atwa do przestawienia, co by\u0142o wa\u017cne przy cz\u0119stych przeprowadzkach.<\/li>\n<\/ul>\n\n\n\n<p>Dzi\u015b komoda jamnik powraca jako <strong>stylowy mebel w duchu mid-century modern<\/strong>. I trzeba przyzna\u0107 \u2014 prezentuje si\u0119 znakomicie.<\/p>\n\n\n\n<h3 class=\"wp-block-heading\">Krzes\u0142o patyczak i inne klasyczne siedziska<\/h3>\n\n\n\n<p>W\u015br\u00f3d siedzisk z epoki PRL jedno wybija\u0142o si\u0119 na pierwszy plan \u2014 <strong>krzes\u0142o patyczak<\/strong>. Jego charakterystyczne cechy to:<\/p>\n\n\n\n<ul class=\"wp-block-list\">\n<li><strong>Cienkie szczebelki w oparciu<\/strong> \u2013 nadaj\u0105ce mu lekko\u015bci i prostoty.<\/li>\n\n\n\n<li><strong>Minimalistyczna forma<\/strong> \u2013 pasowa\u0142a do ka\u017cdej <a href=\"https:\/\/proplo.pl\/pomieszczenia\/kuchnia\">kuchni<\/a> i <a href=\"https:\/\/proplo.pl\/pomieszczenia\/jadalnia\">jadalni<\/a>.<\/li>\n\n\n\n<li><strong>Trwa\u0142o\u015b\u0107 i lekko\u015b\u0107<\/strong> \u2013 \u0142atwe do przenoszenia i odporne na codzienne u\u017cytkowanie.<\/li>\n\n\n\n<li><strong>Uniwersalno\u015b\u0107<\/strong> \u2013 sprawdza\u0142o si\u0119 zar\u00f3wno w mieszkaniach, jak i przestrzeniach publicznych.<\/li>\n<\/ul>\n\n\n\n<p>Dzi\u015b patyczak prze\u017cywa drug\u0105 m\u0142odo\u015b\u0107. <strong>Odnawiany i malowany na modne kolory<\/strong>, staje si\u0119 ozdob\u0105 wn\u0119trz, kt\u00f3re ceni\u0105 histori\u0119, styl i odrobin\u0119 nostalgii. A mo\u017ce nawet wi\u0119cej ni\u017c odrobin\u0119.<\/p>\n\n\n\n<figure class=\"wp-block-image size-full\"><a href=\"https:\/\/proplo.pl\/profile\/kontraforma\/projekt\/659\"><img loading=\"lazy\" decoding=\"async\" width=\"1200\" height=\"800\" src=\"https:\/\/proplo.pl\/blog\/wp-content\/uploads\/2025\/07\/styl-retro-prl.png\" alt=\"Wn\u0119trze salonu z art deco, minimalistycznym i vintage designem oraz bia\u0142ymi meblami.\" class=\"wp-image-1095\" srcset=\"https:\/\/proplo.pl\/blog\/wp-content\/uploads\/2025\/07\/styl-retro-prl.png 1200w, https:\/\/proplo.pl\/blog\/wp-content\/uploads\/2025\/07\/styl-retro-prl-300x200.png 300w, https:\/\/proplo.pl\/blog\/wp-content\/uploads\/2025\/07\/styl-retro-prl-768x512.png 768w, https:\/\/proplo.pl\/blog\/wp-content\/uploads\/2025\/07\/styl-retro-prl-1024x683.png 1024w, https:\/\/proplo.pl\/blog\/wp-content\/uploads\/2025\/07\/styl-retro-prl-480x320.png 480w\" sizes=\"auto, (max-width: 1200px) 100vw, 1200px\" \/><\/a><figcaption class=\"wp-element-caption\">Projekt: <a href=\"https:\/\/proplo.pl\/profile\/kontraforma\">KONTRAFORMA<\/a><\/figcaption><\/figure>\n\n\n\n<h2 class=\"wp-block-heading\">Tapety i dekoracje \u015bcienne z geometrycznymi wzorami<\/h2>\n\n\n\n<p>Wn\u0119trza inspirowane estetyk\u0105 PRL to jak otwarcie albumu z przesz\u0142o\u015bci \u2014 pe\u0142nego barw, kszta\u0142t\u00f3w i emocji. Jednym z najbardziej rozpoznawalnych element\u00f3w tego stylu s\u0105 <strong>tapety i dekoracje \u015bcienne z geometrycznymi wzorami<\/strong>. W latach 50. i 60. XX wieku nie tylko zdobi\u0142y \u015bciany, ale te\u017c odzwierciedla\u0142y ducha nowoczesno\u015bci i odwag\u0119 w projektowaniu.<\/p>\n\n\n\n<p><strong>Intensywne kolory i dynamiczne formy<\/strong> nadawa\u0142y przestrzeniom energii i rytmu. By\u0142y jak manifest epoki \u2014 wyraziste, odwa\u017cne, nie do przeoczenia. Te geometryczne motywy, inspirowane abstrakcj\u0105 i modernizmem, nios\u0142y ze sob\u0105 wi\u0119cej ni\u017c tylko estetyk\u0119. Stanowi\u0142y <strong>artystyczny komentarz do rzeczywisto\u015bci<\/strong>, b\u0119d\u0105c jednocze\u015bnie wyrazem fascynacji nowymi kierunkami w sztuce.<\/p>\n\n\n\n<p>Dzi\u015b wracaj\u0105 w wielkim stylu. Coraz cz\u0119\u015bciej pojawiaj\u0105 si\u0119 w nowoczesnych aran\u017cacjach, wprowadzaj\u0105c <strong>nut\u0119 nostalgii i retro klimatu<\/strong>. To doskona\u0142y wyb\u00f3r dla tych, kt\u00f3rzy chc\u0105 po\u0142\u0105czy\u0107 wsp\u00f3\u0142czesny design z duchem minionych dekad.<\/p>\n\n\n\n<p><strong>A mo\u017ce i Ty dasz si\u0119 porwa\u0107 tej geometrycznej podr\u00f3\u017cy?<\/strong><\/p>\n\n\n\n<h3 class=\"wp-block-heading\">Plakaty z epoki PRL i Polska Szko\u0142a Plakatu<\/h3>\n\n\n\n<p><strong>Plakaty z czas\u00f3w PRL<\/strong> to co\u015b wi\u0119cej ni\u017c dekoracja \u2014 to <strong>fragment historii zamkni\u0119ty w ramce<\/strong>. Tworzone w duchu Polskiej Szko\u0142y Plakatu, \u0142\u0105czy\u0142y funkcj\u0119 informacyjn\u0105 z artystyczn\u0105 ekspresj\u0105. Promowa\u0142y filmy, wydarzenia kulturalne, a nawet produkty codziennego u\u017cytku.<\/p>\n\n\n\n<p>Ich graficzna forma by\u0142a tak unikalna, \u017ce z czasem sta\u0142y si\u0119 <strong>ma\u0142ymi dzie\u0142ami sztuki<\/strong>. Polska Szko\u0142a Plakatu wyr\u00f3\u017cnia\u0142a si\u0119 \u015bmia\u0142o\u015bci\u0105, metafor\u0105 i oryginalno\u015bci\u0105. Arty\u015bci tacy jak <strong>Henryk Tomaszewski<\/strong> czy <strong>Waldemar \u015awierzy<\/strong> tworzyli prace, kt\u00f3re do dzi\u015b inspiruj\u0105 projektant\u00f3w na ca\u0142ym \u015bwiecie.<\/p>\n\n\n\n<p>Dzi\u015b te plakaty prze\u017cywaj\u0105 renesans. Zawieszone na \u015bcianach mieszka\u0144, <strong>przyci\u0105gaj\u0105 wzrok i opowiadaj\u0105 historie<\/strong>. Dla kolekcjoner\u00f3w i mi\u0142o\u015bnik\u00f3w designu to prawdziwe pere\u0142ki \u2014 \u0142\u0105cz\u0105ce estetyk\u0119 z emocjonaln\u0105 warto\u015bci\u0105.<\/p>\n\n\n\n<p><strong>A Ty? Masz sw\u00f3j ulubiony plakat z tamtych lat?<\/strong><\/p>\n\n\n\n<h3 class=\"wp-block-heading\">Ceramika i fajans PRL jako elementy kolekcjonerskie<\/h3>\n\n\n\n<p>W\u015br\u00f3d przedmiot\u00f3w, kt\u00f3re najlepiej oddaj\u0105 klimat PRL-u, <strong>ceramika i fajans<\/strong> zajmuj\u0105 szczeg\u00f3lne miejsce. Kolorowe fili\u017canki, r\u0119cznie malowane figurki, charakterystyczne wazony z lat 50., 60. i 70. \u2014 dzi\u015b to nie tylko ozdoby, ale i <strong>cenione obiekty kolekcjonerskie<\/strong>.<\/p>\n\n\n\n<p>Ich unikalne wzornictwo i solidne wykonanie sprawiaj\u0105, \u017ce zyskuj\u0105 coraz wi\u0119ksze uznanie w\u015br\u00f3d fan\u00f3w stylu retro. W tamtych czasach ceramika by\u0142a <strong>dum\u0105 ka\u017cdego salonu<\/strong> \u2014 eksponowana w meblo\u015bciankach, przyci\u0105ga\u0142a spojrzenia go\u015bci.<\/p>\n\n\n\n<p><strong>Dlaczego ceramika PRL wci\u0105\u017c zachwyca?<\/strong><\/p>\n\n\n\n<ul class=\"wp-block-list\">\n<li><strong>R\u0119czne malowanie<\/strong> \u2014 ka\u017cdy egzemplarz by\u0142 unikalny.<\/li>\n\n\n\n<li><strong>Wyraziste kolory i formy<\/strong> \u2014 odwa\u017cne, ale harmonijne.<\/li>\n\n\n\n<li><strong>Solidne wykonanie<\/strong> \u2014 trwa\u0142o\u015b\u0107 na lata.<\/li>\n\n\n\n<li><strong>Warto\u015b\u0107 sentymentalna<\/strong> \u2014 przywo\u0142uje wspomnienia z dzieci\u0144stwa.<\/li>\n<\/ul>\n\n\n\n<p>Dzi\u015b te same przedmioty wracaj\u0105 do \u0142ask. Nie tylko zdobi\u0105 p\u00f3\u0142ki, ale te\u017c <strong>opowiadaj\u0105 historie i buduj\u0105 to\u017csamo\u015b\u0107 wn\u0119trza<\/strong>. Fili\u017canka z geometrycznym wzorem? A mo\u017ce r\u0119cznie malowana figurka? Ka\u017cdy z tych przedmiot\u00f3w ma swoj\u0105 histori\u0119 \u2014 i mo\u017ce sta\u0107 si\u0119 cz\u0119\u015bci\u0105 Twojej.<\/p>\n\n\n\n<p><strong>A Ty? Kt\u00f3ry z ceramicznych skarb\u00f3w PRL najbardziej Ci\u0119 urzeka?<\/strong><\/p>\n\n\n\n<h3 class=\"wp-block-heading\">Papro\u0107 w doniczce i makramy \u2013 ro\u015bliny w stylu retro<\/h3>\n\n\n\n<p>W czasach PRL ro\u015bliny doniczkowe by\u0142y czym\u015b wi\u0119cej ni\u017c tylko zielonym dodatkiem. Stanowi\u0142y <strong>symbol troski o dom, estetyk\u0119 i harmoni\u0119<\/strong>. Najbardziej ikoniczna? <strong>Papro\u0107 w doniczce<\/strong> \u2014 cz\u0119sto zawieszana w makramach lub ustawiana w metalowych stojakach, wprowadza\u0142a do wn\u0119trz naturalno\u015b\u0107 i spok\u00f3j.<\/p>\n\n\n\n<p><strong>Makramy<\/strong> \u2014 r\u0119cznie plecione uchwyty i dekoracje \u2014 pe\u0142ni\u0142y podw\u00f3jn\u0105 funkcj\u0119: by\u0142y praktyczne i dekoracyjne. Ich obecno\u015b\u0107 dodawa\u0142a wn\u0119trzom <strong>lekko\u015bci i artystycznego sznytu<\/strong>.<\/p>\n\n\n\n<p>Dzi\u015b, podobnie jak wiele innych element\u00f3w z epoki PRL, <strong>paprocie i makramy wracaj\u0105 do \u0142ask<\/strong>. Coraz cz\u0119\u015bciej pojawiaj\u0105 si\u0119 w nowoczesnych aran\u017cacjach, \u0142\u0105cz\u0105c <a href=\"https:\/\/proplo.pl\/style\/vintage\">styl vintage<\/a> z aktualnymi trendami.<\/p>\n\n\n\n<p><strong>I trzeba przyzna\u0107 \u2014 robi\u0105 to z klas\u0105.<\/strong><\/p>\n\n\n\n<p><strong>A Ty? Czy papro\u0107 w doniczce to Tw\u00f3j spos\u00f3b na powr\u00f3t do przesz\u0142o\u015bci? A mo\u017ce masz inne zielone wspomnienia z tamtych lat?<\/strong><\/p>\n\n\n\n<h2 class=\"wp-block-heading\">Aran\u017cacja poszczeg\u00f3lnych pomieszcze\u0144<\/h2>\n\n\n\n<p><strong>Urz\u0105dzanie mieszkania w stylu PRL<\/strong> to nie tylko zabawa form\u0105 \u2013 to <strong>prawdziwa podr\u00f3\u017c do przesz\u0142o\u015bci<\/strong>, kt\u00f3ra \u0142\u0105czy sentyment z funkcjonalno\u015bci\u0105. Ka\u017cde pomieszczenie \u2013 od <a href=\"https:\/\/proplo.pl\/pomieszczenia\/salon\">salonu<\/a> po <a href=\"https:\/\/proplo.pl\/pomieszczenia\/lazienka\">\u0142azienk\u0119<\/a> \u2013 mo\u017ce zyska\u0107 <strong>niepowtarzalny klimat<\/strong>, w kt\u00f3rym estetyka spotyka si\u0119 z wygod\u0105 codziennego \u017cycia. Styl PRL to spos\u00f3b na stworzenie przestrzeni z dusz\u0105, pe\u0142nej ciep\u0142a i charakteru.<\/p>\n\n\n\n<p>W tej cz\u0119\u015bci poka\u017cemy Ci, <strong>jak krok po kroku urz\u0105dzi\u0107 ka\u017cde pomieszczenie<\/strong> w duchu minionej epoki. Dowiesz si\u0119, jak wydoby\u0107 z wn\u0119trz ich unikalny charakter, nie rezygnuj\u0105c przy tym z komfortu. <strong>Gotowy na podr\u00f3\u017c w czasie? Zaczynamy!<\/strong><\/p>\n\n\n\n<h3 class=\"wp-block-heading\">Salon w stylu PRL \u2013 jak stworzy\u0107 przytuln\u0105 przestrze\u0144<\/h3>\n\n\n\n<p><strong>Salon w stylu PRL to serce domu<\/strong> \u2013 miejsce, gdzie przesz\u0142o\u015b\u0107 spotyka si\u0119 z tera\u017aniejszo\u015bci\u0105. Kluczowe s\u0105 tu meble i dodatki, kt\u00f3re opowiadaj\u0105 histori\u0119 i buduj\u0105 klimat wn\u0119trza.<\/p>\n\n\n\n<p><strong>Najwa\u017cniejsze elementy salonu w stylu PRL:<\/strong><\/p>\n\n\n\n<ul class=\"wp-block-list\">\n<li><strong>Meblo\u015bcianka z lakierowanego forniru<\/strong> \u2013 klasyk, kt\u00f3ry \u0142\u0105czy funkcjonalno\u015b\u0107 z estetyk\u0105.<\/li>\n\n\n\n<li><strong>Fotel 366 z drewnianymi pod\u0142okietnikami<\/strong> \u2013 wygodny, stylowy i ponadczasowy.<\/li>\n\n\n\n<li><strong>Stolik kawowy na cienkich n\u00f3\u017ckach<\/strong> \u2013 lekki wizualnie, ale stabilny i praktyczny.<\/li>\n<\/ul>\n\n\n\n<p><strong>Dodatki, kt\u00f3re tworz\u0105 klimat:<\/strong><\/p>\n\n\n\n<ul class=\"wp-block-list\">\n<li>Stylowe lampy z aba\u017curami \u2013 mi\u0119kkie \u015bwiat\u0142o i retro charakter.<\/li>\n\n\n\n<li>Grafiki z epoki \u2013 plakaty, ilustracje, reprodukcje.<\/li>\n\n\n\n<li>Ceramika z charakterystycznymi wzorami \u2013 autentyczno\u015b\u0107 i kolor.<\/li>\n\n\n\n<li>Tekstylia: zas\u0142ony w geometryczne wzory, we\u0142niane pledy, mi\u0119kkie poduszki \u2013 <strong>to one sprawiaj\u0105, \u017ce salon staje si\u0119 naprawd\u0119 przytulny<\/strong>.<\/li>\n<\/ul>\n\n\n\n<p><strong>A Ty?<\/strong> Co najbardziej przyci\u0105ga Twoj\u0105 uwag\u0119 w salonie z dusz\u0105 PRL? Kultowe meble, a mo\u017ce te drobne akcenty, kt\u00f3re przenosz\u0105 nas w czasie?<\/p>\n\n\n\n<h3 class=\"wp-block-heading\">Kuchnia w stylu PRL \u2013 funkcjonalno\u015b\u0107 i pastelowe barwy<\/h3>\n\n\n\n<p><strong>Kuchnia w stylu PRL<\/strong> to przestrze\u0144, w kt\u00f3rej kr\u00f3luje <strong>prostota, funkcjonalno\u015b\u0107 i kolor<\/strong>. Pastelowe odcienie \u2013 mi\u0119ta, b\u0142\u0119kit, pudrowy r\u00f3\u017c \u2013 nadaj\u0105 wn\u0119trzu lekko\u015bci i \u015bwie\u017co\u015bci, a proste meble z metalowymi uchwytami tworz\u0105 harmonijn\u0105 i praktyczn\u0105 ca\u0142o\u015b\u0107.<\/p>\n\n\n\n<p><strong>Elementy buduj\u0105ce charakter kuchni PRL:<\/strong><\/p>\n\n\n\n<ul class=\"wp-block-list\">\n<li>Emaliowane garnki \u2013 trwa\u0142e i kolorowe, cz\u0119sto z kwiatowymi motywami.<\/li>\n\n\n\n<li>Szklane pojemniki z napisami \u2013 funkcjonalne i dekoracyjne.<\/li>\n\n\n\n<li>Fajansowe naczynia z ludowymi wzorami \u2013 dodaj\u0105 autentyczno\u015bci i uroku.<\/li>\n<\/ul>\n\n\n\n<p><strong>Nie zapomnij o o\u015bwietleniu:<\/strong> klasyczna lampa z mlecznego szk\u0142a to absolutny must-have, kt\u00f3ry dope\u0142nia klimat wn\u0119trza.<\/p>\n\n\n\n<p><strong>A Ty?<\/strong> Odwa\u017cysz si\u0119 na mi\u0119towe fronty szafek, czy mo\u017ce postawisz na subtelny r\u00f3\u017c? Niezale\u017cnie od wyboru, <strong>kuchnia w stylu PRL zyska sw\u00f3j niepowtarzalny urok<\/strong>.<\/p>\n\n\n\n<h3 class=\"wp-block-heading\">\u0141azienka w stylu PRL \u2013 mozaika, lastryko i prosta armatura<\/h3>\n\n\n\n<p><strong>\u0141azienka w stylu PRL<\/strong> to po\u0142\u0105czenie surowo\u015bci z wyrazistymi detalami. Kluczowe s\u0105 tu materia\u0142y i prosta forma, kt\u00f3re dzi\u015b wracaj\u0105 do \u0142ask jako modne i trwa\u0142e rozwi\u0105zania.<\/p>\n\n\n\n<p><strong>Najwa\u017cniejsze elementy \u0142azienki PRL:<\/strong><\/p>\n\n\n\n<ul class=\"wp-block-list\">\n<li><strong>Mozaikowe p\u0142ytki<\/strong> \u2013 kolorowe, geometryczne, przyci\u0105gaj\u0105ce wzrok.<\/li>\n\n\n\n<li><strong>Lastryko na pod\u0142odze<\/strong> \u2013 trwa\u0142e, praktyczne i stylowe.<\/li>\n\n\n\n<li><strong>Minimalistyczna armatura<\/strong> \u2013 prosta forma i funkcjonalno\u015b\u0107.<\/li>\n<\/ul>\n\n\n\n<p><strong>Dodatki, kt\u00f3re dope\u0142niaj\u0105 ca\u0142o\u015b\u0107:<\/strong><\/p>\n\n\n\n<ul class=\"wp-block-list\">\n<li>Lustro w metalowej ramie \u2013 surowe, ale eleganckie.<\/li>\n\n\n\n<li>Ceramiczne mydelniczki \u2013 praktyczne i dekoracyjne.<\/li>\n\n\n\n<li>R\u0119czniki w geometryczne wzory \u2013 dodaj\u0105 koloru i przytulno\u015bci.<\/li>\n<\/ul>\n\n\n\n<p><strong>A Ciebie co najbardziej inspiruje w \u0142azience z epoki PRL?<\/strong> Surowe lastryko, a mo\u017ce kolorowa mozaika, kt\u00f3ra przyci\u0105ga wzrok i budzi wspomnienia z dawnych lat?<\/p>\n\n\n\n<figure class=\"wp-block-image size-full\"><a href=\"https:\/\/proplo.pl\/profile\/kontraforma\/projekt\/661\"><img loading=\"lazy\" decoding=\"async\" width=\"1200\" height=\"800\" src=\"https:\/\/proplo.pl\/blog\/wp-content\/uploads\/2025\/07\/mieszkanie-w-stylu-prl.png\" alt=\"Wn\u0119trze kuchni z elementami eklektycznymi, minimalistycznymi i nowoczesnymi.\" class=\"wp-image-1096\" srcset=\"https:\/\/proplo.pl\/blog\/wp-content\/uploads\/2025\/07\/mieszkanie-w-stylu-prl.png 1200w, https:\/\/proplo.pl\/blog\/wp-content\/uploads\/2025\/07\/mieszkanie-w-stylu-prl-300x200.png 300w, https:\/\/proplo.pl\/blog\/wp-content\/uploads\/2025\/07\/mieszkanie-w-stylu-prl-768x512.png 768w, https:\/\/proplo.pl\/blog\/wp-content\/uploads\/2025\/07\/mieszkanie-w-stylu-prl-1024x683.png 1024w, https:\/\/proplo.pl\/blog\/wp-content\/uploads\/2025\/07\/mieszkanie-w-stylu-prl-480x320.png 480w\" sizes=\"auto, (max-width: 1200px) 100vw, 1200px\" \/><\/a><figcaption class=\"wp-element-caption\">Projekt: <a href=\"https:\/\/proplo.pl\/profile\/kontraforma\">KONTRAFORMA<\/a><\/figcaption><\/figure>\n\n\n\n<h2 class=\"wp-block-heading\">Jak po\u0142\u0105czy\u0107 retro z nowoczesno\u015bci\u0105<\/h2>\n\n\n\n<p>Coraz cz\u0119\u015bciej, urz\u0105dzaj\u0105c mieszkania, si\u0119gamy po inspiracje z przesz\u0142o\u015bci. Jednym z bardziej intryguj\u0105cych trend\u00f3w ostatnich lat jest <strong>nowoczesne mieszkanie w stylu PRL<\/strong> \u2013 po\u0142\u0105czenie funkcjonalno\u015bci z klimatem minionej epoki. Cho\u0107 estetyka Polskiej Rzeczypospolitej Ludowej powsta\u0142a w czasach niedobor\u00f3w, dzi\u015b zaskakuje <strong>\u015bwie\u017co\u015bci\u0105, oryginalno\u015bci\u0105 i nieodpartym urokiem retro<\/strong>.<\/p>\n\n\n\n<p>Jak wi\u0119c po\u0142\u0105czy\u0107 ducha tamtych lat z komfortem wsp\u00f3\u0142czesno\u015bci? <strong>Kluczem jest umiej\u0119tne zestawienie starego z nowym<\/strong>. Renowacja mebli z PRL-u to nie tylko spos\u00f3b na ocalenie fragmentu historii, ale te\u017c \u015bwietna okazja, by nada\u0107 wn\u0119trzu wyrazisty charakter. <strong>Odnowiony fotel z lat 60. mo\u017ce sta\u0107 si\u0119 centralnym punktem salonu<\/strong>, a stara komoda \u2013 praktycznym, a zarazem stylowym dodatkiem w sypialni.<\/p>\n\n\n\n<p>Nie zapominajmy o kolorystyce i materia\u0142ach, kt\u00f3re definiowa\u0142y tamt\u0105 epok\u0119. <strong>Ciep\u0142e barwy \u2013 musztardowy, oliwkowy, ceglasty \u2013 doskonale komponuj\u0105 si\u0119 z nowoczesnymi, stonowanymi akcentami<\/strong>. A mo\u017ce lastryko, boazeria czy szk\u0142o ornamentowe? Kiedy\u015b wszechobecne, dzi\u015b wracaj\u0105 w nowej ods\u0142onie, tworz\u0105c <strong>ciekawy kontrast z prostot\u0105 wsp\u00f3\u0142czesnych form<\/strong>.<\/p>\n\n\n\n<p><strong>Co najbardziej przyci\u0105ga Twoj\u0105 uwag\u0119 w estetyce PRL?<\/strong> Kultowe meble, intensywne kolory, a mo\u017ce materia\u0142y, kt\u00f3re dzi\u015b prze\u017cywaj\u0105 sw\u00f3j renesans? Ka\u017cdy z tych element\u00f3w niesie ze sob\u0105 histori\u0119 wart\u0105 odkrycia \u2013 <strong>tworz\u0105c wn\u0119trze z dusz\u0105, charakterem i nut\u0105 nostalgii<\/strong>.<\/p>\n\n\n\n<h3 class=\"wp-block-heading\">Do jakich wn\u0119trz pasuje styl PRL<\/h3>\n\n\n\n<p>Cho\u0107 styl PRL wywodzi si\u0119 z przesz\u0142o\u015bci, <strong>doskonale odnajduje si\u0119 w nowoczesnych aran\u017cacjach<\/strong> \u2013 zw\u0142aszcza tam, gdzie dominuje <strong>eklektyzm<\/strong> i odwaga w \u0142\u0105czeniu r\u00f3\u017cnych estetyk. Styl eklektyczny z nut\u0105 PRL pozwala swobodnie zestawia\u0107 meble z r\u00f3\u017cnych dekad, tworz\u0105c <strong>przestrzenie pe\u0142ne kontrast\u00f3w i indywidualnego wyrazu<\/strong>.<\/p>\n\n\n\n<p>W takich wn\u0119trzach <strong>meble z PRL-u cz\u0119sto graj\u0105 g\u0142\u00f3wn\u0105 rol\u0119<\/strong>. Kultowy fotel 366 projektu Chierowskiego, meblo\u015bcianka z lat 70. czy stolik z gi\u0119tego drewna \u2013 to nie tylko przyci\u0105gaj\u0105ce wzrok elementy, ale te\u017c <strong>no\u015bniki historii i autentyczno\u015bci<\/strong>. W zestawieniu z nowoczesnym o\u015bwietleniem czy minimalistycznymi dodatkami tworz\u0105 <strong>zaskakuj\u0105co harmonijn\u0105 ca\u0142o\u015b\u0107<\/strong>.<\/p>\n\n\n\n<p>Styl PRL najlepiej sprawdza si\u0119 tam, gdzie liczy si\u0119 <strong>oryginalno\u015b\u0107 i odwaga w aran\u017cacji<\/strong>. Mo\u017ce to by\u0107:<\/p>\n\n\n\n<ul class=\"wp-block-list\">\n<li><strong>industrialny loft<\/strong> \u2013 surowe t\u0142o podkre\u015bla charakter mebli z epoki,<\/li>\n\n\n\n<li><strong>mieszkanie w bloku z wielkiej p\u0142yty<\/strong> \u2013 naturalne \u015brodowisko dla stylu PRL,<\/li>\n\n\n\n<li><strong>nowoczesna kawalerka<\/strong> \u2013 kontrast mi\u0119dzy prostot\u0105 a detalem retro,<\/li>\n\n\n\n<li><strong>eklektyczne wn\u0119trze<\/strong> \u2013 swoboda \u0142\u0105czenia styl\u00f3w i epok.<\/li>\n<\/ul>\n\n\n\n<p>A Ty? W jakim wn\u0119trzu widzisz styl PRL? <strong>Bli\u017cej Ci do eklektyzmu, czy mo\u017ce do prostoty z nut\u0105 wspomnie\u0144?<\/strong><\/p>\n\n\n\n<h3 class=\"wp-block-heading\">Nowoczesne mieszkanie w stylu PRL \u2013 inspiracje i porady<\/h3>\n\n\n\n<p>Urz\u0105dzanie <strong>nowoczesnego mieszkania w stylu PRL<\/strong> to nie tylko modny wyb\u00f3r, ale te\u017c <strong>spos\u00f3b na wyra\u017cenie siebie poprzez design<\/strong>. To styl, kt\u00f3ry \u0142\u0105czy przesz\u0142o\u015b\u0107 z tera\u017aniejszo\u015bci\u0105, tworz\u0105c <strong>przestrze\u0144 pe\u0142n\u0105 emocji, wspomnie\u0144 i praktycznych rozwi\u0105za\u0144<\/strong>. Jak wi\u0119c podej\u015b\u0107 do takiej aran\u017cacji, by by\u0142a sp\u00f3jna, funkcjonalna i \u2013 co najwa\u017cniejsze \u2013 naprawd\u0119 Twoja?<\/p>\n\n\n\n<p><strong>Podstaw\u0105 s\u0105 odpowiednio dobrane meble i dodatki<\/strong>. Warto poszuka\u0107 oryginalnych egzemplarzy z epoki lub si\u0119gn\u0105\u0107 po ich wiernie odtworzone repliki. Pracownia <strong>Machina Snu<\/strong>, specjalizuj\u0105ca si\u0119 w projektowaniu wn\u0119trz inspirowanych PRL-em, pokazuje, jak z wyczuciem \u0142\u0105czy\u0107 stare z nowym. Ich realizacje udowadniaj\u0105, \u017ce:<\/p>\n\n\n\n<ul class=\"wp-block-list\">\n<li><strong>meblo\u015bcianka mo\u017ce \u015bwietnie wsp\u00f3\u0142gra\u0107 z nowoczesnym o\u015bwietleniem<\/strong>,<\/li>\n\n\n\n<li><strong>stary kredens mo\u017ce zyska\u0107 nowe \u017cycie obok designerskiej sofy<\/strong>,<\/li>\n\n\n\n<li><strong>autentyczne detale buduj\u0105 klimat wn\u0119trza<\/strong>.<\/li>\n<\/ul>\n\n\n\n<p><strong>Nie zapominaj o detalach<\/strong> \u2013 to one buduj\u0105 klimat. Kilka przyk\u0142ad\u00f3w, kt\u00f3re mog\u0105 Ci\u0119 zainspirowa\u0107:<\/p>\n\n\n\n<ul class=\"wp-block-list\">\n<li><strong>plakaty z epoki<\/strong> \u2013 dodaj\u0105 koloru i charakteru,<\/li>\n\n\n\n<li><strong>ceramika z lat 60.<\/strong> \u2013 unikalne formy i kolory,<\/li>\n\n\n\n<li><strong>lampy z mlecznego szk\u0142a<\/strong> \u2013 subtelne \u015bwiat\u0142o i retro klimat,<\/li>\n\n\n\n<li><strong>ro\u015bliny w glinianych donicach<\/strong> \u2013 naturalno\u015b\u0107 i przytulno\u015b\u0107.<\/li>\n<\/ul>\n\n\n\n<p>To w\u0142a\u015bnie te drobiazgi sprawiaj\u0105, \u017ce wn\u0119trze staje si\u0119 <strong>przytulne, autentyczne i pe\u0142ne charakteru<\/strong>. A Ciebie? Co najbardziej inspiruje? <strong>Konkretne meble, dodatki z dusz\u0105, a mo\u017ce odwa\u017cne aran\u017cacje, kt\u00f3re \u0142\u0105cz\u0105 przesz\u0142o\u015b\u0107 z tera\u017aniejszo\u015bci\u0105?<\/strong> Mo\u017ce to w\u0142a\u015bnie ten moment, by zacz\u0105\u0107 tworzy\u0107 swoj\u0105 w\u0142asn\u0105, niepowtarzaln\u0105 histori\u0119 wn\u0119trza.<\/p>\n\n\n\n<h2 class=\"wp-block-heading\">Dodatki i o\u015bwietlenie w duchu PRL<\/h2>\n\n\n\n<p><strong>Styl PRL<\/strong> to nie tylko kultowe meble i charakterystyczne barwy, ale r\u00f3wnie\u017c <strong>dodatki i o\u015bwietlenie<\/strong>, kt\u00f3re wprowadzaj\u0105 do wn\u0119trza nut\u0119 nostalgii oraz autentyczny klimat minionej epoki. Wybieraj\u0105c <strong>retro o\u015bwietlenie<\/strong>, si\u0119gasz po estetyk\u0119 lat 60. i 70., kt\u00f3ra \u2013 co zaskakuj\u0105ce \u2013 doskonale wsp\u00f3\u0142gra z nowoczesnym wystrojem.<\/p>\n\n\n\n<p>W\u015br\u00f3d dekoracyjnych hit\u00f3w tamtych czas\u00f3w szczeg\u00f3lnie wyr\u00f3\u017cniaj\u0105 si\u0119:<\/p>\n\n\n\n<ul class=\"wp-block-list\">\n<li><strong>Wazony z grubego, barwionego szk\u0142a<\/strong> \u2013 ci\u0119\u017ckie, ale niezwykle efektowne, stanowi\u0105ce mocny akcent dekoracyjny.<\/li>\n\n\n\n<li><strong>Grafiki z nut\u0105 socrealizmu<\/strong> \u2013 dzi\u015b traktowane z przymru\u017ceniem oka, zyskuj\u0105 nowe \u017cycie jako oryginalna forma sztuki.<\/li>\n\n\n\n<li><strong>Porcelanowe figurki<\/strong> \u2013 ka\u017cda z nich to unikalna historia i urok, kt\u00f3ry przyci\u0105ga wzrok i budzi wspomnienia.<\/li>\n<\/ul>\n\n\n\n<p>To w\u0142a\u015bnie te drobne akcenty <strong>tworz\u0105 klimat wn\u0119trza i przenosz\u0105 nas w czasie<\/strong>. Szczeg\u00f3ln\u0105 uwag\u0119 warto zwr\u00f3ci\u0107 na <strong>lampy z geometrycznymi aba\u017curami i metalowymi podstawami<\/strong>. Kiedy\u015b obecne niemal w ka\u017cdym mieszkaniu, dzi\u015b wracaj\u0105 jako stylowe pere\u0142ki. I nie chodzi tu wy\u0142\u0105cznie o funkcj\u0119 o\u015bwietleniow\u0105 \u2013 <strong>takie lampy staj\u0105 si\u0119 wyrazistym elementem dekoracyjnym<\/strong>, kt\u00f3ry podkre\u015bla retro charakter aran\u017cacji.<\/p>\n\n\n\n<p>Coraz wi\u0119cej nowoczesnych przestrzeni si\u0119ga po inspiracje z przesz\u0142o\u015bci. I trudno si\u0119 dziwi\u0107 \u2013 <strong>dodatki i o\u015bwietlenie w duchu PRL<\/strong> to doskona\u0142y spos\u00f3b, by doda\u0107 wn\u0119trzu charakteru i odrobin\u0119 sentymentu. Mo\u017ce to w\u0142a\u015bnie <strong>geometryczna lampa<\/strong> przyci\u0105ga Tw\u00f3j wzrok? A mo\u017ce inny detal, kt\u00f3ry <strong>przypomina Ci dzieci\u0144stwo lub dom babci<\/strong>? Warto poszuka\u0107 tych element\u00f3w, kt\u00f3re nie tylko ozdobi\u0105 przestrze\u0144, ale te\u017c <strong>opowiedz\u0105 jej w\u0142asn\u0105, niepowtarzaln\u0105 histori\u0119<\/strong>.<\/p>\n\n\n\n<figure class=\"wp-block-image size-full\"><a href=\"https:\/\/proplo.pl\/profile\/kontraforma\/projekt\/660\"><img loading=\"lazy\" decoding=\"async\" width=\"1200\" height=\"800\" src=\"https:\/\/proplo.pl\/blog\/wp-content\/uploads\/2025\/07\/styl-PRL-mieszkanie.png\" alt=\"Wn\u0119trze sypialni z \u0142\u00f3\u017ckiem, \u017c\u00f3\u0142tymi lampami i ro\u015blinami, styl art deco, minimalistyczny, vintage.\" class=\"wp-image-1094\" srcset=\"https:\/\/proplo.pl\/blog\/wp-content\/uploads\/2025\/07\/styl-PRL-mieszkanie.png 1200w, https:\/\/proplo.pl\/blog\/wp-content\/uploads\/2025\/07\/styl-PRL-mieszkanie-300x200.png 300w, https:\/\/proplo.pl\/blog\/wp-content\/uploads\/2025\/07\/styl-PRL-mieszkanie-768x512.png 768w, https:\/\/proplo.pl\/blog\/wp-content\/uploads\/2025\/07\/styl-PRL-mieszkanie-1024x683.png 1024w, https:\/\/proplo.pl\/blog\/wp-content\/uploads\/2025\/07\/styl-PRL-mieszkanie-480x320.png 480w\" sizes=\"auto, (max-width: 1200px) 100vw, 1200px\" \/><\/a><figcaption class=\"wp-element-caption\">Projekt: <a href=\"https:\/\/proplo.pl\/profile\/kontraforma\">KONTRAFORMA<\/a><\/figcaption><\/figure>\n\n\n\n<h2 class=\"wp-block-heading\">Dlaczego warto postawi\u0107 na styl PRL?<\/h2>\n\n\n\n<p><strong>Styl PRL wraca do \u0142ask \u2013 i to z rozmachem!<\/strong> Coraz wi\u0119cej os\u00f3b urz\u0105dza swoje mieszkania, czerpi\u0105c inspiracje z minionych dekad. To nie tylko chwilowa moda, ale <strong>powr\u00f3t do korzeni i niepowtarzalnego klimatu tamtych czas\u00f3w<\/strong>. Wn\u0119trza w tym stylu oferuj\u0105 znacznie wi\u0119cej ni\u017c tylko estetyk\u0119 \u2013 to <strong>po\u0142\u0105czenie nostalgii, funkcjonalno\u015bci i prostoty<\/strong>, kt\u00f3re nie wychodzi z mody.<\/p>\n\n\n\n<p>Decyduj\u0105c si\u0119 na aran\u017cacj\u0119 w duchu PRL, tworzysz przestrze\u0144, kt\u00f3ra \u0142\u0105czy <strong>przytulno\u015b\u0107 z praktyczno\u015bci\u0105<\/strong>. Kultowe meblo\u015bcianki, fotele projektu Chierowskiego, oryginalna ceramika z lat 60. i 70. \u2013 to elementy, kt\u00f3re nadaj\u0105 wn\u0119trzu <strong>dusz\u0119 i charakter<\/strong>. Co wi\u0119cej, styl ten pozwala wyrazi\u0107 siebie \u2013 swoje upodobania, wspomnienia, a czasem nawet bunt wobec wsp\u00f3\u0142czesnych trend\u00f3w. <strong>Design to nie tylko wygl\u0105d \u2013 to opowie\u015b\u0107. Twoja opowie\u015b\u0107.<\/strong><\/p>\n\n\n\n<h3 class=\"wp-block-heading\">Trwa\u0142o\u015b\u0107 i funkcjonalno\u015b\u0107 mebli z epoki<\/h3>\n\n\n\n<p>Jednym z najwi\u0119kszych atut\u00f3w stylu PRL jest jego <strong>niezawodna trwa\u0142o\u015b\u0107 i praktyczne podej\u015bcie do projektowania<\/strong>. Meble z tamtych lat powstawa\u0142y z my\u015bl\u0105 o maksymalnym wykorzystaniu przestrzeni \u2013 i trzeba przyzna\u0107, \u017ce robiono to z g\u0142ow\u0105. <strong>Proste linie, solidne materia\u0142y, przemy\u015blane detale<\/strong> \u2013 to wszystko sprawia, \u017ce te meble wci\u0105\u017c \u015bwietnie si\u0119 sprawdzaj\u0105, nawet po dekadach u\u017cytkowania.<\/p>\n\n\n\n<p>W czasach PRL meble musia\u0142y by\u0107 wielofunkcyjne. Przyk\u0142ady takich rozwi\u0105za\u0144 to:<\/p>\n\n\n\n<ul class=\"wp-block-list\">\n<li><strong>Rozk\u0142adany st\u00f3\u0142 z ukrytym barkiem<\/strong> \u2013 idealny do ma\u0142ych mieszka\u0144, \u0142\u0105cz\u0105cy funkcj\u0119 jadalni i miejsca spotka\u0144.<\/li>\n\n\n\n<li><strong>Segment z tajnymi schowkami<\/strong> \u2013 sprytne przechowywanie, kt\u00f3re nie zaburza estetyki wn\u0119trza.<\/li>\n\n\n\n<li><strong>Fotele z funkcj\u0105 spania<\/strong> \u2013 praktyczne rozwi\u0105zanie dla go\u015bci i ma\u0142ych przestrzeni.<\/li>\n\n\n\n<li><strong>Szafy z wbudowanymi lustrami i p\u00f3\u0142kami<\/strong> \u2013 maksymalne wykorzystanie przestrzeni u\u017cytkowej.<\/li>\n<\/ul>\n\n\n\n<p>Te pomys\u0142owe rozwi\u0105zania zn\u00f3w zyskuj\u0105 na popularno\u015bci, inspiruj\u0105c wsp\u00f3\u0142czesnych projektant\u00f3w do tworzenia wn\u0119trz z retro sznytem. <strong>A Ty? Co najbardziej Ci\u0119 urzeka w meblach z tamtej epoki?<\/strong><\/p>\n\n\n\n<p>Mo\u017ce to ich solidno\u015b\u0107? A mo\u017ce pomys\u0142owo\u015b\u0107 i funkcjonalno\u015b\u0107? Albo historia, kt\u00f3r\u0105 w sobie nios\u0105 \u2013 <strong>cicha, ale obecna w ka\u017cdym detalu<\/strong>.<\/p>\n\n\n\n<h3 class=\"wp-block-heading\">Styl PRL jako element polskiego dziedzictwa designu<\/h3>\n\n\n\n<p><strong>Styl PRL to nie tylko estetyka \u2013 to cz\u0119\u015b\u0107 polskiego dziedzictwa kulturowego i wzorniczego<\/strong>. W czasach Polskiej Rzeczypospolitej Ludowej powsta\u0142o wiele projekt\u00f3w, kt\u00f3re dzi\u015b uznawane s\u0105 za <strong>ikony designu<\/strong>. Kluczow\u0105 rol\u0119 odegra\u0142 tu Instytut Wzornictwa Przemys\u0142owego, kt\u00f3ry promowa\u0142 nowatorskie podej\u015bcie do projektowania i wspiera\u0142 tw\u00f3rc\u00f3w, kt\u00f3rych prace do dzi\u015b inspiruj\u0105.<\/p>\n\n\n\n<p>Jednym z najbardziej rozpoznawalnych symboli tamtej epoki jest <strong>ceramika PRL<\/strong> \u2013 odwa\u017cna, kolorowa, pe\u0142na nietuzinkowych wzor\u00f3w. Dzi\u015b te przedmioty to prawdziwe skarby:<\/p>\n\n\n\n<ul class=\"wp-block-list\">\n<li><strong>Dla kolekcjoner\u00f3w<\/strong> \u2013 unikatowe egzemplarze z dusz\u0105.<\/li>\n\n\n\n<li><strong>Dla mi\u0142o\u015bnik\u00f3w designu<\/strong> \u2013 \u017ar\u00f3d\u0142o inspiracji i estetycznej przyjemno\u015bci.<\/li>\n\n\n\n<li><strong>Dla os\u00f3b urz\u0105dzaj\u0105cych wn\u0119trza<\/strong> \u2013 spos\u00f3b na dodanie autentyczno\u015bci i charakteru.<\/li>\n\n\n\n<li><strong>Dla projektant\u00f3w<\/strong> \u2013 punkt wyj\u015bcia do \u0142\u0105czenia tradycji z nowoczesno\u015bci\u0105.<\/li>\n<\/ul>\n\n\n\n<p><strong>Styl PRL to nie tylko wspomnienie dawnych lat<\/strong>. To tak\u017ce <strong>\u017cywe \u017ar\u00f3d\u0142o inspiracji<\/strong> dla wsp\u00f3\u0142czesnych tw\u00f3rc\u00f3w, kt\u00f3rzy zgrabnie \u0142\u0105cz\u0105 przesz\u0142o\u015b\u0107 z tera\u017aniejszo\u015bci\u0105.<\/p>\n\n\n\n<p>A Ciebie? Co najbardziej fascynuje w polskim wzornictwie z tamtych lat?<\/p>\n\n\n\n<p>Czy to <strong>charakterystyczna ceramika<\/strong>? <strong>Ponadczasowe meble<\/strong>? A mo\u017ce <strong>odwaga w formie i kolorze<\/strong>, kt\u00f3ra do dzi\u015b robi wra\u017cenie?<\/p>\n\n\n\n<hr class=\"wp-block-separator has-alpha-channel-opacity\"\/>\n\n\n\n<p><strong>\u0179r\u00f3d\u0142a:<\/strong><\/p>\n\n\n<ol class=\"wp-block-footnotes\"><li id=\"284c5981-724c-4a8d-869c-2cc020475ee6\"><a href=\"https:\/\/www.vogue.pl\/a\/kultowy-fotel-czasow-prl-u-i-ikona-designu-projektu-jozefa-chierowskiego-typ-366-powraca-na-salony\">https:\/\/www.vogue.pl\/a\/kultowy-fotel-czasow-prl-u-i-ikona-designu-projektu-jozefa-chierowskiego-typ-366-powraca-na-salony<\/a> <a href=\"#284c5981-724c-4a8d-869c-2cc020475ee6-link\" aria-label=\"Przejd\u017a do przypisu 1\">\u21a9\ufe0e<\/a><\/li><\/ol>\n\n\n<p><\/p>\n","protected":false},"excerpt":{"rendered":"<p>Styl PRL wraca w wielkim stylu! Sprawd\u017a, jak urz\u0105dzi\u0107 wn\u0119trze z dusz\u0105, \u0142\u0105cz\u0105c retro meble, kolory i dodatki z nowoczesnym komfortem.<\/p>\n","protected":false},"author":3,"featured_media":1092,"comment_status":"closed","ping_status":"closed","sticky":false,"template":"","format":"standard","meta":{"footnotes":"[{\"content\":\"<a href=\\\"https:\/\/www.vogue.pl\/a\/kultowy-fotel-czasow-prl-u-i-ikona-designu-projektu-jozefa-chierowskiego-typ-366-powraca-na-salony\\\">https:\/\/www.vogue.pl\/a\/kultowy-fotel-czasow-prl-u-i-ikona-designu-projektu-jozefa-chierowskiego-typ-366-powraca-na-salony<\/a>\",\"id\":\"284c5981-724c-4a8d-869c-2cc020475ee6\"}]"},"categories":[12],"tags":[],"class_list":["post-1091","post","type-post","status-publish","format-standard","has-post-thumbnail","hentry","category-style"],"acf":[],"yoast_head":"<!-- This site is optimized with the Yoast SEO plugin v27.5 - https:\/\/yoast.com\/product\/yoast-seo-wordpress\/ -->\n<title>Jak urz\u0105dzi\u0107 mieszkanie w stylu PRL? - Proplo<\/title>\n<meta name=\"description\" content=\"Styl PRL wraca w wielkim stylu! Sprawd\u017a, jak urz\u0105dzi\u0107 wn\u0119trze z dusz\u0105, \u0142\u0105cz\u0105c retro meble, kolory i dodatki z nowoczesnym komfortem.\" \/>\n<meta name=\"robots\" content=\"index, follow, max-snippet:-1, max-image-preview:large, max-video-preview:-1\" \/>\n<link rel=\"canonical\" href=\"https:\/\/proplo.pl\/blog\/mieszkanie-w-stylu-prl\/\" \/>\n<meta property=\"og:locale\" content=\"pl_PL\" \/>\n<meta property=\"og:type\" content=\"article\" \/>\n<meta property=\"og:title\" content=\"Jak urz\u0105dzi\u0107 mieszkanie w stylu PRL? - Proplo\" \/>\n<meta property=\"og:description\" content=\"Styl PRL wraca w wielkim stylu! Sprawd\u017a, jak urz\u0105dzi\u0107 wn\u0119trze z dusz\u0105, \u0142\u0105cz\u0105c retro meble, kolory i dodatki z nowoczesnym komfortem.\" \/>\n<meta property=\"og:url\" content=\"https:\/\/proplo.pl\/blog\/mieszkanie-w-stylu-prl\/\" \/>\n<meta property=\"og:site_name\" content=\"Poradnik wn\u0119trzarski - Proplo\" \/>\n<meta property=\"article:published_time\" content=\"2025-07-30T09:59:49+00:00\" \/>\n<meta property=\"article:modified_time\" content=\"2025-07-30T09:59:50+00:00\" \/>\n<meta property=\"og:image\" content=\"https:\/\/proplo.pl\/blog\/wp-content\/uploads\/2025\/07\/mieszkanie-styl-PRL.png\" \/>\n\t<meta property=\"og:image:width\" content=\"1200\" \/>\n\t<meta property=\"og:image:height\" content=\"800\" \/>\n\t<meta property=\"og:image:type\" content=\"image\/png\" \/>\n<meta name=\"author\" content=\"Proplo\" \/>\n<meta name=\"twitter:card\" content=\"summary_large_image\" \/>\n<meta name=\"twitter:label1\" content=\"Napisane przez\" \/>\n\t<meta name=\"twitter:data1\" content=\"Proplo\" \/>\n\t<meta name=\"twitter:label2\" content=\"Szacowany czas czytania\" \/>\n\t<meta name=\"twitter:data2\" content=\"23 minuty\" \/>\n<script type=\"application\/ld+json\" class=\"yoast-schema-graph\">{\"@context\":\"https:\\\/\\\/schema.org\",\"@graph\":[{\"@type\":\"Article\",\"@id\":\"https:\\\/\\\/proplo.pl\\\/blog\\\/mieszkanie-w-stylu-prl\\\/#article\",\"isPartOf\":{\"@id\":\"https:\\\/\\\/proplo.pl\\\/blog\\\/mieszkanie-w-stylu-prl\\\/\"},\"author\":{\"name\":\"Proplo\",\"@id\":\"https:\\\/\\\/proplo.pl\\\/blog\\\/#\\\/schema\\\/person\\\/c13af99097d24e9fc2b86b838c0fd0e1\"},\"headline\":\"Jak urz\u0105dzi\u0107 mieszkanie w stylu PRL?\",\"datePublished\":\"2025-07-30T09:59:49+00:00\",\"dateModified\":\"2025-07-30T09:59:50+00:00\",\"mainEntityOfPage\":{\"@id\":\"https:\\\/\\\/proplo.pl\\\/blog\\\/mieszkanie-w-stylu-prl\\\/\"},\"wordCount\":4434,\"image\":{\"@id\":\"https:\\\/\\\/proplo.pl\\\/blog\\\/mieszkanie-w-stylu-prl\\\/#primaryimage\"},\"thumbnailUrl\":\"https:\\\/\\\/proplo.pl\\\/blog\\\/wp-content\\\/uploads\\\/2025\\\/07\\\/mieszkanie-styl-PRL.png\",\"articleSection\":[\"Style\"],\"inLanguage\":\"pl-PL\"},{\"@type\":\"WebPage\",\"@id\":\"https:\\\/\\\/proplo.pl\\\/blog\\\/mieszkanie-w-stylu-prl\\\/\",\"url\":\"https:\\\/\\\/proplo.pl\\\/blog\\\/mieszkanie-w-stylu-prl\\\/\",\"name\":\"Jak urz\u0105dzi\u0107 mieszkanie w stylu PRL? - Proplo\",\"isPartOf\":{\"@id\":\"https:\\\/\\\/proplo.pl\\\/blog\\\/#website\"},\"primaryImageOfPage\":{\"@id\":\"https:\\\/\\\/proplo.pl\\\/blog\\\/mieszkanie-w-stylu-prl\\\/#primaryimage\"},\"image\":{\"@id\":\"https:\\\/\\\/proplo.pl\\\/blog\\\/mieszkanie-w-stylu-prl\\\/#primaryimage\"},\"thumbnailUrl\":\"https:\\\/\\\/proplo.pl\\\/blog\\\/wp-content\\\/uploads\\\/2025\\\/07\\\/mieszkanie-styl-PRL.png\",\"datePublished\":\"2025-07-30T09:59:49+00:00\",\"dateModified\":\"2025-07-30T09:59:50+00:00\",\"author\":{\"@id\":\"https:\\\/\\\/proplo.pl\\\/blog\\\/#\\\/schema\\\/person\\\/c13af99097d24e9fc2b86b838c0fd0e1\"},\"description\":\"Styl PRL wraca w wielkim stylu! Sprawd\u017a, jak urz\u0105dzi\u0107 wn\u0119trze z dusz\u0105, \u0142\u0105cz\u0105c retro meble, kolory i dodatki z nowoczesnym komfortem.\",\"breadcrumb\":{\"@id\":\"https:\\\/\\\/proplo.pl\\\/blog\\\/mieszkanie-w-stylu-prl\\\/#breadcrumb\"},\"inLanguage\":\"pl-PL\",\"potentialAction\":[{\"@type\":\"ReadAction\",\"target\":[\"https:\\\/\\\/proplo.pl\\\/blog\\\/mieszkanie-w-stylu-prl\\\/\"]}]},{\"@type\":\"ImageObject\",\"inLanguage\":\"pl-PL\",\"@id\":\"https:\\\/\\\/proplo.pl\\\/blog\\\/mieszkanie-w-stylu-prl\\\/#primaryimage\",\"url\":\"https:\\\/\\\/proplo.pl\\\/blog\\\/wp-content\\\/uploads\\\/2025\\\/07\\\/mieszkanie-styl-PRL.png\",\"contentUrl\":\"https:\\\/\\\/proplo.pl\\\/blog\\\/wp-content\\\/uploads\\\/2025\\\/07\\\/mieszkanie-styl-PRL.png\",\"width\":1200,\"height\":800,\"caption\":\"Nowoczesny salon z zielon\u0105 sof\u0105, wzorzystym dywanem, jasnymi zas\u0142onami, drewnianym sto\u0142em jadalnianym, czerwonym akcentem na \u015bcianie i ro\u015blinami\"},{\"@type\":\"BreadcrumbList\",\"@id\":\"https:\\\/\\\/proplo.pl\\\/blog\\\/mieszkanie-w-stylu-prl\\\/#breadcrumb\",\"itemListElement\":[{\"@type\":\"ListItem\",\"position\":1,\"name\":\"Proplo\",\"item\":\"https:\\\/\\\/proplo.pl\"},{\"@type\":\"ListItem\",\"position\":2,\"name\":\"Poradnik wn\u0119trzarski\",\"item\":\"https:\\\/\\\/proplo.pl\\\/blog\\\/\"},{\"@type\":\"ListItem\",\"position\":3,\"name\":\"Jak urz\u0105dzi\u0107 mieszkanie w stylu PRL?\"}]},{\"@type\":\"WebSite\",\"@id\":\"https:\\\/\\\/proplo.pl\\\/blog\\\/#website\",\"url\":\"https:\\\/\\\/proplo.pl\\\/blog\\\/\",\"name\":\"Blog Proplo\",\"description\":\"\",\"potentialAction\":[{\"@type\":\"SearchAction\",\"target\":{\"@type\":\"EntryPoint\",\"urlTemplate\":\"https:\\\/\\\/proplo.pl\\\/blog\\\/?s={search_term_string}\"},\"query-input\":{\"@type\":\"PropertyValueSpecification\",\"valueRequired\":true,\"valueName\":\"search_term_string\"}}],\"inLanguage\":\"pl-PL\"},{\"@type\":\"Person\",\"@id\":\"https:\\\/\\\/proplo.pl\\\/blog\\\/#\\\/schema\\\/person\\\/c13af99097d24e9fc2b86b838c0fd0e1\",\"name\":\"Proplo\",\"image\":{\"@type\":\"ImageObject\",\"inLanguage\":\"pl-PL\",\"@id\":\"https:\\\/\\\/secure.gravatar.com\\\/avatar\\\/176f908138148facd74b7d78fc677b53b24a54b63aacd8fc4e81a4da926e5f28?s=96&d=mm&r=g\",\"url\":\"https:\\\/\\\/secure.gravatar.com\\\/avatar\\\/176f908138148facd74b7d78fc677b53b24a54b63aacd8fc4e81a4da926e5f28?s=96&d=mm&r=g\",\"contentUrl\":\"https:\\\/\\\/secure.gravatar.com\\\/avatar\\\/176f908138148facd74b7d78fc677b53b24a54b63aacd8fc4e81a4da926e5f28?s=96&d=mm&r=g\",\"caption\":\"Proplo\"},\"url\":\"https:\\\/\\\/proplo.pl\\\/blog\\\/author\\\/r-marciniak\\\/\"}]}<\/script>\n<!-- \/ Yoast SEO plugin. -->","yoast_head_json":{"title":"Jak urz\u0105dzi\u0107 mieszkanie w stylu PRL? - Proplo","description":"Styl PRL wraca w wielkim stylu! Sprawd\u017a, jak urz\u0105dzi\u0107 wn\u0119trze z dusz\u0105, \u0142\u0105cz\u0105c retro meble, kolory i dodatki z nowoczesnym komfortem.","robots":{"index":"index","follow":"follow","max-snippet":"max-snippet:-1","max-image-preview":"max-image-preview:large","max-video-preview":"max-video-preview:-1"},"canonical":"https:\/\/proplo.pl\/blog\/mieszkanie-w-stylu-prl\/","og_locale":"pl_PL","og_type":"article","og_title":"Jak urz\u0105dzi\u0107 mieszkanie w stylu PRL? - Proplo","og_description":"Styl PRL wraca w wielkim stylu! Sprawd\u017a, jak urz\u0105dzi\u0107 wn\u0119trze z dusz\u0105, \u0142\u0105cz\u0105c retro meble, kolory i dodatki z nowoczesnym komfortem.","og_url":"https:\/\/proplo.pl\/blog\/mieszkanie-w-stylu-prl\/","og_site_name":"Poradnik wn\u0119trzarski - Proplo","article_published_time":"2025-07-30T09:59:49+00:00","article_modified_time":"2025-07-30T09:59:50+00:00","og_image":[{"width":1200,"height":800,"url":"https:\/\/proplo.pl\/blog\/wp-content\/uploads\/2025\/07\/mieszkanie-styl-PRL.png","type":"image\/png"}],"author":"Proplo","twitter_card":"summary_large_image","twitter_misc":{"Napisane przez":"Proplo","Szacowany czas czytania":"23 minuty"},"schema":{"@context":"https:\/\/schema.org","@graph":[{"@type":"Article","@id":"https:\/\/proplo.pl\/blog\/mieszkanie-w-stylu-prl\/#article","isPartOf":{"@id":"https:\/\/proplo.pl\/blog\/mieszkanie-w-stylu-prl\/"},"author":{"name":"Proplo","@id":"https:\/\/proplo.pl\/blog\/#\/schema\/person\/c13af99097d24e9fc2b86b838c0fd0e1"},"headline":"Jak urz\u0105dzi\u0107 mieszkanie w stylu PRL?","datePublished":"2025-07-30T09:59:49+00:00","dateModified":"2025-07-30T09:59:50+00:00","mainEntityOfPage":{"@id":"https:\/\/proplo.pl\/blog\/mieszkanie-w-stylu-prl\/"},"wordCount":4434,"image":{"@id":"https:\/\/proplo.pl\/blog\/mieszkanie-w-stylu-prl\/#primaryimage"},"thumbnailUrl":"https:\/\/proplo.pl\/blog\/wp-content\/uploads\/2025\/07\/mieszkanie-styl-PRL.png","articleSection":["Style"],"inLanguage":"pl-PL"},{"@type":"WebPage","@id":"https:\/\/proplo.pl\/blog\/mieszkanie-w-stylu-prl\/","url":"https:\/\/proplo.pl\/blog\/mieszkanie-w-stylu-prl\/","name":"Jak urz\u0105dzi\u0107 mieszkanie w stylu PRL? - Proplo","isPartOf":{"@id":"https:\/\/proplo.pl\/blog\/#website"},"primaryImageOfPage":{"@id":"https:\/\/proplo.pl\/blog\/mieszkanie-w-stylu-prl\/#primaryimage"},"image":{"@id":"https:\/\/proplo.pl\/blog\/mieszkanie-w-stylu-prl\/#primaryimage"},"thumbnailUrl":"https:\/\/proplo.pl\/blog\/wp-content\/uploads\/2025\/07\/mieszkanie-styl-PRL.png","datePublished":"2025-07-30T09:59:49+00:00","dateModified":"2025-07-30T09:59:50+00:00","author":{"@id":"https:\/\/proplo.pl\/blog\/#\/schema\/person\/c13af99097d24e9fc2b86b838c0fd0e1"},"description":"Styl PRL wraca w wielkim stylu! Sprawd\u017a, jak urz\u0105dzi\u0107 wn\u0119trze z dusz\u0105, \u0142\u0105cz\u0105c retro meble, kolory i dodatki z nowoczesnym komfortem.","breadcrumb":{"@id":"https:\/\/proplo.pl\/blog\/mieszkanie-w-stylu-prl\/#breadcrumb"},"inLanguage":"pl-PL","potentialAction":[{"@type":"ReadAction","target":["https:\/\/proplo.pl\/blog\/mieszkanie-w-stylu-prl\/"]}]},{"@type":"ImageObject","inLanguage":"pl-PL","@id":"https:\/\/proplo.pl\/blog\/mieszkanie-w-stylu-prl\/#primaryimage","url":"https:\/\/proplo.pl\/blog\/wp-content\/uploads\/2025\/07\/mieszkanie-styl-PRL.png","contentUrl":"https:\/\/proplo.pl\/blog\/wp-content\/uploads\/2025\/07\/mieszkanie-styl-PRL.png","width":1200,"height":800,"caption":"Nowoczesny salon z zielon\u0105 sof\u0105, wzorzystym dywanem, jasnymi zas\u0142onami, drewnianym sto\u0142em jadalnianym, czerwonym akcentem na \u015bcianie i ro\u015blinami"},{"@type":"BreadcrumbList","@id":"https:\/\/proplo.pl\/blog\/mieszkanie-w-stylu-prl\/#breadcrumb","itemListElement":[{"@type":"ListItem","position":1,"name":"Proplo","item":"https:\/\/proplo.pl"},{"@type":"ListItem","position":2,"name":"Poradnik wn\u0119trzarski","item":"https:\/\/proplo.pl\/blog\/"},{"@type":"ListItem","position":3,"name":"Jak urz\u0105dzi\u0107 mieszkanie w stylu PRL?"}]},{"@type":"WebSite","@id":"https:\/\/proplo.pl\/blog\/#website","url":"https:\/\/proplo.pl\/blog\/","name":"Blog Proplo","description":"","potentialAction":[{"@type":"SearchAction","target":{"@type":"EntryPoint","urlTemplate":"https:\/\/proplo.pl\/blog\/?s={search_term_string}"},"query-input":{"@type":"PropertyValueSpecification","valueRequired":true,"valueName":"search_term_string"}}],"inLanguage":"pl-PL"},{"@type":"Person","@id":"https:\/\/proplo.pl\/blog\/#\/schema\/person\/c13af99097d24e9fc2b86b838c0fd0e1","name":"Proplo","image":{"@type":"ImageObject","inLanguage":"pl-PL","@id":"https:\/\/secure.gravatar.com\/avatar\/176f908138148facd74b7d78fc677b53b24a54b63aacd8fc4e81a4da926e5f28?s=96&d=mm&r=g","url":"https:\/\/secure.gravatar.com\/avatar\/176f908138148facd74b7d78fc677b53b24a54b63aacd8fc4e81a4da926e5f28?s=96&d=mm&r=g","contentUrl":"https:\/\/secure.gravatar.com\/avatar\/176f908138148facd74b7d78fc677b53b24a54b63aacd8fc4e81a4da926e5f28?s=96&d=mm&r=g","caption":"Proplo"},"url":"https:\/\/proplo.pl\/blog\/author\/r-marciniak\/"}]}},"_links":{"self":[{"href":"https:\/\/proplo.pl\/blog\/wp-json\/wp\/v2\/posts\/1091","targetHints":{"allow":["GET"]}}],"collection":[{"href":"https:\/\/proplo.pl\/blog\/wp-json\/wp\/v2\/posts"}],"about":[{"href":"https:\/\/proplo.pl\/blog\/wp-json\/wp\/v2\/types\/post"}],"author":[{"embeddable":true,"href":"https:\/\/proplo.pl\/blog\/wp-json\/wp\/v2\/users\/3"}],"replies":[{"embeddable":true,"href":"https:\/\/proplo.pl\/blog\/wp-json\/wp\/v2\/comments?post=1091"}],"version-history":[{"count":4,"href":"https:\/\/proplo.pl\/blog\/wp-json\/wp\/v2\/posts\/1091\/revisions"}],"predecessor-version":[{"id":1100,"href":"https:\/\/proplo.pl\/blog\/wp-json\/wp\/v2\/posts\/1091\/revisions\/1100"}],"wp:featuredmedia":[{"embeddable":true,"href":"https:\/\/proplo.pl\/blog\/wp-json\/wp\/v2\/media\/1092"}],"wp:attachment":[{"href":"https:\/\/proplo.pl\/blog\/wp-json\/wp\/v2\/media?parent=1091"}],"wp:term":[{"taxonomy":"category","embeddable":true,"href":"https:\/\/proplo.pl\/blog\/wp-json\/wp\/v2\/categories?post=1091"},{"taxonomy":"post_tag","embeddable":true,"href":"https:\/\/proplo.pl\/blog\/wp-json\/wp\/v2\/tags?post=1091"}],"curies":[{"name":"wp","href":"https:\/\/api.w.org\/{rel}","templated":true}]}}