{"id":1047,"date":"2025-07-24T14:06:44","date_gmt":"2025-07-24T13:06:44","guid":{"rendered":"https:\/\/proplo.pl\/blog\/?p=1047"},"modified":"2025-07-24T14:06:45","modified_gmt":"2025-07-24T13:06:45","slug":"kuchnia-z-wyspa","status":"publish","type":"post","link":"https:\/\/proplo.pl\/blog\/kuchnia-z-wyspa\/","title":{"rendered":"Kuchnia z wysp\u0105 &#8211; funkcjonalno\u015b\u0107, style i aran\u017cacje"},"content":{"rendered":"<div class=\"you-find-content\">\r\n    <div class=\"container-xl container-wrapper\">\r\n        <div class=\"row design\">\r\n            <div class=\"col-md-12 wrapper \">\r\n                <div class=\"title\"><p>Z tego artyku\u0142u dowiesz si\u0119:<\/p>\n<\/div>\r\n                <div class=\"grid-wrapper\">\r\n                                                        <div class=\"block-list\">\r\n                        <div class=\"number\">\r\n                            1                        <\/div>\r\n                        <div class=\"text\">\r\n                            <p>Jakie funkcje mo\u017ce pe\u0142ni\u0107 wyspa kuchenna \u2013 i dlaczego to co\u015b wi\u0119cej ni\u017c dodatkowy blat?<\/p>\n                        <\/div>\r\n                    <\/div>\r\n                                        <div class=\"block-list\">\r\n                        <div class=\"number\">\r\n                            2                        <\/div>\r\n                        <div class=\"text\">\r\n                            <p>Czy Twoja kuchnia nadaje si\u0119 do wyspy \u2013 i jak j\u0105 dobrze zaprojektowa\u0107?<\/p>\n                        <\/div>\r\n                    <\/div>\r\n                                        <div class=\"block-list\">\r\n                        <div class=\"number\">\r\n                            3                        <\/div>\r\n                        <div class=\"text\">\r\n                            <p>Jakie style i materia\u0142y najlepiej pasuj\u0105 do kuchni z wysp\u0105?<\/p>\n                        <\/div>\r\n                    <\/div>\r\n                                        <div class=\"block-list\">\r\n                        <div class=\"number\">\r\n                            4                        <\/div>\r\n                        <div class=\"text\">\r\n                            <p>Co daje po\u0142\u0105czenie kuchni z salonem \u2013 i jak wyspa pomaga budowa\u0107 relacje?<\/p>\n                        <\/div>\r\n                    <\/div>\r\n                                                    <\/div>\r\n            <\/div>\r\n        <\/div>\r\n    <\/div>\r\n<\/div>\n\n\n<p><strong>Kuchnia coraz cz\u0119\u015bciej staje si\u0119 sercem domu<\/strong>. To ju\u017c nie tylko miejsce przygotowywania posi\u0142k\u00f3w, ale przestrze\u0144, w kt\u00f3rej <strong>spotykamy si\u0119 z rodzin\u0105, rozmawiamy, dzielimy codzienno\u015bci\u0105 i budujemy relacje<\/strong>. W tym kontek\u015bcie <strong>kuchnia z wysp\u0105<\/strong> zyskuje na popularno\u015bci \u2013 \u0142\u0105czy <strong>funkcjonalno\u015b\u0107 z nowoczesnym designem<\/strong>, tworz\u0105c przestrze\u0144, kt\u00f3ra przyci\u0105ga wzrok i zach\u0119ca do wsp\u00f3lnego sp\u0119dzania czasu.<\/p>\n\n\n\n<p><strong>Wyspa kuchenna<\/strong> to znacznie wi\u0119cej ni\u017c tylko dodatkowy blat roboczy. To <strong>wielofunkcyjny element<\/strong>, kt\u00f3ry mo\u017ce pe\u0142ni\u0107 r\u00f3\u017cne role w zale\u017cno\u015bci od potrzeb domownik\u00f3w:<\/p>\n\n\n\n<ul class=\"wp-block-list\">\n<li><strong>St\u00f3\u0142 \u015bniadaniowy<\/strong> \u2013 idealny na szybkie posi\u0142ki lub porann\u0105 kaw\u0119.<\/li>\n\n\n\n<li><strong>Strefa gotowania<\/strong> \u2013 z p\u0142yt\u0105 grzewcz\u0105 i miejscem na przygotowywanie potraw.<\/li>\n\n\n\n<li><strong>Przestrze\u0144 do przechowywania<\/strong> \u2013 z szufladami i szafkami na najpotrzebniejsze akcesoria.<\/li>\n\n\n\n<li><strong>Miejsce spotka\u0144<\/strong> \u2013 w otwartych wn\u0119trzach staje si\u0119 naturalnym centrum \u017cycia rodzinnego.<\/li>\n<\/ul>\n\n\n\n<p>W nowoczesnych aran\u017cacjach, gdzie kuchnia p\u0142ynnie \u0142\u0105czy si\u0119 z salonem, wyspa kuchenna <strong>pe\u0142ni funkcj\u0119 \u0142\u0105cznika mi\u0119dzy strefami<\/strong>, sprzyjaj\u0105c integracji i wsp\u00f3lnemu sp\u0119dzaniu czasu. To w\u0142a\u015bnie dlatego tak wiele os\u00f3b decyduje si\u0119 na to rozwi\u0105zanie \u2013 <strong>\u0142\u0105czy ono praktyczno\u015b\u0107 z estetyk\u0105<\/strong>.<\/p>\n\n\n\n<p>Zanim jednak zdecydujesz si\u0119 na kuchni\u0119 z wysp\u0105, warto dok\u0142adnie przemy\u015ble\u0107 kilka kluczowych kwestii:<\/p>\n\n\n\n<ul class=\"wp-block-list\">\n<li><strong>Przestrze\u0144<\/strong> \u2013 czy masz wystarczaj\u0105co du\u017co miejsca, by swobodnie porusza\u0107 si\u0119 wok\u00f3\u0142 wyspy?<\/li>\n\n\n\n<li><strong>Funkcja<\/strong> \u2013 czy wyspa ma s\u0142u\u017cy\u0107 g\u0142\u00f3wnie do gotowania, czy raczej jako miejsce relaksu i rozm\u00f3w?<\/li>\n\n\n\n<li><strong>Styl<\/strong> \u2013 jaki design najlepiej odda charakter Twojego wn\u0119trza i b\u0119dzie sp\u00f3jny z reszt\u0105 domu?<\/li>\n<\/ul>\n\n\n\n<p><strong>Odpowiedzi na te pytania pomog\u0105 Ci stworzy\u0107 kuchni\u0119, kt\u00f3ra b\u0119dzie nie tylko pi\u0119kna, ale przede wszystkim wygodna i dopasowana do Twojego stylu \u017cycia<\/strong>.<\/p>\n\n\n\n<figure class=\"wp-block-image size-full\"><a href=\"https:\/\/proplo.pl\/profile\/jlw-studio\/projekt\/klimat-francuskiej-kamienicy-na-warszawskim-mokotowie-548\"><img loading=\"lazy\" decoding=\"async\" width=\"1200\" height=\"800\" src=\"https:\/\/proplo.pl\/blog\/wp-content\/uploads\/2025\/07\/wyspa-kuchenna-w-mieszkaniu.png\" alt=\"Wn\u0119trze kuchni z eklektycznym stylem, quiet luxury, skandynawskim, vintage i soft minimalizmem.\" class=\"wp-image-1049\" srcset=\"https:\/\/proplo.pl\/blog\/wp-content\/uploads\/2025\/07\/wyspa-kuchenna-w-mieszkaniu.png 1200w, https:\/\/proplo.pl\/blog\/wp-content\/uploads\/2025\/07\/wyspa-kuchenna-w-mieszkaniu-300x200.png 300w, https:\/\/proplo.pl\/blog\/wp-content\/uploads\/2025\/07\/wyspa-kuchenna-w-mieszkaniu-768x512.png 768w, https:\/\/proplo.pl\/blog\/wp-content\/uploads\/2025\/07\/wyspa-kuchenna-w-mieszkaniu-1024x683.png 1024w, https:\/\/proplo.pl\/blog\/wp-content\/uploads\/2025\/07\/wyspa-kuchenna-w-mieszkaniu-480x320.png 480w\" sizes=\"auto, (max-width: 1200px) 100vw, 1200px\" \/><\/a><figcaption class=\"wp-element-caption\">Projekt: <a href=\"https:\/\/proplo.pl\/profile\/jlw-studio\">jlw studio<\/a><\/figcaption><\/figure>\n\n\n\n<h2 class=\"wp-block-heading\">Czym jest kuchnia z wysp\u0105 i jakie pe\u0142ni funkcje<\/h2>\n\n\n\n<p><strong>Kuchnia z wysp\u0105<\/strong> to nie tylko modny trend, ale przede wszystkim <strong>po\u0142\u0105czenie stylu, komfortu i funkcjonalno\u015bci<\/strong>. Stanowi centralny punkt domowej przestrzeni, kt\u00f3ry \u0142\u0105czy w sobie wiele praktycznych zastosowa\u0144. Wyspa mo\u017ce pe\u0142ni\u0107 funkcj\u0119:<\/p>\n\n\n\n<ul class=\"wp-block-list\">\n<li><strong>Dodatkowego blatu roboczego<\/strong> \u2013 idealnego do przygotowywania posi\u0142k\u00f3w,<\/li>\n\n\n\n<li><strong>Strefy przechowywania<\/strong> \u2013 dzi\u0119ki szafkom i szufladom,<\/li>\n\n\n\n<li><strong>Miejsca do spo\u017cywania posi\u0142k\u00f3w<\/strong> \u2013 z mo\u017cliwo\u015bci\u0105 ustawienia hoker\u00f3w,<\/li>\n\n\n\n<li><strong>Centrum spotka\u0144<\/strong> \u2013 idealnego do rozm\u00f3w, wsp\u00f3lnego gotowania i sp\u0119dzania czasu z bliskimi.<\/li>\n<\/ul>\n\n\n\n<p>Co wi\u0119cej, <strong>wyspa mo\u017ce by\u0107 wyposa\u017cona w zlew, p\u0142yt\u0119 grzewcz\u0105, zmywark\u0119 czy gniazdka elektryczne<\/strong>, co czyni j\u0105 jeszcze bardziej wszechstronn\u0105. Dzi\u0119ki temu kuchnia zyskuje nowy wymiar \u2013 staje si\u0119 przestrzeni\u0105, kt\u00f3ra nie tylko s\u0142u\u017cy do gotowania, ale r\u00f3wnie\u017c <strong>\u0142\u0105czy ludzi i inspiruje do wsp\u00f3lnego dzia\u0142ania<\/strong>.<\/p>\n\n\n\n<h3 class=\"wp-block-heading\">Wyspa kuchenna jako centralny element kuchni<\/h3>\n\n\n\n<p><strong>Wyspa kuchenna to serce kuchni<\/strong> \u2013 nie jest jedynie dodatkiem, lecz kluczowym elementem organizuj\u0105cym przestrze\u0144. Przyci\u0105ga wzrok, nadaje wn\u0119trzu charakter i staje si\u0119 naturalnym miejscem codziennych aktywno\u015bci: od porannej kawy, przez szybki lunch, po wieczorne rozmowy przy winie.<\/p>\n\n\n\n<p>Mo\u017cliwo\u015bci jej wyposa\u017cenia s\u0105 szerokie \u2013 mo\u017cna w niej zamontowa\u0107:<\/p>\n\n\n\n<ul class=\"wp-block-list\">\n<li>zlew,<\/li>\n\n\n\n<li>p\u0142yt\u0119 indukcyjn\u0105,<\/li>\n\n\n\n<li>dodatkowe szafki i szuflady,<\/li>\n\n\n\n<li>gniazdka elektryczne.<\/li>\n<\/ul>\n\n\n\n<p>R\u00f3wnie istotny jest <strong>design wyspy<\/strong>. Mo\u017ce ona harmonizowa\u0107 z reszt\u0105 zabudowy lub stanowi\u0107 kontrastowy akcent. Styl rustykalny, nowoczesny, minimalistyczny? <strong>To Ty decydujesz<\/strong>. By\u0107 mo\u017ce to w\u0142a\u015bnie wyspa stanie si\u0119 pocz\u0105tkiem Twojej kulinarnej przygody.<\/p>\n\n\n\n<h3 class=\"wp-block-heading\">Zalety i mo\u017cliwo\u015bci aran\u017cacyjne kuchni z wysp\u0105<\/h3>\n\n\n\n<p><strong>Dlaczego kuchnia z wysp\u0105 cieszy si\u0119 tak du\u017c\u0105 popularno\u015bci\u0105?<\/strong> Przede wszystkim ze wzgl\u0119du na swoj\u0105 funkcjonalno\u015b\u0107 i estetyk\u0119. Oto najwa\u017cniejsze zalety:<\/p>\n\n\n\n<ul class=\"wp-block-list\">\n<li><strong>Dodatkowy blat roboczy<\/strong> \u2013 wi\u0119cej miejsca do gotowania i przygotowywania posi\u0142k\u00f3w,<\/li>\n\n\n\n<li><strong>Lepsza organizacja przestrzeni<\/strong> \u2013 wszystko pod r\u0119k\u0105,<\/li>\n\n\n\n<li><strong>Wi\u0119cej miejsca do przechowywania<\/strong> \u2013 dzi\u0119ki szafkom i szufladom w wyspie,<\/li>\n\n\n\n<li><strong>Estetyczny element wn\u0119trza<\/strong> \u2013 wyspa mo\u017ce by\u0107 ozdob\u0105 kuchni i nadawa\u0107 jej unikalny charakter.<\/li>\n<\/ul>\n\n\n\n<p>Aran\u017cacja kuchni z wysp\u0105 daje ogromne mo\u017cliwo\u015bci personalizacji. W zale\u017cno\u015bci od stylu wn\u0119trza mo\u017cesz wybra\u0107 r\u00f3\u017cne materia\u0142y i wyko\u0144czenia:<\/p>\n\n\n\n<figure class=\"wp-block-table\"><table class=\"has-fixed-layout\"><tbody><tr><th>Styl<\/th><th>Materia\u0142y i detale<\/th><\/tr><tr><td>Loftowy<\/td><td>Drewno naturalne, metalowe akcenty<\/td><\/tr><tr><td>Glamour<\/td><td>Marmurowy blat, z\u0142ote uchwyty<\/td><\/tr><tr><td>Nowoczesny<\/td><td>Matowe fronty, proste linie<\/td><\/tr><\/tbody><\/table><\/figure>\n\n\n\n<p><strong>Wszystko zale\u017cy od Twojej wyobra\u017ani i potrzeb<\/strong>. Kuchnia z wysp\u0105 mo\u017ce by\u0107 zar\u00f3wno praktyczna, jak i pi\u0119kna \u2013 wystarczy odpowiednio j\u0105 zaprojektowa\u0107.<\/p>\n\n\n\n<h3 class=\"wp-block-heading\">R\u00f3\u017cnice mi\u0119dzy wysp\u0105 a p\u00f3\u0142wyspem kuchennym<\/h3>\n\n\n\n<p>Cho\u0107 <strong>wyspa kuchenna<\/strong> dominuje w nowoczesnych aran\u017cacjach, warto rozwa\u017cy\u0107 r\u00f3wnie\u017c <strong>p\u00f3\u0142wysep kuchenny<\/strong> \u2013 szczeg\u00f3lnie w mniejszych przestrzeniach. Oba rozwi\u0105zania maj\u0105 podobne funkcje, ale r\u00f3\u017cni\u0105 si\u0119 konstrukcj\u0105 i sposobem ustawienia.<\/p>\n\n\n\n<figure class=\"wp-block-table\"><table class=\"has-fixed-layout\"><tbody><tr><th>Element<\/th><th>Wyspa kuchenna<\/th><th>P\u00f3\u0142wysep kuchenny<\/th><\/tr><tr><td>Ustawienie<\/td><td>Wolnostoj\u0105ca, dost\u0119pna z ka\u017cdej strony<\/td><td>Przylega do \u015bciany lub zabudowy<\/td><\/tr><tr><td>Wymagana przestrze\u0144<\/td><td>Wi\u0119ksza<\/td><td>Mniejsza \u2013 idealna do ma\u0142ych kuchni<\/td><\/tr><tr><td>Funkcjonalno\u015b\u0107<\/td><td>Wi\u0119cej miejsca i swobody<\/td><td>Kompaktowe, ale praktyczne rozwi\u0105zanie<\/td><\/tr><\/tbody><\/table><\/figure>\n\n\n\n<p><strong>P\u00f3\u0142wysep to \u015bwietna alternatywa<\/strong> dla os\u00f3b, kt\u00f3re chc\u0105 zachowa\u0107 funkcjonalno\u015b\u0107 wyspy, ale nie dysponuj\u0105 du\u017c\u0105 przestrzeni\u0105. Mo\u017ce w\u0142a\u015bnie to rozwi\u0105zanie najlepiej sprawdzi si\u0119 w Twoim domu?<\/p>\n\n\n\n<figure class=\"wp-block-image size-full\"><a href=\"https:\/\/proplo.pl\/profile\/jacek-gonera-design\/projekt\/strefa-dzienna-projektu-domu-pod-wroclawiem-358\"><img loading=\"lazy\" decoding=\"async\" width=\"1200\" height=\"800\" src=\"https:\/\/proplo.pl\/blog\/wp-content\/uploads\/2025\/07\/wyspa-kuchenna-nowoczesna-kuchnia.png\" alt=\"Kuchnia w stylu minimalistycznym z jasnymi meblami i drewnianymi detalami.\" class=\"wp-image-1050\" srcset=\"https:\/\/proplo.pl\/blog\/wp-content\/uploads\/2025\/07\/wyspa-kuchenna-nowoczesna-kuchnia.png 1200w, https:\/\/proplo.pl\/blog\/wp-content\/uploads\/2025\/07\/wyspa-kuchenna-nowoczesna-kuchnia-300x200.png 300w, https:\/\/proplo.pl\/blog\/wp-content\/uploads\/2025\/07\/wyspa-kuchenna-nowoczesna-kuchnia-768x512.png 768w, https:\/\/proplo.pl\/blog\/wp-content\/uploads\/2025\/07\/wyspa-kuchenna-nowoczesna-kuchnia-1024x683.png 1024w, https:\/\/proplo.pl\/blog\/wp-content\/uploads\/2025\/07\/wyspa-kuchenna-nowoczesna-kuchnia-480x320.png 480w\" sizes=\"auto, (max-width: 1200px) 100vw, 1200px\" \/><\/a><figcaption class=\"wp-element-caption\">Projekt: <a href=\"https:\/\/proplo.pl\/profile\/jacek-gonera-design\">Jacek Gonera Design<\/a><\/figcaption><\/figure>\n\n\n\n<h2 class=\"wp-block-heading\">Funkcjonalne zastosowania wyspy kuchennej<\/h2>\n\n\n\n<p><strong>Wyspa kuchenna<\/strong> to nie tylko modny element aran\u017cacji \u2013 to prawdziwe centrum dowodzenia w ka\u017cdej <a href=\"https:\/\/proplo.pl\/blog\/kuchnia-w-stylu-nowoczesnym\/\">nowoczesnej kuchni<\/a>. Jej wszechstronno\u015b\u0107 sprawia, \u017ce mo\u017ce pe\u0142ni\u0107 wiele praktycznych funkcji, kt\u00f3re u\u0142atwiaj\u0105 codzienne gotowanie, organizacj\u0119 przestrzeni i \u017cycie rodzinne.<\/p>\n\n\n\n<p>Jednym z najcz\u0119stszych zastosowa\u0144 jest przekszta\u0142cenie wyspy w <strong>g\u0142\u00f3wn\u0105 stref\u0119 gotowania<\/strong>. Umieszczenie na niej p\u0142yty grzewczej sprawia, \u017ce przygotowywanie posi\u0142k\u00f3w staje si\u0119 wygodniejsze i bardziej towarzyskie. <strong>Gotuj\u0105c, nie odwracasz si\u0119 plecami do domownik\u00f3w<\/strong> \u2013 mo\u017cesz rozmawia\u0107, obserwowa\u0107 dzieci czy uczestniczy\u0107 w spotkaniach z przyjaci\u00f3\u0142mi. Kuchnia przestaje by\u0107 miejscem odosobnienia, a staje si\u0119 <strong>przestrzeni\u0105 wsp\u00f3lnych chwil<\/strong>.<\/p>\n\n\n\n<p>Innym praktycznym rozwi\u0105zaniem jest wyspa z <strong>wbudowanym zlewem<\/strong>, kt\u00f3ra tworzy wygodn\u0105 <strong>stref\u0119 zmywania<\/strong>. To idealne rozwi\u0105zanie dla os\u00f3b, kt\u00f3re chc\u0105 usprawni\u0107 codzienne obowi\u0105zki \u2013 od szybkiego op\u0142ukania warzyw po sprz\u0105tanie po posi\u0142kach.<\/p>\n\n\n\n<p>Je\u015bli brakuje Ci miejsca na przechowywanie, wyspa mo\u017ce pe\u0142ni\u0107 funkcj\u0119 <strong>dodatkowej spi\u017carni<\/strong>. Dzi\u0119ki <strong>szufladom, p\u00f3\u0142kom i szafkom<\/strong> zyskujesz wi\u0119cej przestrzeni na naczynia, produkty spo\u017cywcze czy akcesoria kuchenne \u2013 co jest szczeg\u00f3lnie cenne w mniejszych kuchniach, gdzie liczy si\u0119 ka\u017cdy centymetr.<\/p>\n\n\n\n<p>Wyspa kuchenna mo\u017ce r\u00f3wnie\u017c pe\u0142ni\u0107 funkcj\u0119 estetyczn\u0105 jako <strong>cz\u0119\u015b\u0107 zabudowy kuchennej<\/strong>. Dobrze zaprojektowana, staje si\u0119 <strong>ozdob\u0105 wn\u0119trza<\/strong>, nadaj\u0105c mu styl i charakter. Jej wygl\u0105d mo\u017cna dopasowa\u0107 do reszty aran\u017cacji \u2013 od nowoczesnych po klasyczne kuchnie.<\/p>\n\n\n\n<p>Wielu u\u017cytkownik\u00f3w decyduje si\u0119 tak\u017ce na wykorzystanie wyspy jako <strong>sto\u0142u jadalnego<\/strong> lub <strong>domowego barku<\/strong>. Wystarczy doda\u0107 kilka hoker\u00f3w, by stworzy\u0107 idealne miejsce na:<\/p>\n\n\n\n<ul class=\"wp-block-list\">\n<li><strong>porann\u0105 kaw\u0119<\/strong>,<\/li>\n\n\n\n<li><strong>szybkie \u015bniadanie<\/strong>,<\/li>\n\n\n\n<li><strong>obiad w biegu<\/strong>,<\/li>\n\n\n\n<li><strong>wieczorne rozmowy przy winie<\/strong>.<\/li>\n<\/ul>\n\n\n\n<p>To w\u0142a\u015bnie ta <strong>elastyczno\u015b\u0107 i wielofunkcyjno\u015b\u0107<\/strong> sprawiaj\u0105, \u017ce wyspa cz\u0119sto staje si\u0119 <strong>sercem kuchni<\/strong> \u2013 miejscem, gdzie toczy si\u0119 codzienne \u017cycie domownik\u00f3w.<\/p>\n\n\n\n<p>Na koniec warto podkre\u015bli\u0107 jeszcze jedn\u0105 zalet\u0119: wyspa to tak\u017ce <strong>dodatkowa przestrze\u0144 robocza<\/strong>. Zyskujesz wi\u0119cej blatu do pracy, co u\u0142atwia przygotowywanie posi\u0142k\u00f3w i utrzymanie porz\u0105dku. <strong>Je\u015bli marzysz o kuchni, kt\u00f3ra \u0142\u0105czy funkcjonalno\u015b\u0107 z domowym ciep\u0142em \u2013 wyspa kuchenna mo\u017ce by\u0107 dok\u0142adnie tym, czego potrzebujesz.<\/strong><\/p>\n\n\n\n<h2 class=\"wp-block-heading\">Ergonomia i projektowanie kuchni z wysp\u0105<\/h2>\n\n\n\n<p>Projektowanie kuchni z wysp\u0105 to nie tylko kwestia estetyki, ale przede wszystkim <strong>funkcjonalno\u015bci i komfortu u\u017cytkowania<\/strong>. Je\u015bli chcesz, aby gotowanie by\u0142o przyjemno\u015bci\u0105, a nie uci\u0105\u017cliwym obowi\u0105zkiem, zadbaj o <strong>ergonomiczny uk\u0142ad przestrzeni<\/strong><sup data-fn=\"90b11095-1054-416c-bead-003b5137fd76\" class=\"fn\"><a id=\"90b11095-1054-416c-bead-003b5137fd76-link\" href=\"#90b11095-1054-416c-bead-003b5137fd76\">1<\/a><\/sup>. Dobrze zaplanowana kuchnia umo\u017cliwia swobodne poruszanie si\u0119, bez zb\u0119dnych przeszk\u00f3d \u2013 wszystko znajduje si\u0119 dok\u0142adnie tam, gdzie powinno.<\/p>\n\n\n\n<p><strong>Kuchnia z wysp\u0105<\/strong> to nie chwilowy trend, lecz przemy\u015blane rozwi\u0105zanie zwi\u0119kszaj\u0105ce funkcjonalno\u015b\u0107 wn\u0119trza. Jednak <strong>rozmiar wyspy ma kluczowe znaczenie<\/strong>. Zbyt du\u017ca wyspa w ma\u0142ej kuchni mo\u017ce utrudnia\u0107 codzienne funkcjonowanie. Dlatego <strong>projekt wyspy kuchennej<\/strong> powinien by\u0107 dostosowany zar\u00f3wno do metra\u017cu, jak i stylu \u017cycia domownik\u00f3w. Kuchnia to przecie\u017c nie tylko miejsce gotowania \u2013 to cz\u0119sto <strong>centrum \u017cycia rodzinnego<\/strong>, przestrze\u0144 rozm\u00f3w, wsp\u00f3lnych posi\u0142k\u00f3w i codziennych spotka\u0144.<\/p>\n\n\n\n<h3 class=\"wp-block-heading\">Zasada tr\u00f3jk\u0105ta roboczego z udzia\u0142em wyspy<\/h3>\n\n\n\n<p>Aby kuchnia dzia\u0142a\u0142a sprawnie i intuicyjnie, warto zastosowa\u0107 <strong>zasad\u0119 tr\u00f3jk\u0105ta roboczego<\/strong>. To klasyczne podej\u015bcie do rozmieszczenia trzech kluczowych stref: <strong>lod\u00f3wki, zlewu i kuchenki<\/strong>. Ich odpowiednie ustawienie wp\u0142ywa na p\u0142ynno\u015b\u0107 ruch\u00f3w i wygod\u0119 podczas gotowania.<\/p>\n\n\n\n<p><strong>Wyspa kuchenna<\/strong> mo\u017ce by\u0107 doskona\u0142ym uzupe\u0142nieniem tego uk\u0142adu. Umieszczenie na niej zlewu lub p\u0142yty grzewczej sprawia, \u017ce przemieszczanie si\u0119 mi\u0119dzy strefami staje si\u0119 <strong>naturalne, szybkie i ergonomiczne<\/strong>. Mniej krok\u00f3w, mniej chaosu \u2013 wi\u0119cej przyjemno\u015bci z gotowania.<\/p>\n\n\n\n<h3 class=\"wp-block-heading\">Wymiary i proporcje wyspy kuchennej<\/h3>\n\n\n\n<p>W przypadku wyspy kuchennej kluczowe s\u0105 <strong>odpowiednie proporcje i dopasowanie do przestrzeni<\/strong>. Zbyt ma\u0142a wyspa w du\u017cej kuchni mo\u017ce wygl\u0105da\u0107 nieproporcjonalnie, natomiast zbyt du\u017ca w ma\u0142ym wn\u0119trzu \u2013 przeszkadza\u0107 w codziennym u\u017cytkowaniu.<\/p>\n\n\n\n<p>Aby zapewni\u0107 komfort, nale\u017cy zachowa\u0107 <strong>minimum 90 cm wolnej przestrzeni wok\u00f3\u0142 wyspy<\/strong>. To wystarczaj\u0105co du\u017co, by swobodnie si\u0119 porusza\u0107 i otwiera\u0107 szafki bez kolizji.<\/p>\n\n\n\n<p>W wi\u0119kszych kuchniach <strong>du\u017ca wyspa<\/strong> mo\u017ce pe\u0142ni\u0107 wiele funkcji jednocze\u015bnie:<\/p>\n\n\n\n<ul class=\"wp-block-list\">\n<li>blat roboczy do przygotowywania posi\u0142k\u00f3w,<\/li>\n\n\n\n<li>miejsce do przechowywania naczy\u0144 i akcesori\u00f3w,<\/li>\n\n\n\n<li>strefa jadalniana do codziennych posi\u0142k\u00f3w lub spotka\u0144.<\/li>\n<\/ul>\n\n\n\n<p>Nie zapominaj r\u00f3wnie\u017c o <strong>wysoko\u015bci wyspy<\/strong> \u2013 powinna by\u0107 dostosowana do Twojego wzrostu i przeznaczenia. Inna wysoko\u015b\u0107 sprawdzi si\u0119 do gotowania, a inna do spo\u017cywania posi\u0142k\u00f3w. <strong>Komfort u\u017cytkowania to podstawa \u2013 nie warto i\u015b\u0107 na kompromisy<\/strong>.<\/p>\n\n\n\n<figure class=\"wp-block-image size-full\"><a href=\"https:\/\/proplo.pl\/profile\/jacek-gonera-design\/projekt\/mieszkanie-w-tg-360\"><img loading=\"lazy\" decoding=\"async\" width=\"1200\" height=\"800\" src=\"https:\/\/proplo.pl\/blog\/wp-content\/uploads\/2025\/07\/nowoczesna-kuchnia-z-wyspa\u0328.png\" alt=\"Wn\u0119trze kuchni z niebiesk\u0105 wysp\u0105, eklektycznym stylem i minimalistycznymi akcentami.\" class=\"wp-image-1051\" srcset=\"https:\/\/proplo.pl\/blog\/wp-content\/uploads\/2025\/07\/nowoczesna-kuchnia-z-wyspa\u0328.png 1200w, https:\/\/proplo.pl\/blog\/wp-content\/uploads\/2025\/07\/nowoczesna-kuchnia-z-wyspa\u0328-300x200.png 300w, https:\/\/proplo.pl\/blog\/wp-content\/uploads\/2025\/07\/nowoczesna-kuchnia-z-wyspa\u0328-768x512.png 768w, https:\/\/proplo.pl\/blog\/wp-content\/uploads\/2025\/07\/nowoczesna-kuchnia-z-wyspa\u0328-1024x683.png 1024w, https:\/\/proplo.pl\/blog\/wp-content\/uploads\/2025\/07\/nowoczesna-kuchnia-z-wyspa\u0328-480x320.png 480w\" sizes=\"auto, (max-width: 1200px) 100vw, 1200px\" \/><\/a><figcaption class=\"wp-element-caption\">Projekt: <a href=\"https:\/\/proplo.pl\/profile\/jacek-gonera-design\">Jacek Gonera Design<\/a><\/figcaption><\/figure>\n\n\n\n<h3 class=\"wp-block-heading\">Materia\u0142y na blat: marmur, konglomerat i inne<\/h3>\n\n\n\n<p>Wyb\u00f3r <strong>materia\u0142u na blat wyspy<\/strong> wp\u0142ywa zar\u00f3wno na wygl\u0105d kuchni, jak i jej trwa\u0142o\u015b\u0107 oraz funkcjonalno\u015b\u0107. Oto por\u00f3wnanie najpopularniejszych opcji:<\/p>\n\n\n\n<figure class=\"wp-block-table\"><table class=\"has-fixed-layout\"><tbody><tr><th>Materia\u0142<\/th><th>Zalety<\/th><th>Wady<\/th><\/tr><tr><td><strong>Marmur<\/strong><\/td><td>Naturalny, elegancki, unikalny rysunek<\/td><td>Podatny na plamy, wymaga impregnacji<\/td><\/tr><tr><td><strong>Konglomerat<\/strong><\/td><td>Trwa\u0142y, odporny na zarysowania, \u0142atwy w czyszczeniu<\/td><td>Mo\u017ce by\u0107 mniej naturalny w wygl\u0105dzie<\/td><\/tr><tr><td><strong>Drewno<\/strong><\/td><td>Ciep\u0142e, przytulne, estetyczne<\/td><td>Wymaga regularnej piel\u0119gnacji i impregnacji<\/td><\/tr><tr><td><strong>Stal nierdzewna<\/strong><\/td><td>Nowoczesna, higieniczna, odporna na wysokie temperatury<\/td><td>Mo\u017ce si\u0119 rysowa\u0107, ch\u0142odna w odbiorze<\/td><\/tr><\/tbody><\/table><\/figure>\n\n\n\n<p>Wybieraj\u0105c blat, kieruj si\u0119 nie tylko estetyk\u0105, ale przede wszystkim <strong>intensywno\u015bci\u0105 u\u017cytkowania kuchni<\/strong>. Je\u015bli gotujesz codziennie, postaw na materia\u0142 trwa\u0142y i \u0142atwy w utrzymaniu. Je\u015bli kuchnia pe\u0142ni g\u0142\u00f3wnie funkcj\u0119 reprezentacyjn\u0105 \u2013 mo\u017cesz pozwoli\u0107 sobie na bardziej luksusowe, ale mniej praktyczne rozwi\u0105zania.<\/p>\n\n\n\n<p>Na koniec \u2013 kilka <strong>nowoczesnych dodatk\u00f3w<\/strong>, kt\u00f3re mog\u0105 znacz\u0105co podnie\u015b\u0107 komfort u\u017cytkowania kuchni z wysp\u0105:<\/p>\n\n\n\n<ul class=\"wp-block-list\">\n<li><strong>Szuflady z cichym domykiem<\/strong> \u2013 eliminuj\u0105 ha\u0142as i zwi\u0119kszaj\u0105 komfort codziennego u\u017cytkowania,<\/li>\n\n\n\n<li><strong>Wbudowane gniazdka<\/strong> \u2013 zawsze pod r\u0119k\u0105, idealne do pod\u0142\u0105czenia blendera, ekspresu czy \u0142adowarki,<\/li>\n\n\n\n<li><strong>Zintegrowane o\u015bwietlenie LED<\/strong> \u2013 zapewnia funkcjonalne \u015bwiat\u0142o robocze i tworzy przytulny klimat.<\/li>\n<\/ul>\n\n\n\n<p>To w\u0142a\u015bnie te detale sprawiaj\u0105, \u017ce <strong>kuchnia z wysp\u0105 staje si\u0119 nie tylko praktyczna, ale te\u017c stylowa i przyjemna w codziennym u\u017cytkowaniu<\/strong>. Bo liczy si\u0119 nie tylko to, co gotujesz, ale te\u017c <strong>gdzie i jak to robisz<\/strong>.<\/p>\n\n\n\n<h2 class=\"wp-block-heading\">Kuchnia z wysp\u0105 w r\u00f3\u017cnych uk\u0142adach przestrzennych<\/h2>\n\n\n\n<p>W nowoczesnych aran\u017cacjach wn\u0119trz coraz cz\u0119\u015bciej pojawia si\u0119 <strong>otwarta kuchnia z wysp\u0105<\/strong>, harmonijnie po\u0142\u0105czona z salonem. Taki uk\u0142ad tworzy <strong>sp\u00f3jn\u0105 i funkcjonaln\u0105 przestrze\u0144 dzienn\u0105<\/strong>, w kt\u00f3rej ka\u017cdy element ma swoje miejsce. Co istotne, sprzyja on codziennym rozmowom, wsp\u00f3lnemu sp\u0119dzaniu czasu oraz <strong>swobodnemu przemieszczaniu si\u0119 mi\u0119dzy strefami<\/strong>. <strong>Kuchnia otwarta na salon<\/strong> to obecnie jedno z najcz\u0119\u015bciej wybieranych rozwi\u0105za\u0144 \u2013 szczeg\u00f3lnie tam, gdzie liczy si\u0119 przestrze\u0144, \u015bwiat\u0142o i komfort \u017cycia.<\/p>\n\n\n\n<p>Dlaczego <strong>kuchnia z wysp\u0105<\/strong> cieszy si\u0119 tak du\u017c\u0105 popularno\u015bci\u0105? Przede wszystkim ze wzgl\u0119du na swoj\u0105 <strong>wszechstronno\u015b\u0107 i elastyczno\u015b\u0107<\/strong>. Wyspa mo\u017ce pe\u0142ni\u0107 wiele funkcji:<\/p>\n\n\n\n<ul class=\"wp-block-list\">\n<li><strong>Blat roboczy<\/strong> \u2013 idealny do przygotowywania posi\u0142k\u00f3w.<\/li>\n\n\n\n<li><strong>Strefa spo\u017cywania posi\u0142k\u00f3w<\/strong> \u2013 doskona\u0142a na szybkie \u015bniadania czy rodzinne obiady.<\/li>\n\n\n\n<li><strong>Przestrze\u0144 do spotka\u0144 towarzyskich<\/strong> \u2013 miejsce rozm\u00f3w przy kawie lub winie.<\/li>\n<\/ul>\n\n\n\n<p>Dzi\u0119ki temu kuchnia p\u0142ynnie \u0142\u0105czy si\u0119 z <a href=\"https:\/\/proplo.pl\/pomieszczenia\/jadalnia\">jadalni\u0105<\/a> lub salonem, tworz\u0105c przestrze\u0144, kt\u00f3ra jest <strong>zar\u00f3wno estetyczna, jak i praktyczna<\/strong>. To rozwi\u0105zanie idealne na ka\u017cd\u0105 okazj\u0119 \u2013 od codziennych posi\u0142k\u00f3w po wieczorne spotkania z bliskimi. <strong>Po\u0142\u0105czenie kuchni z salonem<\/strong> to nie tylko modny trend, ale przede wszystkim <strong>styl \u017cycia, kt\u00f3ry u\u0142atwia codzienne funkcjonowanie i zbli\u017ca domownik\u00f3w<\/strong>.<\/p>\n\n\n\n<p>Jak <strong>kuchnia z wysp\u0105 po\u0142\u0105czona z salonem<\/strong> wp\u0142ywa na codzienne \u017cycie? Czy rzeczywi\u015bcie buduje relacje? <strong>Zdecydowanie tak<\/strong>. W wielu domach wyspa staje si\u0119 <strong>centrum rodzinnych aktywno\u015bci<\/strong> \u2013 dzieci odrabiaj\u0105 przy niej lekcje, podczas gdy rodzice gotuj\u0105 obiad. Taka <strong>otwarta kuchnia z wysp\u0105<\/strong> to nie chwilowa moda, lecz <strong>przemy\u015blana koncepcja przestrzeni<\/strong>, kt\u00f3ra:<\/p>\n\n\n\n<ul class=\"wp-block-list\">\n<li><strong>Wspiera blisko\u015b\u0107 i integracj\u0119 domownik\u00f3w<\/strong>.<\/li>\n\n\n\n<li><strong>U\u0142atwia komunikacj\u0119<\/strong> mi\u0119dzy cz\u0142onkami rodziny.<\/li>\n\n\n\n<li><strong>Podnosi komfort codziennego \u017cycia<\/strong>.<\/li>\n\n\n\n<li><strong>Tworzy przyjazne i funkcjonalne \u015brodowisko<\/strong> do wsp\u00f3lnego sp\u0119dzania czasu.<\/li>\n<\/ul>\n\n\n\n<p><strong>To rozwi\u0105zanie, kt\u00f3re realnie wp\u0142ywa na jako\u015b\u0107 \u017cycia \u2013 sprawia, \u017ce codzienno\u015b\u0107 staje si\u0119 wygodniejsza, cieplejsza i bardziej zintegrowana<\/strong>.<\/p>\n\n\n\n<figure class=\"wp-block-image size-full\"><a href=\"https:\/\/proplo.pl\/profile\/morethaninteriors\/projekt\/apartament-100m2-351\"><img loading=\"lazy\" decoding=\"async\" width=\"1200\" height=\"800\" src=\"https:\/\/proplo.pl\/blog\/wp-content\/uploads\/2025\/07\/kuchenna-wyspa-w-mieszkaniu.png\" alt=\"Nowoczesna kuchnia z szarym blatem, drewnianymi meblami i minimalistycznym o\u015bwietleniem.\" class=\"wp-image-1052\" srcset=\"https:\/\/proplo.pl\/blog\/wp-content\/uploads\/2025\/07\/kuchenna-wyspa-w-mieszkaniu.png 1200w, https:\/\/proplo.pl\/blog\/wp-content\/uploads\/2025\/07\/kuchenna-wyspa-w-mieszkaniu-300x200.png 300w, https:\/\/proplo.pl\/blog\/wp-content\/uploads\/2025\/07\/kuchenna-wyspa-w-mieszkaniu-768x512.png 768w, https:\/\/proplo.pl\/blog\/wp-content\/uploads\/2025\/07\/kuchenna-wyspa-w-mieszkaniu-1024x683.png 1024w, https:\/\/proplo.pl\/blog\/wp-content\/uploads\/2025\/07\/kuchenna-wyspa-w-mieszkaniu-480x320.png 480w\" sizes=\"auto, (max-width: 1200px) 100vw, 1200px\" \/><\/a><figcaption class=\"wp-element-caption\">Projekt: <a href=\"https:\/\/proplo.pl\/profile\/morethaninteriors\">Morethaninteriors<\/a><\/figcaption><\/figure>\n\n\n\n<h2 class=\"wp-block-heading\">Style wn\u0119trzarskie w kuchniach z wysp\u0105<\/h2>\n\n\n\n<p><strong>Wyb\u00f3r stylu kuchni z wysp\u0105<\/strong> to nie tylko kwestia estetyki \u2013 to decyzja, kt\u00f3ra wp\u0142ywa na codzienne funkcjonowanie i atmosfer\u0119 w domu. Tego typu przestrze\u0144 mo\u017ce przybra\u0107 wiele form: od surowego industrialu, przez ponadczasow\u0105 klasyk\u0119, a\u017c po nowoczesny minimalizm. <strong>Dzi\u0119ki tej r\u00f3\u017cnorodno\u015bci \u0142atwo dopasowa\u0107 j\u0105 do w\u0142asnych potrzeb i gustu<\/strong>.<\/p>\n\n\n\n<p><strong>Styl wyspy kuchennej<\/strong> powinien harmonizowa\u0107 z reszt\u0105 wn\u0119trza, tworz\u0105c sp\u00f3jn\u0105 i przemy\u015blan\u0105 kompozycj\u0119. Dobrze zaprojektowana wyspa nie tylko przyci\u0105ga wzrok, ale te\u017c u\u0142atwia codzienne czynno\u015bci. A \u017ce mo\u017cliwo\u015bci aran\u017cacyjne s\u0105 niemal nieograniczone \u2013 od prostych, oszcz\u0119dnych form po bogato zdobione detale \u2013 warto zastanowi\u0107 si\u0119, co najlepiej oddaje Tw\u00f3j styl \u017cycia. <strong>Na co zwr\u00f3ci\u0107 uwag\u0119, by trafi\u0107 w punkt?<\/strong><\/p>\n\n\n\n<h3 class=\"wp-block-heading\">Nowoczesna kuchnia z wysp\u0105 \u2013 minimalizm i funkcjonalno\u015b\u0107<\/h3>\n\n\n\n<p><strong>Nowoczesna kuchnia z wysp\u0105<\/strong> to przestrze\u0144, w kt\u00f3rej kr\u00f3luje prostota i funkcjonalno\u015b\u0107. G\u0142adkie powierzchnie, <strong>geometryczne kszta\u0142ty<\/strong> oraz stonowane barwy tworz\u0105 wn\u0119trze lekkie, uporz\u0105dkowane i eleganckie. Cz\u0119sto pojawiaj\u0105 si\u0119 tu <strong>pod\u015bwietlenia LED<\/strong>, kt\u00f3re nie tylko podkre\u015blaj\u0105 form\u0119 wyspy, ale te\u017c dodaj\u0105 jej futurystycznego charakteru.<\/p>\n\n\n\n<p>W takim wn\u0119trzu <strong>wyspa kuchenna staje si\u0119 centrum \u017cycia domowego<\/strong> \u2013 to miejsce do gotowania, spo\u017cywania posi\u0142k\u00f3w, a nawet pracy z laptopem. Cz\u0119\u015b\u0107 jadalniana mo\u017ce by\u0107 subtelnie oddzielona od roboczej, co sprzyja wygodzie i integracji. Je\u015bli cenisz nowinki technologiczne, rozwa\u017c:<\/p>\n\n\n\n<ul class=\"wp-block-list\">\n<li><strong>Wysuwany blat<\/strong> \u2013 idealny do szybkich posi\u0142k\u00f3w lub pracy;<\/li>\n\n\n\n<li><strong>Wbudowany system segregacji odpad\u00f3w<\/strong> \u2013 dla wi\u0119kszej wygody i ekologii;<\/li>\n\n\n\n<li><strong>Indukcj\u0119 zintegrowan\u0105 z blatem<\/strong> \u2013 dla maksymalnej oszcz\u0119dno\u015bci miejsca;<\/li>\n\n\n\n<li><strong>Gniazda USB i elektryczne<\/strong> \u2013 ukryte w blacie, zawsze pod r\u0119k\u0105.<\/li>\n<\/ul>\n\n\n\n<p><strong>To po\u0142\u0105czenie designu i praktyczno\u015bci w najlepszym wydaniu<\/strong>.<\/p>\n\n\n\n<h3 class=\"wp-block-heading\">Klasyczna kuchnia z wysp\u0105 \u2013 elegancja i detale<\/h3>\n\n\n\n<p>Marzysz o kuchni z dusz\u0105? <strong>Styl klasyczny<\/strong> to wyb\u00f3r, kt\u00f3ry nigdy nie wychodzi z mody. <strong>Frezowane fronty<\/strong>, ozdobne uchwyty i subtelne zdobienia tworz\u0105 atmosfer\u0119 ciep\u0142a i ponadczasowej elegancji. Cho\u0107 inspirowany tradycj\u0105, ten styl nie rezygnuje z nowoczesnych rozwi\u0105za\u0144 \u2013 dzi\u0119ki temu kuchnia jest nie tylko pi\u0119kna, ale i funkcjonalna.<\/p>\n\n\n\n<p>W centrum takiej aran\u017cacji znajduje si\u0119 <strong>charakterystyczna wyspa<\/strong> \u2013 cz\u0119sto z kamiennym lub drewnianym blatem \u2013 kt\u00f3ra przyci\u0105ga uwag\u0119 i nadaje wn\u0119trzu wyj\u0105tkowego charakteru. Warto zadba\u0107 o detale, kt\u00f3re buduj\u0105 klimat:<\/p>\n\n\n\n<ul class=\"wp-block-list\">\n<li><strong>Krzes\u0142a barowe w stylu retro<\/strong> \u2013 dodaj\u0105 uroku i nawi\u0105zuj\u0105 do tradycji;<\/li>\n\n\n\n<li><strong>Klasyczne lampy wisz\u0105ce<\/strong> \u2013 tworz\u0105 nastrojowe o\u015bwietlenie;<\/li>\n\n\n\n<li><strong>Porcelanowe akcenty i dodatki<\/strong> \u2013 wprowadzaj\u0105 elegancj\u0119 i lekko\u015b\u0107;<\/li>\n\n\n\n<li><strong>Stylizowane baterie kuchenne<\/strong> \u2013 podkre\u015blaj\u0105 klasyczny charakter wn\u0119trza.<\/li>\n<\/ul>\n\n\n\n<p><strong>To w\u0142a\u015bnie te elementy sprawiaj\u0105, \u017ce kuchnia staje si\u0119 miejscem z dusz\u0105 \u2013 przytulnym, eleganckim i ponadczasowym<\/strong>.<\/p>\n\n\n\n<h3 class=\"wp-block-heading\">Kuchnia w stylu industrialnym \u2013 surowo\u015b\u0107 i praktyczno\u015b\u0107<\/h3>\n\n\n\n<p>Je\u015bli bliski Ci jest klimat loft\u00f3w, <strong>kuchnia w stylu industrialnym z wysp\u0105<\/strong> b\u0119dzie strza\u0142em w dziesi\u0105tk\u0119. Tu kr\u00f3luj\u0105 <strong>betonowe faktury<\/strong>, <strong>metalowe detale<\/strong> i otwarte przestrzenie. Surowo\u015b\u0107 tego stylu idzie w parze z funkcjonalno\u015bci\u0105 \u2013 to wn\u0119trze, kt\u00f3re nie tylko wygl\u0105da, ale te\u017c dzia\u0142a.<\/p>\n\n\n\n<p>Wyspa w tej estetyce cz\u0119sto wykonana jest z metalu lub drewna z odzysku, co dodaje jej autentyczno\u015bci i charakteru. Mo\u017ce pe\u0142ni\u0107 wiele funkcji \u2013 od przestrzeni roboczej, przez miejsce do wsp\u00f3lnego gotowania, a\u017c po domowe biuro. Aby dope\u0142ni\u0107 ca\u0142o\u015b\u0107, warto postawi\u0107 na industrialne o\u015bwietlenie, takie jak:<\/p>\n\n\n\n<ul class=\"wp-block-list\">\n<li><strong>Lampy na surowych kablach<\/strong> \u2013 podkre\u015blaj\u0105 loftowy klimat;<\/li>\n\n\n\n<li><strong>Reflektory w stylu fabrycznym<\/strong> \u2013 zapewniaj\u0105 mocne, punktowe \u015bwiat\u0142o;<\/li>\n\n\n\n<li><strong>Metalowe kinkiety z widocznymi \u017car\u00f3wkami<\/strong> \u2013 dodaj\u0105 surowo\u015bci i charakteru;<\/li>\n\n\n\n<li><strong>O\u015bwietlenie szynowe<\/strong> \u2013 elastyczne i funkcjonalne rozwi\u0105zanie.<\/li>\n<\/ul>\n\n\n\n<p><strong><a href=\"https:\/\/proplo.pl\/style\/industrialny\">Styl industrialny<\/a> to nie tylko estetyka \u2013 to spos\u00f3b my\u015blenia: prosto, praktycznie i z charakterem<\/strong>.<\/p>\n\n\n\n<figure class=\"wp-block-image size-full\"><a href=\"https:\/\/proplo.pl\/profile\/pindearte\/projekt\/dom-hiszpania-2164\"><img loading=\"lazy\" decoding=\"async\" width=\"1200\" height=\"800\" src=\"https:\/\/proplo.pl\/blog\/wp-content\/uploads\/2025\/07\/kuchnia-z-wyspa\u0328-styl-industrialny.png\" alt=\"Wn\u0119trze kuchni w stylu industrialnym z minimalistycznymi meblami.\" class=\"wp-image-1053\" srcset=\"https:\/\/proplo.pl\/blog\/wp-content\/uploads\/2025\/07\/kuchnia-z-wyspa\u0328-styl-industrialny.png 1200w, https:\/\/proplo.pl\/blog\/wp-content\/uploads\/2025\/07\/kuchnia-z-wyspa\u0328-styl-industrialny-300x200.png 300w, https:\/\/proplo.pl\/blog\/wp-content\/uploads\/2025\/07\/kuchnia-z-wyspa\u0328-styl-industrialny-768x512.png 768w, https:\/\/proplo.pl\/blog\/wp-content\/uploads\/2025\/07\/kuchnia-z-wyspa\u0328-styl-industrialny-1024x683.png 1024w, https:\/\/proplo.pl\/blog\/wp-content\/uploads\/2025\/07\/kuchnia-z-wyspa\u0328-styl-industrialny-480x320.png 480w\" sizes=\"auto, (max-width: 1200px) 100vw, 1200px\" \/><\/a><figcaption class=\"wp-element-caption\">Projekt: <a href=\"https:\/\/proplo.pl\/profile\/pindearte\">PindeArte<\/a><\/figcaption><\/figure>\n\n\n\n<h3 class=\"wp-block-heading\">Kuchnia w stylu skandynawskim \u2013 jasno\u015b\u0107 i naturalno\u015b\u0107<\/h3>\n\n\n\n<p><strong>Skandynawska kuchnia z wysp\u0105<\/strong> to przestrze\u0144, w kt\u00f3rej kr\u00f3luje \u015bwiat\u0142o i prostota. <strong>Jasne barwy<\/strong>, <strong>naturalne surowce<\/strong> i funkcjonalne rozwi\u0105zania tworz\u0105 wn\u0119trze przyjazne i komfortowe. To styl, kt\u00f3ry sprzyja codziennemu \u017cyciu \u2013 bez zb\u0119dnych ozdobnik\u00f3w, ale z du\u017c\u0105 dawk\u0105 ciep\u0142a.<\/p>\n\n\n\n<p>Wyspa w <a href=\"https:\/\/proplo.pl\/style\/skandynawski\">stylu skandynawskim<\/a> cz\u0119sto wykonana jest z bielonego drewna lub w odcieniach bieli, co optycznie powi\u0119ksza przestrze\u0144. Mo\u017ce s\u0142u\u017cy\u0107 jako miejsce do gotowania, ale te\u017c jako strefa relaksu \u2013 z kubkiem herbaty i widokiem na ogr\u00f3d. Aby doda\u0107 wn\u0119trzu przytulno\u015bci, warto si\u0119gn\u0105\u0107 po:<\/p>\n\n\n\n<ul class=\"wp-block-list\">\n<li><strong>Pastelowe tekstylia<\/strong> \u2013 poduszki, zas\u0142ony, obrusy;<\/li>\n\n\n\n<li><strong>Zielone ro\u015bliny w doniczkach<\/strong> \u2013 wprowadzaj\u0105 \u017cycie i \u015bwie\u017co\u015b\u0107;<\/li>\n\n\n\n<li><strong>Otwarte p\u00f3\u0142ki z ceramik\u0105 i szk\u0142em<\/strong> \u2013 eksponuj\u0105 pi\u0119kne przedmioty codziennego u\u017cytku;<\/li>\n\n\n\n<li><strong>Drewniane dodatki<\/strong> \u2013 podkre\u015blaj\u0105 naturalny charakter wn\u0119trza.<\/li>\n<\/ul>\n\n\n\n<p><strong>To w\u0142a\u015bnie te drobne akcenty tworz\u0105 atmosfer\u0119 domowego ciep\u0142a i harmonii<\/strong>.<\/p>\n\n\n\n<h3 class=\"wp-block-heading\">Kuchnia w stylu glamour \u2013 blask i marmurowe blaty<\/h3>\n\n\n\n<p>Chcesz, by Twoja kuchnia robi\u0142a wra\u017cenie? <strong>Styl glamour<\/strong> to propozycja dla tych, kt\u00f3rzy ceni\u0105 luksus i efektowno\u015b\u0107. <strong>Po\u0142yskuj\u0105ce fronty<\/strong>, <strong>marmurowe powierzchnie<\/strong> i dekoracyjne dodatki tworz\u0105 przestrze\u0144 pe\u0142n\u0105 elegancji i wyrafinowania. <strong>To styl, kt\u00f3ry \u0142\u0105czy funkcjonalno\u015b\u0107 z teatralnym rozmachem<\/strong>.<\/p>\n\n\n\n<p>Wyspa w stylu glamour to prawdziwa ozdoba wn\u0119trza \u2013 cz\u0119sto lakierowana na wysoki po\u0142ysk, z elementami w kolorze z\u0142ota lub srebra. W zestawieniu z kryszta\u0142owymi lampami i welurowymi hokerami tworzy przestrze\u0144, kt\u00f3ra zachwyca nie tylko wygl\u0105dem, ale te\u017c komfortem. Aby wzmocni\u0107 efekt glamour, warto postawi\u0107 na:<\/p>\n\n\n\n<ul class=\"wp-block-list\">\n<li><strong>Kryszta\u0142owe \u017cyrandole<\/strong> \u2013 dodaj\u0105 blasku i elegancji;<\/li>\n\n\n\n<li><strong>Welurowe hokery<\/strong> \u2013 wygodne i stylowe siedziska;<\/li>\n\n\n\n<li><strong>Z\u0142ote lub srebrne akcenty<\/strong> \u2013 uchwyty, ramy, dodatki;<\/li>\n\n\n\n<li><strong>Szklane witryny z pod\u015bwietleniem<\/strong> \u2013 eksponuj\u0105 zastaw\u0119 i dekoracje.<\/li>\n<\/ul>\n\n\n\n<p><strong><a href=\"https:\/\/proplo.pl\/style\/glamour\">Styl glamour<\/a> to wyb\u00f3r dla tych, kt\u00f3rzy chc\u0105, by ich kuchnia by\u0142a nie tylko praktyczna, ale i spektakularna<\/strong>.<\/p>\n\n\n\n<h2 class=\"wp-block-heading\">Aran\u017cacje kuchni z wysp\u0105 \u2013 przyk\u0142ady i pomys\u0142y<\/h2>\n\n\n\n<p><strong>Nowoczesna kuchnia z wysp\u0105<\/strong> to nie tylko praktyczne rozwi\u0105zanie, ale tak\u017ce \u017ar\u00f3d\u0142o inspiracji dla os\u00f3b poszukuj\u0105cych harmonii mi\u0119dzy stylem a funkcjonalno\u015bci\u0105. <strong>Projekty kuchni z wysp\u0105<\/strong> oferuj\u0105 szerok\u0105 gam\u0119 mo\u017cliwo\u015bci \u2013 od minimalistycznych, surowych przestrzeni po przytulne, klasyczne wn\u0119trza. Sama wyspa mo\u017ce pe\u0142ni\u0107 wiele funkcji: by\u0107 <strong>blatem roboczym, miejscem do spo\u017cywania posi\u0142k\u00f3w, centrum spotka\u0144 z rodzin\u0105 i przyjaci\u00f3\u0142mi<\/strong>. Cz\u0119sto staje si\u0119 sercem kuchni \u2013 miejscem, gdzie estetyka spotyka si\u0119 z codzienn\u0105 wygod\u0105.<\/p>\n\n\n\n<p>Je\u015bli szukasz inspiracji na <strong>aran\u017cacj\u0119 kuchni z wysp\u0105<\/strong>, jeste\u015b we w\u0142a\u015bciwym miejscu. Niezale\u017cnie od tego, czy marzysz o industrialnym lofcie, czy o jasnym wn\u0119trzu w stylu skandynawskim \u2013 wyspa mo\u017ce by\u0107 tym elementem, kt\u00f3ry spaja ca\u0142o\u015b\u0107. To nie tylko mebel, ale <strong>przestrze\u0144 do gotowania, rozm\u00f3w, a nawet pracy zdalnej<\/strong>. Jak wi\u0119c stworzy\u0107 kuchni\u0119, kt\u00f3ra zachwyca wygl\u0105dem i dzia\u0142a bez zarzutu?<\/p>\n\n\n\n<h3 class=\"wp-block-heading\">Funkcjonalna aran\u017cacja ma\u0142ej kuchni z wysp\u0105 i sto\u0142em<\/h3>\n\n\n\n<p>W niewielkich kuchniach ka\u017cdy centymetr ma znaczenie. Dlatego <strong>wielofunkcyjna wyspa kuchenna<\/strong> mo\u017ce by\u0107 prze\u0142omowym rozwi\u0105zaniem. Odpowiednio zaprojektowana, \u0142\u0105czy w sobie kilka funkcji:<\/p>\n\n\n\n<ul class=\"wp-block-list\">\n<li><strong>Blat roboczy<\/strong> \u2013 do przygotowywania posi\u0142k\u00f3w,<\/li>\n\n\n\n<li><strong>St\u00f3\u0142<\/strong> \u2013 do codziennego spo\u017cywania posi\u0142k\u00f3w,<\/li>\n\n\n\n<li><strong>Przestrze\u0144 do przechowywania<\/strong> \u2013 szuflady, p\u00f3\u0142ki, schowki,<\/li>\n\n\n\n<li><strong>Miejsce do siedzenia<\/strong> \u2013 idealne na porann\u0105 kaw\u0119 czy rozmow\u0119 z go\u015b\u0107mi.<\/li>\n<\/ul>\n\n\n\n<p>W ma\u0142ych mieszkaniach wyspa cz\u0119sto zast\u0119puje tradycyjny st\u00f3\u0142, staj\u0105c si\u0119 <strong>centrum codziennego \u017cycia<\/strong>. Ciekawym rozwi\u0105zaniem s\u0105 <strong>sk\u0142adane blaty<\/strong> lub <strong>ukryte szuflady<\/strong>, kt\u00f3re zwi\u0119kszaj\u0105 funkcjonalno\u015b\u0107 bez zajmowania dodatkowej przestrzeni.<\/p>\n\n\n\n<h3 class=\"wp-block-heading\">Jak po\u0142\u0105czy\u0107 kuchni\u0119 z wysp\u0105 i salon w ma\u0142ej przestrzeni<\/h3>\n\n\n\n<p>Coraz wi\u0119cej os\u00f3b decyduje si\u0119 na <strong>otwart\u0105 przestrze\u0144<\/strong>, \u0142\u0105cz\u0105c kuchni\u0119 z wysp\u0105 i <a href=\"https:\/\/proplo.pl\/pomieszczenia\/salon\">salon<\/a>. To rozwi\u0105zanie sprzyja wsp\u00f3lnemu sp\u0119dzaniu czasu i u\u0142atwia codzienne funkcjonowanie. Kluczem do sukcesu jest:<\/p>\n\n\n\n<ul class=\"wp-block-list\">\n<li><strong>Sp\u00f3jna stylistyka<\/strong> \u2013 kolory, materia\u0142y i dodatki powinny tworzy\u0107 harmonijn\u0105 ca\u0142o\u015b\u0107,<\/li>\n\n\n\n<li><strong>Przemy\u015blany uk\u0142ad stref<\/strong> \u2013 wyra\u017ane, ale subtelne oddzielenie kuchni od salonu,<\/li>\n\n\n\n<li><strong>Wykorzystanie naturalnego \u015bwiat\u0142a<\/strong> \u2013 otwarta przestrze\u0144 sprzyja jego rozprzestrzenianiu,<\/li>\n\n\n\n<li><strong>Funkcjonalno\u015b\u0107<\/strong> \u2013 wyspa jako granica i jednocze\u015bnie \u0142\u0105cznik mi\u0119dzy strefami.<\/li>\n<\/ul>\n\n\n\n<p><strong>Integracja kuchni z cz\u0119\u015bci\u0105 dzienn\u0105<\/strong> pozwala stworzy\u0107 wn\u0119trze, kt\u00f3re \u201eoddycha\u201d i sprzyja codziennemu \u017cyciu. Wybieraj\u0105c materia\u0142y i kolory, warto postawi\u0107 na te, kt\u00f3re \u0142\u0105cz\u0105 wygod\u0119 z estetyk\u0105.<\/p>\n\n\n\n<h3 class=\"wp-block-heading\">Wyspa kuchenna i st\u00f3\u0142 \u2013 jak dobra\u0107 i zintegrowa\u0107<\/h3>\n\n\n\n<p>Po\u0142\u0105czenie <strong>wyspy kuchennej z funkcj\u0105 sto\u0142u<\/strong> to coraz popularniejsze rozwi\u0105zanie, kt\u00f3re \u0142\u0105czy estetyk\u0119 z praktyczno\u015bci\u0105. Taka strefa jadalniana mo\u017ce pe\u0142ni\u0107 wiele r\u00f3l:<\/p>\n\n\n\n<ul class=\"wp-block-list\">\n<li><strong>Miejsce na szybki posi\u0142ek<\/strong>,<\/li>\n\n\n\n<li><strong>Przestrze\u0144 do pracy<\/strong> \u2013 idealna do pracy zdalnej,<\/li>\n\n\n\n<li><strong>Strefa rozm\u00f3w<\/strong> \u2013 podczas gotowania lub spotka\u0144 z bliskimi,<\/li>\n\n\n\n<li><strong>Wsp\u00f3lne gotowanie<\/strong> \u2013 z rodzin\u0105 lub przyjaci\u00f3\u0142mi.<\/li>\n<\/ul>\n\n\n\n<p>Wybieraj\u0105c takie rozwi\u0105zanie, warto zwr\u00f3ci\u0107 uwag\u0119 na:<\/p>\n\n\n\n<ul class=\"wp-block-list\">\n<li><strong>Wysoko\u015b\u0107 blatu<\/strong> \u2013 dopasowan\u0105 do funkcji i komfortu u\u017cytkowania,<\/li>\n\n\n\n<li><strong>Liczb\u0119 miejsc do siedzenia<\/strong> \u2013 zgodn\u0105 z potrzebami domownik\u00f3w,<\/li>\n\n\n\n<li><strong>Mo\u017cliwo\u015b\u0107 rozbudowy<\/strong> \u2013 np. wysuwany blat,<\/li>\n\n\n\n<li><strong>Dodatkowe funkcje<\/strong> \u2013 zintegrowany rega\u0142, o\u015bwietlenie, kontrastowe kolory.<\/li>\n<\/ul>\n\n\n\n<p><strong>Detale maj\u0105 znaczenie<\/strong> \u2013 to one decyduj\u0105 o charakterze ca\u0142ej kuchni i sprawiaj\u0105, \u017ce wyspa staje si\u0119 jej ozdob\u0105.<\/p>\n\n\n\n<h3 class=\"wp-block-heading\">Mobilna i ma\u0142a wyspa kuchenna \u2013 kiedy warto j\u0105 wybra\u0107<\/h3>\n\n\n\n<p>W ma\u0142ych kuchniach liczy si\u0119 elastyczno\u015b\u0107. <strong>Mobilna wyspa kuchenna<\/strong> to rozwi\u0105zanie, kt\u00f3re zapewnia swobod\u0119 i funkcjonalno\u015b\u0107. Dzi\u0119ki k\u00f3\u0142kom lub lekkiej konstrukcji mo\u017cna j\u0105 \u0142atwo przestawia\u0107 w zale\u017cno\u015bci od potrzeb:<\/p>\n\n\n\n<ul class=\"wp-block-list\">\n<li><strong>Podczas gotowania<\/strong> \u2013 jako dodatkowy blat,<\/li>\n\n\n\n<li><strong>Podczas sprz\u0105tania<\/strong> \u2013 \u0142atwy dost\u0119p do przestrzeni,<\/li>\n\n\n\n<li><strong>Podczas przyjmowania go\u015bci<\/strong> \u2013 jako bufet lub st\u00f3\u0142 pomocniczy.<\/li>\n<\/ul>\n\n\n\n<p>R\u00f3wnie praktyczna jest <strong>ma\u0142a wyspa kuchenna<\/strong>, kt\u00f3ra mimo kompaktowych rozmiar\u00f3w oferuje wiele funkcji:<\/p>\n\n\n\n<ul class=\"wp-block-list\">\n<li><strong>Dodatkowy blat roboczy<\/strong>,<\/li>\n\n\n\n<li><strong>Przestrze\u0144 do przechowywania<\/strong>,<\/li>\n\n\n\n<li><strong>Mini jadalnia<\/strong> \u2013 idealna do kawalerek i aneks\u00f3w kuchennych.<\/li>\n<\/ul>\n\n\n\n<p><strong>Kiedy warto postawi\u0107 na mobiln\u0105 lub kompaktow\u0105 wysp\u0119?<\/strong> Gdy chcesz maksymalnie wykorzysta\u0107 przestrze\u0144, nie rezygnuj\u0105c z wygody ani stylu.<\/p>\n\n\n\n<figure class=\"wp-block-image size-full\"><a href=\"https:\/\/proplo.pl\/profile\/jlw-studio\/projekt\/mid-century-modern-w-srodmiejskiej-kamienicy-549\"><img loading=\"lazy\" decoding=\"async\" width=\"1200\" height=\"800\" src=\"https:\/\/proplo.pl\/blog\/wp-content\/uploads\/2025\/07\/kuchnia-z-wyspa\u0328-inspiracje.png\" alt=\"Kuchnia w stylu skandynawskim z drewnian\u0105 wysp\u0105 i zielonymi p\u0142ytkami, art deco, vintage, japandi.\" class=\"wp-image-1054\" srcset=\"https:\/\/proplo.pl\/blog\/wp-content\/uploads\/2025\/07\/kuchnia-z-wyspa\u0328-inspiracje.png 1200w, https:\/\/proplo.pl\/blog\/wp-content\/uploads\/2025\/07\/kuchnia-z-wyspa\u0328-inspiracje-300x200.png 300w, https:\/\/proplo.pl\/blog\/wp-content\/uploads\/2025\/07\/kuchnia-z-wyspa\u0328-inspiracje-768x512.png 768w, https:\/\/proplo.pl\/blog\/wp-content\/uploads\/2025\/07\/kuchnia-z-wyspa\u0328-inspiracje-1024x683.png 1024w, https:\/\/proplo.pl\/blog\/wp-content\/uploads\/2025\/07\/kuchnia-z-wyspa\u0328-inspiracje-480x320.png 480w\" sizes=\"auto, (max-width: 1200px) 100vw, 1200px\" \/><\/a><figcaption class=\"wp-element-caption\">Projekt: <a href=\"https:\/\/proplo.pl\/profile\/jlw-studio\">jlw studio<\/a><\/figcaption><\/figure>\n\n\n\n<h2 class=\"wp-block-heading\">Podsumowanie: czy kuchnia z wysp\u0105 to dobre rozwi\u0105zanie?<\/h2>\n\n\n\n<p><strong>Kuchnia z wysp\u0105 to nie tylko modny trend, ale przede wszystkim funkcjonalne i stylowe rozwi\u0105zanie<\/strong>. Odpowiednio zaprojektowana, staje si\u0119 sercem domu \u2013 miejscem, gdzie gotujecie, rozmawiacie, \u015bmiejecie si\u0119 i sp\u0119dzacie wsp\u00f3lnie czas. Wyspa mo\u017ce pe\u0142ni\u0107 wiele r\u00f3l: od dodatkowego blatu roboczego, przez st\u00f3\u0142 lub barek, a\u017c po praktyczny schowek na akcesoria kuchenne.<\/p>\n\n\n\n<p><strong>W przestronnych, otwartych wn\u0119trzach<\/strong> wyspa doskonale \u0142\u0105czy kuchni\u0119 z salonem lub jadalni\u0105, tworz\u0105c sp\u00f3jn\u0105 i przytuln\u0105 przestrze\u0144. A co z mniejszymi mieszkaniami? <strong>Tu r\u00f3wnie\u017c mo\u017cna zastosowa\u0107 wysp\u0119<\/strong> \u2013 wystarczy dobrze przemy\u015blany projekt. Kompaktowa wyspa mo\u017ce zast\u0105pi\u0107 st\u00f3\u0142, zapewni\u0107 dodatkowe miejsce do pracy i przechowywania, nie przyt\u0142aczaj\u0105c przy tym wn\u0119trza.<\/p>\n\n\n\n<p>Warto jednak pami\u0119ta\u0107, \u017ce <strong>kuchnia z wysp\u0105 to nie gotowy mebel z katalogu<\/strong>. Kluczowy jest tu przemy\u015blany plan. Najcz\u0119stsze b\u0142\u0119dy to m.in. zbyt du\u017ca wyspa, kt\u00f3ra dominuje przestrze\u0144, lub taka, kt\u00f3ra nie wsp\u00f3\u0142gra z uk\u0142adem kuchni. <strong>Wsp\u00f3\u0142praca z projektantem wn\u0119trz<\/strong> pomo\u017ce dobra\u0107 rozwi\u0105zanie idealne do Twojego stylu \u017cycia i dost\u0119pnego metra\u017cu. Dobrze zaprojektowana wyspa to nie tylko wygoda, ale r\u00f3wnie\u017c ozdoba ca\u0142ego wn\u0119trza.<\/p>\n\n\n\n<p><strong>Zastan\u00f3w si\u0119, czego oczekujesz od swojej kuchni<\/strong>. Mo\u017ce to w\u0142a\u015bnie wyspa sprawi, \u017ce gotowanie i sp\u0119dzanie czasu w tym miejscu stanie si\u0119 czyst\u0105 przyjemno\u015bci\u0105?<\/p>\n\n\n\n<h3 class=\"wp-block-heading\">Dla kogo sprawdzi si\u0119 kuchnia z wysp\u0105<\/h3>\n\n\n\n<p><strong>Masz du\u017co przestrzeni?<\/strong> W takim przypadku kuchnia z wysp\u0105 mo\u017ce by\u0107 idealnym rozwi\u0105zaniem. W wi\u0119kszych wn\u0119trzach wyspa mo\u017ce pe\u0142ni\u0107 wiele funkcji jednocze\u015bnie:<\/p>\n\n\n\n<ul class=\"wp-block-list\">\n<li>miejsce do gotowania,<\/li>\n\n\n\n<li>strefa wsp\u00f3lnych posi\u0142k\u00f3w,<\/li>\n\n\n\n<li>przestrze\u0144 do przechowywania,<\/li>\n\n\n\n<li>punkt spotka\u0144 domownik\u00f3w.<\/li>\n<\/ul>\n\n\n\n<p><strong>Wyspa naturalnie przyci\u0105ga domownik\u00f3w<\/strong> \u2013 to przy niej toczy si\u0119 codzienne \u017cycie: rozmowy, \u015bmiech, wsp\u00f3lne chwile.<\/p>\n\n\n\n<p>A co, je\u015bli mieszkasz w mniejszym lokum? <strong>Nie musisz rezygnowa\u0107 z wyspy<\/strong>. Wystarczy postawi\u0107 na sprytne, wielofunkcyjne rozwi\u0105zania. Niewielka wyspa mo\u017ce:<\/p>\n\n\n\n<ul class=\"wp-block-list\">\n<li>zast\u0105pi\u0107 st\u00f3\u0142,<\/li>\n\n\n\n<li>s\u0142u\u017cy\u0107 jako barek,<\/li>\n\n\n\n<li>pe\u0142ni\u0107 funkcj\u0119 dodatkowego blatu roboczego,<\/li>\n\n\n\n<li>zapewni\u0107 miejsce do przechowywania dzi\u0119ki szufladom lub p\u00f3\u0142kom.<\/li>\n<\/ul>\n\n\n\n<p><strong>Najwa\u017cniejsze pytanie brzmi:<\/strong> jak\u0105 rol\u0119 ma pe\u0142ni\u0107 wyspa w Twoim domu? Odpowied\u017a na nie pomo\u017ce stworzy\u0107 przestrze\u0144 dopasowan\u0105 do Twoich codziennych potrzeb i rytmu \u017cycia.<\/p>\n\n\n\n<h3 class=\"wp-block-heading\">Najcz\u0119stsze b\u0142\u0119dy przy projektowaniu kuchni z wysp\u0105<\/h3>\n\n\n\n<p>Cho\u0107 kuchnia z wysp\u0105 mo\u017ce by\u0107 niezwykle praktyczna, jej zaprojektowanie wymaga uwagi i do\u015bwiadczenia. <strong>Oto najcz\u0119stsze b\u0142\u0119dy, kt\u00f3rych warto unika\u0107:<\/strong><\/p>\n\n\n\n<ul class=\"wp-block-list\">\n<li><strong>Niew\u0142a\u015bciwe wymiary<\/strong> \u2013 zbyt du\u017ca wyspa przyt\u0142acza przestrze\u0144, zbyt ma\u0142a nie spe\u0142nia swojej funkcji,<\/li>\n\n\n\n<li><strong>Nieodpowiedni uk\u0142ad<\/strong> \u2013 brak odpowiednich odst\u0119p\u00f3w mi\u0119dzy wysp\u0105 a reszt\u0105 kuchni utrudnia swobodne poruszanie si\u0119,<\/li>\n\n\n\n<li><strong>Niedostateczne o\u015bwietlenie<\/strong> \u2013 ciemna wyspa traci sw\u00f3j urok i funkcjonalno\u015b\u0107,<\/li>\n\n\n\n<li><strong>Za ma\u0142o gniazdek elektrycznych<\/strong> \u2013 niezb\u0119dne do pod\u0142\u0105czenia sprz\u0119t\u00f3w kuchennych,<\/li>\n\n\n\n<li><strong>Brak wentylacji<\/strong> \u2013 szczeg\u00f3lnie istotne, je\u015bli planujesz gotowa\u0107 na wyspie.<\/li>\n<\/ul>\n\n\n\n<p><strong>Rozwi\u0105zanie?<\/strong> Postaw na <a href=\"https:\/\/proplo.pl\/blog\/meble-do-kuchni\/\">meble do kuchni<\/a> na wymiar. Dzi\u0119ki nim maksymalnie wykorzystasz dost\u0119pn\u0105 przestrze\u0144 i unikniesz kompromis\u00f3w. <strong>Wsp\u00f3\u0142praca z projektantem<\/strong> to gwarancja nie tylko estetyki, ale i ergonomii, kt\u00f3ra u\u0142atwi codzienne funkcjonowanie.<\/p>\n\n\n\n<p><strong>Zadaj sobie pytanie:<\/strong> czy moja kuchnia z wysp\u0105 b\u0119dzie nie tylko \u0142adna, ale te\u017c wygodna i praktyczna? Bo przecie\u017c o to w\u0142a\u015bnie chodzi!<\/p>\n\n\n\n<h3 class=\"wp-block-heading\">Jak dopasowa\u0107 wysp\u0119 do stylu \u017cycia i przestrzeni<\/h3>\n\n\n\n<p><strong>Idealna wyspa to taka, kt\u00f3ra odpowiada Twoim codziennym potrzebom<\/strong>. Dla jednych to miejsce wsp\u00f3lnego gotowania, dla innych \u2013 poranna kawa z laptopem. Klucz tkwi w dopasowaniu funkcji do stylu \u017cycia.<\/p>\n\n\n\n<p><strong>Warto przemy\u015ble\u0107 wyposa\u017cenie wyspy<\/strong>. Co mo\u017ce si\u0119 przyda\u0107?<\/p>\n\n\n\n<ul class=\"wp-block-list\">\n<li><strong>Zlewozmywak<\/strong> \u2013 je\u015bli chcesz mie\u0107 wszystko pod r\u0119k\u0105,<\/li>\n\n\n\n<li><strong>P\u0142yta grzewcza<\/strong> \u2013 dla tych, kt\u00f3rzy lubi\u0105 gotowa\u0107 w centrum wydarze\u0144,<\/li>\n\n\n\n<li><strong>Wbudowana zmywarka<\/strong> \u2013 bo kto lubi zmywa\u0107 r\u0119cznie?<\/li>\n<\/ul>\n\n\n\n<p><strong>Nie zapomnij o o\u015bwietleniu!<\/strong> Dobrze dobrane lampy nad wysp\u0105 poprawi\u0105 widoczno\u015b\u0107 i nadadz\u0105 wn\u0119trzu charakteru.<\/p>\n\n\n\n<p><strong>Pami\u0119taj:<\/strong> wyspa to nie tylko mebel. To <strong>serce kuchni<\/strong>, miejsce spotka\u0144, rozm\u00f3w i codziennych rytua\u0142\u00f3w. Zastan\u00f3w si\u0119, jak mo\u017ce u\u0142atwi\u0107 Ci \u017cycie i sprawi\u0107, \u017ce <a href=\"https:\/\/proplo.pl\/pomieszczenia\/kuchnia\">kuchnia<\/a> stanie si\u0119 Twoim ulubionym miejscem w domu.<\/p>\n\n\n\n<hr class=\"wp-block-separator has-alpha-channel-opacity\"\/>\n\n\n\n<p><strong>\u0179r\u00f3d\u0142a:<\/strong><\/p>\n\n\n<ol class=\"wp-block-footnotes\"><li id=\"90b11095-1054-416c-bead-003b5137fd76\"><a href=\"http:\/\/ergo.human.cornell.edu\/DEA3500Flipbook\/DEA3500notes\/kitchen.html\">http:\/\/ergo.human.cornell.edu\/DEA3500Flipbook\/DEA3500notes\/kitchen.html<\/a> <a href=\"#90b11095-1054-416c-bead-003b5137fd76-link\" aria-label=\"Przejd\u017a do przypisu 1\">\u21a9\ufe0e<\/a><\/li><\/ol>\n\n\n<p><\/p>\n","protected":false},"excerpt":{"rendered":"<p>Kuchnia z wysp\u0105 to nie tylko modny trend, ale przede wszystkim po\u0142\u0105czenie stylu, komfortu i funkcjonalno\u015bci. <\/p>\n","protected":false},"author":3,"featured_media":1048,"comment_status":"closed","ping_status":"closed","sticky":false,"template":"","format":"standard","meta":{"footnotes":"[{\"content\":\"<a href=\\\"http:\/\/ergo.human.cornell.edu\/DEA3500Flipbook\/DEA3500notes\/kitchen.html\\\">http:\/\/ergo.human.cornell.edu\/DEA3500Flipbook\/DEA3500notes\/kitchen.html<\/a>\",\"id\":\"90b11095-1054-416c-bead-003b5137fd76\"}]"},"categories":[9],"tags":[],"class_list":["post-1047","post","type-post","status-publish","format-standard","has-post-thumbnail","hentry","category-kuchnia"],"acf":[],"yoast_head":"<!-- This site is optimized with the Yoast SEO plugin v27.5 - https:\/\/yoast.com\/product\/yoast-seo-wordpress\/ -->\n<title>Kuchnia z wysp\u0105 - Jak zaprojektowa\u0107 nowoczesn\u0105 kuchni\u0119? - Proplo<\/title>\n<meta name=\"description\" content=\"Kuchnia z wysp\u0105 to nie tylko modny trend, ale przede wszystkim po\u0142\u0105czenie stylu, komfortu i funkcjonalno\u015bci.\" \/>\n<meta name=\"robots\" content=\"index, follow, max-snippet:-1, max-image-preview:large, max-video-preview:-1\" \/>\n<link rel=\"canonical\" href=\"https:\/\/proplo.pl\/blog\/kuchnia-z-wyspa\/\" \/>\n<meta property=\"og:locale\" content=\"pl_PL\" \/>\n<meta property=\"og:type\" content=\"article\" \/>\n<meta property=\"og:title\" content=\"Kuchnia z wysp\u0105 - Jak zaprojektowa\u0107 nowoczesn\u0105 kuchni\u0119? - Proplo\" \/>\n<meta property=\"og:description\" content=\"Kuchnia z wysp\u0105 to nie tylko modny trend, ale przede wszystkim po\u0142\u0105czenie stylu, komfortu i funkcjonalno\u015bci.\" \/>\n<meta property=\"og:url\" content=\"https:\/\/proplo.pl\/blog\/kuchnia-z-wyspa\/\" \/>\n<meta property=\"og:site_name\" content=\"Poradnik wn\u0119trzarski - Proplo\" \/>\n<meta property=\"article:published_time\" content=\"2025-07-24T13:06:44+00:00\" \/>\n<meta property=\"article:modified_time\" content=\"2025-07-24T13:06:45+00:00\" \/>\n<meta property=\"og:image\" content=\"https:\/\/proplo.pl\/blog\/wp-content\/uploads\/2025\/07\/kuchnia-z-wyspa\u0328.png\" \/>\n\t<meta property=\"og:image:width\" content=\"1200\" \/>\n\t<meta property=\"og:image:height\" content=\"800\" \/>\n\t<meta property=\"og:image:type\" content=\"image\/png\" \/>\n<meta name=\"author\" content=\"Proplo\" \/>\n<meta name=\"twitter:card\" content=\"summary_large_image\" \/>\n<meta name=\"twitter:label1\" content=\"Napisane przez\" \/>\n\t<meta name=\"twitter:data1\" content=\"Proplo\" \/>\n\t<meta name=\"twitter:label2\" content=\"Szacowany czas czytania\" \/>\n\t<meta name=\"twitter:data2\" content=\"24 minuty\" \/>\n<script type=\"application\/ld+json\" class=\"yoast-schema-graph\">{\"@context\":\"https:\\\/\\\/schema.org\",\"@graph\":[{\"@type\":\"Article\",\"@id\":\"https:\\\/\\\/proplo.pl\\\/blog\\\/kuchnia-z-wyspa\\\/#article\",\"isPartOf\":{\"@id\":\"https:\\\/\\\/proplo.pl\\\/blog\\\/kuchnia-z-wyspa\\\/\"},\"author\":{\"name\":\"Proplo\",\"@id\":\"https:\\\/\\\/proplo.pl\\\/blog\\\/#\\\/schema\\\/person\\\/c13af99097d24e9fc2b86b838c0fd0e1\"},\"headline\":\"Kuchnia z wysp\u0105 &#8211; funkcjonalno\u015b\u0107, style i aran\u017cacje\",\"datePublished\":\"2025-07-24T13:06:44+00:00\",\"dateModified\":\"2025-07-24T13:06:45+00:00\",\"mainEntityOfPage\":{\"@id\":\"https:\\\/\\\/proplo.pl\\\/blog\\\/kuchnia-z-wyspa\\\/\"},\"wordCount\":4424,\"image\":{\"@id\":\"https:\\\/\\\/proplo.pl\\\/blog\\\/kuchnia-z-wyspa\\\/#primaryimage\"},\"thumbnailUrl\":\"https:\\\/\\\/proplo.pl\\\/blog\\\/wp-content\\\/uploads\\\/2025\\\/07\\\/kuchnia-z-wyspa\u0328.png\",\"articleSection\":[\"Kuchnia\"],\"inLanguage\":\"pl-PL\"},{\"@type\":\"WebPage\",\"@id\":\"https:\\\/\\\/proplo.pl\\\/blog\\\/kuchnia-z-wyspa\\\/\",\"url\":\"https:\\\/\\\/proplo.pl\\\/blog\\\/kuchnia-z-wyspa\\\/\",\"name\":\"Kuchnia z wysp\u0105 - Jak zaprojektowa\u0107 nowoczesn\u0105 kuchni\u0119? - Proplo\",\"isPartOf\":{\"@id\":\"https:\\\/\\\/proplo.pl\\\/blog\\\/#website\"},\"primaryImageOfPage\":{\"@id\":\"https:\\\/\\\/proplo.pl\\\/blog\\\/kuchnia-z-wyspa\\\/#primaryimage\"},\"image\":{\"@id\":\"https:\\\/\\\/proplo.pl\\\/blog\\\/kuchnia-z-wyspa\\\/#primaryimage\"},\"thumbnailUrl\":\"https:\\\/\\\/proplo.pl\\\/blog\\\/wp-content\\\/uploads\\\/2025\\\/07\\\/kuchnia-z-wyspa\u0328.png\",\"datePublished\":\"2025-07-24T13:06:44+00:00\",\"dateModified\":\"2025-07-24T13:06:45+00:00\",\"author\":{\"@id\":\"https:\\\/\\\/proplo.pl\\\/blog\\\/#\\\/schema\\\/person\\\/c13af99097d24e9fc2b86b838c0fd0e1\"},\"description\":\"Kuchnia z wysp\u0105 to nie tylko modny trend, ale przede wszystkim po\u0142\u0105czenie stylu, komfortu i funkcjonalno\u015bci.\",\"breadcrumb\":{\"@id\":\"https:\\\/\\\/proplo.pl\\\/blog\\\/kuchnia-z-wyspa\\\/#breadcrumb\"},\"inLanguage\":\"pl-PL\",\"potentialAction\":[{\"@type\":\"ReadAction\",\"target\":[\"https:\\\/\\\/proplo.pl\\\/blog\\\/kuchnia-z-wyspa\\\/\"]}]},{\"@type\":\"ImageObject\",\"inLanguage\":\"pl-PL\",\"@id\":\"https:\\\/\\\/proplo.pl\\\/blog\\\/kuchnia-z-wyspa\\\/#primaryimage\",\"url\":\"https:\\\/\\\/proplo.pl\\\/blog\\\/wp-content\\\/uploads\\\/2025\\\/07\\\/kuchnia-z-wyspa\u0328.png\",\"contentUrl\":\"https:\\\/\\\/proplo.pl\\\/blog\\\/wp-content\\\/uploads\\\/2025\\\/07\\\/kuchnia-z-wyspa\u0328.png\",\"width\":1200,\"height\":800,\"caption\":\"Wn\u0119trze kuchni w stylu art deco i eklektycznym z r\u00f3\u017cowymi i bia\u0142ymi elementami.\"},{\"@type\":\"BreadcrumbList\",\"@id\":\"https:\\\/\\\/proplo.pl\\\/blog\\\/kuchnia-z-wyspa\\\/#breadcrumb\",\"itemListElement\":[{\"@type\":\"ListItem\",\"position\":1,\"name\":\"Proplo\",\"item\":\"https:\\\/\\\/proplo.pl\"},{\"@type\":\"ListItem\",\"position\":2,\"name\":\"Poradnik wn\u0119trzarski\",\"item\":\"https:\\\/\\\/proplo.pl\\\/blog\\\/\"},{\"@type\":\"ListItem\",\"position\":3,\"name\":\"Kuchnia z wysp\u0105 &#8211; funkcjonalno\u015b\u0107, style i aran\u017cacje\"}]},{\"@type\":\"WebSite\",\"@id\":\"https:\\\/\\\/proplo.pl\\\/blog\\\/#website\",\"url\":\"https:\\\/\\\/proplo.pl\\\/blog\\\/\",\"name\":\"Blog Proplo\",\"description\":\"\",\"potentialAction\":[{\"@type\":\"SearchAction\",\"target\":{\"@type\":\"EntryPoint\",\"urlTemplate\":\"https:\\\/\\\/proplo.pl\\\/blog\\\/?s={search_term_string}\"},\"query-input\":{\"@type\":\"PropertyValueSpecification\",\"valueRequired\":true,\"valueName\":\"search_term_string\"}}],\"inLanguage\":\"pl-PL\"},{\"@type\":\"Person\",\"@id\":\"https:\\\/\\\/proplo.pl\\\/blog\\\/#\\\/schema\\\/person\\\/c13af99097d24e9fc2b86b838c0fd0e1\",\"name\":\"Proplo\",\"image\":{\"@type\":\"ImageObject\",\"inLanguage\":\"pl-PL\",\"@id\":\"https:\\\/\\\/secure.gravatar.com\\\/avatar\\\/176f908138148facd74b7d78fc677b53b24a54b63aacd8fc4e81a4da926e5f28?s=96&d=mm&r=g\",\"url\":\"https:\\\/\\\/secure.gravatar.com\\\/avatar\\\/176f908138148facd74b7d78fc677b53b24a54b63aacd8fc4e81a4da926e5f28?s=96&d=mm&r=g\",\"contentUrl\":\"https:\\\/\\\/secure.gravatar.com\\\/avatar\\\/176f908138148facd74b7d78fc677b53b24a54b63aacd8fc4e81a4da926e5f28?s=96&d=mm&r=g\",\"caption\":\"Proplo\"},\"url\":\"https:\\\/\\\/proplo.pl\\\/blog\\\/author\\\/r-marciniak\\\/\"}]}<\/script>\n<!-- \/ Yoast SEO plugin. -->","yoast_head_json":{"title":"Kuchnia z wysp\u0105 - Jak zaprojektowa\u0107 nowoczesn\u0105 kuchni\u0119? - Proplo","description":"Kuchnia z wysp\u0105 to nie tylko modny trend, ale przede wszystkim po\u0142\u0105czenie stylu, komfortu i funkcjonalno\u015bci.","robots":{"index":"index","follow":"follow","max-snippet":"max-snippet:-1","max-image-preview":"max-image-preview:large","max-video-preview":"max-video-preview:-1"},"canonical":"https:\/\/proplo.pl\/blog\/kuchnia-z-wyspa\/","og_locale":"pl_PL","og_type":"article","og_title":"Kuchnia z wysp\u0105 - Jak zaprojektowa\u0107 nowoczesn\u0105 kuchni\u0119? - Proplo","og_description":"Kuchnia z wysp\u0105 to nie tylko modny trend, ale przede wszystkim po\u0142\u0105czenie stylu, komfortu i funkcjonalno\u015bci.","og_url":"https:\/\/proplo.pl\/blog\/kuchnia-z-wyspa\/","og_site_name":"Poradnik wn\u0119trzarski - Proplo","article_published_time":"2025-07-24T13:06:44+00:00","article_modified_time":"2025-07-24T13:06:45+00:00","og_image":[{"width":1200,"height":800,"url":"https:\/\/proplo.pl\/blog\/wp-content\/uploads\/2025\/07\/kuchnia-z-wyspa\u0328.png","type":"image\/png"}],"author":"Proplo","twitter_card":"summary_large_image","twitter_misc":{"Napisane przez":"Proplo","Szacowany czas czytania":"24 minuty"},"schema":{"@context":"https:\/\/schema.org","@graph":[{"@type":"Article","@id":"https:\/\/proplo.pl\/blog\/kuchnia-z-wyspa\/#article","isPartOf":{"@id":"https:\/\/proplo.pl\/blog\/kuchnia-z-wyspa\/"},"author":{"name":"Proplo","@id":"https:\/\/proplo.pl\/blog\/#\/schema\/person\/c13af99097d24e9fc2b86b838c0fd0e1"},"headline":"Kuchnia z wysp\u0105 &#8211; funkcjonalno\u015b\u0107, style i aran\u017cacje","datePublished":"2025-07-24T13:06:44+00:00","dateModified":"2025-07-24T13:06:45+00:00","mainEntityOfPage":{"@id":"https:\/\/proplo.pl\/blog\/kuchnia-z-wyspa\/"},"wordCount":4424,"image":{"@id":"https:\/\/proplo.pl\/blog\/kuchnia-z-wyspa\/#primaryimage"},"thumbnailUrl":"https:\/\/proplo.pl\/blog\/wp-content\/uploads\/2025\/07\/kuchnia-z-wyspa\u0328.png","articleSection":["Kuchnia"],"inLanguage":"pl-PL"},{"@type":"WebPage","@id":"https:\/\/proplo.pl\/blog\/kuchnia-z-wyspa\/","url":"https:\/\/proplo.pl\/blog\/kuchnia-z-wyspa\/","name":"Kuchnia z wysp\u0105 - Jak zaprojektowa\u0107 nowoczesn\u0105 kuchni\u0119? - Proplo","isPartOf":{"@id":"https:\/\/proplo.pl\/blog\/#website"},"primaryImageOfPage":{"@id":"https:\/\/proplo.pl\/blog\/kuchnia-z-wyspa\/#primaryimage"},"image":{"@id":"https:\/\/proplo.pl\/blog\/kuchnia-z-wyspa\/#primaryimage"},"thumbnailUrl":"https:\/\/proplo.pl\/blog\/wp-content\/uploads\/2025\/07\/kuchnia-z-wyspa\u0328.png","datePublished":"2025-07-24T13:06:44+00:00","dateModified":"2025-07-24T13:06:45+00:00","author":{"@id":"https:\/\/proplo.pl\/blog\/#\/schema\/person\/c13af99097d24e9fc2b86b838c0fd0e1"},"description":"Kuchnia z wysp\u0105 to nie tylko modny trend, ale przede wszystkim po\u0142\u0105czenie stylu, komfortu i funkcjonalno\u015bci.","breadcrumb":{"@id":"https:\/\/proplo.pl\/blog\/kuchnia-z-wyspa\/#breadcrumb"},"inLanguage":"pl-PL","potentialAction":[{"@type":"ReadAction","target":["https:\/\/proplo.pl\/blog\/kuchnia-z-wyspa\/"]}]},{"@type":"ImageObject","inLanguage":"pl-PL","@id":"https:\/\/proplo.pl\/blog\/kuchnia-z-wyspa\/#primaryimage","url":"https:\/\/proplo.pl\/blog\/wp-content\/uploads\/2025\/07\/kuchnia-z-wyspa\u0328.png","contentUrl":"https:\/\/proplo.pl\/blog\/wp-content\/uploads\/2025\/07\/kuchnia-z-wyspa\u0328.png","width":1200,"height":800,"caption":"Wn\u0119trze kuchni w stylu art deco i eklektycznym z r\u00f3\u017cowymi i bia\u0142ymi elementami."},{"@type":"BreadcrumbList","@id":"https:\/\/proplo.pl\/blog\/kuchnia-z-wyspa\/#breadcrumb","itemListElement":[{"@type":"ListItem","position":1,"name":"Proplo","item":"https:\/\/proplo.pl"},{"@type":"ListItem","position":2,"name":"Poradnik wn\u0119trzarski","item":"https:\/\/proplo.pl\/blog\/"},{"@type":"ListItem","position":3,"name":"Kuchnia z wysp\u0105 &#8211; funkcjonalno\u015b\u0107, style i aran\u017cacje"}]},{"@type":"WebSite","@id":"https:\/\/proplo.pl\/blog\/#website","url":"https:\/\/proplo.pl\/blog\/","name":"Blog Proplo","description":"","potentialAction":[{"@type":"SearchAction","target":{"@type":"EntryPoint","urlTemplate":"https:\/\/proplo.pl\/blog\/?s={search_term_string}"},"query-input":{"@type":"PropertyValueSpecification","valueRequired":true,"valueName":"search_term_string"}}],"inLanguage":"pl-PL"},{"@type":"Person","@id":"https:\/\/proplo.pl\/blog\/#\/schema\/person\/c13af99097d24e9fc2b86b838c0fd0e1","name":"Proplo","image":{"@type":"ImageObject","inLanguage":"pl-PL","@id":"https:\/\/secure.gravatar.com\/avatar\/176f908138148facd74b7d78fc677b53b24a54b63aacd8fc4e81a4da926e5f28?s=96&d=mm&r=g","url":"https:\/\/secure.gravatar.com\/avatar\/176f908138148facd74b7d78fc677b53b24a54b63aacd8fc4e81a4da926e5f28?s=96&d=mm&r=g","contentUrl":"https:\/\/secure.gravatar.com\/avatar\/176f908138148facd74b7d78fc677b53b24a54b63aacd8fc4e81a4da926e5f28?s=96&d=mm&r=g","caption":"Proplo"},"url":"https:\/\/proplo.pl\/blog\/author\/r-marciniak\/"}]}},"_links":{"self":[{"href":"https:\/\/proplo.pl\/blog\/wp-json\/wp\/v2\/posts\/1047","targetHints":{"allow":["GET"]}}],"collection":[{"href":"https:\/\/proplo.pl\/blog\/wp-json\/wp\/v2\/posts"}],"about":[{"href":"https:\/\/proplo.pl\/blog\/wp-json\/wp\/v2\/types\/post"}],"author":[{"embeddable":true,"href":"https:\/\/proplo.pl\/blog\/wp-json\/wp\/v2\/users\/3"}],"replies":[{"embeddable":true,"href":"https:\/\/proplo.pl\/blog\/wp-json\/wp\/v2\/comments?post=1047"}],"version-history":[{"count":6,"href":"https:\/\/proplo.pl\/blog\/wp-json\/wp\/v2\/posts\/1047\/revisions"}],"predecessor-version":[{"id":1060,"href":"https:\/\/proplo.pl\/blog\/wp-json\/wp\/v2\/posts\/1047\/revisions\/1060"}],"wp:featuredmedia":[{"embeddable":true,"href":"https:\/\/proplo.pl\/blog\/wp-json\/wp\/v2\/media\/1048"}],"wp:attachment":[{"href":"https:\/\/proplo.pl\/blog\/wp-json\/wp\/v2\/media?parent=1047"}],"wp:term":[{"taxonomy":"category","embeddable":true,"href":"https:\/\/proplo.pl\/blog\/wp-json\/wp\/v2\/categories?post=1047"},{"taxonomy":"post_tag","embeddable":true,"href":"https:\/\/proplo.pl\/blog\/wp-json\/wp\/v2\/tags?post=1047"}],"curies":[{"name":"wp","href":"https:\/\/api.w.org\/{rel}","templated":true}]}}