{"id":1027,"date":"2025-07-24T12:35:21","date_gmt":"2025-07-24T11:35:21","guid":{"rendered":"https:\/\/proplo.pl\/blog\/?p=1027"},"modified":"2025-07-24T12:35:21","modified_gmt":"2025-07-24T11:35:21","slug":"pokoj-ucznia","status":"publish","type":"post","link":"https:\/\/proplo.pl\/blog\/pokoj-ucznia\/","title":{"rendered":"Pok\u00f3j ucznia &#8211; jak stworzy\u0107 funkcjonaln\u0105 i wspieraj\u0105c\u0105 przestrze\u0144 do nauki i rozwoju"},"content":{"rendered":"<div class=\"you-find-content\">\r\n    <div class=\"container-xl container-wrapper\">\r\n        <div class=\"row design\">\r\n            <div class=\"col-md-12 wrapper \">\r\n                <div class=\"title\"><p>Z tego artyku\u0142u dowiesz si\u0119:<\/p>\n<\/div>\r\n                <div class=\"grid-wrapper\">\r\n                                                        <div class=\"block-list\">\r\n                        <div class=\"number\">\r\n                            1                        <\/div>\r\n                        <div class=\"text\">\r\n                            <p>Jak zaplanowa\u0107 przestrze\u0144 dziecka, by wspiera\u0142a zar\u00f3wno nauk\u0119, jak i odpoczynek?<\/p>\n                        <\/div>\r\n                    <\/div>\r\n                                        <div class=\"block-list\">\r\n                        <div class=\"number\">\r\n                            2                        <\/div>\r\n                        <div class=\"text\">\r\n                            <p>Jakie meble i o\u015bwietlenie naprawd\u0119 sprzyjaj\u0105 koncentracji i zdrowiu dziecka?<\/p>\n                        <\/div>\r\n                    <\/div>\r\n                                        <div class=\"block-list\">\r\n                        <div class=\"number\">\r\n                            3                        <\/div>\r\n                        <div class=\"text\">\r\n                            <p>Co zrobi\u0107, by w pokoju ucznia zawsze panowa\u0142 porz\u0105dek?<\/p>\n                        <\/div>\r\n                    <\/div>\r\n                                        <div class=\"block-list\">\r\n                        <div class=\"number\">\r\n                            4                        <\/div>\r\n                        <div class=\"text\">\r\n                            <p>Jak urz\u0105dzi\u0107 funkcjonalny pok\u00f3j nawet przy ma\u0142ym metra\u017cu?<\/p>\n                        <\/div>\r\n                    <\/div>\r\n                                                    <\/div>\r\n            <\/div>\r\n        <\/div>\r\n    <\/div>\r\n<\/div>\n\n\n<p>Aran\u017cacja <strong>pokoju ucznia<\/strong> to znacznie wi\u0119cej ni\u017c wyb\u00f3r koloru \u015bcian czy modnych dodatk\u00f3w. To proces tworzenia przestrzeni, kt\u00f3ra <strong>wspiera dziecko na wielu poziomach \u2013 intelektualnym, emocjonalnym i spo\u0142ecznym<\/strong>. Pok\u00f3j powinien pe\u0142ni\u0107 funkcj\u0119 dobrze zaprojektowanej bazy operacyjnej: <strong>miejsca, gdzie nauka \u0142\u0105czy si\u0119 z odpoczynkiem, a zabawa z kreatywno\u015bci\u0105<\/strong>. Tylko wtedy stanie si\u0119 prawdziwym azylem \u2013 przestrzeni\u0105, w kt\u00f3rej \u0142atwiej si\u0119 skupi\u0107, rozwija\u0107 pasje i po prostu czu\u0107 si\u0119 dobrze. <strong>W przyjaznym otoczeniu nauka przychodzi naturalniej, a pewno\u015b\u0107 siebie ro\u015bnie szybciej<\/strong>.<\/p>\n\n\n\n<p>Nie spos\u00f3b przeceni\u0107 znaczenia odpowiedniego wyposa\u017cenia. <strong>Biurko z regulacj\u0105 wysoko\u015bci, ergonomiczne krzes\u0142o i dobrze dobrane o\u015bwietlenie<\/strong> to nie tylko elementy wystroju \u2013 to <strong>narz\u0119dzia realnie wp\u0142ywaj\u0105ce na komfort i efektywno\u015b\u0107 nauki<\/strong>. Przyk\u0142ad? <strong>Krzes\u0142o dopasowane do wzrostu dziecka pomaga unikn\u0105\u0107 b\u00f3lu plec\u00f3w i wspiera prawid\u0142ow\u0105 postaw\u0119<\/strong>. Ale to nie wszystko. Pok\u00f3j powinien r\u00f3wnie\u017c <strong>odzwierciedla\u0107 osobowo\u015b\u0107 m\u0142odego mieszka\u0144ca<\/strong> \u2013 poprzez kolory, dekoracje, a tak\u017ce <strong>wydzielone miejsce na hobby i pasje<\/strong>. Bo najwa\u017cniejsze jest, by dziecko czu\u0142o si\u0119 tam naprawd\u0119 \u201eu siebie\u201d.<\/p>\n\n\n\n<p>Jak wi\u0119c stworzy\u0107 przestrze\u0144, kt\u00f3ra b\u0119dzie nie tylko funkcjonalna, ale te\u017c inspiruj\u0105ca? Oto sprawdzony spos\u00f3b:<\/p>\n\n\n\n<ol class=\"wp-block-list\">\n<li><strong>Rozmowa z dzieckiem<\/strong> \u2013 poznaj jego potrzeby, preferencje i marzenia. To ono najlepiej wie, co mu sprzyja.<\/li>\n\n\n\n<li><strong>Podzia\u0142 pokoju na strefy<\/strong> \u2013 wyodr\u0119bnij przestrze\u0144 do nauki, relaksu i tw\u00f3rczej ekspresji. Ka\u017cda z nich powinna mie\u0107 jasno okre\u015blon\u0105 funkcj\u0119.<\/li>\n\n\n\n<li><strong>Wprowadzenie zmian<\/strong> \u2013 czasem wystarczy kilka prostych modyfikacji, by pok\u00f3j sta\u0142 si\u0119 bardziej motywuj\u0105cy i dopasowany do codziennych wyzwa\u0144 dziecka.<\/li>\n\n\n\n<li><strong>Ocena efektu<\/strong> \u2013 zadaj sobie pytanie: czy ta przestrze\u0144 wspiera rozw\u00f3j mojego dziecka? Je\u015bli nie \u2013 to znak, \u017ce warto co\u015b zmieni\u0107.<\/li>\n<\/ol>\n\n\n\n<p>Pok\u00f3j ucznia to nie tylko miejsce wspieraj\u0105ce rozw\u00f3j, samodzielno\u015b\u0107 i kreatywno\u015b\u0107 dziecka. Warto zadba\u0107, by by\u0142 dobrze zaprojektowany.<\/p>\n\n\n\n<h2 class=\"wp-block-heading\">Kluczowe strefy w pokoju ucznia<\/h2>\n\n\n\n<p>Pok\u00f3j ucznia to dzi\u015b znacznie wi\u0119cej ni\u017c tylko miejsce do spania. To jego w\u0142asny \u015bwiat \u2013 przestrze\u0144, kt\u00f3ra musi sprosta\u0107 wielu codziennym wyzwaniom. <strong>Podzia\u0142 pokoju na funkcjonalne strefy<\/strong> pozwala lepiej zorganizowa\u0107 codzienno\u015b\u0107 dziecka i wspiera jego rozw\u00f3j. Dobrze zaprojektowane otoczenie sprzyja koncentracji, pobudza kreatywno\u015b\u0107 i zapewnia komfort \u2013 zar\u00f3wno podczas nauki, jak i w czasie relaksu czy zabawy.<\/p>\n\n\n\n<p>Warto uwzgl\u0119dni\u0107 trzy kluczowe strefy, kt\u00f3re odpowiadaj\u0105 na r\u00f3\u017cne potrzeby dziecka:<\/p>\n\n\n\n<ul class=\"wp-block-list\">\n<li><strong>Strefa nauki<\/strong> \u2013 wspiera skupienie i rozw\u00f3j umiej\u0119tno\u015bci.<\/li>\n\n\n\n<li><strong>Strefa relaksu<\/strong> \u2013 zapewnia odpoczynek i regeneracj\u0119.<\/li>\n\n\n\n<li><strong>Strefa zabawy<\/strong> \u2013 rozwija kreatywno\u015b\u0107 i pasje.<\/li>\n<\/ul>\n\n\n\n<p>Ka\u017cda z tych stref pe\u0142ni istotn\u0105 funkcj\u0119 w codziennym \u017cyciu dziecka. A je\u015bli pok\u00f3j dzieli rodze\u0144stwo? W\u00f3wczas <strong>planowanie przestrzeni wymaga wi\u0119kszej elastyczno\u015bci<\/strong>, by ka\u017cde dziecko mia\u0142o swoj\u0105 w\u0142asn\u0105, przytuln\u0105 stref\u0119. Cho\u0107 to wyzwanie, efekt potrafi pozytywnie zaskoczy\u0107.<\/p>\n\n\n\n<figure class=\"wp-block-image size-full\"><a href=\"https:\/\/proplo.pl\/profile\/architekta-wnetrza\/projekt\/maly-odkrywca-609\"><img loading=\"lazy\" decoding=\"async\" width=\"1200\" height=\"800\" src=\"https:\/\/proplo.pl\/blog\/wp-content\/uploads\/2025\/07\/poko\u0301j-ucznia.png\" alt=\"Wn\u0119trze pokoju dzieci\u0119cego z niebieskim fotelem, biurkiem i drewnianymi akcentami. Styl nowoczesny.\" class=\"wp-image-1033\" srcset=\"https:\/\/proplo.pl\/blog\/wp-content\/uploads\/2025\/07\/poko\u0301j-ucznia.png 1200w, https:\/\/proplo.pl\/blog\/wp-content\/uploads\/2025\/07\/poko\u0301j-ucznia-300x200.png 300w, https:\/\/proplo.pl\/blog\/wp-content\/uploads\/2025\/07\/poko\u0301j-ucznia-768x512.png 768w, https:\/\/proplo.pl\/blog\/wp-content\/uploads\/2025\/07\/poko\u0301j-ucznia-1024x683.png 1024w, https:\/\/proplo.pl\/blog\/wp-content\/uploads\/2025\/07\/poko\u0301j-ucznia-480x320.png 480w\" sizes=\"auto, (max-width: 1200px) 100vw, 1200px\" \/><\/a><figcaption class=\"wp-element-caption\">Projekt: <a href=\"https:\/\/proplo.pl\/profile\/architekta-wnetrza\">Architekta Wn\u0119trza<\/a><\/figcaption><\/figure>\n\n\n\n<h3 class=\"wp-block-heading\">Strefa nauki: ergonomia i organizacja miejsca do nauki<\/h3>\n\n\n\n<p>To tutaj dziecko zdobywa wiedz\u0119, odrabia lekcje i rozwija swoje umiej\u0119tno\u015bci. <strong>Strefa nauki to serce pokoju ucznia<\/strong> \u2013 powinna by\u0107 dobrze przemy\u015blana i funkcjonalna. Kluczowe elementy tej przestrzeni to:<\/p>\n\n\n\n<ul class=\"wp-block-list\">\n<li><strong>Biurko dopasowane do wzrostu<\/strong> \u2013 zapewnia wygodn\u0105 pozycj\u0119 podczas nauki.<\/li>\n\n\n\n<li><strong>Krzes\u0142o z regulacj\u0105 wysoko\u015bci<\/strong> \u2013 wspiera prawid\u0142ow\u0105 postaw\u0119 i komfort.<\/li>\n\n\n\n<li><strong>Odpowiednie o\u015bwietlenie<\/strong> \u2013 najlepiej z lampk\u0105 o regulowanym ramieniu.<\/li>\n\n\n\n<li><strong>Organizer na przybory szkolne<\/strong> \u2013 pomaga utrzyma\u0107 porz\u0105dek i u\u0142atwia dost\u0119p do materia\u0142\u00f3w.<\/li>\n<\/ul>\n\n\n\n<p>Takie wyposa\u017cenie nie tylko zmniejsza zm\u0119czenie i wspiera koncentracj\u0119, ale r\u00f3wnie\u017c <strong>uczy dziecko samodzielno\u015bci i systematyczno\u015bci<\/strong>. Dobrze zorganizowana przestrze\u0144 do nauki to inwestycja w rozw\u00f3j i motywacj\u0119 dziecka.<\/p>\n\n\n\n<h3 class=\"wp-block-heading\">Strefa relaksu: komfortowy wypoczynek po szkole<\/h3>\n\n\n\n<p>Po intensywnym dniu dziecko potrzebuje chwili wytchnienia. <strong>Strefa relaksu<\/strong> powinna by\u0107 przytulna, spokojna i sprzyja\u0107 regeneracji<sup data-fn=\"b4730fe9-efda-484f-8f21-106d7f29d01c\" class=\"fn\"><a id=\"b4730fe9-efda-484f-8f21-106d7f29d01c-link\" href=\"#b4730fe9-efda-484f-8f21-106d7f29d01c\">1<\/a><\/sup>. Warto zadba\u0107 o elementy, kt\u00f3re stworz\u0105 komfortow\u0105 atmosfer\u0119:<\/p>\n\n\n\n<ul class=\"wp-block-list\">\n<li>Wygodne pufy lub siedziska \u2013 idealne do odpoczynku.<\/li>\n\n\n\n<li>Mi\u0119kkie poduszki i koce \u2013 dodaj\u0105 przytulno\u015bci.<\/li>\n\n\n\n<li>Fotel do czytania lub s\u0142uchania muzyki \u2013 sprzyja wyciszeniu.<\/li>\n\n\n\n<li><strong>Ro\u015bliny doniczkowe<\/strong> \u2013 oczyszczaj\u0105 powietrze i wprowadzaj\u0105 harmoni\u0119.<\/li>\n<\/ul>\n\n\n\n<p>W ma\u0142ych pokojach \u015bwietnie sprawdzi si\u0119 <strong>\u0142\u00f3\u017cko pi\u0119trowe z biurkiem<\/strong> \u2013 to sprytne rozwi\u0105zanie, kt\u00f3re \u0142\u0105czy funkcje nauki i wypoczynku, a przy tym oszcz\u0119dza miejsce. <strong>Relaks to nie luksus \u2013 to konieczno\u015b\u0107<\/strong>, by dziecko mog\u0142o na\u0142adowa\u0107 baterie na kolejny dzie\u0144.<\/p>\n\n\n\n<h3 class=\"wp-block-heading\">Strefa zabawy: przestrze\u0144 na pasje i kreatywno\u015b\u0107<\/h3>\n\n\n\n<p>Dziecko nie \u017cyje sam\u0105 nauk\u0105! <strong>Strefa zabawy<\/strong> to miejsce, gdzie mo\u017ce pu\u015bci\u0107 wodze fantazji, tworzy\u0107, eksperymentowa\u0107 i po prostu by\u0107 sob\u0105. W zale\u017cno\u015bci od zainteresowa\u0144, warto zorganizowa\u0107:<\/p>\n\n\n\n<ul class=\"wp-block-list\">\n<li>K\u0105cik z klockami \u2013 rozwija zdolno\u015bci manualne i logiczne my\u015blenie.<\/li>\n\n\n\n<li>Zestaw do rysowania i malowania \u2013 pobudza wyobra\u017ani\u0119.<\/li>\n\n\n\n<li>Miejsce na budowanie modeli lub uk\u0142adanie puzzli \u2013 uczy cierpliwo\u015bci i koncentracji.<\/li>\n<\/ul>\n\n\n\n<p>Ta przestrze\u0144 powinna by\u0107 elastyczna \u2013 dzieci szybko zmieniaj\u0105 zainteresowania, a pok\u00f3j powinien za nimi nad\u0105\u017ca\u0107. Pomocne b\u0119d\u0105:<\/p>\n\n\n\n<ul class=\"wp-block-list\">\n<li><strong>Tablice kredowe lub magnetyczne<\/strong> \u2013 do rysowania, notowania i zabawy.<\/li>\n\n\n\n<li><strong>Zestawy kreatywne<\/strong> \u2013 z materia\u0142ami plastycznymi i narz\u0119dziami do tworzenia.<\/li>\n\n\n\n<li><strong>P\u00f3\u0142ki na prace i projekty<\/strong> \u2013 dziecko mo\u017ce z dum\u0105 eksponowa\u0107 swoje dzie\u0142a.<\/li>\n<\/ul>\n\n\n\n<p><strong>Zabawa to nie tylko rozrywka<\/strong>. To nauka przez dzia\u0142anie, rozwijanie wyobra\u017ani i kompetencji, kt\u00f3re przydadz\u0105 si\u0119 w przysz\u0142o\u015bci. A przy okazji \u2013 mn\u00f3stwo rado\u015bci i \u015bmiechu!<\/p>\n\n\n\n<h3 class=\"wp-block-heading\">Strefa dla rodze\u0144stwa: jak zaplanowa\u0107 wsp\u00f3lny pok\u00f3j<\/h3>\n\n\n\n<p><a href=\"https:\/\/proplo.pl\/blog\/maly-pokoj-dla-dwojki-dzieci\/\">Wsp\u00f3lny pok\u00f3j dla rodze\u0144stwa <\/a>mo\u017ce by\u0107 wyzwaniem \u2013 ale te\u017c szans\u0105 na nauk\u0119 wsp\u00f3\u0142pracy. Ka\u017cde dziecko ma inne potrzeby, rytm dnia i zainteresowania, dlatego kluczowe jest stworzenie <strong>oddzielnych stref do nauki, odpoczynku i zabawy<\/strong>.<\/p>\n\n\n\n<p>W organizacji wsp\u00f3lnej przestrzeni pomocne b\u0119d\u0105:<\/p>\n\n\n\n<ul class=\"wp-block-list\">\n<li><strong>\u0141\u00f3\u017cka pi\u0119trowe<\/strong> \u2013 oszcz\u0119dzaj\u0105 miejsce i daj\u0105 ka\u017cdemu dziecku w\u0142asn\u0105 przestrze\u0144.<\/li>\n\n\n\n<li><strong>Biurka z nadstawkami<\/strong> \u2013 zapewniaj\u0105 indywidualne miejsce do nauki.<\/li>\n\n\n\n<li><strong>Rega\u0142y lub parawany<\/strong> \u2013 dziel\u0105 pok\u00f3j na strefy i wyznaczaj\u0105 granice.<\/li>\n<\/ul>\n\n\n\n<p>Takie rozwi\u0105zania nie tylko pomagaj\u0105 w organizacji, ale te\u017c <strong>ucz\u0105 dzieci kompromisu, szacunku i wsp\u00f3\u0142dzia\u0142ania<\/strong>. Dobrze zaplanowany pok\u00f3j to nie tylko porz\u0105dek \u2013 to tak\u017ce lepsze relacje mi\u0119dzy rodze\u0144stwem. A Ty? Masz ju\u017c pomys\u0142 na wsp\u00f3ln\u0105 przestrze\u0144 dla swoich dzieci?<\/p>\n\n\n\n<figure class=\"wp-block-image size-full\"><a href=\"https:\/\/proplo.pl\/profile\/makowka-design\/projekt\/adaptacja-poddasza-jako-strefy-dla-dzieci-2138\"><img loading=\"lazy\" decoding=\"async\" width=\"1200\" height=\"800\" src=\"https:\/\/proplo.pl\/blog\/wp-content\/uploads\/2025\/07\/poko\u0301j-rodzen\u0301stwa.png\" alt=\"Wn\u0119trze pokoju rodze\u0144stwa ze skandynawskim designem, bia\u0142e biurka, ro\u015bliny i du\u017ce okno.\" class=\"wp-image-1034\" srcset=\"https:\/\/proplo.pl\/blog\/wp-content\/uploads\/2025\/07\/poko\u0301j-rodzen\u0301stwa.png 1200w, https:\/\/proplo.pl\/blog\/wp-content\/uploads\/2025\/07\/poko\u0301j-rodzen\u0301stwa-300x200.png 300w, https:\/\/proplo.pl\/blog\/wp-content\/uploads\/2025\/07\/poko\u0301j-rodzen\u0301stwa-768x512.png 768w, https:\/\/proplo.pl\/blog\/wp-content\/uploads\/2025\/07\/poko\u0301j-rodzen\u0301stwa-1024x683.png 1024w, https:\/\/proplo.pl\/blog\/wp-content\/uploads\/2025\/07\/poko\u0301j-rodzen\u0301stwa-480x320.png 480w\" sizes=\"auto, (max-width: 1200px) 100vw, 1200px\" \/><\/a><figcaption class=\"wp-element-caption\">Projekt: <a href=\"https:\/\/proplo.pl\/profile\/makowka-design\">Mak\u00f3wka design<\/a><\/figcaption><\/figure>\n\n\n\n<h2 class=\"wp-block-heading\">Meble wspieraj\u0105ce nauk\u0119 i rozw\u00f3j<\/h2>\n\n\n\n<p>Wyb\u00f3r odpowiednich <strong>mebli do pokoju ucznia<\/strong> to nie tylko kwestia estetyki \u2014 to decyzja, kt\u00f3ra realnie wp\u0142ywa na <strong>komfort, zdrowie i rozw\u00f3j dziecka<\/strong>. Kluczowe znaczenie maj\u0105 <strong>ergonomiczne rozwi\u0105zania<\/strong>, takie jak <strong>meble z regulacj\u0105 wysoko\u015bci<\/strong>, kt\u00f3re:<\/p>\n\n\n\n<ul class=\"wp-block-list\">\n<li><strong>Chroni\u0105 kr\u0119gos\u0142up<\/strong> i wspieraj\u0105 prawid\u0142ow\u0105 postaw\u0119 cia\u0142a,<\/li>\n\n\n\n<li><strong>U\u0142atwiaj\u0105 koncentracj\u0119<\/strong> i poprawiaj\u0105 komfort nauki,<\/li>\n\n\n\n<li><strong>Dostosowuj\u0105 si\u0119 do wzrostu dziecka<\/strong>, rosn\u0105c razem z nim,<\/li>\n\n\n\n<li>Stanowi\u0105 <strong>inwestycj\u0119 na lata<\/strong>, eliminuj\u0105c potrzeb\u0119 cz\u0119stej wymiany mebli.<\/li>\n<\/ul>\n\n\n\n<p>Warto r\u00f3wnie\u017c zwr\u00f3ci\u0107 uwag\u0119 na <strong>funkcjonalne i estetyczne elementy wyposa\u017cenia<\/strong>, kt\u00f3re tworz\u0105 inspiruj\u0105c\u0105 przestrze\u0144. <strong>Przemy\u015blany design<\/strong> mo\u017ce pobudza\u0107 kreatywno\u015b\u0107 i sprawia\u0107, \u017ce dziecko ch\u0119tnie sp\u0119dza czas w swoim pokoju.<\/p>\n\n\n\n<h3 class=\"wp-block-heading\">Biurko z regulacj\u0105 wysoko\u015bci i jego zalety<\/h3>\n\n\n\n<p>Jednym z najwa\u017cniejszych mebli w pokoju ucznia jest <strong>biurko Concept z regulacj\u0105 wysoko\u015bci<\/strong>. Dzi\u0119ki mo\u017cliwo\u015bci dostosowania blatu do wzrostu dziecka, zapewnia ono:<\/p>\n\n\n\n<ul class=\"wp-block-list\">\n<li><strong>Lepsz\u0105 postaw\u0119 cia\u0142a<\/strong> i mniejsze obci\u0105\u017cenie kr\u0119gos\u0142upa,<\/li>\n\n\n\n<li><strong>Wi\u0119kszy komfort podczas nauki<\/strong>,<\/li>\n\n\n\n<li>Mo\u017cliwo\u015b\u0107 u\u017cytkowania przez wiele lat \u2014 od szko\u0142y podstawowej po liceum,<\/li>\n\n\n\n<li><strong>Elastyczno\u015b\u0107 w dostosowaniu do zmieniaj\u0105cych si\u0119 potrzeb<\/strong>.<\/li>\n<\/ul>\n\n\n\n<p>To nie tylko wygoda na co dzie\u0144, ale tak\u017ce <strong>m\u0105dra inwestycja w rozw\u00f3j dziecka<\/strong>. Biurko, kt\u00f3re \u201ero\u015bnie\u201d razem z uczniem, to rozwi\u0105zanie, kt\u00f3re naprawd\u0119 si\u0119 op\u0142aca.<\/p>\n\n\n\n<h3 class=\"wp-block-heading\">Ergonomiczne krzes\u0142o i fotel obrotowy z regulacj\u0105<\/h3>\n\n\n\n<p>Biurko to dopiero pocz\u0105tek. R\u00f3wnie wa\u017cne jest <strong>ergonomiczne krzes\u0142o<\/strong>, takie jak <strong>fotel Ting<\/strong> lub <strong>fotel Nett<\/strong>. Ich g\u0142\u00f3wne zalety to:<\/p>\n\n\n\n<ul class=\"wp-block-list\">\n<li><strong>Regulowana wysoko\u015b\u0107 siedziska<\/strong>, dopasowana do wzrostu dziecka,<\/li>\n\n\n\n<li><strong>Wspieranie zdrowej postawy<\/strong> i redukcja napi\u0119cia mi\u0119\u015bniowego,<\/li>\n\n\n\n<li><strong>Poprawa koncentracji<\/strong> i komfortu podczas nauki,<\/li>\n\n\n\n<li>Mo\u017cliwo\u015b\u0107 swobodnego poruszania si\u0119 dzi\u0119ki funkcji obrotowej.<\/li>\n<\/ul>\n\n\n\n<p>W po\u0142\u0105czeniu z odpowiednim biurkiem, <strong>ergonomiczne krzes\u0142o tworzy sp\u00f3jn\u0105 i funkcjonaln\u0105 przestrze\u0144 do nauki<\/strong>. A jak wiadomo \u2014 dobrze zorganizowane miejsce to lepsze efekty w nauce.<\/p>\n\n\n\n<h3 class=\"wp-block-heading\">Rega\u0142 na ksi\u0105\u017cki i biurko z nadstawk\u0105<\/h3>\n\n\n\n<p>Ka\u017cdy ucze\u0144 potrzebuje miejsca na ksi\u0105\u017cki, zeszyty i przybory szkolne. <strong>Rega\u0142 na ksi\u0105\u017cki<\/strong> to doskona\u0142y spos\u00f3b na:<\/p>\n\n\n\n<ul class=\"wp-block-list\">\n<li><strong>Utrzymanie porz\u0105dku<\/strong> w pokoju,<\/li>\n\n\n\n<li><strong>\u0141atwy dost\u0119p do materia\u0142\u00f3w edukacyjnych<\/strong>,<\/li>\n\n\n\n<li>Lepsz\u0105 organizacj\u0119 przestrzeni,<\/li>\n\n\n\n<li><strong>Wspieranie samodzielno\u015bci<\/strong> dziecka.<\/li>\n<\/ul>\n\n\n\n<p>W przypadku ograniczonej przestrzeni \u015bwietnie sprawdza si\u0119 <strong>biurko z nadstawk\u0105<\/strong>, kt\u00f3re:<\/p>\n\n\n\n<ul class=\"wp-block-list\">\n<li><strong>Zwi\u0119ksza powierzchni\u0119 do przechowywania<\/strong> bez zajmowania dodatkowego miejsca,<\/li>\n\n\n\n<li>Pomaga w organizacji przybor\u00f3w i ksi\u0105\u017cek,<\/li>\n\n\n\n<li>Idealnie pasuje do ma\u0142ych pokoi,<\/li>\n\n\n\n<li><strong>Motywuje do nauki i rozwijania pasji<\/strong>.<\/li>\n<\/ul>\n\n\n\n<h3 class=\"wp-block-heading\">Biurko z kontenerkiem i inne rozwi\u0105zania do przechowywania<\/h3>\n\n\n\n<p>Utrzymanie porz\u0105dku w pokoju ucznia mo\u017ce by\u0107 wyzwaniem. Dlatego warto postawi\u0107 na <strong>praktyczne meble do przechowywania<\/strong>, takie jak:<\/p>\n\n\n\n<ul class=\"wp-block-list\">\n<li><strong>Biurko z kontenerkiem<\/strong> \u2014 z dodatkowymi szufladami i przegr\u00f3dkami na przybory szkolne,<\/li>\n\n\n\n<li><strong>Komoda z szufladami<\/strong> \u2014 idealna na ubrania, materia\u0142y plastyczne i inne drobiazgi,<\/li>\n\n\n\n<li><strong>Rega\u0142y i p\u00f3\u0142ki<\/strong> \u2014 do przechowywania ksi\u0105\u017cek i dekoracji,<\/li>\n\n\n\n<li><strong>Organizery i pude\u0142ka<\/strong> \u2014 u\u0142atwiaj\u0105ce codzienn\u0105 organizacj\u0119.<\/li>\n<\/ul>\n\n\n\n<p>Takie rozwi\u0105zania nie tylko pomagaj\u0105 w utrzymaniu porz\u0105dku, ale r\u00f3wnie\u017c <strong>ucz\u0105 dziecko systematyczno\u015bci, samodzielno\u015bci i odpowiedzialno\u015bci<\/strong>. Pok\u00f3j ucznia powinien by\u0107 nie tylko estetyczny, ale przede wszystkim <strong>funkcjonalny i wspieraj\u0105cy rozw\u00f3j m\u0142odego cz\u0142owieka<\/strong>.<\/p>\n\n\n\n<figure class=\"wp-block-image size-full\"><a href=\"https:\/\/proplo.pl\/profile\/lubimy-matowe\/projekt\/pietro-domu-warszawa-wilanow-pow-70m2-839\"><img loading=\"lazy\" decoding=\"async\" width=\"1200\" height=\"800\" src=\"https:\/\/proplo.pl\/blog\/wp-content\/uploads\/2025\/07\/poko\u0301j-ucznia-aranz\u0307acja.png\" alt=\"Pok\u00f3j dla dzieci z biurkiem, pi\u0142karskimi motywami i szafkami w stylu industrialnym.\" class=\"wp-image-1035\" srcset=\"https:\/\/proplo.pl\/blog\/wp-content\/uploads\/2025\/07\/poko\u0301j-ucznia-aranz\u0307acja.png 1200w, https:\/\/proplo.pl\/blog\/wp-content\/uploads\/2025\/07\/poko\u0301j-ucznia-aranz\u0307acja-300x200.png 300w, https:\/\/proplo.pl\/blog\/wp-content\/uploads\/2025\/07\/poko\u0301j-ucznia-aranz\u0307acja-768x512.png 768w, https:\/\/proplo.pl\/blog\/wp-content\/uploads\/2025\/07\/poko\u0301j-ucznia-aranz\u0307acja-1024x683.png 1024w, https:\/\/proplo.pl\/blog\/wp-content\/uploads\/2025\/07\/poko\u0301j-ucznia-aranz\u0307acja-480x320.png 480w\" sizes=\"auto, (max-width: 1200px) 100vw, 1200px\" \/><\/a><figcaption class=\"wp-element-caption\">Projekt: <a href=\"https:\/\/proplo.pl\/profile\/lubimy-matowe\">LUBIMY MATOWE<\/a><\/figcaption><\/figure>\n\n\n\n<h2 class=\"wp-block-heading\">O\u015bwietlenie w pokoju ucznia<\/h2>\n\n\n\n<p><strong>Odpowiednie o\u015bwietlenie w pokoju ucznia<\/strong> to nie tylko kwestia estetyki, ale przede wszystkim zdrowia i komfortu. Czytanie przy zbyt s\u0142abym \u015bwietle mo\u017ce prowadzi\u0107 do szybkiego zm\u0119czenia oczu, obni\u017cenia koncentracji i pogorszenia samopoczucia. Dlatego tak wa\u017cne jest, aby zadba\u0107 o w\u0142a\u015bciwe \u017ar\u00f3d\u0142a \u015bwiat\u0142a, kt\u00f3re wspieraj\u0105 nauk\u0119 i odpoczynek.<\/p>\n\n\n\n<p>Podstaw\u0105 jest <strong>lampka biurkowa z regulowanym ramieniem<\/strong>, kt\u00f3ra umo\u017cliwia precyzyjne skierowanie \u015bwiat\u0142a na zeszyt, ksi\u0105\u017ck\u0119 czy ekran komputera. Dzi\u0119ki temu:<\/p>\n\n\n\n<ul class=\"wp-block-list\">\n<li><strong>oczy mniej si\u0119 m\u0119cz\u0105<\/strong>,<\/li>\n\n\n\n<li><strong>\u0142atwiej utrzyma\u0107 koncentracj\u0119<\/strong>,<\/li>\n\n\n\n<li><strong>nauka staje si\u0119 bardziej efektywna<\/strong>.<\/li>\n<\/ul>\n\n\n\n<p>Nie mo\u017cna jednak zapomina\u0107 o <strong>\u015bwietle dziennym<\/strong>. Naturalne promienie s\u0142o\u0144ca:<\/p>\n\n\n\n<ul class=\"wp-block-list\">\n<li><strong>poprawiaj\u0105 nastr\u00f3j<\/strong>,<\/li>\n\n\n\n<li><strong>zwi\u0119kszaj\u0105 koncentracj\u0119<\/strong>,<\/li>\n\n\n\n<li><strong>dodaj\u0105 energii<\/strong>.<\/li>\n<\/ul>\n\n\n\n<p>Dlatego warto ustawi\u0107 biurko w pobli\u017cu okna, aby maksymalnie wykorzysta\u0107 \u015bwiat\u0142o naturalne. Gdy jednak pogoda nie sprzyja, niezb\u0119dne staje si\u0119 <strong>sztuczne o\u015bwietlenie<\/strong>. W tej roli doskonale sprawdzaj\u0105 si\u0119 <strong>lampy sufitowe<\/strong>, kt\u00f3re r\u00f3wnomiernie rozja\u015bniaj\u0105 ca\u0142e pomieszczenie, eliminuj\u0105c cienie i tworz\u0105c komfortowe warunki do nauki \u2014 nawet wieczorem.<\/p>\n\n\n\n<p><strong>Najlepsze efekty daje po\u0142\u0105czenie kilku \u017ar\u00f3de\u0142 \u015bwiat\u0142a:<\/strong><\/p>\n\n\n\n<ul class=\"wp-block-list\">\n<li><strong>naturalne \u015bwiat\u0142o dzienne<\/strong> \u2014 wykorzystywane zawsze, gdy to mo\u017cliwe,<\/li>\n\n\n\n<li><strong>lampka biurkowa<\/strong> \u2014 do pracy z tekstem i komputerem,<\/li>\n\n\n\n<li><strong>lampa sufitowa<\/strong> \u2014 do og\u00f3lnego o\u015bwietlenia pokoju.<\/li>\n<\/ul>\n\n\n\n<p>Warto r\u00f3wnie\u017c zwr\u00f3ci\u0107 uwag\u0119 na <strong>barw\u0119 \u015bwiat\u0142a<\/strong>. \u017bar\u00f3wki o temperaturze barwowej zbli\u017conej do \u015bwiat\u0142a dziennego:<\/p>\n\n\n\n<ul class=\"wp-block-list\">\n<li><strong>poprawiaj\u0105 komfort widzenia<\/strong>,<\/li>\n\n\n\n<li><strong>wspieraj\u0105 naturalny rytm dobowy dziecka<\/strong>.<\/li>\n<\/ul>\n\n\n\n<p>Nowoczesne rozwi\u0105zania, takie jak <strong>inteligentne \u017car\u00f3wki<\/strong> zmieniaj\u0105ce barw\u0119 i nat\u0119\u017cenie \u015bwiat\u0142a w zale\u017cno\u015bci od pory dnia, czy <strong>\u015bciemniacze<\/strong> pozwalaj\u0105ce dostosowa\u0107 jasno\u015b\u0107 do aktualnych potrzeb, mog\u0105 znacz\u0105co podnie\u015b\u0107 jako\u015b\u0107 nauki i wypoczynku w pokoju ucznia.<\/p>\n\n\n\n<h2 class=\"wp-block-heading\">Organizacja i porz\u0105dek w przestrzeni ucznia<\/h2>\n\n\n\n<p>W czasach nauki zdalnej, gdy szkolne obowi\u0105zki przenios\u0142y si\u0119 do domowego zacisza, <strong>organizacja przestrzeni ucznia<\/strong> sta\u0142a si\u0119 kluczowym elementem skutecznej edukacji. To nie tylko kwestia estetyki \u2013 to <strong>podstawa koncentracji, samodzielno\u015bci i motywacji<\/strong>. Trudno skupi\u0107 si\u0119 w otoczeniu pe\u0142nym chaosu. <strong>Porz\u0105dek sprzyja skupieniu, a ba\u0142agan rozprasza<\/strong>.<\/p>\n\n\n\n<p>Jednym z najprostszych i najbardziej efektywnych rozwi\u0105za\u0144 jest <strong>organizer na biurko<\/strong>. Cho\u0107 niewielki, potrafi znacz\u0105co poprawi\u0107 komfort nauki. Dzi\u0119ki niemu wszystkie drobne przedmioty \u2013 d\u0142ugopisy, o\u0142\u00f3wki, karteczki, spinacze \u2013 maj\u0105 swoje miejsce, co przek\u0142ada si\u0119 na <strong>mniej frustracji i wi\u0119cej czasu na nauk\u0119<\/strong>.<\/p>\n\n\n\n<p>Dlaczego warto zainwestowa\u0107 w organizer? Oto kilka powod\u00f3w:<\/p>\n\n\n\n<ul class=\"wp-block-list\">\n<li><strong>U\u0142atwia utrzymanie porz\u0105dku<\/strong> \u2013 eliminuje ba\u0142agan na biurku.<\/li>\n\n\n\n<li><strong>Oszcz\u0119dza czas<\/strong> \u2013 wszystko jest pod r\u0119k\u0105, nie trzeba szuka\u0107 potrzebnych rzeczy.<\/li>\n\n\n\n<li><strong>Wspiera samodzielno\u015b\u0107<\/strong> \u2013 dziecko uczy si\u0119 organizacji i odpowiedzialno\u015bci za swoj\u0105 przestrze\u0144.<\/li>\n\n\n\n<li><strong>Poprawia komfort nauki<\/strong> \u2013 uporz\u0105dkowane otoczenie sprzyja skupieniu.<\/li>\n<\/ul>\n\n\n\n<p>Warto pami\u0119ta\u0107, \u017ce <strong>porz\u0105dek w pokoju ucznia to nie tylko estetyka<\/strong>, ale przede wszystkim spos\u00f3b na stworzenie <strong>funkcjonalnej i komfortowej przestrzeni do nauki<\/strong>. Kluczowe elementy to:<\/p>\n\n\n\n<ul class=\"wp-block-list\">\n<li><strong>Ergonomiczne biurko<\/strong> \u2013 dostosowane do wzrostu dziecka, zapewniaj\u0105ce wygod\u0119 podczas nauki.<\/li>\n\n\n\n<li><strong>Odpowiednie o\u015bwietlenie<\/strong> \u2013 najlepiej naturalne \u015bwiat\u0142o uzupe\u0142nione lampk\u0105 biurkow\u0105.<\/li>\n\n\n\n<li><strong>Przemy\u015blane rozmieszczenie materia\u0142\u00f3w<\/strong> \u2013 ksi\u0105\u017cki, zeszyty i przybory w zasi\u0119gu r\u0119ki.<\/li>\n<\/ul>\n\n\n\n<p><strong>Chcesz, by nauka w domu by\u0142a przyjemniejsza i bardziej efektywna?<\/strong> Spokojnie \u2013 mamy kilka sprawdzonych pomys\u0142\u00f3w, kt\u00f3re mog\u0105 Ci\u0119 zainspirowa\u0107. Wystarczy kilka prostych zmian, by stworzy\u0107 przestrze\u0144, w kt\u00f3rej dziecko b\u0119dzie ch\u0119tnie si\u0119 uczy\u0107.<\/p>\n\n\n\n<figure class=\"wp-block-image size-full\"><a href=\"https:\/\/proplo.pl\/profile\/modra-pracownia-magdalena-szymczak\/projekt\/nowa-strefa-dzienna-dom-jednorodzinny-150-m2-1082\"><img loading=\"lazy\" decoding=\"async\" width=\"1200\" height=\"800\" src=\"https:\/\/proplo.pl\/blog\/wp-content\/uploads\/2025\/07\/biurko-w-pokoju-ucznia.png\" alt=\"Nowoczesny pok\u00f3j dzieci\u0119cy ze skandynawskim stylem, z biurkiem i kolorowymi akcentami.\" class=\"wp-image-1036\" srcset=\"https:\/\/proplo.pl\/blog\/wp-content\/uploads\/2025\/07\/biurko-w-pokoju-ucznia.png 1200w, https:\/\/proplo.pl\/blog\/wp-content\/uploads\/2025\/07\/biurko-w-pokoju-ucznia-300x200.png 300w, https:\/\/proplo.pl\/blog\/wp-content\/uploads\/2025\/07\/biurko-w-pokoju-ucznia-768x512.png 768w, https:\/\/proplo.pl\/blog\/wp-content\/uploads\/2025\/07\/biurko-w-pokoju-ucznia-1024x683.png 1024w, https:\/\/proplo.pl\/blog\/wp-content\/uploads\/2025\/07\/biurko-w-pokoju-ucznia-480x320.png 480w\" sizes=\"auto, (max-width: 1200px) 100vw, 1200px\" \/><\/a><figcaption class=\"wp-element-caption\">Projekt: <a href=\"https:\/\/proplo.pl\/profile\/modra-pracownia-magdalena-szymczak\">MODRA pracownia Magdalena Szymczak<\/a><\/figcaption><\/figure>\n\n\n\n<h2 class=\"wp-block-heading\">Kolory i dekoracje wspieraj\u0105ce koncentracj\u0119<\/h2>\n\n\n\n<p><strong>Kolory w pokoju dziecka maj\u0105 ogromny wp\u0142yw na jego samopoczucie i zdolno\u015b\u0107 do koncentracji.<\/strong> Odpowiednio dobrana paleta barw mo\u017ce stworzy\u0107 atmosfer\u0119 sprzyjaj\u0105c\u0105 skupieniu i spokojnej nauce. Najlepiej sprawdzaj\u0105 si\u0119:<\/p>\n\n\n\n<ul class=\"wp-block-list\">\n<li><strong>Pastelowy b\u0142\u0119kit<\/strong> \u2013 dzia\u0142a uspokajaj\u0105co i sprzyja wyciszeniu.<\/li>\n\n\n\n<li><strong>Subtelna ziele\u0144<\/strong> \u2013 kojarzy si\u0119 z natur\u0105, relaksem i r\u00f3wnowag\u0105.<\/li>\n\n\n\n<li><strong>Ciep\u0142y be\u017c<\/strong> \u2013 neutralny, przytulny, nie rozprasza uwagi.<\/li>\n<\/ul>\n\n\n\n<p>Z kolei <strong>intensywne kolory, takie jak neonowy r\u00f3\u017c czy jaskrawa czerwie\u0144<\/strong>, cho\u0107 przyci\u0105gaj\u0105 wzrok, mog\u0105 dzia\u0142a\u0107 rozpraszaj\u0105co i nadmiernie pobudza\u0107. <strong>W przestrzeni do nauki warto ich unika\u0107<\/strong>, by nie zak\u0142\u00f3ca\u0107 koncentracji dziecka.<\/p>\n\n\n\n<p><strong>R\u00f3wnie wa\u017cne jak kolory s\u0105 dekoracje<\/strong>, kt\u00f3re pe\u0142ni\u0105 nie tylko funkcj\u0119 estetyczn\u0105, ale te\u017c praktyczn\u0105 i edukacyjn\u0105. Przyk\u0142adem mo\u017ce by\u0107:<\/p>\n\n\n\n<ul class=\"wp-block-list\">\n<li><strong>Tablica korkowa<\/strong> \u2013 idealna do przypinania planu lekcji, wa\u017cnych notatek czy motywuj\u0105cych cytat\u00f3w. Pomaga w organizacji i uczy samodzielno\u015bci.<\/li>\n\n\n\n<li><strong>Plakaty z inspiruj\u0105cymi has\u0142ami<\/strong> \u2013 codzienna dawka motywacji w zasi\u0119gu wzroku.<\/li>\n\n\n\n<li><strong>Ilustracje tematyczne<\/strong> \u2013 np. z dziedzin nauki, kt\u00f3re interesuj\u0105 dziecko, wspieraj\u0105 rozw\u00f3j pasji.<\/li>\n\n\n\n<li><strong>Tapety edukacyjne<\/strong> \u2013 mapa \u015bwiata, uk\u0142ad planet \u2013 \u0142\u0105cz\u0105 funkcj\u0119 dekoracyjn\u0105 z nauk\u0105 przez zabaw\u0119.<\/li>\n<\/ul>\n\n\n\n<p><strong>W takim otoczeniu nauka przestaje by\u0107 obowi\u0105zkiem \u2013 staje si\u0119 przygod\u0105.<\/strong> Dziecko ch\u0119tniej sp\u0119dza czas przy biurku, rozwija swoje zainteresowania i uczy si\u0119 z wi\u0119kszym zaanga\u017cowaniem.<\/p>\n\n\n\n<p>Warto r\u00f3wnie\u017c zadba\u0107 o <strong>praktyczne dodatki, kt\u00f3re wspieraj\u0105 koncentracj\u0119 i rozw\u00f3j<\/strong>:<\/p>\n\n\n\n<ul class=\"wp-block-list\">\n<li><strong>Ro\u015blina doniczkowa<\/strong> \u2013 oczyszcza powietrze, wprowadza element natury i dzia\u0142a koj\u0105co na zmys\u0142y.<\/li>\n\n\n\n<li><strong>Lampka z regulacj\u0105 nat\u0119\u017cenia \u015bwiat\u0142a<\/strong> \u2013 umo\u017cliwia dostosowanie o\u015bwietlenia do pory dnia i rodzaju aktywno\u015bci.<\/li>\n<\/ul>\n\n\n\n<p><strong>Ka\u017cdy detal ma znaczenie<\/strong>. To w\u0142a\u015bnie z tych drobnych, przemy\u015blanych element\u00f3w powstaje przestrze\u0144, kt\u00f3ra <strong>inspiruje, wspiera i rozwija m\u0142odego cz\u0142owieka ka\u017cdego dnia<\/strong>.<\/p>\n\n\n\n<h2 class=\"wp-block-heading\">Rozwi\u0105zania do ma\u0142ych przestrzeni<\/h2>\n\n\n\n<p>Masz do dyspozycji niewielki pok\u00f3j? <strong>To wcale nie musi by\u0107 przeszkod\u0105<\/strong> \u2014 zw\u0142aszcza gdy urz\u0105dzamy przestrze\u0144 dla ucznia, gdzie ka\u017cdy centymetr ma znaczenie. Kluczem jest <strong>sprytna aran\u017cacja \u0142\u0105cz\u0105ca funkcjonalno\u015b\u0107 z przytulno\u015bci\u0105<\/strong>. Minimalizm, kt\u00f3ry zyskuje na popularno\u015bci, pozwala stworzy\u0107 uporz\u0105dkowane, spokojne miejsce sprzyjaj\u0105ce skupieniu i wolne od nadmiaru przedmiot\u00f3w.<\/p>\n\n\n\n<p><strong>Dobrze zaprojektowany pok\u00f3j<\/strong> to nie tylko wygoda, ale tak\u017ce lepsze warunki do nauki, odpoczynku i codziennego funkcjonowania. A przecie\u017c o to w\u0142a\u015bnie chodzi \u2014 by dziecko czu\u0142o si\u0119 dobrze w swojej przestrzeni.<\/p>\n\n\n\n<p>Podstaw\u0105 takiego wn\u0119trza s\u0105 <strong>meble wielofunkcyjne<\/strong>, kt\u00f3re pozwalaj\u0105 maksymalnie wykorzysta\u0107 ka\u017cdy metr kwadratowy. Przyk\u0142adowo:<\/p>\n\n\n\n<ul class=\"wp-block-list\">\n<li><strong>Rozk\u0142adane sofy<\/strong> \u2014 idealne do spania i relaksu, zajmuj\u0105 mniej miejsca w ci\u0105gu dnia.<\/li>\n\n\n\n<li><strong>\u0141\u00f3\u017cka pi\u0119trowe<\/strong> \u2014 umo\u017cliwiaj\u0105 wydzielenie strefy do nauki pod \u0142\u00f3\u017ckiem.<\/li>\n<\/ul>\n\n\n\n<p>Dzi\u0119ki takim rozwi\u0105zaniom mo\u017cna stworzy\u0107 osobne strefy do nauki, relaksu i zabawy \u2014 <strong>bez kompromis\u00f3w w kwestii komfortu<\/strong>. To szczeg\u00f3lnie wa\u017cne w mniejszych mieszkaniach, gdzie przestrze\u0144 jest na wag\u0119 z\u0142ota, a potrzeby dziecka zmieniaj\u0105 si\u0119 z czasem.<\/p>\n\n\n\n<p>Coraz cz\u0119\u015bciej si\u0119gamy te\u017c po <strong>meble z regulacj\u0105<\/strong>, kt\u00f3re dos\u0142ownie rosn\u0105 razem z dzieckiem. W\u015br\u00f3d nich warto wymieni\u0107:<\/p>\n\n\n\n<ul class=\"wp-block-list\">\n<li><strong>Biurka z regulowan\u0105 wysoko\u015bci\u0105<\/strong> \u2014 dostosowuj\u0105 si\u0119 do wzrostu dziecka, zapewniaj\u0105c ergonomiczn\u0105 pozycj\u0119 przez lata.<\/li>\n\n\n\n<li><strong>Modu\u0142owe rega\u0142y<\/strong> \u2014 mo\u017cna je dowolnie konfigurowa\u0107 i rozbudowywa\u0107 w miar\u0119 potrzeb.<\/li>\n<\/ul>\n\n\n\n<p><strong>To rozwi\u0105zania wygodne, ekonomiczne i elastyczne<\/strong>. A mo\u017ce da si\u0119 jeszcze lepiej wykorzysta\u0107 przestrze\u0144, nie trac\u0105c ani odrobiny wygody? Sprawd\u017amy!<\/p>\n\n\n\n<h3 class=\"wp-block-heading\">\u0141\u00f3\u017cko pi\u0119trowe z biurkiem i \u0142\u00f3\u017cko z szufladami<\/h3>\n\n\n\n<p>W niewielkich pokojach, gdzie ka\u017cdy centymetr ma znaczenie, <strong>\u0142\u00f3\u017cko pi\u0119trowe z biurkiem<\/strong> to prawdziwy strza\u0142 w dziesi\u0105tk\u0119. \u0141\u0105czy funkcj\u0119 spania i nauki w jednej, kompaktowej konstrukcji. Dodatkowe elementy, takie jak wbudowane p\u00f3\u0142ki, szafki i szuflady, pozwalaj\u0105 utrzyma\u0107 porz\u0105dek <strong>bez konieczno\u015bci dok\u0142adania kolejnych mebli<\/strong>.<\/p>\n\n\n\n<p>Alternatyw\u0105, kt\u00f3ra r\u00f3wnie\u017c \u015bwietnie si\u0119 sprawdza, jest <strong>\u0142\u00f3\u017cko z szufladami<\/strong>. To nie tylko oszcz\u0119dno\u015b\u0107 miejsca, ale te\u017c spos\u00f3b na nauk\u0119 organizacji. Przestrze\u0144 pod \u0142\u00f3\u017ckiem mo\u017cna wykorzysta\u0107 na:<\/p>\n\n\n\n<ul class=\"wp-block-list\">\n<li>przechowywanie po\u015bcieli,<\/li>\n\n\n\n<li>ubrania sezonowe,<\/li>\n\n\n\n<li>zabawki,<\/li>\n\n\n\n<li>materia\u0142y szkolne.<\/li>\n<\/ul>\n\n\n\n<p><strong>Sprz\u0105tanie staje si\u0119 prostsze<\/strong>, a pok\u00f3j \u0142atwiej utrzyma\u0107 w czysto\u015bci. Co wi\u0119cej, dziecko zyskuje poczucie kontroli nad swoj\u0105 przestrzeni\u0105, co pozytywnie wp\u0142ywa na jego samodzielno\u015b\u0107.<\/p>\n\n\n\n<p>Takie wielofunkcyjne meble \u2014 jak \u0142\u00f3\u017cka pi\u0119trowe z biurkiem czy modele z szufladami \u2014 to nie tylko spos\u00f3b na lepsze zagospodarowanie przestrzeni. <strong>To tak\u017ce inwestycja w rozw\u00f3j dziecka<\/strong>. Pomagaj\u0105 w organizacji, wspieraj\u0105 nauk\u0119 i ucz\u0105 dobrych nawyk\u00f3w.<\/p>\n\n\n\n<p>A mo\u017ce warto p\u00f3j\u015b\u0107 o krok dalej i zastanowi\u0107 si\u0119, co jeszcze mo\u017ce sprawi\u0107, \u017ce <strong>ma\u0142y pok\u00f3j stanie si\u0119 wielk\u0105 przestrzeni\u0105 mo\u017cliwo\u015bci<\/strong>?<\/p>\n\n\n\n<figure class=\"wp-block-image size-full\"><a href=\"https:\/\/proplo.pl\/profile\/luxo-projektowanie-wnetrz\/projekt\/projekt-dwie-siostry-dwa-rozne-charaktery-dwa-zupelnie-odmienne-pokoje-1517\"><img loading=\"lazy\" decoding=\"async\" width=\"1200\" height=\"800\" src=\"https:\/\/proplo.pl\/blog\/wp-content\/uploads\/2025\/07\/meble-w-pokoju-ucznia.png\" alt=\"Pok\u00f3j dzieci\u0119cy w stylu japandi i minimalistycznym z bia\u0142ymi meblami.\" class=\"wp-image-1039\" srcset=\"https:\/\/proplo.pl\/blog\/wp-content\/uploads\/2025\/07\/meble-w-pokoju-ucznia.png 1200w, https:\/\/proplo.pl\/blog\/wp-content\/uploads\/2025\/07\/meble-w-pokoju-ucznia-300x200.png 300w, https:\/\/proplo.pl\/blog\/wp-content\/uploads\/2025\/07\/meble-w-pokoju-ucznia-768x512.png 768w, https:\/\/proplo.pl\/blog\/wp-content\/uploads\/2025\/07\/meble-w-pokoju-ucznia-1024x683.png 1024w, https:\/\/proplo.pl\/blog\/wp-content\/uploads\/2025\/07\/meble-w-pokoju-ucznia-480x320.png 480w\" sizes=\"auto, (max-width: 1200px) 100vw, 1200px\" \/><\/a><figcaption class=\"wp-element-caption\">Projekt: <a href=\"https:\/\/proplo.pl\/profile\/luxo-projektowanie-wnetrz\">luxo projektowanie wn\u0119trz<\/a><\/figcaption><\/figure>\n\n\n\n<h2 class=\"wp-block-heading\">Komfort akustyczny i prywatno\u015b\u0107<\/h2>\n\n\n\n<p>W \u015bwiecie pe\u0142nym nieustannych d\u017awi\u0119k\u00f3w \u2014 od miejskiego zgie\u0142ku po domowe ha\u0142asy \u2014 <strong>komfort akustyczny w pokoju ucznia<\/strong> to nie luksus, lecz <strong>konieczno\u015b\u0107<\/strong>. Dzieci, szczeg\u00f3lnie w wieku szkolnym, potrzebuj\u0105 przestrzeni sprzyjaj\u0105cej skupieniu, nauce i odpoczynkowi. <strong>Cisza to nie tylko brak ha\u0142asu \u2014 to lepsze samopoczucie, wi\u0119ksze poczucie bezpiecze\u0144stwa i efektywniejsza nauka<\/strong>.<\/p>\n\n\n\n<p>Jak zatem stworzy\u0107 miejsce, w kt\u00f3rym <strong>prywatno\u015b\u0107 i komfort akustyczny<\/strong> id\u0105 w parze? Czasem wystarczy kilka prostych zmian, by znacz\u0105co poprawi\u0107 warunki akustyczne w pokoju dziecka.<\/p>\n\n\n\n<p><strong>Najskuteczniejsze sposoby na wyciszenie wn\u0119trza:<\/strong><\/p>\n\n\n\n<ul class=\"wp-block-list\">\n<li><strong>Panele akustyczne<\/strong> \u2013 specjalnie zaprojektowane, by t\u0142umi\u0107 ha\u0142as i redukowa\u0107 echo.<\/li>\n\n\n\n<li><strong>Ci\u0119\u017ckie zas\u0142ony<\/strong> \u2013 pe\u0142ni\u0105 funkcj\u0119 dekoracyjn\u0105, a jednocze\u015bnie skutecznie poch\u0142aniaj\u0105 d\u017awi\u0119ki z zewn\u0105trz.<\/li>\n\n\n\n<li><strong>Tapicerowane zag\u0142\u00f3wki<\/strong> \u2013 mi\u0119kkie, stylowe i funkcjonalne elementy, kt\u00f3re poprawiaj\u0105 akustyk\u0119.<\/li>\n\n\n\n<li><strong>Dywany i wyk\u0142adziny<\/strong> \u2013 klasyczne rozwi\u0105zania, kt\u00f3re t\u0142umi\u0105 odg\u0142osy krok\u00f3w i przesuwanych mebli.<\/li>\n<\/ul>\n\n\n\n<p>Cho\u0107 <strong>dywan<\/strong> mo\u017ce wydawa\u0107 si\u0119 banalny, jego rola w poprawie akustyki jest nie do przecenienia. Wprowadza przytulno\u015b\u0107 i skutecznie redukuje ha\u0142asy, co ma szczeg\u00f3lne znaczenie w mieszkaniach w blokach, gdzie ka\u017cdy stukot z g\u00f3ry mo\u017ce zak\u0142\u00f3ci\u0107 spok\u00f3j.<\/p>\n\n\n\n<p><strong>Rozmieszczenie mebli<\/strong> r\u00f3wnie\u017c odgrywa istotn\u0105 rol\u0119. Elementy takie jak:<\/p>\n\n\n\n<ul class=\"wp-block-list\">\n<li><strong>rega\u0142y pe\u0142ne ksi\u0105\u017cek<\/strong>,<\/li>\n\n\n\n<li><strong>du\u017ce szafy<\/strong>,<\/li>\n\n\n\n<li><strong>komody ustawione przy \u015bcianach granicz\u0105cych z innymi pokojami<\/strong><\/li>\n<\/ul>\n\n\n\n<p>dzia\u0142aj\u0105 jak naturalne bariery d\u017awi\u0119kowe. Dzi\u0119ki nim nie tylko poprawiamy akustyk\u0119, ale r\u00f3wnie\u017c <strong>zwi\u0119kszamy poczucie prywatno\u015bci<\/strong> \u2014 a to, zw\u0142aszcza dla nastolatk\u00f3w, bywa r\u00f3wnie wa\u017cne jak cisza.<\/p>\n\n\n\n<p>Chcesz p\u00f3j\u015b\u0107 o krok dalej? Warto rozwa\u017cy\u0107 <strong>nowoczesne rozwi\u0105zania \u0142\u0105cz\u0105ce technologi\u0119 z funkcjonalno\u015bci\u0105<\/strong>, takie jak:<\/p>\n\n\n\n<ul class=\"wp-block-list\">\n<li><strong>Inteligentne o\u015bwietlenie<\/strong> reaguj\u0105ce na poziom ha\u0142asu \u2014 automatycznie dostosowuje nat\u0119\u017cenie \u015bwiat\u0142a do warunk\u00f3w akustycznych.<\/li>\n\n\n\n<li><strong>Mobilne \u015bcianki d\u017awi\u0119koch\u0142onne<\/strong> \u2013 \u0142atwe do przestawienia, pozwalaj\u0105 elastycznie kszta\u0142towa\u0107 przestrze\u0144 i izolowa\u0107 ha\u0142as.<\/li>\n\n\n\n<li><strong>Systemy audio z funkcj\u0105 maskowania d\u017awi\u0119k\u00f3w t\u0142a<\/strong> \u2013 tworz\u0105 przyjemne t\u0142o d\u017awi\u0119kowe, kt\u00f3re niweluje ha\u0142asy z otoczenia.<\/li>\n<\/ul>\n\n\n\n<p><strong>Opcji jest wiele<\/strong>, ale klucz tkwi w ich odpowiednim dopasowaniu do <strong>potrzeb dziecka i charakteru przestrzeni<\/strong>. Bo ka\u017cdy \u2014 niezale\u017cnie od wieku \u2014 <strong>zas\u0142uguje na sw\u00f3j cichy, bezpieczny k\u0105t<\/strong>. I to nie podlega dyskusji.<\/p>\n\n\n\n<h2 class=\"wp-block-heading\">Jak zaplanowa\u0107 pok\u00f3j ucznia krok po kroku<\/h2>\n\n\n\n<p>Urz\u0105dzanie <strong>pokoju dla ucznia<\/strong> to co\u015b wi\u0119cej ni\u017c wyb\u00f3r \u0142adnych mebli. To proces tworzenia przestrzeni, kt\u00f3ra wspiera <strong>koncentracj\u0119, rozw\u00f3j i samodzielno\u015b\u0107 dziecka<\/strong>. Warto podej\u015b\u0107 do tego z rozwag\u0105 i sercem, uwzgl\u0119dniaj\u0105c <strong>pasje, codzienne rytua\u0142y i indywidualne potrzeby<\/strong> m\u0142odego mieszka\u0144ca.<\/p>\n\n\n\n<p><strong>Personalizacja wn\u0119trza<\/strong> to nie tylko spos\u00f3b na wyra\u017cenie charakteru dziecka, ale r\u00f3wnie\u017c skuteczna motywacja do nauki i rozwijania zainteresowa\u0144. Kluczem do funkcjonalnej aran\u017cacji jest <strong>podzia\u0142 przestrzeni na strefy<\/strong>: nauki, relaksu i zabawy. <strong><a href=\"https:\/\/proplo.pl\/pomieszczenia\/pokoj-dla-dzieci\">Pok\u00f3j dzieci\u0119cy<\/a> powinien by\u0107 elastyczny i praktyczny<\/strong>, by m\u00f3g\u0142 zmienia\u0107 si\u0119 wraz z dzieckiem i wspiera\u0107 je na ka\u017cdym etapie dorastania.<\/p>\n\n\n\n<p>Jakie jeszcze <strong>pomys\u0142y na aran\u017cacj\u0119 pokoju ucznia<\/strong> mog\u0105 pobudzi\u0107 jego wyobra\u017ani\u0119? Sprawd\u017amy!<\/p>\n\n\n\n<h3 class=\"wp-block-heading\">Od czego zacz\u0105\u0107 aran\u017cacj\u0119 pokoju ucznia<\/h3>\n\n\n\n<p>Na pocz\u0105tek \u2013 <strong>porz\u0105dek i analiza przestrzeni<\/strong>. Zanim zaczniesz planowa\u0107, przyjrzyj si\u0119 uwa\u017cnie pokojowi:<\/p>\n\n\n\n<ul class=\"wp-block-list\">\n<li>Co dzia\u0142a dobrze, a co przeszkadza?<\/li>\n\n\n\n<li>Gdzie s\u0105 ograniczenia, a gdzie potencja\u0142?<\/li>\n\n\n\n<li>Jakie elementy mo\u017cna wykorzysta\u0107, a kt\u00f3re warto zmieni\u0107?<\/li>\n<\/ul>\n\n\n\n<p>To \u015bwietny punkt wyj\u015bcia do dalszych dzia\u0142a\u0144.<\/p>\n\n\n\n<p>Podczas wyboru mebli zwr\u00f3\u0107 uwag\u0119 na <strong>dopasowanie do wzrostu dziecka<\/strong>. To nie tylko kwestia komfortu, ale przede wszystkim zdrowia. <strong>Biurko z regulowan\u0105 wysoko\u015bci\u0105<\/strong> i <strong>ergonomiczne krzes\u0142o<\/strong> to inwestycja w prawid\u0142ow\u0105 postaw\u0119 i wygod\u0119 podczas nauki.<\/p>\n\n\n\n<p>Najwa\u017cniejsze jednak \u2013 <strong>porozmawiaj z dzieckiem<\/strong>. Zapytaj, co sprawia, \u017ce czuje si\u0119 dobrze w swoim pokoju. Przemy\u015blana organizacja przestrzeni sprzyja skupieniu i efektywno\u015bci. Mo\u017ce warto doda\u0107 co\u015b, co pobudzi kreatywno\u015b\u0107 lub zach\u0119ci do samodzielno\u015bci? <strong>Nawet drobne zmiany mog\u0105 przynie\u015b\u0107 zaskakuj\u0105co pozytywne rezultaty<\/strong>.<\/p>\n\n\n\n<h3 class=\"wp-block-heading\">Jak dobra\u0107 meble i dodatki do wieku dziecka<\/h3>\n\n\n\n<p>Dobieraj\u0105c meble i akcesoria, kieruj si\u0119 nie tylko wiekiem, ale te\u017c <strong>etapem rozwoju dziecka<\/strong>. Dla najm\u0142odszych uczni\u00f3w, kt\u00f3rzy dopiero rozpoczynaj\u0105 szkoln\u0105 przygod\u0119, idealnym rozwi\u0105zaniem b\u0119dzie <strong>ergonomiczne biurko<\/strong> \u2013 na przyk\u0142ad <strong>biurko Spot Young<\/strong>, kt\u00f3re \u0142\u0105czy nowoczesny design z funkcjonalno\u015bci\u0105.<\/p>\n\n\n\n<p>Warto wybiera\u0107 <strong>meble, kt\u00f3re \u201erosn\u0105\u201d razem z dzieckiem<\/strong> \u2013 z mo\u017cliwo\u015bci\u0105 regulacji i dostosowania do zmieniaj\u0105cych si\u0119 potrzeb. Dzi\u0119ki temu <strong>pok\u00f3j ucznia staje si\u0119 przestrzeni\u0105 wspieraj\u0105c\u0105 rozw\u00f3j<\/strong> na ka\u017cdym etapie edukacji.<\/p>\n\n\n\n<p>Praktyczne dodatki, kt\u00f3re warto uwzgl\u0119dni\u0107:<\/p>\n\n\n\n<ul class=\"wp-block-list\">\n<li><strong>P\u00f3\u0142ki<\/strong> na ksi\u0105\u017cki i zeszyty \u2013 pomagaj\u0105 utrzyma\u0107 porz\u0105dek i u\u0142atwiaj\u0105 dost\u0119p do materia\u0142\u00f3w.<\/li>\n\n\n\n<li><strong>Tablice korkowe lub magnetyczne<\/strong> \u2013 idealne na notatki, rysunki i planery.<\/li>\n\n\n\n<li><strong>Organizery na biurko<\/strong> \u2013 wspieraj\u0105 systematyczno\u015b\u0107 i dobr\u0105 organizacj\u0119.<\/li>\n\n\n\n<li><strong>O\u015bwietlenie punktowe<\/strong> \u2013 zapewnia komfort pracy i chroni wzrok.<\/li>\n<\/ul>\n\n\n\n<p>Takie elementy nie tylko u\u0142atwiaj\u0105 codzienne funkcjonowanie, ale te\u017c <strong>ucz\u0105 dziecko samodzielno\u015bci i odpowiedzialno\u015bci<\/strong>.<\/p>\n\n\n\n<h3 class=\"wp-block-heading\">Praktyczne porady na nowy rok szkolny<\/h3>\n\n\n\n<p><strong>Pocz\u0105tek roku szkolnego<\/strong> to idealny moment, by od\u015bwie\u017cy\u0107 <strong>pok\u00f3j ucznia<\/strong> i przygotowa\u0107 go na nowe wyzwania. Warto wprowadzi\u0107 <strong>edukacyjne dodatki<\/strong>, kt\u00f3re nie tylko urozmaic\u0105 przestrze\u0144, ale te\u017c rozbudz\u0105 ciekawo\u015b\u0107 \u015bwiata:<\/p>\n\n\n\n<ul class=\"wp-block-list\">\n<li><strong>Mapy i globusy<\/strong> \u2013 wspieraj\u0105 nauk\u0119 geografii i rozwijaj\u0105 zainteresowania.<\/li>\n\n\n\n<li><strong>Plansze tematyczne<\/strong> \u2013 pomagaj\u0105 w przyswajaniu wiedzy z r\u00f3\u017cnych dziedzin.<\/li>\n\n\n\n<li><strong>Tablice z planem dnia lub tygodnia<\/strong> \u2013 ucz\u0105 planowania i zarz\u0105dzania czasem.<\/li>\n\n\n\n<li><strong>Kosze i pude\u0142ka z etykietami<\/strong> \u2013 u\u0142atwiaj\u0105 segregacj\u0119 rzeczy i utrzymanie porz\u0105dku.<\/li>\n<\/ul>\n\n\n\n<p><strong>Dobrze zorganizowane miejsce na przybory szkolne<\/strong> to podstawa \u2013 sprzyja skupieniu i efektywnej nauce. Warto te\u017c wprowadzi\u0107 <strong>rozwi\u0105zania ucz\u0105ce samodzielno\u015bci<\/strong>, takie jak systemy przechowywania z \u0142atwym dost\u0119pem czy etykietowane pojemniki.<\/p>\n\n\n\n<p>Na koniec \u2013 <strong>zaanga\u017cuj dziecko w planowanie<\/strong>. Zapytaj, co chcia\u0142oby zmieni\u0107 w swoim pokoju. Wsp\u00f3lne projektowanie to nie tylko \u015bwietna zabawa, ale te\u017c spos\u00f3b na budowanie relacji i poczucia sprawczo\u015bci.<\/p>\n\n\n\n<figure class=\"wp-block-image size-full\"><a href=\"https:\/\/proplo.pl\/profile\/mk-studio-projektowania\/projekt\/wnetrza-domu-jednorodzinnego-z-poddaszem-uzytkowym-kolo-rzeszowa-712\"><img loading=\"lazy\" decoding=\"async\" width=\"1200\" height=\"800\" src=\"https:\/\/proplo.pl\/blog\/wp-content\/uploads\/2025\/07\/poko\u0301j-dla-ucznia.png\" alt=\"Pok\u00f3j dzieci\u0119cy w stylu nowoczesnym i tradycyjnym z tipi oraz map\u0105 \u015bwiata.\" class=\"wp-image-1040\" srcset=\"https:\/\/proplo.pl\/blog\/wp-content\/uploads\/2025\/07\/poko\u0301j-dla-ucznia.png 1200w, https:\/\/proplo.pl\/blog\/wp-content\/uploads\/2025\/07\/poko\u0301j-dla-ucznia-300x200.png 300w, https:\/\/proplo.pl\/blog\/wp-content\/uploads\/2025\/07\/poko\u0301j-dla-ucznia-768x512.png 768w, https:\/\/proplo.pl\/blog\/wp-content\/uploads\/2025\/07\/poko\u0301j-dla-ucznia-1024x683.png 1024w, https:\/\/proplo.pl\/blog\/wp-content\/uploads\/2025\/07\/poko\u0301j-dla-ucznia-480x320.png 480w\" sizes=\"auto, (max-width: 1200px) 100vw, 1200px\" \/><\/a><figcaption class=\"wp-element-caption\">Projekt: <a href=\"https:\/\/proplo.pl\/profile\/mk-studio-projektowania\">MK Studio Projektowania<\/a><\/figcaption><\/figure>\n\n\n\n<h2 class=\"wp-block-heading\">Utrzymanie porz\u0105dku i aktualizacja przestrzeni<\/h2>\n\n\n\n<p><strong>Porz\u0105dek w pokoju ucznia to nie tylko kwestia estetyki \u2013 to fundament skutecznej nauki i koncentracji.<\/strong> Gdy przestrze\u0144 jest uporz\u0105dkowana i regularnie od\u015bwie\u017cana, dziecko czuje si\u0119 w niej swobodniej, a jego motywacja ro\u015bnie. Jak wi\u0119c stworzy\u0107 miejsce, kt\u00f3re b\u0119dzie jednocze\u015bnie funkcjonalne, inspiruj\u0105ce i elastyczne? Takie, kt\u00f3re nad\u0105\u017cy za zmieniaj\u0105cymi si\u0119 potrzebami m\u0142odego cz\u0142owieka?<\/p>\n\n\n\n<h3 class=\"wp-block-heading\">Jak zorganizowa\u0107 przybory i pomoce naukowe<\/h3>\n\n\n\n<p><strong>Ba\u0142agan na biurku to prosta droga do rozproszenia uwagi.<\/strong> Dlatego warto zadba\u0107 o odpowiedni\u0105 organizacj\u0119 przestrzeni do nauki. Oto kilka sprawdzonych rozwi\u0105za\u0144:<\/p>\n\n\n\n<ul class=\"wp-block-list\">\n<li><strong>Organizer na biurko<\/strong> \u2013 pozwala uporz\u0105dkowa\u0107 d\u0142ugopisy, o\u0142\u00f3wki, zakre\u015blacze i notatniki. Dzi\u0119ki temu wszystko ma swoje miejsce, a dziecko nie traci czasu na szukanie potrzebnych rzeczy.<\/li>\n\n\n\n<li><strong>Tablica korkowa<\/strong> \u2013 pe\u0142ni funkcj\u0119 praktyczn\u0105 i dekoracyjn\u0105. Mo\u017cna na niej zawiesi\u0107 plan lekcji, list\u0119 zada\u0144, inspiruj\u0105ce cytaty czy zdj\u0119cia z wakacji. Kilka kolorowych pinezek i gotowe \u2013 centrum dowodzenia z charakterem.<\/li>\n\n\n\n<li><strong>Organizery do szuflad i p\u00f3\u0142ek<\/strong> \u2013 pomagaj\u0105 zapanowa\u0107 nad ukrytym ba\u0142aganem. Przegrody w szufladach umo\u017cliwiaj\u0105 oddzielenie kredek od zeszyt\u00f3w, a dodatkowe pojemniki u\u0142atwiaj\u0105 segregacj\u0119 materia\u0142\u00f3w.<\/li>\n<\/ul>\n\n\n\n<p><strong>Warto r\u00f3wnie\u017c rozwa\u017cy\u0107 inne sprytne rozwi\u0105zania, kt\u00f3re zwi\u0119ksz\u0105 komfort nauki<\/strong> \u2013 np. lampk\u0119 z regulacj\u0105 \u015bwiat\u0142a, podk\u0142adk\u0119 pod nadgarstki czy ergonomiczny fotel. Ka\u017cdy detal ma znaczenie, gdy chodzi o wygod\u0119 i efektywno\u015b\u0107 pracy dziecka.<\/p>\n\n\n\n<h3 class=\"wp-block-heading\">Kiedy i jak od\u015bwie\u017cy\u0107 pok\u00f3j ucznia w trakcie roku szkolnego<\/h3>\n\n\n\n<p><strong>Cho\u0107 pocz\u0105tek roku szkolnego to naturalny moment na zmiany, nie warto ogranicza\u0107 si\u0119 tylko do tego terminu.<\/strong> Nawet w \u015brodku semestru mo\u017cna wprowadzi\u0107 drobne modyfikacje, kt\u00f3re odmieni\u0105 atmosfer\u0119 w pokoju ucznia.<\/p>\n\n\n\n<p>Oto kilka pomys\u0142\u00f3w na szybkie i niedrogie od\u015bwie\u017cenie przestrzeni:<\/p>\n\n\n\n<ul class=\"wp-block-list\">\n<li><strong>Nowa lampa<\/strong> \u2013 poprawia o\u015bwietlenie i nadaje wn\u0119trzu nowy charakter.<\/li>\n\n\n\n<li><strong>Zmiana koloru \u015bciany lub dodatk\u00f3w<\/strong> \u2013 nawet jeden akcent kolorystyczny potrafi odmieni\u0107 ca\u0142e pomieszczenie.<\/li>\n\n\n\n<li><strong>Elementy odzwierciedlaj\u0105ce pasje dziecka<\/strong> \u2013 plakat z ulubionym bohaterem, doniczka z ro\u015blin\u0105 czy po\u015bciel z ulubionym motywem tworz\u0105 przyjazn\u0105 atmosfer\u0119.<\/li>\n<\/ul>\n\n\n\n<p><strong>Od\u015bwie\u017canie przestrzeni to tak\u017ce okazja do refleksji nad funkcjonalno\u015bci\u0105 pokoju:<\/strong><\/p>\n\n\n\n<ul class=\"wp-block-list\">\n<li>Czy biurko stoi w miejscu z odpowiednim o\u015bwietleniem?<\/li>\n\n\n\n<li>Czy krzes\u0142o zapewnia wygod\u0119 podczas d\u0142ugich godzin nauki?<\/li>\n\n\n\n<li>Czy uk\u0142ad mebli sprzyja skupieniu i efektywnemu wykorzystaniu przestrzeni?<\/li>\n<\/ul>\n\n\n\n<p><strong>Czasem wystarczy drobna zmiana, by poprawi\u0107 komfort i sprawi\u0107, \u017ce nauka stanie si\u0119 przyjemno\u015bci\u0105.<\/strong> Mo\u017ce to w\u0142a\u015bnie teraz jest idealny moment, by tchn\u0105\u0107 w pok\u00f3j ucznia now\u0105 energi\u0119?<\/p>\n\n\n\n<hr class=\"wp-block-separator has-alpha-channel-opacity\"\/>\n\n\n\n<p><strong>\u0179r\u00f3d\u0142a:<\/strong><\/p>\n\n\n<ol class=\"wp-block-footnotes\"><li id=\"b4730fe9-efda-484f-8f21-106d7f29d01c\"><a href=\"https:\/\/www.cdc.gov\/sleep\/about_sleep\/sleep_hygiene.html\">https:\/\/www.cdc.gov\/sleep\/about_sleep\/sleep_hygiene.html<\/a> <a href=\"#b4730fe9-efda-484f-8f21-106d7f29d01c-link\" aria-label=\"Przejd\u017a do przypisu 1\">\u21a9\ufe0e<\/a><\/li><\/ol>\n\n\n<p><\/p>\n","protected":false},"excerpt":{"rendered":"<p>Pok\u00f3j ucznia to nie tylko miejsce wspieraj\u0105ce rozw\u00f3j, samodzielno\u015b\u0107 i kreatywno\u015b\u0107 dziecka. Warto zadba\u0107, by by\u0142 dobrze zaprojektowany.<\/p>\n","protected":false},"author":3,"featured_media":1029,"comment_status":"closed","ping_status":"closed","sticky":false,"template":"","format":"standard","meta":{"footnotes":"[{\"content\":\"<a href=\\\"https:\/\/www.cdc.gov\/sleep\/about_sleep\/sleep_hygiene.html\\\">https:\/\/www.cdc.gov\/sleep\/about_sleep\/sleep_hygiene.html<\/a>\",\"id\":\"b4730fe9-efda-484f-8f21-106d7f29d01c\"}]"},"categories":[10],"tags":[],"class_list":["post-1027","post","type-post","status-publish","format-standard","has-post-thumbnail","hentry","category-pokoj-dzieciecy"],"acf":[],"yoast_head":"<!-- This site is optimized with the Yoast SEO plugin v27.5 - https:\/\/yoast.com\/product\/yoast-seo-wordpress\/ -->\n<title>Jak urz\u0105dzi\u0107 pok\u00f3j ucznia? Pomys\u0142y na aran\u017cacje - Proplo<\/title>\n<meta name=\"description\" content=\"Pok\u00f3j ucznia to nie tylko miejsce wspieraj\u0105ce rozw\u00f3j, samodzielno\u015b\u0107 i kreatywno\u015b\u0107 dziecka. Warto zadba\u0107, by by\u0142 dobrze zaprojektowany.\" \/>\n<meta name=\"robots\" content=\"index, follow, max-snippet:-1, max-image-preview:large, max-video-preview:-1\" \/>\n<link rel=\"canonical\" href=\"https:\/\/proplo.pl\/blog\/pokoj-ucznia\/\" \/>\n<meta property=\"og:locale\" content=\"pl_PL\" \/>\n<meta property=\"og:type\" content=\"article\" \/>\n<meta property=\"og:title\" content=\"Jak urz\u0105dzi\u0107 pok\u00f3j ucznia? Pomys\u0142y na aran\u017cacje - Proplo\" \/>\n<meta property=\"og:description\" content=\"Pok\u00f3j ucznia to nie tylko miejsce wspieraj\u0105ce rozw\u00f3j, samodzielno\u015b\u0107 i kreatywno\u015b\u0107 dziecka. Warto zadba\u0107, by by\u0142 dobrze zaprojektowany.\" \/>\n<meta property=\"og:url\" content=\"https:\/\/proplo.pl\/blog\/pokoj-ucznia\/\" \/>\n<meta property=\"og:site_name\" content=\"Poradnik wn\u0119trzarski - Proplo\" \/>\n<meta property=\"article:published_time\" content=\"2025-07-24T11:35:21+00:00\" \/>\n<meta property=\"og:image\" content=\"https:\/\/proplo.pl\/blog\/wp-content\/uploads\/2025\/07\/pokoj-ucznia.png\" \/>\n\t<meta property=\"og:image:width\" content=\"1200\" \/>\n\t<meta property=\"og:image:height\" content=\"800\" \/>\n\t<meta property=\"og:image:type\" content=\"image\/png\" \/>\n<meta name=\"author\" content=\"Proplo\" \/>\n<meta name=\"twitter:card\" content=\"summary_large_image\" \/>\n<meta name=\"twitter:label1\" content=\"Napisane przez\" \/>\n\t<meta name=\"twitter:data1\" content=\"Proplo\" \/>\n\t<meta name=\"twitter:label2\" content=\"Szacowany czas czytania\" \/>\n\t<meta name=\"twitter:data2\" content=\"23 minuty\" \/>\n<script type=\"application\/ld+json\" class=\"yoast-schema-graph\">{\"@context\":\"https:\\\/\\\/schema.org\",\"@graph\":[{\"@type\":\"Article\",\"@id\":\"https:\\\/\\\/proplo.pl\\\/blog\\\/pokoj-ucznia\\\/#article\",\"isPartOf\":{\"@id\":\"https:\\\/\\\/proplo.pl\\\/blog\\\/pokoj-ucznia\\\/\"},\"author\":{\"name\":\"Proplo\",\"@id\":\"https:\\\/\\\/proplo.pl\\\/blog\\\/#\\\/schema\\\/person\\\/c13af99097d24e9fc2b86b838c0fd0e1\"},\"headline\":\"Pok\u00f3j ucznia &#8211; jak stworzy\u0107 funkcjonaln\u0105 i wspieraj\u0105c\u0105 przestrze\u0144 do nauki i rozwoju\",\"datePublished\":\"2025-07-24T11:35:21+00:00\",\"mainEntityOfPage\":{\"@id\":\"https:\\\/\\\/proplo.pl\\\/blog\\\/pokoj-ucznia\\\/\"},\"wordCount\":4275,\"image\":{\"@id\":\"https:\\\/\\\/proplo.pl\\\/blog\\\/pokoj-ucznia\\\/#primaryimage\"},\"thumbnailUrl\":\"https:\\\/\\\/proplo.pl\\\/blog\\\/wp-content\\\/uploads\\\/2025\\\/07\\\/pokoj-ucznia.png\",\"articleSection\":[\"Pok\u00f3j dzieci\u0119cy\"],\"inLanguage\":\"pl-PL\"},{\"@type\":\"WebPage\",\"@id\":\"https:\\\/\\\/proplo.pl\\\/blog\\\/pokoj-ucznia\\\/\",\"url\":\"https:\\\/\\\/proplo.pl\\\/blog\\\/pokoj-ucznia\\\/\",\"name\":\"Jak urz\u0105dzi\u0107 pok\u00f3j ucznia? Pomys\u0142y na aran\u017cacje - Proplo\",\"isPartOf\":{\"@id\":\"https:\\\/\\\/proplo.pl\\\/blog\\\/#website\"},\"primaryImageOfPage\":{\"@id\":\"https:\\\/\\\/proplo.pl\\\/blog\\\/pokoj-ucznia\\\/#primaryimage\"},\"image\":{\"@id\":\"https:\\\/\\\/proplo.pl\\\/blog\\\/pokoj-ucznia\\\/#primaryimage\"},\"thumbnailUrl\":\"https:\\\/\\\/proplo.pl\\\/blog\\\/wp-content\\\/uploads\\\/2025\\\/07\\\/pokoj-ucznia.png\",\"datePublished\":\"2025-07-24T11:35:21+00:00\",\"author\":{\"@id\":\"https:\\\/\\\/proplo.pl\\\/blog\\\/#\\\/schema\\\/person\\\/c13af99097d24e9fc2b86b838c0fd0e1\"},\"description\":\"Pok\u00f3j ucznia to nie tylko miejsce wspieraj\u0105ce rozw\u00f3j, samodzielno\u015b\u0107 i kreatywno\u015b\u0107 dziecka. Warto zadba\u0107, by by\u0142 dobrze zaprojektowany.\",\"breadcrumb\":{\"@id\":\"https:\\\/\\\/proplo.pl\\\/blog\\\/pokoj-ucznia\\\/#breadcrumb\"},\"inLanguage\":\"pl-PL\",\"potentialAction\":[{\"@type\":\"ReadAction\",\"target\":[\"https:\\\/\\\/proplo.pl\\\/blog\\\/pokoj-ucznia\\\/\"]}]},{\"@type\":\"ImageObject\",\"inLanguage\":\"pl-PL\",\"@id\":\"https:\\\/\\\/proplo.pl\\\/blog\\\/pokoj-ucznia\\\/#primaryimage\",\"url\":\"https:\\\/\\\/proplo.pl\\\/blog\\\/wp-content\\\/uploads\\\/2025\\\/07\\\/pokoj-ucznia.png\",\"contentUrl\":\"https:\\\/\\\/proplo.pl\\\/blog\\\/wp-content\\\/uploads\\\/2025\\\/07\\\/pokoj-ucznia.png\",\"width\":1200,\"height\":800,\"caption\":\"Pok\u00f3j dzieci\u0119cy w stylu japandi, vintage i wsp\u00f3\u0142czesnym z biurkiem i \u0142\u00f3\u017ckiem.\"},{\"@type\":\"BreadcrumbList\",\"@id\":\"https:\\\/\\\/proplo.pl\\\/blog\\\/pokoj-ucznia\\\/#breadcrumb\",\"itemListElement\":[{\"@type\":\"ListItem\",\"position\":1,\"name\":\"Proplo\",\"item\":\"https:\\\/\\\/proplo.pl\"},{\"@type\":\"ListItem\",\"position\":2,\"name\":\"Poradnik wn\u0119trzarski\",\"item\":\"https:\\\/\\\/proplo.pl\\\/blog\\\/\"},{\"@type\":\"ListItem\",\"position\":3,\"name\":\"Pok\u00f3j ucznia &#8211; jak stworzy\u0107 funkcjonaln\u0105 i wspieraj\u0105c\u0105 przestrze\u0144 do nauki i rozwoju\"}]},{\"@type\":\"WebSite\",\"@id\":\"https:\\\/\\\/proplo.pl\\\/blog\\\/#website\",\"url\":\"https:\\\/\\\/proplo.pl\\\/blog\\\/\",\"name\":\"Blog Proplo\",\"description\":\"\",\"potentialAction\":[{\"@type\":\"SearchAction\",\"target\":{\"@type\":\"EntryPoint\",\"urlTemplate\":\"https:\\\/\\\/proplo.pl\\\/blog\\\/?s={search_term_string}\"},\"query-input\":{\"@type\":\"PropertyValueSpecification\",\"valueRequired\":true,\"valueName\":\"search_term_string\"}}],\"inLanguage\":\"pl-PL\"},{\"@type\":\"Person\",\"@id\":\"https:\\\/\\\/proplo.pl\\\/blog\\\/#\\\/schema\\\/person\\\/c13af99097d24e9fc2b86b838c0fd0e1\",\"name\":\"Proplo\",\"image\":{\"@type\":\"ImageObject\",\"inLanguage\":\"pl-PL\",\"@id\":\"https:\\\/\\\/secure.gravatar.com\\\/avatar\\\/176f908138148facd74b7d78fc677b53b24a54b63aacd8fc4e81a4da926e5f28?s=96&d=mm&r=g\",\"url\":\"https:\\\/\\\/secure.gravatar.com\\\/avatar\\\/176f908138148facd74b7d78fc677b53b24a54b63aacd8fc4e81a4da926e5f28?s=96&d=mm&r=g\",\"contentUrl\":\"https:\\\/\\\/secure.gravatar.com\\\/avatar\\\/176f908138148facd74b7d78fc677b53b24a54b63aacd8fc4e81a4da926e5f28?s=96&d=mm&r=g\",\"caption\":\"Proplo\"},\"url\":\"https:\\\/\\\/proplo.pl\\\/blog\\\/author\\\/r-marciniak\\\/\"}]}<\/script>\n<!-- \/ Yoast SEO plugin. -->","yoast_head_json":{"title":"Jak urz\u0105dzi\u0107 pok\u00f3j ucznia? Pomys\u0142y na aran\u017cacje - Proplo","description":"Pok\u00f3j ucznia to nie tylko miejsce wspieraj\u0105ce rozw\u00f3j, samodzielno\u015b\u0107 i kreatywno\u015b\u0107 dziecka. Warto zadba\u0107, by by\u0142 dobrze zaprojektowany.","robots":{"index":"index","follow":"follow","max-snippet":"max-snippet:-1","max-image-preview":"max-image-preview:large","max-video-preview":"max-video-preview:-1"},"canonical":"https:\/\/proplo.pl\/blog\/pokoj-ucznia\/","og_locale":"pl_PL","og_type":"article","og_title":"Jak urz\u0105dzi\u0107 pok\u00f3j ucznia? Pomys\u0142y na aran\u017cacje - Proplo","og_description":"Pok\u00f3j ucznia to nie tylko miejsce wspieraj\u0105ce rozw\u00f3j, samodzielno\u015b\u0107 i kreatywno\u015b\u0107 dziecka. Warto zadba\u0107, by by\u0142 dobrze zaprojektowany.","og_url":"https:\/\/proplo.pl\/blog\/pokoj-ucznia\/","og_site_name":"Poradnik wn\u0119trzarski - Proplo","article_published_time":"2025-07-24T11:35:21+00:00","og_image":[{"width":1200,"height":800,"url":"https:\/\/proplo.pl\/blog\/wp-content\/uploads\/2025\/07\/pokoj-ucznia.png","type":"image\/png"}],"author":"Proplo","twitter_card":"summary_large_image","twitter_misc":{"Napisane przez":"Proplo","Szacowany czas czytania":"23 minuty"},"schema":{"@context":"https:\/\/schema.org","@graph":[{"@type":"Article","@id":"https:\/\/proplo.pl\/blog\/pokoj-ucznia\/#article","isPartOf":{"@id":"https:\/\/proplo.pl\/blog\/pokoj-ucznia\/"},"author":{"name":"Proplo","@id":"https:\/\/proplo.pl\/blog\/#\/schema\/person\/c13af99097d24e9fc2b86b838c0fd0e1"},"headline":"Pok\u00f3j ucznia &#8211; jak stworzy\u0107 funkcjonaln\u0105 i wspieraj\u0105c\u0105 przestrze\u0144 do nauki i rozwoju","datePublished":"2025-07-24T11:35:21+00:00","mainEntityOfPage":{"@id":"https:\/\/proplo.pl\/blog\/pokoj-ucznia\/"},"wordCount":4275,"image":{"@id":"https:\/\/proplo.pl\/blog\/pokoj-ucznia\/#primaryimage"},"thumbnailUrl":"https:\/\/proplo.pl\/blog\/wp-content\/uploads\/2025\/07\/pokoj-ucznia.png","articleSection":["Pok\u00f3j dzieci\u0119cy"],"inLanguage":"pl-PL"},{"@type":"WebPage","@id":"https:\/\/proplo.pl\/blog\/pokoj-ucznia\/","url":"https:\/\/proplo.pl\/blog\/pokoj-ucznia\/","name":"Jak urz\u0105dzi\u0107 pok\u00f3j ucznia? Pomys\u0142y na aran\u017cacje - Proplo","isPartOf":{"@id":"https:\/\/proplo.pl\/blog\/#website"},"primaryImageOfPage":{"@id":"https:\/\/proplo.pl\/blog\/pokoj-ucznia\/#primaryimage"},"image":{"@id":"https:\/\/proplo.pl\/blog\/pokoj-ucznia\/#primaryimage"},"thumbnailUrl":"https:\/\/proplo.pl\/blog\/wp-content\/uploads\/2025\/07\/pokoj-ucznia.png","datePublished":"2025-07-24T11:35:21+00:00","author":{"@id":"https:\/\/proplo.pl\/blog\/#\/schema\/person\/c13af99097d24e9fc2b86b838c0fd0e1"},"description":"Pok\u00f3j ucznia to nie tylko miejsce wspieraj\u0105ce rozw\u00f3j, samodzielno\u015b\u0107 i kreatywno\u015b\u0107 dziecka. Warto zadba\u0107, by by\u0142 dobrze zaprojektowany.","breadcrumb":{"@id":"https:\/\/proplo.pl\/blog\/pokoj-ucznia\/#breadcrumb"},"inLanguage":"pl-PL","potentialAction":[{"@type":"ReadAction","target":["https:\/\/proplo.pl\/blog\/pokoj-ucznia\/"]}]},{"@type":"ImageObject","inLanguage":"pl-PL","@id":"https:\/\/proplo.pl\/blog\/pokoj-ucznia\/#primaryimage","url":"https:\/\/proplo.pl\/blog\/wp-content\/uploads\/2025\/07\/pokoj-ucznia.png","contentUrl":"https:\/\/proplo.pl\/blog\/wp-content\/uploads\/2025\/07\/pokoj-ucznia.png","width":1200,"height":800,"caption":"Pok\u00f3j dzieci\u0119cy w stylu japandi, vintage i wsp\u00f3\u0142czesnym z biurkiem i \u0142\u00f3\u017ckiem."},{"@type":"BreadcrumbList","@id":"https:\/\/proplo.pl\/blog\/pokoj-ucznia\/#breadcrumb","itemListElement":[{"@type":"ListItem","position":1,"name":"Proplo","item":"https:\/\/proplo.pl"},{"@type":"ListItem","position":2,"name":"Poradnik wn\u0119trzarski","item":"https:\/\/proplo.pl\/blog\/"},{"@type":"ListItem","position":3,"name":"Pok\u00f3j ucznia &#8211; jak stworzy\u0107 funkcjonaln\u0105 i wspieraj\u0105c\u0105 przestrze\u0144 do nauki i rozwoju"}]},{"@type":"WebSite","@id":"https:\/\/proplo.pl\/blog\/#website","url":"https:\/\/proplo.pl\/blog\/","name":"Blog Proplo","description":"","potentialAction":[{"@type":"SearchAction","target":{"@type":"EntryPoint","urlTemplate":"https:\/\/proplo.pl\/blog\/?s={search_term_string}"},"query-input":{"@type":"PropertyValueSpecification","valueRequired":true,"valueName":"search_term_string"}}],"inLanguage":"pl-PL"},{"@type":"Person","@id":"https:\/\/proplo.pl\/blog\/#\/schema\/person\/c13af99097d24e9fc2b86b838c0fd0e1","name":"Proplo","image":{"@type":"ImageObject","inLanguage":"pl-PL","@id":"https:\/\/secure.gravatar.com\/avatar\/176f908138148facd74b7d78fc677b53b24a54b63aacd8fc4e81a4da926e5f28?s=96&d=mm&r=g","url":"https:\/\/secure.gravatar.com\/avatar\/176f908138148facd74b7d78fc677b53b24a54b63aacd8fc4e81a4da926e5f28?s=96&d=mm&r=g","contentUrl":"https:\/\/secure.gravatar.com\/avatar\/176f908138148facd74b7d78fc677b53b24a54b63aacd8fc4e81a4da926e5f28?s=96&d=mm&r=g","caption":"Proplo"},"url":"https:\/\/proplo.pl\/blog\/author\/r-marciniak\/"}]}},"_links":{"self":[{"href":"https:\/\/proplo.pl\/blog\/wp-json\/wp\/v2\/posts\/1027","targetHints":{"allow":["GET"]}}],"collection":[{"href":"https:\/\/proplo.pl\/blog\/wp-json\/wp\/v2\/posts"}],"about":[{"href":"https:\/\/proplo.pl\/blog\/wp-json\/wp\/v2\/types\/post"}],"author":[{"embeddable":true,"href":"https:\/\/proplo.pl\/blog\/wp-json\/wp\/v2\/users\/3"}],"replies":[{"embeddable":true,"href":"https:\/\/proplo.pl\/blog\/wp-json\/wp\/v2\/comments?post=1027"}],"version-history":[{"count":12,"href":"https:\/\/proplo.pl\/blog\/wp-json\/wp\/v2\/posts\/1027\/revisions"}],"predecessor-version":[{"id":1046,"href":"https:\/\/proplo.pl\/blog\/wp-json\/wp\/v2\/posts\/1027\/revisions\/1046"}],"wp:featuredmedia":[{"embeddable":true,"href":"https:\/\/proplo.pl\/blog\/wp-json\/wp\/v2\/media\/1029"}],"wp:attachment":[{"href":"https:\/\/proplo.pl\/blog\/wp-json\/wp\/v2\/media?parent=1027"}],"wp:term":[{"taxonomy":"category","embeddable":true,"href":"https:\/\/proplo.pl\/blog\/wp-json\/wp\/v2\/categories?post=1027"},{"taxonomy":"post_tag","embeddable":true,"href":"https:\/\/proplo.pl\/blog\/wp-json\/wp\/v2\/tags?post=1027"}],"curies":[{"name":"wp","href":"https:\/\/api.w.org\/{rel}","templated":true}]}}